{"id":406158,"date":"2023-08-05T21:47:22","date_gmt":"2023-08-05T19:47:22","guid":{"rendered":"https:\/\/dicodusport.fr\/blog\/?p=406158&#038;preview=true&#038;preview_id=406158"},"modified":"2023-08-05T21:49:45","modified_gmt":"2023-08-05T19:49:45","slug":"mondiaux-de-paracyclisme-sur-piste-2023-medailles-dor-pour-heidi-gaugain-et-florian-chapeau-alexandre-leaute-en-bronze","status":"publish","type":"post","link":"https:\/\/dicodusport.fr\/blog\/mondiaux-de-paracyclisme-sur-piste-2023-medailles-dor-pour-heidi-gaugain-et-florian-chapeau-alexandre-leaute-en-bronze\/","title":{"rendered":"Mondiaux de paracyclisme sur piste 2023 : M\u00e9dailles d&rsquo;or pour He\u00efdi Gaugain et Florian Chapeau, Alexandre L\u00e9aut\u00e9 en bronze"},"content":{"rendered":"<p style=\"text-align: justify;\"><strong><em><a href=\"https:\/\/dicodusport.fr\/blog\/?s=championnats+du+monde+paracyclisme\">CHAMPIONNATS DU MONDE DE PARACYCLISME SUR PISTE 2023<\/a> \u2013 La moisson se poursuit pour l&rsquo;\u00e9quipe de France. Et He\u00efdi Gaugain a parfaitement lanc\u00e9 la soir\u00e9e en remportant le titre sur la poursuite individuelle. Florian Chapeau et Alexandre L\u00e9aut\u00e9 ont conclu avec l&rsquo;or et le bronze.<br \/>\n<\/em><\/strong><\/p>\n<h2>Un premier titre mondial pour Gaugain<\/h2>\n<p style=\"text-align: justify;\">En finale de la<strong> poursuite individuelle<\/strong> en cat\u00e9gorie C5, <strong>He\u00efdi Gaugain<\/strong> affrontait <strong>Nicole Murray<\/strong> pour l&rsquo;or. Apr\u00e8s un d\u00e9part compliqu\u00e9, la Fran\u00e7aise a rectifi\u00e9 le tir apr\u00e8s 500 m pour prendre les devants. Et au fil des m\u00e8tres, elle a creus\u00e9 l&rsquo;\u00e9cart pour avoir en moyenne 0.5 secondes d&rsquo;avance. Murray a refait son retard \u00e0 l&rsquo;abord du dernier kilom\u00e8tre. Mais a alors atteint sa limite. Elle a recommenc\u00e9 \u00e0 perdre du terrain. Et<strong> He\u00efdi Gaugain<\/strong> a d\u00e9roul\u00e9 dans le dernier tour pour s&rsquo;imposer en 3:39.966 devant la N\u00e9o-Z\u00e9landaise qui termine en 3:41.734. L&rsquo;Italienne Claudia Cretti compl\u00e8te le podium.<\/p>\n<p style=\"text-align: justify;\">Vice-championne du monde sur la poursuite individuelle et m\u00e9daill\u00e9e de bronze sur l&rsquo;omnium \u00e0 domicile l&rsquo;ann\u00e9e derni\u00e8re, He\u00efdi Gaugain, remporte l\u00e0 son <strong>premier titre mondial<\/strong> !<\/p>\n<blockquote class=\"twitter-tweet\">\n<p dir=\"ltr\" lang=\"fr\">\ud83d\udeb4\u200d\u2642\ufe0f <a href=\"https:\/\/twitter.com\/hashtag\/GlasgowScotland2023?src=hash&amp;ref_src=twsrc%5Etfw\">#GlasgowScotland2023<\/a> | \ud83c\uddeb\ud83c\uddf7 HEIDI GAUGAIN CHAMPIONNE DU MONDE !<\/p>\n<p>\ud83e\udd47 \u00c0 19 ans, la Fran\u00e7aise s&rsquo;offre le titre supr\u00eame en vitesse individuelle dans la cat\u00e9gorie para cyclisme ! Une finale survol\u00e9e, \u00e7a promet pour <a href=\"https:\/\/twitter.com\/Paris2024?ref_src=twsrc%5Etfw\">@Paris2024<\/a> !<\/p>\n<p>\ud83d\udcfa Suivez le direct : <a href=\"https:\/\/t.co\/yYnX8YWIpl\">https:\/\/t.co\/yYnX8YWIpl<\/a> <a href=\"https:\/\/t.co\/b6Ze0IF20g\">pic.twitter.com\/b6Ze0IF20g<\/a><\/p>\n<p>\u2014 francetvsport (@francetvsport) <a href=\"https:\/\/twitter.com\/francetvsport\/status\/1687890420641013761?ref_src=twsrc%5Etfw\">August 5, 2023<\/a><\/p><\/blockquote>\n<p><script async src=\"https:\/\/platform.twitter.com\/widgets.js\" charset=\"utf-8\"><\/script><\/p>\n<h2>Doubl\u00e9 fran\u00e7ais sur le scratch C2<\/h2>\n<p style=\"text-align: justify;\">Et les m\u00e9dailles ont continu\u00e9 \u00e0 tomber. Puisqu&rsquo;apr\u00e8s Gaugain, ce sont les hommes qui ont rafl\u00e9 l&rsquo;or et le bronze sur le scratch C2 ! Au d\u00e9but de la course, <strong>Florian Chapeau<\/strong> est rest\u00e9 cach\u00e9. Mais peu \u00e0 peu, il est sorti du bois pour monter dans le classement. Et apr\u00e8s une derni\u00e8re attaque victorieuse, il a coiff\u00e9 l&rsquo;Espagnol Maurice Far Eckhard Tio pour la <strong>m\u00e9daille d&rsquo;or<\/strong>. Et le bonheur est total puisqu&rsquo;<strong>Alexandre L\u00e9aut\u00e9<\/strong> remporte sa deuxi\u00e8me m\u00e9daille dans ces championnats. Le <strong>bronze<\/strong>.<\/p>\n<blockquote class=\"twitter-tweet\">\n<p dir=\"ltr\" lang=\"fr\">\ud83d\udeb4\u200d\u2642\ufe0f <a href=\"https:\/\/twitter.com\/hashtag\/GlasgowScotland2023?src=hash&amp;ref_src=twsrc%5Etfw\">#GlasgowScotland2023<\/a> | \ud83c\uddeb\ud83c\uddf7 FLORIAN CHAPEAU OFFRE UN NOUVEAU TITRE \u00c0 LA FRANCE !<\/p>\n<p>\ud83e\udd47 Magnifique course des Bleus avec la m\u00e9daille d&rsquo;or pour Florian Chapeau et le bronze pour Alexandre L\u00e9aut\u00e9 dans le scratch cat\u00e9gorie C2 !<\/p>\n<p>\ud83d\udcfa Suivez le direct : <a href=\"https:\/\/t.co\/yYnX8YWIpl\">https:\/\/t.co\/yYnX8YWIpl<\/a> <a href=\"https:\/\/t.co\/pXdc8INzD0\">pic.twitter.com\/pXdc8INzD0<\/a><\/p>\n<p>\u2014 francetvsport (@francetvsport) <a href=\"https:\/\/twitter.com\/francetvsport\/status\/1687900914915393536?ref_src=twsrc%5Etfw\">August 5, 2023<\/a><\/p><\/blockquote>\n<h2><script async src=\"https:\/\/platform.twitter.com\/widgets.js\" charset=\"utf-8\"><\/script><\/h2>\n<h2>\u00c0 lire aussi<\/h2>\n<ul>\n<li><a title=\"Paracyclisme sur piste \u2013 Programme et r\u00e9sultats des Championnats du monde 2023\" href=\"https:\/\/dicodusport.fr\/blog\/paracyclisme-sur-piste-programme-et-resultats-des-championnats-du-monde-2023\/\" rel=\"\"><strong>Calendrier et r\u00e9sultats des Mondiaux de paracyclisme sur piste<\/strong><\/a><\/li>\n<li><a href=\"https:\/\/dicodusport.fr\/blog\/tableau-des-medailles-cyclisme-championnats-du-monde-uci-2023\/7\/#parapiste\" target=\"_blank\" rel=\"noopener\"><strong>Tableau des m\u00e9dailles des Mondiaux de paracyclisme sur piste<\/strong><\/a><\/li>\n<\/ul>\n","protected":false},"excerpt":{"rendered":"<p>CHAMPIONNATS DU MONDE DE PARACYCLISME SUR PISTE 2023 \u2013 La moisson se poursuit pour l&rsquo;\u00e9quipe de France. Et He\u00efdi Gaugain a parfaitement lanc\u00e9 la soir\u00e9e en remportant le titre sur la poursuite individuelle. Florian Chapeau et Alexandre L\u00e9aut\u00e9 ont conclu avec l&rsquo;or et le bronze.<\/p>\n","protected":false},"author":12,"featured_media":406180,"comment_status":"open","ping_status":"closed","sticky":false,"template":"","format":"standard","meta":{"_acf_changed":false,"_daextam_enable_autolinks":"","footnotes":""},"categories":[2307,5753],"tags":[8779,17374,17289,26232,24],"class_list":["post-406158","post","type-post","status-publish","format-standard","has-post-thumbnail","hentry","category-cyclisme","category-handisport","tag-alexandre-leaute","tag-championnats-du-monde-cyclisme-handisport","tag-cyclisme-handisport","tag-heidi-gaugain","tag-sport"],"acf":[],"yoast_head":"<!-- This site is optimized with the Yoast SEO Premium plugin v26.7 (Yoast SEO v26.7) - https:\/\/yoast.com\/wordpress\/plugins\/seo\/ -->\n<title>Mondiaux de paracyclisme sur piste 2023 : M\u00e9dailles d&#039;or pour He\u00efdi Gaugain et Florian Chapeau, Alexandre L\u00e9aut\u00e9 en bronze<\/title>\n<meta name=\"description\" content=\"CHAMPIONNATS DU MONDE DE PARACYCLISME SUR PISTE 2023 \u2013 He\u00efdi Gaugain et Florian Chapeau remportent l&#039;or, Alexandre L\u00e9aut\u00e9 le bronze.\" \/>\n<meta name=\"robots\" content=\"index, follow, max-snippet:-1, max-image-preview:large, max-video-preview:-1\" \/>\n<link rel=\"canonical\" href=\"https:\/\/dicodusport.fr\/blog\/mondiaux-de-paracyclisme-sur-piste-2023-medailles-dor-pour-heidi-gaugain-et-florian-chapeau-alexandre-leaute-en-bronze\/\" \/>\n<meta property=\"og:locale\" content=\"fr_FR\" \/>\n<meta property=\"og:type\" content=\"article\" \/>\n<meta property=\"og:title\" content=\"Mondiaux de paracyclisme sur piste 2023 : M\u00e9dailles d&#039;or pour He\u00efdi Gaugain et Florian Chapeau, Alexandre L\u00e9aut\u00e9 en bronze\" \/>\n<meta property=\"og:description\" content=\"CHAMPIONNATS DU MONDE DE PARACYCLISME SUR PISTE 2023 \u2013 He\u00efdi Gaugain et Florian Chapeau remportent l&#039;or, Alexandre L\u00e9aut\u00e9 le bronze.\" \/>\n<meta property=\"og:url\" content=\"https:\/\/dicodusport.fr\/blog\/mondiaux-de-paracyclisme-sur-piste-2023-medailles-dor-pour-heidi-gaugain-et-florian-chapeau-alexandre-leaute-en-bronze\/\" \/>\n<meta property=\"og:site_name\" content=\"Dicodusport\" \/>\n<meta property=\"article:publisher\" content=\"https:\/\/www.facebook.com\/dicodusport\" \/>\n<meta property=\"article:published_time\" content=\"2023-08-05T19:47:22+00:00\" \/>\n<meta property=\"article:modified_time\" content=\"2023-08-05T19:49:45+00:00\" \/>\n<meta property=\"og:image\" content=\"https:\/\/dicodusport.fr\/blog\/wp-content\/uploads\/2023\/08\/Mondiaux-de-paracyclisme-sur-piste-2023-medailles-dor-pour-Heidi-Gaugain-et-Florian-Chapeau-Alexandre-Leaute-en-bronze.png\" \/>\n\t<meta property=\"og:image:width\" content=\"800\" \/>\n\t<meta property=\"og:image:height\" content=\"445\" \/>\n\t<meta property=\"og:image:type\" content=\"image\/png\" \/>\n<meta name=\"author\" content=\"Arlette Yeye\" \/>\n<meta name=\"twitter:card\" content=\"summary_large_image\" \/>\n<meta name=\"twitter:title\" content=\"Mondiaux de paracyclisme sur piste 2023 : M\u00e9dailles d&#039;or pour He\u00efdi Gaugain et Florian Chapeau, Alexandre L\u00e9aut\u00e9 en bronze\" \/>\n<meta name=\"twitter:creator\" content=\"@https:\/\/twitter.com\/Shiclette94\" \/>\n<meta name=\"twitter:site\" content=\"@dicodusport\" \/>\n<script type=\"application\/ld+json\" class=\"yoast-schema-graph\">{\"@context\":\"https:\/\/schema.org\",\"@graph\":[{\"@type\":\"NewsArticle\",\"@id\":\"https:\/\/dicodusport.fr\/blog\/mondiaux-de-paracyclisme-sur-piste-2023-medailles-dor-pour-heidi-gaugain-et-florian-chapeau-alexandre-leaute-en-bronze\/#article\",\"isPartOf\":{\"@id\":\"https:\/\/dicodusport.fr\/blog\/mondiaux-de-paracyclisme-sur-piste-2023-medailles-dor-pour-heidi-gaugain-et-florian-chapeau-alexandre-leaute-en-bronze\/\"},\"author\":{\"name\":\"Arlette Yeye\",\"@id\":\"https:\/\/dicodusport.fr\/blog\/#\/schema\/person\/cce96fa88785bd8573e3d43078ac8c79\"},\"headline\":\"Mondiaux de paracyclisme sur piste 2023 : M\u00e9dailles d&rsquo;or pour He\u00efdi Gaugain et Florian Chapeau, Alexandre L\u00e9aut\u00e9 en bronze\",\"datePublished\":\"2023-08-05T19:47:22+00:00\",\"dateModified\":\"2023-08-05T19:49:45+00:00\",\"mainEntityOfPage\":{\"@id\":\"https:\/\/dicodusport.fr\/blog\/mondiaux-de-paracyclisme-sur-piste-2023-medailles-dor-pour-heidi-gaugain-et-florian-chapeau-alexandre-leaute-en-bronze\/\"},\"wordCount\":442,\"commentCount\":0,\"publisher\":{\"@id\":\"https:\/\/dicodusport.fr\/blog\/#organization\"},\"image\":{\"@id\":\"https:\/\/dicodusport.fr\/blog\/mondiaux-de-paracyclisme-sur-piste-2023-medailles-dor-pour-heidi-gaugain-et-florian-chapeau-alexandre-leaute-en-bronze\/#primaryimage\"},\"thumbnailUrl\":\"https:\/\/dicodusport.fr\/blog\/wp-content\/uploads\/2023\/08\/Mondiaux-de-paracyclisme-sur-piste-2023-medailles-dor-pour-Heidi-Gaugain-et-Florian-Chapeau-Alexandre-Leaute-en-bronze.png\",\"keywords\":[\"Alexandre L\u00e9aut\u00e9\",\"championnats du monde cyclisme handisport\",\"Cyclisme handisport\",\"Heidi Gaugain\",\"sport\"],\"articleSection\":[\"Cyclisme\",\"Handisport\"],\"inLanguage\":\"fr-FR\",\"potentialAction\":[{\"@type\":\"CommentAction\",\"name\":\"Comment\",\"target\":[\"https:\/\/dicodusport.fr\/blog\/mondiaux-de-paracyclisme-sur-piste-2023-medailles-dor-pour-heidi-gaugain-et-florian-chapeau-alexandre-leaute-en-bronze\/#respond\"]}],\"copyrightYear\":\"2023\",\"copyrightHolder\":{\"@id\":\"https:\/\/dicodusport.fr\/blog\/#organization\"}},{\"@type\":\"WebPage\",\"@id\":\"https:\/\/dicodusport.fr\/blog\/mondiaux-de-paracyclisme-sur-piste-2023-medailles-dor-pour-heidi-gaugain-et-florian-chapeau-alexandre-leaute-en-bronze\/\",\"url\":\"https:\/\/dicodusport.fr\/blog\/mondiaux-de-paracyclisme-sur-piste-2023-medailles-dor-pour-heidi-gaugain-et-florian-chapeau-alexandre-leaute-en-bronze\/\",\"name\":\"Mondiaux de paracyclisme sur piste 2023 : M\u00e9dailles d'or pour He\u00efdi Gaugain et Florian Chapeau, Alexandre L\u00e9aut\u00e9 en bronze\",\"isPartOf\":{\"@id\":\"https:\/\/dicodusport.fr\/blog\/#website\"},\"primaryImageOfPage\":{\"@id\":\"https:\/\/dicodusport.fr\/blog\/mondiaux-de-paracyclisme-sur-piste-2023-medailles-dor-pour-heidi-gaugain-et-florian-chapeau-alexandre-leaute-en-bronze\/#primaryimage\"},\"image\":{\"@id\":\"https:\/\/dicodusport.fr\/blog\/mondiaux-de-paracyclisme-sur-piste-2023-medailles-dor-pour-heidi-gaugain-et-florian-chapeau-alexandre-leaute-en-bronze\/#primaryimage\"},\"thumbnailUrl\":\"https:\/\/dicodusport.fr\/blog\/wp-content\/uploads\/2023\/08\/Mondiaux-de-paracyclisme-sur-piste-2023-medailles-dor-pour-Heidi-Gaugain-et-Florian-Chapeau-Alexandre-Leaute-en-bronze.png\",\"datePublished\":\"2023-08-05T19:47:22+00:00\",\"dateModified\":\"2023-08-05T19:49:45+00:00\",\"description\":\"CHAMPIONNATS DU MONDE DE PARACYCLISME SUR PISTE 2023 \u2013 He\u00efdi Gaugain et Florian Chapeau remportent l'or, Alexandre L\u00e9aut\u00e9 le bronze.\",\"breadcrumb\":{\"@id\":\"https:\/\/dicodusport.fr\/blog\/mondiaux-de-paracyclisme-sur-piste-2023-medailles-dor-pour-heidi-gaugain-et-florian-chapeau-alexandre-leaute-en-bronze\/#breadcrumb\"},\"inLanguage\":\"fr-FR\",\"potentialAction\":[{\"@type\":\"ReadAction\",\"target\":[\"https:\/\/dicodusport.fr\/blog\/mondiaux-de-paracyclisme-sur-piste-2023-medailles-dor-pour-heidi-gaugain-et-florian-chapeau-alexandre-leaute-en-bronze\/\"]}]},{\"@type\":\"ImageObject\",\"inLanguage\":\"fr-FR\",\"@id\":\"https:\/\/dicodusport.fr\/blog\/mondiaux-de-paracyclisme-sur-piste-2023-medailles-dor-pour-heidi-gaugain-et-florian-chapeau-alexandre-leaute-en-bronze\/#primaryimage\",\"url\":\"https:\/\/dicodusport.fr\/blog\/wp-content\/uploads\/2023\/08\/Mondiaux-de-paracyclisme-sur-piste-2023-medailles-dor-pour-Heidi-Gaugain-et-Florian-Chapeau-Alexandre-Leaute-en-bronze.png\",\"contentUrl\":\"https:\/\/dicodusport.fr\/blog\/wp-content\/uploads\/2023\/08\/Mondiaux-de-paracyclisme-sur-piste-2023-medailles-dor-pour-Heidi-Gaugain-et-Florian-Chapeau-Alexandre-Leaute-en-bronze.png\",\"width\":800,\"height\":445,\"caption\":\"Mondiaux de paracyclisme sur piste 2023 m\u00e9dailles d'or pour He\u00efdi Gaugain et Florian Chapeau, Alexandre L\u00e9aut\u00e9 en bronze\"},{\"@type\":\"BreadcrumbList\",\"@id\":\"https:\/\/dicodusport.fr\/blog\/mondiaux-de-paracyclisme-sur-piste-2023-medailles-dor-pour-heidi-gaugain-et-florian-chapeau-alexandre-leaute-en-bronze\/#breadcrumb\",\"itemListElement\":[{\"@type\":\"ListItem\",\"position\":1,\"name\":\"Accueil\",\"item\":\"https:\/\/dicodusport.fr\/blog\/\"},{\"@type\":\"ListItem\",\"position\":2,\"name\":\"Mondiaux de paracyclisme sur piste 2023 : M\u00e9dailles d&rsquo;or pour He\u00efdi Gaugain et Florian Chapeau, Alexandre L\u00e9aut\u00e9 en bronze\"}]},{\"@type\":\"WebSite\",\"@id\":\"https:\/\/dicodusport.fr\/blog\/#website\",\"url\":\"https:\/\/dicodusport.fr\/blog\/\",\"name\":\"Dicodusport\",\"description\":\"L&#039;encyclop\u00e9die de l&#039;actualit\u00e9 sportive\",\"publisher\":{\"@id\":\"https:\/\/dicodusport.fr\/blog\/#organization\"},\"potentialAction\":[{\"@type\":\"SearchAction\",\"target\":{\"@type\":\"EntryPoint\",\"urlTemplate\":\"https:\/\/dicodusport.fr\/blog\/?s={search_term_string}\"},\"query-input\":{\"@type\":\"PropertyValueSpecification\",\"valueRequired\":true,\"valueName\":\"search_term_string\"}}],\"inLanguage\":\"fr-FR\"},{\"@type\":\"NewsMediaOrganization\",\"@id\":\"https:\/\/dicodusport.fr\/blog\/#organization\",\"name\":\"Dicodusport\",\"url\":\"https:\/\/dicodusport.fr\/blog\/\",\"logo\":{\"@type\":\"ImageObject\",\"inLanguage\":\"fr-FR\",\"@id\":\"https:\/\/dicodusport.fr\/blog\/#\/schema\/logo\/image\/\",\"url\":\"https:\/\/dicodusport.fr\/blog\/wp-content\/uploads\/2020\/06\/cropped-LOGO-DICODUSPORT-2020-SANS-FOND-SANS-TEXTE.png\",\"contentUrl\":\"https:\/\/dicodusport.fr\/blog\/wp-content\/uploads\/2020\/06\/cropped-LOGO-DICODUSPORT-2020-SANS-FOND-SANS-TEXTE.png\",\"width\":512,\"height\":512,\"caption\":\"Dicodusport\"},\"image\":{\"@id\":\"https:\/\/dicodusport.fr\/blog\/#\/schema\/logo\/image\/\"},\"sameAs\":[\"https:\/\/www.facebook.com\/dicodusport\",\"https:\/\/x.com\/dicodusport\",\"https:\/\/www.instagram.com\/dicodusport\/\",\"https:\/\/www.youtube.com\/channel\/UC7V2KZ5sd3htJivAbA4ZG3w\"],\"description\":\"Dicodusport est l'encyclop\u00e9die de l'actualit\u00e9 sportive.\",\"email\":\"bonjour@dicodusport.fr\",\"legalName\":\"DICODUSPORT\",\"foundingDate\":\"2018-01-14\",\"vatID\":\"FR71834470973\",\"taxID\":\"83447097300043\",\"numberOfEmployees\":{\"@type\":\"QuantitativeValue\",\"minValue\":\"1\",\"maxValue\":\"10\"}},{\"@type\":\"Person\",\"@id\":\"https:\/\/dicodusport.fr\/blog\/#\/schema\/person\/cce96fa88785bd8573e3d43078ac8c79\",\"name\":\"Arlette Yeye\",\"image\":{\"@type\":\"ImageObject\",\"inLanguage\":\"fr-FR\",\"@id\":\"https:\/\/dicodusport.fr\/blog\/#\/schema\/person\/image\/\",\"url\":\"https:\/\/secure.gravatar.com\/avatar\/dca4a6239e6d708e46c45d60e160de6c?s=96&d=wp_user_avatar&r=g\",\"contentUrl\":\"https:\/\/secure.gravatar.com\/avatar\/dca4a6239e6d708e46c45d60e160de6c?s=96&d=wp_user_avatar&r=g\",\"caption\":\"Arlette Yeye\"},\"description\":\"Journaliste\/r\u00e9dactrice depuis septembre 2015 - Supportrice de Chelsea, j'ai pour sports de pr\u00e9dilection le handball, l'athl\u00e9tisme et le tennis. Si je tweete plus vite que mon ombre, vous pouvez aussi me retrouver les week-ends sur les playgrounds de Bruxelles pour un petit foot ou basket entre potes. Parcourir la France, l'Europe et plus si affinit\u00e9s pour suivre mes sportifs pr\u00e9f\u00e9r\u00e9s ? Mon kif ! Et c'est avec plaisir que je partage les r\u00e9sultats des sports populaires mais \u00e9galement plus confidentiels pour Dicodusport.\",\"sameAs\":[\"https:\/\/x.com\/https:\/\/twitter.com\/Shiclette94\"],\"url\":\"https:\/\/dicodusport.fr\/blog\/author\/arlette\/\"}]}<\/script>\n<!-- \/ Yoast SEO Premium plugin. -->","yoast_head_json":{"title":"Mondiaux de paracyclisme sur piste 2023 : M\u00e9dailles d'or pour He\u00efdi Gaugain et Florian Chapeau, Alexandre L\u00e9aut\u00e9 en bronze","description":"CHAMPIONNATS DU MONDE DE PARACYCLISME SUR PISTE 2023 \u2013 He\u00efdi Gaugain et Florian Chapeau remportent l'or, Alexandre L\u00e9aut\u00e9 le bronze.","robots":{"index":"index","follow":"follow","max-snippet":"max-snippet:-1","max-image-preview":"max-image-preview:large","max-video-preview":"max-video-preview:-1"},"canonical":"https:\/\/dicodusport.fr\/blog\/mondiaux-de-paracyclisme-sur-piste-2023-medailles-dor-pour-heidi-gaugain-et-florian-chapeau-alexandre-leaute-en-bronze\/","og_locale":"fr_FR","og_type":"article","og_title":"Mondiaux de paracyclisme sur piste 2023 : M\u00e9dailles d'or pour He\u00efdi Gaugain et Florian Chapeau, Alexandre L\u00e9aut\u00e9 en bronze","og_description":"CHAMPIONNATS DU MONDE DE PARACYCLISME SUR PISTE 2023 \u2013 He\u00efdi Gaugain et Florian Chapeau remportent l'or, Alexandre L\u00e9aut\u00e9 le bronze.","og_url":"https:\/\/dicodusport.fr\/blog\/mondiaux-de-paracyclisme-sur-piste-2023-medailles-dor-pour-heidi-gaugain-et-florian-chapeau-alexandre-leaute-en-bronze\/","og_site_name":"Dicodusport","article_publisher":"https:\/\/www.facebook.com\/dicodusport","article_published_time":"2023-08-05T19:47:22+00:00","article_modified_time":"2023-08-05T19:49:45+00:00","og_image":[{"width":800,"height":445,"url":"https:\/\/dicodusport.fr\/blog\/wp-content\/uploads\/2023\/08\/Mondiaux-de-paracyclisme-sur-piste-2023-medailles-dor-pour-Heidi-Gaugain-et-Florian-Chapeau-Alexandre-Leaute-en-bronze.png","type":"image\/png"}],"author":"Arlette Yeye","twitter_card":"summary_large_image","twitter_title":"Mondiaux de paracyclisme sur piste 2023 : M\u00e9dailles d'or pour He\u00efdi Gaugain et Florian Chapeau, Alexandre L\u00e9aut\u00e9 en bronze","twitter_creator":"@https:\/\/twitter.com\/Shiclette94","twitter_site":"@dicodusport","schema":{"@context":"https:\/\/schema.org","@graph":[{"@type":"NewsArticle","@id":"https:\/\/dicodusport.fr\/blog\/mondiaux-de-paracyclisme-sur-piste-2023-medailles-dor-pour-heidi-gaugain-et-florian-chapeau-alexandre-leaute-en-bronze\/#article","isPartOf":{"@id":"https:\/\/dicodusport.fr\/blog\/mondiaux-de-paracyclisme-sur-piste-2023-medailles-dor-pour-heidi-gaugain-et-florian-chapeau-alexandre-leaute-en-bronze\/"},"author":{"name":"Arlette Yeye","@id":"https:\/\/dicodusport.fr\/blog\/#\/schema\/person\/cce96fa88785bd8573e3d43078ac8c79"},"headline":"Mondiaux de paracyclisme sur piste 2023 : M\u00e9dailles d&rsquo;or pour He\u00efdi Gaugain et Florian Chapeau, Alexandre L\u00e9aut\u00e9 en bronze","datePublished":"2023-08-05T19:47:22+00:00","dateModified":"2023-08-05T19:49:45+00:00","mainEntityOfPage":{"@id":"https:\/\/dicodusport.fr\/blog\/mondiaux-de-paracyclisme-sur-piste-2023-medailles-dor-pour-heidi-gaugain-et-florian-chapeau-alexandre-leaute-en-bronze\/"},"wordCount":442,"commentCount":0,"publisher":{"@id":"https:\/\/dicodusport.fr\/blog\/#organization"},"image":{"@id":"https:\/\/dicodusport.fr\/blog\/mondiaux-de-paracyclisme-sur-piste-2023-medailles-dor-pour-heidi-gaugain-et-florian-chapeau-alexandre-leaute-en-bronze\/#primaryimage"},"thumbnailUrl":"https:\/\/dicodusport.fr\/blog\/wp-content\/uploads\/2023\/08\/Mondiaux-de-paracyclisme-sur-piste-2023-medailles-dor-pour-Heidi-Gaugain-et-Florian-Chapeau-Alexandre-Leaute-en-bronze.png","keywords":["Alexandre L\u00e9aut\u00e9","championnats du monde cyclisme handisport","Cyclisme handisport","Heidi Gaugain","sport"],"articleSection":["Cyclisme","Handisport"],"inLanguage":"fr-FR","potentialAction":[{"@type":"CommentAction","name":"Comment","target":["https:\/\/dicodusport.fr\/blog\/mondiaux-de-paracyclisme-sur-piste-2023-medailles-dor-pour-heidi-gaugain-et-florian-chapeau-alexandre-leaute-en-bronze\/#respond"]}],"copyrightYear":"2023","copyrightHolder":{"@id":"https:\/\/dicodusport.fr\/blog\/#organization"}},{"@type":"WebPage","@id":"https:\/\/dicodusport.fr\/blog\/mondiaux-de-paracyclisme-sur-piste-2023-medailles-dor-pour-heidi-gaugain-et-florian-chapeau-alexandre-leaute-en-bronze\/","url":"https:\/\/dicodusport.fr\/blog\/mondiaux-de-paracyclisme-sur-piste-2023-medailles-dor-pour-heidi-gaugain-et-florian-chapeau-alexandre-leaute-en-bronze\/","name":"Mondiaux de paracyclisme sur piste 2023 : M\u00e9dailles d'or pour He\u00efdi Gaugain et Florian Chapeau, Alexandre L\u00e9aut\u00e9 en bronze","isPartOf":{"@id":"https:\/\/dicodusport.fr\/blog\/#website"},"primaryImageOfPage":{"@id":"https:\/\/dicodusport.fr\/blog\/mondiaux-de-paracyclisme-sur-piste-2023-medailles-dor-pour-heidi-gaugain-et-florian-chapeau-alexandre-leaute-en-bronze\/#primaryimage"},"image":{"@id":"https:\/\/dicodusport.fr\/blog\/mondiaux-de-paracyclisme-sur-piste-2023-medailles-dor-pour-heidi-gaugain-et-florian-chapeau-alexandre-leaute-en-bronze\/#primaryimage"},"thumbnailUrl":"https:\/\/dicodusport.fr\/blog\/wp-content\/uploads\/2023\/08\/Mondiaux-de-paracyclisme-sur-piste-2023-medailles-dor-pour-Heidi-Gaugain-et-Florian-Chapeau-Alexandre-Leaute-en-bronze.png","datePublished":"2023-08-05T19:47:22+00:00","dateModified":"2023-08-05T19:49:45+00:00","description":"CHAMPIONNATS DU MONDE DE PARACYCLISME SUR PISTE 2023 \u2013 He\u00efdi Gaugain et Florian Chapeau remportent l'or, Alexandre L\u00e9aut\u00e9 le bronze.","breadcrumb":{"@id":"https:\/\/dicodusport.fr\/blog\/mondiaux-de-paracyclisme-sur-piste-2023-medailles-dor-pour-heidi-gaugain-et-florian-chapeau-alexandre-leaute-en-bronze\/#breadcrumb"},"inLanguage":"fr-FR","potentialAction":[{"@type":"ReadAction","target":["https:\/\/dicodusport.fr\/blog\/mondiaux-de-paracyclisme-sur-piste-2023-medailles-dor-pour-heidi-gaugain-et-florian-chapeau-alexandre-leaute-en-bronze\/"]}]},{"@type":"ImageObject","inLanguage":"fr-FR","@id":"https:\/\/dicodusport.fr\/blog\/mondiaux-de-paracyclisme-sur-piste-2023-medailles-dor-pour-heidi-gaugain-et-florian-chapeau-alexandre-leaute-en-bronze\/#primaryimage","url":"https:\/\/dicodusport.fr\/blog\/wp-content\/uploads\/2023\/08\/Mondiaux-de-paracyclisme-sur-piste-2023-medailles-dor-pour-Heidi-Gaugain-et-Florian-Chapeau-Alexandre-Leaute-en-bronze.png","contentUrl":"https:\/\/dicodusport.fr\/blog\/wp-content\/uploads\/2023\/08\/Mondiaux-de-paracyclisme-sur-piste-2023-medailles-dor-pour-Heidi-Gaugain-et-Florian-Chapeau-Alexandre-Leaute-en-bronze.png","width":800,"height":445,"caption":"Mondiaux de paracyclisme sur piste 2023 m\u00e9dailles d'or pour He\u00efdi Gaugain et Florian Chapeau, Alexandre L\u00e9aut\u00e9 en bronze"},{"@type":"BreadcrumbList","@id":"https:\/\/dicodusport.fr\/blog\/mondiaux-de-paracyclisme-sur-piste-2023-medailles-dor-pour-heidi-gaugain-et-florian-chapeau-alexandre-leaute-en-bronze\/#breadcrumb","itemListElement":[{"@type":"ListItem","position":1,"name":"Accueil","item":"https:\/\/dicodusport.fr\/blog\/"},{"@type":"ListItem","position":2,"name":"Mondiaux de paracyclisme sur piste 2023 : M\u00e9dailles d&rsquo;or pour He\u00efdi Gaugain et Florian Chapeau, Alexandre L\u00e9aut\u00e9 en bronze"}]},{"@type":"WebSite","@id":"https:\/\/dicodusport.fr\/blog\/#website","url":"https:\/\/dicodusport.fr\/blog\/","name":"Dicodusport","description":"L&#039;encyclop\u00e9die de l&#039;actualit\u00e9 sportive","publisher":{"@id":"https:\/\/dicodusport.fr\/blog\/#organization"},"potentialAction":[{"@type":"SearchAction","target":{"@type":"EntryPoint","urlTemplate":"https:\/\/dicodusport.fr\/blog\/?s={search_term_string}"},"query-input":{"@type":"PropertyValueSpecification","valueRequired":true,"valueName":"search_term_string"}}],"inLanguage":"fr-FR"},{"@type":"NewsMediaOrganization","@id":"https:\/\/dicodusport.fr\/blog\/#organization","name":"Dicodusport","url":"https:\/\/dicodusport.fr\/blog\/","logo":{"@type":"ImageObject","inLanguage":"fr-FR","@id":"https:\/\/dicodusport.fr\/blog\/#\/schema\/logo\/image\/","url":"https:\/\/dicodusport.fr\/blog\/wp-content\/uploads\/2020\/06\/cropped-LOGO-DICODUSPORT-2020-SANS-FOND-SANS-TEXTE.png","contentUrl":"https:\/\/dicodusport.fr\/blog\/wp-content\/uploads\/2020\/06\/cropped-LOGO-DICODUSPORT-2020-SANS-FOND-SANS-TEXTE.png","width":512,"height":512,"caption":"Dicodusport"},"image":{"@id":"https:\/\/dicodusport.fr\/blog\/#\/schema\/logo\/image\/"},"sameAs":["https:\/\/www.facebook.com\/dicodusport","https:\/\/x.com\/dicodusport","https:\/\/www.instagram.com\/dicodusport\/","https:\/\/www.youtube.com\/channel\/UC7V2KZ5sd3htJivAbA4ZG3w"],"description":"Dicodusport est l'encyclop\u00e9die de l'actualit\u00e9 sportive.","email":"bonjour@dicodusport.fr","legalName":"DICODUSPORT","foundingDate":"2018-01-14","vatID":"FR71834470973","taxID":"83447097300043","numberOfEmployees":{"@type":"QuantitativeValue","minValue":"1","maxValue":"10"}},{"@type":"Person","@id":"https:\/\/dicodusport.fr\/blog\/#\/schema\/person\/cce96fa88785bd8573e3d43078ac8c79","name":"Arlette Yeye","image":{"@type":"ImageObject","inLanguage":"fr-FR","@id":"https:\/\/dicodusport.fr\/blog\/#\/schema\/person\/image\/","url":"https:\/\/secure.gravatar.com\/avatar\/dca4a6239e6d708e46c45d60e160de6c?s=96&d=wp_user_avatar&r=g","contentUrl":"https:\/\/secure.gravatar.com\/avatar\/dca4a6239e6d708e46c45d60e160de6c?s=96&d=wp_user_avatar&r=g","caption":"Arlette Yeye"},"description":"Journaliste\/r\u00e9dactrice depuis septembre 2015 - Supportrice de Chelsea, j'ai pour sports de pr\u00e9dilection le handball, l'athl\u00e9tisme et le tennis. Si je tweete plus vite que mon ombre, vous pouvez aussi me retrouver les week-ends sur les playgrounds de Bruxelles pour un petit foot ou basket entre potes. Parcourir la France, l'Europe et plus si affinit\u00e9s pour suivre mes sportifs pr\u00e9f\u00e9r\u00e9s ? Mon kif ! Et c'est avec plaisir que je partage les r\u00e9sultats des sports populaires mais \u00e9galement plus confidentiels pour Dicodusport.","sameAs":["https:\/\/x.com\/https:\/\/twitter.com\/Shiclette94"],"url":"https:\/\/dicodusport.fr\/blog\/author\/arlette\/"}]}},"_links":{"self":[{"href":"https:\/\/dicodusport.fr\/blog\/wp-json\/wp\/v2\/posts\/406158","targetHints":{"allow":["GET"]}}],"collection":[{"href":"https:\/\/dicodusport.fr\/blog\/wp-json\/wp\/v2\/posts"}],"about":[{"href":"https:\/\/dicodusport.fr\/blog\/wp-json\/wp\/v2\/types\/post"}],"author":[{"embeddable":true,"href":"https:\/\/dicodusport.fr\/blog\/wp-json\/wp\/v2\/users\/12"}],"replies":[{"embeddable":true,"href":"https:\/\/dicodusport.fr\/blog\/wp-json\/wp\/v2\/comments?post=406158"}],"version-history":[{"count":0,"href":"https:\/\/dicodusport.fr\/blog\/wp-json\/wp\/v2\/posts\/406158\/revisions"}],"wp:featuredmedia":[{"embeddable":true,"href":"https:\/\/dicodusport.fr\/blog\/wp-json\/wp\/v2\/media\/406180"}],"wp:attachment":[{"href":"https:\/\/dicodusport.fr\/blog\/wp-json\/wp\/v2\/media?parent=406158"}],"wp:term":[{"taxonomy":"category","embeddable":true,"href":"https:\/\/dicodusport.fr\/blog\/wp-json\/wp\/v2\/categories?post=406158"},{"taxonomy":"post_tag","embeddable":true,"href":"https:\/\/dicodusport.fr\/blog\/wp-json\/wp\/v2\/tags?post=406158"}],"curies":[{"name":"wp","href":"https:\/\/api.w.org\/{rel}","templated":true}]}}