{"id":406169,"date":"2023-08-05T21:03:58","date_gmt":"2023-08-05T19:03:58","guid":{"rendered":"https:\/\/dicodusport.fr\/blog\/?p=406169&#038;preview=true&#038;preview_id=406169"},"modified":"2023-08-07T06:45:28","modified_gmt":"2023-08-07T04:45:28","slug":"championnats-europe-triathlon-ilona-hadhoum-mathilde-gautier-decrochent-timbale","status":"publish","type":"post","link":"https:\/\/dicodusport.fr\/blog\/championnats-europe-triathlon-ilona-hadhoum-mathilde-gautier-decrochent-timbale\/","title":{"rendered":"Championnats d&rsquo;Europe de Triathlon Sprint : Ilona Hadhoum et Mathilde Gautier d\u00e9crochent la timbale !"},"content":{"rendered":"<p align=\"justify\"><em><strong>CHAMPIONNATS D&rsquo;EUROPE DE TRIATHLON SPRINT 2023 &#8211; A Balikesir (Turquie), les Bleues ont rayonn\u00e9 ! Avec les victoires de Mathilde Gautier en \u00e9lite et celle d&rsquo;Ilona Hadhoum en Juniors, l&rsquo;\u00c9quipe de France a d\u00e9croch\u00e9 deux titres europ\u00e9ens ce weekend.<\/strong><\/em><\/p>\n<p align=\"justify\">D\u00e9cid\u00e9ment, l&rsquo;\u00e9t\u00e9 est brillant pour l&rsquo;<strong>\u00c9quipe de France<\/strong> de triathlon ! Une semaine apr\u00e8s la razzia impressionnante r\u00e9alis\u00e9e lors de <a href=\"https:\/\/dicodusport.fr\/blog\/wtcs-sunderland-le-corre-et-beaugrand-lemportent-bergere-et-lombardi-2e-le-triathlon-francais-rayonne\/\">la manche WTCS de Sunderland<\/a>, les Tricolores \u00e9taient \u00e0 <strong>Balikesir<\/strong> (Turquie) afin d&rsquo;en d\u00e9coudre dans le cadre des Championnats d&rsquo;Europe de sprint.<\/p>\n<p align=\"justify\">C\u00f4t\u00e9 masculin, la d\u00e9ception a \u00e9t\u00e9 grande pour <strong>Baptiste Passemard<\/strong> puisque ce dernier a \u00e9chou\u00e9 au pied du podium de la course \u00e9lite pour seulement deux petites secondes. En juniors, le m\u00eame sc\u00e9nario cruel s&rsquo;est produit pour <strong>Nils Serre Gehri<\/strong>. En revanche, les courses f\u00e9minines ont connu un tout autre sort. Sur la course \u00e9lite, <strong>Mathilde Gautier<\/strong> a tout simplement \u00e9t\u00e9 chercher le titre europ\u00e9en. Championne du monde militaire au mois de mai dernier, elle s&rsquo;offre cette fois-ci un magnifique titre de championne d&rsquo;Europe en battant dans la derni\u00e8re ligne droite l&rsquo;Allemande Klamt Selina. Malgr\u00e9 une excellente course, <strong>Audrey Merle<\/strong> est elle pass\u00e9e proche du podium mais termine en 5e position.<strong> Candice Denizot<\/strong> conclut la belle prestation collective en accrochant une belle 10e place.<\/p>\n<p align=\"justify\">Plus t\u00f4t dans la journ\u00e9e, la course juniors avait ouvert la voie puisqu&rsquo;<strong>Ilona Hadhoum<\/strong> s&rsquo;\u00e9tait d\u00e9j\u00e0 par\u00e9e d&rsquo;or. Championne du monde juniors plus t\u00f4t dans l&rsquo;ann\u00e9e, la jeune triathl\u00e8te tricolore a affirm\u00e9 son statut en raflant cette fois-ci le titre de championne d&rsquo;Europe. Elle s&rsquo;offre ainsi un doubl\u00e9 magnifique, et permet au passage \u00e0 l&rsquo;\u00c9quipe de France de quitter la Turquie avec deux m\u00e9dailles d&rsquo;or dans ses bagages !<\/p>\n<blockquote class=\"twitter-tweet\">\n<p dir=\"ltr\" lang=\"fr\">Apr\u00e8s \ud83e\udd47 mondial, l&rsquo;\ud83e\udd47europ\u00e9en !<\/p>\n<p>Ilona Hadhoum \ud83c\uddeb\ud83c\uddf7 est devenue championne d&rsquo;Europe ce matin \u00e0 Balikesir \ud83c\uddf9\ud83c\uddf7 \ud83d\udc4f\ud83d\udcaa<\/p>\n<p>La deuxi\u00e8me \ud83c\uddeb\ud83c\uddf7de la finale A, Manon Laporte, termine 6e.<a href=\"https:\/\/twitter.com\/hashtag\/triathlon?src=hash&amp;ref_src=twsrc%5Etfw\">#triathlon<\/a> <a href=\"https:\/\/twitter.com\/hashtag\/GoFrance?src=hash&amp;ref_src=twsrc%5Etfw\">#GoFrance<\/a> <a href=\"https:\/\/t.co\/KpRadPqWpn\">pic.twitter.com\/KpRadPqWpn<\/a><\/p>\n<p>\u2014 F.F.TRI. &#8211; F\u00e9d\u00e9ration Fran\u00e7aise de Triathlon (@FFTRI) <a href=\"https:\/\/twitter.com\/FFTRI\/status\/1687766848702484480?ref_src=twsrc%5Etfw\">August 5, 2023<\/a><\/p><\/blockquote>\n<p><script async src=\"https:\/\/platform.twitter.com\/widgets.js\" charset=\"utf-8\"><\/script><\/p>\n","protected":false},"excerpt":{"rendered":"<p>CHAMPIONNATS D&rsquo;EUROPE DE TRIATHLON &#8211; Ilona Hadhoum et Mathilde Gautier ont d\u00e9croch\u00e9 l&rsquo;or \u00e0 Balikesir (Turquie).<\/p>\n","protected":false},"author":55,"featured_media":406171,"comment_status":"open","ping_status":"closed","sticky":false,"template":"","format":"standard","meta":{"_acf_changed":false,"_daextam_enable_autolinks":"","footnotes":""},"categories":[8303],"tags":[16878,4799,589],"class_list":["post-406169","post","type-post","status-publish","format-standard","has-post-thumbnail","hentry","category-triathlon","tag-breve","tag-championnats-deurope","tag-triathlon"],"acf":[],"yoast_head":"<!-- This site is optimized with the Yoast SEO Premium plugin v26.7 (Yoast SEO v26.7) - https:\/\/yoast.com\/wordpress\/plugins\/seo\/ -->\n<title>Championnats d&#039;Europe de Triathlon Sprint : Ilona Hadhoum et Mathilde Gautier d\u00e9crochent la timbale !<\/title>\n<meta name=\"description\" content=\"CHAMPIONNATS D&#039;EUROPE DE TRIATHLON - Ilona Hadhoum et Mathilde Gautier ont d\u00e9croch\u00e9 l&#039;or \u00e0 Balikesir (Turquie).\" \/>\n<meta name=\"robots\" content=\"index, follow, max-snippet:-1, max-image-preview:large, max-video-preview:-1\" \/>\n<link rel=\"canonical\" href=\"https:\/\/dicodusport.fr\/blog\/championnats-europe-triathlon-ilona-hadhoum-mathilde-gautier-decrochent-timbale\/\" \/>\n<meta property=\"og:locale\" content=\"fr_FR\" \/>\n<meta property=\"og:type\" content=\"article\" \/>\n<meta property=\"og:title\" content=\"Championnats d&#039;Europe de Triathlon Sprint : Ilona Hadhoum et Mathilde Gautier d\u00e9crochent la timbale !\" \/>\n<meta property=\"og:description\" content=\"CHAMPIONNATS D&#039;EUROPE DE TRIATHLON - Ilona Hadhoum et Mathilde Gautier ont d\u00e9croch\u00e9 l&#039;or \u00e0 Balikesir (Turquie).\" \/>\n<meta property=\"og:url\" content=\"https:\/\/dicodusport.fr\/blog\/championnats-europe-triathlon-ilona-hadhoum-mathilde-gautier-decrochent-timbale\/\" \/>\n<meta property=\"og:site_name\" content=\"Dicodusport\" \/>\n<meta property=\"article:publisher\" content=\"https:\/\/www.facebook.com\/dicodusport\" \/>\n<meta property=\"article:published_time\" content=\"2023-08-05T19:03:58+00:00\" \/>\n<meta property=\"article:modified_time\" content=\"2023-08-07T04:45:28+00:00\" \/>\n<meta property=\"og:image\" content=\"https:\/\/dicodusport.fr\/blog\/wp-content\/uploads\/2023\/08\/Championnats-dEurope-de-triathlon.png\" \/>\n\t<meta property=\"og:image:width\" content=\"800\" \/>\n\t<meta property=\"og:image:height\" content=\"445\" \/>\n\t<meta property=\"og:image:type\" content=\"image\/png\" \/>\n<meta name=\"author\" content=\"Maxime Cazenave\" \/>\n<meta name=\"twitter:card\" content=\"summary_large_image\" \/>\n<meta name=\"twitter:title\" content=\"Championnats d&#039;Europe de Triathlon Sprint : Ilona Hadhoum et Mathilde Gautier d\u00e9crochent la timbale !\" \/>\n<meta name=\"twitter:creator\" content=\"@https:\/\/twitter.com\/Maxime_Caze\" \/>\n<meta name=\"twitter:site\" content=\"@dicodusport\" \/>\n<script type=\"application\/ld+json\" class=\"yoast-schema-graph\">{\"@context\":\"https:\/\/schema.org\",\"@graph\":[{\"@type\":\"NewsArticle\",\"@id\":\"https:\/\/dicodusport.fr\/blog\/championnats-europe-triathlon-ilona-hadhoum-mathilde-gautier-decrochent-timbale\/#article\",\"isPartOf\":{\"@id\":\"https:\/\/dicodusport.fr\/blog\/championnats-europe-triathlon-ilona-hadhoum-mathilde-gautier-decrochent-timbale\/\"},\"author\":{\"name\":\"Maxime Cazenave\",\"@id\":\"https:\/\/dicodusport.fr\/blog\/#\/schema\/person\/37def232098a7a5cbab3974a3690abb0\"},\"headline\":\"Championnats d&rsquo;Europe de Triathlon Sprint : Ilona Hadhoum et Mathilde Gautier d\u00e9crochent la timbale !\",\"datePublished\":\"2023-08-05T19:03:58+00:00\",\"dateModified\":\"2023-08-07T04:45:28+00:00\",\"mainEntityOfPage\":{\"@id\":\"https:\/\/dicodusport.fr\/blog\/championnats-europe-triathlon-ilona-hadhoum-mathilde-gautier-decrochent-timbale\/\"},\"wordCount\":372,\"commentCount\":0,\"publisher\":{\"@id\":\"https:\/\/dicodusport.fr\/blog\/#organization\"},\"image\":{\"@id\":\"https:\/\/dicodusport.fr\/blog\/championnats-europe-triathlon-ilona-hadhoum-mathilde-gautier-decrochent-timbale\/#primaryimage\"},\"thumbnailUrl\":\"https:\/\/dicodusport.fr\/blog\/wp-content\/uploads\/2023\/08\/Championnats-dEurope-de-triathlon.png\",\"keywords\":[\"br\u00e8ve\",\"Championnats d'Europe\",\"triathlon\"],\"articleSection\":[\"Triathlon\"],\"inLanguage\":\"fr-FR\",\"potentialAction\":[{\"@type\":\"CommentAction\",\"name\":\"Comment\",\"target\":[\"https:\/\/dicodusport.fr\/blog\/championnats-europe-triathlon-ilona-hadhoum-mathilde-gautier-decrochent-timbale\/#respond\"]}],\"copyrightYear\":\"2023\",\"copyrightHolder\":{\"@id\":\"https:\/\/dicodusport.fr\/blog\/#organization\"}},{\"@type\":\"WebPage\",\"@id\":\"https:\/\/dicodusport.fr\/blog\/championnats-europe-triathlon-ilona-hadhoum-mathilde-gautier-decrochent-timbale\/\",\"url\":\"https:\/\/dicodusport.fr\/blog\/championnats-europe-triathlon-ilona-hadhoum-mathilde-gautier-decrochent-timbale\/\",\"name\":\"Championnats d'Europe de Triathlon Sprint : Ilona Hadhoum et Mathilde Gautier d\u00e9crochent la timbale !\",\"isPartOf\":{\"@id\":\"https:\/\/dicodusport.fr\/blog\/#website\"},\"primaryImageOfPage\":{\"@id\":\"https:\/\/dicodusport.fr\/blog\/championnats-europe-triathlon-ilona-hadhoum-mathilde-gautier-decrochent-timbale\/#primaryimage\"},\"image\":{\"@id\":\"https:\/\/dicodusport.fr\/blog\/championnats-europe-triathlon-ilona-hadhoum-mathilde-gautier-decrochent-timbale\/#primaryimage\"},\"thumbnailUrl\":\"https:\/\/dicodusport.fr\/blog\/wp-content\/uploads\/2023\/08\/Championnats-dEurope-de-triathlon.png\",\"datePublished\":\"2023-08-05T19:03:58+00:00\",\"dateModified\":\"2023-08-07T04:45:28+00:00\",\"description\":\"CHAMPIONNATS D'EUROPE DE TRIATHLON - Ilona Hadhoum et Mathilde Gautier ont d\u00e9croch\u00e9 l'or \u00e0 Balikesir (Turquie).\",\"breadcrumb\":{\"@id\":\"https:\/\/dicodusport.fr\/blog\/championnats-europe-triathlon-ilona-hadhoum-mathilde-gautier-decrochent-timbale\/#breadcrumb\"},\"inLanguage\":\"fr-FR\",\"potentialAction\":[{\"@type\":\"ReadAction\",\"target\":[\"https:\/\/dicodusport.fr\/blog\/championnats-europe-triathlon-ilona-hadhoum-mathilde-gautier-decrochent-timbale\/\"]}]},{\"@type\":\"ImageObject\",\"inLanguage\":\"fr-FR\",\"@id\":\"https:\/\/dicodusport.fr\/blog\/championnats-europe-triathlon-ilona-hadhoum-mathilde-gautier-decrochent-timbale\/#primaryimage\",\"url\":\"https:\/\/dicodusport.fr\/blog\/wp-content\/uploads\/2023\/08\/Championnats-dEurope-de-triathlon.png\",\"contentUrl\":\"https:\/\/dicodusport.fr\/blog\/wp-content\/uploads\/2023\/08\/Championnats-dEurope-de-triathlon.png\",\"width\":800,\"height\":445,\"caption\":\"Championnats d'Europe de triathlon\"},{\"@type\":\"BreadcrumbList\",\"@id\":\"https:\/\/dicodusport.fr\/blog\/championnats-europe-triathlon-ilona-hadhoum-mathilde-gautier-decrochent-timbale\/#breadcrumb\",\"itemListElement\":[{\"@type\":\"ListItem\",\"position\":1,\"name\":\"Accueil\",\"item\":\"https:\/\/dicodusport.fr\/blog\/\"},{\"@type\":\"ListItem\",\"position\":2,\"name\":\"Championnats d&rsquo;Europe de Triathlon Sprint : Ilona Hadhoum et Mathilde Gautier d\u00e9crochent la timbale !\"}]},{\"@type\":\"WebSite\",\"@id\":\"https:\/\/dicodusport.fr\/blog\/#website\",\"url\":\"https:\/\/dicodusport.fr\/blog\/\",\"name\":\"Dicodusport\",\"description\":\"L&#039;encyclop\u00e9die de l&#039;actualit\u00e9 sportive\",\"publisher\":{\"@id\":\"https:\/\/dicodusport.fr\/blog\/#organization\"},\"potentialAction\":[{\"@type\":\"SearchAction\",\"target\":{\"@type\":\"EntryPoint\",\"urlTemplate\":\"https:\/\/dicodusport.fr\/blog\/?s={search_term_string}\"},\"query-input\":{\"@type\":\"PropertyValueSpecification\",\"valueRequired\":true,\"valueName\":\"search_term_string\"}}],\"inLanguage\":\"fr-FR\"},{\"@type\":\"NewsMediaOrganization\",\"@id\":\"https:\/\/dicodusport.fr\/blog\/#organization\",\"name\":\"Dicodusport\",\"url\":\"https:\/\/dicodusport.fr\/blog\/\",\"logo\":{\"@type\":\"ImageObject\",\"inLanguage\":\"fr-FR\",\"@id\":\"https:\/\/dicodusport.fr\/blog\/#\/schema\/logo\/image\/\",\"url\":\"https:\/\/dicodusport.fr\/blog\/wp-content\/uploads\/2020\/06\/cropped-LOGO-DICODUSPORT-2020-SANS-FOND-SANS-TEXTE.png\",\"contentUrl\":\"https:\/\/dicodusport.fr\/blog\/wp-content\/uploads\/2020\/06\/cropped-LOGO-DICODUSPORT-2020-SANS-FOND-SANS-TEXTE.png\",\"width\":512,\"height\":512,\"caption\":\"Dicodusport\"},\"image\":{\"@id\":\"https:\/\/dicodusport.fr\/blog\/#\/schema\/logo\/image\/\"},\"sameAs\":[\"https:\/\/www.facebook.com\/dicodusport\",\"https:\/\/x.com\/dicodusport\",\"https:\/\/www.instagram.com\/dicodusport\/\",\"https:\/\/www.youtube.com\/channel\/UC7V2KZ5sd3htJivAbA4ZG3w\"],\"description\":\"Dicodusport est l'encyclop\u00e9die de l'actualit\u00e9 sportive.\",\"email\":\"bonjour@dicodusport.fr\",\"legalName\":\"DICODUSPORT\",\"foundingDate\":\"2018-01-14\",\"vatID\":\"FR71834470973\",\"taxID\":\"83447097300043\",\"numberOfEmployees\":{\"@type\":\"QuantitativeValue\",\"minValue\":\"1\",\"maxValue\":\"10\"}},{\"@type\":\"Person\",\"@id\":\"https:\/\/dicodusport.fr\/blog\/#\/schema\/person\/37def232098a7a5cbab3974a3690abb0\",\"name\":\"Maxime Cazenave\",\"image\":{\"@type\":\"ImageObject\",\"inLanguage\":\"fr-FR\",\"@id\":\"https:\/\/dicodusport.fr\/blog\/#\/schema\/person\/image\/\",\"url\":\"https:\/\/dicodusport.fr\/blog\/wp-content\/uploads\/2021\/05\/Maxime-Cazenave-150x150.jpg\",\"contentUrl\":\"https:\/\/dicodusport.fr\/blog\/wp-content\/uploads\/2021\/05\/Maxime-Cazenave-150x150.jpg\",\"caption\":\"Maxime Cazenave\"},\"description\":\"Journaliste\/R\u00e9dacteur depuis 2012 - Berc\u00e9 par l\u2019amour des Girondins de Bordeaux, les \u00e9checs de Christophe Moreau sur le Tour de France sous l'\u00e8re Lance Armstrong et le fade-away l\u00e9tal de Dirk Nowitzki, ma passion d\u00e9vorante pour le sport a toujours \u00e9t\u00e9 un pan incontournable de ma vie. Transmettre ma passion \u00e0 l\u2019\u00e9crit a \u00e9t\u00e9 une transition naturelle. Suiveur assidu de basket et de hockey sur glace, je garde toujours un peu de place pour suivre le cyclisme, le football et le maximum de performances fran\u00e7aises.\",\"sameAs\":[\"https:\/\/x.com\/https:\/\/twitter.com\/Maxime_Caze\"],\"url\":\"https:\/\/dicodusport.fr\/blog\/author\/maximec\/\"}]}<\/script>\n<!-- \/ Yoast SEO Premium plugin. -->","yoast_head_json":{"title":"Championnats d'Europe de Triathlon Sprint : Ilona Hadhoum et Mathilde Gautier d\u00e9crochent la timbale !","description":"CHAMPIONNATS D'EUROPE DE TRIATHLON - Ilona Hadhoum et Mathilde Gautier ont d\u00e9croch\u00e9 l'or \u00e0 Balikesir (Turquie).","robots":{"index":"index","follow":"follow","max-snippet":"max-snippet:-1","max-image-preview":"max-image-preview:large","max-video-preview":"max-video-preview:-1"},"canonical":"https:\/\/dicodusport.fr\/blog\/championnats-europe-triathlon-ilona-hadhoum-mathilde-gautier-decrochent-timbale\/","og_locale":"fr_FR","og_type":"article","og_title":"Championnats d'Europe de Triathlon Sprint : Ilona Hadhoum et Mathilde Gautier d\u00e9crochent la timbale !","og_description":"CHAMPIONNATS D'EUROPE DE TRIATHLON - Ilona Hadhoum et Mathilde Gautier ont d\u00e9croch\u00e9 l'or \u00e0 Balikesir (Turquie).","og_url":"https:\/\/dicodusport.fr\/blog\/championnats-europe-triathlon-ilona-hadhoum-mathilde-gautier-decrochent-timbale\/","og_site_name":"Dicodusport","article_publisher":"https:\/\/www.facebook.com\/dicodusport","article_published_time":"2023-08-05T19:03:58+00:00","article_modified_time":"2023-08-07T04:45:28+00:00","og_image":[{"width":800,"height":445,"url":"https:\/\/dicodusport.fr\/blog\/wp-content\/uploads\/2023\/08\/Championnats-dEurope-de-triathlon.png","type":"image\/png"}],"author":"Maxime Cazenave","twitter_card":"summary_large_image","twitter_title":"Championnats d'Europe de Triathlon Sprint : Ilona Hadhoum et Mathilde Gautier d\u00e9crochent la timbale !","twitter_creator":"@https:\/\/twitter.com\/Maxime_Caze","twitter_site":"@dicodusport","schema":{"@context":"https:\/\/schema.org","@graph":[{"@type":"NewsArticle","@id":"https:\/\/dicodusport.fr\/blog\/championnats-europe-triathlon-ilona-hadhoum-mathilde-gautier-decrochent-timbale\/#article","isPartOf":{"@id":"https:\/\/dicodusport.fr\/blog\/championnats-europe-triathlon-ilona-hadhoum-mathilde-gautier-decrochent-timbale\/"},"author":{"name":"Maxime Cazenave","@id":"https:\/\/dicodusport.fr\/blog\/#\/schema\/person\/37def232098a7a5cbab3974a3690abb0"},"headline":"Championnats d&rsquo;Europe de Triathlon Sprint : Ilona Hadhoum et Mathilde Gautier d\u00e9crochent la timbale !","datePublished":"2023-08-05T19:03:58+00:00","dateModified":"2023-08-07T04:45:28+00:00","mainEntityOfPage":{"@id":"https:\/\/dicodusport.fr\/blog\/championnats-europe-triathlon-ilona-hadhoum-mathilde-gautier-decrochent-timbale\/"},"wordCount":372,"commentCount":0,"publisher":{"@id":"https:\/\/dicodusport.fr\/blog\/#organization"},"image":{"@id":"https:\/\/dicodusport.fr\/blog\/championnats-europe-triathlon-ilona-hadhoum-mathilde-gautier-decrochent-timbale\/#primaryimage"},"thumbnailUrl":"https:\/\/dicodusport.fr\/blog\/wp-content\/uploads\/2023\/08\/Championnats-dEurope-de-triathlon.png","keywords":["br\u00e8ve","Championnats d'Europe","triathlon"],"articleSection":["Triathlon"],"inLanguage":"fr-FR","potentialAction":[{"@type":"CommentAction","name":"Comment","target":["https:\/\/dicodusport.fr\/blog\/championnats-europe-triathlon-ilona-hadhoum-mathilde-gautier-decrochent-timbale\/#respond"]}],"copyrightYear":"2023","copyrightHolder":{"@id":"https:\/\/dicodusport.fr\/blog\/#organization"}},{"@type":"WebPage","@id":"https:\/\/dicodusport.fr\/blog\/championnats-europe-triathlon-ilona-hadhoum-mathilde-gautier-decrochent-timbale\/","url":"https:\/\/dicodusport.fr\/blog\/championnats-europe-triathlon-ilona-hadhoum-mathilde-gautier-decrochent-timbale\/","name":"Championnats d'Europe de Triathlon Sprint : Ilona Hadhoum et Mathilde Gautier d\u00e9crochent la timbale !","isPartOf":{"@id":"https:\/\/dicodusport.fr\/blog\/#website"},"primaryImageOfPage":{"@id":"https:\/\/dicodusport.fr\/blog\/championnats-europe-triathlon-ilona-hadhoum-mathilde-gautier-decrochent-timbale\/#primaryimage"},"image":{"@id":"https:\/\/dicodusport.fr\/blog\/championnats-europe-triathlon-ilona-hadhoum-mathilde-gautier-decrochent-timbale\/#primaryimage"},"thumbnailUrl":"https:\/\/dicodusport.fr\/blog\/wp-content\/uploads\/2023\/08\/Championnats-dEurope-de-triathlon.png","datePublished":"2023-08-05T19:03:58+00:00","dateModified":"2023-08-07T04:45:28+00:00","description":"CHAMPIONNATS D'EUROPE DE TRIATHLON - Ilona Hadhoum et Mathilde Gautier ont d\u00e9croch\u00e9 l'or \u00e0 Balikesir (Turquie).","breadcrumb":{"@id":"https:\/\/dicodusport.fr\/blog\/championnats-europe-triathlon-ilona-hadhoum-mathilde-gautier-decrochent-timbale\/#breadcrumb"},"inLanguage":"fr-FR","potentialAction":[{"@type":"ReadAction","target":["https:\/\/dicodusport.fr\/blog\/championnats-europe-triathlon-ilona-hadhoum-mathilde-gautier-decrochent-timbale\/"]}]},{"@type":"ImageObject","inLanguage":"fr-FR","@id":"https:\/\/dicodusport.fr\/blog\/championnats-europe-triathlon-ilona-hadhoum-mathilde-gautier-decrochent-timbale\/#primaryimage","url":"https:\/\/dicodusport.fr\/blog\/wp-content\/uploads\/2023\/08\/Championnats-dEurope-de-triathlon.png","contentUrl":"https:\/\/dicodusport.fr\/blog\/wp-content\/uploads\/2023\/08\/Championnats-dEurope-de-triathlon.png","width":800,"height":445,"caption":"Championnats d'Europe de triathlon"},{"@type":"BreadcrumbList","@id":"https:\/\/dicodusport.fr\/blog\/championnats-europe-triathlon-ilona-hadhoum-mathilde-gautier-decrochent-timbale\/#breadcrumb","itemListElement":[{"@type":"ListItem","position":1,"name":"Accueil","item":"https:\/\/dicodusport.fr\/blog\/"},{"@type":"ListItem","position":2,"name":"Championnats d&rsquo;Europe de Triathlon Sprint : Ilona Hadhoum et Mathilde Gautier d\u00e9crochent la timbale !"}]},{"@type":"WebSite","@id":"https:\/\/dicodusport.fr\/blog\/#website","url":"https:\/\/dicodusport.fr\/blog\/","name":"Dicodusport","description":"L&#039;encyclop\u00e9die de l&#039;actualit\u00e9 sportive","publisher":{"@id":"https:\/\/dicodusport.fr\/blog\/#organization"},"potentialAction":[{"@type":"SearchAction","target":{"@type":"EntryPoint","urlTemplate":"https:\/\/dicodusport.fr\/blog\/?s={search_term_string}"},"query-input":{"@type":"PropertyValueSpecification","valueRequired":true,"valueName":"search_term_string"}}],"inLanguage":"fr-FR"},{"@type":"NewsMediaOrganization","@id":"https:\/\/dicodusport.fr\/blog\/#organization","name":"Dicodusport","url":"https:\/\/dicodusport.fr\/blog\/","logo":{"@type":"ImageObject","inLanguage":"fr-FR","@id":"https:\/\/dicodusport.fr\/blog\/#\/schema\/logo\/image\/","url":"https:\/\/dicodusport.fr\/blog\/wp-content\/uploads\/2020\/06\/cropped-LOGO-DICODUSPORT-2020-SANS-FOND-SANS-TEXTE.png","contentUrl":"https:\/\/dicodusport.fr\/blog\/wp-content\/uploads\/2020\/06\/cropped-LOGO-DICODUSPORT-2020-SANS-FOND-SANS-TEXTE.png","width":512,"height":512,"caption":"Dicodusport"},"image":{"@id":"https:\/\/dicodusport.fr\/blog\/#\/schema\/logo\/image\/"},"sameAs":["https:\/\/www.facebook.com\/dicodusport","https:\/\/x.com\/dicodusport","https:\/\/www.instagram.com\/dicodusport\/","https:\/\/www.youtube.com\/channel\/UC7V2KZ5sd3htJivAbA4ZG3w"],"description":"Dicodusport est l'encyclop\u00e9die de l'actualit\u00e9 sportive.","email":"bonjour@dicodusport.fr","legalName":"DICODUSPORT","foundingDate":"2018-01-14","vatID":"FR71834470973","taxID":"83447097300043","numberOfEmployees":{"@type":"QuantitativeValue","minValue":"1","maxValue":"10"}},{"@type":"Person","@id":"https:\/\/dicodusport.fr\/blog\/#\/schema\/person\/37def232098a7a5cbab3974a3690abb0","name":"Maxime Cazenave","image":{"@type":"ImageObject","inLanguage":"fr-FR","@id":"https:\/\/dicodusport.fr\/blog\/#\/schema\/person\/image\/","url":"https:\/\/dicodusport.fr\/blog\/wp-content\/uploads\/2021\/05\/Maxime-Cazenave-150x150.jpg","contentUrl":"https:\/\/dicodusport.fr\/blog\/wp-content\/uploads\/2021\/05\/Maxime-Cazenave-150x150.jpg","caption":"Maxime Cazenave"},"description":"Journaliste\/R\u00e9dacteur depuis 2012 - Berc\u00e9 par l\u2019amour des Girondins de Bordeaux, les \u00e9checs de Christophe Moreau sur le Tour de France sous l'\u00e8re Lance Armstrong et le fade-away l\u00e9tal de Dirk Nowitzki, ma passion d\u00e9vorante pour le sport a toujours \u00e9t\u00e9 un pan incontournable de ma vie. Transmettre ma passion \u00e0 l\u2019\u00e9crit a \u00e9t\u00e9 une transition naturelle. Suiveur assidu de basket et de hockey sur glace, je garde toujours un peu de place pour suivre le cyclisme, le football et le maximum de performances fran\u00e7aises.","sameAs":["https:\/\/x.com\/https:\/\/twitter.com\/Maxime_Caze"],"url":"https:\/\/dicodusport.fr\/blog\/author\/maximec\/"}]}},"_links":{"self":[{"href":"https:\/\/dicodusport.fr\/blog\/wp-json\/wp\/v2\/posts\/406169","targetHints":{"allow":["GET"]}}],"collection":[{"href":"https:\/\/dicodusport.fr\/blog\/wp-json\/wp\/v2\/posts"}],"about":[{"href":"https:\/\/dicodusport.fr\/blog\/wp-json\/wp\/v2\/types\/post"}],"author":[{"embeddable":true,"href":"https:\/\/dicodusport.fr\/blog\/wp-json\/wp\/v2\/users\/55"}],"replies":[{"embeddable":true,"href":"https:\/\/dicodusport.fr\/blog\/wp-json\/wp\/v2\/comments?post=406169"}],"version-history":[{"count":0,"href":"https:\/\/dicodusport.fr\/blog\/wp-json\/wp\/v2\/posts\/406169\/revisions"}],"wp:featuredmedia":[{"embeddable":true,"href":"https:\/\/dicodusport.fr\/blog\/wp-json\/wp\/v2\/media\/406171"}],"wp:attachment":[{"href":"https:\/\/dicodusport.fr\/blog\/wp-json\/wp\/v2\/media?parent=406169"}],"wp:term":[{"taxonomy":"category","embeddable":true,"href":"https:\/\/dicodusport.fr\/blog\/wp-json\/wp\/v2\/categories?post=406169"},{"taxonomy":"post_tag","embeddable":true,"href":"https:\/\/dicodusport.fr\/blog\/wp-json\/wp\/v2\/tags?post=406169"}],"curies":[{"name":"wp","href":"https:\/\/api.w.org\/{rel}","templated":true}]}}