{"id":406283,"date":"2023-08-08T10:21:01","date_gmt":"2023-08-08T08:21:01","guid":{"rendered":"https:\/\/dicodusport.fr\/blog\/?p=406283&#038;preview=true&#038;preview_id=406283"},"modified":"2023-08-08T10:21:29","modified_gmt":"2023-08-08T08:21:29","slug":"france-maroc-a-quelle-heure-et-sur-quelle-chaine","status":"publish","type":"post","link":"https:\/\/dicodusport.fr\/blog\/france-maroc-a-quelle-heure-et-sur-quelle-chaine\/","title":{"rendered":"France &#8211; Maroc : \u00c0 quelle heure et sur quelle cha\u00eene TV"},"content":{"rendered":"<p style=\"text-align: justify;\"><em><b><a href=\"https:\/\/dicodusport.fr\/blog\/calendrier-et-resultats-coupe-du-monde-feminine-de-football-2023\/\" target=\"_blank\" rel=\"noopener\">COUPE DU MONDE F\u00c9MININE DE FOOTBALL 2023<\/a> &#8211; Ce mardi, la France affronte le Maroc en huiti\u00e8me de finale de la Coupe du monde 2023. Heure et cha\u00eene TV du match.<\/b><\/em><\/p>\n<p style=\"text-align: justify;\">L&rsquo;\u00e9quipe de <strong>France<\/strong> a termin\u00e9 premi\u00e8re de son groupe et peut maintenant se tourner vers les huiti\u00e8mes de finale. Les <strong>Bleues<\/strong> ont pourtant eu un premier match compliqu\u00e9 face \u00e0 la <strong>Jama\u00efque<\/strong> avec trop peu de solutions offensives face \u00e0 une \u00e9quipe qui a malgr\u00e9 tout confirm\u00e9 par la suite qu&rsquo;elle avait clairement augment\u00e9 son niveau. Les <strong>Jama\u00efcaines<\/strong> ont aussi tenu t\u00eate au Br\u00e9sil pour se qualifier en huiti\u00e8me de finale.<\/p>\n<p style=\"text-align: justify;\">Apr\u00e8s ce premier match moyen, la France d&rsquo;<strong>Herv\u00e9<\/strong>\u00a0<strong>Renard<\/strong> a acc\u00e9l\u00e9r\u00e9 pour faire son match r\u00e9f\u00e9rence face aux Br\u00e9siliennes. Si le score final n&rsquo;est que de deux buts \u00e0 un, les <strong>Bleues<\/strong> ont domin\u00e9 la rencontre de la t\u00eate et des \u00e9paules. <strong>Wendie<\/strong> <strong>Renard<\/strong> et <strong>Eug\u00e9nie<\/strong> <strong>Le<\/strong> <strong>Sommer<\/strong> ont \u00e9t\u00e9 d\u00e9cisives dans ce deuxi\u00e8me match de groupes en marquant chacune un but.<\/p>\n<h2 style=\"text-align: justify;\">Le Maroc, l&rsquo;invit\u00e9 surprise<\/h2>\n<p style=\"text-align: justify;\">Pour le dernier match, le s\u00e9lectionneur de l&rsquo;\u00e9quipe de <strong>France<\/strong> a fait tourner face au <strong>Panama<\/strong> pour une victoire 6 \u00e0 3. Si les <strong>Tricolores<\/strong> se sont rassur\u00e9es sur le plan offensif, la d\u00e9fense a \u00e9t\u00e9 chahut\u00e9e par une \u00e9quipe assez modeste. La rotation peut expliquer en partie les errements d\u00e9fensifs mais il faudra \u00eatre plus solide sur le reste de la comp\u00e9tition pour aller au bout.<\/p>\n<p style=\"text-align: justify;\">Malgr\u00e9 une d\u00e9faite 6 \u00e0 0 face \u00e0 l&rsquo;<strong>Allemagne<\/strong> pour le premier match de la <strong>Coupe du monde<\/strong>, le <strong>Maroc<\/strong> s&rsquo;est qualifi\u00e9 avec deux victoires face \u00e0 la <strong>Cor\u00e9e du Sud<\/strong> et la <strong>Colombie<\/strong>. Alors que les <strong>Allemandes<\/strong> sont rest\u00e9es \u00e0 quai. <strong>Reynald<\/strong> <strong>Peydros<\/strong> a fait progresser cette \u00e9quipe marocaine qui va maintenant tenter de faire tomber l&rsquo;\u00e9quipe de <strong>France<\/strong>.<\/p>\n<h2 style=\"text-align: justify;\">Heure et cha\u00eene TV du match France &#8211; Maroc<\/h2>\n<h3 style=\"text-align: justify;\">Mardi 8 ao\u00fbt 2023<\/h3>\n<p style=\"text-align: justify;\"><strong>M6<\/strong><\/p>\n<p style=\"text-align: justify;\">12h50 : Avant-match<br \/>\n13h00 : Coup d&rsquo;envoi<\/p>\n<h2 style=\"text-align: justify;\">Les cotes de France &#8211; Maroc<\/h2>\n<table style=\"width: 800px;\">\n<tbody>\n<tr style=\"height: 16px;\">\n<td style=\"background-color: #404040; text-align: left; border-color: #ededed; width: 500px;\" colspan=\"3\"><span style=\"font-size: 12px; color: #ffffff;\">Mardi 8 ao\u00fbt, 13h00<\/span><\/td>\n<\/tr>\n<tr style=\"height: 24px;\">\n<td style=\"background-color: #ffffff; border-color: #ededed; vertical-align: middle; text-align: center; width: 266px;\"><span style=\"font-size: 14px;\"><b>France<br \/>\n<\/b><\/span><span style=\"font-size: 10px;\"><a href=\"https:\/\/www.winamax.fr\/paris-sportifs\/match\/36887573?banid=33423\" class=\"su-button su-button-style-flat su-button-wide\" style=\"color:#fff;background-color:#143cdb;border-color:#1030b0;border-radius:5px\" target=\"_blank\" rel=\"noopener noreferrer\"><span style=\"color:#fff;padding:0px 20px;font-size:16px;line-height:32px;border-color:#5b77e6;border-radius:5px;text-shadow:none\"> 1.14<\/span><\/a><\/span><\/td>\n<td style=\"background-color: #ffffff; border-color: #ededed; vertical-align: middle; text-align: center; width: 266px;\"><span style=\"font-size: 10px;\"><span style=\"font-size: 14px;\"><strong>Match nul<\/strong><\/span><br \/>\n<a href=\"https:\/\/www.winamax.fr\/paris-sportifs\/match\/36887573?banid=33423\" class=\"su-button su-button-style-flat su-button-wide\" style=\"color:#fff;background-color:#143cdb;border-color:#1030b0;border-radius:5px\" target=\"_blank\" rel=\"noopener noreferrer\"><span style=\"color:#fff;padding:0px 20px;font-size:16px;line-height:32px;border-color:#5b77e6;border-radius:5px;text-shadow:none\"> 8.00<\/span><\/a><\/span><\/td>\n<td style=\"background-color: #ffffff; border-color: #ededed; vertical-align: middle; text-align: center; width: 266px;\"><span style=\"font-size: 14px;\"><b>Maroc<br \/>\n<\/b><\/span><span style=\"font-size: 10px;\"><a href=\"https:\/\/www.winamax.fr\/paris-sportifs\/match\/36887573?banid=33423\" class=\"su-button su-button-style-flat su-button-wide\" style=\"color:#fff;background-color:#143cdb;border-color:#1030b0;border-radius:5px\" target=\"_blank\" rel=\"noopener noreferrer\"><span style=\"color:#fff;padding:0px 20px;font-size:16px;line-height:32px;border-color:#5b77e6;border-radius:5px;text-shadow:none\"> 17<\/span><\/a><\/span><\/td>\n<\/tr>\n<\/tbody>\n<\/table>\n<p style=\"text-align: justify;\">Tentez votre chance en profitant de votre <a href=\"https:\/\/www.winamax.fr\/registration\/landing\/affiliation_Bonus100?banid=33423\">1er d\u00e9p\u00f4t doubl\u00e9 jusqu&rsquo;\u00e0 100 \u20ac<\/a> direct en paris gratuits sur Winamax !<\/p>\n","protected":false},"excerpt":{"rendered":"<p>COUPE DU MONDE F\u00c9MININE DE FOOTBALL 2023 &#8211; Ce mardi, la France affronte le Maroc en huiti\u00e8me de finale de la Coupe du monde 2023. Heure et cha\u00eene TV du match.<\/p>\n","protected":false},"author":1,"featured_media":406289,"comment_status":"open","ping_status":"closed","sticky":false,"template":"","format":"standard","meta":{"_acf_changed":false,"_daextam_enable_autolinks":"","footnotes":""},"categories":[47043,2301],"tags":[16878,17213,75,30,21872,21768,5017,8799],"class_list":["post-406283","post","type-post","status-publish","format-standard","has-post-thumbnail","hentry","category-coupe-du-monde-de-football","category-football","tag-breve","tag-chaine","tag-football","tag-france","tag-heure","tag-horaire","tag-maroc","tag-programme-tv"],"acf":[],"yoast_head":"<!-- This site is optimized with the Yoast SEO Premium plugin v26.7 (Yoast SEO v26.7) - https:\/\/yoast.com\/wordpress\/plugins\/seo\/ -->\n<title>France - Maroc : \u00c0 quelle heure et sur quelle cha\u00eene TV<\/title>\n<meta name=\"description\" content=\"COUPE DU MONDE F\u00c9MININE DE FOOTBALL 2023 - Ce mardi, la France affronte le Maroc en huiti\u00e8me de finale. Heure et cha\u00eene TV du match.\" \/>\n<meta name=\"robots\" content=\"index, follow, max-snippet:-1, max-image-preview:large, max-video-preview:-1\" \/>\n<link rel=\"canonical\" href=\"https:\/\/dicodusport.fr\/blog\/france-maroc-a-quelle-heure-et-sur-quelle-chaine\/\" \/>\n<meta property=\"og:locale\" content=\"fr_FR\" \/>\n<meta property=\"og:type\" content=\"article\" \/>\n<meta property=\"og:title\" content=\"France - Maroc : \u00c0 quelle heure et sur quelle cha\u00eene TV\" \/>\n<meta property=\"og:description\" content=\"COUPE DU MONDE F\u00c9MININE DE FOOTBALL 2023 - Ce mardi, la France affronte le Maroc en huiti\u00e8me de finale. Heure et cha\u00eene TV du match.\" \/>\n<meta property=\"og:url\" content=\"https:\/\/dicodusport.fr\/blog\/france-maroc-a-quelle-heure-et-sur-quelle-chaine\/\" \/>\n<meta property=\"og:site_name\" content=\"Dicodusport\" \/>\n<meta property=\"article:publisher\" content=\"https:\/\/www.facebook.com\/dicodusport\" \/>\n<meta property=\"article:author\" content=\"https:\/\/www.facebook.com\/dicodusport\" \/>\n<meta property=\"article:published_time\" content=\"2023-08-08T08:21:01+00:00\" \/>\n<meta property=\"article:modified_time\" content=\"2023-08-08T08:21:29+00:00\" \/>\n<meta property=\"og:image\" content=\"https:\/\/dicodusport.fr\/blog\/wp-content\/uploads\/2023\/08\/France-Maroc-A-quelle-heure-et-sur-quelle-chaine-TV.png\" \/>\n\t<meta property=\"og:image:width\" content=\"800\" \/>\n\t<meta property=\"og:image:height\" content=\"445\" \/>\n\t<meta property=\"og:image:type\" content=\"image\/png\" \/>\n<meta name=\"author\" content=\"Nicolas Jacquemard\" \/>\n<meta name=\"twitter:card\" content=\"summary_large_image\" \/>\n<meta name=\"twitter:title\" content=\"France - Maroc : \u00c0 quelle heure et sur quelle cha\u00eene TV\" \/>\n<meta name=\"twitter:creator\" content=\"@https:\/\/twitter.com\/Nico_Jacquemard\" \/>\n<meta name=\"twitter:site\" content=\"@dicodusport\" \/>\n<script type=\"application\/ld+json\" class=\"yoast-schema-graph\">{\"@context\":\"https:\/\/schema.org\",\"@graph\":[{\"@type\":\"NewsArticle\",\"@id\":\"https:\/\/dicodusport.fr\/blog\/france-maroc-a-quelle-heure-et-sur-quelle-chaine\/#article\",\"isPartOf\":{\"@id\":\"https:\/\/dicodusport.fr\/blog\/france-maroc-a-quelle-heure-et-sur-quelle-chaine\/\"},\"author\":{\"name\":\"Nicolas Jacquemard\",\"@id\":\"https:\/\/dicodusport.fr\/blog\/#\/schema\/person\/55dcb50ad410894e431ed812bbb70191\"},\"headline\":\"France &#8211; Maroc : \u00c0 quelle heure et sur quelle cha\u00eene TV\",\"datePublished\":\"2023-08-08T08:21:01+00:00\",\"dateModified\":\"2023-08-08T08:21:29+00:00\",\"mainEntityOfPage\":{\"@id\":\"https:\/\/dicodusport.fr\/blog\/france-maroc-a-quelle-heure-et-sur-quelle-chaine\/\"},\"wordCount\":455,\"commentCount\":0,\"publisher\":{\"@id\":\"https:\/\/dicodusport.fr\/blog\/#organization\"},\"image\":{\"@id\":\"https:\/\/dicodusport.fr\/blog\/france-maroc-a-quelle-heure-et-sur-quelle-chaine\/#primaryimage\"},\"thumbnailUrl\":\"https:\/\/dicodusport.fr\/blog\/wp-content\/uploads\/2023\/08\/France-Maroc-A-quelle-heure-et-sur-quelle-chaine-TV.png\",\"keywords\":[\"br\u00e8ve\",\"Cha\u00eene\",\"Football\",\"France\",\"Heure\",\"Horaire\",\"Maroc\",\"Programme TV\"],\"articleSection\":[\"Coupe du monde de football\",\"Football\"],\"inLanguage\":\"fr-FR\",\"potentialAction\":[{\"@type\":\"CommentAction\",\"name\":\"Comment\",\"target\":[\"https:\/\/dicodusport.fr\/blog\/france-maroc-a-quelle-heure-et-sur-quelle-chaine\/#respond\"]}],\"copyrightYear\":\"2023\",\"copyrightHolder\":{\"@id\":\"https:\/\/dicodusport.fr\/blog\/#organization\"}},{\"@type\":\"WebPage\",\"@id\":\"https:\/\/dicodusport.fr\/blog\/france-maroc-a-quelle-heure-et-sur-quelle-chaine\/\",\"url\":\"https:\/\/dicodusport.fr\/blog\/france-maroc-a-quelle-heure-et-sur-quelle-chaine\/\",\"name\":\"France - Maroc : \u00c0 quelle heure et sur quelle cha\u00eene TV\",\"isPartOf\":{\"@id\":\"https:\/\/dicodusport.fr\/blog\/#website\"},\"primaryImageOfPage\":{\"@id\":\"https:\/\/dicodusport.fr\/blog\/france-maroc-a-quelle-heure-et-sur-quelle-chaine\/#primaryimage\"},\"image\":{\"@id\":\"https:\/\/dicodusport.fr\/blog\/france-maroc-a-quelle-heure-et-sur-quelle-chaine\/#primaryimage\"},\"thumbnailUrl\":\"https:\/\/dicodusport.fr\/blog\/wp-content\/uploads\/2023\/08\/France-Maroc-A-quelle-heure-et-sur-quelle-chaine-TV.png\",\"datePublished\":\"2023-08-08T08:21:01+00:00\",\"dateModified\":\"2023-08-08T08:21:29+00:00\",\"description\":\"COUPE DU MONDE F\u00c9MININE DE FOOTBALL 2023 - Ce mardi, la France affronte le Maroc en huiti\u00e8me de finale. Heure et cha\u00eene TV du match.\",\"breadcrumb\":{\"@id\":\"https:\/\/dicodusport.fr\/blog\/france-maroc-a-quelle-heure-et-sur-quelle-chaine\/#breadcrumb\"},\"inLanguage\":\"fr-FR\",\"potentialAction\":[{\"@type\":\"ReadAction\",\"target\":[\"https:\/\/dicodusport.fr\/blog\/france-maroc-a-quelle-heure-et-sur-quelle-chaine\/\"]}]},{\"@type\":\"ImageObject\",\"inLanguage\":\"fr-FR\",\"@id\":\"https:\/\/dicodusport.fr\/blog\/france-maroc-a-quelle-heure-et-sur-quelle-chaine\/#primaryimage\",\"url\":\"https:\/\/dicodusport.fr\/blog\/wp-content\/uploads\/2023\/08\/France-Maroc-A-quelle-heure-et-sur-quelle-chaine-TV.png\",\"contentUrl\":\"https:\/\/dicodusport.fr\/blog\/wp-content\/uploads\/2023\/08\/France-Maroc-A-quelle-heure-et-sur-quelle-chaine-TV.png\",\"width\":800,\"height\":445},{\"@type\":\"BreadcrumbList\",\"@id\":\"https:\/\/dicodusport.fr\/blog\/france-maroc-a-quelle-heure-et-sur-quelle-chaine\/#breadcrumb\",\"itemListElement\":[{\"@type\":\"ListItem\",\"position\":1,\"name\":\"Accueil\",\"item\":\"https:\/\/dicodusport.fr\/blog\/\"},{\"@type\":\"ListItem\",\"position\":2,\"name\":\"France &#8211; Maroc : \u00c0 quelle heure et sur quelle cha\u00eene TV\"}]},{\"@type\":\"WebSite\",\"@id\":\"https:\/\/dicodusport.fr\/blog\/#website\",\"url\":\"https:\/\/dicodusport.fr\/blog\/\",\"name\":\"Dicodusport\",\"description\":\"L&#039;encyclop\u00e9die de l&#039;actualit\u00e9 sportive\",\"publisher\":{\"@id\":\"https:\/\/dicodusport.fr\/blog\/#organization\"},\"potentialAction\":[{\"@type\":\"SearchAction\",\"target\":{\"@type\":\"EntryPoint\",\"urlTemplate\":\"https:\/\/dicodusport.fr\/blog\/?s={search_term_string}\"},\"query-input\":{\"@type\":\"PropertyValueSpecification\",\"valueRequired\":true,\"valueName\":\"search_term_string\"}}],\"inLanguage\":\"fr-FR\"},{\"@type\":\"NewsMediaOrganization\",\"@id\":\"https:\/\/dicodusport.fr\/blog\/#organization\",\"name\":\"Dicodusport\",\"url\":\"https:\/\/dicodusport.fr\/blog\/\",\"logo\":{\"@type\":\"ImageObject\",\"inLanguage\":\"fr-FR\",\"@id\":\"https:\/\/dicodusport.fr\/blog\/#\/schema\/logo\/image\/\",\"url\":\"https:\/\/dicodusport.fr\/blog\/wp-content\/uploads\/2020\/06\/cropped-LOGO-DICODUSPORT-2020-SANS-FOND-SANS-TEXTE.png\",\"contentUrl\":\"https:\/\/dicodusport.fr\/blog\/wp-content\/uploads\/2020\/06\/cropped-LOGO-DICODUSPORT-2020-SANS-FOND-SANS-TEXTE.png\",\"width\":512,\"height\":512,\"caption\":\"Dicodusport\"},\"image\":{\"@id\":\"https:\/\/dicodusport.fr\/blog\/#\/schema\/logo\/image\/\"},\"sameAs\":[\"https:\/\/www.facebook.com\/dicodusport\",\"https:\/\/x.com\/dicodusport\",\"https:\/\/www.instagram.com\/dicodusport\/\",\"https:\/\/www.youtube.com\/channel\/UC7V2KZ5sd3htJivAbA4ZG3w\"],\"description\":\"Dicodusport est l'encyclop\u00e9die de l'actualit\u00e9 sportive.\",\"email\":\"bonjour@dicodusport.fr\",\"legalName\":\"DICODUSPORT\",\"foundingDate\":\"2018-01-14\",\"vatID\":\"FR71834470973\",\"taxID\":\"83447097300043\",\"numberOfEmployees\":{\"@type\":\"QuantitativeValue\",\"minValue\":\"1\",\"maxValue\":\"10\"}},{\"@type\":\"Person\",\"@id\":\"https:\/\/dicodusport.fr\/blog\/#\/schema\/person\/55dcb50ad410894e431ed812bbb70191\",\"name\":\"Nicolas Jacquemard\",\"image\":{\"@type\":\"ImageObject\",\"inLanguage\":\"fr-FR\",\"@id\":\"https:\/\/dicodusport.fr\/blog\/#\/schema\/person\/image\/\",\"url\":\"https:\/\/dicodusport.fr\/blog\/wp-content\/uploads\/2021\/05\/Nicolas-Jacquemard-150x150.jpeg\",\"contentUrl\":\"https:\/\/dicodusport.fr\/blog\/wp-content\/uploads\/2021\/05\/Nicolas-Jacquemard-150x150.jpeg\",\"caption\":\"Nicolas Jacquemard\"},\"description\":\"Passionn\u00e9 de sport et entrepreneur depuis mes 18 ans, la cr\u00e9ation de Dicodusport m'a sembl\u00e9 \u00e9vidente pour participer \u00e0 la m\u00e9diatisation d'un plus grand nombre de sports. Le chemin est long mais avec une \u00e9quipe des plus motiv\u00e9es et les Jeux Olympiques de Paris 2024 en point de mire, nous y arriverons ! Journaliste dans le monde du sport depuis plus de 5 ans, je traite aussi bien de football, de rugby, de biathlon que de cyclisme.\",\"sameAs\":[\"https:\/\/www.facebook.com\/dicodusport\",\"https:\/\/x.com\/https:\/\/twitter.com\/Nico_Jacquemard\"],\"url\":\"https:\/\/dicodusport.fr\/blog\/author\/dicodusport\/\"}]}<\/script>\n<!-- \/ Yoast SEO Premium plugin. -->","yoast_head_json":{"title":"France - Maroc : \u00c0 quelle heure et sur quelle cha\u00eene TV","description":"COUPE DU MONDE F\u00c9MININE DE FOOTBALL 2023 - Ce mardi, la France affronte le Maroc en huiti\u00e8me de finale. Heure et cha\u00eene TV du match.","robots":{"index":"index","follow":"follow","max-snippet":"max-snippet:-1","max-image-preview":"max-image-preview:large","max-video-preview":"max-video-preview:-1"},"canonical":"https:\/\/dicodusport.fr\/blog\/france-maroc-a-quelle-heure-et-sur-quelle-chaine\/","og_locale":"fr_FR","og_type":"article","og_title":"France - Maroc : \u00c0 quelle heure et sur quelle cha\u00eene TV","og_description":"COUPE DU MONDE F\u00c9MININE DE FOOTBALL 2023 - Ce mardi, la France affronte le Maroc en huiti\u00e8me de finale. Heure et cha\u00eene TV du match.","og_url":"https:\/\/dicodusport.fr\/blog\/france-maroc-a-quelle-heure-et-sur-quelle-chaine\/","og_site_name":"Dicodusport","article_publisher":"https:\/\/www.facebook.com\/dicodusport","article_author":"https:\/\/www.facebook.com\/dicodusport","article_published_time":"2023-08-08T08:21:01+00:00","article_modified_time":"2023-08-08T08:21:29+00:00","og_image":[{"width":800,"height":445,"url":"https:\/\/dicodusport.fr\/blog\/wp-content\/uploads\/2023\/08\/France-Maroc-A-quelle-heure-et-sur-quelle-chaine-TV.png","type":"image\/png"}],"author":"Nicolas Jacquemard","twitter_card":"summary_large_image","twitter_title":"France - Maroc : \u00c0 quelle heure et sur quelle cha\u00eene TV","twitter_creator":"@https:\/\/twitter.com\/Nico_Jacquemard","twitter_site":"@dicodusport","schema":{"@context":"https:\/\/schema.org","@graph":[{"@type":"NewsArticle","@id":"https:\/\/dicodusport.fr\/blog\/france-maroc-a-quelle-heure-et-sur-quelle-chaine\/#article","isPartOf":{"@id":"https:\/\/dicodusport.fr\/blog\/france-maroc-a-quelle-heure-et-sur-quelle-chaine\/"},"author":{"name":"Nicolas Jacquemard","@id":"https:\/\/dicodusport.fr\/blog\/#\/schema\/person\/55dcb50ad410894e431ed812bbb70191"},"headline":"France &#8211; Maroc : \u00c0 quelle heure et sur quelle cha\u00eene TV","datePublished":"2023-08-08T08:21:01+00:00","dateModified":"2023-08-08T08:21:29+00:00","mainEntityOfPage":{"@id":"https:\/\/dicodusport.fr\/blog\/france-maroc-a-quelle-heure-et-sur-quelle-chaine\/"},"wordCount":455,"commentCount":0,"publisher":{"@id":"https:\/\/dicodusport.fr\/blog\/#organization"},"image":{"@id":"https:\/\/dicodusport.fr\/blog\/france-maroc-a-quelle-heure-et-sur-quelle-chaine\/#primaryimage"},"thumbnailUrl":"https:\/\/dicodusport.fr\/blog\/wp-content\/uploads\/2023\/08\/France-Maroc-A-quelle-heure-et-sur-quelle-chaine-TV.png","keywords":["br\u00e8ve","Cha\u00eene","Football","France","Heure","Horaire","Maroc","Programme TV"],"articleSection":["Coupe du monde de football","Football"],"inLanguage":"fr-FR","potentialAction":[{"@type":"CommentAction","name":"Comment","target":["https:\/\/dicodusport.fr\/blog\/france-maroc-a-quelle-heure-et-sur-quelle-chaine\/#respond"]}],"copyrightYear":"2023","copyrightHolder":{"@id":"https:\/\/dicodusport.fr\/blog\/#organization"}},{"@type":"WebPage","@id":"https:\/\/dicodusport.fr\/blog\/france-maroc-a-quelle-heure-et-sur-quelle-chaine\/","url":"https:\/\/dicodusport.fr\/blog\/france-maroc-a-quelle-heure-et-sur-quelle-chaine\/","name":"France - Maroc : \u00c0 quelle heure et sur quelle cha\u00eene TV","isPartOf":{"@id":"https:\/\/dicodusport.fr\/blog\/#website"},"primaryImageOfPage":{"@id":"https:\/\/dicodusport.fr\/blog\/france-maroc-a-quelle-heure-et-sur-quelle-chaine\/#primaryimage"},"image":{"@id":"https:\/\/dicodusport.fr\/blog\/france-maroc-a-quelle-heure-et-sur-quelle-chaine\/#primaryimage"},"thumbnailUrl":"https:\/\/dicodusport.fr\/blog\/wp-content\/uploads\/2023\/08\/France-Maroc-A-quelle-heure-et-sur-quelle-chaine-TV.png","datePublished":"2023-08-08T08:21:01+00:00","dateModified":"2023-08-08T08:21:29+00:00","description":"COUPE DU MONDE F\u00c9MININE DE FOOTBALL 2023 - Ce mardi, la France affronte le Maroc en huiti\u00e8me de finale. Heure et cha\u00eene TV du match.","breadcrumb":{"@id":"https:\/\/dicodusport.fr\/blog\/france-maroc-a-quelle-heure-et-sur-quelle-chaine\/#breadcrumb"},"inLanguage":"fr-FR","potentialAction":[{"@type":"ReadAction","target":["https:\/\/dicodusport.fr\/blog\/france-maroc-a-quelle-heure-et-sur-quelle-chaine\/"]}]},{"@type":"ImageObject","inLanguage":"fr-FR","@id":"https:\/\/dicodusport.fr\/blog\/france-maroc-a-quelle-heure-et-sur-quelle-chaine\/#primaryimage","url":"https:\/\/dicodusport.fr\/blog\/wp-content\/uploads\/2023\/08\/France-Maroc-A-quelle-heure-et-sur-quelle-chaine-TV.png","contentUrl":"https:\/\/dicodusport.fr\/blog\/wp-content\/uploads\/2023\/08\/France-Maroc-A-quelle-heure-et-sur-quelle-chaine-TV.png","width":800,"height":445},{"@type":"BreadcrumbList","@id":"https:\/\/dicodusport.fr\/blog\/france-maroc-a-quelle-heure-et-sur-quelle-chaine\/#breadcrumb","itemListElement":[{"@type":"ListItem","position":1,"name":"Accueil","item":"https:\/\/dicodusport.fr\/blog\/"},{"@type":"ListItem","position":2,"name":"France &#8211; Maroc : \u00c0 quelle heure et sur quelle cha\u00eene TV"}]},{"@type":"WebSite","@id":"https:\/\/dicodusport.fr\/blog\/#website","url":"https:\/\/dicodusport.fr\/blog\/","name":"Dicodusport","description":"L&#039;encyclop\u00e9die de l&#039;actualit\u00e9 sportive","publisher":{"@id":"https:\/\/dicodusport.fr\/blog\/#organization"},"potentialAction":[{"@type":"SearchAction","target":{"@type":"EntryPoint","urlTemplate":"https:\/\/dicodusport.fr\/blog\/?s={search_term_string}"},"query-input":{"@type":"PropertyValueSpecification","valueRequired":true,"valueName":"search_term_string"}}],"inLanguage":"fr-FR"},{"@type":"NewsMediaOrganization","@id":"https:\/\/dicodusport.fr\/blog\/#organization","name":"Dicodusport","url":"https:\/\/dicodusport.fr\/blog\/","logo":{"@type":"ImageObject","inLanguage":"fr-FR","@id":"https:\/\/dicodusport.fr\/blog\/#\/schema\/logo\/image\/","url":"https:\/\/dicodusport.fr\/blog\/wp-content\/uploads\/2020\/06\/cropped-LOGO-DICODUSPORT-2020-SANS-FOND-SANS-TEXTE.png","contentUrl":"https:\/\/dicodusport.fr\/blog\/wp-content\/uploads\/2020\/06\/cropped-LOGO-DICODUSPORT-2020-SANS-FOND-SANS-TEXTE.png","width":512,"height":512,"caption":"Dicodusport"},"image":{"@id":"https:\/\/dicodusport.fr\/blog\/#\/schema\/logo\/image\/"},"sameAs":["https:\/\/www.facebook.com\/dicodusport","https:\/\/x.com\/dicodusport","https:\/\/www.instagram.com\/dicodusport\/","https:\/\/www.youtube.com\/channel\/UC7V2KZ5sd3htJivAbA4ZG3w"],"description":"Dicodusport est l'encyclop\u00e9die de l'actualit\u00e9 sportive.","email":"bonjour@dicodusport.fr","legalName":"DICODUSPORT","foundingDate":"2018-01-14","vatID":"FR71834470973","taxID":"83447097300043","numberOfEmployees":{"@type":"QuantitativeValue","minValue":"1","maxValue":"10"}},{"@type":"Person","@id":"https:\/\/dicodusport.fr\/blog\/#\/schema\/person\/55dcb50ad410894e431ed812bbb70191","name":"Nicolas Jacquemard","image":{"@type":"ImageObject","inLanguage":"fr-FR","@id":"https:\/\/dicodusport.fr\/blog\/#\/schema\/person\/image\/","url":"https:\/\/dicodusport.fr\/blog\/wp-content\/uploads\/2021\/05\/Nicolas-Jacquemard-150x150.jpeg","contentUrl":"https:\/\/dicodusport.fr\/blog\/wp-content\/uploads\/2021\/05\/Nicolas-Jacquemard-150x150.jpeg","caption":"Nicolas Jacquemard"},"description":"Passionn\u00e9 de sport et entrepreneur depuis mes 18 ans, la cr\u00e9ation de Dicodusport m'a sembl\u00e9 \u00e9vidente pour participer \u00e0 la m\u00e9diatisation d'un plus grand nombre de sports. Le chemin est long mais avec une \u00e9quipe des plus motiv\u00e9es et les Jeux Olympiques de Paris 2024 en point de mire, nous y arriverons ! Journaliste dans le monde du sport depuis plus de 5 ans, je traite aussi bien de football, de rugby, de biathlon que de cyclisme.","sameAs":["https:\/\/www.facebook.com\/dicodusport","https:\/\/x.com\/https:\/\/twitter.com\/Nico_Jacquemard"],"url":"https:\/\/dicodusport.fr\/blog\/author\/dicodusport\/"}]}},"_links":{"self":[{"href":"https:\/\/dicodusport.fr\/blog\/wp-json\/wp\/v2\/posts\/406283","targetHints":{"allow":["GET"]}}],"collection":[{"href":"https:\/\/dicodusport.fr\/blog\/wp-json\/wp\/v2\/posts"}],"about":[{"href":"https:\/\/dicodusport.fr\/blog\/wp-json\/wp\/v2\/types\/post"}],"author":[{"embeddable":true,"href":"https:\/\/dicodusport.fr\/blog\/wp-json\/wp\/v2\/users\/1"}],"replies":[{"embeddable":true,"href":"https:\/\/dicodusport.fr\/blog\/wp-json\/wp\/v2\/comments?post=406283"}],"version-history":[{"count":0,"href":"https:\/\/dicodusport.fr\/blog\/wp-json\/wp\/v2\/posts\/406283\/revisions"}],"wp:featuredmedia":[{"embeddable":true,"href":"https:\/\/dicodusport.fr\/blog\/wp-json\/wp\/v2\/media\/406289"}],"wp:attachment":[{"href":"https:\/\/dicodusport.fr\/blog\/wp-json\/wp\/v2\/media?parent=406283"}],"wp:term":[{"taxonomy":"category","embeddable":true,"href":"https:\/\/dicodusport.fr\/blog\/wp-json\/wp\/v2\/categories?post=406283"},{"taxonomy":"post_tag","embeddable":true,"href":"https:\/\/dicodusport.fr\/blog\/wp-json\/wp\/v2\/tags?post=406283"}],"curies":[{"name":"wp","href":"https:\/\/api.w.org\/{rel}","templated":true}]}}