{"id":406292,"date":"2023-08-06T12:13:18","date_gmt":"2023-08-06T10:13:18","guid":{"rendered":"https:\/\/dicodusport.fr\/blog\/?p=406292&#038;preview=true&#038;preview_id=406292"},"modified":"2023-08-06T12:45:00","modified_gmt":"2023-08-06T10:45:00","slug":"remco-evenepoel-mon-pere-et-patrick-lefevere-feraient-mieux-de-se-taire","status":"publish","type":"post","link":"https:\/\/dicodusport.fr\/blog\/remco-evenepoel-mon-pere-et-patrick-lefevere-feraient-mieux-de-se-taire\/","title":{"rendered":"Remco Evenepoel : \u00ab\u00a0Mon p\u00e8re et Patrick Lefevere feraient mieux de se taire\u00a0\u00bb"},"content":{"rendered":"<p style=\"text-align: justify;\" align=\"justify\"><em><strong>CYCLISME SUR ROUTE 2023 &#8211; Alors qu&rsquo;il dispute les championnats du monde \u00e0 Glasgow, Remco Evenepoel fait la une au sujet de son avenir.\u00a0<\/strong><\/em><\/p>\n<p style=\"text-align: justify;\" align=\"justify\">Alors qu&rsquo;il remet en jeu son titre de champion du monde \u00e0 <strong>Glasgow<\/strong>, <strong>Remco<\/strong> <strong>Evenepoel<\/strong> est au milieu d&rsquo;une dispute entre son p\u00e8re et son manager. Alors que des rumeurs font \u00e9tat d&rsquo;un int\u00e9r\u00eat d&rsquo;<strong>INEOS Grenadiers<\/strong> pour le champion belge, <strong>Patrick<\/strong> <strong>Evenepoel<\/strong> a d\u00e9gain\u00e9 en premier sur le site <em>DH<\/em> :<\/p>\n<blockquote>\n<p style=\"text-align: justify;\" align=\"justify\">Remco veut rester, mais \u00e0 condition qu&rsquo;il puisse \u00eatre comp\u00e9titif sur le Tour l&rsquo;an prochain. Pour pouvoir affronter Vingegaard et Pogacar, l&rsquo;\u00e9quipe doit faire non pas 1, mais 4 ou 5 pas en avant.<\/p>\n<\/blockquote>\n<p style=\"text-align: justify;\" align=\"justify\">Le p\u00e8re de <strong>Remco<\/strong> <strong>Evenepoel<\/strong> met donc la pression sur la <strong>Soudal &#8211; Quick Step<\/strong> qui n&rsquo;a pas \u00e0 date les coureurs pour l&rsquo;\u00e9pauler en montagne. <strong>UAE Team Emirates<\/strong> et <strong>Jumbo Visma<\/strong> ont bien plus de grimpeurs disponibles. Mais cette d\u00e9claration n&rsquo;a pas \u00e9t\u00e9 du go\u00fbt du manager belge qui lui a r\u00e9pondu dans <em>Sporza<\/em> :<\/p>\n<blockquote>\n<p align=\"justify\">\u00c7a ne m&rsquo;amuse pas. Peut-\u00eatre que la famille Evenepoel devrait accorder ses violons. Il rend son propre fils nerveux \u00e0 la veille d\u2019un Mondial. Est-ce que je suis d\u00e9sagr\u00e9ablement surpris ? Oui.<\/p>\n<\/blockquote>\n<p style=\"text-align: justify;\" align=\"justify\">Alors qu&rsquo;il s&rsquo;appr\u00eatait \u00e0 prendre le d\u00e9part des championnats du monde, <strong>Remco<\/strong> <strong>Evenepoel<\/strong> a \u00e9t\u00e9 interrog\u00e9 sur la querelle entre son p\u00e8re et son manager. Les sorties m\u00e9diatiques des deux hommes n&rsquo;ont pas \u00e9t\u00e9 appr\u00e9ci\u00e9es par le jeune champion :<\/p>\n<blockquote>\n<p style=\"text-align: justify;\" align=\"justify\">Je trouve que mon p\u00e8re et Patrick feraient mieux de se taire. Et me laisser faire, car je sais ce qui est bien pour moi et ce qui ne l\u2019est pas.<\/p>\n<\/blockquote>\n<blockquote class=\"twitter-tweet\">\n<p dir=\"ltr\" lang=\"fr\">Remco Evenepoel ce matin avant le Mondial : \u00ab\u00a0Je trouve que mon p\u00e8re et Patrick feraient mieux de se taire. Et me laisser faire, car je sais ce qui est bien pour moi et ce qui ne l\u2019est pas.\u00a0\u00bb <a href=\"https:\/\/twitter.com\/hashtag\/Mercato?src=hash&amp;ref_src=twsrc%5Etfw\">#Mercato<\/a><a href=\"https:\/\/t.co\/Ybw3MulEUv\">https:\/\/t.co\/Ybw3MulEUv<\/a><a href=\"https:\/\/t.co\/bW6Bg4deY5\">https:\/\/t.co\/bW6Bg4deY5<\/a><\/p>\n<p>\u2014 Le Gruppetto (@LeGruppetto) <a href=\"https:\/\/twitter.com\/LeGruppetto\/status\/1688123278542417920?ref_src=twsrc%5Etfw\">August 6, 2023<\/a><\/p><\/blockquote>\n<p><script async src=\"https:\/\/platform.twitter.com\/widgets.js\" charset=\"utf-8\"><\/script><\/p>\n","protected":false},"excerpt":{"rendered":"<p>CYCLISME SUR ROUTE 2023 &#8211; Alors qu&rsquo;il dispute les championnats du monde \u00e0 Glasgow, Remco Evenepoel fait la une au sujet de son avenir.\u00a0<\/p>\n","protected":false},"author":1,"featured_media":406294,"comment_status":"open","ping_status":"closed","sticky":false,"template":"","format":"standard","meta":{"_acf_changed":false,"_daextam_enable_autolinks":"","footnotes":""},"categories":[46994],"tags":[16878,574,8458,11100,8420],"class_list":["post-406292","post","type-post","status-publish","format-standard","has-post-thumbnail","hentry","category-cyclisme-sur-route","tag-breve","tag-cyclisme","tag-evenepoel","tag-patrick-lefevere","tag-remco-evenepoel"],"acf":[],"yoast_head":"<!-- This site is optimized with the Yoast SEO Premium plugin v26.7 (Yoast SEO v26.7) - https:\/\/yoast.com\/wordpress\/plugins\/seo\/ -->\n<title>Remco Evenepoel : &quot;Mon p\u00e8re et Patrick Lefevere feraient mieux de se taire&quot;<\/title>\n<meta name=\"description\" content=\"CYCLISME SUR ROUTE 2023 - Alors qu&#039;il dispute les championnats du monde \u00e0 Glasgow, Remco Evenepoel fait la une au sujet de son avenir.\u00a0\" \/>\n<meta name=\"robots\" content=\"index, follow, max-snippet:-1, max-image-preview:large, max-video-preview:-1\" \/>\n<link rel=\"canonical\" href=\"https:\/\/dicodusport.fr\/blog\/remco-evenepoel-mon-pere-et-patrick-lefevere-feraient-mieux-de-se-taire\/\" \/>\n<meta property=\"og:locale\" content=\"fr_FR\" \/>\n<meta property=\"og:type\" content=\"article\" \/>\n<meta property=\"og:title\" content=\"Remco Evenepoel : &quot;Mon p\u00e8re et Patrick Lefevere feraient mieux de se taire&quot;\" \/>\n<meta property=\"og:description\" content=\"CYCLISME SUR ROUTE 2023 - Alors qu&#039;il dispute les championnats du monde \u00e0 Glasgow, Remco Evenepoel fait la une au sujet de son avenir.\u00a0\" \/>\n<meta property=\"og:url\" content=\"https:\/\/dicodusport.fr\/blog\/remco-evenepoel-mon-pere-et-patrick-lefevere-feraient-mieux-de-se-taire\/\" \/>\n<meta property=\"og:site_name\" content=\"Dicodusport\" \/>\n<meta property=\"article:publisher\" content=\"https:\/\/www.facebook.com\/dicodusport\" \/>\n<meta property=\"article:author\" content=\"https:\/\/www.facebook.com\/dicodusport\" \/>\n<meta property=\"article:published_time\" content=\"2023-08-06T10:13:18+00:00\" \/>\n<meta property=\"article:modified_time\" content=\"2023-08-06T10:45:00+00:00\" \/>\n<meta property=\"og:image\" content=\"https:\/\/dicodusport.fr\/blog\/wp-content\/uploads\/2023\/08\/Remco-Evenepoel-Mon-pere-et-Patrick-Lefevere-feraient-mieux-de-se-taire.png\" \/>\n\t<meta property=\"og:image:width\" content=\"800\" \/>\n\t<meta property=\"og:image:height\" content=\"445\" \/>\n\t<meta property=\"og:image:type\" content=\"image\/png\" \/>\n<meta name=\"author\" content=\"Nicolas Jacquemard\" \/>\n<meta name=\"twitter:card\" content=\"summary_large_image\" \/>\n<meta name=\"twitter:title\" content=\"Remco Evenepoel : &quot;Mon p\u00e8re et Patrick Lefevere feraient mieux de se taire&quot;\" \/>\n<meta name=\"twitter:creator\" content=\"@https:\/\/twitter.com\/Nico_Jacquemard\" \/>\n<meta name=\"twitter:site\" content=\"@dicodusport\" \/>\n<script type=\"application\/ld+json\" class=\"yoast-schema-graph\">{\"@context\":\"https:\/\/schema.org\",\"@graph\":[{\"@type\":\"NewsArticle\",\"@id\":\"https:\/\/dicodusport.fr\/blog\/remco-evenepoel-mon-pere-et-patrick-lefevere-feraient-mieux-de-se-taire\/#article\",\"isPartOf\":{\"@id\":\"https:\/\/dicodusport.fr\/blog\/remco-evenepoel-mon-pere-et-patrick-lefevere-feraient-mieux-de-se-taire\/\"},\"author\":{\"name\":\"Nicolas Jacquemard\",\"@id\":\"https:\/\/dicodusport.fr\/blog\/#\/schema\/person\/55dcb50ad410894e431ed812bbb70191\"},\"headline\":\"Remco Evenepoel : \u00ab\u00a0Mon p\u00e8re et Patrick Lefevere feraient mieux de se taire\u00a0\u00bb\",\"datePublished\":\"2023-08-06T10:13:18+00:00\",\"dateModified\":\"2023-08-06T10:45:00+00:00\",\"mainEntityOfPage\":{\"@id\":\"https:\/\/dicodusport.fr\/blog\/remco-evenepoel-mon-pere-et-patrick-lefevere-feraient-mieux-de-se-taire\/\"},\"wordCount\":359,\"commentCount\":0,\"publisher\":{\"@id\":\"https:\/\/dicodusport.fr\/blog\/#organization\"},\"image\":{\"@id\":\"https:\/\/dicodusport.fr\/blog\/remco-evenepoel-mon-pere-et-patrick-lefevere-feraient-mieux-de-se-taire\/#primaryimage\"},\"thumbnailUrl\":\"https:\/\/dicodusport.fr\/blog\/wp-content\/uploads\/2023\/08\/Remco-Evenepoel-Mon-pere-et-Patrick-Lefevere-feraient-mieux-de-se-taire.png\",\"keywords\":[\"br\u00e8ve\",\"Cyclisme\",\"Evenepoel\",\"Patrick Lefevere\",\"Remco Evenepoel\"],\"articleSection\":[\"Cyclisme sur route\"],\"inLanguage\":\"fr-FR\",\"potentialAction\":[{\"@type\":\"CommentAction\",\"name\":\"Comment\",\"target\":[\"https:\/\/dicodusport.fr\/blog\/remco-evenepoel-mon-pere-et-patrick-lefevere-feraient-mieux-de-se-taire\/#respond\"]}],\"copyrightYear\":\"2023\",\"copyrightHolder\":{\"@id\":\"https:\/\/dicodusport.fr\/blog\/#organization\"}},{\"@type\":\"WebPage\",\"@id\":\"https:\/\/dicodusport.fr\/blog\/remco-evenepoel-mon-pere-et-patrick-lefevere-feraient-mieux-de-se-taire\/\",\"url\":\"https:\/\/dicodusport.fr\/blog\/remco-evenepoel-mon-pere-et-patrick-lefevere-feraient-mieux-de-se-taire\/\",\"name\":\"Remco Evenepoel : \\\"Mon p\u00e8re et Patrick Lefevere feraient mieux de se taire\\\"\",\"isPartOf\":{\"@id\":\"https:\/\/dicodusport.fr\/blog\/#website\"},\"primaryImageOfPage\":{\"@id\":\"https:\/\/dicodusport.fr\/blog\/remco-evenepoel-mon-pere-et-patrick-lefevere-feraient-mieux-de-se-taire\/#primaryimage\"},\"image\":{\"@id\":\"https:\/\/dicodusport.fr\/blog\/remco-evenepoel-mon-pere-et-patrick-lefevere-feraient-mieux-de-se-taire\/#primaryimage\"},\"thumbnailUrl\":\"https:\/\/dicodusport.fr\/blog\/wp-content\/uploads\/2023\/08\/Remco-Evenepoel-Mon-pere-et-Patrick-Lefevere-feraient-mieux-de-se-taire.png\",\"datePublished\":\"2023-08-06T10:13:18+00:00\",\"dateModified\":\"2023-08-06T10:45:00+00:00\",\"description\":\"CYCLISME SUR ROUTE 2023 - Alors qu'il dispute les championnats du monde \u00e0 Glasgow, Remco Evenepoel fait la une au sujet de son avenir.\u00a0\",\"breadcrumb\":{\"@id\":\"https:\/\/dicodusport.fr\/blog\/remco-evenepoel-mon-pere-et-patrick-lefevere-feraient-mieux-de-se-taire\/#breadcrumb\"},\"inLanguage\":\"fr-FR\",\"potentialAction\":[{\"@type\":\"ReadAction\",\"target\":[\"https:\/\/dicodusport.fr\/blog\/remco-evenepoel-mon-pere-et-patrick-lefevere-feraient-mieux-de-se-taire\/\"]}]},{\"@type\":\"ImageObject\",\"inLanguage\":\"fr-FR\",\"@id\":\"https:\/\/dicodusport.fr\/blog\/remco-evenepoel-mon-pere-et-patrick-lefevere-feraient-mieux-de-se-taire\/#primaryimage\",\"url\":\"https:\/\/dicodusport.fr\/blog\/wp-content\/uploads\/2023\/08\/Remco-Evenepoel-Mon-pere-et-Patrick-Lefevere-feraient-mieux-de-se-taire.png\",\"contentUrl\":\"https:\/\/dicodusport.fr\/blog\/wp-content\/uploads\/2023\/08\/Remco-Evenepoel-Mon-pere-et-Patrick-Lefevere-feraient-mieux-de-se-taire.png\",\"width\":800,\"height\":445},{\"@type\":\"BreadcrumbList\",\"@id\":\"https:\/\/dicodusport.fr\/blog\/remco-evenepoel-mon-pere-et-patrick-lefevere-feraient-mieux-de-se-taire\/#breadcrumb\",\"itemListElement\":[{\"@type\":\"ListItem\",\"position\":1,\"name\":\"Accueil\",\"item\":\"https:\/\/dicodusport.fr\/blog\/\"},{\"@type\":\"ListItem\",\"position\":2,\"name\":\"Remco Evenepoel : \u00ab\u00a0Mon p\u00e8re et Patrick Lefevere feraient mieux de se taire\u00a0\u00bb\"}]},{\"@type\":\"WebSite\",\"@id\":\"https:\/\/dicodusport.fr\/blog\/#website\",\"url\":\"https:\/\/dicodusport.fr\/blog\/\",\"name\":\"Dicodusport\",\"description\":\"L&#039;encyclop\u00e9die de l&#039;actualit\u00e9 sportive\",\"publisher\":{\"@id\":\"https:\/\/dicodusport.fr\/blog\/#organization\"},\"potentialAction\":[{\"@type\":\"SearchAction\",\"target\":{\"@type\":\"EntryPoint\",\"urlTemplate\":\"https:\/\/dicodusport.fr\/blog\/?s={search_term_string}\"},\"query-input\":{\"@type\":\"PropertyValueSpecification\",\"valueRequired\":true,\"valueName\":\"search_term_string\"}}],\"inLanguage\":\"fr-FR\"},{\"@type\":\"NewsMediaOrganization\",\"@id\":\"https:\/\/dicodusport.fr\/blog\/#organization\",\"name\":\"Dicodusport\",\"url\":\"https:\/\/dicodusport.fr\/blog\/\",\"logo\":{\"@type\":\"ImageObject\",\"inLanguage\":\"fr-FR\",\"@id\":\"https:\/\/dicodusport.fr\/blog\/#\/schema\/logo\/image\/\",\"url\":\"https:\/\/dicodusport.fr\/blog\/wp-content\/uploads\/2020\/06\/cropped-LOGO-DICODUSPORT-2020-SANS-FOND-SANS-TEXTE.png\",\"contentUrl\":\"https:\/\/dicodusport.fr\/blog\/wp-content\/uploads\/2020\/06\/cropped-LOGO-DICODUSPORT-2020-SANS-FOND-SANS-TEXTE.png\",\"width\":512,\"height\":512,\"caption\":\"Dicodusport\"},\"image\":{\"@id\":\"https:\/\/dicodusport.fr\/blog\/#\/schema\/logo\/image\/\"},\"sameAs\":[\"https:\/\/www.facebook.com\/dicodusport\",\"https:\/\/x.com\/dicodusport\",\"https:\/\/www.instagram.com\/dicodusport\/\",\"https:\/\/www.youtube.com\/channel\/UC7V2KZ5sd3htJivAbA4ZG3w\"],\"description\":\"Dicodusport est l'encyclop\u00e9die de l'actualit\u00e9 sportive.\",\"email\":\"bonjour@dicodusport.fr\",\"legalName\":\"DICODUSPORT\",\"foundingDate\":\"2018-01-14\",\"vatID\":\"FR71834470973\",\"taxID\":\"83447097300043\",\"numberOfEmployees\":{\"@type\":\"QuantitativeValue\",\"minValue\":\"1\",\"maxValue\":\"10\"}},{\"@type\":\"Person\",\"@id\":\"https:\/\/dicodusport.fr\/blog\/#\/schema\/person\/55dcb50ad410894e431ed812bbb70191\",\"name\":\"Nicolas Jacquemard\",\"image\":{\"@type\":\"ImageObject\",\"inLanguage\":\"fr-FR\",\"@id\":\"https:\/\/dicodusport.fr\/blog\/#\/schema\/person\/image\/\",\"url\":\"https:\/\/dicodusport.fr\/blog\/wp-content\/uploads\/2021\/05\/Nicolas-Jacquemard-150x150.jpeg\",\"contentUrl\":\"https:\/\/dicodusport.fr\/blog\/wp-content\/uploads\/2021\/05\/Nicolas-Jacquemard-150x150.jpeg\",\"caption\":\"Nicolas Jacquemard\"},\"description\":\"Passionn\u00e9 de sport et entrepreneur depuis mes 18 ans, la cr\u00e9ation de Dicodusport m'a sembl\u00e9 \u00e9vidente pour participer \u00e0 la m\u00e9diatisation d'un plus grand nombre de sports. Le chemin est long mais avec une \u00e9quipe des plus motiv\u00e9es et les Jeux Olympiques de Paris 2024 en point de mire, nous y arriverons ! Journaliste dans le monde du sport depuis plus de 5 ans, je traite aussi bien de football, de rugby, de biathlon que de cyclisme.\",\"sameAs\":[\"https:\/\/www.facebook.com\/dicodusport\",\"https:\/\/x.com\/https:\/\/twitter.com\/Nico_Jacquemard\"],\"url\":\"https:\/\/dicodusport.fr\/blog\/author\/dicodusport\/\"}]}<\/script>\n<!-- \/ Yoast SEO Premium plugin. -->","yoast_head_json":{"title":"Remco Evenepoel : \"Mon p\u00e8re et Patrick Lefevere feraient mieux de se taire\"","description":"CYCLISME SUR ROUTE 2023 - Alors qu'il dispute les championnats du monde \u00e0 Glasgow, Remco Evenepoel fait la une au sujet de son avenir.\u00a0","robots":{"index":"index","follow":"follow","max-snippet":"max-snippet:-1","max-image-preview":"max-image-preview:large","max-video-preview":"max-video-preview:-1"},"canonical":"https:\/\/dicodusport.fr\/blog\/remco-evenepoel-mon-pere-et-patrick-lefevere-feraient-mieux-de-se-taire\/","og_locale":"fr_FR","og_type":"article","og_title":"Remco Evenepoel : \"Mon p\u00e8re et Patrick Lefevere feraient mieux de se taire\"","og_description":"CYCLISME SUR ROUTE 2023 - Alors qu'il dispute les championnats du monde \u00e0 Glasgow, Remco Evenepoel fait la une au sujet de son avenir.\u00a0","og_url":"https:\/\/dicodusport.fr\/blog\/remco-evenepoel-mon-pere-et-patrick-lefevere-feraient-mieux-de-se-taire\/","og_site_name":"Dicodusport","article_publisher":"https:\/\/www.facebook.com\/dicodusport","article_author":"https:\/\/www.facebook.com\/dicodusport","article_published_time":"2023-08-06T10:13:18+00:00","article_modified_time":"2023-08-06T10:45:00+00:00","og_image":[{"width":800,"height":445,"url":"https:\/\/dicodusport.fr\/blog\/wp-content\/uploads\/2023\/08\/Remco-Evenepoel-Mon-pere-et-Patrick-Lefevere-feraient-mieux-de-se-taire.png","type":"image\/png"}],"author":"Nicolas Jacquemard","twitter_card":"summary_large_image","twitter_title":"Remco Evenepoel : \"Mon p\u00e8re et Patrick Lefevere feraient mieux de se taire\"","twitter_creator":"@https:\/\/twitter.com\/Nico_Jacquemard","twitter_site":"@dicodusport","schema":{"@context":"https:\/\/schema.org","@graph":[{"@type":"NewsArticle","@id":"https:\/\/dicodusport.fr\/blog\/remco-evenepoel-mon-pere-et-patrick-lefevere-feraient-mieux-de-se-taire\/#article","isPartOf":{"@id":"https:\/\/dicodusport.fr\/blog\/remco-evenepoel-mon-pere-et-patrick-lefevere-feraient-mieux-de-se-taire\/"},"author":{"name":"Nicolas Jacquemard","@id":"https:\/\/dicodusport.fr\/blog\/#\/schema\/person\/55dcb50ad410894e431ed812bbb70191"},"headline":"Remco Evenepoel : \u00ab\u00a0Mon p\u00e8re et Patrick Lefevere feraient mieux de se taire\u00a0\u00bb","datePublished":"2023-08-06T10:13:18+00:00","dateModified":"2023-08-06T10:45:00+00:00","mainEntityOfPage":{"@id":"https:\/\/dicodusport.fr\/blog\/remco-evenepoel-mon-pere-et-patrick-lefevere-feraient-mieux-de-se-taire\/"},"wordCount":359,"commentCount":0,"publisher":{"@id":"https:\/\/dicodusport.fr\/blog\/#organization"},"image":{"@id":"https:\/\/dicodusport.fr\/blog\/remco-evenepoel-mon-pere-et-patrick-lefevere-feraient-mieux-de-se-taire\/#primaryimage"},"thumbnailUrl":"https:\/\/dicodusport.fr\/blog\/wp-content\/uploads\/2023\/08\/Remco-Evenepoel-Mon-pere-et-Patrick-Lefevere-feraient-mieux-de-se-taire.png","keywords":["br\u00e8ve","Cyclisme","Evenepoel","Patrick Lefevere","Remco Evenepoel"],"articleSection":["Cyclisme sur route"],"inLanguage":"fr-FR","potentialAction":[{"@type":"CommentAction","name":"Comment","target":["https:\/\/dicodusport.fr\/blog\/remco-evenepoel-mon-pere-et-patrick-lefevere-feraient-mieux-de-se-taire\/#respond"]}],"copyrightYear":"2023","copyrightHolder":{"@id":"https:\/\/dicodusport.fr\/blog\/#organization"}},{"@type":"WebPage","@id":"https:\/\/dicodusport.fr\/blog\/remco-evenepoel-mon-pere-et-patrick-lefevere-feraient-mieux-de-se-taire\/","url":"https:\/\/dicodusport.fr\/blog\/remco-evenepoel-mon-pere-et-patrick-lefevere-feraient-mieux-de-se-taire\/","name":"Remco Evenepoel : \"Mon p\u00e8re et Patrick Lefevere feraient mieux de se taire\"","isPartOf":{"@id":"https:\/\/dicodusport.fr\/blog\/#website"},"primaryImageOfPage":{"@id":"https:\/\/dicodusport.fr\/blog\/remco-evenepoel-mon-pere-et-patrick-lefevere-feraient-mieux-de-se-taire\/#primaryimage"},"image":{"@id":"https:\/\/dicodusport.fr\/blog\/remco-evenepoel-mon-pere-et-patrick-lefevere-feraient-mieux-de-se-taire\/#primaryimage"},"thumbnailUrl":"https:\/\/dicodusport.fr\/blog\/wp-content\/uploads\/2023\/08\/Remco-Evenepoel-Mon-pere-et-Patrick-Lefevere-feraient-mieux-de-se-taire.png","datePublished":"2023-08-06T10:13:18+00:00","dateModified":"2023-08-06T10:45:00+00:00","description":"CYCLISME SUR ROUTE 2023 - Alors qu'il dispute les championnats du monde \u00e0 Glasgow, Remco Evenepoel fait la une au sujet de son avenir.\u00a0","breadcrumb":{"@id":"https:\/\/dicodusport.fr\/blog\/remco-evenepoel-mon-pere-et-patrick-lefevere-feraient-mieux-de-se-taire\/#breadcrumb"},"inLanguage":"fr-FR","potentialAction":[{"@type":"ReadAction","target":["https:\/\/dicodusport.fr\/blog\/remco-evenepoel-mon-pere-et-patrick-lefevere-feraient-mieux-de-se-taire\/"]}]},{"@type":"ImageObject","inLanguage":"fr-FR","@id":"https:\/\/dicodusport.fr\/blog\/remco-evenepoel-mon-pere-et-patrick-lefevere-feraient-mieux-de-se-taire\/#primaryimage","url":"https:\/\/dicodusport.fr\/blog\/wp-content\/uploads\/2023\/08\/Remco-Evenepoel-Mon-pere-et-Patrick-Lefevere-feraient-mieux-de-se-taire.png","contentUrl":"https:\/\/dicodusport.fr\/blog\/wp-content\/uploads\/2023\/08\/Remco-Evenepoel-Mon-pere-et-Patrick-Lefevere-feraient-mieux-de-se-taire.png","width":800,"height":445},{"@type":"BreadcrumbList","@id":"https:\/\/dicodusport.fr\/blog\/remco-evenepoel-mon-pere-et-patrick-lefevere-feraient-mieux-de-se-taire\/#breadcrumb","itemListElement":[{"@type":"ListItem","position":1,"name":"Accueil","item":"https:\/\/dicodusport.fr\/blog\/"},{"@type":"ListItem","position":2,"name":"Remco Evenepoel : \u00ab\u00a0Mon p\u00e8re et Patrick Lefevere feraient mieux de se taire\u00a0\u00bb"}]},{"@type":"WebSite","@id":"https:\/\/dicodusport.fr\/blog\/#website","url":"https:\/\/dicodusport.fr\/blog\/","name":"Dicodusport","description":"L&#039;encyclop\u00e9die de l&#039;actualit\u00e9 sportive","publisher":{"@id":"https:\/\/dicodusport.fr\/blog\/#organization"},"potentialAction":[{"@type":"SearchAction","target":{"@type":"EntryPoint","urlTemplate":"https:\/\/dicodusport.fr\/blog\/?s={search_term_string}"},"query-input":{"@type":"PropertyValueSpecification","valueRequired":true,"valueName":"search_term_string"}}],"inLanguage":"fr-FR"},{"@type":"NewsMediaOrganization","@id":"https:\/\/dicodusport.fr\/blog\/#organization","name":"Dicodusport","url":"https:\/\/dicodusport.fr\/blog\/","logo":{"@type":"ImageObject","inLanguage":"fr-FR","@id":"https:\/\/dicodusport.fr\/blog\/#\/schema\/logo\/image\/","url":"https:\/\/dicodusport.fr\/blog\/wp-content\/uploads\/2020\/06\/cropped-LOGO-DICODUSPORT-2020-SANS-FOND-SANS-TEXTE.png","contentUrl":"https:\/\/dicodusport.fr\/blog\/wp-content\/uploads\/2020\/06\/cropped-LOGO-DICODUSPORT-2020-SANS-FOND-SANS-TEXTE.png","width":512,"height":512,"caption":"Dicodusport"},"image":{"@id":"https:\/\/dicodusport.fr\/blog\/#\/schema\/logo\/image\/"},"sameAs":["https:\/\/www.facebook.com\/dicodusport","https:\/\/x.com\/dicodusport","https:\/\/www.instagram.com\/dicodusport\/","https:\/\/www.youtube.com\/channel\/UC7V2KZ5sd3htJivAbA4ZG3w"],"description":"Dicodusport est l'encyclop\u00e9die de l'actualit\u00e9 sportive.","email":"bonjour@dicodusport.fr","legalName":"DICODUSPORT","foundingDate":"2018-01-14","vatID":"FR71834470973","taxID":"83447097300043","numberOfEmployees":{"@type":"QuantitativeValue","minValue":"1","maxValue":"10"}},{"@type":"Person","@id":"https:\/\/dicodusport.fr\/blog\/#\/schema\/person\/55dcb50ad410894e431ed812bbb70191","name":"Nicolas Jacquemard","image":{"@type":"ImageObject","inLanguage":"fr-FR","@id":"https:\/\/dicodusport.fr\/blog\/#\/schema\/person\/image\/","url":"https:\/\/dicodusport.fr\/blog\/wp-content\/uploads\/2021\/05\/Nicolas-Jacquemard-150x150.jpeg","contentUrl":"https:\/\/dicodusport.fr\/blog\/wp-content\/uploads\/2021\/05\/Nicolas-Jacquemard-150x150.jpeg","caption":"Nicolas Jacquemard"},"description":"Passionn\u00e9 de sport et entrepreneur depuis mes 18 ans, la cr\u00e9ation de Dicodusport m'a sembl\u00e9 \u00e9vidente pour participer \u00e0 la m\u00e9diatisation d'un plus grand nombre de sports. Le chemin est long mais avec une \u00e9quipe des plus motiv\u00e9es et les Jeux Olympiques de Paris 2024 en point de mire, nous y arriverons ! Journaliste dans le monde du sport depuis plus de 5 ans, je traite aussi bien de football, de rugby, de biathlon que de cyclisme.","sameAs":["https:\/\/www.facebook.com\/dicodusport","https:\/\/x.com\/https:\/\/twitter.com\/Nico_Jacquemard"],"url":"https:\/\/dicodusport.fr\/blog\/author\/dicodusport\/"}]}},"_links":{"self":[{"href":"https:\/\/dicodusport.fr\/blog\/wp-json\/wp\/v2\/posts\/406292","targetHints":{"allow":["GET"]}}],"collection":[{"href":"https:\/\/dicodusport.fr\/blog\/wp-json\/wp\/v2\/posts"}],"about":[{"href":"https:\/\/dicodusport.fr\/blog\/wp-json\/wp\/v2\/types\/post"}],"author":[{"embeddable":true,"href":"https:\/\/dicodusport.fr\/blog\/wp-json\/wp\/v2\/users\/1"}],"replies":[{"embeddable":true,"href":"https:\/\/dicodusport.fr\/blog\/wp-json\/wp\/v2\/comments?post=406292"}],"version-history":[{"count":0,"href":"https:\/\/dicodusport.fr\/blog\/wp-json\/wp\/v2\/posts\/406292\/revisions"}],"wp:featuredmedia":[{"embeddable":true,"href":"https:\/\/dicodusport.fr\/blog\/wp-json\/wp\/v2\/media\/406294"}],"wp:attachment":[{"href":"https:\/\/dicodusport.fr\/blog\/wp-json\/wp\/v2\/media?parent=406292"}],"wp:term":[{"taxonomy":"category","embeddable":true,"href":"https:\/\/dicodusport.fr\/blog\/wp-json\/wp\/v2\/categories?post=406292"},{"taxonomy":"post_tag","embeddable":true,"href":"https:\/\/dicodusport.fr\/blog\/wp-json\/wp\/v2\/tags?post=406292"}],"curies":[{"name":"wp","href":"https:\/\/api.w.org\/{rel}","templated":true}]}}