{"id":406335,"date":"2023-08-11T08:20:28","date_gmt":"2023-08-11T06:20:28","guid":{"rendered":"https:\/\/dicodusport.fr\/blog\/?p=406335&#038;preview=true&#038;preview_id=406335"},"modified":"2023-08-11T08:20:44","modified_gmt":"2023-08-11T06:20:44","slug":"cyclisme-championnats-du-monde-2023-parcours-et-profil-contre-la-montre-hommes","status":"publish","type":"post","link":"https:\/\/dicodusport.fr\/blog\/cyclisme-championnats-du-monde-2023-parcours-et-profil-contre-la-montre-hommes\/","title":{"rendered":"Cyclisme Championnats du monde 2023 : Parcours et profil Contre-la-montre hommes"},"content":{"rendered":"<p style=\"text-align: justify;\"><b><i><a href=\"https:\/\/dicodusport.fr\/blog\/actualites\/cyclisme\/championnats-du-monde-cyclisme-2023\/\">CHAMPIONNATS DU MONDE DE CYCLISME 2023<\/a> \u2013 Les Championnats du monde de cyclisme sur route 2023\u00a0 ont lieu du 3 au 13 ao\u00fbt 2023 \u00e0 Glasgow, en \u00c9cosse, au Royaume-Uni. N\u00e9anmoins, le contre-la-montre se tiendra \u00e0 Stirling en plein centre de l&rsquo;\u00c9cosse, \u00e0 plus de 30 kilom\u00e8tres, au nord de Glasgow. Parcours et profil du contre-la-montre hommes.<\/i><\/b><\/p>\n<ul>\n<li><strong>\u00c0 lire aussi &#8211; <\/strong><a href=\"https:\/\/dicodusport.fr\/blog\/cyclisme-championnats-du-monde-2023-les-favoris-du-contre-la-montre-hommes\/\" target=\"_blank\" rel=\"noopener\"><strong>Les favoris du contre-la-montre hommes des championnats du monde<\/strong><\/a><\/li>\n<\/ul>\n<h2 style=\"text-align: justify;\">Parcours du contre-la-montre hommes des championnats du monde 2023<\/h2>\n<p style=\"text-align: justify;\">Le contre-la-montre s&rsquo;effectuera sur un parcours long de 47,8 kilom\u00e8tres autour de <strong>Stirling<\/strong>, id\u00e9al pour les sp\u00e9cialistes de l&rsquo;effort solitaire. Cependant, quelques mont\u00e9es viendront casser le rythme avec notamment une mont\u00e9e finale.<\/p>\n<p style=\"text-align: justify;\">D&rsquo;abord, apr\u00e8s un d\u00e9part dans Stirling \u00e0 King&rsquo;s and Queen&rsquo;s Knot, sur les vestiges des jardins royaux, les coureurs emprunteront deux grandes lignes droites en prenant la direction de l&rsquo;ouest sur les 12 premiers kilom\u00e8tres sur des routes plates jusqu&rsquo;au premier temps interm\u00e9diaire.<\/p>\n<p style=\"text-align: justify;\">Ensuite, ce sera un faux plat montant de plus de 2 kilom\u00e8tres avec de grandes courbes avant de rejoindre <strong>Thornhill<\/strong> et retrouver de grandes lignes droites.<\/p>\n<p style=\"text-align: justify;\">Apr\u00e8s un \u00e9pingle \u00e0 gauche, ce sera le chemin du retour vers Stirling avec la premi\u00e8re bosse du parcours qui sera longue de 800 m\u00e8tres \u00e0 3,2 % \u00e0 <strong>Kitten<\/strong>.<\/p>\n<p style=\"text-align: justify;\">Puis, il y aura une descente d&rsquo;un kilom\u00e8tre pour retrouver une route rectiligne pour rejoindre le deuxi\u00e8me temps interm\u00e9diaire \u00e0 <strong>Leckie Road<\/strong> et une deuxi\u00e8me mont\u00e9e de 400 m\u00e8tres \u00e0 5 % de moyenne.<\/p>\n<p style=\"text-align: justify;\">Pour atteindre le troisi\u00e8me temps interm\u00e9diaire, la route deviendra un peu plus sinueuse avant une troisi\u00e8me mont\u00e9e, longue de 600 m\u00e8tres \u00e0 3,7 %.<\/p>\n<p style=\"text-align: justify;\">Enfin, les coureurs entreront dans <strong>Stirling<\/strong> pour aller vers le ch\u00e2teau avec une ultime c\u00f4te de moins d&rsquo;un kilom\u00e8tre \u00e0 5,8 % avec des pav\u00e9s avec des rampes \u00e0 plus de 7 % apr\u00e8s 200 m\u00e8tres de mont\u00e9e. Le ch\u00e2teau au sommet est l&rsquo;un des plus grands et des plus importants d&rsquo;\u00c9cosse.<\/p>\n<p><img loading=\"lazy\" decoding=\"async\" class=\"alignnone wp-image-406986 size-full\" src=\"https:\/\/dicodusport.fr\/blog\/wp-content\/uploads\/2023\/08\/Parcours-contre-la-montre-Glasgow-2023.jpg\" alt=\"\" width=\"640\" height=\"682\" srcset=\"https:\/\/dicodusport.fr\/blog\/wp-content\/uploads\/2023\/08\/Parcours-contre-la-montre-Glasgow-2023.jpg 640w, https:\/\/dicodusport.fr\/blog\/wp-content\/uploads\/2023\/08\/Parcours-contre-la-montre-Glasgow-2023-282x300.jpg 282w\" sizes=\"auto, (max-width: 640px) 100vw, 640px\" \/><\/p>\n<h2 style=\"text-align: justify;\">Palmar\u00e8s du contre-la-montre hommes depuis 2013<\/h2>\n<p style=\"text-align: justify;\">2022 &#8211; FOSS Tobias<\/p>\n<p style=\"text-align: justify;\">2021 &#8211; GANNA Filippo<\/p>\n<p style=\"text-align: justify;\">2020 &#8211; GANNA Filippo<\/p>\n<p style=\"text-align: justify;\">2019 &#8211; DENNIS Rohan<\/p>\n<p style=\"text-align: justify;\">2018 &#8211; DENNIS Rohan<\/p>\n<p style=\"text-align: justify;\">2017 &#8211; DUMOULIN Tom<\/p>\n<p style=\"text-align: justify;\">2016 &#8211; MARTIN Tony<\/p>\n<p style=\"text-align: justify;\">2015 &#8211; KIRYIENKA Vasil<\/p>\n<p style=\"text-align: justify;\">2014 &#8211; WIGGINS Bradley<\/p>\n<p style=\"text-align: justify;\">2013 &#8211; MARTIN Tony<\/p>\n<h2 style=\"text-align: justify;\">\u00c0 lire aussi<\/h2>\n<ul style=\"text-align: justify;\">\n<li style=\"text-align: justify;\"><a href=\"https:\/\/dicodusport.fr\/blog\/cyclisme-sur-route-programme-et-resultats-championnats-du-monde-2023\/\"><strong>Programme et r\u00e9sultats des championnats du monde de cyclisme 2023<\/strong><\/a><\/li>\n<li style=\"text-align: justify;\"><a href=\"https:\/\/dicodusport.fr\/blog\/mondiaux-cyclisme-2023-les-selections-sur-route-de-toutes-les-nations\/\"><strong>Les s\u00e9lections de toutes les nations pour les Mondiaux sur route 2023<\/strong><\/a><\/li>\n<\/ul>\n","protected":false},"excerpt":{"rendered":"<p>CHAMPIONNATS DU MONDE DE CYCLISME 2023 \u2013 Parcours et profil du contre-la-montre hommes des Mondiaux de cyclisme sur route \u00e0 Glasgow (\u00c9cosse).<\/p>\n","protected":false},"author":48,"featured_media":406955,"comment_status":"open","ping_status":"closed","sticky":false,"template":"","format":"standard","meta":{"_acf_changed":false,"_daextam_enable_autolinks":"","footnotes":""},"categories":[2307],"tags":[16878,5328],"class_list":["post-406335","post","type-post","status-publish","format-standard","has-post-thumbnail","hentry","category-cyclisme","tag-breve","tag-contre-la-montre"],"acf":[],"yoast_head":"<!-- This site is optimized with the Yoast SEO Premium plugin v26.7 (Yoast SEO v26.7) - https:\/\/yoast.com\/wordpress\/plugins\/seo\/ -->\n<title>Cyclisme Championnats du monde 2023 : Parcours et profil Contre-la-montre hommes<\/title>\n<meta name=\"description\" content=\"CHAMPIONNATS DU MONDE DE CYCLISME 2023 \u2013 Parcours et profil du contre-la-montre hommes des Mondiaux de cyclisme sur route \u00e0 Glasgow (\u00c9cosse).\" \/>\n<meta name=\"robots\" content=\"index, follow, max-snippet:-1, max-image-preview:large, max-video-preview:-1\" \/>\n<link rel=\"canonical\" href=\"https:\/\/dicodusport.fr\/blog\/cyclisme-championnats-du-monde-2023-parcours-et-profil-contre-la-montre-hommes\/\" \/>\n<meta property=\"og:locale\" content=\"fr_FR\" \/>\n<meta property=\"og:type\" content=\"article\" \/>\n<meta property=\"og:title\" content=\"Cyclisme Championnats du monde 2023 : Parcours et profil Contre-la-montre hommes\" \/>\n<meta property=\"og:description\" content=\"CHAMPIONNATS DU MONDE DE CYCLISME 2023 \u2013 Parcours et profil du contre-la-montre hommes des Mondiaux de cyclisme sur route \u00e0 Glasgow (\u00c9cosse).\" \/>\n<meta property=\"og:url\" content=\"https:\/\/dicodusport.fr\/blog\/cyclisme-championnats-du-monde-2023-parcours-et-profil-contre-la-montre-hommes\/\" \/>\n<meta property=\"og:site_name\" content=\"Dicodusport\" \/>\n<meta property=\"article:publisher\" content=\"https:\/\/www.facebook.com\/dicodusport\" \/>\n<meta property=\"article:author\" content=\"https:\/\/www.facebook.com\/groups\/LesRoisDuPeloton\" \/>\n<meta property=\"article:published_time\" content=\"2023-08-11T06:20:28+00:00\" \/>\n<meta property=\"article:modified_time\" content=\"2023-08-11T06:20:44+00:00\" \/>\n<meta property=\"og:image\" content=\"https:\/\/dicodusport.fr\/blog\/wp-content\/uploads\/2023\/08\/Cyclisme-Championnats-du-monde-2023-Parcours-et-profil-Contre-la-montre-hommes.png\" \/>\n\t<meta property=\"og:image:width\" content=\"800\" \/>\n\t<meta property=\"og:image:height\" content=\"445\" \/>\n\t<meta property=\"og:image:type\" content=\"image\/png\" \/>\n<meta name=\"author\" content=\"Emilien Descampiaux\" \/>\n<meta name=\"twitter:card\" content=\"summary_large_image\" \/>\n<meta name=\"twitter:title\" content=\"Cyclisme Championnats du monde 2023 : Parcours et profil Contre-la-montre hommes\" \/>\n<meta name=\"twitter:creator\" content=\"@https:\/\/twitter.com\/LRoisDuPeloton\" \/>\n<meta name=\"twitter:site\" content=\"@dicodusport\" \/>\n<script type=\"application\/ld+json\" class=\"yoast-schema-graph\">{\"@context\":\"https:\/\/schema.org\",\"@graph\":[{\"@type\":\"NewsArticle\",\"@id\":\"https:\/\/dicodusport.fr\/blog\/cyclisme-championnats-du-monde-2023-parcours-et-profil-contre-la-montre-hommes\/#article\",\"isPartOf\":{\"@id\":\"https:\/\/dicodusport.fr\/blog\/cyclisme-championnats-du-monde-2023-parcours-et-profil-contre-la-montre-hommes\/\"},\"author\":{\"name\":\"Emilien Descampiaux\",\"@id\":\"https:\/\/dicodusport.fr\/blog\/#\/schema\/person\/6db4bae06b171592211be385b32876a7\"},\"headline\":\"Cyclisme Championnats du monde 2023 : Parcours et profil Contre-la-montre hommes\",\"datePublished\":\"2023-08-11T06:20:28+00:00\",\"dateModified\":\"2023-08-11T06:20:44+00:00\",\"mainEntityOfPage\":{\"@id\":\"https:\/\/dicodusport.fr\/blog\/cyclisme-championnats-du-monde-2023-parcours-et-profil-contre-la-montre-hommes\/\"},\"wordCount\":398,\"commentCount\":0,\"publisher\":{\"@id\":\"https:\/\/dicodusport.fr\/blog\/#organization\"},\"image\":{\"@id\":\"https:\/\/dicodusport.fr\/blog\/cyclisme-championnats-du-monde-2023-parcours-et-profil-contre-la-montre-hommes\/#primaryimage\"},\"thumbnailUrl\":\"https:\/\/dicodusport.fr\/blog\/wp-content\/uploads\/2023\/08\/Cyclisme-Championnats-du-monde-2023-Parcours-et-profil-Contre-la-montre-hommes.png\",\"keywords\":[\"br\u00e8ve\",\"contre-la-montre\"],\"articleSection\":[\"Cyclisme\"],\"inLanguage\":\"fr-FR\",\"potentialAction\":[{\"@type\":\"CommentAction\",\"name\":\"Comment\",\"target\":[\"https:\/\/dicodusport.fr\/blog\/cyclisme-championnats-du-monde-2023-parcours-et-profil-contre-la-montre-hommes\/#respond\"]}],\"copyrightYear\":\"2023\",\"copyrightHolder\":{\"@id\":\"https:\/\/dicodusport.fr\/blog\/#organization\"}},{\"@type\":\"WebPage\",\"@id\":\"https:\/\/dicodusport.fr\/blog\/cyclisme-championnats-du-monde-2023-parcours-et-profil-contre-la-montre-hommes\/\",\"url\":\"https:\/\/dicodusport.fr\/blog\/cyclisme-championnats-du-monde-2023-parcours-et-profil-contre-la-montre-hommes\/\",\"name\":\"Cyclisme Championnats du monde 2023 : Parcours et profil Contre-la-montre hommes\",\"isPartOf\":{\"@id\":\"https:\/\/dicodusport.fr\/blog\/#website\"},\"primaryImageOfPage\":{\"@id\":\"https:\/\/dicodusport.fr\/blog\/cyclisme-championnats-du-monde-2023-parcours-et-profil-contre-la-montre-hommes\/#primaryimage\"},\"image\":{\"@id\":\"https:\/\/dicodusport.fr\/blog\/cyclisme-championnats-du-monde-2023-parcours-et-profil-contre-la-montre-hommes\/#primaryimage\"},\"thumbnailUrl\":\"https:\/\/dicodusport.fr\/blog\/wp-content\/uploads\/2023\/08\/Cyclisme-Championnats-du-monde-2023-Parcours-et-profil-Contre-la-montre-hommes.png\",\"datePublished\":\"2023-08-11T06:20:28+00:00\",\"dateModified\":\"2023-08-11T06:20:44+00:00\",\"description\":\"CHAMPIONNATS DU MONDE DE CYCLISME 2023 \u2013 Parcours et profil du contre-la-montre hommes des Mondiaux de cyclisme sur route \u00e0 Glasgow (\u00c9cosse).\",\"breadcrumb\":{\"@id\":\"https:\/\/dicodusport.fr\/blog\/cyclisme-championnats-du-monde-2023-parcours-et-profil-contre-la-montre-hommes\/#breadcrumb\"},\"inLanguage\":\"fr-FR\",\"potentialAction\":[{\"@type\":\"ReadAction\",\"target\":[\"https:\/\/dicodusport.fr\/blog\/cyclisme-championnats-du-monde-2023-parcours-et-profil-contre-la-montre-hommes\/\"]}]},{\"@type\":\"ImageObject\",\"inLanguage\":\"fr-FR\",\"@id\":\"https:\/\/dicodusport.fr\/blog\/cyclisme-championnats-du-monde-2023-parcours-et-profil-contre-la-montre-hommes\/#primaryimage\",\"url\":\"https:\/\/dicodusport.fr\/blog\/wp-content\/uploads\/2023\/08\/Cyclisme-Championnats-du-monde-2023-Parcours-et-profil-Contre-la-montre-hommes.png\",\"contentUrl\":\"https:\/\/dicodusport.fr\/blog\/wp-content\/uploads\/2023\/08\/Cyclisme-Championnats-du-monde-2023-Parcours-et-profil-Contre-la-montre-hommes.png\",\"width\":800,\"height\":445,\"caption\":\"Cyclisme Championnats du monde 2023 Parcours et profil Contre-la-montre hommes\"},{\"@type\":\"BreadcrumbList\",\"@id\":\"https:\/\/dicodusport.fr\/blog\/cyclisme-championnats-du-monde-2023-parcours-et-profil-contre-la-montre-hommes\/#breadcrumb\",\"itemListElement\":[{\"@type\":\"ListItem\",\"position\":1,\"name\":\"Accueil\",\"item\":\"https:\/\/dicodusport.fr\/blog\/\"},{\"@type\":\"ListItem\",\"position\":2,\"name\":\"Cyclisme Championnats du monde 2023 : Parcours et profil Contre-la-montre hommes\"}]},{\"@type\":\"WebSite\",\"@id\":\"https:\/\/dicodusport.fr\/blog\/#website\",\"url\":\"https:\/\/dicodusport.fr\/blog\/\",\"name\":\"Dicodusport\",\"description\":\"L&#039;encyclop\u00e9die de l&#039;actualit\u00e9 sportive\",\"publisher\":{\"@id\":\"https:\/\/dicodusport.fr\/blog\/#organization\"},\"potentialAction\":[{\"@type\":\"SearchAction\",\"target\":{\"@type\":\"EntryPoint\",\"urlTemplate\":\"https:\/\/dicodusport.fr\/blog\/?s={search_term_string}\"},\"query-input\":{\"@type\":\"PropertyValueSpecification\",\"valueRequired\":true,\"valueName\":\"search_term_string\"}}],\"inLanguage\":\"fr-FR\"},{\"@type\":\"NewsMediaOrganization\",\"@id\":\"https:\/\/dicodusport.fr\/blog\/#organization\",\"name\":\"Dicodusport\",\"url\":\"https:\/\/dicodusport.fr\/blog\/\",\"logo\":{\"@type\":\"ImageObject\",\"inLanguage\":\"fr-FR\",\"@id\":\"https:\/\/dicodusport.fr\/blog\/#\/schema\/logo\/image\/\",\"url\":\"https:\/\/dicodusport.fr\/blog\/wp-content\/uploads\/2020\/06\/cropped-LOGO-DICODUSPORT-2020-SANS-FOND-SANS-TEXTE.png\",\"contentUrl\":\"https:\/\/dicodusport.fr\/blog\/wp-content\/uploads\/2020\/06\/cropped-LOGO-DICODUSPORT-2020-SANS-FOND-SANS-TEXTE.png\",\"width\":512,\"height\":512,\"caption\":\"Dicodusport\"},\"image\":{\"@id\":\"https:\/\/dicodusport.fr\/blog\/#\/schema\/logo\/image\/\"},\"sameAs\":[\"https:\/\/www.facebook.com\/dicodusport\",\"https:\/\/x.com\/dicodusport\",\"https:\/\/www.instagram.com\/dicodusport\/\",\"https:\/\/www.youtube.com\/channel\/UC7V2KZ5sd3htJivAbA4ZG3w\"],\"description\":\"Dicodusport est l'encyclop\u00e9die de l'actualit\u00e9 sportive.\",\"email\":\"bonjour@dicodusport.fr\",\"legalName\":\"DICODUSPORT\",\"foundingDate\":\"2018-01-14\",\"vatID\":\"FR71834470973\",\"taxID\":\"83447097300043\",\"numberOfEmployees\":{\"@type\":\"QuantitativeValue\",\"minValue\":\"1\",\"maxValue\":\"10\"}},{\"@type\":\"Person\",\"@id\":\"https:\/\/dicodusport.fr\/blog\/#\/schema\/person\/6db4bae06b171592211be385b32876a7\",\"name\":\"Emilien Descampiaux\",\"image\":{\"@type\":\"ImageObject\",\"inLanguage\":\"fr-FR\",\"@id\":\"https:\/\/dicodusport.fr\/blog\/#\/schema\/person\/image\/\",\"url\":\"https:\/\/dicodusport.fr\/blog\/wp-content\/uploads\/2021\/05\/Emilien-Descampiaux-150x150.jpg\",\"contentUrl\":\"https:\/\/dicodusport.fr\/blog\/wp-content\/uploads\/2021\/05\/Emilien-Descampiaux-150x150.jpg\",\"caption\":\"Emilien Descampiaux\"},\"description\":\"Journaliste\/r\u00e9dacteur depuis 2014 - Fan de la classe de Frank Vandenbroucke, je vis cyclisme (et de ses paysages) depuis plus de 20 ans. Je suis tr\u00e8s impliqu\u00e9 sur mes diff\u00e9rents r\u00e9seaux sociaux pour partager ma passion sur le monde et l'Histoire de la bicyclette avec ma voix sur les images en noir et blanc du succ\u00e8s de Rik Van Steenbergen lors du Ronde sur le V\u00e9lodrome de Gand.\",\"sameAs\":[\"https:\/\/www.facebook.com\/groups\/LesRoisDuPeloton\",\"https:\/\/x.com\/https:\/\/twitter.com\/LRoisDuPeloton\"],\"url\":\"https:\/\/dicodusport.fr\/blog\/author\/emiliend\/\"}]}<\/script>\n<!-- \/ Yoast SEO Premium plugin. -->","yoast_head_json":{"title":"Cyclisme Championnats du monde 2023 : Parcours et profil Contre-la-montre hommes","description":"CHAMPIONNATS DU MONDE DE CYCLISME 2023 \u2013 Parcours et profil du contre-la-montre hommes des Mondiaux de cyclisme sur route \u00e0 Glasgow (\u00c9cosse).","robots":{"index":"index","follow":"follow","max-snippet":"max-snippet:-1","max-image-preview":"max-image-preview:large","max-video-preview":"max-video-preview:-1"},"canonical":"https:\/\/dicodusport.fr\/blog\/cyclisme-championnats-du-monde-2023-parcours-et-profil-contre-la-montre-hommes\/","og_locale":"fr_FR","og_type":"article","og_title":"Cyclisme Championnats du monde 2023 : Parcours et profil Contre-la-montre hommes","og_description":"CHAMPIONNATS DU MONDE DE CYCLISME 2023 \u2013 Parcours et profil du contre-la-montre hommes des Mondiaux de cyclisme sur route \u00e0 Glasgow (\u00c9cosse).","og_url":"https:\/\/dicodusport.fr\/blog\/cyclisme-championnats-du-monde-2023-parcours-et-profil-contre-la-montre-hommes\/","og_site_name":"Dicodusport","article_publisher":"https:\/\/www.facebook.com\/dicodusport","article_author":"https:\/\/www.facebook.com\/groups\/LesRoisDuPeloton","article_published_time":"2023-08-11T06:20:28+00:00","article_modified_time":"2023-08-11T06:20:44+00:00","og_image":[{"width":800,"height":445,"url":"https:\/\/dicodusport.fr\/blog\/wp-content\/uploads\/2023\/08\/Cyclisme-Championnats-du-monde-2023-Parcours-et-profil-Contre-la-montre-hommes.png","type":"image\/png"}],"author":"Emilien Descampiaux","twitter_card":"summary_large_image","twitter_title":"Cyclisme Championnats du monde 2023 : Parcours et profil Contre-la-montre hommes","twitter_creator":"@https:\/\/twitter.com\/LRoisDuPeloton","twitter_site":"@dicodusport","schema":{"@context":"https:\/\/schema.org","@graph":[{"@type":"NewsArticle","@id":"https:\/\/dicodusport.fr\/blog\/cyclisme-championnats-du-monde-2023-parcours-et-profil-contre-la-montre-hommes\/#article","isPartOf":{"@id":"https:\/\/dicodusport.fr\/blog\/cyclisme-championnats-du-monde-2023-parcours-et-profil-contre-la-montre-hommes\/"},"author":{"name":"Emilien Descampiaux","@id":"https:\/\/dicodusport.fr\/blog\/#\/schema\/person\/6db4bae06b171592211be385b32876a7"},"headline":"Cyclisme Championnats du monde 2023 : Parcours et profil Contre-la-montre hommes","datePublished":"2023-08-11T06:20:28+00:00","dateModified":"2023-08-11T06:20:44+00:00","mainEntityOfPage":{"@id":"https:\/\/dicodusport.fr\/blog\/cyclisme-championnats-du-monde-2023-parcours-et-profil-contre-la-montre-hommes\/"},"wordCount":398,"commentCount":0,"publisher":{"@id":"https:\/\/dicodusport.fr\/blog\/#organization"},"image":{"@id":"https:\/\/dicodusport.fr\/blog\/cyclisme-championnats-du-monde-2023-parcours-et-profil-contre-la-montre-hommes\/#primaryimage"},"thumbnailUrl":"https:\/\/dicodusport.fr\/blog\/wp-content\/uploads\/2023\/08\/Cyclisme-Championnats-du-monde-2023-Parcours-et-profil-Contre-la-montre-hommes.png","keywords":["br\u00e8ve","contre-la-montre"],"articleSection":["Cyclisme"],"inLanguage":"fr-FR","potentialAction":[{"@type":"CommentAction","name":"Comment","target":["https:\/\/dicodusport.fr\/blog\/cyclisme-championnats-du-monde-2023-parcours-et-profil-contre-la-montre-hommes\/#respond"]}],"copyrightYear":"2023","copyrightHolder":{"@id":"https:\/\/dicodusport.fr\/blog\/#organization"}},{"@type":"WebPage","@id":"https:\/\/dicodusport.fr\/blog\/cyclisme-championnats-du-monde-2023-parcours-et-profil-contre-la-montre-hommes\/","url":"https:\/\/dicodusport.fr\/blog\/cyclisme-championnats-du-monde-2023-parcours-et-profil-contre-la-montre-hommes\/","name":"Cyclisme Championnats du monde 2023 : Parcours et profil Contre-la-montre hommes","isPartOf":{"@id":"https:\/\/dicodusport.fr\/blog\/#website"},"primaryImageOfPage":{"@id":"https:\/\/dicodusport.fr\/blog\/cyclisme-championnats-du-monde-2023-parcours-et-profil-contre-la-montre-hommes\/#primaryimage"},"image":{"@id":"https:\/\/dicodusport.fr\/blog\/cyclisme-championnats-du-monde-2023-parcours-et-profil-contre-la-montre-hommes\/#primaryimage"},"thumbnailUrl":"https:\/\/dicodusport.fr\/blog\/wp-content\/uploads\/2023\/08\/Cyclisme-Championnats-du-monde-2023-Parcours-et-profil-Contre-la-montre-hommes.png","datePublished":"2023-08-11T06:20:28+00:00","dateModified":"2023-08-11T06:20:44+00:00","description":"CHAMPIONNATS DU MONDE DE CYCLISME 2023 \u2013 Parcours et profil du contre-la-montre hommes des Mondiaux de cyclisme sur route \u00e0 Glasgow (\u00c9cosse).","breadcrumb":{"@id":"https:\/\/dicodusport.fr\/blog\/cyclisme-championnats-du-monde-2023-parcours-et-profil-contre-la-montre-hommes\/#breadcrumb"},"inLanguage":"fr-FR","potentialAction":[{"@type":"ReadAction","target":["https:\/\/dicodusport.fr\/blog\/cyclisme-championnats-du-monde-2023-parcours-et-profil-contre-la-montre-hommes\/"]}]},{"@type":"ImageObject","inLanguage":"fr-FR","@id":"https:\/\/dicodusport.fr\/blog\/cyclisme-championnats-du-monde-2023-parcours-et-profil-contre-la-montre-hommes\/#primaryimage","url":"https:\/\/dicodusport.fr\/blog\/wp-content\/uploads\/2023\/08\/Cyclisme-Championnats-du-monde-2023-Parcours-et-profil-Contre-la-montre-hommes.png","contentUrl":"https:\/\/dicodusport.fr\/blog\/wp-content\/uploads\/2023\/08\/Cyclisme-Championnats-du-monde-2023-Parcours-et-profil-Contre-la-montre-hommes.png","width":800,"height":445,"caption":"Cyclisme Championnats du monde 2023 Parcours et profil Contre-la-montre hommes"},{"@type":"BreadcrumbList","@id":"https:\/\/dicodusport.fr\/blog\/cyclisme-championnats-du-monde-2023-parcours-et-profil-contre-la-montre-hommes\/#breadcrumb","itemListElement":[{"@type":"ListItem","position":1,"name":"Accueil","item":"https:\/\/dicodusport.fr\/blog\/"},{"@type":"ListItem","position":2,"name":"Cyclisme Championnats du monde 2023 : Parcours et profil Contre-la-montre hommes"}]},{"@type":"WebSite","@id":"https:\/\/dicodusport.fr\/blog\/#website","url":"https:\/\/dicodusport.fr\/blog\/","name":"Dicodusport","description":"L&#039;encyclop\u00e9die de l&#039;actualit\u00e9 sportive","publisher":{"@id":"https:\/\/dicodusport.fr\/blog\/#organization"},"potentialAction":[{"@type":"SearchAction","target":{"@type":"EntryPoint","urlTemplate":"https:\/\/dicodusport.fr\/blog\/?s={search_term_string}"},"query-input":{"@type":"PropertyValueSpecification","valueRequired":true,"valueName":"search_term_string"}}],"inLanguage":"fr-FR"},{"@type":"NewsMediaOrganization","@id":"https:\/\/dicodusport.fr\/blog\/#organization","name":"Dicodusport","url":"https:\/\/dicodusport.fr\/blog\/","logo":{"@type":"ImageObject","inLanguage":"fr-FR","@id":"https:\/\/dicodusport.fr\/blog\/#\/schema\/logo\/image\/","url":"https:\/\/dicodusport.fr\/blog\/wp-content\/uploads\/2020\/06\/cropped-LOGO-DICODUSPORT-2020-SANS-FOND-SANS-TEXTE.png","contentUrl":"https:\/\/dicodusport.fr\/blog\/wp-content\/uploads\/2020\/06\/cropped-LOGO-DICODUSPORT-2020-SANS-FOND-SANS-TEXTE.png","width":512,"height":512,"caption":"Dicodusport"},"image":{"@id":"https:\/\/dicodusport.fr\/blog\/#\/schema\/logo\/image\/"},"sameAs":["https:\/\/www.facebook.com\/dicodusport","https:\/\/x.com\/dicodusport","https:\/\/www.instagram.com\/dicodusport\/","https:\/\/www.youtube.com\/channel\/UC7V2KZ5sd3htJivAbA4ZG3w"],"description":"Dicodusport est l'encyclop\u00e9die de l'actualit\u00e9 sportive.","email":"bonjour@dicodusport.fr","legalName":"DICODUSPORT","foundingDate":"2018-01-14","vatID":"FR71834470973","taxID":"83447097300043","numberOfEmployees":{"@type":"QuantitativeValue","minValue":"1","maxValue":"10"}},{"@type":"Person","@id":"https:\/\/dicodusport.fr\/blog\/#\/schema\/person\/6db4bae06b171592211be385b32876a7","name":"Emilien Descampiaux","image":{"@type":"ImageObject","inLanguage":"fr-FR","@id":"https:\/\/dicodusport.fr\/blog\/#\/schema\/person\/image\/","url":"https:\/\/dicodusport.fr\/blog\/wp-content\/uploads\/2021\/05\/Emilien-Descampiaux-150x150.jpg","contentUrl":"https:\/\/dicodusport.fr\/blog\/wp-content\/uploads\/2021\/05\/Emilien-Descampiaux-150x150.jpg","caption":"Emilien Descampiaux"},"description":"Journaliste\/r\u00e9dacteur depuis 2014 - Fan de la classe de Frank Vandenbroucke, je vis cyclisme (et de ses paysages) depuis plus de 20 ans. Je suis tr\u00e8s impliqu\u00e9 sur mes diff\u00e9rents r\u00e9seaux sociaux pour partager ma passion sur le monde et l'Histoire de la bicyclette avec ma voix sur les images en noir et blanc du succ\u00e8s de Rik Van Steenbergen lors du Ronde sur le V\u00e9lodrome de Gand.","sameAs":["https:\/\/www.facebook.com\/groups\/LesRoisDuPeloton","https:\/\/x.com\/https:\/\/twitter.com\/LRoisDuPeloton"],"url":"https:\/\/dicodusport.fr\/blog\/author\/emiliend\/"}]}},"_links":{"self":[{"href":"https:\/\/dicodusport.fr\/blog\/wp-json\/wp\/v2\/posts\/406335","targetHints":{"allow":["GET"]}}],"collection":[{"href":"https:\/\/dicodusport.fr\/blog\/wp-json\/wp\/v2\/posts"}],"about":[{"href":"https:\/\/dicodusport.fr\/blog\/wp-json\/wp\/v2\/types\/post"}],"author":[{"embeddable":true,"href":"https:\/\/dicodusport.fr\/blog\/wp-json\/wp\/v2\/users\/48"}],"replies":[{"embeddable":true,"href":"https:\/\/dicodusport.fr\/blog\/wp-json\/wp\/v2\/comments?post=406335"}],"version-history":[{"count":0,"href":"https:\/\/dicodusport.fr\/blog\/wp-json\/wp\/v2\/posts\/406335\/revisions"}],"wp:featuredmedia":[{"embeddable":true,"href":"https:\/\/dicodusport.fr\/blog\/wp-json\/wp\/v2\/media\/406955"}],"wp:attachment":[{"href":"https:\/\/dicodusport.fr\/blog\/wp-json\/wp\/v2\/media?parent=406335"}],"wp:term":[{"taxonomy":"category","embeddable":true,"href":"https:\/\/dicodusport.fr\/blog\/wp-json\/wp\/v2\/categories?post=406335"},{"taxonomy":"post_tag","embeddable":true,"href":"https:\/\/dicodusport.fr\/blog\/wp-json\/wp\/v2\/tags?post=406335"}],"curies":[{"name":"wp","href":"https:\/\/api.w.org\/{rel}","templated":true}]}}