{"id":406480,"date":"2023-08-06T21:43:03","date_gmt":"2023-08-06T19:43:03","guid":{"rendered":"https:\/\/dicodusport.fr\/blog\/?p=406480&#038;preview=true&#038;preview_id=406480"},"modified":"2023-08-07T00:25:00","modified_gmt":"2023-08-06T22:25:00","slug":"mondiaux-de-paracyclisme-sur-piste-2023-kevin-le-cunff-decroche-lor-sur-lomnium","status":"publish","type":"post","link":"https:\/\/dicodusport.fr\/blog\/mondiaux-de-paracyclisme-sur-piste-2023-kevin-le-cunff-decroche-lor-sur-lomnium\/","title":{"rendered":"Mondiaux de paracyclisme sur piste 2023 : K\u00e9vin Le Cunff d\u00e9croche l&rsquo;or sur l&rsquo;omnium"},"content":{"rendered":"<p style=\"text-align: justify;\"><strong><em><a href=\"https:\/\/dicodusport.fr\/blog\/?s=championnats+du+monde+paracyclisme\">CHAMPIONNATS DU MONDE DE PARACYCLISME SUR PISTE 2023<\/a> \u2013 D\u00e9j\u00e0 titr\u00e9 en poursuite individuelle dans la semaine, K\u00e9vin Le Cunff a fait la passe de deux ! Sur l&rsquo;omnium, le Tricolore s&rsquo;est empar\u00e9 de l&rsquo;or.\u00a0<\/em><\/strong><\/p>\n<p style=\"text-align: justify;\">Il y a trois jours, il d\u00e9crochait son premier titre mondial sur piste. Trois jours plus tard, le voil\u00e0 qui r\u00e9cidive ! \u00c0 <strong>Glasgow<\/strong>,<strong> K\u00e9vin Le Cunff<\/strong> se sent comme un poisson dans l&rsquo;eau. Apr\u00e8s la poursuite individuelle, le Dunkerquois a cette fois-ci domin\u00e9 l&rsquo;<strong>omnium<\/strong>, et ce malgr\u00e9 une 4e place d\u00e9cevante sur le scratch. Gr\u00e2ce \u00e0 ses performance sur les autres disciplines (poursuite, kilom\u00e8tre, 200 m\u00e8tres), il a surpass\u00e9 la concurrence pour se hisser au sommet du podium. De son c\u00f4t\u00e9,<strong> Gatien Le Rousseau<\/strong> a livr\u00e9 une belle prestation d&rsquo;ensemble, mais ne peut faire mieux qu&rsquo;une 5e place.<\/p>\n<blockquote class=\"twitter-tweet\">\n<p dir=\"ltr\" lang=\"fr\">DEUXI\u00c8ME TITRE POUR K\u00c9VIN LE CUNFF \ud83c\udf08\ud83c\udf08<br \/>\nMalgr\u00e9 un scratch compliqu\u00e9 avec une 4\u00e8me place, K\u00e9vin LE CUNFF devient champion du monde de l&rsquo;omnium C4. \ud83e\udd47( \ud835\udc43\ud835\udc5c\ud835\udc62\ud835\udc5f\ud835\udc60\ud835\udc62\ud835\udc56\ud835\udc61\ud835\udc52 &#8211; \ud835\udc3e\ud835\udc56\ud835\udc59\ud835\udc5c\ud835\udc5a\ud835\udc52\u0300\ud835\udc61\ud835\udc5f\ud835\udc52 &#8211; 200\ud835\udc5a &#8211; \ud835\udc46\ud835\udc50\ud835\udc5f\ud835\udc4e\ud835\udc61\ud835\udc50\u210e )<br \/>\nGatien Le Rousseau 5\u00e8me au scratch et \u00e0 l&rsquo;omnium. \ud83d\udc4f\ud83d\udc4f <a href=\"https:\/\/t.co\/KQzHLUFN0H\">pic.twitter.com\/KQzHLUFN0H<\/a><\/p>\n<p>\u2014 FFHandisport (@FFHandisport) <a href=\"https:\/\/twitter.com\/FFHandisport\/status\/1688267004350791680?ref_src=twsrc%5Etfw\">August 6, 2023<\/a><\/p><\/blockquote>\n<p><script async src=\"https:\/\/platform.twitter.com\/widgets.js\" charset=\"utf-8\"><\/script><\/p>\n","protected":false},"excerpt":{"rendered":"<p>MONDIAUX DE PARACYCLISME SUR PISTE 2023 &#8211; K\u00e9vin Le Cunff a remport\u00e9 la m\u00e9daille d&rsquo;or sur l&rsquo;omnium ce dimanche.<\/p>\n","protected":false},"author":55,"featured_media":406482,"comment_status":"open","ping_status":"closed","sticky":false,"template":"","format":"standard","meta":{"_acf_changed":false,"_daextam_enable_autolinks":"","footnotes":""},"categories":[2307,5753],"tags":[16878,17374,17289,18877],"class_list":["post-406480","post","type-post","status-publish","format-standard","has-post-thumbnail","hentry","category-cyclisme","category-handisport","tag-breve","tag-championnats-du-monde-cyclisme-handisport","tag-cyclisme-handisport","tag-kevin-le-cunff"],"acf":[],"yoast_head":"<!-- This site is optimized with the Yoast SEO Premium plugin v26.7 (Yoast SEO v26.7) - https:\/\/yoast.com\/wordpress\/plugins\/seo\/ -->\n<title>Mondiaux de paracyclisme sur piste 2023 : K\u00e9vin Le Cunff d\u00e9croche l&#039;or sur l&#039;omnium<\/title>\n<meta name=\"description\" content=\"MONDIAUX DE PARACYCLISME SUR PISTE 2023 - K\u00e9vin Le Cunff a remport\u00e9 la m\u00e9daille d&#039;or sur l&#039;omnium ce dimanche.\" \/>\n<meta name=\"robots\" content=\"index, follow, max-snippet:-1, max-image-preview:large, max-video-preview:-1\" \/>\n<link rel=\"canonical\" href=\"https:\/\/dicodusport.fr\/blog\/mondiaux-de-paracyclisme-sur-piste-2023-kevin-le-cunff-decroche-lor-sur-lomnium\/\" \/>\n<meta property=\"og:locale\" content=\"fr_FR\" \/>\n<meta property=\"og:type\" content=\"article\" \/>\n<meta property=\"og:title\" content=\"Mondiaux de paracyclisme sur piste 2023 : K\u00e9vin Le Cunff d\u00e9croche l&#039;or sur l&#039;omnium\" \/>\n<meta property=\"og:description\" content=\"MONDIAUX DE PARACYCLISME SUR PISTE 2023 - K\u00e9vin Le Cunff a remport\u00e9 la m\u00e9daille d&#039;or sur l&#039;omnium ce dimanche.\" \/>\n<meta property=\"og:url\" content=\"https:\/\/dicodusport.fr\/blog\/mondiaux-de-paracyclisme-sur-piste-2023-kevin-le-cunff-decroche-lor-sur-lomnium\/\" \/>\n<meta property=\"og:site_name\" content=\"Dicodusport\" \/>\n<meta property=\"article:publisher\" content=\"https:\/\/www.facebook.com\/dicodusport\" \/>\n<meta property=\"article:published_time\" content=\"2023-08-06T19:43:03+00:00\" \/>\n<meta property=\"article:modified_time\" content=\"2023-08-06T22:25:00+00:00\" \/>\n<meta property=\"og:image\" content=\"https:\/\/dicodusport.fr\/blog\/wp-content\/uploads\/2023\/08\/Mondiaux-de-paracyclisme-sur-piste-2023-Kevin-Le-Cunff-decroche-lor-sur-lomnium.png\" \/>\n\t<meta property=\"og:image:width\" content=\"800\" \/>\n\t<meta property=\"og:image:height\" content=\"445\" \/>\n\t<meta property=\"og:image:type\" content=\"image\/png\" \/>\n<meta name=\"author\" content=\"Maxime Cazenave\" \/>\n<meta name=\"twitter:card\" content=\"summary_large_image\" \/>\n<meta name=\"twitter:title\" content=\"Mondiaux de paracyclisme sur piste 2023 : K\u00e9vin Le Cunff d\u00e9croche l&#039;or sur l&#039;omnium\" \/>\n<meta name=\"twitter:creator\" content=\"@https:\/\/twitter.com\/Maxime_Caze\" \/>\n<meta name=\"twitter:site\" content=\"@dicodusport\" \/>\n<script type=\"application\/ld+json\" class=\"yoast-schema-graph\">{\"@context\":\"https:\/\/schema.org\",\"@graph\":[{\"@type\":\"NewsArticle\",\"@id\":\"https:\/\/dicodusport.fr\/blog\/mondiaux-de-paracyclisme-sur-piste-2023-kevin-le-cunff-decroche-lor-sur-lomnium\/#article\",\"isPartOf\":{\"@id\":\"https:\/\/dicodusport.fr\/blog\/mondiaux-de-paracyclisme-sur-piste-2023-kevin-le-cunff-decroche-lor-sur-lomnium\/\"},\"author\":{\"name\":\"Maxime Cazenave\",\"@id\":\"https:\/\/dicodusport.fr\/blog\/#\/schema\/person\/37def232098a7a5cbab3974a3690abb0\"},\"headline\":\"Mondiaux de paracyclisme sur piste 2023 : K\u00e9vin Le Cunff d\u00e9croche l&rsquo;or sur l&rsquo;omnium\",\"datePublished\":\"2023-08-06T19:43:03+00:00\",\"dateModified\":\"2023-08-06T22:25:00+00:00\",\"mainEntityOfPage\":{\"@id\":\"https:\/\/dicodusport.fr\/blog\/mondiaux-de-paracyclisme-sur-piste-2023-kevin-le-cunff-decroche-lor-sur-lomnium\/\"},\"wordCount\":209,\"commentCount\":0,\"publisher\":{\"@id\":\"https:\/\/dicodusport.fr\/blog\/#organization\"},\"image\":{\"@id\":\"https:\/\/dicodusport.fr\/blog\/mondiaux-de-paracyclisme-sur-piste-2023-kevin-le-cunff-decroche-lor-sur-lomnium\/#primaryimage\"},\"thumbnailUrl\":\"https:\/\/dicodusport.fr\/blog\/wp-content\/uploads\/2023\/08\/Mondiaux-de-paracyclisme-sur-piste-2023-Kevin-Le-Cunff-decroche-lor-sur-lomnium.png\",\"keywords\":[\"br\u00e8ve\",\"championnats du monde cyclisme handisport\",\"Cyclisme handisport\",\"Kevin Le Cunff\"],\"articleSection\":[\"Cyclisme\",\"Handisport\"],\"inLanguage\":\"fr-FR\",\"potentialAction\":[{\"@type\":\"CommentAction\",\"name\":\"Comment\",\"target\":[\"https:\/\/dicodusport.fr\/blog\/mondiaux-de-paracyclisme-sur-piste-2023-kevin-le-cunff-decroche-lor-sur-lomnium\/#respond\"]}],\"copyrightYear\":\"2023\",\"copyrightHolder\":{\"@id\":\"https:\/\/dicodusport.fr\/blog\/#organization\"}},{\"@type\":\"WebPage\",\"@id\":\"https:\/\/dicodusport.fr\/blog\/mondiaux-de-paracyclisme-sur-piste-2023-kevin-le-cunff-decroche-lor-sur-lomnium\/\",\"url\":\"https:\/\/dicodusport.fr\/blog\/mondiaux-de-paracyclisme-sur-piste-2023-kevin-le-cunff-decroche-lor-sur-lomnium\/\",\"name\":\"Mondiaux de paracyclisme sur piste 2023 : K\u00e9vin Le Cunff d\u00e9croche l'or sur l'omnium\",\"isPartOf\":{\"@id\":\"https:\/\/dicodusport.fr\/blog\/#website\"},\"primaryImageOfPage\":{\"@id\":\"https:\/\/dicodusport.fr\/blog\/mondiaux-de-paracyclisme-sur-piste-2023-kevin-le-cunff-decroche-lor-sur-lomnium\/#primaryimage\"},\"image\":{\"@id\":\"https:\/\/dicodusport.fr\/blog\/mondiaux-de-paracyclisme-sur-piste-2023-kevin-le-cunff-decroche-lor-sur-lomnium\/#primaryimage\"},\"thumbnailUrl\":\"https:\/\/dicodusport.fr\/blog\/wp-content\/uploads\/2023\/08\/Mondiaux-de-paracyclisme-sur-piste-2023-Kevin-Le-Cunff-decroche-lor-sur-lomnium.png\",\"datePublished\":\"2023-08-06T19:43:03+00:00\",\"dateModified\":\"2023-08-06T22:25:00+00:00\",\"description\":\"MONDIAUX DE PARACYCLISME SUR PISTE 2023 - K\u00e9vin Le Cunff a remport\u00e9 la m\u00e9daille d'or sur l'omnium ce dimanche.\",\"breadcrumb\":{\"@id\":\"https:\/\/dicodusport.fr\/blog\/mondiaux-de-paracyclisme-sur-piste-2023-kevin-le-cunff-decroche-lor-sur-lomnium\/#breadcrumb\"},\"inLanguage\":\"fr-FR\",\"potentialAction\":[{\"@type\":\"ReadAction\",\"target\":[\"https:\/\/dicodusport.fr\/blog\/mondiaux-de-paracyclisme-sur-piste-2023-kevin-le-cunff-decroche-lor-sur-lomnium\/\"]}]},{\"@type\":\"ImageObject\",\"inLanguage\":\"fr-FR\",\"@id\":\"https:\/\/dicodusport.fr\/blog\/mondiaux-de-paracyclisme-sur-piste-2023-kevin-le-cunff-decroche-lor-sur-lomnium\/#primaryimage\",\"url\":\"https:\/\/dicodusport.fr\/blog\/wp-content\/uploads\/2023\/08\/Mondiaux-de-paracyclisme-sur-piste-2023-Kevin-Le-Cunff-decroche-lor-sur-lomnium.png\",\"contentUrl\":\"https:\/\/dicodusport.fr\/blog\/wp-content\/uploads\/2023\/08\/Mondiaux-de-paracyclisme-sur-piste-2023-Kevin-Le-Cunff-decroche-lor-sur-lomnium.png\",\"width\":800,\"height\":445,\"caption\":\"Mondiaux de paracyclisme sur piste 2023 : Kevin Le Cunff d\u00e9croche l'or sur l'omnium\"},{\"@type\":\"BreadcrumbList\",\"@id\":\"https:\/\/dicodusport.fr\/blog\/mondiaux-de-paracyclisme-sur-piste-2023-kevin-le-cunff-decroche-lor-sur-lomnium\/#breadcrumb\",\"itemListElement\":[{\"@type\":\"ListItem\",\"position\":1,\"name\":\"Accueil\",\"item\":\"https:\/\/dicodusport.fr\/blog\/\"},{\"@type\":\"ListItem\",\"position\":2,\"name\":\"Mondiaux de paracyclisme sur piste 2023 : K\u00e9vin Le Cunff d\u00e9croche l&rsquo;or sur l&rsquo;omnium\"}]},{\"@type\":\"WebSite\",\"@id\":\"https:\/\/dicodusport.fr\/blog\/#website\",\"url\":\"https:\/\/dicodusport.fr\/blog\/\",\"name\":\"Dicodusport\",\"description\":\"L&#039;encyclop\u00e9die de l&#039;actualit\u00e9 sportive\",\"publisher\":{\"@id\":\"https:\/\/dicodusport.fr\/blog\/#organization\"},\"potentialAction\":[{\"@type\":\"SearchAction\",\"target\":{\"@type\":\"EntryPoint\",\"urlTemplate\":\"https:\/\/dicodusport.fr\/blog\/?s={search_term_string}\"},\"query-input\":{\"@type\":\"PropertyValueSpecification\",\"valueRequired\":true,\"valueName\":\"search_term_string\"}}],\"inLanguage\":\"fr-FR\"},{\"@type\":\"NewsMediaOrganization\",\"@id\":\"https:\/\/dicodusport.fr\/blog\/#organization\",\"name\":\"Dicodusport\",\"url\":\"https:\/\/dicodusport.fr\/blog\/\",\"logo\":{\"@type\":\"ImageObject\",\"inLanguage\":\"fr-FR\",\"@id\":\"https:\/\/dicodusport.fr\/blog\/#\/schema\/logo\/image\/\",\"url\":\"https:\/\/dicodusport.fr\/blog\/wp-content\/uploads\/2020\/06\/cropped-LOGO-DICODUSPORT-2020-SANS-FOND-SANS-TEXTE.png\",\"contentUrl\":\"https:\/\/dicodusport.fr\/blog\/wp-content\/uploads\/2020\/06\/cropped-LOGO-DICODUSPORT-2020-SANS-FOND-SANS-TEXTE.png\",\"width\":512,\"height\":512,\"caption\":\"Dicodusport\"},\"image\":{\"@id\":\"https:\/\/dicodusport.fr\/blog\/#\/schema\/logo\/image\/\"},\"sameAs\":[\"https:\/\/www.facebook.com\/dicodusport\",\"https:\/\/x.com\/dicodusport\",\"https:\/\/www.instagram.com\/dicodusport\/\",\"https:\/\/www.youtube.com\/channel\/UC7V2KZ5sd3htJivAbA4ZG3w\"],\"description\":\"Dicodusport est l'encyclop\u00e9die de l'actualit\u00e9 sportive.\",\"email\":\"bonjour@dicodusport.fr\",\"legalName\":\"DICODUSPORT\",\"foundingDate\":\"2018-01-14\",\"vatID\":\"FR71834470973\",\"taxID\":\"83447097300043\",\"numberOfEmployees\":{\"@type\":\"QuantitativeValue\",\"minValue\":\"1\",\"maxValue\":\"10\"}},{\"@type\":\"Person\",\"@id\":\"https:\/\/dicodusport.fr\/blog\/#\/schema\/person\/37def232098a7a5cbab3974a3690abb0\",\"name\":\"Maxime Cazenave\",\"image\":{\"@type\":\"ImageObject\",\"inLanguage\":\"fr-FR\",\"@id\":\"https:\/\/dicodusport.fr\/blog\/#\/schema\/person\/image\/\",\"url\":\"https:\/\/dicodusport.fr\/blog\/wp-content\/uploads\/2021\/05\/Maxime-Cazenave-150x150.jpg\",\"contentUrl\":\"https:\/\/dicodusport.fr\/blog\/wp-content\/uploads\/2021\/05\/Maxime-Cazenave-150x150.jpg\",\"caption\":\"Maxime Cazenave\"},\"description\":\"Journaliste\/R\u00e9dacteur depuis 2012 - Berc\u00e9 par l\u2019amour des Girondins de Bordeaux, les \u00e9checs de Christophe Moreau sur le Tour de France sous l'\u00e8re Lance Armstrong et le fade-away l\u00e9tal de Dirk Nowitzki, ma passion d\u00e9vorante pour le sport a toujours \u00e9t\u00e9 un pan incontournable de ma vie. Transmettre ma passion \u00e0 l\u2019\u00e9crit a \u00e9t\u00e9 une transition naturelle. Suiveur assidu de basket et de hockey sur glace, je garde toujours un peu de place pour suivre le cyclisme, le football et le maximum de performances fran\u00e7aises.\",\"sameAs\":[\"https:\/\/x.com\/https:\/\/twitter.com\/Maxime_Caze\"],\"url\":\"https:\/\/dicodusport.fr\/blog\/author\/maximec\/\"}]}<\/script>\n<!-- \/ Yoast SEO Premium plugin. -->","yoast_head_json":{"title":"Mondiaux de paracyclisme sur piste 2023 : K\u00e9vin Le Cunff d\u00e9croche l'or sur l'omnium","description":"MONDIAUX DE PARACYCLISME SUR PISTE 2023 - K\u00e9vin Le Cunff a remport\u00e9 la m\u00e9daille d'or sur l'omnium ce dimanche.","robots":{"index":"index","follow":"follow","max-snippet":"max-snippet:-1","max-image-preview":"max-image-preview:large","max-video-preview":"max-video-preview:-1"},"canonical":"https:\/\/dicodusport.fr\/blog\/mondiaux-de-paracyclisme-sur-piste-2023-kevin-le-cunff-decroche-lor-sur-lomnium\/","og_locale":"fr_FR","og_type":"article","og_title":"Mondiaux de paracyclisme sur piste 2023 : K\u00e9vin Le Cunff d\u00e9croche l'or sur l'omnium","og_description":"MONDIAUX DE PARACYCLISME SUR PISTE 2023 - K\u00e9vin Le Cunff a remport\u00e9 la m\u00e9daille d'or sur l'omnium ce dimanche.","og_url":"https:\/\/dicodusport.fr\/blog\/mondiaux-de-paracyclisme-sur-piste-2023-kevin-le-cunff-decroche-lor-sur-lomnium\/","og_site_name":"Dicodusport","article_publisher":"https:\/\/www.facebook.com\/dicodusport","article_published_time":"2023-08-06T19:43:03+00:00","article_modified_time":"2023-08-06T22:25:00+00:00","og_image":[{"width":800,"height":445,"url":"https:\/\/dicodusport.fr\/blog\/wp-content\/uploads\/2023\/08\/Mondiaux-de-paracyclisme-sur-piste-2023-Kevin-Le-Cunff-decroche-lor-sur-lomnium.png","type":"image\/png"}],"author":"Maxime Cazenave","twitter_card":"summary_large_image","twitter_title":"Mondiaux de paracyclisme sur piste 2023 : K\u00e9vin Le Cunff d\u00e9croche l'or sur l'omnium","twitter_creator":"@https:\/\/twitter.com\/Maxime_Caze","twitter_site":"@dicodusport","schema":{"@context":"https:\/\/schema.org","@graph":[{"@type":"NewsArticle","@id":"https:\/\/dicodusport.fr\/blog\/mondiaux-de-paracyclisme-sur-piste-2023-kevin-le-cunff-decroche-lor-sur-lomnium\/#article","isPartOf":{"@id":"https:\/\/dicodusport.fr\/blog\/mondiaux-de-paracyclisme-sur-piste-2023-kevin-le-cunff-decroche-lor-sur-lomnium\/"},"author":{"name":"Maxime Cazenave","@id":"https:\/\/dicodusport.fr\/blog\/#\/schema\/person\/37def232098a7a5cbab3974a3690abb0"},"headline":"Mondiaux de paracyclisme sur piste 2023 : K\u00e9vin Le Cunff d\u00e9croche l&rsquo;or sur l&rsquo;omnium","datePublished":"2023-08-06T19:43:03+00:00","dateModified":"2023-08-06T22:25:00+00:00","mainEntityOfPage":{"@id":"https:\/\/dicodusport.fr\/blog\/mondiaux-de-paracyclisme-sur-piste-2023-kevin-le-cunff-decroche-lor-sur-lomnium\/"},"wordCount":209,"commentCount":0,"publisher":{"@id":"https:\/\/dicodusport.fr\/blog\/#organization"},"image":{"@id":"https:\/\/dicodusport.fr\/blog\/mondiaux-de-paracyclisme-sur-piste-2023-kevin-le-cunff-decroche-lor-sur-lomnium\/#primaryimage"},"thumbnailUrl":"https:\/\/dicodusport.fr\/blog\/wp-content\/uploads\/2023\/08\/Mondiaux-de-paracyclisme-sur-piste-2023-Kevin-Le-Cunff-decroche-lor-sur-lomnium.png","keywords":["br\u00e8ve","championnats du monde cyclisme handisport","Cyclisme handisport","Kevin Le Cunff"],"articleSection":["Cyclisme","Handisport"],"inLanguage":"fr-FR","potentialAction":[{"@type":"CommentAction","name":"Comment","target":["https:\/\/dicodusport.fr\/blog\/mondiaux-de-paracyclisme-sur-piste-2023-kevin-le-cunff-decroche-lor-sur-lomnium\/#respond"]}],"copyrightYear":"2023","copyrightHolder":{"@id":"https:\/\/dicodusport.fr\/blog\/#organization"}},{"@type":"WebPage","@id":"https:\/\/dicodusport.fr\/blog\/mondiaux-de-paracyclisme-sur-piste-2023-kevin-le-cunff-decroche-lor-sur-lomnium\/","url":"https:\/\/dicodusport.fr\/blog\/mondiaux-de-paracyclisme-sur-piste-2023-kevin-le-cunff-decroche-lor-sur-lomnium\/","name":"Mondiaux de paracyclisme sur piste 2023 : K\u00e9vin Le Cunff d\u00e9croche l'or sur l'omnium","isPartOf":{"@id":"https:\/\/dicodusport.fr\/blog\/#website"},"primaryImageOfPage":{"@id":"https:\/\/dicodusport.fr\/blog\/mondiaux-de-paracyclisme-sur-piste-2023-kevin-le-cunff-decroche-lor-sur-lomnium\/#primaryimage"},"image":{"@id":"https:\/\/dicodusport.fr\/blog\/mondiaux-de-paracyclisme-sur-piste-2023-kevin-le-cunff-decroche-lor-sur-lomnium\/#primaryimage"},"thumbnailUrl":"https:\/\/dicodusport.fr\/blog\/wp-content\/uploads\/2023\/08\/Mondiaux-de-paracyclisme-sur-piste-2023-Kevin-Le-Cunff-decroche-lor-sur-lomnium.png","datePublished":"2023-08-06T19:43:03+00:00","dateModified":"2023-08-06T22:25:00+00:00","description":"MONDIAUX DE PARACYCLISME SUR PISTE 2023 - K\u00e9vin Le Cunff a remport\u00e9 la m\u00e9daille d'or sur l'omnium ce dimanche.","breadcrumb":{"@id":"https:\/\/dicodusport.fr\/blog\/mondiaux-de-paracyclisme-sur-piste-2023-kevin-le-cunff-decroche-lor-sur-lomnium\/#breadcrumb"},"inLanguage":"fr-FR","potentialAction":[{"@type":"ReadAction","target":["https:\/\/dicodusport.fr\/blog\/mondiaux-de-paracyclisme-sur-piste-2023-kevin-le-cunff-decroche-lor-sur-lomnium\/"]}]},{"@type":"ImageObject","inLanguage":"fr-FR","@id":"https:\/\/dicodusport.fr\/blog\/mondiaux-de-paracyclisme-sur-piste-2023-kevin-le-cunff-decroche-lor-sur-lomnium\/#primaryimage","url":"https:\/\/dicodusport.fr\/blog\/wp-content\/uploads\/2023\/08\/Mondiaux-de-paracyclisme-sur-piste-2023-Kevin-Le-Cunff-decroche-lor-sur-lomnium.png","contentUrl":"https:\/\/dicodusport.fr\/blog\/wp-content\/uploads\/2023\/08\/Mondiaux-de-paracyclisme-sur-piste-2023-Kevin-Le-Cunff-decroche-lor-sur-lomnium.png","width":800,"height":445,"caption":"Mondiaux de paracyclisme sur piste 2023 : Kevin Le Cunff d\u00e9croche l'or sur l'omnium"},{"@type":"BreadcrumbList","@id":"https:\/\/dicodusport.fr\/blog\/mondiaux-de-paracyclisme-sur-piste-2023-kevin-le-cunff-decroche-lor-sur-lomnium\/#breadcrumb","itemListElement":[{"@type":"ListItem","position":1,"name":"Accueil","item":"https:\/\/dicodusport.fr\/blog\/"},{"@type":"ListItem","position":2,"name":"Mondiaux de paracyclisme sur piste 2023 : K\u00e9vin Le Cunff d\u00e9croche l&rsquo;or sur l&rsquo;omnium"}]},{"@type":"WebSite","@id":"https:\/\/dicodusport.fr\/blog\/#website","url":"https:\/\/dicodusport.fr\/blog\/","name":"Dicodusport","description":"L&#039;encyclop\u00e9die de l&#039;actualit\u00e9 sportive","publisher":{"@id":"https:\/\/dicodusport.fr\/blog\/#organization"},"potentialAction":[{"@type":"SearchAction","target":{"@type":"EntryPoint","urlTemplate":"https:\/\/dicodusport.fr\/blog\/?s={search_term_string}"},"query-input":{"@type":"PropertyValueSpecification","valueRequired":true,"valueName":"search_term_string"}}],"inLanguage":"fr-FR"},{"@type":"NewsMediaOrganization","@id":"https:\/\/dicodusport.fr\/blog\/#organization","name":"Dicodusport","url":"https:\/\/dicodusport.fr\/blog\/","logo":{"@type":"ImageObject","inLanguage":"fr-FR","@id":"https:\/\/dicodusport.fr\/blog\/#\/schema\/logo\/image\/","url":"https:\/\/dicodusport.fr\/blog\/wp-content\/uploads\/2020\/06\/cropped-LOGO-DICODUSPORT-2020-SANS-FOND-SANS-TEXTE.png","contentUrl":"https:\/\/dicodusport.fr\/blog\/wp-content\/uploads\/2020\/06\/cropped-LOGO-DICODUSPORT-2020-SANS-FOND-SANS-TEXTE.png","width":512,"height":512,"caption":"Dicodusport"},"image":{"@id":"https:\/\/dicodusport.fr\/blog\/#\/schema\/logo\/image\/"},"sameAs":["https:\/\/www.facebook.com\/dicodusport","https:\/\/x.com\/dicodusport","https:\/\/www.instagram.com\/dicodusport\/","https:\/\/www.youtube.com\/channel\/UC7V2KZ5sd3htJivAbA4ZG3w"],"description":"Dicodusport est l'encyclop\u00e9die de l'actualit\u00e9 sportive.","email":"bonjour@dicodusport.fr","legalName":"DICODUSPORT","foundingDate":"2018-01-14","vatID":"FR71834470973","taxID":"83447097300043","numberOfEmployees":{"@type":"QuantitativeValue","minValue":"1","maxValue":"10"}},{"@type":"Person","@id":"https:\/\/dicodusport.fr\/blog\/#\/schema\/person\/37def232098a7a5cbab3974a3690abb0","name":"Maxime Cazenave","image":{"@type":"ImageObject","inLanguage":"fr-FR","@id":"https:\/\/dicodusport.fr\/blog\/#\/schema\/person\/image\/","url":"https:\/\/dicodusport.fr\/blog\/wp-content\/uploads\/2021\/05\/Maxime-Cazenave-150x150.jpg","contentUrl":"https:\/\/dicodusport.fr\/blog\/wp-content\/uploads\/2021\/05\/Maxime-Cazenave-150x150.jpg","caption":"Maxime Cazenave"},"description":"Journaliste\/R\u00e9dacteur depuis 2012 - Berc\u00e9 par l\u2019amour des Girondins de Bordeaux, les \u00e9checs de Christophe Moreau sur le Tour de France sous l'\u00e8re Lance Armstrong et le fade-away l\u00e9tal de Dirk Nowitzki, ma passion d\u00e9vorante pour le sport a toujours \u00e9t\u00e9 un pan incontournable de ma vie. Transmettre ma passion \u00e0 l\u2019\u00e9crit a \u00e9t\u00e9 une transition naturelle. Suiveur assidu de basket et de hockey sur glace, je garde toujours un peu de place pour suivre le cyclisme, le football et le maximum de performances fran\u00e7aises.","sameAs":["https:\/\/x.com\/https:\/\/twitter.com\/Maxime_Caze"],"url":"https:\/\/dicodusport.fr\/blog\/author\/maximec\/"}]}},"_links":{"self":[{"href":"https:\/\/dicodusport.fr\/blog\/wp-json\/wp\/v2\/posts\/406480","targetHints":{"allow":["GET"]}}],"collection":[{"href":"https:\/\/dicodusport.fr\/blog\/wp-json\/wp\/v2\/posts"}],"about":[{"href":"https:\/\/dicodusport.fr\/blog\/wp-json\/wp\/v2\/types\/post"}],"author":[{"embeddable":true,"href":"https:\/\/dicodusport.fr\/blog\/wp-json\/wp\/v2\/users\/55"}],"replies":[{"embeddable":true,"href":"https:\/\/dicodusport.fr\/blog\/wp-json\/wp\/v2\/comments?post=406480"}],"version-history":[{"count":0,"href":"https:\/\/dicodusport.fr\/blog\/wp-json\/wp\/v2\/posts\/406480\/revisions"}],"wp:featuredmedia":[{"embeddable":true,"href":"https:\/\/dicodusport.fr\/blog\/wp-json\/wp\/v2\/media\/406482"}],"wp:attachment":[{"href":"https:\/\/dicodusport.fr\/blog\/wp-json\/wp\/v2\/media?parent=406480"}],"wp:term":[{"taxonomy":"category","embeddable":true,"href":"https:\/\/dicodusport.fr\/blog\/wp-json\/wp\/v2\/categories?post=406480"},{"taxonomy":"post_tag","embeddable":true,"href":"https:\/\/dicodusport.fr\/blog\/wp-json\/wp\/v2\/tags?post=406480"}],"curies":[{"name":"wp","href":"https:\/\/api.w.org\/{rel}","templated":true}]}}