{"id":406734,"date":"2023-08-08T09:04:10","date_gmt":"2023-08-08T07:04:10","guid":{"rendered":"https:\/\/dicodusport.fr\/blog\/?p=406734&#038;preview=true&#038;preview_id=406734"},"modified":"2023-08-08T09:28:05","modified_gmt":"2023-08-08T07:28:05","slug":"carnet-noir-federico-bahamontes-vainqueur-du-tour-1959-est-mort","status":"publish","type":"post","link":"https:\/\/dicodusport.fr\/blog\/carnet-noir-federico-bahamontes-vainqueur-du-tour-1959-est-mort\/","title":{"rendered":"Carnet noir : Federico Bahamontes, vainqueur du Tour 1959, est mort"},"content":{"rendered":"<p style=\"text-align: justify;\" align=\"justify\"><em><strong>CYCLISME &#8211; Federico Bahamontes est mort ce mardi matin \u00e0 l&rsquo;\u00e2ge de 95 ans. Le vainqueur du Tour 1959 \u00e9tait le plus vieux vainqueur du Tour en vie.<\/strong><\/em><\/p>\n<p style=\"text-align: justify;\" align=\"justify\"><strong>Federico Bahamontes<\/strong> n&rsquo;est plus de ce monde. Le plus vieux vainqueur du Tour de France, en 1959, est d\u00e9c\u00e9d\u00e9 dans la nuit, \u00e0 l&rsquo;\u00e2ge de 95 ans.<\/p>\n<p style=\"text-align: justify;\" align=\"justify\">Le grimpeur espagnol aura \u00e9clabouss\u00e9 de sa classe les ann\u00e9es 50 et 60.\u00a0Avec comme course de pr\u00e9dilection le Tour de France dont, en plus de sa victoire, il a pris la 2e place en 1963 et la 3e l&rsquo;ann\u00e9e suivante. Il a remport\u00e9 \u00e0 six reprises le classement de la montagne. Record qu&rsquo;il a co-d\u00e9tenu longtemps avec <strong>Lucien Van Impe<\/strong>, avant de se faire d\u00e9passer par <strong>Richard Virenque<\/strong>. Dont il avait dit dans une interview \u201c<em>Il ne m&rsquo;arrive pas \u00e0 la cheville\u201d<\/em>. \u00ab\u00a0L&rsquo;Aigle de Tol\u00e8de\u00a0\u00bb a \u00e9galement termin\u00e9 2e de la Vuelta 1957 et n&rsquo;a jamais vraiment brill\u00e9 sur les routes du Tour d&rsquo;Italie.<\/p>\n<p style=\"text-align: justify;\" align=\"justify\">D\u00e9crit comme un des plus grands grimpeurs de tous les temps, il a impressionn\u00e9 ses contemporains par son style dans la montagne. On a beaucoup compar\u00e9 un <strong>Alberto Contador<\/strong> \u00e0 son illustre ain\u00e9. Il ne reste plus beaucoup de coureurs cyclistes des ann\u00e9es 50-60 en vie. Il venait de f\u00eater ses 95 ans il y a pile un mois.<\/p>\n<blockquote class=\"twitter-tweet\">\n<p dir=\"ltr\" lang=\"fr\">Vainqueur du Tour de France 1959, Federico Bahamontes est mort ce mardi 8 ao\u00fbt \u00e0 l\u2019\u00e2ge de 95 ans <a href=\"https:\/\/t.co\/Yxf4XjrT9i\">pic.twitter.com\/Yxf4XjrT9i<\/a><\/p>\n<p>\u2014 Destination T\u00e9l\u00e9 (@DestinationTele) <a href=\"https:\/\/twitter.com\/DestinationTele\/status\/1688806642043744256?ref_src=twsrc%5Etfw\">August 8, 2023<\/a><\/p><\/blockquote>\n<p style=\"text-align: justify;\"><script async src=\"https:\/\/platform.twitter.com\/widgets.js\" charset=\"utf-8\"><\/script><\/p>\n","protected":false},"excerpt":{"rendered":"<p>CYCLISME &#8211; Federico Bahamontes est mort ce mardi matin \u00e0 l&rsquo;\u00e2ge de 95 ans. Le vainqueur du Tour 1959 \u00e9tait le plus vieux vainqueur du Tour en vie.<\/p>\n","protected":false},"author":83,"featured_media":406739,"comment_status":"open","ping_status":"closed","sticky":false,"template":"","format":"standard","meta":{"_acf_changed":false,"_daextam_enable_autolinks":"","footnotes":""},"categories":[12712,2307],"tags":[16878,8716,574],"class_list":["post-406734","post","type-post","status-publish","format-standard","has-post-thumbnail","hentry","category-carnet-noir","category-cyclisme","tag-breve","tag-carnet-noir","tag-cyclisme"],"acf":[],"yoast_head":"<!-- This site is optimized with the Yoast SEO Premium plugin v26.7 (Yoast SEO v26.7) - https:\/\/yoast.com\/wordpress\/plugins\/seo\/ -->\n<title>Carnet noir : Federico Bahamontes, vainqueur du Tour 1959, est mort<\/title>\n<meta name=\"description\" content=\"Federico Bahamontes est mort ce mardi matin \u00e0 l&#039;\u00e2ge de 95 ans. Le vainqueur du Tour 1959 \u00e9tait le plus vieux vainqueur du Tour en vie.\" \/>\n<meta name=\"robots\" content=\"index, follow, max-snippet:-1, max-image-preview:large, max-video-preview:-1\" \/>\n<link rel=\"canonical\" href=\"https:\/\/dicodusport.fr\/blog\/carnet-noir-federico-bahamontes-vainqueur-du-tour-1959-est-mort\/\" \/>\n<meta property=\"og:locale\" content=\"fr_FR\" \/>\n<meta property=\"og:type\" content=\"article\" \/>\n<meta property=\"og:title\" content=\"Carnet noir : Federico Bahamontes, vainqueur du Tour 1959, est mort\" \/>\n<meta property=\"og:description\" content=\"Federico Bahamontes est mort ce mardi matin \u00e0 l&#039;\u00e2ge de 95 ans. Le vainqueur du Tour 1959 \u00e9tait le plus vieux vainqueur du Tour en vie.\" \/>\n<meta property=\"og:url\" content=\"https:\/\/dicodusport.fr\/blog\/carnet-noir-federico-bahamontes-vainqueur-du-tour-1959-est-mort\/\" \/>\n<meta property=\"og:site_name\" content=\"Dicodusport\" \/>\n<meta property=\"article:publisher\" content=\"https:\/\/www.facebook.com\/dicodusport\" \/>\n<meta property=\"article:published_time\" content=\"2023-08-08T07:04:10+00:00\" \/>\n<meta property=\"article:modified_time\" content=\"2023-08-08T07:28:05+00:00\" \/>\n<meta property=\"og:image\" content=\"https:\/\/dicodusport.fr\/blog\/wp-content\/uploads\/2023\/08\/Carnet-noir-Federico-Bahamontes-vainqueur-du-Tour-1959-est-mort.png\" \/>\n\t<meta property=\"og:image:width\" content=\"800\" \/>\n\t<meta property=\"og:image:height\" content=\"445\" \/>\n\t<meta property=\"og:image:type\" content=\"image\/png\" \/>\n<meta name=\"author\" content=\"Etienne Goursaud\" \/>\n<meta name=\"twitter:card\" content=\"summary_large_image\" \/>\n<meta name=\"twitter:title\" content=\"Carnet noir : Federico Bahamontes, vainqueur du Tour 1959, est mort\" \/>\n<meta name=\"twitter:creator\" content=\"@dicodusport\" \/>\n<meta name=\"twitter:site\" content=\"@dicodusport\" \/>\n<script type=\"application\/ld+json\" class=\"yoast-schema-graph\">{\"@context\":\"https:\/\/schema.org\",\"@graph\":[{\"@type\":\"NewsArticle\",\"@id\":\"https:\/\/dicodusport.fr\/blog\/carnet-noir-federico-bahamontes-vainqueur-du-tour-1959-est-mort\/#article\",\"isPartOf\":{\"@id\":\"https:\/\/dicodusport.fr\/blog\/carnet-noir-federico-bahamontes-vainqueur-du-tour-1959-est-mort\/\"},\"author\":{\"name\":\"Etienne Goursaud\",\"@id\":\"https:\/\/dicodusport.fr\/blog\/#\/schema\/person\/d603dd7da31fb2b46c82b9835a77ec13\"},\"headline\":\"Carnet noir : Federico Bahamontes, vainqueur du Tour 1959, est mort\",\"datePublished\":\"2023-08-08T07:04:10+00:00\",\"dateModified\":\"2023-08-08T07:28:05+00:00\",\"mainEntityOfPage\":{\"@id\":\"https:\/\/dicodusport.fr\/blog\/carnet-noir-federico-bahamontes-vainqueur-du-tour-1959-est-mort\/\"},\"wordCount\":262,\"commentCount\":0,\"publisher\":{\"@id\":\"https:\/\/dicodusport.fr\/blog\/#organization\"},\"image\":{\"@id\":\"https:\/\/dicodusport.fr\/blog\/carnet-noir-federico-bahamontes-vainqueur-du-tour-1959-est-mort\/#primaryimage\"},\"thumbnailUrl\":\"https:\/\/dicodusport.fr\/blog\/wp-content\/uploads\/2023\/08\/Carnet-noir-Federico-Bahamontes-vainqueur-du-Tour-1959-est-mort.png\",\"keywords\":[\"br\u00e8ve\",\"Carnet noir\",\"Cyclisme\"],\"articleSection\":[\"Carnet noir\",\"Cyclisme\"],\"inLanguage\":\"fr-FR\",\"potentialAction\":[{\"@type\":\"CommentAction\",\"name\":\"Comment\",\"target\":[\"https:\/\/dicodusport.fr\/blog\/carnet-noir-federico-bahamontes-vainqueur-du-tour-1959-est-mort\/#respond\"]}],\"copyrightYear\":\"2023\",\"copyrightHolder\":{\"@id\":\"https:\/\/dicodusport.fr\/blog\/#organization\"}},{\"@type\":\"WebPage\",\"@id\":\"https:\/\/dicodusport.fr\/blog\/carnet-noir-federico-bahamontes-vainqueur-du-tour-1959-est-mort\/\",\"url\":\"https:\/\/dicodusport.fr\/blog\/carnet-noir-federico-bahamontes-vainqueur-du-tour-1959-est-mort\/\",\"name\":\"Carnet noir : Federico Bahamontes, vainqueur du Tour 1959, est mort\",\"isPartOf\":{\"@id\":\"https:\/\/dicodusport.fr\/blog\/#website\"},\"primaryImageOfPage\":{\"@id\":\"https:\/\/dicodusport.fr\/blog\/carnet-noir-federico-bahamontes-vainqueur-du-tour-1959-est-mort\/#primaryimage\"},\"image\":{\"@id\":\"https:\/\/dicodusport.fr\/blog\/carnet-noir-federico-bahamontes-vainqueur-du-tour-1959-est-mort\/#primaryimage\"},\"thumbnailUrl\":\"https:\/\/dicodusport.fr\/blog\/wp-content\/uploads\/2023\/08\/Carnet-noir-Federico-Bahamontes-vainqueur-du-Tour-1959-est-mort.png\",\"datePublished\":\"2023-08-08T07:04:10+00:00\",\"dateModified\":\"2023-08-08T07:28:05+00:00\",\"description\":\"Federico Bahamontes est mort ce mardi matin \u00e0 l'\u00e2ge de 95 ans. Le vainqueur du Tour 1959 \u00e9tait le plus vieux vainqueur du Tour en vie.\",\"breadcrumb\":{\"@id\":\"https:\/\/dicodusport.fr\/blog\/carnet-noir-federico-bahamontes-vainqueur-du-tour-1959-est-mort\/#breadcrumb\"},\"inLanguage\":\"fr-FR\",\"potentialAction\":[{\"@type\":\"ReadAction\",\"target\":[\"https:\/\/dicodusport.fr\/blog\/carnet-noir-federico-bahamontes-vainqueur-du-tour-1959-est-mort\/\"]}]},{\"@type\":\"ImageObject\",\"inLanguage\":\"fr-FR\",\"@id\":\"https:\/\/dicodusport.fr\/blog\/carnet-noir-federico-bahamontes-vainqueur-du-tour-1959-est-mort\/#primaryimage\",\"url\":\"https:\/\/dicodusport.fr\/blog\/wp-content\/uploads\/2023\/08\/Carnet-noir-Federico-Bahamontes-vainqueur-du-Tour-1959-est-mort.png\",\"contentUrl\":\"https:\/\/dicodusport.fr\/blog\/wp-content\/uploads\/2023\/08\/Carnet-noir-Federico-Bahamontes-vainqueur-du-Tour-1959-est-mort.png\",\"width\":800,\"height\":445,\"caption\":\"Carnet noir Federico Bahamontes, vainqueur du Tour 1959, est mort\"},{\"@type\":\"BreadcrumbList\",\"@id\":\"https:\/\/dicodusport.fr\/blog\/carnet-noir-federico-bahamontes-vainqueur-du-tour-1959-est-mort\/#breadcrumb\",\"itemListElement\":[{\"@type\":\"ListItem\",\"position\":1,\"name\":\"Accueil\",\"item\":\"https:\/\/dicodusport.fr\/blog\/\"},{\"@type\":\"ListItem\",\"position\":2,\"name\":\"Carnet noir : Federico Bahamontes, vainqueur du Tour 1959, est mort\"}]},{\"@type\":\"WebSite\",\"@id\":\"https:\/\/dicodusport.fr\/blog\/#website\",\"url\":\"https:\/\/dicodusport.fr\/blog\/\",\"name\":\"Dicodusport\",\"description\":\"L&#039;encyclop\u00e9die de l&#039;actualit\u00e9 sportive\",\"publisher\":{\"@id\":\"https:\/\/dicodusport.fr\/blog\/#organization\"},\"potentialAction\":[{\"@type\":\"SearchAction\",\"target\":{\"@type\":\"EntryPoint\",\"urlTemplate\":\"https:\/\/dicodusport.fr\/blog\/?s={search_term_string}\"},\"query-input\":{\"@type\":\"PropertyValueSpecification\",\"valueRequired\":true,\"valueName\":\"search_term_string\"}}],\"inLanguage\":\"fr-FR\"},{\"@type\":\"NewsMediaOrganization\",\"@id\":\"https:\/\/dicodusport.fr\/blog\/#organization\",\"name\":\"Dicodusport\",\"url\":\"https:\/\/dicodusport.fr\/blog\/\",\"logo\":{\"@type\":\"ImageObject\",\"inLanguage\":\"fr-FR\",\"@id\":\"https:\/\/dicodusport.fr\/blog\/#\/schema\/logo\/image\/\",\"url\":\"https:\/\/dicodusport.fr\/blog\/wp-content\/uploads\/2020\/06\/cropped-LOGO-DICODUSPORT-2020-SANS-FOND-SANS-TEXTE.png\",\"contentUrl\":\"https:\/\/dicodusport.fr\/blog\/wp-content\/uploads\/2020\/06\/cropped-LOGO-DICODUSPORT-2020-SANS-FOND-SANS-TEXTE.png\",\"width\":512,\"height\":512,\"caption\":\"Dicodusport\"},\"image\":{\"@id\":\"https:\/\/dicodusport.fr\/blog\/#\/schema\/logo\/image\/\"},\"sameAs\":[\"https:\/\/www.facebook.com\/dicodusport\",\"https:\/\/x.com\/dicodusport\",\"https:\/\/www.instagram.com\/dicodusport\/\",\"https:\/\/www.youtube.com\/channel\/UC7V2KZ5sd3htJivAbA4ZG3w\"],\"description\":\"Dicodusport est l'encyclop\u00e9die de l'actualit\u00e9 sportive.\",\"email\":\"bonjour@dicodusport.fr\",\"legalName\":\"DICODUSPORT\",\"foundingDate\":\"2018-01-14\",\"vatID\":\"FR71834470973\",\"taxID\":\"83447097300043\",\"numberOfEmployees\":{\"@type\":\"QuantitativeValue\",\"minValue\":\"1\",\"maxValue\":\"10\"}},{\"@type\":\"Person\",\"@id\":\"https:\/\/dicodusport.fr\/blog\/#\/schema\/person\/d603dd7da31fb2b46c82b9835a77ec13\",\"name\":\"Etienne Goursaud\",\"image\":{\"@type\":\"ImageObject\",\"inLanguage\":\"fr-FR\",\"@id\":\"https:\/\/dicodusport.fr\/blog\/#\/schema\/person\/image\/\",\"url\":\"https:\/\/dicodusport.fr\/blog\/wp-content\/uploads\/2023\/12\/410122264_10231602061736049_5565839791558026645_n-150x150.jpg\",\"contentUrl\":\"https:\/\/dicodusport.fr\/blog\/wp-content\/uploads\/2023\/12\/410122264_10231602061736049_5565839791558026645_n-150x150.jpg\",\"caption\":\"Etienne Goursaud\"},\"description\":\"Journaliste et amoureux de sport. Ancien footballeur reconverti athl\u00e8te quand ses muscles le laissent tranquille. \u00c9lev\u00e9 \u00e0 la sauce des exploits de Thomas Voeckler en 2004, du dernier essai de l\u00e9gende de Eunice Barber \u00e0 la longueur lors des championnats du monde d'athl\u00e9tisme de 2003 mais aussi Zidane, Omeyer et Titou Lamaison.\",\"url\":\"https:\/\/dicodusport.fr\/blog\/author\/etienne-goursaud\/\"}]}<\/script>\n<!-- \/ Yoast SEO Premium plugin. -->","yoast_head_json":{"title":"Carnet noir : Federico Bahamontes, vainqueur du Tour 1959, est mort","description":"Federico Bahamontes est mort ce mardi matin \u00e0 l'\u00e2ge de 95 ans. Le vainqueur du Tour 1959 \u00e9tait le plus vieux vainqueur du Tour en vie.","robots":{"index":"index","follow":"follow","max-snippet":"max-snippet:-1","max-image-preview":"max-image-preview:large","max-video-preview":"max-video-preview:-1"},"canonical":"https:\/\/dicodusport.fr\/blog\/carnet-noir-federico-bahamontes-vainqueur-du-tour-1959-est-mort\/","og_locale":"fr_FR","og_type":"article","og_title":"Carnet noir : Federico Bahamontes, vainqueur du Tour 1959, est mort","og_description":"Federico Bahamontes est mort ce mardi matin \u00e0 l'\u00e2ge de 95 ans. Le vainqueur du Tour 1959 \u00e9tait le plus vieux vainqueur du Tour en vie.","og_url":"https:\/\/dicodusport.fr\/blog\/carnet-noir-federico-bahamontes-vainqueur-du-tour-1959-est-mort\/","og_site_name":"Dicodusport","article_publisher":"https:\/\/www.facebook.com\/dicodusport","article_published_time":"2023-08-08T07:04:10+00:00","article_modified_time":"2023-08-08T07:28:05+00:00","og_image":[{"width":800,"height":445,"url":"https:\/\/dicodusport.fr\/blog\/wp-content\/uploads\/2023\/08\/Carnet-noir-Federico-Bahamontes-vainqueur-du-Tour-1959-est-mort.png","type":"image\/png"}],"author":"Etienne Goursaud","twitter_card":"summary_large_image","twitter_title":"Carnet noir : Federico Bahamontes, vainqueur du Tour 1959, est mort","twitter_creator":"@dicodusport","twitter_site":"@dicodusport","schema":{"@context":"https:\/\/schema.org","@graph":[{"@type":"NewsArticle","@id":"https:\/\/dicodusport.fr\/blog\/carnet-noir-federico-bahamontes-vainqueur-du-tour-1959-est-mort\/#article","isPartOf":{"@id":"https:\/\/dicodusport.fr\/blog\/carnet-noir-federico-bahamontes-vainqueur-du-tour-1959-est-mort\/"},"author":{"name":"Etienne Goursaud","@id":"https:\/\/dicodusport.fr\/blog\/#\/schema\/person\/d603dd7da31fb2b46c82b9835a77ec13"},"headline":"Carnet noir : Federico Bahamontes, vainqueur du Tour 1959, est mort","datePublished":"2023-08-08T07:04:10+00:00","dateModified":"2023-08-08T07:28:05+00:00","mainEntityOfPage":{"@id":"https:\/\/dicodusport.fr\/blog\/carnet-noir-federico-bahamontes-vainqueur-du-tour-1959-est-mort\/"},"wordCount":262,"commentCount":0,"publisher":{"@id":"https:\/\/dicodusport.fr\/blog\/#organization"},"image":{"@id":"https:\/\/dicodusport.fr\/blog\/carnet-noir-federico-bahamontes-vainqueur-du-tour-1959-est-mort\/#primaryimage"},"thumbnailUrl":"https:\/\/dicodusport.fr\/blog\/wp-content\/uploads\/2023\/08\/Carnet-noir-Federico-Bahamontes-vainqueur-du-Tour-1959-est-mort.png","keywords":["br\u00e8ve","Carnet noir","Cyclisme"],"articleSection":["Carnet noir","Cyclisme"],"inLanguage":"fr-FR","potentialAction":[{"@type":"CommentAction","name":"Comment","target":["https:\/\/dicodusport.fr\/blog\/carnet-noir-federico-bahamontes-vainqueur-du-tour-1959-est-mort\/#respond"]}],"copyrightYear":"2023","copyrightHolder":{"@id":"https:\/\/dicodusport.fr\/blog\/#organization"}},{"@type":"WebPage","@id":"https:\/\/dicodusport.fr\/blog\/carnet-noir-federico-bahamontes-vainqueur-du-tour-1959-est-mort\/","url":"https:\/\/dicodusport.fr\/blog\/carnet-noir-federico-bahamontes-vainqueur-du-tour-1959-est-mort\/","name":"Carnet noir : Federico Bahamontes, vainqueur du Tour 1959, est mort","isPartOf":{"@id":"https:\/\/dicodusport.fr\/blog\/#website"},"primaryImageOfPage":{"@id":"https:\/\/dicodusport.fr\/blog\/carnet-noir-federico-bahamontes-vainqueur-du-tour-1959-est-mort\/#primaryimage"},"image":{"@id":"https:\/\/dicodusport.fr\/blog\/carnet-noir-federico-bahamontes-vainqueur-du-tour-1959-est-mort\/#primaryimage"},"thumbnailUrl":"https:\/\/dicodusport.fr\/blog\/wp-content\/uploads\/2023\/08\/Carnet-noir-Federico-Bahamontes-vainqueur-du-Tour-1959-est-mort.png","datePublished":"2023-08-08T07:04:10+00:00","dateModified":"2023-08-08T07:28:05+00:00","description":"Federico Bahamontes est mort ce mardi matin \u00e0 l'\u00e2ge de 95 ans. Le vainqueur du Tour 1959 \u00e9tait le plus vieux vainqueur du Tour en vie.","breadcrumb":{"@id":"https:\/\/dicodusport.fr\/blog\/carnet-noir-federico-bahamontes-vainqueur-du-tour-1959-est-mort\/#breadcrumb"},"inLanguage":"fr-FR","potentialAction":[{"@type":"ReadAction","target":["https:\/\/dicodusport.fr\/blog\/carnet-noir-federico-bahamontes-vainqueur-du-tour-1959-est-mort\/"]}]},{"@type":"ImageObject","inLanguage":"fr-FR","@id":"https:\/\/dicodusport.fr\/blog\/carnet-noir-federico-bahamontes-vainqueur-du-tour-1959-est-mort\/#primaryimage","url":"https:\/\/dicodusport.fr\/blog\/wp-content\/uploads\/2023\/08\/Carnet-noir-Federico-Bahamontes-vainqueur-du-Tour-1959-est-mort.png","contentUrl":"https:\/\/dicodusport.fr\/blog\/wp-content\/uploads\/2023\/08\/Carnet-noir-Federico-Bahamontes-vainqueur-du-Tour-1959-est-mort.png","width":800,"height":445,"caption":"Carnet noir Federico Bahamontes, vainqueur du Tour 1959, est mort"},{"@type":"BreadcrumbList","@id":"https:\/\/dicodusport.fr\/blog\/carnet-noir-federico-bahamontes-vainqueur-du-tour-1959-est-mort\/#breadcrumb","itemListElement":[{"@type":"ListItem","position":1,"name":"Accueil","item":"https:\/\/dicodusport.fr\/blog\/"},{"@type":"ListItem","position":2,"name":"Carnet noir : Federico Bahamontes, vainqueur du Tour 1959, est mort"}]},{"@type":"WebSite","@id":"https:\/\/dicodusport.fr\/blog\/#website","url":"https:\/\/dicodusport.fr\/blog\/","name":"Dicodusport","description":"L&#039;encyclop\u00e9die de l&#039;actualit\u00e9 sportive","publisher":{"@id":"https:\/\/dicodusport.fr\/blog\/#organization"},"potentialAction":[{"@type":"SearchAction","target":{"@type":"EntryPoint","urlTemplate":"https:\/\/dicodusport.fr\/blog\/?s={search_term_string}"},"query-input":{"@type":"PropertyValueSpecification","valueRequired":true,"valueName":"search_term_string"}}],"inLanguage":"fr-FR"},{"@type":"NewsMediaOrganization","@id":"https:\/\/dicodusport.fr\/blog\/#organization","name":"Dicodusport","url":"https:\/\/dicodusport.fr\/blog\/","logo":{"@type":"ImageObject","inLanguage":"fr-FR","@id":"https:\/\/dicodusport.fr\/blog\/#\/schema\/logo\/image\/","url":"https:\/\/dicodusport.fr\/blog\/wp-content\/uploads\/2020\/06\/cropped-LOGO-DICODUSPORT-2020-SANS-FOND-SANS-TEXTE.png","contentUrl":"https:\/\/dicodusport.fr\/blog\/wp-content\/uploads\/2020\/06\/cropped-LOGO-DICODUSPORT-2020-SANS-FOND-SANS-TEXTE.png","width":512,"height":512,"caption":"Dicodusport"},"image":{"@id":"https:\/\/dicodusport.fr\/blog\/#\/schema\/logo\/image\/"},"sameAs":["https:\/\/www.facebook.com\/dicodusport","https:\/\/x.com\/dicodusport","https:\/\/www.instagram.com\/dicodusport\/","https:\/\/www.youtube.com\/channel\/UC7V2KZ5sd3htJivAbA4ZG3w"],"description":"Dicodusport est l'encyclop\u00e9die de l'actualit\u00e9 sportive.","email":"bonjour@dicodusport.fr","legalName":"DICODUSPORT","foundingDate":"2018-01-14","vatID":"FR71834470973","taxID":"83447097300043","numberOfEmployees":{"@type":"QuantitativeValue","minValue":"1","maxValue":"10"}},{"@type":"Person","@id":"https:\/\/dicodusport.fr\/blog\/#\/schema\/person\/d603dd7da31fb2b46c82b9835a77ec13","name":"Etienne Goursaud","image":{"@type":"ImageObject","inLanguage":"fr-FR","@id":"https:\/\/dicodusport.fr\/blog\/#\/schema\/person\/image\/","url":"https:\/\/dicodusport.fr\/blog\/wp-content\/uploads\/2023\/12\/410122264_10231602061736049_5565839791558026645_n-150x150.jpg","contentUrl":"https:\/\/dicodusport.fr\/blog\/wp-content\/uploads\/2023\/12\/410122264_10231602061736049_5565839791558026645_n-150x150.jpg","caption":"Etienne Goursaud"},"description":"Journaliste et amoureux de sport. Ancien footballeur reconverti athl\u00e8te quand ses muscles le laissent tranquille. \u00c9lev\u00e9 \u00e0 la sauce des exploits de Thomas Voeckler en 2004, du dernier essai de l\u00e9gende de Eunice Barber \u00e0 la longueur lors des championnats du monde d'athl\u00e9tisme de 2003 mais aussi Zidane, Omeyer et Titou Lamaison.","url":"https:\/\/dicodusport.fr\/blog\/author\/etienne-goursaud\/"}]}},"_links":{"self":[{"href":"https:\/\/dicodusport.fr\/blog\/wp-json\/wp\/v2\/posts\/406734","targetHints":{"allow":["GET"]}}],"collection":[{"href":"https:\/\/dicodusport.fr\/blog\/wp-json\/wp\/v2\/posts"}],"about":[{"href":"https:\/\/dicodusport.fr\/blog\/wp-json\/wp\/v2\/types\/post"}],"author":[{"embeddable":true,"href":"https:\/\/dicodusport.fr\/blog\/wp-json\/wp\/v2\/users\/83"}],"replies":[{"embeddable":true,"href":"https:\/\/dicodusport.fr\/blog\/wp-json\/wp\/v2\/comments?post=406734"}],"version-history":[{"count":0,"href":"https:\/\/dicodusport.fr\/blog\/wp-json\/wp\/v2\/posts\/406734\/revisions"}],"wp:featuredmedia":[{"embeddable":true,"href":"https:\/\/dicodusport.fr\/blog\/wp-json\/wp\/v2\/media\/406739"}],"wp:attachment":[{"href":"https:\/\/dicodusport.fr\/blog\/wp-json\/wp\/v2\/media?parent=406734"}],"wp:term":[{"taxonomy":"category","embeddable":true,"href":"https:\/\/dicodusport.fr\/blog\/wp-json\/wp\/v2\/categories?post=406734"},{"taxonomy":"post_tag","embeddable":true,"href":"https:\/\/dicodusport.fr\/blog\/wp-json\/wp\/v2\/tags?post=406734"}],"curies":[{"name":"wp","href":"https:\/\/api.w.org\/{rel}","templated":true}]}}