{"id":406805,"date":"2023-08-08T17:00:08","date_gmt":"2023-08-08T15:00:08","guid":{"rendered":"https:\/\/dicodusport.fr\/blog\/?p=406805&#038;preview=true&#038;preview_id=406805"},"modified":"2023-08-08T20:55:55","modified_gmt":"2023-08-08T18:55:55","slug":"mondiaux-cyclisme-2023-le-relais-mixte-francais-se-pare-dargent","status":"publish","type":"post","link":"https:\/\/dicodusport.fr\/blog\/mondiaux-cyclisme-2023-le-relais-mixte-francais-se-pare-dargent\/","title":{"rendered":"Mondiaux cyclisme 2023 : Le relais mixte fran\u00e7ais se pare d&rsquo;argent !"},"content":{"rendered":"<p style=\"text-align: justify;\"><b><i><a href=\"https:\/\/dicodusport.fr\/blog\/actualites\/cyclisme\/championnats-du-monde-cyclisme-2023\/\">CHAMPIONNATS DU MONDE DE CYCLISME 2023<\/a> \u2013 Ce mardi, l<\/i><\/b><strong><em>&lsquo;\u00c9quipe de France a termin\u00e9 en 2e position du relais mixte \u00e0 Glasgow et d\u00e9croche une magnifique m\u00e9daille d&rsquo;argent ! Il s&rsquo;agit tout simplement de la premi\u00e8re dans l&rsquo;histoire du cyclisme tricolore sur la discipline.<\/em><\/strong><\/p>\n<p style=\"text-align: justify;\">Suite \u00e0 une journ\u00e9e de battement, les \u00e9preuves sur route reprenaient ce mardi avec le relais mixte. Pour l&rsquo;occasion l&rsquo;<strong>\u00c9quipe de France<\/strong> comptait sur Bruno Armirail, R\u00e9mi Cavagna, Bryan Coquard, C\u00e9drine Kerbaol, Audrey Cordon-Ragot et Juliette Labous pour tenter d&rsquo;aller gratter un podium.<\/p>\n<h2>Le sans-faute du relais tricolore r\u00e9compens\u00e9<\/h2>\n<p style=\"text-align: justify;\">Comme le veut le d\u00e9roul\u00e9 de la course, le trio masculin a \u00e9t\u00e9 le premier \u00e0 ouvrir la roue. Tous deux sp\u00e9cialistes du contre-la-montre, <strong>Bruno Armirail<\/strong> et <strong>R\u00e9mi Cavagna<\/strong> vont ainsi effectuer le gros du boulot tandis que le sprinteur <strong>Bryan Coquard<\/strong> va lui apporter sa contribution sur des relais moins longs, mais aussi pour aborder certaines parties tr\u00e8s techniques. Sans surprise, le duo de gros rouleurs va se charger de boucler les derniers kilom\u00e8tres \u00e0 vive allure avant de passer le relais \u00e0 leurs co\u00e9quipi\u00e8res. Alors en t\u00eate, le trio compos\u00e9 de <strong>Juliette Labous<\/strong>, <strong>C\u00e9drine Kerbaol<\/strong> et <strong>Audrey Cordon-Ragot<\/strong> va conserver l&rsquo;avantage par rapport aux \u00c9tats-Unis avant le passage des six nations suivantes gr\u00e2ce \u00e0 un temps de r\u00e9f\u00e9rence solide en <strong>54:23:29 <\/strong>!<\/p>\n<p style=\"text-align: justify;\">Pendant que les Tricolores ont r\u00e9alis\u00e9 un sans-faute tout en \u00e9vitant le moindre incident, leurs adversaires vont eux les multiplier. Sur les relais masculins tout d&rsquo;abord. Un souci technique pour les Britanniques, des chutes pour les Australiens (Luke Plapp) et les N\u00e9erlandais (Daan Houle), une panne de jambes pour un Italien&#8230; Puis sur les relais f\u00e9minins ! La<strong> Grande-Bretagne<\/strong> et l&rsquo;<strong>Allemagne<\/strong> sont nettement battues par le chrono tricolore tandis que l&rsquo;<strong>Italie<\/strong> et l&rsquo;Australie vont \u00eatre rapidement d\u00e9croch\u00e9es. Une \u00e0 une, les nations favorites vont ainsi \u00eatre repouss\u00e9es loin des Bleus. Au final, seule la <strong>Suisse<\/strong>, championne du monde en titre, va parvenir \u00e0 battre le relais tricolore, et ce malgr\u00e9 la chute connue par Marlen Reusser, pour seulement 7 petites secondes.<\/p>\n<p style=\"text-align: justify;\">Mais l&rsquo;essentiel est ailleurs. Positionn\u00e9 comme un simple outsider, le relais fran\u00e7ais a r\u00e9alis\u00e9 un sans-faute sur le parcours de <strong>Glasgow<\/strong> pour grimper dans la hi\u00e9rarchie, et se hisser sur la <strong>2e marche du podium<\/strong>. Cette <strong>m\u00e9daille d&rsquo;argent<\/strong> est tout sauf anecdotique puisqu&rsquo;il s&rsquo;agit de <strong>la premi\u00e8re de l&rsquo;\u00c9quipe de France dans son histoire sur la discipline<\/strong>.<\/p>\n<blockquote class=\"twitter-tweet\">\n<p dir=\"ltr\" lang=\"fr\">La France est vice-championne du monde de relais mixte ! Bruno Armirail, R\u00e9mi Cavagna, Bryan Coquard, Audrey Cordon-Ragot, Cedrine Kerbaol et Juliette Labous terminent derri\u00e8re la Suisse, qui conserve son titre \u00e0 <a href=\"https:\/\/twitter.com\/hashtag\/GlasgowScotland2023?src=hash&amp;ref_src=twsrc%5Etfw\">#GlasgowScotland2023<\/a> pour 7 secondes ! 3e place pour l&rsquo;Allemagne. <a href=\"https:\/\/t.co\/lLRFAsTvHm\">pic.twitter.com\/lLRFAsTvHm<\/a><\/p>\n<p>\u2014 Le Gruppetto (@LeGruppetto) <a href=\"https:\/\/twitter.com\/LeGruppetto\/status\/1688927811908857856?ref_src=twsrc%5Etfw\">August 8, 2023<\/a><\/p><\/blockquote>\n<p><script async src=\"https:\/\/platform.twitter.com\/widgets.js\" charset=\"utf-8\"><\/script><\/p>\n<h2 style=\"text-align: justify;\">\u00c0 lire aussi<\/h2>\n<ul>\n<li style=\"text-align: justify;\"><strong><a href=\"https:\/\/dicodusport.fr\/blog\/cyclisme-championnats-du-monde-2023-classement-relais-mixte\/\">Le classement g\u00e9n\u00e9ral du relais mixte<\/a><\/strong><\/li>\n<li style=\"text-align: justify;\"><strong><a href=\"https:\/\/dicodusport.fr\/blog\/cyclisme-sur-route-programme-et-resultats-championnats-du-monde-2023\/\">Programme et r\u00e9sultats des Championnats du monde de cyclisme 2023<\/a><\/strong><\/li>\n<\/ul>\n","protected":false},"excerpt":{"rendered":"<p>CHAMPIONNATS DU MONDE DE CYCLISME 2023 \u2013 L&rsquo;\u00c9quipe de France a d\u00e9croch\u00e9 la m\u00e9daille d&rsquo;argent sur le relais mixte ce mardi \u00e0 Glasgow ! Il s&rsquo;agit de la premi\u00e8re m\u00e9daille sur la sp\u00e9cialit\u00e9 dans l&rsquo;histoire du cyclisme fran\u00e7ais.<\/p>\n","protected":false},"author":55,"featured_media":406925,"comment_status":"open","ping_status":"closed","sticky":false,"template":"","format":"standard","meta":{"_acf_changed":false,"_daextam_enable_autolinks":"","footnotes":""},"categories":[2307],"tags":[16878,17970,9062,27572,33252,30,23665,3877,24],"class_list":["post-406805","post","type-post","status-publish","format-standard","has-post-thumbnail","hentry","category-cyclisme","tag-breve","tag-bruno-armirail","tag-bryan-coquard","tag-cedrine-kerbaol","tag-course-en-ligne-championnats-du-monde-de-cyclisme","tag-france","tag-juliette-labous","tag-relais-mixte","tag-sport"],"acf":[],"yoast_head":"<!-- This site is optimized with the Yoast SEO Premium plugin v26.7 (Yoast SEO v26.7) - https:\/\/yoast.com\/wordpress\/plugins\/seo\/ -->\n<title>Mondiaux cyclisme 2023 : Le relais mixte fran\u00e7ais se pare d&#039;argent !<\/title>\n<meta name=\"description\" content=\"CHAMPIONNATS DU MONDE DE CYCLISME 2023 \u2013 L&#039;\u00c9quipe de France a d\u00e9croch\u00e9 la m\u00e9daille d&#039;argent sur le relais mixte ce mardi !\" \/>\n<meta name=\"robots\" content=\"index, follow, max-snippet:-1, max-image-preview:large, max-video-preview:-1\" \/>\n<link rel=\"canonical\" href=\"https:\/\/dicodusport.fr\/blog\/mondiaux-cyclisme-2023-le-relais-mixte-francais-se-pare-dargent\/\" \/>\n<meta property=\"og:locale\" content=\"fr_FR\" \/>\n<meta property=\"og:type\" content=\"article\" \/>\n<meta property=\"og:title\" content=\"Mondiaux cyclisme 2023 : Le relais mixte fran\u00e7ais se pare d&#039;argent !\" \/>\n<meta property=\"og:description\" content=\"CHAMPIONNATS DU MONDE DE CYCLISME 2023 \u2013 L&#039;\u00c9quipe de France a d\u00e9croch\u00e9 la m\u00e9daille d&#039;argent sur le relais mixte ce mardi !\" \/>\n<meta property=\"og:url\" content=\"https:\/\/dicodusport.fr\/blog\/mondiaux-cyclisme-2023-le-relais-mixte-francais-se-pare-dargent\/\" \/>\n<meta property=\"og:site_name\" content=\"Dicodusport\" \/>\n<meta property=\"article:publisher\" content=\"https:\/\/www.facebook.com\/dicodusport\" \/>\n<meta property=\"article:published_time\" content=\"2023-08-08T15:00:08+00:00\" \/>\n<meta property=\"article:modified_time\" content=\"2023-08-08T18:55:55+00:00\" \/>\n<meta property=\"og:image\" content=\"https:\/\/dicodusport.fr\/blog\/wp-content\/uploads\/2023\/08\/Mondiaux-cyclisme-2023-Medaille-dargent-pour-le-relais-mixte-francais.png\" \/>\n\t<meta property=\"og:image:width\" content=\"800\" \/>\n\t<meta property=\"og:image:height\" content=\"445\" \/>\n\t<meta property=\"og:image:type\" content=\"image\/png\" \/>\n<meta name=\"author\" content=\"Maxime Cazenave\" \/>\n<meta name=\"twitter:card\" content=\"summary_large_image\" \/>\n<meta name=\"twitter:title\" content=\"Mondiaux cyclisme 2023 : Le relais mixte fran\u00e7ais se pare d&#039;argent !\" \/>\n<meta name=\"twitter:creator\" content=\"@https:\/\/twitter.com\/Maxime_Caze\" \/>\n<meta name=\"twitter:site\" content=\"@dicodusport\" \/>\n<script type=\"application\/ld+json\" class=\"yoast-schema-graph\">{\"@context\":\"https:\/\/schema.org\",\"@graph\":[{\"@type\":\"NewsArticle\",\"@id\":\"https:\/\/dicodusport.fr\/blog\/mondiaux-cyclisme-2023-le-relais-mixte-francais-se-pare-dargent\/#article\",\"isPartOf\":{\"@id\":\"https:\/\/dicodusport.fr\/blog\/mondiaux-cyclisme-2023-le-relais-mixte-francais-se-pare-dargent\/\"},\"author\":{\"name\":\"Maxime Cazenave\",\"@id\":\"https:\/\/dicodusport.fr\/blog\/#\/schema\/person\/37def232098a7a5cbab3974a3690abb0\"},\"headline\":\"Mondiaux cyclisme 2023 : Le relais mixte fran\u00e7ais se pare d&rsquo;argent !\",\"datePublished\":\"2023-08-08T15:00:08+00:00\",\"dateModified\":\"2023-08-08T18:55:55+00:00\",\"mainEntityOfPage\":{\"@id\":\"https:\/\/dicodusport.fr\/blog\/mondiaux-cyclisme-2023-le-relais-mixte-francais-se-pare-dargent\/\"},\"wordCount\":506,\"commentCount\":0,\"publisher\":{\"@id\":\"https:\/\/dicodusport.fr\/blog\/#organization\"},\"image\":{\"@id\":\"https:\/\/dicodusport.fr\/blog\/mondiaux-cyclisme-2023-le-relais-mixte-francais-se-pare-dargent\/#primaryimage\"},\"thumbnailUrl\":\"https:\/\/dicodusport.fr\/blog\/wp-content\/uploads\/2023\/08\/Mondiaux-cyclisme-2023-Medaille-dargent-pour-le-relais-mixte-francais.png\",\"keywords\":[\"br\u00e8ve\",\"Bruno Armirail\",\"Bryan Coquard\",\"C\u00e9drine Kerbaol\",\"Course en ligne Championnats du monde de cyclisme\",\"France\",\"Juliette Labous\",\"Relais Mixte\",\"sport\"],\"articleSection\":[\"Cyclisme\"],\"inLanguage\":\"fr-FR\",\"potentialAction\":[{\"@type\":\"CommentAction\",\"name\":\"Comment\",\"target\":[\"https:\/\/dicodusport.fr\/blog\/mondiaux-cyclisme-2023-le-relais-mixte-francais-se-pare-dargent\/#respond\"]}],\"copyrightYear\":\"2023\",\"copyrightHolder\":{\"@id\":\"https:\/\/dicodusport.fr\/blog\/#organization\"}},{\"@type\":\"WebPage\",\"@id\":\"https:\/\/dicodusport.fr\/blog\/mondiaux-cyclisme-2023-le-relais-mixte-francais-se-pare-dargent\/\",\"url\":\"https:\/\/dicodusport.fr\/blog\/mondiaux-cyclisme-2023-le-relais-mixte-francais-se-pare-dargent\/\",\"name\":\"Mondiaux cyclisme 2023 : Le relais mixte fran\u00e7ais se pare d'argent !\",\"isPartOf\":{\"@id\":\"https:\/\/dicodusport.fr\/blog\/#website\"},\"primaryImageOfPage\":{\"@id\":\"https:\/\/dicodusport.fr\/blog\/mondiaux-cyclisme-2023-le-relais-mixte-francais-se-pare-dargent\/#primaryimage\"},\"image\":{\"@id\":\"https:\/\/dicodusport.fr\/blog\/mondiaux-cyclisme-2023-le-relais-mixte-francais-se-pare-dargent\/#primaryimage\"},\"thumbnailUrl\":\"https:\/\/dicodusport.fr\/blog\/wp-content\/uploads\/2023\/08\/Mondiaux-cyclisme-2023-Medaille-dargent-pour-le-relais-mixte-francais.png\",\"datePublished\":\"2023-08-08T15:00:08+00:00\",\"dateModified\":\"2023-08-08T18:55:55+00:00\",\"description\":\"CHAMPIONNATS DU MONDE DE CYCLISME 2023 \u2013 L'\u00c9quipe de France a d\u00e9croch\u00e9 la m\u00e9daille d'argent sur le relais mixte ce mardi !\",\"breadcrumb\":{\"@id\":\"https:\/\/dicodusport.fr\/blog\/mondiaux-cyclisme-2023-le-relais-mixte-francais-se-pare-dargent\/#breadcrumb\"},\"inLanguage\":\"fr-FR\",\"potentialAction\":[{\"@type\":\"ReadAction\",\"target\":[\"https:\/\/dicodusport.fr\/blog\/mondiaux-cyclisme-2023-le-relais-mixte-francais-se-pare-dargent\/\"]}]},{\"@type\":\"ImageObject\",\"inLanguage\":\"fr-FR\",\"@id\":\"https:\/\/dicodusport.fr\/blog\/mondiaux-cyclisme-2023-le-relais-mixte-francais-se-pare-dargent\/#primaryimage\",\"url\":\"https:\/\/dicodusport.fr\/blog\/wp-content\/uploads\/2023\/08\/Mondiaux-cyclisme-2023-Medaille-dargent-pour-le-relais-mixte-francais.png\",\"contentUrl\":\"https:\/\/dicodusport.fr\/blog\/wp-content\/uploads\/2023\/08\/Mondiaux-cyclisme-2023-Medaille-dargent-pour-le-relais-mixte-francais.png\",\"width\":800,\"height\":445,\"caption\":\"Mondiaux cyclisme 2023 M\u00e9daille d'argent pour le relais mixte fran\u00e7ais\"},{\"@type\":\"BreadcrumbList\",\"@id\":\"https:\/\/dicodusport.fr\/blog\/mondiaux-cyclisme-2023-le-relais-mixte-francais-se-pare-dargent\/#breadcrumb\",\"itemListElement\":[{\"@type\":\"ListItem\",\"position\":1,\"name\":\"Accueil\",\"item\":\"https:\/\/dicodusport.fr\/blog\/\"},{\"@type\":\"ListItem\",\"position\":2,\"name\":\"Mondiaux cyclisme 2023 : Le relais mixte fran\u00e7ais se pare d&rsquo;argent !\"}]},{\"@type\":\"WebSite\",\"@id\":\"https:\/\/dicodusport.fr\/blog\/#website\",\"url\":\"https:\/\/dicodusport.fr\/blog\/\",\"name\":\"Dicodusport\",\"description\":\"L&#039;encyclop\u00e9die de l&#039;actualit\u00e9 sportive\",\"publisher\":{\"@id\":\"https:\/\/dicodusport.fr\/blog\/#organization\"},\"potentialAction\":[{\"@type\":\"SearchAction\",\"target\":{\"@type\":\"EntryPoint\",\"urlTemplate\":\"https:\/\/dicodusport.fr\/blog\/?s={search_term_string}\"},\"query-input\":{\"@type\":\"PropertyValueSpecification\",\"valueRequired\":true,\"valueName\":\"search_term_string\"}}],\"inLanguage\":\"fr-FR\"},{\"@type\":\"NewsMediaOrganization\",\"@id\":\"https:\/\/dicodusport.fr\/blog\/#organization\",\"name\":\"Dicodusport\",\"url\":\"https:\/\/dicodusport.fr\/blog\/\",\"logo\":{\"@type\":\"ImageObject\",\"inLanguage\":\"fr-FR\",\"@id\":\"https:\/\/dicodusport.fr\/blog\/#\/schema\/logo\/image\/\",\"url\":\"https:\/\/dicodusport.fr\/blog\/wp-content\/uploads\/2020\/06\/cropped-LOGO-DICODUSPORT-2020-SANS-FOND-SANS-TEXTE.png\",\"contentUrl\":\"https:\/\/dicodusport.fr\/blog\/wp-content\/uploads\/2020\/06\/cropped-LOGO-DICODUSPORT-2020-SANS-FOND-SANS-TEXTE.png\",\"width\":512,\"height\":512,\"caption\":\"Dicodusport\"},\"image\":{\"@id\":\"https:\/\/dicodusport.fr\/blog\/#\/schema\/logo\/image\/\"},\"sameAs\":[\"https:\/\/www.facebook.com\/dicodusport\",\"https:\/\/x.com\/dicodusport\",\"https:\/\/www.instagram.com\/dicodusport\/\",\"https:\/\/www.youtube.com\/channel\/UC7V2KZ5sd3htJivAbA4ZG3w\"],\"description\":\"Dicodusport est l'encyclop\u00e9die de l'actualit\u00e9 sportive.\",\"email\":\"bonjour@dicodusport.fr\",\"legalName\":\"DICODUSPORT\",\"foundingDate\":\"2018-01-14\",\"vatID\":\"FR71834470973\",\"taxID\":\"83447097300043\",\"numberOfEmployees\":{\"@type\":\"QuantitativeValue\",\"minValue\":\"1\",\"maxValue\":\"10\"}},{\"@type\":\"Person\",\"@id\":\"https:\/\/dicodusport.fr\/blog\/#\/schema\/person\/37def232098a7a5cbab3974a3690abb0\",\"name\":\"Maxime Cazenave\",\"image\":{\"@type\":\"ImageObject\",\"inLanguage\":\"fr-FR\",\"@id\":\"https:\/\/dicodusport.fr\/blog\/#\/schema\/person\/image\/\",\"url\":\"https:\/\/dicodusport.fr\/blog\/wp-content\/uploads\/2021\/05\/Maxime-Cazenave-150x150.jpg\",\"contentUrl\":\"https:\/\/dicodusport.fr\/blog\/wp-content\/uploads\/2021\/05\/Maxime-Cazenave-150x150.jpg\",\"caption\":\"Maxime Cazenave\"},\"description\":\"Journaliste\/R\u00e9dacteur depuis 2012 - Berc\u00e9 par l\u2019amour des Girondins de Bordeaux, les \u00e9checs de Christophe Moreau sur le Tour de France sous l'\u00e8re Lance Armstrong et le fade-away l\u00e9tal de Dirk Nowitzki, ma passion d\u00e9vorante pour le sport a toujours \u00e9t\u00e9 un pan incontournable de ma vie. Transmettre ma passion \u00e0 l\u2019\u00e9crit a \u00e9t\u00e9 une transition naturelle. Suiveur assidu de basket et de hockey sur glace, je garde toujours un peu de place pour suivre le cyclisme, le football et le maximum de performances fran\u00e7aises.\",\"sameAs\":[\"https:\/\/x.com\/https:\/\/twitter.com\/Maxime_Caze\"],\"url\":\"https:\/\/dicodusport.fr\/blog\/author\/maximec\/\"}]}<\/script>\n<!-- \/ Yoast SEO Premium plugin. -->","yoast_head_json":{"title":"Mondiaux cyclisme 2023 : Le relais mixte fran\u00e7ais se pare d'argent !","description":"CHAMPIONNATS DU MONDE DE CYCLISME 2023 \u2013 L'\u00c9quipe de France a d\u00e9croch\u00e9 la m\u00e9daille d'argent sur le relais mixte ce mardi !","robots":{"index":"index","follow":"follow","max-snippet":"max-snippet:-1","max-image-preview":"max-image-preview:large","max-video-preview":"max-video-preview:-1"},"canonical":"https:\/\/dicodusport.fr\/blog\/mondiaux-cyclisme-2023-le-relais-mixte-francais-se-pare-dargent\/","og_locale":"fr_FR","og_type":"article","og_title":"Mondiaux cyclisme 2023 : Le relais mixte fran\u00e7ais se pare d'argent !","og_description":"CHAMPIONNATS DU MONDE DE CYCLISME 2023 \u2013 L'\u00c9quipe de France a d\u00e9croch\u00e9 la m\u00e9daille d'argent sur le relais mixte ce mardi !","og_url":"https:\/\/dicodusport.fr\/blog\/mondiaux-cyclisme-2023-le-relais-mixte-francais-se-pare-dargent\/","og_site_name":"Dicodusport","article_publisher":"https:\/\/www.facebook.com\/dicodusport","article_published_time":"2023-08-08T15:00:08+00:00","article_modified_time":"2023-08-08T18:55:55+00:00","og_image":[{"width":800,"height":445,"url":"https:\/\/dicodusport.fr\/blog\/wp-content\/uploads\/2023\/08\/Mondiaux-cyclisme-2023-Medaille-dargent-pour-le-relais-mixte-francais.png","type":"image\/png"}],"author":"Maxime Cazenave","twitter_card":"summary_large_image","twitter_title":"Mondiaux cyclisme 2023 : Le relais mixte fran\u00e7ais se pare d'argent !","twitter_creator":"@https:\/\/twitter.com\/Maxime_Caze","twitter_site":"@dicodusport","schema":{"@context":"https:\/\/schema.org","@graph":[{"@type":"NewsArticle","@id":"https:\/\/dicodusport.fr\/blog\/mondiaux-cyclisme-2023-le-relais-mixte-francais-se-pare-dargent\/#article","isPartOf":{"@id":"https:\/\/dicodusport.fr\/blog\/mondiaux-cyclisme-2023-le-relais-mixte-francais-se-pare-dargent\/"},"author":{"name":"Maxime Cazenave","@id":"https:\/\/dicodusport.fr\/blog\/#\/schema\/person\/37def232098a7a5cbab3974a3690abb0"},"headline":"Mondiaux cyclisme 2023 : Le relais mixte fran\u00e7ais se pare d&rsquo;argent !","datePublished":"2023-08-08T15:00:08+00:00","dateModified":"2023-08-08T18:55:55+00:00","mainEntityOfPage":{"@id":"https:\/\/dicodusport.fr\/blog\/mondiaux-cyclisme-2023-le-relais-mixte-francais-se-pare-dargent\/"},"wordCount":506,"commentCount":0,"publisher":{"@id":"https:\/\/dicodusport.fr\/blog\/#organization"},"image":{"@id":"https:\/\/dicodusport.fr\/blog\/mondiaux-cyclisme-2023-le-relais-mixte-francais-se-pare-dargent\/#primaryimage"},"thumbnailUrl":"https:\/\/dicodusport.fr\/blog\/wp-content\/uploads\/2023\/08\/Mondiaux-cyclisme-2023-Medaille-dargent-pour-le-relais-mixte-francais.png","keywords":["br\u00e8ve","Bruno Armirail","Bryan Coquard","C\u00e9drine Kerbaol","Course en ligne Championnats du monde de cyclisme","France","Juliette Labous","Relais Mixte","sport"],"articleSection":["Cyclisme"],"inLanguage":"fr-FR","potentialAction":[{"@type":"CommentAction","name":"Comment","target":["https:\/\/dicodusport.fr\/blog\/mondiaux-cyclisme-2023-le-relais-mixte-francais-se-pare-dargent\/#respond"]}],"copyrightYear":"2023","copyrightHolder":{"@id":"https:\/\/dicodusport.fr\/blog\/#organization"}},{"@type":"WebPage","@id":"https:\/\/dicodusport.fr\/blog\/mondiaux-cyclisme-2023-le-relais-mixte-francais-se-pare-dargent\/","url":"https:\/\/dicodusport.fr\/blog\/mondiaux-cyclisme-2023-le-relais-mixte-francais-se-pare-dargent\/","name":"Mondiaux cyclisme 2023 : Le relais mixte fran\u00e7ais se pare d'argent !","isPartOf":{"@id":"https:\/\/dicodusport.fr\/blog\/#website"},"primaryImageOfPage":{"@id":"https:\/\/dicodusport.fr\/blog\/mondiaux-cyclisme-2023-le-relais-mixte-francais-se-pare-dargent\/#primaryimage"},"image":{"@id":"https:\/\/dicodusport.fr\/blog\/mondiaux-cyclisme-2023-le-relais-mixte-francais-se-pare-dargent\/#primaryimage"},"thumbnailUrl":"https:\/\/dicodusport.fr\/blog\/wp-content\/uploads\/2023\/08\/Mondiaux-cyclisme-2023-Medaille-dargent-pour-le-relais-mixte-francais.png","datePublished":"2023-08-08T15:00:08+00:00","dateModified":"2023-08-08T18:55:55+00:00","description":"CHAMPIONNATS DU MONDE DE CYCLISME 2023 \u2013 L'\u00c9quipe de France a d\u00e9croch\u00e9 la m\u00e9daille d'argent sur le relais mixte ce mardi !","breadcrumb":{"@id":"https:\/\/dicodusport.fr\/blog\/mondiaux-cyclisme-2023-le-relais-mixte-francais-se-pare-dargent\/#breadcrumb"},"inLanguage":"fr-FR","potentialAction":[{"@type":"ReadAction","target":["https:\/\/dicodusport.fr\/blog\/mondiaux-cyclisme-2023-le-relais-mixte-francais-se-pare-dargent\/"]}]},{"@type":"ImageObject","inLanguage":"fr-FR","@id":"https:\/\/dicodusport.fr\/blog\/mondiaux-cyclisme-2023-le-relais-mixte-francais-se-pare-dargent\/#primaryimage","url":"https:\/\/dicodusport.fr\/blog\/wp-content\/uploads\/2023\/08\/Mondiaux-cyclisme-2023-Medaille-dargent-pour-le-relais-mixte-francais.png","contentUrl":"https:\/\/dicodusport.fr\/blog\/wp-content\/uploads\/2023\/08\/Mondiaux-cyclisme-2023-Medaille-dargent-pour-le-relais-mixte-francais.png","width":800,"height":445,"caption":"Mondiaux cyclisme 2023 M\u00e9daille d'argent pour le relais mixte fran\u00e7ais"},{"@type":"BreadcrumbList","@id":"https:\/\/dicodusport.fr\/blog\/mondiaux-cyclisme-2023-le-relais-mixte-francais-se-pare-dargent\/#breadcrumb","itemListElement":[{"@type":"ListItem","position":1,"name":"Accueil","item":"https:\/\/dicodusport.fr\/blog\/"},{"@type":"ListItem","position":2,"name":"Mondiaux cyclisme 2023 : Le relais mixte fran\u00e7ais se pare d&rsquo;argent !"}]},{"@type":"WebSite","@id":"https:\/\/dicodusport.fr\/blog\/#website","url":"https:\/\/dicodusport.fr\/blog\/","name":"Dicodusport","description":"L&#039;encyclop\u00e9die de l&#039;actualit\u00e9 sportive","publisher":{"@id":"https:\/\/dicodusport.fr\/blog\/#organization"},"potentialAction":[{"@type":"SearchAction","target":{"@type":"EntryPoint","urlTemplate":"https:\/\/dicodusport.fr\/blog\/?s={search_term_string}"},"query-input":{"@type":"PropertyValueSpecification","valueRequired":true,"valueName":"search_term_string"}}],"inLanguage":"fr-FR"},{"@type":"NewsMediaOrganization","@id":"https:\/\/dicodusport.fr\/blog\/#organization","name":"Dicodusport","url":"https:\/\/dicodusport.fr\/blog\/","logo":{"@type":"ImageObject","inLanguage":"fr-FR","@id":"https:\/\/dicodusport.fr\/blog\/#\/schema\/logo\/image\/","url":"https:\/\/dicodusport.fr\/blog\/wp-content\/uploads\/2020\/06\/cropped-LOGO-DICODUSPORT-2020-SANS-FOND-SANS-TEXTE.png","contentUrl":"https:\/\/dicodusport.fr\/blog\/wp-content\/uploads\/2020\/06\/cropped-LOGO-DICODUSPORT-2020-SANS-FOND-SANS-TEXTE.png","width":512,"height":512,"caption":"Dicodusport"},"image":{"@id":"https:\/\/dicodusport.fr\/blog\/#\/schema\/logo\/image\/"},"sameAs":["https:\/\/www.facebook.com\/dicodusport","https:\/\/x.com\/dicodusport","https:\/\/www.instagram.com\/dicodusport\/","https:\/\/www.youtube.com\/channel\/UC7V2KZ5sd3htJivAbA4ZG3w"],"description":"Dicodusport est l'encyclop\u00e9die de l'actualit\u00e9 sportive.","email":"bonjour@dicodusport.fr","legalName":"DICODUSPORT","foundingDate":"2018-01-14","vatID":"FR71834470973","taxID":"83447097300043","numberOfEmployees":{"@type":"QuantitativeValue","minValue":"1","maxValue":"10"}},{"@type":"Person","@id":"https:\/\/dicodusport.fr\/blog\/#\/schema\/person\/37def232098a7a5cbab3974a3690abb0","name":"Maxime Cazenave","image":{"@type":"ImageObject","inLanguage":"fr-FR","@id":"https:\/\/dicodusport.fr\/blog\/#\/schema\/person\/image\/","url":"https:\/\/dicodusport.fr\/blog\/wp-content\/uploads\/2021\/05\/Maxime-Cazenave-150x150.jpg","contentUrl":"https:\/\/dicodusport.fr\/blog\/wp-content\/uploads\/2021\/05\/Maxime-Cazenave-150x150.jpg","caption":"Maxime Cazenave"},"description":"Journaliste\/R\u00e9dacteur depuis 2012 - Berc\u00e9 par l\u2019amour des Girondins de Bordeaux, les \u00e9checs de Christophe Moreau sur le Tour de France sous l'\u00e8re Lance Armstrong et le fade-away l\u00e9tal de Dirk Nowitzki, ma passion d\u00e9vorante pour le sport a toujours \u00e9t\u00e9 un pan incontournable de ma vie. Transmettre ma passion \u00e0 l\u2019\u00e9crit a \u00e9t\u00e9 une transition naturelle. Suiveur assidu de basket et de hockey sur glace, je garde toujours un peu de place pour suivre le cyclisme, le football et le maximum de performances fran\u00e7aises.","sameAs":["https:\/\/x.com\/https:\/\/twitter.com\/Maxime_Caze"],"url":"https:\/\/dicodusport.fr\/blog\/author\/maximec\/"}]}},"_links":{"self":[{"href":"https:\/\/dicodusport.fr\/blog\/wp-json\/wp\/v2\/posts\/406805","targetHints":{"allow":["GET"]}}],"collection":[{"href":"https:\/\/dicodusport.fr\/blog\/wp-json\/wp\/v2\/posts"}],"about":[{"href":"https:\/\/dicodusport.fr\/blog\/wp-json\/wp\/v2\/types\/post"}],"author":[{"embeddable":true,"href":"https:\/\/dicodusport.fr\/blog\/wp-json\/wp\/v2\/users\/55"}],"replies":[{"embeddable":true,"href":"https:\/\/dicodusport.fr\/blog\/wp-json\/wp\/v2\/comments?post=406805"}],"version-history":[{"count":0,"href":"https:\/\/dicodusport.fr\/blog\/wp-json\/wp\/v2\/posts\/406805\/revisions"}],"wp:featuredmedia":[{"embeddable":true,"href":"https:\/\/dicodusport.fr\/blog\/wp-json\/wp\/v2\/media\/406925"}],"wp:attachment":[{"href":"https:\/\/dicodusport.fr\/blog\/wp-json\/wp\/v2\/media?parent=406805"}],"wp:term":[{"taxonomy":"category","embeddable":true,"href":"https:\/\/dicodusport.fr\/blog\/wp-json\/wp\/v2\/categories?post=406805"},{"taxonomy":"post_tag","embeddable":true,"href":"https:\/\/dicodusport.fr\/blog\/wp-json\/wp\/v2\/tags?post=406805"}],"curies":[{"name":"wp","href":"https:\/\/api.w.org\/{rel}","templated":true}]}}