{"id":407061,"date":"2023-08-09T18:08:00","date_gmt":"2023-08-09T16:08:00","guid":{"rendered":"https:\/\/dicodusport.fr\/blog\/?p=407061&#038;preview=true&#038;preview_id=407061"},"modified":"2023-08-09T20:02:27","modified_gmt":"2023-08-09T18:02:27","slug":"cyclisme-championnats-du-monde-2023-lorenzo-milesi-champion-du-monde-du-contre-la-montre-chez-les-espoirs","status":"publish","type":"post","link":"https:\/\/dicodusport.fr\/blog\/cyclisme-championnats-du-monde-2023-lorenzo-milesi-champion-du-monde-du-contre-la-montre-chez-les-espoirs\/","title":{"rendered":"Cyclisme Championnats du monde 2023 : Lorenzo Milesi champion du monde du contre-la-montre chez les espoirs"},"content":{"rendered":"<p style=\"text-align: justify;\"><b><i><a href=\"https:\/\/dicodusport.fr\/blog\/actualites\/cyclisme\/championnats-du-monde-cyclisme-2023\/\">CHAMPIONNATS DU MONDE DE CYCLISME 2023<\/a> \u2013 Sur le parcours autour de Stirling, en Ecosse, l&rsquo;Italien Lorenzo Milesi est devenu champion du monde du contre-la-montre dans la cat\u00e9gorie des espoirs. Il a devanc\u00e9 le Belge Alec Segaert et l&rsquo;Australien Hamish McKenzie.\u00a0<\/i><\/b><\/p>\n<p style=\"text-align: justify;\">D&rsquo;abord, le grand favori <strong>Alec Segaert<\/strong> est parti tr\u00e8s fort sur le premier tiers de course avec de grandes lignes droites sur des routes plates avec du vent de face. Le coureur de la Lotto Dstny devan\u00e7ait alors <strong>Lorenzo Milesi<\/strong> de 10 secondes.<\/p>\n<p style=\"text-align: justify;\">Puis, <strong>Lorenzo Milesi<\/strong> a repris progressivement du temps sur <strong>Alec Segaert<\/strong> quand le profil devenait alors un peu plus vallonn\u00e9. En effet, le Transalpin n&rsquo;avait plus que 4 secondes de retard sur le Belge sur le deuxi\u00e8me temps interm\u00e9diaire avant de passer devant pour 4 secondes \u00e0 5 kilom\u00e8tres du terme.<\/p>\n<h2 style=\"text-align: justify;\">Lorenzo Milesi succ\u00e8de \u00e0 Adriano Malori<\/h2>\n<p style=\"text-align: justify;\">Finalement, <strong>Lorenzo Milesi<\/strong> a fini fort dans la mont\u00e9e finale sur des pav\u00e9s en direction du ch\u00e2teau pour r\u00e9aliser le meilleur temps en 43 minutes et 46 centi\u00e8mes \u00e0 50,502 km\/h de moyenne. <strong>Alec Segaert<\/strong> a finalement termin\u00e9 \u00e0 11 secondes pour d\u00e9crocher la m\u00e9daille d&rsquo;argent.<\/p>\n<p style=\"text-align: justify;\">L&rsquo;Australien <strong>Hamish McKenzie<\/strong> a d\u00e9croch\u00e9 la m\u00e9daille de bronze \u00e0 50 secondes alors que le Britannique <strong>Josh Charlton<\/strong> n&rsquo;a fini que huiti\u00e8me \u00e0 1:18. Malheureusement, ce dernier a connu un ennui m\u00e9canique avant d&rsquo;attaquer la butte finale d&rsquo;un peu moins d&rsquo;un kilom\u00e8tre. En effet, Carlton \u00e9tait \u00e0 la lutte pour le podium.<\/p>\n<p style=\"text-align: justify;\">Enfin, le meilleur fran\u00e7ais <strong>Eddy De Huitouze<\/strong> a fini loin, 16e \u00e0 1 minute 57.<\/p>\n<blockquote class=\"twitter-tweet\">\n<p dir=\"ltr\" lang=\"en\">\ud83c\uddee\ud83c\uddf9 Lorenzo Milesi smashed it!<br \/>\nThe time to beat is now 43:00.46 \u23f1<a href=\"https:\/\/twitter.com\/hashtag\/GlasgowScotland2023?src=hash&amp;ref_src=twsrc%5Etfw\">#GlasgowScotland2023<\/a> <a href=\"https:\/\/t.co\/6jOhcFkCSE\">pic.twitter.com\/6jOhcFkCSE<\/a><\/p>\n<p>\u2014 UCI (@UCI_cycling) <a href=\"https:\/\/twitter.com\/UCI_cycling\/status\/1689289544410058752?ref_src=twsrc%5Etfw\">August 9, 2023<\/a><\/p><\/blockquote>\n<p><script async src=\"https:\/\/platform.twitter.com\/widgets.js\" charset=\"utf-8\"><\/script><\/p>\n<h2 style=\"text-align: justify;\">\u00c0 lire aussi<\/h2>\n<ul style=\"text-align: justify;\">\n<li><a title=\"Cyclisme Championnats du monde 2023 \u2013 Classement contre-la-montre espoirs hommes\" href=\"https:\/\/dicodusport.fr\/blog\/cyclisme-championnats-du-monde-2023-classement-contre-la-montre-espoirs-hommes\/\" target=\"_blank\" rel=\"noopener\"><strong>Classement complet du contre-la-montre espoirs des championnats du monde 2023<\/strong><\/a><\/li>\n<li style=\"text-align: justify;\"><a href=\"https:\/\/dicodusport.fr\/blog\/cyclisme-sur-route-programme-et-resultats-championnats-du-monde-2023\/\"><strong>Programme et r\u00e9sultats des championnats du monde de cyclisme 2023<\/strong><\/a><\/li>\n<\/ul>\n","protected":false},"excerpt":{"rendered":"<p>CHAMPIONNATS DU MONDE DE CYCLISME 2023 \u2013 Sur le parcours autour de Stirling, en Ecosse, l&rsquo;Italien Lorenzo Milesi est devenu champion du monde du contre-la-montre dans la cat\u00e9gorie des espoirs. Il a devanc\u00e9 le Belge Alec Segaert et l&rsquo;Australien Hamish McKenzie.\u00a0<\/p>\n","protected":false},"author":48,"featured_media":407127,"comment_status":"open","ping_status":"closed","sticky":false,"template":"","format":"standard","meta":{"_acf_changed":false,"_daextam_enable_autolinks":"","footnotes":""},"categories":[2307,46994],"tags":[16878,5328],"class_list":["post-407061","post","type-post","status-publish","format-standard","has-post-thumbnail","hentry","category-cyclisme","category-cyclisme-sur-route","tag-breve","tag-contre-la-montre"],"acf":[],"yoast_head":"<!-- This site is optimized with the Yoast SEO Premium plugin v26.7 (Yoast SEO v26.7) - https:\/\/yoast.com\/wordpress\/plugins\/seo\/ -->\n<title>Cyclisme Championnats du monde 2023 : Lorenzo Milesi champion du monde du contre-la-montre chez les espoirs<\/title>\n<meta name=\"description\" content=\"CHAMPIONNATS DU MONDE DE CYCLISME 2023 \u2013 Lorenzo Milesi est devenu champion du monde du contre-la-montre dans la cat\u00e9gorie des espoirs.\" \/>\n<meta name=\"robots\" content=\"index, follow, max-snippet:-1, max-image-preview:large, max-video-preview:-1\" \/>\n<link rel=\"canonical\" href=\"https:\/\/dicodusport.fr\/blog\/cyclisme-championnats-du-monde-2023-lorenzo-milesi-champion-du-monde-du-contre-la-montre-chez-les-espoirs\/\" \/>\n<meta property=\"og:locale\" content=\"fr_FR\" \/>\n<meta property=\"og:type\" content=\"article\" \/>\n<meta property=\"og:title\" content=\"Cyclisme Championnats du monde 2023 : Lorenzo Milesi champion du monde du contre-la-montre chez les espoirs\" \/>\n<meta property=\"og:description\" content=\"CHAMPIONNATS DU MONDE DE CYCLISME 2023 \u2013 Lorenzo Milesi est devenu champion du monde du contre-la-montre dans la cat\u00e9gorie des espoirs.\" \/>\n<meta property=\"og:url\" content=\"https:\/\/dicodusport.fr\/blog\/cyclisme-championnats-du-monde-2023-lorenzo-milesi-champion-du-monde-du-contre-la-montre-chez-les-espoirs\/\" \/>\n<meta property=\"og:site_name\" content=\"Dicodusport\" \/>\n<meta property=\"article:publisher\" content=\"https:\/\/www.facebook.com\/dicodusport\" \/>\n<meta property=\"article:author\" content=\"https:\/\/www.facebook.com\/groups\/LesRoisDuPeloton\" \/>\n<meta property=\"article:published_time\" content=\"2023-08-09T16:08:00+00:00\" \/>\n<meta property=\"article:modified_time\" content=\"2023-08-09T18:02:27+00:00\" \/>\n<meta property=\"og:image\" content=\"https:\/\/dicodusport.fr\/blog\/wp-content\/uploads\/2023\/08\/Cyclisme-Championnats-du-monde-2023-Lorenzo-Milesi-champion-du-monde-du-contre-la-montre-chez-les-espoirs.png\" \/>\n\t<meta property=\"og:image:width\" content=\"800\" \/>\n\t<meta property=\"og:image:height\" content=\"445\" \/>\n\t<meta property=\"og:image:type\" content=\"image\/png\" \/>\n<meta name=\"author\" content=\"Emilien Descampiaux\" \/>\n<meta name=\"twitter:card\" content=\"summary_large_image\" \/>\n<meta name=\"twitter:title\" content=\"Cyclisme Championnats du monde 2023 : Lorenzo Milesi champion du monde du contre-la-montre chez les espoirs\" \/>\n<meta name=\"twitter:creator\" content=\"@https:\/\/twitter.com\/LRoisDuPeloton\" \/>\n<meta name=\"twitter:site\" content=\"@dicodusport\" \/>\n<script type=\"application\/ld+json\" class=\"yoast-schema-graph\">{\"@context\":\"https:\/\/schema.org\",\"@graph\":[{\"@type\":\"NewsArticle\",\"@id\":\"https:\/\/dicodusport.fr\/blog\/cyclisme-championnats-du-monde-2023-lorenzo-milesi-champion-du-monde-du-contre-la-montre-chez-les-espoirs\/#article\",\"isPartOf\":{\"@id\":\"https:\/\/dicodusport.fr\/blog\/cyclisme-championnats-du-monde-2023-lorenzo-milesi-champion-du-monde-du-contre-la-montre-chez-les-espoirs\/\"},\"author\":{\"name\":\"Emilien Descampiaux\",\"@id\":\"https:\/\/dicodusport.fr\/blog\/#\/schema\/person\/6db4bae06b171592211be385b32876a7\"},\"headline\":\"Cyclisme Championnats du monde 2023 : Lorenzo Milesi champion du monde du contre-la-montre chez les espoirs\",\"datePublished\":\"2023-08-09T16:08:00+00:00\",\"dateModified\":\"2023-08-09T18:02:27+00:00\",\"mainEntityOfPage\":{\"@id\":\"https:\/\/dicodusport.fr\/blog\/cyclisme-championnats-du-monde-2023-lorenzo-milesi-champion-du-monde-du-contre-la-montre-chez-les-espoirs\/\"},\"wordCount\":317,\"commentCount\":0,\"publisher\":{\"@id\":\"https:\/\/dicodusport.fr\/blog\/#organization\"},\"image\":{\"@id\":\"https:\/\/dicodusport.fr\/blog\/cyclisme-championnats-du-monde-2023-lorenzo-milesi-champion-du-monde-du-contre-la-montre-chez-les-espoirs\/#primaryimage\"},\"thumbnailUrl\":\"https:\/\/dicodusport.fr\/blog\/wp-content\/uploads\/2023\/08\/Cyclisme-Championnats-du-monde-2023-Lorenzo-Milesi-champion-du-monde-du-contre-la-montre-chez-les-espoirs.png\",\"keywords\":[\"br\u00e8ve\",\"contre-la-montre\"],\"articleSection\":[\"Cyclisme\",\"Cyclisme sur route\"],\"inLanguage\":\"fr-FR\",\"potentialAction\":[{\"@type\":\"CommentAction\",\"name\":\"Comment\",\"target\":[\"https:\/\/dicodusport.fr\/blog\/cyclisme-championnats-du-monde-2023-lorenzo-milesi-champion-du-monde-du-contre-la-montre-chez-les-espoirs\/#respond\"]}],\"copyrightYear\":\"2023\",\"copyrightHolder\":{\"@id\":\"https:\/\/dicodusport.fr\/blog\/#organization\"}},{\"@type\":\"WebPage\",\"@id\":\"https:\/\/dicodusport.fr\/blog\/cyclisme-championnats-du-monde-2023-lorenzo-milesi-champion-du-monde-du-contre-la-montre-chez-les-espoirs\/\",\"url\":\"https:\/\/dicodusport.fr\/blog\/cyclisme-championnats-du-monde-2023-lorenzo-milesi-champion-du-monde-du-contre-la-montre-chez-les-espoirs\/\",\"name\":\"Cyclisme Championnats du monde 2023 : Lorenzo Milesi champion du monde du contre-la-montre chez les espoirs\",\"isPartOf\":{\"@id\":\"https:\/\/dicodusport.fr\/blog\/#website\"},\"primaryImageOfPage\":{\"@id\":\"https:\/\/dicodusport.fr\/blog\/cyclisme-championnats-du-monde-2023-lorenzo-milesi-champion-du-monde-du-contre-la-montre-chez-les-espoirs\/#primaryimage\"},\"image\":{\"@id\":\"https:\/\/dicodusport.fr\/blog\/cyclisme-championnats-du-monde-2023-lorenzo-milesi-champion-du-monde-du-contre-la-montre-chez-les-espoirs\/#primaryimage\"},\"thumbnailUrl\":\"https:\/\/dicodusport.fr\/blog\/wp-content\/uploads\/2023\/08\/Cyclisme-Championnats-du-monde-2023-Lorenzo-Milesi-champion-du-monde-du-contre-la-montre-chez-les-espoirs.png\",\"datePublished\":\"2023-08-09T16:08:00+00:00\",\"dateModified\":\"2023-08-09T18:02:27+00:00\",\"description\":\"CHAMPIONNATS DU MONDE DE CYCLISME 2023 \u2013 Lorenzo Milesi est devenu champion du monde du contre-la-montre dans la cat\u00e9gorie des espoirs.\",\"breadcrumb\":{\"@id\":\"https:\/\/dicodusport.fr\/blog\/cyclisme-championnats-du-monde-2023-lorenzo-milesi-champion-du-monde-du-contre-la-montre-chez-les-espoirs\/#breadcrumb\"},\"inLanguage\":\"fr-FR\",\"potentialAction\":[{\"@type\":\"ReadAction\",\"target\":[\"https:\/\/dicodusport.fr\/blog\/cyclisme-championnats-du-monde-2023-lorenzo-milesi-champion-du-monde-du-contre-la-montre-chez-les-espoirs\/\"]}]},{\"@type\":\"ImageObject\",\"inLanguage\":\"fr-FR\",\"@id\":\"https:\/\/dicodusport.fr\/blog\/cyclisme-championnats-du-monde-2023-lorenzo-milesi-champion-du-monde-du-contre-la-montre-chez-les-espoirs\/#primaryimage\",\"url\":\"https:\/\/dicodusport.fr\/blog\/wp-content\/uploads\/2023\/08\/Cyclisme-Championnats-du-monde-2023-Lorenzo-Milesi-champion-du-monde-du-contre-la-montre-chez-les-espoirs.png\",\"contentUrl\":\"https:\/\/dicodusport.fr\/blog\/wp-content\/uploads\/2023\/08\/Cyclisme-Championnats-du-monde-2023-Lorenzo-Milesi-champion-du-monde-du-contre-la-montre-chez-les-espoirs.png\",\"width\":800,\"height\":445,\"caption\":\"Cyclisme Championnats du monde 2023 Lorenzo Milesi champion du monde du contre-la-montre chez les espoirs\"},{\"@type\":\"BreadcrumbList\",\"@id\":\"https:\/\/dicodusport.fr\/blog\/cyclisme-championnats-du-monde-2023-lorenzo-milesi-champion-du-monde-du-contre-la-montre-chez-les-espoirs\/#breadcrumb\",\"itemListElement\":[{\"@type\":\"ListItem\",\"position\":1,\"name\":\"Accueil\",\"item\":\"https:\/\/dicodusport.fr\/blog\/\"},{\"@type\":\"ListItem\",\"position\":2,\"name\":\"Cyclisme Championnats du monde 2023 : Lorenzo Milesi champion du monde du contre-la-montre chez les espoirs\"}]},{\"@type\":\"WebSite\",\"@id\":\"https:\/\/dicodusport.fr\/blog\/#website\",\"url\":\"https:\/\/dicodusport.fr\/blog\/\",\"name\":\"Dicodusport\",\"description\":\"L&#039;encyclop\u00e9die de l&#039;actualit\u00e9 sportive\",\"publisher\":{\"@id\":\"https:\/\/dicodusport.fr\/blog\/#organization\"},\"potentialAction\":[{\"@type\":\"SearchAction\",\"target\":{\"@type\":\"EntryPoint\",\"urlTemplate\":\"https:\/\/dicodusport.fr\/blog\/?s={search_term_string}\"},\"query-input\":{\"@type\":\"PropertyValueSpecification\",\"valueRequired\":true,\"valueName\":\"search_term_string\"}}],\"inLanguage\":\"fr-FR\"},{\"@type\":\"NewsMediaOrganization\",\"@id\":\"https:\/\/dicodusport.fr\/blog\/#organization\",\"name\":\"Dicodusport\",\"url\":\"https:\/\/dicodusport.fr\/blog\/\",\"logo\":{\"@type\":\"ImageObject\",\"inLanguage\":\"fr-FR\",\"@id\":\"https:\/\/dicodusport.fr\/blog\/#\/schema\/logo\/image\/\",\"url\":\"https:\/\/dicodusport.fr\/blog\/wp-content\/uploads\/2020\/06\/cropped-LOGO-DICODUSPORT-2020-SANS-FOND-SANS-TEXTE.png\",\"contentUrl\":\"https:\/\/dicodusport.fr\/blog\/wp-content\/uploads\/2020\/06\/cropped-LOGO-DICODUSPORT-2020-SANS-FOND-SANS-TEXTE.png\",\"width\":512,\"height\":512,\"caption\":\"Dicodusport\"},\"image\":{\"@id\":\"https:\/\/dicodusport.fr\/blog\/#\/schema\/logo\/image\/\"},\"sameAs\":[\"https:\/\/www.facebook.com\/dicodusport\",\"https:\/\/x.com\/dicodusport\",\"https:\/\/www.instagram.com\/dicodusport\/\",\"https:\/\/www.youtube.com\/channel\/UC7V2KZ5sd3htJivAbA4ZG3w\"],\"description\":\"Dicodusport est l'encyclop\u00e9die de l'actualit\u00e9 sportive.\",\"email\":\"bonjour@dicodusport.fr\",\"legalName\":\"DICODUSPORT\",\"foundingDate\":\"2018-01-14\",\"vatID\":\"FR71834470973\",\"taxID\":\"83447097300043\",\"numberOfEmployees\":{\"@type\":\"QuantitativeValue\",\"minValue\":\"1\",\"maxValue\":\"10\"}},{\"@type\":\"Person\",\"@id\":\"https:\/\/dicodusport.fr\/blog\/#\/schema\/person\/6db4bae06b171592211be385b32876a7\",\"name\":\"Emilien Descampiaux\",\"image\":{\"@type\":\"ImageObject\",\"inLanguage\":\"fr-FR\",\"@id\":\"https:\/\/dicodusport.fr\/blog\/#\/schema\/person\/image\/\",\"url\":\"https:\/\/dicodusport.fr\/blog\/wp-content\/uploads\/2021\/05\/Emilien-Descampiaux-150x150.jpg\",\"contentUrl\":\"https:\/\/dicodusport.fr\/blog\/wp-content\/uploads\/2021\/05\/Emilien-Descampiaux-150x150.jpg\",\"caption\":\"Emilien Descampiaux\"},\"description\":\"Journaliste\/r\u00e9dacteur depuis 2014 - Fan de la classe de Frank Vandenbroucke, je vis cyclisme (et de ses paysages) depuis plus de 20 ans. Je suis tr\u00e8s impliqu\u00e9 sur mes diff\u00e9rents r\u00e9seaux sociaux pour partager ma passion sur le monde et l'Histoire de la bicyclette avec ma voix sur les images en noir et blanc du succ\u00e8s de Rik Van Steenbergen lors du Ronde sur le V\u00e9lodrome de Gand.\",\"sameAs\":[\"https:\/\/www.facebook.com\/groups\/LesRoisDuPeloton\",\"https:\/\/x.com\/https:\/\/twitter.com\/LRoisDuPeloton\"],\"url\":\"https:\/\/dicodusport.fr\/blog\/author\/emiliend\/\"}]}<\/script>\n<!-- \/ Yoast SEO Premium plugin. -->","yoast_head_json":{"title":"Cyclisme Championnats du monde 2023 : Lorenzo Milesi champion du monde du contre-la-montre chez les espoirs","description":"CHAMPIONNATS DU MONDE DE CYCLISME 2023 \u2013 Lorenzo Milesi est devenu champion du monde du contre-la-montre dans la cat\u00e9gorie des espoirs.","robots":{"index":"index","follow":"follow","max-snippet":"max-snippet:-1","max-image-preview":"max-image-preview:large","max-video-preview":"max-video-preview:-1"},"canonical":"https:\/\/dicodusport.fr\/blog\/cyclisme-championnats-du-monde-2023-lorenzo-milesi-champion-du-monde-du-contre-la-montre-chez-les-espoirs\/","og_locale":"fr_FR","og_type":"article","og_title":"Cyclisme Championnats du monde 2023 : Lorenzo Milesi champion du monde du contre-la-montre chez les espoirs","og_description":"CHAMPIONNATS DU MONDE DE CYCLISME 2023 \u2013 Lorenzo Milesi est devenu champion du monde du contre-la-montre dans la cat\u00e9gorie des espoirs.","og_url":"https:\/\/dicodusport.fr\/blog\/cyclisme-championnats-du-monde-2023-lorenzo-milesi-champion-du-monde-du-contre-la-montre-chez-les-espoirs\/","og_site_name":"Dicodusport","article_publisher":"https:\/\/www.facebook.com\/dicodusport","article_author":"https:\/\/www.facebook.com\/groups\/LesRoisDuPeloton","article_published_time":"2023-08-09T16:08:00+00:00","article_modified_time":"2023-08-09T18:02:27+00:00","og_image":[{"width":800,"height":445,"url":"https:\/\/dicodusport.fr\/blog\/wp-content\/uploads\/2023\/08\/Cyclisme-Championnats-du-monde-2023-Lorenzo-Milesi-champion-du-monde-du-contre-la-montre-chez-les-espoirs.png","type":"image\/png"}],"author":"Emilien Descampiaux","twitter_card":"summary_large_image","twitter_title":"Cyclisme Championnats du monde 2023 : Lorenzo Milesi champion du monde du contre-la-montre chez les espoirs","twitter_creator":"@https:\/\/twitter.com\/LRoisDuPeloton","twitter_site":"@dicodusport","schema":{"@context":"https:\/\/schema.org","@graph":[{"@type":"NewsArticle","@id":"https:\/\/dicodusport.fr\/blog\/cyclisme-championnats-du-monde-2023-lorenzo-milesi-champion-du-monde-du-contre-la-montre-chez-les-espoirs\/#article","isPartOf":{"@id":"https:\/\/dicodusport.fr\/blog\/cyclisme-championnats-du-monde-2023-lorenzo-milesi-champion-du-monde-du-contre-la-montre-chez-les-espoirs\/"},"author":{"name":"Emilien Descampiaux","@id":"https:\/\/dicodusport.fr\/blog\/#\/schema\/person\/6db4bae06b171592211be385b32876a7"},"headline":"Cyclisme Championnats du monde 2023 : Lorenzo Milesi champion du monde du contre-la-montre chez les espoirs","datePublished":"2023-08-09T16:08:00+00:00","dateModified":"2023-08-09T18:02:27+00:00","mainEntityOfPage":{"@id":"https:\/\/dicodusport.fr\/blog\/cyclisme-championnats-du-monde-2023-lorenzo-milesi-champion-du-monde-du-contre-la-montre-chez-les-espoirs\/"},"wordCount":317,"commentCount":0,"publisher":{"@id":"https:\/\/dicodusport.fr\/blog\/#organization"},"image":{"@id":"https:\/\/dicodusport.fr\/blog\/cyclisme-championnats-du-monde-2023-lorenzo-milesi-champion-du-monde-du-contre-la-montre-chez-les-espoirs\/#primaryimage"},"thumbnailUrl":"https:\/\/dicodusport.fr\/blog\/wp-content\/uploads\/2023\/08\/Cyclisme-Championnats-du-monde-2023-Lorenzo-Milesi-champion-du-monde-du-contre-la-montre-chez-les-espoirs.png","keywords":["br\u00e8ve","contre-la-montre"],"articleSection":["Cyclisme","Cyclisme sur route"],"inLanguage":"fr-FR","potentialAction":[{"@type":"CommentAction","name":"Comment","target":["https:\/\/dicodusport.fr\/blog\/cyclisme-championnats-du-monde-2023-lorenzo-milesi-champion-du-monde-du-contre-la-montre-chez-les-espoirs\/#respond"]}],"copyrightYear":"2023","copyrightHolder":{"@id":"https:\/\/dicodusport.fr\/blog\/#organization"}},{"@type":"WebPage","@id":"https:\/\/dicodusport.fr\/blog\/cyclisme-championnats-du-monde-2023-lorenzo-milesi-champion-du-monde-du-contre-la-montre-chez-les-espoirs\/","url":"https:\/\/dicodusport.fr\/blog\/cyclisme-championnats-du-monde-2023-lorenzo-milesi-champion-du-monde-du-contre-la-montre-chez-les-espoirs\/","name":"Cyclisme Championnats du monde 2023 : Lorenzo Milesi champion du monde du contre-la-montre chez les espoirs","isPartOf":{"@id":"https:\/\/dicodusport.fr\/blog\/#website"},"primaryImageOfPage":{"@id":"https:\/\/dicodusport.fr\/blog\/cyclisme-championnats-du-monde-2023-lorenzo-milesi-champion-du-monde-du-contre-la-montre-chez-les-espoirs\/#primaryimage"},"image":{"@id":"https:\/\/dicodusport.fr\/blog\/cyclisme-championnats-du-monde-2023-lorenzo-milesi-champion-du-monde-du-contre-la-montre-chez-les-espoirs\/#primaryimage"},"thumbnailUrl":"https:\/\/dicodusport.fr\/blog\/wp-content\/uploads\/2023\/08\/Cyclisme-Championnats-du-monde-2023-Lorenzo-Milesi-champion-du-monde-du-contre-la-montre-chez-les-espoirs.png","datePublished":"2023-08-09T16:08:00+00:00","dateModified":"2023-08-09T18:02:27+00:00","description":"CHAMPIONNATS DU MONDE DE CYCLISME 2023 \u2013 Lorenzo Milesi est devenu champion du monde du contre-la-montre dans la cat\u00e9gorie des espoirs.","breadcrumb":{"@id":"https:\/\/dicodusport.fr\/blog\/cyclisme-championnats-du-monde-2023-lorenzo-milesi-champion-du-monde-du-contre-la-montre-chez-les-espoirs\/#breadcrumb"},"inLanguage":"fr-FR","potentialAction":[{"@type":"ReadAction","target":["https:\/\/dicodusport.fr\/blog\/cyclisme-championnats-du-monde-2023-lorenzo-milesi-champion-du-monde-du-contre-la-montre-chez-les-espoirs\/"]}]},{"@type":"ImageObject","inLanguage":"fr-FR","@id":"https:\/\/dicodusport.fr\/blog\/cyclisme-championnats-du-monde-2023-lorenzo-milesi-champion-du-monde-du-contre-la-montre-chez-les-espoirs\/#primaryimage","url":"https:\/\/dicodusport.fr\/blog\/wp-content\/uploads\/2023\/08\/Cyclisme-Championnats-du-monde-2023-Lorenzo-Milesi-champion-du-monde-du-contre-la-montre-chez-les-espoirs.png","contentUrl":"https:\/\/dicodusport.fr\/blog\/wp-content\/uploads\/2023\/08\/Cyclisme-Championnats-du-monde-2023-Lorenzo-Milesi-champion-du-monde-du-contre-la-montre-chez-les-espoirs.png","width":800,"height":445,"caption":"Cyclisme Championnats du monde 2023 Lorenzo Milesi champion du monde du contre-la-montre chez les espoirs"},{"@type":"BreadcrumbList","@id":"https:\/\/dicodusport.fr\/blog\/cyclisme-championnats-du-monde-2023-lorenzo-milesi-champion-du-monde-du-contre-la-montre-chez-les-espoirs\/#breadcrumb","itemListElement":[{"@type":"ListItem","position":1,"name":"Accueil","item":"https:\/\/dicodusport.fr\/blog\/"},{"@type":"ListItem","position":2,"name":"Cyclisme Championnats du monde 2023 : Lorenzo Milesi champion du monde du contre-la-montre chez les espoirs"}]},{"@type":"WebSite","@id":"https:\/\/dicodusport.fr\/blog\/#website","url":"https:\/\/dicodusport.fr\/blog\/","name":"Dicodusport","description":"L&#039;encyclop\u00e9die de l&#039;actualit\u00e9 sportive","publisher":{"@id":"https:\/\/dicodusport.fr\/blog\/#organization"},"potentialAction":[{"@type":"SearchAction","target":{"@type":"EntryPoint","urlTemplate":"https:\/\/dicodusport.fr\/blog\/?s={search_term_string}"},"query-input":{"@type":"PropertyValueSpecification","valueRequired":true,"valueName":"search_term_string"}}],"inLanguage":"fr-FR"},{"@type":"NewsMediaOrganization","@id":"https:\/\/dicodusport.fr\/blog\/#organization","name":"Dicodusport","url":"https:\/\/dicodusport.fr\/blog\/","logo":{"@type":"ImageObject","inLanguage":"fr-FR","@id":"https:\/\/dicodusport.fr\/blog\/#\/schema\/logo\/image\/","url":"https:\/\/dicodusport.fr\/blog\/wp-content\/uploads\/2020\/06\/cropped-LOGO-DICODUSPORT-2020-SANS-FOND-SANS-TEXTE.png","contentUrl":"https:\/\/dicodusport.fr\/blog\/wp-content\/uploads\/2020\/06\/cropped-LOGO-DICODUSPORT-2020-SANS-FOND-SANS-TEXTE.png","width":512,"height":512,"caption":"Dicodusport"},"image":{"@id":"https:\/\/dicodusport.fr\/blog\/#\/schema\/logo\/image\/"},"sameAs":["https:\/\/www.facebook.com\/dicodusport","https:\/\/x.com\/dicodusport","https:\/\/www.instagram.com\/dicodusport\/","https:\/\/www.youtube.com\/channel\/UC7V2KZ5sd3htJivAbA4ZG3w"],"description":"Dicodusport est l'encyclop\u00e9die de l'actualit\u00e9 sportive.","email":"bonjour@dicodusport.fr","legalName":"DICODUSPORT","foundingDate":"2018-01-14","vatID":"FR71834470973","taxID":"83447097300043","numberOfEmployees":{"@type":"QuantitativeValue","minValue":"1","maxValue":"10"}},{"@type":"Person","@id":"https:\/\/dicodusport.fr\/blog\/#\/schema\/person\/6db4bae06b171592211be385b32876a7","name":"Emilien Descampiaux","image":{"@type":"ImageObject","inLanguage":"fr-FR","@id":"https:\/\/dicodusport.fr\/blog\/#\/schema\/person\/image\/","url":"https:\/\/dicodusport.fr\/blog\/wp-content\/uploads\/2021\/05\/Emilien-Descampiaux-150x150.jpg","contentUrl":"https:\/\/dicodusport.fr\/blog\/wp-content\/uploads\/2021\/05\/Emilien-Descampiaux-150x150.jpg","caption":"Emilien Descampiaux"},"description":"Journaliste\/r\u00e9dacteur depuis 2014 - Fan de la classe de Frank Vandenbroucke, je vis cyclisme (et de ses paysages) depuis plus de 20 ans. Je suis tr\u00e8s impliqu\u00e9 sur mes diff\u00e9rents r\u00e9seaux sociaux pour partager ma passion sur le monde et l'Histoire de la bicyclette avec ma voix sur les images en noir et blanc du succ\u00e8s de Rik Van Steenbergen lors du Ronde sur le V\u00e9lodrome de Gand.","sameAs":["https:\/\/www.facebook.com\/groups\/LesRoisDuPeloton","https:\/\/x.com\/https:\/\/twitter.com\/LRoisDuPeloton"],"url":"https:\/\/dicodusport.fr\/blog\/author\/emiliend\/"}]}},"_links":{"self":[{"href":"https:\/\/dicodusport.fr\/blog\/wp-json\/wp\/v2\/posts\/407061","targetHints":{"allow":["GET"]}}],"collection":[{"href":"https:\/\/dicodusport.fr\/blog\/wp-json\/wp\/v2\/posts"}],"about":[{"href":"https:\/\/dicodusport.fr\/blog\/wp-json\/wp\/v2\/types\/post"}],"author":[{"embeddable":true,"href":"https:\/\/dicodusport.fr\/blog\/wp-json\/wp\/v2\/users\/48"}],"replies":[{"embeddable":true,"href":"https:\/\/dicodusport.fr\/blog\/wp-json\/wp\/v2\/comments?post=407061"}],"version-history":[{"count":0,"href":"https:\/\/dicodusport.fr\/blog\/wp-json\/wp\/v2\/posts\/407061\/revisions"}],"wp:featuredmedia":[{"embeddable":true,"href":"https:\/\/dicodusport.fr\/blog\/wp-json\/wp\/v2\/media\/407127"}],"wp:attachment":[{"href":"https:\/\/dicodusport.fr\/blog\/wp-json\/wp\/v2\/media?parent=407061"}],"wp:term":[{"taxonomy":"category","embeddable":true,"href":"https:\/\/dicodusport.fr\/blog\/wp-json\/wp\/v2\/categories?post=407061"},{"taxonomy":"post_tag","embeddable":true,"href":"https:\/\/dicodusport.fr\/blog\/wp-json\/wp\/v2\/tags?post=407061"}],"curies":[{"name":"wp","href":"https:\/\/api.w.org\/{rel}","templated":true}]}}