{"id":407086,"date":"2023-08-10T08:00:45","date_gmt":"2023-08-10T06:00:45","guid":{"rendered":"https:\/\/dicodusport.fr\/blog\/?p=407086&#038;preview=true&#038;preview_id=407086"},"modified":"2023-08-09T21:41:59","modified_gmt":"2023-08-09T19:41:59","slug":"tennis-lequipe-de-france-u18-vice-championne-deurope","status":"publish","type":"post","link":"https:\/\/dicodusport.fr\/blog\/tennis-lequipe-de-france-u18-vice-championne-deurope\/","title":{"rendered":"Tennis : L&rsquo;\u00e9quipe de France U18 vice-championne d&rsquo;Europe"},"content":{"rendered":"<p style=\"text-align: justify;\"><b><i>CHAMPIONNATS D&rsquo;EUROPE PAR \u00c9QUIPES JUNIORS &#8211; Les Fran\u00e7ais U18 perdent leur titre apr\u00e8s leur d\u00e9faite face \u00e0 la Belgique tandis que les filles terminent 4e.<br \/>\n<\/i><\/b><\/p>\n<p style=\"text-align: justify;\">La <strong>France<\/strong> restait sur <strong>6 titres d&rsquo;affil\u00e9e<\/strong> dans cette cat\u00e9gorie ! Mais aujourd&rsquo;hui, elle a d\u00fb passer la main \u00e0 la <strong>Belgique<\/strong>.<\/p>\n<h2 style=\"text-align: justify;\">La Belgique prend sa revanche<\/h2>\n<p style=\"text-align: justify;\">En qualifications, victoire ais\u00e9e d&rsquo;<strong>Arthur Gea<\/strong>, <strong>Gabriel Debru<\/strong> et<strong> Antoine<\/strong> <strong>Ghibaudo<\/strong> face au Portugal et \u00e0 la Su\u00e8de (3-0). Lors de la phase finale, les Fran\u00e7ais ont battu la Grande-Bretagne en quarts 2-1 puis l&rsquo;Italie 2-0.<\/p>\n<blockquote class=\"twitter-tweet\">\n<p dir=\"ltr\" lang=\"fr\">\ud835\udde8\ud835\uddfb \ud835\uddf7\ud835\uddfc\ud835\ude02\ud835\uddff \ud835\uddee\ud835\ude03\ud835\uddf2\ud835\uddf0 \ud835\uddf9\ud835\uddf2\ud835\ude00 \ud835\uddd5\ud835\uddf9\ud835\uddf2\ud835\ude02\ud835\ude00 \u00e0 \ud835\udde5\ud835\uddfc\ud835\uddfa\ud835\uddf2 \ud83c\uddee\ud83c\uddf9 \ud835\uddd8\ud835\uddfd\ud835\uddf6\ud835\ude00\ud835\uddfc\ud835\uddf1\ud835\uddf2 \ud835\udff0<\/p>\n<p>Retour sur la demi-finale des Championnats d\u2019Europe U18 remport\u00e9e par les Bleus face \u00e0 l\u2019Italie (2-0) ! Finale aujourd\u2019hui face \u00e0 la Belgique \ud83e\udee1\ud83c\uddeb\ud83c\uddf7 <a href=\"https:\/\/t.co\/vk7ixsw0v2\">pic.twitter.com\/vk7ixsw0v2<\/a><\/p>\n<p>\u2014 FFT (@FFTennis) <a href=\"https:\/\/twitter.com\/FFTennis\/status\/1689177031748050945?ref_src=twsrc%5Etfw\">August 9, 2023<\/a><\/p><\/blockquote>\n<p><script async src=\"https:\/\/platform.twitter.com\/widgets.js\" charset=\"utf-8\"><\/script><\/p>\n<p style=\"text-align: justify;\">En finale, le remake de <a href=\"https:\/\/dicodusport.fr\/blog\/tennis-la-france-championne-deurope-par-equipes-u18-pour-la-6e-fois-daffilee\/\">celle de l&rsquo;ann\u00e9e derni\u00e8re<\/a> face \u00e0 la <strong>Belgique<\/strong>. Gabriel Debru \u00e9tait de la partie, m\u00eame si ce sont Arthur Fils et Luca Van Assche qui avaient jou\u00e9.<\/p>\n<p style=\"text-align: justify;\">Les Belges \u00e9taient emmen\u00e9s par leur ancien num\u00e9ro un mondial qui prend ses marques sur le circuit senior <strong>Arnaud Bailly<\/strong>. Lui et son compatriote ont bien pris leur revanche. <strong>Alexander Blockx<\/strong> a d&rsquo;abord battu Gabriel Debru 6-3 6-4 avant qu&rsquo;<strong>Arnaud Bailly<\/strong> ne donne la victoire \u00e0 la Belgique face \u00e0 Arthur Gea (7-5 6-1).<\/p>\n<blockquote class=\"twitter-tweet\">\n<p dir=\"ltr\" lang=\"fr\">\ud83e\udd48\ud83c\uddeb\ud83c\uddf7 M\u00e9daille d\u2019argent pour nos Bleus qui s\u2019inclinent en finale des Championnats d\u2019Europe U18 face \u00e0 la Belgique.<\/p>\n<p>Bravo, <a href=\"https:\/\/twitter.com\/TennisBelgium?ref_src=twsrc%5Etfw\">@TennisBelgium<\/a> \ud83e\udd1d\ud83c\udde7\ud83c\uddea <a href=\"https:\/\/t.co\/zKss5N0tPH\">pic.twitter.com\/zKss5N0tPH<\/a><\/p>\n<p>\u2014 FFT (@FFTennis) <a href=\"https:\/\/twitter.com\/FFTennis\/status\/1689292401985134592?ref_src=twsrc%5Etfw\">August 9, 2023<\/a><\/p><\/blockquote>\n<p><script async src=\"https:\/\/platform.twitter.com\/widgets.js\" charset=\"utf-8\"><\/script><\/p>\n<p style=\"text-align: justify;\">Du c\u00f4t\u00e9 des filles, une victoire et une d\u00e9faite en qualifications : victoire 3-0 face \u00e0 la Turquie puis d\u00e9faite 1-2 face \u00e0 la Slovaquie.<\/p>\n<p style=\"text-align: justify;\">Tout de m\u00eame qualifi\u00e9es pour la<strong> phase finale<\/strong>, <strong>Yaroslava Bartashevich<\/strong>, <strong>Sarah Iliev<\/strong> et <strong>Astrid Lew Yan Foon<\/strong> ont battu la Belgique (!) 2-1 en quarts. Mais elles se sont lourdement inclin\u00e9es hier 0-3 face \u00e0 la Bulgarie, t\u00eate de s\u00e9rie n\u00b02 en demi-finale. Aujourd&rsquo;hui, elles jouaient donc pour le bronze face \u00e0 l&rsquo;Espagne, t\u00eate de s\u00e9rie n\u00b04.<\/p>\n<p style=\"text-align: justify;\">Apr\u00e8s une lutte acharn\u00e9e, Bartashevich a battu Martina Genis Salas 6-7[4] 6-3 6-0 puis Ariana Geerlings a remis les \u00e9quipes \u00e0 \u00e9galit\u00e9 avec sa victoire 6-4 7-5 sur Lew Yan Foon. Encore un gros combat en double. Qui a tourn\u00e9 \u00e0 l&rsquo;avantage des Espagnoles 6-3 5-7 [10-4]. Dommage !<\/p>\n<div id=\"attachment_407200\" style=\"width: 721px\" class=\"wp-caption aligncenter\"><img loading=\"lazy\" decoding=\"async\" aria-describedby=\"caption-attachment-407200\" class=\"size-full wp-image-407200\" src=\"https:\/\/dicodusport.fr\/blog\/wp-content\/uploads\/2023\/08\/France-2.jpg\" alt=\"\" width=\"711\" height=\"474\" srcset=\"https:\/\/dicodusport.fr\/blog\/wp-content\/uploads\/2023\/08\/France-2.jpg 711w, https:\/\/dicodusport.fr\/blog\/wp-content\/uploads\/2023\/08\/France-2-300x200.jpg 300w\" sizes=\"auto, (max-width: 711px) 100vw, 711px\" \/><p id=\"caption-attachment-407200\" class=\"wp-caption-text\">L&rsquo;\u00e9quipe de France U18 f\u00e9minine &#8211; Photo Tennis Europe<\/p><\/div>\n<h2 style=\"text-align: justify;\">Les autres r\u00e9sultats fran\u00e7ais<\/h2>\n<p style=\"text-align: justify;\">Les Championnats d&rsquo;Europe r\u00e9ussissent toujours aux <strong>\u00e9quipes de France<\/strong>. Ainsi, le mois dernier, les <strong>U14<\/strong> avaient remport\u00e9 le titre, une premi\u00e8re depuis 2018. Les filles avaient elles \u00e9t\u00e9 \u00e9limin\u00e9es en quarts par la Grande-Bretagne. L&rsquo;\u00e9quipe masculine U14 dispute actuellement les finales mondiales U14.<\/p>\n<blockquote class=\"twitter-tweet\">\n<p dir=\"ltr\" lang=\"fr\">CHAMPIONS \ud83c\udfc6<\/p>\n<p>Nos U14 (Daniel Jade, Jules Rimbaud, Mathys Domenc) ont remport\u00e9 la Copa del Sol, la premi\u00e8re depuis 2018 !<\/p>\n<p>Bravo les Bleuets \ud83d\udc4a\ud83c\uddeb\ud83c\uddf7<\/p>\n<p>\u2014 FFT (@FFTennis) <a href=\"https:\/\/twitter.com\/FFTennis\/status\/1678066908199886848?ref_src=twsrc%5Etfw\">July 9, 2023<\/a><\/p><\/blockquote>\n<p><script async src=\"https:\/\/platform.twitter.com\/widgets.js\" charset=\"utf-8\"><\/script><\/p>\n<p>De leur c\u00f4t\u00e9, les <strong>U12<\/strong> d\u00e9butent leur phase finale demain jusqu&rsquo;\u00e0 dimanche.<\/p>\n<p style=\"text-align: justify;\">Malheureusement, les <strong>U16<\/strong> n&rsquo;ont pas vu la phase finale. En qualifications, la d\u00e9faite 1-2 face \u00e0 la Belgique des filles aura co\u00fbt\u00e9 la qualification malgr\u00e9 les victoires 3-0 face \u00e0 l&rsquo;Estonie et le Portugal. De leur c\u00f4t\u00e9, les gar\u00e7ons ont gagn\u00e9 3-0 face \u00e0 la Gr\u00e8ce mais se sont inclin\u00e9s 1-2 face \u00e0 la Roumanie et la Finlande.<\/p>\n","protected":false},"excerpt":{"rendered":"<p>CHAMPIONNATS D&rsquo;EUROPE PAR \u00c9QUIPES JUNIORS &#8211; Les Fran\u00e7ais U18 perdent leur titre apr\u00e8s leur d\u00e9faite face \u00e0 la Belgique tandis que les filles terminent 4e.<\/p>\n","protected":false},"author":12,"featured_media":407199,"comment_status":"open","ping_status":"closed","sticky":false,"template":"","format":"standard","meta":{"_acf_changed":false,"_daextam_enable_autolinks":"","footnotes":""},"categories":[2302],"tags":[16878,23548],"class_list":["post-407086","post","type-post","status-publish","format-standard","has-post-thumbnail","hentry","category-tennis","tag-breve","tag-gabriel-debru"],"acf":[],"yoast_head":"<!-- This site is optimized with the Yoast SEO Premium plugin v26.7 (Yoast SEO v26.7) - https:\/\/yoast.com\/wordpress\/plugins\/seo\/ -->\n<title>Tennis : L&#039;\u00e9quipe de France U18 vice-championne d&#039;Europe<\/title>\n<meta name=\"description\" content=\"CHAMPIONNATS D&#039;EUROPE PAR \u00c9QUIPES JUNIORS - Les Fran\u00e7ais U18 perdent leur titre tandis que les filles terminent 4e.\" \/>\n<meta name=\"robots\" content=\"index, follow, max-snippet:-1, max-image-preview:large, max-video-preview:-1\" \/>\n<link rel=\"canonical\" href=\"https:\/\/dicodusport.fr\/blog\/tennis-lequipe-de-france-u18-vice-championne-deurope\/\" \/>\n<meta property=\"og:locale\" content=\"fr_FR\" \/>\n<meta property=\"og:type\" content=\"article\" \/>\n<meta property=\"og:title\" content=\"Tennis : L&#039;\u00e9quipe de France U18 vice-championne d&#039;Europe\" \/>\n<meta property=\"og:description\" content=\"CHAMPIONNATS D&#039;EUROPE PAR \u00c9QUIPES JUNIORS - Les Fran\u00e7ais U18 perdent leur titre tandis que les filles terminent 4e.\" \/>\n<meta property=\"og:url\" content=\"https:\/\/dicodusport.fr\/blog\/tennis-lequipe-de-france-u18-vice-championne-deurope\/\" \/>\n<meta property=\"og:site_name\" content=\"Dicodusport\" \/>\n<meta property=\"article:publisher\" content=\"https:\/\/www.facebook.com\/dicodusport\" \/>\n<meta property=\"article:published_time\" content=\"2023-08-10T06:00:45+00:00\" \/>\n<meta property=\"og:image\" content=\"https:\/\/dicodusport.fr\/blog\/wp-content\/uploads\/2023\/08\/Tennis-Lequipe-de-France-U18-vice-championne-dEurope.png\" \/>\n\t<meta property=\"og:image:width\" content=\"800\" \/>\n\t<meta property=\"og:image:height\" content=\"445\" \/>\n\t<meta property=\"og:image:type\" content=\"image\/png\" \/>\n<meta name=\"author\" content=\"Arlette Yeye\" \/>\n<meta name=\"twitter:card\" content=\"summary_large_image\" \/>\n<meta name=\"twitter:title\" content=\"Tennis : L&#039;\u00e9quipe de France U18 vice-championne d&#039;Europe\" \/>\n<meta name=\"twitter:creator\" content=\"@https:\/\/twitter.com\/Shiclette94\" \/>\n<meta name=\"twitter:site\" content=\"@dicodusport\" \/>\n<script type=\"application\/ld+json\" class=\"yoast-schema-graph\">{\"@context\":\"https:\/\/schema.org\",\"@graph\":[{\"@type\":\"NewsArticle\",\"@id\":\"https:\/\/dicodusport.fr\/blog\/tennis-lequipe-de-france-u18-vice-championne-deurope\/#article\",\"isPartOf\":{\"@id\":\"https:\/\/dicodusport.fr\/blog\/tennis-lequipe-de-france-u18-vice-championne-deurope\/\"},\"author\":{\"name\":\"Arlette Yeye\",\"@id\":\"https:\/\/dicodusport.fr\/blog\/#\/schema\/person\/cce96fa88785bd8573e3d43078ac8c79\"},\"headline\":\"Tennis : L&rsquo;\u00e9quipe de France U18 vice-championne d&rsquo;Europe\",\"datePublished\":\"2023-08-10T06:00:45+00:00\",\"mainEntityOfPage\":{\"@id\":\"https:\/\/dicodusport.fr\/blog\/tennis-lequipe-de-france-u18-vice-championne-deurope\/\"},\"wordCount\":569,\"commentCount\":0,\"publisher\":{\"@id\":\"https:\/\/dicodusport.fr\/blog\/#organization\"},\"image\":{\"@id\":\"https:\/\/dicodusport.fr\/blog\/tennis-lequipe-de-france-u18-vice-championne-deurope\/#primaryimage\"},\"thumbnailUrl\":\"https:\/\/dicodusport.fr\/blog\/wp-content\/uploads\/2023\/08\/Tennis-Lequipe-de-France-U18-vice-championne-dEurope.png\",\"keywords\":[\"br\u00e8ve\",\"Gabriel Debru\"],\"articleSection\":[\"Tennis\"],\"inLanguage\":\"fr-FR\",\"potentialAction\":[{\"@type\":\"CommentAction\",\"name\":\"Comment\",\"target\":[\"https:\/\/dicodusport.fr\/blog\/tennis-lequipe-de-france-u18-vice-championne-deurope\/#respond\"]}],\"copyrightYear\":\"2023\",\"copyrightHolder\":{\"@id\":\"https:\/\/dicodusport.fr\/blog\/#organization\"}},{\"@type\":\"WebPage\",\"@id\":\"https:\/\/dicodusport.fr\/blog\/tennis-lequipe-de-france-u18-vice-championne-deurope\/\",\"url\":\"https:\/\/dicodusport.fr\/blog\/tennis-lequipe-de-france-u18-vice-championne-deurope\/\",\"name\":\"Tennis : L'\u00e9quipe de France U18 vice-championne d'Europe\",\"isPartOf\":{\"@id\":\"https:\/\/dicodusport.fr\/blog\/#website\"},\"primaryImageOfPage\":{\"@id\":\"https:\/\/dicodusport.fr\/blog\/tennis-lequipe-de-france-u18-vice-championne-deurope\/#primaryimage\"},\"image\":{\"@id\":\"https:\/\/dicodusport.fr\/blog\/tennis-lequipe-de-france-u18-vice-championne-deurope\/#primaryimage\"},\"thumbnailUrl\":\"https:\/\/dicodusport.fr\/blog\/wp-content\/uploads\/2023\/08\/Tennis-Lequipe-de-France-U18-vice-championne-dEurope.png\",\"datePublished\":\"2023-08-10T06:00:45+00:00\",\"description\":\"CHAMPIONNATS D'EUROPE PAR \u00c9QUIPES JUNIORS - Les Fran\u00e7ais U18 perdent leur titre tandis que les filles terminent 4e.\",\"breadcrumb\":{\"@id\":\"https:\/\/dicodusport.fr\/blog\/tennis-lequipe-de-france-u18-vice-championne-deurope\/#breadcrumb\"},\"inLanguage\":\"fr-FR\",\"potentialAction\":[{\"@type\":\"ReadAction\",\"target\":[\"https:\/\/dicodusport.fr\/blog\/tennis-lequipe-de-france-u18-vice-championne-deurope\/\"]}]},{\"@type\":\"ImageObject\",\"inLanguage\":\"fr-FR\",\"@id\":\"https:\/\/dicodusport.fr\/blog\/tennis-lequipe-de-france-u18-vice-championne-deurope\/#primaryimage\",\"url\":\"https:\/\/dicodusport.fr\/blog\/wp-content\/uploads\/2023\/08\/Tennis-Lequipe-de-France-U18-vice-championne-dEurope.png\",\"contentUrl\":\"https:\/\/dicodusport.fr\/blog\/wp-content\/uploads\/2023\/08\/Tennis-Lequipe-de-France-U18-vice-championne-dEurope.png\",\"width\":800,\"height\":445,\"caption\":\"Tennis L'\u00e9quipe de France U18 vice-championne d'Europe\"},{\"@type\":\"BreadcrumbList\",\"@id\":\"https:\/\/dicodusport.fr\/blog\/tennis-lequipe-de-france-u18-vice-championne-deurope\/#breadcrumb\",\"itemListElement\":[{\"@type\":\"ListItem\",\"position\":1,\"name\":\"Accueil\",\"item\":\"https:\/\/dicodusport.fr\/blog\/\"},{\"@type\":\"ListItem\",\"position\":2,\"name\":\"Tennis : L&rsquo;\u00e9quipe de France U18 vice-championne d&rsquo;Europe\"}]},{\"@type\":\"WebSite\",\"@id\":\"https:\/\/dicodusport.fr\/blog\/#website\",\"url\":\"https:\/\/dicodusport.fr\/blog\/\",\"name\":\"Dicodusport\",\"description\":\"L&#039;encyclop\u00e9die de l&#039;actualit\u00e9 sportive\",\"publisher\":{\"@id\":\"https:\/\/dicodusport.fr\/blog\/#organization\"},\"potentialAction\":[{\"@type\":\"SearchAction\",\"target\":{\"@type\":\"EntryPoint\",\"urlTemplate\":\"https:\/\/dicodusport.fr\/blog\/?s={search_term_string}\"},\"query-input\":{\"@type\":\"PropertyValueSpecification\",\"valueRequired\":true,\"valueName\":\"search_term_string\"}}],\"inLanguage\":\"fr-FR\"},{\"@type\":\"NewsMediaOrganization\",\"@id\":\"https:\/\/dicodusport.fr\/blog\/#organization\",\"name\":\"Dicodusport\",\"url\":\"https:\/\/dicodusport.fr\/blog\/\",\"logo\":{\"@type\":\"ImageObject\",\"inLanguage\":\"fr-FR\",\"@id\":\"https:\/\/dicodusport.fr\/blog\/#\/schema\/logo\/image\/\",\"url\":\"https:\/\/dicodusport.fr\/blog\/wp-content\/uploads\/2020\/06\/cropped-LOGO-DICODUSPORT-2020-SANS-FOND-SANS-TEXTE.png\",\"contentUrl\":\"https:\/\/dicodusport.fr\/blog\/wp-content\/uploads\/2020\/06\/cropped-LOGO-DICODUSPORT-2020-SANS-FOND-SANS-TEXTE.png\",\"width\":512,\"height\":512,\"caption\":\"Dicodusport\"},\"image\":{\"@id\":\"https:\/\/dicodusport.fr\/blog\/#\/schema\/logo\/image\/\"},\"sameAs\":[\"https:\/\/www.facebook.com\/dicodusport\",\"https:\/\/x.com\/dicodusport\",\"https:\/\/www.instagram.com\/dicodusport\/\",\"https:\/\/www.youtube.com\/channel\/UC7V2KZ5sd3htJivAbA4ZG3w\"],\"description\":\"Dicodusport est l'encyclop\u00e9die de l'actualit\u00e9 sportive.\",\"email\":\"bonjour@dicodusport.fr\",\"legalName\":\"DICODUSPORT\",\"foundingDate\":\"2018-01-14\",\"vatID\":\"FR71834470973\",\"taxID\":\"83447097300043\",\"numberOfEmployees\":{\"@type\":\"QuantitativeValue\",\"minValue\":\"1\",\"maxValue\":\"10\"}},{\"@type\":\"Person\",\"@id\":\"https:\/\/dicodusport.fr\/blog\/#\/schema\/person\/cce96fa88785bd8573e3d43078ac8c79\",\"name\":\"Arlette Yeye\",\"image\":{\"@type\":\"ImageObject\",\"inLanguage\":\"fr-FR\",\"@id\":\"https:\/\/dicodusport.fr\/blog\/#\/schema\/person\/image\/\",\"url\":\"https:\/\/secure.gravatar.com\/avatar\/dca4a6239e6d708e46c45d60e160de6c?s=96&d=wp_user_avatar&r=g\",\"contentUrl\":\"https:\/\/secure.gravatar.com\/avatar\/dca4a6239e6d708e46c45d60e160de6c?s=96&d=wp_user_avatar&r=g\",\"caption\":\"Arlette Yeye\"},\"description\":\"Journaliste\/r\u00e9dactrice depuis septembre 2015 - Supportrice de Chelsea, j'ai pour sports de pr\u00e9dilection le handball, l'athl\u00e9tisme et le tennis. Si je tweete plus vite que mon ombre, vous pouvez aussi me retrouver les week-ends sur les playgrounds de Bruxelles pour un petit foot ou basket entre potes. Parcourir la France, l'Europe et plus si affinit\u00e9s pour suivre mes sportifs pr\u00e9f\u00e9r\u00e9s ? Mon kif ! Et c'est avec plaisir que je partage les r\u00e9sultats des sports populaires mais \u00e9galement plus confidentiels pour Dicodusport.\",\"sameAs\":[\"https:\/\/x.com\/https:\/\/twitter.com\/Shiclette94\"],\"url\":\"https:\/\/dicodusport.fr\/blog\/author\/arlette\/\"}]}<\/script>\n<!-- \/ Yoast SEO Premium plugin. -->","yoast_head_json":{"title":"Tennis : L'\u00e9quipe de France U18 vice-championne d'Europe","description":"CHAMPIONNATS D'EUROPE PAR \u00c9QUIPES JUNIORS - Les Fran\u00e7ais U18 perdent leur titre tandis que les filles terminent 4e.","robots":{"index":"index","follow":"follow","max-snippet":"max-snippet:-1","max-image-preview":"max-image-preview:large","max-video-preview":"max-video-preview:-1"},"canonical":"https:\/\/dicodusport.fr\/blog\/tennis-lequipe-de-france-u18-vice-championne-deurope\/","og_locale":"fr_FR","og_type":"article","og_title":"Tennis : L'\u00e9quipe de France U18 vice-championne d'Europe","og_description":"CHAMPIONNATS D'EUROPE PAR \u00c9QUIPES JUNIORS - Les Fran\u00e7ais U18 perdent leur titre tandis que les filles terminent 4e.","og_url":"https:\/\/dicodusport.fr\/blog\/tennis-lequipe-de-france-u18-vice-championne-deurope\/","og_site_name":"Dicodusport","article_publisher":"https:\/\/www.facebook.com\/dicodusport","article_published_time":"2023-08-10T06:00:45+00:00","og_image":[{"width":800,"height":445,"url":"https:\/\/dicodusport.fr\/blog\/wp-content\/uploads\/2023\/08\/Tennis-Lequipe-de-France-U18-vice-championne-dEurope.png","type":"image\/png"}],"author":"Arlette Yeye","twitter_card":"summary_large_image","twitter_title":"Tennis : L'\u00e9quipe de France U18 vice-championne d'Europe","twitter_creator":"@https:\/\/twitter.com\/Shiclette94","twitter_site":"@dicodusport","schema":{"@context":"https:\/\/schema.org","@graph":[{"@type":"NewsArticle","@id":"https:\/\/dicodusport.fr\/blog\/tennis-lequipe-de-france-u18-vice-championne-deurope\/#article","isPartOf":{"@id":"https:\/\/dicodusport.fr\/blog\/tennis-lequipe-de-france-u18-vice-championne-deurope\/"},"author":{"name":"Arlette Yeye","@id":"https:\/\/dicodusport.fr\/blog\/#\/schema\/person\/cce96fa88785bd8573e3d43078ac8c79"},"headline":"Tennis : L&rsquo;\u00e9quipe de France U18 vice-championne d&rsquo;Europe","datePublished":"2023-08-10T06:00:45+00:00","mainEntityOfPage":{"@id":"https:\/\/dicodusport.fr\/blog\/tennis-lequipe-de-france-u18-vice-championne-deurope\/"},"wordCount":569,"commentCount":0,"publisher":{"@id":"https:\/\/dicodusport.fr\/blog\/#organization"},"image":{"@id":"https:\/\/dicodusport.fr\/blog\/tennis-lequipe-de-france-u18-vice-championne-deurope\/#primaryimage"},"thumbnailUrl":"https:\/\/dicodusport.fr\/blog\/wp-content\/uploads\/2023\/08\/Tennis-Lequipe-de-France-U18-vice-championne-dEurope.png","keywords":["br\u00e8ve","Gabriel Debru"],"articleSection":["Tennis"],"inLanguage":"fr-FR","potentialAction":[{"@type":"CommentAction","name":"Comment","target":["https:\/\/dicodusport.fr\/blog\/tennis-lequipe-de-france-u18-vice-championne-deurope\/#respond"]}],"copyrightYear":"2023","copyrightHolder":{"@id":"https:\/\/dicodusport.fr\/blog\/#organization"}},{"@type":"WebPage","@id":"https:\/\/dicodusport.fr\/blog\/tennis-lequipe-de-france-u18-vice-championne-deurope\/","url":"https:\/\/dicodusport.fr\/blog\/tennis-lequipe-de-france-u18-vice-championne-deurope\/","name":"Tennis : L'\u00e9quipe de France U18 vice-championne d'Europe","isPartOf":{"@id":"https:\/\/dicodusport.fr\/blog\/#website"},"primaryImageOfPage":{"@id":"https:\/\/dicodusport.fr\/blog\/tennis-lequipe-de-france-u18-vice-championne-deurope\/#primaryimage"},"image":{"@id":"https:\/\/dicodusport.fr\/blog\/tennis-lequipe-de-france-u18-vice-championne-deurope\/#primaryimage"},"thumbnailUrl":"https:\/\/dicodusport.fr\/blog\/wp-content\/uploads\/2023\/08\/Tennis-Lequipe-de-France-U18-vice-championne-dEurope.png","datePublished":"2023-08-10T06:00:45+00:00","description":"CHAMPIONNATS D'EUROPE PAR \u00c9QUIPES JUNIORS - Les Fran\u00e7ais U18 perdent leur titre tandis que les filles terminent 4e.","breadcrumb":{"@id":"https:\/\/dicodusport.fr\/blog\/tennis-lequipe-de-france-u18-vice-championne-deurope\/#breadcrumb"},"inLanguage":"fr-FR","potentialAction":[{"@type":"ReadAction","target":["https:\/\/dicodusport.fr\/blog\/tennis-lequipe-de-france-u18-vice-championne-deurope\/"]}]},{"@type":"ImageObject","inLanguage":"fr-FR","@id":"https:\/\/dicodusport.fr\/blog\/tennis-lequipe-de-france-u18-vice-championne-deurope\/#primaryimage","url":"https:\/\/dicodusport.fr\/blog\/wp-content\/uploads\/2023\/08\/Tennis-Lequipe-de-France-U18-vice-championne-dEurope.png","contentUrl":"https:\/\/dicodusport.fr\/blog\/wp-content\/uploads\/2023\/08\/Tennis-Lequipe-de-France-U18-vice-championne-dEurope.png","width":800,"height":445,"caption":"Tennis L'\u00e9quipe de France U18 vice-championne d'Europe"},{"@type":"BreadcrumbList","@id":"https:\/\/dicodusport.fr\/blog\/tennis-lequipe-de-france-u18-vice-championne-deurope\/#breadcrumb","itemListElement":[{"@type":"ListItem","position":1,"name":"Accueil","item":"https:\/\/dicodusport.fr\/blog\/"},{"@type":"ListItem","position":2,"name":"Tennis : L&rsquo;\u00e9quipe de France U18 vice-championne d&rsquo;Europe"}]},{"@type":"WebSite","@id":"https:\/\/dicodusport.fr\/blog\/#website","url":"https:\/\/dicodusport.fr\/blog\/","name":"Dicodusport","description":"L&#039;encyclop\u00e9die de l&#039;actualit\u00e9 sportive","publisher":{"@id":"https:\/\/dicodusport.fr\/blog\/#organization"},"potentialAction":[{"@type":"SearchAction","target":{"@type":"EntryPoint","urlTemplate":"https:\/\/dicodusport.fr\/blog\/?s={search_term_string}"},"query-input":{"@type":"PropertyValueSpecification","valueRequired":true,"valueName":"search_term_string"}}],"inLanguage":"fr-FR"},{"@type":"NewsMediaOrganization","@id":"https:\/\/dicodusport.fr\/blog\/#organization","name":"Dicodusport","url":"https:\/\/dicodusport.fr\/blog\/","logo":{"@type":"ImageObject","inLanguage":"fr-FR","@id":"https:\/\/dicodusport.fr\/blog\/#\/schema\/logo\/image\/","url":"https:\/\/dicodusport.fr\/blog\/wp-content\/uploads\/2020\/06\/cropped-LOGO-DICODUSPORT-2020-SANS-FOND-SANS-TEXTE.png","contentUrl":"https:\/\/dicodusport.fr\/blog\/wp-content\/uploads\/2020\/06\/cropped-LOGO-DICODUSPORT-2020-SANS-FOND-SANS-TEXTE.png","width":512,"height":512,"caption":"Dicodusport"},"image":{"@id":"https:\/\/dicodusport.fr\/blog\/#\/schema\/logo\/image\/"},"sameAs":["https:\/\/www.facebook.com\/dicodusport","https:\/\/x.com\/dicodusport","https:\/\/www.instagram.com\/dicodusport\/","https:\/\/www.youtube.com\/channel\/UC7V2KZ5sd3htJivAbA4ZG3w"],"description":"Dicodusport est l'encyclop\u00e9die de l'actualit\u00e9 sportive.","email":"bonjour@dicodusport.fr","legalName":"DICODUSPORT","foundingDate":"2018-01-14","vatID":"FR71834470973","taxID":"83447097300043","numberOfEmployees":{"@type":"QuantitativeValue","minValue":"1","maxValue":"10"}},{"@type":"Person","@id":"https:\/\/dicodusport.fr\/blog\/#\/schema\/person\/cce96fa88785bd8573e3d43078ac8c79","name":"Arlette Yeye","image":{"@type":"ImageObject","inLanguage":"fr-FR","@id":"https:\/\/dicodusport.fr\/blog\/#\/schema\/person\/image\/","url":"https:\/\/secure.gravatar.com\/avatar\/dca4a6239e6d708e46c45d60e160de6c?s=96&d=wp_user_avatar&r=g","contentUrl":"https:\/\/secure.gravatar.com\/avatar\/dca4a6239e6d708e46c45d60e160de6c?s=96&d=wp_user_avatar&r=g","caption":"Arlette Yeye"},"description":"Journaliste\/r\u00e9dactrice depuis septembre 2015 - Supportrice de Chelsea, j'ai pour sports de pr\u00e9dilection le handball, l'athl\u00e9tisme et le tennis. Si je tweete plus vite que mon ombre, vous pouvez aussi me retrouver les week-ends sur les playgrounds de Bruxelles pour un petit foot ou basket entre potes. Parcourir la France, l'Europe et plus si affinit\u00e9s pour suivre mes sportifs pr\u00e9f\u00e9r\u00e9s ? Mon kif ! Et c'est avec plaisir que je partage les r\u00e9sultats des sports populaires mais \u00e9galement plus confidentiels pour Dicodusport.","sameAs":["https:\/\/x.com\/https:\/\/twitter.com\/Shiclette94"],"url":"https:\/\/dicodusport.fr\/blog\/author\/arlette\/"}]}},"_links":{"self":[{"href":"https:\/\/dicodusport.fr\/blog\/wp-json\/wp\/v2\/posts\/407086","targetHints":{"allow":["GET"]}}],"collection":[{"href":"https:\/\/dicodusport.fr\/blog\/wp-json\/wp\/v2\/posts"}],"about":[{"href":"https:\/\/dicodusport.fr\/blog\/wp-json\/wp\/v2\/types\/post"}],"author":[{"embeddable":true,"href":"https:\/\/dicodusport.fr\/blog\/wp-json\/wp\/v2\/users\/12"}],"replies":[{"embeddable":true,"href":"https:\/\/dicodusport.fr\/blog\/wp-json\/wp\/v2\/comments?post=407086"}],"version-history":[{"count":0,"href":"https:\/\/dicodusport.fr\/blog\/wp-json\/wp\/v2\/posts\/407086\/revisions"}],"wp:featuredmedia":[{"embeddable":true,"href":"https:\/\/dicodusport.fr\/blog\/wp-json\/wp\/v2\/media\/407199"}],"wp:attachment":[{"href":"https:\/\/dicodusport.fr\/blog\/wp-json\/wp\/v2\/media?parent=407086"}],"wp:term":[{"taxonomy":"category","embeddable":true,"href":"https:\/\/dicodusport.fr\/blog\/wp-json\/wp\/v2\/categories?post=407086"},{"taxonomy":"post_tag","embeddable":true,"href":"https:\/\/dicodusport.fr\/blog\/wp-json\/wp\/v2\/tags?post=407086"}],"curies":[{"name":"wp","href":"https:\/\/api.w.org\/{rel}","templated":true}]}}