{"id":407109,"date":"2023-08-09T17:43:39","date_gmt":"2023-08-09T15:43:39","guid":{"rendered":"https:\/\/dicodusport.fr\/blog\/?p=407109&#038;preview=true&#038;preview_id=407109"},"modified":"2023-08-09T17:43:39","modified_gmt":"2023-08-09T15:43:39","slug":"mercato-andres-iniesta-va-poursuivre-sa-carriere-aux-emirats-arabes-unis","status":"publish","type":"post","link":"https:\/\/dicodusport.fr\/blog\/mercato-andres-iniesta-va-poursuivre-sa-carriere-aux-emirats-arabes-unis\/","title":{"rendered":"Mercato : Andr\u00e9s Iniesta va poursuivre sa carri\u00e8re aux \u00c9mirats Arabes Unis"},"content":{"rendered":"<p style=\"text-align: justify;\" align=\"justify\"><em><strong>MERCATO FOOTBALL &#8211; Alors qu&rsquo;on l&rsquo;imaginait aux \u00c9tats-Unis, c&rsquo;est aux \u00c9mirats Arabes Unis qu&rsquo;Andr\u00e9s Iniesta va prolonger son immense carri\u00e8re.<\/strong><\/em><\/p>\n<p align=\"justify\">La belle histoire \u00e9tait d\u00e9j\u00e0 \u00e9crite. Sur le d\u00e9part du Vissel Kobe, club japonais avec lequel il \u00e9voluait depuis 2018, <strong>Andr\u00e9s Iniesta<\/strong> semblait vou\u00e9 \u00e0 se rendre aux \u00c9tats-Unis. Une histoire qui faisait sens, depuis la signature de <strong>Lionel Messi<\/strong> \u00e0 l&rsquo;Inter Miami, qui a depuis \u00e9t\u00e9 rejoint par <strong>Jordi Alba<\/strong> et <strong>Sergio Busquets<\/strong>. Reconstituer l&rsquo;\u00e9pine dorsale du Bar\u00e7a des ann\u00e9es 2010 semblait \u00e9vident.<\/p>\n<p align=\"justify\">Mais il n&rsquo;en sera rien, puisqu&rsquo;<strong>Andres Iniesta<\/strong> lui-m\u00eame a annonc\u00e9 sur les r\u00e9seaux sociaux qu&rsquo;il prenait la direction des \u00c9mirats Arabes Unis. C&rsquo;est au Emirates FC qu&rsquo;il continuera sa longue et fructueuse carri\u00e8re. \u00c0 39 ans, l&rsquo;Espagnol, qui n&rsquo;a plus rien \u00e0 prouver \u00e0 personne, n&rsquo;a pas l&rsquo;intention de prendre sa retraite.<\/p>\n<blockquote class=\"twitter-tweet\">\n<p dir=\"ltr\" lang=\"es\">Nuevo club. Nuevo reto. La misma ilusi\u00f3n de siempre.<\/p>\n<p>New club. New challenge. The same enthusiasm as always.<\/p>\n<p>Vamos <a href=\"https:\/\/twitter.com\/Emirates_FC?ref_src=twsrc%5Etfw\">@Emirates_FC<\/a>!!\u26bd\ufe0f\ud83c\udde6\ud83c\uddea <a href=\"https:\/\/t.co\/qs2aQWUaIO\">pic.twitter.com\/qs2aQWUaIO<\/a><\/p>\n<p>\u2014 Andr\u00e9s Iniesta (@andresiniesta8) <a href=\"https:\/\/twitter.com\/andresiniesta8\/status\/1689268222254628865?ref_src=twsrc%5Etfw\">August 9, 2023<\/a><\/p><\/blockquote>\n<p><script async src=\"https:\/\/platform.twitter.com\/widgets.js\" charset=\"utf-8\"><\/script><\/p>\n","protected":false},"excerpt":{"rendered":"<p>MERCATO FOOTBALL &#8211; Alors qu&rsquo;on l&rsquo;imaginait aux \u00c9tats-Unis, c&rsquo;est aux \u00c9mirats Arabes Unis qu&rsquo;Andr\u00e9s Iniesta va prolonger son immense carri\u00e8re.<\/p>\n","protected":false},"author":59,"featured_media":407112,"comment_status":"open","ping_status":"closed","sticky":false,"template":"","format":"standard","meta":{"_acf_changed":false,"_daextam_enable_autolinks":"","footnotes":""},"categories":[2301,47045],"tags":[16878,75,1555],"class_list":["post-407109","post","type-post","status-publish","format-standard","has-post-thumbnail","hentry","category-football","category-ligue-1","tag-breve","tag-football","tag-mercato"],"acf":[],"yoast_head":"<!-- This site is optimized with the Yoast SEO Premium plugin v26.7 (Yoast SEO v26.7) - https:\/\/yoast.com\/wordpress\/plugins\/seo\/ -->\n<title>Mercato : Andr\u00e9s Iniesta va poursuivre sa carri\u00e8re aux \u00c9mirats Arabes Unis<\/title>\n<meta name=\"description\" content=\"MERCATO FOOTBALL - Alors qu&#039;on l&#039;imaginait aux \u00c9tats-Unis, c&#039;est aux \u00c9mirats Arabes Unis qu&#039;Andr\u00e9s Iniesta va prolonger son immense carri\u00e8re.\" \/>\n<meta name=\"robots\" content=\"index, follow, max-snippet:-1, max-image-preview:large, max-video-preview:-1\" \/>\n<link rel=\"canonical\" href=\"https:\/\/dicodusport.fr\/blog\/mercato-andres-iniesta-va-poursuivre-sa-carriere-aux-emirats-arabes-unis\/\" \/>\n<meta property=\"og:locale\" content=\"fr_FR\" \/>\n<meta property=\"og:type\" content=\"article\" \/>\n<meta property=\"og:title\" content=\"Mercato : Andr\u00e9s Iniesta va poursuivre sa carri\u00e8re aux \u00c9mirats Arabes Unis\" \/>\n<meta property=\"og:description\" content=\"MERCATO FOOTBALL - Alors qu&#039;on l&#039;imaginait aux \u00c9tats-Unis, c&#039;est aux \u00c9mirats Arabes Unis qu&#039;Andr\u00e9s Iniesta va prolonger son immense carri\u00e8re.\" \/>\n<meta property=\"og:url\" content=\"https:\/\/dicodusport.fr\/blog\/mercato-andres-iniesta-va-poursuivre-sa-carriere-aux-emirats-arabes-unis\/\" \/>\n<meta property=\"og:site_name\" content=\"Dicodusport\" \/>\n<meta property=\"article:publisher\" content=\"https:\/\/www.facebook.com\/dicodusport\" \/>\n<meta property=\"article:author\" content=\"https:\/\/www.facebook.com\/sebastien.gente\/\" \/>\n<meta property=\"article:published_time\" content=\"2023-08-09T15:43:39+00:00\" \/>\n<meta property=\"og:image\" content=\"https:\/\/dicodusport.fr\/blog\/wp-content\/uploads\/2023\/08\/Mercato-Andres-Iniesta-va-poursuivre-sa-carriere-aux-Emirats-Arabes-Unis.png\" \/>\n\t<meta property=\"og:image:width\" content=\"800\" \/>\n\t<meta property=\"og:image:height\" content=\"445\" \/>\n\t<meta property=\"og:image:type\" content=\"image\/png\" \/>\n<meta name=\"author\" content=\"S\u00e9bastien Gente\" \/>\n<meta name=\"twitter:card\" content=\"summary_large_image\" \/>\n<meta name=\"twitter:title\" content=\"Mercato : Andr\u00e9s Iniesta va poursuivre sa carri\u00e8re aux \u00c9mirats Arabes Unis\" \/>\n<meta name=\"twitter:creator\" content=\"@https:\/\/twitter.com\/globulo24\" \/>\n<meta name=\"twitter:site\" content=\"@dicodusport\" \/>\n<script type=\"application\/ld+json\" class=\"yoast-schema-graph\">{\"@context\":\"https:\/\/schema.org\",\"@graph\":[{\"@type\":\"NewsArticle\",\"@id\":\"https:\/\/dicodusport.fr\/blog\/mercato-andres-iniesta-va-poursuivre-sa-carriere-aux-emirats-arabes-unis\/#article\",\"isPartOf\":{\"@id\":\"https:\/\/dicodusport.fr\/blog\/mercato-andres-iniesta-va-poursuivre-sa-carriere-aux-emirats-arabes-unis\/\"},\"author\":{\"name\":\"S\u00e9bastien Gente\",\"@id\":\"https:\/\/dicodusport.fr\/blog\/#\/schema\/person\/627966a6cde45dbd8c5e36ac85d783da\"},\"headline\":\"Mercato : Andr\u00e9s Iniesta va poursuivre sa carri\u00e8re aux \u00c9mirats Arabes Unis\",\"datePublished\":\"2023-08-09T15:43:39+00:00\",\"mainEntityOfPage\":{\"@id\":\"https:\/\/dicodusport.fr\/blog\/mercato-andres-iniesta-va-poursuivre-sa-carriere-aux-emirats-arabes-unis\/\"},\"wordCount\":198,\"commentCount\":0,\"publisher\":{\"@id\":\"https:\/\/dicodusport.fr\/blog\/#organization\"},\"image\":{\"@id\":\"https:\/\/dicodusport.fr\/blog\/mercato-andres-iniesta-va-poursuivre-sa-carriere-aux-emirats-arabes-unis\/#primaryimage\"},\"thumbnailUrl\":\"https:\/\/dicodusport.fr\/blog\/wp-content\/uploads\/2023\/08\/Mercato-Andres-Iniesta-va-poursuivre-sa-carriere-aux-Emirats-Arabes-Unis.png\",\"keywords\":[\"br\u00e8ve\",\"Football\",\"Mercato\"],\"articleSection\":[\"Football\",\"Ligue 1\"],\"inLanguage\":\"fr-FR\",\"potentialAction\":[{\"@type\":\"CommentAction\",\"name\":\"Comment\",\"target\":[\"https:\/\/dicodusport.fr\/blog\/mercato-andres-iniesta-va-poursuivre-sa-carriere-aux-emirats-arabes-unis\/#respond\"]}],\"copyrightYear\":\"2023\",\"copyrightHolder\":{\"@id\":\"https:\/\/dicodusport.fr\/blog\/#organization\"}},{\"@type\":\"WebPage\",\"@id\":\"https:\/\/dicodusport.fr\/blog\/mercato-andres-iniesta-va-poursuivre-sa-carriere-aux-emirats-arabes-unis\/\",\"url\":\"https:\/\/dicodusport.fr\/blog\/mercato-andres-iniesta-va-poursuivre-sa-carriere-aux-emirats-arabes-unis\/\",\"name\":\"Mercato : Andr\u00e9s Iniesta va poursuivre sa carri\u00e8re aux \u00c9mirats Arabes Unis\",\"isPartOf\":{\"@id\":\"https:\/\/dicodusport.fr\/blog\/#website\"},\"primaryImageOfPage\":{\"@id\":\"https:\/\/dicodusport.fr\/blog\/mercato-andres-iniesta-va-poursuivre-sa-carriere-aux-emirats-arabes-unis\/#primaryimage\"},\"image\":{\"@id\":\"https:\/\/dicodusport.fr\/blog\/mercato-andres-iniesta-va-poursuivre-sa-carriere-aux-emirats-arabes-unis\/#primaryimage\"},\"thumbnailUrl\":\"https:\/\/dicodusport.fr\/blog\/wp-content\/uploads\/2023\/08\/Mercato-Andres-Iniesta-va-poursuivre-sa-carriere-aux-Emirats-Arabes-Unis.png\",\"datePublished\":\"2023-08-09T15:43:39+00:00\",\"description\":\"MERCATO FOOTBALL - Alors qu'on l'imaginait aux \u00c9tats-Unis, c'est aux \u00c9mirats Arabes Unis qu'Andr\u00e9s Iniesta va prolonger son immense carri\u00e8re.\",\"breadcrumb\":{\"@id\":\"https:\/\/dicodusport.fr\/blog\/mercato-andres-iniesta-va-poursuivre-sa-carriere-aux-emirats-arabes-unis\/#breadcrumb\"},\"inLanguage\":\"fr-FR\",\"potentialAction\":[{\"@type\":\"ReadAction\",\"target\":[\"https:\/\/dicodusport.fr\/blog\/mercato-andres-iniesta-va-poursuivre-sa-carriere-aux-emirats-arabes-unis\/\"]}]},{\"@type\":\"ImageObject\",\"inLanguage\":\"fr-FR\",\"@id\":\"https:\/\/dicodusport.fr\/blog\/mercato-andres-iniesta-va-poursuivre-sa-carriere-aux-emirats-arabes-unis\/#primaryimage\",\"url\":\"https:\/\/dicodusport.fr\/blog\/wp-content\/uploads\/2023\/08\/Mercato-Andres-Iniesta-va-poursuivre-sa-carriere-aux-Emirats-Arabes-Unis.png\",\"contentUrl\":\"https:\/\/dicodusport.fr\/blog\/wp-content\/uploads\/2023\/08\/Mercato-Andres-Iniesta-va-poursuivre-sa-carriere-aux-Emirats-Arabes-Unis.png\",\"width\":800,\"height\":445,\"caption\":\"Mercato Andr\u00e9s Iniesta va poursuivre sa carri\u00e8re aux \u00c9mirats Arabes Unis\"},{\"@type\":\"BreadcrumbList\",\"@id\":\"https:\/\/dicodusport.fr\/blog\/mercato-andres-iniesta-va-poursuivre-sa-carriere-aux-emirats-arabes-unis\/#breadcrumb\",\"itemListElement\":[{\"@type\":\"ListItem\",\"position\":1,\"name\":\"Accueil\",\"item\":\"https:\/\/dicodusport.fr\/blog\/\"},{\"@type\":\"ListItem\",\"position\":2,\"name\":\"Mercato : Andr\u00e9s Iniesta va poursuivre sa carri\u00e8re aux \u00c9mirats Arabes Unis\"}]},{\"@type\":\"WebSite\",\"@id\":\"https:\/\/dicodusport.fr\/blog\/#website\",\"url\":\"https:\/\/dicodusport.fr\/blog\/\",\"name\":\"Dicodusport\",\"description\":\"L&#039;encyclop\u00e9die de l&#039;actualit\u00e9 sportive\",\"publisher\":{\"@id\":\"https:\/\/dicodusport.fr\/blog\/#organization\"},\"potentialAction\":[{\"@type\":\"SearchAction\",\"target\":{\"@type\":\"EntryPoint\",\"urlTemplate\":\"https:\/\/dicodusport.fr\/blog\/?s={search_term_string}\"},\"query-input\":{\"@type\":\"PropertyValueSpecification\",\"valueRequired\":true,\"valueName\":\"search_term_string\"}}],\"inLanguage\":\"fr-FR\"},{\"@type\":\"NewsMediaOrganization\",\"@id\":\"https:\/\/dicodusport.fr\/blog\/#organization\",\"name\":\"Dicodusport\",\"url\":\"https:\/\/dicodusport.fr\/blog\/\",\"logo\":{\"@type\":\"ImageObject\",\"inLanguage\":\"fr-FR\",\"@id\":\"https:\/\/dicodusport.fr\/blog\/#\/schema\/logo\/image\/\",\"url\":\"https:\/\/dicodusport.fr\/blog\/wp-content\/uploads\/2020\/06\/cropped-LOGO-DICODUSPORT-2020-SANS-FOND-SANS-TEXTE.png\",\"contentUrl\":\"https:\/\/dicodusport.fr\/blog\/wp-content\/uploads\/2020\/06\/cropped-LOGO-DICODUSPORT-2020-SANS-FOND-SANS-TEXTE.png\",\"width\":512,\"height\":512,\"caption\":\"Dicodusport\"},\"image\":{\"@id\":\"https:\/\/dicodusport.fr\/blog\/#\/schema\/logo\/image\/\"},\"sameAs\":[\"https:\/\/www.facebook.com\/dicodusport\",\"https:\/\/x.com\/dicodusport\",\"https:\/\/www.instagram.com\/dicodusport\/\",\"https:\/\/www.youtube.com\/channel\/UC7V2KZ5sd3htJivAbA4ZG3w\"],\"description\":\"Dicodusport est l'encyclop\u00e9die de l'actualit\u00e9 sportive.\",\"email\":\"bonjour@dicodusport.fr\",\"legalName\":\"DICODUSPORT\",\"foundingDate\":\"2018-01-14\",\"vatID\":\"FR71834470973\",\"taxID\":\"83447097300043\",\"numberOfEmployees\":{\"@type\":\"QuantitativeValue\",\"minValue\":\"1\",\"maxValue\":\"10\"}},{\"@type\":\"Person\",\"@id\":\"https:\/\/dicodusport.fr\/blog\/#\/schema\/person\/627966a6cde45dbd8c5e36ac85d783da\",\"name\":\"S\u00e9bastien Gente\",\"image\":{\"@type\":\"ImageObject\",\"inLanguage\":\"fr-FR\",\"@id\":\"https:\/\/dicodusport.fr\/blog\/#\/schema\/person\/image\/\",\"url\":\"https:\/\/dicodusport.fr\/blog\/wp-content\/uploads\/2021\/09\/1510990_10205810251400683_4124423575079401707_n-150x150.jpg\",\"contentUrl\":\"https:\/\/dicodusport.fr\/blog\/wp-content\/uploads\/2021\/09\/1510990_10205810251400683_4124423575079401707_n-150x150.jpg\",\"caption\":\"S\u00e9bastien Gente\"},\"description\":\"John Stockton, Gianni Bugno, Zinedine Zidane, Steffi Graf, Frode Andresen, St\u00e9phane Stoecklin, Davis Kamoga, Primoz Peterka, Werner Schlager et Aur\u00e9lien Rougerie. Point commun entre ces sportifs? Ils m'ont fait r\u00eaver et ont berc\u00e9 mon adolescence. Je suis un fondu de sports et j'essaie de retranscrire ma passion \u00e0 travers mes articles. Originaire du P\u00e9rigord, ma passion pour les Girondins, les Jaunards et les Jazzmen transpire dans mes \u00e9crits. \u00c0 Dicodusport depuis 2021, je d\u00e9niche les sports m\u00e9connus dans lesquels la France brille, et il y en a !\",\"sameAs\":[\"https:\/\/www.facebook.com\/sebastien.gente\/\",\"https:\/\/www.instagram.com\/sebgente\/\",\"https:\/\/www.linkedin.com\/in\/sbastien-gente-a29583169\/\",\"https:\/\/x.com\/https:\/\/twitter.com\/globulo24\",\"SebastienGente\"],\"worksFor\":\"S\u00e9bastien GENTE\",\"url\":\"https:\/\/dicodusport.fr\/blog\/author\/sebastiengente\/\"}]}<\/script>\n<!-- \/ Yoast SEO Premium plugin. -->","yoast_head_json":{"title":"Mercato : Andr\u00e9s Iniesta va poursuivre sa carri\u00e8re aux \u00c9mirats Arabes Unis","description":"MERCATO FOOTBALL - Alors qu'on l'imaginait aux \u00c9tats-Unis, c'est aux \u00c9mirats Arabes Unis qu'Andr\u00e9s Iniesta va prolonger son immense carri\u00e8re.","robots":{"index":"index","follow":"follow","max-snippet":"max-snippet:-1","max-image-preview":"max-image-preview:large","max-video-preview":"max-video-preview:-1"},"canonical":"https:\/\/dicodusport.fr\/blog\/mercato-andres-iniesta-va-poursuivre-sa-carriere-aux-emirats-arabes-unis\/","og_locale":"fr_FR","og_type":"article","og_title":"Mercato : Andr\u00e9s Iniesta va poursuivre sa carri\u00e8re aux \u00c9mirats Arabes Unis","og_description":"MERCATO FOOTBALL - Alors qu'on l'imaginait aux \u00c9tats-Unis, c'est aux \u00c9mirats Arabes Unis qu'Andr\u00e9s Iniesta va prolonger son immense carri\u00e8re.","og_url":"https:\/\/dicodusport.fr\/blog\/mercato-andres-iniesta-va-poursuivre-sa-carriere-aux-emirats-arabes-unis\/","og_site_name":"Dicodusport","article_publisher":"https:\/\/www.facebook.com\/dicodusport","article_author":"https:\/\/www.facebook.com\/sebastien.gente\/","article_published_time":"2023-08-09T15:43:39+00:00","og_image":[{"width":800,"height":445,"url":"https:\/\/dicodusport.fr\/blog\/wp-content\/uploads\/2023\/08\/Mercato-Andres-Iniesta-va-poursuivre-sa-carriere-aux-Emirats-Arabes-Unis.png","type":"image\/png"}],"author":"S\u00e9bastien Gente","twitter_card":"summary_large_image","twitter_title":"Mercato : Andr\u00e9s Iniesta va poursuivre sa carri\u00e8re aux \u00c9mirats Arabes Unis","twitter_creator":"@https:\/\/twitter.com\/globulo24","twitter_site":"@dicodusport","schema":{"@context":"https:\/\/schema.org","@graph":[{"@type":"NewsArticle","@id":"https:\/\/dicodusport.fr\/blog\/mercato-andres-iniesta-va-poursuivre-sa-carriere-aux-emirats-arabes-unis\/#article","isPartOf":{"@id":"https:\/\/dicodusport.fr\/blog\/mercato-andres-iniesta-va-poursuivre-sa-carriere-aux-emirats-arabes-unis\/"},"author":{"name":"S\u00e9bastien Gente","@id":"https:\/\/dicodusport.fr\/blog\/#\/schema\/person\/627966a6cde45dbd8c5e36ac85d783da"},"headline":"Mercato : Andr\u00e9s Iniesta va poursuivre sa carri\u00e8re aux \u00c9mirats Arabes Unis","datePublished":"2023-08-09T15:43:39+00:00","mainEntityOfPage":{"@id":"https:\/\/dicodusport.fr\/blog\/mercato-andres-iniesta-va-poursuivre-sa-carriere-aux-emirats-arabes-unis\/"},"wordCount":198,"commentCount":0,"publisher":{"@id":"https:\/\/dicodusport.fr\/blog\/#organization"},"image":{"@id":"https:\/\/dicodusport.fr\/blog\/mercato-andres-iniesta-va-poursuivre-sa-carriere-aux-emirats-arabes-unis\/#primaryimage"},"thumbnailUrl":"https:\/\/dicodusport.fr\/blog\/wp-content\/uploads\/2023\/08\/Mercato-Andres-Iniesta-va-poursuivre-sa-carriere-aux-Emirats-Arabes-Unis.png","keywords":["br\u00e8ve","Football","Mercato"],"articleSection":["Football","Ligue 1"],"inLanguage":"fr-FR","potentialAction":[{"@type":"CommentAction","name":"Comment","target":["https:\/\/dicodusport.fr\/blog\/mercato-andres-iniesta-va-poursuivre-sa-carriere-aux-emirats-arabes-unis\/#respond"]}],"copyrightYear":"2023","copyrightHolder":{"@id":"https:\/\/dicodusport.fr\/blog\/#organization"}},{"@type":"WebPage","@id":"https:\/\/dicodusport.fr\/blog\/mercato-andres-iniesta-va-poursuivre-sa-carriere-aux-emirats-arabes-unis\/","url":"https:\/\/dicodusport.fr\/blog\/mercato-andres-iniesta-va-poursuivre-sa-carriere-aux-emirats-arabes-unis\/","name":"Mercato : Andr\u00e9s Iniesta va poursuivre sa carri\u00e8re aux \u00c9mirats Arabes Unis","isPartOf":{"@id":"https:\/\/dicodusport.fr\/blog\/#website"},"primaryImageOfPage":{"@id":"https:\/\/dicodusport.fr\/blog\/mercato-andres-iniesta-va-poursuivre-sa-carriere-aux-emirats-arabes-unis\/#primaryimage"},"image":{"@id":"https:\/\/dicodusport.fr\/blog\/mercato-andres-iniesta-va-poursuivre-sa-carriere-aux-emirats-arabes-unis\/#primaryimage"},"thumbnailUrl":"https:\/\/dicodusport.fr\/blog\/wp-content\/uploads\/2023\/08\/Mercato-Andres-Iniesta-va-poursuivre-sa-carriere-aux-Emirats-Arabes-Unis.png","datePublished":"2023-08-09T15:43:39+00:00","description":"MERCATO FOOTBALL - Alors qu'on l'imaginait aux \u00c9tats-Unis, c'est aux \u00c9mirats Arabes Unis qu'Andr\u00e9s Iniesta va prolonger son immense carri\u00e8re.","breadcrumb":{"@id":"https:\/\/dicodusport.fr\/blog\/mercato-andres-iniesta-va-poursuivre-sa-carriere-aux-emirats-arabes-unis\/#breadcrumb"},"inLanguage":"fr-FR","potentialAction":[{"@type":"ReadAction","target":["https:\/\/dicodusport.fr\/blog\/mercato-andres-iniesta-va-poursuivre-sa-carriere-aux-emirats-arabes-unis\/"]}]},{"@type":"ImageObject","inLanguage":"fr-FR","@id":"https:\/\/dicodusport.fr\/blog\/mercato-andres-iniesta-va-poursuivre-sa-carriere-aux-emirats-arabes-unis\/#primaryimage","url":"https:\/\/dicodusport.fr\/blog\/wp-content\/uploads\/2023\/08\/Mercato-Andres-Iniesta-va-poursuivre-sa-carriere-aux-Emirats-Arabes-Unis.png","contentUrl":"https:\/\/dicodusport.fr\/blog\/wp-content\/uploads\/2023\/08\/Mercato-Andres-Iniesta-va-poursuivre-sa-carriere-aux-Emirats-Arabes-Unis.png","width":800,"height":445,"caption":"Mercato Andr\u00e9s Iniesta va poursuivre sa carri\u00e8re aux \u00c9mirats Arabes Unis"},{"@type":"BreadcrumbList","@id":"https:\/\/dicodusport.fr\/blog\/mercato-andres-iniesta-va-poursuivre-sa-carriere-aux-emirats-arabes-unis\/#breadcrumb","itemListElement":[{"@type":"ListItem","position":1,"name":"Accueil","item":"https:\/\/dicodusport.fr\/blog\/"},{"@type":"ListItem","position":2,"name":"Mercato : Andr\u00e9s Iniesta va poursuivre sa carri\u00e8re aux \u00c9mirats Arabes Unis"}]},{"@type":"WebSite","@id":"https:\/\/dicodusport.fr\/blog\/#website","url":"https:\/\/dicodusport.fr\/blog\/","name":"Dicodusport","description":"L&#039;encyclop\u00e9die de l&#039;actualit\u00e9 sportive","publisher":{"@id":"https:\/\/dicodusport.fr\/blog\/#organization"},"potentialAction":[{"@type":"SearchAction","target":{"@type":"EntryPoint","urlTemplate":"https:\/\/dicodusport.fr\/blog\/?s={search_term_string}"},"query-input":{"@type":"PropertyValueSpecification","valueRequired":true,"valueName":"search_term_string"}}],"inLanguage":"fr-FR"},{"@type":"NewsMediaOrganization","@id":"https:\/\/dicodusport.fr\/blog\/#organization","name":"Dicodusport","url":"https:\/\/dicodusport.fr\/blog\/","logo":{"@type":"ImageObject","inLanguage":"fr-FR","@id":"https:\/\/dicodusport.fr\/blog\/#\/schema\/logo\/image\/","url":"https:\/\/dicodusport.fr\/blog\/wp-content\/uploads\/2020\/06\/cropped-LOGO-DICODUSPORT-2020-SANS-FOND-SANS-TEXTE.png","contentUrl":"https:\/\/dicodusport.fr\/blog\/wp-content\/uploads\/2020\/06\/cropped-LOGO-DICODUSPORT-2020-SANS-FOND-SANS-TEXTE.png","width":512,"height":512,"caption":"Dicodusport"},"image":{"@id":"https:\/\/dicodusport.fr\/blog\/#\/schema\/logo\/image\/"},"sameAs":["https:\/\/www.facebook.com\/dicodusport","https:\/\/x.com\/dicodusport","https:\/\/www.instagram.com\/dicodusport\/","https:\/\/www.youtube.com\/channel\/UC7V2KZ5sd3htJivAbA4ZG3w"],"description":"Dicodusport est l'encyclop\u00e9die de l'actualit\u00e9 sportive.","email":"bonjour@dicodusport.fr","legalName":"DICODUSPORT","foundingDate":"2018-01-14","vatID":"FR71834470973","taxID":"83447097300043","numberOfEmployees":{"@type":"QuantitativeValue","minValue":"1","maxValue":"10"}},{"@type":"Person","@id":"https:\/\/dicodusport.fr\/blog\/#\/schema\/person\/627966a6cde45dbd8c5e36ac85d783da","name":"S\u00e9bastien Gente","image":{"@type":"ImageObject","inLanguage":"fr-FR","@id":"https:\/\/dicodusport.fr\/blog\/#\/schema\/person\/image\/","url":"https:\/\/dicodusport.fr\/blog\/wp-content\/uploads\/2021\/09\/1510990_10205810251400683_4124423575079401707_n-150x150.jpg","contentUrl":"https:\/\/dicodusport.fr\/blog\/wp-content\/uploads\/2021\/09\/1510990_10205810251400683_4124423575079401707_n-150x150.jpg","caption":"S\u00e9bastien Gente"},"description":"John Stockton, Gianni Bugno, Zinedine Zidane, Steffi Graf, Frode Andresen, St\u00e9phane Stoecklin, Davis Kamoga, Primoz Peterka, Werner Schlager et Aur\u00e9lien Rougerie. Point commun entre ces sportifs? Ils m'ont fait r\u00eaver et ont berc\u00e9 mon adolescence. Je suis un fondu de sports et j'essaie de retranscrire ma passion \u00e0 travers mes articles. Originaire du P\u00e9rigord, ma passion pour les Girondins, les Jaunards et les Jazzmen transpire dans mes \u00e9crits. \u00c0 Dicodusport depuis 2021, je d\u00e9niche les sports m\u00e9connus dans lesquels la France brille, et il y en a !","sameAs":["https:\/\/www.facebook.com\/sebastien.gente\/","https:\/\/www.instagram.com\/sebgente\/","https:\/\/www.linkedin.com\/in\/sbastien-gente-a29583169\/","https:\/\/x.com\/https:\/\/twitter.com\/globulo24","SebastienGente"],"worksFor":"S\u00e9bastien GENTE","url":"https:\/\/dicodusport.fr\/blog\/author\/sebastiengente\/"}]}},"_links":{"self":[{"href":"https:\/\/dicodusport.fr\/blog\/wp-json\/wp\/v2\/posts\/407109","targetHints":{"allow":["GET"]}}],"collection":[{"href":"https:\/\/dicodusport.fr\/blog\/wp-json\/wp\/v2\/posts"}],"about":[{"href":"https:\/\/dicodusport.fr\/blog\/wp-json\/wp\/v2\/types\/post"}],"author":[{"embeddable":true,"href":"https:\/\/dicodusport.fr\/blog\/wp-json\/wp\/v2\/users\/59"}],"replies":[{"embeddable":true,"href":"https:\/\/dicodusport.fr\/blog\/wp-json\/wp\/v2\/comments?post=407109"}],"version-history":[{"count":0,"href":"https:\/\/dicodusport.fr\/blog\/wp-json\/wp\/v2\/posts\/407109\/revisions"}],"wp:featuredmedia":[{"embeddable":true,"href":"https:\/\/dicodusport.fr\/blog\/wp-json\/wp\/v2\/media\/407112"}],"wp:attachment":[{"href":"https:\/\/dicodusport.fr\/blog\/wp-json\/wp\/v2\/media?parent=407109"}],"wp:term":[{"taxonomy":"category","embeddable":true,"href":"https:\/\/dicodusport.fr\/blog\/wp-json\/wp\/v2\/categories?post=407109"},{"taxonomy":"post_tag","embeddable":true,"href":"https:\/\/dicodusport.fr\/blog\/wp-json\/wp\/v2\/tags?post=407109"}],"curies":[{"name":"wp","href":"https:\/\/api.w.org\/{rel}","templated":true}]}}