{"id":407132,"date":"2023-08-09T18:38:14","date_gmt":"2023-08-09T16:38:14","guid":{"rendered":"https:\/\/dicodusport.fr\/blog\/?p=407132&#038;preview=true&#038;preview_id=407132"},"modified":"2023-08-09T20:01:17","modified_gmt":"2023-08-09T18:01:17","slug":"mondiaux-vtt-2023-hugo-pigeon-et-jerome-gilloux-sur-le-podium-du-cross-country-a-assistance-electrique","status":"publish","type":"post","link":"https:\/\/dicodusport.fr\/blog\/mondiaux-vtt-2023-hugo-pigeon-et-jerome-gilloux-sur-le-podium-du-cross-country-a-assistance-electrique\/","title":{"rendered":"Mondiaux VTT 2023 : Hugo Pigeon et J\u00e9r\u00f4me Gilloux sur le podium du cross-country \u00e0 assistance \u00e9lectrique"},"content":{"rendered":"<p style=\"text-align: justify;\"><b><i><a href=\"https:\/\/dicodusport.fr\/blog\/actualites\/cyclisme\/championnats-du-monde-cyclisme-2023\/\">CHAMPIONNATS DU MONDE DE VTT 2023<\/a> &#8211; Double tenant du titre, J\u00e9r\u00f4me Gilloux n&rsquo;a pu faire mieux qu&rsquo;une troisi\u00e8me place derri\u00e8re Hugo Pigeon et le nouveau champion du monde, le Suisse Joris Ryf.<\/i><\/b><\/p>\n<p style=\"text-align: justify;\">Encore rat\u00e9 pour<strong> Hugo Pigeon<\/strong> ! Pour la troisi\u00e8me fois cons\u00e9cutive, le Tricolore monte sur la deuxi\u00e8me marche du podium du cross-country \u00e0 assistance \u00e9lectrique. Ces deux derni\u00e8res ann\u00e9es, il avait \u00e9t\u00e9 devanc\u00e9 par son compatriote <strong>J\u00e9r\u00f4me Gilloux<\/strong>. Cette fois, les deux Bleus ont d\u00fb s&rsquo;incliner contre un membre d&rsquo;une autre grande nation du VTT, la Suisse.<\/p>\n<p style=\"text-align: justify;\">3e l&rsquo;an dernier derri\u00e8re le duo tricolore, <strong>Joris Ryf<\/strong> rafle cette fois son premier titre de champion du monde dans cette discipline. Au coude-\u00e0-coude avec <strong>Pigeon<\/strong> en d\u00e9but de course, il a progressivement creus\u00e9 l&rsquo;\u00e9cart pour s&rsquo;imposer avec 21 secondes d&rsquo;avance. Cette fois loin du compte, <strong>Giloux<\/strong> termine \u00e0 plus d&rsquo;1minute 30, mais sauve tout de m\u00eame le bronze devant deux autres Tricolores, <strong>\u00c9meric Ienzer<\/strong> et <strong>R\u00e9my Gena<\/strong>. Un beau tir group\u00e9, mais manque le principal : l&rsquo;or.<\/p>\n<blockquote class=\"twitter-tweet\">\n<p dir=\"ltr\" lang=\"en\">Superman for Switzerland \ud83d\udc4a<\/p>\n<p>Joris Ryf enjoying the moment!<br \/>\n2023 UCI Men Elite E-MTB World Champion \ud83c\udf08\ud83e\udd47<a href=\"https:\/\/twitter.com\/hashtag\/GlasgowScotland2023?src=hash&amp;ref_src=twsrc%5Etfw\">#GlasgowScotland2023<\/a> <a href=\"https:\/\/t.co\/7BJdpg32bT\">pic.twitter.com\/7BJdpg32bT<\/a><\/p>\n<p>\u2014 UCI MTB (@UCI_MTB) <a href=\"https:\/\/twitter.com\/UCI_MTB\/status\/1689318977661542403?ref_src=twsrc%5Etfw\">August 9, 2023<\/a><\/p><\/blockquote>\n<p><script async src=\"https:\/\/platform.twitter.com\/widgets.js\" charset=\"utf-8\"><\/script><\/p>\n<h2 style=\"text-align: justify;\">\u00c0 lire aussi<\/h2>\n<ul>\n<li style=\"text-align: justify;\"><a href=\"https:\/\/dicodusport.fr\/blog\/vtt-championnats-du-monde-2023-classement-cross-country-a-assistance-electrique-hommes\/\"><strong>Classement complet du cross-country \u00e0 assistance \u00e9lectrique hommes<\/strong><\/a><\/li>\n<li style=\"text-align: justify;\"><a href=\"https:\/\/dicodusport.fr\/blog\/programme-et-resultats-vtt-championnats-du-monde-2023\/\"><b>Calendrier et r\u00e9sultats des Championnats du monde de VTT 2023<\/b><\/a><\/li>\n<li style=\"text-align: justify;\"><a href=\"https:\/\/dicodusport.fr\/blog\/tableau-des-medailles-cyclisme-championnats-du-monde-uci-2023\/4\/#vtt\"><strong>Tableau des m\u00e9dailles des Championnats du monde de cyclisme 2023<\/strong><\/a><\/li>\n<\/ul>\n","protected":false},"excerpt":{"rendered":"<p>CHAMPIONNATS DU MONDE DE VTT 2023 &#8211; Double tenant du titre, J\u00e9r\u00f4me Gilloux n&rsquo;a pu faire mieux qu&rsquo;une troisi\u00e8me place derri\u00e8re Hugo Pigeon et le nouveau champion du monde, le Suisse Joris Ryf.<\/p>\n","protected":false},"author":59,"featured_media":407146,"comment_status":"open","ping_status":"closed","sticky":false,"template":"","format":"standard","meta":{"_acf_changed":false,"_daextam_enable_autolinks":"","footnotes":""},"categories":[2307,10279],"tags":[16878,18758],"class_list":["post-407132","post","type-post","status-publish","format-standard","has-post-thumbnail","hentry","category-cyclisme","category-vtt","tag-breve","tag-championnats-du-monde-de-vtt"],"acf":[],"yoast_head":"<!-- This site is optimized with the Yoast SEO Premium plugin v26.7 (Yoast SEO v26.7) - https:\/\/yoast.com\/wordpress\/plugins\/seo\/ -->\n<title>Mondiaux VTT 2023 : Hugo Pigeon et J\u00e9r\u00f4me Gilloux sur le podium du cross-country \u00e0 assistance \u00e9lectrique<\/title>\n<meta name=\"description\" content=\"CHAMPIONNATS DU MONDE DE VTT 2023 - Double tenant du titre, J\u00e9r\u00f4me Gilloux n&#039;a pu faire mieux qu&#039;une troisi\u00e8me place derri\u00e8re Hugo Pigeon.\" \/>\n<meta name=\"robots\" content=\"index, follow, max-snippet:-1, max-image-preview:large, max-video-preview:-1\" \/>\n<link rel=\"canonical\" href=\"https:\/\/dicodusport.fr\/blog\/mondiaux-vtt-2023-hugo-pigeon-et-jerome-gilloux-sur-le-podium-du-cross-country-a-assistance-electrique\/\" \/>\n<meta property=\"og:locale\" content=\"fr_FR\" \/>\n<meta property=\"og:type\" content=\"article\" \/>\n<meta property=\"og:title\" content=\"Mondiaux VTT 2023 : Hugo Pigeon et J\u00e9r\u00f4me Gilloux sur le podium du cross-country \u00e0 assistance \u00e9lectrique\" \/>\n<meta property=\"og:description\" content=\"CHAMPIONNATS DU MONDE DE VTT 2023 - Double tenant du titre, J\u00e9r\u00f4me Gilloux n&#039;a pu faire mieux qu&#039;une troisi\u00e8me place derri\u00e8re Hugo Pigeon.\" \/>\n<meta property=\"og:url\" content=\"https:\/\/dicodusport.fr\/blog\/mondiaux-vtt-2023-hugo-pigeon-et-jerome-gilloux-sur-le-podium-du-cross-country-a-assistance-electrique\/\" \/>\n<meta property=\"og:site_name\" content=\"Dicodusport\" \/>\n<meta property=\"article:publisher\" content=\"https:\/\/www.facebook.com\/dicodusport\" \/>\n<meta property=\"article:author\" content=\"https:\/\/www.facebook.com\/sebastien.gente\/\" \/>\n<meta property=\"article:published_time\" content=\"2023-08-09T16:38:14+00:00\" \/>\n<meta property=\"article:modified_time\" content=\"2023-08-09T18:01:17+00:00\" \/>\n<meta property=\"og:image\" content=\"https:\/\/dicodusport.fr\/blog\/wp-content\/uploads\/2023\/08\/Mondiaux-VTT-2023-Hugo-Pigeon-et-Jerome-Gilloux-sur-le-podium-du-cross-country-a-assistance-electrique.png\" \/>\n\t<meta property=\"og:image:width\" content=\"800\" \/>\n\t<meta property=\"og:image:height\" content=\"445\" \/>\n\t<meta property=\"og:image:type\" content=\"image\/png\" \/>\n<meta name=\"author\" content=\"S\u00e9bastien Gente\" \/>\n<meta name=\"twitter:card\" content=\"summary_large_image\" \/>\n<meta name=\"twitter:title\" content=\"Mondiaux VTT 2023 : Hugo Pigeon et J\u00e9r\u00f4me Gilloux sur le podium du cross-country \u00e0 assistance \u00e9lectrique\" \/>\n<meta name=\"twitter:creator\" content=\"@https:\/\/twitter.com\/globulo24\" \/>\n<meta name=\"twitter:site\" content=\"@dicodusport\" \/>\n<script type=\"application\/ld+json\" class=\"yoast-schema-graph\">{\"@context\":\"https:\/\/schema.org\",\"@graph\":[{\"@type\":\"NewsArticle\",\"@id\":\"https:\/\/dicodusport.fr\/blog\/mondiaux-vtt-2023-hugo-pigeon-et-jerome-gilloux-sur-le-podium-du-cross-country-a-assistance-electrique\/#article\",\"isPartOf\":{\"@id\":\"https:\/\/dicodusport.fr\/blog\/mondiaux-vtt-2023-hugo-pigeon-et-jerome-gilloux-sur-le-podium-du-cross-country-a-assistance-electrique\/\"},\"author\":{\"name\":\"S\u00e9bastien Gente\",\"@id\":\"https:\/\/dicodusport.fr\/blog\/#\/schema\/person\/627966a6cde45dbd8c5e36ac85d783da\"},\"headline\":\"Mondiaux VTT 2023 : Hugo Pigeon et J\u00e9r\u00f4me Gilloux sur le podium du cross-country \u00e0 assistance \u00e9lectrique\",\"datePublished\":\"2023-08-09T16:38:14+00:00\",\"dateModified\":\"2023-08-09T18:01:17+00:00\",\"mainEntityOfPage\":{\"@id\":\"https:\/\/dicodusport.fr\/blog\/mondiaux-vtt-2023-hugo-pigeon-et-jerome-gilloux-sur-le-podium-du-cross-country-a-assistance-electrique\/\"},\"wordCount\":257,\"commentCount\":0,\"publisher\":{\"@id\":\"https:\/\/dicodusport.fr\/blog\/#organization\"},\"image\":{\"@id\":\"https:\/\/dicodusport.fr\/blog\/mondiaux-vtt-2023-hugo-pigeon-et-jerome-gilloux-sur-le-podium-du-cross-country-a-assistance-electrique\/#primaryimage\"},\"thumbnailUrl\":\"https:\/\/dicodusport.fr\/blog\/wp-content\/uploads\/2023\/08\/Mondiaux-VTT-2023-Hugo-Pigeon-et-Jerome-Gilloux-sur-le-podium-du-cross-country-a-assistance-electrique.png\",\"keywords\":[\"br\u00e8ve\",\"Championnats du monde de VTT\"],\"articleSection\":[\"Cyclisme\",\"VTT\"],\"inLanguage\":\"fr-FR\",\"potentialAction\":[{\"@type\":\"CommentAction\",\"name\":\"Comment\",\"target\":[\"https:\/\/dicodusport.fr\/blog\/mondiaux-vtt-2023-hugo-pigeon-et-jerome-gilloux-sur-le-podium-du-cross-country-a-assistance-electrique\/#respond\"]}],\"copyrightYear\":\"2023\",\"copyrightHolder\":{\"@id\":\"https:\/\/dicodusport.fr\/blog\/#organization\"}},{\"@type\":\"WebPage\",\"@id\":\"https:\/\/dicodusport.fr\/blog\/mondiaux-vtt-2023-hugo-pigeon-et-jerome-gilloux-sur-le-podium-du-cross-country-a-assistance-electrique\/\",\"url\":\"https:\/\/dicodusport.fr\/blog\/mondiaux-vtt-2023-hugo-pigeon-et-jerome-gilloux-sur-le-podium-du-cross-country-a-assistance-electrique\/\",\"name\":\"Mondiaux VTT 2023 : Hugo Pigeon et J\u00e9r\u00f4me Gilloux sur le podium du cross-country \u00e0 assistance \u00e9lectrique\",\"isPartOf\":{\"@id\":\"https:\/\/dicodusport.fr\/blog\/#website\"},\"primaryImageOfPage\":{\"@id\":\"https:\/\/dicodusport.fr\/blog\/mondiaux-vtt-2023-hugo-pigeon-et-jerome-gilloux-sur-le-podium-du-cross-country-a-assistance-electrique\/#primaryimage\"},\"image\":{\"@id\":\"https:\/\/dicodusport.fr\/blog\/mondiaux-vtt-2023-hugo-pigeon-et-jerome-gilloux-sur-le-podium-du-cross-country-a-assistance-electrique\/#primaryimage\"},\"thumbnailUrl\":\"https:\/\/dicodusport.fr\/blog\/wp-content\/uploads\/2023\/08\/Mondiaux-VTT-2023-Hugo-Pigeon-et-Jerome-Gilloux-sur-le-podium-du-cross-country-a-assistance-electrique.png\",\"datePublished\":\"2023-08-09T16:38:14+00:00\",\"dateModified\":\"2023-08-09T18:01:17+00:00\",\"description\":\"CHAMPIONNATS DU MONDE DE VTT 2023 - Double tenant du titre, J\u00e9r\u00f4me Gilloux n'a pu faire mieux qu'une troisi\u00e8me place derri\u00e8re Hugo Pigeon.\",\"breadcrumb\":{\"@id\":\"https:\/\/dicodusport.fr\/blog\/mondiaux-vtt-2023-hugo-pigeon-et-jerome-gilloux-sur-le-podium-du-cross-country-a-assistance-electrique\/#breadcrumb\"},\"inLanguage\":\"fr-FR\",\"potentialAction\":[{\"@type\":\"ReadAction\",\"target\":[\"https:\/\/dicodusport.fr\/blog\/mondiaux-vtt-2023-hugo-pigeon-et-jerome-gilloux-sur-le-podium-du-cross-country-a-assistance-electrique\/\"]}]},{\"@type\":\"ImageObject\",\"inLanguage\":\"fr-FR\",\"@id\":\"https:\/\/dicodusport.fr\/blog\/mondiaux-vtt-2023-hugo-pigeon-et-jerome-gilloux-sur-le-podium-du-cross-country-a-assistance-electrique\/#primaryimage\",\"url\":\"https:\/\/dicodusport.fr\/blog\/wp-content\/uploads\/2023\/08\/Mondiaux-VTT-2023-Hugo-Pigeon-et-Jerome-Gilloux-sur-le-podium-du-cross-country-a-assistance-electrique.png\",\"contentUrl\":\"https:\/\/dicodusport.fr\/blog\/wp-content\/uploads\/2023\/08\/Mondiaux-VTT-2023-Hugo-Pigeon-et-Jerome-Gilloux-sur-le-podium-du-cross-country-a-assistance-electrique.png\",\"width\":800,\"height\":445,\"caption\":\"Mondiaux VTT 2023 Hugo Pigeon et J\u00e9r\u00f4me Gilloux sur le podium du cross-country \u00e0 assistance \u00e9lectrique\"},{\"@type\":\"BreadcrumbList\",\"@id\":\"https:\/\/dicodusport.fr\/blog\/mondiaux-vtt-2023-hugo-pigeon-et-jerome-gilloux-sur-le-podium-du-cross-country-a-assistance-electrique\/#breadcrumb\",\"itemListElement\":[{\"@type\":\"ListItem\",\"position\":1,\"name\":\"Accueil\",\"item\":\"https:\/\/dicodusport.fr\/blog\/\"},{\"@type\":\"ListItem\",\"position\":2,\"name\":\"Mondiaux VTT 2023 : Hugo Pigeon et J\u00e9r\u00f4me Gilloux sur le podium du cross-country \u00e0 assistance \u00e9lectrique\"}]},{\"@type\":\"WebSite\",\"@id\":\"https:\/\/dicodusport.fr\/blog\/#website\",\"url\":\"https:\/\/dicodusport.fr\/blog\/\",\"name\":\"Dicodusport\",\"description\":\"L&#039;encyclop\u00e9die de l&#039;actualit\u00e9 sportive\",\"publisher\":{\"@id\":\"https:\/\/dicodusport.fr\/blog\/#organization\"},\"potentialAction\":[{\"@type\":\"SearchAction\",\"target\":{\"@type\":\"EntryPoint\",\"urlTemplate\":\"https:\/\/dicodusport.fr\/blog\/?s={search_term_string}\"},\"query-input\":{\"@type\":\"PropertyValueSpecification\",\"valueRequired\":true,\"valueName\":\"search_term_string\"}}],\"inLanguage\":\"fr-FR\"},{\"@type\":\"NewsMediaOrganization\",\"@id\":\"https:\/\/dicodusport.fr\/blog\/#organization\",\"name\":\"Dicodusport\",\"url\":\"https:\/\/dicodusport.fr\/blog\/\",\"logo\":{\"@type\":\"ImageObject\",\"inLanguage\":\"fr-FR\",\"@id\":\"https:\/\/dicodusport.fr\/blog\/#\/schema\/logo\/image\/\",\"url\":\"https:\/\/dicodusport.fr\/blog\/wp-content\/uploads\/2020\/06\/cropped-LOGO-DICODUSPORT-2020-SANS-FOND-SANS-TEXTE.png\",\"contentUrl\":\"https:\/\/dicodusport.fr\/blog\/wp-content\/uploads\/2020\/06\/cropped-LOGO-DICODUSPORT-2020-SANS-FOND-SANS-TEXTE.png\",\"width\":512,\"height\":512,\"caption\":\"Dicodusport\"},\"image\":{\"@id\":\"https:\/\/dicodusport.fr\/blog\/#\/schema\/logo\/image\/\"},\"sameAs\":[\"https:\/\/www.facebook.com\/dicodusport\",\"https:\/\/x.com\/dicodusport\",\"https:\/\/www.instagram.com\/dicodusport\/\",\"https:\/\/www.youtube.com\/channel\/UC7V2KZ5sd3htJivAbA4ZG3w\"],\"description\":\"Dicodusport est l'encyclop\u00e9die de l'actualit\u00e9 sportive.\",\"email\":\"bonjour@dicodusport.fr\",\"legalName\":\"DICODUSPORT\",\"foundingDate\":\"2018-01-14\",\"vatID\":\"FR71834470973\",\"taxID\":\"83447097300043\",\"numberOfEmployees\":{\"@type\":\"QuantitativeValue\",\"minValue\":\"1\",\"maxValue\":\"10\"}},{\"@type\":\"Person\",\"@id\":\"https:\/\/dicodusport.fr\/blog\/#\/schema\/person\/627966a6cde45dbd8c5e36ac85d783da\",\"name\":\"S\u00e9bastien Gente\",\"image\":{\"@type\":\"ImageObject\",\"inLanguage\":\"fr-FR\",\"@id\":\"https:\/\/dicodusport.fr\/blog\/#\/schema\/person\/image\/\",\"url\":\"https:\/\/dicodusport.fr\/blog\/wp-content\/uploads\/2021\/09\/1510990_10205810251400683_4124423575079401707_n-150x150.jpg\",\"contentUrl\":\"https:\/\/dicodusport.fr\/blog\/wp-content\/uploads\/2021\/09\/1510990_10205810251400683_4124423575079401707_n-150x150.jpg\",\"caption\":\"S\u00e9bastien Gente\"},\"description\":\"John Stockton, Gianni Bugno, Zinedine Zidane, Steffi Graf, Frode Andresen, St\u00e9phane Stoecklin, Davis Kamoga, Primoz Peterka, Werner Schlager et Aur\u00e9lien Rougerie. Point commun entre ces sportifs? Ils m'ont fait r\u00eaver et ont berc\u00e9 mon adolescence. Je suis un fondu de sports et j'essaie de retranscrire ma passion \u00e0 travers mes articles. Originaire du P\u00e9rigord, ma passion pour les Girondins, les Jaunards et les Jazzmen transpire dans mes \u00e9crits. \u00c0 Dicodusport depuis 2021, je d\u00e9niche les sports m\u00e9connus dans lesquels la France brille, et il y en a !\",\"sameAs\":[\"https:\/\/www.facebook.com\/sebastien.gente\/\",\"https:\/\/www.instagram.com\/sebgente\/\",\"https:\/\/www.linkedin.com\/in\/sbastien-gente-a29583169\/\",\"https:\/\/x.com\/https:\/\/twitter.com\/globulo24\",\"SebastienGente\"],\"worksFor\":\"S\u00e9bastien GENTE\",\"url\":\"https:\/\/dicodusport.fr\/blog\/author\/sebastiengente\/\"}]}<\/script>\n<!-- \/ Yoast SEO Premium plugin. -->","yoast_head_json":{"title":"Mondiaux VTT 2023 : Hugo Pigeon et J\u00e9r\u00f4me Gilloux sur le podium du cross-country \u00e0 assistance \u00e9lectrique","description":"CHAMPIONNATS DU MONDE DE VTT 2023 - Double tenant du titre, J\u00e9r\u00f4me Gilloux n'a pu faire mieux qu'une troisi\u00e8me place derri\u00e8re Hugo Pigeon.","robots":{"index":"index","follow":"follow","max-snippet":"max-snippet:-1","max-image-preview":"max-image-preview:large","max-video-preview":"max-video-preview:-1"},"canonical":"https:\/\/dicodusport.fr\/blog\/mondiaux-vtt-2023-hugo-pigeon-et-jerome-gilloux-sur-le-podium-du-cross-country-a-assistance-electrique\/","og_locale":"fr_FR","og_type":"article","og_title":"Mondiaux VTT 2023 : Hugo Pigeon et J\u00e9r\u00f4me Gilloux sur le podium du cross-country \u00e0 assistance \u00e9lectrique","og_description":"CHAMPIONNATS DU MONDE DE VTT 2023 - Double tenant du titre, J\u00e9r\u00f4me Gilloux n'a pu faire mieux qu'une troisi\u00e8me place derri\u00e8re Hugo Pigeon.","og_url":"https:\/\/dicodusport.fr\/blog\/mondiaux-vtt-2023-hugo-pigeon-et-jerome-gilloux-sur-le-podium-du-cross-country-a-assistance-electrique\/","og_site_name":"Dicodusport","article_publisher":"https:\/\/www.facebook.com\/dicodusport","article_author":"https:\/\/www.facebook.com\/sebastien.gente\/","article_published_time":"2023-08-09T16:38:14+00:00","article_modified_time":"2023-08-09T18:01:17+00:00","og_image":[{"width":800,"height":445,"url":"https:\/\/dicodusport.fr\/blog\/wp-content\/uploads\/2023\/08\/Mondiaux-VTT-2023-Hugo-Pigeon-et-Jerome-Gilloux-sur-le-podium-du-cross-country-a-assistance-electrique.png","type":"image\/png"}],"author":"S\u00e9bastien Gente","twitter_card":"summary_large_image","twitter_title":"Mondiaux VTT 2023 : Hugo Pigeon et J\u00e9r\u00f4me Gilloux sur le podium du cross-country \u00e0 assistance \u00e9lectrique","twitter_creator":"@https:\/\/twitter.com\/globulo24","twitter_site":"@dicodusport","schema":{"@context":"https:\/\/schema.org","@graph":[{"@type":"NewsArticle","@id":"https:\/\/dicodusport.fr\/blog\/mondiaux-vtt-2023-hugo-pigeon-et-jerome-gilloux-sur-le-podium-du-cross-country-a-assistance-electrique\/#article","isPartOf":{"@id":"https:\/\/dicodusport.fr\/blog\/mondiaux-vtt-2023-hugo-pigeon-et-jerome-gilloux-sur-le-podium-du-cross-country-a-assistance-electrique\/"},"author":{"name":"S\u00e9bastien Gente","@id":"https:\/\/dicodusport.fr\/blog\/#\/schema\/person\/627966a6cde45dbd8c5e36ac85d783da"},"headline":"Mondiaux VTT 2023 : Hugo Pigeon et J\u00e9r\u00f4me Gilloux sur le podium du cross-country \u00e0 assistance \u00e9lectrique","datePublished":"2023-08-09T16:38:14+00:00","dateModified":"2023-08-09T18:01:17+00:00","mainEntityOfPage":{"@id":"https:\/\/dicodusport.fr\/blog\/mondiaux-vtt-2023-hugo-pigeon-et-jerome-gilloux-sur-le-podium-du-cross-country-a-assistance-electrique\/"},"wordCount":257,"commentCount":0,"publisher":{"@id":"https:\/\/dicodusport.fr\/blog\/#organization"},"image":{"@id":"https:\/\/dicodusport.fr\/blog\/mondiaux-vtt-2023-hugo-pigeon-et-jerome-gilloux-sur-le-podium-du-cross-country-a-assistance-electrique\/#primaryimage"},"thumbnailUrl":"https:\/\/dicodusport.fr\/blog\/wp-content\/uploads\/2023\/08\/Mondiaux-VTT-2023-Hugo-Pigeon-et-Jerome-Gilloux-sur-le-podium-du-cross-country-a-assistance-electrique.png","keywords":["br\u00e8ve","Championnats du monde de VTT"],"articleSection":["Cyclisme","VTT"],"inLanguage":"fr-FR","potentialAction":[{"@type":"CommentAction","name":"Comment","target":["https:\/\/dicodusport.fr\/blog\/mondiaux-vtt-2023-hugo-pigeon-et-jerome-gilloux-sur-le-podium-du-cross-country-a-assistance-electrique\/#respond"]}],"copyrightYear":"2023","copyrightHolder":{"@id":"https:\/\/dicodusport.fr\/blog\/#organization"}},{"@type":"WebPage","@id":"https:\/\/dicodusport.fr\/blog\/mondiaux-vtt-2023-hugo-pigeon-et-jerome-gilloux-sur-le-podium-du-cross-country-a-assistance-electrique\/","url":"https:\/\/dicodusport.fr\/blog\/mondiaux-vtt-2023-hugo-pigeon-et-jerome-gilloux-sur-le-podium-du-cross-country-a-assistance-electrique\/","name":"Mondiaux VTT 2023 : Hugo Pigeon et J\u00e9r\u00f4me Gilloux sur le podium du cross-country \u00e0 assistance \u00e9lectrique","isPartOf":{"@id":"https:\/\/dicodusport.fr\/blog\/#website"},"primaryImageOfPage":{"@id":"https:\/\/dicodusport.fr\/blog\/mondiaux-vtt-2023-hugo-pigeon-et-jerome-gilloux-sur-le-podium-du-cross-country-a-assistance-electrique\/#primaryimage"},"image":{"@id":"https:\/\/dicodusport.fr\/blog\/mondiaux-vtt-2023-hugo-pigeon-et-jerome-gilloux-sur-le-podium-du-cross-country-a-assistance-electrique\/#primaryimage"},"thumbnailUrl":"https:\/\/dicodusport.fr\/blog\/wp-content\/uploads\/2023\/08\/Mondiaux-VTT-2023-Hugo-Pigeon-et-Jerome-Gilloux-sur-le-podium-du-cross-country-a-assistance-electrique.png","datePublished":"2023-08-09T16:38:14+00:00","dateModified":"2023-08-09T18:01:17+00:00","description":"CHAMPIONNATS DU MONDE DE VTT 2023 - Double tenant du titre, J\u00e9r\u00f4me Gilloux n'a pu faire mieux qu'une troisi\u00e8me place derri\u00e8re Hugo Pigeon.","breadcrumb":{"@id":"https:\/\/dicodusport.fr\/blog\/mondiaux-vtt-2023-hugo-pigeon-et-jerome-gilloux-sur-le-podium-du-cross-country-a-assistance-electrique\/#breadcrumb"},"inLanguage":"fr-FR","potentialAction":[{"@type":"ReadAction","target":["https:\/\/dicodusport.fr\/blog\/mondiaux-vtt-2023-hugo-pigeon-et-jerome-gilloux-sur-le-podium-du-cross-country-a-assistance-electrique\/"]}]},{"@type":"ImageObject","inLanguage":"fr-FR","@id":"https:\/\/dicodusport.fr\/blog\/mondiaux-vtt-2023-hugo-pigeon-et-jerome-gilloux-sur-le-podium-du-cross-country-a-assistance-electrique\/#primaryimage","url":"https:\/\/dicodusport.fr\/blog\/wp-content\/uploads\/2023\/08\/Mondiaux-VTT-2023-Hugo-Pigeon-et-Jerome-Gilloux-sur-le-podium-du-cross-country-a-assistance-electrique.png","contentUrl":"https:\/\/dicodusport.fr\/blog\/wp-content\/uploads\/2023\/08\/Mondiaux-VTT-2023-Hugo-Pigeon-et-Jerome-Gilloux-sur-le-podium-du-cross-country-a-assistance-electrique.png","width":800,"height":445,"caption":"Mondiaux VTT 2023 Hugo Pigeon et J\u00e9r\u00f4me Gilloux sur le podium du cross-country \u00e0 assistance \u00e9lectrique"},{"@type":"BreadcrumbList","@id":"https:\/\/dicodusport.fr\/blog\/mondiaux-vtt-2023-hugo-pigeon-et-jerome-gilloux-sur-le-podium-du-cross-country-a-assistance-electrique\/#breadcrumb","itemListElement":[{"@type":"ListItem","position":1,"name":"Accueil","item":"https:\/\/dicodusport.fr\/blog\/"},{"@type":"ListItem","position":2,"name":"Mondiaux VTT 2023 : Hugo Pigeon et J\u00e9r\u00f4me Gilloux sur le podium du cross-country \u00e0 assistance \u00e9lectrique"}]},{"@type":"WebSite","@id":"https:\/\/dicodusport.fr\/blog\/#website","url":"https:\/\/dicodusport.fr\/blog\/","name":"Dicodusport","description":"L&#039;encyclop\u00e9die de l&#039;actualit\u00e9 sportive","publisher":{"@id":"https:\/\/dicodusport.fr\/blog\/#organization"},"potentialAction":[{"@type":"SearchAction","target":{"@type":"EntryPoint","urlTemplate":"https:\/\/dicodusport.fr\/blog\/?s={search_term_string}"},"query-input":{"@type":"PropertyValueSpecification","valueRequired":true,"valueName":"search_term_string"}}],"inLanguage":"fr-FR"},{"@type":"NewsMediaOrganization","@id":"https:\/\/dicodusport.fr\/blog\/#organization","name":"Dicodusport","url":"https:\/\/dicodusport.fr\/blog\/","logo":{"@type":"ImageObject","inLanguage":"fr-FR","@id":"https:\/\/dicodusport.fr\/blog\/#\/schema\/logo\/image\/","url":"https:\/\/dicodusport.fr\/blog\/wp-content\/uploads\/2020\/06\/cropped-LOGO-DICODUSPORT-2020-SANS-FOND-SANS-TEXTE.png","contentUrl":"https:\/\/dicodusport.fr\/blog\/wp-content\/uploads\/2020\/06\/cropped-LOGO-DICODUSPORT-2020-SANS-FOND-SANS-TEXTE.png","width":512,"height":512,"caption":"Dicodusport"},"image":{"@id":"https:\/\/dicodusport.fr\/blog\/#\/schema\/logo\/image\/"},"sameAs":["https:\/\/www.facebook.com\/dicodusport","https:\/\/x.com\/dicodusport","https:\/\/www.instagram.com\/dicodusport\/","https:\/\/www.youtube.com\/channel\/UC7V2KZ5sd3htJivAbA4ZG3w"],"description":"Dicodusport est l'encyclop\u00e9die de l'actualit\u00e9 sportive.","email":"bonjour@dicodusport.fr","legalName":"DICODUSPORT","foundingDate":"2018-01-14","vatID":"FR71834470973","taxID":"83447097300043","numberOfEmployees":{"@type":"QuantitativeValue","minValue":"1","maxValue":"10"}},{"@type":"Person","@id":"https:\/\/dicodusport.fr\/blog\/#\/schema\/person\/627966a6cde45dbd8c5e36ac85d783da","name":"S\u00e9bastien Gente","image":{"@type":"ImageObject","inLanguage":"fr-FR","@id":"https:\/\/dicodusport.fr\/blog\/#\/schema\/person\/image\/","url":"https:\/\/dicodusport.fr\/blog\/wp-content\/uploads\/2021\/09\/1510990_10205810251400683_4124423575079401707_n-150x150.jpg","contentUrl":"https:\/\/dicodusport.fr\/blog\/wp-content\/uploads\/2021\/09\/1510990_10205810251400683_4124423575079401707_n-150x150.jpg","caption":"S\u00e9bastien Gente"},"description":"John Stockton, Gianni Bugno, Zinedine Zidane, Steffi Graf, Frode Andresen, St\u00e9phane Stoecklin, Davis Kamoga, Primoz Peterka, Werner Schlager et Aur\u00e9lien Rougerie. Point commun entre ces sportifs? Ils m'ont fait r\u00eaver et ont berc\u00e9 mon adolescence. Je suis un fondu de sports et j'essaie de retranscrire ma passion \u00e0 travers mes articles. Originaire du P\u00e9rigord, ma passion pour les Girondins, les Jaunards et les Jazzmen transpire dans mes \u00e9crits. \u00c0 Dicodusport depuis 2021, je d\u00e9niche les sports m\u00e9connus dans lesquels la France brille, et il y en a !","sameAs":["https:\/\/www.facebook.com\/sebastien.gente\/","https:\/\/www.instagram.com\/sebgente\/","https:\/\/www.linkedin.com\/in\/sbastien-gente-a29583169\/","https:\/\/x.com\/https:\/\/twitter.com\/globulo24","SebastienGente"],"worksFor":"S\u00e9bastien GENTE","url":"https:\/\/dicodusport.fr\/blog\/author\/sebastiengente\/"}]}},"_links":{"self":[{"href":"https:\/\/dicodusport.fr\/blog\/wp-json\/wp\/v2\/posts\/407132","targetHints":{"allow":["GET"]}}],"collection":[{"href":"https:\/\/dicodusport.fr\/blog\/wp-json\/wp\/v2\/posts"}],"about":[{"href":"https:\/\/dicodusport.fr\/blog\/wp-json\/wp\/v2\/types\/post"}],"author":[{"embeddable":true,"href":"https:\/\/dicodusport.fr\/blog\/wp-json\/wp\/v2\/users\/59"}],"replies":[{"embeddable":true,"href":"https:\/\/dicodusport.fr\/blog\/wp-json\/wp\/v2\/comments?post=407132"}],"version-history":[{"count":0,"href":"https:\/\/dicodusport.fr\/blog\/wp-json\/wp\/v2\/posts\/407132\/revisions"}],"wp:featuredmedia":[{"embeddable":true,"href":"https:\/\/dicodusport.fr\/blog\/wp-json\/wp\/v2\/media\/407146"}],"wp:attachment":[{"href":"https:\/\/dicodusport.fr\/blog\/wp-json\/wp\/v2\/media?parent=407132"}],"wp:term":[{"taxonomy":"category","embeddable":true,"href":"https:\/\/dicodusport.fr\/blog\/wp-json\/wp\/v2\/categories?post=407132"},{"taxonomy":"post_tag","embeddable":true,"href":"https:\/\/dicodusport.fr\/blog\/wp-json\/wp\/v2\/tags?post=407132"}],"curies":[{"name":"wp","href":"https:\/\/api.w.org\/{rel}","templated":true}]}}