{"id":407609,"date":"2023-08-11T09:46:01","date_gmt":"2023-08-11T07:46:01","guid":{"rendered":"https:\/\/dicodusport.fr\/blog\/?p=407609&#038;preview=true&#038;preview_id=407609"},"modified":"2023-08-11T10:17:41","modified_gmt":"2023-08-11T08:17:41","slug":"mercato-ol-jake-obrien-va-signer-a-lyon","status":"publish","type":"post","link":"https:\/\/dicodusport.fr\/blog\/mercato-ol-jake-obrien-va-signer-a-lyon\/","title":{"rendered":"Mercato OL : Jake O&rsquo;Brien va signer \u00e0 Lyon"},"content":{"rendered":"<p style=\"text-align: justify;\" align=\"justify\"><em><strong>LIGUE 1 2023-2024 &#8211; Selon le Daily Mail, l&rsquo;Olympique Lyonnais va recruter Jake O\u2019Brien, jeune d\u00e9fenseur irlandais, dans les prochaines heures.\u00a0<\/strong><\/em><\/p>\n<p style=\"text-align: justify;\" align=\"justify\">Lyon a finalement c\u00e9d\u00e9 pour <strong>Castello<\/strong> <strong>Lukeba<\/strong>. Si dans un premi\u00e8re temps <strong>John<\/strong> <strong>Textor<\/strong> a tent\u00e9 de conserver le d\u00e9fenseur central international espoir, il a finalement d\u00fb le vendre contre un ch\u00e8que d&rsquo;environ 35 millions d&rsquo;euros. Il faut dire que le jeune d\u00e9fenseur avait mis la pression sur sa direction en demandant son transfert \u00e0 Leipzig, o\u00f9 il va nettement augmenter son salaire.<\/p>\n<p style=\"text-align: justify;\" align=\"justify\">Si <strong>Duje \u0106aleta-Car<\/strong> a d\u00e9j\u00e0 \u00e9t\u00e9 recrut\u00e9 en d\u00e9fense centrale, l&rsquo;<strong>OL<\/strong> cherchait un autre joueur pour faire le nombre. Selon nos confr\u00e8res anglais, <strong>Lyon<\/strong> a jet\u00e9 son d\u00e9volu sur <strong>Jake<\/strong> <strong>O&rsquo;Brien<\/strong>, un jeune Irlandais qui est dans la galaxie <strong>Eagle<\/strong> <strong>Foot<\/strong>. En effet, le d\u00e9fenseur de 22 ans est sous contrat avec le club anglais de <strong>Crystal<\/strong> <strong>Palace,<\/strong> qui appartient en partie \u00e0 <strong>John<\/strong> <strong>Textor<\/strong>.<\/p>\n<p style=\"text-align: justify;\" align=\"justify\">La saison pass\u00e9e, il a \u00e9t\u00e9 pr\u00eat\u00e9 dans un autre club du riche homme d&rsquo;affaires am\u00e9ricain, <strong>Molenbeek<\/strong>, qui \u00e9volue dans le championnat belge. Tr\u00e8s peu connu en <strong>France<\/strong>, il vient probablement dans un r\u00f4le de doublure dans un premier temps, mais pourrait gagner sa place, surtout si la paire de d\u00e9fenseurs croates ne donne pas toutes les garanties attendues \u00e0 Laurent Blanc.<\/p>\n<blockquote class=\"twitter-tweet\">\n<p dir=\"ltr\" lang=\"en\">\ud83d\udea8Crystal Palace defender Jake O\u2019Brien is set to join Lyon. <a href=\"https:\/\/twitter.com\/MailSport?ref_src=twsrc%5Etfw\">@MailSport<\/a><\/p>\n<p>\u2014 Sami Mokbel (@SamiMokbel81_DM) <a href=\"https:\/\/twitter.com\/SamiMokbel81_DM\/status\/1689672112070356992?ref_src=twsrc%5Etfw\">August 10, 2023<\/a><\/p><\/blockquote>\n<p style=\"text-align: justify;\"><script async src=\"https:\/\/platform.twitter.com\/widgets.js\" charset=\"utf-8\"><\/script><\/p>\n","protected":false},"excerpt":{"rendered":"<p>LIGUE 1 2023-2024 &#8211; Selon le Daily Mail, l&rsquo;Olympique Lyonnais va recruter Jake O\u2019Brien, jeune d\u00e9fenseur irlandais, dans les prochaines heures.\u00a0<\/p>\n","protected":false},"author":1,"featured_media":407610,"comment_status":"open","ping_status":"closed","sticky":false,"template":"","format":"standard","meta":{"_acf_changed":false,"_daextam_enable_autolinks":"","footnotes":""},"categories":[2301,47045],"tags":[16878,75,449,1145],"class_list":["post-407609","post","type-post","status-publish","format-standard","has-post-thumbnail","hentry","category-football","category-ligue-1","tag-breve","tag-football","tag-lyon","tag-ol"],"acf":[],"yoast_head":"<!-- This site is optimized with the Yoast SEO Premium plugin v26.7 (Yoast SEO v26.7) - https:\/\/yoast.com\/wordpress\/plugins\/seo\/ -->\n<title>Mercato OL : Jake O&#039;Brien va signer \u00e0 Lyon<\/title>\n<meta name=\"description\" content=\"LIGUE 1 2023-2024 - L&#039;Olympique Lyonnais va recruter Jake O\u2019Brien, jeune d\u00e9fenseur irlandais, dans les prochaines heures.\u00a0\" \/>\n<meta name=\"robots\" content=\"index, follow, max-snippet:-1, max-image-preview:large, max-video-preview:-1\" \/>\n<link rel=\"canonical\" href=\"https:\/\/dicodusport.fr\/blog\/mercato-ol-jake-obrien-va-signer-a-lyon\/\" \/>\n<meta property=\"og:locale\" content=\"fr_FR\" \/>\n<meta property=\"og:type\" content=\"article\" \/>\n<meta property=\"og:title\" content=\"Mercato OL : Jake O&#039;Brien va signer \u00e0 Lyon\" \/>\n<meta property=\"og:description\" content=\"LIGUE 1 2023-2024 - L&#039;Olympique Lyonnais va recruter Jake O\u2019Brien, jeune d\u00e9fenseur irlandais, dans les prochaines heures.\u00a0\" \/>\n<meta property=\"og:url\" content=\"https:\/\/dicodusport.fr\/blog\/mercato-ol-jake-obrien-va-signer-a-lyon\/\" \/>\n<meta property=\"og:site_name\" content=\"Dicodusport\" \/>\n<meta property=\"article:publisher\" content=\"https:\/\/www.facebook.com\/dicodusport\" \/>\n<meta property=\"article:author\" content=\"https:\/\/www.facebook.com\/dicodusport\" \/>\n<meta property=\"article:published_time\" content=\"2023-08-11T07:46:01+00:00\" \/>\n<meta property=\"article:modified_time\" content=\"2023-08-11T08:17:41+00:00\" \/>\n<meta property=\"og:image\" content=\"https:\/\/dicodusport.fr\/blog\/wp-content\/uploads\/2023\/08\/Mercato-OL-Jake-OBrien-va-signer-a-Lyon.png\" \/>\n\t<meta property=\"og:image:width\" content=\"800\" \/>\n\t<meta property=\"og:image:height\" content=\"445\" \/>\n\t<meta property=\"og:image:type\" content=\"image\/png\" \/>\n<meta name=\"author\" content=\"Nicolas Jacquemard\" \/>\n<meta name=\"twitter:card\" content=\"summary_large_image\" \/>\n<meta name=\"twitter:title\" content=\"Mercato OL : Jake O&#039;Brien va signer \u00e0 Lyon\" \/>\n<meta name=\"twitter:creator\" content=\"@https:\/\/twitter.com\/Nico_Jacquemard\" \/>\n<meta name=\"twitter:site\" content=\"@dicodusport\" \/>\n<script type=\"application\/ld+json\" class=\"yoast-schema-graph\">{\"@context\":\"https:\/\/schema.org\",\"@graph\":[{\"@type\":\"NewsArticle\",\"@id\":\"https:\/\/dicodusport.fr\/blog\/mercato-ol-jake-obrien-va-signer-a-lyon\/#article\",\"isPartOf\":{\"@id\":\"https:\/\/dicodusport.fr\/blog\/mercato-ol-jake-obrien-va-signer-a-lyon\/\"},\"author\":{\"name\":\"Nicolas Jacquemard\",\"@id\":\"https:\/\/dicodusport.fr\/blog\/#\/schema\/person\/55dcb50ad410894e431ed812bbb70191\"},\"headline\":\"Mercato OL : Jake O&rsquo;Brien va signer \u00e0 Lyon\",\"datePublished\":\"2023-08-11T07:46:01+00:00\",\"dateModified\":\"2023-08-11T08:17:41+00:00\",\"mainEntityOfPage\":{\"@id\":\"https:\/\/dicodusport.fr\/blog\/mercato-ol-jake-obrien-va-signer-a-lyon\/\"},\"wordCount\":254,\"commentCount\":0,\"publisher\":{\"@id\":\"https:\/\/dicodusport.fr\/blog\/#organization\"},\"image\":{\"@id\":\"https:\/\/dicodusport.fr\/blog\/mercato-ol-jake-obrien-va-signer-a-lyon\/#primaryimage\"},\"thumbnailUrl\":\"https:\/\/dicodusport.fr\/blog\/wp-content\/uploads\/2023\/08\/Mercato-OL-Jake-OBrien-va-signer-a-Lyon.png\",\"keywords\":[\"br\u00e8ve\",\"Football\",\"Lyon\",\"OL\"],\"articleSection\":[\"Football\",\"Ligue 1\"],\"inLanguage\":\"fr-FR\",\"potentialAction\":[{\"@type\":\"CommentAction\",\"name\":\"Comment\",\"target\":[\"https:\/\/dicodusport.fr\/blog\/mercato-ol-jake-obrien-va-signer-a-lyon\/#respond\"]}],\"copyrightYear\":\"2023\",\"copyrightHolder\":{\"@id\":\"https:\/\/dicodusport.fr\/blog\/#organization\"}},{\"@type\":\"WebPage\",\"@id\":\"https:\/\/dicodusport.fr\/blog\/mercato-ol-jake-obrien-va-signer-a-lyon\/\",\"url\":\"https:\/\/dicodusport.fr\/blog\/mercato-ol-jake-obrien-va-signer-a-lyon\/\",\"name\":\"Mercato OL : Jake O'Brien va signer \u00e0 Lyon\",\"isPartOf\":{\"@id\":\"https:\/\/dicodusport.fr\/blog\/#website\"},\"primaryImageOfPage\":{\"@id\":\"https:\/\/dicodusport.fr\/blog\/mercato-ol-jake-obrien-va-signer-a-lyon\/#primaryimage\"},\"image\":{\"@id\":\"https:\/\/dicodusport.fr\/blog\/mercato-ol-jake-obrien-va-signer-a-lyon\/#primaryimage\"},\"thumbnailUrl\":\"https:\/\/dicodusport.fr\/blog\/wp-content\/uploads\/2023\/08\/Mercato-OL-Jake-OBrien-va-signer-a-Lyon.png\",\"datePublished\":\"2023-08-11T07:46:01+00:00\",\"dateModified\":\"2023-08-11T08:17:41+00:00\",\"description\":\"LIGUE 1 2023-2024 - L'Olympique Lyonnais va recruter Jake O\u2019Brien, jeune d\u00e9fenseur irlandais, dans les prochaines heures.\u00a0\",\"breadcrumb\":{\"@id\":\"https:\/\/dicodusport.fr\/blog\/mercato-ol-jake-obrien-va-signer-a-lyon\/#breadcrumb\"},\"inLanguage\":\"fr-FR\",\"potentialAction\":[{\"@type\":\"ReadAction\",\"target\":[\"https:\/\/dicodusport.fr\/blog\/mercato-ol-jake-obrien-va-signer-a-lyon\/\"]}]},{\"@type\":\"ImageObject\",\"inLanguage\":\"fr-FR\",\"@id\":\"https:\/\/dicodusport.fr\/blog\/mercato-ol-jake-obrien-va-signer-a-lyon\/#primaryimage\",\"url\":\"https:\/\/dicodusport.fr\/blog\/wp-content\/uploads\/2023\/08\/Mercato-OL-Jake-OBrien-va-signer-a-Lyon.png\",\"contentUrl\":\"https:\/\/dicodusport.fr\/blog\/wp-content\/uploads\/2023\/08\/Mercato-OL-Jake-OBrien-va-signer-a-Lyon.png\",\"width\":800,\"height\":445},{\"@type\":\"BreadcrumbList\",\"@id\":\"https:\/\/dicodusport.fr\/blog\/mercato-ol-jake-obrien-va-signer-a-lyon\/#breadcrumb\",\"itemListElement\":[{\"@type\":\"ListItem\",\"position\":1,\"name\":\"Accueil\",\"item\":\"https:\/\/dicodusport.fr\/blog\/\"},{\"@type\":\"ListItem\",\"position\":2,\"name\":\"Mercato OL : Jake O&rsquo;Brien va signer \u00e0 Lyon\"}]},{\"@type\":\"WebSite\",\"@id\":\"https:\/\/dicodusport.fr\/blog\/#website\",\"url\":\"https:\/\/dicodusport.fr\/blog\/\",\"name\":\"Dicodusport\",\"description\":\"L&#039;encyclop\u00e9die de l&#039;actualit\u00e9 sportive\",\"publisher\":{\"@id\":\"https:\/\/dicodusport.fr\/blog\/#organization\"},\"potentialAction\":[{\"@type\":\"SearchAction\",\"target\":{\"@type\":\"EntryPoint\",\"urlTemplate\":\"https:\/\/dicodusport.fr\/blog\/?s={search_term_string}\"},\"query-input\":{\"@type\":\"PropertyValueSpecification\",\"valueRequired\":true,\"valueName\":\"search_term_string\"}}],\"inLanguage\":\"fr-FR\"},{\"@type\":\"NewsMediaOrganization\",\"@id\":\"https:\/\/dicodusport.fr\/blog\/#organization\",\"name\":\"Dicodusport\",\"url\":\"https:\/\/dicodusport.fr\/blog\/\",\"logo\":{\"@type\":\"ImageObject\",\"inLanguage\":\"fr-FR\",\"@id\":\"https:\/\/dicodusport.fr\/blog\/#\/schema\/logo\/image\/\",\"url\":\"https:\/\/dicodusport.fr\/blog\/wp-content\/uploads\/2020\/06\/cropped-LOGO-DICODUSPORT-2020-SANS-FOND-SANS-TEXTE.png\",\"contentUrl\":\"https:\/\/dicodusport.fr\/blog\/wp-content\/uploads\/2020\/06\/cropped-LOGO-DICODUSPORT-2020-SANS-FOND-SANS-TEXTE.png\",\"width\":512,\"height\":512,\"caption\":\"Dicodusport\"},\"image\":{\"@id\":\"https:\/\/dicodusport.fr\/blog\/#\/schema\/logo\/image\/\"},\"sameAs\":[\"https:\/\/www.facebook.com\/dicodusport\",\"https:\/\/x.com\/dicodusport\",\"https:\/\/www.instagram.com\/dicodusport\/\",\"https:\/\/www.youtube.com\/channel\/UC7V2KZ5sd3htJivAbA4ZG3w\"],\"description\":\"Dicodusport est l'encyclop\u00e9die de l'actualit\u00e9 sportive.\",\"email\":\"bonjour@dicodusport.fr\",\"legalName\":\"DICODUSPORT\",\"foundingDate\":\"2018-01-14\",\"vatID\":\"FR71834470973\",\"taxID\":\"83447097300043\",\"numberOfEmployees\":{\"@type\":\"QuantitativeValue\",\"minValue\":\"1\",\"maxValue\":\"10\"}},{\"@type\":\"Person\",\"@id\":\"https:\/\/dicodusport.fr\/blog\/#\/schema\/person\/55dcb50ad410894e431ed812bbb70191\",\"name\":\"Nicolas Jacquemard\",\"image\":{\"@type\":\"ImageObject\",\"inLanguage\":\"fr-FR\",\"@id\":\"https:\/\/dicodusport.fr\/blog\/#\/schema\/person\/image\/\",\"url\":\"https:\/\/dicodusport.fr\/blog\/wp-content\/uploads\/2021\/05\/Nicolas-Jacquemard-150x150.jpeg\",\"contentUrl\":\"https:\/\/dicodusport.fr\/blog\/wp-content\/uploads\/2021\/05\/Nicolas-Jacquemard-150x150.jpeg\",\"caption\":\"Nicolas Jacquemard\"},\"description\":\"Passionn\u00e9 de sport et entrepreneur depuis mes 18 ans, la cr\u00e9ation de Dicodusport m'a sembl\u00e9 \u00e9vidente pour participer \u00e0 la m\u00e9diatisation d'un plus grand nombre de sports. Le chemin est long mais avec une \u00e9quipe des plus motiv\u00e9es et les Jeux Olympiques de Paris 2024 en point de mire, nous y arriverons ! Journaliste dans le monde du sport depuis plus de 5 ans, je traite aussi bien de football, de rugby, de biathlon que de cyclisme.\",\"sameAs\":[\"https:\/\/www.facebook.com\/dicodusport\",\"https:\/\/x.com\/https:\/\/twitter.com\/Nico_Jacquemard\"],\"url\":\"https:\/\/dicodusport.fr\/blog\/author\/dicodusport\/\"}]}<\/script>\n<!-- \/ Yoast SEO Premium plugin. -->","yoast_head_json":{"title":"Mercato OL : Jake O'Brien va signer \u00e0 Lyon","description":"LIGUE 1 2023-2024 - L'Olympique Lyonnais va recruter Jake O\u2019Brien, jeune d\u00e9fenseur irlandais, dans les prochaines heures.\u00a0","robots":{"index":"index","follow":"follow","max-snippet":"max-snippet:-1","max-image-preview":"max-image-preview:large","max-video-preview":"max-video-preview:-1"},"canonical":"https:\/\/dicodusport.fr\/blog\/mercato-ol-jake-obrien-va-signer-a-lyon\/","og_locale":"fr_FR","og_type":"article","og_title":"Mercato OL : Jake O'Brien va signer \u00e0 Lyon","og_description":"LIGUE 1 2023-2024 - L'Olympique Lyonnais va recruter Jake O\u2019Brien, jeune d\u00e9fenseur irlandais, dans les prochaines heures.\u00a0","og_url":"https:\/\/dicodusport.fr\/blog\/mercato-ol-jake-obrien-va-signer-a-lyon\/","og_site_name":"Dicodusport","article_publisher":"https:\/\/www.facebook.com\/dicodusport","article_author":"https:\/\/www.facebook.com\/dicodusport","article_published_time":"2023-08-11T07:46:01+00:00","article_modified_time":"2023-08-11T08:17:41+00:00","og_image":[{"width":800,"height":445,"url":"https:\/\/dicodusport.fr\/blog\/wp-content\/uploads\/2023\/08\/Mercato-OL-Jake-OBrien-va-signer-a-Lyon.png","type":"image\/png"}],"author":"Nicolas Jacquemard","twitter_card":"summary_large_image","twitter_title":"Mercato OL : Jake O'Brien va signer \u00e0 Lyon","twitter_creator":"@https:\/\/twitter.com\/Nico_Jacquemard","twitter_site":"@dicodusport","schema":{"@context":"https:\/\/schema.org","@graph":[{"@type":"NewsArticle","@id":"https:\/\/dicodusport.fr\/blog\/mercato-ol-jake-obrien-va-signer-a-lyon\/#article","isPartOf":{"@id":"https:\/\/dicodusport.fr\/blog\/mercato-ol-jake-obrien-va-signer-a-lyon\/"},"author":{"name":"Nicolas Jacquemard","@id":"https:\/\/dicodusport.fr\/blog\/#\/schema\/person\/55dcb50ad410894e431ed812bbb70191"},"headline":"Mercato OL : Jake O&rsquo;Brien va signer \u00e0 Lyon","datePublished":"2023-08-11T07:46:01+00:00","dateModified":"2023-08-11T08:17:41+00:00","mainEntityOfPage":{"@id":"https:\/\/dicodusport.fr\/blog\/mercato-ol-jake-obrien-va-signer-a-lyon\/"},"wordCount":254,"commentCount":0,"publisher":{"@id":"https:\/\/dicodusport.fr\/blog\/#organization"},"image":{"@id":"https:\/\/dicodusport.fr\/blog\/mercato-ol-jake-obrien-va-signer-a-lyon\/#primaryimage"},"thumbnailUrl":"https:\/\/dicodusport.fr\/blog\/wp-content\/uploads\/2023\/08\/Mercato-OL-Jake-OBrien-va-signer-a-Lyon.png","keywords":["br\u00e8ve","Football","Lyon","OL"],"articleSection":["Football","Ligue 1"],"inLanguage":"fr-FR","potentialAction":[{"@type":"CommentAction","name":"Comment","target":["https:\/\/dicodusport.fr\/blog\/mercato-ol-jake-obrien-va-signer-a-lyon\/#respond"]}],"copyrightYear":"2023","copyrightHolder":{"@id":"https:\/\/dicodusport.fr\/blog\/#organization"}},{"@type":"WebPage","@id":"https:\/\/dicodusport.fr\/blog\/mercato-ol-jake-obrien-va-signer-a-lyon\/","url":"https:\/\/dicodusport.fr\/blog\/mercato-ol-jake-obrien-va-signer-a-lyon\/","name":"Mercato OL : Jake O'Brien va signer \u00e0 Lyon","isPartOf":{"@id":"https:\/\/dicodusport.fr\/blog\/#website"},"primaryImageOfPage":{"@id":"https:\/\/dicodusport.fr\/blog\/mercato-ol-jake-obrien-va-signer-a-lyon\/#primaryimage"},"image":{"@id":"https:\/\/dicodusport.fr\/blog\/mercato-ol-jake-obrien-va-signer-a-lyon\/#primaryimage"},"thumbnailUrl":"https:\/\/dicodusport.fr\/blog\/wp-content\/uploads\/2023\/08\/Mercato-OL-Jake-OBrien-va-signer-a-Lyon.png","datePublished":"2023-08-11T07:46:01+00:00","dateModified":"2023-08-11T08:17:41+00:00","description":"LIGUE 1 2023-2024 - L'Olympique Lyonnais va recruter Jake O\u2019Brien, jeune d\u00e9fenseur irlandais, dans les prochaines heures.\u00a0","breadcrumb":{"@id":"https:\/\/dicodusport.fr\/blog\/mercato-ol-jake-obrien-va-signer-a-lyon\/#breadcrumb"},"inLanguage":"fr-FR","potentialAction":[{"@type":"ReadAction","target":["https:\/\/dicodusport.fr\/blog\/mercato-ol-jake-obrien-va-signer-a-lyon\/"]}]},{"@type":"ImageObject","inLanguage":"fr-FR","@id":"https:\/\/dicodusport.fr\/blog\/mercato-ol-jake-obrien-va-signer-a-lyon\/#primaryimage","url":"https:\/\/dicodusport.fr\/blog\/wp-content\/uploads\/2023\/08\/Mercato-OL-Jake-OBrien-va-signer-a-Lyon.png","contentUrl":"https:\/\/dicodusport.fr\/blog\/wp-content\/uploads\/2023\/08\/Mercato-OL-Jake-OBrien-va-signer-a-Lyon.png","width":800,"height":445},{"@type":"BreadcrumbList","@id":"https:\/\/dicodusport.fr\/blog\/mercato-ol-jake-obrien-va-signer-a-lyon\/#breadcrumb","itemListElement":[{"@type":"ListItem","position":1,"name":"Accueil","item":"https:\/\/dicodusport.fr\/blog\/"},{"@type":"ListItem","position":2,"name":"Mercato OL : Jake O&rsquo;Brien va signer \u00e0 Lyon"}]},{"@type":"WebSite","@id":"https:\/\/dicodusport.fr\/blog\/#website","url":"https:\/\/dicodusport.fr\/blog\/","name":"Dicodusport","description":"L&#039;encyclop\u00e9die de l&#039;actualit\u00e9 sportive","publisher":{"@id":"https:\/\/dicodusport.fr\/blog\/#organization"},"potentialAction":[{"@type":"SearchAction","target":{"@type":"EntryPoint","urlTemplate":"https:\/\/dicodusport.fr\/blog\/?s={search_term_string}"},"query-input":{"@type":"PropertyValueSpecification","valueRequired":true,"valueName":"search_term_string"}}],"inLanguage":"fr-FR"},{"@type":"NewsMediaOrganization","@id":"https:\/\/dicodusport.fr\/blog\/#organization","name":"Dicodusport","url":"https:\/\/dicodusport.fr\/blog\/","logo":{"@type":"ImageObject","inLanguage":"fr-FR","@id":"https:\/\/dicodusport.fr\/blog\/#\/schema\/logo\/image\/","url":"https:\/\/dicodusport.fr\/blog\/wp-content\/uploads\/2020\/06\/cropped-LOGO-DICODUSPORT-2020-SANS-FOND-SANS-TEXTE.png","contentUrl":"https:\/\/dicodusport.fr\/blog\/wp-content\/uploads\/2020\/06\/cropped-LOGO-DICODUSPORT-2020-SANS-FOND-SANS-TEXTE.png","width":512,"height":512,"caption":"Dicodusport"},"image":{"@id":"https:\/\/dicodusport.fr\/blog\/#\/schema\/logo\/image\/"},"sameAs":["https:\/\/www.facebook.com\/dicodusport","https:\/\/x.com\/dicodusport","https:\/\/www.instagram.com\/dicodusport\/","https:\/\/www.youtube.com\/channel\/UC7V2KZ5sd3htJivAbA4ZG3w"],"description":"Dicodusport est l'encyclop\u00e9die de l'actualit\u00e9 sportive.","email":"bonjour@dicodusport.fr","legalName":"DICODUSPORT","foundingDate":"2018-01-14","vatID":"FR71834470973","taxID":"83447097300043","numberOfEmployees":{"@type":"QuantitativeValue","minValue":"1","maxValue":"10"}},{"@type":"Person","@id":"https:\/\/dicodusport.fr\/blog\/#\/schema\/person\/55dcb50ad410894e431ed812bbb70191","name":"Nicolas Jacquemard","image":{"@type":"ImageObject","inLanguage":"fr-FR","@id":"https:\/\/dicodusport.fr\/blog\/#\/schema\/person\/image\/","url":"https:\/\/dicodusport.fr\/blog\/wp-content\/uploads\/2021\/05\/Nicolas-Jacquemard-150x150.jpeg","contentUrl":"https:\/\/dicodusport.fr\/blog\/wp-content\/uploads\/2021\/05\/Nicolas-Jacquemard-150x150.jpeg","caption":"Nicolas Jacquemard"},"description":"Passionn\u00e9 de sport et entrepreneur depuis mes 18 ans, la cr\u00e9ation de Dicodusport m'a sembl\u00e9 \u00e9vidente pour participer \u00e0 la m\u00e9diatisation d'un plus grand nombre de sports. Le chemin est long mais avec une \u00e9quipe des plus motiv\u00e9es et les Jeux Olympiques de Paris 2024 en point de mire, nous y arriverons ! Journaliste dans le monde du sport depuis plus de 5 ans, je traite aussi bien de football, de rugby, de biathlon que de cyclisme.","sameAs":["https:\/\/www.facebook.com\/dicodusport","https:\/\/x.com\/https:\/\/twitter.com\/Nico_Jacquemard"],"url":"https:\/\/dicodusport.fr\/blog\/author\/dicodusport\/"}]}},"_links":{"self":[{"href":"https:\/\/dicodusport.fr\/blog\/wp-json\/wp\/v2\/posts\/407609","targetHints":{"allow":["GET"]}}],"collection":[{"href":"https:\/\/dicodusport.fr\/blog\/wp-json\/wp\/v2\/posts"}],"about":[{"href":"https:\/\/dicodusport.fr\/blog\/wp-json\/wp\/v2\/types\/post"}],"author":[{"embeddable":true,"href":"https:\/\/dicodusport.fr\/blog\/wp-json\/wp\/v2\/users\/1"}],"replies":[{"embeddable":true,"href":"https:\/\/dicodusport.fr\/blog\/wp-json\/wp\/v2\/comments?post=407609"}],"version-history":[{"count":0,"href":"https:\/\/dicodusport.fr\/blog\/wp-json\/wp\/v2\/posts\/407609\/revisions"}],"wp:featuredmedia":[{"embeddable":true,"href":"https:\/\/dicodusport.fr\/blog\/wp-json\/wp\/v2\/media\/407610"}],"wp:attachment":[{"href":"https:\/\/dicodusport.fr\/blog\/wp-json\/wp\/v2\/media?parent=407609"}],"wp:term":[{"taxonomy":"category","embeddable":true,"href":"https:\/\/dicodusport.fr\/blog\/wp-json\/wp\/v2\/categories?post=407609"},{"taxonomy":"post_tag","embeddable":true,"href":"https:\/\/dicodusport.fr\/blog\/wp-json\/wp\/v2\/tags?post=407609"}],"curies":[{"name":"wp","href":"https:\/\/api.w.org\/{rel}","templated":true}]}}