{"id":40765,"date":"2019-06-05T11:16:40","date_gmt":"2019-06-05T09:16:40","guid":{"rendered":"http:\/\/dicodusport.fr\/blog\/?p=40765"},"modified":"2019-06-05T12:54:06","modified_gmt":"2019-06-05T10:54:06","slug":"face-a-face-le-regne-de-lebron-james-est-il-termine","status":"publish","type":"post","link":"https:\/\/dicodusport.fr\/blog\/face-a-face-le-regne-de-lebron-james-est-il-termine\/","title":{"rendered":"Face \u00e0 face : le r\u00e8gne de LeBron James est-il termin\u00e9 ?"},"content":{"rendered":"<p style=\"text-align: justify;\"><strong><em>Les r\u00e9dacteurs de Dicodusport entrent sur le ring et s\u2019affrontent dans un Face \u00e0 Face autour d\u2019un sujet d\u2019actualit\u00e9. Dans ce un-contre-un engag\u00e9, chaque r\u00e9dacteur ou r\u00e9dactrice tentera de convaincre son adversaire, ainsi que vous-m\u00eame, qu\u2019il m\u00e9rite de remporter ce duel. Un arbitre sera alors charg\u00e9 de les d\u00e9partager et de d\u00e9signer un vainqueur. Aujourd\u2019hui, deux de nos r\u00e9dacteurs s\u2019opposent au sujet de <a href=\"https:\/\/dicodusport.fr\/blog\/tag\/lebron-james\/\" target=\"_blank\" rel=\"noopener\">LeBron James<\/a>. Alors qu&rsquo;il n&rsquo;a pas particip\u00e9 aux playoffs de NBA pour la premi\u00e8re fois depuis 14 ans, peut-on dire que le r\u00e8gne du \u00ab King \u00bb LeBron James est achev\u00e9 ?<\/em><\/strong><\/p>\n<div id=\"attachment_9063\" style=\"width: 419px\" class=\"wp-caption aligncenter\"><img loading=\"lazy\" decoding=\"async\" aria-describedby=\"caption-attachment-9063\" class=\"wp-image-9063 \" src=\"http:\/\/dicodusport.fr\/blog\/wp-content\/uploads\/2017\/12\/Mathieu-Veillon.jpg\" alt=\"\" width=\"409\" height=\"409\" srcset=\"https:\/\/dicodusport.fr\/blog\/wp-content\/uploads\/2017\/12\/Mathieu-Veillon.jpg 960w, https:\/\/dicodusport.fr\/blog\/wp-content\/uploads\/2017\/12\/Mathieu-Veillon-150x150.jpg 150w, https:\/\/dicodusport.fr\/blog\/wp-content\/uploads\/2017\/12\/Mathieu-Veillon-300x300.jpg 300w, https:\/\/dicodusport.fr\/blog\/wp-content\/uploads\/2017\/12\/Mathieu-Veillon-768x768.jpg 768w\" sizes=\"auto, (max-width: 409px) 100vw, 409px\" \/><p id=\"caption-attachment-9063\" class=\"wp-caption-text\">Mathieu continue de croire en LeBron James<\/p><\/div>\n<h1 style=\"text-align: justify;\"><img decoding=\"async\" class=\"emoji\" src=\"https:\/\/s.w.org\/images\/core\/emoji\/11\/svg\/1f44d.svg\" alt=\"&#x1f44d;\" \/>\u00a0Mathieu : Non, son r\u00e8gne n&rsquo;est pas encore termin\u00e9<\/h1>\n<p style=\"text-align: justify;\">Non, <strong>LeBron James<\/strong> a encore le temps de rajouter des bagues de champion \u00e0 ses doigts. Si la d\u00e9ception est forc\u00e9ment pr\u00e9sente chez les Lakers apr\u00e8s cette saison rat\u00e9e, il faut souligner qu\u2019avant sa blessure, l\u2019\u00e9quipe \u00e9tait 4\u00e8me \u00e0 l\u2019Ouest et donc tout \u00e0 fait en course pour jouer un r\u00f4le important en Playoffs. L\u2019an prochain, il existe de nombreuses raisons pour dire que l\u2019\u00e9quipe en <em>purple and gold<\/em> sera pr\u00e9tendante au titre\u00a0:<\/p>\n<p style=\"text-align: justify;\">Collectivement, l\u2019effectif sera renforc\u00e9\u00a0: les jeunes auront progress\u00e9 (<strong>Ball, Kuzma, Ingram, Hart<\/strong>) et un ou plusieurs gros free-agents seront recrut\u00e9s. Rajoutez un <strong>Jimmy Butler<\/strong> ou un <strong>Kyrie Irving<\/strong> dans ce jeune effectif et vous pouvez envisager un r\u00e8gne des Lakers sur la NBA. \u00c0 titre individuel, LeBron sera remont\u00e9 comme jamais apr\u00e8s ce faux-pas et comptez sur le King pour remettre les pendules \u00e0 l\u2019heure. On sait aussi que s\u2019il faut passer un coup de fil \u00e0 Jimmy ou Kyrie pour les convaincre de venir \u00e0 L.A., LeBron ne se privera pas.<\/p>\n<p style=\"text-align: justify;\">Un trade est toujours possible pour <strong>Anthony Davis<\/strong>, car les Angelinos poss\u00e8dent de nombreux atouts dans leur manche. On pense notamment au pick 4 de la prochaine Draft auquel on pourrait rajouter <strong>Ingram<\/strong> et <strong>Ball<\/strong> par exemple. Au pire, les Lakers pourraient choisir \u00e0 la Draft <strong>Cameron Reddish<\/strong> ou <strong>De\u2019Andre Hunter<\/strong> qui pourraient s\u2019ajouter au beau roster californien.<\/p>\n<p style=\"text-align: justify;\">Enfin, la dynastie Warriors devrait prendre fin l\u2019an prochain\u00a0: avec la signature quasi act\u00e9e de <strong>Durant<\/strong> aux Knicks et les prolongations de contrat de <strong>Klay Thompson<\/strong>, <strong>Draymond Green<\/strong> et <strong>Demarcus Cousins<\/strong> \u00e0 g\u00e9rer, la porte semble enfin ouverte pour les autres \u00e9quipes vers le titre NBA. Cet \u00e9t\u00e9 sera donc d\u00e9cisif, et pourrait donc marquer le d\u00e9but d\u2019un nouveau r\u00e8gne de LeBron sur la NBA\u00a0!<\/p>\n<p>&nbsp;<\/p>\n<hr \/>\n<div id=\"attachment_40788\" style=\"width: 365px\" class=\"wp-caption aligncenter\"><img loading=\"lazy\" decoding=\"async\" aria-describedby=\"caption-attachment-40788\" class=\"wp-image-40788 size-full\" src=\"http:\/\/dicodusport.fr\/blog\/wp-content\/uploads\/2019\/06\/Max-face-\u00e0-face.jpg\" alt=\"\" width=\"355\" height=\"445\" srcset=\"https:\/\/dicodusport.fr\/blog\/wp-content\/uploads\/2019\/06\/Max-face-\u00e0-face.jpg 355w, https:\/\/dicodusport.fr\/blog\/wp-content\/uploads\/2019\/06\/Max-face-\u00e0-face-239x300.jpg 239w\" sizes=\"auto, (max-width: 355px) 100vw, 355px\" \/><p id=\"caption-attachment-40788\" class=\"wp-caption-text\">Max ne se fie plus au King<\/p><\/div>\n<h1 style=\"text-align: justify;\"><img decoding=\"async\" class=\"emoji\" src=\"https:\/\/s.w.org\/images\/core\/emoji\/11\/svg\/1f44d.svg\" alt=\"&#x1f44d;\" \/>\u00a0Maxime : Oui, son h\u00e9g\u00e9monie est finie<\/h1>\n<p style=\"text-align: justify;\">La carri\u00e8re de <strong>LeBron James<\/strong> est magnifique. Mais depuis 9 mois, elle semble moins bien embarqu\u00e9e et il semble judicieux de commencer \u00e0 penser que son h\u00e9g\u00e9monie est finie.<\/p>\n<p style=\"text-align: justify;\">Non seulement, le natif d\u2019Akron a 34 ans. Certes, d\u2019autres avant lui ont prouv\u00e9 qu\u2019ils \u00e9taient toujours au top malgr\u00e9 les ann\u00e9es qui passaient. Mais la rel\u00e8ve marque d\u00e9j\u00e0 le pas : <strong>James Harden<\/strong>, <strong>Giannis Antetokounmpo<\/strong>, la jeunesse flamboyante des 76ers et l\u2019arriv\u00e9e future de <strong>Zion Williamson<\/strong>. Puis aussi car <strong>LeBron James<\/strong> \u00e0 Los Angeles, \u00e7a ne colle pas. L\u2019image de LBJ restera \u00e0 jamais coll\u00e9e \u00e0 Cleveland ou \u00e0 Miami. Tout comme son ami et ancien co\u00e9quipier <strong>Dwyane Wade<\/strong> qui avait tent\u00e9 de se relancer \u00e0 Chicago, James semble faire une exp\u00e9rience rat\u00e9e sur la c\u00f4te Ouest.<\/p>\n<p style=\"text-align: justify;\">Enfin, pr\u00e9sent \u00ab seulement \u00bb dans la All-NBA Third Team cette saison, il montre certes sa force, mais aussi sa chute. Certainement un des meilleurs joueurs que le ballon orange n\u2019ait jamais connu, <strong>LeBron James<\/strong>, s\u2019il restera \u00e0 jamais \u00ab The King \u00bb, n\u2019est et ne sera plus le seigneur des parquets.<\/p>\n<hr \/>\n<h1 style=\"text-align: justify;\">Verdict de l&rsquo;arbitre :<\/h1>\n<p style=\"text-align: justify;\">Le cas de LeBron James et des Lakers a beaucoup fait parler en cette fin de saison NBA. Absent des playoffs pour la premi\u00e8re fois depuis 2005, le natif d&rsquo;Akron a souffert du changement d&rsquo;\u00e9quipe et de conf\u00e9rence. La comparaison avec Dwyane Wade faite par Maxime est tout \u00e0 fait l\u00e9gitime et il marque ici un bon point. Mais le projet de LeBron James aux Lakers s&rsquo;\u00e9tale sur 4 ans, et nous n&rsquo;avons connu que la premi\u00e8re ann\u00e9e de celui-ci. Si le King a d\u00e9j\u00e0 34 ans comme \u00e9voqu\u00e9 par Maxime, <strong>Mathieu a raison quand il explique <\/strong><em><strong>\u00ab qu&rsquo;avant la blessure de LeBron, l\u2019\u00e9quipe \u00e9tait 4\u00e8me \u00e0 l\u2019Ouest \u00bb.<\/strong>\u00a0<\/em>Ce dernier pointe ensuite le fait que la ligue pourrait bien \u00eatre transform\u00e9e d\u00e8s l&rsquo;ann\u00e9e prochaine avec la fin de la dynastie des Warriors qui dure depuis 2014. Un argument contrebalanc\u00e9 par Maxime parlant d&rsquo;une rel\u00e8ve \u00e0 la fois individuelle (Harden, Antetokounmpo) et collective (les 76ers).<\/p>\n<p style=\"text-align: justify;\">Mais n&rsquo;oublions pas que la signature (ou trade) d&rsquo;une star comme Anthony Davis ou Kyrie Irving aux Lakers pourrait changer le visage de cette \u00e9quipe, et \u00e9pauler un LeBron James trop esseul\u00e9 cette ann\u00e9e. <strong>Si James en lui-m\u00eame ne s&rsquo;am\u00e9liorera pas avec le temps comme expliqu\u00e9 par Maxime, son \u00e9quipe oui !<\/strong> Sur ce point bien d\u00e9montr\u00e9 par Mathieu, je donne la victoire \u00e0 ce dernier.<\/p>\n<p><strong><img decoding=\"async\" class=\"emoji\" src=\"https:\/\/s.w.org\/images\/core\/emoji\/11\/svg\/1f3c6.svg\" alt=\"&#x1f3c6;\" \/>\u00a0Mathieu remporte donc ce d\u00e9bat !<\/strong><\/p>\n<p><em><strong>Tom Compayrot<\/strong><br \/>\n<\/em><a href=\"https:\/\/twitter.com\/tom_Cprt?lang=fr\" target=\"_blank\" rel=\"noopener noreferrer\"><img loading=\"lazy\" decoding=\"async\" class=\"alignnone wp-image-2908\" src=\"http:\/\/dicodusport.fr\/blog\/wp-content\/uploads\/2017\/07\/logo-twitter-150x150.png\" alt=\"\" width=\"39\" height=\"39\" \/><\/a><\/p>\n","protected":false},"excerpt":{"rendered":"<p>LeBron James, qui a rat\u00e9 les playoffs pour la premi\u00e8re fois depuis 2005, est au centre de beaucoup de d\u00e9bats. Son r\u00e8gne sur la NBA est-il pour autant fini ?<\/p>\n","protected":false},"author":13,"featured_media":40771,"comment_status":"open","ping_status":"closed","sticky":false,"template":"","format":"standard","meta":{"_acf_changed":false,"_daextam_enable_autolinks":"","footnotes":""},"categories":[2,2305,2348,2317],"tags":[],"class_list":["post-40765","post","type-post","status-publish","format-standard","has-post-thumbnail","hentry","category-actualites","category-basket-ball","category-face-a-face","category-sports-us"],"acf":[],"yoast_head":"<!-- This site is optimized with the Yoast SEO Premium plugin v26.7 (Yoast SEO v26.7) - https:\/\/yoast.com\/wordpress\/plugins\/seo\/ -->\n<title>Face \u00e0 face : le r\u00e8gne de LeBron James est-il termin\u00e9 ?<\/title>\n<meta name=\"description\" content=\"LeBron James, qui a rat\u00e9 les playoffs pour la premi\u00e8re fois depuis 2005, est au centre de beaucoup de d\u00e9bats. Son r\u00e8gne sur la NBA est-il pour autant fini ?\" \/>\n<meta name=\"robots\" content=\"index, follow, max-snippet:-1, max-image-preview:large, max-video-preview:-1\" \/>\n<link rel=\"canonical\" href=\"https:\/\/dicodusport.fr\/blog\/face-a-face-le-regne-de-lebron-james-est-il-termine\/\" \/>\n<meta property=\"og:locale\" content=\"fr_FR\" \/>\n<meta property=\"og:type\" content=\"article\" \/>\n<meta property=\"og:title\" content=\"Face \u00e0 face : le r\u00e8gne de LeBron James est-il termin\u00e9 ?\" \/>\n<meta property=\"og:description\" content=\"LeBron James, qui a rat\u00e9 les playoffs pour la premi\u00e8re fois depuis 2005, est au centre de beaucoup de d\u00e9bats. Son r\u00e8gne sur la NBA est-il pour autant fini ?\" \/>\n<meta property=\"og:url\" content=\"https:\/\/dicodusport.fr\/blog\/face-a-face-le-regne-de-lebron-james-est-il-termine\/\" \/>\n<meta property=\"og:site_name\" content=\"Dicodusport\" \/>\n<meta property=\"article:publisher\" content=\"https:\/\/www.facebook.com\/dicodusport\" \/>\n<meta property=\"article:published_time\" content=\"2019-06-05T09:16:40+00:00\" \/>\n<meta property=\"article:modified_time\" content=\"2019-06-05T10:54:06+00:00\" \/>\n<meta property=\"og:image\" content=\"https:\/\/dicodusport.fr\/blog\/wp-content\/uploads\/2019\/06\/Visuel-dicodusport-d\u00e9bat-lebron.png\" \/>\n\t<meta property=\"og:image:width\" content=\"1200\" \/>\n\t<meta property=\"og:image:height\" content=\"670\" \/>\n\t<meta property=\"og:image:type\" content=\"image\/png\" \/>\n<meta name=\"author\" content=\"Tom Compayrot\" \/>\n<meta name=\"twitter:card\" content=\"summary_large_image\" \/>\n<meta name=\"twitter:title\" content=\"Face \u00e0 face : le r\u00e8gne de LeBron James est-il termin\u00e9 ?\" \/>\n<meta name=\"twitter:creator\" content=\"@https:\/\/twitter.com\/Tom_Cprt\" \/>\n<meta name=\"twitter:site\" content=\"@dicodusport\" \/>\n<script type=\"application\/ld+json\" class=\"yoast-schema-graph\">{\"@context\":\"https:\/\/schema.org\",\"@graph\":[{\"@type\":\"NewsArticle\",\"@id\":\"https:\/\/dicodusport.fr\/blog\/face-a-face-le-regne-de-lebron-james-est-il-termine\/#article\",\"isPartOf\":{\"@id\":\"https:\/\/dicodusport.fr\/blog\/face-a-face-le-regne-de-lebron-james-est-il-termine\/\"},\"author\":{\"name\":\"Tom Compayrot\",\"@id\":\"https:\/\/dicodusport.fr\/blog\/#\/schema\/person\/bf1e4f404e108bd2be5b447b16bde9a7\"},\"headline\":\"Face \u00e0 face : le r\u00e8gne de LeBron James est-il termin\u00e9 ?\",\"datePublished\":\"2019-06-05T09:16:40+00:00\",\"dateModified\":\"2019-06-05T10:54:06+00:00\",\"mainEntityOfPage\":{\"@id\":\"https:\/\/dicodusport.fr\/blog\/face-a-face-le-regne-de-lebron-james-est-il-termine\/\"},\"wordCount\":907,\"commentCount\":0,\"publisher\":{\"@id\":\"https:\/\/dicodusport.fr\/blog\/#organization\"},\"image\":{\"@id\":\"https:\/\/dicodusport.fr\/blog\/face-a-face-le-regne-de-lebron-james-est-il-termine\/#primaryimage\"},\"thumbnailUrl\":\"https:\/\/dicodusport.fr\/blog\/wp-content\/uploads\/2019\/06\/Visuel-dicodusport-d\u00e9bat-lebron.png\",\"articleSection\":[\"Actualit\u00e9s\",\"Basket-ball\",\"Face \u00e0 face\",\"Sports US\"],\"inLanguage\":\"fr-FR\",\"potentialAction\":[{\"@type\":\"CommentAction\",\"name\":\"Comment\",\"target\":[\"https:\/\/dicodusport.fr\/blog\/face-a-face-le-regne-de-lebron-james-est-il-termine\/#respond\"]}],\"copyrightYear\":\"2019\",\"copyrightHolder\":{\"@id\":\"https:\/\/dicodusport.fr\/blog\/#organization\"}},{\"@type\":\"WebPage\",\"@id\":\"https:\/\/dicodusport.fr\/blog\/face-a-face-le-regne-de-lebron-james-est-il-termine\/\",\"url\":\"https:\/\/dicodusport.fr\/blog\/face-a-face-le-regne-de-lebron-james-est-il-termine\/\",\"name\":\"Face \u00e0 face : le r\u00e8gne de LeBron James est-il termin\u00e9 ?\",\"isPartOf\":{\"@id\":\"https:\/\/dicodusport.fr\/blog\/#website\"},\"primaryImageOfPage\":{\"@id\":\"https:\/\/dicodusport.fr\/blog\/face-a-face-le-regne-de-lebron-james-est-il-termine\/#primaryimage\"},\"image\":{\"@id\":\"https:\/\/dicodusport.fr\/blog\/face-a-face-le-regne-de-lebron-james-est-il-termine\/#primaryimage\"},\"thumbnailUrl\":\"https:\/\/dicodusport.fr\/blog\/wp-content\/uploads\/2019\/06\/Visuel-dicodusport-d\u00e9bat-lebron.png\",\"datePublished\":\"2019-06-05T09:16:40+00:00\",\"dateModified\":\"2019-06-05T10:54:06+00:00\",\"description\":\"LeBron James, qui a rat\u00e9 les playoffs pour la premi\u00e8re fois depuis 2005, est au centre de beaucoup de d\u00e9bats. Son r\u00e8gne sur la NBA est-il pour autant fini ?\",\"breadcrumb\":{\"@id\":\"https:\/\/dicodusport.fr\/blog\/face-a-face-le-regne-de-lebron-james-est-il-termine\/#breadcrumb\"},\"inLanguage\":\"fr-FR\",\"potentialAction\":[{\"@type\":\"ReadAction\",\"target\":[\"https:\/\/dicodusport.fr\/blog\/face-a-face-le-regne-de-lebron-james-est-il-termine\/\"]}]},{\"@type\":\"ImageObject\",\"inLanguage\":\"fr-FR\",\"@id\":\"https:\/\/dicodusport.fr\/blog\/face-a-face-le-regne-de-lebron-james-est-il-termine\/#primaryimage\",\"url\":\"https:\/\/dicodusport.fr\/blog\/wp-content\/uploads\/2019\/06\/Visuel-dicodusport-d\u00e9bat-lebron.png\",\"contentUrl\":\"https:\/\/dicodusport.fr\/blog\/wp-content\/uploads\/2019\/06\/Visuel-dicodusport-d\u00e9bat-lebron.png\",\"width\":1200,\"height\":670},{\"@type\":\"BreadcrumbList\",\"@id\":\"https:\/\/dicodusport.fr\/blog\/face-a-face-le-regne-de-lebron-james-est-il-termine\/#breadcrumb\",\"itemListElement\":[{\"@type\":\"ListItem\",\"position\":1,\"name\":\"Accueil\",\"item\":\"https:\/\/dicodusport.fr\/blog\/\"},{\"@type\":\"ListItem\",\"position\":2,\"name\":\"Face \u00e0 face : le r\u00e8gne de LeBron James est-il termin\u00e9 ?\"}]},{\"@type\":\"WebSite\",\"@id\":\"https:\/\/dicodusport.fr\/blog\/#website\",\"url\":\"https:\/\/dicodusport.fr\/blog\/\",\"name\":\"Dicodusport\",\"description\":\"L&#039;encyclop\u00e9die de l&#039;actualit\u00e9 sportive\",\"publisher\":{\"@id\":\"https:\/\/dicodusport.fr\/blog\/#organization\"},\"potentialAction\":[{\"@type\":\"SearchAction\",\"target\":{\"@type\":\"EntryPoint\",\"urlTemplate\":\"https:\/\/dicodusport.fr\/blog\/?s={search_term_string}\"},\"query-input\":{\"@type\":\"PropertyValueSpecification\",\"valueRequired\":true,\"valueName\":\"search_term_string\"}}],\"inLanguage\":\"fr-FR\"},{\"@type\":\"NewsMediaOrganization\",\"@id\":\"https:\/\/dicodusport.fr\/blog\/#organization\",\"name\":\"Dicodusport\",\"url\":\"https:\/\/dicodusport.fr\/blog\/\",\"logo\":{\"@type\":\"ImageObject\",\"inLanguage\":\"fr-FR\",\"@id\":\"https:\/\/dicodusport.fr\/blog\/#\/schema\/logo\/image\/\",\"url\":\"https:\/\/dicodusport.fr\/blog\/wp-content\/uploads\/2020\/06\/cropped-LOGO-DICODUSPORT-2020-SANS-FOND-SANS-TEXTE.png\",\"contentUrl\":\"https:\/\/dicodusport.fr\/blog\/wp-content\/uploads\/2020\/06\/cropped-LOGO-DICODUSPORT-2020-SANS-FOND-SANS-TEXTE.png\",\"width\":512,\"height\":512,\"caption\":\"Dicodusport\"},\"image\":{\"@id\":\"https:\/\/dicodusport.fr\/blog\/#\/schema\/logo\/image\/\"},\"sameAs\":[\"https:\/\/www.facebook.com\/dicodusport\",\"https:\/\/x.com\/dicodusport\",\"https:\/\/www.instagram.com\/dicodusport\/\",\"https:\/\/www.youtube.com\/channel\/UC7V2KZ5sd3htJivAbA4ZG3w\"],\"description\":\"Dicodusport est l'encyclop\u00e9die de l'actualit\u00e9 sportive.\",\"email\":\"bonjour@dicodusport.fr\",\"legalName\":\"DICODUSPORT\",\"foundingDate\":\"2018-01-14\",\"vatID\":\"FR71834470973\",\"taxID\":\"83447097300043\",\"numberOfEmployees\":{\"@type\":\"QuantitativeValue\",\"minValue\":\"1\",\"maxValue\":\"10\"}},{\"@type\":\"Person\",\"@id\":\"https:\/\/dicodusport.fr\/blog\/#\/schema\/person\/bf1e4f404e108bd2be5b447b16bde9a7\",\"name\":\"Tom Compayrot\",\"image\":{\"@type\":\"ImageObject\",\"inLanguage\":\"fr-FR\",\"@id\":\"https:\/\/dicodusport.fr\/blog\/#\/schema\/person\/image\/\",\"url\":\"https:\/\/dicodusport.fr\/blog\/wp-content\/uploads\/2021\/05\/Tom-Compayrot-150x150.jpg\",\"contentUrl\":\"https:\/\/dicodusport.fr\/blog\/wp-content\/uploads\/2021\/05\/Tom-Compayrot-150x150.jpg\",\"caption\":\"Tom Compayrot\"},\"description\":\"Journaliste\/r\u00e9dacteur depuis mars 2017 - Amoureux de la petite balle jaune et du gros ballon orange qui tra\u00eene sa carcasse sur Dicodusport depuis 2017. Rafael Nadal et LeBron James sont les meilleurs joueurs de l'histoire.\",\"sameAs\":[\"https:\/\/x.com\/https:\/\/twitter.com\/Tom_Cprt\"],\"url\":\"https:\/\/dicodusport.fr\/blog\/author\/tom\/\"}]}<\/script>\n<!-- \/ Yoast SEO Premium plugin. -->","yoast_head_json":{"title":"Face \u00e0 face : le r\u00e8gne de LeBron James est-il termin\u00e9 ?","description":"LeBron James, qui a rat\u00e9 les playoffs pour la premi\u00e8re fois depuis 2005, est au centre de beaucoup de d\u00e9bats. Son r\u00e8gne sur la NBA est-il pour autant fini ?","robots":{"index":"index","follow":"follow","max-snippet":"max-snippet:-1","max-image-preview":"max-image-preview:large","max-video-preview":"max-video-preview:-1"},"canonical":"https:\/\/dicodusport.fr\/blog\/face-a-face-le-regne-de-lebron-james-est-il-termine\/","og_locale":"fr_FR","og_type":"article","og_title":"Face \u00e0 face : le r\u00e8gne de LeBron James est-il termin\u00e9 ?","og_description":"LeBron James, qui a rat\u00e9 les playoffs pour la premi\u00e8re fois depuis 2005, est au centre de beaucoup de d\u00e9bats. Son r\u00e8gne sur la NBA est-il pour autant fini ?","og_url":"https:\/\/dicodusport.fr\/blog\/face-a-face-le-regne-de-lebron-james-est-il-termine\/","og_site_name":"Dicodusport","article_publisher":"https:\/\/www.facebook.com\/dicodusport","article_published_time":"2019-06-05T09:16:40+00:00","article_modified_time":"2019-06-05T10:54:06+00:00","og_image":[{"width":1200,"height":670,"url":"https:\/\/dicodusport.fr\/blog\/wp-content\/uploads\/2019\/06\/Visuel-dicodusport-d\u00e9bat-lebron.png","type":"image\/png"}],"author":"Tom Compayrot","twitter_card":"summary_large_image","twitter_title":"Face \u00e0 face : le r\u00e8gne de LeBron James est-il termin\u00e9 ?","twitter_creator":"@https:\/\/twitter.com\/Tom_Cprt","twitter_site":"@dicodusport","schema":{"@context":"https:\/\/schema.org","@graph":[{"@type":"NewsArticle","@id":"https:\/\/dicodusport.fr\/blog\/face-a-face-le-regne-de-lebron-james-est-il-termine\/#article","isPartOf":{"@id":"https:\/\/dicodusport.fr\/blog\/face-a-face-le-regne-de-lebron-james-est-il-termine\/"},"author":{"name":"Tom Compayrot","@id":"https:\/\/dicodusport.fr\/blog\/#\/schema\/person\/bf1e4f404e108bd2be5b447b16bde9a7"},"headline":"Face \u00e0 face : le r\u00e8gne de LeBron James est-il termin\u00e9 ?","datePublished":"2019-06-05T09:16:40+00:00","dateModified":"2019-06-05T10:54:06+00:00","mainEntityOfPage":{"@id":"https:\/\/dicodusport.fr\/blog\/face-a-face-le-regne-de-lebron-james-est-il-termine\/"},"wordCount":907,"commentCount":0,"publisher":{"@id":"https:\/\/dicodusport.fr\/blog\/#organization"},"image":{"@id":"https:\/\/dicodusport.fr\/blog\/face-a-face-le-regne-de-lebron-james-est-il-termine\/#primaryimage"},"thumbnailUrl":"https:\/\/dicodusport.fr\/blog\/wp-content\/uploads\/2019\/06\/Visuel-dicodusport-d\u00e9bat-lebron.png","articleSection":["Actualit\u00e9s","Basket-ball","Face \u00e0 face","Sports US"],"inLanguage":"fr-FR","potentialAction":[{"@type":"CommentAction","name":"Comment","target":["https:\/\/dicodusport.fr\/blog\/face-a-face-le-regne-de-lebron-james-est-il-termine\/#respond"]}],"copyrightYear":"2019","copyrightHolder":{"@id":"https:\/\/dicodusport.fr\/blog\/#organization"}},{"@type":"WebPage","@id":"https:\/\/dicodusport.fr\/blog\/face-a-face-le-regne-de-lebron-james-est-il-termine\/","url":"https:\/\/dicodusport.fr\/blog\/face-a-face-le-regne-de-lebron-james-est-il-termine\/","name":"Face \u00e0 face : le r\u00e8gne de LeBron James est-il termin\u00e9 ?","isPartOf":{"@id":"https:\/\/dicodusport.fr\/blog\/#website"},"primaryImageOfPage":{"@id":"https:\/\/dicodusport.fr\/blog\/face-a-face-le-regne-de-lebron-james-est-il-termine\/#primaryimage"},"image":{"@id":"https:\/\/dicodusport.fr\/blog\/face-a-face-le-regne-de-lebron-james-est-il-termine\/#primaryimage"},"thumbnailUrl":"https:\/\/dicodusport.fr\/blog\/wp-content\/uploads\/2019\/06\/Visuel-dicodusport-d\u00e9bat-lebron.png","datePublished":"2019-06-05T09:16:40+00:00","dateModified":"2019-06-05T10:54:06+00:00","description":"LeBron James, qui a rat\u00e9 les playoffs pour la premi\u00e8re fois depuis 2005, est au centre de beaucoup de d\u00e9bats. Son r\u00e8gne sur la NBA est-il pour autant fini ?","breadcrumb":{"@id":"https:\/\/dicodusport.fr\/blog\/face-a-face-le-regne-de-lebron-james-est-il-termine\/#breadcrumb"},"inLanguage":"fr-FR","potentialAction":[{"@type":"ReadAction","target":["https:\/\/dicodusport.fr\/blog\/face-a-face-le-regne-de-lebron-james-est-il-termine\/"]}]},{"@type":"ImageObject","inLanguage":"fr-FR","@id":"https:\/\/dicodusport.fr\/blog\/face-a-face-le-regne-de-lebron-james-est-il-termine\/#primaryimage","url":"https:\/\/dicodusport.fr\/blog\/wp-content\/uploads\/2019\/06\/Visuel-dicodusport-d\u00e9bat-lebron.png","contentUrl":"https:\/\/dicodusport.fr\/blog\/wp-content\/uploads\/2019\/06\/Visuel-dicodusport-d\u00e9bat-lebron.png","width":1200,"height":670},{"@type":"BreadcrumbList","@id":"https:\/\/dicodusport.fr\/blog\/face-a-face-le-regne-de-lebron-james-est-il-termine\/#breadcrumb","itemListElement":[{"@type":"ListItem","position":1,"name":"Accueil","item":"https:\/\/dicodusport.fr\/blog\/"},{"@type":"ListItem","position":2,"name":"Face \u00e0 face : le r\u00e8gne de LeBron James est-il termin\u00e9 ?"}]},{"@type":"WebSite","@id":"https:\/\/dicodusport.fr\/blog\/#website","url":"https:\/\/dicodusport.fr\/blog\/","name":"Dicodusport","description":"L&#039;encyclop\u00e9die de l&#039;actualit\u00e9 sportive","publisher":{"@id":"https:\/\/dicodusport.fr\/blog\/#organization"},"potentialAction":[{"@type":"SearchAction","target":{"@type":"EntryPoint","urlTemplate":"https:\/\/dicodusport.fr\/blog\/?s={search_term_string}"},"query-input":{"@type":"PropertyValueSpecification","valueRequired":true,"valueName":"search_term_string"}}],"inLanguage":"fr-FR"},{"@type":"NewsMediaOrganization","@id":"https:\/\/dicodusport.fr\/blog\/#organization","name":"Dicodusport","url":"https:\/\/dicodusport.fr\/blog\/","logo":{"@type":"ImageObject","inLanguage":"fr-FR","@id":"https:\/\/dicodusport.fr\/blog\/#\/schema\/logo\/image\/","url":"https:\/\/dicodusport.fr\/blog\/wp-content\/uploads\/2020\/06\/cropped-LOGO-DICODUSPORT-2020-SANS-FOND-SANS-TEXTE.png","contentUrl":"https:\/\/dicodusport.fr\/blog\/wp-content\/uploads\/2020\/06\/cropped-LOGO-DICODUSPORT-2020-SANS-FOND-SANS-TEXTE.png","width":512,"height":512,"caption":"Dicodusport"},"image":{"@id":"https:\/\/dicodusport.fr\/blog\/#\/schema\/logo\/image\/"},"sameAs":["https:\/\/www.facebook.com\/dicodusport","https:\/\/x.com\/dicodusport","https:\/\/www.instagram.com\/dicodusport\/","https:\/\/www.youtube.com\/channel\/UC7V2KZ5sd3htJivAbA4ZG3w"],"description":"Dicodusport est l'encyclop\u00e9die de l'actualit\u00e9 sportive.","email":"bonjour@dicodusport.fr","legalName":"DICODUSPORT","foundingDate":"2018-01-14","vatID":"FR71834470973","taxID":"83447097300043","numberOfEmployees":{"@type":"QuantitativeValue","minValue":"1","maxValue":"10"}},{"@type":"Person","@id":"https:\/\/dicodusport.fr\/blog\/#\/schema\/person\/bf1e4f404e108bd2be5b447b16bde9a7","name":"Tom Compayrot","image":{"@type":"ImageObject","inLanguage":"fr-FR","@id":"https:\/\/dicodusport.fr\/blog\/#\/schema\/person\/image\/","url":"https:\/\/dicodusport.fr\/blog\/wp-content\/uploads\/2021\/05\/Tom-Compayrot-150x150.jpg","contentUrl":"https:\/\/dicodusport.fr\/blog\/wp-content\/uploads\/2021\/05\/Tom-Compayrot-150x150.jpg","caption":"Tom Compayrot"},"description":"Journaliste\/r\u00e9dacteur depuis mars 2017 - Amoureux de la petite balle jaune et du gros ballon orange qui tra\u00eene sa carcasse sur Dicodusport depuis 2017. Rafael Nadal et LeBron James sont les meilleurs joueurs de l'histoire.","sameAs":["https:\/\/x.com\/https:\/\/twitter.com\/Tom_Cprt"],"url":"https:\/\/dicodusport.fr\/blog\/author\/tom\/"}]}},"_links":{"self":[{"href":"https:\/\/dicodusport.fr\/blog\/wp-json\/wp\/v2\/posts\/40765","targetHints":{"allow":["GET"]}}],"collection":[{"href":"https:\/\/dicodusport.fr\/blog\/wp-json\/wp\/v2\/posts"}],"about":[{"href":"https:\/\/dicodusport.fr\/blog\/wp-json\/wp\/v2\/types\/post"}],"author":[{"embeddable":true,"href":"https:\/\/dicodusport.fr\/blog\/wp-json\/wp\/v2\/users\/13"}],"replies":[{"embeddable":true,"href":"https:\/\/dicodusport.fr\/blog\/wp-json\/wp\/v2\/comments?post=40765"}],"version-history":[{"count":0,"href":"https:\/\/dicodusport.fr\/blog\/wp-json\/wp\/v2\/posts\/40765\/revisions"}],"wp:featuredmedia":[{"embeddable":true,"href":"https:\/\/dicodusport.fr\/blog\/wp-json\/wp\/v2\/media\/40771"}],"wp:attachment":[{"href":"https:\/\/dicodusport.fr\/blog\/wp-json\/wp\/v2\/media?parent=40765"}],"wp:term":[{"taxonomy":"category","embeddable":true,"href":"https:\/\/dicodusport.fr\/blog\/wp-json\/wp\/v2\/categories?post=40765"},{"taxonomy":"post_tag","embeddable":true,"href":"https:\/\/dicodusport.fr\/blog\/wp-json\/wp\/v2\/tags?post=40765"}],"curies":[{"name":"wp","href":"https:\/\/api.w.org\/{rel}","templated":true}]}}