{"id":407652,"date":"2023-08-11T13:51:00","date_gmt":"2023-08-11T11:51:00","guid":{"rendered":"https:\/\/dicodusport.fr\/blog\/?p=407652&#038;preview=true&#038;preview_id=407652"},"modified":"2023-08-11T15:10:22","modified_gmt":"2023-08-11T13:10:22","slug":"mondiaux-vtt-2023-adrien-boichis-vice-champion-du-monde-u23-sur-le-xco","status":"publish","type":"post","link":"https:\/\/dicodusport.fr\/blog\/mondiaux-vtt-2023-adrien-boichis-vice-champion-du-monde-u23-sur-le-xco\/","title":{"rendered":"Mondiaux VTT 2023 : Adrien Boichis vice-champion du monde U23 sur le XCO"},"content":{"rendered":"<p style=\"text-align: justify;\"><b><i><a href=\"https:\/\/dicodusport.fr\/blog\/actualites\/cyclisme\/championnats-du-monde-cyclisme-2023\/\">CHAMPIONNATS DU MONDE DE VTT 2023<\/a> &#8211; Apr\u00e8s une course splendide, Adrien Boichis a fini par baisser pavillon devant Charlie Aldridge, mais rafle tout de m\u00eame une belle m\u00e9daille d&rsquo;argent.\u00a0<\/i><\/b><\/p>\n<p style=\"text-align: justify;\">Puisqu&rsquo;il avait \u00e9t\u00e9 sacr\u00e9 <a href=\"https:\/\/dicodusport.fr\/blog\/vtt-adrien-boichis-champion-deurope-u23-en-xco\/\">champion d&rsquo;Europe XCO U23 le mois dernier<\/a>, <strong>Adrien Boichis<\/strong> \u00e9tait logiquement parmi les favoris de l&rsquo;\u00e9preuve aujourd&rsquo;hui. Et il a rapidement prouv\u00e9 qu&rsquo;il \u00e9tait l\u00e0 pour jouer le titre. Il n&rsquo;a gu\u00e8re fallu longtemps pour qu&rsquo;il s&rsquo;isole en t\u00eate avec les deux v\u00e9t\u00e9tistes qui l&rsquo;avaient accompagn\u00e9 sur le podium continental, le Suisse <strong>Dario Lillo<\/strong> et le Britannique <strong>Charlie Aldridge<\/strong>, ainsi qu&rsquo;avec l&rsquo;Am\u00e9ricain <strong>Riley Amos<\/strong>.<\/p>\n<blockquote class=\"twitter-tweet\">\n<p dir=\"ltr\" lang=\"en\">Lap 3\ufe0f\u20e3 \/ 7\ufe0f\u20e3 and a select leading group have established a +22s gap on the chasers.<\/p>\n<p>Riley Amos (USA), Dario Lillo (SUI), Adrien Boichis (FRA), Charlie Aldridge (GBR) battling it out! <a href=\"https:\/\/twitter.com\/hashtag\/GlasgowScotland2023?src=hash&amp;ref_src=twsrc%5Etfw\">#GlasgowScotland2023<\/a> <a href=\"https:\/\/t.co\/z1aQCnHi9u\">pic.twitter.com\/z1aQCnHi9u<\/a><\/p>\n<p>\u2014 UCI MTB (@UCI_MTB) <a href=\"https:\/\/twitter.com\/UCI_MTB\/status\/1689956409771757568?ref_src=twsrc%5Etfw\">August 11, 2023<\/a><\/p><\/blockquote>\n<p style=\"text-align: justify;\"><script async src=\"https:\/\/platform.twitter.com\/widgets.js\" charset=\"utf-8\"><\/script><br \/>\nApr\u00e8s deux tours, il apparaissait \u00e9vident que le podium allait se jouer entre ces quatre l\u00e0. Un autre Tricolore, <strong>Luca Martin,<\/strong> allait bien tenter un rapproch\u00e9, mais sans succ\u00e8s. C&rsquo;est au 5e des 7 tours que la situation a commenc\u00e9 \u00e0 se d\u00e9canter, quand une acc\u00e9l\u00e9ration d&rsquo;<strong>Aldridge<\/strong> a eu raison d&rsquo;<strong>Amos<\/strong>. La place sur le podium commen\u00e7ait \u00e0 devenir r\u00e9elle, mais <strong>Boichis<\/strong> ne voulait que la victoire.<\/p>\n<p style=\"text-align: justify;\">Comme attendu, c&rsquo;est au dernier tour que tout s&rsquo;est d\u00e9cid\u00e9. Une acc\u00e9l\u00e9ration d&rsquo;<strong>Aldridge<\/strong> a caus\u00e9 la perte de <strong>Lillo,<\/strong> mais le Fran\u00e7ais continuait de r\u00e9sister. Avant de finir par craquer progressivement devant la puissance de l&rsquo;Anglais, et de devoir se contenter de la m\u00e9daille d&rsquo;argent. Une d\u00e9ception sur le papier, tant le premier titre mondial d&rsquo;un Fran\u00e7ais en XCO U23 depuis <strong>Julien Absalon<\/strong> en 2002 semblait \u00e0 port\u00e9e. Mais la confirmation que le VTT fran\u00e7ais est toujours parmi les meilleurs du monde, peu importe la cat\u00e9gorie d&rsquo;\u00e2ge.<\/p>\n<h2 style=\"text-align: justify;\">\u00c0 lire aussi<\/h2>\n<ul>\n<li style=\"text-align: justify;\"><a href=\"https:\/\/dicodusport.fr\/blog\/championnats-du-monde-vtt-xco-2023-classement-cross-country-u23-hommes\/\"><strong>Classement complet du XCO U23<\/strong><\/a><\/li>\n<li style=\"text-align: justify;\"><a href=\"https:\/\/dicodusport.fr\/blog\/programme-et-resultats-vtt-championnats-du-monde-2023\/\"><b>Calendrier et r\u00e9sultats des Championnats du monde de VTT 2023<\/b><\/a><\/li>\n<li style=\"text-align: justify;\"><a href=\"https:\/\/dicodusport.fr\/blog\/tableau-des-medailles-cyclisme-championnats-du-monde-uci-2023\/4\/#vtt\"><strong>Tableau des m\u00e9dailles des Championnats du monde de cyclisme 2023<\/strong><\/a><\/li>\n<\/ul>\n","protected":false},"excerpt":{"rendered":"<p>CHAMPIONNATS DU MONDE DE VTT 2023 &#8211; Apr\u00e8s une course splendide, Adrien Boichis a fini par baisser pavillon devant Charlie Aldridge, mais rafle tout de m\u00eame une belle m\u00e9daille d&rsquo;argent.\u00a0<\/p>\n","protected":false},"author":59,"featured_media":407685,"comment_status":"open","ping_status":"closed","sticky":false,"template":"","format":"standard","meta":{"_acf_changed":false,"_daextam_enable_autolinks":"","footnotes":""},"categories":[2307,10279],"tags":[16878,18758,24],"class_list":["post-407652","post","type-post","status-publish","format-standard","has-post-thumbnail","hentry","category-cyclisme","category-vtt","tag-breve","tag-championnats-du-monde-de-vtt","tag-sport"],"acf":[],"yoast_head":"<!-- This site is optimized with the Yoast SEO Premium plugin v26.7 (Yoast SEO v26.7) - https:\/\/yoast.com\/wordpress\/plugins\/seo\/ -->\n<title>Mondiaux VTT 2023 : Adrien Boichis vice-champion du monde U23 sur le XCO<\/title>\n<meta name=\"description\" content=\"CHAMPIONNATS DU MONDE DE VTT 2023 - Apr\u00e8s une course splendide, Adrien Boichis a fini par baisser pavillon devant Charlie Aldridge.\" \/>\n<meta name=\"robots\" content=\"index, follow, max-snippet:-1, max-image-preview:large, max-video-preview:-1\" \/>\n<link rel=\"canonical\" href=\"https:\/\/dicodusport.fr\/blog\/mondiaux-vtt-2023-adrien-boichis-vice-champion-du-monde-u23-sur-le-xco\/\" \/>\n<meta property=\"og:locale\" content=\"fr_FR\" \/>\n<meta property=\"og:type\" content=\"article\" \/>\n<meta property=\"og:title\" content=\"Mondiaux VTT 2023 : Adrien Boichis vice-champion du monde U23 sur le XCO\" \/>\n<meta property=\"og:description\" content=\"CHAMPIONNATS DU MONDE DE VTT 2023 - Apr\u00e8s une course splendide, Adrien Boichis a fini par baisser pavillon devant Charlie Aldridge.\" \/>\n<meta property=\"og:url\" content=\"https:\/\/dicodusport.fr\/blog\/mondiaux-vtt-2023-adrien-boichis-vice-champion-du-monde-u23-sur-le-xco\/\" \/>\n<meta property=\"og:site_name\" content=\"Dicodusport\" \/>\n<meta property=\"article:publisher\" content=\"https:\/\/www.facebook.com\/dicodusport\" \/>\n<meta property=\"article:author\" content=\"https:\/\/www.facebook.com\/sebastien.gente\/\" \/>\n<meta property=\"article:published_time\" content=\"2023-08-11T11:51:00+00:00\" \/>\n<meta property=\"article:modified_time\" content=\"2023-08-11T13:10:22+00:00\" \/>\n<meta property=\"og:image\" content=\"https:\/\/dicodusport.fr\/blog\/wp-content\/uploads\/2023\/08\/Mondiaux-VTT-2023-Adrien-Boichis-vice-champion-du-monde-U23-sur-le-XCO-1.png\" \/>\n\t<meta property=\"og:image:width\" content=\"800\" \/>\n\t<meta property=\"og:image:height\" content=\"445\" \/>\n\t<meta property=\"og:image:type\" content=\"image\/png\" \/>\n<meta name=\"author\" content=\"S\u00e9bastien Gente\" \/>\n<meta name=\"twitter:card\" content=\"summary_large_image\" \/>\n<meta name=\"twitter:title\" content=\"Mondiaux VTT 2023 : Adrien Boichis vice-champion du monde U23 sur le XCO\" \/>\n<meta name=\"twitter:creator\" content=\"@https:\/\/twitter.com\/globulo24\" \/>\n<meta name=\"twitter:site\" content=\"@dicodusport\" \/>\n<script type=\"application\/ld+json\" class=\"yoast-schema-graph\">{\"@context\":\"https:\/\/schema.org\",\"@graph\":[{\"@type\":\"NewsArticle\",\"@id\":\"https:\/\/dicodusport.fr\/blog\/mondiaux-vtt-2023-adrien-boichis-vice-champion-du-monde-u23-sur-le-xco\/#article\",\"isPartOf\":{\"@id\":\"https:\/\/dicodusport.fr\/blog\/mondiaux-vtt-2023-adrien-boichis-vice-champion-du-monde-u23-sur-le-xco\/\"},\"author\":{\"name\":\"S\u00e9bastien Gente\",\"@id\":\"https:\/\/dicodusport.fr\/blog\/#\/schema\/person\/627966a6cde45dbd8c5e36ac85d783da\"},\"headline\":\"Mondiaux VTT 2023 : Adrien Boichis vice-champion du monde U23 sur le XCO\",\"datePublished\":\"2023-08-11T11:51:00+00:00\",\"dateModified\":\"2023-08-11T13:10:22+00:00\",\"mainEntityOfPage\":{\"@id\":\"https:\/\/dicodusport.fr\/blog\/mondiaux-vtt-2023-adrien-boichis-vice-champion-du-monde-u23-sur-le-xco\/\"},\"wordCount\":373,\"commentCount\":0,\"publisher\":{\"@id\":\"https:\/\/dicodusport.fr\/blog\/#organization\"},\"image\":{\"@id\":\"https:\/\/dicodusport.fr\/blog\/mondiaux-vtt-2023-adrien-boichis-vice-champion-du-monde-u23-sur-le-xco\/#primaryimage\"},\"thumbnailUrl\":\"https:\/\/dicodusport.fr\/blog\/wp-content\/uploads\/2023\/08\/Mondiaux-VTT-2023-Adrien-Boichis-vice-champion-du-monde-U23-sur-le-XCO-1.png\",\"keywords\":[\"br\u00e8ve\",\"Championnats du monde de VTT\",\"sport\"],\"articleSection\":[\"Cyclisme\",\"VTT\"],\"inLanguage\":\"fr-FR\",\"potentialAction\":[{\"@type\":\"CommentAction\",\"name\":\"Comment\",\"target\":[\"https:\/\/dicodusport.fr\/blog\/mondiaux-vtt-2023-adrien-boichis-vice-champion-du-monde-u23-sur-le-xco\/#respond\"]}],\"copyrightYear\":\"2023\",\"copyrightHolder\":{\"@id\":\"https:\/\/dicodusport.fr\/blog\/#organization\"}},{\"@type\":\"WebPage\",\"@id\":\"https:\/\/dicodusport.fr\/blog\/mondiaux-vtt-2023-adrien-boichis-vice-champion-du-monde-u23-sur-le-xco\/\",\"url\":\"https:\/\/dicodusport.fr\/blog\/mondiaux-vtt-2023-adrien-boichis-vice-champion-du-monde-u23-sur-le-xco\/\",\"name\":\"Mondiaux VTT 2023 : Adrien Boichis vice-champion du monde U23 sur le XCO\",\"isPartOf\":{\"@id\":\"https:\/\/dicodusport.fr\/blog\/#website\"},\"primaryImageOfPage\":{\"@id\":\"https:\/\/dicodusport.fr\/blog\/mondiaux-vtt-2023-adrien-boichis-vice-champion-du-monde-u23-sur-le-xco\/#primaryimage\"},\"image\":{\"@id\":\"https:\/\/dicodusport.fr\/blog\/mondiaux-vtt-2023-adrien-boichis-vice-champion-du-monde-u23-sur-le-xco\/#primaryimage\"},\"thumbnailUrl\":\"https:\/\/dicodusport.fr\/blog\/wp-content\/uploads\/2023\/08\/Mondiaux-VTT-2023-Adrien-Boichis-vice-champion-du-monde-U23-sur-le-XCO-1.png\",\"datePublished\":\"2023-08-11T11:51:00+00:00\",\"dateModified\":\"2023-08-11T13:10:22+00:00\",\"description\":\"CHAMPIONNATS DU MONDE DE VTT 2023 - Apr\u00e8s une course splendide, Adrien Boichis a fini par baisser pavillon devant Charlie Aldridge.\",\"breadcrumb\":{\"@id\":\"https:\/\/dicodusport.fr\/blog\/mondiaux-vtt-2023-adrien-boichis-vice-champion-du-monde-u23-sur-le-xco\/#breadcrumb\"},\"inLanguage\":\"fr-FR\",\"potentialAction\":[{\"@type\":\"ReadAction\",\"target\":[\"https:\/\/dicodusport.fr\/blog\/mondiaux-vtt-2023-adrien-boichis-vice-champion-du-monde-u23-sur-le-xco\/\"]}]},{\"@type\":\"ImageObject\",\"inLanguage\":\"fr-FR\",\"@id\":\"https:\/\/dicodusport.fr\/blog\/mondiaux-vtt-2023-adrien-boichis-vice-champion-du-monde-u23-sur-le-xco\/#primaryimage\",\"url\":\"https:\/\/dicodusport.fr\/blog\/wp-content\/uploads\/2023\/08\/Mondiaux-VTT-2023-Adrien-Boichis-vice-champion-du-monde-U23-sur-le-XCO-1.png\",\"contentUrl\":\"https:\/\/dicodusport.fr\/blog\/wp-content\/uploads\/2023\/08\/Mondiaux-VTT-2023-Adrien-Boichis-vice-champion-du-monde-U23-sur-le-XCO-1.png\",\"width\":800,\"height\":445,\"caption\":\"Mondiaux VTT 2023 Adrien Boichis vice-champion du monde U23 sur le XCO\"},{\"@type\":\"BreadcrumbList\",\"@id\":\"https:\/\/dicodusport.fr\/blog\/mondiaux-vtt-2023-adrien-boichis-vice-champion-du-monde-u23-sur-le-xco\/#breadcrumb\",\"itemListElement\":[{\"@type\":\"ListItem\",\"position\":1,\"name\":\"Accueil\",\"item\":\"https:\/\/dicodusport.fr\/blog\/\"},{\"@type\":\"ListItem\",\"position\":2,\"name\":\"Mondiaux VTT 2023 : Adrien Boichis vice-champion du monde U23 sur le XCO\"}]},{\"@type\":\"WebSite\",\"@id\":\"https:\/\/dicodusport.fr\/blog\/#website\",\"url\":\"https:\/\/dicodusport.fr\/blog\/\",\"name\":\"Dicodusport\",\"description\":\"L&#039;encyclop\u00e9die de l&#039;actualit\u00e9 sportive\",\"publisher\":{\"@id\":\"https:\/\/dicodusport.fr\/blog\/#organization\"},\"potentialAction\":[{\"@type\":\"SearchAction\",\"target\":{\"@type\":\"EntryPoint\",\"urlTemplate\":\"https:\/\/dicodusport.fr\/blog\/?s={search_term_string}\"},\"query-input\":{\"@type\":\"PropertyValueSpecification\",\"valueRequired\":true,\"valueName\":\"search_term_string\"}}],\"inLanguage\":\"fr-FR\"},{\"@type\":\"NewsMediaOrganization\",\"@id\":\"https:\/\/dicodusport.fr\/blog\/#organization\",\"name\":\"Dicodusport\",\"url\":\"https:\/\/dicodusport.fr\/blog\/\",\"logo\":{\"@type\":\"ImageObject\",\"inLanguage\":\"fr-FR\",\"@id\":\"https:\/\/dicodusport.fr\/blog\/#\/schema\/logo\/image\/\",\"url\":\"https:\/\/dicodusport.fr\/blog\/wp-content\/uploads\/2020\/06\/cropped-LOGO-DICODUSPORT-2020-SANS-FOND-SANS-TEXTE.png\",\"contentUrl\":\"https:\/\/dicodusport.fr\/blog\/wp-content\/uploads\/2020\/06\/cropped-LOGO-DICODUSPORT-2020-SANS-FOND-SANS-TEXTE.png\",\"width\":512,\"height\":512,\"caption\":\"Dicodusport\"},\"image\":{\"@id\":\"https:\/\/dicodusport.fr\/blog\/#\/schema\/logo\/image\/\"},\"sameAs\":[\"https:\/\/www.facebook.com\/dicodusport\",\"https:\/\/x.com\/dicodusport\",\"https:\/\/www.instagram.com\/dicodusport\/\",\"https:\/\/www.youtube.com\/channel\/UC7V2KZ5sd3htJivAbA4ZG3w\"],\"description\":\"Dicodusport est l'encyclop\u00e9die de l'actualit\u00e9 sportive.\",\"email\":\"bonjour@dicodusport.fr\",\"legalName\":\"DICODUSPORT\",\"foundingDate\":\"2018-01-14\",\"vatID\":\"FR71834470973\",\"taxID\":\"83447097300043\",\"numberOfEmployees\":{\"@type\":\"QuantitativeValue\",\"minValue\":\"1\",\"maxValue\":\"10\"}},{\"@type\":\"Person\",\"@id\":\"https:\/\/dicodusport.fr\/blog\/#\/schema\/person\/627966a6cde45dbd8c5e36ac85d783da\",\"name\":\"S\u00e9bastien Gente\",\"image\":{\"@type\":\"ImageObject\",\"inLanguage\":\"fr-FR\",\"@id\":\"https:\/\/dicodusport.fr\/blog\/#\/schema\/person\/image\/\",\"url\":\"https:\/\/dicodusport.fr\/blog\/wp-content\/uploads\/2021\/09\/1510990_10205810251400683_4124423575079401707_n-150x150.jpg\",\"contentUrl\":\"https:\/\/dicodusport.fr\/blog\/wp-content\/uploads\/2021\/09\/1510990_10205810251400683_4124423575079401707_n-150x150.jpg\",\"caption\":\"S\u00e9bastien Gente\"},\"description\":\"John Stockton, Gianni Bugno, Zinedine Zidane, Steffi Graf, Frode Andresen, St\u00e9phane Stoecklin, Davis Kamoga, Primoz Peterka, Werner Schlager et Aur\u00e9lien Rougerie. Point commun entre ces sportifs? Ils m'ont fait r\u00eaver et ont berc\u00e9 mon adolescence. Je suis un fondu de sports et j'essaie de retranscrire ma passion \u00e0 travers mes articles. Originaire du P\u00e9rigord, ma passion pour les Girondins, les Jaunards et les Jazzmen transpire dans mes \u00e9crits. \u00c0 Dicodusport depuis 2021, je d\u00e9niche les sports m\u00e9connus dans lesquels la France brille, et il y en a !\",\"sameAs\":[\"https:\/\/www.facebook.com\/sebastien.gente\/\",\"https:\/\/www.instagram.com\/sebgente\/\",\"https:\/\/www.linkedin.com\/in\/sbastien-gente-a29583169\/\",\"https:\/\/x.com\/https:\/\/twitter.com\/globulo24\",\"SebastienGente\"],\"worksFor\":\"S\u00e9bastien GENTE\",\"url\":\"https:\/\/dicodusport.fr\/blog\/author\/sebastiengente\/\"}]}<\/script>\n<!-- \/ Yoast SEO Premium plugin. -->","yoast_head_json":{"title":"Mondiaux VTT 2023 : Adrien Boichis vice-champion du monde U23 sur le XCO","description":"CHAMPIONNATS DU MONDE DE VTT 2023 - Apr\u00e8s une course splendide, Adrien Boichis a fini par baisser pavillon devant Charlie Aldridge.","robots":{"index":"index","follow":"follow","max-snippet":"max-snippet:-1","max-image-preview":"max-image-preview:large","max-video-preview":"max-video-preview:-1"},"canonical":"https:\/\/dicodusport.fr\/blog\/mondiaux-vtt-2023-adrien-boichis-vice-champion-du-monde-u23-sur-le-xco\/","og_locale":"fr_FR","og_type":"article","og_title":"Mondiaux VTT 2023 : Adrien Boichis vice-champion du monde U23 sur le XCO","og_description":"CHAMPIONNATS DU MONDE DE VTT 2023 - Apr\u00e8s une course splendide, Adrien Boichis a fini par baisser pavillon devant Charlie Aldridge.","og_url":"https:\/\/dicodusport.fr\/blog\/mondiaux-vtt-2023-adrien-boichis-vice-champion-du-monde-u23-sur-le-xco\/","og_site_name":"Dicodusport","article_publisher":"https:\/\/www.facebook.com\/dicodusport","article_author":"https:\/\/www.facebook.com\/sebastien.gente\/","article_published_time":"2023-08-11T11:51:00+00:00","article_modified_time":"2023-08-11T13:10:22+00:00","og_image":[{"width":800,"height":445,"url":"https:\/\/dicodusport.fr\/blog\/wp-content\/uploads\/2023\/08\/Mondiaux-VTT-2023-Adrien-Boichis-vice-champion-du-monde-U23-sur-le-XCO-1.png","type":"image\/png"}],"author":"S\u00e9bastien Gente","twitter_card":"summary_large_image","twitter_title":"Mondiaux VTT 2023 : Adrien Boichis vice-champion du monde U23 sur le XCO","twitter_creator":"@https:\/\/twitter.com\/globulo24","twitter_site":"@dicodusport","schema":{"@context":"https:\/\/schema.org","@graph":[{"@type":"NewsArticle","@id":"https:\/\/dicodusport.fr\/blog\/mondiaux-vtt-2023-adrien-boichis-vice-champion-du-monde-u23-sur-le-xco\/#article","isPartOf":{"@id":"https:\/\/dicodusport.fr\/blog\/mondiaux-vtt-2023-adrien-boichis-vice-champion-du-monde-u23-sur-le-xco\/"},"author":{"name":"S\u00e9bastien Gente","@id":"https:\/\/dicodusport.fr\/blog\/#\/schema\/person\/627966a6cde45dbd8c5e36ac85d783da"},"headline":"Mondiaux VTT 2023 : Adrien Boichis vice-champion du monde U23 sur le XCO","datePublished":"2023-08-11T11:51:00+00:00","dateModified":"2023-08-11T13:10:22+00:00","mainEntityOfPage":{"@id":"https:\/\/dicodusport.fr\/blog\/mondiaux-vtt-2023-adrien-boichis-vice-champion-du-monde-u23-sur-le-xco\/"},"wordCount":373,"commentCount":0,"publisher":{"@id":"https:\/\/dicodusport.fr\/blog\/#organization"},"image":{"@id":"https:\/\/dicodusport.fr\/blog\/mondiaux-vtt-2023-adrien-boichis-vice-champion-du-monde-u23-sur-le-xco\/#primaryimage"},"thumbnailUrl":"https:\/\/dicodusport.fr\/blog\/wp-content\/uploads\/2023\/08\/Mondiaux-VTT-2023-Adrien-Boichis-vice-champion-du-monde-U23-sur-le-XCO-1.png","keywords":["br\u00e8ve","Championnats du monde de VTT","sport"],"articleSection":["Cyclisme","VTT"],"inLanguage":"fr-FR","potentialAction":[{"@type":"CommentAction","name":"Comment","target":["https:\/\/dicodusport.fr\/blog\/mondiaux-vtt-2023-adrien-boichis-vice-champion-du-monde-u23-sur-le-xco\/#respond"]}],"copyrightYear":"2023","copyrightHolder":{"@id":"https:\/\/dicodusport.fr\/blog\/#organization"}},{"@type":"WebPage","@id":"https:\/\/dicodusport.fr\/blog\/mondiaux-vtt-2023-adrien-boichis-vice-champion-du-monde-u23-sur-le-xco\/","url":"https:\/\/dicodusport.fr\/blog\/mondiaux-vtt-2023-adrien-boichis-vice-champion-du-monde-u23-sur-le-xco\/","name":"Mondiaux VTT 2023 : Adrien Boichis vice-champion du monde U23 sur le XCO","isPartOf":{"@id":"https:\/\/dicodusport.fr\/blog\/#website"},"primaryImageOfPage":{"@id":"https:\/\/dicodusport.fr\/blog\/mondiaux-vtt-2023-adrien-boichis-vice-champion-du-monde-u23-sur-le-xco\/#primaryimage"},"image":{"@id":"https:\/\/dicodusport.fr\/blog\/mondiaux-vtt-2023-adrien-boichis-vice-champion-du-monde-u23-sur-le-xco\/#primaryimage"},"thumbnailUrl":"https:\/\/dicodusport.fr\/blog\/wp-content\/uploads\/2023\/08\/Mondiaux-VTT-2023-Adrien-Boichis-vice-champion-du-monde-U23-sur-le-XCO-1.png","datePublished":"2023-08-11T11:51:00+00:00","dateModified":"2023-08-11T13:10:22+00:00","description":"CHAMPIONNATS DU MONDE DE VTT 2023 - Apr\u00e8s une course splendide, Adrien Boichis a fini par baisser pavillon devant Charlie Aldridge.","breadcrumb":{"@id":"https:\/\/dicodusport.fr\/blog\/mondiaux-vtt-2023-adrien-boichis-vice-champion-du-monde-u23-sur-le-xco\/#breadcrumb"},"inLanguage":"fr-FR","potentialAction":[{"@type":"ReadAction","target":["https:\/\/dicodusport.fr\/blog\/mondiaux-vtt-2023-adrien-boichis-vice-champion-du-monde-u23-sur-le-xco\/"]}]},{"@type":"ImageObject","inLanguage":"fr-FR","@id":"https:\/\/dicodusport.fr\/blog\/mondiaux-vtt-2023-adrien-boichis-vice-champion-du-monde-u23-sur-le-xco\/#primaryimage","url":"https:\/\/dicodusport.fr\/blog\/wp-content\/uploads\/2023\/08\/Mondiaux-VTT-2023-Adrien-Boichis-vice-champion-du-monde-U23-sur-le-XCO-1.png","contentUrl":"https:\/\/dicodusport.fr\/blog\/wp-content\/uploads\/2023\/08\/Mondiaux-VTT-2023-Adrien-Boichis-vice-champion-du-monde-U23-sur-le-XCO-1.png","width":800,"height":445,"caption":"Mondiaux VTT 2023 Adrien Boichis vice-champion du monde U23 sur le XCO"},{"@type":"BreadcrumbList","@id":"https:\/\/dicodusport.fr\/blog\/mondiaux-vtt-2023-adrien-boichis-vice-champion-du-monde-u23-sur-le-xco\/#breadcrumb","itemListElement":[{"@type":"ListItem","position":1,"name":"Accueil","item":"https:\/\/dicodusport.fr\/blog\/"},{"@type":"ListItem","position":2,"name":"Mondiaux VTT 2023 : Adrien Boichis vice-champion du monde U23 sur le XCO"}]},{"@type":"WebSite","@id":"https:\/\/dicodusport.fr\/blog\/#website","url":"https:\/\/dicodusport.fr\/blog\/","name":"Dicodusport","description":"L&#039;encyclop\u00e9die de l&#039;actualit\u00e9 sportive","publisher":{"@id":"https:\/\/dicodusport.fr\/blog\/#organization"},"potentialAction":[{"@type":"SearchAction","target":{"@type":"EntryPoint","urlTemplate":"https:\/\/dicodusport.fr\/blog\/?s={search_term_string}"},"query-input":{"@type":"PropertyValueSpecification","valueRequired":true,"valueName":"search_term_string"}}],"inLanguage":"fr-FR"},{"@type":"NewsMediaOrganization","@id":"https:\/\/dicodusport.fr\/blog\/#organization","name":"Dicodusport","url":"https:\/\/dicodusport.fr\/blog\/","logo":{"@type":"ImageObject","inLanguage":"fr-FR","@id":"https:\/\/dicodusport.fr\/blog\/#\/schema\/logo\/image\/","url":"https:\/\/dicodusport.fr\/blog\/wp-content\/uploads\/2020\/06\/cropped-LOGO-DICODUSPORT-2020-SANS-FOND-SANS-TEXTE.png","contentUrl":"https:\/\/dicodusport.fr\/blog\/wp-content\/uploads\/2020\/06\/cropped-LOGO-DICODUSPORT-2020-SANS-FOND-SANS-TEXTE.png","width":512,"height":512,"caption":"Dicodusport"},"image":{"@id":"https:\/\/dicodusport.fr\/blog\/#\/schema\/logo\/image\/"},"sameAs":["https:\/\/www.facebook.com\/dicodusport","https:\/\/x.com\/dicodusport","https:\/\/www.instagram.com\/dicodusport\/","https:\/\/www.youtube.com\/channel\/UC7V2KZ5sd3htJivAbA4ZG3w"],"description":"Dicodusport est l'encyclop\u00e9die de l'actualit\u00e9 sportive.","email":"bonjour@dicodusport.fr","legalName":"DICODUSPORT","foundingDate":"2018-01-14","vatID":"FR71834470973","taxID":"83447097300043","numberOfEmployees":{"@type":"QuantitativeValue","minValue":"1","maxValue":"10"}},{"@type":"Person","@id":"https:\/\/dicodusport.fr\/blog\/#\/schema\/person\/627966a6cde45dbd8c5e36ac85d783da","name":"S\u00e9bastien Gente","image":{"@type":"ImageObject","inLanguage":"fr-FR","@id":"https:\/\/dicodusport.fr\/blog\/#\/schema\/person\/image\/","url":"https:\/\/dicodusport.fr\/blog\/wp-content\/uploads\/2021\/09\/1510990_10205810251400683_4124423575079401707_n-150x150.jpg","contentUrl":"https:\/\/dicodusport.fr\/blog\/wp-content\/uploads\/2021\/09\/1510990_10205810251400683_4124423575079401707_n-150x150.jpg","caption":"S\u00e9bastien Gente"},"description":"John Stockton, Gianni Bugno, Zinedine Zidane, Steffi Graf, Frode Andresen, St\u00e9phane Stoecklin, Davis Kamoga, Primoz Peterka, Werner Schlager et Aur\u00e9lien Rougerie. Point commun entre ces sportifs? Ils m'ont fait r\u00eaver et ont berc\u00e9 mon adolescence. Je suis un fondu de sports et j'essaie de retranscrire ma passion \u00e0 travers mes articles. Originaire du P\u00e9rigord, ma passion pour les Girondins, les Jaunards et les Jazzmen transpire dans mes \u00e9crits. \u00c0 Dicodusport depuis 2021, je d\u00e9niche les sports m\u00e9connus dans lesquels la France brille, et il y en a !","sameAs":["https:\/\/www.facebook.com\/sebastien.gente\/","https:\/\/www.instagram.com\/sebgente\/","https:\/\/www.linkedin.com\/in\/sbastien-gente-a29583169\/","https:\/\/x.com\/https:\/\/twitter.com\/globulo24","SebastienGente"],"worksFor":"S\u00e9bastien GENTE","url":"https:\/\/dicodusport.fr\/blog\/author\/sebastiengente\/"}]}},"_links":{"self":[{"href":"https:\/\/dicodusport.fr\/blog\/wp-json\/wp\/v2\/posts\/407652","targetHints":{"allow":["GET"]}}],"collection":[{"href":"https:\/\/dicodusport.fr\/blog\/wp-json\/wp\/v2\/posts"}],"about":[{"href":"https:\/\/dicodusport.fr\/blog\/wp-json\/wp\/v2\/types\/post"}],"author":[{"embeddable":true,"href":"https:\/\/dicodusport.fr\/blog\/wp-json\/wp\/v2\/users\/59"}],"replies":[{"embeddable":true,"href":"https:\/\/dicodusport.fr\/blog\/wp-json\/wp\/v2\/comments?post=407652"}],"version-history":[{"count":0,"href":"https:\/\/dicodusport.fr\/blog\/wp-json\/wp\/v2\/posts\/407652\/revisions"}],"wp:featuredmedia":[{"embeddable":true,"href":"https:\/\/dicodusport.fr\/blog\/wp-json\/wp\/v2\/media\/407685"}],"wp:attachment":[{"href":"https:\/\/dicodusport.fr\/blog\/wp-json\/wp\/v2\/media?parent=407652"}],"wp:term":[{"taxonomy":"category","embeddable":true,"href":"https:\/\/dicodusport.fr\/blog\/wp-json\/wp\/v2\/categories?post=407652"},{"taxonomy":"post_tag","embeddable":true,"href":"https:\/\/dicodusport.fr\/blog\/wp-json\/wp\/v2\/tags?post=407652"}],"curies":[{"name":"wp","href":"https:\/\/api.w.org\/{rel}","templated":true}]}}