{"id":407657,"date":"2023-08-16T12:00:51","date_gmt":"2023-08-16T10:00:51","guid":{"rendered":"https:\/\/dicodusport.fr\/blog\/?p=407657&#038;preview=true&#038;preview_id=407657"},"modified":"2023-08-16T13:37:19","modified_gmt":"2023-08-16T11:37:19","slug":"yann-chaussinand-je-vais-arriver-plus-serein-a-budapest","status":"publish","type":"post","link":"https:\/\/dicodusport.fr\/blog\/yann-chaussinand-je-vais-arriver-plus-serein-a-budapest\/","title":{"rendered":"Yann Chaussinand : \u00ab\u00a0Je vais arriver plus serein \u00e0 Budapest\u00a0\u00bb"},"content":{"rendered":"<p style=\"text-align: justify;\" align=\"justify\"><em><strong>ATHL\u00c9TISME &#8211; Yann Chaussinand a remport\u00e9 le titre de champion de France du marteau au mois de juillet. Le lanceur sera aux <a href=\"https:\/\/dicodusport.fr\/blog\/athletisme-championnats-du-monde-2023-la-selection-francaise\/\">Mondiaux de Budapest<\/a>. Il raconte son concours et ses ambitions pour ces championnats du monde. O\u00f9 il esp\u00e8re d\u00e9crocher les minima pour les JO de Paris en 2024.<\/strong><\/em><\/p>\n<h2 style=\"text-align: justify;\" align=\"justify\">Yann Chaussinand : \u00ab\u00a0Un concours o\u00f9 j&rsquo;ai pu prendre du plaisir\u00a0\u00bb<\/h2>\n<h3 style=\"text-align: justify;\" align=\"justify\">Est-ce que tu es satisfait de ton concours \u00e0 Albi ?<\/h3>\n<p style=\"text-align: justify;\" align=\"justify\"><strong>Yann Chaussinand<\/strong> : Je suis content de moi. C&rsquo;est un concours o\u00f9 j&rsquo;ai pu prendre du plaisir. J&rsquo;essaie des choses, j&rsquo;essaie de construire mon concours. Bien s\u00fbr, j&rsquo;ai tent\u00e9 et fait des choses qui ont plus ou moins march\u00e9. Je reste sur ma faim. Cela reste de bon augure pour pr\u00e9parer les championnats du monde. Je commence \u00e0 prendre des risques \u00e0 partir du troisi\u00e8me essai. En mettant un peu plus. Il y a de bonnes choses \u00e0 chaque jet. Le tout \u00e9tant de mettre bout \u00e0 bout. Pour aller chercher un gros jet.<\/p>\n<h3 style=\"text-align: justify;\" align=\"justify\">En termes de r\u00e9gularit\u00e9, on n&rsquo;est pas loin du meilleur concours de ta carri\u00e8re.<\/h3>\n<p style=\"text-align: justify;\">J&rsquo;ai rarement mesur\u00e9 autant de jets lors d&rsquo;un championnat de France. Je commence \u00e0 bien travailler techniquement. Tout n&rsquo;est pas encore mis en place, mais cela va dans le bon sens. Il faudra \u00eatre bon \u00e0 Budapest. On va bien s&rsquo;entra\u00eener, pour \u00eatre pr\u00eat.<\/p>\n<h3 style=\"text-align: justify;\">Tu vas participer \u00e0 tes deuxi\u00e8mes championnats du monde. Il y a des choses qui ont chang\u00e9 depuis Eugene ?<\/h3>\n<p style=\"text-align: justify;\">\u00c0 Eugene, c&rsquo;est mon premier championnat. Maintenant, je sais comment cela se passe. Je vais pouvoir y arriver plus serein. Pour mieux g\u00e9rer le concours et \u00eatre vraiment bon et aller chercher une finale et les tops mondiaux.<\/p>\n<h2 style=\"text-align: justify;\">\u00ab\u00a0Mon p\u00e8re ne m&rsquo;a jamais pouss\u00e9 \u00e0 faire du marteau\u00a0\u00bb<\/h2>\n<h3 style=\"text-align: justify;\">Tu es en train de construire une r\u00e9gularit\u00e9 au-del\u00e0 de 76 m\u00e8tres. La grosse performance peut vraiment sortir.<\/h3>\n<p style=\"text-align: justify;\">Bien s\u00fbr. De toute mani\u00e8re, l&rsquo;objectif sera de r\u00e9aliser 78.20 m, pour me qualifier directement pour les JO. Mais \u00e0 terme, j&rsquo;ai envie d&rsquo;aller au-del\u00e0 des 80 m\u00e8tres. Il faut s&rsquo;entra\u00eener et tout mettre en place pour aller au niveau de ces performances.<\/p>\n<h3 style=\"text-align: justify;\">Tu es \u00e0 la fois jeune, mais aussi un athl\u00e8te qui commence \u00e0 avoir de l&rsquo;exp\u00e9rience. Tu sais d\u00e9sormais aborder les grandes comp\u00e9titions ?<\/h3>\n<p style=\"text-align: justify;\">Il faut avoir confiance en soi, faire ce qu&rsquo;on sait faire, sans vouloir trop en faire d&rsquo;un coup. Normalement, il ne devrait pas y avoir de souci.<\/p>\n<h3 style=\"text-align: justify;\">Cette passion pour le marteau, tu l&rsquo;as toujours eue ?<\/h3>\n<p style=\"text-align: justify;\">J&rsquo;ai essay\u00e9 pas mal de sport. Au final, je suis arriv\u00e9 \u00e0 l&rsquo;athl\u00e9tisme. J&rsquo;ai fait du javelot. Mon p\u00e8re est ancien international au marteau (NDLR : <strong>David Chaussinand<\/strong>, 3e performeur fran\u00e7ais de tous les temps, avec 80.99 m et 14 s\u00e9lections en s\u00e9niors). Pour la petite histoire, il a gagn\u00e9 les \u00c9lites il y a 23 ans. Maintenant, c&rsquo;est moi qui gagne. De fil en aiguille, je me suis pris de passion pour le lancer de marteau. Mon p\u00e8re ne m&rsquo;a jamais pouss\u00e9 \u00e0 en faire. Presque au contraire, car il connait les bons et les mauvais c\u00f4t\u00e9s. Il sait que le sport est ingrat. On prend beaucoup de plaisir, mais c&rsquo;est aussi tr\u00e8s compliqu\u00e9. C&rsquo;est plut\u00f4t moi qui vais aller le chercher, que l&rsquo;inverse.<\/p>\n<h3 style=\"text-align: justify;\">Le niveau mondial a consid\u00e9rablement augment\u00e9. Tu vois comment les choses et ta discipline ?<\/h3>\n<p style=\"text-align: justify;\">On voit quand m\u00eame que dans tous les championnats, cela passe relativement \u00e0 la m\u00eame performance. La performance de pointe peut monter ou diminuer selon les ann\u00e9es. Mais la densit\u00e9 reste la m\u00eame.<\/p>\n<h2 style=\"text-align: justify;\">Yann Chaussinand : \u00ab\u00a0Je suis attach\u00e9 \u00e0 mes terres et \u00e0 ma ville\u00a0\u00bb<\/h2>\n<h3 style=\"text-align: justify;\">Est-ce que tu penses \u00e0 Paris 2024 ?<\/h3>\n<p style=\"text-align: justify;\">C&rsquo;est d\u00e9j\u00e0 dans un coin de ma t\u00eate depuis un bout de temps. Je veux y aller et pas pour regarder les autres. Je veux \u00eatre acteur et aller chercher quelque chose de beau.<\/p>\n<h3 style=\"text-align: justify;\">Tu arbores un nouveau maillot, mais toujours au club de Clermont. C&rsquo;est une fiert\u00e9 de repr\u00e9senter ton club formateur ?<\/h3>\n<p style=\"text-align: justify;\">Bien s\u00fbr. Je suis attach\u00e9 \u00e0 mes terres et \u00e0 ma ville et donc \u00e0 mon maillot de mes d\u00e9buts. C&rsquo;est une chose \u00e0 laquelle j&rsquo;attache beaucoup d&rsquo;importances.<\/p>\n<h3 style=\"text-align: justify;\">Les lancers n&rsquo;ont pas la m\u00eame consid\u00e9ration que d&rsquo;autres disciplines en France. Tu arrives \u00e0 vivre de ton sport ?<\/h3>\n<p style=\"text-align: justify;\">Non justement. Je travaille dans une entreprise d&rsquo;Eiffage, sp\u00e9cialis\u00e9 dans le terrassement. Je bosse \u00e0 mi-temps, mais pay\u00e9 \u00e0 temps plein, via CIP. J&rsquo;ai une source de revenus fixe, tout en travaillant \u00e0 c\u00f4t\u00e9. C&rsquo;\u00e9tait une volont\u00e9 de ma part. Je voulais faire autre chose, en plus de l&rsquo;athl\u00e9tisme, pour me vider la t\u00eate. Quand je suis au travail, je ne pense pas \u00e0 l&rsquo;athl\u00e9tisme. Quand je suis dans l&rsquo;entreprise, tous les salari\u00e9s sont derri\u00e8re moi. Le lundi, si je n&rsquo;ai pas fait une bonne performance, j&rsquo;en prends plein les dents (il rigole). Si je fais une bonne performance, ils sont tous derri\u00e8re moi. Cela me motive de voir des gens derri\u00e8re moi.<\/p>\n<h2 style=\"text-align: justify;\">\u00c0 lire aussi<\/h2>\n<ul>\n<li style=\"text-align: justify;\"><a href=\"https:\/\/dicodusport.fr\/blog\/agathe-guillemot-faire-le-1500-m-etait-le-meilleur-des-choix\/?utm_source=rss&amp;utm_medium=rss&amp;utm_campaign=agathe-guillemot-faire-le-1500-m-etait-le-meilleur-des-choix\"><strong>Notre interview d&rsquo;Agathe Guillemot<\/strong><\/a><\/li>\n<li style=\"text-align: justify;\"><a href=\"https:\/\/dicodusport.fr\/blog\/pauline-stey-je-veux-aller-a-budapest-sans-pression\/\"><strong>Notre interview de Pauline Stey<\/strong><\/a><\/li>\n<li style=\"text-align: justify;\"><a href=\"https:\/\/dicodusport.fr\/blog\/louise-maraval-je-me-rends-compte-que-paris-nest-plus-inatteignable\/\"><strong>Notre interview de Louise Maraval<\/strong><\/a><\/li>\n<\/ul>\n","protected":false},"excerpt":{"rendered":"<p>Yann Chaussinand a remport\u00e9 le titre de champion de France du marteau au mois de juillet. Le lanceur sera aux mondiaux de Budapest.<\/p>\n","protected":false},"author":83,"featured_media":408514,"comment_status":"open","ping_status":"closed","sticky":false,"template":"","format":"standard","meta":{"_acf_changed":false,"_daextam_enable_autolinks":"","footnotes":""},"categories":[2308],"tags":[143,16878,33386,8593,24,16522],"class_list":["post-407657","post","type-post","status-publish","format-standard","has-post-thumbnail","hentry","category-athletisme","tag-athletisme","tag-breve","tag-lancer-de-marteau","tag-mondiaux-dathletisme","tag-sport","tag-yann-chaussinand"],"acf":[],"yoast_head":"<!-- This site is optimized with the Yoast SEO Premium plugin v26.7 (Yoast SEO v26.7) - https:\/\/yoast.com\/wordpress\/plugins\/seo\/ -->\n<title>Yann Chaussinand : &quot;Je vais arriver plus serein \u00e0 Budapest&quot;<\/title>\n<meta name=\"description\" content=\"Yann Chaussinand a remport\u00e9 le titre de champion de France du marteau au mois de juillet. Le lanceur sera aux mondiaux de Budapest.\" \/>\n<meta name=\"robots\" content=\"index, follow, max-snippet:-1, max-image-preview:large, max-video-preview:-1\" \/>\n<link rel=\"canonical\" href=\"https:\/\/dicodusport.fr\/blog\/yann-chaussinand-je-vais-arriver-plus-serein-a-budapest\/\" \/>\n<meta property=\"og:locale\" content=\"fr_FR\" \/>\n<meta property=\"og:type\" content=\"article\" \/>\n<meta property=\"og:title\" content=\"Yann Chaussinand : &quot;Je vais arriver plus serein \u00e0 Budapest&quot;\" \/>\n<meta property=\"og:description\" content=\"Yann Chaussinand a remport\u00e9 le titre de champion de France du marteau au mois de juillet. Le lanceur sera aux mondiaux de Budapest.\" \/>\n<meta property=\"og:url\" content=\"https:\/\/dicodusport.fr\/blog\/yann-chaussinand-je-vais-arriver-plus-serein-a-budapest\/\" \/>\n<meta property=\"og:site_name\" content=\"Dicodusport\" \/>\n<meta property=\"article:publisher\" content=\"https:\/\/www.facebook.com\/dicodusport\" \/>\n<meta property=\"article:published_time\" content=\"2023-08-16T10:00:51+00:00\" \/>\n<meta property=\"article:modified_time\" content=\"2023-08-16T11:37:19+00:00\" \/>\n<meta property=\"og:image\" content=\"https:\/\/dicodusport.fr\/blog\/wp-content\/uploads\/2023\/08\/Yann-Chaussinand-Je-vais-arriver-plus-serein-a-Budapest.png\" \/>\n\t<meta property=\"og:image:width\" content=\"800\" \/>\n\t<meta property=\"og:image:height\" content=\"445\" \/>\n\t<meta property=\"og:image:type\" content=\"image\/png\" \/>\n<meta name=\"author\" content=\"Etienne Goursaud\" \/>\n<meta name=\"twitter:card\" content=\"summary_large_image\" \/>\n<meta name=\"twitter:title\" content=\"Yann Chaussinand : &quot;Je vais arriver plus serein \u00e0 Budapest&quot;\" \/>\n<meta name=\"twitter:creator\" content=\"@dicodusport\" \/>\n<meta name=\"twitter:site\" content=\"@dicodusport\" \/>\n<script type=\"application\/ld+json\" class=\"yoast-schema-graph\">{\"@context\":\"https:\/\/schema.org\",\"@graph\":[{\"@type\":\"NewsArticle\",\"@id\":\"https:\/\/dicodusport.fr\/blog\/yann-chaussinand-je-vais-arriver-plus-serein-a-budapest\/#article\",\"isPartOf\":{\"@id\":\"https:\/\/dicodusport.fr\/blog\/yann-chaussinand-je-vais-arriver-plus-serein-a-budapest\/\"},\"author\":{\"name\":\"Etienne Goursaud\",\"@id\":\"https:\/\/dicodusport.fr\/blog\/#\/schema\/person\/d603dd7da31fb2b46c82b9835a77ec13\"},\"headline\":\"Yann Chaussinand : \u00ab\u00a0Je vais arriver plus serein \u00e0 Budapest\u00a0\u00bb\",\"datePublished\":\"2023-08-16T10:00:51+00:00\",\"dateModified\":\"2023-08-16T11:37:19+00:00\",\"mainEntityOfPage\":{\"@id\":\"https:\/\/dicodusport.fr\/blog\/yann-chaussinand-je-vais-arriver-plus-serein-a-budapest\/\"},\"wordCount\":899,\"commentCount\":0,\"publisher\":{\"@id\":\"https:\/\/dicodusport.fr\/blog\/#organization\"},\"image\":{\"@id\":\"https:\/\/dicodusport.fr\/blog\/yann-chaussinand-je-vais-arriver-plus-serein-a-budapest\/#primaryimage\"},\"thumbnailUrl\":\"https:\/\/dicodusport.fr\/blog\/wp-content\/uploads\/2023\/08\/Yann-Chaussinand-Je-vais-arriver-plus-serein-a-Budapest.png\",\"keywords\":[\"Athl\u00e9tisme\",\"br\u00e8ve\",\"lancer de marteau\",\"Mondiaux d'athl\u00e9tisme\",\"sport\",\"Yann Chaussinand\"],\"articleSection\":[\"Athl\u00e9tisme\"],\"inLanguage\":\"fr-FR\",\"potentialAction\":[{\"@type\":\"CommentAction\",\"name\":\"Comment\",\"target\":[\"https:\/\/dicodusport.fr\/blog\/yann-chaussinand-je-vais-arriver-plus-serein-a-budapest\/#respond\"]}],\"copyrightYear\":\"2023\",\"copyrightHolder\":{\"@id\":\"https:\/\/dicodusport.fr\/blog\/#organization\"}},{\"@type\":\"WebPage\",\"@id\":\"https:\/\/dicodusport.fr\/blog\/yann-chaussinand-je-vais-arriver-plus-serein-a-budapest\/\",\"url\":\"https:\/\/dicodusport.fr\/blog\/yann-chaussinand-je-vais-arriver-plus-serein-a-budapest\/\",\"name\":\"Yann Chaussinand : \\\"Je vais arriver plus serein \u00e0 Budapest\\\"\",\"isPartOf\":{\"@id\":\"https:\/\/dicodusport.fr\/blog\/#website\"},\"primaryImageOfPage\":{\"@id\":\"https:\/\/dicodusport.fr\/blog\/yann-chaussinand-je-vais-arriver-plus-serein-a-budapest\/#primaryimage\"},\"image\":{\"@id\":\"https:\/\/dicodusport.fr\/blog\/yann-chaussinand-je-vais-arriver-plus-serein-a-budapest\/#primaryimage\"},\"thumbnailUrl\":\"https:\/\/dicodusport.fr\/blog\/wp-content\/uploads\/2023\/08\/Yann-Chaussinand-Je-vais-arriver-plus-serein-a-Budapest.png\",\"datePublished\":\"2023-08-16T10:00:51+00:00\",\"dateModified\":\"2023-08-16T11:37:19+00:00\",\"description\":\"Yann Chaussinand a remport\u00e9 le titre de champion de France du marteau au mois de juillet. Le lanceur sera aux mondiaux de Budapest.\",\"breadcrumb\":{\"@id\":\"https:\/\/dicodusport.fr\/blog\/yann-chaussinand-je-vais-arriver-plus-serein-a-budapest\/#breadcrumb\"},\"inLanguage\":\"fr-FR\",\"potentialAction\":[{\"@type\":\"ReadAction\",\"target\":[\"https:\/\/dicodusport.fr\/blog\/yann-chaussinand-je-vais-arriver-plus-serein-a-budapest\/\"]}]},{\"@type\":\"ImageObject\",\"inLanguage\":\"fr-FR\",\"@id\":\"https:\/\/dicodusport.fr\/blog\/yann-chaussinand-je-vais-arriver-plus-serein-a-budapest\/#primaryimage\",\"url\":\"https:\/\/dicodusport.fr\/blog\/wp-content\/uploads\/2023\/08\/Yann-Chaussinand-Je-vais-arriver-plus-serein-a-Budapest.png\",\"contentUrl\":\"https:\/\/dicodusport.fr\/blog\/wp-content\/uploads\/2023\/08\/Yann-Chaussinand-Je-vais-arriver-plus-serein-a-Budapest.png\",\"width\":800,\"height\":445,\"caption\":\"Yann Chaussinand : \\\"Je vais arriver plus serein \u00e0 Budapest\\\"\"},{\"@type\":\"BreadcrumbList\",\"@id\":\"https:\/\/dicodusport.fr\/blog\/yann-chaussinand-je-vais-arriver-plus-serein-a-budapest\/#breadcrumb\",\"itemListElement\":[{\"@type\":\"ListItem\",\"position\":1,\"name\":\"Accueil\",\"item\":\"https:\/\/dicodusport.fr\/blog\/\"},{\"@type\":\"ListItem\",\"position\":2,\"name\":\"Yann Chaussinand : \u00ab\u00a0Je vais arriver plus serein \u00e0 Budapest\u00a0\u00bb\"}]},{\"@type\":\"WebSite\",\"@id\":\"https:\/\/dicodusport.fr\/blog\/#website\",\"url\":\"https:\/\/dicodusport.fr\/blog\/\",\"name\":\"Dicodusport\",\"description\":\"L&#039;encyclop\u00e9die de l&#039;actualit\u00e9 sportive\",\"publisher\":{\"@id\":\"https:\/\/dicodusport.fr\/blog\/#organization\"},\"potentialAction\":[{\"@type\":\"SearchAction\",\"target\":{\"@type\":\"EntryPoint\",\"urlTemplate\":\"https:\/\/dicodusport.fr\/blog\/?s={search_term_string}\"},\"query-input\":{\"@type\":\"PropertyValueSpecification\",\"valueRequired\":true,\"valueName\":\"search_term_string\"}}],\"inLanguage\":\"fr-FR\"},{\"@type\":\"NewsMediaOrganization\",\"@id\":\"https:\/\/dicodusport.fr\/blog\/#organization\",\"name\":\"Dicodusport\",\"url\":\"https:\/\/dicodusport.fr\/blog\/\",\"logo\":{\"@type\":\"ImageObject\",\"inLanguage\":\"fr-FR\",\"@id\":\"https:\/\/dicodusport.fr\/blog\/#\/schema\/logo\/image\/\",\"url\":\"https:\/\/dicodusport.fr\/blog\/wp-content\/uploads\/2020\/06\/cropped-LOGO-DICODUSPORT-2020-SANS-FOND-SANS-TEXTE.png\",\"contentUrl\":\"https:\/\/dicodusport.fr\/blog\/wp-content\/uploads\/2020\/06\/cropped-LOGO-DICODUSPORT-2020-SANS-FOND-SANS-TEXTE.png\",\"width\":512,\"height\":512,\"caption\":\"Dicodusport\"},\"image\":{\"@id\":\"https:\/\/dicodusport.fr\/blog\/#\/schema\/logo\/image\/\"},\"sameAs\":[\"https:\/\/www.facebook.com\/dicodusport\",\"https:\/\/x.com\/dicodusport\",\"https:\/\/www.instagram.com\/dicodusport\/\",\"https:\/\/www.youtube.com\/channel\/UC7V2KZ5sd3htJivAbA4ZG3w\"],\"description\":\"Dicodusport est l'encyclop\u00e9die de l'actualit\u00e9 sportive.\",\"email\":\"bonjour@dicodusport.fr\",\"legalName\":\"DICODUSPORT\",\"foundingDate\":\"2018-01-14\",\"vatID\":\"FR71834470973\",\"taxID\":\"83447097300043\",\"numberOfEmployees\":{\"@type\":\"QuantitativeValue\",\"minValue\":\"1\",\"maxValue\":\"10\"}},{\"@type\":\"Person\",\"@id\":\"https:\/\/dicodusport.fr\/blog\/#\/schema\/person\/d603dd7da31fb2b46c82b9835a77ec13\",\"name\":\"Etienne Goursaud\",\"image\":{\"@type\":\"ImageObject\",\"inLanguage\":\"fr-FR\",\"@id\":\"https:\/\/dicodusport.fr\/blog\/#\/schema\/person\/image\/\",\"url\":\"https:\/\/dicodusport.fr\/blog\/wp-content\/uploads\/2023\/12\/410122264_10231602061736049_5565839791558026645_n-150x150.jpg\",\"contentUrl\":\"https:\/\/dicodusport.fr\/blog\/wp-content\/uploads\/2023\/12\/410122264_10231602061736049_5565839791558026645_n-150x150.jpg\",\"caption\":\"Etienne Goursaud\"},\"description\":\"Journaliste et amoureux de sport. Ancien footballeur reconverti athl\u00e8te quand ses muscles le laissent tranquille. \u00c9lev\u00e9 \u00e0 la sauce des exploits de Thomas Voeckler en 2004, du dernier essai de l\u00e9gende de Eunice Barber \u00e0 la longueur lors des championnats du monde d'athl\u00e9tisme de 2003 mais aussi Zidane, Omeyer et Titou Lamaison.\",\"url\":\"https:\/\/dicodusport.fr\/blog\/author\/etienne-goursaud\/\"}]}<\/script>\n<!-- \/ Yoast SEO Premium plugin. -->","yoast_head_json":{"title":"Yann Chaussinand : \"Je vais arriver plus serein \u00e0 Budapest\"","description":"Yann Chaussinand a remport\u00e9 le titre de champion de France du marteau au mois de juillet. Le lanceur sera aux mondiaux de Budapest.","robots":{"index":"index","follow":"follow","max-snippet":"max-snippet:-1","max-image-preview":"max-image-preview:large","max-video-preview":"max-video-preview:-1"},"canonical":"https:\/\/dicodusport.fr\/blog\/yann-chaussinand-je-vais-arriver-plus-serein-a-budapest\/","og_locale":"fr_FR","og_type":"article","og_title":"Yann Chaussinand : \"Je vais arriver plus serein \u00e0 Budapest\"","og_description":"Yann Chaussinand a remport\u00e9 le titre de champion de France du marteau au mois de juillet. Le lanceur sera aux mondiaux de Budapest.","og_url":"https:\/\/dicodusport.fr\/blog\/yann-chaussinand-je-vais-arriver-plus-serein-a-budapest\/","og_site_name":"Dicodusport","article_publisher":"https:\/\/www.facebook.com\/dicodusport","article_published_time":"2023-08-16T10:00:51+00:00","article_modified_time":"2023-08-16T11:37:19+00:00","og_image":[{"width":800,"height":445,"url":"https:\/\/dicodusport.fr\/blog\/wp-content\/uploads\/2023\/08\/Yann-Chaussinand-Je-vais-arriver-plus-serein-a-Budapest.png","type":"image\/png"}],"author":"Etienne Goursaud","twitter_card":"summary_large_image","twitter_title":"Yann Chaussinand : \"Je vais arriver plus serein \u00e0 Budapest\"","twitter_creator":"@dicodusport","twitter_site":"@dicodusport","schema":{"@context":"https:\/\/schema.org","@graph":[{"@type":"NewsArticle","@id":"https:\/\/dicodusport.fr\/blog\/yann-chaussinand-je-vais-arriver-plus-serein-a-budapest\/#article","isPartOf":{"@id":"https:\/\/dicodusport.fr\/blog\/yann-chaussinand-je-vais-arriver-plus-serein-a-budapest\/"},"author":{"name":"Etienne Goursaud","@id":"https:\/\/dicodusport.fr\/blog\/#\/schema\/person\/d603dd7da31fb2b46c82b9835a77ec13"},"headline":"Yann Chaussinand : \u00ab\u00a0Je vais arriver plus serein \u00e0 Budapest\u00a0\u00bb","datePublished":"2023-08-16T10:00:51+00:00","dateModified":"2023-08-16T11:37:19+00:00","mainEntityOfPage":{"@id":"https:\/\/dicodusport.fr\/blog\/yann-chaussinand-je-vais-arriver-plus-serein-a-budapest\/"},"wordCount":899,"commentCount":0,"publisher":{"@id":"https:\/\/dicodusport.fr\/blog\/#organization"},"image":{"@id":"https:\/\/dicodusport.fr\/blog\/yann-chaussinand-je-vais-arriver-plus-serein-a-budapest\/#primaryimage"},"thumbnailUrl":"https:\/\/dicodusport.fr\/blog\/wp-content\/uploads\/2023\/08\/Yann-Chaussinand-Je-vais-arriver-plus-serein-a-Budapest.png","keywords":["Athl\u00e9tisme","br\u00e8ve","lancer de marteau","Mondiaux d'athl\u00e9tisme","sport","Yann Chaussinand"],"articleSection":["Athl\u00e9tisme"],"inLanguage":"fr-FR","potentialAction":[{"@type":"CommentAction","name":"Comment","target":["https:\/\/dicodusport.fr\/blog\/yann-chaussinand-je-vais-arriver-plus-serein-a-budapest\/#respond"]}],"copyrightYear":"2023","copyrightHolder":{"@id":"https:\/\/dicodusport.fr\/blog\/#organization"}},{"@type":"WebPage","@id":"https:\/\/dicodusport.fr\/blog\/yann-chaussinand-je-vais-arriver-plus-serein-a-budapest\/","url":"https:\/\/dicodusport.fr\/blog\/yann-chaussinand-je-vais-arriver-plus-serein-a-budapest\/","name":"Yann Chaussinand : \"Je vais arriver plus serein \u00e0 Budapest\"","isPartOf":{"@id":"https:\/\/dicodusport.fr\/blog\/#website"},"primaryImageOfPage":{"@id":"https:\/\/dicodusport.fr\/blog\/yann-chaussinand-je-vais-arriver-plus-serein-a-budapest\/#primaryimage"},"image":{"@id":"https:\/\/dicodusport.fr\/blog\/yann-chaussinand-je-vais-arriver-plus-serein-a-budapest\/#primaryimage"},"thumbnailUrl":"https:\/\/dicodusport.fr\/blog\/wp-content\/uploads\/2023\/08\/Yann-Chaussinand-Je-vais-arriver-plus-serein-a-Budapest.png","datePublished":"2023-08-16T10:00:51+00:00","dateModified":"2023-08-16T11:37:19+00:00","description":"Yann Chaussinand a remport\u00e9 le titre de champion de France du marteau au mois de juillet. Le lanceur sera aux mondiaux de Budapest.","breadcrumb":{"@id":"https:\/\/dicodusport.fr\/blog\/yann-chaussinand-je-vais-arriver-plus-serein-a-budapest\/#breadcrumb"},"inLanguage":"fr-FR","potentialAction":[{"@type":"ReadAction","target":["https:\/\/dicodusport.fr\/blog\/yann-chaussinand-je-vais-arriver-plus-serein-a-budapest\/"]}]},{"@type":"ImageObject","inLanguage":"fr-FR","@id":"https:\/\/dicodusport.fr\/blog\/yann-chaussinand-je-vais-arriver-plus-serein-a-budapest\/#primaryimage","url":"https:\/\/dicodusport.fr\/blog\/wp-content\/uploads\/2023\/08\/Yann-Chaussinand-Je-vais-arriver-plus-serein-a-Budapest.png","contentUrl":"https:\/\/dicodusport.fr\/blog\/wp-content\/uploads\/2023\/08\/Yann-Chaussinand-Je-vais-arriver-plus-serein-a-Budapest.png","width":800,"height":445,"caption":"Yann Chaussinand : \"Je vais arriver plus serein \u00e0 Budapest\""},{"@type":"BreadcrumbList","@id":"https:\/\/dicodusport.fr\/blog\/yann-chaussinand-je-vais-arriver-plus-serein-a-budapest\/#breadcrumb","itemListElement":[{"@type":"ListItem","position":1,"name":"Accueil","item":"https:\/\/dicodusport.fr\/blog\/"},{"@type":"ListItem","position":2,"name":"Yann Chaussinand : \u00ab\u00a0Je vais arriver plus serein \u00e0 Budapest\u00a0\u00bb"}]},{"@type":"WebSite","@id":"https:\/\/dicodusport.fr\/blog\/#website","url":"https:\/\/dicodusport.fr\/blog\/","name":"Dicodusport","description":"L&#039;encyclop\u00e9die de l&#039;actualit\u00e9 sportive","publisher":{"@id":"https:\/\/dicodusport.fr\/blog\/#organization"},"potentialAction":[{"@type":"SearchAction","target":{"@type":"EntryPoint","urlTemplate":"https:\/\/dicodusport.fr\/blog\/?s={search_term_string}"},"query-input":{"@type":"PropertyValueSpecification","valueRequired":true,"valueName":"search_term_string"}}],"inLanguage":"fr-FR"},{"@type":"NewsMediaOrganization","@id":"https:\/\/dicodusport.fr\/blog\/#organization","name":"Dicodusport","url":"https:\/\/dicodusport.fr\/blog\/","logo":{"@type":"ImageObject","inLanguage":"fr-FR","@id":"https:\/\/dicodusport.fr\/blog\/#\/schema\/logo\/image\/","url":"https:\/\/dicodusport.fr\/blog\/wp-content\/uploads\/2020\/06\/cropped-LOGO-DICODUSPORT-2020-SANS-FOND-SANS-TEXTE.png","contentUrl":"https:\/\/dicodusport.fr\/blog\/wp-content\/uploads\/2020\/06\/cropped-LOGO-DICODUSPORT-2020-SANS-FOND-SANS-TEXTE.png","width":512,"height":512,"caption":"Dicodusport"},"image":{"@id":"https:\/\/dicodusport.fr\/blog\/#\/schema\/logo\/image\/"},"sameAs":["https:\/\/www.facebook.com\/dicodusport","https:\/\/x.com\/dicodusport","https:\/\/www.instagram.com\/dicodusport\/","https:\/\/www.youtube.com\/channel\/UC7V2KZ5sd3htJivAbA4ZG3w"],"description":"Dicodusport est l'encyclop\u00e9die de l'actualit\u00e9 sportive.","email":"bonjour@dicodusport.fr","legalName":"DICODUSPORT","foundingDate":"2018-01-14","vatID":"FR71834470973","taxID":"83447097300043","numberOfEmployees":{"@type":"QuantitativeValue","minValue":"1","maxValue":"10"}},{"@type":"Person","@id":"https:\/\/dicodusport.fr\/blog\/#\/schema\/person\/d603dd7da31fb2b46c82b9835a77ec13","name":"Etienne Goursaud","image":{"@type":"ImageObject","inLanguage":"fr-FR","@id":"https:\/\/dicodusport.fr\/blog\/#\/schema\/person\/image\/","url":"https:\/\/dicodusport.fr\/blog\/wp-content\/uploads\/2023\/12\/410122264_10231602061736049_5565839791558026645_n-150x150.jpg","contentUrl":"https:\/\/dicodusport.fr\/blog\/wp-content\/uploads\/2023\/12\/410122264_10231602061736049_5565839791558026645_n-150x150.jpg","caption":"Etienne Goursaud"},"description":"Journaliste et amoureux de sport. Ancien footballeur reconverti athl\u00e8te quand ses muscles le laissent tranquille. \u00c9lev\u00e9 \u00e0 la sauce des exploits de Thomas Voeckler en 2004, du dernier essai de l\u00e9gende de Eunice Barber \u00e0 la longueur lors des championnats du monde d'athl\u00e9tisme de 2003 mais aussi Zidane, Omeyer et Titou Lamaison.","url":"https:\/\/dicodusport.fr\/blog\/author\/etienne-goursaud\/"}]}},"_links":{"self":[{"href":"https:\/\/dicodusport.fr\/blog\/wp-json\/wp\/v2\/posts\/407657","targetHints":{"allow":["GET"]}}],"collection":[{"href":"https:\/\/dicodusport.fr\/blog\/wp-json\/wp\/v2\/posts"}],"about":[{"href":"https:\/\/dicodusport.fr\/blog\/wp-json\/wp\/v2\/types\/post"}],"author":[{"embeddable":true,"href":"https:\/\/dicodusport.fr\/blog\/wp-json\/wp\/v2\/users\/83"}],"replies":[{"embeddable":true,"href":"https:\/\/dicodusport.fr\/blog\/wp-json\/wp\/v2\/comments?post=407657"}],"version-history":[{"count":0,"href":"https:\/\/dicodusport.fr\/blog\/wp-json\/wp\/v2\/posts\/407657\/revisions"}],"wp:featuredmedia":[{"embeddable":true,"href":"https:\/\/dicodusport.fr\/blog\/wp-json\/wp\/v2\/media\/408514"}],"wp:attachment":[{"href":"https:\/\/dicodusport.fr\/blog\/wp-json\/wp\/v2\/media?parent=407657"}],"wp:term":[{"taxonomy":"category","embeddable":true,"href":"https:\/\/dicodusport.fr\/blog\/wp-json\/wp\/v2\/categories?post=407657"},{"taxonomy":"post_tag","embeddable":true,"href":"https:\/\/dicodusport.fr\/blog\/wp-json\/wp\/v2\/tags?post=407657"}],"curies":[{"name":"wp","href":"https:\/\/api.w.org\/{rel}","templated":true}]}}