{"id":407710,"date":"2023-08-11T18:00:59","date_gmt":"2023-08-11T16:00:59","guid":{"rendered":"https:\/\/dicodusport.fr\/blog\/?p=407710&#038;preview=true&#038;preview_id=407710"},"modified":"2023-08-11T19:53:17","modified_gmt":"2023-08-11T17:53:17","slug":"championnats-du-monde-cyclisme-2023-remco-evenepoel-sacre-sur-le-contre-la-montre","status":"publish","type":"post","link":"https:\/\/dicodusport.fr\/blog\/championnats-du-monde-cyclisme-2023-remco-evenepoel-sacre-sur-le-contre-la-montre\/","title":{"rendered":"Championnats du monde cyclisme 2023 : Remco Evenepoel sacr\u00e9 sur le contre-la-montre"},"content":{"rendered":"<p style=\"text-align: justify;\"><em><strong><a href=\"https:\/\/dicodusport.fr\/blog\/cyclisme-sur-route-programme-et-resultats-championnats-du-monde-2023\/\">CHAMPIONNATS DU MONDE CYCLISME SUR ROUTE 2023<\/a> &#8211; Le duel Remco Evenepoel &#8211; Filippo Ganna a tourn\u00e9 \u00e0 l&rsquo;avantage du Belge, vainqueur sur le contre-la-montre un an apr\u00e8s son sacre sur route. Le surprenant Joshua Tarling compl\u00e8te le podium, alors que les Bleus sont bout\u00e9s hors du Top 10.\u00a0<\/strong><\/em><\/p>\n<p style=\"text-align: justify;\">Un quintet de favoris \u00e9tait clairement identifi\u00e9 pour ce contre-la-montre. L&rsquo;ancien double champion du monde <strong>Filippo Ganna<\/strong> \u00e9tait comme toujours parmi les principaux postulants, avec le duo belge constitu\u00e9 de <strong>Wout Van Aert<\/strong> et <strong>Remco Evenepoel<\/strong>, le Slov\u00e8ne <strong>Tadej Pogacar<\/strong> et le Suisse <strong>Stefan K\u00fcng<\/strong>. <a href=\"https:\/\/dicodusport.fr\/blog\/mondiaux-cyclisme-2022-tobias-foss-sacre-champion-du-monde-du-contre-la-montre\/\">Laur\u00e9at surprise l&rsquo;an dernier<\/a>, <strong>Tobias Foss<\/strong> ne semblait pas en mesure de venir troubler la hi\u00e9rarchie, alors que les Bleus couraient pour un Top 10.<\/p>\n<p style=\"text-align: justify;\">Mais si <strong>Ganna<\/strong> devan\u00e7ait de peu <strong>Evenepoel<\/strong> au premier interm\u00e9diaire, un autre coureur faisait sensation : <strong>Joshua Tarling<\/strong> avait moins de 10 secondes de retard sur l&rsquo;Italien, et semblait parfaitement dans la course au podium, voire \u00e0 la victoire. <strong>Van Aert, Pogacar<\/strong> et plus surprenant <strong>K\u00fcng,<\/strong> \u00e9taient d\u00e9j\u00e0 en perdition.<\/p>\n<blockquote class=\"twitter-tweet\">\n<p dir=\"ltr\" lang=\"en\">Filippo Ganna is fastest through first split!<br \/>\n\ud83d\udd67 13:57.08<\/p>\n<p>2\ufe0f\u20e3 Remco Evenepoel \ud83c\udde7\ud83c\uddea +4.62<br \/>\n3\ufe0f\u20e3 Joshua Tarling \ud83c\uddec\ud83c\udde7 +6.73<br \/>\n4\ufe0f\u20e3 Remi Cavagna \ud83c\uddeb\ud83c\uddf7 +23.06<br \/>\n5\ufe0f\u20e3 Mikkel Bjerg \ud83c\udde9\ud83c\uddf0 +23.45<\/p>\n<p>Surprise as <a href=\"https:\/\/twitter.com\/stefankueng?ref_src=twsrc%5Etfw\">@stefankueng<\/a> is only 18th fastest.<a href=\"https:\/\/twitter.com\/hashtag\/GlasgowScotland2023?src=hash&amp;ref_src=twsrc%5Etfw\">#GlasgowScotland2023<\/a> <a href=\"https:\/\/t.co\/5q9EV5Sqnm\">pic.twitter.com\/5q9EV5Sqnm<\/a><\/p>\n<p>\u2014 UCI (@UCI_cycling) <a href=\"https:\/\/twitter.com\/UCI_cycling\/status\/1690020912332992515?ref_src=twsrc%5Etfw\">August 11, 2023<\/a><\/p><\/blockquote>\n<p style=\"text-align: justify;\"><script async src=\"https:\/\/platform.twitter.com\/widgets.js\" charset=\"utf-8\"><\/script><\/p>\n<h2 style=\"text-align: justify;\">Le show Evenepoel<\/h2>\n<p style=\"text-align: justify;\">Et ce podium<strong> Ganna &#8211; Evenepoel &#8211; Tarling<\/strong> s&rsquo;est confirm\u00e9 au fur et \u00e0 mesure de la course : le reste de la concurrence \u00e9tait d\u00e9j\u00e0 loin. Restait \u00e0 conna\u00eetre l&rsquo;ordre. <strong>Van Aert, Pogacar<\/strong> et <strong>K\u00fcng<\/strong> \u00e9taient d\u00e9j\u00e0 condamn\u00e9s \u00e0 une place d&rsquo;honneur. Devant, <strong>Evenepoel<\/strong> avait repris les commandes de la course au deuxi\u00e8me interm\u00e9diaire, et semblait lanc\u00e9 pour un premier arc-en-ciel en contre-la-montre.<\/p>\n<blockquote class=\"twitter-tweet\">\n<p dir=\"ltr\" lang=\"en\">Remmmmcccooo \ud83d\ude80<\/p>\n<p>Fastest out on course through the second split ahead of Ganna. <a href=\"https:\/\/twitter.com\/hashtag\/GlasgowScotland2023?src=hash&amp;ref_src=twsrc%5Etfw\">#GlasgowScotland2023<\/a> <a href=\"https:\/\/t.co\/1w3IpwZmiT\">pic.twitter.com\/1w3IpwZmiT<\/a><\/p>\n<p>\u2014 UCI (@UCI_cycling) <a href=\"https:\/\/twitter.com\/UCI_cycling\/status\/1690026725785169920?ref_src=twsrc%5Etfw\">August 11, 2023<\/a><\/p><\/blockquote>\n<p style=\"text-align: justify;\"><script async src=\"https:\/\/platform.twitter.com\/widgets.js\" charset=\"utf-8\"><\/script><br \/>\nLes Bleus, eux, n&rsquo;ont pas pes\u00e9 sur la course. <strong>R\u00e9mi Cavagna<\/strong>, pourtant bien parti, et <strong>Bruno Armirail<\/strong> ne rempliront pas l&rsquo;objectif Top 10. Devant, <strong>Ganna<\/strong> reprenait un peu de temps sur <strong>Evenepoel,<\/strong> mais le final \u00e9tait \u00e0 l&rsquo;avantage du Belge. Et il l&rsquo;a prouv\u00e9 en terminant fort pour repousser le dernier effort de l&rsquo;Italien, raflant le contre-la-montre apr\u00e8s deux troisi\u00e8mes places les deux derni\u00e8res ann\u00e9es. Un ph\u00e9nom\u00e8ne !<\/p>\n<h2 style=\"text-align: justify;\">\u00c0 lire aussi<\/h2>\n<ul>\n<li style=\"text-align: justify;\"><a href=\"https:\/\/dicodusport.fr\/blog\/cyclisme-championnats-du-monde-2023-classement-contre-la-montre-hommes\/\"><strong>Le classement du contre-la-montre hommes<\/strong><\/a><\/li>\n<li style=\"text-align: justify;\"><a href=\"https:\/\/dicodusport.fr\/blog\/tableau-des-medailles-cyclisme-championnats-du-monde-uci-2023\/3\/#route\"><strong>Le tableau des m\u00e9dailles des Championnats du monde de Cyclisme 2023<\/strong><\/a><\/li>\n<\/ul>\n","protected":false},"excerpt":{"rendered":"<p>CHAMPIONNATS DU MONDE CYCLISME SUR ROUTE 2023 &#8211; Le duel Remco Evenepoel &#8211; Filippo Ganna a tourn\u00e9 \u00e0 l&rsquo;avantage du Belge, vainqueur sur le contre-la-montre un an apr\u00e8s son sacre sur route. Le surprenant Joshua Tarling compl\u00e8te le podium, alors que les Bleus sont bout\u00e9s hors du Top 10.\u00a0<\/p>\n","protected":false},"author":59,"featured_media":407763,"comment_status":"open","ping_status":"closed","sticky":false,"template":"","format":"standard","meta":{"_acf_changed":false,"_daextam_enable_autolinks":"","footnotes":""},"categories":[2307],"tags":[16878,24],"class_list":["post-407710","post","type-post","status-publish","format-standard","has-post-thumbnail","hentry","category-cyclisme","tag-breve","tag-sport"],"acf":[],"yoast_head":"<!-- This site is optimized with the Yoast SEO Premium plugin v26.7 (Yoast SEO v26.7) - https:\/\/yoast.com\/wordpress\/plugins\/seo\/ -->\n<title>Championnats du monde cyclisme 2023 : Remco Evenepoel sacr\u00e9 sur le contre-la-montre<\/title>\n<meta name=\"description\" content=\"CHAMPIONNATS DU MONDE CYCLISME SUR ROUTE 2023 - Le duel Remco Evenepoel - Filippo Ganna a tourn\u00e9 \u00e0 l&#039;avantage du Belge.\" \/>\n<meta name=\"robots\" content=\"index, follow, max-snippet:-1, max-image-preview:large, max-video-preview:-1\" \/>\n<link rel=\"canonical\" href=\"https:\/\/dicodusport.fr\/blog\/championnats-du-monde-cyclisme-2023-remco-evenepoel-sacre-sur-le-contre-la-montre\/\" \/>\n<meta property=\"og:locale\" content=\"fr_FR\" \/>\n<meta property=\"og:type\" content=\"article\" \/>\n<meta property=\"og:title\" content=\"Championnats du monde cyclisme 2023 : Remco Evenepoel sacr\u00e9 sur le contre-la-montre\" \/>\n<meta property=\"og:description\" content=\"CHAMPIONNATS DU MONDE CYCLISME SUR ROUTE 2023 - Le duel Remco Evenepoel - Filippo Ganna a tourn\u00e9 \u00e0 l&#039;avantage du Belge.\" \/>\n<meta property=\"og:url\" content=\"https:\/\/dicodusport.fr\/blog\/championnats-du-monde-cyclisme-2023-remco-evenepoel-sacre-sur-le-contre-la-montre\/\" \/>\n<meta property=\"og:site_name\" content=\"Dicodusport\" \/>\n<meta property=\"article:publisher\" content=\"https:\/\/www.facebook.com\/dicodusport\" \/>\n<meta property=\"article:author\" content=\"https:\/\/www.facebook.com\/sebastien.gente\/\" \/>\n<meta property=\"article:published_time\" content=\"2023-08-11T16:00:59+00:00\" \/>\n<meta property=\"article:modified_time\" content=\"2023-08-11T17:53:17+00:00\" \/>\n<meta property=\"og:image\" content=\"https:\/\/dicodusport.fr\/blog\/wp-content\/uploads\/2023\/08\/Championnats-du-monde-cyclisme-2023-Remco-Evenepoel-sacre-sur-le-contre-la-montre-1.png\" \/>\n\t<meta property=\"og:image:width\" content=\"800\" \/>\n\t<meta property=\"og:image:height\" content=\"445\" \/>\n\t<meta property=\"og:image:type\" content=\"image\/png\" \/>\n<meta name=\"author\" content=\"S\u00e9bastien Gente\" \/>\n<meta name=\"twitter:card\" content=\"summary_large_image\" \/>\n<meta name=\"twitter:title\" content=\"Championnats du monde cyclisme 2023 : Remco Evenepoel sacr\u00e9 sur le contre-la-montre\" \/>\n<meta name=\"twitter:creator\" content=\"@https:\/\/twitter.com\/globulo24\" \/>\n<meta name=\"twitter:site\" content=\"@dicodusport\" \/>\n<script type=\"application\/ld+json\" class=\"yoast-schema-graph\">{\"@context\":\"https:\/\/schema.org\",\"@graph\":[{\"@type\":\"NewsArticle\",\"@id\":\"https:\/\/dicodusport.fr\/blog\/championnats-du-monde-cyclisme-2023-remco-evenepoel-sacre-sur-le-contre-la-montre\/#article\",\"isPartOf\":{\"@id\":\"https:\/\/dicodusport.fr\/blog\/championnats-du-monde-cyclisme-2023-remco-evenepoel-sacre-sur-le-contre-la-montre\/\"},\"author\":{\"name\":\"S\u00e9bastien Gente\",\"@id\":\"https:\/\/dicodusport.fr\/blog\/#\/schema\/person\/627966a6cde45dbd8c5e36ac85d783da\"},\"headline\":\"Championnats du monde cyclisme 2023 : Remco Evenepoel sacr\u00e9 sur le contre-la-montre\",\"datePublished\":\"2023-08-11T16:00:59+00:00\",\"dateModified\":\"2023-08-11T17:53:17+00:00\",\"mainEntityOfPage\":{\"@id\":\"https:\/\/dicodusport.fr\/blog\/championnats-du-monde-cyclisme-2023-remco-evenepoel-sacre-sur-le-contre-la-montre\/\"},\"wordCount\":410,\"commentCount\":1,\"publisher\":{\"@id\":\"https:\/\/dicodusport.fr\/blog\/#organization\"},\"image\":{\"@id\":\"https:\/\/dicodusport.fr\/blog\/championnats-du-monde-cyclisme-2023-remco-evenepoel-sacre-sur-le-contre-la-montre\/#primaryimage\"},\"thumbnailUrl\":\"https:\/\/dicodusport.fr\/blog\/wp-content\/uploads\/2023\/08\/Championnats-du-monde-cyclisme-2023-Remco-Evenepoel-sacre-sur-le-contre-la-montre-1.png\",\"keywords\":[\"br\u00e8ve\",\"sport\"],\"articleSection\":[\"Cyclisme\"],\"inLanguage\":\"fr-FR\",\"potentialAction\":[{\"@type\":\"CommentAction\",\"name\":\"Comment\",\"target\":[\"https:\/\/dicodusport.fr\/blog\/championnats-du-monde-cyclisme-2023-remco-evenepoel-sacre-sur-le-contre-la-montre\/#respond\"]}],\"copyrightYear\":\"2023\",\"copyrightHolder\":{\"@id\":\"https:\/\/dicodusport.fr\/blog\/#organization\"}},{\"@type\":\"WebPage\",\"@id\":\"https:\/\/dicodusport.fr\/blog\/championnats-du-monde-cyclisme-2023-remco-evenepoel-sacre-sur-le-contre-la-montre\/\",\"url\":\"https:\/\/dicodusport.fr\/blog\/championnats-du-monde-cyclisme-2023-remco-evenepoel-sacre-sur-le-contre-la-montre\/\",\"name\":\"Championnats du monde cyclisme 2023 : Remco Evenepoel sacr\u00e9 sur le contre-la-montre\",\"isPartOf\":{\"@id\":\"https:\/\/dicodusport.fr\/blog\/#website\"},\"primaryImageOfPage\":{\"@id\":\"https:\/\/dicodusport.fr\/blog\/championnats-du-monde-cyclisme-2023-remco-evenepoel-sacre-sur-le-contre-la-montre\/#primaryimage\"},\"image\":{\"@id\":\"https:\/\/dicodusport.fr\/blog\/championnats-du-monde-cyclisme-2023-remco-evenepoel-sacre-sur-le-contre-la-montre\/#primaryimage\"},\"thumbnailUrl\":\"https:\/\/dicodusport.fr\/blog\/wp-content\/uploads\/2023\/08\/Championnats-du-monde-cyclisme-2023-Remco-Evenepoel-sacre-sur-le-contre-la-montre-1.png\",\"datePublished\":\"2023-08-11T16:00:59+00:00\",\"dateModified\":\"2023-08-11T17:53:17+00:00\",\"description\":\"CHAMPIONNATS DU MONDE CYCLISME SUR ROUTE 2023 - Le duel Remco Evenepoel - Filippo Ganna a tourn\u00e9 \u00e0 l'avantage du Belge.\",\"breadcrumb\":{\"@id\":\"https:\/\/dicodusport.fr\/blog\/championnats-du-monde-cyclisme-2023-remco-evenepoel-sacre-sur-le-contre-la-montre\/#breadcrumb\"},\"inLanguage\":\"fr-FR\",\"potentialAction\":[{\"@type\":\"ReadAction\",\"target\":[\"https:\/\/dicodusport.fr\/blog\/championnats-du-monde-cyclisme-2023-remco-evenepoel-sacre-sur-le-contre-la-montre\/\"]}]},{\"@type\":\"ImageObject\",\"inLanguage\":\"fr-FR\",\"@id\":\"https:\/\/dicodusport.fr\/blog\/championnats-du-monde-cyclisme-2023-remco-evenepoel-sacre-sur-le-contre-la-montre\/#primaryimage\",\"url\":\"https:\/\/dicodusport.fr\/blog\/wp-content\/uploads\/2023\/08\/Championnats-du-monde-cyclisme-2023-Remco-Evenepoel-sacre-sur-le-contre-la-montre-1.png\",\"contentUrl\":\"https:\/\/dicodusport.fr\/blog\/wp-content\/uploads\/2023\/08\/Championnats-du-monde-cyclisme-2023-Remco-Evenepoel-sacre-sur-le-contre-la-montre-1.png\",\"width\":800,\"height\":445,\"caption\":\"Championnats du monde cyclisme 2023 Remco Evenepoel sacr\u00e9 sur le contre-la-montre\"},{\"@type\":\"BreadcrumbList\",\"@id\":\"https:\/\/dicodusport.fr\/blog\/championnats-du-monde-cyclisme-2023-remco-evenepoel-sacre-sur-le-contre-la-montre\/#breadcrumb\",\"itemListElement\":[{\"@type\":\"ListItem\",\"position\":1,\"name\":\"Accueil\",\"item\":\"https:\/\/dicodusport.fr\/blog\/\"},{\"@type\":\"ListItem\",\"position\":2,\"name\":\"Championnats du monde cyclisme 2023 : Remco Evenepoel sacr\u00e9 sur le contre-la-montre\"}]},{\"@type\":\"WebSite\",\"@id\":\"https:\/\/dicodusport.fr\/blog\/#website\",\"url\":\"https:\/\/dicodusport.fr\/blog\/\",\"name\":\"Dicodusport\",\"description\":\"L&#039;encyclop\u00e9die de l&#039;actualit\u00e9 sportive\",\"publisher\":{\"@id\":\"https:\/\/dicodusport.fr\/blog\/#organization\"},\"potentialAction\":[{\"@type\":\"SearchAction\",\"target\":{\"@type\":\"EntryPoint\",\"urlTemplate\":\"https:\/\/dicodusport.fr\/blog\/?s={search_term_string}\"},\"query-input\":{\"@type\":\"PropertyValueSpecification\",\"valueRequired\":true,\"valueName\":\"search_term_string\"}}],\"inLanguage\":\"fr-FR\"},{\"@type\":\"NewsMediaOrganization\",\"@id\":\"https:\/\/dicodusport.fr\/blog\/#organization\",\"name\":\"Dicodusport\",\"url\":\"https:\/\/dicodusport.fr\/blog\/\",\"logo\":{\"@type\":\"ImageObject\",\"inLanguage\":\"fr-FR\",\"@id\":\"https:\/\/dicodusport.fr\/blog\/#\/schema\/logo\/image\/\",\"url\":\"https:\/\/dicodusport.fr\/blog\/wp-content\/uploads\/2020\/06\/cropped-LOGO-DICODUSPORT-2020-SANS-FOND-SANS-TEXTE.png\",\"contentUrl\":\"https:\/\/dicodusport.fr\/blog\/wp-content\/uploads\/2020\/06\/cropped-LOGO-DICODUSPORT-2020-SANS-FOND-SANS-TEXTE.png\",\"width\":512,\"height\":512,\"caption\":\"Dicodusport\"},\"image\":{\"@id\":\"https:\/\/dicodusport.fr\/blog\/#\/schema\/logo\/image\/\"},\"sameAs\":[\"https:\/\/www.facebook.com\/dicodusport\",\"https:\/\/x.com\/dicodusport\",\"https:\/\/www.instagram.com\/dicodusport\/\",\"https:\/\/www.youtube.com\/channel\/UC7V2KZ5sd3htJivAbA4ZG3w\"],\"description\":\"Dicodusport est l'encyclop\u00e9die de l'actualit\u00e9 sportive.\",\"email\":\"bonjour@dicodusport.fr\",\"legalName\":\"DICODUSPORT\",\"foundingDate\":\"2018-01-14\",\"vatID\":\"FR71834470973\",\"taxID\":\"83447097300043\",\"numberOfEmployees\":{\"@type\":\"QuantitativeValue\",\"minValue\":\"1\",\"maxValue\":\"10\"}},{\"@type\":\"Person\",\"@id\":\"https:\/\/dicodusport.fr\/blog\/#\/schema\/person\/627966a6cde45dbd8c5e36ac85d783da\",\"name\":\"S\u00e9bastien Gente\",\"image\":{\"@type\":\"ImageObject\",\"inLanguage\":\"fr-FR\",\"@id\":\"https:\/\/dicodusport.fr\/blog\/#\/schema\/person\/image\/\",\"url\":\"https:\/\/dicodusport.fr\/blog\/wp-content\/uploads\/2021\/09\/1510990_10205810251400683_4124423575079401707_n-150x150.jpg\",\"contentUrl\":\"https:\/\/dicodusport.fr\/blog\/wp-content\/uploads\/2021\/09\/1510990_10205810251400683_4124423575079401707_n-150x150.jpg\",\"caption\":\"S\u00e9bastien Gente\"},\"description\":\"John Stockton, Gianni Bugno, Zinedine Zidane, Steffi Graf, Frode Andresen, St\u00e9phane Stoecklin, Davis Kamoga, Primoz Peterka, Werner Schlager et Aur\u00e9lien Rougerie. Point commun entre ces sportifs? Ils m'ont fait r\u00eaver et ont berc\u00e9 mon adolescence. Je suis un fondu de sports et j'essaie de retranscrire ma passion \u00e0 travers mes articles. Originaire du P\u00e9rigord, ma passion pour les Girondins, les Jaunards et les Jazzmen transpire dans mes \u00e9crits. \u00c0 Dicodusport depuis 2021, je d\u00e9niche les sports m\u00e9connus dans lesquels la France brille, et il y en a !\",\"sameAs\":[\"https:\/\/www.facebook.com\/sebastien.gente\/\",\"https:\/\/www.instagram.com\/sebgente\/\",\"https:\/\/www.linkedin.com\/in\/sbastien-gente-a29583169\/\",\"https:\/\/x.com\/https:\/\/twitter.com\/globulo24\",\"SebastienGente\"],\"worksFor\":\"S\u00e9bastien GENTE\",\"url\":\"https:\/\/dicodusport.fr\/blog\/author\/sebastiengente\/\"}]}<\/script>\n<!-- \/ Yoast SEO Premium plugin. -->","yoast_head_json":{"title":"Championnats du monde cyclisme 2023 : Remco Evenepoel sacr\u00e9 sur le contre-la-montre","description":"CHAMPIONNATS DU MONDE CYCLISME SUR ROUTE 2023 - Le duel Remco Evenepoel - Filippo Ganna a tourn\u00e9 \u00e0 l'avantage du Belge.","robots":{"index":"index","follow":"follow","max-snippet":"max-snippet:-1","max-image-preview":"max-image-preview:large","max-video-preview":"max-video-preview:-1"},"canonical":"https:\/\/dicodusport.fr\/blog\/championnats-du-monde-cyclisme-2023-remco-evenepoel-sacre-sur-le-contre-la-montre\/","og_locale":"fr_FR","og_type":"article","og_title":"Championnats du monde cyclisme 2023 : Remco Evenepoel sacr\u00e9 sur le contre-la-montre","og_description":"CHAMPIONNATS DU MONDE CYCLISME SUR ROUTE 2023 - Le duel Remco Evenepoel - Filippo Ganna a tourn\u00e9 \u00e0 l'avantage du Belge.","og_url":"https:\/\/dicodusport.fr\/blog\/championnats-du-monde-cyclisme-2023-remco-evenepoel-sacre-sur-le-contre-la-montre\/","og_site_name":"Dicodusport","article_publisher":"https:\/\/www.facebook.com\/dicodusport","article_author":"https:\/\/www.facebook.com\/sebastien.gente\/","article_published_time":"2023-08-11T16:00:59+00:00","article_modified_time":"2023-08-11T17:53:17+00:00","og_image":[{"width":800,"height":445,"url":"https:\/\/dicodusport.fr\/blog\/wp-content\/uploads\/2023\/08\/Championnats-du-monde-cyclisme-2023-Remco-Evenepoel-sacre-sur-le-contre-la-montre-1.png","type":"image\/png"}],"author":"S\u00e9bastien Gente","twitter_card":"summary_large_image","twitter_title":"Championnats du monde cyclisme 2023 : Remco Evenepoel sacr\u00e9 sur le contre-la-montre","twitter_creator":"@https:\/\/twitter.com\/globulo24","twitter_site":"@dicodusport","schema":{"@context":"https:\/\/schema.org","@graph":[{"@type":"NewsArticle","@id":"https:\/\/dicodusport.fr\/blog\/championnats-du-monde-cyclisme-2023-remco-evenepoel-sacre-sur-le-contre-la-montre\/#article","isPartOf":{"@id":"https:\/\/dicodusport.fr\/blog\/championnats-du-monde-cyclisme-2023-remco-evenepoel-sacre-sur-le-contre-la-montre\/"},"author":{"name":"S\u00e9bastien Gente","@id":"https:\/\/dicodusport.fr\/blog\/#\/schema\/person\/627966a6cde45dbd8c5e36ac85d783da"},"headline":"Championnats du monde cyclisme 2023 : Remco Evenepoel sacr\u00e9 sur le contre-la-montre","datePublished":"2023-08-11T16:00:59+00:00","dateModified":"2023-08-11T17:53:17+00:00","mainEntityOfPage":{"@id":"https:\/\/dicodusport.fr\/blog\/championnats-du-monde-cyclisme-2023-remco-evenepoel-sacre-sur-le-contre-la-montre\/"},"wordCount":410,"commentCount":1,"publisher":{"@id":"https:\/\/dicodusport.fr\/blog\/#organization"},"image":{"@id":"https:\/\/dicodusport.fr\/blog\/championnats-du-monde-cyclisme-2023-remco-evenepoel-sacre-sur-le-contre-la-montre\/#primaryimage"},"thumbnailUrl":"https:\/\/dicodusport.fr\/blog\/wp-content\/uploads\/2023\/08\/Championnats-du-monde-cyclisme-2023-Remco-Evenepoel-sacre-sur-le-contre-la-montre-1.png","keywords":["br\u00e8ve","sport"],"articleSection":["Cyclisme"],"inLanguage":"fr-FR","potentialAction":[{"@type":"CommentAction","name":"Comment","target":["https:\/\/dicodusport.fr\/blog\/championnats-du-monde-cyclisme-2023-remco-evenepoel-sacre-sur-le-contre-la-montre\/#respond"]}],"copyrightYear":"2023","copyrightHolder":{"@id":"https:\/\/dicodusport.fr\/blog\/#organization"}},{"@type":"WebPage","@id":"https:\/\/dicodusport.fr\/blog\/championnats-du-monde-cyclisme-2023-remco-evenepoel-sacre-sur-le-contre-la-montre\/","url":"https:\/\/dicodusport.fr\/blog\/championnats-du-monde-cyclisme-2023-remco-evenepoel-sacre-sur-le-contre-la-montre\/","name":"Championnats du monde cyclisme 2023 : Remco Evenepoel sacr\u00e9 sur le contre-la-montre","isPartOf":{"@id":"https:\/\/dicodusport.fr\/blog\/#website"},"primaryImageOfPage":{"@id":"https:\/\/dicodusport.fr\/blog\/championnats-du-monde-cyclisme-2023-remco-evenepoel-sacre-sur-le-contre-la-montre\/#primaryimage"},"image":{"@id":"https:\/\/dicodusport.fr\/blog\/championnats-du-monde-cyclisme-2023-remco-evenepoel-sacre-sur-le-contre-la-montre\/#primaryimage"},"thumbnailUrl":"https:\/\/dicodusport.fr\/blog\/wp-content\/uploads\/2023\/08\/Championnats-du-monde-cyclisme-2023-Remco-Evenepoel-sacre-sur-le-contre-la-montre-1.png","datePublished":"2023-08-11T16:00:59+00:00","dateModified":"2023-08-11T17:53:17+00:00","description":"CHAMPIONNATS DU MONDE CYCLISME SUR ROUTE 2023 - Le duel Remco Evenepoel - Filippo Ganna a tourn\u00e9 \u00e0 l'avantage du Belge.","breadcrumb":{"@id":"https:\/\/dicodusport.fr\/blog\/championnats-du-monde-cyclisme-2023-remco-evenepoel-sacre-sur-le-contre-la-montre\/#breadcrumb"},"inLanguage":"fr-FR","potentialAction":[{"@type":"ReadAction","target":["https:\/\/dicodusport.fr\/blog\/championnats-du-monde-cyclisme-2023-remco-evenepoel-sacre-sur-le-contre-la-montre\/"]}]},{"@type":"ImageObject","inLanguage":"fr-FR","@id":"https:\/\/dicodusport.fr\/blog\/championnats-du-monde-cyclisme-2023-remco-evenepoel-sacre-sur-le-contre-la-montre\/#primaryimage","url":"https:\/\/dicodusport.fr\/blog\/wp-content\/uploads\/2023\/08\/Championnats-du-monde-cyclisme-2023-Remco-Evenepoel-sacre-sur-le-contre-la-montre-1.png","contentUrl":"https:\/\/dicodusport.fr\/blog\/wp-content\/uploads\/2023\/08\/Championnats-du-monde-cyclisme-2023-Remco-Evenepoel-sacre-sur-le-contre-la-montre-1.png","width":800,"height":445,"caption":"Championnats du monde cyclisme 2023 Remco Evenepoel sacr\u00e9 sur le contre-la-montre"},{"@type":"BreadcrumbList","@id":"https:\/\/dicodusport.fr\/blog\/championnats-du-monde-cyclisme-2023-remco-evenepoel-sacre-sur-le-contre-la-montre\/#breadcrumb","itemListElement":[{"@type":"ListItem","position":1,"name":"Accueil","item":"https:\/\/dicodusport.fr\/blog\/"},{"@type":"ListItem","position":2,"name":"Championnats du monde cyclisme 2023 : Remco Evenepoel sacr\u00e9 sur le contre-la-montre"}]},{"@type":"WebSite","@id":"https:\/\/dicodusport.fr\/blog\/#website","url":"https:\/\/dicodusport.fr\/blog\/","name":"Dicodusport","description":"L&#039;encyclop\u00e9die de l&#039;actualit\u00e9 sportive","publisher":{"@id":"https:\/\/dicodusport.fr\/blog\/#organization"},"potentialAction":[{"@type":"SearchAction","target":{"@type":"EntryPoint","urlTemplate":"https:\/\/dicodusport.fr\/blog\/?s={search_term_string}"},"query-input":{"@type":"PropertyValueSpecification","valueRequired":true,"valueName":"search_term_string"}}],"inLanguage":"fr-FR"},{"@type":"NewsMediaOrganization","@id":"https:\/\/dicodusport.fr\/blog\/#organization","name":"Dicodusport","url":"https:\/\/dicodusport.fr\/blog\/","logo":{"@type":"ImageObject","inLanguage":"fr-FR","@id":"https:\/\/dicodusport.fr\/blog\/#\/schema\/logo\/image\/","url":"https:\/\/dicodusport.fr\/blog\/wp-content\/uploads\/2020\/06\/cropped-LOGO-DICODUSPORT-2020-SANS-FOND-SANS-TEXTE.png","contentUrl":"https:\/\/dicodusport.fr\/blog\/wp-content\/uploads\/2020\/06\/cropped-LOGO-DICODUSPORT-2020-SANS-FOND-SANS-TEXTE.png","width":512,"height":512,"caption":"Dicodusport"},"image":{"@id":"https:\/\/dicodusport.fr\/blog\/#\/schema\/logo\/image\/"},"sameAs":["https:\/\/www.facebook.com\/dicodusport","https:\/\/x.com\/dicodusport","https:\/\/www.instagram.com\/dicodusport\/","https:\/\/www.youtube.com\/channel\/UC7V2KZ5sd3htJivAbA4ZG3w"],"description":"Dicodusport est l'encyclop\u00e9die de l'actualit\u00e9 sportive.","email":"bonjour@dicodusport.fr","legalName":"DICODUSPORT","foundingDate":"2018-01-14","vatID":"FR71834470973","taxID":"83447097300043","numberOfEmployees":{"@type":"QuantitativeValue","minValue":"1","maxValue":"10"}},{"@type":"Person","@id":"https:\/\/dicodusport.fr\/blog\/#\/schema\/person\/627966a6cde45dbd8c5e36ac85d783da","name":"S\u00e9bastien Gente","image":{"@type":"ImageObject","inLanguage":"fr-FR","@id":"https:\/\/dicodusport.fr\/blog\/#\/schema\/person\/image\/","url":"https:\/\/dicodusport.fr\/blog\/wp-content\/uploads\/2021\/09\/1510990_10205810251400683_4124423575079401707_n-150x150.jpg","contentUrl":"https:\/\/dicodusport.fr\/blog\/wp-content\/uploads\/2021\/09\/1510990_10205810251400683_4124423575079401707_n-150x150.jpg","caption":"S\u00e9bastien Gente"},"description":"John Stockton, Gianni Bugno, Zinedine Zidane, Steffi Graf, Frode Andresen, St\u00e9phane Stoecklin, Davis Kamoga, Primoz Peterka, Werner Schlager et Aur\u00e9lien Rougerie. Point commun entre ces sportifs? Ils m'ont fait r\u00eaver et ont berc\u00e9 mon adolescence. Je suis un fondu de sports et j'essaie de retranscrire ma passion \u00e0 travers mes articles. Originaire du P\u00e9rigord, ma passion pour les Girondins, les Jaunards et les Jazzmen transpire dans mes \u00e9crits. \u00c0 Dicodusport depuis 2021, je d\u00e9niche les sports m\u00e9connus dans lesquels la France brille, et il y en a !","sameAs":["https:\/\/www.facebook.com\/sebastien.gente\/","https:\/\/www.instagram.com\/sebgente\/","https:\/\/www.linkedin.com\/in\/sbastien-gente-a29583169\/","https:\/\/x.com\/https:\/\/twitter.com\/globulo24","SebastienGente"],"worksFor":"S\u00e9bastien GENTE","url":"https:\/\/dicodusport.fr\/blog\/author\/sebastiengente\/"}]}},"_links":{"self":[{"href":"https:\/\/dicodusport.fr\/blog\/wp-json\/wp\/v2\/posts\/407710","targetHints":{"allow":["GET"]}}],"collection":[{"href":"https:\/\/dicodusport.fr\/blog\/wp-json\/wp\/v2\/posts"}],"about":[{"href":"https:\/\/dicodusport.fr\/blog\/wp-json\/wp\/v2\/types\/post"}],"author":[{"embeddable":true,"href":"https:\/\/dicodusport.fr\/blog\/wp-json\/wp\/v2\/users\/59"}],"replies":[{"embeddable":true,"href":"https:\/\/dicodusport.fr\/blog\/wp-json\/wp\/v2\/comments?post=407710"}],"version-history":[{"count":0,"href":"https:\/\/dicodusport.fr\/blog\/wp-json\/wp\/v2\/posts\/407710\/revisions"}],"wp:featuredmedia":[{"embeddable":true,"href":"https:\/\/dicodusport.fr\/blog\/wp-json\/wp\/v2\/media\/407763"}],"wp:attachment":[{"href":"https:\/\/dicodusport.fr\/blog\/wp-json\/wp\/v2\/media?parent=407710"}],"wp:term":[{"taxonomy":"category","embeddable":true,"href":"https:\/\/dicodusport.fr\/blog\/wp-json\/wp\/v2\/categories?post=407710"},{"taxonomy":"post_tag","embeddable":true,"href":"https:\/\/dicodusport.fr\/blog\/wp-json\/wp\/v2\/tags?post=407710"}],"curies":[{"name":"wp","href":"https:\/\/api.w.org\/{rel}","templated":true}]}}