{"id":407984,"date":"2023-08-12T16:47:49","date_gmt":"2023-08-12T14:47:49","guid":{"rendered":"https:\/\/dicodusport.fr\/blog\/?p=407984&#038;preview=true&#038;preview_id=407984"},"modified":"2023-08-12T22:09:23","modified_gmt":"2023-08-12T20:09:23","slug":"cyclisme-championnats-du-monde-2023-axel-laurance-champion-du-monde-espoirs","status":"publish","type":"post","link":"https:\/\/dicodusport.fr\/blog\/cyclisme-championnats-du-monde-2023-axel-laurance-champion-du-monde-espoirs\/","title":{"rendered":"Cyclisme Championnats du monde 2023 : Axel Laurance champion du monde espoirs !"},"content":{"rendered":"<p style=\"text-align: justify;\"><b><i><a href=\"https:\/\/dicodusport.fr\/blog\/actualites\/cyclisme\/championnats-du-monde-cyclisme-2023\/\">CHAMPIONNATS DU MONDE DE CYCLISME 2023<\/a> \u2013 Issu de l&rsquo;\u00e9chapp\u00e9e matinale, le Fran\u00e7ais Axel Laurance est devenu ce samedi champion du monde de la course en ligne \u00e0 Glasgow.\u00a0<\/i><\/b><\/p>\n<p style=\"text-align: justify;\">D&rsquo;abord, apr\u00e8s une quinzaine de kilom\u00e8tres, 10 coureurs ont form\u00e9 l&rsquo;\u00e9chapp\u00e9e matinale dans la partie pour rejoindre le circuit final : <strong>Antoine Huby, Axel Laurance<\/strong> (France), le champion du monde du contre-la-montre <strong>Lorenzo Milesi<\/strong> (Italie), <strong>Jack Rootkin-Gray<\/strong> (Grande-Bretagne), <strong>Moritz Kretschy<\/strong> (Allemagne), <strong>Trym Brenns\u00e4ter<\/strong> (Norv\u00e8ge), <strong>Jasim Al-Ali<\/strong> (EAU), <strong>Brody McDonald<\/strong> (\u00c9tats-Unis), <strong>Jonathan Guatibonza<\/strong> (Colombie) et <strong>Alastair Mackellar<\/strong> (Australie). Ces fuyards ont obtenu trois minutes d&rsquo;avance avant que l&rsquo;\u00e9cart descende \u00e0 la minute une fois les coureurs dans les rues de Glasgow.<\/p>\n<h2 style=\"text-align: justify;\">La France place ses pions \u00e0 l&rsquo;avant<\/h2>\n<p style=\"text-align: justify;\">Sur le circuit urbain mouill\u00e9 par les averses, de nombreux coureurs sont tomb\u00e9s tandis que l&rsquo;\u00e9quipe nationale suisse a pris les commandes du peloton. \u00c0 noter qu&rsquo;\u00e0 l&rsquo;avant de la course, les deux coureurs fran\u00e7ais ont connu des ennuis m\u00e9caniques. Cette \u00e9chapp\u00e9e a ensuite perdu <strong>Jasim Al-Ali<\/strong> (EAU) et <strong>Jonathan Guatibonza<\/strong> (Colombie).<\/p>\n<p style=\"text-align: justify;\">Puis, on a assist\u00e9 \u00e0 plusieurs attaques dans les petites bosses du circuit au sein du peloton, notamment de la part des Espagnols <strong>Raul Garcia Pierna<\/strong> et <strong>Ivan Romeo<\/strong>. Malheureusement, <strong>Antoine Huby<\/strong> (France) a \u00e9t\u00e9 \u00e9limin\u00e9 sur chute, \u00e0 plus de 70 kilom\u00e8tres du terme. Peu apr\u00e8s, une \u00e9norme chute collective a eu lieu dans le peloton principal, permettant le retour de nombreux coureurs pi\u00e9g\u00e9s.<\/p>\n<p style=\"text-align: justify;\">Ensuite, <strong>Ivan Romeo<\/strong> (Espagne) a r\u00e9ussi \u00e0 faire la jonction avec l&rsquo;\u00e9chapp\u00e9e. Apr\u00e8s une premi\u00e8re acc\u00e9l\u00e9ration de <strong>Thibau Nys<\/strong> (Belgique), <strong>Alec Segaert<\/strong> (Belgique) a pris en main la poursuite, alors qu&rsquo;en t\u00eate, <strong>Axel Laurance<\/strong> (France), <strong>Jack Rootkin-Gray<\/strong> (Grande-Bretagne), <strong>Moritz Kretschy<\/strong> (Allemagne) et <strong>Lorenzo Milesi<\/strong> (Italie) ont fait la diff\u00e9rence \u00e0 plus de 40 kilom\u00e8tres de l&rsquo;arriv\u00e9e, sur leurs anciens compagnons de fugue.<\/p>\n<h2 style=\"text-align: justify;\">Axel Laurance tente son va-tout<\/h2>\n<p style=\"text-align: justify;\">Par la suite, <strong>Martin Svr\u010dek<\/strong> (Slovaquie) et <strong>Antonio Morgado<\/strong> (Portugal) sont sortis pour reprendre les coureurs l\u00e2ch\u00e9s de l&rsquo;\u00e9chapp\u00e9e. Dans le peloton principal, <strong>Alec Segaert<\/strong> (Belgique) a d\u00e9cid\u00e9 de durcir le rythme afin de cr\u00e9er un groupe de favoris \u00e0 un troisi\u00e8me \u00e9chelon de la course. Cependant, \u00e0 la suite du marquage sur Thibau Nys, le rouleur belge est sorti avec <strong>Max Walker<\/strong> (Grande-Bretagne). Mais, ce duo n&rsquo;a pas r\u00e9ussi \u00e0 revenir sur l&rsquo;avant de la course.<\/p>\n<p style=\"text-align: justify;\">Voyant revenir <strong>Martin Svr\u010dek<\/strong> (Slovaquie) et <strong>Antonio Morgado<\/strong> (Portugal), <strong>Axel Laurance<\/strong> (France) s&rsquo;est isol\u00e9 \u00e0 l&rsquo;avant de la course, \u00e0 25 kilom\u00e8tres de l&rsquo;arriv\u00e9e, tandis que <strong>Jack Rootkin-Gray<\/strong> (Grande-Bretagne) et <strong>Moritz Kretschy<\/strong> (Allemagne) ont \u00e9t\u00e9 repris par le Portugais et le Slovaque.<\/p>\n<p style=\"text-align: justify;\"><strong>Axel Laurance<\/strong> (France) a entam\u00e9 le dernier tour avec 25 secondes sur ses cinq poursuivants, o\u00f9 la sup\u00e9riorit\u00e9 du coureur slovaque n&rsquo;a pas encourag\u00e9 une grande collaboration. Finalement, <strong>Axel Laurance<\/strong> (France) a r\u00e9sist\u00e9 pour devenir le cinqui\u00e8me champion du monde fran\u00e7ais dans cette cat\u00e9gorie d&rsquo;\u00e2ge. Il succ\u00e8de \u00e0 Beno\u00eet Cosnefroy (2017), K\u00e9vin Ledanois (2015), Arnaud D\u00e9mare (2011) et Romain Sicard (2009). \u00c0 deux secondes, <strong>Antonio Morgado<\/strong> (Portugal) a pris la deuxi\u00e8me place au sprint devant <strong>Martin Svr\u010dek<\/strong> (Slovaquie). Enfin, <strong>Pierre Gautherat<\/strong> (France) a pris la dixi\u00e8me place \u00e0 1:41.<\/p>\n<blockquote class=\"twitter-tweet\">\n<p dir=\"ltr\" lang=\"fr\"><a href=\"https:\/\/twitter.com\/hashtag\/GlasgowScotland2023?src=hash&amp;ref_src=twsrc%5Etfw\">#GlasgowScotland2023<\/a> | \ud83c\uddeb\ud83c\uddf7\ud83e\udd47 CHAMPION DU MONDE \ud83e\udd47<\/p>\n<p>Axel Laurance est sacr\u00e9 champion du monde espoirs sur route !<\/p>\n<p>\u25b6 Le direct : <a href=\"https:\/\/t.co\/OFYE0fDRoQ\">https:\/\/t.co\/OFYE0fDRoQ<\/a> <a href=\"https:\/\/t.co\/Aon39KV5jy\">pic.twitter.com\/Aon39KV5jy<\/a><\/p>\n<p>\u2014 francetvsport (@francetvsport) <a href=\"https:\/\/twitter.com\/francetvsport\/status\/1690373271537987584?ref_src=twsrc%5Etfw\">August 12, 2023<\/a><\/p><\/blockquote>\n<p style=\"text-align: justify;\"><script async src=\"https:\/\/platform.twitter.com\/widgets.js\" charset=\"utf-8\"><\/script><\/p>\n<h2 style=\"text-align: justify;\">\u00c0 lire aussi<\/h2>\n<ul style=\"text-align: justify;\">\n<li style=\"text-align: justify;\"><a href=\"https:\/\/dicodusport.fr\/blog\/cyclisme-championnats-du-monde-2023-classement-course-en-ligne-espoirs-hommes\/\"><strong>Classement de la course en ligne espoirs des championnats du monde<\/strong><\/a><\/li>\n<li style=\"text-align: justify;\"><a href=\"https:\/\/dicodusport.fr\/blog\/cyclisme-sur-route-programme-et-resultats-championnats-du-monde-2023\/\"><strong>Programme et r\u00e9sultats des championnats du monde de cyclisme 2023<\/strong><\/a><\/li>\n<li style=\"text-align: justify;\"><a href=\"https:\/\/dicodusport.fr\/blog\/tableau-des-medailles-cyclisme-championnats-du-monde-uci-2023\/3\/#route\"><strong>Tableau des m\u00e9dailles des championnats du monde de cyclisme sur route<\/strong><\/a><\/li>\n<\/ul>\n","protected":false},"excerpt":{"rendered":"<p>CHAMPIONNATS DU MONDE DE CYCLISME 2023 \u2013 Issu de l&rsquo;\u00e9chapp\u00e9e matinale, le Fran\u00e7ais Axel Laurance est devenu ce samedi champion du monde de la course en ligne \u00e0 Glasgow.\u00a0<\/p>\n","protected":false},"author":48,"featured_media":408019,"comment_status":"open","ping_status":"closed","sticky":false,"template":"","format":"standard","meta":{"_acf_changed":false,"_daextam_enable_autolinks":"","footnotes":""},"categories":[2307],"tags":[16878,11197,24],"class_list":["post-407984","post","type-post","status-publish","format-standard","has-post-thumbnail","hentry","category-cyclisme","tag-breve","tag-cyclisme-sur-route","tag-sport"],"acf":[],"yoast_head":"<!-- This site is optimized with the Yoast SEO Premium plugin v26.7 (Yoast SEO v26.7) - https:\/\/yoast.com\/wordpress\/plugins\/seo\/ -->\n<title>Cyclisme Championnats du monde 2023 : Axel Laurance champion du monde espoirs !<\/title>\n<meta name=\"description\" content=\"CHAMPIONNATS DU MONDE DE CYCLISME 2023 - Axel Laurance est devenu ce samedi champion du monde de la course en ligne \u00e0 Glasgow.\u00a0\" \/>\n<meta name=\"robots\" content=\"index, follow, max-snippet:-1, max-image-preview:large, max-video-preview:-1\" \/>\n<link rel=\"canonical\" href=\"https:\/\/dicodusport.fr\/blog\/cyclisme-championnats-du-monde-2023-axel-laurance-champion-du-monde-espoirs\/\" \/>\n<meta property=\"og:locale\" content=\"fr_FR\" \/>\n<meta property=\"og:type\" content=\"article\" \/>\n<meta property=\"og:title\" content=\"Cyclisme Championnats du monde 2023 : Axel Laurance champion du monde espoirs !\" \/>\n<meta property=\"og:description\" content=\"CHAMPIONNATS DU MONDE DE CYCLISME 2023 - Axel Laurance est devenu ce samedi champion du monde de la course en ligne \u00e0 Glasgow.\u00a0\" \/>\n<meta property=\"og:url\" content=\"https:\/\/dicodusport.fr\/blog\/cyclisme-championnats-du-monde-2023-axel-laurance-champion-du-monde-espoirs\/\" \/>\n<meta property=\"og:site_name\" content=\"Dicodusport\" \/>\n<meta property=\"article:publisher\" content=\"https:\/\/www.facebook.com\/dicodusport\" \/>\n<meta property=\"article:author\" content=\"https:\/\/www.facebook.com\/groups\/LesRoisDuPeloton\" \/>\n<meta property=\"article:published_time\" content=\"2023-08-12T14:47:49+00:00\" \/>\n<meta property=\"article:modified_time\" content=\"2023-08-12T20:09:23+00:00\" \/>\n<meta property=\"og:image\" content=\"https:\/\/dicodusport.fr\/blog\/wp-content\/uploads\/2023\/08\/Cyclisme-Championnats-du-monde-2023-Axel-Laurance-champion-du-monde-espoirs-1.png\" \/>\n\t<meta property=\"og:image:width\" content=\"800\" \/>\n\t<meta property=\"og:image:height\" content=\"445\" \/>\n\t<meta property=\"og:image:type\" content=\"image\/png\" \/>\n<meta name=\"author\" content=\"Emilien Descampiaux\" \/>\n<meta name=\"twitter:card\" content=\"summary_large_image\" \/>\n<meta name=\"twitter:title\" content=\"Cyclisme Championnats du monde 2023 : Axel Laurance champion du monde espoirs !\" \/>\n<meta name=\"twitter:creator\" content=\"@https:\/\/twitter.com\/LRoisDuPeloton\" \/>\n<meta name=\"twitter:site\" content=\"@dicodusport\" \/>\n<script type=\"application\/ld+json\" class=\"yoast-schema-graph\">{\"@context\":\"https:\/\/schema.org\",\"@graph\":[{\"@type\":\"NewsArticle\",\"@id\":\"https:\/\/dicodusport.fr\/blog\/cyclisme-championnats-du-monde-2023-axel-laurance-champion-du-monde-espoirs\/#article\",\"isPartOf\":{\"@id\":\"https:\/\/dicodusport.fr\/blog\/cyclisme-championnats-du-monde-2023-axel-laurance-champion-du-monde-espoirs\/\"},\"author\":{\"name\":\"Emilien Descampiaux\",\"@id\":\"https:\/\/dicodusport.fr\/blog\/#\/schema\/person\/6db4bae06b171592211be385b32876a7\"},\"headline\":\"Cyclisme Championnats du monde 2023 : Axel Laurance champion du monde espoirs !\",\"datePublished\":\"2023-08-12T14:47:49+00:00\",\"dateModified\":\"2023-08-12T20:09:23+00:00\",\"mainEntityOfPage\":{\"@id\":\"https:\/\/dicodusport.fr\/blog\/cyclisme-championnats-du-monde-2023-axel-laurance-champion-du-monde-espoirs\/\"},\"wordCount\":621,\"commentCount\":1,\"publisher\":{\"@id\":\"https:\/\/dicodusport.fr\/blog\/#organization\"},\"image\":{\"@id\":\"https:\/\/dicodusport.fr\/blog\/cyclisme-championnats-du-monde-2023-axel-laurance-champion-du-monde-espoirs\/#primaryimage\"},\"thumbnailUrl\":\"https:\/\/dicodusport.fr\/blog\/wp-content\/uploads\/2023\/08\/Cyclisme-Championnats-du-monde-2023-Axel-Laurance-champion-du-monde-espoirs-1.png\",\"keywords\":[\"br\u00e8ve\",\"Cyclisme sur route\",\"sport\"],\"articleSection\":[\"Cyclisme\"],\"inLanguage\":\"fr-FR\",\"potentialAction\":[{\"@type\":\"CommentAction\",\"name\":\"Comment\",\"target\":[\"https:\/\/dicodusport.fr\/blog\/cyclisme-championnats-du-monde-2023-axel-laurance-champion-du-monde-espoirs\/#respond\"]}],\"copyrightYear\":\"2023\",\"copyrightHolder\":{\"@id\":\"https:\/\/dicodusport.fr\/blog\/#organization\"}},{\"@type\":\"WebPage\",\"@id\":\"https:\/\/dicodusport.fr\/blog\/cyclisme-championnats-du-monde-2023-axel-laurance-champion-du-monde-espoirs\/\",\"url\":\"https:\/\/dicodusport.fr\/blog\/cyclisme-championnats-du-monde-2023-axel-laurance-champion-du-monde-espoirs\/\",\"name\":\"Cyclisme Championnats du monde 2023 : Axel Laurance champion du monde espoirs !\",\"isPartOf\":{\"@id\":\"https:\/\/dicodusport.fr\/blog\/#website\"},\"primaryImageOfPage\":{\"@id\":\"https:\/\/dicodusport.fr\/blog\/cyclisme-championnats-du-monde-2023-axel-laurance-champion-du-monde-espoirs\/#primaryimage\"},\"image\":{\"@id\":\"https:\/\/dicodusport.fr\/blog\/cyclisme-championnats-du-monde-2023-axel-laurance-champion-du-monde-espoirs\/#primaryimage\"},\"thumbnailUrl\":\"https:\/\/dicodusport.fr\/blog\/wp-content\/uploads\/2023\/08\/Cyclisme-Championnats-du-monde-2023-Axel-Laurance-champion-du-monde-espoirs-1.png\",\"datePublished\":\"2023-08-12T14:47:49+00:00\",\"dateModified\":\"2023-08-12T20:09:23+00:00\",\"description\":\"CHAMPIONNATS DU MONDE DE CYCLISME 2023 - Axel Laurance est devenu ce samedi champion du monde de la course en ligne \u00e0 Glasgow.\u00a0\",\"breadcrumb\":{\"@id\":\"https:\/\/dicodusport.fr\/blog\/cyclisme-championnats-du-monde-2023-axel-laurance-champion-du-monde-espoirs\/#breadcrumb\"},\"inLanguage\":\"fr-FR\",\"potentialAction\":[{\"@type\":\"ReadAction\",\"target\":[\"https:\/\/dicodusport.fr\/blog\/cyclisme-championnats-du-monde-2023-axel-laurance-champion-du-monde-espoirs\/\"]}]},{\"@type\":\"ImageObject\",\"inLanguage\":\"fr-FR\",\"@id\":\"https:\/\/dicodusport.fr\/blog\/cyclisme-championnats-du-monde-2023-axel-laurance-champion-du-monde-espoirs\/#primaryimage\",\"url\":\"https:\/\/dicodusport.fr\/blog\/wp-content\/uploads\/2023\/08\/Cyclisme-Championnats-du-monde-2023-Axel-Laurance-champion-du-monde-espoirs-1.png\",\"contentUrl\":\"https:\/\/dicodusport.fr\/blog\/wp-content\/uploads\/2023\/08\/Cyclisme-Championnats-du-monde-2023-Axel-Laurance-champion-du-monde-espoirs-1.png\",\"width\":800,\"height\":445,\"caption\":\"Cyclisme - Championnats du monde 2023 - Axel Laurance champion du monde espoirs - Photo Icon Sport\"},{\"@type\":\"BreadcrumbList\",\"@id\":\"https:\/\/dicodusport.fr\/blog\/cyclisme-championnats-du-monde-2023-axel-laurance-champion-du-monde-espoirs\/#breadcrumb\",\"itemListElement\":[{\"@type\":\"ListItem\",\"position\":1,\"name\":\"Accueil\",\"item\":\"https:\/\/dicodusport.fr\/blog\/\"},{\"@type\":\"ListItem\",\"position\":2,\"name\":\"Cyclisme Championnats du monde 2023 : Axel Laurance champion du monde espoirs !\"}]},{\"@type\":\"WebSite\",\"@id\":\"https:\/\/dicodusport.fr\/blog\/#website\",\"url\":\"https:\/\/dicodusport.fr\/blog\/\",\"name\":\"Dicodusport\",\"description\":\"L&#039;encyclop\u00e9die de l&#039;actualit\u00e9 sportive\",\"publisher\":{\"@id\":\"https:\/\/dicodusport.fr\/blog\/#organization\"},\"potentialAction\":[{\"@type\":\"SearchAction\",\"target\":{\"@type\":\"EntryPoint\",\"urlTemplate\":\"https:\/\/dicodusport.fr\/blog\/?s={search_term_string}\"},\"query-input\":{\"@type\":\"PropertyValueSpecification\",\"valueRequired\":true,\"valueName\":\"search_term_string\"}}],\"inLanguage\":\"fr-FR\"},{\"@type\":\"NewsMediaOrganization\",\"@id\":\"https:\/\/dicodusport.fr\/blog\/#organization\",\"name\":\"Dicodusport\",\"url\":\"https:\/\/dicodusport.fr\/blog\/\",\"logo\":{\"@type\":\"ImageObject\",\"inLanguage\":\"fr-FR\",\"@id\":\"https:\/\/dicodusport.fr\/blog\/#\/schema\/logo\/image\/\",\"url\":\"https:\/\/dicodusport.fr\/blog\/wp-content\/uploads\/2020\/06\/cropped-LOGO-DICODUSPORT-2020-SANS-FOND-SANS-TEXTE.png\",\"contentUrl\":\"https:\/\/dicodusport.fr\/blog\/wp-content\/uploads\/2020\/06\/cropped-LOGO-DICODUSPORT-2020-SANS-FOND-SANS-TEXTE.png\",\"width\":512,\"height\":512,\"caption\":\"Dicodusport\"},\"image\":{\"@id\":\"https:\/\/dicodusport.fr\/blog\/#\/schema\/logo\/image\/\"},\"sameAs\":[\"https:\/\/www.facebook.com\/dicodusport\",\"https:\/\/x.com\/dicodusport\",\"https:\/\/www.instagram.com\/dicodusport\/\",\"https:\/\/www.youtube.com\/channel\/UC7V2KZ5sd3htJivAbA4ZG3w\"],\"description\":\"Dicodusport est l'encyclop\u00e9die de l'actualit\u00e9 sportive.\",\"email\":\"bonjour@dicodusport.fr\",\"legalName\":\"DICODUSPORT\",\"foundingDate\":\"2018-01-14\",\"vatID\":\"FR71834470973\",\"taxID\":\"83447097300043\",\"numberOfEmployees\":{\"@type\":\"QuantitativeValue\",\"minValue\":\"1\",\"maxValue\":\"10\"}},{\"@type\":\"Person\",\"@id\":\"https:\/\/dicodusport.fr\/blog\/#\/schema\/person\/6db4bae06b171592211be385b32876a7\",\"name\":\"Emilien Descampiaux\",\"image\":{\"@type\":\"ImageObject\",\"inLanguage\":\"fr-FR\",\"@id\":\"https:\/\/dicodusport.fr\/blog\/#\/schema\/person\/image\/\",\"url\":\"https:\/\/dicodusport.fr\/blog\/wp-content\/uploads\/2021\/05\/Emilien-Descampiaux-150x150.jpg\",\"contentUrl\":\"https:\/\/dicodusport.fr\/blog\/wp-content\/uploads\/2021\/05\/Emilien-Descampiaux-150x150.jpg\",\"caption\":\"Emilien Descampiaux\"},\"description\":\"Journaliste\/r\u00e9dacteur depuis 2014 - Fan de la classe de Frank Vandenbroucke, je vis cyclisme (et de ses paysages) depuis plus de 20 ans. Je suis tr\u00e8s impliqu\u00e9 sur mes diff\u00e9rents r\u00e9seaux sociaux pour partager ma passion sur le monde et l'Histoire de la bicyclette avec ma voix sur les images en noir et blanc du succ\u00e8s de Rik Van Steenbergen lors du Ronde sur le V\u00e9lodrome de Gand.\",\"sameAs\":[\"https:\/\/www.facebook.com\/groups\/LesRoisDuPeloton\",\"https:\/\/x.com\/https:\/\/twitter.com\/LRoisDuPeloton\"],\"url\":\"https:\/\/dicodusport.fr\/blog\/author\/emiliend\/\"}]}<\/script>\n<!-- \/ Yoast SEO Premium plugin. -->","yoast_head_json":{"title":"Cyclisme Championnats du monde 2023 : Axel Laurance champion du monde espoirs !","description":"CHAMPIONNATS DU MONDE DE CYCLISME 2023 - Axel Laurance est devenu ce samedi champion du monde de la course en ligne \u00e0 Glasgow.\u00a0","robots":{"index":"index","follow":"follow","max-snippet":"max-snippet:-1","max-image-preview":"max-image-preview:large","max-video-preview":"max-video-preview:-1"},"canonical":"https:\/\/dicodusport.fr\/blog\/cyclisme-championnats-du-monde-2023-axel-laurance-champion-du-monde-espoirs\/","og_locale":"fr_FR","og_type":"article","og_title":"Cyclisme Championnats du monde 2023 : Axel Laurance champion du monde espoirs !","og_description":"CHAMPIONNATS DU MONDE DE CYCLISME 2023 - Axel Laurance est devenu ce samedi champion du monde de la course en ligne \u00e0 Glasgow.\u00a0","og_url":"https:\/\/dicodusport.fr\/blog\/cyclisme-championnats-du-monde-2023-axel-laurance-champion-du-monde-espoirs\/","og_site_name":"Dicodusport","article_publisher":"https:\/\/www.facebook.com\/dicodusport","article_author":"https:\/\/www.facebook.com\/groups\/LesRoisDuPeloton","article_published_time":"2023-08-12T14:47:49+00:00","article_modified_time":"2023-08-12T20:09:23+00:00","og_image":[{"width":800,"height":445,"url":"https:\/\/dicodusport.fr\/blog\/wp-content\/uploads\/2023\/08\/Cyclisme-Championnats-du-monde-2023-Axel-Laurance-champion-du-monde-espoirs-1.png","type":"image\/png"}],"author":"Emilien Descampiaux","twitter_card":"summary_large_image","twitter_title":"Cyclisme Championnats du monde 2023 : Axel Laurance champion du monde espoirs !","twitter_creator":"@https:\/\/twitter.com\/LRoisDuPeloton","twitter_site":"@dicodusport","schema":{"@context":"https:\/\/schema.org","@graph":[{"@type":"NewsArticle","@id":"https:\/\/dicodusport.fr\/blog\/cyclisme-championnats-du-monde-2023-axel-laurance-champion-du-monde-espoirs\/#article","isPartOf":{"@id":"https:\/\/dicodusport.fr\/blog\/cyclisme-championnats-du-monde-2023-axel-laurance-champion-du-monde-espoirs\/"},"author":{"name":"Emilien Descampiaux","@id":"https:\/\/dicodusport.fr\/blog\/#\/schema\/person\/6db4bae06b171592211be385b32876a7"},"headline":"Cyclisme Championnats du monde 2023 : Axel Laurance champion du monde espoirs !","datePublished":"2023-08-12T14:47:49+00:00","dateModified":"2023-08-12T20:09:23+00:00","mainEntityOfPage":{"@id":"https:\/\/dicodusport.fr\/blog\/cyclisme-championnats-du-monde-2023-axel-laurance-champion-du-monde-espoirs\/"},"wordCount":621,"commentCount":1,"publisher":{"@id":"https:\/\/dicodusport.fr\/blog\/#organization"},"image":{"@id":"https:\/\/dicodusport.fr\/blog\/cyclisme-championnats-du-monde-2023-axel-laurance-champion-du-monde-espoirs\/#primaryimage"},"thumbnailUrl":"https:\/\/dicodusport.fr\/blog\/wp-content\/uploads\/2023\/08\/Cyclisme-Championnats-du-monde-2023-Axel-Laurance-champion-du-monde-espoirs-1.png","keywords":["br\u00e8ve","Cyclisme sur route","sport"],"articleSection":["Cyclisme"],"inLanguage":"fr-FR","potentialAction":[{"@type":"CommentAction","name":"Comment","target":["https:\/\/dicodusport.fr\/blog\/cyclisme-championnats-du-monde-2023-axel-laurance-champion-du-monde-espoirs\/#respond"]}],"copyrightYear":"2023","copyrightHolder":{"@id":"https:\/\/dicodusport.fr\/blog\/#organization"}},{"@type":"WebPage","@id":"https:\/\/dicodusport.fr\/blog\/cyclisme-championnats-du-monde-2023-axel-laurance-champion-du-monde-espoirs\/","url":"https:\/\/dicodusport.fr\/blog\/cyclisme-championnats-du-monde-2023-axel-laurance-champion-du-monde-espoirs\/","name":"Cyclisme Championnats du monde 2023 : Axel Laurance champion du monde espoirs !","isPartOf":{"@id":"https:\/\/dicodusport.fr\/blog\/#website"},"primaryImageOfPage":{"@id":"https:\/\/dicodusport.fr\/blog\/cyclisme-championnats-du-monde-2023-axel-laurance-champion-du-monde-espoirs\/#primaryimage"},"image":{"@id":"https:\/\/dicodusport.fr\/blog\/cyclisme-championnats-du-monde-2023-axel-laurance-champion-du-monde-espoirs\/#primaryimage"},"thumbnailUrl":"https:\/\/dicodusport.fr\/blog\/wp-content\/uploads\/2023\/08\/Cyclisme-Championnats-du-monde-2023-Axel-Laurance-champion-du-monde-espoirs-1.png","datePublished":"2023-08-12T14:47:49+00:00","dateModified":"2023-08-12T20:09:23+00:00","description":"CHAMPIONNATS DU MONDE DE CYCLISME 2023 - Axel Laurance est devenu ce samedi champion du monde de la course en ligne \u00e0 Glasgow.\u00a0","breadcrumb":{"@id":"https:\/\/dicodusport.fr\/blog\/cyclisme-championnats-du-monde-2023-axel-laurance-champion-du-monde-espoirs\/#breadcrumb"},"inLanguage":"fr-FR","potentialAction":[{"@type":"ReadAction","target":["https:\/\/dicodusport.fr\/blog\/cyclisme-championnats-du-monde-2023-axel-laurance-champion-du-monde-espoirs\/"]}]},{"@type":"ImageObject","inLanguage":"fr-FR","@id":"https:\/\/dicodusport.fr\/blog\/cyclisme-championnats-du-monde-2023-axel-laurance-champion-du-monde-espoirs\/#primaryimage","url":"https:\/\/dicodusport.fr\/blog\/wp-content\/uploads\/2023\/08\/Cyclisme-Championnats-du-monde-2023-Axel-Laurance-champion-du-monde-espoirs-1.png","contentUrl":"https:\/\/dicodusport.fr\/blog\/wp-content\/uploads\/2023\/08\/Cyclisme-Championnats-du-monde-2023-Axel-Laurance-champion-du-monde-espoirs-1.png","width":800,"height":445,"caption":"Cyclisme - Championnats du monde 2023 - Axel Laurance champion du monde espoirs - Photo Icon Sport"},{"@type":"BreadcrumbList","@id":"https:\/\/dicodusport.fr\/blog\/cyclisme-championnats-du-monde-2023-axel-laurance-champion-du-monde-espoirs\/#breadcrumb","itemListElement":[{"@type":"ListItem","position":1,"name":"Accueil","item":"https:\/\/dicodusport.fr\/blog\/"},{"@type":"ListItem","position":2,"name":"Cyclisme Championnats du monde 2023 : Axel Laurance champion du monde espoirs !"}]},{"@type":"WebSite","@id":"https:\/\/dicodusport.fr\/blog\/#website","url":"https:\/\/dicodusport.fr\/blog\/","name":"Dicodusport","description":"L&#039;encyclop\u00e9die de l&#039;actualit\u00e9 sportive","publisher":{"@id":"https:\/\/dicodusport.fr\/blog\/#organization"},"potentialAction":[{"@type":"SearchAction","target":{"@type":"EntryPoint","urlTemplate":"https:\/\/dicodusport.fr\/blog\/?s={search_term_string}"},"query-input":{"@type":"PropertyValueSpecification","valueRequired":true,"valueName":"search_term_string"}}],"inLanguage":"fr-FR"},{"@type":"NewsMediaOrganization","@id":"https:\/\/dicodusport.fr\/blog\/#organization","name":"Dicodusport","url":"https:\/\/dicodusport.fr\/blog\/","logo":{"@type":"ImageObject","inLanguage":"fr-FR","@id":"https:\/\/dicodusport.fr\/blog\/#\/schema\/logo\/image\/","url":"https:\/\/dicodusport.fr\/blog\/wp-content\/uploads\/2020\/06\/cropped-LOGO-DICODUSPORT-2020-SANS-FOND-SANS-TEXTE.png","contentUrl":"https:\/\/dicodusport.fr\/blog\/wp-content\/uploads\/2020\/06\/cropped-LOGO-DICODUSPORT-2020-SANS-FOND-SANS-TEXTE.png","width":512,"height":512,"caption":"Dicodusport"},"image":{"@id":"https:\/\/dicodusport.fr\/blog\/#\/schema\/logo\/image\/"},"sameAs":["https:\/\/www.facebook.com\/dicodusport","https:\/\/x.com\/dicodusport","https:\/\/www.instagram.com\/dicodusport\/","https:\/\/www.youtube.com\/channel\/UC7V2KZ5sd3htJivAbA4ZG3w"],"description":"Dicodusport est l'encyclop\u00e9die de l'actualit\u00e9 sportive.","email":"bonjour@dicodusport.fr","legalName":"DICODUSPORT","foundingDate":"2018-01-14","vatID":"FR71834470973","taxID":"83447097300043","numberOfEmployees":{"@type":"QuantitativeValue","minValue":"1","maxValue":"10"}},{"@type":"Person","@id":"https:\/\/dicodusport.fr\/blog\/#\/schema\/person\/6db4bae06b171592211be385b32876a7","name":"Emilien Descampiaux","image":{"@type":"ImageObject","inLanguage":"fr-FR","@id":"https:\/\/dicodusport.fr\/blog\/#\/schema\/person\/image\/","url":"https:\/\/dicodusport.fr\/blog\/wp-content\/uploads\/2021\/05\/Emilien-Descampiaux-150x150.jpg","contentUrl":"https:\/\/dicodusport.fr\/blog\/wp-content\/uploads\/2021\/05\/Emilien-Descampiaux-150x150.jpg","caption":"Emilien Descampiaux"},"description":"Journaliste\/r\u00e9dacteur depuis 2014 - Fan de la classe de Frank Vandenbroucke, je vis cyclisme (et de ses paysages) depuis plus de 20 ans. Je suis tr\u00e8s impliqu\u00e9 sur mes diff\u00e9rents r\u00e9seaux sociaux pour partager ma passion sur le monde et l'Histoire de la bicyclette avec ma voix sur les images en noir et blanc du succ\u00e8s de Rik Van Steenbergen lors du Ronde sur le V\u00e9lodrome de Gand.","sameAs":["https:\/\/www.facebook.com\/groups\/LesRoisDuPeloton","https:\/\/x.com\/https:\/\/twitter.com\/LRoisDuPeloton"],"url":"https:\/\/dicodusport.fr\/blog\/author\/emiliend\/"}]}},"_links":{"self":[{"href":"https:\/\/dicodusport.fr\/blog\/wp-json\/wp\/v2\/posts\/407984","targetHints":{"allow":["GET"]}}],"collection":[{"href":"https:\/\/dicodusport.fr\/blog\/wp-json\/wp\/v2\/posts"}],"about":[{"href":"https:\/\/dicodusport.fr\/blog\/wp-json\/wp\/v2\/types\/post"}],"author":[{"embeddable":true,"href":"https:\/\/dicodusport.fr\/blog\/wp-json\/wp\/v2\/users\/48"}],"replies":[{"embeddable":true,"href":"https:\/\/dicodusport.fr\/blog\/wp-json\/wp\/v2\/comments?post=407984"}],"version-history":[{"count":0,"href":"https:\/\/dicodusport.fr\/blog\/wp-json\/wp\/v2\/posts\/407984\/revisions"}],"wp:featuredmedia":[{"embeddable":true,"href":"https:\/\/dicodusport.fr\/blog\/wp-json\/wp\/v2\/media\/408019"}],"wp:attachment":[{"href":"https:\/\/dicodusport.fr\/blog\/wp-json\/wp\/v2\/media?parent=407984"}],"wp:term":[{"taxonomy":"category","embeddable":true,"href":"https:\/\/dicodusport.fr\/blog\/wp-json\/wp\/v2\/categories?post=407984"},{"taxonomy":"post_tag","embeddable":true,"href":"https:\/\/dicodusport.fr\/blog\/wp-json\/wp\/v2\/tags?post=407984"}],"curies":[{"name":"wp","href":"https:\/\/api.w.org\/{rel}","templated":true}]}}