{"id":408134,"date":"2023-08-13T10:27:38","date_gmt":"2023-08-13T08:27:38","guid":{"rendered":"https:\/\/dicodusport.fr\/blog\/?p=408134&#038;preview=true&#038;preview_id=408134"},"modified":"2023-08-13T22:30:28","modified_gmt":"2023-08-13T20:30:28","slug":"tour-du-limousin-2023-parcours-et-favoris","status":"publish","type":"post","link":"https:\/\/dicodusport.fr\/blog\/tour-du-limousin-2023-parcours-et-favoris\/","title":{"rendered":"Tour du Limousin 2023 : Parcours et favoris"},"content":{"rendered":"<p style=\"text-align: justify;\"><em><strong>TOUR DU LIMOUSIN 2023 \u2013 Le 56e Tour du Limousin 2023 se tiendra du mardi 15 au vendredi 18 ao\u00fbt 2023 avec 4 \u00e9tapes et 717,4 kilom\u00e8tres au programme. 18 \u00e9quipes seront au d\u00e9part, dont six WorldTour : AG2R Citro\u00ebn, Groupama-FDJ, Intermarch\u00e9-Circus-Wanty, Movistar Team, Ark\u00e9a-Samsic et Cofidis.<\/strong><\/em><em><strong>\u00a0Parcours et favoris.<\/strong><\/em><\/p>\n<h2 style=\"text-align: justify;\">Parcours du Tour du Limousin 2023<\/h2>\n<p style=\"text-align: justify;\">D&rsquo;abord, la premi\u00e8re \u00e9tape se d\u00e9roulera entre <strong>Rilhac-Rancon<\/strong> et <strong>B\u00e9n\u00e9vent l&rsquo;Abbaye<\/strong> sur 165.7 km sur les routes de la Creuse. Les 130 premiers kilom\u00e8tres seront plut\u00f4t plats avant 35 kilom\u00e8tres vallonn\u00e9s.<\/p>\n<p style=\"text-align: justify;\">Ensuite, la deuxi\u00e8me \u00e9tape empruntera les routes de la Dordogne en direction de <strong>Tr\u00e9lissac<\/strong> pour une explication entre les sprinteurs apr\u00e8s une journ\u00e9e de plaine.<\/p>\n<p style=\"text-align: justify;\">Puis, la troisi\u00e8me \u00e9tape traversera la Corr\u00e8ze pour une bataille pour le classement g\u00e9n\u00e9ral avec une arriv\u00e9e au sommet de la <strong>C\u00f4te du Puy de Brot<\/strong> (5,3 km \u00e0 6,1%). Les coureurs auront d\u00e9j\u00e0 rep\u00e9r\u00e9 les lieux puisqu&rsquo;ils auront franchi l&rsquo;ascension finale \u00e0 25 kilom\u00e8tres de l&rsquo;arriv\u00e9e.<\/p>\n<p style=\"text-align: justify;\">Enfin, la traditionnelle derni\u00e8re \u00e9tape rejoindra <strong>Limoges<\/strong> et son circuit avec une \u00e9tape casse-patte sur les routes de la Haute-Vienne sur une distance de 170,6 kilom\u00e8tres.<\/p>\n<div id=\"attachment_408160\" style=\"width: 750px\" class=\"wp-caption aligncenter\"><a href=\"https:\/\/dicodusport.fr\/blog\/wp-content\/uploads\/2023\/08\/Carte-du-parcours-du-Tour-du-Limousin-2023.jpg\"><img loading=\"lazy\" decoding=\"async\" aria-describedby=\"caption-attachment-408160\" class=\"size-large wp-image-408160\" src=\"https:\/\/dicodusport.fr\/blog\/wp-content\/uploads\/2023\/08\/Carte-du-parcours-du-Tour-du-Limousin-2023-1024x1000.jpg\" alt=\"Carte du parcours du Tour du Limousin 2023\" width=\"740\" height=\"723\" srcset=\"https:\/\/dicodusport.fr\/blog\/wp-content\/uploads\/2023\/08\/Carte-du-parcours-du-Tour-du-Limousin-2023-1024x1000.jpg 1024w, https:\/\/dicodusport.fr\/blog\/wp-content\/uploads\/2023\/08\/Carte-du-parcours-du-Tour-du-Limousin-2023-300x293.jpg 300w, https:\/\/dicodusport.fr\/blog\/wp-content\/uploads\/2023\/08\/Carte-du-parcours-du-Tour-du-Limousin-2023-768x750.jpg 768w, https:\/\/dicodusport.fr\/blog\/wp-content\/uploads\/2023\/08\/Carte-du-parcours-du-Tour-du-Limousin-2023.jpg 1536w\" sizes=\"auto, (max-width: 740px) 100vw, 740px\" \/><\/a><p id=\"caption-attachment-408160\" class=\"wp-caption-text\">Carte du parcours du Tour du Limousin 2023 &#8211; Via Tour du Limousin<\/p><\/div>\n<h2 style=\"text-align: justify;\">Les favoris du Tour du Limousin 2023<\/h2>\n<p style=\"text-align: justify;\"><strong>Michael Storer<\/strong> (Groupama FDJ)<\/p>\n<p style=\"text-align: justify;\"><strong>Jesus Herrada<\/strong> (Cofidis)<\/p>\n<p style=\"text-align: justify;\"><strong>Beno\u00eet Cosnefroy<\/strong> (AG2R Citro\u00ebn)<\/p>\n<p style=\"text-align: justify;\"><strong>Kevin Vauquelin<\/strong> (Arkea Samsic)<\/p>\n<p style=\"text-align: justify;\"><strong>Romain Gr\u00e9goire<\/strong> (Groupama FDJ)<\/p>\n<p style=\"text-align: justify;\"><strong>Gonzalo Serrano<\/strong> (Movistar)<\/p>\n<h2 style=\"text-align: justify;\">Palmar\u00e8s depuis 2013<\/h2>\n<p style=\"text-align: justify;\">2022 : ARANBURU Alex<\/p>\n<p style=\"text-align: justify;\">2021 : BARGUIL Warren<\/p>\n<p style=\"text-align: justify;\">2020 : WACKERMANN Luca<\/p>\n<p style=\"text-align: justify;\">2019 : COSNEFROY Beno\u00eet<\/p>\n<p style=\"text-align: justify;\">2018 : EDET Nicolas<\/p>\n<p style=\"text-align: justify;\">2017 : VUILLERMOZ Alexis<\/p>\n<p style=\"text-align: justify;\">2016 : ROSSKOPF Joey<\/p>\n<p style=\"text-align: justify;\">2015 : COLBRELLI Sonny<\/p>\n<p style=\"text-align: justify;\">2014 : FINETTO Mauro<\/p>\n<p style=\"text-align: justify;\">2013 : ELMIGER Martin<\/p>\n<h2 style=\"text-align: justify;\">\u00c0 lire aussi<\/h2>\n<ul>\n<li style=\"text-align: justify;\"><a href=\"https:\/\/dicodusport.fr\/blog\/tour-du-limousin-2023-les-engages\/\" target=\"_blank\" rel=\"noopener\"><strong>Les engag\u00e9s du Tour du Limousin 2023<\/strong><\/a><\/li>\n<li style=\"text-align: justify;\"><strong>\u00c0 quelle heure et sur quelle cha\u00eene suivre le Tour du Limousin (\u00e0 venir)<\/strong><\/li>\n<\/ul>\n","protected":false},"excerpt":{"rendered":"<p>TOUR DU LIMOUSIN 2023 \u2013 Le 56e Tour du Limousin 2023 se tiendra du mardi 15 au vendredi 18 ao\u00fbt 2023 avec 4 \u00e9tapes et 717,4 kilom\u00e8tres au programme. 18 \u00e9quipes seront au d\u00e9part, dont six WorldTour : AG2R Citro\u00ebn, Groupama-FDJ, Intermarch\u00e9-Circus-Wanty, Movistar Team, Ark\u00e9a-Samsic et Cofidis.\u00a0Parcours et favoris.<\/p>\n","protected":false},"author":48,"featured_media":408163,"comment_status":"open","ping_status":"closed","sticky":false,"template":"","format":"standard","meta":{"_acf_changed":false,"_daextam_enable_autolinks":"","footnotes":""},"categories":[46994],"tags":[16878],"class_list":["post-408134","post","type-post","status-publish","format-standard","has-post-thumbnail","hentry","category-cyclisme-sur-route","tag-breve"],"acf":[],"yoast_head":"<!-- This site is optimized with the Yoast SEO Premium plugin v26.7 (Yoast SEO v26.7) - https:\/\/yoast.com\/wordpress\/plugins\/seo\/ -->\n<title>Tour du Limousin 2023 : Parcours et favoris<\/title>\n<meta name=\"description\" content=\"TOUR DU LIMOUSIN 2023 \u2013 Le 56e Tour du Limousin 2023 se tiendra du mardi 15 au vendredi 18 ao\u00fbt 2023. Parcours et favoris.\" \/>\n<meta name=\"robots\" content=\"index, follow, max-snippet:-1, max-image-preview:large, max-video-preview:-1\" \/>\n<link rel=\"canonical\" href=\"https:\/\/dicodusport.fr\/blog\/tour-du-limousin-2023-parcours-et-favoris\/\" \/>\n<meta property=\"og:locale\" content=\"fr_FR\" \/>\n<meta property=\"og:type\" content=\"article\" \/>\n<meta property=\"og:title\" content=\"Tour du Limousin 2023 : Parcours et favoris\" \/>\n<meta property=\"og:description\" content=\"TOUR DU LIMOUSIN 2023 \u2013 Le 56e Tour du Limousin 2023 se tiendra du mardi 15 au vendredi 18 ao\u00fbt 2023. Parcours et favoris.\" \/>\n<meta property=\"og:url\" content=\"https:\/\/dicodusport.fr\/blog\/tour-du-limousin-2023-parcours-et-favoris\/\" \/>\n<meta property=\"og:site_name\" content=\"Dicodusport\" \/>\n<meta property=\"article:publisher\" content=\"https:\/\/www.facebook.com\/dicodusport\" \/>\n<meta property=\"article:author\" content=\"https:\/\/www.facebook.com\/groups\/LesRoisDuPeloton\" \/>\n<meta property=\"article:published_time\" content=\"2023-08-13T08:27:38+00:00\" \/>\n<meta property=\"article:modified_time\" content=\"2023-08-13T20:30:28+00:00\" \/>\n<meta property=\"og:image\" content=\"https:\/\/dicodusport.fr\/blog\/wp-content\/uploads\/2023\/08\/Tour-du-Limousin-2023-Parcours-et-favoris.png\" \/>\n\t<meta property=\"og:image:width\" content=\"800\" \/>\n\t<meta property=\"og:image:height\" content=\"445\" \/>\n\t<meta property=\"og:image:type\" content=\"image\/png\" \/>\n<meta name=\"author\" content=\"Emilien Descampiaux\" \/>\n<meta name=\"twitter:card\" content=\"summary_large_image\" \/>\n<meta name=\"twitter:title\" content=\"Tour du Limousin 2023 : Parcours et favoris\" \/>\n<meta name=\"twitter:creator\" content=\"@https:\/\/twitter.com\/LRoisDuPeloton\" \/>\n<meta name=\"twitter:site\" content=\"@dicodusport\" \/>\n<script type=\"application\/ld+json\" class=\"yoast-schema-graph\">{\"@context\":\"https:\/\/schema.org\",\"@graph\":[{\"@type\":\"NewsArticle\",\"@id\":\"https:\/\/dicodusport.fr\/blog\/tour-du-limousin-2023-parcours-et-favoris\/#article\",\"isPartOf\":{\"@id\":\"https:\/\/dicodusport.fr\/blog\/tour-du-limousin-2023-parcours-et-favoris\/\"},\"author\":{\"name\":\"Emilien Descampiaux\",\"@id\":\"https:\/\/dicodusport.fr\/blog\/#\/schema\/person\/6db4bae06b171592211be385b32876a7\"},\"headline\":\"Tour du Limousin 2023 : Parcours et favoris\",\"datePublished\":\"2023-08-13T08:27:38+00:00\",\"dateModified\":\"2023-08-13T20:30:28+00:00\",\"mainEntityOfPage\":{\"@id\":\"https:\/\/dicodusport.fr\/blog\/tour-du-limousin-2023-parcours-et-favoris\/\"},\"wordCount\":304,\"commentCount\":0,\"publisher\":{\"@id\":\"https:\/\/dicodusport.fr\/blog\/#organization\"},\"image\":{\"@id\":\"https:\/\/dicodusport.fr\/blog\/tour-du-limousin-2023-parcours-et-favoris\/#primaryimage\"},\"thumbnailUrl\":\"https:\/\/dicodusport.fr\/blog\/wp-content\/uploads\/2023\/08\/Tour-du-Limousin-2023-Parcours-et-favoris.png\",\"keywords\":[\"br\u00e8ve\"],\"articleSection\":[\"Cyclisme sur route\"],\"inLanguage\":\"fr-FR\",\"potentialAction\":[{\"@type\":\"CommentAction\",\"name\":\"Comment\",\"target\":[\"https:\/\/dicodusport.fr\/blog\/tour-du-limousin-2023-parcours-et-favoris\/#respond\"]}],\"copyrightYear\":\"2023\",\"copyrightHolder\":{\"@id\":\"https:\/\/dicodusport.fr\/blog\/#organization\"}},{\"@type\":\"WebPage\",\"@id\":\"https:\/\/dicodusport.fr\/blog\/tour-du-limousin-2023-parcours-et-favoris\/\",\"url\":\"https:\/\/dicodusport.fr\/blog\/tour-du-limousin-2023-parcours-et-favoris\/\",\"name\":\"Tour du Limousin 2023 : Parcours et favoris\",\"isPartOf\":{\"@id\":\"https:\/\/dicodusport.fr\/blog\/#website\"},\"primaryImageOfPage\":{\"@id\":\"https:\/\/dicodusport.fr\/blog\/tour-du-limousin-2023-parcours-et-favoris\/#primaryimage\"},\"image\":{\"@id\":\"https:\/\/dicodusport.fr\/blog\/tour-du-limousin-2023-parcours-et-favoris\/#primaryimage\"},\"thumbnailUrl\":\"https:\/\/dicodusport.fr\/blog\/wp-content\/uploads\/2023\/08\/Tour-du-Limousin-2023-Parcours-et-favoris.png\",\"datePublished\":\"2023-08-13T08:27:38+00:00\",\"dateModified\":\"2023-08-13T20:30:28+00:00\",\"description\":\"TOUR DU LIMOUSIN 2023 \u2013 Le 56e Tour du Limousin 2023 se tiendra du mardi 15 au vendredi 18 ao\u00fbt 2023. Parcours et favoris.\",\"breadcrumb\":{\"@id\":\"https:\/\/dicodusport.fr\/blog\/tour-du-limousin-2023-parcours-et-favoris\/#breadcrumb\"},\"inLanguage\":\"fr-FR\",\"potentialAction\":[{\"@type\":\"ReadAction\",\"target\":[\"https:\/\/dicodusport.fr\/blog\/tour-du-limousin-2023-parcours-et-favoris\/\"]}]},{\"@type\":\"ImageObject\",\"inLanguage\":\"fr-FR\",\"@id\":\"https:\/\/dicodusport.fr\/blog\/tour-du-limousin-2023-parcours-et-favoris\/#primaryimage\",\"url\":\"https:\/\/dicodusport.fr\/blog\/wp-content\/uploads\/2023\/08\/Tour-du-Limousin-2023-Parcours-et-favoris.png\",\"contentUrl\":\"https:\/\/dicodusport.fr\/blog\/wp-content\/uploads\/2023\/08\/Tour-du-Limousin-2023-Parcours-et-favoris.png\",\"width\":800,\"height\":445,\"caption\":\"Tour du Limousin 2023 Parcours et favoris\"},{\"@type\":\"BreadcrumbList\",\"@id\":\"https:\/\/dicodusport.fr\/blog\/tour-du-limousin-2023-parcours-et-favoris\/#breadcrumb\",\"itemListElement\":[{\"@type\":\"ListItem\",\"position\":1,\"name\":\"Accueil\",\"item\":\"https:\/\/dicodusport.fr\/blog\/\"},{\"@type\":\"ListItem\",\"position\":2,\"name\":\"Tour du Limousin 2023 : Parcours et favoris\"}]},{\"@type\":\"WebSite\",\"@id\":\"https:\/\/dicodusport.fr\/blog\/#website\",\"url\":\"https:\/\/dicodusport.fr\/blog\/\",\"name\":\"Dicodusport\",\"description\":\"L&#039;encyclop\u00e9die de l&#039;actualit\u00e9 sportive\",\"publisher\":{\"@id\":\"https:\/\/dicodusport.fr\/blog\/#organization\"},\"potentialAction\":[{\"@type\":\"SearchAction\",\"target\":{\"@type\":\"EntryPoint\",\"urlTemplate\":\"https:\/\/dicodusport.fr\/blog\/?s={search_term_string}\"},\"query-input\":{\"@type\":\"PropertyValueSpecification\",\"valueRequired\":true,\"valueName\":\"search_term_string\"}}],\"inLanguage\":\"fr-FR\"},{\"@type\":\"NewsMediaOrganization\",\"@id\":\"https:\/\/dicodusport.fr\/blog\/#organization\",\"name\":\"Dicodusport\",\"url\":\"https:\/\/dicodusport.fr\/blog\/\",\"logo\":{\"@type\":\"ImageObject\",\"inLanguage\":\"fr-FR\",\"@id\":\"https:\/\/dicodusport.fr\/blog\/#\/schema\/logo\/image\/\",\"url\":\"https:\/\/dicodusport.fr\/blog\/wp-content\/uploads\/2020\/06\/cropped-LOGO-DICODUSPORT-2020-SANS-FOND-SANS-TEXTE.png\",\"contentUrl\":\"https:\/\/dicodusport.fr\/blog\/wp-content\/uploads\/2020\/06\/cropped-LOGO-DICODUSPORT-2020-SANS-FOND-SANS-TEXTE.png\",\"width\":512,\"height\":512,\"caption\":\"Dicodusport\"},\"image\":{\"@id\":\"https:\/\/dicodusport.fr\/blog\/#\/schema\/logo\/image\/\"},\"sameAs\":[\"https:\/\/www.facebook.com\/dicodusport\",\"https:\/\/x.com\/dicodusport\",\"https:\/\/www.instagram.com\/dicodusport\/\",\"https:\/\/www.youtube.com\/channel\/UC7V2KZ5sd3htJivAbA4ZG3w\"],\"description\":\"Dicodusport est l'encyclop\u00e9die de l'actualit\u00e9 sportive.\",\"email\":\"bonjour@dicodusport.fr\",\"legalName\":\"DICODUSPORT\",\"foundingDate\":\"2018-01-14\",\"vatID\":\"FR71834470973\",\"taxID\":\"83447097300043\",\"numberOfEmployees\":{\"@type\":\"QuantitativeValue\",\"minValue\":\"1\",\"maxValue\":\"10\"}},{\"@type\":\"Person\",\"@id\":\"https:\/\/dicodusport.fr\/blog\/#\/schema\/person\/6db4bae06b171592211be385b32876a7\",\"name\":\"Emilien Descampiaux\",\"image\":{\"@type\":\"ImageObject\",\"inLanguage\":\"fr-FR\",\"@id\":\"https:\/\/dicodusport.fr\/blog\/#\/schema\/person\/image\/\",\"url\":\"https:\/\/dicodusport.fr\/blog\/wp-content\/uploads\/2021\/05\/Emilien-Descampiaux-150x150.jpg\",\"contentUrl\":\"https:\/\/dicodusport.fr\/blog\/wp-content\/uploads\/2021\/05\/Emilien-Descampiaux-150x150.jpg\",\"caption\":\"Emilien Descampiaux\"},\"description\":\"Journaliste\/r\u00e9dacteur depuis 2014 - Fan de la classe de Frank Vandenbroucke, je vis cyclisme (et de ses paysages) depuis plus de 20 ans. Je suis tr\u00e8s impliqu\u00e9 sur mes diff\u00e9rents r\u00e9seaux sociaux pour partager ma passion sur le monde et l'Histoire de la bicyclette avec ma voix sur les images en noir et blanc du succ\u00e8s de Rik Van Steenbergen lors du Ronde sur le V\u00e9lodrome de Gand.\",\"sameAs\":[\"https:\/\/www.facebook.com\/groups\/LesRoisDuPeloton\",\"https:\/\/x.com\/https:\/\/twitter.com\/LRoisDuPeloton\"],\"url\":\"https:\/\/dicodusport.fr\/blog\/author\/emiliend\/\"}]}<\/script>\n<!-- \/ Yoast SEO Premium plugin. -->","yoast_head_json":{"title":"Tour du Limousin 2023 : Parcours et favoris","description":"TOUR DU LIMOUSIN 2023 \u2013 Le 56e Tour du Limousin 2023 se tiendra du mardi 15 au vendredi 18 ao\u00fbt 2023. Parcours et favoris.","robots":{"index":"index","follow":"follow","max-snippet":"max-snippet:-1","max-image-preview":"max-image-preview:large","max-video-preview":"max-video-preview:-1"},"canonical":"https:\/\/dicodusport.fr\/blog\/tour-du-limousin-2023-parcours-et-favoris\/","og_locale":"fr_FR","og_type":"article","og_title":"Tour du Limousin 2023 : Parcours et favoris","og_description":"TOUR DU LIMOUSIN 2023 \u2013 Le 56e Tour du Limousin 2023 se tiendra du mardi 15 au vendredi 18 ao\u00fbt 2023. Parcours et favoris.","og_url":"https:\/\/dicodusport.fr\/blog\/tour-du-limousin-2023-parcours-et-favoris\/","og_site_name":"Dicodusport","article_publisher":"https:\/\/www.facebook.com\/dicodusport","article_author":"https:\/\/www.facebook.com\/groups\/LesRoisDuPeloton","article_published_time":"2023-08-13T08:27:38+00:00","article_modified_time":"2023-08-13T20:30:28+00:00","og_image":[{"width":800,"height":445,"url":"https:\/\/dicodusport.fr\/blog\/wp-content\/uploads\/2023\/08\/Tour-du-Limousin-2023-Parcours-et-favoris.png","type":"image\/png"}],"author":"Emilien Descampiaux","twitter_card":"summary_large_image","twitter_title":"Tour du Limousin 2023 : Parcours et favoris","twitter_creator":"@https:\/\/twitter.com\/LRoisDuPeloton","twitter_site":"@dicodusport","schema":{"@context":"https:\/\/schema.org","@graph":[{"@type":"NewsArticle","@id":"https:\/\/dicodusport.fr\/blog\/tour-du-limousin-2023-parcours-et-favoris\/#article","isPartOf":{"@id":"https:\/\/dicodusport.fr\/blog\/tour-du-limousin-2023-parcours-et-favoris\/"},"author":{"name":"Emilien Descampiaux","@id":"https:\/\/dicodusport.fr\/blog\/#\/schema\/person\/6db4bae06b171592211be385b32876a7"},"headline":"Tour du Limousin 2023 : Parcours et favoris","datePublished":"2023-08-13T08:27:38+00:00","dateModified":"2023-08-13T20:30:28+00:00","mainEntityOfPage":{"@id":"https:\/\/dicodusport.fr\/blog\/tour-du-limousin-2023-parcours-et-favoris\/"},"wordCount":304,"commentCount":0,"publisher":{"@id":"https:\/\/dicodusport.fr\/blog\/#organization"},"image":{"@id":"https:\/\/dicodusport.fr\/blog\/tour-du-limousin-2023-parcours-et-favoris\/#primaryimage"},"thumbnailUrl":"https:\/\/dicodusport.fr\/blog\/wp-content\/uploads\/2023\/08\/Tour-du-Limousin-2023-Parcours-et-favoris.png","keywords":["br\u00e8ve"],"articleSection":["Cyclisme sur route"],"inLanguage":"fr-FR","potentialAction":[{"@type":"CommentAction","name":"Comment","target":["https:\/\/dicodusport.fr\/blog\/tour-du-limousin-2023-parcours-et-favoris\/#respond"]}],"copyrightYear":"2023","copyrightHolder":{"@id":"https:\/\/dicodusport.fr\/blog\/#organization"}},{"@type":"WebPage","@id":"https:\/\/dicodusport.fr\/blog\/tour-du-limousin-2023-parcours-et-favoris\/","url":"https:\/\/dicodusport.fr\/blog\/tour-du-limousin-2023-parcours-et-favoris\/","name":"Tour du Limousin 2023 : Parcours et favoris","isPartOf":{"@id":"https:\/\/dicodusport.fr\/blog\/#website"},"primaryImageOfPage":{"@id":"https:\/\/dicodusport.fr\/blog\/tour-du-limousin-2023-parcours-et-favoris\/#primaryimage"},"image":{"@id":"https:\/\/dicodusport.fr\/blog\/tour-du-limousin-2023-parcours-et-favoris\/#primaryimage"},"thumbnailUrl":"https:\/\/dicodusport.fr\/blog\/wp-content\/uploads\/2023\/08\/Tour-du-Limousin-2023-Parcours-et-favoris.png","datePublished":"2023-08-13T08:27:38+00:00","dateModified":"2023-08-13T20:30:28+00:00","description":"TOUR DU LIMOUSIN 2023 \u2013 Le 56e Tour du Limousin 2023 se tiendra du mardi 15 au vendredi 18 ao\u00fbt 2023. Parcours et favoris.","breadcrumb":{"@id":"https:\/\/dicodusport.fr\/blog\/tour-du-limousin-2023-parcours-et-favoris\/#breadcrumb"},"inLanguage":"fr-FR","potentialAction":[{"@type":"ReadAction","target":["https:\/\/dicodusport.fr\/blog\/tour-du-limousin-2023-parcours-et-favoris\/"]}]},{"@type":"ImageObject","inLanguage":"fr-FR","@id":"https:\/\/dicodusport.fr\/blog\/tour-du-limousin-2023-parcours-et-favoris\/#primaryimage","url":"https:\/\/dicodusport.fr\/blog\/wp-content\/uploads\/2023\/08\/Tour-du-Limousin-2023-Parcours-et-favoris.png","contentUrl":"https:\/\/dicodusport.fr\/blog\/wp-content\/uploads\/2023\/08\/Tour-du-Limousin-2023-Parcours-et-favoris.png","width":800,"height":445,"caption":"Tour du Limousin 2023 Parcours et favoris"},{"@type":"BreadcrumbList","@id":"https:\/\/dicodusport.fr\/blog\/tour-du-limousin-2023-parcours-et-favoris\/#breadcrumb","itemListElement":[{"@type":"ListItem","position":1,"name":"Accueil","item":"https:\/\/dicodusport.fr\/blog\/"},{"@type":"ListItem","position":2,"name":"Tour du Limousin 2023 : Parcours et favoris"}]},{"@type":"WebSite","@id":"https:\/\/dicodusport.fr\/blog\/#website","url":"https:\/\/dicodusport.fr\/blog\/","name":"Dicodusport","description":"L&#039;encyclop\u00e9die de l&#039;actualit\u00e9 sportive","publisher":{"@id":"https:\/\/dicodusport.fr\/blog\/#organization"},"potentialAction":[{"@type":"SearchAction","target":{"@type":"EntryPoint","urlTemplate":"https:\/\/dicodusport.fr\/blog\/?s={search_term_string}"},"query-input":{"@type":"PropertyValueSpecification","valueRequired":true,"valueName":"search_term_string"}}],"inLanguage":"fr-FR"},{"@type":"NewsMediaOrganization","@id":"https:\/\/dicodusport.fr\/blog\/#organization","name":"Dicodusport","url":"https:\/\/dicodusport.fr\/blog\/","logo":{"@type":"ImageObject","inLanguage":"fr-FR","@id":"https:\/\/dicodusport.fr\/blog\/#\/schema\/logo\/image\/","url":"https:\/\/dicodusport.fr\/blog\/wp-content\/uploads\/2020\/06\/cropped-LOGO-DICODUSPORT-2020-SANS-FOND-SANS-TEXTE.png","contentUrl":"https:\/\/dicodusport.fr\/blog\/wp-content\/uploads\/2020\/06\/cropped-LOGO-DICODUSPORT-2020-SANS-FOND-SANS-TEXTE.png","width":512,"height":512,"caption":"Dicodusport"},"image":{"@id":"https:\/\/dicodusport.fr\/blog\/#\/schema\/logo\/image\/"},"sameAs":["https:\/\/www.facebook.com\/dicodusport","https:\/\/x.com\/dicodusport","https:\/\/www.instagram.com\/dicodusport\/","https:\/\/www.youtube.com\/channel\/UC7V2KZ5sd3htJivAbA4ZG3w"],"description":"Dicodusport est l'encyclop\u00e9die de l'actualit\u00e9 sportive.","email":"bonjour@dicodusport.fr","legalName":"DICODUSPORT","foundingDate":"2018-01-14","vatID":"FR71834470973","taxID":"83447097300043","numberOfEmployees":{"@type":"QuantitativeValue","minValue":"1","maxValue":"10"}},{"@type":"Person","@id":"https:\/\/dicodusport.fr\/blog\/#\/schema\/person\/6db4bae06b171592211be385b32876a7","name":"Emilien Descampiaux","image":{"@type":"ImageObject","inLanguage":"fr-FR","@id":"https:\/\/dicodusport.fr\/blog\/#\/schema\/person\/image\/","url":"https:\/\/dicodusport.fr\/blog\/wp-content\/uploads\/2021\/05\/Emilien-Descampiaux-150x150.jpg","contentUrl":"https:\/\/dicodusport.fr\/blog\/wp-content\/uploads\/2021\/05\/Emilien-Descampiaux-150x150.jpg","caption":"Emilien Descampiaux"},"description":"Journaliste\/r\u00e9dacteur depuis 2014 - Fan de la classe de Frank Vandenbroucke, je vis cyclisme (et de ses paysages) depuis plus de 20 ans. Je suis tr\u00e8s impliqu\u00e9 sur mes diff\u00e9rents r\u00e9seaux sociaux pour partager ma passion sur le monde et l'Histoire de la bicyclette avec ma voix sur les images en noir et blanc du succ\u00e8s de Rik Van Steenbergen lors du Ronde sur le V\u00e9lodrome de Gand.","sameAs":["https:\/\/www.facebook.com\/groups\/LesRoisDuPeloton","https:\/\/x.com\/https:\/\/twitter.com\/LRoisDuPeloton"],"url":"https:\/\/dicodusport.fr\/blog\/author\/emiliend\/"}]}},"_links":{"self":[{"href":"https:\/\/dicodusport.fr\/blog\/wp-json\/wp\/v2\/posts\/408134","targetHints":{"allow":["GET"]}}],"collection":[{"href":"https:\/\/dicodusport.fr\/blog\/wp-json\/wp\/v2\/posts"}],"about":[{"href":"https:\/\/dicodusport.fr\/blog\/wp-json\/wp\/v2\/types\/post"}],"author":[{"embeddable":true,"href":"https:\/\/dicodusport.fr\/blog\/wp-json\/wp\/v2\/users\/48"}],"replies":[{"embeddable":true,"href":"https:\/\/dicodusport.fr\/blog\/wp-json\/wp\/v2\/comments?post=408134"}],"version-history":[{"count":0,"href":"https:\/\/dicodusport.fr\/blog\/wp-json\/wp\/v2\/posts\/408134\/revisions"}],"wp:featuredmedia":[{"embeddable":true,"href":"https:\/\/dicodusport.fr\/blog\/wp-json\/wp\/v2\/media\/408163"}],"wp:attachment":[{"href":"https:\/\/dicodusport.fr\/blog\/wp-json\/wp\/v2\/media?parent=408134"}],"wp:term":[{"taxonomy":"category","embeddable":true,"href":"https:\/\/dicodusport.fr\/blog\/wp-json\/wp\/v2\/categories?post=408134"},{"taxonomy":"post_tag","embeddable":true,"href":"https:\/\/dicodusport.fr\/blog\/wp-json\/wp\/v2\/tags?post=408134"}],"curies":[{"name":"wp","href":"https:\/\/api.w.org\/{rel}","templated":true}]}}