{"id":40838,"date":"2019-06-06T11:52:29","date_gmt":"2019-06-06T09:52:29","guid":{"rendered":"http:\/\/dicodusport.fr\/blog\/?p=40838"},"modified":"2019-06-06T11:59:04","modified_gmt":"2019-06-06T09:59:04","slug":"roland-garros-2019-les-francaises-au-programme-ce-jeudi","status":"publish","type":"post","link":"https:\/\/dicodusport.fr\/blog\/roland-garros-2019-les-francaises-au-programme-ce-jeudi\/","title":{"rendered":"Roland-Garros 2019 : les Fran\u00e7ais(e)s au programme ce jeudi"},"content":{"rendered":"<p style=\"text-align: justify;\"><strong><a style=\"font-style: italic;\" href=\"https:\/\/www.rolandgarros.com\/fr-fr\/order-of-play\" target=\"_blank\" rel=\"noopener\">Roland-Garros<\/a><i>&#8211; Douzi\u00e8me journ\u00e9e \u00e0 la Porte d&rsquo;Auteuil. Avec la pluie hier, toutes les rencontres devraient se poursuivre ou commencer aujourd&rsquo;hui. En double ou dans le tableau junior, des Bleu(e)s sont encore bien pr\u00e9sents ! 11 Tricolores sont sur les courts\u00a0<\/i><\/strong><b><i>aujourd&rsquo;hui.<\/i><\/b><\/p>\n<h1 style=\"text-align: justify;\"><a href=\"https:\/\/www.rolandgarros.com\/fr-fr\/results\/DM\/5\">Tableau double hommes<\/a><\/h1>\n<h2 style=\"text-align: justify;\">Demi-finale<\/h2>\n<p style=\"text-align: justify;\"><strong>16h30 &#8211; Court Philippe-Chatrier :\u00a0<\/strong>&#x1f1eb;&#x1f1f7; F. Martin\/J. Chardy\u00a0&#x1f1eb;&#x1f1f7; &#8211;\u00a0&#x1f1e8;&#x1f1f4; R. Farah\/J.S. Cabal\u00a0&#x1f1e8;&#x1f1f4; (3)<\/p>\n<h1 style=\"text-align: justify;\"><a href=\"https:\/\/www.rolandgarros.com\/fr-fr\/results\/SF\/1\">Tableau juniors f\u00e9minin<\/a><\/h1>\n<h2 style=\"text-align: justify;\">8\u00e8mes de finale<\/h2>\n<p style=\"text-align: justify;\"><strong>10h30 &#8211; Court N\u00b014 : <\/strong>&#x1f1eb;&#x1f1f7; E. Jacquemot &#8211; T. Pachkaleva\u00a0&#x1f1f7;&#x1f1fa;<\/p>\n<h1 style=\"text-align: justify;\"><a href=\"https:\/\/www.rolandgarros.com\/fr-fr\/results\/SG\/1\">Tableau juniors masculins<\/a><\/h1>\n<h2 style=\"text-align: justify;\">8\u00e8mes de finale<\/h2>\n<p style=\"text-align: justify;\"><strong>Reprise &#8211; Court N\u00b08 :<\/strong>\u00a0&#x1f1eb;&#x1f1f7; A. Cazaux &#8211; H.V.N Rune\u00a0&#x1f1f3;&#x1f1f4; (7) (4-6\/0-2)<\/p>\n<h1 style=\"text-align: justify;\"><a href=\"https:\/\/www.rolandgarros.com\/fr-fr\/results\/DF\/1\">Double femme juniors<\/a><\/h1>\n<h2 style=\"text-align: justify;\">8\u00e8mes de finale<\/h2>\n<p style=\"text-align: justify;\"><strong>14h20 &#8211; Court N\u00b013 :<\/strong>\u00a0&#x1f1f7;&#x1f1fa; A. Tikhonova\/A. Charaeva\u00a0&#x1f1f7;&#x1f1fa; (4) &#8211; &#x1f1eb;&#x1f1f7; G. Morlet\/L. Kostenko\u00a0&#x1f1fa;&#x1f1e6;<\/p>\n<p style=\"text-align: justify;\"><strong>14h10 &#8211; Court N\u00b011 :<\/strong>\u00a0 &#x1f1eb;&#x1f1f7; D. Parry\/N. Kawaguchi\u00a0&#x1f1ef;&#x1f1f5; (1) &#8211;\u00a0&#x1f1ee;&#x1f1f9; M. Delai\/N. Mintegi del Olmo\u00a0&#x1f1ea;&#x1f1f8;<\/p>\n<h1 style=\"text-align: justify;\"><a href=\"https:\/\/www.rolandgarros.com\/fr-fr\/results\/DG\/1\">Double homme juniors<\/a><\/h1>\n<h2 style=\"text-align: justify;\">8\u00e8mes de finale<\/h2>\n<p style=\"text-align: justify;\"><strong>12h15 &#8211; Court N\u00b012 :\u00a0<\/strong>&#x1f1eb;&#x1f1f7;\u00a0L. Pourroy\/B. Anselmo &#x1f1eb;&#x1f1f7;\u00a0&#8211;\u00a0&#x1f1fa;&#x1f1e6; E. Vanshelboim\/A. Paulson\u00a0&#x1f1e8;&#x1f1ff;<\/p>\n<h1 style=\"text-align: justify;\"><a href=\"https:\/\/www.rolandgarros.com\/fr-fr\/results\/HM\/1\" target=\"_blank\" rel=\"noopener\">Tennis-fauteuil simples hommes<\/a><\/h1>\n<h2 style=\"text-align: justify;\">Quarts de finale<\/h2>\n<p style=\"text-align: justify;\"><strong>11h00 &#8211; Court N\u00b07 :\u00a0<\/strong><img loading=\"lazy\" decoding=\"async\" class=\"irc_mi\" src=\"https:\/\/upload.wikimedia.org\/wikipedia\/commons\/a\/ae\/Flag_of_the_United_Kingdom.svg\" alt=\"R\u00e9sultat de recherche d'images pour &quot;drapeau grande bretagne&quot;\" width=\"22\" height=\"11\" data-iml=\"1559813178535\" \/> A. Hewett &#8211; S. Houdet &#x1f1eb;&#x1f1f7;<\/p>\n<p style=\"text-align: justify;\"><strong>13h00 &#8211; Court N\u00b07 : <\/strong>&#x1f1ef;&#x1f1f5; S. Kunieda (1) &#8211; N. Peifer &#x1f1eb;&#x1f1f7; (WC)<\/p>\n<p>&nbsp;<\/p>\n<h1 style=\"text-align: justify;\"><a href=\"https:\/\/www.rolandgarros.com\/fr-fr\/results\/HD\/1\" target=\"_blank\" rel=\"noopener\">Tennis fauteuil simples femmes<\/a><\/h1>\n<p style=\"text-align: justify;\"><strong>12h00 &#8211; Court N\u00b07 : <\/strong>&#x1f1eb;&#x1f1f7; C. Famin (WC) &#8211; M. Buis &#x1f1f3;&#x1f1f1;<\/p>\n<p><em><strong>Romain Delanis<br \/>\n<\/strong><\/em><em><strong><a href=\"https:\/\/twitter.com\/RDelanis\" target=\"_blank\" rel=\"noopener noreferrer\"><img loading=\"lazy\" decoding=\"async\" class=\"alignnone wp-image-2908\" src=\"http:\/\/dicodusport.fr\/blog\/wp-content\/uploads\/2017\/07\/logo-twitter-150x150.png\" alt=\"\" width=\"39\" height=\"39\" \/><\/a><\/strong><\/em><\/p>\n","protected":false},"excerpt":{"rendered":"<p>En double ou dans le tableau junior \u00e0 Roland-Garros, des Tricolores sont encore bien pr\u00e9sents ce jeudi sur la terre battue parisienne !<\/p>\n","protected":false},"author":14,"featured_media":40851,"comment_status":"open","ping_status":"closed","sticky":false,"template":"","format":"standard","meta":{"_acf_changed":false,"_daextam_enable_autolinks":"","footnotes":""},"categories":[2,2365,2302],"tags":[8037,4936,7941,3773],"class_list":["post-40838","post","type-post","status-publish","format-standard","has-post-thumbnail","hentry","category-actualites","category-sports-de-raquette","category-tennis","tag-arthur-cazaux","tag-diane-parry","tag-elsa-jacquemot","tag-jeremy-chardy"],"acf":[],"yoast_head":"<!-- This site is optimized with the Yoast SEO Premium plugin v26.7 (Yoast SEO v26.7) - https:\/\/yoast.com\/wordpress\/plugins\/seo\/ -->\n<title>Roland-Garros 2019 : les Fran\u00e7ais(e)s au programme ce jeudi<\/title>\n<meta name=\"description\" content=\"En double ou dans le tableau junior \u00e0 Roland-Garros, des Tricolores sont encore bien pr\u00e9sents ce jeudi sur la terre battue parisienne !\" \/>\n<meta name=\"robots\" content=\"index, follow, max-snippet:-1, max-image-preview:large, max-video-preview:-1\" \/>\n<link rel=\"canonical\" href=\"https:\/\/dicodusport.fr\/blog\/roland-garros-2019-les-francaises-au-programme-ce-jeudi\/\" \/>\n<meta property=\"og:locale\" content=\"fr_FR\" \/>\n<meta property=\"og:type\" content=\"article\" \/>\n<meta property=\"og:title\" content=\"Roland-Garros 2019 : les Fran\u00e7ais(e)s au programme ce jeudi\" \/>\n<meta property=\"og:description\" content=\"En double ou dans le tableau junior \u00e0 Roland-Garros, des Tricolores sont encore bien pr\u00e9sents ce jeudi sur la terre battue parisienne !\" \/>\n<meta property=\"og:url\" content=\"https:\/\/dicodusport.fr\/blog\/roland-garros-2019-les-francaises-au-programme-ce-jeudi\/\" \/>\n<meta property=\"og:site_name\" content=\"Dicodusport\" \/>\n<meta property=\"article:publisher\" content=\"https:\/\/www.facebook.com\/dicodusport\" \/>\n<meta property=\"article:published_time\" content=\"2019-06-06T09:52:29+00:00\" \/>\n<meta property=\"article:modified_time\" content=\"2019-06-06T09:59:04+00:00\" \/>\n<meta property=\"og:image\" content=\"https:\/\/dicodusport.fr\/blog\/wp-content\/uploads\/2019\/06\/Fran\u00e7ais-Roland-Garros-6-juin.png\" \/>\n\t<meta property=\"og:image:width\" content=\"800\" \/>\n\t<meta property=\"og:image:height\" content=\"445\" \/>\n\t<meta property=\"og:image:type\" content=\"image\/png\" \/>\n<meta name=\"author\" content=\"Romain Delanis\" \/>\n<meta name=\"twitter:card\" content=\"summary_large_image\" \/>\n<meta name=\"twitter:title\" content=\"Roland-Garros 2019 : les Fran\u00e7ais(e)s au programme ce jeudi\" \/>\n<meta name=\"twitter:creator\" content=\"@https:\/\/twitter.com\/RDelanis\" \/>\n<meta name=\"twitter:site\" content=\"@dicodusport\" \/>\n<script type=\"application\/ld+json\" class=\"yoast-schema-graph\">{\"@context\":\"https:\/\/schema.org\",\"@graph\":[{\"@type\":\"NewsArticle\",\"@id\":\"https:\/\/dicodusport.fr\/blog\/roland-garros-2019-les-francaises-au-programme-ce-jeudi\/#article\",\"isPartOf\":{\"@id\":\"https:\/\/dicodusport.fr\/blog\/roland-garros-2019-les-francaises-au-programme-ce-jeudi\/\"},\"author\":{\"name\":\"Romain Delanis\",\"@id\":\"https:\/\/dicodusport.fr\/blog\/#\/schema\/person\/8c78730a59f8a1e617f7a19026ebc14a\"},\"headline\":\"Roland-Garros 2019 : les Fran\u00e7ais(e)s au programme ce jeudi\",\"datePublished\":\"2019-06-06T09:52:29+00:00\",\"dateModified\":\"2019-06-06T09:59:04+00:00\",\"mainEntityOfPage\":{\"@id\":\"https:\/\/dicodusport.fr\/blog\/roland-garros-2019-les-francaises-au-programme-ce-jeudi\/\"},\"wordCount\":355,\"commentCount\":0,\"publisher\":{\"@id\":\"https:\/\/dicodusport.fr\/blog\/#organization\"},\"image\":{\"@id\":\"https:\/\/dicodusport.fr\/blog\/roland-garros-2019-les-francaises-au-programme-ce-jeudi\/#primaryimage\"},\"thumbnailUrl\":\"https:\/\/dicodusport.fr\/blog\/wp-content\/uploads\/2019\/06\/Fran\u00e7ais-Roland-Garros-6-juin.png\",\"keywords\":[\"Arthur Cazaux\",\"Diane Parry\",\"Elsa Jacquemot\",\"J\u00e9r\u00e9my Chardy\"],\"articleSection\":[\"Actualit\u00e9s\",\"Sports de raquette\",\"Tennis\"],\"inLanguage\":\"fr-FR\",\"potentialAction\":[{\"@type\":\"CommentAction\",\"name\":\"Comment\",\"target\":[\"https:\/\/dicodusport.fr\/blog\/roland-garros-2019-les-francaises-au-programme-ce-jeudi\/#respond\"]}],\"copyrightYear\":\"2019\",\"copyrightHolder\":{\"@id\":\"https:\/\/dicodusport.fr\/blog\/#organization\"}},{\"@type\":\"WebPage\",\"@id\":\"https:\/\/dicodusport.fr\/blog\/roland-garros-2019-les-francaises-au-programme-ce-jeudi\/\",\"url\":\"https:\/\/dicodusport.fr\/blog\/roland-garros-2019-les-francaises-au-programme-ce-jeudi\/\",\"name\":\"Roland-Garros 2019 : les Fran\u00e7ais(e)s au programme ce jeudi\",\"isPartOf\":{\"@id\":\"https:\/\/dicodusport.fr\/blog\/#website\"},\"primaryImageOfPage\":{\"@id\":\"https:\/\/dicodusport.fr\/blog\/roland-garros-2019-les-francaises-au-programme-ce-jeudi\/#primaryimage\"},\"image\":{\"@id\":\"https:\/\/dicodusport.fr\/blog\/roland-garros-2019-les-francaises-au-programme-ce-jeudi\/#primaryimage\"},\"thumbnailUrl\":\"https:\/\/dicodusport.fr\/blog\/wp-content\/uploads\/2019\/06\/Fran\u00e7ais-Roland-Garros-6-juin.png\",\"datePublished\":\"2019-06-06T09:52:29+00:00\",\"dateModified\":\"2019-06-06T09:59:04+00:00\",\"description\":\"En double ou dans le tableau junior \u00e0 Roland-Garros, des Tricolores sont encore bien pr\u00e9sents ce jeudi sur la terre battue parisienne !\",\"breadcrumb\":{\"@id\":\"https:\/\/dicodusport.fr\/blog\/roland-garros-2019-les-francaises-au-programme-ce-jeudi\/#breadcrumb\"},\"inLanguage\":\"fr-FR\",\"potentialAction\":[{\"@type\":\"ReadAction\",\"target\":[\"https:\/\/dicodusport.fr\/blog\/roland-garros-2019-les-francaises-au-programme-ce-jeudi\/\"]}]},{\"@type\":\"ImageObject\",\"inLanguage\":\"fr-FR\",\"@id\":\"https:\/\/dicodusport.fr\/blog\/roland-garros-2019-les-francaises-au-programme-ce-jeudi\/#primaryimage\",\"url\":\"https:\/\/dicodusport.fr\/blog\/wp-content\/uploads\/2019\/06\/Fran\u00e7ais-Roland-Garros-6-juin.png\",\"contentUrl\":\"https:\/\/dicodusport.fr\/blog\/wp-content\/uploads\/2019\/06\/Fran\u00e7ais-Roland-Garros-6-juin.png\",\"width\":800,\"height\":445},{\"@type\":\"BreadcrumbList\",\"@id\":\"https:\/\/dicodusport.fr\/blog\/roland-garros-2019-les-francaises-au-programme-ce-jeudi\/#breadcrumb\",\"itemListElement\":[{\"@type\":\"ListItem\",\"position\":1,\"name\":\"Accueil\",\"item\":\"https:\/\/dicodusport.fr\/blog\/\"},{\"@type\":\"ListItem\",\"position\":2,\"name\":\"Roland-Garros 2019 : les Fran\u00e7ais(e)s au programme ce jeudi\"}]},{\"@type\":\"WebSite\",\"@id\":\"https:\/\/dicodusport.fr\/blog\/#website\",\"url\":\"https:\/\/dicodusport.fr\/blog\/\",\"name\":\"Dicodusport\",\"description\":\"L&#039;encyclop\u00e9die de l&#039;actualit\u00e9 sportive\",\"publisher\":{\"@id\":\"https:\/\/dicodusport.fr\/blog\/#organization\"},\"potentialAction\":[{\"@type\":\"SearchAction\",\"target\":{\"@type\":\"EntryPoint\",\"urlTemplate\":\"https:\/\/dicodusport.fr\/blog\/?s={search_term_string}\"},\"query-input\":{\"@type\":\"PropertyValueSpecification\",\"valueRequired\":true,\"valueName\":\"search_term_string\"}}],\"inLanguage\":\"fr-FR\"},{\"@type\":\"NewsMediaOrganization\",\"@id\":\"https:\/\/dicodusport.fr\/blog\/#organization\",\"name\":\"Dicodusport\",\"url\":\"https:\/\/dicodusport.fr\/blog\/\",\"logo\":{\"@type\":\"ImageObject\",\"inLanguage\":\"fr-FR\",\"@id\":\"https:\/\/dicodusport.fr\/blog\/#\/schema\/logo\/image\/\",\"url\":\"https:\/\/dicodusport.fr\/blog\/wp-content\/uploads\/2020\/06\/cropped-LOGO-DICODUSPORT-2020-SANS-FOND-SANS-TEXTE.png\",\"contentUrl\":\"https:\/\/dicodusport.fr\/blog\/wp-content\/uploads\/2020\/06\/cropped-LOGO-DICODUSPORT-2020-SANS-FOND-SANS-TEXTE.png\",\"width\":512,\"height\":512,\"caption\":\"Dicodusport\"},\"image\":{\"@id\":\"https:\/\/dicodusport.fr\/blog\/#\/schema\/logo\/image\/\"},\"sameAs\":[\"https:\/\/www.facebook.com\/dicodusport\",\"https:\/\/x.com\/dicodusport\",\"https:\/\/www.instagram.com\/dicodusport\/\",\"https:\/\/www.youtube.com\/channel\/UC7V2KZ5sd3htJivAbA4ZG3w\"],\"description\":\"Dicodusport est l'encyclop\u00e9die de l'actualit\u00e9 sportive.\",\"email\":\"bonjour@dicodusport.fr\",\"legalName\":\"DICODUSPORT\",\"foundingDate\":\"2018-01-14\",\"vatID\":\"FR71834470973\",\"taxID\":\"83447097300043\",\"numberOfEmployees\":{\"@type\":\"QuantitativeValue\",\"minValue\":\"1\",\"maxValue\":\"10\"}},{\"@type\":\"Person\",\"@id\":\"https:\/\/dicodusport.fr\/blog\/#\/schema\/person\/8c78730a59f8a1e617f7a19026ebc14a\",\"name\":\"Romain Delanis\",\"image\":{\"@type\":\"ImageObject\",\"inLanguage\":\"fr-FR\",\"@id\":\"https:\/\/dicodusport.fr\/blog\/#\/schema\/person\/image\/\",\"url\":\"https:\/\/dicodusport.fr\/blog\/wp-content\/uploads\/2021\/05\/Romain-Delanis-150x150.jpg\",\"contentUrl\":\"https:\/\/dicodusport.fr\/blog\/wp-content\/uploads\/2021\/05\/Romain-Delanis-150x150.jpg\",\"caption\":\"Romain Delanis\"},\"description\":\"Journaliste\/R\u00e9dacteur depuis novembre 2015 - Capable de passer un samedi apr\u00e8s-midi devant la Ligue 2 puis le biathlon sans oublier la finale de l\u2019ATP Rotterdam, j\u2019aime aussi mettre mon r\u00e9veil pour me faire un Pistons\/Bulls qui rappelle de bons souvenirs. Tout cela, j\u2019ai choisi il y a maintenant quelques temps de vous le raconter avec Dicodusport, pour vous faire vivre ma passion parfois inconsid\u00e9r\u00e9e pour le sport en g\u00e9n\u00e9ral (mais surtout le foot faut se l\u2019avouer).\",\"sameAs\":[\"https:\/\/x.com\/https:\/\/twitter.com\/RDelanis\"],\"url\":\"https:\/\/dicodusport.fr\/blog\/author\/romain\/\"}]}<\/script>\n<!-- \/ Yoast SEO Premium plugin. -->","yoast_head_json":{"title":"Roland-Garros 2019 : les Fran\u00e7ais(e)s au programme ce jeudi","description":"En double ou dans le tableau junior \u00e0 Roland-Garros, des Tricolores sont encore bien pr\u00e9sents ce jeudi sur la terre battue parisienne !","robots":{"index":"index","follow":"follow","max-snippet":"max-snippet:-1","max-image-preview":"max-image-preview:large","max-video-preview":"max-video-preview:-1"},"canonical":"https:\/\/dicodusport.fr\/blog\/roland-garros-2019-les-francaises-au-programme-ce-jeudi\/","og_locale":"fr_FR","og_type":"article","og_title":"Roland-Garros 2019 : les Fran\u00e7ais(e)s au programme ce jeudi","og_description":"En double ou dans le tableau junior \u00e0 Roland-Garros, des Tricolores sont encore bien pr\u00e9sents ce jeudi sur la terre battue parisienne !","og_url":"https:\/\/dicodusport.fr\/blog\/roland-garros-2019-les-francaises-au-programme-ce-jeudi\/","og_site_name":"Dicodusport","article_publisher":"https:\/\/www.facebook.com\/dicodusport","article_published_time":"2019-06-06T09:52:29+00:00","article_modified_time":"2019-06-06T09:59:04+00:00","og_image":[{"width":800,"height":445,"url":"https:\/\/dicodusport.fr\/blog\/wp-content\/uploads\/2019\/06\/Fran\u00e7ais-Roland-Garros-6-juin.png","type":"image\/png"}],"author":"Romain Delanis","twitter_card":"summary_large_image","twitter_title":"Roland-Garros 2019 : les Fran\u00e7ais(e)s au programme ce jeudi","twitter_creator":"@https:\/\/twitter.com\/RDelanis","twitter_site":"@dicodusport","schema":{"@context":"https:\/\/schema.org","@graph":[{"@type":"NewsArticle","@id":"https:\/\/dicodusport.fr\/blog\/roland-garros-2019-les-francaises-au-programme-ce-jeudi\/#article","isPartOf":{"@id":"https:\/\/dicodusport.fr\/blog\/roland-garros-2019-les-francaises-au-programme-ce-jeudi\/"},"author":{"name":"Romain Delanis","@id":"https:\/\/dicodusport.fr\/blog\/#\/schema\/person\/8c78730a59f8a1e617f7a19026ebc14a"},"headline":"Roland-Garros 2019 : les Fran\u00e7ais(e)s au programme ce jeudi","datePublished":"2019-06-06T09:52:29+00:00","dateModified":"2019-06-06T09:59:04+00:00","mainEntityOfPage":{"@id":"https:\/\/dicodusport.fr\/blog\/roland-garros-2019-les-francaises-au-programme-ce-jeudi\/"},"wordCount":355,"commentCount":0,"publisher":{"@id":"https:\/\/dicodusport.fr\/blog\/#organization"},"image":{"@id":"https:\/\/dicodusport.fr\/blog\/roland-garros-2019-les-francaises-au-programme-ce-jeudi\/#primaryimage"},"thumbnailUrl":"https:\/\/dicodusport.fr\/blog\/wp-content\/uploads\/2019\/06\/Fran\u00e7ais-Roland-Garros-6-juin.png","keywords":["Arthur Cazaux","Diane Parry","Elsa Jacquemot","J\u00e9r\u00e9my Chardy"],"articleSection":["Actualit\u00e9s","Sports de raquette","Tennis"],"inLanguage":"fr-FR","potentialAction":[{"@type":"CommentAction","name":"Comment","target":["https:\/\/dicodusport.fr\/blog\/roland-garros-2019-les-francaises-au-programme-ce-jeudi\/#respond"]}],"copyrightYear":"2019","copyrightHolder":{"@id":"https:\/\/dicodusport.fr\/blog\/#organization"}},{"@type":"WebPage","@id":"https:\/\/dicodusport.fr\/blog\/roland-garros-2019-les-francaises-au-programme-ce-jeudi\/","url":"https:\/\/dicodusport.fr\/blog\/roland-garros-2019-les-francaises-au-programme-ce-jeudi\/","name":"Roland-Garros 2019 : les Fran\u00e7ais(e)s au programme ce jeudi","isPartOf":{"@id":"https:\/\/dicodusport.fr\/blog\/#website"},"primaryImageOfPage":{"@id":"https:\/\/dicodusport.fr\/blog\/roland-garros-2019-les-francaises-au-programme-ce-jeudi\/#primaryimage"},"image":{"@id":"https:\/\/dicodusport.fr\/blog\/roland-garros-2019-les-francaises-au-programme-ce-jeudi\/#primaryimage"},"thumbnailUrl":"https:\/\/dicodusport.fr\/blog\/wp-content\/uploads\/2019\/06\/Fran\u00e7ais-Roland-Garros-6-juin.png","datePublished":"2019-06-06T09:52:29+00:00","dateModified":"2019-06-06T09:59:04+00:00","description":"En double ou dans le tableau junior \u00e0 Roland-Garros, des Tricolores sont encore bien pr\u00e9sents ce jeudi sur la terre battue parisienne !","breadcrumb":{"@id":"https:\/\/dicodusport.fr\/blog\/roland-garros-2019-les-francaises-au-programme-ce-jeudi\/#breadcrumb"},"inLanguage":"fr-FR","potentialAction":[{"@type":"ReadAction","target":["https:\/\/dicodusport.fr\/blog\/roland-garros-2019-les-francaises-au-programme-ce-jeudi\/"]}]},{"@type":"ImageObject","inLanguage":"fr-FR","@id":"https:\/\/dicodusport.fr\/blog\/roland-garros-2019-les-francaises-au-programme-ce-jeudi\/#primaryimage","url":"https:\/\/dicodusport.fr\/blog\/wp-content\/uploads\/2019\/06\/Fran\u00e7ais-Roland-Garros-6-juin.png","contentUrl":"https:\/\/dicodusport.fr\/blog\/wp-content\/uploads\/2019\/06\/Fran\u00e7ais-Roland-Garros-6-juin.png","width":800,"height":445},{"@type":"BreadcrumbList","@id":"https:\/\/dicodusport.fr\/blog\/roland-garros-2019-les-francaises-au-programme-ce-jeudi\/#breadcrumb","itemListElement":[{"@type":"ListItem","position":1,"name":"Accueil","item":"https:\/\/dicodusport.fr\/blog\/"},{"@type":"ListItem","position":2,"name":"Roland-Garros 2019 : les Fran\u00e7ais(e)s au programme ce jeudi"}]},{"@type":"WebSite","@id":"https:\/\/dicodusport.fr\/blog\/#website","url":"https:\/\/dicodusport.fr\/blog\/","name":"Dicodusport","description":"L&#039;encyclop\u00e9die de l&#039;actualit\u00e9 sportive","publisher":{"@id":"https:\/\/dicodusport.fr\/blog\/#organization"},"potentialAction":[{"@type":"SearchAction","target":{"@type":"EntryPoint","urlTemplate":"https:\/\/dicodusport.fr\/blog\/?s={search_term_string}"},"query-input":{"@type":"PropertyValueSpecification","valueRequired":true,"valueName":"search_term_string"}}],"inLanguage":"fr-FR"},{"@type":"NewsMediaOrganization","@id":"https:\/\/dicodusport.fr\/blog\/#organization","name":"Dicodusport","url":"https:\/\/dicodusport.fr\/blog\/","logo":{"@type":"ImageObject","inLanguage":"fr-FR","@id":"https:\/\/dicodusport.fr\/blog\/#\/schema\/logo\/image\/","url":"https:\/\/dicodusport.fr\/blog\/wp-content\/uploads\/2020\/06\/cropped-LOGO-DICODUSPORT-2020-SANS-FOND-SANS-TEXTE.png","contentUrl":"https:\/\/dicodusport.fr\/blog\/wp-content\/uploads\/2020\/06\/cropped-LOGO-DICODUSPORT-2020-SANS-FOND-SANS-TEXTE.png","width":512,"height":512,"caption":"Dicodusport"},"image":{"@id":"https:\/\/dicodusport.fr\/blog\/#\/schema\/logo\/image\/"},"sameAs":["https:\/\/www.facebook.com\/dicodusport","https:\/\/x.com\/dicodusport","https:\/\/www.instagram.com\/dicodusport\/","https:\/\/www.youtube.com\/channel\/UC7V2KZ5sd3htJivAbA4ZG3w"],"description":"Dicodusport est l'encyclop\u00e9die de l'actualit\u00e9 sportive.","email":"bonjour@dicodusport.fr","legalName":"DICODUSPORT","foundingDate":"2018-01-14","vatID":"FR71834470973","taxID":"83447097300043","numberOfEmployees":{"@type":"QuantitativeValue","minValue":"1","maxValue":"10"}},{"@type":"Person","@id":"https:\/\/dicodusport.fr\/blog\/#\/schema\/person\/8c78730a59f8a1e617f7a19026ebc14a","name":"Romain Delanis","image":{"@type":"ImageObject","inLanguage":"fr-FR","@id":"https:\/\/dicodusport.fr\/blog\/#\/schema\/person\/image\/","url":"https:\/\/dicodusport.fr\/blog\/wp-content\/uploads\/2021\/05\/Romain-Delanis-150x150.jpg","contentUrl":"https:\/\/dicodusport.fr\/blog\/wp-content\/uploads\/2021\/05\/Romain-Delanis-150x150.jpg","caption":"Romain Delanis"},"description":"Journaliste\/R\u00e9dacteur depuis novembre 2015 - Capable de passer un samedi apr\u00e8s-midi devant la Ligue 2 puis le biathlon sans oublier la finale de l\u2019ATP Rotterdam, j\u2019aime aussi mettre mon r\u00e9veil pour me faire un Pistons\/Bulls qui rappelle de bons souvenirs. Tout cela, j\u2019ai choisi il y a maintenant quelques temps de vous le raconter avec Dicodusport, pour vous faire vivre ma passion parfois inconsid\u00e9r\u00e9e pour le sport en g\u00e9n\u00e9ral (mais surtout le foot faut se l\u2019avouer).","sameAs":["https:\/\/x.com\/https:\/\/twitter.com\/RDelanis"],"url":"https:\/\/dicodusport.fr\/blog\/author\/romain\/"}]}},"_links":{"self":[{"href":"https:\/\/dicodusport.fr\/blog\/wp-json\/wp\/v2\/posts\/40838","targetHints":{"allow":["GET"]}}],"collection":[{"href":"https:\/\/dicodusport.fr\/blog\/wp-json\/wp\/v2\/posts"}],"about":[{"href":"https:\/\/dicodusport.fr\/blog\/wp-json\/wp\/v2\/types\/post"}],"author":[{"embeddable":true,"href":"https:\/\/dicodusport.fr\/blog\/wp-json\/wp\/v2\/users\/14"}],"replies":[{"embeddable":true,"href":"https:\/\/dicodusport.fr\/blog\/wp-json\/wp\/v2\/comments?post=40838"}],"version-history":[{"count":0,"href":"https:\/\/dicodusport.fr\/blog\/wp-json\/wp\/v2\/posts\/40838\/revisions"}],"wp:featuredmedia":[{"embeddable":true,"href":"https:\/\/dicodusport.fr\/blog\/wp-json\/wp\/v2\/media\/40851"}],"wp:attachment":[{"href":"https:\/\/dicodusport.fr\/blog\/wp-json\/wp\/v2\/media?parent=40838"}],"wp:term":[{"taxonomy":"category","embeddable":true,"href":"https:\/\/dicodusport.fr\/blog\/wp-json\/wp\/v2\/categories?post=40838"},{"taxonomy":"post_tag","embeddable":true,"href":"https:\/\/dicodusport.fr\/blog\/wp-json\/wp\/v2\/tags?post=40838"}],"curies":[{"name":"wp","href":"https:\/\/api.w.org\/{rel}","templated":true}]}}