{"id":408438,"date":"2023-08-14T10:34:09","date_gmt":"2023-08-14T08:34:09","guid":{"rendered":"https:\/\/dicodusport.fr\/blog\/?p=408438&#038;preview=true&#038;preview_id=408438"},"modified":"2023-08-14T12:18:26","modified_gmt":"2023-08-14T10:18:26","slug":"coupe-du-monde-de-rugby-romain-ntamack-forfait","status":"publish","type":"post","link":"https:\/\/dicodusport.fr\/blog\/coupe-du-monde-de-rugby-romain-ntamack-forfait\/","title":{"rendered":"Coupe du monde de rugby 2023 : Romain Ntamack forfait"},"content":{"rendered":"<p align=\"justify\"><em><b><a href=\"https:\/\/dicodusport.fr\/blog\/actualites\/rugby\/rugby-a-xv\/coupe-du-monde-de-rugby-2023\/\">COUPE DU MONDE DE RUGBY 2023<\/a> \/ XV DE FRANCE &#8211; Catastrophe pour les Bleus. Touch\u00e9 au genou face \u00e0 l&rsquo;\u00c9cosse samedi soir \u00e0 Saint-\u00c9tienne, Romain Ntamack souffre d&rsquo;une rupture du ligament crois\u00e9 du genou gauche, selon les informations de L&rsquo;\u00c9quipe. Il est par cons\u00e9quent forfait pour la Coupe du monde 2023, qui d\u00e9butera le 8 septembre prochain.<\/b><\/em><\/p>\n<p align=\"justify\">La perte est lourde pour l&rsquo;<strong>\u00e9quipe de France<\/strong>. Touch\u00e9 au genou face \u00e0 l&rsquo;\u00c9cosse samedi soir (<a href=\"https:\/\/dicodusport.fr\/blog\/test-match-la-france-arrache-la-victoire-face-a-lecosse\/\">victoire des Bleus 30-27<\/a>) sur un duel avec <strong>Finn Russell<\/strong>, <strong>Romain Ntamack<\/strong> avait c\u00e9d\u00e9 sa place avant l&rsquo;heure de jeu, grima\u00e7ant \u00e0 sa sortie. Apr\u00e8s la rencontre, <strong>Fabien Galthi\u00e9<\/strong>, s\u00e9lectionneur du <a href=\"https:\/\/dicodusport.fr\/blog\/actualites\/rugby\/rugby-a-xv\/xv-de-france\/\"><strong>XV de France<\/strong><\/a>, parlait d&rsquo;une hyperextension du genou gauche pour l&rsquo;ouvreur toulousain. Ce lundi matin, les examens r\u00e9alis\u00e9s n&rsquo;ont fait que confirm\u00e9 les inqui\u00e9tudes des derni\u00e8res heures. Selon <em>L&rsquo;\u00c9quipe<\/em>, <strong>Ntamack<\/strong> (38 s\u00e9lections), souffre d&rsquo;une rupture du ligament crois\u00e9 du genou gauche. Il est, de facto, forfait pour la Coupe du monde en France, qui d\u00e9butera le 8 septembre prochain. Pour rappel, les Bleus ouvriront la comp\u00e9tition face \u00e0 la Nouvelle-Z\u00e9lande.<\/p>\n<blockquote class=\"twitter-tweet\">\n<p dir=\"ltr\" lang=\"fr\">L&rsquo;ouvreur tricolore Romain Ntamack, qui s&rsquo;est rompu les ligaments crois\u00e9s du genou gauche, manquera finalement la Coupe du monde.<a href=\"https:\/\/t.co\/Adl4eLD6bp\">https:\/\/t.co\/Adl4eLD6bp<\/a> <a href=\"https:\/\/t.co\/qk80FcM3la\">pic.twitter.com\/qk80FcM3la<\/a><\/p>\n<p>\u2014 L&rsquo;\u00c9QUIPE (@lequipe) <a href=\"https:\/\/twitter.com\/lequipe\/status\/1691004418873802752?ref_src=twsrc%5Etfw\">August 14, 2023<\/a><\/p><\/blockquote>\n<p><script async src=\"https:\/\/platform.twitter.com\/widgets.js\" charset=\"utf-8\"><\/script><\/p>\n<h2 style=\"text-align: justify;\">Jalibert ou Hastoy, qui pour prendre le lead \u00e0 l&rsquo;ouverture ?<\/h2>\n<p style=\"text-align: justify;\">D\u00e9sormais, pour <strong>Fabien Galthi\u00e9<\/strong> et son staff, le casse-t\u00eate d\u00e9bute. <strong>Matthieu Jalibert<\/strong> (UBB) et<strong> Antoine Hastoy<\/strong> (La Rochelle) vont se jouer la place de titulaire \u00e0 l&rsquo;ouverture. Avantage au Girondin, du haut de ses 24 s\u00e9lections, mais pour seulement 13 titularisations. Le Bordelo-B\u00e9glais ayant \u00e9t\u00e9 essentiellement utilis\u00e9 dans un r\u00f4le de finisseur par <strong>Fabien Galthi\u00e9<\/strong> ces deux derni\u00e8res ann\u00e9es, avec r\u00e9ussite.<\/p>\n<p style=\"text-align: justify;\">En face, <strong>Hastoy<\/strong> ne compte que quatre feuilles de match avec les Bleus. Insuffisant, sans doute, pour \u00eatre propuls\u00e9 \u00e0 l&rsquo;ouverture le 8 septembre prochain, face aux All Blacks. Mais son exp\u00e9rience acquise cette saison dans les rangs rochelais, pourrait faire douter Fabien Galthi\u00e9.<\/p>\n<p style=\"text-align: justify;\">Outre le <strong>XV de France<\/strong>, le <strong>Stade Toulousain<\/strong> va donc devoir se passer durant de longs mois du num\u00e9ro 10 international, h\u00e9ros de <a href=\"https:\/\/dicodusport.fr\/blog\/finale-top-14-toulouse-crucifie-la-rochelle-et-soffre-un-22eme-brennus\/\">la finale de Top 14 remport\u00e9e sur le gong en juin dernier face au Stade Rochelais (29-26)<\/a>.<\/p>\n","protected":false},"excerpt":{"rendered":"<p>COUPE DU MONDE 2023 \/ XV DE FRANCE &#8211; Catastrophe pour les Bleus. Touch\u00e9 au genou face \u00e0 l&rsquo;\u00c9cosse samedi soir \u00e0 Saint-\u00c9tienne, Romain Ntamack souffre d&rsquo;une rupture du ligament crois\u00e9 du genou gauche, selon les informations de L&rsquo;\u00c9quipe.<\/p>\n","protected":false},"author":4,"featured_media":408440,"comment_status":"open","ping_status":"closed","sticky":false,"template":"","format":"standard","meta":{"_acf_changed":false,"_daextam_enable_autolinks":"","footnotes":""},"categories":[47049,9129,19951],"tags":[16878,1530,30,5193,24,1638],"class_list":["post-408438","post","type-post","status-publish","format-standard","has-post-thumbnail","hentry","category-coupe-du-monde-de-rugby","category-rugby-a-xv","category-xv-de-france","tag-breve","tag-coupe-du-monde","tag-france","tag-romain-ntamack","tag-sport","tag-xv-de-france"],"acf":[],"yoast_head":"<!-- This site is optimized with the Yoast SEO Premium plugin v26.7 (Yoast SEO v26.7) - https:\/\/yoast.com\/wordpress\/plugins\/seo\/ -->\n<title>Coupe du monde de rugby 2023 : Romain Ntamack forfait<\/title>\n<meta name=\"description\" content=\"COUPE DU MONDE 2023 \/ XV DE FRANCE - Catastrophe pour les Bleus. Romain Ntamack souffre d&#039;une rupture du ligament crois\u00e9 du genou gauche.\" \/>\n<meta name=\"robots\" content=\"index, follow, max-snippet:-1, max-image-preview:large, max-video-preview:-1\" \/>\n<link rel=\"canonical\" href=\"https:\/\/dicodusport.fr\/blog\/coupe-du-monde-de-rugby-romain-ntamack-forfait\/\" \/>\n<meta property=\"og:locale\" content=\"fr_FR\" \/>\n<meta property=\"og:type\" content=\"article\" \/>\n<meta property=\"og:title\" content=\"Coupe du monde de rugby 2023 : Romain Ntamack forfait\" \/>\n<meta property=\"og:description\" content=\"COUPE DU MONDE 2023 \/ XV DE FRANCE - Catastrophe pour les Bleus. Romain Ntamack souffre d&#039;une rupture du ligament crois\u00e9 du genou gauche.\" \/>\n<meta property=\"og:url\" content=\"https:\/\/dicodusport.fr\/blog\/coupe-du-monde-de-rugby-romain-ntamack-forfait\/\" \/>\n<meta property=\"og:site_name\" content=\"Dicodusport\" \/>\n<meta property=\"article:publisher\" content=\"https:\/\/www.facebook.com\/dicodusport\" \/>\n<meta property=\"article:author\" content=\"https:\/\/www.facebook.com\/florent.ostermann\" \/>\n<meta property=\"article:published_time\" content=\"2023-08-14T08:34:09+00:00\" \/>\n<meta property=\"article:modified_time\" content=\"2023-08-14T10:18:26+00:00\" \/>\n<meta property=\"og:image\" content=\"https:\/\/dicodusport.fr\/blog\/wp-content\/uploads\/2023\/08\/Coupe-du-monde-de-rugby-Romain-Ntamack-forfait.png\" \/>\n\t<meta property=\"og:image:width\" content=\"800\" \/>\n\t<meta property=\"og:image:height\" content=\"445\" \/>\n\t<meta property=\"og:image:type\" content=\"image\/png\" \/>\n<meta name=\"author\" content=\"Flo Ostermann\" \/>\n<meta name=\"twitter:card\" content=\"summary_large_image\" \/>\n<meta name=\"twitter:title\" content=\"Coupe du monde de rugby 2023 : Romain Ntamack forfait\" \/>\n<meta name=\"twitter:creator\" content=\"@https:\/\/twitter.com\/FlOstermann\" \/>\n<meta name=\"twitter:site\" content=\"@dicodusport\" \/>\n<script type=\"application\/ld+json\" class=\"yoast-schema-graph\">{\"@context\":\"https:\/\/schema.org\",\"@graph\":[{\"@type\":\"NewsArticle\",\"@id\":\"https:\/\/dicodusport.fr\/blog\/coupe-du-monde-de-rugby-romain-ntamack-forfait\/#article\",\"isPartOf\":{\"@id\":\"https:\/\/dicodusport.fr\/blog\/coupe-du-monde-de-rugby-romain-ntamack-forfait\/\"},\"author\":{\"name\":\"Flo Ostermann\",\"@id\":\"https:\/\/dicodusport.fr\/blog\/#\/schema\/person\/cb02af4c173ce4a653b55e9baf388d4a\"},\"headline\":\"Coupe du monde de rugby 2023 : Romain Ntamack forfait\",\"datePublished\":\"2023-08-14T08:34:09+00:00\",\"dateModified\":\"2023-08-14T10:18:26+00:00\",\"mainEntityOfPage\":{\"@id\":\"https:\/\/dicodusport.fr\/blog\/coupe-du-monde-de-rugby-romain-ntamack-forfait\/\"},\"wordCount\":399,\"commentCount\":0,\"publisher\":{\"@id\":\"https:\/\/dicodusport.fr\/blog\/#organization\"},\"image\":{\"@id\":\"https:\/\/dicodusport.fr\/blog\/coupe-du-monde-de-rugby-romain-ntamack-forfait\/#primaryimage\"},\"thumbnailUrl\":\"https:\/\/dicodusport.fr\/blog\/wp-content\/uploads\/2023\/08\/Coupe-du-monde-de-rugby-Romain-Ntamack-forfait.png\",\"keywords\":[\"br\u00e8ve\",\"Coupe du monde\",\"France\",\"Romain Ntamack\",\"sport\",\"XV de France\"],\"articleSection\":[\"Coupe du monde de rugby\",\"Rugby \u00e0 XV\",\"XV de France\"],\"inLanguage\":\"fr-FR\",\"potentialAction\":[{\"@type\":\"CommentAction\",\"name\":\"Comment\",\"target\":[\"https:\/\/dicodusport.fr\/blog\/coupe-du-monde-de-rugby-romain-ntamack-forfait\/#respond\"]}],\"copyrightYear\":\"2023\",\"copyrightHolder\":{\"@id\":\"https:\/\/dicodusport.fr\/blog\/#organization\"}},{\"@type\":\"WebPage\",\"@id\":\"https:\/\/dicodusport.fr\/blog\/coupe-du-monde-de-rugby-romain-ntamack-forfait\/\",\"url\":\"https:\/\/dicodusport.fr\/blog\/coupe-du-monde-de-rugby-romain-ntamack-forfait\/\",\"name\":\"Coupe du monde de rugby 2023 : Romain Ntamack forfait\",\"isPartOf\":{\"@id\":\"https:\/\/dicodusport.fr\/blog\/#website\"},\"primaryImageOfPage\":{\"@id\":\"https:\/\/dicodusport.fr\/blog\/coupe-du-monde-de-rugby-romain-ntamack-forfait\/#primaryimage\"},\"image\":{\"@id\":\"https:\/\/dicodusport.fr\/blog\/coupe-du-monde-de-rugby-romain-ntamack-forfait\/#primaryimage\"},\"thumbnailUrl\":\"https:\/\/dicodusport.fr\/blog\/wp-content\/uploads\/2023\/08\/Coupe-du-monde-de-rugby-Romain-Ntamack-forfait.png\",\"datePublished\":\"2023-08-14T08:34:09+00:00\",\"dateModified\":\"2023-08-14T10:18:26+00:00\",\"description\":\"COUPE DU MONDE 2023 \/ XV DE FRANCE - Catastrophe pour les Bleus. Romain Ntamack souffre d'une rupture du ligament crois\u00e9 du genou gauche.\",\"breadcrumb\":{\"@id\":\"https:\/\/dicodusport.fr\/blog\/coupe-du-monde-de-rugby-romain-ntamack-forfait\/#breadcrumb\"},\"inLanguage\":\"fr-FR\",\"potentialAction\":[{\"@type\":\"ReadAction\",\"target\":[\"https:\/\/dicodusport.fr\/blog\/coupe-du-monde-de-rugby-romain-ntamack-forfait\/\"]}]},{\"@type\":\"ImageObject\",\"inLanguage\":\"fr-FR\",\"@id\":\"https:\/\/dicodusport.fr\/blog\/coupe-du-monde-de-rugby-romain-ntamack-forfait\/#primaryimage\",\"url\":\"https:\/\/dicodusport.fr\/blog\/wp-content\/uploads\/2023\/08\/Coupe-du-monde-de-rugby-Romain-Ntamack-forfait.png\",\"contentUrl\":\"https:\/\/dicodusport.fr\/blog\/wp-content\/uploads\/2023\/08\/Coupe-du-monde-de-rugby-Romain-Ntamack-forfait.png\",\"width\":800,\"height\":445,\"caption\":\"Coupe du monde de rugby Romain Ntamack forfait\"},{\"@type\":\"BreadcrumbList\",\"@id\":\"https:\/\/dicodusport.fr\/blog\/coupe-du-monde-de-rugby-romain-ntamack-forfait\/#breadcrumb\",\"itemListElement\":[{\"@type\":\"ListItem\",\"position\":1,\"name\":\"Accueil\",\"item\":\"https:\/\/dicodusport.fr\/blog\/\"},{\"@type\":\"ListItem\",\"position\":2,\"name\":\"Coupe du monde de rugby 2023 : Romain Ntamack forfait\"}]},{\"@type\":\"WebSite\",\"@id\":\"https:\/\/dicodusport.fr\/blog\/#website\",\"url\":\"https:\/\/dicodusport.fr\/blog\/\",\"name\":\"Dicodusport\",\"description\":\"L&#039;encyclop\u00e9die de l&#039;actualit\u00e9 sportive\",\"publisher\":{\"@id\":\"https:\/\/dicodusport.fr\/blog\/#organization\"},\"potentialAction\":[{\"@type\":\"SearchAction\",\"target\":{\"@type\":\"EntryPoint\",\"urlTemplate\":\"https:\/\/dicodusport.fr\/blog\/?s={search_term_string}\"},\"query-input\":{\"@type\":\"PropertyValueSpecification\",\"valueRequired\":true,\"valueName\":\"search_term_string\"}}],\"inLanguage\":\"fr-FR\"},{\"@type\":\"NewsMediaOrganization\",\"@id\":\"https:\/\/dicodusport.fr\/blog\/#organization\",\"name\":\"Dicodusport\",\"url\":\"https:\/\/dicodusport.fr\/blog\/\",\"logo\":{\"@type\":\"ImageObject\",\"inLanguage\":\"fr-FR\",\"@id\":\"https:\/\/dicodusport.fr\/blog\/#\/schema\/logo\/image\/\",\"url\":\"https:\/\/dicodusport.fr\/blog\/wp-content\/uploads\/2020\/06\/cropped-LOGO-DICODUSPORT-2020-SANS-FOND-SANS-TEXTE.png\",\"contentUrl\":\"https:\/\/dicodusport.fr\/blog\/wp-content\/uploads\/2020\/06\/cropped-LOGO-DICODUSPORT-2020-SANS-FOND-SANS-TEXTE.png\",\"width\":512,\"height\":512,\"caption\":\"Dicodusport\"},\"image\":{\"@id\":\"https:\/\/dicodusport.fr\/blog\/#\/schema\/logo\/image\/\"},\"sameAs\":[\"https:\/\/www.facebook.com\/dicodusport\",\"https:\/\/x.com\/dicodusport\",\"https:\/\/www.instagram.com\/dicodusport\/\",\"https:\/\/www.youtube.com\/channel\/UC7V2KZ5sd3htJivAbA4ZG3w\"],\"description\":\"Dicodusport est l'encyclop\u00e9die de l'actualit\u00e9 sportive.\",\"email\":\"bonjour@dicodusport.fr\",\"legalName\":\"DICODUSPORT\",\"foundingDate\":\"2018-01-14\",\"vatID\":\"FR71834470973\",\"taxID\":\"83447097300043\",\"numberOfEmployees\":{\"@type\":\"QuantitativeValue\",\"minValue\":\"1\",\"maxValue\":\"10\"}},{\"@type\":\"Person\",\"@id\":\"https:\/\/dicodusport.fr\/blog\/#\/schema\/person\/cb02af4c173ce4a653b55e9baf388d4a\",\"name\":\"Flo Ostermann\",\"image\":{\"@type\":\"ImageObject\",\"inLanguage\":\"fr-FR\",\"@id\":\"https:\/\/dicodusport.fr\/blog\/#\/schema\/person\/image\/\",\"url\":\"https:\/\/dicodusport.fr\/blog\/wp-content\/uploads\/2021\/05\/Flo-Ostermann-150x150.jpg\",\"contentUrl\":\"https:\/\/dicodusport.fr\/blog\/wp-content\/uploads\/2021\/05\/Flo-Ostermann-150x150.jpg\",\"caption\":\"Flo Ostermann\"},\"description\":\"Journaliste\/R\u00e9dacteur depuis septembre 2015 - Mes premiers souvenirs dans le sport ? Les envol\u00e9es du Stade Toulousain et les duels Villeneuve-Schumacher et H\u00e4kkinen-Schumacher \u00e0 la fin des ann\u00e9es 90, la Coupe du monde de football en 1998, l\u2019exploit du XV de France face aux All Blacks en 1999, mais aussi Richard C\u0153ur de Lion qui vole sur les montagnes du Tour de France. Bien parti pour devenir professeur d\u2019EPS, les \u00e9v\u00e9nements de la vie (et la flemme d\u2019animer des s\u00e9ances de 3x500 m\u00e8tres toute ma vie) m\u2019ont conduit \u00e0 revoir mes plans. Me voil\u00e0 depuis fin 2017 sur Dicodusport, m\u00e9dia gr\u00e2ce (et pour) lequel je partage ma passion : le sport dans tous ses \u00e9tats. Le tout accompagn\u00e9 par les fous furieux et folles furieuses cit\u00e9s sur cette page !\",\"sameAs\":[\"https:\/\/www.facebook.com\/florent.ostermann\",\"https:\/\/x.com\/https:\/\/twitter.com\/FlOstermann\",\"admin\"],\"url\":\"https:\/\/dicodusport.fr\/blog\/author\/flo\/\"}]}<\/script>\n<!-- \/ Yoast SEO Premium plugin. -->","yoast_head_json":{"title":"Coupe du monde de rugby 2023 : Romain Ntamack forfait","description":"COUPE DU MONDE 2023 \/ XV DE FRANCE - Catastrophe pour les Bleus. Romain Ntamack souffre d'une rupture du ligament crois\u00e9 du genou gauche.","robots":{"index":"index","follow":"follow","max-snippet":"max-snippet:-1","max-image-preview":"max-image-preview:large","max-video-preview":"max-video-preview:-1"},"canonical":"https:\/\/dicodusport.fr\/blog\/coupe-du-monde-de-rugby-romain-ntamack-forfait\/","og_locale":"fr_FR","og_type":"article","og_title":"Coupe du monde de rugby 2023 : Romain Ntamack forfait","og_description":"COUPE DU MONDE 2023 \/ XV DE FRANCE - Catastrophe pour les Bleus. Romain Ntamack souffre d'une rupture du ligament crois\u00e9 du genou gauche.","og_url":"https:\/\/dicodusport.fr\/blog\/coupe-du-monde-de-rugby-romain-ntamack-forfait\/","og_site_name":"Dicodusport","article_publisher":"https:\/\/www.facebook.com\/dicodusport","article_author":"https:\/\/www.facebook.com\/florent.ostermann","article_published_time":"2023-08-14T08:34:09+00:00","article_modified_time":"2023-08-14T10:18:26+00:00","og_image":[{"width":800,"height":445,"url":"https:\/\/dicodusport.fr\/blog\/wp-content\/uploads\/2023\/08\/Coupe-du-monde-de-rugby-Romain-Ntamack-forfait.png","type":"image\/png"}],"author":"Flo Ostermann","twitter_card":"summary_large_image","twitter_title":"Coupe du monde de rugby 2023 : Romain Ntamack forfait","twitter_creator":"@https:\/\/twitter.com\/FlOstermann","twitter_site":"@dicodusport","schema":{"@context":"https:\/\/schema.org","@graph":[{"@type":"NewsArticle","@id":"https:\/\/dicodusport.fr\/blog\/coupe-du-monde-de-rugby-romain-ntamack-forfait\/#article","isPartOf":{"@id":"https:\/\/dicodusport.fr\/blog\/coupe-du-monde-de-rugby-romain-ntamack-forfait\/"},"author":{"name":"Flo Ostermann","@id":"https:\/\/dicodusport.fr\/blog\/#\/schema\/person\/cb02af4c173ce4a653b55e9baf388d4a"},"headline":"Coupe du monde de rugby 2023 : Romain Ntamack forfait","datePublished":"2023-08-14T08:34:09+00:00","dateModified":"2023-08-14T10:18:26+00:00","mainEntityOfPage":{"@id":"https:\/\/dicodusport.fr\/blog\/coupe-du-monde-de-rugby-romain-ntamack-forfait\/"},"wordCount":399,"commentCount":0,"publisher":{"@id":"https:\/\/dicodusport.fr\/blog\/#organization"},"image":{"@id":"https:\/\/dicodusport.fr\/blog\/coupe-du-monde-de-rugby-romain-ntamack-forfait\/#primaryimage"},"thumbnailUrl":"https:\/\/dicodusport.fr\/blog\/wp-content\/uploads\/2023\/08\/Coupe-du-monde-de-rugby-Romain-Ntamack-forfait.png","keywords":["br\u00e8ve","Coupe du monde","France","Romain Ntamack","sport","XV de France"],"articleSection":["Coupe du monde de rugby","Rugby \u00e0 XV","XV de France"],"inLanguage":"fr-FR","potentialAction":[{"@type":"CommentAction","name":"Comment","target":["https:\/\/dicodusport.fr\/blog\/coupe-du-monde-de-rugby-romain-ntamack-forfait\/#respond"]}],"copyrightYear":"2023","copyrightHolder":{"@id":"https:\/\/dicodusport.fr\/blog\/#organization"}},{"@type":"WebPage","@id":"https:\/\/dicodusport.fr\/blog\/coupe-du-monde-de-rugby-romain-ntamack-forfait\/","url":"https:\/\/dicodusport.fr\/blog\/coupe-du-monde-de-rugby-romain-ntamack-forfait\/","name":"Coupe du monde de rugby 2023 : Romain Ntamack forfait","isPartOf":{"@id":"https:\/\/dicodusport.fr\/blog\/#website"},"primaryImageOfPage":{"@id":"https:\/\/dicodusport.fr\/blog\/coupe-du-monde-de-rugby-romain-ntamack-forfait\/#primaryimage"},"image":{"@id":"https:\/\/dicodusport.fr\/blog\/coupe-du-monde-de-rugby-romain-ntamack-forfait\/#primaryimage"},"thumbnailUrl":"https:\/\/dicodusport.fr\/blog\/wp-content\/uploads\/2023\/08\/Coupe-du-monde-de-rugby-Romain-Ntamack-forfait.png","datePublished":"2023-08-14T08:34:09+00:00","dateModified":"2023-08-14T10:18:26+00:00","description":"COUPE DU MONDE 2023 \/ XV DE FRANCE - Catastrophe pour les Bleus. Romain Ntamack souffre d'une rupture du ligament crois\u00e9 du genou gauche.","breadcrumb":{"@id":"https:\/\/dicodusport.fr\/blog\/coupe-du-monde-de-rugby-romain-ntamack-forfait\/#breadcrumb"},"inLanguage":"fr-FR","potentialAction":[{"@type":"ReadAction","target":["https:\/\/dicodusport.fr\/blog\/coupe-du-monde-de-rugby-romain-ntamack-forfait\/"]}]},{"@type":"ImageObject","inLanguage":"fr-FR","@id":"https:\/\/dicodusport.fr\/blog\/coupe-du-monde-de-rugby-romain-ntamack-forfait\/#primaryimage","url":"https:\/\/dicodusport.fr\/blog\/wp-content\/uploads\/2023\/08\/Coupe-du-monde-de-rugby-Romain-Ntamack-forfait.png","contentUrl":"https:\/\/dicodusport.fr\/blog\/wp-content\/uploads\/2023\/08\/Coupe-du-monde-de-rugby-Romain-Ntamack-forfait.png","width":800,"height":445,"caption":"Coupe du monde de rugby Romain Ntamack forfait"},{"@type":"BreadcrumbList","@id":"https:\/\/dicodusport.fr\/blog\/coupe-du-monde-de-rugby-romain-ntamack-forfait\/#breadcrumb","itemListElement":[{"@type":"ListItem","position":1,"name":"Accueil","item":"https:\/\/dicodusport.fr\/blog\/"},{"@type":"ListItem","position":2,"name":"Coupe du monde de rugby 2023 : Romain Ntamack forfait"}]},{"@type":"WebSite","@id":"https:\/\/dicodusport.fr\/blog\/#website","url":"https:\/\/dicodusport.fr\/blog\/","name":"Dicodusport","description":"L&#039;encyclop\u00e9die de l&#039;actualit\u00e9 sportive","publisher":{"@id":"https:\/\/dicodusport.fr\/blog\/#organization"},"potentialAction":[{"@type":"SearchAction","target":{"@type":"EntryPoint","urlTemplate":"https:\/\/dicodusport.fr\/blog\/?s={search_term_string}"},"query-input":{"@type":"PropertyValueSpecification","valueRequired":true,"valueName":"search_term_string"}}],"inLanguage":"fr-FR"},{"@type":"NewsMediaOrganization","@id":"https:\/\/dicodusport.fr\/blog\/#organization","name":"Dicodusport","url":"https:\/\/dicodusport.fr\/blog\/","logo":{"@type":"ImageObject","inLanguage":"fr-FR","@id":"https:\/\/dicodusport.fr\/blog\/#\/schema\/logo\/image\/","url":"https:\/\/dicodusport.fr\/blog\/wp-content\/uploads\/2020\/06\/cropped-LOGO-DICODUSPORT-2020-SANS-FOND-SANS-TEXTE.png","contentUrl":"https:\/\/dicodusport.fr\/blog\/wp-content\/uploads\/2020\/06\/cropped-LOGO-DICODUSPORT-2020-SANS-FOND-SANS-TEXTE.png","width":512,"height":512,"caption":"Dicodusport"},"image":{"@id":"https:\/\/dicodusport.fr\/blog\/#\/schema\/logo\/image\/"},"sameAs":["https:\/\/www.facebook.com\/dicodusport","https:\/\/x.com\/dicodusport","https:\/\/www.instagram.com\/dicodusport\/","https:\/\/www.youtube.com\/channel\/UC7V2KZ5sd3htJivAbA4ZG3w"],"description":"Dicodusport est l'encyclop\u00e9die de l'actualit\u00e9 sportive.","email":"bonjour@dicodusport.fr","legalName":"DICODUSPORT","foundingDate":"2018-01-14","vatID":"FR71834470973","taxID":"83447097300043","numberOfEmployees":{"@type":"QuantitativeValue","minValue":"1","maxValue":"10"}},{"@type":"Person","@id":"https:\/\/dicodusport.fr\/blog\/#\/schema\/person\/cb02af4c173ce4a653b55e9baf388d4a","name":"Flo Ostermann","image":{"@type":"ImageObject","inLanguage":"fr-FR","@id":"https:\/\/dicodusport.fr\/blog\/#\/schema\/person\/image\/","url":"https:\/\/dicodusport.fr\/blog\/wp-content\/uploads\/2021\/05\/Flo-Ostermann-150x150.jpg","contentUrl":"https:\/\/dicodusport.fr\/blog\/wp-content\/uploads\/2021\/05\/Flo-Ostermann-150x150.jpg","caption":"Flo Ostermann"},"description":"Journaliste\/R\u00e9dacteur depuis septembre 2015 - Mes premiers souvenirs dans le sport ? Les envol\u00e9es du Stade Toulousain et les duels Villeneuve-Schumacher et H\u00e4kkinen-Schumacher \u00e0 la fin des ann\u00e9es 90, la Coupe du monde de football en 1998, l\u2019exploit du XV de France face aux All Blacks en 1999, mais aussi Richard C\u0153ur de Lion qui vole sur les montagnes du Tour de France. Bien parti pour devenir professeur d\u2019EPS, les \u00e9v\u00e9nements de la vie (et la flemme d\u2019animer des s\u00e9ances de 3x500 m\u00e8tres toute ma vie) m\u2019ont conduit \u00e0 revoir mes plans. Me voil\u00e0 depuis fin 2017 sur Dicodusport, m\u00e9dia gr\u00e2ce (et pour) lequel je partage ma passion : le sport dans tous ses \u00e9tats. Le tout accompagn\u00e9 par les fous furieux et folles furieuses cit\u00e9s sur cette page !","sameAs":["https:\/\/www.facebook.com\/florent.ostermann","https:\/\/x.com\/https:\/\/twitter.com\/FlOstermann","admin"],"url":"https:\/\/dicodusport.fr\/blog\/author\/flo\/"}]}},"_links":{"self":[{"href":"https:\/\/dicodusport.fr\/blog\/wp-json\/wp\/v2\/posts\/408438","targetHints":{"allow":["GET"]}}],"collection":[{"href":"https:\/\/dicodusport.fr\/blog\/wp-json\/wp\/v2\/posts"}],"about":[{"href":"https:\/\/dicodusport.fr\/blog\/wp-json\/wp\/v2\/types\/post"}],"author":[{"embeddable":true,"href":"https:\/\/dicodusport.fr\/blog\/wp-json\/wp\/v2\/users\/4"}],"replies":[{"embeddable":true,"href":"https:\/\/dicodusport.fr\/blog\/wp-json\/wp\/v2\/comments?post=408438"}],"version-history":[{"count":0,"href":"https:\/\/dicodusport.fr\/blog\/wp-json\/wp\/v2\/posts\/408438\/revisions"}],"wp:featuredmedia":[{"embeddable":true,"href":"https:\/\/dicodusport.fr\/blog\/wp-json\/wp\/v2\/media\/408440"}],"wp:attachment":[{"href":"https:\/\/dicodusport.fr\/blog\/wp-json\/wp\/v2\/media?parent=408438"}],"wp:term":[{"taxonomy":"category","embeddable":true,"href":"https:\/\/dicodusport.fr\/blog\/wp-json\/wp\/v2\/categories?post=408438"},{"taxonomy":"post_tag","embeddable":true,"href":"https:\/\/dicodusport.fr\/blog\/wp-json\/wp\/v2\/tags?post=408438"}],"curies":[{"name":"wp","href":"https:\/\/api.w.org\/{rel}","templated":true}]}}