{"id":408677,"date":"2023-08-15T17:15:14","date_gmt":"2023-08-15T15:15:14","guid":{"rendered":"https:\/\/dicodusport.fr\/blog\/?p=408677&#038;preview=true&#038;preview_id=408677"},"modified":"2023-08-15T23:23:44","modified_gmt":"2023-08-15T21:23:44","slug":"tour-du-limousin-2023-romain-gregoire-frappe-deja-sur-la-1ere-etape","status":"publish","type":"post","link":"https:\/\/dicodusport.fr\/blog\/tour-du-limousin-2023-romain-gregoire-frappe-deja-sur-la-1ere-etape\/","title":{"rendered":"Tour du Limousin 2023 : Romain Gr\u00e9goire frappe d\u00e9j\u00e0 sur la 1\u00e8re \u00e9tape"},"content":{"rendered":"<p align=\"justify\"><em><strong>TOUR DU LIMOUSIN 2023 &#8211; Romain Gr\u00e9goire (Groupama-FDJ) remporte la premi\u00e8re \u00e9tape, apr\u00e8s un num\u00e9ro en solitaire. Parti \u00e0 18 kilom\u00e8tres de l&rsquo;arriv\u00e9e, il a r\u00e9sist\u00e9 \u00e0 un trio lanc\u00e9 \u00e0 sa poursuite. Il devance Beno\u00eet Cosnefroy (AG2R Citro\u00ebn) et son co\u00e9quipier Michael Storer (Groupama-FDJ) qui parach\u00e8ve la d\u00e9monstration de la formation de Marc Madiot.<\/strong><\/em><\/p>\n<h2 style=\"text-align: justify;\">Cinq coureurs \u00e0 l&rsquo;avant<\/h2>\n<p style=\"text-align: justify;\">La premi\u00e8re fugue de cette \u00e9dition est compos\u00e9e de cinq hommes. Qui se sont d\u00e9gag\u00e9s apr\u00e8s environ 20 kilom\u00e8tres, dans cette premi\u00e8re \u00e9tape. <strong>Tom Mainguenaud<\/strong> (Van Rysel-Roubaix Lille M\u00e9tropole), <strong>Samuele Zoccarato<\/strong> (Green Project-Bardiani CSF-Faizane&rsquo;), <strong>Oliver Mattheis<\/strong> (Bike Aid), <strong>Andrea Pietrobon<\/strong> (Eolo-Kometa Cycling Team), et <strong>Jean-Louis Le Ny<\/strong> (Nice M\u00e9tropole C\u00f4te d&rsquo;Azur).<\/p>\n<p style=\"text-align: justify;\">L&rsquo;\u00e9cart maximum avec le peloton sera seulement de 4:17. Et les cinq hommes sont rapidement r\u00e9duits \u00e0 quatre. Car, apr\u00e8s un probl\u00e8me m\u00e9canique, <strong>Samuele Zoccarato<\/strong> est oblig\u00e9 de r\u00e9int\u00e9grer le peloton. Il sera m\u00eame contraint \u00e0 l&rsquo;abandon \u00e0 68 kilom\u00e8tres de l&rsquo;arriv\u00e9e. Un peloton contr\u00f4l\u00e9 par la formation fran\u00e7aise Ark\u00e9a-Samsic du jeune <strong>K\u00e9vin Vauquelin<\/strong>, un des outsiders de ce Tour du Limousin 2023. Un peloton qui ne laisse aucune marge au groupe de t\u00eate. L&rsquo;\u00e9cart tombe \u00e0 moins de deux minutes, alors qu&rsquo;il reste 87 kilom\u00e8tres dans cette premi\u00e8re \u00e9tape.<\/p>\n<blockquote class=\"twitter-tweet\">\n<p dir=\"ltr\" lang=\"fr\">\ud83d\udeb2 C&rsquo;est parti pour la premi\u00e8re \u00e9tape du Tour du Limousin !<\/p>\n<p>Suivez la course en direct sur la chaine L&rsquo;\u00c9quipe : <a href=\"https:\/\/t.co\/bZzATUPkNL\">https:\/\/t.co\/bZzATUPkNL<\/a> <a href=\"https:\/\/twitter.com\/hashtag\/lequipeVELO?src=hash&amp;ref_src=twsrc%5Etfw\">#lequipeVELO<\/a> <a href=\"https:\/\/t.co\/SFkHrjZuRh\">pic.twitter.com\/SFkHrjZuRh<\/a><\/p>\n<p>\u2014 la chaine L&rsquo;\u00c9quipe (@lachainelequipe) <a href=\"https:\/\/twitter.com\/lachainelequipe\/status\/1691432688119386112?ref_src=twsrc%5Etfw\">August 15, 2023<\/a><\/p><\/blockquote>\n<p><script async src=\"https:\/\/platform.twitter.com\/widgets.js\" charset=\"utf-8\"><\/script><\/p>\n<h2 style=\"text-align: justify;\">La Groupama-FDJ dynamite la course<\/h2>\n<p style=\"text-align: justify;\">Le peloton contr\u00f4le l&rsquo;\u00e9cart et il n&rsquo;y a pas grand-chose \u00e0 signaler &#8211; si ce n&rsquo;est deux petites chutes &#8211; dans les cinquante kilom\u00e8tres suivants. Les quatre hommes disposent de 1:30 \u00e0 36 kilom\u00e8tres de l&rsquo;arriv\u00e9e. C&rsquo;est \u00e0 ce moment-l\u00e0 que <strong>Paul Ourselin<\/strong> (TotalEnergies) tente sa chance en d\u00e9marrant du peloton. Mais le Fran\u00e7ais, seul, n&rsquo;insiste pas longtemps. Alors qu&rsquo;une grosse chute implique cette fois-ci une vingtaine de coureurs. Cela est fatal \u00e0 l&rsquo;\u00e9chapp\u00e9e, aval\u00e9e \u00e0 22 kilom\u00e8tres de l&rsquo;arriv\u00e9e, avec <strong>Andrea Pietrobon<\/strong> qui a r\u00e9sist\u00e9 le plus longtemps. Le coureur italien aura r\u00e9alis\u00e9 un joli baroud d&rsquo;honneur.<\/p>\n<p style=\"text-align: justify;\">Une nouvelle chute vient perturber le peloton \u00e0 20 kilom\u00e8tres de l&rsquo;arriv\u00e9e, entra\u00eenant quatre coureurs par terre. La Groupama-FDJ, emmen\u00e9e par<strong> Rudy Molard<\/strong>, fait le forcing emp\u00eachant les attaques. Un travail pour propulser <strong>Michael Storer<\/strong> \u00e0 l&rsquo;attaque. Le r\u00e9cent vainqueur du <a href=\"https:\/\/dicodusport.fr\/blog\/tour-de-lain-2023-classement-general\/\">Tour de l&rsquo;Ain<\/a> d\u00e9gaine, mais ne parvient pas \u00e0 faire la diff\u00e9rence, alors que le peloton a maigri. <strong>Romain Gr\u00e9goire<\/strong> encha\u00eene le travail de sape de la formation fran\u00e7aise. Et il parvient \u00e0 creuser un petit \u00e9cart sur le groupe derri\u00e8re lui. Apr\u00e8s un kilom\u00e8tre, il compte d\u00e9j\u00e0 15 secondes d&rsquo;avance. Cela oblige <strong>Beno\u00eet Cosnefroy<\/strong> (AG2R-Citro\u00ebn) et <strong>Lorenzo Rota<\/strong> (Intermach\u00e9-Circus-Wanty) \u00e0 attaquer. Marqu\u00e9s par ce diable de<strong> Michael Storer.<\/strong><\/p>\n<h2 style=\"text-align: justify;\">Gr\u00e9goire conclut le travail<\/h2>\n<p style=\"text-align: justify;\">Le trio poursuit son effort, alors que le peloton a explos\u00e9. <strong>Romain Gr\u00e9goire<\/strong> poursuit son forcing et poss\u00e8de encore six secondes d&rsquo;avance sur les trois hommes \u00e0 neuf kilom\u00e8tres de l&rsquo;arriv\u00e9e. Et la tendance est de nouveau favorable au jeune Fran\u00e7ais. Qui poss\u00e8de plus de vingt secondes \u00e0 cinq kilom\u00e8tres de l&rsquo;arriv\u00e9e. Le vainqueur des 4 Jours de Dunkerque confirme son excellent d\u00e9but de saison, pour son vrai retour \u00e0 la comp\u00e9tition, apr\u00e8s sa reprise lors de la Clasica San Sebastian. Il s&rsquo;offre l\u00e0 la troisi\u00e8me victoire de sa carri\u00e8re et prend d\u00e9j\u00e0 une tr\u00e8s belle option pour le classement g\u00e9n\u00e9ral. D&rsquo;autant qu&rsquo;on a vu la force de son \u00e9quipe aujourd&rsquo;hui. La <strong>Groupama-FDJ<\/strong> est capable de contr\u00f4ler jusqu&rsquo;\u00e0 vendredi. Ce sera dur de d\u00e9loger le jeune prodige fran\u00e7ais.<\/p>\n<blockquote class=\"twitter-tweet\">\n<p dir=\"ltr\" lang=\"fr\">\ud83c\uddeb\ud83c\uddf7 Victoire en solitaire de Romain Gr\u00e9goire sur la premi\u00e8re \u00e9tape du Tour du Limousin !<a href=\"https:\/\/twitter.com\/hashtag\/lequipeVELO?src=hash&amp;ref_src=twsrc%5Etfw\">#lequipeVELO<\/a> <a href=\"https:\/\/twitter.com\/hashtag\/TDL2023?src=hash&amp;ref_src=twsrc%5Etfw\">#TDL2023<\/a> <a href=\"https:\/\/t.co\/hTCGCGRp7L\">pic.twitter.com\/hTCGCGRp7L<\/a><\/p>\n<p>\u2014 la chaine L&rsquo;\u00c9quipe (@lachainelequipe) <a href=\"https:\/\/twitter.com\/lachainelequipe\/status\/1691468685918228480?ref_src=twsrc%5Etfw\">August 15, 2023<\/a><\/p><\/blockquote>\n<p><script async src=\"https:\/\/platform.twitter.com\/widgets.js\" charset=\"utf-8\"><\/script><\/p>\n<h2 style=\"text-align: justify;\">\u00c0 lire aussi<\/h2>\n<ul>\n<li style=\"text-align: justify;\"><a href=\"https:\/\/dicodusport.fr\/blog\/tour-du-limousin-2023-classement-1ere-etape\/\"><strong>Classement de la 1\u00e8re \u00e9tape du Tour du Limousin<\/strong><\/a><\/li>\n<li style=\"text-align: justify;\"><a href=\"https:\/\/dicodusport.fr\/blog\/tour-du-limousin-2023-classement-general\/\"><strong>Classement g\u00e9n\u00e9ral du Tour du Limousin<\/strong><\/a><\/li>\n<\/ul>\n<p align=\"justify\">\n","protected":false},"excerpt":{"rendered":"<p>TOUR DU LIMOUSIN 2023 &#8211; Romain Gr\u00e9goire (Groupama-FDJ) remporte la premi\u00e8re \u00e9tape, apr\u00e8s un num\u00e9ro en solitaire. Parti \u00e0 18 kilom\u00e8tres de l&rsquo;arriv\u00e9e, il a r\u00e9sist\u00e9 \u00e0 un trio lanc\u00e9 \u00e0 sa poursuite. Il devance Beno\u00eet Cosnefroy (AG2R Citro\u00ebn) et son co\u00e9quipier Michael Storer (Groupama-FDJ) qui parach\u00e8ve la d\u00e9monstration de la formation de Marc Madiot.<\/p>\n","protected":false},"author":83,"featured_media":408850,"comment_status":"open","ping_status":"closed","sticky":false,"template":"","format":"standard","meta":{"_acf_changed":false,"_daextam_enable_autolinks":"","footnotes":""},"categories":[2307,46994],"tags":[16878,574,19485,24],"class_list":["post-408677","post","type-post","status-publish","format-standard","has-post-thumbnail","hentry","category-cyclisme","category-cyclisme-sur-route","tag-breve","tag-cyclisme","tag-romain-gregoire","tag-sport"],"acf":[],"yoast_head":"<!-- This site is optimized with the Yoast SEO Premium plugin v26.7 (Yoast SEO v26.7) - https:\/\/yoast.com\/wordpress\/plugins\/seo\/ -->\n<title>Tour du Limousin 2023 : Romain Gr\u00e9goire frappe d\u00e9j\u00e0 sur la 1\u00e8re \u00e9tape<\/title>\n<meta name=\"description\" content=\"TOUR DU LIMOUSIN 2023 - Romain Gr\u00e9goire (Groupama-FDJ) remporte la premi\u00e8re \u00e9tape, apr\u00e8s un num\u00e9ro en solitaire.\" \/>\n<meta name=\"robots\" content=\"index, follow, max-snippet:-1, max-image-preview:large, max-video-preview:-1\" \/>\n<link rel=\"canonical\" href=\"https:\/\/dicodusport.fr\/blog\/tour-du-limousin-2023-romain-gregoire-frappe-deja-sur-la-1ere-etape\/\" \/>\n<meta property=\"og:locale\" content=\"fr_FR\" \/>\n<meta property=\"og:type\" content=\"article\" \/>\n<meta property=\"og:title\" content=\"Tour du Limousin 2023 : Romain Gr\u00e9goire frappe d\u00e9j\u00e0 sur la 1\u00e8re \u00e9tape\" \/>\n<meta property=\"og:description\" content=\"TOUR DU LIMOUSIN 2023 - Romain Gr\u00e9goire (Groupama-FDJ) remporte la premi\u00e8re \u00e9tape, apr\u00e8s un num\u00e9ro en solitaire.\" \/>\n<meta property=\"og:url\" content=\"https:\/\/dicodusport.fr\/blog\/tour-du-limousin-2023-romain-gregoire-frappe-deja-sur-la-1ere-etape\/\" \/>\n<meta property=\"og:site_name\" content=\"Dicodusport\" \/>\n<meta property=\"article:publisher\" content=\"https:\/\/www.facebook.com\/dicodusport\" \/>\n<meta property=\"article:published_time\" content=\"2023-08-15T15:15:14+00:00\" \/>\n<meta property=\"article:modified_time\" content=\"2023-08-15T21:23:44+00:00\" \/>\n<meta property=\"og:image\" content=\"https:\/\/dicodusport.fr\/blog\/wp-content\/uploads\/2023\/08\/Tour-du-Limousin-2023-Romain-Gregoire-frappe-deja-sur-la-1ere-etape.png\" \/>\n\t<meta property=\"og:image:width\" content=\"800\" \/>\n\t<meta property=\"og:image:height\" content=\"445\" \/>\n\t<meta property=\"og:image:type\" content=\"image\/png\" \/>\n<meta name=\"author\" content=\"Etienne Goursaud\" \/>\n<meta name=\"twitter:card\" content=\"summary_large_image\" \/>\n<meta name=\"twitter:title\" content=\"Tour du Limousin 2023 : Romain Gr\u00e9goire frappe d\u00e9j\u00e0 sur la 1\u00e8re \u00e9tape\" \/>\n<meta name=\"twitter:creator\" content=\"@dicodusport\" \/>\n<meta name=\"twitter:site\" content=\"@dicodusport\" \/>\n<script type=\"application\/ld+json\" class=\"yoast-schema-graph\">{\"@context\":\"https:\/\/schema.org\",\"@graph\":[{\"@type\":\"NewsArticle\",\"@id\":\"https:\/\/dicodusport.fr\/blog\/tour-du-limousin-2023-romain-gregoire-frappe-deja-sur-la-1ere-etape\/#article\",\"isPartOf\":{\"@id\":\"https:\/\/dicodusport.fr\/blog\/tour-du-limousin-2023-romain-gregoire-frappe-deja-sur-la-1ere-etape\/\"},\"author\":{\"name\":\"Etienne Goursaud\",\"@id\":\"https:\/\/dicodusport.fr\/blog\/#\/schema\/person\/d603dd7da31fb2b46c82b9835a77ec13\"},\"headline\":\"Tour du Limousin 2023 : Romain Gr\u00e9goire frappe d\u00e9j\u00e0 sur la 1\u00e8re \u00e9tape\",\"datePublished\":\"2023-08-15T15:15:14+00:00\",\"dateModified\":\"2023-08-15T21:23:44+00:00\",\"mainEntityOfPage\":{\"@id\":\"https:\/\/dicodusport.fr\/blog\/tour-du-limousin-2023-romain-gregoire-frappe-deja-sur-la-1ere-etape\/\"},\"wordCount\":730,\"commentCount\":1,\"publisher\":{\"@id\":\"https:\/\/dicodusport.fr\/blog\/#organization\"},\"image\":{\"@id\":\"https:\/\/dicodusport.fr\/blog\/tour-du-limousin-2023-romain-gregoire-frappe-deja-sur-la-1ere-etape\/#primaryimage\"},\"thumbnailUrl\":\"https:\/\/dicodusport.fr\/blog\/wp-content\/uploads\/2023\/08\/Tour-du-Limousin-2023-Romain-Gregoire-frappe-deja-sur-la-1ere-etape.png\",\"keywords\":[\"br\u00e8ve\",\"Cyclisme\",\"Romain Gr\u00e9goire\",\"sport\"],\"articleSection\":[\"Cyclisme\",\"Cyclisme sur route\"],\"inLanguage\":\"fr-FR\",\"potentialAction\":[{\"@type\":\"CommentAction\",\"name\":\"Comment\",\"target\":[\"https:\/\/dicodusport.fr\/blog\/tour-du-limousin-2023-romain-gregoire-frappe-deja-sur-la-1ere-etape\/#respond\"]}],\"copyrightYear\":\"2023\",\"copyrightHolder\":{\"@id\":\"https:\/\/dicodusport.fr\/blog\/#organization\"}},{\"@type\":\"WebPage\",\"@id\":\"https:\/\/dicodusport.fr\/blog\/tour-du-limousin-2023-romain-gregoire-frappe-deja-sur-la-1ere-etape\/\",\"url\":\"https:\/\/dicodusport.fr\/blog\/tour-du-limousin-2023-romain-gregoire-frappe-deja-sur-la-1ere-etape\/\",\"name\":\"Tour du Limousin 2023 : Romain Gr\u00e9goire frappe d\u00e9j\u00e0 sur la 1\u00e8re \u00e9tape\",\"isPartOf\":{\"@id\":\"https:\/\/dicodusport.fr\/blog\/#website\"},\"primaryImageOfPage\":{\"@id\":\"https:\/\/dicodusport.fr\/blog\/tour-du-limousin-2023-romain-gregoire-frappe-deja-sur-la-1ere-etape\/#primaryimage\"},\"image\":{\"@id\":\"https:\/\/dicodusport.fr\/blog\/tour-du-limousin-2023-romain-gregoire-frappe-deja-sur-la-1ere-etape\/#primaryimage\"},\"thumbnailUrl\":\"https:\/\/dicodusport.fr\/blog\/wp-content\/uploads\/2023\/08\/Tour-du-Limousin-2023-Romain-Gregoire-frappe-deja-sur-la-1ere-etape.png\",\"datePublished\":\"2023-08-15T15:15:14+00:00\",\"dateModified\":\"2023-08-15T21:23:44+00:00\",\"description\":\"TOUR DU LIMOUSIN 2023 - Romain Gr\u00e9goire (Groupama-FDJ) remporte la premi\u00e8re \u00e9tape, apr\u00e8s un num\u00e9ro en solitaire.\",\"breadcrumb\":{\"@id\":\"https:\/\/dicodusport.fr\/blog\/tour-du-limousin-2023-romain-gregoire-frappe-deja-sur-la-1ere-etape\/#breadcrumb\"},\"inLanguage\":\"fr-FR\",\"potentialAction\":[{\"@type\":\"ReadAction\",\"target\":[\"https:\/\/dicodusport.fr\/blog\/tour-du-limousin-2023-romain-gregoire-frappe-deja-sur-la-1ere-etape\/\"]}]},{\"@type\":\"ImageObject\",\"inLanguage\":\"fr-FR\",\"@id\":\"https:\/\/dicodusport.fr\/blog\/tour-du-limousin-2023-romain-gregoire-frappe-deja-sur-la-1ere-etape\/#primaryimage\",\"url\":\"https:\/\/dicodusport.fr\/blog\/wp-content\/uploads\/2023\/08\/Tour-du-Limousin-2023-Romain-Gregoire-frappe-deja-sur-la-1ere-etape.png\",\"contentUrl\":\"https:\/\/dicodusport.fr\/blog\/wp-content\/uploads\/2023\/08\/Tour-du-Limousin-2023-Romain-Gregoire-frappe-deja-sur-la-1ere-etape.png\",\"width\":800,\"height\":445,\"caption\":\"Tour du Limousin 2023 Romain Gr\u00e9goire frappe d\u00e9j\u00e0 sur la 1\u00e8re \u00e9tape\"},{\"@type\":\"BreadcrumbList\",\"@id\":\"https:\/\/dicodusport.fr\/blog\/tour-du-limousin-2023-romain-gregoire-frappe-deja-sur-la-1ere-etape\/#breadcrumb\",\"itemListElement\":[{\"@type\":\"ListItem\",\"position\":1,\"name\":\"Accueil\",\"item\":\"https:\/\/dicodusport.fr\/blog\/\"},{\"@type\":\"ListItem\",\"position\":2,\"name\":\"Tour du Limousin 2023 : Romain Gr\u00e9goire frappe d\u00e9j\u00e0 sur la 1\u00e8re \u00e9tape\"}]},{\"@type\":\"WebSite\",\"@id\":\"https:\/\/dicodusport.fr\/blog\/#website\",\"url\":\"https:\/\/dicodusport.fr\/blog\/\",\"name\":\"Dicodusport\",\"description\":\"L&#039;encyclop\u00e9die de l&#039;actualit\u00e9 sportive\",\"publisher\":{\"@id\":\"https:\/\/dicodusport.fr\/blog\/#organization\"},\"potentialAction\":[{\"@type\":\"SearchAction\",\"target\":{\"@type\":\"EntryPoint\",\"urlTemplate\":\"https:\/\/dicodusport.fr\/blog\/?s={search_term_string}\"},\"query-input\":{\"@type\":\"PropertyValueSpecification\",\"valueRequired\":true,\"valueName\":\"search_term_string\"}}],\"inLanguage\":\"fr-FR\"},{\"@type\":\"NewsMediaOrganization\",\"@id\":\"https:\/\/dicodusport.fr\/blog\/#organization\",\"name\":\"Dicodusport\",\"url\":\"https:\/\/dicodusport.fr\/blog\/\",\"logo\":{\"@type\":\"ImageObject\",\"inLanguage\":\"fr-FR\",\"@id\":\"https:\/\/dicodusport.fr\/blog\/#\/schema\/logo\/image\/\",\"url\":\"https:\/\/dicodusport.fr\/blog\/wp-content\/uploads\/2020\/06\/cropped-LOGO-DICODUSPORT-2020-SANS-FOND-SANS-TEXTE.png\",\"contentUrl\":\"https:\/\/dicodusport.fr\/blog\/wp-content\/uploads\/2020\/06\/cropped-LOGO-DICODUSPORT-2020-SANS-FOND-SANS-TEXTE.png\",\"width\":512,\"height\":512,\"caption\":\"Dicodusport\"},\"image\":{\"@id\":\"https:\/\/dicodusport.fr\/blog\/#\/schema\/logo\/image\/\"},\"sameAs\":[\"https:\/\/www.facebook.com\/dicodusport\",\"https:\/\/x.com\/dicodusport\",\"https:\/\/www.instagram.com\/dicodusport\/\",\"https:\/\/www.youtube.com\/channel\/UC7V2KZ5sd3htJivAbA4ZG3w\"],\"description\":\"Dicodusport est l'encyclop\u00e9die de l'actualit\u00e9 sportive.\",\"email\":\"bonjour@dicodusport.fr\",\"legalName\":\"DICODUSPORT\",\"foundingDate\":\"2018-01-14\",\"vatID\":\"FR71834470973\",\"taxID\":\"83447097300043\",\"numberOfEmployees\":{\"@type\":\"QuantitativeValue\",\"minValue\":\"1\",\"maxValue\":\"10\"}},{\"@type\":\"Person\",\"@id\":\"https:\/\/dicodusport.fr\/blog\/#\/schema\/person\/d603dd7da31fb2b46c82b9835a77ec13\",\"name\":\"Etienne Goursaud\",\"image\":{\"@type\":\"ImageObject\",\"inLanguage\":\"fr-FR\",\"@id\":\"https:\/\/dicodusport.fr\/blog\/#\/schema\/person\/image\/\",\"url\":\"https:\/\/dicodusport.fr\/blog\/wp-content\/uploads\/2023\/12\/410122264_10231602061736049_5565839791558026645_n-150x150.jpg\",\"contentUrl\":\"https:\/\/dicodusport.fr\/blog\/wp-content\/uploads\/2023\/12\/410122264_10231602061736049_5565839791558026645_n-150x150.jpg\",\"caption\":\"Etienne Goursaud\"},\"description\":\"Journaliste et amoureux de sport. Ancien footballeur reconverti athl\u00e8te quand ses muscles le laissent tranquille. \u00c9lev\u00e9 \u00e0 la sauce des exploits de Thomas Voeckler en 2004, du dernier essai de l\u00e9gende de Eunice Barber \u00e0 la longueur lors des championnats du monde d'athl\u00e9tisme de 2003 mais aussi Zidane, Omeyer et Titou Lamaison.\",\"url\":\"https:\/\/dicodusport.fr\/blog\/author\/etienne-goursaud\/\"}]}<\/script>\n<!-- \/ Yoast SEO Premium plugin. -->","yoast_head_json":{"title":"Tour du Limousin 2023 : Romain Gr\u00e9goire frappe d\u00e9j\u00e0 sur la 1\u00e8re \u00e9tape","description":"TOUR DU LIMOUSIN 2023 - Romain Gr\u00e9goire (Groupama-FDJ) remporte la premi\u00e8re \u00e9tape, apr\u00e8s un num\u00e9ro en solitaire.","robots":{"index":"index","follow":"follow","max-snippet":"max-snippet:-1","max-image-preview":"max-image-preview:large","max-video-preview":"max-video-preview:-1"},"canonical":"https:\/\/dicodusport.fr\/blog\/tour-du-limousin-2023-romain-gregoire-frappe-deja-sur-la-1ere-etape\/","og_locale":"fr_FR","og_type":"article","og_title":"Tour du Limousin 2023 : Romain Gr\u00e9goire frappe d\u00e9j\u00e0 sur la 1\u00e8re \u00e9tape","og_description":"TOUR DU LIMOUSIN 2023 - Romain Gr\u00e9goire (Groupama-FDJ) remporte la premi\u00e8re \u00e9tape, apr\u00e8s un num\u00e9ro en solitaire.","og_url":"https:\/\/dicodusport.fr\/blog\/tour-du-limousin-2023-romain-gregoire-frappe-deja-sur-la-1ere-etape\/","og_site_name":"Dicodusport","article_publisher":"https:\/\/www.facebook.com\/dicodusport","article_published_time":"2023-08-15T15:15:14+00:00","article_modified_time":"2023-08-15T21:23:44+00:00","og_image":[{"width":800,"height":445,"url":"https:\/\/dicodusport.fr\/blog\/wp-content\/uploads\/2023\/08\/Tour-du-Limousin-2023-Romain-Gregoire-frappe-deja-sur-la-1ere-etape.png","type":"image\/png"}],"author":"Etienne Goursaud","twitter_card":"summary_large_image","twitter_title":"Tour du Limousin 2023 : Romain Gr\u00e9goire frappe d\u00e9j\u00e0 sur la 1\u00e8re \u00e9tape","twitter_creator":"@dicodusport","twitter_site":"@dicodusport","schema":{"@context":"https:\/\/schema.org","@graph":[{"@type":"NewsArticle","@id":"https:\/\/dicodusport.fr\/blog\/tour-du-limousin-2023-romain-gregoire-frappe-deja-sur-la-1ere-etape\/#article","isPartOf":{"@id":"https:\/\/dicodusport.fr\/blog\/tour-du-limousin-2023-romain-gregoire-frappe-deja-sur-la-1ere-etape\/"},"author":{"name":"Etienne Goursaud","@id":"https:\/\/dicodusport.fr\/blog\/#\/schema\/person\/d603dd7da31fb2b46c82b9835a77ec13"},"headline":"Tour du Limousin 2023 : Romain Gr\u00e9goire frappe d\u00e9j\u00e0 sur la 1\u00e8re \u00e9tape","datePublished":"2023-08-15T15:15:14+00:00","dateModified":"2023-08-15T21:23:44+00:00","mainEntityOfPage":{"@id":"https:\/\/dicodusport.fr\/blog\/tour-du-limousin-2023-romain-gregoire-frappe-deja-sur-la-1ere-etape\/"},"wordCount":730,"commentCount":1,"publisher":{"@id":"https:\/\/dicodusport.fr\/blog\/#organization"},"image":{"@id":"https:\/\/dicodusport.fr\/blog\/tour-du-limousin-2023-romain-gregoire-frappe-deja-sur-la-1ere-etape\/#primaryimage"},"thumbnailUrl":"https:\/\/dicodusport.fr\/blog\/wp-content\/uploads\/2023\/08\/Tour-du-Limousin-2023-Romain-Gregoire-frappe-deja-sur-la-1ere-etape.png","keywords":["br\u00e8ve","Cyclisme","Romain Gr\u00e9goire","sport"],"articleSection":["Cyclisme","Cyclisme sur route"],"inLanguage":"fr-FR","potentialAction":[{"@type":"CommentAction","name":"Comment","target":["https:\/\/dicodusport.fr\/blog\/tour-du-limousin-2023-romain-gregoire-frappe-deja-sur-la-1ere-etape\/#respond"]}],"copyrightYear":"2023","copyrightHolder":{"@id":"https:\/\/dicodusport.fr\/blog\/#organization"}},{"@type":"WebPage","@id":"https:\/\/dicodusport.fr\/blog\/tour-du-limousin-2023-romain-gregoire-frappe-deja-sur-la-1ere-etape\/","url":"https:\/\/dicodusport.fr\/blog\/tour-du-limousin-2023-romain-gregoire-frappe-deja-sur-la-1ere-etape\/","name":"Tour du Limousin 2023 : Romain Gr\u00e9goire frappe d\u00e9j\u00e0 sur la 1\u00e8re \u00e9tape","isPartOf":{"@id":"https:\/\/dicodusport.fr\/blog\/#website"},"primaryImageOfPage":{"@id":"https:\/\/dicodusport.fr\/blog\/tour-du-limousin-2023-romain-gregoire-frappe-deja-sur-la-1ere-etape\/#primaryimage"},"image":{"@id":"https:\/\/dicodusport.fr\/blog\/tour-du-limousin-2023-romain-gregoire-frappe-deja-sur-la-1ere-etape\/#primaryimage"},"thumbnailUrl":"https:\/\/dicodusport.fr\/blog\/wp-content\/uploads\/2023\/08\/Tour-du-Limousin-2023-Romain-Gregoire-frappe-deja-sur-la-1ere-etape.png","datePublished":"2023-08-15T15:15:14+00:00","dateModified":"2023-08-15T21:23:44+00:00","description":"TOUR DU LIMOUSIN 2023 - Romain Gr\u00e9goire (Groupama-FDJ) remporte la premi\u00e8re \u00e9tape, apr\u00e8s un num\u00e9ro en solitaire.","breadcrumb":{"@id":"https:\/\/dicodusport.fr\/blog\/tour-du-limousin-2023-romain-gregoire-frappe-deja-sur-la-1ere-etape\/#breadcrumb"},"inLanguage":"fr-FR","potentialAction":[{"@type":"ReadAction","target":["https:\/\/dicodusport.fr\/blog\/tour-du-limousin-2023-romain-gregoire-frappe-deja-sur-la-1ere-etape\/"]}]},{"@type":"ImageObject","inLanguage":"fr-FR","@id":"https:\/\/dicodusport.fr\/blog\/tour-du-limousin-2023-romain-gregoire-frappe-deja-sur-la-1ere-etape\/#primaryimage","url":"https:\/\/dicodusport.fr\/blog\/wp-content\/uploads\/2023\/08\/Tour-du-Limousin-2023-Romain-Gregoire-frappe-deja-sur-la-1ere-etape.png","contentUrl":"https:\/\/dicodusport.fr\/blog\/wp-content\/uploads\/2023\/08\/Tour-du-Limousin-2023-Romain-Gregoire-frappe-deja-sur-la-1ere-etape.png","width":800,"height":445,"caption":"Tour du Limousin 2023 Romain Gr\u00e9goire frappe d\u00e9j\u00e0 sur la 1\u00e8re \u00e9tape"},{"@type":"BreadcrumbList","@id":"https:\/\/dicodusport.fr\/blog\/tour-du-limousin-2023-romain-gregoire-frappe-deja-sur-la-1ere-etape\/#breadcrumb","itemListElement":[{"@type":"ListItem","position":1,"name":"Accueil","item":"https:\/\/dicodusport.fr\/blog\/"},{"@type":"ListItem","position":2,"name":"Tour du Limousin 2023 : Romain Gr\u00e9goire frappe d\u00e9j\u00e0 sur la 1\u00e8re \u00e9tape"}]},{"@type":"WebSite","@id":"https:\/\/dicodusport.fr\/blog\/#website","url":"https:\/\/dicodusport.fr\/blog\/","name":"Dicodusport","description":"L&#039;encyclop\u00e9die de l&#039;actualit\u00e9 sportive","publisher":{"@id":"https:\/\/dicodusport.fr\/blog\/#organization"},"potentialAction":[{"@type":"SearchAction","target":{"@type":"EntryPoint","urlTemplate":"https:\/\/dicodusport.fr\/blog\/?s={search_term_string}"},"query-input":{"@type":"PropertyValueSpecification","valueRequired":true,"valueName":"search_term_string"}}],"inLanguage":"fr-FR"},{"@type":"NewsMediaOrganization","@id":"https:\/\/dicodusport.fr\/blog\/#organization","name":"Dicodusport","url":"https:\/\/dicodusport.fr\/blog\/","logo":{"@type":"ImageObject","inLanguage":"fr-FR","@id":"https:\/\/dicodusport.fr\/blog\/#\/schema\/logo\/image\/","url":"https:\/\/dicodusport.fr\/blog\/wp-content\/uploads\/2020\/06\/cropped-LOGO-DICODUSPORT-2020-SANS-FOND-SANS-TEXTE.png","contentUrl":"https:\/\/dicodusport.fr\/blog\/wp-content\/uploads\/2020\/06\/cropped-LOGO-DICODUSPORT-2020-SANS-FOND-SANS-TEXTE.png","width":512,"height":512,"caption":"Dicodusport"},"image":{"@id":"https:\/\/dicodusport.fr\/blog\/#\/schema\/logo\/image\/"},"sameAs":["https:\/\/www.facebook.com\/dicodusport","https:\/\/x.com\/dicodusport","https:\/\/www.instagram.com\/dicodusport\/","https:\/\/www.youtube.com\/channel\/UC7V2KZ5sd3htJivAbA4ZG3w"],"description":"Dicodusport est l'encyclop\u00e9die de l'actualit\u00e9 sportive.","email":"bonjour@dicodusport.fr","legalName":"DICODUSPORT","foundingDate":"2018-01-14","vatID":"FR71834470973","taxID":"83447097300043","numberOfEmployees":{"@type":"QuantitativeValue","minValue":"1","maxValue":"10"}},{"@type":"Person","@id":"https:\/\/dicodusport.fr\/blog\/#\/schema\/person\/d603dd7da31fb2b46c82b9835a77ec13","name":"Etienne Goursaud","image":{"@type":"ImageObject","inLanguage":"fr-FR","@id":"https:\/\/dicodusport.fr\/blog\/#\/schema\/person\/image\/","url":"https:\/\/dicodusport.fr\/blog\/wp-content\/uploads\/2023\/12\/410122264_10231602061736049_5565839791558026645_n-150x150.jpg","contentUrl":"https:\/\/dicodusport.fr\/blog\/wp-content\/uploads\/2023\/12\/410122264_10231602061736049_5565839791558026645_n-150x150.jpg","caption":"Etienne Goursaud"},"description":"Journaliste et amoureux de sport. Ancien footballeur reconverti athl\u00e8te quand ses muscles le laissent tranquille. \u00c9lev\u00e9 \u00e0 la sauce des exploits de Thomas Voeckler en 2004, du dernier essai de l\u00e9gende de Eunice Barber \u00e0 la longueur lors des championnats du monde d'athl\u00e9tisme de 2003 mais aussi Zidane, Omeyer et Titou Lamaison.","url":"https:\/\/dicodusport.fr\/blog\/author\/etienne-goursaud\/"}]}},"_links":{"self":[{"href":"https:\/\/dicodusport.fr\/blog\/wp-json\/wp\/v2\/posts\/408677","targetHints":{"allow":["GET"]}}],"collection":[{"href":"https:\/\/dicodusport.fr\/blog\/wp-json\/wp\/v2\/posts"}],"about":[{"href":"https:\/\/dicodusport.fr\/blog\/wp-json\/wp\/v2\/types\/post"}],"author":[{"embeddable":true,"href":"https:\/\/dicodusport.fr\/blog\/wp-json\/wp\/v2\/users\/83"}],"replies":[{"embeddable":true,"href":"https:\/\/dicodusport.fr\/blog\/wp-json\/wp\/v2\/comments?post=408677"}],"version-history":[{"count":0,"href":"https:\/\/dicodusport.fr\/blog\/wp-json\/wp\/v2\/posts\/408677\/revisions"}],"wp:featuredmedia":[{"embeddable":true,"href":"https:\/\/dicodusport.fr\/blog\/wp-json\/wp\/v2\/media\/408850"}],"wp:attachment":[{"href":"https:\/\/dicodusport.fr\/blog\/wp-json\/wp\/v2\/media?parent=408677"}],"wp:term":[{"taxonomy":"category","embeddable":true,"href":"https:\/\/dicodusport.fr\/blog\/wp-json\/wp\/v2\/categories?post=408677"},{"taxonomy":"post_tag","embeddable":true,"href":"https:\/\/dicodusport.fr\/blog\/wp-json\/wp\/v2\/tags?post=408677"}],"curies":[{"name":"wp","href":"https:\/\/api.w.org\/{rel}","templated":true}]}}