{"id":408717,"date":"2023-08-20T14:55:28","date_gmt":"2023-08-20T12:55:28","guid":{"rendered":"https:\/\/dicodusport.fr\/blog\/?p=408717&#038;preview=true&#038;preview_id=408717"},"modified":"2023-08-20T14:55:14","modified_gmt":"2023-08-20T12:55:14","slug":"motogp-autriche-2023-chaine-tv-programme-et-resultats","status":"publish","type":"post","link":"https:\/\/dicodusport.fr\/blog\/motogp-autriche-2023-chaine-tv-programme-et-resultats\/","title":{"rendered":"MotoGP Autriche 2023 : Les r\u00e9sultats complets"},"content":{"rendered":"<p style=\"text-align: justify;\"><em><strong><a href=\"https:\/\/dicodusport.fr\/blog\/actualites\/sports-mecaniques\/moto\/\">MOTOGP 2023<\/a> &#8211; Le Grand Prix d&rsquo;Autriche <\/strong><\/em><em><strong>2023 de MotoGP va se d\u00e9rouler ce week-end sur le circuit de Spielberg, aussi appel\u00e9 le Red Bull Ring<span class=\"tsp-di\">. Qui s&rsquo;imposera apr\u00e8s <a href=\"https:\/\/dicodusport.fr\/blog\/motogp-grande-bretagne-2023-aleix-espargaro-lemporte-dun-souffle-face-a-francesco-bagnaia\/\">la belle victoire d&rsquo;Aleix Espargaro en Grande-Bretagne<\/a><\/span> ? Programme TV, horaires, enjeux et r\u00e9sultats : soyez incollables avant la 10<sup>\u00e8me<\/sup> manche du Championnat du monde de MotoGP 2023.<\/strong><\/em><\/p>\n<p style=\"text-align: justify;\">Le\u00a0<strong>Grand Prix d\u2019Autriche<\/strong>\u00a0est une \u00e9tape historique du\u00a0<strong>championnat du monde de MotoGP<\/strong>, qui est inscrite au calendrier depuis 1971. Il s\u2019est d\u00e9roul\u00e9 sur le circuit automobile du Salzburgring jusqu\u2019en 1994. Ensuite, deux \u00e9ditions ont eu lieu sur l\u2019A1-Ring de Spielberg avant de faire une longue pause. C\u2019est seulement en 2016 que le GP est revenu sur le d\u00e9sormais Red Bull Ring. Depuis cette ann\u00e9e-l\u00e0, l\u2019Italien <strong>Andrea Dovizioso<\/strong>\u00a0l\u2019a gagn\u00e9 trois fois (2017, 2019 et 2020). Son compatriote\u00a0<strong>Andrea Iannone<\/strong>\u00a0l\u2019a gagn\u00e9 en 2016 et l\u2019Espagnol\u00a0<strong>Jorge Lorenzo<\/strong> a remport\u00e9 la manche de 2018. <strong>Brad Binder<\/strong> (Red Bull KTM) avait remport\u00e9 une course folle en 2021.<\/p>\n<p style=\"text-align: justify;\">La derni\u00e8re \u00e9dition de 2022 avait \u00e9t\u00e9 remport\u00e9e par l&rsquo;Italien <strong>Francesco Bagnaia<\/strong> (Ducati) pour sa 9<sup>\u00e8me<\/sup> victoire dans la cat\u00e9gorie. Il devan\u00e7ait le Fran\u00e7ais <strong>Fabio Quartararo<\/strong> (Monster Energy Yamaha) et son d\u00e9sormais ex-co\u00e9quipier <strong>Jack Miller<\/strong>. <strong>Johann Zarco<\/strong> (Pramac Ducati) avait termin\u00e9 5\u00e8me.<\/p>\n<p><iframe loading=\"lazy\" title=\"\u00c9norme d\u00e9passement de Quartararo ! - Grand Prix d'Autriche - MotoGP\" src=\"https:\/\/www.youtube.com\/embed\/8fJsQ8A0Z1g\" width=\"956\" height=\"538\" frameborder=\"0\" allowfullscreen=\"allowfullscreen\"><\/iframe><\/p>\n<h2>Les sp\u00e9cificit\u00e9s du circuit<\/h2>\n<p style=\"text-align: justify;\">Un tour du\u00a0<strong>Red Bull Ring\u00a0<\/strong>en moto, c\u2019est 4,3 km ! Ce dernier<strong>\u00a0<\/strong>se trouve \u00e0 Spielberg, en plein centre de l\u2019Autriche. Le sport reste populaire l\u00e0-bas malgr\u00e9 l\u2019absence de pilote sur la grille de MotoGP. Le trac\u00e9 comporte 11 virages, dont 3 \u00e0 gauche et 8 \u00e0 droite. Il est consid\u00e9r\u00e9 comme l\u2019un des circuits les plus difficiles et courts de la saison. La course se d\u00e9roulera sur 28 tours, soit environ 121 km. La plus longue ligne droite ne mesure que 626 m\u00e8tres, o\u00f9 les pilotes atteignent g\u00e9n\u00e9ralement les 300 km\/h.<\/p>\n<div class=\"code-block code-block-3\">\n<div class=\"Content_2 optidigital-ad-center-sticky\">\n<div id=\"attachment_252810\" style=\"width: 1152px\" class=\"wp-caption aligncenter\"><img loading=\"lazy\" decoding=\"async\" aria-describedby=\"caption-attachment-252810\" class=\"size-full wp-image-252810\" src=\"https:\/\/dicodusport.fr\/blog\/wp-content\/uploads\/2022\/08\/MotoGP-Red-Bull-Ring-GP-Autriche.png\" alt=\"MotoGP - Red Bull Ring - GP Autriche\" width=\"1142\" height=\"753\" srcset=\"https:\/\/dicodusport.fr\/blog\/wp-content\/uploads\/2022\/08\/MotoGP-Red-Bull-Ring-GP-Autriche.png 1142w, https:\/\/dicodusport.fr\/blog\/wp-content\/uploads\/2022\/08\/MotoGP-Red-Bull-Ring-GP-Autriche-300x198.png 300w, https:\/\/dicodusport.fr\/blog\/wp-content\/uploads\/2022\/08\/MotoGP-Red-Bull-Ring-GP-Autriche-1024x675.png 1024w, https:\/\/dicodusport.fr\/blog\/wp-content\/uploads\/2022\/08\/MotoGP-Red-Bull-Ring-GP-Autriche-768x506.png 768w\" sizes=\"auto, (max-width: 1142px) 100vw, 1142px\" \/><p id=\"caption-attachment-252810\" class=\"wp-caption-text\">MotoGP &#8211; Red Bull Ring &#8211; GP Autriche<\/p><\/div>\n<\/div>\n<\/div>\n<p style=\"text-align: justify;\">C\u00f4t\u00e9 m\u00e9t\u00e9o, les conditions s\u2019annoncent tr\u00e8s cl\u00e9mentes. Un grand soleil est attendu lors des trois jours et les temp\u00e9ratures atteindront les 29 degr\u00e9s.<\/p>\n<h2 style=\"text-align: justify;\">Les enjeux<\/h2>\n<p style=\"text-align: justify;\">Cette saison est encore palpitante ! De nombreux pilotes de la grille sont capables et ont d\u00e9j\u00e0 gagn\u00e9 dans la cat\u00e9gorie ! Le nouveau format de course sprint est d\u00e9sormais totalement ancr\u00e9 dans les week-ends. Le champion du monde 2021, <strong>Fabio Quartararo<\/strong>, est toujours en difficult\u00e9 et encore de retour de blessure. Au contraire, son rival de chez Ducati <strong>Francesco Bagnaia <\/strong>est revenu de vacances en pleine forme et veut toujours d\u00e9fendre son titre remport\u00e9 l&rsquo;an dernier. Il a d&rsquo;ailleurs gagn\u00e9 plusieurs courses depuis le d\u00e9but de saison et m\u00e8ne le championnat avec 214 points.<\/p>\n<p style=\"text-align: justify;\">N\u00e9anmoins, il est encore challeng\u00e9 par son jeune compatriote <strong>Marco Bezzecchi<\/strong> (Mooney VR46) qui compte 47 points de moins que lui au championnat. Juste devant de 6 points, <strong>Jorge Martin<\/strong> (Pramac Ducati) revient en force. Apr\u00e8s la mi-saison, le championnat se jouera sans doute entre ces trois pilotes. N\u00e9anmoins, presque tous sont capables de gagner une course. Par exemple, <strong>Jack Miller<\/strong> et <strong>Brad Binder<\/strong> se portent tr\u00e8s bien chez Red Bull KTM. Un seul rookie est pr\u00e9sent cette ann\u00e9e, il s&rsquo;agit d&rsquo;<strong>Augusto Fernandez<\/strong> (Gasgas Factory racing Tech3), qui a remport\u00e9 le championnat de Moto 2 2022.<\/p>\n<p style=\"text-align: justify;\">Les \u00e9preuves de Moto 2 et Moto 3 seront \u00e9galement \u00e0 suivre ce week-end. \u00c0 noter que le Fran\u00e7ais <strong>Lorenzo Fellon<\/strong> (CIP Green Power) fait son grand retour ce week-end apr\u00e8s le soin d&rsquo;une lourde blessure \u00e0 l&rsquo;\u00e9paule contract\u00e9e lors de la toute premi\u00e8re manche de la saison.<\/p>\n<h2 style=\"text-align: justify;\">Le programme TV et horaires du Grand Prix d&rsquo;Autriche 2023 de MotoGP<\/h2>\n<table style=\"width: 100%; border-collapse: collapse;\">\n<tbody>\n<tr>\n<td style=\"background-color: #c80502; width: 800px; text-align: center; vertical-align: middle;\" colspan=\"6\"><span style=\"color: #ffffff;\"><strong>VENDREDI 18 AO\u00dbT 2023<\/strong><\/span><\/td>\n<\/tr>\n<tr>\n<td style=\"text-align: center; vertical-align: middle; width: 20%; background-color: #000000;\"><span style=\"color: #ffffff; font-size: 0.9em;\"><strong>Horaire<\/strong><\/span><\/td>\n<td style=\"text-align: center; vertical-align: middle; width: 20%; background-color: #000000;\" colspan=\"2\"><span style=\"color: #ffffff;\"><span style=\"font-size: 0.9em;\"><b>\u00c9preuve<\/b><\/span><\/span><\/td>\n<td style=\"text-align: center; vertical-align: middle; width: 20%; background-color: #000000;\"><span style=\"color: #ffffff; font-size: 0.9em;\"><strong>Premier<\/strong><\/span><\/td>\n<td style=\"text-align: center; vertical-align: middle; width: 20%; background-color: #000000;\"><span style=\"color: #ffffff; font-size: 0.9em;\"><strong>Deuxi\u00e8me<\/strong><\/span><\/td>\n<td style=\"text-align: center; vertical-align: middle; width: 20%; background-color: #000000;\"><span style=\"color: #ffffff; font-size: 0.9em;\"><strong>Troisi\u00e8me<\/strong><\/span><\/td>\n<\/tr>\n<tr>\n<td style=\"text-align: center; vertical-align: middle; width: 20%;\"><strong>10H45 &#8211; 11H30<\/strong><\/td>\n<td style=\"text-align: center; vertical-align: middle; width: 20%;\" colspan=\"2\"><strong>Essais libres 1<span style=\"font-size: 0.9em;\"><em><span style=\"font-size: 0.8em;\"><br \/>\n<\/span><\/em><\/span><a href=\"https:\/\/fr.motorsport.com\/motogp\/results\/2023\/gp-dautriche-626154\/?st=FP1\"><span style=\"font-size: 11.52px;\"><i>Classement<\/i><\/span><\/a><br \/>\n<\/strong><\/td>\n<td style=\"text-align: center; vertical-align: middle; width: 20%;\"><span style=\"font-size: 0.9em;\"><strong>\ud83c\uddeb\ud83c\uddf7 JOHANN ZARCO<br \/>\n<\/strong><span style=\"font-size: 0.8em;\">PRIMA PRAMAC RACING<br \/>\n<strong><span style=\"font-size: 11.52px;\"><i>1:29.838<\/i><\/span><\/strong><br \/>\n<\/span><\/span><\/td>\n<td style=\"text-align: center; vertical-align: middle; width: 20%;\"><span style=\"font-size: 0.9em;\"><strong>\ud83c\uddeb\ud83c\uddf7 FABIO QUARTARARO<br \/>\n<\/strong><span style=\"font-size: 0.8em;\">MONSTER ENERGY YAMAHA MOTOGP<br \/>\n<strong><span style=\"font-size: 11.52px;\"><i>+0.399<\/i><\/span><\/strong><br \/>\n<\/span><\/span><\/td>\n<td style=\"text-align: center; vertical-align: middle; width: 20%;\"><span style=\"font-size: 0.9em;\"><strong>\ud83c\uddea\ud83c\uddf8 MAVERICK VINALES <br style=\"font-size: 14.4px;\" \/><\/strong><span style=\"font-size: 0.8em;\">APRILIA RACING<br \/>\n<strong><span style=\"font-size: 11.52px;\"><i>+0.411<\/i><\/span><\/strong><br \/>\n<\/span><\/span><\/td>\n<\/tr>\n<tr>\n<td style=\"text-align: center; vertical-align: middle; width: 20%;\"><strong>15H &#8211; 16H<\/strong><\/td>\n<td style=\"text-align: center; vertical-align: middle;\" colspan=\"2\"><strong>Essais libres 2<br \/>\n<a href=\"https:\/\/fr.motorsport.com\/motogp\/results\/2023\/gp-dautriche-626154\/?st=FP\"><span style=\"font-size: 11.52px;\"><i>Classement<\/i><\/span><\/a><br \/>\n<\/strong><\/td>\n<td style=\"text-align: center; vertical-align: middle; width: 20%;\"><span style=\"font-size: 0.9em;\"><strong>\ud83c\uddee\ud83c\uddf9 MARCO BEZZECCHI<br \/>\n<\/strong><span style=\"font-size: 0.8em;\">MOONEY VR46 RACING TEAM<br \/>\n<strong><span style=\"font-size: 11.52px;\"><i>1:28.533<\/i><\/span><\/strong><br \/>\n<\/span><\/span><\/td>\n<td style=\"text-align: center; vertical-align: middle; width: 20%;\"><span style=\"font-size: 0.9em;\"><strong>\ud83c\uddea\ud83c\uddf8 MAVERICK VINALES <br style=\"font-size: 14.4px;\" \/><\/strong><span style=\"font-size: 0.8em;\">APRILIA RACING<br \/>\n<strong><span style=\"font-size: 11.52px;\"><i>+0.044<\/i><\/span><\/strong><\/span><\/span><\/td>\n<td style=\"text-align: center; vertical-align: middle; width: 20%;\"><span style=\"font-size: 0.9em;\"><strong>\ud83c\uddee\ud83c\uddf9 FRANCESCO BAGNAIA<br \/>\n<\/strong><span style=\"font-size: 0.8em;\">DUCATI LENOVO TEAM<br \/>\n<strong><span style=\"font-size: 11.52px;\"><i>+0.288<\/i><\/span><\/strong><br \/>\n<\/span><\/span><\/td>\n<\/tr>\n<tr>\n<td style=\"background-color: #c80502; width: 800px; text-align: center; vertical-align: middle;\" colspan=\"6\"><span style=\"color: #ffffff;\"><strong>SAMEDI 19 AO\u00dbT 2023<\/strong><\/span><\/td>\n<\/tr>\n<tr>\n<td style=\"text-align: center; vertical-align: middle; width: 20%; background-color: #000000;\"><span style=\"color: #ffffff; font-size: 0.9em;\"><strong>Horaire<\/strong><\/span><\/td>\n<td style=\"text-align: center; vertical-align: middle; width: 20%; background-color: #000000;\" colspan=\"2\"><span style=\"color: #ffffff;\"><span style=\"font-size: 0.9em;\"><b>\u00c9preuve<\/b><\/span><\/span><\/td>\n<td style=\"text-align: center; vertical-align: middle; width: 20%; background-color: #000000;\"><span style=\"color: #ffffff; font-size: 0.9em;\"><strong>Premier<\/strong><\/span><\/td>\n<td style=\"text-align: center; vertical-align: middle; width: 20%; background-color: #000000;\"><span style=\"color: #ffffff; font-size: 0.9em;\"><strong>Deuxi\u00e8me<\/strong><\/span><\/td>\n<td style=\"text-align: center; vertical-align: middle; width: 20%; background-color: #000000;\"><span style=\"color: #ffffff; font-size: 0.9em;\"><strong>Troisi\u00e8me<\/strong><\/span><\/td>\n<\/tr>\n<tr>\n<td style=\"text-align: center; vertical-align: middle; width: 20%;\"><strong>10H10 &#8211; 10H40<\/strong><\/td>\n<td style=\"text-align: center; vertical-align: middle; width: 20%;\" colspan=\"2\"><strong>Essais libres 3<span style=\"font-size: 0.9em;\"><em><span style=\"font-size: 0.8em;\"><br \/>\n<\/span><\/em><\/span><a href=\"https:\/\/fr.motorsport.com\/motogp\/results\/2023\/gp-dautriche-626154\/?st=FP2\"><span style=\"font-size: 11.52px;\"><i>Classement<\/i><\/span><\/a><br \/>\n<\/strong><\/td>\n<td style=\"text-align: center; vertical-align: middle; width: 20%;\"><span style=\"font-size: 0.9em;\"><strong>\ud83c\uddff\ud83c\udde6 BRAD BINDER<br \/>\n<\/strong><span style=\"font-size: 0.8em;\">RED BULL KTM FACTORY RACING<br \/>\n<strong><span style=\"font-size: 11.52px;\"><i>1:29.813<\/i><\/span><\/strong><br \/>\n<\/span><\/span><\/td>\n<td style=\"text-align: center; vertical-align: middle; width: 20%;\"><span style=\"font-size: 0.9em;\"><strong>\ud83c\uddee\ud83c\uddf9 MARCO BEZZECCHI<br \/>\n<\/strong><span style=\"font-size: 0.8em;\">MOONEY VR46 RACING TEAM<br \/>\n<strong><span style=\"font-size: 11.52px;\"><i>+0.083<\/i><\/span><\/strong><\/span><\/span><\/td>\n<td style=\"text-align: center; vertical-align: middle; width: 20%;\"><span style=\"font-size: 0.9em;\"><strong>\ud83c\uddea\ud83c\uddf8 MAVERICK VINALES <br style=\"font-size: 14.4px;\" \/><\/strong><span style=\"font-size: 0.8em;\">APRILIA RACING<br \/>\n<strong><span style=\"font-size: 11.52px;\"><i>+0.145<\/i><\/span><\/strong><\/span><\/span><\/td>\n<\/tr>\n<tr>\n<td style=\"text-align: center; vertical-align: middle; width: 20%;\"><strong>10H50 &#8211; 11<\/strong><strong>H05<\/strong><\/td>\n<td style=\"text-align: center; vertical-align: middle;\" colspan=\"2\"><strong>Qualifications 1<br \/>\n<a href=\"https:\/\/fr.motorsport.com\/motogp\/results\/2023\/gp-dautriche-626154\/?st=Q1\"><span style=\"font-size: 11.52px;\"><i>Classement<\/i><\/span><\/a><br \/>\n<\/strong><\/td>\n<td style=\"text-align: center; vertical-align: middle; width: 20%;\"><span style=\"font-size: 0.9em;\"><strong>\ud83c\udde6\ud83c\uddfa JACK MILLER<br \/>\n<\/strong><span style=\"font-size: 0.8em;\">RED BULL KTM FACTORY RACING<br \/>\n<strong><span style=\"font-size: 11.52px;\"><i>1:28.831<\/i><\/span><\/strong><br \/>\n<\/span><\/span><\/td>\n<td style=\"text-align: center; vertical-align: middle; width: 20%;\"><span style=\"font-size: 0.9em;\"><strong>\ud83c\uddee\ud83c\uddf9 LUCA MARINI<br \/>\n<\/strong><span style=\"font-size: 0.8em;\">MOONEY VR46 RACING TEAM<br \/>\n<strong><span style=\"font-size: 11.52px;\"><i>+0.289<\/i><\/span><\/strong><br \/>\n<\/span><\/span><\/td>\n<td style=\"text-align: center; vertical-align: middle; width: 20%;\"><span style=\"font-size: 0.9em;\"><strong>\ud83c\uddea\ud83c\uddf8 POL ESPARGARO<br \/>\n<\/strong><span style=\"font-size: 0.8em;\">GASGAS FACTORY RACING TECH3<br \/>\n<strong><span style=\"font-size: 11.52px;\"><i>+0.464<\/i><\/span><\/strong><br \/>\n<\/span><\/span><\/td>\n<\/tr>\n<tr>\n<td style=\"text-align: center; vertical-align: middle; width: 20%;\"><strong>11H15 &#8211; 11H30<\/strong><\/td>\n<td style=\"text-align: center; vertical-align: middle;\" colspan=\"2\"><strong>Qualifications 2<br \/>\n<a href=\"https:\/\/dicodusport.fr\/blog\/motogp-autriche-2023-francesco-bagnaia-rafle-la-pole-dun-souffle\/\"><span style=\"font-size: 11.52px;\"><i>R\u00e9sum\u00e9<\/i><\/span><\/a><br \/>\n<\/strong><\/td>\n<td style=\"text-align: center; vertical-align: middle; width: 20%;\"><span style=\"font-size: 0.9em;\"><strong>\ud83c\uddee\ud83c\uddf9 FRANCESCO BAGNAIA<br \/>\n<\/strong><span style=\"font-size: 0.8em;\">DUCATI LENOVO TEAM<br \/>\n<strong><span style=\"font-size: 11.52px;\"><i>1:28.539<\/i><\/span><\/strong><\/span><\/span><\/td>\n<td style=\"text-align: center; vertical-align: middle; width: 20%;\"><span style=\"font-size: 0.9em;\"><strong>\ud83c\uddea\ud83c\uddf8 MAVERICK VINALES <br style=\"font-size: 14.4px;\" \/><\/strong><span style=\"font-size: 0.8em;\">APRILIA RACING<br \/>\n<strong><span style=\"font-size: 11.52px;\"><i>+0.037<\/i><\/span><\/strong><\/span><\/span><\/td>\n<td style=\"text-align: center; vertical-align: middle; width: 20%;\"><span style=\"font-size: 0.9em;\"><strong>\ud83c\uddff\ud83c\udde6 BRAD BINDER<br \/>\n<\/strong><span style=\"font-size: 0.8em;\">RED BULL KTM FACTORY RACING<br \/>\n<strong><span style=\"font-size: 11.52px;\"><i>+0.114<\/i><\/span><\/strong><\/span><\/span><\/td>\n<\/tr>\n<tr>\n<td style=\"text-align: center; vertical-align: middle; width: 20%;\"><strong>15H00<\/strong><\/td>\n<td style=\"text-align: center; vertical-align: middle; width: 20%;\" colspan=\"2\"><strong>Course Sprint<span style=\"font-size: 11.52px;\"><i><br \/>\n<a href=\"https:\/\/dicodusport.fr\/blog\/motogp-autriche-2023-nouveau-cavalier-seul-pour-pecco-bagnaia-vainqueur-de-la-course-sprint\/\">R\u00e9sum\u00e9<\/a> &#8211; <a href=\"https:\/\/dicodusport.fr\/blog\/motogp-autriche-2023-classement-course-sprint\/\">Classement<\/a><\/i><\/span><\/strong><\/td>\n<td style=\"text-align: center; vertical-align: middle; width: 20%;\"><span style=\"font-size: 0.9em;\"><strong>\ud83c\uddee\ud83c\uddf9 FRANCESCO BAGNAIA<br \/>\n<\/strong><span style=\"font-size: 0.8em;\">DUCATI LENOVO TEAM<br \/>\n<strong><em>21:01.844<\/em><\/strong><br \/>\n<\/span><\/span><\/td>\n<td style=\"text-align: center; vertical-align: middle; width: 20%;\"><span style=\"font-size: 0.9em;\"><strong>\ud83c\uddff\ud83c\udde6 BRAD BINDER<br \/>\n<\/strong><span style=\"font-size: 0.8em;\">RED BULL KTM FACTORY RACING<br \/>\n<strong><span style=\"font-size: 11.52px;\"><i>+2.056<\/i><\/span><\/strong><\/span><\/span><\/td>\n<td style=\"text-align: center; vertical-align: middle; width: 20%;\"><span style=\"font-size: 0.9em;\"><strong>\ud83c\uddea\ud83c\uddf8 JORGE MARTIN<br \/>\n<\/strong><span style=\"font-size: 0.8em;\">PRIMA PRAMAC RACING<br \/>\n<strong><span style=\"font-size: 11.52px;\"><i>+5.045<\/i><\/span><\/strong><\/span><\/span><\/td>\n<\/tr>\n<tr>\n<td style=\"background-color: #c80502; width: 800px; text-align: center; vertical-align: middle;\" colspan=\"6\"><span style=\"color: #ffffff;\"><strong>DIMANCHE 20 AO\u00dbT 2023<\/strong><\/span><\/td>\n<\/tr>\n<tr>\n<td style=\"text-align: center; vertical-align: middle; width: 20%; background-color: #000000;\"><span style=\"color: #ffffff; font-size: 0.9em;\"><strong>Horaire<\/strong><\/span><\/td>\n<td style=\"text-align: center; vertical-align: middle; width: 20%; background-color: #000000;\" colspan=\"2\"><span style=\"color: #ffffff;\"><span style=\"font-size: 0.9em;\"><b>\u00c9preuve<\/b><\/span><\/span><\/td>\n<td style=\"text-align: center; vertical-align: middle; width: 20%; background-color: #000000;\"><span style=\"color: #ffffff; font-size: 0.9em;\"><strong>Premier<\/strong><\/span><\/td>\n<td style=\"text-align: center; vertical-align: middle; width: 20%; background-color: #000000;\"><span style=\"color: #ffffff; font-size: 0.9em;\"><strong>Deuxi\u00e8me<\/strong><\/span><\/td>\n<td style=\"text-align: center; vertical-align: middle; width: 20%; background-color: #000000;\"><span style=\"color: #ffffff; font-size: 0.9em;\"><strong>Troisi\u00e8me<\/strong><\/span><\/td>\n<\/tr>\n<tr>\n<td style=\"text-align: center; vertical-align: middle; width: 20%;\"><strong>9H45 &#8211; 9H55<\/strong><\/td>\n<td style=\"text-align: center; vertical-align: middle; width: 20%;\" colspan=\"2\"><strong>Warm-up<br \/>\n<a href=\"https:\/\/fr.motorsport.com\/motogp\/results\/2023\/gp-dautriche-626154\/?st=W\"><span style=\"font-size: 11.52px;\"><i>Classement<\/i><\/span><\/a><br \/>\n<\/strong><\/td>\n<td style=\"text-align: center; vertical-align: middle; width: 20%;\"><span style=\"font-size: 0.9em;\"><strong>\ud83c\uddee\ud83c\uddf9 FRANCESCO BAGNAIA<br \/>\n<\/strong><span style=\"font-size: 0.8em;\">DUCATI LENOVO TEAM<br \/>\n<strong><em>1:29.517<\/em><\/strong><\/span><\/span><\/td>\n<td style=\"text-align: center; vertical-align: middle; width: 20%;\"><span style=\"font-size: 0.9em;\"><strong>\ud83c\uddeb\ud83c\uddf7 FABIO QUARTARARO<br \/>\n<\/strong><span style=\"font-size: 0.8em;\">MONSTER ENERGY YAMAHA MOTOGP<br \/>\n<strong><span style=\"font-size: 11.52px;\"><i>+0.113<\/i><\/span><\/strong><\/span><\/span><\/td>\n<td style=\"text-align: center; vertical-align: middle; width: 20%;\"><span style=\"font-size: 0.9em;\"><strong>\ud83c\uddea\ud83c\uddf8 ALEX MARQUEZ<br \/>\n<\/strong><span style=\"font-size: 0.8em;\">GRESINI RACING MOTOGP<br \/>\n<strong><span style=\"font-size: 11.52px;\"><i>+0.255<\/i><\/span><\/strong><br \/>\n<\/span><\/span><\/td>\n<\/tr>\n<tr>\n<td style=\"text-align: center; vertical-align: middle; width: 20%;\"><strong>14H00<\/strong><\/td>\n<td style=\"text-align: center; vertical-align: middle; width: 20%;\" colspan=\"2\"><strong>Course<br \/>\n<span style=\"font-size: 11.52px;\"><i><a href=\"https:\/\/dicodusport.fr\/blog\/motogp-autriche-2023-francesco-bagnaia-simpose-encore-largement\/\">R\u00e9sum\u00e9<\/a> &#8211; <a href=\"https:\/\/dicodusport.fr\/blog\/motogp-classement-du-grand-prix-dautriche-2023\/\">Classement<\/a><\/i><\/span><br \/>\n<\/strong><\/td>\n<td style=\"text-align: center; vertical-align: middle; width: 20%;\"><span style=\"font-size: 0.9em;\"><strong>\ud83c\uddee\ud83c\uddf9 FRANCESCO BAGNAIA<br \/>\n<\/strong><span style=\"font-size: 0.8em;\">DUCATI LENOVO TEAM<br \/>\n<strong><em>42:23.315<\/em><\/strong><br \/>\n<\/span><\/span><\/td>\n<td style=\"text-align: center; vertical-align: middle; width: 20%;\"><span style=\"font-size: 0.9em;\"><strong>\ud83c\uddff\ud83c\udde6 BRAD BINDER<br \/>\n<\/strong><span style=\"font-size: 0.8em;\">RED BULL KTM FACTORY RACING<br \/>\n<strong><span style=\"font-size: 11.52px;\"><i>+5.191<\/i><\/span><\/strong><br \/>\n<\/span><\/span><\/td>\n<td style=\"text-align: center; vertical-align: middle; width: 20%;\"><span style=\"font-size: 0.9em;\"><strong>\ud83c\uddee\ud83c\uddf9 MARCO BEZZECCHI<br \/>\n<\/strong><span style=\"font-size: 0.8em;\">MOONEY VR46 RACING TEAM<br \/>\n<strong><span style=\"font-size: 11.52px;\"><i>+7.708<\/i><\/span><\/strong><br \/>\n<\/span><\/span><\/td>\n<\/tr>\n<\/tbody>\n<\/table>\n<h2 style=\"text-align: justify;\">\u00c0 lire aussi<\/h2>\n<ul>\n<li style=\"text-align: justify;\"><a href=\"https:\/\/dicodusport.fr\/blog\/motogp-2023-calendrier-et-resultats\/\"><strong>MotoGP 2023 &#8211; Calendrier et r\u00e9sultats<\/strong><\/a><\/li>\n<li style=\"text-align: justify;\"><a href=\"https:\/\/dicodusport.fr\/blog\/motogp-2023-classement-du-championnat-du-monde-des-pilotes\/\"><strong>Le classement du championnat du monde des pilotes<\/strong><\/a><\/li>\n<\/ul>\n<div class=\"vlp-link-container vlp-layout-article\"><a href=\"https:\/\/dicodusport.fr\/blog\/salaires-motogp-2023-qui-sont-les-pilotes-les-mieux-payes\/\" class=\"vlp-link\" title=\"Salaires MotoGP 2023 : Qui sont les pilotes les mieux pay\u00e9s ?\"><\/a><div class=\"vlp-layout-zone-side\"><div class=\"vlp-block-4 vlp-link-image\"><img loading=\"lazy\" decoding=\"async\" style=\"max-width: 800px;\" width=\"800\" height=\"445\" src=\"https:\/\/dicodusport.fr\/blog\/wp-content\/uploads\/2023\/03\/Salaires-MotoGP-2023-Qui-sont-les-pilotes-les-mieux-payes-.png\" class=\"attachment-800x445 size-800x445\" alt=\"Salaires MotoGP 2023 Qui sont les pilotes les mieux pay\u00e9s\" srcset=\"https:\/\/dicodusport.fr\/blog\/wp-content\/uploads\/2023\/03\/Salaires-MotoGP-2023-Qui-sont-les-pilotes-les-mieux-payes-.png 800w, https:\/\/dicodusport.fr\/blog\/wp-content\/uploads\/2023\/03\/Salaires-MotoGP-2023-Qui-sont-les-pilotes-les-mieux-payes--300x167.png 300w, https:\/\/dicodusport.fr\/blog\/wp-content\/uploads\/2023\/03\/Salaires-MotoGP-2023-Qui-sont-les-pilotes-les-mieux-payes--768x427.png 768w\" sizes=\"auto, (max-width: 800px) 100vw, 800px\" \/><\/div><\/div><div class=\"vlp-layout-zone-main\"><div class=\"vlp-block-0 vlp-link-title\">Salaires MotoGP 2023 : Qui sont les pilotes les mieux pay\u00e9s ?<\/div><div class=\"vlp-block-1 vlp-link-summary\">SALAIRES MOTOGP 2023 - Sports Data ID, sur les informations, entre autres, de la Gazzetta dello Sport, a d\u00e9voil\u00e9 les salaires des 22 pilotes MotoGP pour la saison 2023.<\/div><div class=\"vlp-block-2 vlp-link-button\">Lire l'article<\/div><div class=\"vlp-block-3 vlp-link-url\">dicodusport.fr<\/div><\/div><\/div>\n","protected":false},"excerpt":{"rendered":"<p>MOTOGP AUTRICHE 2023 &#8211; Programme, cha\u00eene TV et r\u00e9sultats de la 10\u00e8me manche de la saison de MotoGP sur le circuit de Spielberg.<\/p>\n","protected":false},"author":54,"featured_media":409876,"comment_status":"open","ping_status":"closed","sticky":false,"template":"","format":"standard","meta":{"_acf_changed":false,"_daextam_enable_autolinks":"","footnotes":""},"categories":[47087],"tags":[16878,10938,18565],"class_list":["post-408717","post","type-post","status-publish","format-standard","has-post-thumbnail","hentry","category-motogp","tag-breve","tag-motogp","tag-motogp-autriche"],"acf":[],"yoast_head":"<!-- This site is optimized with the Yoast SEO Premium plugin v26.7 (Yoast SEO v26.7) - https:\/\/yoast.com\/wordpress\/plugins\/seo\/ -->\n<title>MotoGP Autriche 2023 : Les r\u00e9sultats complets<\/title>\n<meta name=\"description\" content=\"MOTOGP AUTRICHE 2023 - Programme, cha\u00eene TV et r\u00e9sultats de la 10\u00e8me manche de la saison de MotoGP sur le circuit de Spielberg.\" \/>\n<meta name=\"robots\" content=\"index, follow, max-snippet:-1, max-image-preview:large, max-video-preview:-1\" \/>\n<link rel=\"canonical\" href=\"https:\/\/dicodusport.fr\/blog\/motogp-autriche-2023-chaine-tv-programme-et-resultats\/\" \/>\n<meta property=\"og:locale\" content=\"fr_FR\" \/>\n<meta property=\"og:type\" content=\"article\" \/>\n<meta property=\"og:title\" content=\"MotoGP Autriche 2023 : Les r\u00e9sultats complets\" \/>\n<meta property=\"og:description\" content=\"MOTOGP AUTRICHE 2023 - Programme, cha\u00eene TV et r\u00e9sultats de la 10\u00e8me manche de la saison de MotoGP sur le circuit de Spielberg.\" \/>\n<meta property=\"og:url\" content=\"https:\/\/dicodusport.fr\/blog\/motogp-autriche-2023-chaine-tv-programme-et-resultats\/\" \/>\n<meta property=\"og:site_name\" content=\"Dicodusport\" \/>\n<meta property=\"article:publisher\" content=\"https:\/\/www.facebook.com\/dicodusport\" \/>\n<meta property=\"article:author\" content=\"https:\/\/www.facebook.com\/roxane.lecacher\" \/>\n<meta property=\"article:published_time\" content=\"2023-08-20T12:55:28+00:00\" \/>\n<meta property=\"og:image\" content=\"https:\/\/dicodusport.fr\/blog\/wp-content\/uploads\/2023\/08\/MotoGP-Autriche-2023-Nouveau-cavalier-seul-pour-Pecco-Bagnaia-vainqueur-de-la-course-sprint-1.png\" \/>\n\t<meta property=\"og:image:width\" content=\"800\" \/>\n\t<meta property=\"og:image:height\" content=\"445\" \/>\n\t<meta property=\"og:image:type\" content=\"image\/png\" \/>\n<meta name=\"author\" content=\"Roxane Lecacher\" \/>\n<meta name=\"twitter:card\" content=\"summary_large_image\" \/>\n<meta name=\"twitter:title\" content=\"MotoGP Autriche 2023 : Les r\u00e9sultats complets\" \/>\n<meta name=\"twitter:creator\" content=\"@dicodusport\" \/>\n<meta name=\"twitter:site\" content=\"@dicodusport\" \/>\n<script type=\"application\/ld+json\" class=\"yoast-schema-graph\">{\"@context\":\"https:\/\/schema.org\",\"@graph\":[{\"@type\":\"NewsArticle\",\"@id\":\"https:\/\/dicodusport.fr\/blog\/motogp-autriche-2023-chaine-tv-programme-et-resultats\/#article\",\"isPartOf\":{\"@id\":\"https:\/\/dicodusport.fr\/blog\/motogp-autriche-2023-chaine-tv-programme-et-resultats\/\"},\"author\":{\"name\":\"Roxane Lecacher\",\"@id\":\"https:\/\/dicodusport.fr\/blog\/#\/schema\/person\/819fb2545dd2715bd7c0580d6d4b411a\"},\"headline\":\"MotoGP Autriche 2023 : Les r\u00e9sultats complets\",\"datePublished\":\"2023-08-20T12:55:28+00:00\",\"mainEntityOfPage\":{\"@id\":\"https:\/\/dicodusport.fr\/blog\/motogp-autriche-2023-chaine-tv-programme-et-resultats\/\"},\"wordCount\":935,\"commentCount\":0,\"publisher\":{\"@id\":\"https:\/\/dicodusport.fr\/blog\/#organization\"},\"image\":{\"@id\":\"https:\/\/dicodusport.fr\/blog\/motogp-autriche-2023-chaine-tv-programme-et-resultats\/#primaryimage\"},\"thumbnailUrl\":\"https:\/\/dicodusport.fr\/blog\/wp-content\/uploads\/2023\/08\/MotoGP-Autriche-2023-Nouveau-cavalier-seul-pour-Pecco-Bagnaia-vainqueur-de-la-course-sprint-1.png\",\"keywords\":[\"br\u00e8ve\",\"MotoGP\",\"MotoGP Autriche\"],\"articleSection\":[\"MotoGP\"],\"inLanguage\":\"fr-FR\",\"potentialAction\":[{\"@type\":\"CommentAction\",\"name\":\"Comment\",\"target\":[\"https:\/\/dicodusport.fr\/blog\/motogp-autriche-2023-chaine-tv-programme-et-resultats\/#respond\"]}],\"copyrightYear\":\"2023\",\"copyrightHolder\":{\"@id\":\"https:\/\/dicodusport.fr\/blog\/#organization\"}},{\"@type\":\"WebPage\",\"@id\":\"https:\/\/dicodusport.fr\/blog\/motogp-autriche-2023-chaine-tv-programme-et-resultats\/\",\"url\":\"https:\/\/dicodusport.fr\/blog\/motogp-autriche-2023-chaine-tv-programme-et-resultats\/\",\"name\":\"MotoGP Autriche 2023 : Les r\u00e9sultats complets\",\"isPartOf\":{\"@id\":\"https:\/\/dicodusport.fr\/blog\/#website\"},\"primaryImageOfPage\":{\"@id\":\"https:\/\/dicodusport.fr\/blog\/motogp-autriche-2023-chaine-tv-programme-et-resultats\/#primaryimage\"},\"image\":{\"@id\":\"https:\/\/dicodusport.fr\/blog\/motogp-autriche-2023-chaine-tv-programme-et-resultats\/#primaryimage\"},\"thumbnailUrl\":\"https:\/\/dicodusport.fr\/blog\/wp-content\/uploads\/2023\/08\/MotoGP-Autriche-2023-Nouveau-cavalier-seul-pour-Pecco-Bagnaia-vainqueur-de-la-course-sprint-1.png\",\"datePublished\":\"2023-08-20T12:55:28+00:00\",\"description\":\"MOTOGP AUTRICHE 2023 - Programme, cha\u00eene TV et r\u00e9sultats de la 10\u00e8me manche de la saison de MotoGP sur le circuit de Spielberg.\",\"breadcrumb\":{\"@id\":\"https:\/\/dicodusport.fr\/blog\/motogp-autriche-2023-chaine-tv-programme-et-resultats\/#breadcrumb\"},\"inLanguage\":\"fr-FR\",\"potentialAction\":[{\"@type\":\"ReadAction\",\"target\":[\"https:\/\/dicodusport.fr\/blog\/motogp-autriche-2023-chaine-tv-programme-et-resultats\/\"]}]},{\"@type\":\"ImageObject\",\"inLanguage\":\"fr-FR\",\"@id\":\"https:\/\/dicodusport.fr\/blog\/motogp-autriche-2023-chaine-tv-programme-et-resultats\/#primaryimage\",\"url\":\"https:\/\/dicodusport.fr\/blog\/wp-content\/uploads\/2023\/08\/MotoGP-Autriche-2023-Nouveau-cavalier-seul-pour-Pecco-Bagnaia-vainqueur-de-la-course-sprint-1.png\",\"contentUrl\":\"https:\/\/dicodusport.fr\/blog\/wp-content\/uploads\/2023\/08\/MotoGP-Autriche-2023-Nouveau-cavalier-seul-pour-Pecco-Bagnaia-vainqueur-de-la-course-sprint-1.png\",\"width\":800,\"height\":445,\"caption\":\"MotoGP Autriche 2023 Nouveau cavalier seul pour Pecco Bagnaia, vainqueur de la course sprint (1)\"},{\"@type\":\"BreadcrumbList\",\"@id\":\"https:\/\/dicodusport.fr\/blog\/motogp-autriche-2023-chaine-tv-programme-et-resultats\/#breadcrumb\",\"itemListElement\":[{\"@type\":\"ListItem\",\"position\":1,\"name\":\"Accueil\",\"item\":\"https:\/\/dicodusport.fr\/blog\/\"},{\"@type\":\"ListItem\",\"position\":2,\"name\":\"MotoGP Autriche 2023 : Les r\u00e9sultats complets\"}]},{\"@type\":\"WebSite\",\"@id\":\"https:\/\/dicodusport.fr\/blog\/#website\",\"url\":\"https:\/\/dicodusport.fr\/blog\/\",\"name\":\"Dicodusport\",\"description\":\"L&#039;encyclop\u00e9die de l&#039;actualit\u00e9 sportive\",\"publisher\":{\"@id\":\"https:\/\/dicodusport.fr\/blog\/#organization\"},\"potentialAction\":[{\"@type\":\"SearchAction\",\"target\":{\"@type\":\"EntryPoint\",\"urlTemplate\":\"https:\/\/dicodusport.fr\/blog\/?s={search_term_string}\"},\"query-input\":{\"@type\":\"PropertyValueSpecification\",\"valueRequired\":true,\"valueName\":\"search_term_string\"}}],\"inLanguage\":\"fr-FR\"},{\"@type\":\"NewsMediaOrganization\",\"@id\":\"https:\/\/dicodusport.fr\/blog\/#organization\",\"name\":\"Dicodusport\",\"url\":\"https:\/\/dicodusport.fr\/blog\/\",\"logo\":{\"@type\":\"ImageObject\",\"inLanguage\":\"fr-FR\",\"@id\":\"https:\/\/dicodusport.fr\/blog\/#\/schema\/logo\/image\/\",\"url\":\"https:\/\/dicodusport.fr\/blog\/wp-content\/uploads\/2020\/06\/cropped-LOGO-DICODUSPORT-2020-SANS-FOND-SANS-TEXTE.png\",\"contentUrl\":\"https:\/\/dicodusport.fr\/blog\/wp-content\/uploads\/2020\/06\/cropped-LOGO-DICODUSPORT-2020-SANS-FOND-SANS-TEXTE.png\",\"width\":512,\"height\":512,\"caption\":\"Dicodusport\"},\"image\":{\"@id\":\"https:\/\/dicodusport.fr\/blog\/#\/schema\/logo\/image\/\"},\"sameAs\":[\"https:\/\/www.facebook.com\/dicodusport\",\"https:\/\/x.com\/dicodusport\",\"https:\/\/www.instagram.com\/dicodusport\/\",\"https:\/\/www.youtube.com\/channel\/UC7V2KZ5sd3htJivAbA4ZG3w\"],\"description\":\"Dicodusport est l'encyclop\u00e9die de l'actualit\u00e9 sportive.\",\"email\":\"bonjour@dicodusport.fr\",\"legalName\":\"DICODUSPORT\",\"foundingDate\":\"2018-01-14\",\"vatID\":\"FR71834470973\",\"taxID\":\"83447097300043\",\"numberOfEmployees\":{\"@type\":\"QuantitativeValue\",\"minValue\":\"1\",\"maxValue\":\"10\"}},{\"@type\":\"Person\",\"@id\":\"https:\/\/dicodusport.fr\/blog\/#\/schema\/person\/819fb2545dd2715bd7c0580d6d4b411a\",\"name\":\"Roxane Lecacher\",\"image\":{\"@type\":\"ImageObject\",\"inLanguage\":\"fr-FR\",\"@id\":\"https:\/\/dicodusport.fr\/blog\/#\/schema\/person\/image\/\",\"url\":\"https:\/\/dicodusport.fr\/blog\/wp-content\/uploads\/2021\/05\/Roxane-Lecacher-150x150.jpg\",\"contentUrl\":\"https:\/\/dicodusport.fr\/blog\/wp-content\/uploads\/2021\/05\/Roxane-Lecacher-150x150.jpg\",\"caption\":\"Roxane Lecacher\"},\"description\":\"Journaliste\/r\u00e9dactrice depuis janvier 2021 - N\u00e9e quelques jours avant la premi\u00e8re \u00e9toile des Bleus, je baigne dans une famille tr\u00e8s sportive. Je n\u2019ai eu d\u2019autres choix que de me passionner pour le sujet. Pratiquante de l\u2019athl\u00e9tisme depuis toute petite, j\u2019ai aussi un attrait tout particulier pour la Formule 1, le biathlon et le foot. Pendant les grands \u00e9v\u00e9nements, il est impossible de d\u00e9crocher de ma t\u00e9l\u00e9. C\u2019est \u00e0 travers Dicodusport que j\u2019aime d\u00e9sormais vous transmettre mes \u00e9motions et ma passion.\",\"sameAs\":[\"https:\/\/www.facebook.com\/roxane.lecacher\",\"https:\/\/fr.linkedin.com\/in\/roxane-lecacher-23368313b\"],\"url\":\"https:\/\/dicodusport.fr\/blog\/author\/roxanel\/\"}]}<\/script>\n<!-- \/ Yoast SEO Premium plugin. -->","yoast_head_json":{"title":"MotoGP Autriche 2023 : Les r\u00e9sultats complets","description":"MOTOGP AUTRICHE 2023 - Programme, cha\u00eene TV et r\u00e9sultats de la 10\u00e8me manche de la saison de MotoGP sur le circuit de Spielberg.","robots":{"index":"index","follow":"follow","max-snippet":"max-snippet:-1","max-image-preview":"max-image-preview:large","max-video-preview":"max-video-preview:-1"},"canonical":"https:\/\/dicodusport.fr\/blog\/motogp-autriche-2023-chaine-tv-programme-et-resultats\/","og_locale":"fr_FR","og_type":"article","og_title":"MotoGP Autriche 2023 : Les r\u00e9sultats complets","og_description":"MOTOGP AUTRICHE 2023 - Programme, cha\u00eene TV et r\u00e9sultats de la 10\u00e8me manche de la saison de MotoGP sur le circuit de Spielberg.","og_url":"https:\/\/dicodusport.fr\/blog\/motogp-autriche-2023-chaine-tv-programme-et-resultats\/","og_site_name":"Dicodusport","article_publisher":"https:\/\/www.facebook.com\/dicodusport","article_author":"https:\/\/www.facebook.com\/roxane.lecacher","article_published_time":"2023-08-20T12:55:28+00:00","og_image":[{"width":800,"height":445,"url":"https:\/\/dicodusport.fr\/blog\/wp-content\/uploads\/2023\/08\/MotoGP-Autriche-2023-Nouveau-cavalier-seul-pour-Pecco-Bagnaia-vainqueur-de-la-course-sprint-1.png","type":"image\/png"}],"author":"Roxane Lecacher","twitter_card":"summary_large_image","twitter_title":"MotoGP Autriche 2023 : Les r\u00e9sultats complets","twitter_creator":"@dicodusport","twitter_site":"@dicodusport","schema":{"@context":"https:\/\/schema.org","@graph":[{"@type":"NewsArticle","@id":"https:\/\/dicodusport.fr\/blog\/motogp-autriche-2023-chaine-tv-programme-et-resultats\/#article","isPartOf":{"@id":"https:\/\/dicodusport.fr\/blog\/motogp-autriche-2023-chaine-tv-programme-et-resultats\/"},"author":{"name":"Roxane Lecacher","@id":"https:\/\/dicodusport.fr\/blog\/#\/schema\/person\/819fb2545dd2715bd7c0580d6d4b411a"},"headline":"MotoGP Autriche 2023 : Les r\u00e9sultats complets","datePublished":"2023-08-20T12:55:28+00:00","mainEntityOfPage":{"@id":"https:\/\/dicodusport.fr\/blog\/motogp-autriche-2023-chaine-tv-programme-et-resultats\/"},"wordCount":935,"commentCount":0,"publisher":{"@id":"https:\/\/dicodusport.fr\/blog\/#organization"},"image":{"@id":"https:\/\/dicodusport.fr\/blog\/motogp-autriche-2023-chaine-tv-programme-et-resultats\/#primaryimage"},"thumbnailUrl":"https:\/\/dicodusport.fr\/blog\/wp-content\/uploads\/2023\/08\/MotoGP-Autriche-2023-Nouveau-cavalier-seul-pour-Pecco-Bagnaia-vainqueur-de-la-course-sprint-1.png","keywords":["br\u00e8ve","MotoGP","MotoGP Autriche"],"articleSection":["MotoGP"],"inLanguage":"fr-FR","potentialAction":[{"@type":"CommentAction","name":"Comment","target":["https:\/\/dicodusport.fr\/blog\/motogp-autriche-2023-chaine-tv-programme-et-resultats\/#respond"]}],"copyrightYear":"2023","copyrightHolder":{"@id":"https:\/\/dicodusport.fr\/blog\/#organization"}},{"@type":"WebPage","@id":"https:\/\/dicodusport.fr\/blog\/motogp-autriche-2023-chaine-tv-programme-et-resultats\/","url":"https:\/\/dicodusport.fr\/blog\/motogp-autriche-2023-chaine-tv-programme-et-resultats\/","name":"MotoGP Autriche 2023 : Les r\u00e9sultats complets","isPartOf":{"@id":"https:\/\/dicodusport.fr\/blog\/#website"},"primaryImageOfPage":{"@id":"https:\/\/dicodusport.fr\/blog\/motogp-autriche-2023-chaine-tv-programme-et-resultats\/#primaryimage"},"image":{"@id":"https:\/\/dicodusport.fr\/blog\/motogp-autriche-2023-chaine-tv-programme-et-resultats\/#primaryimage"},"thumbnailUrl":"https:\/\/dicodusport.fr\/blog\/wp-content\/uploads\/2023\/08\/MotoGP-Autriche-2023-Nouveau-cavalier-seul-pour-Pecco-Bagnaia-vainqueur-de-la-course-sprint-1.png","datePublished":"2023-08-20T12:55:28+00:00","description":"MOTOGP AUTRICHE 2023 - Programme, cha\u00eene TV et r\u00e9sultats de la 10\u00e8me manche de la saison de MotoGP sur le circuit de Spielberg.","breadcrumb":{"@id":"https:\/\/dicodusport.fr\/blog\/motogp-autriche-2023-chaine-tv-programme-et-resultats\/#breadcrumb"},"inLanguage":"fr-FR","potentialAction":[{"@type":"ReadAction","target":["https:\/\/dicodusport.fr\/blog\/motogp-autriche-2023-chaine-tv-programme-et-resultats\/"]}]},{"@type":"ImageObject","inLanguage":"fr-FR","@id":"https:\/\/dicodusport.fr\/blog\/motogp-autriche-2023-chaine-tv-programme-et-resultats\/#primaryimage","url":"https:\/\/dicodusport.fr\/blog\/wp-content\/uploads\/2023\/08\/MotoGP-Autriche-2023-Nouveau-cavalier-seul-pour-Pecco-Bagnaia-vainqueur-de-la-course-sprint-1.png","contentUrl":"https:\/\/dicodusport.fr\/blog\/wp-content\/uploads\/2023\/08\/MotoGP-Autriche-2023-Nouveau-cavalier-seul-pour-Pecco-Bagnaia-vainqueur-de-la-course-sprint-1.png","width":800,"height":445,"caption":"MotoGP Autriche 2023 Nouveau cavalier seul pour Pecco Bagnaia, vainqueur de la course sprint (1)"},{"@type":"BreadcrumbList","@id":"https:\/\/dicodusport.fr\/blog\/motogp-autriche-2023-chaine-tv-programme-et-resultats\/#breadcrumb","itemListElement":[{"@type":"ListItem","position":1,"name":"Accueil","item":"https:\/\/dicodusport.fr\/blog\/"},{"@type":"ListItem","position":2,"name":"MotoGP Autriche 2023 : Les r\u00e9sultats complets"}]},{"@type":"WebSite","@id":"https:\/\/dicodusport.fr\/blog\/#website","url":"https:\/\/dicodusport.fr\/blog\/","name":"Dicodusport","description":"L&#039;encyclop\u00e9die de l&#039;actualit\u00e9 sportive","publisher":{"@id":"https:\/\/dicodusport.fr\/blog\/#organization"},"potentialAction":[{"@type":"SearchAction","target":{"@type":"EntryPoint","urlTemplate":"https:\/\/dicodusport.fr\/blog\/?s={search_term_string}"},"query-input":{"@type":"PropertyValueSpecification","valueRequired":true,"valueName":"search_term_string"}}],"inLanguage":"fr-FR"},{"@type":"NewsMediaOrganization","@id":"https:\/\/dicodusport.fr\/blog\/#organization","name":"Dicodusport","url":"https:\/\/dicodusport.fr\/blog\/","logo":{"@type":"ImageObject","inLanguage":"fr-FR","@id":"https:\/\/dicodusport.fr\/blog\/#\/schema\/logo\/image\/","url":"https:\/\/dicodusport.fr\/blog\/wp-content\/uploads\/2020\/06\/cropped-LOGO-DICODUSPORT-2020-SANS-FOND-SANS-TEXTE.png","contentUrl":"https:\/\/dicodusport.fr\/blog\/wp-content\/uploads\/2020\/06\/cropped-LOGO-DICODUSPORT-2020-SANS-FOND-SANS-TEXTE.png","width":512,"height":512,"caption":"Dicodusport"},"image":{"@id":"https:\/\/dicodusport.fr\/blog\/#\/schema\/logo\/image\/"},"sameAs":["https:\/\/www.facebook.com\/dicodusport","https:\/\/x.com\/dicodusport","https:\/\/www.instagram.com\/dicodusport\/","https:\/\/www.youtube.com\/channel\/UC7V2KZ5sd3htJivAbA4ZG3w"],"description":"Dicodusport est l'encyclop\u00e9die de l'actualit\u00e9 sportive.","email":"bonjour@dicodusport.fr","legalName":"DICODUSPORT","foundingDate":"2018-01-14","vatID":"FR71834470973","taxID":"83447097300043","numberOfEmployees":{"@type":"QuantitativeValue","minValue":"1","maxValue":"10"}},{"@type":"Person","@id":"https:\/\/dicodusport.fr\/blog\/#\/schema\/person\/819fb2545dd2715bd7c0580d6d4b411a","name":"Roxane Lecacher","image":{"@type":"ImageObject","inLanguage":"fr-FR","@id":"https:\/\/dicodusport.fr\/blog\/#\/schema\/person\/image\/","url":"https:\/\/dicodusport.fr\/blog\/wp-content\/uploads\/2021\/05\/Roxane-Lecacher-150x150.jpg","contentUrl":"https:\/\/dicodusport.fr\/blog\/wp-content\/uploads\/2021\/05\/Roxane-Lecacher-150x150.jpg","caption":"Roxane Lecacher"},"description":"Journaliste\/r\u00e9dactrice depuis janvier 2021 - N\u00e9e quelques jours avant la premi\u00e8re \u00e9toile des Bleus, je baigne dans une famille tr\u00e8s sportive. Je n\u2019ai eu d\u2019autres choix que de me passionner pour le sujet. Pratiquante de l\u2019athl\u00e9tisme depuis toute petite, j\u2019ai aussi un attrait tout particulier pour la Formule 1, le biathlon et le foot. Pendant les grands \u00e9v\u00e9nements, il est impossible de d\u00e9crocher de ma t\u00e9l\u00e9. C\u2019est \u00e0 travers Dicodusport que j\u2019aime d\u00e9sormais vous transmettre mes \u00e9motions et ma passion.","sameAs":["https:\/\/www.facebook.com\/roxane.lecacher","https:\/\/fr.linkedin.com\/in\/roxane-lecacher-23368313b"],"url":"https:\/\/dicodusport.fr\/blog\/author\/roxanel\/"}]}},"_links":{"self":[{"href":"https:\/\/dicodusport.fr\/blog\/wp-json\/wp\/v2\/posts\/408717","targetHints":{"allow":["GET"]}}],"collection":[{"href":"https:\/\/dicodusport.fr\/blog\/wp-json\/wp\/v2\/posts"}],"about":[{"href":"https:\/\/dicodusport.fr\/blog\/wp-json\/wp\/v2\/types\/post"}],"author":[{"embeddable":true,"href":"https:\/\/dicodusport.fr\/blog\/wp-json\/wp\/v2\/users\/54"}],"replies":[{"embeddable":true,"href":"https:\/\/dicodusport.fr\/blog\/wp-json\/wp\/v2\/comments?post=408717"}],"version-history":[{"count":0,"href":"https:\/\/dicodusport.fr\/blog\/wp-json\/wp\/v2\/posts\/408717\/revisions"}],"wp:featuredmedia":[{"embeddable":true,"href":"https:\/\/dicodusport.fr\/blog\/wp-json\/wp\/v2\/media\/409876"}],"wp:attachment":[{"href":"https:\/\/dicodusport.fr\/blog\/wp-json\/wp\/v2\/media?parent=408717"}],"wp:term":[{"taxonomy":"category","embeddable":true,"href":"https:\/\/dicodusport.fr\/blog\/wp-json\/wp\/v2\/categories?post=408717"},{"taxonomy":"post_tag","embeddable":true,"href":"https:\/\/dicodusport.fr\/blog\/wp-json\/wp\/v2\/tags?post=408717"}],"curies":[{"name":"wp","href":"https:\/\/api.w.org\/{rel}","templated":true}]}}