{"id":408829,"date":"2023-08-26T13:38:20","date_gmt":"2023-08-26T11:38:20","guid":{"rendered":"https:\/\/dicodusport.fr\/blog\/?p=408829&#038;preview=true&#038;preview_id=408829"},"modified":"2023-08-26T13:38:42","modified_gmt":"2023-08-26T11:38:42","slug":"tour-despagne-2023-les-selections-des-equipes","status":"publish","type":"post","link":"https:\/\/dicodusport.fr\/blog\/tour-despagne-2023-les-selections-des-equipes\/","title":{"rendered":"Tour d&rsquo;Espagne 2023 &#8211; Les s\u00e9lections des \u00e9quipes"},"content":{"rendered":"<p style=\"text-align: justify;\"><b><i><a href=\"https:\/\/dicodusport.fr\/blog\/actualites\/cyclisme\/cyclisme-sur-route-2023\/tour-d-espagne-2023\/\">TOUR D&rsquo;ESPAGNE 2023<\/a> &#8211; D\u00e9couvrez les s\u00e9lections des \u00e9quipes pour la Vuelta 2023, au fur et \u00e0 mesure que les compositions sont annonc\u00e9es par les teams.<\/i><\/b><\/p>\n<h2 style=\"text-align: justify;\">\u00c0 lire aussi<\/h2>\n<ul>\n<li style=\"text-align: justify;\"><strong><a href=\"https:\/\/dicodusport.fr\/blog\/le-profil-des-21-etapes-du-tour-despagne-2023\/\">Le profil des 21 \u00e9tapes du Tour d&rsquo;Espagne 2023<\/a><\/strong><\/li>\n<li style=\"text-align: justify;\"><a href=\"https:\/\/dicodusport.fr\/blog\/tour-despagne-2023-engages-et-dossards-des-coureurs\/\"><strong>Tour d\u2019Espagne 2023 : Engag\u00e9s et dossards des coureurs<\/strong><\/a><\/li>\n<li style=\"text-align: justify;\"><a href=\"https:\/\/dicodusport.fr\/blog\/tour-despagne-2023-gregoire-martinez-coquard-les-30-coureurs-francais-engages\/\"><strong>Tour d\u2019Espagne 2023 : Gr\u00e9goire, Martinez, Coquard, les 30 coureurs fran\u00e7ais engag\u00e9s<\/strong><\/a><\/li>\n<\/ul>\n<h2 style=\"text-align: justify;\">\u2705 AG2R Citro\u00ebn<\/h2>\n<ul>\n<li style=\"text-align: justify;\">Geoffrey Bouchard (FRA)<\/li>\n<li style=\"text-align: justify;\">Mika\u00ebl Cherel (FRA)<\/li>\n<li style=\"text-align: justify;\">Dorian Godon (FRA)<\/li>\n<li style=\"text-align: justify;\">Paul Lapeira (FRA)<\/li>\n<li style=\"text-align: justify;\">Nicolas Prodhomme (FRA)<\/li>\n<li style=\"text-align: justify;\">Damien Touz\u00e9 (FRA)<\/li>\n<li style=\"text-align: justify;\">Andrea Vendrame (ITA)<\/li>\n<li style=\"text-align: justify;\">Larry Warbasse (USA)<\/li>\n<\/ul>\n<blockquote class=\"twitter-tweet\">\n<p dir=\"ltr\" lang=\"en\">\ud83c\uddea\ud83c\uddf8 <a href=\"https:\/\/twitter.com\/lavuelta?ref_src=twsrc%5Etfw\">@lavuelta<\/a><br \/>\n\ud83d\uddd3 26\/08 &#8211; 17\/09<\/p>\n<p>\ud83c\uddeb\ud83c\uddf7 <a href=\"https:\/\/twitter.com\/GeoffBouche?ref_src=twsrc%5Etfw\">@GeoffBouche<\/a><br \/>\n\ud83c\uddeb\ud83c\uddf7 <a href=\"https:\/\/twitter.com\/mikaelcherel?ref_src=twsrc%5Etfw\">@mikaelcherel<\/a><br \/>\n\ud83c\uddeb\ud83c\uddf7 <a href=\"https:\/\/twitter.com\/DorianGodon?ref_src=twsrc%5Etfw\">@DorianGodon<\/a><br \/>\n\ud83c\uddeb\ud83c\uddf7 <a href=\"https:\/\/twitter.com\/PaulLapeira?ref_src=twsrc%5Etfw\">@PaulLapeira<\/a><br \/>\n\ud83c\uddeb\ud83c\uddf7 <a href=\"https:\/\/twitter.com\/NicoProdhomme?ref_src=twsrc%5Etfw\">@NicoProdhomme<\/a><br \/>\n\ud83c\uddeb\ud83c\uddf7 <a href=\"https:\/\/twitter.com\/damientouze?ref_src=twsrc%5Etfw\">@damientouze<\/a><br \/>\n\ud83c\uddee\ud83c\uddf9 Andrea Vendrame<br \/>\n\ud83c\uddfa\ud83c\uddf8 <a href=\"https:\/\/twitter.com\/larrywarbasse?ref_src=twsrc%5Etfw\">@larrywarbasse<\/a> <a href=\"https:\/\/twitter.com\/hashtag\/AG2RCITRO%C3%8BNTEAM?src=hash&amp;ref_src=twsrc%5Etfw\">#AG2RCITRO\u00cbNTEAM<\/a> <a href=\"https:\/\/twitter.com\/hashtag\/RoulonsAutrement?src=hash&amp;ref_src=twsrc%5Etfw\">#RoulonsAutrement<\/a> <a href=\"https:\/\/twitter.com\/hashtag\/RideDifferently?src=hash&amp;ref_src=twsrc%5Etfw\">#RideDifferently<\/a> <a href=\"https:\/\/t.co\/ViEbpzkZwD\">pic.twitter.com\/ViEbpzkZwD<\/a><\/p>\n<p>\u2014 AG2R CITRO\u00cbN TEAM (@AG2RCITROENTEAM) <a href=\"https:\/\/twitter.com\/AG2RCITROENTEAM\/status\/1693631541459742993?ref_src=twsrc%5Etfw\">August 21, 2023<\/a><\/p><\/blockquote>\n<p><script async src=\"https:\/\/platform.twitter.com\/widgets.js\" charset=\"utf-8\"><\/script><\/p>\n<hr \/>\n<h2 style=\"text-align: justify;\">\u2705 Alpecin-Deceuninck<\/h2>\n<ul>\n<li style=\"text-align: justify;\">Maurice Ballerstedt (ALL)<\/li>\n<li style=\"text-align: justify;\">Tobias Bayer (AUT)<\/li>\n<li style=\"text-align: justify;\">Samuel Gaze (NZL)<\/li>\n<li style=\"text-align: justify;\">Robbe Ghys (BEL)<\/li>\n<li style=\"text-align: justify;\">Kaden Groves (AUS)<\/li>\n<li style=\"text-align: justify;\">Jimmy Janssens (BEL)<\/li>\n<li style=\"text-align: justify;\">Jason Osborne (ALL)<\/li>\n<li style=\"text-align: justify;\">Edward Planckaert (BEL)<\/li>\n<\/ul>\n<blockquote class=\"twitter-tweet\">\n<p dir=\"ltr\" lang=\"zxx\"><a href=\"https:\/\/t.co\/OHkicuW7tQ\">pic.twitter.com\/OHkicuW7tQ<\/a><\/p>\n<p>\u2014 Alpecin-Deceuninck Cycling Team (@AlpecinDCK) <a href=\"https:\/\/twitter.com\/AlpecinDCK\/status\/1694335693760143830?ref_src=twsrc%5Etfw\">August 23, 2023<\/a><\/p><\/blockquote>\n<p><script async src=\"https:\/\/platform.twitter.com\/widgets.js\" charset=\"utf-8\"><\/script><\/p>\n<hr \/>\n<h2 style=\"text-align: justify;\">\u2705 Astana<\/h2>\n<ul>\n<li style=\"text-align: justify;\">Joe Dombrowski (USA)<\/li>\n<li style=\"text-align: justify;\">Vadim Pronskiy (KAZ)<\/li>\n<li style=\"text-align: justify;\">Javier Romo (ESP)<\/li>\n<li style=\"text-align: justify;\">Luis Leon Sanchez (ESP)<\/li>\n<li style=\"text-align: justify;\">David de la Cruz (ESP)<\/li>\n<li style=\"text-align: justify;\">Samuele Battistella (ITA)<\/li>\n<li style=\"text-align: justify;\">Fabio Felline (ITA)<\/li>\n<li style=\"text-align: justify;\">Andrey Zeits (KAZ)<\/li>\n<\/ul>\n<blockquote class=\"twitter-tweet\">\n<p dir=\"ltr\" lang=\"ht\">\ud83c\uddea\ud83c\uddf8 ROSTER: <a href=\"https:\/\/twitter.com\/lavuelta?ref_src=twsrc%5Etfw\">@lavuelta<\/a> <a href=\"https:\/\/twitter.com\/iamdlax?ref_src=twsrc%5Etfw\">@iamdlax<\/a> <a href=\"https:\/\/twitter.com\/LLEONSANCHEZ?ref_src=twsrc%5Etfw\">@LLEONSANCHEZ<\/a> <a href=\"https:\/\/twitter.com\/romoliver_99?ref_src=twsrc%5Etfw\">@romoliver_99<\/a> <a href=\"https:\/\/twitter.com\/JoeDombro?ref_src=twsrc%5Etfw\">@JoeDombro<\/a> <a href=\"https:\/\/twitter.com\/samu_batti?ref_src=twsrc%5Etfw\">@samu_batti<\/a> <a href=\"https:\/\/twitter.com\/FabioFelline?ref_src=twsrc%5Etfw\">@FabioFelline<\/a> <a href=\"https:\/\/twitter.com\/zeits_astana?ref_src=twsrc%5Etfw\">@zeits_astana<\/a><br \/>\nVadim Pronskiy <a href=\"https:\/\/twitter.com\/hashtag\/LaVuelta23?src=hash&amp;ref_src=twsrc%5Etfw\">#LaVuelta23<\/a> <a href=\"https:\/\/twitter.com\/hashtag\/AstanaQazaqstanTeam?src=hash&amp;ref_src=twsrc%5Etfw\">#AstanaQazaqstanTeam<\/a><\/p>\n<p>\ud83d\udcf7 <a href=\"https:\/\/twitter.com\/SprintCycling?ref_src=twsrc%5Etfw\">@SprintCycling<\/a> <a href=\"https:\/\/t.co\/gsWHyBOo5f\">pic.twitter.com\/gsWHyBOo5f<\/a><\/p>\n<p>\u2014 Astana Qazaqstan Team (@AstanaQazTeam) <a href=\"https:\/\/twitter.com\/AstanaQazTeam\/status\/1693587389761900906?ref_src=twsrc%5Etfw\">August 21, 2023<\/a><\/p><\/blockquote>\n<p><script async src=\"https:\/\/platform.twitter.com\/widgets.js\" charset=\"utf-8\"><\/script><\/p>\n<hr \/>\n<h2 style=\"text-align: justify;\">\u2705 Bahrain Victorious<\/h2>\n<ul>\n<li style=\"text-align: justify;\">Santiago Buitrago (COL)<\/li>\n<li style=\"text-align: justify;\">Damiano Caruso (ITA)<\/li>\n<li style=\"text-align: justify;\">Matevz Govekar (SLV)<\/li>\n<li style=\"text-align: justify;\">Kamil Gradek (POL)<\/li>\n<li style=\"text-align: justify;\">Mikel Landa (ESP)<\/li>\n<li style=\"text-align: justify;\">Wout Poels (P-B)<\/li>\n<li style=\"text-align: justify;\">Jasha S\u00fctterlin (ALL)<\/li>\n<li style=\"text-align: justify;\">Antonio Tiberi (ITA)<\/li>\n<\/ul>\n<blockquote class=\"twitter-tweet\">\n<p dir=\"ltr\" lang=\"en\">\ud83d\udce3 We\u2019re excited to announce our lineup for <a href=\"https:\/\/twitter.com\/lavuelta?ref_src=twsrc%5Etfw\">@lavuelta<\/a><\/p>\n<p>\ud83c\udde8\ud83c\uddf4 <a href=\"https:\/\/twitter.com\/SantiagoBS26?ref_src=twsrc%5Etfw\">@SantiagoBS26<\/a><br \/>\n\ud83c\uddee\ud83c\uddf9 <a href=\"https:\/\/twitter.com\/CarusoDamiano?ref_src=twsrc%5Etfw\">@CarusoDamiano<\/a><br \/>\n\ud83c\uddf8\ud83c\uddee <a href=\"https:\/\/twitter.com\/MatevzGovekar?ref_src=twsrc%5Etfw\">@MatevzGovekar<\/a><br \/>\n\ud83c\uddf5\ud83c\uddf1 <a href=\"https:\/\/twitter.com\/kamilgradek?ref_src=twsrc%5Etfw\">@kamilgradek<\/a><br \/>\n\ud83c\uddea\ud83c\uddf8 <a href=\"https:\/\/twitter.com\/MikelLandaMeana?ref_src=twsrc%5Etfw\">@MikelLandaMeana<\/a><br \/>\n\ud83c\uddf3\ud83c\uddf1 <a href=\"https:\/\/twitter.com\/WoutPoels?ref_src=twsrc%5Etfw\">@WoutPoels<\/a><br \/>\n\ud83c\udde9\ud83c\uddea <a href=\"https:\/\/twitter.com\/JashaStterlin?ref_src=twsrc%5Etfw\">@JashaStterlin<\/a><br \/>\n\ud83c\uddee\ud83c\uddf9 <a href=\"https:\/\/twitter.com\/AntonioTiberi4?ref_src=twsrc%5Etfw\">@AntonioTiberi4<\/a> <a href=\"https:\/\/twitter.com\/hashtag\/RideAsOne?src=hash&amp;ref_src=twsrc%5Etfw\">#RideAsOne<\/a> <a href=\"https:\/\/twitter.com\/hashtag\/rideforGino?src=hash&amp;ref_src=twsrc%5Etfw\">#rideforGino<\/a> <a href=\"https:\/\/twitter.com\/hashtag\/laVuelta23?src=hash&amp;ref_src=twsrc%5Etfw\">#laVuelta23<\/a><\/p>\n<p>\ud83d\udd17 <a href=\"https:\/\/t.co\/GbzRlYDchg\">https:\/\/t.co\/GbzRlYDchg<\/a> <a href=\"https:\/\/t.co\/Pv3dFGKFaZ\">pic.twitter.com\/Pv3dFGKFaZ<\/a><\/p>\n<p>\u2014 Team Bahrain Victorious (@BHRVictorious) <a href=\"https:\/\/twitter.com\/BHRVictorious\/status\/1693661408381092213?ref_src=twsrc%5Etfw\">August 21, 2023<\/a><\/p><\/blockquote>\n<p><script async src=\"https:\/\/platform.twitter.com\/widgets.js\" charset=\"utf-8\"><\/script><\/p>\n<hr \/>\n<h2 style=\"text-align: justify;\">\u2705 Bora-Hansgrohe<\/h2>\n<ul>\n<li style=\"text-align: justify;\">Emanuel Buchmann (ALL)<\/li>\n<li style=\"text-align: justify;\">Nico Denz (ALL)<\/li>\n<li style=\"text-align: justify;\">Jonas Koch (ALL)<\/li>\n<li style=\"text-align: justify;\">Sergio Higuita (COL)<\/li>\n<li style=\"text-align: justify;\">Lennard K\u00e4mna (ALL)<\/li>\n<li style=\"text-align: justify;\">Cian Uijtdebroeks (BEL)<\/li>\n<li style=\"text-align: justify;\">Aleksandr Vlasov (RUS)<\/li>\n<li style=\"text-align: justify;\">Ben Zwiehoff (ALL)<\/li>\n<\/ul>\n<blockquote class=\"twitter-tweet\">\n<p dir=\"ltr\" lang=\"de\">Vamos a la playa! <a href=\"https:\/\/twitter.com\/hashtag\/LaVuelta23?src=hash&amp;ref_src=twsrc%5Etfw\">#LaVuelta23<\/a> \ud83c\uddea\ud83c\uddf8<br \/>\nHere\u2018s our lineup for <a href=\"https:\/\/twitter.com\/lavuelta?ref_src=twsrc%5Etfw\">@lavuelta<\/a> 2023:<\/p>\n<p>\ud83d\udc49\ud83c\udffc Emanuel Buchmann<br \/>\n\ud83d\udc49\ud83c\udffc Nico Denz<br \/>\n\ud83d\udc49\ud83c\udffc Sergio Higuita<br \/>\n\ud83d\udc49\ud83c\udffc Lennard K\u00e4mna<br \/>\n\ud83d\udc49\ud83c\udffc Jonas Koch<br \/>\n\ud83d\udc49\ud83c\udffc Cian Uijtdebroeks<br \/>\n\ud83d\udc49\ud83c\udffc Aleksandr Vlasov<br \/>\n\ud83d\udc49\ud83c\udffc Ben Zwiehoff <a href=\"https:\/\/twitter.com\/hashtag\/borahansgrohe?src=hash&amp;ref_src=twsrc%5Etfw\">#borahansgrohe<\/a> <a href=\"https:\/\/twitter.com\/hashtag\/bandofbrothers?src=hash&amp;ref_src=twsrc%5Etfw\">#bandofbrothers<\/a> <a href=\"https:\/\/twitter.com\/hashtag\/grandtour?src=hash&amp;ref_src=twsrc%5Etfw\">#grandtour<\/a> <a href=\"https:\/\/twitter.com\/hashtag\/roadcycling?src=hash&amp;ref_src=twsrc%5Etfw\">#roadcycling<\/a> <a href=\"https:\/\/t.co\/sCaIcvgSAC\">pic.twitter.com\/sCaIcvgSAC<\/a><\/p>\n<p>\u2014 BORA \u2013 hansgrohe (@BORAhansgrohe) <a href=\"https:\/\/twitter.com\/BORAhansgrohe\/status\/1694244107059626367?ref_src=twsrc%5Etfw\">August 23, 2023<\/a><\/p><\/blockquote>\n<p><script async src=\"https:\/\/platform.twitter.com\/widgets.js\" charset=\"utf-8\"><\/script><\/p>\n<hr \/>\n<h2 style=\"text-align: justify;\">\u2705 Cofidis<\/h2>\n<ul>\n<li style=\"text-align: justify;\">Fran\u00e7ois Bidard (FRA)<\/li>\n<li style=\"text-align: justify;\">Andr\u00e9 Carvalho (POR)<\/li>\n<li style=\"text-align: justify;\">Davide Cimolai (ITA)<\/li>\n<li style=\"text-align: justify;\">Bryan Coquard (FRA)<\/li>\n<li style=\"text-align: justify;\">Jesus Herrada (ESP)<\/li>\n<li style=\"text-align: justify;\">Jos\u00e9 Herrada (ESP)<\/li>\n<li style=\"text-align: justify;\">Ruben Fernandez (ESP)<\/li>\n<li style=\"text-align: justify;\">R\u00e9my Rochas (FRA)<\/li>\n<\/ul>\n<blockquote class=\"twitter-tweet\">\n<p dir=\"ltr\" lang=\"fr\">Ils sont pr\u00eats ! \ud83d\udc4a<\/p>\n<p>Rendez-vous samedi \u00e0 Barcelone pour le dernier Grand Tour de la saison avec une \u00e9quipe pr\u00eate \u00e0 chasser les \u00e9tapes ! \u2935\ufe0f<a href=\"https:\/\/t.co\/KhDGQ1DACP\">https:\/\/t.co\/KhDGQ1DACP<\/a><a href=\"https:\/\/twitter.com\/hashtag\/CofidisMyTeam?src=hash&amp;ref_src=twsrc%5Etfw\">#CofidisMyTeam<\/a> <a href=\"https:\/\/twitter.com\/hashtag\/LaVuelta23?src=hash&amp;ref_src=twsrc%5Etfw\">#LaVuelta23<\/a> <a href=\"https:\/\/t.co\/7ssmDjL31S\">pic.twitter.com\/7ssmDjL31S<\/a><\/p>\n<p>\u2014 Team Cofidis (@TeamCOFIDIS) <a href=\"https:\/\/twitter.com\/TeamCOFIDIS\/status\/1694031287521010033?ref_src=twsrc%5Etfw\">August 22, 2023<\/a><\/p><\/blockquote>\n<p><script async src=\"https:\/\/platform.twitter.com\/widgets.js\" charset=\"utf-8\"><\/script><\/p>\n<hr \/>\n<h2 style=\"text-align: justify;\">\u2705 EF Education &#8211; EasyPost\u00a0<b><\/b><\/h2>\n<ul>\n<li style=\"text-align: justify;\">Stefan Bisseger (SUI)<\/li>\n<li style=\"text-align: justify;\">Diego Camargo (COL)<\/li>\n<li style=\"text-align: justify;\">Jonathan Caicedo (EQU)<\/li>\n<li style=\"text-align: justify;\">Hugh Carthy (GBR)<\/li>\n<li style=\"text-align: justify;\">Andrea Piccolo (ITA)<\/li>\n<li style=\"text-align: justify;\">Sean Quinn (USA)<\/li>\n<li style=\"text-align: justify;\">Julius van der Berg (P-B)<\/li>\n<li style=\"text-align: justify;\">Marijn van der Berg (P-B)<\/li>\n<\/ul>\n<blockquote class=\"twitter-tweet\">\n<p dir=\"ltr\" lang=\"en\">Get ready for more action from our guys in pink as the 3rd and final Grand Tour of the season kicks off this weekend. \ud83c\uddea\ud83c\uddf8<\/p>\n<p>The 78th edition of La Vuelta a Espa\u00f1a crosses over 3,000 km of countryside, including some of the most rugged and remote mountain roads in western Europe.\u2026 <a href=\"https:\/\/t.co\/Gn4Ifzycxq\">pic.twitter.com\/Gn4Ifzycxq<\/a><\/p>\n<p>\u2014 EF Pro Cycling (@EFprocycling) <a href=\"https:\/\/twitter.com\/EFprocycling\/status\/1694003257147015298?ref_src=twsrc%5Etfw\">August 22, 2023<\/a><\/p><\/blockquote>\n<p><script async src=\"https:\/\/platform.twitter.com\/widgets.js\" charset=\"utf-8\"><\/script><\/p>\n<hr \/>\n<h2 style=\"text-align: justify;\">\u2705 Groupama &#8211; FDJ<\/h2>\n<ul>\n<li style=\"text-align: justify;\">Lewis Askey (GBR)<\/li>\n<li style=\"text-align: justify;\">Cl\u00e9ment Davy (FRA)<\/li>\n<li style=\"text-align: justify;\">Lorenzo Germani (ITA)<\/li>\n<li style=\"text-align: justify;\">Romain Gr\u00e9goire (FRA)<\/li>\n<li style=\"text-align: justify;\">Lenny Martinez (FRA)<\/li>\n<li style=\"text-align: justify;\">Rudy Molard (FRA)<\/li>\n<li style=\"text-align: justify;\">Michael Storer (AUS)<\/li>\n<li style=\"text-align: justify;\">Samuel Watson (GBR)<\/li>\n<\/ul>\n<blockquote class=\"twitter-tweet\">\n<p dir=\"ltr\" lang=\"zxx\"><a href=\"https:\/\/t.co\/ECWi6d21Lg\">pic.twitter.com\/ECWi6d21Lg<\/a><\/p>\n<p>\u2014 \u00c9quipe Cycliste Groupama-FDJ (@GroupamaFDJ) <a href=\"https:\/\/twitter.com\/GroupamaFDJ\/status\/1693911343814819908?ref_src=twsrc%5Etfw\">August 22, 2023<\/a><\/p><\/blockquote>\n<p><script async src=\"https:\/\/platform.twitter.com\/widgets.js\" charset=\"utf-8\"><\/script><\/p>\n<hr \/>\n<h2 style=\"text-align: justify;\">\u2705 INEOS Grenadiers<\/h2>\n<ul>\n<li style=\"text-align: justify;\">Thymen Arensman (P-B)<\/li>\n<li style=\"text-align: justify;\">Egan Bernal (COL)<\/li>\n<li style=\"text-align: justify;\">Jonathan Castroviejo (ESP)<\/li>\n<li style=\"text-align: justify;\">Laurens De Plus (BEL)<\/li>\n<li style=\"text-align: justify;\">Omar Fraile (ESP)<\/li>\n<li style=\"text-align: justify;\">Filippo Ganna (ITA)<\/li>\n<li style=\"text-align: justify;\">Kim Heiduk (ALL)<\/li>\n<li style=\"text-align: justify;\">Geraint Thomas (GBR)<\/li>\n<\/ul>\n<blockquote class=\"twitter-tweet\">\n<p dir=\"ltr\" lang=\"en\"><a href=\"https:\/\/twitter.com\/hashtag\/LaVuelta23?src=hash&amp;ref_src=twsrc%5Etfw\">#LaVuelta23<\/a> is just around the corner! \ud83d\udd1c<\/p>\n<p>Meet your Grenadiers for the Spanish Grand Tour \ud83c\uddea\ud83c\uddf8\ud83e\udd1d <a href=\"https:\/\/t.co\/z0hWu6C6eY\">pic.twitter.com\/z0hWu6C6eY<\/a><\/p>\n<p>\u2014 INEOS Grenadiers (@INEOSGrenadiers) <a href=\"https:\/\/twitter.com\/INEOSGrenadiers\/status\/1692491619336089899?ref_src=twsrc%5Etfw\">August 18, 2023<\/a><\/p><\/blockquote>\n<p><script async src=\"https:\/\/platform.twitter.com\/widgets.js\" charset=\"utf-8\"><\/script><\/p>\n<hr \/>\n<h2 style=\"text-align: justify;\">\u2705 Intermarch\u00e9 &#8211; Circus &#8211; Wanty<\/h2>\n<ul>\n<li style=\"text-align: justify;\">Rui Costa (POR)<\/li>\n<li style=\"text-align: justify;\">Kobe Goossens (BEL)<\/li>\n<li style=\"text-align: justify;\">Rune Herregodts (BEL)<\/li>\n<li style=\"text-align: justify;\">Julius Johansen (DAN)<\/li>\n<li style=\"text-align: justify;\">Hugo Page (FRA)<\/li>\n<li style=\"text-align: justify;\">Rein Taaram\u00e4e (EST)<\/li>\n<li style=\"text-align: justify;\">Simone Petilli (ITA), remplace Gerben Thijssen (BEL)<\/li>\n<li style=\"text-align: justify;\">Boy van Poppel (P-B)<\/li>\n<\/ul>\n<blockquote class=\"twitter-tweet\">\n<p dir=\"ltr\" lang=\"en\">Our exciting team for <a href=\"https:\/\/twitter.com\/lavuelta?ref_src=twsrc%5Etfw\">@lavuelta<\/a> targets stage victory for the third year in a row \ud83e\udd29<\/p>\n<p>\ud83c\uddf5\ud83c\uddf9 Rui Costa<br \/>\n\ud83c\udde7\ud83c\uddea Kobe Goossens<br \/>\n\ud83c\udde7\ud83c\uddea Rune Herregodts<br \/>\n\ud83c\udde9\ud83c\uddf0 Julius Johansen<br \/>\n\ud83c\uddeb\ud83c\uddf7 Hugo Page<br \/>\n\ud83c\uddea\ud83c\uddea Rein Taaram\u00e4e<br \/>\n\ud83c\udde7\ud83c\uddea Gerben Thijssen<br \/>\n\ud83c\uddf3\ud83c\uddf1 Boy van Poppel<\/p>\n<p>\ud83d\uddbc Marie Pirard <a href=\"https:\/\/twitter.com\/hashtag\/LaVuelta23?src=hash&amp;ref_src=twsrc%5Etfw\">#LaVuelta23<\/a> <a href=\"https:\/\/t.co\/InVY2CW4fY\">pic.twitter.com\/InVY2CW4fY<\/a><\/p>\n<p>\u2014 Intermarch\u00e9-Circus-Wanty (@IntermarcheCW) <a href=\"https:\/\/twitter.com\/IntermarcheCW\/status\/1693654312323256655?ref_src=twsrc%5Etfw\">August 21, 2023<\/a><\/p><\/blockquote>\n<p><script async src=\"https:\/\/platform.twitter.com\/widgets.js\" charset=\"utf-8\"><\/script><\/p>\n<hr \/>\n<h2 style=\"text-align: justify;\">\u2705 Jumbo-Visma<\/h2>\n<ul>\n<li style=\"text-align: justify;\">Robert Gesink (P-B)<\/li>\n<li style=\"text-align: justify;\">Sepp Kuss (USA)<\/li>\n<li style=\"text-align: justify;\">Wilco Kelderman (P-B)<\/li>\n<li style=\"text-align: justify;\">Primoz Roglic (SLV)<\/li>\n<li style=\"text-align: justify;\">Jan Tratnik (SLV)<\/li>\n<li style=\"text-align: justify;\">Attila Valter (HON)<\/li>\n<li style=\"text-align: justify;\">Dylan van Baarle (P-B)<\/li>\n<li style=\"text-align: justify;\">Jonas Vingegaard (DAN)<\/li>\n<\/ul>\n<blockquote class=\"twitter-tweet\">\n<p dir=\"ltr\" lang=\"en\">We&rsquo;ve conquered \ud83c\uddee\ud83c\uddf9 and \ud83c\uddeb\ud83c\uddf7. Now we want \ud83c\uddea\ud83c\uddf8 as well.<\/p>\n<p>This is our team for <a href=\"https:\/\/twitter.com\/lavuelta?ref_src=twsrc%5Etfw\">@lavuelta<\/a>. <a href=\"https:\/\/t.co\/fWRlyJZZvp\">pic.twitter.com\/fWRlyJZZvp<\/a><\/p>\n<p>\u2014 Team Jumbo-Visma cycling (@JumboVismaRoad) <a href=\"https:\/\/twitter.com\/JumboVismaRoad\/status\/1693194148524745165?ref_src=twsrc%5Etfw\">August 20, 2023<\/a><\/p><\/blockquote>\n<p><script async src=\"https:\/\/platform.twitter.com\/widgets.js\" charset=\"utf-8\"><\/script><\/p>\n<p style=\"text-align: center;\"><a href=\"http:\/\/dicodusport.fr\/blog\/tour-de-france-2023-les-compositions-des-equipes\/2\/#deux\" class=\"su-button su-button-style-flat\" style=\"color:#FFFFFF;background-color:#0057ae;border-color:#00468c;border-radius:4px\" target=\"_self\"><span style=\"color:#FFFFFF;padding:0px 22px;font-size:17px;line-height:34px;border-color:#4d8ac7;border-radius:4px;text-shadow:none\"> <strong>Suivant<\/strong><\/span><\/a>\n<h2><!--nextpage--><\/h2>\n<h2 style=\"text-align: justify;\"><\/h2>\n<h2 style=\"text-align: justify;\">\u2705 Movistar<\/h2>\n<ul>\n<li style=\"text-align: justify;\">Jorge Arcas (ESP)<\/li>\n<li style=\"text-align: justify;\">Oier Lazkano (ESP)<\/li>\n<li style=\"text-align: justify;\">Ivan Garcia Cortina (ESP)<\/li>\n<li style=\"text-align: justify;\">Ruben Guerreiro (POR)<\/li>\n<li style=\"text-align: justify;\">Enric Mas (ESP)<\/li>\n<li style=\"text-align: justify;\">Nelson Oliveira (POR)<\/li>\n<li style=\"text-align: justify;\">Einer Rubio (COL)<\/li>\n<li style=\"text-align: justify;\">Imanol Erviti (ESP), remplace Carlos Verona<\/li>\n<\/ul>\n<blockquote class=\"twitter-tweet\">\n<p dir=\"ltr\" lang=\"es\">\ud83c\uddea\ud83c\uddf8\ud83d\udc99 <a href=\"https:\/\/twitter.com\/hashtag\/LaVuelta23?src=hash&amp;ref_src=twsrc%5Etfw\">#LaVuelta23<\/a><br \/>\n\ud83d\uddfa\ufe0f Barcelona (26.8) &gt; Madrid (17.9)<\/p>\n<p>\ud83c\udf9f\ufe0f <a href=\"https:\/\/twitter.com\/EnricMasNicolau?ref_src=twsrc%5Etfw\">@EnricMasNicolau<\/a><br \/>\n\ud83c\udf9f\ufe0f <a href=\"https:\/\/twitter.com\/LazkanoOier?ref_src=twsrc%5Etfw\">@LazkanoOier<\/a><br \/>\n\ud83c\udf9f\ufe0f <a href=\"https:\/\/twitter.com\/Einerrubio1?ref_src=twsrc%5Etfw\">@Einerrubio1<\/a><br \/>\n\ud83c\udf9f\ufe0f <a href=\"https:\/\/twitter.com\/Carlos_Verona?ref_src=twsrc%5Etfw\">@Carlos_Verona<\/a><br \/>\n\ud83c\udf9f\ufe0f <a href=\"https:\/\/twitter.com\/ivan_cortina?ref_src=twsrc%5Etfw\">@ivan_cortina<\/a><br \/>\n\ud83c\udf9f\ufe0f <a href=\"https:\/\/twitter.com\/Nelsoliveira89?ref_src=twsrc%5Etfw\">@Nelsoliveira89<\/a><br \/>\n\ud83c\udf9f\ufe0f <a href=\"https:\/\/twitter.com\/Rguerreiro94?ref_src=twsrc%5Etfw\">@Rguerreiro94<\/a><br \/>\n\ud83c\udf9f\ufe0f <a href=\"https:\/\/twitter.com\/Arcas92?ref_src=twsrc%5Etfw\">@Arcas92<\/a><\/p>\n<p>\ud83d\udcd9 <a href=\"https:\/\/t.co\/pVAUf3vEzR\">https:\/\/t.co\/pVAUf3vEzR<\/a><a href=\"https:\/\/twitter.com\/hashtag\/RodamosJuntos?src=hash&amp;ref_src=twsrc%5Etfw\">#RodamosJuntos<\/a> | <a href=\"https:\/\/twitter.com\/Telefonica?ref_src=twsrc%5Etfw\">@Telefonica<\/a> | <a href=\"https:\/\/twitter.com\/lavuelta?ref_src=twsrc%5Etfw\">@lavuelta<\/a> <a href=\"https:\/\/t.co\/wizJNXZjc9\">pic.twitter.com\/wizJNXZjc9<\/a><\/p>\n<p>\u2014 Movistar Team (@Movistar_Team) <a href=\"https:\/\/twitter.com\/Movistar_Team\/status\/1693532639364604114?ref_src=twsrc%5Etfw\">August 21, 2023<\/a><\/p><\/blockquote>\n<p><script async src=\"https:\/\/platform.twitter.com\/widgets.js\" charset=\"utf-8\"><\/script><\/p>\n<hr \/>\n<h2 style=\"text-align: justify;\">\u2705 Soudal Quick-Step<\/h2>\n<ul>\n<li style=\"text-align: justify;\">Andrea Bagioli (ITA)<\/li>\n<li style=\"text-align: justify;\">Mattia Cattaneo (ITA)<\/li>\n<li style=\"text-align: justify;\">Remco Evenepoel (BEL)<\/li>\n<li style=\"text-align: justify;\">Jan Hirt (RTC)<\/li>\n<li style=\"text-align: justify;\">James Knox (GBR)<\/li>\n<li style=\"text-align: justify;\">Casper Pedersen (DAN)<\/li>\n<li style=\"text-align: justify;\">Pieter Serry (BEL)<\/li>\n<li style=\"text-align: justify;\">Louis Vervaeke (BEL)<\/li>\n<\/ul>\n<blockquote class=\"twitter-tweet\">\n<p dir=\"ltr\" lang=\"en\">Defending champion <a href=\"https:\/\/twitter.com\/EvenepoelRemco?ref_src=twsrc%5Etfw\">@EvenepoelRemco<\/a> &#8211; making his first outing in the Belgian Champion jersey &#8211; is ready to lead Soudal Quick-Step at the last Grand Tour of the season &#8211; <a href=\"https:\/\/twitter.com\/lavuelta?ref_src=twsrc%5Etfw\">@lavuelta<\/a> \ud83d\udd25<\/p>\n<p>Photo: <a href=\"https:\/\/twitter.com\/SportplusM?ref_src=twsrc%5Etfw\">@SportplusM<\/a> <a href=\"https:\/\/t.co\/a3wpzIbc9I\">pic.twitter.com\/a3wpzIbc9I<\/a><\/p>\n<p>\u2014 Soudal Quick-Step Pro Cycling Team (@soudalquickstep) <a href=\"https:\/\/twitter.com\/soudalquickstep\/status\/1693580476814917655?ref_src=twsrc%5Etfw\">August 21, 2023<\/a><\/p><\/blockquote>\n<p><script async src=\"https:\/\/platform.twitter.com\/widgets.js\" charset=\"utf-8\"><\/script><\/p>\n<hr \/>\n<h2 style=\"text-align: justify;\">\u2705 Team Jayco AlUla<\/h2>\n<ul>\n<li style=\"text-align: justify;\">Welay Hagos Berhe (ETH)<\/li>\n<li style=\"text-align: justify;\">Eddie Dunbar (IRL)<\/li>\n<li style=\"text-align: justify;\">Felix Engelhardt (ALL)<\/li>\n<li style=\"text-align: justify;\">Michael Hepburn (AUS)<\/li>\n<li style=\"text-align: justify;\">Jan Maas (P-B)<\/li>\n<li style=\"text-align: justify;\">Callum Scotson (AUS)<\/li>\n<li style=\"text-align: justify;\">Matteo Sobrero (ITA)<\/li>\n<li style=\"text-align: justify;\">Filippo Zana (ITA)<\/li>\n<\/ul>\n<blockquote class=\"twitter-tweet\">\n<p dir=\"ltr\" lang=\"nl\">\ud83c\uddea\ud83c\uddf8 \u00a1Venga! \ud83c\uddea\ud83c\uddf8<\/p>\n<p>Introducing our team for <a href=\"https:\/\/twitter.com\/hashtag\/laVuelta23?src=hash&amp;ref_src=twsrc%5Etfw\">#laVuelta23<\/a><\/p>\n<p>\ud83c\uddee\ud83c\uddea Eddie Dunbar<br \/>\n\ud83c\uddee\ud83c\uddf9 Matteo Sobrero<br \/>\n\ud83c\uddee\ud83c\uddf9 Filippo Zana<br \/>\n\ud83c\udde6\ud83c\uddfa Callum Scotson<br \/>\n\ud83c\udde6\ud83c\uddfa Michael Hepburn<br \/>\n\ud83c\uddea\ud83c\uddf9 Welay Hagos Berhe<br \/>\n\ud83c\udde9\ud83c\uddea Felix Engelhardt<br \/>\n\ud83c\uddf3\ud83c\uddf1 Jan Maas<\/p>\n<p>\u2014 Team Jayco AlUla (@GreenEDGEteam) <a href=\"https:\/\/twitter.com\/GreenEDGEteam\/status\/1693665753373852142?ref_src=twsrc%5Etfw\">August 21, 2023<\/a><\/p><\/blockquote>\n<p><script async src=\"https:\/\/platform.twitter.com\/widgets.js\" charset=\"utf-8\"><\/script><\/p>\n<hr \/>\n<h2 style=\"text-align: justify;\">\u2705 Team DSM-Firmenich<\/h2>\n<ul>\n<li class=\"css-1dbjc4n r-xoduu5\" style=\"text-align: justify;\"><span class=\"r-18u37iz\">Romain Bardet (FRA)<\/span><\/li>\n<li class=\"css-1dbjc4n r-xoduu5\" style=\"text-align: justify;\">Romain Combaud <span class=\"r-18u37iz\">(FRA)<\/span><\/li>\n<li class=\"css-1dbjc4n r-xoduu5\" style=\"text-align: justify;\">Alberto Dainese (ITA)<\/li>\n<li style=\"text-align: justify;\">Sean Flynn (GBR)<\/li>\n<li style=\"text-align: justify;\">Chris Hamilton (AUS)<\/li>\n<li style=\"text-align: justify;\">Lorenzo Milesi (ITA)<\/li>\n<li style=\"text-align: justify;\">Oscar Onley (GBR)<\/li>\n<li style=\"text-align: justify;\">Max Poole (GBR)<\/li>\n<\/ul>\n<blockquote class=\"twitter-tweet\">\n<p dir=\"ltr\" lang=\"en\">It&rsquo;s almost time for <a href=\"https:\/\/twitter.com\/lavuelta?ref_src=twsrc%5Etfw\">@lavuelta<\/a> to \ud835\ude2c\ud835\ude2a\ud835\ude24\ud835\ude2c \ud835\ude30\ud835\ude27\ud835\ude27 in Barcelona \ud83c\uddea\ud83c\uddf8\u26bd\ufe0f<\/p>\n<p>\ud83c\uddeb\ud83c\uddf7 <a href=\"https:\/\/twitter.com\/romainbardet?ref_src=twsrc%5Etfw\">@romainbardet<\/a><br \/>\n\ud83c\uddeb\ud83c\uddf7 Romain Combaud<br \/>\n\ud83c\uddee\ud83c\uddf9 <a href=\"https:\/\/twitter.com\/alberto_dainese?ref_src=twsrc%5Etfw\">@alberto_dainese<\/a><br \/>\n\ud83c\uddec\ud83c\udde7 <a href=\"https:\/\/twitter.com\/seanf1ynn?ref_src=twsrc%5Etfw\">@seanf1ynn<\/a><br \/>\n\ud83c\udde6\ud83c\uddfa <a href=\"https:\/\/twitter.com\/ChrisHamo_?ref_src=twsrc%5Etfw\">@ChrisHamo_<\/a><br \/>\n\ud83c\uddee\ud83c\uddf9 Lorenzo Milesi<br \/>\n\ud83c\uddec\ud83c\udde7 <a href=\"https:\/\/twitter.com\/OscarOnley?ref_src=twsrc%5Etfw\">@OscarOnley<\/a><br \/>\n\ud83c\uddec\ud83c\udde7 Max Poole<\/p>\n<p>We&rsquo;re ready to chase our goals and attack those <a href=\"https:\/\/twitter.com\/hashtag\/LaVuelta23?src=hash&amp;ref_src=twsrc%5Etfw\">#LaVuelta23<\/a> stages! \ud83d\udcaf<\/p>\n<p>\u2014 Team dsm-firmenich (@TDSM_Firmenich) <a href=\"https:\/\/twitter.com\/TDSM_Firmenich\/status\/1693608901269483845?ref_src=twsrc%5Etfw\">August 21, 2023<\/a><\/p><\/blockquote>\n<p><script async src=\"https:\/\/platform.twitter.com\/widgets.js\" charset=\"utf-8\"><\/script><\/p>\n<hr \/>\n<h2 style=\"text-align: justify;\">\u2705 Team Ark\u00e9a Samsic<\/h2>\n<ul>\n<li style=\"text-align: justify;\">Mathis Le Berre (FRA)<\/li>\n<li style=\"text-align: justify;\">Elie Gesbert (FRA)<\/li>\n<li style=\"text-align: justify;\">Hugo Hofstetter (FRA)<\/li>\n<li style=\"text-align: justify;\">Kevin Ledanois (FRA)<\/li>\n<li style=\"text-align: justify;\">Lukasz Owsian (POL)<\/li>\n<li style=\"text-align: justify;\">Michel Ries (LUX)<\/li>\n<li style=\"text-align: justify;\">Cristian Rodriguez (ESP)<\/li>\n<li style=\"text-align: justify;\">K\u00e9vin Vauquelin (FRA)<\/li>\n<\/ul>\n<blockquote class=\"twitter-tweet\">\n<p dir=\"ltr\" lang=\"es\">\u00a1\ud835\udc15\ud835\udc00\ud835\udc0c\ud835\udc0e\ud835\udc12 \ud835\udc02\ud835\udc07\ud835\udc08\ud835\udc02\ud835\udc0e\ud835\udc12! \ud83c\uddea\ud83c\uddf8\ud83d\udcaa<\/p>\n<p>Notre compo pour <a href=\"https:\/\/twitter.com\/lavuelta?ref_src=twsrc%5Etfw\">@lavuelta<\/a> \u2935<a href=\"https:\/\/t.co\/pkabBtEZ3p\">https:\/\/t.co\/pkabBtEZ3p<\/a><a href=\"https:\/\/twitter.com\/hashtag\/LaVuelta23?src=hash&amp;ref_src=twsrc%5Etfw\">#LaVuelta23<\/a> <a href=\"https:\/\/t.co\/C0XK9fDLjh\">pic.twitter.com\/C0XK9fDLjh<\/a><\/p>\n<p>\u2014 Team Ark\u00e9a Samsic (@Arkea_Samsic) <a href=\"https:\/\/twitter.com\/Arkea_Samsic\/status\/1693910925097554146?ref_src=twsrc%5Etfw\">August 22, 2023<\/a><\/p><\/blockquote>\n<p><script async src=\"https:\/\/platform.twitter.com\/widgets.js\" charset=\"utf-8\"><\/script><\/p>\n<hr \/>\n<h2 style=\"text-align: justify;\">\u2705 Lidl-Trek<\/h2>\n<ul>\n<li style=\"text-align: justify;\">Julien Bernard (FRA)<\/li>\n<li style=\"text-align: justify;\">Kenny Elissonde (FRA)<\/li>\n<li style=\"text-align: justify;\">Amanuel Ghebreigzabhier (ERY)<\/li>\n<li style=\"text-align: justify;\">Juan Pedro Lopez (ESP)<\/li>\n<li style=\"text-align: justify;\">Bauke Mollema (P-B)<\/li>\n<li style=\"text-align: justify;\">Jacopo Mosca (ITA)<\/li>\n<li style=\"text-align: justify;\">Edward Theuns (BEL)<\/li>\n<li style=\"text-align: justify;\">Otto Vergaerde (BEL)<\/li>\n<\/ul>\n<blockquote class=\"twitter-tweet\">\n<p dir=\"ltr\" lang=\"en\">We selected our eight riders for <a href=\"https:\/\/twitter.com\/lavuelta?ref_src=twsrc%5Etfw\">@lavuelta<\/a> and all they got was this lousy T-shirt! <a href=\"https:\/\/t.co\/rksV9q3BZU\">pic.twitter.com\/rksV9q3BZU<\/a><\/p>\n<p>\u2014 Lidl-Trek (@LidlTrek) <a href=\"https:\/\/twitter.com\/LidlTrek\/status\/1693911256485224926?ref_src=twsrc%5Etfw\">August 22, 2023<\/a><\/p><\/blockquote>\n<p><script async src=\"https:\/\/platform.twitter.com\/widgets.js\" charset=\"utf-8\"><\/script><\/p>\n<hr \/>\n<h2 style=\"text-align: justify;\">\u2705 UAE Team Emirates<\/h2>\n<ul>\n<li style=\"text-align: justify;\">Joao Almeida (POR)<\/li>\n<li style=\"text-align: justify;\">Juan Ayuso (ESP)<\/li>\n<li style=\"text-align: justify;\">Finn Fisher-Black (NZL)<\/li>\n<li style=\"text-align: justify;\">Juan Sebastian Molano (COL)<\/li>\n<li style=\"text-align: justify;\">Domen Novak (SLV), remplace Ivo Oliveira<\/li>\n<li style=\"text-align: justify;\">Rui Oliveira (POR)<\/li>\n<li style=\"text-align: justify;\">Marc Soler (ESP)<\/li>\n<li style=\"text-align: justify;\">Jay Vine (AUS)<\/li>\n<\/ul>\n<blockquote class=\"twitter-tweet\">\n<p dir=\"ltr\" lang=\"en\"><a href=\"https:\/\/twitter.com\/hashtag\/LaVuelta23?src=hash&amp;ref_src=twsrc%5Etfw\">#LaVuelta23<\/a> Here we come! Here\u2019s our lineup for the final Grand Tour of the year:<\/p>\n<p>\ud83c\uddf5\ud83c\uddf9 <a href=\"https:\/\/twitter.com\/JooAlmeida98?ref_src=twsrc%5Etfw\">@JooAlmeida98<\/a><br \/>\n\ud83c\uddea\ud83c\uddf8 <a href=\"https:\/\/twitter.com\/juann_ayuso?ref_src=twsrc%5Etfw\">@juann_ayuso<\/a><br \/>\n\ud83c\uddf3\ud83c\uddff <a href=\"https:\/\/twitter.com\/finnfisherblack?ref_src=twsrc%5Etfw\">@finnfisherblack<\/a><br \/>\n\ud83c\udde8\ud83c\uddf4 <a href=\"https:\/\/twitter.com\/sebasmolano_?ref_src=twsrc%5Etfw\">@sebasmolano_<\/a><br \/>\n\ud83c\uddf5\ud83c\uddf9 <a href=\"https:\/\/twitter.com\/IvOliveira96?ref_src=twsrc%5Etfw\">@IvOliveira96<\/a><br \/>\n\ud83c\uddf5\ud83c\uddf9 <a href=\"https:\/\/twitter.com\/roliveira57?ref_src=twsrc%5Etfw\">@roliveira57<\/a><br \/>\n\ud83c\uddea\ud83c\uddf8 <a href=\"https:\/\/twitter.com\/solermarc93?ref_src=twsrc%5Etfw\">@solermarc93<\/a><br \/>\n\ud83c\udde6\ud83c\uddfa <a href=\"https:\/\/twitter.com\/JayVine3?ref_src=twsrc%5Etfw\">@JayVine3<\/a> <a href=\"https:\/\/twitter.com\/hashtag\/UAETeamEmirates?src=hash&amp;ref_src=twsrc%5Etfw\">#UAETeamEmirates<\/a> <a href=\"https:\/\/twitter.com\/hashtag\/WeAreUAE?src=hash&amp;ref_src=twsrc%5Etfw\">#WeAreUAE<\/a> <a href=\"https:\/\/t.co\/u5sLt50kan\">pic.twitter.com\/u5sLt50kan<\/a><\/p>\n<p>\u2014 @UAE-TeamEmirates (@TeamEmiratesUAE) <a href=\"https:\/\/twitter.com\/TeamEmiratesUAE\/status\/1693546430562996678?ref_src=twsrc%5Etfw\">August 21, 2023<\/a><\/p><\/blockquote>\n<p><script async src=\"https:\/\/platform.twitter.com\/widgets.js\" charset=\"utf-8\"><\/script><\/p>\n<hr \/>\n<h2 style=\"text-align: justify;\">\u2705 Lotto Dstny<\/h2>\n<ul>\n<li style=\"text-align: justify;\">Thomas De Gendt (BEL)<\/li>\n<li style=\"text-align: justify;\">Jarrad Drizners (AUS)<\/li>\n<li style=\"text-align: justify;\">S\u00e9bastien Grignard (BEL)<\/li>\n<li style=\"text-align: justify;\">Andreas Kron (DAN)<\/li>\n<li style=\"text-align: justify;\">Milan Menten (BEL)<\/li>\n<li style=\"text-align: justify;\">Sylvain Moniquet (BEL)<\/li>\n<li style=\"text-align: justify;\">Eduardo Sepulveda (ARG)<\/li>\n<li style=\"text-align: justify;\">Lennert Van Eetvelt (BEL)<\/li>\n<\/ul>\n<blockquote class=\"twitter-tweet\">\n<p dir=\"ltr\" lang=\"en\">Vamos! \ud83d\udd25<\/p>\n<p>Maybe you already guessed the eight riders in our crossword puzzle, but now we&rsquo;re officially presenting our <a href=\"https:\/\/twitter.com\/lavuelta?ref_src=twsrc%5Etfw\">@lavuelta<\/a> line-up \ud83e\udd29<a href=\"https:\/\/twitter.com\/hashtag\/LaVuelta23?src=hash&amp;ref_src=twsrc%5Etfw\">#LaVuelta23<\/a> https:\/\/t.co\/Asry6eDjt4<\/p>\n<p>\u2014 Lotto Dstny (@lotto_dstny) <a href=\"https:\/\/twitter.com\/lotto_dstny\/status\/1693573910011215994?ref_src=twsrc%5Etfw\">August 21, 2023<\/a><\/p><\/blockquote>\n<p><script async src=\"https:\/\/platform.twitter.com\/widgets.js\" charset=\"utf-8\"><\/script><\/p>\n<hr \/>\n<h2 style=\"text-align: justify;\">\u2705 TotalEnergies<\/h2>\n<ul>\n<li style=\"text-align: justify;\">Thomas Bonnet (FRA)<\/li>\n<li style=\"text-align: justify;\">Steff Cras (BEL)<\/li>\n<li style=\"text-align: justify;\">Fabien Doubey (FRA)<\/li>\n<li style=\"text-align: justify;\">Alan Jousseaume (FRA)<\/li>\n<li style=\"text-align: justify;\">Pierre Latour (FRA)<\/li>\n<li style=\"text-align: justify;\">Paul Ourselin (FRA)<\/li>\n<li style=\"text-align: justify;\">Geoffrey Soupe (FRA)<\/li>\n<li style=\"text-align: justify;\">Dries Van Gestel (BEL)<\/li>\n<\/ul>\n<blockquote class=\"twitter-tweet\">\n<p dir=\"ltr\" lang=\"fr\">\ud835\udc7d\ud835\udc96\ud835\udc86\ud835\udc8d\ud835\udc95\ud835\udc82 \ud835\udfd0\ud835\udfce\ud835\udfd0\ud835\udfd1<\/p>\n<p>Voici les 8 coureurs qui repr\u00e9senteront nos couleurs en Espagne sur <a href=\"https:\/\/twitter.com\/lavuelta?ref_src=twsrc%5Etfw\">@lavuelta<\/a> ! \ud83c\uddea\ud83c\uddf8<\/p>\n<p>\ud83c\uddeb\ud83c\uddf7 Thomas Bonnet<br \/>\n\ud83c\udde7\ud83c\uddea Steff Cras<br \/>\n\ud83c\uddeb\ud83c\uddf7 Fabien Doubey<br \/>\n\ud83c\uddeb\ud83c\uddf7 Alan Jousseaume<br \/>\n\ud83c\uddeb\ud83c\uddf7 Pierre Latour<br \/>\n\ud83c\uddeb\ud83c\uddf7 Paul Ourselin<br \/>\n\ud83c\uddeb\ud83c\uddf7 Geoffrey Soupe<br \/>\n\ud83c\udde7\ud83c\uddea Dries van Gestel <a href=\"https:\/\/twitter.com\/hashtag\/AllezTotalEnergies?src=hash&amp;ref_src=twsrc%5Etfw\">#AllezTotalEnergies<\/a> <a href=\"https:\/\/t.co\/PRXYxksygx\">pic.twitter.com\/PRXYxksygx<\/a><\/p>\n<p>\u2014 Team TotalEnergies (@TeamTotalEnrg) <a href=\"https:\/\/twitter.com\/TeamTotalEnrg\/status\/1693548668404596827?ref_src=twsrc%5Etfw\">August 21, 2023<\/a><\/p><\/blockquote>\n<p><script async src=\"https:\/\/platform.twitter.com\/widgets.js\" charset=\"utf-8\"><\/script><\/p>\n<hr \/>\n<h2 style=\"text-align: justify;\">\u2705 Caja Rural &#8211; Seguros RGA<\/h2>\n<ul>\n<li>Jefferson Cepeda (EQU)<\/li>\n<li>Jon Barrenetxea (ESP)<\/li>\n<li>Orluis Aular (VEN)<\/li>\n<li>Fernando Barcelo (ESP)<\/li>\n<li>Abel Balderstone (ESP)<\/li>\n<li>Joel Nicolau (ESP)<\/li>\n<li>Michal Schlegel (RTC)<\/li>\n<li>David Gonzalez (ESP)<\/li>\n<\/ul>\n<blockquote class=\"twitter-tweet\">\n<p dir=\"ltr\" lang=\"es\">\ud83c\uddea\ud83c\uddf8 Presentamos a los ocho guerreros con los que Caja Rural-Seguros RGA regresa a <a href=\"https:\/\/twitter.com\/lavuelta?ref_src=twsrc%5Etfw\">@lavuelta<\/a><\/p>\n<p>\u27a1\ufe0f <a href=\"https:\/\/twitter.com\/BalderstoneAbel?ref_src=twsrc%5Etfw\">@BalderstoneAbel<\/a><br \/>\n\u27a1\ufe0f <a href=\"https:\/\/twitter.com\/jonicolau97?ref_src=twsrc%5Etfw\">@jonicolau97<\/a><br \/>\n\u27a1\ufe0f <a href=\"https:\/\/twitter.com\/MichalSchlegel?ref_src=twsrc%5Etfw\">@MichalSchlegel<\/a><br \/>\n\u27a1\ufe0f <a href=\"https:\/\/twitter.com\/BarrenetxeaJon?ref_src=twsrc%5Etfw\">@BarrenetxeaJon<\/a><br \/>\n\u27a1\ufe0f <a href=\"https:\/\/twitter.com\/aular_orluis?ref_src=twsrc%5Etfw\">@aular_orluis<\/a><br \/>\n\u27a1\ufe0f <a href=\"https:\/\/twitter.com\/JeffCepedaH?ref_src=twsrc%5Etfw\">@JeffCepedaH<\/a><br \/>\n\u27a1\ufe0f <a href=\"https:\/\/twitter.com\/Davidgl1996?ref_src=twsrc%5Etfw\">@Davidgl1996<\/a><br \/>\n\u27a1\ufe0f <a href=\"https:\/\/twitter.com\/barcelofer?ref_src=twsrc%5Etfw\">@barcelofer<\/a><\/p>\n<p>\ud83d\udcdd <a href=\"https:\/\/t.co\/HTkQnfMg27\">https:\/\/t.co\/HTkQnfMg27<\/a><a href=\"https:\/\/twitter.com\/hashtag\/LaVuelta23?src=hash&amp;ref_src=twsrc%5Etfw\">#LaVuelta23<\/a> <a href=\"https:\/\/t.co\/4cOaPHUv3W\">pic.twitter.com\/4cOaPHUv3W<\/a><\/p>\n<p>\u2014 Team Caja Rural-RGA (@CajaRural_RGA) <a href=\"https:\/\/twitter.com\/CajaRural_RGA\/status\/1693565247183794598?ref_src=twsrc%5Etfw\">August 21, 2023<\/a><\/p><\/blockquote>\n<p><script async src=\"https:\/\/platform.twitter.com\/widgets.js\" charset=\"utf-8\"><\/script><\/p>\n<hr \/>\n<h2 style=\"text-align: justify;\">\u2705 Burgos-BH<\/h2>\n<ul>\n<li style=\"text-align: justify;\">Cyril Barthe (FRA)<\/li>\n<li style=\"text-align: justify;\">Jetse Bol (P-B)<\/li>\n<li style=\"text-align: justify;\">Jose Manuel Diaz (ESP)<\/li>\n<li style=\"text-align: justify;\">Jesus Ezquerra (ESP)<\/li>\n<li style=\"text-align: justify;\">Eric Antonio Fagundez (URU)<\/li>\n<li style=\"text-align: justify;\">Dani Navarro (ESP)<\/li>\n<li style=\"text-align: justify;\">Ander Okamika (ESP)<\/li>\n<li style=\"text-align: justify;\">Pelayo Sanchez (ESP)<\/li>\n<\/ul>\n<blockquote class=\"twitter-tweet\">\n<p dir=\"ltr\" lang=\"es\">\ud83d\udea8 Nuestros ocho elegidos para <a href=\"https:\/\/twitter.com\/lavuelta?ref_src=twsrc%5Etfw\">@lavuelta<\/a> \ud83d\udea8<\/p>\n<p>Burgos \u27a1\ufe0f Barcelona \u27a1\ufe0f Madrid<\/p>\n<p>\ud83c\uddeb\ud83c\uddf7 <a href=\"https:\/\/twitter.com\/CyrilBarthe?ref_src=twsrc%5Etfw\">@CyrilBarthe<\/a><br \/>\n\ud83c\uddf3\ud83c\uddf1 <a href=\"https:\/\/twitter.com\/JetseBol?ref_src=twsrc%5Etfw\">@JetseBol<\/a><br \/>\n\ud83c\uddea\ud83c\uddf8 <a href=\"https:\/\/twitter.com\/josediazgallego?ref_src=twsrc%5Etfw\">@josediazgallego<\/a><br \/>\n\ud83c\uddea\ud83c\uddf8 <a href=\"https:\/\/twitter.com\/Jesusezquerra?ref_src=twsrc%5Etfw\">@Jesusezquerra<\/a><br \/>\n\ud83c\uddfa\ud83c\uddfe <a href=\"https:\/\/twitter.com\/Eric_Fagundez?ref_src=twsrc%5Etfw\">@Eric_Fagundez<\/a><br \/>\n\ud83c\uddea\ud83c\uddf8 <a href=\"https:\/\/twitter.com\/DaniNavarroG_?ref_src=twsrc%5Etfw\">@DaniNavarroG_<\/a><br \/>\n\ud83c\uddea\ud83c\uddf8 <a href=\"https:\/\/twitter.com\/oka_ander?ref_src=twsrc%5Etfw\">@oka_ander<\/a><br \/>\n\ud83c\uddea\ud83c\uddf8 <a href=\"https:\/\/twitter.com\/pelayo_mayo?ref_src=twsrc%5Etfw\">@pelayo_mayo<\/a><\/p>\n<p>\ud83d\udcf2 <a href=\"https:\/\/t.co\/dtmUanS6SQ\">https:\/\/t.co\/dtmUanS6SQ<\/a><a href=\"https:\/\/twitter.com\/hashtag\/SiempreValientes?src=hash&amp;ref_src=twsrc%5Etfw\">#SiempreValientes<\/a> \ud83d\udc9c <a href=\"https:\/\/twitter.com\/hashtag\/LaVuelta23?src=hash&amp;ref_src=twsrc%5Etfw\">#LaVuelta23<\/a> <a href=\"https:\/\/t.co\/0p8hHBtFx8\">pic.twitter.com\/0p8hHBtFx8<\/a><\/p>\n<p>\u2014 Burgos BH (@BurgosBH) <a href=\"https:\/\/twitter.com\/BurgosBH\/status\/1694264777600635271?ref_src=twsrc%5Etfw\">August 23, 2023<\/a><\/p><\/blockquote>\n<p><script async src=\"https:\/\/platform.twitter.com\/widgets.js\" charset=\"utf-8\"><\/script><\/p>\n<p style=\"text-align: center;\"><a href=\"http:\/\/dicodusport.fr\/blog\/tour-de-france-2023-les-compositions-des-equipes\/\" class=\"su-button su-button-style-flat\" style=\"color:#FFFFFF;background-color:#0057ae;border-color:#00468c;border-radius:4px\" target=\"_self\"><span style=\"color:#FFFFFF;padding:0px 22px;font-size:17px;line-height:34px;border-color:#4d8ac7;border-radius:4px;text-shadow:none\"> <strong>Revenir au d\u00e9but<\/strong><\/span><\/a>\n<p>&nbsp;<\/p>\n","protected":false},"excerpt":{"rendered":"<p>TOUR D&rsquo;ESPAGNE 2023 &#8211; D\u00e9couvrez les s\u00e9lections des \u00e9quipes pour la Vuelta 2023, au fur et \u00e0 mesure que les compositions sont annonc\u00e9es par les teams.<\/p>\n","protected":false},"author":4,"featured_media":408841,"comment_status":"open","ping_status":"closed","sticky":false,"template":"","format":"standard","meta":{"_acf_changed":false,"_daextam_enable_autolinks":"","footnotes":""},"categories":[47042],"tags":[16878],"class_list":["post-408829","post","type-post","status-publish","format-standard","has-post-thumbnail","hentry","category-tour-d-espagne","tag-breve"],"acf":[],"yoast_head":"<!-- This site is optimized with the Yoast SEO Premium plugin v26.7 (Yoast SEO v26.7) - https:\/\/yoast.com\/wordpress\/plugins\/seo\/ -->\n<title>Tour d&#039;Espagne 2023 - Les s\u00e9lections des \u00e9quipes<\/title>\n<meta name=\"description\" content=\"TOUR D&#039;ESPAGNE 2023 - D\u00e9couvrez les s\u00e9lections des \u00e9quipes pour la Vuelta 2023, au fur et \u00e0 mesure que les compositions sont annonc\u00e9es.\" \/>\n<meta name=\"robots\" content=\"index, follow, max-snippet:-1, max-image-preview:large, max-video-preview:-1\" \/>\n<link rel=\"canonical\" href=\"https:\/\/dicodusport.fr\/blog\/tour-despagne-2023-les-selections-des-equipes\/\" \/>\n<link rel=\"next\" href=\"https:\/\/dicodusport.fr\/blog\/tour-despagne-2023-les-selections-des-equipes\/2\/\" \/>\n<meta property=\"og:locale\" content=\"fr_FR\" \/>\n<meta property=\"og:type\" content=\"article\" \/>\n<meta property=\"og:title\" content=\"Tour d&#039;Espagne 2023 - Les s\u00e9lections des \u00e9quipes\" \/>\n<meta property=\"og:description\" content=\"TOUR D&#039;ESPAGNE 2023 - D\u00e9couvrez les s\u00e9lections des \u00e9quipes pour la Vuelta 2023, au fur et \u00e0 mesure que les compositions sont annonc\u00e9es.\" \/>\n<meta property=\"og:url\" content=\"https:\/\/dicodusport.fr\/blog\/tour-despagne-2023-les-selections-des-equipes\/\" \/>\n<meta property=\"og:site_name\" content=\"Dicodusport\" \/>\n<meta property=\"article:publisher\" content=\"https:\/\/www.facebook.com\/dicodusport\" \/>\n<meta property=\"article:author\" content=\"https:\/\/www.facebook.com\/florent.ostermann\" \/>\n<meta property=\"article:published_time\" content=\"2023-08-26T11:38:20+00:00\" \/>\n<meta property=\"article:modified_time\" content=\"2023-08-26T11:38:42+00:00\" \/>\n<meta property=\"og:image\" content=\"https:\/\/dicodusport.fr\/blog\/wp-content\/uploads\/2023\/08\/Tour-dEspagne-2023-Les-selections-des-equipes.png\" \/>\n\t<meta property=\"og:image:width\" content=\"800\" \/>\n\t<meta property=\"og:image:height\" content=\"445\" \/>\n\t<meta property=\"og:image:type\" content=\"image\/png\" \/>\n<meta name=\"author\" content=\"Flo Ostermann\" \/>\n<meta name=\"twitter:card\" content=\"summary_large_image\" \/>\n<meta name=\"twitter:title\" content=\"Tour d&#039;Espagne 2023 - Les s\u00e9lections des \u00e9quipes\" \/>\n<meta name=\"twitter:creator\" content=\"@https:\/\/twitter.com\/FlOstermann\" \/>\n<meta name=\"twitter:site\" content=\"@dicodusport\" \/>\n<script type=\"application\/ld+json\" class=\"yoast-schema-graph\">{\"@context\":\"https:\/\/schema.org\",\"@graph\":[{\"@type\":\"NewsArticle\",\"@id\":\"https:\/\/dicodusport.fr\/blog\/tour-despagne-2023-les-selections-des-equipes\/#article\",\"isPartOf\":{\"@id\":\"https:\/\/dicodusport.fr\/blog\/tour-despagne-2023-les-selections-des-equipes\/\"},\"author\":{\"name\":\"Flo Ostermann\",\"@id\":\"https:\/\/dicodusport.fr\/blog\/#\/schema\/person\/cb02af4c173ce4a653b55e9baf388d4a\"},\"headline\":\"Tour d&rsquo;Espagne 2023 &#8211; Les s\u00e9lections des \u00e9quipes\",\"datePublished\":\"2023-08-26T11:38:20+00:00\",\"dateModified\":\"2023-08-26T11:38:42+00:00\",\"mainEntityOfPage\":{\"@id\":\"https:\/\/dicodusport.fr\/blog\/tour-despagne-2023-les-selections-des-equipes\/\"},\"wordCount\":1441,\"commentCount\":0,\"publisher\":{\"@id\":\"https:\/\/dicodusport.fr\/blog\/#organization\"},\"image\":{\"@id\":\"https:\/\/dicodusport.fr\/blog\/tour-despagne-2023-les-selections-des-equipes\/#primaryimage\"},\"thumbnailUrl\":\"https:\/\/dicodusport.fr\/blog\/wp-content\/uploads\/2023\/08\/Tour-dEspagne-2023-Les-selections-des-equipes.png\",\"keywords\":[\"br\u00e8ve\"],\"articleSection\":[\"Tour d'Espagne\"],\"inLanguage\":\"fr-FR\",\"potentialAction\":[{\"@type\":\"CommentAction\",\"name\":\"Comment\",\"target\":[\"https:\/\/dicodusport.fr\/blog\/tour-despagne-2023-les-selections-des-equipes\/#respond\"]}],\"copyrightYear\":\"2023\",\"copyrightHolder\":{\"@id\":\"https:\/\/dicodusport.fr\/blog\/#organization\"}},{\"@type\":\"WebPage\",\"@id\":\"https:\/\/dicodusport.fr\/blog\/tour-despagne-2023-les-selections-des-equipes\/\",\"url\":\"https:\/\/dicodusport.fr\/blog\/tour-despagne-2023-les-selections-des-equipes\/\",\"name\":\"Tour d'Espagne 2023 - Les s\u00e9lections des \u00e9quipes\",\"isPartOf\":{\"@id\":\"https:\/\/dicodusport.fr\/blog\/#website\"},\"primaryImageOfPage\":{\"@id\":\"https:\/\/dicodusport.fr\/blog\/tour-despagne-2023-les-selections-des-equipes\/#primaryimage\"},\"image\":{\"@id\":\"https:\/\/dicodusport.fr\/blog\/tour-despagne-2023-les-selections-des-equipes\/#primaryimage\"},\"thumbnailUrl\":\"https:\/\/dicodusport.fr\/blog\/wp-content\/uploads\/2023\/08\/Tour-dEspagne-2023-Les-selections-des-equipes.png\",\"datePublished\":\"2023-08-26T11:38:20+00:00\",\"dateModified\":\"2023-08-26T11:38:42+00:00\",\"description\":\"TOUR D'ESPAGNE 2023 - D\u00e9couvrez les s\u00e9lections des \u00e9quipes pour la Vuelta 2023, au fur et \u00e0 mesure que les compositions sont annonc\u00e9es.\",\"inLanguage\":\"fr-FR\",\"potentialAction\":[{\"@type\":\"ReadAction\",\"target\":[\"https:\/\/dicodusport.fr\/blog\/tour-despagne-2023-les-selections-des-equipes\/\"]}]},{\"@type\":\"ImageObject\",\"inLanguage\":\"fr-FR\",\"@id\":\"https:\/\/dicodusport.fr\/blog\/tour-despagne-2023-les-selections-des-equipes\/#primaryimage\",\"url\":\"https:\/\/dicodusport.fr\/blog\/wp-content\/uploads\/2023\/08\/Tour-dEspagne-2023-Les-selections-des-equipes.png\",\"contentUrl\":\"https:\/\/dicodusport.fr\/blog\/wp-content\/uploads\/2023\/08\/Tour-dEspagne-2023-Les-selections-des-equipes.png\",\"width\":800,\"height\":445,\"caption\":\"Tour d'Espagne 2023 - Les s\u00e9lections des \u00e9quipes\"},{\"@type\":\"WebSite\",\"@id\":\"https:\/\/dicodusport.fr\/blog\/#website\",\"url\":\"https:\/\/dicodusport.fr\/blog\/\",\"name\":\"Dicodusport\",\"description\":\"L&#039;encyclop\u00e9die de l&#039;actualit\u00e9 sportive\",\"publisher\":{\"@id\":\"https:\/\/dicodusport.fr\/blog\/#organization\"},\"potentialAction\":[{\"@type\":\"SearchAction\",\"target\":{\"@type\":\"EntryPoint\",\"urlTemplate\":\"https:\/\/dicodusport.fr\/blog\/?s={search_term_string}\"},\"query-input\":{\"@type\":\"PropertyValueSpecification\",\"valueRequired\":true,\"valueName\":\"search_term_string\"}}],\"inLanguage\":\"fr-FR\"},{\"@type\":\"NewsMediaOrganization\",\"@id\":\"https:\/\/dicodusport.fr\/blog\/#organization\",\"name\":\"Dicodusport\",\"url\":\"https:\/\/dicodusport.fr\/blog\/\",\"logo\":{\"@type\":\"ImageObject\",\"inLanguage\":\"fr-FR\",\"@id\":\"https:\/\/dicodusport.fr\/blog\/#\/schema\/logo\/image\/\",\"url\":\"https:\/\/dicodusport.fr\/blog\/wp-content\/uploads\/2020\/06\/cropped-LOGO-DICODUSPORT-2020-SANS-FOND-SANS-TEXTE.png\",\"contentUrl\":\"https:\/\/dicodusport.fr\/blog\/wp-content\/uploads\/2020\/06\/cropped-LOGO-DICODUSPORT-2020-SANS-FOND-SANS-TEXTE.png\",\"width\":512,\"height\":512,\"caption\":\"Dicodusport\"},\"image\":{\"@id\":\"https:\/\/dicodusport.fr\/blog\/#\/schema\/logo\/image\/\"},\"sameAs\":[\"https:\/\/www.facebook.com\/dicodusport\",\"https:\/\/x.com\/dicodusport\",\"https:\/\/www.instagram.com\/dicodusport\/\",\"https:\/\/www.youtube.com\/channel\/UC7V2KZ5sd3htJivAbA4ZG3w\"],\"description\":\"Dicodusport est l'encyclop\u00e9die de l'actualit\u00e9 sportive.\",\"email\":\"bonjour@dicodusport.fr\",\"legalName\":\"DICODUSPORT\",\"foundingDate\":\"2018-01-14\",\"vatID\":\"FR71834470973\",\"taxID\":\"83447097300043\",\"numberOfEmployees\":{\"@type\":\"QuantitativeValue\",\"minValue\":\"1\",\"maxValue\":\"10\"}},{\"@type\":\"Person\",\"@id\":\"https:\/\/dicodusport.fr\/blog\/#\/schema\/person\/cb02af4c173ce4a653b55e9baf388d4a\",\"name\":\"Flo Ostermann\",\"image\":{\"@type\":\"ImageObject\",\"inLanguage\":\"fr-FR\",\"@id\":\"https:\/\/dicodusport.fr\/blog\/#\/schema\/person\/image\/\",\"url\":\"https:\/\/dicodusport.fr\/blog\/wp-content\/uploads\/2021\/05\/Flo-Ostermann-150x150.jpg\",\"contentUrl\":\"https:\/\/dicodusport.fr\/blog\/wp-content\/uploads\/2021\/05\/Flo-Ostermann-150x150.jpg\",\"caption\":\"Flo Ostermann\"},\"description\":\"Journaliste\/R\u00e9dacteur depuis septembre 2015 - Mes premiers souvenirs dans le sport ? Les envol\u00e9es du Stade Toulousain et les duels Villeneuve-Schumacher et H\u00e4kkinen-Schumacher \u00e0 la fin des ann\u00e9es 90, la Coupe du monde de football en 1998, l\u2019exploit du XV de France face aux All Blacks en 1999, mais aussi Richard C\u0153ur de Lion qui vole sur les montagnes du Tour de France. Bien parti pour devenir professeur d\u2019EPS, les \u00e9v\u00e9nements de la vie (et la flemme d\u2019animer des s\u00e9ances de 3x500 m\u00e8tres toute ma vie) m\u2019ont conduit \u00e0 revoir mes plans. Me voil\u00e0 depuis fin 2017 sur Dicodusport, m\u00e9dia gr\u00e2ce (et pour) lequel je partage ma passion : le sport dans tous ses \u00e9tats. Le tout accompagn\u00e9 par les fous furieux et folles furieuses cit\u00e9s sur cette page !\",\"sameAs\":[\"https:\/\/www.facebook.com\/florent.ostermann\",\"https:\/\/x.com\/https:\/\/twitter.com\/FlOstermann\",\"admin\"],\"url\":\"https:\/\/dicodusport.fr\/blog\/author\/flo\/\"}]}<\/script>\n<!-- \/ Yoast SEO Premium plugin. -->","yoast_head_json":{"title":"Tour d'Espagne 2023 - Les s\u00e9lections des \u00e9quipes","description":"TOUR D'ESPAGNE 2023 - D\u00e9couvrez les s\u00e9lections des \u00e9quipes pour la Vuelta 2023, au fur et \u00e0 mesure que les compositions sont annonc\u00e9es.","robots":{"index":"index","follow":"follow","max-snippet":"max-snippet:-1","max-image-preview":"max-image-preview:large","max-video-preview":"max-video-preview:-1"},"canonical":"https:\/\/dicodusport.fr\/blog\/tour-despagne-2023-les-selections-des-equipes\/","next":"https:\/\/dicodusport.fr\/blog\/tour-despagne-2023-les-selections-des-equipes\/2\/","og_locale":"fr_FR","og_type":"article","og_title":"Tour d'Espagne 2023 - Les s\u00e9lections des \u00e9quipes","og_description":"TOUR D'ESPAGNE 2023 - D\u00e9couvrez les s\u00e9lections des \u00e9quipes pour la Vuelta 2023, au fur et \u00e0 mesure que les compositions sont annonc\u00e9es.","og_url":"https:\/\/dicodusport.fr\/blog\/tour-despagne-2023-les-selections-des-equipes\/","og_site_name":"Dicodusport","article_publisher":"https:\/\/www.facebook.com\/dicodusport","article_author":"https:\/\/www.facebook.com\/florent.ostermann","article_published_time":"2023-08-26T11:38:20+00:00","article_modified_time":"2023-08-26T11:38:42+00:00","og_image":[{"width":800,"height":445,"url":"https:\/\/dicodusport.fr\/blog\/wp-content\/uploads\/2023\/08\/Tour-dEspagne-2023-Les-selections-des-equipes.png","type":"image\/png"}],"author":"Flo Ostermann","twitter_card":"summary_large_image","twitter_title":"Tour d'Espagne 2023 - Les s\u00e9lections des \u00e9quipes","twitter_creator":"@https:\/\/twitter.com\/FlOstermann","twitter_site":"@dicodusport","schema":{"@context":"https:\/\/schema.org","@graph":[{"@type":"NewsArticle","@id":"https:\/\/dicodusport.fr\/blog\/tour-despagne-2023-les-selections-des-equipes\/#article","isPartOf":{"@id":"https:\/\/dicodusport.fr\/blog\/tour-despagne-2023-les-selections-des-equipes\/"},"author":{"name":"Flo Ostermann","@id":"https:\/\/dicodusport.fr\/blog\/#\/schema\/person\/cb02af4c173ce4a653b55e9baf388d4a"},"headline":"Tour d&rsquo;Espagne 2023 &#8211; Les s\u00e9lections des \u00e9quipes","datePublished":"2023-08-26T11:38:20+00:00","dateModified":"2023-08-26T11:38:42+00:00","mainEntityOfPage":{"@id":"https:\/\/dicodusport.fr\/blog\/tour-despagne-2023-les-selections-des-equipes\/"},"wordCount":1441,"commentCount":0,"publisher":{"@id":"https:\/\/dicodusport.fr\/blog\/#organization"},"image":{"@id":"https:\/\/dicodusport.fr\/blog\/tour-despagne-2023-les-selections-des-equipes\/#primaryimage"},"thumbnailUrl":"https:\/\/dicodusport.fr\/blog\/wp-content\/uploads\/2023\/08\/Tour-dEspagne-2023-Les-selections-des-equipes.png","keywords":["br\u00e8ve"],"articleSection":["Tour d'Espagne"],"inLanguage":"fr-FR","potentialAction":[{"@type":"CommentAction","name":"Comment","target":["https:\/\/dicodusport.fr\/blog\/tour-despagne-2023-les-selections-des-equipes\/#respond"]}],"copyrightYear":"2023","copyrightHolder":{"@id":"https:\/\/dicodusport.fr\/blog\/#organization"}},{"@type":"WebPage","@id":"https:\/\/dicodusport.fr\/blog\/tour-despagne-2023-les-selections-des-equipes\/","url":"https:\/\/dicodusport.fr\/blog\/tour-despagne-2023-les-selections-des-equipes\/","name":"Tour d'Espagne 2023 - Les s\u00e9lections des \u00e9quipes","isPartOf":{"@id":"https:\/\/dicodusport.fr\/blog\/#website"},"primaryImageOfPage":{"@id":"https:\/\/dicodusport.fr\/blog\/tour-despagne-2023-les-selections-des-equipes\/#primaryimage"},"image":{"@id":"https:\/\/dicodusport.fr\/blog\/tour-despagne-2023-les-selections-des-equipes\/#primaryimage"},"thumbnailUrl":"https:\/\/dicodusport.fr\/blog\/wp-content\/uploads\/2023\/08\/Tour-dEspagne-2023-Les-selections-des-equipes.png","datePublished":"2023-08-26T11:38:20+00:00","dateModified":"2023-08-26T11:38:42+00:00","description":"TOUR D'ESPAGNE 2023 - D\u00e9couvrez les s\u00e9lections des \u00e9quipes pour la Vuelta 2023, au fur et \u00e0 mesure que les compositions sont annonc\u00e9es.","inLanguage":"fr-FR","potentialAction":[{"@type":"ReadAction","target":["https:\/\/dicodusport.fr\/blog\/tour-despagne-2023-les-selections-des-equipes\/"]}]},{"@type":"ImageObject","inLanguage":"fr-FR","@id":"https:\/\/dicodusport.fr\/blog\/tour-despagne-2023-les-selections-des-equipes\/#primaryimage","url":"https:\/\/dicodusport.fr\/blog\/wp-content\/uploads\/2023\/08\/Tour-dEspagne-2023-Les-selections-des-equipes.png","contentUrl":"https:\/\/dicodusport.fr\/blog\/wp-content\/uploads\/2023\/08\/Tour-dEspagne-2023-Les-selections-des-equipes.png","width":800,"height":445,"caption":"Tour d'Espagne 2023 - Les s\u00e9lections des \u00e9quipes"},{"@type":"WebSite","@id":"https:\/\/dicodusport.fr\/blog\/#website","url":"https:\/\/dicodusport.fr\/blog\/","name":"Dicodusport","description":"L&#039;encyclop\u00e9die de l&#039;actualit\u00e9 sportive","publisher":{"@id":"https:\/\/dicodusport.fr\/blog\/#organization"},"potentialAction":[{"@type":"SearchAction","target":{"@type":"EntryPoint","urlTemplate":"https:\/\/dicodusport.fr\/blog\/?s={search_term_string}"},"query-input":{"@type":"PropertyValueSpecification","valueRequired":true,"valueName":"search_term_string"}}],"inLanguage":"fr-FR"},{"@type":"NewsMediaOrganization","@id":"https:\/\/dicodusport.fr\/blog\/#organization","name":"Dicodusport","url":"https:\/\/dicodusport.fr\/blog\/","logo":{"@type":"ImageObject","inLanguage":"fr-FR","@id":"https:\/\/dicodusport.fr\/blog\/#\/schema\/logo\/image\/","url":"https:\/\/dicodusport.fr\/blog\/wp-content\/uploads\/2020\/06\/cropped-LOGO-DICODUSPORT-2020-SANS-FOND-SANS-TEXTE.png","contentUrl":"https:\/\/dicodusport.fr\/blog\/wp-content\/uploads\/2020\/06\/cropped-LOGO-DICODUSPORT-2020-SANS-FOND-SANS-TEXTE.png","width":512,"height":512,"caption":"Dicodusport"},"image":{"@id":"https:\/\/dicodusport.fr\/blog\/#\/schema\/logo\/image\/"},"sameAs":["https:\/\/www.facebook.com\/dicodusport","https:\/\/x.com\/dicodusport","https:\/\/www.instagram.com\/dicodusport\/","https:\/\/www.youtube.com\/channel\/UC7V2KZ5sd3htJivAbA4ZG3w"],"description":"Dicodusport est l'encyclop\u00e9die de l'actualit\u00e9 sportive.","email":"bonjour@dicodusport.fr","legalName":"DICODUSPORT","foundingDate":"2018-01-14","vatID":"FR71834470973","taxID":"83447097300043","numberOfEmployees":{"@type":"QuantitativeValue","minValue":"1","maxValue":"10"}},{"@type":"Person","@id":"https:\/\/dicodusport.fr\/blog\/#\/schema\/person\/cb02af4c173ce4a653b55e9baf388d4a","name":"Flo Ostermann","image":{"@type":"ImageObject","inLanguage":"fr-FR","@id":"https:\/\/dicodusport.fr\/blog\/#\/schema\/person\/image\/","url":"https:\/\/dicodusport.fr\/blog\/wp-content\/uploads\/2021\/05\/Flo-Ostermann-150x150.jpg","contentUrl":"https:\/\/dicodusport.fr\/blog\/wp-content\/uploads\/2021\/05\/Flo-Ostermann-150x150.jpg","caption":"Flo Ostermann"},"description":"Journaliste\/R\u00e9dacteur depuis septembre 2015 - Mes premiers souvenirs dans le sport ? Les envol\u00e9es du Stade Toulousain et les duels Villeneuve-Schumacher et H\u00e4kkinen-Schumacher \u00e0 la fin des ann\u00e9es 90, la Coupe du monde de football en 1998, l\u2019exploit du XV de France face aux All Blacks en 1999, mais aussi Richard C\u0153ur de Lion qui vole sur les montagnes du Tour de France. Bien parti pour devenir professeur d\u2019EPS, les \u00e9v\u00e9nements de la vie (et la flemme d\u2019animer des s\u00e9ances de 3x500 m\u00e8tres toute ma vie) m\u2019ont conduit \u00e0 revoir mes plans. Me voil\u00e0 depuis fin 2017 sur Dicodusport, m\u00e9dia gr\u00e2ce (et pour) lequel je partage ma passion : le sport dans tous ses \u00e9tats. Le tout accompagn\u00e9 par les fous furieux et folles furieuses cit\u00e9s sur cette page !","sameAs":["https:\/\/www.facebook.com\/florent.ostermann","https:\/\/x.com\/https:\/\/twitter.com\/FlOstermann","admin"],"url":"https:\/\/dicodusport.fr\/blog\/author\/flo\/"}]}},"_links":{"self":[{"href":"https:\/\/dicodusport.fr\/blog\/wp-json\/wp\/v2\/posts\/408829","targetHints":{"allow":["GET"]}}],"collection":[{"href":"https:\/\/dicodusport.fr\/blog\/wp-json\/wp\/v2\/posts"}],"about":[{"href":"https:\/\/dicodusport.fr\/blog\/wp-json\/wp\/v2\/types\/post"}],"author":[{"embeddable":true,"href":"https:\/\/dicodusport.fr\/blog\/wp-json\/wp\/v2\/users\/4"}],"replies":[{"embeddable":true,"href":"https:\/\/dicodusport.fr\/blog\/wp-json\/wp\/v2\/comments?post=408829"}],"version-history":[{"count":0,"href":"https:\/\/dicodusport.fr\/blog\/wp-json\/wp\/v2\/posts\/408829\/revisions"}],"wp:featuredmedia":[{"embeddable":true,"href":"https:\/\/dicodusport.fr\/blog\/wp-json\/wp\/v2\/media\/408841"}],"wp:attachment":[{"href":"https:\/\/dicodusport.fr\/blog\/wp-json\/wp\/v2\/media?parent=408829"}],"wp:term":[{"taxonomy":"category","embeddable":true,"href":"https:\/\/dicodusport.fr\/blog\/wp-json\/wp\/v2\/categories?post=408829"},{"taxonomy":"post_tag","embeddable":true,"href":"https:\/\/dicodusport.fr\/blog\/wp-json\/wp\/v2\/tags?post=408829"}],"curies":[{"name":"wp","href":"https:\/\/api.w.org\/{rel}","templated":true}]}}