{"id":408840,"date":"2023-08-18T13:05:50","date_gmt":"2023-08-18T11:05:50","guid":{"rendered":"https:\/\/dicodusport.fr\/blog\/?p=408840&#038;preview=true&#038;preview_id=408840"},"modified":"2023-08-18T14:26:07","modified_gmt":"2023-08-18T12:26:07","slug":"beretta-bordier-finot-6-athletes-francais-a-suivre-aux-mondiaux-dathletisme-2023","status":"publish","type":"post","link":"https:\/\/dicodusport.fr\/blog\/beretta-bordier-finot-6-athletes-francais-a-suivre-aux-mondiaux-dathletisme-2023\/","title":{"rendered":"Beretta, Bordier, Finot : 6 athl\u00e8tes fran\u00e7ais \u00e0 suivre aux Mondiaux d&rsquo;athl\u00e9tisme 2023"},"content":{"rendered":"<p align=\"justify\"><em><strong><a href=\"https:\/\/dicodusport.fr\/blog\/actualites\/athletisme\/championnats-du-monde-athletisme-2023\/\">CHAMPIONNATS DU MONDE D&rsquo;ATHL\u00c9TISME 2023<\/a> &#8211; Ils sont Fran\u00e7ais et peuvent \u00eatre les bonnes surprises de cette grande comp\u00e9tition. Zoom sur 6 athl\u00e8tes tricolores \u00e0 suivre.<\/strong><\/em><\/p>\n<ul>\n<li style=\"text-align: justify;\"><strong>\u00c0 lire aussi &#8211; <a href=\"https:\/\/dicodusport.fr\/blog\/mondiaux-dathletisme-2023-les-chances-de-medailles-francaises\/\">Mondiaux d\u2019athl\u00e9tisme 2023 : Les chances de m\u00e9dailles fran\u00e7aises<\/a><\/strong><\/li>\n<\/ul>\n<h2 style=\"text-align: justify;\" align=\"justify\">Cl\u00e9mence Beretta (20 kilom\u00e8tres marche)<\/h2>\n<p style=\"text-align: justify;\"><strong>Cl\u00e9mence Beretta<\/strong> va d\u00e9couvrir ses premiers championnats du monde \u00e9lites, un an apr\u00e8s avoir pris une brillante sixi\u00e8me place aux championnats d&rsquo;Europe de Munich. Qui \u00e9taient ses premier grands championnats. Une exp\u00e9rience r\u00e9ussie, puisqu&rsquo;elle avait battu le record de France de la discipline, en 1h30:37. Depuis, elle a am\u00e9lior\u00e9 ce record en mars dernier, pour le porter \u00e0 1h30:20. Le niveau mondial de la marche risque d&rsquo;\u00eatre dense. Mais au-del\u00e0 de la d\u00e9couverte, <strong>Cl\u00e9mence Beretta<\/strong> peut profiter de cette comp\u00e9tition, pour am\u00e9liorer son record personnel. Et pourquoi pas r\u00e9aliser 1h29:20, chrono synonyme de minima olympique. La Vosgienne est le porte-\u00e9tendard d&rsquo;une g\u00e9n\u00e9ration qui est en train d&rsquo;\u00e9merger au plus haut-niveau. Et qui sera \u00e9galement repr\u00e9sent\u00e9e \u00e0 Budapest par <strong>Pauline Stey<\/strong> et <strong>Camille Moutard<\/strong>. Vous en entendrez encore parler.<\/p>\n<div class=\"vlp-link-container vlp-layout-article\"><a href=\"https:\/\/dicodusport.fr\/blog\/clemence-beretta-faire-les-minima-olympiques\/\" class=\"vlp-link\" title=\"Cl\u00e9mence Beretta : &quot;Faire les minima olympiques&quot;\"><\/a><div class=\"vlp-layout-zone-side\"><div class=\"vlp-block-4 vlp-link-image\"><img loading=\"lazy\" decoding=\"async\" style=\"max-width: 800px;\" width=\"800\" height=\"445\" src=\"https:\/\/dicodusport.fr\/blog\/wp-content\/uploads\/2023\/05\/Clemence-Beretta-Faire-les-minima-olympiques.png\" class=\"attachment-800x445 size-800x445\" alt=\"Cl\u00e9mence Beretta : &quot;Faire les minima olympiques&quot;\" srcset=\"https:\/\/dicodusport.fr\/blog\/wp-content\/uploads\/2023\/05\/Clemence-Beretta-Faire-les-minima-olympiques.png 800w, https:\/\/dicodusport.fr\/blog\/wp-content\/uploads\/2023\/05\/Clemence-Beretta-Faire-les-minima-olympiques-300x167.png 300w, https:\/\/dicodusport.fr\/blog\/wp-content\/uploads\/2023\/05\/Clemence-Beretta-Faire-les-minima-olympiques-768x427.png 768w\" sizes=\"auto, (max-width: 800px) 100vw, 800px\" \/><\/div><\/div><div class=\"vlp-layout-zone-main\"><div class=\"vlp-block-0 vlp-link-title\">Cl\u00e9mence Beretta : \"Faire les minima olympiques\"<\/div><div class=\"vlp-block-1 vlp-link-summary\">ATHL\u00c9TISME - Cl\u00e9mence Beretta dispute ce dimanche le championnat d'Europe par \u00e9quipes de marche. La marcheuse fran\u00e7aise y va avec plusieurs ambitions. Entretien.<\/div><div class=\"vlp-block-2 vlp-link-button\">Lire l'article<\/div><div class=\"vlp-block-3 vlp-link-url\">dicodusport.fr<\/div><\/div><\/div>\n<h2 style=\"text-align: justify;\" align=\"justify\">Gabriel Bordier (20 kilom\u00e8tres marche)<\/h2>\n<p style=\"text-align: justify;\">Mine de rien, <strong>Gabriel Bordier<\/strong> r\u00e9alise une saison tr\u00e8s solide. Avec un titre de champion de France \u00c9lites du 10 km marche route et un record personnel port\u00e9 \u00e0 39:02. Un chrono qui peut le faire pr\u00e9tendre \u00e0 passer sous les 1h20 sur la double distance. Pour l&rsquo;heure, il en est \u00e0 1h20:09. Un petit 1h19, c&rsquo;est un top 10 qui se rapprocherait pour le sp\u00e9cialiste de la marche. Pas une mince performance. Et ce serait une belle revanche apr\u00e8s les championnats d&rsquo;Europe, o\u00f9 il avait subi les foudres des juges. Dans une discipline avec de nouvelles t\u00eates qui \u00e9mergent petit \u00e0 petit, il peut \u00eatre une belle r\u00e9v\u00e9lation dans le clan tricolore. Les plus sp\u00e9cialistes parleront eux de confirmation.<\/p>\n<ul>\n<li style=\"text-align: justify;\"><strong>\u00c0 lire aussi &#8211; <a href=\"https:\/\/dicodusport.fr\/blog\/mondiaux-dathletisme-2023-a-quelle-heure-et-sur-quelle-chaine\/\">Mondiaux d\u2019athl\u00e9tisme 2023 : \u00c0 quelle heure et sur quelle cha\u00eene ?<\/a><\/strong><\/li>\n<\/ul>\n<h2 style=\"text-align: justify;\" align=\"justify\">Alice Finot (3 000 m steeple)<\/h2>\n<p style=\"text-align: justify;\">Au moment de citer des chances de m\u00e9dailles fran\u00e7aises, le nom d&rsquo;<strong>Alice Finot<\/strong> n&rsquo;est quasiment jamais \u00e9voqu\u00e9. Et pourtant, la sp\u00e9cialiste et recordwoman de France du 3 000 m steeple, arrive \u00e0 Budapest avec le 7e chrono des engag\u00e9es, avec son 9:10.04. \u00c0 seulement six secondes de la troisi\u00e8me. <strong>Alice Finot<\/strong> a \u00e9norm\u00e9ment progress\u00e9 sur cette distance en un peu plus d&rsquo;un an. Elle poss\u00e8de d\u00e9j\u00e0 l&rsquo;exp\u00e9rience d&rsquo;une finale mondiale, l&rsquo;an pass\u00e9 \u00e0 Eugene. Si sa finale avait \u00e9t\u00e9 marqu\u00e9e par une chute, on se souvient qu&rsquo;elle avait battu son record de France en s\u00e9ries. Un record tomb\u00e9, depuis, lors du Meeting Diamond League de Florence cette ann\u00e9e. En bref, elle n&rsquo;aura aucun complexe \u00e0 avoir. C&rsquo;est une discipline qui peut r\u00e9server des surprises. Et les Fran\u00e7ais ont longtemps brill\u00e9 dessus. Alors, c&rsquo;est peut-\u00eatre l&rsquo;heure d&rsquo;<strong>Alice Finot<\/strong>.<\/p>\n<div class=\"vlp-link-container vlp-layout-article\"><a href=\"https:\/\/dicodusport.fr\/blog\/diamond-league-florence-2023-record-du-monde-pour-faith-kipyegon-femke-bol-alice-finot-les-resultats-du-meeting\/\" class=\"vlp-link\" title=\"Diamond League Florence 2023 : Record du monde pour Faith Kipyegon, Femke Bol, Alice Finot, les r\u00e9sultats du meeting\"><\/a><div class=\"vlp-layout-zone-side\"><div class=\"vlp-block-4 vlp-link-image\"><img loading=\"lazy\" decoding=\"async\" style=\"max-width: 800px;\" width=\"800\" height=\"445\" src=\"https:\/\/dicodusport.fr\/blog\/wp-content\/uploads\/2023\/06\/Florence-Diamond-League-2023-Record-du-monde-pour-Faith-Kipyegon.png\" class=\"attachment-800x445 size-800x445\" alt=\"\" srcset=\"https:\/\/dicodusport.fr\/blog\/wp-content\/uploads\/2023\/06\/Florence-Diamond-League-2023-Record-du-monde-pour-Faith-Kipyegon.png 800w, https:\/\/dicodusport.fr\/blog\/wp-content\/uploads\/2023\/06\/Florence-Diamond-League-2023-Record-du-monde-pour-Faith-Kipyegon-300x167.png 300w, https:\/\/dicodusport.fr\/blog\/wp-content\/uploads\/2023\/06\/Florence-Diamond-League-2023-Record-du-monde-pour-Faith-Kipyegon-768x427.png 768w\" sizes=\"auto, (max-width: 800px) 100vw, 800px\" \/><\/div><\/div><div class=\"vlp-layout-zone-main\"><div class=\"vlp-block-0 vlp-link-title\">Diamond League Florence 2023 : Record du monde pour Faith Kipyegon, Femke Bol, Alice Finot, les r\u00e9sultats du meeting<\/div><div class=\"vlp-block-1 vlp-link-summary\">DIAMOND LEAGUE 2023 - La troisi\u00e8me \u00e9tape de la Diamond League aura \u00e9t\u00e9 marqu\u00e9e par le record du monde sur 1500 m de Faith Kipyegon ! D'autres grosses performances \u00e9galement \u00e0 noter.<\/div><div class=\"vlp-block-2 vlp-link-button\">Lire l'article<\/div><div class=\"vlp-block-3 vlp-link-url\">dicodusport.fr<\/div><\/div><\/div>\n<h2 style=\"text-align: justify;\" align=\"justify\">Ludvy Vaillant (400 m haies)<\/h2>\n<p style=\"text-align: justify;\">Il a d\u00e9bloqu\u00e9 le truc ! \u00c0 Monaco, lors du Meeting Diamond League, il a cass\u00e9 la barri\u00e8re des 48 secondes, avec un chrono de 47.85. Il commence \u00e0 \u00eatre habitu\u00e9 aux finales europ\u00e9ennes, mais \u00e0 l&rsquo;occasion de franchir un nouveau cap, en s&rsquo;invitant en finale mondiale. Il poss\u00e8de le 6e chrono des engag\u00e9s. \u00c0 une \u00e9poque normale, son 47.85 aurait fait de lui un pr\u00e9tendant \u00e0 la m\u00e9daille d&rsquo;or. Mais jamais la discipline n&rsquo;a \u00e9t\u00e9 aussi dense qu&rsquo;aujourd&rsquo;hui. Et m\u00eame le record de France de <strong>St\u00e9phane Diagana<\/strong> (47.37) pourrait ne pas suffire. On se souvient d&rsquo;un <strong>Wilfried Happio<\/strong>, 4e \u00e0 Eugene en 47.41 (on n&rsquo;oubliera pas l&rsquo;autre champion fran\u00e7ais). Et <strong>Karsten Warholm<\/strong> \u00e9tait pass\u00e9 \u00e0 c\u00f4t\u00e9 de sa finale, \u00e0 court de condition apr\u00e8s sa blessure. \u00c0 Budapest, les trois g\u00e9ants de la discipline (Dos Santos, Benjamin et Warholm) seront bien pr\u00e9sents. Autant dire que les places seront ch\u00e8res.<\/p>\n<ul>\n<li><strong>\u00c0 lire aussi &#8211; <\/strong><a title=\"Calendrier et r\u00e9sultats Athl\u00e9tisme Championnats du monde 2023\" href=\"https:\/\/dicodusport.fr\/blog\/calendrier-et-resultats-athletisme-championnats-du-monde-2023\/\" target=\"_blank\" rel=\"noopener\"><strong>Calendrier et r\u00e9sultats des Championnats du monde d\u2019athl\u00e9tisme 2023<\/strong><\/a><\/li>\n<\/ul>\n<h2 style=\"text-align: justify;\" align=\"justify\">Louise Maraval (4&#215;400 m)<\/h2>\n<p style=\"text-align: justify;\">Elle a cr\u00e9\u00e9 la sensation, lors du relais 4&#215;400 m des championnats d&rsquo;Europe Espoirs en Finlande. Derni\u00e8re relayeuse,<strong> Louise Maraval<\/strong> a r\u00e9alis\u00e9 une course de folie, pour propulser les Fran\u00e7aises vers la m\u00e9daille d&rsquo;or. Alors que le 400 m f\u00e9minin conna\u00eet un petit creux en 2023, la FFA a fait le pari d&#8217;emmener la sp\u00e9cialiste du 400 m haies dans le collectif. Non retenue en individuel, elle n&rsquo;aura que le relais pour s&rsquo;exprimer. Et la France aura bien besoin d&rsquo;elle pour se hisser en finale. Une mission loin d&rsquo;\u00eatre acquise d&rsquo;avance, au vu de la densit\u00e9 d&rsquo;autres nations. Les 50.60 lanc\u00e9s de la jeune athl\u00e8te devront \u00eatre reproduits du c\u00f4t\u00e9 de Budapest.<\/p>\n<div class=\"vlp-link-container vlp-layout-article\"><a href=\"https:\/\/dicodusport.fr\/blog\/louise-maraval-je-me-rends-compte-que-paris-nest-plus-inatteignable\/\" class=\"vlp-link\" title=\"Louise Maraval : &quot;Je me rends compte que Paris n&#039;est plus inatteignable&quot;\"><\/a><div class=\"vlp-layout-zone-side\"><div class=\"vlp-block-4 vlp-link-image\"><img loading=\"lazy\" decoding=\"async\" style=\"max-width: 800px;\" width=\"800\" height=\"445\" src=\"https:\/\/dicodusport.fr\/blog\/wp-content\/uploads\/2023\/08\/Louise-Maraval-Je-me-rends-compte-que-Paris-nest-plus-inatteignable.png\" class=\"attachment-800x445 size-800x445\" alt=\"Louise Maraval : &quot;Je me rends compte que Paris n&#039;est plus inatteignable&quot;\" srcset=\"https:\/\/dicodusport.fr\/blog\/wp-content\/uploads\/2023\/08\/Louise-Maraval-Je-me-rends-compte-que-Paris-nest-plus-inatteignable.png 800w, https:\/\/dicodusport.fr\/blog\/wp-content\/uploads\/2023\/08\/Louise-Maraval-Je-me-rends-compte-que-Paris-nest-plus-inatteignable-300x167.png 300w, https:\/\/dicodusport.fr\/blog\/wp-content\/uploads\/2023\/08\/Louise-Maraval-Je-me-rends-compte-que-Paris-nest-plus-inatteignable-768x427.png 768w\" sizes=\"auto, (max-width: 800px) 100vw, 800px\" \/><\/div><\/div><div class=\"vlp-layout-zone-main\"><div class=\"vlp-block-0 vlp-link-title\">Louise Maraval : \"Je me rends compte que Paris n'est plus inatteignable\"<\/div><div class=\"vlp-block-1 vlp-link-summary\">ATHL\u00c9TISME - Louise Maraval est une des r\u00e9v\u00e9lations 2023 de l'athl\u00e9tisme fran\u00e7ais, double m\u00e9daill\u00e9e aux Europe espoirs puis championne de France \u00e9lite du 400 m haies. Elle a surtout fait sensation en Finlande, avec son finish incroyable, lors du titre espoir europ\u00e9en des Fran\u00e7aises sur 400 m haies. Les comparaisons avec Floria Gue\u00ef et son finish en 2014 n'ont pas manqu\u00e9. Flash\u00e9e en 50.60, elle est entr\u00e9e dans les 10 meilleures fran\u00e7aises de l'histoire sur un 400 m lanc\u00e9. Louise Maraval s'est confi\u00e9e sur sa saison et son choix de privil\u00e9gier le tour de piste, elle qui pratiquait auparavant les \u00e9preuves combin\u00e9es.<\/div><div class=\"vlp-block-2 vlp-link-button\">Lire l'article<\/div><div class=\"vlp-block-3 vlp-link-url\">dicodusport.fr<\/div><\/div><\/div>\n<h2 align=\"justify\">Thibaut Collet (Perche)<\/h2>\n<p style=\"text-align: justify;\">S&rsquo;il manque l&rsquo;\u00e9norme performance, au-del\u00e0 de 5.85 voire 5.90 m, la saison du perchiste tricolore est tr\u00e8s int\u00e9ressante. Hiver compris, il totalise quatre concours \u00e0 5.80 m\u00e8tres ou plus, la plus belle r\u00e9gularit\u00e9 de sa carri\u00e8re. Avec <strong>Armand Duplantis<\/strong>, la premi\u00e8re place semble quasiment hors de port\u00e9e. Les deux autres places sur le podium seront \u00e9galement tr\u00e8s ch\u00e8res. Il faudra aller chercher cette performance de pointe qu&rsquo;il a clairement dans les jambes. On a vu plusieurs fois de tr\u00e8s belles tentatives \u00e0 5.85 m manqu\u00e9es de peu. Notamment lors des championnats d&rsquo;Europe par \u00e9quipes \u00e0 Silesia. Et, finalement, le meilleur jour pour la sortir, ne serait pas en finale des championnats du monde ?<\/p>\n","protected":false},"excerpt":{"rendered":"<p>CHAMPIONNATS DU MONDE D&rsquo;ATHL\u00c9TISME 2023 &#8211; Ils sont Fran\u00e7ais et peuvent \u00eatre les bonnes surprises de cette grande comp\u00e9tition. Zoom sur 6 athl\u00e8tes tricolores \u00e0 suivre.<\/p>\n","protected":false},"author":83,"featured_media":408925,"comment_status":"open","ping_status":"closed","sticky":false,"template":"","format":"standard","meta":{"_acf_changed":false,"_daextam_enable_autolinks":"","footnotes":""},"categories":[46997],"tags":[14953,143,16878,30285,33623,32858,5661,24,17945],"class_list":["post-408840","post","type-post","status-publish","format-standard","has-post-thumbnail","hentry","category-championnats-du-monde-athletisme","tag-alice-finot","tag-athletisme","tag-breve","tag-clemence-beretta","tag-gabriel-bordier","tag-louise-maraval","tag-ludvy-vaillant","tag-sport","tag-thibaut-collet"],"acf":[],"yoast_head":"<!-- This site is optimized with the Yoast SEO Premium plugin v26.7 (Yoast SEO v26.7) - https:\/\/yoast.com\/wordpress\/plugins\/seo\/ -->\n<title>Beretta, Bordier, Finot : 6 athl\u00e8tes fran\u00e7ais \u00e0 suivre aux Mondiaux d&#039;athl\u00e9tisme 2023<\/title>\n<meta name=\"description\" content=\"CHAMPIONNATS DU MONDE D&#039;ATHL\u00c9TISME 2023 - Ils sont Fran\u00e7ais et peuvent \u00eatre les bonnes surprises de cette grande comp\u00e9tition.\u00a0\" \/>\n<meta name=\"robots\" content=\"index, follow, max-snippet:-1, max-image-preview:large, max-video-preview:-1\" \/>\n<link rel=\"canonical\" href=\"https:\/\/dicodusport.fr\/blog\/beretta-bordier-finot-6-athletes-francais-a-suivre-aux-mondiaux-dathletisme-2023\/\" \/>\n<meta property=\"og:locale\" content=\"fr_FR\" \/>\n<meta property=\"og:type\" content=\"article\" \/>\n<meta property=\"og:title\" content=\"Beretta, Bordier, Finot : 6 athl\u00e8tes fran\u00e7ais \u00e0 suivre aux Mondiaux d&#039;athl\u00e9tisme 2023\" \/>\n<meta property=\"og:description\" content=\"CHAMPIONNATS DU MONDE D&#039;ATHL\u00c9TISME 2023 - Ils sont Fran\u00e7ais et peuvent \u00eatre les bonnes surprises de cette grande comp\u00e9tition.\u00a0\" \/>\n<meta property=\"og:url\" content=\"https:\/\/dicodusport.fr\/blog\/beretta-bordier-finot-6-athletes-francais-a-suivre-aux-mondiaux-dathletisme-2023\/\" \/>\n<meta property=\"og:site_name\" content=\"Dicodusport\" \/>\n<meta property=\"article:publisher\" content=\"https:\/\/www.facebook.com\/dicodusport\" \/>\n<meta property=\"article:published_time\" content=\"2023-08-18T11:05:50+00:00\" \/>\n<meta property=\"article:modified_time\" content=\"2023-08-18T12:26:07+00:00\" \/>\n<meta property=\"og:image\" content=\"https:\/\/dicodusport.fr\/blog\/wp-content\/uploads\/2023\/08\/Mondiaux-dathletisme-2023-Six-athletes-a-suivre-1.png\" \/>\n\t<meta property=\"og:image:width\" content=\"800\" \/>\n\t<meta property=\"og:image:height\" content=\"445\" \/>\n\t<meta property=\"og:image:type\" content=\"image\/png\" \/>\n<meta name=\"author\" content=\"Etienne Goursaud\" \/>\n<meta name=\"twitter:card\" content=\"summary_large_image\" \/>\n<meta name=\"twitter:title\" content=\"Beretta, Bordier, Finot : 6 athl\u00e8tes fran\u00e7ais \u00e0 suivre aux Mondiaux d&#039;athl\u00e9tisme 2023\" \/>\n<meta name=\"twitter:creator\" content=\"@dicodusport\" \/>\n<meta name=\"twitter:site\" content=\"@dicodusport\" \/>\n<script type=\"application\/ld+json\" class=\"yoast-schema-graph\">{\"@context\":\"https:\/\/schema.org\",\"@graph\":[{\"@type\":\"NewsArticle\",\"@id\":\"https:\/\/dicodusport.fr\/blog\/beretta-bordier-finot-6-athletes-francais-a-suivre-aux-mondiaux-dathletisme-2023\/#article\",\"isPartOf\":{\"@id\":\"https:\/\/dicodusport.fr\/blog\/beretta-bordier-finot-6-athletes-francais-a-suivre-aux-mondiaux-dathletisme-2023\/\"},\"author\":{\"name\":\"Etienne Goursaud\",\"@id\":\"https:\/\/dicodusport.fr\/blog\/#\/schema\/person\/d603dd7da31fb2b46c82b9835a77ec13\"},\"headline\":\"Beretta, Bordier, Finot : 6 athl\u00e8tes fran\u00e7ais \u00e0 suivre aux Mondiaux d&rsquo;athl\u00e9tisme 2023\",\"datePublished\":\"2023-08-18T11:05:50+00:00\",\"dateModified\":\"2023-08-18T12:26:07+00:00\",\"mainEntityOfPage\":{\"@id\":\"https:\/\/dicodusport.fr\/blog\/beretta-bordier-finot-6-athletes-francais-a-suivre-aux-mondiaux-dathletisme-2023\/\"},\"wordCount\":1253,\"commentCount\":0,\"publisher\":{\"@id\":\"https:\/\/dicodusport.fr\/blog\/#organization\"},\"image\":{\"@id\":\"https:\/\/dicodusport.fr\/blog\/beretta-bordier-finot-6-athletes-francais-a-suivre-aux-mondiaux-dathletisme-2023\/#primaryimage\"},\"thumbnailUrl\":\"https:\/\/dicodusport.fr\/blog\/wp-content\/uploads\/2023\/08\/Mondiaux-dathletisme-2023-Six-athletes-a-suivre-1.png\",\"keywords\":[\"Alice Finot\",\"Athl\u00e9tisme\",\"br\u00e8ve\",\"Cl\u00e9mence Beretta\",\"Gabriel Bordier\",\"Louise Maraval\",\"Ludvy Vaillant\",\"sport\",\"Thibaut Collet\"],\"articleSection\":[\"Championnats du monde d'athl\u00e9tisme\"],\"inLanguage\":\"fr-FR\",\"potentialAction\":[{\"@type\":\"CommentAction\",\"name\":\"Comment\",\"target\":[\"https:\/\/dicodusport.fr\/blog\/beretta-bordier-finot-6-athletes-francais-a-suivre-aux-mondiaux-dathletisme-2023\/#respond\"]}],\"copyrightYear\":\"2023\",\"copyrightHolder\":{\"@id\":\"https:\/\/dicodusport.fr\/blog\/#organization\"}},{\"@type\":\"WebPage\",\"@id\":\"https:\/\/dicodusport.fr\/blog\/beretta-bordier-finot-6-athletes-francais-a-suivre-aux-mondiaux-dathletisme-2023\/\",\"url\":\"https:\/\/dicodusport.fr\/blog\/beretta-bordier-finot-6-athletes-francais-a-suivre-aux-mondiaux-dathletisme-2023\/\",\"name\":\"Beretta, Bordier, Finot : 6 athl\u00e8tes fran\u00e7ais \u00e0 suivre aux Mondiaux d'athl\u00e9tisme 2023\",\"isPartOf\":{\"@id\":\"https:\/\/dicodusport.fr\/blog\/#website\"},\"primaryImageOfPage\":{\"@id\":\"https:\/\/dicodusport.fr\/blog\/beretta-bordier-finot-6-athletes-francais-a-suivre-aux-mondiaux-dathletisme-2023\/#primaryimage\"},\"image\":{\"@id\":\"https:\/\/dicodusport.fr\/blog\/beretta-bordier-finot-6-athletes-francais-a-suivre-aux-mondiaux-dathletisme-2023\/#primaryimage\"},\"thumbnailUrl\":\"https:\/\/dicodusport.fr\/blog\/wp-content\/uploads\/2023\/08\/Mondiaux-dathletisme-2023-Six-athletes-a-suivre-1.png\",\"datePublished\":\"2023-08-18T11:05:50+00:00\",\"dateModified\":\"2023-08-18T12:26:07+00:00\",\"description\":\"CHAMPIONNATS DU MONDE D'ATHL\u00c9TISME 2023 - Ils sont Fran\u00e7ais et peuvent \u00eatre les bonnes surprises de cette grande comp\u00e9tition.\u00a0\",\"breadcrumb\":{\"@id\":\"https:\/\/dicodusport.fr\/blog\/beretta-bordier-finot-6-athletes-francais-a-suivre-aux-mondiaux-dathletisme-2023\/#breadcrumb\"},\"inLanguage\":\"fr-FR\",\"potentialAction\":[{\"@type\":\"ReadAction\",\"target\":[\"https:\/\/dicodusport.fr\/blog\/beretta-bordier-finot-6-athletes-francais-a-suivre-aux-mondiaux-dathletisme-2023\/\"]}]},{\"@type\":\"ImageObject\",\"inLanguage\":\"fr-FR\",\"@id\":\"https:\/\/dicodusport.fr\/blog\/beretta-bordier-finot-6-athletes-francais-a-suivre-aux-mondiaux-dathletisme-2023\/#primaryimage\",\"url\":\"https:\/\/dicodusport.fr\/blog\/wp-content\/uploads\/2023\/08\/Mondiaux-dathletisme-2023-Six-athletes-a-suivre-1.png\",\"contentUrl\":\"https:\/\/dicodusport.fr\/blog\/wp-content\/uploads\/2023\/08\/Mondiaux-dathletisme-2023-Six-athletes-a-suivre-1.png\",\"width\":800,\"height\":445,\"caption\":\"Mondiaux d'athl\u00e9tisme 2023 : Six Fran\u00e7ais \u00e0 suivre\"},{\"@type\":\"BreadcrumbList\",\"@id\":\"https:\/\/dicodusport.fr\/blog\/beretta-bordier-finot-6-athletes-francais-a-suivre-aux-mondiaux-dathletisme-2023\/#breadcrumb\",\"itemListElement\":[{\"@type\":\"ListItem\",\"position\":1,\"name\":\"Accueil\",\"item\":\"https:\/\/dicodusport.fr\/blog\/\"},{\"@type\":\"ListItem\",\"position\":2,\"name\":\"Beretta, Bordier, Finot : 6 athl\u00e8tes fran\u00e7ais \u00e0 suivre aux Mondiaux d&rsquo;athl\u00e9tisme 2023\"}]},{\"@type\":\"WebSite\",\"@id\":\"https:\/\/dicodusport.fr\/blog\/#website\",\"url\":\"https:\/\/dicodusport.fr\/blog\/\",\"name\":\"Dicodusport\",\"description\":\"L&#039;encyclop\u00e9die de l&#039;actualit\u00e9 sportive\",\"publisher\":{\"@id\":\"https:\/\/dicodusport.fr\/blog\/#organization\"},\"potentialAction\":[{\"@type\":\"SearchAction\",\"target\":{\"@type\":\"EntryPoint\",\"urlTemplate\":\"https:\/\/dicodusport.fr\/blog\/?s={search_term_string}\"},\"query-input\":{\"@type\":\"PropertyValueSpecification\",\"valueRequired\":true,\"valueName\":\"search_term_string\"}}],\"inLanguage\":\"fr-FR\"},{\"@type\":\"NewsMediaOrganization\",\"@id\":\"https:\/\/dicodusport.fr\/blog\/#organization\",\"name\":\"Dicodusport\",\"url\":\"https:\/\/dicodusport.fr\/blog\/\",\"logo\":{\"@type\":\"ImageObject\",\"inLanguage\":\"fr-FR\",\"@id\":\"https:\/\/dicodusport.fr\/blog\/#\/schema\/logo\/image\/\",\"url\":\"https:\/\/dicodusport.fr\/blog\/wp-content\/uploads\/2020\/06\/cropped-LOGO-DICODUSPORT-2020-SANS-FOND-SANS-TEXTE.png\",\"contentUrl\":\"https:\/\/dicodusport.fr\/blog\/wp-content\/uploads\/2020\/06\/cropped-LOGO-DICODUSPORT-2020-SANS-FOND-SANS-TEXTE.png\",\"width\":512,\"height\":512,\"caption\":\"Dicodusport\"},\"image\":{\"@id\":\"https:\/\/dicodusport.fr\/blog\/#\/schema\/logo\/image\/\"},\"sameAs\":[\"https:\/\/www.facebook.com\/dicodusport\",\"https:\/\/x.com\/dicodusport\",\"https:\/\/www.instagram.com\/dicodusport\/\",\"https:\/\/www.youtube.com\/channel\/UC7V2KZ5sd3htJivAbA4ZG3w\"],\"description\":\"Dicodusport est l'encyclop\u00e9die de l'actualit\u00e9 sportive.\",\"email\":\"bonjour@dicodusport.fr\",\"legalName\":\"DICODUSPORT\",\"foundingDate\":\"2018-01-14\",\"vatID\":\"FR71834470973\",\"taxID\":\"83447097300043\",\"numberOfEmployees\":{\"@type\":\"QuantitativeValue\",\"minValue\":\"1\",\"maxValue\":\"10\"}},{\"@type\":\"Person\",\"@id\":\"https:\/\/dicodusport.fr\/blog\/#\/schema\/person\/d603dd7da31fb2b46c82b9835a77ec13\",\"name\":\"Etienne Goursaud\",\"image\":{\"@type\":\"ImageObject\",\"inLanguage\":\"fr-FR\",\"@id\":\"https:\/\/dicodusport.fr\/blog\/#\/schema\/person\/image\/\",\"url\":\"https:\/\/dicodusport.fr\/blog\/wp-content\/uploads\/2023\/12\/410122264_10231602061736049_5565839791558026645_n-150x150.jpg\",\"contentUrl\":\"https:\/\/dicodusport.fr\/blog\/wp-content\/uploads\/2023\/12\/410122264_10231602061736049_5565839791558026645_n-150x150.jpg\",\"caption\":\"Etienne Goursaud\"},\"description\":\"Journaliste et amoureux de sport. Ancien footballeur reconverti athl\u00e8te quand ses muscles le laissent tranquille. \u00c9lev\u00e9 \u00e0 la sauce des exploits de Thomas Voeckler en 2004, du dernier essai de l\u00e9gende de Eunice Barber \u00e0 la longueur lors des championnats du monde d'athl\u00e9tisme de 2003 mais aussi Zidane, Omeyer et Titou Lamaison.\",\"url\":\"https:\/\/dicodusport.fr\/blog\/author\/etienne-goursaud\/\"}]}<\/script>\n<!-- \/ Yoast SEO Premium plugin. -->","yoast_head_json":{"title":"Beretta, Bordier, Finot : 6 athl\u00e8tes fran\u00e7ais \u00e0 suivre aux Mondiaux d'athl\u00e9tisme 2023","description":"CHAMPIONNATS DU MONDE D'ATHL\u00c9TISME 2023 - Ils sont Fran\u00e7ais et peuvent \u00eatre les bonnes surprises de cette grande comp\u00e9tition.\u00a0","robots":{"index":"index","follow":"follow","max-snippet":"max-snippet:-1","max-image-preview":"max-image-preview:large","max-video-preview":"max-video-preview:-1"},"canonical":"https:\/\/dicodusport.fr\/blog\/beretta-bordier-finot-6-athletes-francais-a-suivre-aux-mondiaux-dathletisme-2023\/","og_locale":"fr_FR","og_type":"article","og_title":"Beretta, Bordier, Finot : 6 athl\u00e8tes fran\u00e7ais \u00e0 suivre aux Mondiaux d'athl\u00e9tisme 2023","og_description":"CHAMPIONNATS DU MONDE D'ATHL\u00c9TISME 2023 - Ils sont Fran\u00e7ais et peuvent \u00eatre les bonnes surprises de cette grande comp\u00e9tition.\u00a0","og_url":"https:\/\/dicodusport.fr\/blog\/beretta-bordier-finot-6-athletes-francais-a-suivre-aux-mondiaux-dathletisme-2023\/","og_site_name":"Dicodusport","article_publisher":"https:\/\/www.facebook.com\/dicodusport","article_published_time":"2023-08-18T11:05:50+00:00","article_modified_time":"2023-08-18T12:26:07+00:00","og_image":[{"width":800,"height":445,"url":"https:\/\/dicodusport.fr\/blog\/wp-content\/uploads\/2023\/08\/Mondiaux-dathletisme-2023-Six-athletes-a-suivre-1.png","type":"image\/png"}],"author":"Etienne Goursaud","twitter_card":"summary_large_image","twitter_title":"Beretta, Bordier, Finot : 6 athl\u00e8tes fran\u00e7ais \u00e0 suivre aux Mondiaux d'athl\u00e9tisme 2023","twitter_creator":"@dicodusport","twitter_site":"@dicodusport","schema":{"@context":"https:\/\/schema.org","@graph":[{"@type":"NewsArticle","@id":"https:\/\/dicodusport.fr\/blog\/beretta-bordier-finot-6-athletes-francais-a-suivre-aux-mondiaux-dathletisme-2023\/#article","isPartOf":{"@id":"https:\/\/dicodusport.fr\/blog\/beretta-bordier-finot-6-athletes-francais-a-suivre-aux-mondiaux-dathletisme-2023\/"},"author":{"name":"Etienne Goursaud","@id":"https:\/\/dicodusport.fr\/blog\/#\/schema\/person\/d603dd7da31fb2b46c82b9835a77ec13"},"headline":"Beretta, Bordier, Finot : 6 athl\u00e8tes fran\u00e7ais \u00e0 suivre aux Mondiaux d&rsquo;athl\u00e9tisme 2023","datePublished":"2023-08-18T11:05:50+00:00","dateModified":"2023-08-18T12:26:07+00:00","mainEntityOfPage":{"@id":"https:\/\/dicodusport.fr\/blog\/beretta-bordier-finot-6-athletes-francais-a-suivre-aux-mondiaux-dathletisme-2023\/"},"wordCount":1253,"commentCount":0,"publisher":{"@id":"https:\/\/dicodusport.fr\/blog\/#organization"},"image":{"@id":"https:\/\/dicodusport.fr\/blog\/beretta-bordier-finot-6-athletes-francais-a-suivre-aux-mondiaux-dathletisme-2023\/#primaryimage"},"thumbnailUrl":"https:\/\/dicodusport.fr\/blog\/wp-content\/uploads\/2023\/08\/Mondiaux-dathletisme-2023-Six-athletes-a-suivre-1.png","keywords":["Alice Finot","Athl\u00e9tisme","br\u00e8ve","Cl\u00e9mence Beretta","Gabriel Bordier","Louise Maraval","Ludvy Vaillant","sport","Thibaut Collet"],"articleSection":["Championnats du monde d'athl\u00e9tisme"],"inLanguage":"fr-FR","potentialAction":[{"@type":"CommentAction","name":"Comment","target":["https:\/\/dicodusport.fr\/blog\/beretta-bordier-finot-6-athletes-francais-a-suivre-aux-mondiaux-dathletisme-2023\/#respond"]}],"copyrightYear":"2023","copyrightHolder":{"@id":"https:\/\/dicodusport.fr\/blog\/#organization"}},{"@type":"WebPage","@id":"https:\/\/dicodusport.fr\/blog\/beretta-bordier-finot-6-athletes-francais-a-suivre-aux-mondiaux-dathletisme-2023\/","url":"https:\/\/dicodusport.fr\/blog\/beretta-bordier-finot-6-athletes-francais-a-suivre-aux-mondiaux-dathletisme-2023\/","name":"Beretta, Bordier, Finot : 6 athl\u00e8tes fran\u00e7ais \u00e0 suivre aux Mondiaux d'athl\u00e9tisme 2023","isPartOf":{"@id":"https:\/\/dicodusport.fr\/blog\/#website"},"primaryImageOfPage":{"@id":"https:\/\/dicodusport.fr\/blog\/beretta-bordier-finot-6-athletes-francais-a-suivre-aux-mondiaux-dathletisme-2023\/#primaryimage"},"image":{"@id":"https:\/\/dicodusport.fr\/blog\/beretta-bordier-finot-6-athletes-francais-a-suivre-aux-mondiaux-dathletisme-2023\/#primaryimage"},"thumbnailUrl":"https:\/\/dicodusport.fr\/blog\/wp-content\/uploads\/2023\/08\/Mondiaux-dathletisme-2023-Six-athletes-a-suivre-1.png","datePublished":"2023-08-18T11:05:50+00:00","dateModified":"2023-08-18T12:26:07+00:00","description":"CHAMPIONNATS DU MONDE D'ATHL\u00c9TISME 2023 - Ils sont Fran\u00e7ais et peuvent \u00eatre les bonnes surprises de cette grande comp\u00e9tition.\u00a0","breadcrumb":{"@id":"https:\/\/dicodusport.fr\/blog\/beretta-bordier-finot-6-athletes-francais-a-suivre-aux-mondiaux-dathletisme-2023\/#breadcrumb"},"inLanguage":"fr-FR","potentialAction":[{"@type":"ReadAction","target":["https:\/\/dicodusport.fr\/blog\/beretta-bordier-finot-6-athletes-francais-a-suivre-aux-mondiaux-dathletisme-2023\/"]}]},{"@type":"ImageObject","inLanguage":"fr-FR","@id":"https:\/\/dicodusport.fr\/blog\/beretta-bordier-finot-6-athletes-francais-a-suivre-aux-mondiaux-dathletisme-2023\/#primaryimage","url":"https:\/\/dicodusport.fr\/blog\/wp-content\/uploads\/2023\/08\/Mondiaux-dathletisme-2023-Six-athletes-a-suivre-1.png","contentUrl":"https:\/\/dicodusport.fr\/blog\/wp-content\/uploads\/2023\/08\/Mondiaux-dathletisme-2023-Six-athletes-a-suivre-1.png","width":800,"height":445,"caption":"Mondiaux d'athl\u00e9tisme 2023 : Six Fran\u00e7ais \u00e0 suivre"},{"@type":"BreadcrumbList","@id":"https:\/\/dicodusport.fr\/blog\/beretta-bordier-finot-6-athletes-francais-a-suivre-aux-mondiaux-dathletisme-2023\/#breadcrumb","itemListElement":[{"@type":"ListItem","position":1,"name":"Accueil","item":"https:\/\/dicodusport.fr\/blog\/"},{"@type":"ListItem","position":2,"name":"Beretta, Bordier, Finot : 6 athl\u00e8tes fran\u00e7ais \u00e0 suivre aux Mondiaux d&rsquo;athl\u00e9tisme 2023"}]},{"@type":"WebSite","@id":"https:\/\/dicodusport.fr\/blog\/#website","url":"https:\/\/dicodusport.fr\/blog\/","name":"Dicodusport","description":"L&#039;encyclop\u00e9die de l&#039;actualit\u00e9 sportive","publisher":{"@id":"https:\/\/dicodusport.fr\/blog\/#organization"},"potentialAction":[{"@type":"SearchAction","target":{"@type":"EntryPoint","urlTemplate":"https:\/\/dicodusport.fr\/blog\/?s={search_term_string}"},"query-input":{"@type":"PropertyValueSpecification","valueRequired":true,"valueName":"search_term_string"}}],"inLanguage":"fr-FR"},{"@type":"NewsMediaOrganization","@id":"https:\/\/dicodusport.fr\/blog\/#organization","name":"Dicodusport","url":"https:\/\/dicodusport.fr\/blog\/","logo":{"@type":"ImageObject","inLanguage":"fr-FR","@id":"https:\/\/dicodusport.fr\/blog\/#\/schema\/logo\/image\/","url":"https:\/\/dicodusport.fr\/blog\/wp-content\/uploads\/2020\/06\/cropped-LOGO-DICODUSPORT-2020-SANS-FOND-SANS-TEXTE.png","contentUrl":"https:\/\/dicodusport.fr\/blog\/wp-content\/uploads\/2020\/06\/cropped-LOGO-DICODUSPORT-2020-SANS-FOND-SANS-TEXTE.png","width":512,"height":512,"caption":"Dicodusport"},"image":{"@id":"https:\/\/dicodusport.fr\/blog\/#\/schema\/logo\/image\/"},"sameAs":["https:\/\/www.facebook.com\/dicodusport","https:\/\/x.com\/dicodusport","https:\/\/www.instagram.com\/dicodusport\/","https:\/\/www.youtube.com\/channel\/UC7V2KZ5sd3htJivAbA4ZG3w"],"description":"Dicodusport est l'encyclop\u00e9die de l'actualit\u00e9 sportive.","email":"bonjour@dicodusport.fr","legalName":"DICODUSPORT","foundingDate":"2018-01-14","vatID":"FR71834470973","taxID":"83447097300043","numberOfEmployees":{"@type":"QuantitativeValue","minValue":"1","maxValue":"10"}},{"@type":"Person","@id":"https:\/\/dicodusport.fr\/blog\/#\/schema\/person\/d603dd7da31fb2b46c82b9835a77ec13","name":"Etienne Goursaud","image":{"@type":"ImageObject","inLanguage":"fr-FR","@id":"https:\/\/dicodusport.fr\/blog\/#\/schema\/person\/image\/","url":"https:\/\/dicodusport.fr\/blog\/wp-content\/uploads\/2023\/12\/410122264_10231602061736049_5565839791558026645_n-150x150.jpg","contentUrl":"https:\/\/dicodusport.fr\/blog\/wp-content\/uploads\/2023\/12\/410122264_10231602061736049_5565839791558026645_n-150x150.jpg","caption":"Etienne Goursaud"},"description":"Journaliste et amoureux de sport. Ancien footballeur reconverti athl\u00e8te quand ses muscles le laissent tranquille. \u00c9lev\u00e9 \u00e0 la sauce des exploits de Thomas Voeckler en 2004, du dernier essai de l\u00e9gende de Eunice Barber \u00e0 la longueur lors des championnats du monde d'athl\u00e9tisme de 2003 mais aussi Zidane, Omeyer et Titou Lamaison.","url":"https:\/\/dicodusport.fr\/blog\/author\/etienne-goursaud\/"}]}},"_links":{"self":[{"href":"https:\/\/dicodusport.fr\/blog\/wp-json\/wp\/v2\/posts\/408840","targetHints":{"allow":["GET"]}}],"collection":[{"href":"https:\/\/dicodusport.fr\/blog\/wp-json\/wp\/v2\/posts"}],"about":[{"href":"https:\/\/dicodusport.fr\/blog\/wp-json\/wp\/v2\/types\/post"}],"author":[{"embeddable":true,"href":"https:\/\/dicodusport.fr\/blog\/wp-json\/wp\/v2\/users\/83"}],"replies":[{"embeddable":true,"href":"https:\/\/dicodusport.fr\/blog\/wp-json\/wp\/v2\/comments?post=408840"}],"version-history":[{"count":0,"href":"https:\/\/dicodusport.fr\/blog\/wp-json\/wp\/v2\/posts\/408840\/revisions"}],"wp:featuredmedia":[{"embeddable":true,"href":"https:\/\/dicodusport.fr\/blog\/wp-json\/wp\/v2\/media\/408925"}],"wp:attachment":[{"href":"https:\/\/dicodusport.fr\/blog\/wp-json\/wp\/v2\/media?parent=408840"}],"wp:term":[{"taxonomy":"category","embeddable":true,"href":"https:\/\/dicodusport.fr\/blog\/wp-json\/wp\/v2\/categories?post=408840"},{"taxonomy":"post_tag","embeddable":true,"href":"https:\/\/dicodusport.fr\/blog\/wp-json\/wp\/v2\/tags?post=408840"}],"curies":[{"name":"wp","href":"https:\/\/api.w.org\/{rel}","templated":true}]}}