{"id":408984,"date":"2023-08-16T16:56:20","date_gmt":"2023-08-16T14:56:20","guid":{"rendered":"https:\/\/dicodusport.fr\/blog\/?p=408984&#038;preview=true&#038;preview_id=408984"},"modified":"2023-08-16T17:21:10","modified_gmt":"2023-08-16T15:21:10","slug":"tour-de-burgos-2023-la-jumbo-visma-de-primoz-roglic-remporte-le-chrono-par-equipes","status":"publish","type":"post","link":"https:\/\/dicodusport.fr\/blog\/tour-de-burgos-2023-la-jumbo-visma-de-primoz-roglic-remporte-le-chrono-par-equipes\/","title":{"rendered":"Tour de Burgos 2023 : La Jumbo-Visma de Primoz Roglic remporte le chrono par \u00e9quipes"},"content":{"rendered":"<p style=\"text-align: justify;\"><em><b>TOUR DE BURGOS 2023 \u2013 Ce mercredi, la Jumbo-Visma de Primoz Roglic a remport\u00e9 le contre-la-montre par \u00e9quipes de la 2\u00e8me \u00e9tape du Tour de Burgos, reliant <span class=\"red\">O\u00f1a \u00e0 <\/span><span class=\"red\">Poza de la Sal <\/span><span class=\"red fw400\">(13.1 km).<\/span><\/b><\/em><\/p>\n<p style=\"text-align: justify;\">47\u00e8me victoire de la saison pour la <strong>Jumbo-Visma<\/strong>. Ce mercredi, la formation n\u00e9erlandaise, emmen\u00e9e par <strong>Primoz Roglic<\/strong>, a remport\u00e9 le chrono par \u00e9quipes du Tour de Burgos, qui s&rsquo;achevait par la mont\u00e9e de la Poza de la Sal. Les <em>Jaune et Noir<\/em> ont parcouru les 13,1 km du contre-la-montre en 14:38.90. Cons\u00e9quence, le nouveau leader du Tour de Burgos se nomme Attila Valter, le Hongrois de l&rsquo;\u00e9quipe batave.<\/p>\n<p style=\"text-align: justify;\">Derri\u00e8re, le trou est fait. La <strong>Movistar<\/strong> termine deuxi\u00e8me \u00e0 19 secondes. Le podium du jour est compl\u00e9t\u00e9 par la <strong>Bora-Hansgrohe<\/strong> d&rsquo;<strong>Aleksandr Vlasov<\/strong>, \u00e0 29 secondes. Cinqui\u00e8me, la formation <strong>UAE Team Emirates<\/strong>, men\u00e9e par <strong>Adam Yates<\/strong>, conc\u00e8de 34 secondes.<\/p>\n<blockquote class=\"twitter-tweet\">\n<p dir=\"ltr\" lang=\"fr\">La Jumbo-Visma de Primoz Roglic remporte le contre la montre par \u00e9quipes (13,1km) sur la 2e \u00e9tape de la <a href=\"https:\/\/twitter.com\/hashtag\/VueltaBurgos?src=hash&amp;ref_src=twsrc%5Etfw\">#VueltaBurgos<\/a> ! 47e victoire en 2023 pour les N\u00e9erlandais, qui ont mis Movistar \u00e0 19&Prime; et Bora-Hansgrohe \u00e0 30&Prime;. <a href=\"https:\/\/t.co\/xbdE5v2kMf\">pic.twitter.com\/xbdE5v2kMf<\/a><\/p>\n<p>\u2014 Le Gruppetto (@LeGruppetto) <a href=\"https:\/\/twitter.com\/LeGruppetto\/status\/1691826261146898455?ref_src=twsrc%5Etfw\">August 16, 2023<\/a><\/p><\/blockquote>\n<p><script async src=\"https:\/\/platform.twitter.com\/widgets.js\" charset=\"utf-8\"><\/script><\/p>\n<h2 style=\"text-align: justify;\">\u00c0 lire aussi<\/h2>\n<ul style=\"text-align: justify;\">\n<li style=\"text-align: justify;\"><a href=\"https:\/\/dicodusport.fr\/blog\/tour-de-burgos-2023-classement-2eme-etape\/\"><strong>Le classement de la 2\u00e8me \u00e9tape du Tour de Burgos<\/strong><\/a><\/li>\n<li style=\"text-align: justify;\"><a href=\"https:\/\/dicodusport.fr\/blog\/tour-de-burgos-2023-classement-general\/\"><strong>Classement g\u00e9n\u00e9ral du Tour de Burgos<\/strong><\/a><\/li>\n<\/ul>\n","protected":false},"excerpt":{"rendered":"<p>TOUR DE BURGOS 2023 \u2013 Ce mercredi, la Jumbo-Visma de Primoz Roglic a remport\u00e9 le contre-la-montre par \u00e9quipes de la 2\u00e8me \u00e9tape du Tour de Burgos, reliant O\u00f1a \u00e0 Poza de la Sal (13.1 km).<\/p>\n","protected":false},"author":4,"featured_media":408989,"comment_status":"open","ping_status":"closed","sticky":false,"template":"","format":"standard","meta":{"_acf_changed":false,"_daextam_enable_autolinks":"","footnotes":""},"categories":[46994],"tags":[16878,11168],"class_list":["post-408984","post","type-post","status-publish","format-standard","has-post-thumbnail","hentry","category-cyclisme-sur-route","tag-breve","tag-tour-de-burgos"],"acf":[],"yoast_head":"<!-- This site is optimized with the Yoast SEO Premium plugin v26.7 (Yoast SEO v26.7) - https:\/\/yoast.com\/wordpress\/plugins\/seo\/ -->\n<title>Tour de Burgos 2023 : La Jumbo-Visma de Primoz Roglic remporte le chrono par \u00e9quipes<\/title>\n<meta name=\"description\" content=\"TOUR DE BURGOS 2023 \u2013 Juan Sebastian Molano (UAE Team Emirates) a gagn\u00e9 au sprint la premi\u00e8re \u00e9tape, mardi, \u00e0 Burgos.\" \/>\n<meta name=\"robots\" content=\"index, follow, max-snippet:-1, max-image-preview:large, max-video-preview:-1\" \/>\n<link rel=\"canonical\" href=\"https:\/\/dicodusport.fr\/blog\/tour-de-burgos-2023-la-jumbo-visma-de-primoz-roglic-remporte-le-chrono-par-equipes\/\" \/>\n<meta property=\"og:locale\" content=\"fr_FR\" \/>\n<meta property=\"og:type\" content=\"article\" \/>\n<meta property=\"og:title\" content=\"Tour de Burgos 2023 : La Jumbo-Visma de Primoz Roglic remporte le chrono par \u00e9quipes\" \/>\n<meta property=\"og:description\" content=\"TOUR DE BURGOS 2023 \u2013 Juan Sebastian Molano (UAE Team Emirates) a gagn\u00e9 au sprint la premi\u00e8re \u00e9tape, mardi, \u00e0 Burgos.\" \/>\n<meta property=\"og:url\" content=\"https:\/\/dicodusport.fr\/blog\/tour-de-burgos-2023-la-jumbo-visma-de-primoz-roglic-remporte-le-chrono-par-equipes\/\" \/>\n<meta property=\"og:site_name\" content=\"Dicodusport\" \/>\n<meta property=\"article:publisher\" content=\"https:\/\/www.facebook.com\/dicodusport\" \/>\n<meta property=\"article:author\" content=\"https:\/\/www.facebook.com\/florent.ostermann\" \/>\n<meta property=\"article:published_time\" content=\"2023-08-16T14:56:20+00:00\" \/>\n<meta property=\"article:modified_time\" content=\"2023-08-16T15:21:10+00:00\" \/>\n<meta property=\"og:image\" content=\"https:\/\/dicodusport.fr\/blog\/wp-content\/uploads\/2023\/08\/Tour-de-Burgos-2023-La-Jumbo-Visma-de-Primoz-Roglic-remporte-le-chrono-par-equipes.png\" \/>\n\t<meta property=\"og:image:width\" content=\"800\" \/>\n\t<meta property=\"og:image:height\" content=\"445\" \/>\n\t<meta property=\"og:image:type\" content=\"image\/png\" \/>\n<meta name=\"author\" content=\"Flo Ostermann\" \/>\n<meta name=\"twitter:card\" content=\"summary_large_image\" \/>\n<meta name=\"twitter:title\" content=\"Tour de Burgos 2023 : La Jumbo-Visma de Primoz Roglic remporte le chrono par \u00e9quipes\" \/>\n<meta name=\"twitter:creator\" content=\"@https:\/\/twitter.com\/FlOstermann\" \/>\n<meta name=\"twitter:site\" content=\"@dicodusport\" \/>\n<script type=\"application\/ld+json\" class=\"yoast-schema-graph\">{\"@context\":\"https:\/\/schema.org\",\"@graph\":[{\"@type\":\"NewsArticle\",\"@id\":\"https:\/\/dicodusport.fr\/blog\/tour-de-burgos-2023-la-jumbo-visma-de-primoz-roglic-remporte-le-chrono-par-equipes\/#article\",\"isPartOf\":{\"@id\":\"https:\/\/dicodusport.fr\/blog\/tour-de-burgos-2023-la-jumbo-visma-de-primoz-roglic-remporte-le-chrono-par-equipes\/\"},\"author\":{\"name\":\"Flo Ostermann\",\"@id\":\"https:\/\/dicodusport.fr\/blog\/#\/schema\/person\/cb02af4c173ce4a653b55e9baf388d4a\"},\"headline\":\"Tour de Burgos 2023 : La Jumbo-Visma de Primoz Roglic remporte le chrono par \u00e9quipes\",\"datePublished\":\"2023-08-16T14:56:20+00:00\",\"dateModified\":\"2023-08-16T15:21:10+00:00\",\"mainEntityOfPage\":{\"@id\":\"https:\/\/dicodusport.fr\/blog\/tour-de-burgos-2023-la-jumbo-visma-de-primoz-roglic-remporte-le-chrono-par-equipes\/\"},\"wordCount\":221,\"commentCount\":1,\"publisher\":{\"@id\":\"https:\/\/dicodusport.fr\/blog\/#organization\"},\"image\":{\"@id\":\"https:\/\/dicodusport.fr\/blog\/tour-de-burgos-2023-la-jumbo-visma-de-primoz-roglic-remporte-le-chrono-par-equipes\/#primaryimage\"},\"thumbnailUrl\":\"https:\/\/dicodusport.fr\/blog\/wp-content\/uploads\/2023\/08\/Tour-de-Burgos-2023-La-Jumbo-Visma-de-Primoz-Roglic-remporte-le-chrono-par-equipes.png\",\"keywords\":[\"br\u00e8ve\",\"Tour de Burgos\"],\"articleSection\":[\"Cyclisme sur route\"],\"inLanguage\":\"fr-FR\",\"potentialAction\":[{\"@type\":\"CommentAction\",\"name\":\"Comment\",\"target\":[\"https:\/\/dicodusport.fr\/blog\/tour-de-burgos-2023-la-jumbo-visma-de-primoz-roglic-remporte-le-chrono-par-equipes\/#respond\"]}],\"copyrightYear\":\"2023\",\"copyrightHolder\":{\"@id\":\"https:\/\/dicodusport.fr\/blog\/#organization\"}},{\"@type\":\"WebPage\",\"@id\":\"https:\/\/dicodusport.fr\/blog\/tour-de-burgos-2023-la-jumbo-visma-de-primoz-roglic-remporte-le-chrono-par-equipes\/\",\"url\":\"https:\/\/dicodusport.fr\/blog\/tour-de-burgos-2023-la-jumbo-visma-de-primoz-roglic-remporte-le-chrono-par-equipes\/\",\"name\":\"Tour de Burgos 2023 : La Jumbo-Visma de Primoz Roglic remporte le chrono par \u00e9quipes\",\"isPartOf\":{\"@id\":\"https:\/\/dicodusport.fr\/blog\/#website\"},\"primaryImageOfPage\":{\"@id\":\"https:\/\/dicodusport.fr\/blog\/tour-de-burgos-2023-la-jumbo-visma-de-primoz-roglic-remporte-le-chrono-par-equipes\/#primaryimage\"},\"image\":{\"@id\":\"https:\/\/dicodusport.fr\/blog\/tour-de-burgos-2023-la-jumbo-visma-de-primoz-roglic-remporte-le-chrono-par-equipes\/#primaryimage\"},\"thumbnailUrl\":\"https:\/\/dicodusport.fr\/blog\/wp-content\/uploads\/2023\/08\/Tour-de-Burgos-2023-La-Jumbo-Visma-de-Primoz-Roglic-remporte-le-chrono-par-equipes.png\",\"datePublished\":\"2023-08-16T14:56:20+00:00\",\"dateModified\":\"2023-08-16T15:21:10+00:00\",\"description\":\"TOUR DE BURGOS 2023 \u2013 Juan Sebastian Molano (UAE Team Emirates) a gagn\u00e9 au sprint la premi\u00e8re \u00e9tape, mardi, \u00e0 Burgos.\",\"breadcrumb\":{\"@id\":\"https:\/\/dicodusport.fr\/blog\/tour-de-burgos-2023-la-jumbo-visma-de-primoz-roglic-remporte-le-chrono-par-equipes\/#breadcrumb\"},\"inLanguage\":\"fr-FR\",\"potentialAction\":[{\"@type\":\"ReadAction\",\"target\":[\"https:\/\/dicodusport.fr\/blog\/tour-de-burgos-2023-la-jumbo-visma-de-primoz-roglic-remporte-le-chrono-par-equipes\/\"]}]},{\"@type\":\"ImageObject\",\"inLanguage\":\"fr-FR\",\"@id\":\"https:\/\/dicodusport.fr\/blog\/tour-de-burgos-2023-la-jumbo-visma-de-primoz-roglic-remporte-le-chrono-par-equipes\/#primaryimage\",\"url\":\"https:\/\/dicodusport.fr\/blog\/wp-content\/uploads\/2023\/08\/Tour-de-Burgos-2023-La-Jumbo-Visma-de-Primoz-Roglic-remporte-le-chrono-par-equipes.png\",\"contentUrl\":\"https:\/\/dicodusport.fr\/blog\/wp-content\/uploads\/2023\/08\/Tour-de-Burgos-2023-La-Jumbo-Visma-de-Primoz-Roglic-remporte-le-chrono-par-equipes.png\",\"width\":800,\"height\":445,\"caption\":\"Tour de Burgos 2023 La Jumbo-Visma de Primoz Roglic remporte le chrono par \u00e9quipes\"},{\"@type\":\"BreadcrumbList\",\"@id\":\"https:\/\/dicodusport.fr\/blog\/tour-de-burgos-2023-la-jumbo-visma-de-primoz-roglic-remporte-le-chrono-par-equipes\/#breadcrumb\",\"itemListElement\":[{\"@type\":\"ListItem\",\"position\":1,\"name\":\"Accueil\",\"item\":\"https:\/\/dicodusport.fr\/blog\/\"},{\"@type\":\"ListItem\",\"position\":2,\"name\":\"Tour de Burgos 2023 : La Jumbo-Visma de Primoz Roglic remporte le chrono par \u00e9quipes\"}]},{\"@type\":\"WebSite\",\"@id\":\"https:\/\/dicodusport.fr\/blog\/#website\",\"url\":\"https:\/\/dicodusport.fr\/blog\/\",\"name\":\"Dicodusport\",\"description\":\"L&#039;encyclop\u00e9die de l&#039;actualit\u00e9 sportive\",\"publisher\":{\"@id\":\"https:\/\/dicodusport.fr\/blog\/#organization\"},\"potentialAction\":[{\"@type\":\"SearchAction\",\"target\":{\"@type\":\"EntryPoint\",\"urlTemplate\":\"https:\/\/dicodusport.fr\/blog\/?s={search_term_string}\"},\"query-input\":{\"@type\":\"PropertyValueSpecification\",\"valueRequired\":true,\"valueName\":\"search_term_string\"}}],\"inLanguage\":\"fr-FR\"},{\"@type\":\"NewsMediaOrganization\",\"@id\":\"https:\/\/dicodusport.fr\/blog\/#organization\",\"name\":\"Dicodusport\",\"url\":\"https:\/\/dicodusport.fr\/blog\/\",\"logo\":{\"@type\":\"ImageObject\",\"inLanguage\":\"fr-FR\",\"@id\":\"https:\/\/dicodusport.fr\/blog\/#\/schema\/logo\/image\/\",\"url\":\"https:\/\/dicodusport.fr\/blog\/wp-content\/uploads\/2020\/06\/cropped-LOGO-DICODUSPORT-2020-SANS-FOND-SANS-TEXTE.png\",\"contentUrl\":\"https:\/\/dicodusport.fr\/blog\/wp-content\/uploads\/2020\/06\/cropped-LOGO-DICODUSPORT-2020-SANS-FOND-SANS-TEXTE.png\",\"width\":512,\"height\":512,\"caption\":\"Dicodusport\"},\"image\":{\"@id\":\"https:\/\/dicodusport.fr\/blog\/#\/schema\/logo\/image\/\"},\"sameAs\":[\"https:\/\/www.facebook.com\/dicodusport\",\"https:\/\/x.com\/dicodusport\",\"https:\/\/www.instagram.com\/dicodusport\/\",\"https:\/\/www.youtube.com\/channel\/UC7V2KZ5sd3htJivAbA4ZG3w\"],\"description\":\"Dicodusport est l'encyclop\u00e9die de l'actualit\u00e9 sportive.\",\"email\":\"bonjour@dicodusport.fr\",\"legalName\":\"DICODUSPORT\",\"foundingDate\":\"2018-01-14\",\"vatID\":\"FR71834470973\",\"taxID\":\"83447097300043\",\"numberOfEmployees\":{\"@type\":\"QuantitativeValue\",\"minValue\":\"1\",\"maxValue\":\"10\"}},{\"@type\":\"Person\",\"@id\":\"https:\/\/dicodusport.fr\/blog\/#\/schema\/person\/cb02af4c173ce4a653b55e9baf388d4a\",\"name\":\"Flo Ostermann\",\"image\":{\"@type\":\"ImageObject\",\"inLanguage\":\"fr-FR\",\"@id\":\"https:\/\/dicodusport.fr\/blog\/#\/schema\/person\/image\/\",\"url\":\"https:\/\/dicodusport.fr\/blog\/wp-content\/uploads\/2021\/05\/Flo-Ostermann-150x150.jpg\",\"contentUrl\":\"https:\/\/dicodusport.fr\/blog\/wp-content\/uploads\/2021\/05\/Flo-Ostermann-150x150.jpg\",\"caption\":\"Flo Ostermann\"},\"description\":\"Journaliste\/R\u00e9dacteur depuis septembre 2015 - Mes premiers souvenirs dans le sport ? Les envol\u00e9es du Stade Toulousain et les duels Villeneuve-Schumacher et H\u00e4kkinen-Schumacher \u00e0 la fin des ann\u00e9es 90, la Coupe du monde de football en 1998, l\u2019exploit du XV de France face aux All Blacks en 1999, mais aussi Richard C\u0153ur de Lion qui vole sur les montagnes du Tour de France. Bien parti pour devenir professeur d\u2019EPS, les \u00e9v\u00e9nements de la vie (et la flemme d\u2019animer des s\u00e9ances de 3x500 m\u00e8tres toute ma vie) m\u2019ont conduit \u00e0 revoir mes plans. Me voil\u00e0 depuis fin 2017 sur Dicodusport, m\u00e9dia gr\u00e2ce (et pour) lequel je partage ma passion : le sport dans tous ses \u00e9tats. Le tout accompagn\u00e9 par les fous furieux et folles furieuses cit\u00e9s sur cette page !\",\"sameAs\":[\"https:\/\/www.facebook.com\/florent.ostermann\",\"https:\/\/x.com\/https:\/\/twitter.com\/FlOstermann\",\"admin\"],\"url\":\"https:\/\/dicodusport.fr\/blog\/author\/flo\/\"}]}<\/script>\n<!-- \/ Yoast SEO Premium plugin. -->","yoast_head_json":{"title":"Tour de Burgos 2023 : La Jumbo-Visma de Primoz Roglic remporte le chrono par \u00e9quipes","description":"TOUR DE BURGOS 2023 \u2013 Juan Sebastian Molano (UAE Team Emirates) a gagn\u00e9 au sprint la premi\u00e8re \u00e9tape, mardi, \u00e0 Burgos.","robots":{"index":"index","follow":"follow","max-snippet":"max-snippet:-1","max-image-preview":"max-image-preview:large","max-video-preview":"max-video-preview:-1"},"canonical":"https:\/\/dicodusport.fr\/blog\/tour-de-burgos-2023-la-jumbo-visma-de-primoz-roglic-remporte-le-chrono-par-equipes\/","og_locale":"fr_FR","og_type":"article","og_title":"Tour de Burgos 2023 : La Jumbo-Visma de Primoz Roglic remporte le chrono par \u00e9quipes","og_description":"TOUR DE BURGOS 2023 \u2013 Juan Sebastian Molano (UAE Team Emirates) a gagn\u00e9 au sprint la premi\u00e8re \u00e9tape, mardi, \u00e0 Burgos.","og_url":"https:\/\/dicodusport.fr\/blog\/tour-de-burgos-2023-la-jumbo-visma-de-primoz-roglic-remporte-le-chrono-par-equipes\/","og_site_name":"Dicodusport","article_publisher":"https:\/\/www.facebook.com\/dicodusport","article_author":"https:\/\/www.facebook.com\/florent.ostermann","article_published_time":"2023-08-16T14:56:20+00:00","article_modified_time":"2023-08-16T15:21:10+00:00","og_image":[{"width":800,"height":445,"url":"https:\/\/dicodusport.fr\/blog\/wp-content\/uploads\/2023\/08\/Tour-de-Burgos-2023-La-Jumbo-Visma-de-Primoz-Roglic-remporte-le-chrono-par-equipes.png","type":"image\/png"}],"author":"Flo Ostermann","twitter_card":"summary_large_image","twitter_title":"Tour de Burgos 2023 : La Jumbo-Visma de Primoz Roglic remporte le chrono par \u00e9quipes","twitter_creator":"@https:\/\/twitter.com\/FlOstermann","twitter_site":"@dicodusport","schema":{"@context":"https:\/\/schema.org","@graph":[{"@type":"NewsArticle","@id":"https:\/\/dicodusport.fr\/blog\/tour-de-burgos-2023-la-jumbo-visma-de-primoz-roglic-remporte-le-chrono-par-equipes\/#article","isPartOf":{"@id":"https:\/\/dicodusport.fr\/blog\/tour-de-burgos-2023-la-jumbo-visma-de-primoz-roglic-remporte-le-chrono-par-equipes\/"},"author":{"name":"Flo Ostermann","@id":"https:\/\/dicodusport.fr\/blog\/#\/schema\/person\/cb02af4c173ce4a653b55e9baf388d4a"},"headline":"Tour de Burgos 2023 : La Jumbo-Visma de Primoz Roglic remporte le chrono par \u00e9quipes","datePublished":"2023-08-16T14:56:20+00:00","dateModified":"2023-08-16T15:21:10+00:00","mainEntityOfPage":{"@id":"https:\/\/dicodusport.fr\/blog\/tour-de-burgos-2023-la-jumbo-visma-de-primoz-roglic-remporte-le-chrono-par-equipes\/"},"wordCount":221,"commentCount":1,"publisher":{"@id":"https:\/\/dicodusport.fr\/blog\/#organization"},"image":{"@id":"https:\/\/dicodusport.fr\/blog\/tour-de-burgos-2023-la-jumbo-visma-de-primoz-roglic-remporte-le-chrono-par-equipes\/#primaryimage"},"thumbnailUrl":"https:\/\/dicodusport.fr\/blog\/wp-content\/uploads\/2023\/08\/Tour-de-Burgos-2023-La-Jumbo-Visma-de-Primoz-Roglic-remporte-le-chrono-par-equipes.png","keywords":["br\u00e8ve","Tour de Burgos"],"articleSection":["Cyclisme sur route"],"inLanguage":"fr-FR","potentialAction":[{"@type":"CommentAction","name":"Comment","target":["https:\/\/dicodusport.fr\/blog\/tour-de-burgos-2023-la-jumbo-visma-de-primoz-roglic-remporte-le-chrono-par-equipes\/#respond"]}],"copyrightYear":"2023","copyrightHolder":{"@id":"https:\/\/dicodusport.fr\/blog\/#organization"}},{"@type":"WebPage","@id":"https:\/\/dicodusport.fr\/blog\/tour-de-burgos-2023-la-jumbo-visma-de-primoz-roglic-remporte-le-chrono-par-equipes\/","url":"https:\/\/dicodusport.fr\/blog\/tour-de-burgos-2023-la-jumbo-visma-de-primoz-roglic-remporte-le-chrono-par-equipes\/","name":"Tour de Burgos 2023 : La Jumbo-Visma de Primoz Roglic remporte le chrono par \u00e9quipes","isPartOf":{"@id":"https:\/\/dicodusport.fr\/blog\/#website"},"primaryImageOfPage":{"@id":"https:\/\/dicodusport.fr\/blog\/tour-de-burgos-2023-la-jumbo-visma-de-primoz-roglic-remporte-le-chrono-par-equipes\/#primaryimage"},"image":{"@id":"https:\/\/dicodusport.fr\/blog\/tour-de-burgos-2023-la-jumbo-visma-de-primoz-roglic-remporte-le-chrono-par-equipes\/#primaryimage"},"thumbnailUrl":"https:\/\/dicodusport.fr\/blog\/wp-content\/uploads\/2023\/08\/Tour-de-Burgos-2023-La-Jumbo-Visma-de-Primoz-Roglic-remporte-le-chrono-par-equipes.png","datePublished":"2023-08-16T14:56:20+00:00","dateModified":"2023-08-16T15:21:10+00:00","description":"TOUR DE BURGOS 2023 \u2013 Juan Sebastian Molano (UAE Team Emirates) a gagn\u00e9 au sprint la premi\u00e8re \u00e9tape, mardi, \u00e0 Burgos.","breadcrumb":{"@id":"https:\/\/dicodusport.fr\/blog\/tour-de-burgos-2023-la-jumbo-visma-de-primoz-roglic-remporte-le-chrono-par-equipes\/#breadcrumb"},"inLanguage":"fr-FR","potentialAction":[{"@type":"ReadAction","target":["https:\/\/dicodusport.fr\/blog\/tour-de-burgos-2023-la-jumbo-visma-de-primoz-roglic-remporte-le-chrono-par-equipes\/"]}]},{"@type":"ImageObject","inLanguage":"fr-FR","@id":"https:\/\/dicodusport.fr\/blog\/tour-de-burgos-2023-la-jumbo-visma-de-primoz-roglic-remporte-le-chrono-par-equipes\/#primaryimage","url":"https:\/\/dicodusport.fr\/blog\/wp-content\/uploads\/2023\/08\/Tour-de-Burgos-2023-La-Jumbo-Visma-de-Primoz-Roglic-remporte-le-chrono-par-equipes.png","contentUrl":"https:\/\/dicodusport.fr\/blog\/wp-content\/uploads\/2023\/08\/Tour-de-Burgos-2023-La-Jumbo-Visma-de-Primoz-Roglic-remporte-le-chrono-par-equipes.png","width":800,"height":445,"caption":"Tour de Burgos 2023 La Jumbo-Visma de Primoz Roglic remporte le chrono par \u00e9quipes"},{"@type":"BreadcrumbList","@id":"https:\/\/dicodusport.fr\/blog\/tour-de-burgos-2023-la-jumbo-visma-de-primoz-roglic-remporte-le-chrono-par-equipes\/#breadcrumb","itemListElement":[{"@type":"ListItem","position":1,"name":"Accueil","item":"https:\/\/dicodusport.fr\/blog\/"},{"@type":"ListItem","position":2,"name":"Tour de Burgos 2023 : La Jumbo-Visma de Primoz Roglic remporte le chrono par \u00e9quipes"}]},{"@type":"WebSite","@id":"https:\/\/dicodusport.fr\/blog\/#website","url":"https:\/\/dicodusport.fr\/blog\/","name":"Dicodusport","description":"L&#039;encyclop\u00e9die de l&#039;actualit\u00e9 sportive","publisher":{"@id":"https:\/\/dicodusport.fr\/blog\/#organization"},"potentialAction":[{"@type":"SearchAction","target":{"@type":"EntryPoint","urlTemplate":"https:\/\/dicodusport.fr\/blog\/?s={search_term_string}"},"query-input":{"@type":"PropertyValueSpecification","valueRequired":true,"valueName":"search_term_string"}}],"inLanguage":"fr-FR"},{"@type":"NewsMediaOrganization","@id":"https:\/\/dicodusport.fr\/blog\/#organization","name":"Dicodusport","url":"https:\/\/dicodusport.fr\/blog\/","logo":{"@type":"ImageObject","inLanguage":"fr-FR","@id":"https:\/\/dicodusport.fr\/blog\/#\/schema\/logo\/image\/","url":"https:\/\/dicodusport.fr\/blog\/wp-content\/uploads\/2020\/06\/cropped-LOGO-DICODUSPORT-2020-SANS-FOND-SANS-TEXTE.png","contentUrl":"https:\/\/dicodusport.fr\/blog\/wp-content\/uploads\/2020\/06\/cropped-LOGO-DICODUSPORT-2020-SANS-FOND-SANS-TEXTE.png","width":512,"height":512,"caption":"Dicodusport"},"image":{"@id":"https:\/\/dicodusport.fr\/blog\/#\/schema\/logo\/image\/"},"sameAs":["https:\/\/www.facebook.com\/dicodusport","https:\/\/x.com\/dicodusport","https:\/\/www.instagram.com\/dicodusport\/","https:\/\/www.youtube.com\/channel\/UC7V2KZ5sd3htJivAbA4ZG3w"],"description":"Dicodusport est l'encyclop\u00e9die de l'actualit\u00e9 sportive.","email":"bonjour@dicodusport.fr","legalName":"DICODUSPORT","foundingDate":"2018-01-14","vatID":"FR71834470973","taxID":"83447097300043","numberOfEmployees":{"@type":"QuantitativeValue","minValue":"1","maxValue":"10"}},{"@type":"Person","@id":"https:\/\/dicodusport.fr\/blog\/#\/schema\/person\/cb02af4c173ce4a653b55e9baf388d4a","name":"Flo Ostermann","image":{"@type":"ImageObject","inLanguage":"fr-FR","@id":"https:\/\/dicodusport.fr\/blog\/#\/schema\/person\/image\/","url":"https:\/\/dicodusport.fr\/blog\/wp-content\/uploads\/2021\/05\/Flo-Ostermann-150x150.jpg","contentUrl":"https:\/\/dicodusport.fr\/blog\/wp-content\/uploads\/2021\/05\/Flo-Ostermann-150x150.jpg","caption":"Flo Ostermann"},"description":"Journaliste\/R\u00e9dacteur depuis septembre 2015 - Mes premiers souvenirs dans le sport ? Les envol\u00e9es du Stade Toulousain et les duels Villeneuve-Schumacher et H\u00e4kkinen-Schumacher \u00e0 la fin des ann\u00e9es 90, la Coupe du monde de football en 1998, l\u2019exploit du XV de France face aux All Blacks en 1999, mais aussi Richard C\u0153ur de Lion qui vole sur les montagnes du Tour de France. Bien parti pour devenir professeur d\u2019EPS, les \u00e9v\u00e9nements de la vie (et la flemme d\u2019animer des s\u00e9ances de 3x500 m\u00e8tres toute ma vie) m\u2019ont conduit \u00e0 revoir mes plans. Me voil\u00e0 depuis fin 2017 sur Dicodusport, m\u00e9dia gr\u00e2ce (et pour) lequel je partage ma passion : le sport dans tous ses \u00e9tats. Le tout accompagn\u00e9 par les fous furieux et folles furieuses cit\u00e9s sur cette page !","sameAs":["https:\/\/www.facebook.com\/florent.ostermann","https:\/\/x.com\/https:\/\/twitter.com\/FlOstermann","admin"],"url":"https:\/\/dicodusport.fr\/blog\/author\/flo\/"}]}},"_links":{"self":[{"href":"https:\/\/dicodusport.fr\/blog\/wp-json\/wp\/v2\/posts\/408984","targetHints":{"allow":["GET"]}}],"collection":[{"href":"https:\/\/dicodusport.fr\/blog\/wp-json\/wp\/v2\/posts"}],"about":[{"href":"https:\/\/dicodusport.fr\/blog\/wp-json\/wp\/v2\/types\/post"}],"author":[{"embeddable":true,"href":"https:\/\/dicodusport.fr\/blog\/wp-json\/wp\/v2\/users\/4"}],"replies":[{"embeddable":true,"href":"https:\/\/dicodusport.fr\/blog\/wp-json\/wp\/v2\/comments?post=408984"}],"version-history":[{"count":0,"href":"https:\/\/dicodusport.fr\/blog\/wp-json\/wp\/v2\/posts\/408984\/revisions"}],"wp:featuredmedia":[{"embeddable":true,"href":"https:\/\/dicodusport.fr\/blog\/wp-json\/wp\/v2\/media\/408989"}],"wp:attachment":[{"href":"https:\/\/dicodusport.fr\/blog\/wp-json\/wp\/v2\/media?parent=408984"}],"wp:term":[{"taxonomy":"category","embeddable":true,"href":"https:\/\/dicodusport.fr\/blog\/wp-json\/wp\/v2\/categories?post=408984"},{"taxonomy":"post_tag","embeddable":true,"href":"https:\/\/dicodusport.fr\/blog\/wp-json\/wp\/v2\/tags?post=408984"}],"curies":[{"name":"wp","href":"https:\/\/api.w.org\/{rel}","templated":true}]}}