{"id":409123,"date":"2023-08-17T08:18:42","date_gmt":"2023-08-17T06:18:42","guid":{"rendered":"https:\/\/dicodusport.fr\/blog\/?p=409123&#038;preview=true&#038;preview_id=409123"},"modified":"2023-08-17T09:06:59","modified_gmt":"2023-08-17T07:06:59","slug":"surf-vahine-fierro-terrasse-la-n1-mondiale-avant-detre-eliminee-en-demies-de-la-tahiti-pro","status":"publish","type":"post","link":"https:\/\/dicodusport.fr\/blog\/surf-vahine-fierro-terrasse-la-n1-mondiale-avant-detre-eliminee-en-demies-de-la-tahiti-pro\/","title":{"rendered":"Surf : Vahin\u00e9 Fierro terrasse la n\u00b01 mondiale avant d&rsquo;\u00eatre \u00e9limin\u00e9e en demies de la Tahiti Pro"},"content":{"rendered":"<p style=\"text-align: justify;\" align=\"justify\"><b><i>SURF \/ TAHITI PRO 2023 &#8211; La nuit derni\u00e8re, Vahin\u00e9 Fierro a r\u00e9alis\u00e9 un \u00e9norme exploit en battant la num\u00e9ro une mondiale, Carissa Moore, avant de se faire \u00e9liminer en demi-finale. De leur c\u00f4t\u00e9, Kauli Vaast et Mihimana Braye n&rsquo;ont pu faire mieux qu&rsquo;un quart de finale.<\/i><\/b><\/p>\n<p align=\"justify\">Il y avait un fort parfum de Jeux Olympiques qui flottait sur la <strong>Tahiti Pro 2023<\/strong>. En effet, la comp\u00e9tition se d\u00e9roulait \u00e0 <strong>Teahupoo<\/strong>, sur le m\u00eame spot qui accueillera les \u00e9preuves olympiques. La nuit derni\u00e8re, les bonnes conditions ont permis \u00e0 l&rsquo;\u00e9preuve de se terminer en encha\u00eenant quarts, demies et finale.<\/p>\n<h2 style=\"text-align: justify;\" align=\"justify\">Les Fran\u00e7ais battent les n\u00b01 mondiaux, Fierro dans le dernier carr\u00e9<\/h2>\n<p align=\"justify\">Pour repr\u00e9senter l&rsquo;\u00e9quipe de France, ils \u00e9taient encore trois en lice. C\u00f4t\u00e9 masculin, les Tahitiens <strong>Kauli Vaast<\/strong> et <strong>Mihimina Braye<\/strong> s&rsquo;\u00e9taient hiss\u00e9s en quarts de finale. Ce dernier avait m\u00eame r\u00e9alis\u00e9 l&rsquo;exploit d&rsquo;\u00e9carter le num\u00e9ro un mondial <strong>Filipe Toledo<\/strong>, en grande difficult\u00e9 lors du huiti\u00e8me de finale. Malheureusement, il n&rsquo;a pas r\u00e9ussi \u00e0 confirmer cette performance en passant \u00e0 c\u00f4t\u00e9 de son quart de finale. Vaast a lui \u00e9t\u00e9 \u00e0 la lutte avec l&rsquo;Italien <strong>Leonardo Fioraventi<\/strong>, sans pouvoir surpasser son rival. Dans une comp\u00e9tition masculine ayant \u00e9galement vu l&rsquo;\u00e9limination pr\u00e9matur\u00e9e de la l\u00e9gende <strong>Kelly Slater<\/strong> au stade des huiti\u00e8mes de finale, l&rsquo;Australien <strong>Jack Robinson<\/strong> est all\u00e9 d\u00e9crocher la victoire, et \u00e9galement une qualification olympique.<\/p>\n<p align=\"justify\">En parlant de qualification olympique, <strong>Vahin\u00e9 Fierro<\/strong> a, elle, d\u00e9j\u00e0 assur\u00e9 sa place pour Paris 2024 lors des <a href=\"https:\/\/dicodusport.fr\/blog\/surf-deux-medailles-pour-la-france-aux-world-surfing-games\/\">World Surfing Games en juin dernier<\/a>. Mais cela ne l&rsquo;a pas emp\u00each\u00e9e de frapper un tr\u00e8s gros coup. Arriv\u00e9e en quarts de finale, la surfeuse de 23 ans faisait face \u00e0 un d\u00e9fi de taille en la personne de<strong> Carissa Moore<\/strong>, num\u00e9ro une mondiale. Mais comme ce fut le cas en 2022, au m\u00eame stade de la comp\u00e9tition, Fierro a cr\u00e9\u00e9 la sensation en terrassant l&rsquo;Am\u00e9ricaine d&rsquo;un souffle !<\/p>\n<p align=\"justify\">Une performance magistrale pour celle qui lutte en cette fin de saison pour d\u00e9crocher une place sur le circuit principal en 2024. Toutefois, la porte de la finale va \u00eatre ensuite ferm\u00e9e par la jeune prodige am\u00e9ricaine de 17 ans, <strong>Caitlin Simmers<\/strong>. Cette derni\u00e8re sera \u00e0 son tour battue en finale par sa compatriote <strong>Caroline Marks<\/strong>, qui d\u00e9croche donc la victoire finale sur cette <strong>Tahiti Pro<\/strong>.<\/p>\n<blockquote class=\"twitter-tweet\">\n<p dir=\"ltr\" lang=\"en\"><a href=\"https:\/\/twitter.com\/hashtag\/ShiseidoTahitiPro?src=hash&amp;ref_src=twsrc%5Etfw\">#ShiseidoTahitiPro<\/a> Women&rsquo;s Quarterfinals, Heat 2 Results:<\/p>\n<p>\ud83c\uddeb\ud83c\uddf7 <a href=\"https:\/\/twitter.com\/hashtag\/VahineFierro?src=hash&amp;ref_src=twsrc%5Etfw\">#VahineFierro<\/a> &#8211; 8.83<br \/>\n\ud83c\uddfa\ud83c\uddf8 <a href=\"https:\/\/twitter.com\/rissmoore10?ref_src=twsrc%5Etfw\">@rissmoore10<\/a> &#8211; 8.00<\/p>\n<p>Watch LIVE on <a href=\"https:\/\/t.co\/ie0ZfMVLPY\">https:\/\/t.co\/ie0ZfMVLPY<\/a><a href=\"https:\/\/twitter.com\/SHISEIDO_USA?ref_src=twsrc%5Etfw\">@SHISEIDO_USA<\/a> <a href=\"https:\/\/twitter.com\/outerknown_live?ref_src=twsrc%5Etfw\">@outerknown_live<\/a> <a href=\"https:\/\/t.co\/M6UROXAz2D\">pic.twitter.com\/M6UROXAz2D<\/a><\/p>\n<p>\u2014 World Surf League (@wsl) <a href=\"https:\/\/twitter.com\/wsl\/status\/1691905188066365760?ref_src=twsrc%5Etfw\">August 16, 2023<\/a><\/p><\/blockquote>\n<p><script async src=\"https:\/\/platform.twitter.com\/widgets.js\" charset=\"utf-8\"><\/script><\/p>\n","protected":false},"excerpt":{"rendered":"<p>SURF \/ TAHITI PRO 2023 &#8211; La nuit derni\u00e8re, Vahin\u00e9 Fierro a r\u00e9alis\u00e9 un \u00e9norme exploit en battant la num\u00e9ro une mondiale, Carissa Moore, avant de se faire \u00e9liminer en demi-finale. De leur c\u00f4t\u00e9, Kauli Vaast et Mihimana Braye n&rsquo;ont pu faire mieux qu&rsquo;un quart de finale.<\/p>\n","protected":false},"author":55,"featured_media":409126,"comment_status":"open","ping_status":"closed","sticky":false,"template":"","format":"standard","meta":{"_acf_changed":false,"_daextam_enable_autolinks":"","footnotes":""},"categories":[11679],"tags":[16878,31991,1004,249,31990],"class_list":["post-409123","post","type-post","status-publish","format-standard","has-post-thumbnail","hentry","category-surf","tag-breve","tag-kauli-vaast","tag-paris-2024","tag-surf","tag-vahine-fierro"],"acf":[],"yoast_head":"<!-- This site is optimized with the Yoast SEO Premium plugin v26.7 (Yoast SEO v26.7) - https:\/\/yoast.com\/wordpress\/plugins\/seo\/ -->\n<title>Surf : Vahin\u00e9 Fierro terrasse la n\u00b01 mondiale avant d&#039;\u00eatre \u00e9limin\u00e9e en demies de la Tahiti Pro<\/title>\n<meta name=\"description\" content=\"SURF \/ TAHITI PRO 2023 - Vahin\u00e9 Fierro a tap\u00e9 la n\u00b01 mondiale sur le futur spot des Jeux Olympiques et s&#039;est hiss\u00e9 jusqu&#039;en demies.\" \/>\n<meta name=\"robots\" content=\"index, follow, max-snippet:-1, max-image-preview:large, max-video-preview:-1\" \/>\n<link rel=\"canonical\" href=\"https:\/\/dicodusport.fr\/blog\/surf-vahine-fierro-terrasse-la-n1-mondiale-avant-detre-eliminee-en-demies-de-la-tahiti-pro\/\" \/>\n<meta property=\"og:locale\" content=\"fr_FR\" \/>\n<meta property=\"og:type\" content=\"article\" \/>\n<meta property=\"og:title\" content=\"Surf : Vahin\u00e9 Fierro terrasse la n\u00b01 mondiale avant d&#039;\u00eatre \u00e9limin\u00e9e en demies de la Tahiti Pro\" \/>\n<meta property=\"og:description\" content=\"SURF \/ TAHITI PRO 2023 - Vahin\u00e9 Fierro a tap\u00e9 la n\u00b01 mondiale sur le futur spot des Jeux Olympiques et s&#039;est hiss\u00e9 jusqu&#039;en demies.\" \/>\n<meta property=\"og:url\" content=\"https:\/\/dicodusport.fr\/blog\/surf-vahine-fierro-terrasse-la-n1-mondiale-avant-detre-eliminee-en-demies-de-la-tahiti-pro\/\" \/>\n<meta property=\"og:site_name\" content=\"Dicodusport\" \/>\n<meta property=\"article:publisher\" content=\"https:\/\/www.facebook.com\/dicodusport\" \/>\n<meta property=\"article:published_time\" content=\"2023-08-17T06:18:42+00:00\" \/>\n<meta property=\"article:modified_time\" content=\"2023-08-17T07:06:59+00:00\" \/>\n<meta property=\"og:image\" content=\"https:\/\/dicodusport.fr\/blog\/wp-content\/uploads\/2023\/08\/Surf-Vahine-Fierro-terrasse-la-n\u00b01-mondiale-avant-detre-eliminee-en-demies-de-la-Tahiti-Pro.png\" \/>\n\t<meta property=\"og:image:width\" content=\"800\" \/>\n\t<meta property=\"og:image:height\" content=\"445\" \/>\n\t<meta property=\"og:image:type\" content=\"image\/png\" \/>\n<meta name=\"author\" content=\"Maxime Cazenave\" \/>\n<meta name=\"twitter:card\" content=\"summary_large_image\" \/>\n<meta name=\"twitter:title\" content=\"Surf : Vahin\u00e9 Fierro terrasse la n\u00b01 mondiale avant d&#039;\u00eatre \u00e9limin\u00e9e en demies de la Tahiti Pro\" \/>\n<meta name=\"twitter:creator\" content=\"@https:\/\/twitter.com\/Maxime_Caze\" \/>\n<meta name=\"twitter:site\" content=\"@dicodusport\" \/>\n<script type=\"application\/ld+json\" class=\"yoast-schema-graph\">{\"@context\":\"https:\/\/schema.org\",\"@graph\":[{\"@type\":\"NewsArticle\",\"@id\":\"https:\/\/dicodusport.fr\/blog\/surf-vahine-fierro-terrasse-la-n1-mondiale-avant-detre-eliminee-en-demies-de-la-tahiti-pro\/#article\",\"isPartOf\":{\"@id\":\"https:\/\/dicodusport.fr\/blog\/surf-vahine-fierro-terrasse-la-n1-mondiale-avant-detre-eliminee-en-demies-de-la-tahiti-pro\/\"},\"author\":{\"name\":\"Maxime Cazenave\",\"@id\":\"https:\/\/dicodusport.fr\/blog\/#\/schema\/person\/37def232098a7a5cbab3974a3690abb0\"},\"headline\":\"Surf : Vahin\u00e9 Fierro terrasse la n\u00b01 mondiale avant d&rsquo;\u00eatre \u00e9limin\u00e9e en demies de la Tahiti Pro\",\"datePublished\":\"2023-08-17T06:18:42+00:00\",\"dateModified\":\"2023-08-17T07:06:59+00:00\",\"mainEntityOfPage\":{\"@id\":\"https:\/\/dicodusport.fr\/blog\/surf-vahine-fierro-terrasse-la-n1-mondiale-avant-detre-eliminee-en-demies-de-la-tahiti-pro\/\"},\"wordCount\":466,\"commentCount\":0,\"publisher\":{\"@id\":\"https:\/\/dicodusport.fr\/blog\/#organization\"},\"image\":{\"@id\":\"https:\/\/dicodusport.fr\/blog\/surf-vahine-fierro-terrasse-la-n1-mondiale-avant-detre-eliminee-en-demies-de-la-tahiti-pro\/#primaryimage\"},\"thumbnailUrl\":\"https:\/\/dicodusport.fr\/blog\/wp-content\/uploads\/2023\/08\/Surf-Vahine-Fierro-terrasse-la-n\u00b01-mondiale-avant-detre-eliminee-en-demies-de-la-Tahiti-Pro.png\",\"keywords\":[\"br\u00e8ve\",\"Kauli Vaast\",\"Paris 2024\",\"surf\",\"Vahin\u00e9 Fierro\"],\"articleSection\":[\"Surf\"],\"inLanguage\":\"fr-FR\",\"potentialAction\":[{\"@type\":\"CommentAction\",\"name\":\"Comment\",\"target\":[\"https:\/\/dicodusport.fr\/blog\/surf-vahine-fierro-terrasse-la-n1-mondiale-avant-detre-eliminee-en-demies-de-la-tahiti-pro\/#respond\"]}],\"copyrightYear\":\"2023\",\"copyrightHolder\":{\"@id\":\"https:\/\/dicodusport.fr\/blog\/#organization\"}},{\"@type\":\"WebPage\",\"@id\":\"https:\/\/dicodusport.fr\/blog\/surf-vahine-fierro-terrasse-la-n1-mondiale-avant-detre-eliminee-en-demies-de-la-tahiti-pro\/\",\"url\":\"https:\/\/dicodusport.fr\/blog\/surf-vahine-fierro-terrasse-la-n1-mondiale-avant-detre-eliminee-en-demies-de-la-tahiti-pro\/\",\"name\":\"Surf : Vahin\u00e9 Fierro terrasse la n\u00b01 mondiale avant d'\u00eatre \u00e9limin\u00e9e en demies de la Tahiti Pro\",\"isPartOf\":{\"@id\":\"https:\/\/dicodusport.fr\/blog\/#website\"},\"primaryImageOfPage\":{\"@id\":\"https:\/\/dicodusport.fr\/blog\/surf-vahine-fierro-terrasse-la-n1-mondiale-avant-detre-eliminee-en-demies-de-la-tahiti-pro\/#primaryimage\"},\"image\":{\"@id\":\"https:\/\/dicodusport.fr\/blog\/surf-vahine-fierro-terrasse-la-n1-mondiale-avant-detre-eliminee-en-demies-de-la-tahiti-pro\/#primaryimage\"},\"thumbnailUrl\":\"https:\/\/dicodusport.fr\/blog\/wp-content\/uploads\/2023\/08\/Surf-Vahine-Fierro-terrasse-la-n\u00b01-mondiale-avant-detre-eliminee-en-demies-de-la-Tahiti-Pro.png\",\"datePublished\":\"2023-08-17T06:18:42+00:00\",\"dateModified\":\"2023-08-17T07:06:59+00:00\",\"description\":\"SURF \/ TAHITI PRO 2023 - Vahin\u00e9 Fierro a tap\u00e9 la n\u00b01 mondiale sur le futur spot des Jeux Olympiques et s'est hiss\u00e9 jusqu'en demies.\",\"breadcrumb\":{\"@id\":\"https:\/\/dicodusport.fr\/blog\/surf-vahine-fierro-terrasse-la-n1-mondiale-avant-detre-eliminee-en-demies-de-la-tahiti-pro\/#breadcrumb\"},\"inLanguage\":\"fr-FR\",\"potentialAction\":[{\"@type\":\"ReadAction\",\"target\":[\"https:\/\/dicodusport.fr\/blog\/surf-vahine-fierro-terrasse-la-n1-mondiale-avant-detre-eliminee-en-demies-de-la-tahiti-pro\/\"]}]},{\"@type\":\"ImageObject\",\"inLanguage\":\"fr-FR\",\"@id\":\"https:\/\/dicodusport.fr\/blog\/surf-vahine-fierro-terrasse-la-n1-mondiale-avant-detre-eliminee-en-demies-de-la-tahiti-pro\/#primaryimage\",\"url\":\"https:\/\/dicodusport.fr\/blog\/wp-content\/uploads\/2023\/08\/Surf-Vahine-Fierro-terrasse-la-n\u00b01-mondiale-avant-detre-eliminee-en-demies-de-la-Tahiti-Pro.png\",\"contentUrl\":\"https:\/\/dicodusport.fr\/blog\/wp-content\/uploads\/2023\/08\/Surf-Vahine-Fierro-terrasse-la-n\u00b01-mondiale-avant-detre-eliminee-en-demies-de-la-Tahiti-Pro.png\",\"width\":800,\"height\":445,\"caption\":\"Surf : Vahin\u00e9 Fierro terrasse la n\u00b01 mondiale avant d'\u00eatre \u00e9limin\u00e9e en demies de la Tahiti Pro\"},{\"@type\":\"BreadcrumbList\",\"@id\":\"https:\/\/dicodusport.fr\/blog\/surf-vahine-fierro-terrasse-la-n1-mondiale-avant-detre-eliminee-en-demies-de-la-tahiti-pro\/#breadcrumb\",\"itemListElement\":[{\"@type\":\"ListItem\",\"position\":1,\"name\":\"Accueil\",\"item\":\"https:\/\/dicodusport.fr\/blog\/\"},{\"@type\":\"ListItem\",\"position\":2,\"name\":\"Surf : Vahin\u00e9 Fierro terrasse la n\u00b01 mondiale avant d&rsquo;\u00eatre \u00e9limin\u00e9e en demies de la Tahiti Pro\"}]},{\"@type\":\"WebSite\",\"@id\":\"https:\/\/dicodusport.fr\/blog\/#website\",\"url\":\"https:\/\/dicodusport.fr\/blog\/\",\"name\":\"Dicodusport\",\"description\":\"L&#039;encyclop\u00e9die de l&#039;actualit\u00e9 sportive\",\"publisher\":{\"@id\":\"https:\/\/dicodusport.fr\/blog\/#organization\"},\"potentialAction\":[{\"@type\":\"SearchAction\",\"target\":{\"@type\":\"EntryPoint\",\"urlTemplate\":\"https:\/\/dicodusport.fr\/blog\/?s={search_term_string}\"},\"query-input\":{\"@type\":\"PropertyValueSpecification\",\"valueRequired\":true,\"valueName\":\"search_term_string\"}}],\"inLanguage\":\"fr-FR\"},{\"@type\":\"NewsMediaOrganization\",\"@id\":\"https:\/\/dicodusport.fr\/blog\/#organization\",\"name\":\"Dicodusport\",\"url\":\"https:\/\/dicodusport.fr\/blog\/\",\"logo\":{\"@type\":\"ImageObject\",\"inLanguage\":\"fr-FR\",\"@id\":\"https:\/\/dicodusport.fr\/blog\/#\/schema\/logo\/image\/\",\"url\":\"https:\/\/dicodusport.fr\/blog\/wp-content\/uploads\/2020\/06\/cropped-LOGO-DICODUSPORT-2020-SANS-FOND-SANS-TEXTE.png\",\"contentUrl\":\"https:\/\/dicodusport.fr\/blog\/wp-content\/uploads\/2020\/06\/cropped-LOGO-DICODUSPORT-2020-SANS-FOND-SANS-TEXTE.png\",\"width\":512,\"height\":512,\"caption\":\"Dicodusport\"},\"image\":{\"@id\":\"https:\/\/dicodusport.fr\/blog\/#\/schema\/logo\/image\/\"},\"sameAs\":[\"https:\/\/www.facebook.com\/dicodusport\",\"https:\/\/x.com\/dicodusport\",\"https:\/\/www.instagram.com\/dicodusport\/\",\"https:\/\/www.youtube.com\/channel\/UC7V2KZ5sd3htJivAbA4ZG3w\"],\"description\":\"Dicodusport est l'encyclop\u00e9die de l'actualit\u00e9 sportive.\",\"email\":\"bonjour@dicodusport.fr\",\"legalName\":\"DICODUSPORT\",\"foundingDate\":\"2018-01-14\",\"vatID\":\"FR71834470973\",\"taxID\":\"83447097300043\",\"numberOfEmployees\":{\"@type\":\"QuantitativeValue\",\"minValue\":\"1\",\"maxValue\":\"10\"}},{\"@type\":\"Person\",\"@id\":\"https:\/\/dicodusport.fr\/blog\/#\/schema\/person\/37def232098a7a5cbab3974a3690abb0\",\"name\":\"Maxime Cazenave\",\"image\":{\"@type\":\"ImageObject\",\"inLanguage\":\"fr-FR\",\"@id\":\"https:\/\/dicodusport.fr\/blog\/#\/schema\/person\/image\/\",\"url\":\"https:\/\/dicodusport.fr\/blog\/wp-content\/uploads\/2021\/05\/Maxime-Cazenave-150x150.jpg\",\"contentUrl\":\"https:\/\/dicodusport.fr\/blog\/wp-content\/uploads\/2021\/05\/Maxime-Cazenave-150x150.jpg\",\"caption\":\"Maxime Cazenave\"},\"description\":\"Journaliste\/R\u00e9dacteur depuis 2012 - Berc\u00e9 par l\u2019amour des Girondins de Bordeaux, les \u00e9checs de Christophe Moreau sur le Tour de France sous l'\u00e8re Lance Armstrong et le fade-away l\u00e9tal de Dirk Nowitzki, ma passion d\u00e9vorante pour le sport a toujours \u00e9t\u00e9 un pan incontournable de ma vie. Transmettre ma passion \u00e0 l\u2019\u00e9crit a \u00e9t\u00e9 une transition naturelle. Suiveur assidu de basket et de hockey sur glace, je garde toujours un peu de place pour suivre le cyclisme, le football et le maximum de performances fran\u00e7aises.\",\"sameAs\":[\"https:\/\/x.com\/https:\/\/twitter.com\/Maxime_Caze\"],\"url\":\"https:\/\/dicodusport.fr\/blog\/author\/maximec\/\"}]}<\/script>\n<!-- \/ Yoast SEO Premium plugin. -->","yoast_head_json":{"title":"Surf : Vahin\u00e9 Fierro terrasse la n\u00b01 mondiale avant d'\u00eatre \u00e9limin\u00e9e en demies de la Tahiti Pro","description":"SURF \/ TAHITI PRO 2023 - Vahin\u00e9 Fierro a tap\u00e9 la n\u00b01 mondiale sur le futur spot des Jeux Olympiques et s'est hiss\u00e9 jusqu'en demies.","robots":{"index":"index","follow":"follow","max-snippet":"max-snippet:-1","max-image-preview":"max-image-preview:large","max-video-preview":"max-video-preview:-1"},"canonical":"https:\/\/dicodusport.fr\/blog\/surf-vahine-fierro-terrasse-la-n1-mondiale-avant-detre-eliminee-en-demies-de-la-tahiti-pro\/","og_locale":"fr_FR","og_type":"article","og_title":"Surf : Vahin\u00e9 Fierro terrasse la n\u00b01 mondiale avant d'\u00eatre \u00e9limin\u00e9e en demies de la Tahiti Pro","og_description":"SURF \/ TAHITI PRO 2023 - Vahin\u00e9 Fierro a tap\u00e9 la n\u00b01 mondiale sur le futur spot des Jeux Olympiques et s'est hiss\u00e9 jusqu'en demies.","og_url":"https:\/\/dicodusport.fr\/blog\/surf-vahine-fierro-terrasse-la-n1-mondiale-avant-detre-eliminee-en-demies-de-la-tahiti-pro\/","og_site_name":"Dicodusport","article_publisher":"https:\/\/www.facebook.com\/dicodusport","article_published_time":"2023-08-17T06:18:42+00:00","article_modified_time":"2023-08-17T07:06:59+00:00","og_image":[{"width":800,"height":445,"url":"https:\/\/dicodusport.fr\/blog\/wp-content\/uploads\/2023\/08\/Surf-Vahine-Fierro-terrasse-la-n\u00b01-mondiale-avant-detre-eliminee-en-demies-de-la-Tahiti-Pro.png","type":"image\/png"}],"author":"Maxime Cazenave","twitter_card":"summary_large_image","twitter_title":"Surf : Vahin\u00e9 Fierro terrasse la n\u00b01 mondiale avant d'\u00eatre \u00e9limin\u00e9e en demies de la Tahiti Pro","twitter_creator":"@https:\/\/twitter.com\/Maxime_Caze","twitter_site":"@dicodusport","schema":{"@context":"https:\/\/schema.org","@graph":[{"@type":"NewsArticle","@id":"https:\/\/dicodusport.fr\/blog\/surf-vahine-fierro-terrasse-la-n1-mondiale-avant-detre-eliminee-en-demies-de-la-tahiti-pro\/#article","isPartOf":{"@id":"https:\/\/dicodusport.fr\/blog\/surf-vahine-fierro-terrasse-la-n1-mondiale-avant-detre-eliminee-en-demies-de-la-tahiti-pro\/"},"author":{"name":"Maxime Cazenave","@id":"https:\/\/dicodusport.fr\/blog\/#\/schema\/person\/37def232098a7a5cbab3974a3690abb0"},"headline":"Surf : Vahin\u00e9 Fierro terrasse la n\u00b01 mondiale avant d&rsquo;\u00eatre \u00e9limin\u00e9e en demies de la Tahiti Pro","datePublished":"2023-08-17T06:18:42+00:00","dateModified":"2023-08-17T07:06:59+00:00","mainEntityOfPage":{"@id":"https:\/\/dicodusport.fr\/blog\/surf-vahine-fierro-terrasse-la-n1-mondiale-avant-detre-eliminee-en-demies-de-la-tahiti-pro\/"},"wordCount":466,"commentCount":0,"publisher":{"@id":"https:\/\/dicodusport.fr\/blog\/#organization"},"image":{"@id":"https:\/\/dicodusport.fr\/blog\/surf-vahine-fierro-terrasse-la-n1-mondiale-avant-detre-eliminee-en-demies-de-la-tahiti-pro\/#primaryimage"},"thumbnailUrl":"https:\/\/dicodusport.fr\/blog\/wp-content\/uploads\/2023\/08\/Surf-Vahine-Fierro-terrasse-la-n\u00b01-mondiale-avant-detre-eliminee-en-demies-de-la-Tahiti-Pro.png","keywords":["br\u00e8ve","Kauli Vaast","Paris 2024","surf","Vahin\u00e9 Fierro"],"articleSection":["Surf"],"inLanguage":"fr-FR","potentialAction":[{"@type":"CommentAction","name":"Comment","target":["https:\/\/dicodusport.fr\/blog\/surf-vahine-fierro-terrasse-la-n1-mondiale-avant-detre-eliminee-en-demies-de-la-tahiti-pro\/#respond"]}],"copyrightYear":"2023","copyrightHolder":{"@id":"https:\/\/dicodusport.fr\/blog\/#organization"}},{"@type":"WebPage","@id":"https:\/\/dicodusport.fr\/blog\/surf-vahine-fierro-terrasse-la-n1-mondiale-avant-detre-eliminee-en-demies-de-la-tahiti-pro\/","url":"https:\/\/dicodusport.fr\/blog\/surf-vahine-fierro-terrasse-la-n1-mondiale-avant-detre-eliminee-en-demies-de-la-tahiti-pro\/","name":"Surf : Vahin\u00e9 Fierro terrasse la n\u00b01 mondiale avant d'\u00eatre \u00e9limin\u00e9e en demies de la Tahiti Pro","isPartOf":{"@id":"https:\/\/dicodusport.fr\/blog\/#website"},"primaryImageOfPage":{"@id":"https:\/\/dicodusport.fr\/blog\/surf-vahine-fierro-terrasse-la-n1-mondiale-avant-detre-eliminee-en-demies-de-la-tahiti-pro\/#primaryimage"},"image":{"@id":"https:\/\/dicodusport.fr\/blog\/surf-vahine-fierro-terrasse-la-n1-mondiale-avant-detre-eliminee-en-demies-de-la-tahiti-pro\/#primaryimage"},"thumbnailUrl":"https:\/\/dicodusport.fr\/blog\/wp-content\/uploads\/2023\/08\/Surf-Vahine-Fierro-terrasse-la-n\u00b01-mondiale-avant-detre-eliminee-en-demies-de-la-Tahiti-Pro.png","datePublished":"2023-08-17T06:18:42+00:00","dateModified":"2023-08-17T07:06:59+00:00","description":"SURF \/ TAHITI PRO 2023 - Vahin\u00e9 Fierro a tap\u00e9 la n\u00b01 mondiale sur le futur spot des Jeux Olympiques et s'est hiss\u00e9 jusqu'en demies.","breadcrumb":{"@id":"https:\/\/dicodusport.fr\/blog\/surf-vahine-fierro-terrasse-la-n1-mondiale-avant-detre-eliminee-en-demies-de-la-tahiti-pro\/#breadcrumb"},"inLanguage":"fr-FR","potentialAction":[{"@type":"ReadAction","target":["https:\/\/dicodusport.fr\/blog\/surf-vahine-fierro-terrasse-la-n1-mondiale-avant-detre-eliminee-en-demies-de-la-tahiti-pro\/"]}]},{"@type":"ImageObject","inLanguage":"fr-FR","@id":"https:\/\/dicodusport.fr\/blog\/surf-vahine-fierro-terrasse-la-n1-mondiale-avant-detre-eliminee-en-demies-de-la-tahiti-pro\/#primaryimage","url":"https:\/\/dicodusport.fr\/blog\/wp-content\/uploads\/2023\/08\/Surf-Vahine-Fierro-terrasse-la-n\u00b01-mondiale-avant-detre-eliminee-en-demies-de-la-Tahiti-Pro.png","contentUrl":"https:\/\/dicodusport.fr\/blog\/wp-content\/uploads\/2023\/08\/Surf-Vahine-Fierro-terrasse-la-n\u00b01-mondiale-avant-detre-eliminee-en-demies-de-la-Tahiti-Pro.png","width":800,"height":445,"caption":"Surf : Vahin\u00e9 Fierro terrasse la n\u00b01 mondiale avant d'\u00eatre \u00e9limin\u00e9e en demies de la Tahiti Pro"},{"@type":"BreadcrumbList","@id":"https:\/\/dicodusport.fr\/blog\/surf-vahine-fierro-terrasse-la-n1-mondiale-avant-detre-eliminee-en-demies-de-la-tahiti-pro\/#breadcrumb","itemListElement":[{"@type":"ListItem","position":1,"name":"Accueil","item":"https:\/\/dicodusport.fr\/blog\/"},{"@type":"ListItem","position":2,"name":"Surf : Vahin\u00e9 Fierro terrasse la n\u00b01 mondiale avant d&rsquo;\u00eatre \u00e9limin\u00e9e en demies de la Tahiti Pro"}]},{"@type":"WebSite","@id":"https:\/\/dicodusport.fr\/blog\/#website","url":"https:\/\/dicodusport.fr\/blog\/","name":"Dicodusport","description":"L&#039;encyclop\u00e9die de l&#039;actualit\u00e9 sportive","publisher":{"@id":"https:\/\/dicodusport.fr\/blog\/#organization"},"potentialAction":[{"@type":"SearchAction","target":{"@type":"EntryPoint","urlTemplate":"https:\/\/dicodusport.fr\/blog\/?s={search_term_string}"},"query-input":{"@type":"PropertyValueSpecification","valueRequired":true,"valueName":"search_term_string"}}],"inLanguage":"fr-FR"},{"@type":"NewsMediaOrganization","@id":"https:\/\/dicodusport.fr\/blog\/#organization","name":"Dicodusport","url":"https:\/\/dicodusport.fr\/blog\/","logo":{"@type":"ImageObject","inLanguage":"fr-FR","@id":"https:\/\/dicodusport.fr\/blog\/#\/schema\/logo\/image\/","url":"https:\/\/dicodusport.fr\/blog\/wp-content\/uploads\/2020\/06\/cropped-LOGO-DICODUSPORT-2020-SANS-FOND-SANS-TEXTE.png","contentUrl":"https:\/\/dicodusport.fr\/blog\/wp-content\/uploads\/2020\/06\/cropped-LOGO-DICODUSPORT-2020-SANS-FOND-SANS-TEXTE.png","width":512,"height":512,"caption":"Dicodusport"},"image":{"@id":"https:\/\/dicodusport.fr\/blog\/#\/schema\/logo\/image\/"},"sameAs":["https:\/\/www.facebook.com\/dicodusport","https:\/\/x.com\/dicodusport","https:\/\/www.instagram.com\/dicodusport\/","https:\/\/www.youtube.com\/channel\/UC7V2KZ5sd3htJivAbA4ZG3w"],"description":"Dicodusport est l'encyclop\u00e9die de l'actualit\u00e9 sportive.","email":"bonjour@dicodusport.fr","legalName":"DICODUSPORT","foundingDate":"2018-01-14","vatID":"FR71834470973","taxID":"83447097300043","numberOfEmployees":{"@type":"QuantitativeValue","minValue":"1","maxValue":"10"}},{"@type":"Person","@id":"https:\/\/dicodusport.fr\/blog\/#\/schema\/person\/37def232098a7a5cbab3974a3690abb0","name":"Maxime Cazenave","image":{"@type":"ImageObject","inLanguage":"fr-FR","@id":"https:\/\/dicodusport.fr\/blog\/#\/schema\/person\/image\/","url":"https:\/\/dicodusport.fr\/blog\/wp-content\/uploads\/2021\/05\/Maxime-Cazenave-150x150.jpg","contentUrl":"https:\/\/dicodusport.fr\/blog\/wp-content\/uploads\/2021\/05\/Maxime-Cazenave-150x150.jpg","caption":"Maxime Cazenave"},"description":"Journaliste\/R\u00e9dacteur depuis 2012 - Berc\u00e9 par l\u2019amour des Girondins de Bordeaux, les \u00e9checs de Christophe Moreau sur le Tour de France sous l'\u00e8re Lance Armstrong et le fade-away l\u00e9tal de Dirk Nowitzki, ma passion d\u00e9vorante pour le sport a toujours \u00e9t\u00e9 un pan incontournable de ma vie. Transmettre ma passion \u00e0 l\u2019\u00e9crit a \u00e9t\u00e9 une transition naturelle. Suiveur assidu de basket et de hockey sur glace, je garde toujours un peu de place pour suivre le cyclisme, le football et le maximum de performances fran\u00e7aises.","sameAs":["https:\/\/x.com\/https:\/\/twitter.com\/Maxime_Caze"],"url":"https:\/\/dicodusport.fr\/blog\/author\/maximec\/"}]}},"_links":{"self":[{"href":"https:\/\/dicodusport.fr\/blog\/wp-json\/wp\/v2\/posts\/409123","targetHints":{"allow":["GET"]}}],"collection":[{"href":"https:\/\/dicodusport.fr\/blog\/wp-json\/wp\/v2\/posts"}],"about":[{"href":"https:\/\/dicodusport.fr\/blog\/wp-json\/wp\/v2\/types\/post"}],"author":[{"embeddable":true,"href":"https:\/\/dicodusport.fr\/blog\/wp-json\/wp\/v2\/users\/55"}],"replies":[{"embeddable":true,"href":"https:\/\/dicodusport.fr\/blog\/wp-json\/wp\/v2\/comments?post=409123"}],"version-history":[{"count":0,"href":"https:\/\/dicodusport.fr\/blog\/wp-json\/wp\/v2\/posts\/409123\/revisions"}],"wp:featuredmedia":[{"embeddable":true,"href":"https:\/\/dicodusport.fr\/blog\/wp-json\/wp\/v2\/media\/409126"}],"wp:attachment":[{"href":"https:\/\/dicodusport.fr\/blog\/wp-json\/wp\/v2\/media?parent=409123"}],"wp:term":[{"taxonomy":"category","embeddable":true,"href":"https:\/\/dicodusport.fr\/blog\/wp-json\/wp\/v2\/categories?post=409123"},{"taxonomy":"post_tag","embeddable":true,"href":"https:\/\/dicodusport.fr\/blog\/wp-json\/wp\/v2\/tags?post=409123"}],"curies":[{"name":"wp","href":"https:\/\/api.w.org\/{rel}","templated":true}]}}