{"id":409203,"date":"2023-08-17T14:23:33","date_gmt":"2023-08-17T12:23:33","guid":{"rendered":"https:\/\/dicodusport.fr\/blog\/?p=409203&#038;preview=true&#038;preview_id=409203"},"modified":"2023-08-19T19:01:04","modified_gmt":"2023-08-19T17:01:04","slug":"fidji-la-composition-pour-affronter-le-xv-de-france","status":"publish","type":"post","link":"https:\/\/dicodusport.fr\/blog\/fidji-la-composition-pour-affronter-le-xv-de-france\/","title":{"rendered":"Fidji : La composition pour affronter le XV de France"},"content":{"rendered":"<p align=\"justify\"><em><strong>TEST-MATCHS 2023 &#8211; Ce jeudi, Simon Raiwalui a d\u00e9voil\u00e9 la composition des Fidji pour affronter le XV de France ce samedi, \u00e0 Nantes (21h05).\u00a0<\/strong><\/em><\/p>\n<p style=\"text-align: justify;\" align=\"justify\">Un XV de d\u00e9part au petit accent fran\u00e7ais. <strong>Simon Raiwalui<\/strong> a en effet titularis\u00e9 cinq joueurs \u00e9voluant en France, en vue du match de ce samedi face aux Bleus. <strong>Levani Botia<\/strong> (La Rochelle), les ailiers <strong>Vinaya Habosi<\/strong> (Racing 92) et <strong>Jiuta Wainiqolo<\/strong> (Toulon), qui remplace au pied lev\u00e9 Tuisova, ainsi que l&rsquo;arri\u00e8re bayonnais <strong>Sireli Maqala<\/strong> d\u00e9marreront en effet la rencontre, tout comme <strong>Semi Radradra<\/strong> (LOU), capitaine de la s\u00e9lection fidjienne.<\/p>\n<ul>\n<li style=\"text-align: justify;\"><strong>\u00c0 lire aussi &#8211; <a href=\"https:\/\/dicodusport.fr\/blog\/xv-de-france-la-composition-des-bleus-pour-defier-les-fidji\/\">La composition du XV de France pour affronter les Fidji<\/a><\/strong><\/li>\n<\/ul>\n<h2 style=\"text-align: justify;\" align=\"justify\">La composition des Fidji face \u00e0 la France<\/h2>\n<p align=\"justify\"><strong>Le XV\u00a0de d\u00e9part des Fidji :<\/strong> 15. Maqala ; 14. Wainiqolo, 13. Masi, 12. Radradra (cap.), 11. Habosi ; 10. Muntz, 9. Lomani ; 7. Botia, 8. Mata, 6. Derenalagi ; 5. Cirikidaveta, 4. Nasilasila ; 3. Doge, 2. Ikanivere, 1. Mawi.<\/p>\n<p align=\"justify\"><strong>Les rempla\u00e7ants :<\/strong> 16. Matavesi, 17. Ravouvou, 18. Tagi, 19. Mayanavanua, 20. Tuisue, 21. Kuruvoli, 22. Koroiduadua, 23. Droasese.<\/p>\n<blockquote class=\"twitter-tweet\">\n<p dir=\"ltr\" lang=\"en\">Our team \ud83d\udd10 for this weekend.<br \/>\n\ud83c\uddeb\ud83c\uddef VS \ud83c\uddeb\ud83c\uddf7 <a href=\"https:\/\/twitter.com\/hashtag\/FIJIWaterFlyingFijians?src=hash&amp;ref_src=twsrc%5Etfw\">#FIJIWaterFlyingFijians<\/a><a href=\"https:\/\/twitter.com\/hashtag\/duavataveilomanirakavi?src=hash&amp;ref_src=twsrc%5Etfw\">#duavataveilomanirakavi<\/a><a href=\"https:\/\/twitter.com\/hashtag\/FIJIWater?src=hash&amp;ref_src=twsrc%5Etfw\">#FIJIWater<\/a> <a href=\"https:\/\/t.co\/CcpsJX8m3c\">pic.twitter.com\/CcpsJX8m3c<\/a><\/p>\n<p>\u2014 Fiji Rugby Union (@fijirugby) <a href=\"https:\/\/twitter.com\/fijirugby\/status\/1692123084382167198?ref_src=twsrc%5Etfw\">August 17, 2023<\/a><\/p><\/blockquote>\n<p><script async src=\"https:\/\/platform.twitter.com\/widgets.js\" charset=\"utf-8\"><\/script><\/p>\n<ul>\n<li class=\"mvp-post-title left entry-title\" style=\"text-align: justify;\"><strong>\u00c0 lire aussi &#8211; <a href=\"https:\/\/dicodusport.fr\/blog\/rugby-france-fidji-a-quelle-heure-et-sur-quelle-chaine-tv\/\">Rugby France \u2013 Fidji : \u00c0 quelle heure et sur quelle cha\u00eene TV<\/a>\u00a0<\/strong><\/li>\n<\/ul>\n","protected":false},"excerpt":{"rendered":"<p>TEST-MATCHS 2023 &#8211; Ce jeudi, Simon Raiwalui a d\u00e9voil\u00e9 la composition des Fidji pour affronter le XV de France ce samedi, \u00e0 Nantes (21h05).\u00a0<\/p>\n","protected":false},"author":4,"featured_media":409215,"comment_status":"open","ping_status":"closed","sticky":false,"template":"","format":"standard","meta":{"_acf_changed":false,"_daextam_enable_autolinks":"","footnotes":""},"categories":[9129],"tags":[16878,6747,1638],"class_list":["post-409203","post","type-post","status-publish","format-standard","has-post-thumbnail","hentry","category-rugby-a-xv","tag-breve","tag-fidji","tag-xv-de-france"],"acf":[],"yoast_head":"<!-- This site is optimized with the Yoast SEO Premium plugin v26.7 (Yoast SEO v26.7) - https:\/\/yoast.com\/wordpress\/plugins\/seo\/ -->\n<title>Fidji : La composition pour affronter le XV de France<\/title>\n<meta name=\"description\" content=\"TEST-MATCHS 2023 - Ce jeudi, Simon Raiwalui a d\u00e9voil\u00e9 la composition des Fidji pour affronter le XV de France ce samedi, \u00e0 Nantes (21h05).\u00a0\" \/>\n<meta name=\"robots\" content=\"index, follow, max-snippet:-1, max-image-preview:large, max-video-preview:-1\" \/>\n<link rel=\"canonical\" href=\"https:\/\/dicodusport.fr\/blog\/fidji-la-composition-pour-affronter-le-xv-de-france\/\" \/>\n<meta property=\"og:locale\" content=\"fr_FR\" \/>\n<meta property=\"og:type\" content=\"article\" \/>\n<meta property=\"og:title\" content=\"Fidji : La composition pour affronter le XV de France\" \/>\n<meta property=\"og:description\" content=\"TEST-MATCHS 2023 - Ce jeudi, Simon Raiwalui a d\u00e9voil\u00e9 la composition des Fidji pour affronter le XV de France ce samedi, \u00e0 Nantes (21h05).\u00a0\" \/>\n<meta property=\"og:url\" content=\"https:\/\/dicodusport.fr\/blog\/fidji-la-composition-pour-affronter-le-xv-de-france\/\" \/>\n<meta property=\"og:site_name\" content=\"Dicodusport\" \/>\n<meta property=\"article:publisher\" content=\"https:\/\/www.facebook.com\/dicodusport\" \/>\n<meta property=\"article:author\" content=\"https:\/\/www.facebook.com\/florent.ostermann\" \/>\n<meta property=\"article:published_time\" content=\"2023-08-17T12:23:33+00:00\" \/>\n<meta property=\"article:modified_time\" content=\"2023-08-19T17:01:04+00:00\" \/>\n<meta property=\"og:image\" content=\"https:\/\/dicodusport.fr\/blog\/wp-content\/uploads\/2023\/08\/Fidji-La-composition-pour-affronter-le-XV-de-France.png\" \/>\n\t<meta property=\"og:image:width\" content=\"800\" \/>\n\t<meta property=\"og:image:height\" content=\"445\" \/>\n\t<meta property=\"og:image:type\" content=\"image\/png\" \/>\n<meta name=\"author\" content=\"Flo Ostermann\" \/>\n<meta name=\"twitter:card\" content=\"summary_large_image\" \/>\n<meta name=\"twitter:title\" content=\"Fidji : La composition pour affronter le XV de France\" \/>\n<meta name=\"twitter:creator\" content=\"@https:\/\/twitter.com\/FlOstermann\" \/>\n<meta name=\"twitter:site\" content=\"@dicodusport\" \/>\n<script type=\"application\/ld+json\" class=\"yoast-schema-graph\">{\"@context\":\"https:\/\/schema.org\",\"@graph\":[{\"@type\":\"NewsArticle\",\"@id\":\"https:\/\/dicodusport.fr\/blog\/fidji-la-composition-pour-affronter-le-xv-de-france\/#article\",\"isPartOf\":{\"@id\":\"https:\/\/dicodusport.fr\/blog\/fidji-la-composition-pour-affronter-le-xv-de-france\/\"},\"author\":{\"name\":\"Flo Ostermann\",\"@id\":\"https:\/\/dicodusport.fr\/blog\/#\/schema\/person\/cb02af4c173ce4a653b55e9baf388d4a\"},\"headline\":\"Fidji : La composition pour affronter le XV de France\",\"datePublished\":\"2023-08-17T12:23:33+00:00\",\"dateModified\":\"2023-08-19T17:01:04+00:00\",\"mainEntityOfPage\":{\"@id\":\"https:\/\/dicodusport.fr\/blog\/fidji-la-composition-pour-affronter-le-xv-de-france\/\"},\"wordCount\":195,\"commentCount\":0,\"publisher\":{\"@id\":\"https:\/\/dicodusport.fr\/blog\/#organization\"},\"image\":{\"@id\":\"https:\/\/dicodusport.fr\/blog\/fidji-la-composition-pour-affronter-le-xv-de-france\/#primaryimage\"},\"thumbnailUrl\":\"https:\/\/dicodusport.fr\/blog\/wp-content\/uploads\/2023\/08\/Fidji-La-composition-pour-affronter-le-XV-de-France.png\",\"keywords\":[\"br\u00e8ve\",\"Fidji\",\"XV de France\"],\"articleSection\":[\"Rugby \u00e0 XV\"],\"inLanguage\":\"fr-FR\",\"potentialAction\":[{\"@type\":\"CommentAction\",\"name\":\"Comment\",\"target\":[\"https:\/\/dicodusport.fr\/blog\/fidji-la-composition-pour-affronter-le-xv-de-france\/#respond\"]}],\"copyrightYear\":\"2023\",\"copyrightHolder\":{\"@id\":\"https:\/\/dicodusport.fr\/blog\/#organization\"}},{\"@type\":\"WebPage\",\"@id\":\"https:\/\/dicodusport.fr\/blog\/fidji-la-composition-pour-affronter-le-xv-de-france\/\",\"url\":\"https:\/\/dicodusport.fr\/blog\/fidji-la-composition-pour-affronter-le-xv-de-france\/\",\"name\":\"Fidji : La composition pour affronter le XV de France\",\"isPartOf\":{\"@id\":\"https:\/\/dicodusport.fr\/blog\/#website\"},\"primaryImageOfPage\":{\"@id\":\"https:\/\/dicodusport.fr\/blog\/fidji-la-composition-pour-affronter-le-xv-de-france\/#primaryimage\"},\"image\":{\"@id\":\"https:\/\/dicodusport.fr\/blog\/fidji-la-composition-pour-affronter-le-xv-de-france\/#primaryimage\"},\"thumbnailUrl\":\"https:\/\/dicodusport.fr\/blog\/wp-content\/uploads\/2023\/08\/Fidji-La-composition-pour-affronter-le-XV-de-France.png\",\"datePublished\":\"2023-08-17T12:23:33+00:00\",\"dateModified\":\"2023-08-19T17:01:04+00:00\",\"description\":\"TEST-MATCHS 2023 - Ce jeudi, Simon Raiwalui a d\u00e9voil\u00e9 la composition des Fidji pour affronter le XV de France ce samedi, \u00e0 Nantes (21h05).\u00a0\",\"breadcrumb\":{\"@id\":\"https:\/\/dicodusport.fr\/blog\/fidji-la-composition-pour-affronter-le-xv-de-france\/#breadcrumb\"},\"inLanguage\":\"fr-FR\",\"potentialAction\":[{\"@type\":\"ReadAction\",\"target\":[\"https:\/\/dicodusport.fr\/blog\/fidji-la-composition-pour-affronter-le-xv-de-france\/\"]}]},{\"@type\":\"ImageObject\",\"inLanguage\":\"fr-FR\",\"@id\":\"https:\/\/dicodusport.fr\/blog\/fidji-la-composition-pour-affronter-le-xv-de-france\/#primaryimage\",\"url\":\"https:\/\/dicodusport.fr\/blog\/wp-content\/uploads\/2023\/08\/Fidji-La-composition-pour-affronter-le-XV-de-France.png\",\"contentUrl\":\"https:\/\/dicodusport.fr\/blog\/wp-content\/uploads\/2023\/08\/Fidji-La-composition-pour-affronter-le-XV-de-France.png\",\"width\":800,\"height\":445,\"caption\":\"Fidji La composition pour affronter le XV de France\"},{\"@type\":\"BreadcrumbList\",\"@id\":\"https:\/\/dicodusport.fr\/blog\/fidji-la-composition-pour-affronter-le-xv-de-france\/#breadcrumb\",\"itemListElement\":[{\"@type\":\"ListItem\",\"position\":1,\"name\":\"Accueil\",\"item\":\"https:\/\/dicodusport.fr\/blog\/\"},{\"@type\":\"ListItem\",\"position\":2,\"name\":\"Fidji : La composition pour affronter le XV de France\"}]},{\"@type\":\"WebSite\",\"@id\":\"https:\/\/dicodusport.fr\/blog\/#website\",\"url\":\"https:\/\/dicodusport.fr\/blog\/\",\"name\":\"Dicodusport\",\"description\":\"L&#039;encyclop\u00e9die de l&#039;actualit\u00e9 sportive\",\"publisher\":{\"@id\":\"https:\/\/dicodusport.fr\/blog\/#organization\"},\"potentialAction\":[{\"@type\":\"SearchAction\",\"target\":{\"@type\":\"EntryPoint\",\"urlTemplate\":\"https:\/\/dicodusport.fr\/blog\/?s={search_term_string}\"},\"query-input\":{\"@type\":\"PropertyValueSpecification\",\"valueRequired\":true,\"valueName\":\"search_term_string\"}}],\"inLanguage\":\"fr-FR\"},{\"@type\":\"NewsMediaOrganization\",\"@id\":\"https:\/\/dicodusport.fr\/blog\/#organization\",\"name\":\"Dicodusport\",\"url\":\"https:\/\/dicodusport.fr\/blog\/\",\"logo\":{\"@type\":\"ImageObject\",\"inLanguage\":\"fr-FR\",\"@id\":\"https:\/\/dicodusport.fr\/blog\/#\/schema\/logo\/image\/\",\"url\":\"https:\/\/dicodusport.fr\/blog\/wp-content\/uploads\/2020\/06\/cropped-LOGO-DICODUSPORT-2020-SANS-FOND-SANS-TEXTE.png\",\"contentUrl\":\"https:\/\/dicodusport.fr\/blog\/wp-content\/uploads\/2020\/06\/cropped-LOGO-DICODUSPORT-2020-SANS-FOND-SANS-TEXTE.png\",\"width\":512,\"height\":512,\"caption\":\"Dicodusport\"},\"image\":{\"@id\":\"https:\/\/dicodusport.fr\/blog\/#\/schema\/logo\/image\/\"},\"sameAs\":[\"https:\/\/www.facebook.com\/dicodusport\",\"https:\/\/x.com\/dicodusport\",\"https:\/\/www.instagram.com\/dicodusport\/\",\"https:\/\/www.youtube.com\/channel\/UC7V2KZ5sd3htJivAbA4ZG3w\"],\"description\":\"Dicodusport est l'encyclop\u00e9die de l'actualit\u00e9 sportive.\",\"email\":\"bonjour@dicodusport.fr\",\"legalName\":\"DICODUSPORT\",\"foundingDate\":\"2018-01-14\",\"vatID\":\"FR71834470973\",\"taxID\":\"83447097300043\",\"numberOfEmployees\":{\"@type\":\"QuantitativeValue\",\"minValue\":\"1\",\"maxValue\":\"10\"}},{\"@type\":\"Person\",\"@id\":\"https:\/\/dicodusport.fr\/blog\/#\/schema\/person\/cb02af4c173ce4a653b55e9baf388d4a\",\"name\":\"Flo Ostermann\",\"image\":{\"@type\":\"ImageObject\",\"inLanguage\":\"fr-FR\",\"@id\":\"https:\/\/dicodusport.fr\/blog\/#\/schema\/person\/image\/\",\"url\":\"https:\/\/dicodusport.fr\/blog\/wp-content\/uploads\/2021\/05\/Flo-Ostermann-150x150.jpg\",\"contentUrl\":\"https:\/\/dicodusport.fr\/blog\/wp-content\/uploads\/2021\/05\/Flo-Ostermann-150x150.jpg\",\"caption\":\"Flo Ostermann\"},\"description\":\"Journaliste\/R\u00e9dacteur depuis septembre 2015 - Mes premiers souvenirs dans le sport ? Les envol\u00e9es du Stade Toulousain et les duels Villeneuve-Schumacher et H\u00e4kkinen-Schumacher \u00e0 la fin des ann\u00e9es 90, la Coupe du monde de football en 1998, l\u2019exploit du XV de France face aux All Blacks en 1999, mais aussi Richard C\u0153ur de Lion qui vole sur les montagnes du Tour de France. Bien parti pour devenir professeur d\u2019EPS, les \u00e9v\u00e9nements de la vie (et la flemme d\u2019animer des s\u00e9ances de 3x500 m\u00e8tres toute ma vie) m\u2019ont conduit \u00e0 revoir mes plans. Me voil\u00e0 depuis fin 2017 sur Dicodusport, m\u00e9dia gr\u00e2ce (et pour) lequel je partage ma passion : le sport dans tous ses \u00e9tats. Le tout accompagn\u00e9 par les fous furieux et folles furieuses cit\u00e9s sur cette page !\",\"sameAs\":[\"https:\/\/www.facebook.com\/florent.ostermann\",\"https:\/\/x.com\/https:\/\/twitter.com\/FlOstermann\",\"admin\"],\"url\":\"https:\/\/dicodusport.fr\/blog\/author\/flo\/\"}]}<\/script>\n<!-- \/ Yoast SEO Premium plugin. -->","yoast_head_json":{"title":"Fidji : La composition pour affronter le XV de France","description":"TEST-MATCHS 2023 - Ce jeudi, Simon Raiwalui a d\u00e9voil\u00e9 la composition des Fidji pour affronter le XV de France ce samedi, \u00e0 Nantes (21h05).\u00a0","robots":{"index":"index","follow":"follow","max-snippet":"max-snippet:-1","max-image-preview":"max-image-preview:large","max-video-preview":"max-video-preview:-1"},"canonical":"https:\/\/dicodusport.fr\/blog\/fidji-la-composition-pour-affronter-le-xv-de-france\/","og_locale":"fr_FR","og_type":"article","og_title":"Fidji : La composition pour affronter le XV de France","og_description":"TEST-MATCHS 2023 - Ce jeudi, Simon Raiwalui a d\u00e9voil\u00e9 la composition des Fidji pour affronter le XV de France ce samedi, \u00e0 Nantes (21h05).\u00a0","og_url":"https:\/\/dicodusport.fr\/blog\/fidji-la-composition-pour-affronter-le-xv-de-france\/","og_site_name":"Dicodusport","article_publisher":"https:\/\/www.facebook.com\/dicodusport","article_author":"https:\/\/www.facebook.com\/florent.ostermann","article_published_time":"2023-08-17T12:23:33+00:00","article_modified_time":"2023-08-19T17:01:04+00:00","og_image":[{"width":800,"height":445,"url":"https:\/\/dicodusport.fr\/blog\/wp-content\/uploads\/2023\/08\/Fidji-La-composition-pour-affronter-le-XV-de-France.png","type":"image\/png"}],"author":"Flo Ostermann","twitter_card":"summary_large_image","twitter_title":"Fidji : La composition pour affronter le XV de France","twitter_creator":"@https:\/\/twitter.com\/FlOstermann","twitter_site":"@dicodusport","schema":{"@context":"https:\/\/schema.org","@graph":[{"@type":"NewsArticle","@id":"https:\/\/dicodusport.fr\/blog\/fidji-la-composition-pour-affronter-le-xv-de-france\/#article","isPartOf":{"@id":"https:\/\/dicodusport.fr\/blog\/fidji-la-composition-pour-affronter-le-xv-de-france\/"},"author":{"name":"Flo Ostermann","@id":"https:\/\/dicodusport.fr\/blog\/#\/schema\/person\/cb02af4c173ce4a653b55e9baf388d4a"},"headline":"Fidji : La composition pour affronter le XV de France","datePublished":"2023-08-17T12:23:33+00:00","dateModified":"2023-08-19T17:01:04+00:00","mainEntityOfPage":{"@id":"https:\/\/dicodusport.fr\/blog\/fidji-la-composition-pour-affronter-le-xv-de-france\/"},"wordCount":195,"commentCount":0,"publisher":{"@id":"https:\/\/dicodusport.fr\/blog\/#organization"},"image":{"@id":"https:\/\/dicodusport.fr\/blog\/fidji-la-composition-pour-affronter-le-xv-de-france\/#primaryimage"},"thumbnailUrl":"https:\/\/dicodusport.fr\/blog\/wp-content\/uploads\/2023\/08\/Fidji-La-composition-pour-affronter-le-XV-de-France.png","keywords":["br\u00e8ve","Fidji","XV de France"],"articleSection":["Rugby \u00e0 XV"],"inLanguage":"fr-FR","potentialAction":[{"@type":"CommentAction","name":"Comment","target":["https:\/\/dicodusport.fr\/blog\/fidji-la-composition-pour-affronter-le-xv-de-france\/#respond"]}],"copyrightYear":"2023","copyrightHolder":{"@id":"https:\/\/dicodusport.fr\/blog\/#organization"}},{"@type":"WebPage","@id":"https:\/\/dicodusport.fr\/blog\/fidji-la-composition-pour-affronter-le-xv-de-france\/","url":"https:\/\/dicodusport.fr\/blog\/fidji-la-composition-pour-affronter-le-xv-de-france\/","name":"Fidji : La composition pour affronter le XV de France","isPartOf":{"@id":"https:\/\/dicodusport.fr\/blog\/#website"},"primaryImageOfPage":{"@id":"https:\/\/dicodusport.fr\/blog\/fidji-la-composition-pour-affronter-le-xv-de-france\/#primaryimage"},"image":{"@id":"https:\/\/dicodusport.fr\/blog\/fidji-la-composition-pour-affronter-le-xv-de-france\/#primaryimage"},"thumbnailUrl":"https:\/\/dicodusport.fr\/blog\/wp-content\/uploads\/2023\/08\/Fidji-La-composition-pour-affronter-le-XV-de-France.png","datePublished":"2023-08-17T12:23:33+00:00","dateModified":"2023-08-19T17:01:04+00:00","description":"TEST-MATCHS 2023 - Ce jeudi, Simon Raiwalui a d\u00e9voil\u00e9 la composition des Fidji pour affronter le XV de France ce samedi, \u00e0 Nantes (21h05).\u00a0","breadcrumb":{"@id":"https:\/\/dicodusport.fr\/blog\/fidji-la-composition-pour-affronter-le-xv-de-france\/#breadcrumb"},"inLanguage":"fr-FR","potentialAction":[{"@type":"ReadAction","target":["https:\/\/dicodusport.fr\/blog\/fidji-la-composition-pour-affronter-le-xv-de-france\/"]}]},{"@type":"ImageObject","inLanguage":"fr-FR","@id":"https:\/\/dicodusport.fr\/blog\/fidji-la-composition-pour-affronter-le-xv-de-france\/#primaryimage","url":"https:\/\/dicodusport.fr\/blog\/wp-content\/uploads\/2023\/08\/Fidji-La-composition-pour-affronter-le-XV-de-France.png","contentUrl":"https:\/\/dicodusport.fr\/blog\/wp-content\/uploads\/2023\/08\/Fidji-La-composition-pour-affronter-le-XV-de-France.png","width":800,"height":445,"caption":"Fidji La composition pour affronter le XV de France"},{"@type":"BreadcrumbList","@id":"https:\/\/dicodusport.fr\/blog\/fidji-la-composition-pour-affronter-le-xv-de-france\/#breadcrumb","itemListElement":[{"@type":"ListItem","position":1,"name":"Accueil","item":"https:\/\/dicodusport.fr\/blog\/"},{"@type":"ListItem","position":2,"name":"Fidji : La composition pour affronter le XV de France"}]},{"@type":"WebSite","@id":"https:\/\/dicodusport.fr\/blog\/#website","url":"https:\/\/dicodusport.fr\/blog\/","name":"Dicodusport","description":"L&#039;encyclop\u00e9die de l&#039;actualit\u00e9 sportive","publisher":{"@id":"https:\/\/dicodusport.fr\/blog\/#organization"},"potentialAction":[{"@type":"SearchAction","target":{"@type":"EntryPoint","urlTemplate":"https:\/\/dicodusport.fr\/blog\/?s={search_term_string}"},"query-input":{"@type":"PropertyValueSpecification","valueRequired":true,"valueName":"search_term_string"}}],"inLanguage":"fr-FR"},{"@type":"NewsMediaOrganization","@id":"https:\/\/dicodusport.fr\/blog\/#organization","name":"Dicodusport","url":"https:\/\/dicodusport.fr\/blog\/","logo":{"@type":"ImageObject","inLanguage":"fr-FR","@id":"https:\/\/dicodusport.fr\/blog\/#\/schema\/logo\/image\/","url":"https:\/\/dicodusport.fr\/blog\/wp-content\/uploads\/2020\/06\/cropped-LOGO-DICODUSPORT-2020-SANS-FOND-SANS-TEXTE.png","contentUrl":"https:\/\/dicodusport.fr\/blog\/wp-content\/uploads\/2020\/06\/cropped-LOGO-DICODUSPORT-2020-SANS-FOND-SANS-TEXTE.png","width":512,"height":512,"caption":"Dicodusport"},"image":{"@id":"https:\/\/dicodusport.fr\/blog\/#\/schema\/logo\/image\/"},"sameAs":["https:\/\/www.facebook.com\/dicodusport","https:\/\/x.com\/dicodusport","https:\/\/www.instagram.com\/dicodusport\/","https:\/\/www.youtube.com\/channel\/UC7V2KZ5sd3htJivAbA4ZG3w"],"description":"Dicodusport est l'encyclop\u00e9die de l'actualit\u00e9 sportive.","email":"bonjour@dicodusport.fr","legalName":"DICODUSPORT","foundingDate":"2018-01-14","vatID":"FR71834470973","taxID":"83447097300043","numberOfEmployees":{"@type":"QuantitativeValue","minValue":"1","maxValue":"10"}},{"@type":"Person","@id":"https:\/\/dicodusport.fr\/blog\/#\/schema\/person\/cb02af4c173ce4a653b55e9baf388d4a","name":"Flo Ostermann","image":{"@type":"ImageObject","inLanguage":"fr-FR","@id":"https:\/\/dicodusport.fr\/blog\/#\/schema\/person\/image\/","url":"https:\/\/dicodusport.fr\/blog\/wp-content\/uploads\/2021\/05\/Flo-Ostermann-150x150.jpg","contentUrl":"https:\/\/dicodusport.fr\/blog\/wp-content\/uploads\/2021\/05\/Flo-Ostermann-150x150.jpg","caption":"Flo Ostermann"},"description":"Journaliste\/R\u00e9dacteur depuis septembre 2015 - Mes premiers souvenirs dans le sport ? Les envol\u00e9es du Stade Toulousain et les duels Villeneuve-Schumacher et H\u00e4kkinen-Schumacher \u00e0 la fin des ann\u00e9es 90, la Coupe du monde de football en 1998, l\u2019exploit du XV de France face aux All Blacks en 1999, mais aussi Richard C\u0153ur de Lion qui vole sur les montagnes du Tour de France. Bien parti pour devenir professeur d\u2019EPS, les \u00e9v\u00e9nements de la vie (et la flemme d\u2019animer des s\u00e9ances de 3x500 m\u00e8tres toute ma vie) m\u2019ont conduit \u00e0 revoir mes plans. Me voil\u00e0 depuis fin 2017 sur Dicodusport, m\u00e9dia gr\u00e2ce (et pour) lequel je partage ma passion : le sport dans tous ses \u00e9tats. Le tout accompagn\u00e9 par les fous furieux et folles furieuses cit\u00e9s sur cette page !","sameAs":["https:\/\/www.facebook.com\/florent.ostermann","https:\/\/x.com\/https:\/\/twitter.com\/FlOstermann","admin"],"url":"https:\/\/dicodusport.fr\/blog\/author\/flo\/"}]}},"_links":{"self":[{"href":"https:\/\/dicodusport.fr\/blog\/wp-json\/wp\/v2\/posts\/409203","targetHints":{"allow":["GET"]}}],"collection":[{"href":"https:\/\/dicodusport.fr\/blog\/wp-json\/wp\/v2\/posts"}],"about":[{"href":"https:\/\/dicodusport.fr\/blog\/wp-json\/wp\/v2\/types\/post"}],"author":[{"embeddable":true,"href":"https:\/\/dicodusport.fr\/blog\/wp-json\/wp\/v2\/users\/4"}],"replies":[{"embeddable":true,"href":"https:\/\/dicodusport.fr\/blog\/wp-json\/wp\/v2\/comments?post=409203"}],"version-history":[{"count":0,"href":"https:\/\/dicodusport.fr\/blog\/wp-json\/wp\/v2\/posts\/409203\/revisions"}],"wp:featuredmedia":[{"embeddable":true,"href":"https:\/\/dicodusport.fr\/blog\/wp-json\/wp\/v2\/media\/409215"}],"wp:attachment":[{"href":"https:\/\/dicodusport.fr\/blog\/wp-json\/wp\/v2\/media?parent=409203"}],"wp:term":[{"taxonomy":"category","embeddable":true,"href":"https:\/\/dicodusport.fr\/blog\/wp-json\/wp\/v2\/categories?post=409203"},{"taxonomy":"post_tag","embeddable":true,"href":"https:\/\/dicodusport.fr\/blog\/wp-json\/wp\/v2\/tags?post=409203"}],"curies":[{"name":"wp","href":"https:\/\/api.w.org\/{rel}","templated":true}]}}