{"id":40926,"date":"2019-06-07T10:17:31","date_gmt":"2019-06-07T08:17:31","guid":{"rendered":"http:\/\/dicodusport.fr\/blog\/?p=40926"},"modified":"2019-06-07T10:17:31","modified_gmt":"2019-06-07T08:17:31","slug":"roland-garros-2019-les-francaises-au-programme-ce-vendredi","status":"publish","type":"post","link":"https:\/\/dicodusport.fr\/blog\/roland-garros-2019-les-francaises-au-programme-ce-vendredi\/","title":{"rendered":"Roland-Garros 2019 : Les Fran\u00e7ais(e)s au programme ce vendredi"},"content":{"rendered":"<p style=\"text-align: justify;\"><strong><a style=\"font-style: italic;\" href=\"https:\/\/www.rolandgarros.com\/fr-fr\/order-of-play\" target=\"_blank\" rel=\"noopener\">Roland-Garros<\/a><i>&#8211; Treizi\u00e8me journ\u00e9e \u00e0 la Porte d&rsquo;Auteuil. Encore quelques Fran\u00e7ais(e)s sont sur la terre battue parisienne en cette fin de tournoi. 7 Tricolores seront sur les courts de Roland-Garros aujourd&rsquo;hui.<\/i><\/strong><\/p>\n<h1 style=\"text-align: justify;\"><a href=\"https:\/\/www.rolandgarros.com\/fr-fr\/results\/DD\/5\">Tableau double femmes<\/a><\/h1>\n<h2 style=\"text-align: justify;\">1\/2 finale<\/h2>\n<p style=\"text-align: justify;\"><strong>13h00 &#8211; Court Suzanne-Lenglen :\u00a0<\/strong>&#x1f1e7;&#x1f1ea; E. Mertens\/A. Sabalenka\u00a0&#x1f1e7;&#x1f1fe; (6)\u00a0&#8211;\u00a0&#x1f1ed;&#x1f1fa; T. Babos\/K. Mladenovic\u00a0&#x1f1eb;&#x1f1f7; (2)<\/p>\n<p style=\"text-align: justify;\">\n<h1 style=\"text-align: justify;\"><a href=\"https:\/\/www.rolandgarros.com\/fr-fr\/results\/DG\/1\">Double hommes juniors<\/a><\/h1>\n<h2 style=\"text-align: justify;\">1\/4 de finale<\/h2>\n<p style=\"text-align: justify;\"><strong>13h00 &#8211; Court N\u00b014 :\u00a0<\/strong>&#x1f1eb;&#x1f1f7;\u00a0A. Cazaux\/H. Mayot &#x1f1eb;&#x1f1f7;\u00a0&#8211;\u00a0&#x1f1fa;&#x1f1e6; E. Vanshelboim\/A. Paulson\u00a0&#x1f1e8;&#x1f1ff;<\/p>\n<p style=\"text-align: justify;\">\n<h1 style=\"text-align: justify;\"><a href=\"https:\/\/www.rolandgarros.com\/fr-fr\/results\/DF\/1\">Double femmes juniors\u00a0<\/a><\/h1>\n<h2 style=\"text-align: justify;\">1\/4 de finale<\/h2>\n<p style=\"text-align: justify;\"><strong>13h00 &#8211; Court N\u00b012 :<\/strong> &#x1f1ef;&#x1f1f5;\u00a0N. Kawaguchi\/D. Parry\u00a0&#x1f1eb;&#x1f1f7; (1) &#8211;\u00a0&#x1f1fa;&#x1f1f8; HT. Black\/L. Ma\u00a0&#x1f1fa;&#x1f1f8; (5)<\/p>\n<p style=\"text-align: justify;\">\n<h1 style=\"text-align: justify;\">Tennis-fauteuil double hommes<\/h1>\n<h2 style=\"text-align: justify;\">1\/2 finale<\/h2>\n<p style=\"text-align: justify;\"><strong>15h00 &#8211; Court N\u00b07 :\u00a0<\/strong>\u00a0&#x1f1eb;&#x1f1f7;\u00a0S. Houdet\/N. Peifer &#x1f1eb;&#x1f1f7; (1) &#8211;\u00a0&#x1f1e7;&#x1f1ea; J. Gerard\/S. Olsson\u00a0&#x1f1f8;&#x1f1ea;<\/p>\n<p style=\"text-align: justify;\">\n<h1 style=\"text-align: justify;\">Tennis fauteuil double femmes<\/h1>\n<h2 style=\"text-align: justify;\">1\/2 finale<\/h2>\n<p style=\"text-align: justify;\"><strong>16h30 &#8211; Court N\u00b09 : <\/strong>&#x1f1eb;&#x1f1f7; C. Famin\/K. Montjane\u00a0&#x1f1ff;&#x1f1e6; &#8211; &#x1f1f3;&#x1f1f1; M. Buis\/S. Ellerbrock\u00a0&#x1f1e9;&#x1f1ea; (2)<\/p>\n<p><em><strong>Romain Delanis<br \/>\n<\/strong><\/em><em><strong><a href=\"https:\/\/twitter.com\/RDelanis\" target=\"_blank\" rel=\"noopener noreferrer\"><img loading=\"lazy\" decoding=\"async\" class=\"alignnone wp-image-2908\" src=\"http:\/\/dicodusport.fr\/blog\/wp-content\/uploads\/2017\/07\/logo-twitter-150x150.png\" alt=\"\" width=\"39\" height=\"39\" \/><\/a><\/strong><\/em><\/p>\n","protected":false},"excerpt":{"rendered":"<p>Encore des Fran\u00e7ais(e)s en lice en cette fin de tournoi. 7 Tricolores seront sur les courts de Roland-Garros ce vendredi.<\/p>\n","protected":false},"author":14,"featured_media":40934,"comment_status":"open","ping_status":"closed","sticky":false,"template":"","format":"standard","meta":{"_acf_changed":false,"_daextam_enable_autolinks":"","footnotes":""},"categories":[2,2365,2302],"tags":[8037,4936,3144,5908,1598],"class_list":["post-40926","post","type-post","status-publish","format-standard","has-post-thumbnail","hentry","category-actualites","category-sports-de-raquette","category-tennis","tag-arthur-cazaux","tag-diane-parry","tag-kristina-mladenovic","tag-nicolas-peifer","tag-stephane-houdet"],"acf":[],"yoast_head":"<!-- This site is optimized with the Yoast SEO Premium plugin v26.7 (Yoast SEO v26.7) - https:\/\/yoast.com\/wordpress\/plugins\/seo\/ -->\n<title>Roland-Garros 2019 : Les Fran\u00e7ais(e)s au programme ce vendredi<\/title>\n<meta name=\"description\" content=\"Encore des Fran\u00e7ais(e)s en lice en cette fin de tournoi. 7 Tricolores seront sur les courts de Roland-Garros ce vendredi.\" \/>\n<meta name=\"robots\" content=\"index, follow, max-snippet:-1, max-image-preview:large, max-video-preview:-1\" \/>\n<link rel=\"canonical\" href=\"https:\/\/dicodusport.fr\/blog\/roland-garros-2019-les-francaises-au-programme-ce-vendredi\/\" \/>\n<meta property=\"og:locale\" content=\"fr_FR\" \/>\n<meta property=\"og:type\" content=\"article\" \/>\n<meta property=\"og:title\" content=\"Roland-Garros 2019 : Les Fran\u00e7ais(e)s au programme ce vendredi\" \/>\n<meta property=\"og:description\" content=\"Encore des Fran\u00e7ais(e)s en lice en cette fin de tournoi. 7 Tricolores seront sur les courts de Roland-Garros ce vendredi.\" \/>\n<meta property=\"og:url\" content=\"https:\/\/dicodusport.fr\/blog\/roland-garros-2019-les-francaises-au-programme-ce-vendredi\/\" \/>\n<meta property=\"og:site_name\" content=\"Dicodusport\" \/>\n<meta property=\"article:publisher\" content=\"https:\/\/www.facebook.com\/dicodusport\" \/>\n<meta property=\"article:published_time\" content=\"2019-06-07T08:17:31+00:00\" \/>\n<meta property=\"og:image\" content=\"https:\/\/dicodusport.fr\/blog\/wp-content\/uploads\/2019\/06\/Programme-Fran\u00e7ais-Roland-Garros-7-juin.png\" \/>\n\t<meta property=\"og:image:width\" content=\"800\" \/>\n\t<meta property=\"og:image:height\" content=\"445\" \/>\n\t<meta property=\"og:image:type\" content=\"image\/png\" \/>\n<meta name=\"author\" content=\"Romain Delanis\" \/>\n<meta name=\"twitter:card\" content=\"summary_large_image\" \/>\n<meta name=\"twitter:title\" content=\"Roland-Garros 2019 : Les Fran\u00e7ais(e)s au programme ce vendredi\" \/>\n<meta name=\"twitter:creator\" content=\"@https:\/\/twitter.com\/RDelanis\" \/>\n<meta name=\"twitter:site\" content=\"@dicodusport\" \/>\n<script type=\"application\/ld+json\" class=\"yoast-schema-graph\">{\"@context\":\"https:\/\/schema.org\",\"@graph\":[{\"@type\":\"NewsArticle\",\"@id\":\"https:\/\/dicodusport.fr\/blog\/roland-garros-2019-les-francaises-au-programme-ce-vendredi\/#article\",\"isPartOf\":{\"@id\":\"https:\/\/dicodusport.fr\/blog\/roland-garros-2019-les-francaises-au-programme-ce-vendredi\/\"},\"author\":{\"name\":\"Romain Delanis\",\"@id\":\"https:\/\/dicodusport.fr\/blog\/#\/schema\/person\/8c78730a59f8a1e617f7a19026ebc14a\"},\"headline\":\"Roland-Garros 2019 : Les Fran\u00e7ais(e)s au programme ce vendredi\",\"datePublished\":\"2019-06-07T08:17:31+00:00\",\"mainEntityOfPage\":{\"@id\":\"https:\/\/dicodusport.fr\/blog\/roland-garros-2019-les-francaises-au-programme-ce-vendredi\/\"},\"wordCount\":256,\"commentCount\":0,\"publisher\":{\"@id\":\"https:\/\/dicodusport.fr\/blog\/#organization\"},\"image\":{\"@id\":\"https:\/\/dicodusport.fr\/blog\/roland-garros-2019-les-francaises-au-programme-ce-vendredi\/#primaryimage\"},\"thumbnailUrl\":\"https:\/\/dicodusport.fr\/blog\/wp-content\/uploads\/2019\/06\/Programme-Fran\u00e7ais-Roland-Garros-7-juin.png\",\"keywords\":[\"Arthur Cazaux\",\"Diane Parry\",\"Kristina Mladenovic\",\"Nicolas Peifer\",\"St\u00e9phane Houdet\"],\"articleSection\":[\"Actualit\u00e9s\",\"Sports de raquette\",\"Tennis\"],\"inLanguage\":\"fr-FR\",\"potentialAction\":[{\"@type\":\"CommentAction\",\"name\":\"Comment\",\"target\":[\"https:\/\/dicodusport.fr\/blog\/roland-garros-2019-les-francaises-au-programme-ce-vendredi\/#respond\"]}],\"copyrightYear\":\"2019\",\"copyrightHolder\":{\"@id\":\"https:\/\/dicodusport.fr\/blog\/#organization\"}},{\"@type\":\"WebPage\",\"@id\":\"https:\/\/dicodusport.fr\/blog\/roland-garros-2019-les-francaises-au-programme-ce-vendredi\/\",\"url\":\"https:\/\/dicodusport.fr\/blog\/roland-garros-2019-les-francaises-au-programme-ce-vendredi\/\",\"name\":\"Roland-Garros 2019 : Les Fran\u00e7ais(e)s au programme ce vendredi\",\"isPartOf\":{\"@id\":\"https:\/\/dicodusport.fr\/blog\/#website\"},\"primaryImageOfPage\":{\"@id\":\"https:\/\/dicodusport.fr\/blog\/roland-garros-2019-les-francaises-au-programme-ce-vendredi\/#primaryimage\"},\"image\":{\"@id\":\"https:\/\/dicodusport.fr\/blog\/roland-garros-2019-les-francaises-au-programme-ce-vendredi\/#primaryimage\"},\"thumbnailUrl\":\"https:\/\/dicodusport.fr\/blog\/wp-content\/uploads\/2019\/06\/Programme-Fran\u00e7ais-Roland-Garros-7-juin.png\",\"datePublished\":\"2019-06-07T08:17:31+00:00\",\"description\":\"Encore des Fran\u00e7ais(e)s en lice en cette fin de tournoi. 7 Tricolores seront sur les courts de Roland-Garros ce vendredi.\",\"breadcrumb\":{\"@id\":\"https:\/\/dicodusport.fr\/blog\/roland-garros-2019-les-francaises-au-programme-ce-vendredi\/#breadcrumb\"},\"inLanguage\":\"fr-FR\",\"potentialAction\":[{\"@type\":\"ReadAction\",\"target\":[\"https:\/\/dicodusport.fr\/blog\/roland-garros-2019-les-francaises-au-programme-ce-vendredi\/\"]}]},{\"@type\":\"ImageObject\",\"inLanguage\":\"fr-FR\",\"@id\":\"https:\/\/dicodusport.fr\/blog\/roland-garros-2019-les-francaises-au-programme-ce-vendredi\/#primaryimage\",\"url\":\"https:\/\/dicodusport.fr\/blog\/wp-content\/uploads\/2019\/06\/Programme-Fran\u00e7ais-Roland-Garros-7-juin.png\",\"contentUrl\":\"https:\/\/dicodusport.fr\/blog\/wp-content\/uploads\/2019\/06\/Programme-Fran\u00e7ais-Roland-Garros-7-juin.png\",\"width\":800,\"height\":445},{\"@type\":\"BreadcrumbList\",\"@id\":\"https:\/\/dicodusport.fr\/blog\/roland-garros-2019-les-francaises-au-programme-ce-vendredi\/#breadcrumb\",\"itemListElement\":[{\"@type\":\"ListItem\",\"position\":1,\"name\":\"Accueil\",\"item\":\"https:\/\/dicodusport.fr\/blog\/\"},{\"@type\":\"ListItem\",\"position\":2,\"name\":\"Roland-Garros 2019 : Les Fran\u00e7ais(e)s au programme ce vendredi\"}]},{\"@type\":\"WebSite\",\"@id\":\"https:\/\/dicodusport.fr\/blog\/#website\",\"url\":\"https:\/\/dicodusport.fr\/blog\/\",\"name\":\"Dicodusport\",\"description\":\"L&#039;encyclop\u00e9die de l&#039;actualit\u00e9 sportive\",\"publisher\":{\"@id\":\"https:\/\/dicodusport.fr\/blog\/#organization\"},\"potentialAction\":[{\"@type\":\"SearchAction\",\"target\":{\"@type\":\"EntryPoint\",\"urlTemplate\":\"https:\/\/dicodusport.fr\/blog\/?s={search_term_string}\"},\"query-input\":{\"@type\":\"PropertyValueSpecification\",\"valueRequired\":true,\"valueName\":\"search_term_string\"}}],\"inLanguage\":\"fr-FR\"},{\"@type\":\"NewsMediaOrganization\",\"@id\":\"https:\/\/dicodusport.fr\/blog\/#organization\",\"name\":\"Dicodusport\",\"url\":\"https:\/\/dicodusport.fr\/blog\/\",\"logo\":{\"@type\":\"ImageObject\",\"inLanguage\":\"fr-FR\",\"@id\":\"https:\/\/dicodusport.fr\/blog\/#\/schema\/logo\/image\/\",\"url\":\"https:\/\/dicodusport.fr\/blog\/wp-content\/uploads\/2020\/06\/cropped-LOGO-DICODUSPORT-2020-SANS-FOND-SANS-TEXTE.png\",\"contentUrl\":\"https:\/\/dicodusport.fr\/blog\/wp-content\/uploads\/2020\/06\/cropped-LOGO-DICODUSPORT-2020-SANS-FOND-SANS-TEXTE.png\",\"width\":512,\"height\":512,\"caption\":\"Dicodusport\"},\"image\":{\"@id\":\"https:\/\/dicodusport.fr\/blog\/#\/schema\/logo\/image\/\"},\"sameAs\":[\"https:\/\/www.facebook.com\/dicodusport\",\"https:\/\/x.com\/dicodusport\",\"https:\/\/www.instagram.com\/dicodusport\/\",\"https:\/\/www.youtube.com\/channel\/UC7V2KZ5sd3htJivAbA4ZG3w\"],\"description\":\"Dicodusport est l'encyclop\u00e9die de l'actualit\u00e9 sportive.\",\"email\":\"bonjour@dicodusport.fr\",\"legalName\":\"DICODUSPORT\",\"foundingDate\":\"2018-01-14\",\"vatID\":\"FR71834470973\",\"taxID\":\"83447097300043\",\"numberOfEmployees\":{\"@type\":\"QuantitativeValue\",\"minValue\":\"1\",\"maxValue\":\"10\"}},{\"@type\":\"Person\",\"@id\":\"https:\/\/dicodusport.fr\/blog\/#\/schema\/person\/8c78730a59f8a1e617f7a19026ebc14a\",\"name\":\"Romain Delanis\",\"image\":{\"@type\":\"ImageObject\",\"inLanguage\":\"fr-FR\",\"@id\":\"https:\/\/dicodusport.fr\/blog\/#\/schema\/person\/image\/\",\"url\":\"https:\/\/dicodusport.fr\/blog\/wp-content\/uploads\/2021\/05\/Romain-Delanis-150x150.jpg\",\"contentUrl\":\"https:\/\/dicodusport.fr\/blog\/wp-content\/uploads\/2021\/05\/Romain-Delanis-150x150.jpg\",\"caption\":\"Romain Delanis\"},\"description\":\"Journaliste\/R\u00e9dacteur depuis novembre 2015 - Capable de passer un samedi apr\u00e8s-midi devant la Ligue 2 puis le biathlon sans oublier la finale de l\u2019ATP Rotterdam, j\u2019aime aussi mettre mon r\u00e9veil pour me faire un Pistons\/Bulls qui rappelle de bons souvenirs. Tout cela, j\u2019ai choisi il y a maintenant quelques temps de vous le raconter avec Dicodusport, pour vous faire vivre ma passion parfois inconsid\u00e9r\u00e9e pour le sport en g\u00e9n\u00e9ral (mais surtout le foot faut se l\u2019avouer).\",\"sameAs\":[\"https:\/\/x.com\/https:\/\/twitter.com\/RDelanis\"],\"url\":\"https:\/\/dicodusport.fr\/blog\/author\/romain\/\"}]}<\/script>\n<!-- \/ Yoast SEO Premium plugin. -->","yoast_head_json":{"title":"Roland-Garros 2019 : Les Fran\u00e7ais(e)s au programme ce vendredi","description":"Encore des Fran\u00e7ais(e)s en lice en cette fin de tournoi. 7 Tricolores seront sur les courts de Roland-Garros ce vendredi.","robots":{"index":"index","follow":"follow","max-snippet":"max-snippet:-1","max-image-preview":"max-image-preview:large","max-video-preview":"max-video-preview:-1"},"canonical":"https:\/\/dicodusport.fr\/blog\/roland-garros-2019-les-francaises-au-programme-ce-vendredi\/","og_locale":"fr_FR","og_type":"article","og_title":"Roland-Garros 2019 : Les Fran\u00e7ais(e)s au programme ce vendredi","og_description":"Encore des Fran\u00e7ais(e)s en lice en cette fin de tournoi. 7 Tricolores seront sur les courts de Roland-Garros ce vendredi.","og_url":"https:\/\/dicodusport.fr\/blog\/roland-garros-2019-les-francaises-au-programme-ce-vendredi\/","og_site_name":"Dicodusport","article_publisher":"https:\/\/www.facebook.com\/dicodusport","article_published_time":"2019-06-07T08:17:31+00:00","og_image":[{"width":800,"height":445,"url":"https:\/\/dicodusport.fr\/blog\/wp-content\/uploads\/2019\/06\/Programme-Fran\u00e7ais-Roland-Garros-7-juin.png","type":"image\/png"}],"author":"Romain Delanis","twitter_card":"summary_large_image","twitter_title":"Roland-Garros 2019 : Les Fran\u00e7ais(e)s au programme ce vendredi","twitter_creator":"@https:\/\/twitter.com\/RDelanis","twitter_site":"@dicodusport","schema":{"@context":"https:\/\/schema.org","@graph":[{"@type":"NewsArticle","@id":"https:\/\/dicodusport.fr\/blog\/roland-garros-2019-les-francaises-au-programme-ce-vendredi\/#article","isPartOf":{"@id":"https:\/\/dicodusport.fr\/blog\/roland-garros-2019-les-francaises-au-programme-ce-vendredi\/"},"author":{"name":"Romain Delanis","@id":"https:\/\/dicodusport.fr\/blog\/#\/schema\/person\/8c78730a59f8a1e617f7a19026ebc14a"},"headline":"Roland-Garros 2019 : Les Fran\u00e7ais(e)s au programme ce vendredi","datePublished":"2019-06-07T08:17:31+00:00","mainEntityOfPage":{"@id":"https:\/\/dicodusport.fr\/blog\/roland-garros-2019-les-francaises-au-programme-ce-vendredi\/"},"wordCount":256,"commentCount":0,"publisher":{"@id":"https:\/\/dicodusport.fr\/blog\/#organization"},"image":{"@id":"https:\/\/dicodusport.fr\/blog\/roland-garros-2019-les-francaises-au-programme-ce-vendredi\/#primaryimage"},"thumbnailUrl":"https:\/\/dicodusport.fr\/blog\/wp-content\/uploads\/2019\/06\/Programme-Fran\u00e7ais-Roland-Garros-7-juin.png","keywords":["Arthur Cazaux","Diane Parry","Kristina Mladenovic","Nicolas Peifer","St\u00e9phane Houdet"],"articleSection":["Actualit\u00e9s","Sports de raquette","Tennis"],"inLanguage":"fr-FR","potentialAction":[{"@type":"CommentAction","name":"Comment","target":["https:\/\/dicodusport.fr\/blog\/roland-garros-2019-les-francaises-au-programme-ce-vendredi\/#respond"]}],"copyrightYear":"2019","copyrightHolder":{"@id":"https:\/\/dicodusport.fr\/blog\/#organization"}},{"@type":"WebPage","@id":"https:\/\/dicodusport.fr\/blog\/roland-garros-2019-les-francaises-au-programme-ce-vendredi\/","url":"https:\/\/dicodusport.fr\/blog\/roland-garros-2019-les-francaises-au-programme-ce-vendredi\/","name":"Roland-Garros 2019 : Les Fran\u00e7ais(e)s au programme ce vendredi","isPartOf":{"@id":"https:\/\/dicodusport.fr\/blog\/#website"},"primaryImageOfPage":{"@id":"https:\/\/dicodusport.fr\/blog\/roland-garros-2019-les-francaises-au-programme-ce-vendredi\/#primaryimage"},"image":{"@id":"https:\/\/dicodusport.fr\/blog\/roland-garros-2019-les-francaises-au-programme-ce-vendredi\/#primaryimage"},"thumbnailUrl":"https:\/\/dicodusport.fr\/blog\/wp-content\/uploads\/2019\/06\/Programme-Fran\u00e7ais-Roland-Garros-7-juin.png","datePublished":"2019-06-07T08:17:31+00:00","description":"Encore des Fran\u00e7ais(e)s en lice en cette fin de tournoi. 7 Tricolores seront sur les courts de Roland-Garros ce vendredi.","breadcrumb":{"@id":"https:\/\/dicodusport.fr\/blog\/roland-garros-2019-les-francaises-au-programme-ce-vendredi\/#breadcrumb"},"inLanguage":"fr-FR","potentialAction":[{"@type":"ReadAction","target":["https:\/\/dicodusport.fr\/blog\/roland-garros-2019-les-francaises-au-programme-ce-vendredi\/"]}]},{"@type":"ImageObject","inLanguage":"fr-FR","@id":"https:\/\/dicodusport.fr\/blog\/roland-garros-2019-les-francaises-au-programme-ce-vendredi\/#primaryimage","url":"https:\/\/dicodusport.fr\/blog\/wp-content\/uploads\/2019\/06\/Programme-Fran\u00e7ais-Roland-Garros-7-juin.png","contentUrl":"https:\/\/dicodusport.fr\/blog\/wp-content\/uploads\/2019\/06\/Programme-Fran\u00e7ais-Roland-Garros-7-juin.png","width":800,"height":445},{"@type":"BreadcrumbList","@id":"https:\/\/dicodusport.fr\/blog\/roland-garros-2019-les-francaises-au-programme-ce-vendredi\/#breadcrumb","itemListElement":[{"@type":"ListItem","position":1,"name":"Accueil","item":"https:\/\/dicodusport.fr\/blog\/"},{"@type":"ListItem","position":2,"name":"Roland-Garros 2019 : Les Fran\u00e7ais(e)s au programme ce vendredi"}]},{"@type":"WebSite","@id":"https:\/\/dicodusport.fr\/blog\/#website","url":"https:\/\/dicodusport.fr\/blog\/","name":"Dicodusport","description":"L&#039;encyclop\u00e9die de l&#039;actualit\u00e9 sportive","publisher":{"@id":"https:\/\/dicodusport.fr\/blog\/#organization"},"potentialAction":[{"@type":"SearchAction","target":{"@type":"EntryPoint","urlTemplate":"https:\/\/dicodusport.fr\/blog\/?s={search_term_string}"},"query-input":{"@type":"PropertyValueSpecification","valueRequired":true,"valueName":"search_term_string"}}],"inLanguage":"fr-FR"},{"@type":"NewsMediaOrganization","@id":"https:\/\/dicodusport.fr\/blog\/#organization","name":"Dicodusport","url":"https:\/\/dicodusport.fr\/blog\/","logo":{"@type":"ImageObject","inLanguage":"fr-FR","@id":"https:\/\/dicodusport.fr\/blog\/#\/schema\/logo\/image\/","url":"https:\/\/dicodusport.fr\/blog\/wp-content\/uploads\/2020\/06\/cropped-LOGO-DICODUSPORT-2020-SANS-FOND-SANS-TEXTE.png","contentUrl":"https:\/\/dicodusport.fr\/blog\/wp-content\/uploads\/2020\/06\/cropped-LOGO-DICODUSPORT-2020-SANS-FOND-SANS-TEXTE.png","width":512,"height":512,"caption":"Dicodusport"},"image":{"@id":"https:\/\/dicodusport.fr\/blog\/#\/schema\/logo\/image\/"},"sameAs":["https:\/\/www.facebook.com\/dicodusport","https:\/\/x.com\/dicodusport","https:\/\/www.instagram.com\/dicodusport\/","https:\/\/www.youtube.com\/channel\/UC7V2KZ5sd3htJivAbA4ZG3w"],"description":"Dicodusport est l'encyclop\u00e9die de l'actualit\u00e9 sportive.","email":"bonjour@dicodusport.fr","legalName":"DICODUSPORT","foundingDate":"2018-01-14","vatID":"FR71834470973","taxID":"83447097300043","numberOfEmployees":{"@type":"QuantitativeValue","minValue":"1","maxValue":"10"}},{"@type":"Person","@id":"https:\/\/dicodusport.fr\/blog\/#\/schema\/person\/8c78730a59f8a1e617f7a19026ebc14a","name":"Romain Delanis","image":{"@type":"ImageObject","inLanguage":"fr-FR","@id":"https:\/\/dicodusport.fr\/blog\/#\/schema\/person\/image\/","url":"https:\/\/dicodusport.fr\/blog\/wp-content\/uploads\/2021\/05\/Romain-Delanis-150x150.jpg","contentUrl":"https:\/\/dicodusport.fr\/blog\/wp-content\/uploads\/2021\/05\/Romain-Delanis-150x150.jpg","caption":"Romain Delanis"},"description":"Journaliste\/R\u00e9dacteur depuis novembre 2015 - Capable de passer un samedi apr\u00e8s-midi devant la Ligue 2 puis le biathlon sans oublier la finale de l\u2019ATP Rotterdam, j\u2019aime aussi mettre mon r\u00e9veil pour me faire un Pistons\/Bulls qui rappelle de bons souvenirs. Tout cela, j\u2019ai choisi il y a maintenant quelques temps de vous le raconter avec Dicodusport, pour vous faire vivre ma passion parfois inconsid\u00e9r\u00e9e pour le sport en g\u00e9n\u00e9ral (mais surtout le foot faut se l\u2019avouer).","sameAs":["https:\/\/x.com\/https:\/\/twitter.com\/RDelanis"],"url":"https:\/\/dicodusport.fr\/blog\/author\/romain\/"}]}},"_links":{"self":[{"href":"https:\/\/dicodusport.fr\/blog\/wp-json\/wp\/v2\/posts\/40926","targetHints":{"allow":["GET"]}}],"collection":[{"href":"https:\/\/dicodusport.fr\/blog\/wp-json\/wp\/v2\/posts"}],"about":[{"href":"https:\/\/dicodusport.fr\/blog\/wp-json\/wp\/v2\/types\/post"}],"author":[{"embeddable":true,"href":"https:\/\/dicodusport.fr\/blog\/wp-json\/wp\/v2\/users\/14"}],"replies":[{"embeddable":true,"href":"https:\/\/dicodusport.fr\/blog\/wp-json\/wp\/v2\/comments?post=40926"}],"version-history":[{"count":0,"href":"https:\/\/dicodusport.fr\/blog\/wp-json\/wp\/v2\/posts\/40926\/revisions"}],"wp:featuredmedia":[{"embeddable":true,"href":"https:\/\/dicodusport.fr\/blog\/wp-json\/wp\/v2\/media\/40934"}],"wp:attachment":[{"href":"https:\/\/dicodusport.fr\/blog\/wp-json\/wp\/v2\/media?parent=40926"}],"wp:term":[{"taxonomy":"category","embeddable":true,"href":"https:\/\/dicodusport.fr\/blog\/wp-json\/wp\/v2\/categories?post=40926"},{"taxonomy":"post_tag","embeddable":true,"href":"https:\/\/dicodusport.fr\/blog\/wp-json\/wp\/v2\/tags?post=40926"}],"curies":[{"name":"wp","href":"https:\/\/api.w.org\/{rel}","templated":true}]}}