{"id":409419,"date":"2023-08-19T08:42:50","date_gmt":"2023-08-19T06:42:50","guid":{"rendered":"https:\/\/dicodusport.fr\/blog\/?p=409419&#038;preview=true&#038;preview_id=409419"},"modified":"2023-08-19T18:53:46","modified_gmt":"2023-08-19T16:53:46","slug":"bemer-cyclassics-hambourg-2023-parcours-profil-et-favoris","status":"publish","type":"post","link":"https:\/\/dicodusport.fr\/blog\/bemer-cyclassics-hambourg-2023-parcours-profil-et-favoris\/","title":{"rendered":"BEMER Cyclassics Hambourg 2023 : Parcours, profil et favoris"},"content":{"rendered":"<p style=\"text-align: justify;\"><em><strong>BEMER CYCLASSICS 2023 \u2013 Apr\u00e8s la Clasica San Sebastian et le Tour de Pologne, la BEMER Cyclassics est la prochaine course du calendrier WT ce dimanche 20 ao\u00fbt, dans le nord de l&rsquo;Allemagne, autour de Hambourg. Parcours et profil.<\/strong><\/em><\/p>\n<h2>Parcours de la BEMER Cyclassic Hambourg 2023<\/h2>\n<p style=\"text-align: justify;\">L&rsquo;itin\u00e9raire sera long de 205,4 kilom\u00e8tres. D&rsquo;abord, les coureurs quitteront Hambourg apr\u00e8s le d\u00e9part sur le Jungfernstieg pour se diriger vers le Nord et vers <strong>Barmstedt,<\/strong> sur des routes rectilignes, afin d&rsquo;atteindre un circuit local \u00e0 effectuer deux fois \u00e0 <strong>Lutzhorn.<\/strong><\/p>\n<p style=\"text-align: justify;\">Puis, ils redescendront vers le Sud par les m\u00eames routes jusqu&rsquo;\u00e0 Barmstedt avant d&#8217;emprunter une route par <strong>Kummerfeld<\/strong>. Avant de revenir sur Hambourg en passant par <strong>Holm<\/strong> et <strong>Wedel<\/strong> pour gravir pour la premi\u00e8re fois le Waseberg apr\u00e8s 141 kilom\u00e8tres (700 m\u00e8tres \u00e0 9,4%), sur des rues \u00e9troites du quartier hupp\u00e9 de Blankenese, ce qui rendra le peloton nerveux.<\/p>\n<p style=\"text-align: justify;\">Apr\u00e8s avoir franchi la ligne d&rsquo;arriv\u00e9e \u00e0 <strong>Hambourg<\/strong>, il restera encore 47 kilom\u00e8tres \u00e0 parcourir. Les coureurs rouleront vers la Blankensee, pour une boucle finale comportant un circuit de huit kilom\u00e8tres avec le Waseberg. Cette bosse sera alors escalad\u00e9e deux fois : \u00e0 24 kilom\u00e8tres de l&rsquo;arriv\u00e9e et \u00e0 16 kilom\u00e8tres de l&rsquo;arriv\u00e9e.<\/p>\n<p style=\"text-align: justify;\">Apr\u00e8s le dernier Waseberg, les coureurs reviendront donc sur <strong>Hambourg<\/strong>, le long de l&rsquo;Elbesur de belles routes larges avant une partie plus urbaine. La derni\u00e8re ligne droite sur la M\u00f6nckebergstra\u00dfe sera longue de 500 m\u00e8tres, et sera suffisamment large pour un sprint royal du peloton. L&rsquo;arriv\u00e9e sera jug\u00e9e entre 15h30 et 16h.<\/p>\n<div id=\"attachment_409707\" style=\"width: 1028px\" class=\"wp-caption aligncenter\"><a href=\"https:\/\/dicodusport.fr\/blog\/wp-content\/uploads\/2023\/08\/Carte-du-parcours-de-la-BEMER-Cyclassic-Hambourg-2023.webp\"><img loading=\"lazy\" decoding=\"async\" aria-describedby=\"caption-attachment-409707\" class=\"size-full wp-image-409707\" src=\"https:\/\/dicodusport.fr\/blog\/wp-content\/uploads\/2023\/08\/Carte-du-parcours-de-la-BEMER-Cyclassic-Hambourg-2023.webp\" alt=\"Carte du parcours de la BEMER Cyclassic Hambourg 2023\" width=\"1018\" height=\"1018\" srcset=\"https:\/\/dicodusport.fr\/blog\/wp-content\/uploads\/2023\/08\/Carte-du-parcours-de-la-BEMER-Cyclassic-Hambourg-2023.webp 1018w, https:\/\/dicodusport.fr\/blog\/wp-content\/uploads\/2023\/08\/Carte-du-parcours-de-la-BEMER-Cyclassic-Hambourg-2023-300x300.webp 300w, https:\/\/dicodusport.fr\/blog\/wp-content\/uploads\/2023\/08\/Carte-du-parcours-de-la-BEMER-Cyclassic-Hambourg-2023-150x150.webp 150w, https:\/\/dicodusport.fr\/blog\/wp-content\/uploads\/2023\/08\/Carte-du-parcours-de-la-BEMER-Cyclassic-Hambourg-2023-768x768.webp 768w, https:\/\/dicodusport.fr\/blog\/wp-content\/uploads\/2023\/08\/Carte-du-parcours-de-la-BEMER-Cyclassic-Hambourg-2023-80x80.webp 80w\" sizes=\"auto, (max-width: 1018px) 100vw, 1018px\" \/><\/a><p id=\"caption-attachment-409707\" class=\"wp-caption-text\">Carte du parcours de la BEMER Cyclassic Hambourg 2023 &#8211; BEMERC Cyclassic Hambourg<\/p><\/div>\n<h2 style=\"text-align: justify;\">Profil de la BEMER Cyclassics Hambourg<\/h2>\n<div id=\"attachment_409709\" style=\"width: 750px\" class=\"wp-caption aligncenter\"><a href=\"https:\/\/dicodusport.fr\/blog\/wp-content\/uploads\/2023\/08\/Profil-de-la-BEMER-Cyclassics-Hambourg-2023.png\"><img loading=\"lazy\" decoding=\"async\" aria-describedby=\"caption-attachment-409709\" class=\"size-large wp-image-409709\" src=\"https:\/\/dicodusport.fr\/blog\/wp-content\/uploads\/2023\/08\/Profil-de-la-BEMER-Cyclassics-Hambourg-2023-1024x429.png\" alt=\"Profil de la BEMER Cyclassics Hambourg 2023\" width=\"740\" height=\"310\" srcset=\"https:\/\/dicodusport.fr\/blog\/wp-content\/uploads\/2023\/08\/Profil-de-la-BEMER-Cyclassics-Hambourg-2023-1024x429.png 1024w, https:\/\/dicodusport.fr\/blog\/wp-content\/uploads\/2023\/08\/Profil-de-la-BEMER-Cyclassics-Hambourg-2023-300x126.png 300w, https:\/\/dicodusport.fr\/blog\/wp-content\/uploads\/2023\/08\/Profil-de-la-BEMER-Cyclassics-Hambourg-2023-768x322.png 768w, https:\/\/dicodusport.fr\/blog\/wp-content\/uploads\/2023\/08\/Profil-de-la-BEMER-Cyclassics-Hambourg-2023.png 1222w\" sizes=\"auto, (max-width: 740px) 100vw, 740px\" \/><\/a><p id=\"caption-attachment-409709\" class=\"wp-caption-text\">Profil de la BEMER Cyclassics Hambourg 2023 &#8211; Via BEMER Cyclassics Hambourg<\/p><\/div>\n<h2 style=\"text-align: justify;\"><strong>Les favoris de la BEMER Cyclassics Hambourg<\/strong><\/h2>\n<p style=\"text-align: justify;\"><strong>Mads Pedersen<\/strong> (Lidl-Trek)<\/p>\n<p style=\"text-align: justify;\"><strong>Olav Kooij <\/strong>(Jumbo-Visma)<\/p>\n<p style=\"text-align: justify;\"><strong>Dylan Groenewegen <\/strong>(Team Jayco AlUla)<\/p>\n<p style=\"text-align: justify;\"><strong>Phil Bauhaus <\/strong>(Bahrain Victorious)<\/p>\n<p style=\"text-align: justify;\"><strong>Tim Merlier<\/strong> (Soudal Quick-Step)<\/p>\n<p style=\"text-align: justify;\"><strong>Arnaud De Lie <\/strong>(Lotto Dstny)<\/p>\n<h2 style=\"text-align: justify;\"><strong>Palmar\u00e8s<\/strong><\/h2>\n<p style=\"text-align: justify;\">2022 : Marco Haller<\/p>\n<p style=\"text-align: justify;\">2021 : X<\/p>\n<p style=\"text-align: justify;\">2020 : X<\/p>\n<p style=\"text-align: justify;\">2019 : Elia Viviani<\/p>\n<p style=\"text-align: justify;\">2018 : Elia Viviani<\/p>\n<p style=\"text-align: justify;\">2017 : Elia Viviani<\/p>\n<p style=\"text-align: justify;\">2016 : Caleb Ewan<\/p>\n<p style=\"text-align: justify;\">2015 : Andr\u00e9 Greipel<\/p>\n<p style=\"text-align: justify;\">2014 : Alexander Kristoff<\/p>\n<p style=\"text-align: justify;\">2013 : John Degenkolb<\/p>\n<h2 style=\"text-align: justify;\">\u00c0 lire aussi<\/h2>\n<ul>\n<li style=\"text-align: justify;\"><a href=\"https:\/\/dicodusport.fr\/blog\/bemer-cyclassics-hambourg-2023-les-engages\/\" target=\"_blank\" rel=\"noopener\"><strong>Les engag\u00e9s de la BEMER Cyclassics Hambourg<\/strong><\/a><\/li>\n<\/ul>\n","protected":false},"excerpt":{"rendered":"<p>BEMER CYCLASSICS 2023 \u2013 La BEMER Cyclassics Hambourg est la prochaine course du calendrier WT ce dimanche 20 ao\u00fbt. Parcours et profil.<\/p>\n","protected":false},"author":48,"featured_media":409706,"comment_status":"open","ping_status":"closed","sticky":false,"template":"","format":"standard","meta":{"_acf_changed":false,"_daextam_enable_autolinks":"","footnotes":""},"categories":[46994],"tags":[25987,16878],"class_list":["post-409419","post","type-post","status-publish","format-standard","has-post-thumbnail","hentry","category-cyclisme-sur-route","tag-bemer-cyclassics-hambourg","tag-breve"],"acf":[],"yoast_head":"<!-- This site is optimized with the Yoast SEO Premium plugin v26.7 (Yoast SEO v26.7) - https:\/\/yoast.com\/wordpress\/plugins\/seo\/ -->\n<title>BEMER Cyclassics Hambourg 2023 : Parcours, profil et favoris<\/title>\n<meta name=\"description\" content=\"BEMER CYCLASSICS 2023 \u2013 La BEMER Cyclassics Hambourg est la prochaine course du calendrier WT ce dimanche 20 ao\u00fbt. Parcours et profil.\" \/>\n<meta name=\"robots\" content=\"index, follow, max-snippet:-1, max-image-preview:large, max-video-preview:-1\" \/>\n<link rel=\"canonical\" href=\"https:\/\/dicodusport.fr\/blog\/bemer-cyclassics-hambourg-2023-parcours-profil-et-favoris\/\" \/>\n<meta property=\"og:locale\" content=\"fr_FR\" \/>\n<meta property=\"og:type\" content=\"article\" \/>\n<meta property=\"og:title\" content=\"BEMER Cyclassics Hambourg 2023 : Parcours, profil et favoris\" \/>\n<meta property=\"og:description\" content=\"BEMER CYCLASSICS 2023 \u2013 La BEMER Cyclassics Hambourg est la prochaine course du calendrier WT ce dimanche 20 ao\u00fbt. Parcours et profil.\" \/>\n<meta property=\"og:url\" content=\"https:\/\/dicodusport.fr\/blog\/bemer-cyclassics-hambourg-2023-parcours-profil-et-favoris\/\" \/>\n<meta property=\"og:site_name\" content=\"Dicodusport\" \/>\n<meta property=\"article:publisher\" content=\"https:\/\/www.facebook.com\/dicodusport\" \/>\n<meta property=\"article:author\" content=\"https:\/\/www.facebook.com\/groups\/LesRoisDuPeloton\" \/>\n<meta property=\"article:published_time\" content=\"2023-08-19T06:42:50+00:00\" \/>\n<meta property=\"article:modified_time\" content=\"2023-08-19T16:53:46+00:00\" \/>\n<meta property=\"og:image\" content=\"https:\/\/dicodusport.fr\/blog\/wp-content\/uploads\/2023\/08\/BEMER-Cyclassics-Hambourg-2023-Parcours-profil-et-favoris.png\" \/>\n\t<meta property=\"og:image:width\" content=\"800\" \/>\n\t<meta property=\"og:image:height\" content=\"445\" \/>\n\t<meta property=\"og:image:type\" content=\"image\/png\" \/>\n<meta name=\"author\" content=\"Emilien Descampiaux\" \/>\n<meta name=\"twitter:card\" content=\"summary_large_image\" \/>\n<meta name=\"twitter:title\" content=\"BEMER Cyclassics Hambourg 2023 : Parcours, profil et favoris\" \/>\n<meta name=\"twitter:creator\" content=\"@https:\/\/twitter.com\/LRoisDuPeloton\" \/>\n<meta name=\"twitter:site\" content=\"@dicodusport\" \/>\n<script type=\"application\/ld+json\" class=\"yoast-schema-graph\">{\"@context\":\"https:\/\/schema.org\",\"@graph\":[{\"@type\":\"NewsArticle\",\"@id\":\"https:\/\/dicodusport.fr\/blog\/bemer-cyclassics-hambourg-2023-parcours-profil-et-favoris\/#article\",\"isPartOf\":{\"@id\":\"https:\/\/dicodusport.fr\/blog\/bemer-cyclassics-hambourg-2023-parcours-profil-et-favoris\/\"},\"author\":{\"name\":\"Emilien Descampiaux\",\"@id\":\"https:\/\/dicodusport.fr\/blog\/#\/schema\/person\/6db4bae06b171592211be385b32876a7\"},\"headline\":\"BEMER Cyclassics Hambourg 2023 : Parcours, profil et favoris\",\"datePublished\":\"2023-08-19T06:42:50+00:00\",\"dateModified\":\"2023-08-19T16:53:46+00:00\",\"mainEntityOfPage\":{\"@id\":\"https:\/\/dicodusport.fr\/blog\/bemer-cyclassics-hambourg-2023-parcours-profil-et-favoris\/\"},\"wordCount\":379,\"commentCount\":0,\"publisher\":{\"@id\":\"https:\/\/dicodusport.fr\/blog\/#organization\"},\"image\":{\"@id\":\"https:\/\/dicodusport.fr\/blog\/bemer-cyclassics-hambourg-2023-parcours-profil-et-favoris\/#primaryimage\"},\"thumbnailUrl\":\"https:\/\/dicodusport.fr\/blog\/wp-content\/uploads\/2023\/08\/BEMER-Cyclassics-Hambourg-2023-Parcours-profil-et-favoris.png\",\"keywords\":[\"BEMER Cyclassics Hambourg\",\"br\u00e8ve\"],\"articleSection\":[\"Cyclisme sur route\"],\"inLanguage\":\"fr-FR\",\"potentialAction\":[{\"@type\":\"CommentAction\",\"name\":\"Comment\",\"target\":[\"https:\/\/dicodusport.fr\/blog\/bemer-cyclassics-hambourg-2023-parcours-profil-et-favoris\/#respond\"]}],\"copyrightYear\":\"2023\",\"copyrightHolder\":{\"@id\":\"https:\/\/dicodusport.fr\/blog\/#organization\"}},{\"@type\":\"WebPage\",\"@id\":\"https:\/\/dicodusport.fr\/blog\/bemer-cyclassics-hambourg-2023-parcours-profil-et-favoris\/\",\"url\":\"https:\/\/dicodusport.fr\/blog\/bemer-cyclassics-hambourg-2023-parcours-profil-et-favoris\/\",\"name\":\"BEMER Cyclassics Hambourg 2023 : Parcours, profil et favoris\",\"isPartOf\":{\"@id\":\"https:\/\/dicodusport.fr\/blog\/#website\"},\"primaryImageOfPage\":{\"@id\":\"https:\/\/dicodusport.fr\/blog\/bemer-cyclassics-hambourg-2023-parcours-profil-et-favoris\/#primaryimage\"},\"image\":{\"@id\":\"https:\/\/dicodusport.fr\/blog\/bemer-cyclassics-hambourg-2023-parcours-profil-et-favoris\/#primaryimage\"},\"thumbnailUrl\":\"https:\/\/dicodusport.fr\/blog\/wp-content\/uploads\/2023\/08\/BEMER-Cyclassics-Hambourg-2023-Parcours-profil-et-favoris.png\",\"datePublished\":\"2023-08-19T06:42:50+00:00\",\"dateModified\":\"2023-08-19T16:53:46+00:00\",\"description\":\"BEMER CYCLASSICS 2023 \u2013 La BEMER Cyclassics Hambourg est la prochaine course du calendrier WT ce dimanche 20 ao\u00fbt. Parcours et profil.\",\"breadcrumb\":{\"@id\":\"https:\/\/dicodusport.fr\/blog\/bemer-cyclassics-hambourg-2023-parcours-profil-et-favoris\/#breadcrumb\"},\"inLanguage\":\"fr-FR\",\"potentialAction\":[{\"@type\":\"ReadAction\",\"target\":[\"https:\/\/dicodusport.fr\/blog\/bemer-cyclassics-hambourg-2023-parcours-profil-et-favoris\/\"]}]},{\"@type\":\"ImageObject\",\"inLanguage\":\"fr-FR\",\"@id\":\"https:\/\/dicodusport.fr\/blog\/bemer-cyclassics-hambourg-2023-parcours-profil-et-favoris\/#primaryimage\",\"url\":\"https:\/\/dicodusport.fr\/blog\/wp-content\/uploads\/2023\/08\/BEMER-Cyclassics-Hambourg-2023-Parcours-profil-et-favoris.png\",\"contentUrl\":\"https:\/\/dicodusport.fr\/blog\/wp-content\/uploads\/2023\/08\/BEMER-Cyclassics-Hambourg-2023-Parcours-profil-et-favoris.png\",\"width\":800,\"height\":445,\"caption\":\"BEMER Cyclassics Hambourg 2023 : Parcours, profil et favoris\"},{\"@type\":\"BreadcrumbList\",\"@id\":\"https:\/\/dicodusport.fr\/blog\/bemer-cyclassics-hambourg-2023-parcours-profil-et-favoris\/#breadcrumb\",\"itemListElement\":[{\"@type\":\"ListItem\",\"position\":1,\"name\":\"Accueil\",\"item\":\"https:\/\/dicodusport.fr\/blog\/\"},{\"@type\":\"ListItem\",\"position\":2,\"name\":\"BEMER Cyclassics Hambourg 2023 : Parcours, profil et favoris\"}]},{\"@type\":\"WebSite\",\"@id\":\"https:\/\/dicodusport.fr\/blog\/#website\",\"url\":\"https:\/\/dicodusport.fr\/blog\/\",\"name\":\"Dicodusport\",\"description\":\"L&#039;encyclop\u00e9die de l&#039;actualit\u00e9 sportive\",\"publisher\":{\"@id\":\"https:\/\/dicodusport.fr\/blog\/#organization\"},\"potentialAction\":[{\"@type\":\"SearchAction\",\"target\":{\"@type\":\"EntryPoint\",\"urlTemplate\":\"https:\/\/dicodusport.fr\/blog\/?s={search_term_string}\"},\"query-input\":{\"@type\":\"PropertyValueSpecification\",\"valueRequired\":true,\"valueName\":\"search_term_string\"}}],\"inLanguage\":\"fr-FR\"},{\"@type\":\"NewsMediaOrganization\",\"@id\":\"https:\/\/dicodusport.fr\/blog\/#organization\",\"name\":\"Dicodusport\",\"url\":\"https:\/\/dicodusport.fr\/blog\/\",\"logo\":{\"@type\":\"ImageObject\",\"inLanguage\":\"fr-FR\",\"@id\":\"https:\/\/dicodusport.fr\/blog\/#\/schema\/logo\/image\/\",\"url\":\"https:\/\/dicodusport.fr\/blog\/wp-content\/uploads\/2020\/06\/cropped-LOGO-DICODUSPORT-2020-SANS-FOND-SANS-TEXTE.png\",\"contentUrl\":\"https:\/\/dicodusport.fr\/blog\/wp-content\/uploads\/2020\/06\/cropped-LOGO-DICODUSPORT-2020-SANS-FOND-SANS-TEXTE.png\",\"width\":512,\"height\":512,\"caption\":\"Dicodusport\"},\"image\":{\"@id\":\"https:\/\/dicodusport.fr\/blog\/#\/schema\/logo\/image\/\"},\"sameAs\":[\"https:\/\/www.facebook.com\/dicodusport\",\"https:\/\/x.com\/dicodusport\",\"https:\/\/www.instagram.com\/dicodusport\/\",\"https:\/\/www.youtube.com\/channel\/UC7V2KZ5sd3htJivAbA4ZG3w\"],\"description\":\"Dicodusport est l'encyclop\u00e9die de l'actualit\u00e9 sportive.\",\"email\":\"bonjour@dicodusport.fr\",\"legalName\":\"DICODUSPORT\",\"foundingDate\":\"2018-01-14\",\"vatID\":\"FR71834470973\",\"taxID\":\"83447097300043\",\"numberOfEmployees\":{\"@type\":\"QuantitativeValue\",\"minValue\":\"1\",\"maxValue\":\"10\"}},{\"@type\":\"Person\",\"@id\":\"https:\/\/dicodusport.fr\/blog\/#\/schema\/person\/6db4bae06b171592211be385b32876a7\",\"name\":\"Emilien Descampiaux\",\"image\":{\"@type\":\"ImageObject\",\"inLanguage\":\"fr-FR\",\"@id\":\"https:\/\/dicodusport.fr\/blog\/#\/schema\/person\/image\/\",\"url\":\"https:\/\/dicodusport.fr\/blog\/wp-content\/uploads\/2021\/05\/Emilien-Descampiaux-150x150.jpg\",\"contentUrl\":\"https:\/\/dicodusport.fr\/blog\/wp-content\/uploads\/2021\/05\/Emilien-Descampiaux-150x150.jpg\",\"caption\":\"Emilien Descampiaux\"},\"description\":\"Journaliste\/r\u00e9dacteur depuis 2014 - Fan de la classe de Frank Vandenbroucke, je vis cyclisme (et de ses paysages) depuis plus de 20 ans. Je suis tr\u00e8s impliqu\u00e9 sur mes diff\u00e9rents r\u00e9seaux sociaux pour partager ma passion sur le monde et l'Histoire de la bicyclette avec ma voix sur les images en noir et blanc du succ\u00e8s de Rik Van Steenbergen lors du Ronde sur le V\u00e9lodrome de Gand.\",\"sameAs\":[\"https:\/\/www.facebook.com\/groups\/LesRoisDuPeloton\",\"https:\/\/x.com\/https:\/\/twitter.com\/LRoisDuPeloton\"],\"url\":\"https:\/\/dicodusport.fr\/blog\/author\/emiliend\/\"}]}<\/script>\n<!-- \/ Yoast SEO Premium plugin. -->","yoast_head_json":{"title":"BEMER Cyclassics Hambourg 2023 : Parcours, profil et favoris","description":"BEMER CYCLASSICS 2023 \u2013 La BEMER Cyclassics Hambourg est la prochaine course du calendrier WT ce dimanche 20 ao\u00fbt. Parcours et profil.","robots":{"index":"index","follow":"follow","max-snippet":"max-snippet:-1","max-image-preview":"max-image-preview:large","max-video-preview":"max-video-preview:-1"},"canonical":"https:\/\/dicodusport.fr\/blog\/bemer-cyclassics-hambourg-2023-parcours-profil-et-favoris\/","og_locale":"fr_FR","og_type":"article","og_title":"BEMER Cyclassics Hambourg 2023 : Parcours, profil et favoris","og_description":"BEMER CYCLASSICS 2023 \u2013 La BEMER Cyclassics Hambourg est la prochaine course du calendrier WT ce dimanche 20 ao\u00fbt. Parcours et profil.","og_url":"https:\/\/dicodusport.fr\/blog\/bemer-cyclassics-hambourg-2023-parcours-profil-et-favoris\/","og_site_name":"Dicodusport","article_publisher":"https:\/\/www.facebook.com\/dicodusport","article_author":"https:\/\/www.facebook.com\/groups\/LesRoisDuPeloton","article_published_time":"2023-08-19T06:42:50+00:00","article_modified_time":"2023-08-19T16:53:46+00:00","og_image":[{"width":800,"height":445,"url":"https:\/\/dicodusport.fr\/blog\/wp-content\/uploads\/2023\/08\/BEMER-Cyclassics-Hambourg-2023-Parcours-profil-et-favoris.png","type":"image\/png"}],"author":"Emilien Descampiaux","twitter_card":"summary_large_image","twitter_title":"BEMER Cyclassics Hambourg 2023 : Parcours, profil et favoris","twitter_creator":"@https:\/\/twitter.com\/LRoisDuPeloton","twitter_site":"@dicodusport","schema":{"@context":"https:\/\/schema.org","@graph":[{"@type":"NewsArticle","@id":"https:\/\/dicodusport.fr\/blog\/bemer-cyclassics-hambourg-2023-parcours-profil-et-favoris\/#article","isPartOf":{"@id":"https:\/\/dicodusport.fr\/blog\/bemer-cyclassics-hambourg-2023-parcours-profil-et-favoris\/"},"author":{"name":"Emilien Descampiaux","@id":"https:\/\/dicodusport.fr\/blog\/#\/schema\/person\/6db4bae06b171592211be385b32876a7"},"headline":"BEMER Cyclassics Hambourg 2023 : Parcours, profil et favoris","datePublished":"2023-08-19T06:42:50+00:00","dateModified":"2023-08-19T16:53:46+00:00","mainEntityOfPage":{"@id":"https:\/\/dicodusport.fr\/blog\/bemer-cyclassics-hambourg-2023-parcours-profil-et-favoris\/"},"wordCount":379,"commentCount":0,"publisher":{"@id":"https:\/\/dicodusport.fr\/blog\/#organization"},"image":{"@id":"https:\/\/dicodusport.fr\/blog\/bemer-cyclassics-hambourg-2023-parcours-profil-et-favoris\/#primaryimage"},"thumbnailUrl":"https:\/\/dicodusport.fr\/blog\/wp-content\/uploads\/2023\/08\/BEMER-Cyclassics-Hambourg-2023-Parcours-profil-et-favoris.png","keywords":["BEMER Cyclassics Hambourg","br\u00e8ve"],"articleSection":["Cyclisme sur route"],"inLanguage":"fr-FR","potentialAction":[{"@type":"CommentAction","name":"Comment","target":["https:\/\/dicodusport.fr\/blog\/bemer-cyclassics-hambourg-2023-parcours-profil-et-favoris\/#respond"]}],"copyrightYear":"2023","copyrightHolder":{"@id":"https:\/\/dicodusport.fr\/blog\/#organization"}},{"@type":"WebPage","@id":"https:\/\/dicodusport.fr\/blog\/bemer-cyclassics-hambourg-2023-parcours-profil-et-favoris\/","url":"https:\/\/dicodusport.fr\/blog\/bemer-cyclassics-hambourg-2023-parcours-profil-et-favoris\/","name":"BEMER Cyclassics Hambourg 2023 : Parcours, profil et favoris","isPartOf":{"@id":"https:\/\/dicodusport.fr\/blog\/#website"},"primaryImageOfPage":{"@id":"https:\/\/dicodusport.fr\/blog\/bemer-cyclassics-hambourg-2023-parcours-profil-et-favoris\/#primaryimage"},"image":{"@id":"https:\/\/dicodusport.fr\/blog\/bemer-cyclassics-hambourg-2023-parcours-profil-et-favoris\/#primaryimage"},"thumbnailUrl":"https:\/\/dicodusport.fr\/blog\/wp-content\/uploads\/2023\/08\/BEMER-Cyclassics-Hambourg-2023-Parcours-profil-et-favoris.png","datePublished":"2023-08-19T06:42:50+00:00","dateModified":"2023-08-19T16:53:46+00:00","description":"BEMER CYCLASSICS 2023 \u2013 La BEMER Cyclassics Hambourg est la prochaine course du calendrier WT ce dimanche 20 ao\u00fbt. Parcours et profil.","breadcrumb":{"@id":"https:\/\/dicodusport.fr\/blog\/bemer-cyclassics-hambourg-2023-parcours-profil-et-favoris\/#breadcrumb"},"inLanguage":"fr-FR","potentialAction":[{"@type":"ReadAction","target":["https:\/\/dicodusport.fr\/blog\/bemer-cyclassics-hambourg-2023-parcours-profil-et-favoris\/"]}]},{"@type":"ImageObject","inLanguage":"fr-FR","@id":"https:\/\/dicodusport.fr\/blog\/bemer-cyclassics-hambourg-2023-parcours-profil-et-favoris\/#primaryimage","url":"https:\/\/dicodusport.fr\/blog\/wp-content\/uploads\/2023\/08\/BEMER-Cyclassics-Hambourg-2023-Parcours-profil-et-favoris.png","contentUrl":"https:\/\/dicodusport.fr\/blog\/wp-content\/uploads\/2023\/08\/BEMER-Cyclassics-Hambourg-2023-Parcours-profil-et-favoris.png","width":800,"height":445,"caption":"BEMER Cyclassics Hambourg 2023 : Parcours, profil et favoris"},{"@type":"BreadcrumbList","@id":"https:\/\/dicodusport.fr\/blog\/bemer-cyclassics-hambourg-2023-parcours-profil-et-favoris\/#breadcrumb","itemListElement":[{"@type":"ListItem","position":1,"name":"Accueil","item":"https:\/\/dicodusport.fr\/blog\/"},{"@type":"ListItem","position":2,"name":"BEMER Cyclassics Hambourg 2023 : Parcours, profil et favoris"}]},{"@type":"WebSite","@id":"https:\/\/dicodusport.fr\/blog\/#website","url":"https:\/\/dicodusport.fr\/blog\/","name":"Dicodusport","description":"L&#039;encyclop\u00e9die de l&#039;actualit\u00e9 sportive","publisher":{"@id":"https:\/\/dicodusport.fr\/blog\/#organization"},"potentialAction":[{"@type":"SearchAction","target":{"@type":"EntryPoint","urlTemplate":"https:\/\/dicodusport.fr\/blog\/?s={search_term_string}"},"query-input":{"@type":"PropertyValueSpecification","valueRequired":true,"valueName":"search_term_string"}}],"inLanguage":"fr-FR"},{"@type":"NewsMediaOrganization","@id":"https:\/\/dicodusport.fr\/blog\/#organization","name":"Dicodusport","url":"https:\/\/dicodusport.fr\/blog\/","logo":{"@type":"ImageObject","inLanguage":"fr-FR","@id":"https:\/\/dicodusport.fr\/blog\/#\/schema\/logo\/image\/","url":"https:\/\/dicodusport.fr\/blog\/wp-content\/uploads\/2020\/06\/cropped-LOGO-DICODUSPORT-2020-SANS-FOND-SANS-TEXTE.png","contentUrl":"https:\/\/dicodusport.fr\/blog\/wp-content\/uploads\/2020\/06\/cropped-LOGO-DICODUSPORT-2020-SANS-FOND-SANS-TEXTE.png","width":512,"height":512,"caption":"Dicodusport"},"image":{"@id":"https:\/\/dicodusport.fr\/blog\/#\/schema\/logo\/image\/"},"sameAs":["https:\/\/www.facebook.com\/dicodusport","https:\/\/x.com\/dicodusport","https:\/\/www.instagram.com\/dicodusport\/","https:\/\/www.youtube.com\/channel\/UC7V2KZ5sd3htJivAbA4ZG3w"],"description":"Dicodusport est l'encyclop\u00e9die de l'actualit\u00e9 sportive.","email":"bonjour@dicodusport.fr","legalName":"DICODUSPORT","foundingDate":"2018-01-14","vatID":"FR71834470973","taxID":"83447097300043","numberOfEmployees":{"@type":"QuantitativeValue","minValue":"1","maxValue":"10"}},{"@type":"Person","@id":"https:\/\/dicodusport.fr\/blog\/#\/schema\/person\/6db4bae06b171592211be385b32876a7","name":"Emilien Descampiaux","image":{"@type":"ImageObject","inLanguage":"fr-FR","@id":"https:\/\/dicodusport.fr\/blog\/#\/schema\/person\/image\/","url":"https:\/\/dicodusport.fr\/blog\/wp-content\/uploads\/2021\/05\/Emilien-Descampiaux-150x150.jpg","contentUrl":"https:\/\/dicodusport.fr\/blog\/wp-content\/uploads\/2021\/05\/Emilien-Descampiaux-150x150.jpg","caption":"Emilien Descampiaux"},"description":"Journaliste\/r\u00e9dacteur depuis 2014 - Fan de la classe de Frank Vandenbroucke, je vis cyclisme (et de ses paysages) depuis plus de 20 ans. Je suis tr\u00e8s impliqu\u00e9 sur mes diff\u00e9rents r\u00e9seaux sociaux pour partager ma passion sur le monde et l'Histoire de la bicyclette avec ma voix sur les images en noir et blanc du succ\u00e8s de Rik Van Steenbergen lors du Ronde sur le V\u00e9lodrome de Gand.","sameAs":["https:\/\/www.facebook.com\/groups\/LesRoisDuPeloton","https:\/\/x.com\/https:\/\/twitter.com\/LRoisDuPeloton"],"url":"https:\/\/dicodusport.fr\/blog\/author\/emiliend\/"}]}},"_links":{"self":[{"href":"https:\/\/dicodusport.fr\/blog\/wp-json\/wp\/v2\/posts\/409419","targetHints":{"allow":["GET"]}}],"collection":[{"href":"https:\/\/dicodusport.fr\/blog\/wp-json\/wp\/v2\/posts"}],"about":[{"href":"https:\/\/dicodusport.fr\/blog\/wp-json\/wp\/v2\/types\/post"}],"author":[{"embeddable":true,"href":"https:\/\/dicodusport.fr\/blog\/wp-json\/wp\/v2\/users\/48"}],"replies":[{"embeddable":true,"href":"https:\/\/dicodusport.fr\/blog\/wp-json\/wp\/v2\/comments?post=409419"}],"version-history":[{"count":0,"href":"https:\/\/dicodusport.fr\/blog\/wp-json\/wp\/v2\/posts\/409419\/revisions"}],"wp:featuredmedia":[{"embeddable":true,"href":"https:\/\/dicodusport.fr\/blog\/wp-json\/wp\/v2\/media\/409706"}],"wp:attachment":[{"href":"https:\/\/dicodusport.fr\/blog\/wp-json\/wp\/v2\/media?parent=409419"}],"wp:term":[{"taxonomy":"category","embeddable":true,"href":"https:\/\/dicodusport.fr\/blog\/wp-json\/wp\/v2\/categories?post=409419"},{"taxonomy":"post_tag","embeddable":true,"href":"https:\/\/dicodusport.fr\/blog\/wp-json\/wp\/v2\/tags?post=409419"}],"curies":[{"name":"wp","href":"https:\/\/api.w.org\/{rel}","templated":true}]}}