{"id":409466,"date":"2023-08-18T19:31:49","date_gmt":"2023-08-18T17:31:49","guid":{"rendered":"https:\/\/dicodusport.fr\/blog\/?p=409466&#038;preview=true&#038;preview_id=409466"},"modified":"2023-08-18T19:31:49","modified_gmt":"2023-08-18T17:31:49","slug":"mondiaux-juniors-u23-de-canoe-kayak-leo-vuitton-champion-du-monde-5-medailles-pour-les-bleuets","status":"publish","type":"post","link":"https:\/\/dicodusport.fr\/blog\/mondiaux-juniors-u23-de-canoe-kayak-leo-vuitton-champion-du-monde-5-medailles-pour-les-bleuets\/","title":{"rendered":"Mondiaux Juniors\/U23 de cano\u00eb-kayak : L\u00e9o Vuitton champion du monde, 5 m\u00e9dailles pour les Bleuets"},"content":{"rendered":"<p style=\"text-align: justify;\" align=\"justify\"><em><strong>CHAMPIONNATS DU MONDE JUNIORS \/ U23 DE CANO\u00cb-KAYAK &#8211; Belle journ\u00e9e pour les Bleuets, qui ont rajout\u00e9 5 m\u00e9dailles au compteur, dont le titre pour L\u00e9o Vuitton qui a men\u00e9 un incroyable tripl\u00e9 fran\u00e7ais en kayak.<\/strong><\/em><\/p>\n<p align=\"justify\">D\u00e9but des finales individuelles, et d\u00e8s la premi\u00e8re, les Bleuets ont frapp\u00e9 tr\u00e8s fort. En kayak U23, c&rsquo;est tout simplement un tripl\u00e9 pour la France, puisque que le grand favori <strong>Jakub Krejci<\/strong> a craqu\u00e9 sur la fin. La lutte a \u00e9t\u00e9 farouche entre les trois Bleuets, qui se sont tenus en 79 centi\u00e8mes ! Mais c&rsquo;est finalement <strong>L\u00e9o Vuitton<\/strong> qui a triomph\u00e9 devant <strong>Titouan Castryck<\/strong> et <strong>Anatole Delassus,<\/strong> qui \u00e9tait tout simplement le tenant du titre. Une performance incroyable pour lancer la journ\u00e9e.<\/p>\n<blockquote class=\"twitter-tweet\">\n<p dir=\"ltr\" lang=\"en\">K1M U23 Final. ICF Junior &amp; U23 World Championships. Official 1-2-3 in Krakow, Poland &#8211; Vuitton (FRA) 81.66 (2), Delassus (FRA) +0.41, Castryck (FRA) +0.79 <a href=\"https:\/\/twitter.com\/hashtag\/ICFslalom?src=hash&amp;ref_src=twsrc%5Etfw\">#ICFslalom<\/a><a href=\"https:\/\/twitter.com\/PlanetCanoe?ref_src=twsrc%5Etfw\">@PlanetCanoe<\/a><\/p>\n<p>\u2014 John Gregory (@gregiej) <a href=\"https:\/\/twitter.com\/gregiej\/status\/1692496764517916853?ref_src=twsrc%5Etfw\">August 18, 2023<\/a><\/p><\/blockquote>\n<p><script async src=\"https:\/\/platform.twitter.com\/widgets.js\" charset=\"utf-8\"><\/script><\/p>\n<p align=\"justify\">N\u00e9anmoins, ce sera le seul titre pour la France aujourd&rsquo;hui. Les U23 f\u00e9minines en kayak vont elles aussi r\u00e9aliser un tir group\u00e9, mais seule <strong>Coline Charel<\/strong> grimpera sur le podium \u00e0 la 3e place, juste devant <strong>Emma Vuitton<\/strong>. En cano\u00eb juniors, les Bleuets \u00e9taient l\u00e0 aussi trois en finale, mais seul <strong>Martin Cornu<\/strong> s&rsquo;est distingu\u00e9 avec une m\u00e9daille d&rsquo;argent, \u00e0 distance respectable toutefois du favori <strong>Ziga Lin Hocevar<\/strong>. Mais encore 5 m\u00e9dailles, apr\u00e8s <a href=\"https:\/\/dicodusport.fr\/blog\/mondiaux-juniors-u-23-de-canoe-kayak-les-bleuets-raflent-deux-titres-sur-les-epreuves-par-equipes\/\">les 5 de mardi<\/a>, avant un weekend qui s&rsquo;annonce encore riche en finales.<\/p>\n","protected":false},"excerpt":{"rendered":"<p>CHAMPIONNATS DU MONDE JUNIORS \/ U23 DE CANO\u00cb-KAYAK &#8211; Belle journ\u00e9e pour les Bleuets, qui ont rajout\u00e9 5 m\u00e9dailles au compteur, dont le titre pour L\u00e9o Vuitton qui a men\u00e9 un incroyable tripl\u00e9 fran\u00e7ais en kayak.<\/p>\n","protected":false},"author":59,"featured_media":409614,"comment_status":"open","ping_status":"closed","sticky":false,"template":"","format":"standard","meta":{"_acf_changed":false,"_daextam_enable_autolinks":"","footnotes":""},"categories":[10458],"tags":[16878,33611,24975],"class_list":["post-409466","post","type-post","status-publish","format-standard","has-post-thumbnail","hentry","category-canoe-kayak","tag-breve","tag-canoe-kayak-francais","tag-championnats-du-monde-jeunes-de-canoe-kayak"],"acf":[],"yoast_head":"<!-- This site is optimized with the Yoast SEO Premium plugin v26.7 (Yoast SEO v26.7) - https:\/\/yoast.com\/wordpress\/plugins\/seo\/ -->\n<title>Mondiaux Juniors\/U23 de cano\u00eb-kayak : L\u00e9o Vuitton champion du monde, 5 m\u00e9dailles pour les Bleuets<\/title>\n<meta name=\"description\" content=\"CHAMPIONNATS DU MONDE JUNIORS \/ U23 DE CANO\u00cb-KAYAK - les Bleuets ont rajout\u00e9 5 m\u00e9dailles au compteur, dont le titre pour L\u00e9o Vuitton.\" \/>\n<meta name=\"robots\" content=\"index, follow, max-snippet:-1, max-image-preview:large, max-video-preview:-1\" \/>\n<link rel=\"canonical\" href=\"https:\/\/dicodusport.fr\/blog\/mondiaux-juniors-u23-de-canoe-kayak-leo-vuitton-champion-du-monde-5-medailles-pour-les-bleuets\/\" \/>\n<meta property=\"og:locale\" content=\"fr_FR\" \/>\n<meta property=\"og:type\" content=\"article\" \/>\n<meta property=\"og:title\" content=\"Mondiaux Juniors\/U23 de cano\u00eb-kayak : L\u00e9o Vuitton champion du monde, 5 m\u00e9dailles pour les Bleuets\" \/>\n<meta property=\"og:description\" content=\"CHAMPIONNATS DU MONDE JUNIORS \/ U23 DE CANO\u00cb-KAYAK - les Bleuets ont rajout\u00e9 5 m\u00e9dailles au compteur, dont le titre pour L\u00e9o Vuitton.\" \/>\n<meta property=\"og:url\" content=\"https:\/\/dicodusport.fr\/blog\/mondiaux-juniors-u23-de-canoe-kayak-leo-vuitton-champion-du-monde-5-medailles-pour-les-bleuets\/\" \/>\n<meta property=\"og:site_name\" content=\"Dicodusport\" \/>\n<meta property=\"article:publisher\" content=\"https:\/\/www.facebook.com\/dicodusport\" \/>\n<meta property=\"article:author\" content=\"https:\/\/www.facebook.com\/sebastien.gente\/\" \/>\n<meta property=\"article:published_time\" content=\"2023-08-18T17:31:49+00:00\" \/>\n<meta property=\"og:image\" content=\"https:\/\/dicodusport.fr\/blog\/wp-content\/uploads\/2023\/08\/Mondiaux-JuniorsU23-de-canoe-kayak-Leo-Vuitton-champion-du-monde-5-medailles-pour-les-Bleuets.png\" \/>\n\t<meta property=\"og:image:width\" content=\"800\" \/>\n\t<meta property=\"og:image:height\" content=\"445\" \/>\n\t<meta property=\"og:image:type\" content=\"image\/png\" \/>\n<meta name=\"author\" content=\"S\u00e9bastien Gente\" \/>\n<meta name=\"twitter:card\" content=\"summary_large_image\" \/>\n<meta name=\"twitter:title\" content=\"Mondiaux Juniors\/U23 de cano\u00eb-kayak : L\u00e9o Vuitton champion du monde, 5 m\u00e9dailles pour les Bleuets\" \/>\n<meta name=\"twitter:creator\" content=\"@https:\/\/twitter.com\/globulo24\" \/>\n<meta name=\"twitter:site\" content=\"@dicodusport\" \/>\n<script type=\"application\/ld+json\" class=\"yoast-schema-graph\">{\"@context\":\"https:\/\/schema.org\",\"@graph\":[{\"@type\":\"NewsArticle\",\"@id\":\"https:\/\/dicodusport.fr\/blog\/mondiaux-juniors-u23-de-canoe-kayak-leo-vuitton-champion-du-monde-5-medailles-pour-les-bleuets\/#article\",\"isPartOf\":{\"@id\":\"https:\/\/dicodusport.fr\/blog\/mondiaux-juniors-u23-de-canoe-kayak-leo-vuitton-champion-du-monde-5-medailles-pour-les-bleuets\/\"},\"author\":{\"name\":\"S\u00e9bastien Gente\",\"@id\":\"https:\/\/dicodusport.fr\/blog\/#\/schema\/person\/627966a6cde45dbd8c5e36ac85d783da\"},\"headline\":\"Mondiaux Juniors\/U23 de cano\u00eb-kayak : L\u00e9o Vuitton champion du monde, 5 m\u00e9dailles pour les Bleuets\",\"datePublished\":\"2023-08-18T17:31:49+00:00\",\"mainEntityOfPage\":{\"@id\":\"https:\/\/dicodusport.fr\/blog\/mondiaux-juniors-u23-de-canoe-kayak-leo-vuitton-champion-du-monde-5-medailles-pour-les-bleuets\/\"},\"wordCount\":267,\"commentCount\":0,\"publisher\":{\"@id\":\"https:\/\/dicodusport.fr\/blog\/#organization\"},\"image\":{\"@id\":\"https:\/\/dicodusport.fr\/blog\/mondiaux-juniors-u23-de-canoe-kayak-leo-vuitton-champion-du-monde-5-medailles-pour-les-bleuets\/#primaryimage\"},\"thumbnailUrl\":\"https:\/\/dicodusport.fr\/blog\/wp-content\/uploads\/2023\/08\/Mondiaux-JuniorsU23-de-canoe-kayak-Leo-Vuitton-champion-du-monde-5-medailles-pour-les-Bleuets.png\",\"keywords\":[\"br\u00e8ve\",\"cano\u00eb-kayak fran\u00e7ais\",\"Championnats du monde jeunes de cano\u00eb-kayak\"],\"articleSection\":[\"Cano\u00eb-Kayak\"],\"inLanguage\":\"fr-FR\",\"potentialAction\":[{\"@type\":\"CommentAction\",\"name\":\"Comment\",\"target\":[\"https:\/\/dicodusport.fr\/blog\/mondiaux-juniors-u23-de-canoe-kayak-leo-vuitton-champion-du-monde-5-medailles-pour-les-bleuets\/#respond\"]}],\"copyrightYear\":\"2023\",\"copyrightHolder\":{\"@id\":\"https:\/\/dicodusport.fr\/blog\/#organization\"}},{\"@type\":\"WebPage\",\"@id\":\"https:\/\/dicodusport.fr\/blog\/mondiaux-juniors-u23-de-canoe-kayak-leo-vuitton-champion-du-monde-5-medailles-pour-les-bleuets\/\",\"url\":\"https:\/\/dicodusport.fr\/blog\/mondiaux-juniors-u23-de-canoe-kayak-leo-vuitton-champion-du-monde-5-medailles-pour-les-bleuets\/\",\"name\":\"Mondiaux Juniors\/U23 de cano\u00eb-kayak : L\u00e9o Vuitton champion du monde, 5 m\u00e9dailles pour les Bleuets\",\"isPartOf\":{\"@id\":\"https:\/\/dicodusport.fr\/blog\/#website\"},\"primaryImageOfPage\":{\"@id\":\"https:\/\/dicodusport.fr\/blog\/mondiaux-juniors-u23-de-canoe-kayak-leo-vuitton-champion-du-monde-5-medailles-pour-les-bleuets\/#primaryimage\"},\"image\":{\"@id\":\"https:\/\/dicodusport.fr\/blog\/mondiaux-juniors-u23-de-canoe-kayak-leo-vuitton-champion-du-monde-5-medailles-pour-les-bleuets\/#primaryimage\"},\"thumbnailUrl\":\"https:\/\/dicodusport.fr\/blog\/wp-content\/uploads\/2023\/08\/Mondiaux-JuniorsU23-de-canoe-kayak-Leo-Vuitton-champion-du-monde-5-medailles-pour-les-Bleuets.png\",\"datePublished\":\"2023-08-18T17:31:49+00:00\",\"description\":\"CHAMPIONNATS DU MONDE JUNIORS \/ U23 DE CANO\u00cb-KAYAK - les Bleuets ont rajout\u00e9 5 m\u00e9dailles au compteur, dont le titre pour L\u00e9o Vuitton.\",\"breadcrumb\":{\"@id\":\"https:\/\/dicodusport.fr\/blog\/mondiaux-juniors-u23-de-canoe-kayak-leo-vuitton-champion-du-monde-5-medailles-pour-les-bleuets\/#breadcrumb\"},\"inLanguage\":\"fr-FR\",\"potentialAction\":[{\"@type\":\"ReadAction\",\"target\":[\"https:\/\/dicodusport.fr\/blog\/mondiaux-juniors-u23-de-canoe-kayak-leo-vuitton-champion-du-monde-5-medailles-pour-les-bleuets\/\"]}]},{\"@type\":\"ImageObject\",\"inLanguage\":\"fr-FR\",\"@id\":\"https:\/\/dicodusport.fr\/blog\/mondiaux-juniors-u23-de-canoe-kayak-leo-vuitton-champion-du-monde-5-medailles-pour-les-bleuets\/#primaryimage\",\"url\":\"https:\/\/dicodusport.fr\/blog\/wp-content\/uploads\/2023\/08\/Mondiaux-JuniorsU23-de-canoe-kayak-Leo-Vuitton-champion-du-monde-5-medailles-pour-les-Bleuets.png\",\"contentUrl\":\"https:\/\/dicodusport.fr\/blog\/wp-content\/uploads\/2023\/08\/Mondiaux-JuniorsU23-de-canoe-kayak-Leo-Vuitton-champion-du-monde-5-medailles-pour-les-Bleuets.png\",\"width\":800,\"height\":445,\"caption\":\"Mondiaux JuniorsU23 de cano\u00eb-kayak L\u00e9o Vuitton champion du monde, 5 m\u00e9dailles pour les Bleuets\"},{\"@type\":\"BreadcrumbList\",\"@id\":\"https:\/\/dicodusport.fr\/blog\/mondiaux-juniors-u23-de-canoe-kayak-leo-vuitton-champion-du-monde-5-medailles-pour-les-bleuets\/#breadcrumb\",\"itemListElement\":[{\"@type\":\"ListItem\",\"position\":1,\"name\":\"Accueil\",\"item\":\"https:\/\/dicodusport.fr\/blog\/\"},{\"@type\":\"ListItem\",\"position\":2,\"name\":\"Mondiaux Juniors\/U23 de cano\u00eb-kayak : L\u00e9o Vuitton champion du monde, 5 m\u00e9dailles pour les Bleuets\"}]},{\"@type\":\"WebSite\",\"@id\":\"https:\/\/dicodusport.fr\/blog\/#website\",\"url\":\"https:\/\/dicodusport.fr\/blog\/\",\"name\":\"Dicodusport\",\"description\":\"L&#039;encyclop\u00e9die de l&#039;actualit\u00e9 sportive\",\"publisher\":{\"@id\":\"https:\/\/dicodusport.fr\/blog\/#organization\"},\"potentialAction\":[{\"@type\":\"SearchAction\",\"target\":{\"@type\":\"EntryPoint\",\"urlTemplate\":\"https:\/\/dicodusport.fr\/blog\/?s={search_term_string}\"},\"query-input\":{\"@type\":\"PropertyValueSpecification\",\"valueRequired\":true,\"valueName\":\"search_term_string\"}}],\"inLanguage\":\"fr-FR\"},{\"@type\":\"NewsMediaOrganization\",\"@id\":\"https:\/\/dicodusport.fr\/blog\/#organization\",\"name\":\"Dicodusport\",\"url\":\"https:\/\/dicodusport.fr\/blog\/\",\"logo\":{\"@type\":\"ImageObject\",\"inLanguage\":\"fr-FR\",\"@id\":\"https:\/\/dicodusport.fr\/blog\/#\/schema\/logo\/image\/\",\"url\":\"https:\/\/dicodusport.fr\/blog\/wp-content\/uploads\/2020\/06\/cropped-LOGO-DICODUSPORT-2020-SANS-FOND-SANS-TEXTE.png\",\"contentUrl\":\"https:\/\/dicodusport.fr\/blog\/wp-content\/uploads\/2020\/06\/cropped-LOGO-DICODUSPORT-2020-SANS-FOND-SANS-TEXTE.png\",\"width\":512,\"height\":512,\"caption\":\"Dicodusport\"},\"image\":{\"@id\":\"https:\/\/dicodusport.fr\/blog\/#\/schema\/logo\/image\/\"},\"sameAs\":[\"https:\/\/www.facebook.com\/dicodusport\",\"https:\/\/x.com\/dicodusport\",\"https:\/\/www.instagram.com\/dicodusport\/\",\"https:\/\/www.youtube.com\/channel\/UC7V2KZ5sd3htJivAbA4ZG3w\"],\"description\":\"Dicodusport est l'encyclop\u00e9die de l'actualit\u00e9 sportive.\",\"email\":\"bonjour@dicodusport.fr\",\"legalName\":\"DICODUSPORT\",\"foundingDate\":\"2018-01-14\",\"vatID\":\"FR71834470973\",\"taxID\":\"83447097300043\",\"numberOfEmployees\":{\"@type\":\"QuantitativeValue\",\"minValue\":\"1\",\"maxValue\":\"10\"}},{\"@type\":\"Person\",\"@id\":\"https:\/\/dicodusport.fr\/blog\/#\/schema\/person\/627966a6cde45dbd8c5e36ac85d783da\",\"name\":\"S\u00e9bastien Gente\",\"image\":{\"@type\":\"ImageObject\",\"inLanguage\":\"fr-FR\",\"@id\":\"https:\/\/dicodusport.fr\/blog\/#\/schema\/person\/image\/\",\"url\":\"https:\/\/dicodusport.fr\/blog\/wp-content\/uploads\/2021\/09\/1510990_10205810251400683_4124423575079401707_n-150x150.jpg\",\"contentUrl\":\"https:\/\/dicodusport.fr\/blog\/wp-content\/uploads\/2021\/09\/1510990_10205810251400683_4124423575079401707_n-150x150.jpg\",\"caption\":\"S\u00e9bastien Gente\"},\"description\":\"John Stockton, Gianni Bugno, Zinedine Zidane, Steffi Graf, Frode Andresen, St\u00e9phane Stoecklin, Davis Kamoga, Primoz Peterka, Werner Schlager et Aur\u00e9lien Rougerie. Point commun entre ces sportifs? Ils m'ont fait r\u00eaver et ont berc\u00e9 mon adolescence. Je suis un fondu de sports et j'essaie de retranscrire ma passion \u00e0 travers mes articles. Originaire du P\u00e9rigord, ma passion pour les Girondins, les Jaunards et les Jazzmen transpire dans mes \u00e9crits. \u00c0 Dicodusport depuis 2021, je d\u00e9niche les sports m\u00e9connus dans lesquels la France brille, et il y en a !\",\"sameAs\":[\"https:\/\/www.facebook.com\/sebastien.gente\/\",\"https:\/\/www.instagram.com\/sebgente\/\",\"https:\/\/www.linkedin.com\/in\/sbastien-gente-a29583169\/\",\"https:\/\/x.com\/https:\/\/twitter.com\/globulo24\",\"SebastienGente\"],\"worksFor\":\"S\u00e9bastien GENTE\",\"url\":\"https:\/\/dicodusport.fr\/blog\/author\/sebastiengente\/\"}]}<\/script>\n<!-- \/ Yoast SEO Premium plugin. -->","yoast_head_json":{"title":"Mondiaux Juniors\/U23 de cano\u00eb-kayak : L\u00e9o Vuitton champion du monde, 5 m\u00e9dailles pour les Bleuets","description":"CHAMPIONNATS DU MONDE JUNIORS \/ U23 DE CANO\u00cb-KAYAK - les Bleuets ont rajout\u00e9 5 m\u00e9dailles au compteur, dont le titre pour L\u00e9o Vuitton.","robots":{"index":"index","follow":"follow","max-snippet":"max-snippet:-1","max-image-preview":"max-image-preview:large","max-video-preview":"max-video-preview:-1"},"canonical":"https:\/\/dicodusport.fr\/blog\/mondiaux-juniors-u23-de-canoe-kayak-leo-vuitton-champion-du-monde-5-medailles-pour-les-bleuets\/","og_locale":"fr_FR","og_type":"article","og_title":"Mondiaux Juniors\/U23 de cano\u00eb-kayak : L\u00e9o Vuitton champion du monde, 5 m\u00e9dailles pour les Bleuets","og_description":"CHAMPIONNATS DU MONDE JUNIORS \/ U23 DE CANO\u00cb-KAYAK - les Bleuets ont rajout\u00e9 5 m\u00e9dailles au compteur, dont le titre pour L\u00e9o Vuitton.","og_url":"https:\/\/dicodusport.fr\/blog\/mondiaux-juniors-u23-de-canoe-kayak-leo-vuitton-champion-du-monde-5-medailles-pour-les-bleuets\/","og_site_name":"Dicodusport","article_publisher":"https:\/\/www.facebook.com\/dicodusport","article_author":"https:\/\/www.facebook.com\/sebastien.gente\/","article_published_time":"2023-08-18T17:31:49+00:00","og_image":[{"width":800,"height":445,"url":"https:\/\/dicodusport.fr\/blog\/wp-content\/uploads\/2023\/08\/Mondiaux-JuniorsU23-de-canoe-kayak-Leo-Vuitton-champion-du-monde-5-medailles-pour-les-Bleuets.png","type":"image\/png"}],"author":"S\u00e9bastien Gente","twitter_card":"summary_large_image","twitter_title":"Mondiaux Juniors\/U23 de cano\u00eb-kayak : L\u00e9o Vuitton champion du monde, 5 m\u00e9dailles pour les Bleuets","twitter_creator":"@https:\/\/twitter.com\/globulo24","twitter_site":"@dicodusport","schema":{"@context":"https:\/\/schema.org","@graph":[{"@type":"NewsArticle","@id":"https:\/\/dicodusport.fr\/blog\/mondiaux-juniors-u23-de-canoe-kayak-leo-vuitton-champion-du-monde-5-medailles-pour-les-bleuets\/#article","isPartOf":{"@id":"https:\/\/dicodusport.fr\/blog\/mondiaux-juniors-u23-de-canoe-kayak-leo-vuitton-champion-du-monde-5-medailles-pour-les-bleuets\/"},"author":{"name":"S\u00e9bastien Gente","@id":"https:\/\/dicodusport.fr\/blog\/#\/schema\/person\/627966a6cde45dbd8c5e36ac85d783da"},"headline":"Mondiaux Juniors\/U23 de cano\u00eb-kayak : L\u00e9o Vuitton champion du monde, 5 m\u00e9dailles pour les Bleuets","datePublished":"2023-08-18T17:31:49+00:00","mainEntityOfPage":{"@id":"https:\/\/dicodusport.fr\/blog\/mondiaux-juniors-u23-de-canoe-kayak-leo-vuitton-champion-du-monde-5-medailles-pour-les-bleuets\/"},"wordCount":267,"commentCount":0,"publisher":{"@id":"https:\/\/dicodusport.fr\/blog\/#organization"},"image":{"@id":"https:\/\/dicodusport.fr\/blog\/mondiaux-juniors-u23-de-canoe-kayak-leo-vuitton-champion-du-monde-5-medailles-pour-les-bleuets\/#primaryimage"},"thumbnailUrl":"https:\/\/dicodusport.fr\/blog\/wp-content\/uploads\/2023\/08\/Mondiaux-JuniorsU23-de-canoe-kayak-Leo-Vuitton-champion-du-monde-5-medailles-pour-les-Bleuets.png","keywords":["br\u00e8ve","cano\u00eb-kayak fran\u00e7ais","Championnats du monde jeunes de cano\u00eb-kayak"],"articleSection":["Cano\u00eb-Kayak"],"inLanguage":"fr-FR","potentialAction":[{"@type":"CommentAction","name":"Comment","target":["https:\/\/dicodusport.fr\/blog\/mondiaux-juniors-u23-de-canoe-kayak-leo-vuitton-champion-du-monde-5-medailles-pour-les-bleuets\/#respond"]}],"copyrightYear":"2023","copyrightHolder":{"@id":"https:\/\/dicodusport.fr\/blog\/#organization"}},{"@type":"WebPage","@id":"https:\/\/dicodusport.fr\/blog\/mondiaux-juniors-u23-de-canoe-kayak-leo-vuitton-champion-du-monde-5-medailles-pour-les-bleuets\/","url":"https:\/\/dicodusport.fr\/blog\/mondiaux-juniors-u23-de-canoe-kayak-leo-vuitton-champion-du-monde-5-medailles-pour-les-bleuets\/","name":"Mondiaux Juniors\/U23 de cano\u00eb-kayak : L\u00e9o Vuitton champion du monde, 5 m\u00e9dailles pour les Bleuets","isPartOf":{"@id":"https:\/\/dicodusport.fr\/blog\/#website"},"primaryImageOfPage":{"@id":"https:\/\/dicodusport.fr\/blog\/mondiaux-juniors-u23-de-canoe-kayak-leo-vuitton-champion-du-monde-5-medailles-pour-les-bleuets\/#primaryimage"},"image":{"@id":"https:\/\/dicodusport.fr\/blog\/mondiaux-juniors-u23-de-canoe-kayak-leo-vuitton-champion-du-monde-5-medailles-pour-les-bleuets\/#primaryimage"},"thumbnailUrl":"https:\/\/dicodusport.fr\/blog\/wp-content\/uploads\/2023\/08\/Mondiaux-JuniorsU23-de-canoe-kayak-Leo-Vuitton-champion-du-monde-5-medailles-pour-les-Bleuets.png","datePublished":"2023-08-18T17:31:49+00:00","description":"CHAMPIONNATS DU MONDE JUNIORS \/ U23 DE CANO\u00cb-KAYAK - les Bleuets ont rajout\u00e9 5 m\u00e9dailles au compteur, dont le titre pour L\u00e9o Vuitton.","breadcrumb":{"@id":"https:\/\/dicodusport.fr\/blog\/mondiaux-juniors-u23-de-canoe-kayak-leo-vuitton-champion-du-monde-5-medailles-pour-les-bleuets\/#breadcrumb"},"inLanguage":"fr-FR","potentialAction":[{"@type":"ReadAction","target":["https:\/\/dicodusport.fr\/blog\/mondiaux-juniors-u23-de-canoe-kayak-leo-vuitton-champion-du-monde-5-medailles-pour-les-bleuets\/"]}]},{"@type":"ImageObject","inLanguage":"fr-FR","@id":"https:\/\/dicodusport.fr\/blog\/mondiaux-juniors-u23-de-canoe-kayak-leo-vuitton-champion-du-monde-5-medailles-pour-les-bleuets\/#primaryimage","url":"https:\/\/dicodusport.fr\/blog\/wp-content\/uploads\/2023\/08\/Mondiaux-JuniorsU23-de-canoe-kayak-Leo-Vuitton-champion-du-monde-5-medailles-pour-les-Bleuets.png","contentUrl":"https:\/\/dicodusport.fr\/blog\/wp-content\/uploads\/2023\/08\/Mondiaux-JuniorsU23-de-canoe-kayak-Leo-Vuitton-champion-du-monde-5-medailles-pour-les-Bleuets.png","width":800,"height":445,"caption":"Mondiaux JuniorsU23 de cano\u00eb-kayak L\u00e9o Vuitton champion du monde, 5 m\u00e9dailles pour les Bleuets"},{"@type":"BreadcrumbList","@id":"https:\/\/dicodusport.fr\/blog\/mondiaux-juniors-u23-de-canoe-kayak-leo-vuitton-champion-du-monde-5-medailles-pour-les-bleuets\/#breadcrumb","itemListElement":[{"@type":"ListItem","position":1,"name":"Accueil","item":"https:\/\/dicodusport.fr\/blog\/"},{"@type":"ListItem","position":2,"name":"Mondiaux Juniors\/U23 de cano\u00eb-kayak : L\u00e9o Vuitton champion du monde, 5 m\u00e9dailles pour les Bleuets"}]},{"@type":"WebSite","@id":"https:\/\/dicodusport.fr\/blog\/#website","url":"https:\/\/dicodusport.fr\/blog\/","name":"Dicodusport","description":"L&#039;encyclop\u00e9die de l&#039;actualit\u00e9 sportive","publisher":{"@id":"https:\/\/dicodusport.fr\/blog\/#organization"},"potentialAction":[{"@type":"SearchAction","target":{"@type":"EntryPoint","urlTemplate":"https:\/\/dicodusport.fr\/blog\/?s={search_term_string}"},"query-input":{"@type":"PropertyValueSpecification","valueRequired":true,"valueName":"search_term_string"}}],"inLanguage":"fr-FR"},{"@type":"NewsMediaOrganization","@id":"https:\/\/dicodusport.fr\/blog\/#organization","name":"Dicodusport","url":"https:\/\/dicodusport.fr\/blog\/","logo":{"@type":"ImageObject","inLanguage":"fr-FR","@id":"https:\/\/dicodusport.fr\/blog\/#\/schema\/logo\/image\/","url":"https:\/\/dicodusport.fr\/blog\/wp-content\/uploads\/2020\/06\/cropped-LOGO-DICODUSPORT-2020-SANS-FOND-SANS-TEXTE.png","contentUrl":"https:\/\/dicodusport.fr\/blog\/wp-content\/uploads\/2020\/06\/cropped-LOGO-DICODUSPORT-2020-SANS-FOND-SANS-TEXTE.png","width":512,"height":512,"caption":"Dicodusport"},"image":{"@id":"https:\/\/dicodusport.fr\/blog\/#\/schema\/logo\/image\/"},"sameAs":["https:\/\/www.facebook.com\/dicodusport","https:\/\/x.com\/dicodusport","https:\/\/www.instagram.com\/dicodusport\/","https:\/\/www.youtube.com\/channel\/UC7V2KZ5sd3htJivAbA4ZG3w"],"description":"Dicodusport est l'encyclop\u00e9die de l'actualit\u00e9 sportive.","email":"bonjour@dicodusport.fr","legalName":"DICODUSPORT","foundingDate":"2018-01-14","vatID":"FR71834470973","taxID":"83447097300043","numberOfEmployees":{"@type":"QuantitativeValue","minValue":"1","maxValue":"10"}},{"@type":"Person","@id":"https:\/\/dicodusport.fr\/blog\/#\/schema\/person\/627966a6cde45dbd8c5e36ac85d783da","name":"S\u00e9bastien Gente","image":{"@type":"ImageObject","inLanguage":"fr-FR","@id":"https:\/\/dicodusport.fr\/blog\/#\/schema\/person\/image\/","url":"https:\/\/dicodusport.fr\/blog\/wp-content\/uploads\/2021\/09\/1510990_10205810251400683_4124423575079401707_n-150x150.jpg","contentUrl":"https:\/\/dicodusport.fr\/blog\/wp-content\/uploads\/2021\/09\/1510990_10205810251400683_4124423575079401707_n-150x150.jpg","caption":"S\u00e9bastien Gente"},"description":"John Stockton, Gianni Bugno, Zinedine Zidane, Steffi Graf, Frode Andresen, St\u00e9phane Stoecklin, Davis Kamoga, Primoz Peterka, Werner Schlager et Aur\u00e9lien Rougerie. Point commun entre ces sportifs? Ils m'ont fait r\u00eaver et ont berc\u00e9 mon adolescence. Je suis un fondu de sports et j'essaie de retranscrire ma passion \u00e0 travers mes articles. Originaire du P\u00e9rigord, ma passion pour les Girondins, les Jaunards et les Jazzmen transpire dans mes \u00e9crits. \u00c0 Dicodusport depuis 2021, je d\u00e9niche les sports m\u00e9connus dans lesquels la France brille, et il y en a !","sameAs":["https:\/\/www.facebook.com\/sebastien.gente\/","https:\/\/www.instagram.com\/sebgente\/","https:\/\/www.linkedin.com\/in\/sbastien-gente-a29583169\/","https:\/\/x.com\/https:\/\/twitter.com\/globulo24","SebastienGente"],"worksFor":"S\u00e9bastien GENTE","url":"https:\/\/dicodusport.fr\/blog\/author\/sebastiengente\/"}]}},"_links":{"self":[{"href":"https:\/\/dicodusport.fr\/blog\/wp-json\/wp\/v2\/posts\/409466","targetHints":{"allow":["GET"]}}],"collection":[{"href":"https:\/\/dicodusport.fr\/blog\/wp-json\/wp\/v2\/posts"}],"about":[{"href":"https:\/\/dicodusport.fr\/blog\/wp-json\/wp\/v2\/types\/post"}],"author":[{"embeddable":true,"href":"https:\/\/dicodusport.fr\/blog\/wp-json\/wp\/v2\/users\/59"}],"replies":[{"embeddable":true,"href":"https:\/\/dicodusport.fr\/blog\/wp-json\/wp\/v2\/comments?post=409466"}],"version-history":[{"count":0,"href":"https:\/\/dicodusport.fr\/blog\/wp-json\/wp\/v2\/posts\/409466\/revisions"}],"wp:featuredmedia":[{"embeddable":true,"href":"https:\/\/dicodusport.fr\/blog\/wp-json\/wp\/v2\/media\/409614"}],"wp:attachment":[{"href":"https:\/\/dicodusport.fr\/blog\/wp-json\/wp\/v2\/media?parent=409466"}],"wp:term":[{"taxonomy":"category","embeddable":true,"href":"https:\/\/dicodusport.fr\/blog\/wp-json\/wp\/v2\/categories?post=409466"},{"taxonomy":"post_tag","embeddable":true,"href":"https:\/\/dicodusport.fr\/blog\/wp-json\/wp\/v2\/tags?post=409466"}],"curies":[{"name":"wp","href":"https:\/\/api.w.org\/{rel}","templated":true}]}}