{"id":409687,"date":"2023-08-19T08:09:28","date_gmt":"2023-08-19T06:09:28","guid":{"rendered":"https:\/\/dicodusport.fr\/blog\/?p=409687&#038;preview=true&#038;preview_id=409687"},"modified":"2023-08-19T08:40:59","modified_gmt":"2023-08-19T06:40:59","slug":"mercato-montpellier-elye-wahi-va-signer-a-lens","status":"publish","type":"post","link":"https:\/\/dicodusport.fr\/blog\/mercato-montpellier-elye-wahi-va-signer-a-lens\/","title":{"rendered":"Mercato Montpellier : Elye Wahi va signer \u00e0 Lens"},"content":{"rendered":"<p style=\"text-align: justify;\" align=\"justify\"><em><strong>LIGUE 1 2023-2024 &#8211; Selon Foot Mercato, Elye Wahi a donn\u00e9 son accord au RC Lens pour rejoindre le club du Pas-de-Calais cet \u00e9t\u00e9.<\/strong><\/em><\/p>\n<p style=\"text-align: justify;\" align=\"justify\">Le RC Lens serait sur le point de r\u00e9aliser un tr\u00e8s gros coup avec la signature imminente de l&rsquo;international espoirs, <strong>Elye Wahi<\/strong>. Les <em>Sang et Or<\/em> partaient pourtant de tr\u00e8s loin sur ce dossier apr\u00e8s avoir essuy\u00e9 des d\u00e9ceptions pour deux autres joueurs. <strong>Levi<\/strong> <strong>Garcia<\/strong> puis <strong>Chuba<\/strong> <strong>Akpom<\/strong> ont tourn\u00e9 le dos au club fran\u00e7ais, alors que dans les deux cas, les discussions \u00e9taient avanc\u00e9es.<\/p>\n<p style=\"text-align: justify;\" align=\"justify\">Pour <strong>Elye<\/strong> <strong>Wahi<\/strong>, Lens partait de tr\u00e8s loin par rapport \u00e0 <strong>Francfort<\/strong>, <strong>West<\/strong> <strong>Ham<\/strong> ou encore <strong>Chelsea<\/strong>. Mais Gr\u00e9gory Thil a su se montrer tr\u00e8s convaincant ces derni\u00e8res heures. L&rsquo;attaquant de Montpellier aurait donn\u00e9 son accord aux <em>Sang et Or<\/em> et pourrait d\u00e9barquer dans les prochaines heures chez le deuxi\u00e8me du dernier championnat de France.<\/p>\n<p style=\"text-align: justify;\" align=\"justify\">Il faut maintenant que les dirigeants lensois obtiennent un accord d\u00e9finitif avec <strong>Montpellier<\/strong>, apr\u00e8s l&rsquo;avoir eu avec le joueur. Lens serait pr\u00eat \u00e0 faire une offre sup\u00e9rieure \u00e0 30 millions d&rsquo;euros qui devrait convaincre le <strong>MHSC<\/strong>. La signature d&rsquo;<strong>Elye Wahi<\/strong> \u00e0 <strong>Lens<\/strong> est donc imminente !<\/p>\n<blockquote class=\"twitter-tweet\">\n<p dir=\"ltr\" lang=\"fr\">\ud83d\udd35\ud83d\udfe0\ud83c\uddeb\ud83c\uddf7 <a href=\"https:\/\/twitter.com\/hashtag\/Ligue1?src=hash&amp;ref_src=twsrc%5Etfw\">#Ligue1<\/a> |<\/p>\n<p>\u25c9 Accord d\u00e9finitif pour Elye Wahi \u00e0 Lens \u203c\ufe0f<\/p>\n<p>\u25c9 L&rsquo;attaquant fran\u00e7ais doit quitter Montpellier dans les prochaines heures pour sengager \u00e0 Lens.<\/p>\n<p>Avec <a href=\"https:\/\/twitter.com\/sebnonda?ref_src=twsrc%5Etfw\">@sebnonda<\/a> <a href=\"https:\/\/t.co\/JrjTWWXTKP\">https:\/\/t.co\/JrjTWWXTKP<\/a> <a href=\"https:\/\/t.co\/Kd9EiQCqw0\">pic.twitter.com\/Kd9EiQCqw0<\/a><\/p>\n<p>\u2014 Santi Aouna (@Santi_J_FM) <a href=\"https:\/\/twitter.com\/Santi_J_FM\/status\/1692667864421978483?ref_src=twsrc%5Etfw\">August 18, 2023<\/a><\/p><\/blockquote>\n<p style=\"text-align: justify;\"><script async src=\"https:\/\/platform.twitter.com\/widgets.js\" charset=\"utf-8\"><\/script><\/p>\n","protected":false},"excerpt":{"rendered":"<p>LIGUE 1 2023-2024 &#8211; Selon Foot Mercato, Elye Wahi a donn\u00e9 son accord au RC Lens pour rejoindre le club cet \u00e9t\u00e9.<\/p>\n","protected":false},"author":1,"featured_media":409689,"comment_status":"open","ping_status":"closed","sticky":false,"template":"","format":"standard","meta":{"_acf_changed":false,"_daextam_enable_autolinks":"","footnotes":""},"categories":[2301,47045],"tags":[16878,33475,75,465],"class_list":["post-409687","post","type-post","status-publish","format-standard","has-post-thumbnail","hentry","category-football","category-ligue-1","tag-breve","tag-elye-wahi","tag-football","tag-lens"],"acf":[],"yoast_head":"<!-- This site is optimized with the Yoast SEO Premium plugin v26.7 (Yoast SEO v26.7) - https:\/\/yoast.com\/wordpress\/plugins\/seo\/ -->\n<title>Mercato Montpellier : Elye Wahi va signer \u00e0 Lens<\/title>\n<meta name=\"description\" content=\"LIGUE 1 2023-2024 - Selon Foot Mercato, Elye Wahi a donn\u00e9 son accord au RC Lens pour rejoindre le club cet \u00e9t\u00e9.\" \/>\n<meta name=\"robots\" content=\"index, follow, max-snippet:-1, max-image-preview:large, max-video-preview:-1\" \/>\n<link rel=\"canonical\" href=\"https:\/\/dicodusport.fr\/blog\/mercato-montpellier-elye-wahi-va-signer-a-lens\/\" \/>\n<meta property=\"og:locale\" content=\"fr_FR\" \/>\n<meta property=\"og:type\" content=\"article\" \/>\n<meta property=\"og:title\" content=\"Mercato Montpellier : Elye Wahi va signer \u00e0 Lens\" \/>\n<meta property=\"og:description\" content=\"LIGUE 1 2023-2024 - Selon Foot Mercato, Elye Wahi a donn\u00e9 son accord au RC Lens pour rejoindre le club cet \u00e9t\u00e9.\" \/>\n<meta property=\"og:url\" content=\"https:\/\/dicodusport.fr\/blog\/mercato-montpellier-elye-wahi-va-signer-a-lens\/\" \/>\n<meta property=\"og:site_name\" content=\"Dicodusport\" \/>\n<meta property=\"article:publisher\" content=\"https:\/\/www.facebook.com\/dicodusport\" \/>\n<meta property=\"article:author\" content=\"https:\/\/www.facebook.com\/dicodusport\" \/>\n<meta property=\"article:published_time\" content=\"2023-08-19T06:09:28+00:00\" \/>\n<meta property=\"article:modified_time\" content=\"2023-08-19T06:40:59+00:00\" \/>\n<meta property=\"og:image\" content=\"https:\/\/dicodusport.fr\/blog\/wp-content\/uploads\/2023\/08\/Mercato-Montpellier-Elye-Wahi-va-signer-a-Lens.png\" \/>\n\t<meta property=\"og:image:width\" content=\"800\" \/>\n\t<meta property=\"og:image:height\" content=\"445\" \/>\n\t<meta property=\"og:image:type\" content=\"image\/png\" \/>\n<meta name=\"author\" content=\"Nicolas Jacquemard\" \/>\n<meta name=\"twitter:card\" content=\"summary_large_image\" \/>\n<meta name=\"twitter:title\" content=\"Mercato Montpellier : Elye Wahi va signer \u00e0 Lens\" \/>\n<meta name=\"twitter:creator\" content=\"@https:\/\/twitter.com\/Nico_Jacquemard\" \/>\n<meta name=\"twitter:site\" content=\"@dicodusport\" \/>\n<script type=\"application\/ld+json\" class=\"yoast-schema-graph\">{\"@context\":\"https:\/\/schema.org\",\"@graph\":[{\"@type\":\"NewsArticle\",\"@id\":\"https:\/\/dicodusport.fr\/blog\/mercato-montpellier-elye-wahi-va-signer-a-lens\/#article\",\"isPartOf\":{\"@id\":\"https:\/\/dicodusport.fr\/blog\/mercato-montpellier-elye-wahi-va-signer-a-lens\/\"},\"author\":{\"name\":\"Nicolas Jacquemard\",\"@id\":\"https:\/\/dicodusport.fr\/blog\/#\/schema\/person\/55dcb50ad410894e431ed812bbb70191\"},\"headline\":\"Mercato Montpellier : Elye Wahi va signer \u00e0 Lens\",\"datePublished\":\"2023-08-19T06:09:28+00:00\",\"dateModified\":\"2023-08-19T06:40:59+00:00\",\"mainEntityOfPage\":{\"@id\":\"https:\/\/dicodusport.fr\/blog\/mercato-montpellier-elye-wahi-va-signer-a-lens\/\"},\"wordCount\":251,\"commentCount\":0,\"publisher\":{\"@id\":\"https:\/\/dicodusport.fr\/blog\/#organization\"},\"image\":{\"@id\":\"https:\/\/dicodusport.fr\/blog\/mercato-montpellier-elye-wahi-va-signer-a-lens\/#primaryimage\"},\"thumbnailUrl\":\"https:\/\/dicodusport.fr\/blog\/wp-content\/uploads\/2023\/08\/Mercato-Montpellier-Elye-Wahi-va-signer-a-Lens.png\",\"keywords\":[\"br\u00e8ve\",\"Elye Wahi\",\"Football\",\"Lens\"],\"articleSection\":[\"Football\",\"Ligue 1\"],\"inLanguage\":\"fr-FR\",\"potentialAction\":[{\"@type\":\"CommentAction\",\"name\":\"Comment\",\"target\":[\"https:\/\/dicodusport.fr\/blog\/mercato-montpellier-elye-wahi-va-signer-a-lens\/#respond\"]}],\"copyrightYear\":\"2023\",\"copyrightHolder\":{\"@id\":\"https:\/\/dicodusport.fr\/blog\/#organization\"}},{\"@type\":\"WebPage\",\"@id\":\"https:\/\/dicodusport.fr\/blog\/mercato-montpellier-elye-wahi-va-signer-a-lens\/\",\"url\":\"https:\/\/dicodusport.fr\/blog\/mercato-montpellier-elye-wahi-va-signer-a-lens\/\",\"name\":\"Mercato Montpellier : Elye Wahi va signer \u00e0 Lens\",\"isPartOf\":{\"@id\":\"https:\/\/dicodusport.fr\/blog\/#website\"},\"primaryImageOfPage\":{\"@id\":\"https:\/\/dicodusport.fr\/blog\/mercato-montpellier-elye-wahi-va-signer-a-lens\/#primaryimage\"},\"image\":{\"@id\":\"https:\/\/dicodusport.fr\/blog\/mercato-montpellier-elye-wahi-va-signer-a-lens\/#primaryimage\"},\"thumbnailUrl\":\"https:\/\/dicodusport.fr\/blog\/wp-content\/uploads\/2023\/08\/Mercato-Montpellier-Elye-Wahi-va-signer-a-Lens.png\",\"datePublished\":\"2023-08-19T06:09:28+00:00\",\"dateModified\":\"2023-08-19T06:40:59+00:00\",\"description\":\"LIGUE 1 2023-2024 - Selon Foot Mercato, Elye Wahi a donn\u00e9 son accord au RC Lens pour rejoindre le club cet \u00e9t\u00e9.\",\"breadcrumb\":{\"@id\":\"https:\/\/dicodusport.fr\/blog\/mercato-montpellier-elye-wahi-va-signer-a-lens\/#breadcrumb\"},\"inLanguage\":\"fr-FR\",\"potentialAction\":[{\"@type\":\"ReadAction\",\"target\":[\"https:\/\/dicodusport.fr\/blog\/mercato-montpellier-elye-wahi-va-signer-a-lens\/\"]}]},{\"@type\":\"ImageObject\",\"inLanguage\":\"fr-FR\",\"@id\":\"https:\/\/dicodusport.fr\/blog\/mercato-montpellier-elye-wahi-va-signer-a-lens\/#primaryimage\",\"url\":\"https:\/\/dicodusport.fr\/blog\/wp-content\/uploads\/2023\/08\/Mercato-Montpellier-Elye-Wahi-va-signer-a-Lens.png\",\"contentUrl\":\"https:\/\/dicodusport.fr\/blog\/wp-content\/uploads\/2023\/08\/Mercato-Montpellier-Elye-Wahi-va-signer-a-Lens.png\",\"width\":800,\"height\":445},{\"@type\":\"BreadcrumbList\",\"@id\":\"https:\/\/dicodusport.fr\/blog\/mercato-montpellier-elye-wahi-va-signer-a-lens\/#breadcrumb\",\"itemListElement\":[{\"@type\":\"ListItem\",\"position\":1,\"name\":\"Accueil\",\"item\":\"https:\/\/dicodusport.fr\/blog\/\"},{\"@type\":\"ListItem\",\"position\":2,\"name\":\"Mercato Montpellier : Elye Wahi va signer \u00e0 Lens\"}]},{\"@type\":\"WebSite\",\"@id\":\"https:\/\/dicodusport.fr\/blog\/#website\",\"url\":\"https:\/\/dicodusport.fr\/blog\/\",\"name\":\"Dicodusport\",\"description\":\"L&#039;encyclop\u00e9die de l&#039;actualit\u00e9 sportive\",\"publisher\":{\"@id\":\"https:\/\/dicodusport.fr\/blog\/#organization\"},\"potentialAction\":[{\"@type\":\"SearchAction\",\"target\":{\"@type\":\"EntryPoint\",\"urlTemplate\":\"https:\/\/dicodusport.fr\/blog\/?s={search_term_string}\"},\"query-input\":{\"@type\":\"PropertyValueSpecification\",\"valueRequired\":true,\"valueName\":\"search_term_string\"}}],\"inLanguage\":\"fr-FR\"},{\"@type\":\"NewsMediaOrganization\",\"@id\":\"https:\/\/dicodusport.fr\/blog\/#organization\",\"name\":\"Dicodusport\",\"url\":\"https:\/\/dicodusport.fr\/blog\/\",\"logo\":{\"@type\":\"ImageObject\",\"inLanguage\":\"fr-FR\",\"@id\":\"https:\/\/dicodusport.fr\/blog\/#\/schema\/logo\/image\/\",\"url\":\"https:\/\/dicodusport.fr\/blog\/wp-content\/uploads\/2020\/06\/cropped-LOGO-DICODUSPORT-2020-SANS-FOND-SANS-TEXTE.png\",\"contentUrl\":\"https:\/\/dicodusport.fr\/blog\/wp-content\/uploads\/2020\/06\/cropped-LOGO-DICODUSPORT-2020-SANS-FOND-SANS-TEXTE.png\",\"width\":512,\"height\":512,\"caption\":\"Dicodusport\"},\"image\":{\"@id\":\"https:\/\/dicodusport.fr\/blog\/#\/schema\/logo\/image\/\"},\"sameAs\":[\"https:\/\/www.facebook.com\/dicodusport\",\"https:\/\/x.com\/dicodusport\",\"https:\/\/www.instagram.com\/dicodusport\/\",\"https:\/\/www.youtube.com\/channel\/UC7V2KZ5sd3htJivAbA4ZG3w\"],\"description\":\"Dicodusport est l'encyclop\u00e9die de l'actualit\u00e9 sportive.\",\"email\":\"bonjour@dicodusport.fr\",\"legalName\":\"DICODUSPORT\",\"foundingDate\":\"2018-01-14\",\"vatID\":\"FR71834470973\",\"taxID\":\"83447097300043\",\"numberOfEmployees\":{\"@type\":\"QuantitativeValue\",\"minValue\":\"1\",\"maxValue\":\"10\"}},{\"@type\":\"Person\",\"@id\":\"https:\/\/dicodusport.fr\/blog\/#\/schema\/person\/55dcb50ad410894e431ed812bbb70191\",\"name\":\"Nicolas Jacquemard\",\"image\":{\"@type\":\"ImageObject\",\"inLanguage\":\"fr-FR\",\"@id\":\"https:\/\/dicodusport.fr\/blog\/#\/schema\/person\/image\/\",\"url\":\"https:\/\/dicodusport.fr\/blog\/wp-content\/uploads\/2021\/05\/Nicolas-Jacquemard-150x150.jpeg\",\"contentUrl\":\"https:\/\/dicodusport.fr\/blog\/wp-content\/uploads\/2021\/05\/Nicolas-Jacquemard-150x150.jpeg\",\"caption\":\"Nicolas Jacquemard\"},\"description\":\"Passionn\u00e9 de sport et entrepreneur depuis mes 18 ans, la cr\u00e9ation de Dicodusport m'a sembl\u00e9 \u00e9vidente pour participer \u00e0 la m\u00e9diatisation d'un plus grand nombre de sports. Le chemin est long mais avec une \u00e9quipe des plus motiv\u00e9es et les Jeux Olympiques de Paris 2024 en point de mire, nous y arriverons ! Journaliste dans le monde du sport depuis plus de 5 ans, je traite aussi bien de football, de rugby, de biathlon que de cyclisme.\",\"sameAs\":[\"https:\/\/www.facebook.com\/dicodusport\",\"https:\/\/x.com\/https:\/\/twitter.com\/Nico_Jacquemard\"],\"url\":\"https:\/\/dicodusport.fr\/blog\/author\/dicodusport\/\"}]}<\/script>\n<!-- \/ Yoast SEO Premium plugin. -->","yoast_head_json":{"title":"Mercato Montpellier : Elye Wahi va signer \u00e0 Lens","description":"LIGUE 1 2023-2024 - Selon Foot Mercato, Elye Wahi a donn\u00e9 son accord au RC Lens pour rejoindre le club cet \u00e9t\u00e9.","robots":{"index":"index","follow":"follow","max-snippet":"max-snippet:-1","max-image-preview":"max-image-preview:large","max-video-preview":"max-video-preview:-1"},"canonical":"https:\/\/dicodusport.fr\/blog\/mercato-montpellier-elye-wahi-va-signer-a-lens\/","og_locale":"fr_FR","og_type":"article","og_title":"Mercato Montpellier : Elye Wahi va signer \u00e0 Lens","og_description":"LIGUE 1 2023-2024 - Selon Foot Mercato, Elye Wahi a donn\u00e9 son accord au RC Lens pour rejoindre le club cet \u00e9t\u00e9.","og_url":"https:\/\/dicodusport.fr\/blog\/mercato-montpellier-elye-wahi-va-signer-a-lens\/","og_site_name":"Dicodusport","article_publisher":"https:\/\/www.facebook.com\/dicodusport","article_author":"https:\/\/www.facebook.com\/dicodusport","article_published_time":"2023-08-19T06:09:28+00:00","article_modified_time":"2023-08-19T06:40:59+00:00","og_image":[{"width":800,"height":445,"url":"https:\/\/dicodusport.fr\/blog\/wp-content\/uploads\/2023\/08\/Mercato-Montpellier-Elye-Wahi-va-signer-a-Lens.png","type":"image\/png"}],"author":"Nicolas Jacquemard","twitter_card":"summary_large_image","twitter_title":"Mercato Montpellier : Elye Wahi va signer \u00e0 Lens","twitter_creator":"@https:\/\/twitter.com\/Nico_Jacquemard","twitter_site":"@dicodusport","schema":{"@context":"https:\/\/schema.org","@graph":[{"@type":"NewsArticle","@id":"https:\/\/dicodusport.fr\/blog\/mercato-montpellier-elye-wahi-va-signer-a-lens\/#article","isPartOf":{"@id":"https:\/\/dicodusport.fr\/blog\/mercato-montpellier-elye-wahi-va-signer-a-lens\/"},"author":{"name":"Nicolas Jacquemard","@id":"https:\/\/dicodusport.fr\/blog\/#\/schema\/person\/55dcb50ad410894e431ed812bbb70191"},"headline":"Mercato Montpellier : Elye Wahi va signer \u00e0 Lens","datePublished":"2023-08-19T06:09:28+00:00","dateModified":"2023-08-19T06:40:59+00:00","mainEntityOfPage":{"@id":"https:\/\/dicodusport.fr\/blog\/mercato-montpellier-elye-wahi-va-signer-a-lens\/"},"wordCount":251,"commentCount":0,"publisher":{"@id":"https:\/\/dicodusport.fr\/blog\/#organization"},"image":{"@id":"https:\/\/dicodusport.fr\/blog\/mercato-montpellier-elye-wahi-va-signer-a-lens\/#primaryimage"},"thumbnailUrl":"https:\/\/dicodusport.fr\/blog\/wp-content\/uploads\/2023\/08\/Mercato-Montpellier-Elye-Wahi-va-signer-a-Lens.png","keywords":["br\u00e8ve","Elye Wahi","Football","Lens"],"articleSection":["Football","Ligue 1"],"inLanguage":"fr-FR","potentialAction":[{"@type":"CommentAction","name":"Comment","target":["https:\/\/dicodusport.fr\/blog\/mercato-montpellier-elye-wahi-va-signer-a-lens\/#respond"]}],"copyrightYear":"2023","copyrightHolder":{"@id":"https:\/\/dicodusport.fr\/blog\/#organization"}},{"@type":"WebPage","@id":"https:\/\/dicodusport.fr\/blog\/mercato-montpellier-elye-wahi-va-signer-a-lens\/","url":"https:\/\/dicodusport.fr\/blog\/mercato-montpellier-elye-wahi-va-signer-a-lens\/","name":"Mercato Montpellier : Elye Wahi va signer \u00e0 Lens","isPartOf":{"@id":"https:\/\/dicodusport.fr\/blog\/#website"},"primaryImageOfPage":{"@id":"https:\/\/dicodusport.fr\/blog\/mercato-montpellier-elye-wahi-va-signer-a-lens\/#primaryimage"},"image":{"@id":"https:\/\/dicodusport.fr\/blog\/mercato-montpellier-elye-wahi-va-signer-a-lens\/#primaryimage"},"thumbnailUrl":"https:\/\/dicodusport.fr\/blog\/wp-content\/uploads\/2023\/08\/Mercato-Montpellier-Elye-Wahi-va-signer-a-Lens.png","datePublished":"2023-08-19T06:09:28+00:00","dateModified":"2023-08-19T06:40:59+00:00","description":"LIGUE 1 2023-2024 - Selon Foot Mercato, Elye Wahi a donn\u00e9 son accord au RC Lens pour rejoindre le club cet \u00e9t\u00e9.","breadcrumb":{"@id":"https:\/\/dicodusport.fr\/blog\/mercato-montpellier-elye-wahi-va-signer-a-lens\/#breadcrumb"},"inLanguage":"fr-FR","potentialAction":[{"@type":"ReadAction","target":["https:\/\/dicodusport.fr\/blog\/mercato-montpellier-elye-wahi-va-signer-a-lens\/"]}]},{"@type":"ImageObject","inLanguage":"fr-FR","@id":"https:\/\/dicodusport.fr\/blog\/mercato-montpellier-elye-wahi-va-signer-a-lens\/#primaryimage","url":"https:\/\/dicodusport.fr\/blog\/wp-content\/uploads\/2023\/08\/Mercato-Montpellier-Elye-Wahi-va-signer-a-Lens.png","contentUrl":"https:\/\/dicodusport.fr\/blog\/wp-content\/uploads\/2023\/08\/Mercato-Montpellier-Elye-Wahi-va-signer-a-Lens.png","width":800,"height":445},{"@type":"BreadcrumbList","@id":"https:\/\/dicodusport.fr\/blog\/mercato-montpellier-elye-wahi-va-signer-a-lens\/#breadcrumb","itemListElement":[{"@type":"ListItem","position":1,"name":"Accueil","item":"https:\/\/dicodusport.fr\/blog\/"},{"@type":"ListItem","position":2,"name":"Mercato Montpellier : Elye Wahi va signer \u00e0 Lens"}]},{"@type":"WebSite","@id":"https:\/\/dicodusport.fr\/blog\/#website","url":"https:\/\/dicodusport.fr\/blog\/","name":"Dicodusport","description":"L&#039;encyclop\u00e9die de l&#039;actualit\u00e9 sportive","publisher":{"@id":"https:\/\/dicodusport.fr\/blog\/#organization"},"potentialAction":[{"@type":"SearchAction","target":{"@type":"EntryPoint","urlTemplate":"https:\/\/dicodusport.fr\/blog\/?s={search_term_string}"},"query-input":{"@type":"PropertyValueSpecification","valueRequired":true,"valueName":"search_term_string"}}],"inLanguage":"fr-FR"},{"@type":"NewsMediaOrganization","@id":"https:\/\/dicodusport.fr\/blog\/#organization","name":"Dicodusport","url":"https:\/\/dicodusport.fr\/blog\/","logo":{"@type":"ImageObject","inLanguage":"fr-FR","@id":"https:\/\/dicodusport.fr\/blog\/#\/schema\/logo\/image\/","url":"https:\/\/dicodusport.fr\/blog\/wp-content\/uploads\/2020\/06\/cropped-LOGO-DICODUSPORT-2020-SANS-FOND-SANS-TEXTE.png","contentUrl":"https:\/\/dicodusport.fr\/blog\/wp-content\/uploads\/2020\/06\/cropped-LOGO-DICODUSPORT-2020-SANS-FOND-SANS-TEXTE.png","width":512,"height":512,"caption":"Dicodusport"},"image":{"@id":"https:\/\/dicodusport.fr\/blog\/#\/schema\/logo\/image\/"},"sameAs":["https:\/\/www.facebook.com\/dicodusport","https:\/\/x.com\/dicodusport","https:\/\/www.instagram.com\/dicodusport\/","https:\/\/www.youtube.com\/channel\/UC7V2KZ5sd3htJivAbA4ZG3w"],"description":"Dicodusport est l'encyclop\u00e9die de l'actualit\u00e9 sportive.","email":"bonjour@dicodusport.fr","legalName":"DICODUSPORT","foundingDate":"2018-01-14","vatID":"FR71834470973","taxID":"83447097300043","numberOfEmployees":{"@type":"QuantitativeValue","minValue":"1","maxValue":"10"}},{"@type":"Person","@id":"https:\/\/dicodusport.fr\/blog\/#\/schema\/person\/55dcb50ad410894e431ed812bbb70191","name":"Nicolas Jacquemard","image":{"@type":"ImageObject","inLanguage":"fr-FR","@id":"https:\/\/dicodusport.fr\/blog\/#\/schema\/person\/image\/","url":"https:\/\/dicodusport.fr\/blog\/wp-content\/uploads\/2021\/05\/Nicolas-Jacquemard-150x150.jpeg","contentUrl":"https:\/\/dicodusport.fr\/blog\/wp-content\/uploads\/2021\/05\/Nicolas-Jacquemard-150x150.jpeg","caption":"Nicolas Jacquemard"},"description":"Passionn\u00e9 de sport et entrepreneur depuis mes 18 ans, la cr\u00e9ation de Dicodusport m'a sembl\u00e9 \u00e9vidente pour participer \u00e0 la m\u00e9diatisation d'un plus grand nombre de sports. Le chemin est long mais avec une \u00e9quipe des plus motiv\u00e9es et les Jeux Olympiques de Paris 2024 en point de mire, nous y arriverons ! Journaliste dans le monde du sport depuis plus de 5 ans, je traite aussi bien de football, de rugby, de biathlon que de cyclisme.","sameAs":["https:\/\/www.facebook.com\/dicodusport","https:\/\/x.com\/https:\/\/twitter.com\/Nico_Jacquemard"],"url":"https:\/\/dicodusport.fr\/blog\/author\/dicodusport\/"}]}},"_links":{"self":[{"href":"https:\/\/dicodusport.fr\/blog\/wp-json\/wp\/v2\/posts\/409687","targetHints":{"allow":["GET"]}}],"collection":[{"href":"https:\/\/dicodusport.fr\/blog\/wp-json\/wp\/v2\/posts"}],"about":[{"href":"https:\/\/dicodusport.fr\/blog\/wp-json\/wp\/v2\/types\/post"}],"author":[{"embeddable":true,"href":"https:\/\/dicodusport.fr\/blog\/wp-json\/wp\/v2\/users\/1"}],"replies":[{"embeddable":true,"href":"https:\/\/dicodusport.fr\/blog\/wp-json\/wp\/v2\/comments?post=409687"}],"version-history":[{"count":0,"href":"https:\/\/dicodusport.fr\/blog\/wp-json\/wp\/v2\/posts\/409687\/revisions"}],"wp:featuredmedia":[{"embeddable":true,"href":"https:\/\/dicodusport.fr\/blog\/wp-json\/wp\/v2\/media\/409689"}],"wp:attachment":[{"href":"https:\/\/dicodusport.fr\/blog\/wp-json\/wp\/v2\/media?parent=409687"}],"wp:term":[{"taxonomy":"category","embeddable":true,"href":"https:\/\/dicodusport.fr\/blog\/wp-json\/wp\/v2\/categories?post=409687"},{"taxonomy":"post_tag","embeddable":true,"href":"https:\/\/dicodusport.fr\/blog\/wp-json\/wp\/v2\/tags?post=409687"}],"curies":[{"name":"wp","href":"https:\/\/api.w.org\/{rel}","templated":true}]}}