{"id":409816,"date":"2023-08-19T16:18:03","date_gmt":"2023-08-19T14:18:03","guid":{"rendered":"https:\/\/dicodusport.fr\/blog\/?p=409816&#038;preview=true&#038;preview_id=409816"},"modified":"2023-08-19T16:18:03","modified_gmt":"2023-08-19T14:18:03","slug":"mondiaux-dathletisme-2023-record-personnel-pour-gabriel-bordier-et-le-relais-mixte-lors-de-la-premiere-matinee","status":"publish","type":"post","link":"https:\/\/dicodusport.fr\/blog\/mondiaux-dathletisme-2023-record-personnel-pour-gabriel-bordier-et-le-relais-mixte-lors-de-la-premiere-matinee\/","title":{"rendered":"Mondiaux d&rsquo;athl\u00e9tisme 2023 : Record personnel pour Gabriel Bordier et le relais mixte lors de la premi\u00e8re matin\u00e9e"},"content":{"rendered":"<p style=\"text-align: justify;\"><em><strong><a href=\"https:\/\/dicodusport.fr\/blog\/actualites\/athletisme\/championnats-du-monde-athletisme-2023\/\">CHAMPIONNATS DU MONDE D&rsquo;ATHL\u00c9TISME 2023<\/a> &#8211; R\u00e9sultats fran\u00e7ais mitig\u00e9s pour cette premi\u00e8re matin\u00e9e de comp\u00e9tition.<br \/>\n<\/strong><\/em><\/p>\n<h2>Gabriel Bordier et le relais mixte lancent les Bleus<\/h2>\n<p style=\"text-align: justify;\">Cette premi\u00e8re journ\u00e9e de Championnats du monde \u00e0 Budapest a d\u00e9but\u00e9 par de la <strong>pluie<\/strong>. Qui a retard\u00e9 le programme de 2h pour le 20 km marche et d&rsquo;une heure pour les \u00e9preuves au stade. Sous les trombes d&rsquo;eau, <strong>Gabriel Bordier<\/strong> a r\u00e9alis\u00e9 la deuxi\u00e8me meilleure performance fran\u00e7aise de tous les temps derri\u00e8re le roi Diniz (1:18.59). Il termine 10e de la finale du <strong>20 km marche <\/strong>remport\u00e9 par<strong> Alvaro Martin<\/strong> en 1:17.32.<\/p>\n<div class=\"vlp-link-container vlp-layout-article\"><a href=\"https:\/\/dicodusport.fr\/blog\/mondiaux-dathletisme-2023-gabriel-bordier-10e-du-20-km-marche-alvaro-martin-sacre\/\" class=\"vlp-link\" title=\"Mondiaux d&#039;athl\u00e9tisme 2023 : Gabriel Bordier 10e du 20 km marche, Alvaro Martin sacr\u00e9\"><\/a><div class=\"vlp-layout-zone-side\"><div class=\"vlp-block-4 vlp-link-image\"><img loading=\"lazy\" decoding=\"async\" style=\"max-width: 800px;\" width=\"800\" height=\"445\" src=\"https:\/\/dicodusport.fr\/blog\/wp-content\/uploads\/2023\/08\/Mondiaux-dathletisme-2023-Gabriel-Bordier-10e-du-20-km-marche-Alvaro-Martin-sacre.png\" class=\"attachment-800x445 size-800x445\" alt=\"\" srcset=\"https:\/\/dicodusport.fr\/blog\/wp-content\/uploads\/2023\/08\/Mondiaux-dathletisme-2023-Gabriel-Bordier-10e-du-20-km-marche-Alvaro-Martin-sacre.png 800w, https:\/\/dicodusport.fr\/blog\/wp-content\/uploads\/2023\/08\/Mondiaux-dathletisme-2023-Gabriel-Bordier-10e-du-20-km-marche-Alvaro-Martin-sacre-300x167.png 300w, https:\/\/dicodusport.fr\/blog\/wp-content\/uploads\/2023\/08\/Mondiaux-dathletisme-2023-Gabriel-Bordier-10e-du-20-km-marche-Alvaro-Martin-sacre-768x427.png 768w\" sizes=\"auto, (max-width: 800px) 100vw, 800px\" \/><\/div><\/div><div class=\"vlp-layout-zone-main\"><div class=\"vlp-block-0 vlp-link-title\">Mondiaux d'athl\u00e9tisme 2023 : Gabriel Bordier 10e du 20 km marche, Alvaro Martin sacr\u00e9<\/div><div class=\"vlp-block-1 vlp-link-summary\">CHAMPIONNATS DU MONDE D'ATHL\u00c9TISME 2023 - Le Fran\u00e7ais Gabriel Bordier a pris la 10\u1d49 place du 20 km marche en battant son record personnel (1h18:59). Le titre est revenu \u00e0 l'Espagnol Alvaro Martin.<\/div><div class=\"vlp-block-2 vlp-link-button\">Lire l'article<\/div><div class=\"vlp-block-3 vlp-link-url\">dicodusport.fr<\/div><\/div><\/div>\n<p style=\"text-align: justify;\">Du c\u00f4t\u00e9 du stade, c&rsquo;est l&rsquo;heptathlon qui a lanc\u00e9 les hostilit\u00e9s avec le 100 m haies.<\/p>\n<p style=\"text-align: justify;\">En qualifications du relais mixte 4&#215;400 m, la<strong> France<\/strong> emmen\u00e9e par <strong>Gilles Biron<\/strong>, <strong>Louise Maraval<\/strong>, <strong>T\u00e9o Andant<\/strong> et<strong> Amandine Brossier<\/strong> s&rsquo;est qualifi\u00e9e pour la finale. Biron a pass\u00e9 le relais en 5e position derri\u00e8re l&rsquo;Allemagne, la Suisse, la Jama\u00efque,et les Pays-Bas. Louise Maraval a grimp\u00e9 d&rsquo;une place mais les \u00e9carts se sont r\u00e9duits entre les 2 premi\u00e8res et elle. Et les Pays-bas ont pris les devants. Bonne derni\u00e8re ligne droite de T\u00e9o Andant qui permet \u00e0 la France de passer deuxi\u00e8me, dans le m\u00eame temps que les Pays-Bas. Amandine Brossier est parvenue \u00e0 garder cette place derri\u00e8re Femke Bol pour un temps total de 3:12.25, nouveau record national. On retrouvera donc les Fran\u00e7ais en finale ce soin en cl\u00f4ture \u00e0 21h47.<\/p>\n<h2>\u00c7a casse pour Kpatcha<\/h2>\n<p style=\"text-align: justify;\">Malheureusement, <strong>Hilary Kpatcha<\/strong> n&rsquo;a pas pu aller au bout de son concours de la <strong>longueur<\/strong>. Apr\u00e8s son premier essai qu&rsquo;elle n&rsquo;a pas pu mener \u00e0 bout, elle a renonc\u00e9. La Fran\u00e7aise est touch\u00e9e aux ischio-jambiers et voit ses deuxi\u00e8mes Mondiaux s&rsquo;arr\u00eater pr\u00e9matur\u00e9ment. Cruel pour la jeune athl\u00e8te qui avait d\u00e9j\u00e0 connu une <a href=\"https:\/\/dicodusport.fr\/blog\/hilary-kpatcha-avoir-fait-les-minima-cest-un-luxe\/\">p\u00e9riode de blessure difficile<\/a>.<\/p>\n<p style=\"text-align: justify;\">Il participait \u00e0 ses premiers Mondiaux.<strong> Fred Moudani-Likibi<\/strong> est pass\u00e9 \u00e0 son concours du <strong>lancer du poids<\/strong>. Apr\u00e8s deux essais manqu\u00e9s, il a lanc\u00e9 \u00e0 18.88 m. Et ne verra donc pas la finale.<\/p>\n<p style=\"text-align: justify;\">En s\u00e9ries du <strong>3000 m steeple<\/strong>, <strong>Djilali Bedrani<\/strong> \u00e9tait bien parti dans les 5 premiers. Il est m\u00eame pass\u00e9 3e apr\u00e8s 1200 m avant de reculer. Dans l&#8217;emballage, un groupe de 4 s&rsquo;est d\u00e9gag\u00e9 et le Fran\u00e7ais s&rsquo;est retrouv\u00e9 dans le groupe des poursuivants \u00e0 la lutte pour la derni\u00e8re place qualificative. Malgr\u00e9 de gros efforts dans la ligne droite, il termine 7e en 8:20.69. Loin de ses standards et insuffisant pour rentrer en finale.<\/p>\n<p style=\"text-align: justify;\">Dans sa s\u00e9rie du <strong>1500 m<\/strong> men\u00e9e par Faith Kipyegon, <strong>Agathe Guillemot<\/strong> termine malheureusement 8e en 4:06.18. Pas de finale pour elle.<\/p>\n<p style=\"text-align: justify;\">Enfin, <strong>Yann Chaussinand<\/strong> n&rsquo;a pas pu se lib\u00e9rer non plus dans son concours de <strong>lancer du marteau<\/strong>. Il termine \u00e0 72.17 m \u00e0 son 2e essai. Les deux autres n&rsquo;ont pas \u00e9t\u00e9 mesur\u00e9s.<\/p>\n<h2>D\u00e9but d&rsquo;heptathlon encourageant pour Esther Conde-Turpin<\/h2>\n<p style=\"text-align: justify;\">Apr\u00e8s 2 \u00e9preuves, <strong>Esther-Cond\u00e9 Turpin<\/strong> est 7e avec 2030 points. Elle et <strong>Auriana Lazraq-Khlass<\/strong> ont r\u00e9alis\u00e9 un bon concours de la hauteur avec 1.77 m franchis. Celle-ci se classe 13e avec 1974 points. La hauteur a \u00e9t\u00e9 plus compliqu\u00e9e pour <strong>L\u00e9onie Cambours<\/strong> qui n&rsquo;a pas r\u00e9ussi \u00e0 franchir 1.77 m. Elle est 15e avec 1944 points mais pas d\u00e9courag\u00e9e pour autant.<\/p>\n<h2 style=\"text-align: justify;\">\u00c0 lire aussi<\/h2>\n<ul>\n<li style=\"text-align: justify;\"><a href=\"https:\/\/dicodusport.fr\/blog\/actualites\/athletisme\/championnats-du-monde-athletisme-2023\/\"><strong>Calendrier et r\u00e9sultats des championnats du monde d&rsquo;athl\u00e9tisme<\/strong><\/a><\/li>\n<li style=\"text-align: justify;\"><a href=\"https:\/\/dicodusport.fr\/blog\/tableau-des-medailles-athletisme-championnats-du-monde-2023\/\"><strong>Tableau des m\u00e9dailles<\/strong><\/a><\/li>\n<\/ul>\n","protected":false},"excerpt":{"rendered":"<p>CHAMPIONNATS DU MONDE D&rsquo;ATHL\u00c9TISME 2023 &#8211; R\u00e9sultats fran\u00e7ais mitig\u00e9s pour cette premi\u00e8re matin\u00e9e de comp\u00e9tition.<\/p>\n","protected":false},"author":12,"featured_media":409851,"comment_status":"open","ping_status":"closed","sticky":false,"template":"","format":"standard","meta":{"_acf_changed":false,"_daextam_enable_autolinks":"","footnotes":""},"categories":[46997],"tags":[143,16878,8813,33623,22414,16522],"class_list":["post-409816","post","type-post","status-publish","format-standard","has-post-thumbnail","hentry","category-championnats-du-monde-athletisme","tag-athletisme","tag-breve","tag-djilali-bedrani","tag-gabriel-bordier","tag-leonie-cambours","tag-yann-chaussinand"],"acf":[],"yoast_head":"<!-- This site is optimized with the Yoast SEO Premium plugin v26.7 (Yoast SEO v26.7) - https:\/\/yoast.com\/wordpress\/plugins\/seo\/ -->\n<title>Mondiaux d&#039;athl\u00e9tisme 2023 : Record personnel pour Gabriel Bordier et le relais mixte lors de la premi\u00e8re matin\u00e9e<\/title>\n<meta name=\"description\" content=\"CHAMPIONNATS DU MONDE D&#039;ATHL\u00c9TISME 2023 - R\u00e9sultats fran\u00e7ais mitig\u00e9s pour cette premi\u00e8re matin\u00e9e de comp\u00e9tition.\" \/>\n<meta name=\"robots\" content=\"index, follow, max-snippet:-1, max-image-preview:large, max-video-preview:-1\" \/>\n<link rel=\"canonical\" href=\"https:\/\/dicodusport.fr\/blog\/mondiaux-dathletisme-2023-record-personnel-pour-gabriel-bordier-et-le-relais-mixte-lors-de-la-premiere-matinee\/\" \/>\n<meta property=\"og:locale\" content=\"fr_FR\" \/>\n<meta property=\"og:type\" content=\"article\" \/>\n<meta property=\"og:title\" content=\"Mondiaux d&#039;athl\u00e9tisme 2023 : Record personnel pour Gabriel Bordier et le relais mixte lors de la premi\u00e8re matin\u00e9e\" \/>\n<meta property=\"og:description\" content=\"CHAMPIONNATS DU MONDE D&#039;ATHL\u00c9TISME 2023 - R\u00e9sultats fran\u00e7ais mitig\u00e9s pour cette premi\u00e8re matin\u00e9e de comp\u00e9tition.\" \/>\n<meta property=\"og:url\" content=\"https:\/\/dicodusport.fr\/blog\/mondiaux-dathletisme-2023-record-personnel-pour-gabriel-bordier-et-le-relais-mixte-lors-de-la-premiere-matinee\/\" \/>\n<meta property=\"og:site_name\" content=\"Dicodusport\" \/>\n<meta property=\"article:publisher\" content=\"https:\/\/www.facebook.com\/dicodusport\" \/>\n<meta property=\"article:published_time\" content=\"2023-08-19T14:18:03+00:00\" \/>\n<meta property=\"og:image\" content=\"https:\/\/dicodusport.fr\/blog\/wp-content\/uploads\/2023\/08\/Mondiaux-dathletisme-2023-Record-personnel-pour-Gabriel-Bordier-et-le-relais-mixte-lors-de-la-premiere-matinee.png\" \/>\n\t<meta property=\"og:image:width\" content=\"800\" \/>\n\t<meta property=\"og:image:height\" content=\"445\" \/>\n\t<meta property=\"og:image:type\" content=\"image\/png\" \/>\n<meta name=\"author\" content=\"Arlette Yeye\" \/>\n<meta name=\"twitter:card\" content=\"summary_large_image\" \/>\n<meta name=\"twitter:title\" content=\"Mondiaux d&#039;athl\u00e9tisme 2023 : Record personnel pour Gabriel Bordier et le relais mixte lors de la premi\u00e8re matin\u00e9e\" \/>\n<meta name=\"twitter:creator\" content=\"@https:\/\/twitter.com\/Shiclette94\" \/>\n<meta name=\"twitter:site\" content=\"@dicodusport\" \/>\n<script type=\"application\/ld+json\" class=\"yoast-schema-graph\">{\"@context\":\"https:\/\/schema.org\",\"@graph\":[{\"@type\":\"NewsArticle\",\"@id\":\"https:\/\/dicodusport.fr\/blog\/mondiaux-dathletisme-2023-record-personnel-pour-gabriel-bordier-et-le-relais-mixte-lors-de-la-premiere-matinee\/#article\",\"isPartOf\":{\"@id\":\"https:\/\/dicodusport.fr\/blog\/mondiaux-dathletisme-2023-record-personnel-pour-gabriel-bordier-et-le-relais-mixte-lors-de-la-premiere-matinee\/\"},\"author\":{\"name\":\"Arlette Yeye\",\"@id\":\"https:\/\/dicodusport.fr\/blog\/#\/schema\/person\/cce96fa88785bd8573e3d43078ac8c79\"},\"headline\":\"Mondiaux d&rsquo;athl\u00e9tisme 2023 : Record personnel pour Gabriel Bordier et le relais mixte lors de la premi\u00e8re matin\u00e9e\",\"datePublished\":\"2023-08-19T14:18:03+00:00\",\"mainEntityOfPage\":{\"@id\":\"https:\/\/dicodusport.fr\/blog\/mondiaux-dathletisme-2023-record-personnel-pour-gabriel-bordier-et-le-relais-mixte-lors-de-la-premiere-matinee\/\"},\"wordCount\":698,\"commentCount\":0,\"publisher\":{\"@id\":\"https:\/\/dicodusport.fr\/blog\/#organization\"},\"image\":{\"@id\":\"https:\/\/dicodusport.fr\/blog\/mondiaux-dathletisme-2023-record-personnel-pour-gabriel-bordier-et-le-relais-mixte-lors-de-la-premiere-matinee\/#primaryimage\"},\"thumbnailUrl\":\"https:\/\/dicodusport.fr\/blog\/wp-content\/uploads\/2023\/08\/Mondiaux-dathletisme-2023-Record-personnel-pour-Gabriel-Bordier-et-le-relais-mixte-lors-de-la-premiere-matinee.png\",\"keywords\":[\"Athl\u00e9tisme\",\"br\u00e8ve\",\"Djilali Bedrani\",\"Gabriel Bordier\",\"L\u00e9onie Cambours\",\"Yann Chaussinand\"],\"articleSection\":[\"Championnats du monde d'athl\u00e9tisme\"],\"inLanguage\":\"fr-FR\",\"potentialAction\":[{\"@type\":\"CommentAction\",\"name\":\"Comment\",\"target\":[\"https:\/\/dicodusport.fr\/blog\/mondiaux-dathletisme-2023-record-personnel-pour-gabriel-bordier-et-le-relais-mixte-lors-de-la-premiere-matinee\/#respond\"]}],\"copyrightYear\":\"2023\",\"copyrightHolder\":{\"@id\":\"https:\/\/dicodusport.fr\/blog\/#organization\"}},{\"@type\":\"WebPage\",\"@id\":\"https:\/\/dicodusport.fr\/blog\/mondiaux-dathletisme-2023-record-personnel-pour-gabriel-bordier-et-le-relais-mixte-lors-de-la-premiere-matinee\/\",\"url\":\"https:\/\/dicodusport.fr\/blog\/mondiaux-dathletisme-2023-record-personnel-pour-gabriel-bordier-et-le-relais-mixte-lors-de-la-premiere-matinee\/\",\"name\":\"Mondiaux d'athl\u00e9tisme 2023 : Record personnel pour Gabriel Bordier et le relais mixte lors de la premi\u00e8re matin\u00e9e\",\"isPartOf\":{\"@id\":\"https:\/\/dicodusport.fr\/blog\/#website\"},\"primaryImageOfPage\":{\"@id\":\"https:\/\/dicodusport.fr\/blog\/mondiaux-dathletisme-2023-record-personnel-pour-gabriel-bordier-et-le-relais-mixte-lors-de-la-premiere-matinee\/#primaryimage\"},\"image\":{\"@id\":\"https:\/\/dicodusport.fr\/blog\/mondiaux-dathletisme-2023-record-personnel-pour-gabriel-bordier-et-le-relais-mixte-lors-de-la-premiere-matinee\/#primaryimage\"},\"thumbnailUrl\":\"https:\/\/dicodusport.fr\/blog\/wp-content\/uploads\/2023\/08\/Mondiaux-dathletisme-2023-Record-personnel-pour-Gabriel-Bordier-et-le-relais-mixte-lors-de-la-premiere-matinee.png\",\"datePublished\":\"2023-08-19T14:18:03+00:00\",\"description\":\"CHAMPIONNATS DU MONDE D'ATHL\u00c9TISME 2023 - R\u00e9sultats fran\u00e7ais mitig\u00e9s pour cette premi\u00e8re matin\u00e9e de comp\u00e9tition.\",\"breadcrumb\":{\"@id\":\"https:\/\/dicodusport.fr\/blog\/mondiaux-dathletisme-2023-record-personnel-pour-gabriel-bordier-et-le-relais-mixte-lors-de-la-premiere-matinee\/#breadcrumb\"},\"inLanguage\":\"fr-FR\",\"potentialAction\":[{\"@type\":\"ReadAction\",\"target\":[\"https:\/\/dicodusport.fr\/blog\/mondiaux-dathletisme-2023-record-personnel-pour-gabriel-bordier-et-le-relais-mixte-lors-de-la-premiere-matinee\/\"]}]},{\"@type\":\"ImageObject\",\"inLanguage\":\"fr-FR\",\"@id\":\"https:\/\/dicodusport.fr\/blog\/mondiaux-dathletisme-2023-record-personnel-pour-gabriel-bordier-et-le-relais-mixte-lors-de-la-premiere-matinee\/#primaryimage\",\"url\":\"https:\/\/dicodusport.fr\/blog\/wp-content\/uploads\/2023\/08\/Mondiaux-dathletisme-2023-Record-personnel-pour-Gabriel-Bordier-et-le-relais-mixte-lors-de-la-premiere-matinee.png\",\"contentUrl\":\"https:\/\/dicodusport.fr\/blog\/wp-content\/uploads\/2023\/08\/Mondiaux-dathletisme-2023-Record-personnel-pour-Gabriel-Bordier-et-le-relais-mixte-lors-de-la-premiere-matinee.png\",\"width\":800,\"height\":445,\"caption\":\"Mondiaux d'athl\u00e9tisme 2023 Record personnel pour Gabriel Bordier et le relais mixte lors de la premi\u00e8re matin\u00e9e\"},{\"@type\":\"BreadcrumbList\",\"@id\":\"https:\/\/dicodusport.fr\/blog\/mondiaux-dathletisme-2023-record-personnel-pour-gabriel-bordier-et-le-relais-mixte-lors-de-la-premiere-matinee\/#breadcrumb\",\"itemListElement\":[{\"@type\":\"ListItem\",\"position\":1,\"name\":\"Accueil\",\"item\":\"https:\/\/dicodusport.fr\/blog\/\"},{\"@type\":\"ListItem\",\"position\":2,\"name\":\"Mondiaux d&rsquo;athl\u00e9tisme 2023 : Record personnel pour Gabriel Bordier et le relais mixte lors de la premi\u00e8re matin\u00e9e\"}]},{\"@type\":\"WebSite\",\"@id\":\"https:\/\/dicodusport.fr\/blog\/#website\",\"url\":\"https:\/\/dicodusport.fr\/blog\/\",\"name\":\"Dicodusport\",\"description\":\"L&#039;encyclop\u00e9die de l&#039;actualit\u00e9 sportive\",\"publisher\":{\"@id\":\"https:\/\/dicodusport.fr\/blog\/#organization\"},\"potentialAction\":[{\"@type\":\"SearchAction\",\"target\":{\"@type\":\"EntryPoint\",\"urlTemplate\":\"https:\/\/dicodusport.fr\/blog\/?s={search_term_string}\"},\"query-input\":{\"@type\":\"PropertyValueSpecification\",\"valueRequired\":true,\"valueName\":\"search_term_string\"}}],\"inLanguage\":\"fr-FR\"},{\"@type\":\"NewsMediaOrganization\",\"@id\":\"https:\/\/dicodusport.fr\/blog\/#organization\",\"name\":\"Dicodusport\",\"url\":\"https:\/\/dicodusport.fr\/blog\/\",\"logo\":{\"@type\":\"ImageObject\",\"inLanguage\":\"fr-FR\",\"@id\":\"https:\/\/dicodusport.fr\/blog\/#\/schema\/logo\/image\/\",\"url\":\"https:\/\/dicodusport.fr\/blog\/wp-content\/uploads\/2020\/06\/cropped-LOGO-DICODUSPORT-2020-SANS-FOND-SANS-TEXTE.png\",\"contentUrl\":\"https:\/\/dicodusport.fr\/blog\/wp-content\/uploads\/2020\/06\/cropped-LOGO-DICODUSPORT-2020-SANS-FOND-SANS-TEXTE.png\",\"width\":512,\"height\":512,\"caption\":\"Dicodusport\"},\"image\":{\"@id\":\"https:\/\/dicodusport.fr\/blog\/#\/schema\/logo\/image\/\"},\"sameAs\":[\"https:\/\/www.facebook.com\/dicodusport\",\"https:\/\/x.com\/dicodusport\",\"https:\/\/www.instagram.com\/dicodusport\/\",\"https:\/\/www.youtube.com\/channel\/UC7V2KZ5sd3htJivAbA4ZG3w\"],\"description\":\"Dicodusport est l'encyclop\u00e9die de l'actualit\u00e9 sportive.\",\"email\":\"bonjour@dicodusport.fr\",\"legalName\":\"DICODUSPORT\",\"foundingDate\":\"2018-01-14\",\"vatID\":\"FR71834470973\",\"taxID\":\"83447097300043\",\"numberOfEmployees\":{\"@type\":\"QuantitativeValue\",\"minValue\":\"1\",\"maxValue\":\"10\"}},{\"@type\":\"Person\",\"@id\":\"https:\/\/dicodusport.fr\/blog\/#\/schema\/person\/cce96fa88785bd8573e3d43078ac8c79\",\"name\":\"Arlette Yeye\",\"image\":{\"@type\":\"ImageObject\",\"inLanguage\":\"fr-FR\",\"@id\":\"https:\/\/dicodusport.fr\/blog\/#\/schema\/person\/image\/\",\"url\":\"https:\/\/secure.gravatar.com\/avatar\/dca4a6239e6d708e46c45d60e160de6c?s=96&d=wp_user_avatar&r=g\",\"contentUrl\":\"https:\/\/secure.gravatar.com\/avatar\/dca4a6239e6d708e46c45d60e160de6c?s=96&d=wp_user_avatar&r=g\",\"caption\":\"Arlette Yeye\"},\"description\":\"Journaliste\/r\u00e9dactrice depuis septembre 2015 - Supportrice de Chelsea, j'ai pour sports de pr\u00e9dilection le handball, l'athl\u00e9tisme et le tennis. Si je tweete plus vite que mon ombre, vous pouvez aussi me retrouver les week-ends sur les playgrounds de Bruxelles pour un petit foot ou basket entre potes. Parcourir la France, l'Europe et plus si affinit\u00e9s pour suivre mes sportifs pr\u00e9f\u00e9r\u00e9s ? Mon kif ! Et c'est avec plaisir que je partage les r\u00e9sultats des sports populaires mais \u00e9galement plus confidentiels pour Dicodusport.\",\"sameAs\":[\"https:\/\/x.com\/https:\/\/twitter.com\/Shiclette94\"],\"url\":\"https:\/\/dicodusport.fr\/blog\/author\/arlette\/\"}]}<\/script>\n<!-- \/ Yoast SEO Premium plugin. -->","yoast_head_json":{"title":"Mondiaux d'athl\u00e9tisme 2023 : Record personnel pour Gabriel Bordier et le relais mixte lors de la premi\u00e8re matin\u00e9e","description":"CHAMPIONNATS DU MONDE D'ATHL\u00c9TISME 2023 - R\u00e9sultats fran\u00e7ais mitig\u00e9s pour cette premi\u00e8re matin\u00e9e de comp\u00e9tition.","robots":{"index":"index","follow":"follow","max-snippet":"max-snippet:-1","max-image-preview":"max-image-preview:large","max-video-preview":"max-video-preview:-1"},"canonical":"https:\/\/dicodusport.fr\/blog\/mondiaux-dathletisme-2023-record-personnel-pour-gabriel-bordier-et-le-relais-mixte-lors-de-la-premiere-matinee\/","og_locale":"fr_FR","og_type":"article","og_title":"Mondiaux d'athl\u00e9tisme 2023 : Record personnel pour Gabriel Bordier et le relais mixte lors de la premi\u00e8re matin\u00e9e","og_description":"CHAMPIONNATS DU MONDE D'ATHL\u00c9TISME 2023 - R\u00e9sultats fran\u00e7ais mitig\u00e9s pour cette premi\u00e8re matin\u00e9e de comp\u00e9tition.","og_url":"https:\/\/dicodusport.fr\/blog\/mondiaux-dathletisme-2023-record-personnel-pour-gabriel-bordier-et-le-relais-mixte-lors-de-la-premiere-matinee\/","og_site_name":"Dicodusport","article_publisher":"https:\/\/www.facebook.com\/dicodusport","article_published_time":"2023-08-19T14:18:03+00:00","og_image":[{"width":800,"height":445,"url":"https:\/\/dicodusport.fr\/blog\/wp-content\/uploads\/2023\/08\/Mondiaux-dathletisme-2023-Record-personnel-pour-Gabriel-Bordier-et-le-relais-mixte-lors-de-la-premiere-matinee.png","type":"image\/png"}],"author":"Arlette Yeye","twitter_card":"summary_large_image","twitter_title":"Mondiaux d'athl\u00e9tisme 2023 : Record personnel pour Gabriel Bordier et le relais mixte lors de la premi\u00e8re matin\u00e9e","twitter_creator":"@https:\/\/twitter.com\/Shiclette94","twitter_site":"@dicodusport","schema":{"@context":"https:\/\/schema.org","@graph":[{"@type":"NewsArticle","@id":"https:\/\/dicodusport.fr\/blog\/mondiaux-dathletisme-2023-record-personnel-pour-gabriel-bordier-et-le-relais-mixte-lors-de-la-premiere-matinee\/#article","isPartOf":{"@id":"https:\/\/dicodusport.fr\/blog\/mondiaux-dathletisme-2023-record-personnel-pour-gabriel-bordier-et-le-relais-mixte-lors-de-la-premiere-matinee\/"},"author":{"name":"Arlette Yeye","@id":"https:\/\/dicodusport.fr\/blog\/#\/schema\/person\/cce96fa88785bd8573e3d43078ac8c79"},"headline":"Mondiaux d&rsquo;athl\u00e9tisme 2023 : Record personnel pour Gabriel Bordier et le relais mixte lors de la premi\u00e8re matin\u00e9e","datePublished":"2023-08-19T14:18:03+00:00","mainEntityOfPage":{"@id":"https:\/\/dicodusport.fr\/blog\/mondiaux-dathletisme-2023-record-personnel-pour-gabriel-bordier-et-le-relais-mixte-lors-de-la-premiere-matinee\/"},"wordCount":698,"commentCount":0,"publisher":{"@id":"https:\/\/dicodusport.fr\/blog\/#organization"},"image":{"@id":"https:\/\/dicodusport.fr\/blog\/mondiaux-dathletisme-2023-record-personnel-pour-gabriel-bordier-et-le-relais-mixte-lors-de-la-premiere-matinee\/#primaryimage"},"thumbnailUrl":"https:\/\/dicodusport.fr\/blog\/wp-content\/uploads\/2023\/08\/Mondiaux-dathletisme-2023-Record-personnel-pour-Gabriel-Bordier-et-le-relais-mixte-lors-de-la-premiere-matinee.png","keywords":["Athl\u00e9tisme","br\u00e8ve","Djilali Bedrani","Gabriel Bordier","L\u00e9onie Cambours","Yann Chaussinand"],"articleSection":["Championnats du monde d'athl\u00e9tisme"],"inLanguage":"fr-FR","potentialAction":[{"@type":"CommentAction","name":"Comment","target":["https:\/\/dicodusport.fr\/blog\/mondiaux-dathletisme-2023-record-personnel-pour-gabriel-bordier-et-le-relais-mixte-lors-de-la-premiere-matinee\/#respond"]}],"copyrightYear":"2023","copyrightHolder":{"@id":"https:\/\/dicodusport.fr\/blog\/#organization"}},{"@type":"WebPage","@id":"https:\/\/dicodusport.fr\/blog\/mondiaux-dathletisme-2023-record-personnel-pour-gabriel-bordier-et-le-relais-mixte-lors-de-la-premiere-matinee\/","url":"https:\/\/dicodusport.fr\/blog\/mondiaux-dathletisme-2023-record-personnel-pour-gabriel-bordier-et-le-relais-mixte-lors-de-la-premiere-matinee\/","name":"Mondiaux d'athl\u00e9tisme 2023 : Record personnel pour Gabriel Bordier et le relais mixte lors de la premi\u00e8re matin\u00e9e","isPartOf":{"@id":"https:\/\/dicodusport.fr\/blog\/#website"},"primaryImageOfPage":{"@id":"https:\/\/dicodusport.fr\/blog\/mondiaux-dathletisme-2023-record-personnel-pour-gabriel-bordier-et-le-relais-mixte-lors-de-la-premiere-matinee\/#primaryimage"},"image":{"@id":"https:\/\/dicodusport.fr\/blog\/mondiaux-dathletisme-2023-record-personnel-pour-gabriel-bordier-et-le-relais-mixte-lors-de-la-premiere-matinee\/#primaryimage"},"thumbnailUrl":"https:\/\/dicodusport.fr\/blog\/wp-content\/uploads\/2023\/08\/Mondiaux-dathletisme-2023-Record-personnel-pour-Gabriel-Bordier-et-le-relais-mixte-lors-de-la-premiere-matinee.png","datePublished":"2023-08-19T14:18:03+00:00","description":"CHAMPIONNATS DU MONDE D'ATHL\u00c9TISME 2023 - R\u00e9sultats fran\u00e7ais mitig\u00e9s pour cette premi\u00e8re matin\u00e9e de comp\u00e9tition.","breadcrumb":{"@id":"https:\/\/dicodusport.fr\/blog\/mondiaux-dathletisme-2023-record-personnel-pour-gabriel-bordier-et-le-relais-mixte-lors-de-la-premiere-matinee\/#breadcrumb"},"inLanguage":"fr-FR","potentialAction":[{"@type":"ReadAction","target":["https:\/\/dicodusport.fr\/blog\/mondiaux-dathletisme-2023-record-personnel-pour-gabriel-bordier-et-le-relais-mixte-lors-de-la-premiere-matinee\/"]}]},{"@type":"ImageObject","inLanguage":"fr-FR","@id":"https:\/\/dicodusport.fr\/blog\/mondiaux-dathletisme-2023-record-personnel-pour-gabriel-bordier-et-le-relais-mixte-lors-de-la-premiere-matinee\/#primaryimage","url":"https:\/\/dicodusport.fr\/blog\/wp-content\/uploads\/2023\/08\/Mondiaux-dathletisme-2023-Record-personnel-pour-Gabriel-Bordier-et-le-relais-mixte-lors-de-la-premiere-matinee.png","contentUrl":"https:\/\/dicodusport.fr\/blog\/wp-content\/uploads\/2023\/08\/Mondiaux-dathletisme-2023-Record-personnel-pour-Gabriel-Bordier-et-le-relais-mixte-lors-de-la-premiere-matinee.png","width":800,"height":445,"caption":"Mondiaux d'athl\u00e9tisme 2023 Record personnel pour Gabriel Bordier et le relais mixte lors de la premi\u00e8re matin\u00e9e"},{"@type":"BreadcrumbList","@id":"https:\/\/dicodusport.fr\/blog\/mondiaux-dathletisme-2023-record-personnel-pour-gabriel-bordier-et-le-relais-mixte-lors-de-la-premiere-matinee\/#breadcrumb","itemListElement":[{"@type":"ListItem","position":1,"name":"Accueil","item":"https:\/\/dicodusport.fr\/blog\/"},{"@type":"ListItem","position":2,"name":"Mondiaux d&rsquo;athl\u00e9tisme 2023 : Record personnel pour Gabriel Bordier et le relais mixte lors de la premi\u00e8re matin\u00e9e"}]},{"@type":"WebSite","@id":"https:\/\/dicodusport.fr\/blog\/#website","url":"https:\/\/dicodusport.fr\/blog\/","name":"Dicodusport","description":"L&#039;encyclop\u00e9die de l&#039;actualit\u00e9 sportive","publisher":{"@id":"https:\/\/dicodusport.fr\/blog\/#organization"},"potentialAction":[{"@type":"SearchAction","target":{"@type":"EntryPoint","urlTemplate":"https:\/\/dicodusport.fr\/blog\/?s={search_term_string}"},"query-input":{"@type":"PropertyValueSpecification","valueRequired":true,"valueName":"search_term_string"}}],"inLanguage":"fr-FR"},{"@type":"NewsMediaOrganization","@id":"https:\/\/dicodusport.fr\/blog\/#organization","name":"Dicodusport","url":"https:\/\/dicodusport.fr\/blog\/","logo":{"@type":"ImageObject","inLanguage":"fr-FR","@id":"https:\/\/dicodusport.fr\/blog\/#\/schema\/logo\/image\/","url":"https:\/\/dicodusport.fr\/blog\/wp-content\/uploads\/2020\/06\/cropped-LOGO-DICODUSPORT-2020-SANS-FOND-SANS-TEXTE.png","contentUrl":"https:\/\/dicodusport.fr\/blog\/wp-content\/uploads\/2020\/06\/cropped-LOGO-DICODUSPORT-2020-SANS-FOND-SANS-TEXTE.png","width":512,"height":512,"caption":"Dicodusport"},"image":{"@id":"https:\/\/dicodusport.fr\/blog\/#\/schema\/logo\/image\/"},"sameAs":["https:\/\/www.facebook.com\/dicodusport","https:\/\/x.com\/dicodusport","https:\/\/www.instagram.com\/dicodusport\/","https:\/\/www.youtube.com\/channel\/UC7V2KZ5sd3htJivAbA4ZG3w"],"description":"Dicodusport est l'encyclop\u00e9die de l'actualit\u00e9 sportive.","email":"bonjour@dicodusport.fr","legalName":"DICODUSPORT","foundingDate":"2018-01-14","vatID":"FR71834470973","taxID":"83447097300043","numberOfEmployees":{"@type":"QuantitativeValue","minValue":"1","maxValue":"10"}},{"@type":"Person","@id":"https:\/\/dicodusport.fr\/blog\/#\/schema\/person\/cce96fa88785bd8573e3d43078ac8c79","name":"Arlette Yeye","image":{"@type":"ImageObject","inLanguage":"fr-FR","@id":"https:\/\/dicodusport.fr\/blog\/#\/schema\/person\/image\/","url":"https:\/\/secure.gravatar.com\/avatar\/dca4a6239e6d708e46c45d60e160de6c?s=96&d=wp_user_avatar&r=g","contentUrl":"https:\/\/secure.gravatar.com\/avatar\/dca4a6239e6d708e46c45d60e160de6c?s=96&d=wp_user_avatar&r=g","caption":"Arlette Yeye"},"description":"Journaliste\/r\u00e9dactrice depuis septembre 2015 - Supportrice de Chelsea, j'ai pour sports de pr\u00e9dilection le handball, l'athl\u00e9tisme et le tennis. Si je tweete plus vite que mon ombre, vous pouvez aussi me retrouver les week-ends sur les playgrounds de Bruxelles pour un petit foot ou basket entre potes. Parcourir la France, l'Europe et plus si affinit\u00e9s pour suivre mes sportifs pr\u00e9f\u00e9r\u00e9s ? Mon kif ! Et c'est avec plaisir que je partage les r\u00e9sultats des sports populaires mais \u00e9galement plus confidentiels pour Dicodusport.","sameAs":["https:\/\/x.com\/https:\/\/twitter.com\/Shiclette94"],"url":"https:\/\/dicodusport.fr\/blog\/author\/arlette\/"}]}},"_links":{"self":[{"href":"https:\/\/dicodusport.fr\/blog\/wp-json\/wp\/v2\/posts\/409816","targetHints":{"allow":["GET"]}}],"collection":[{"href":"https:\/\/dicodusport.fr\/blog\/wp-json\/wp\/v2\/posts"}],"about":[{"href":"https:\/\/dicodusport.fr\/blog\/wp-json\/wp\/v2\/types\/post"}],"author":[{"embeddable":true,"href":"https:\/\/dicodusport.fr\/blog\/wp-json\/wp\/v2\/users\/12"}],"replies":[{"embeddable":true,"href":"https:\/\/dicodusport.fr\/blog\/wp-json\/wp\/v2\/comments?post=409816"}],"version-history":[{"count":0,"href":"https:\/\/dicodusport.fr\/blog\/wp-json\/wp\/v2\/posts\/409816\/revisions"}],"wp:featuredmedia":[{"embeddable":true,"href":"https:\/\/dicodusport.fr\/blog\/wp-json\/wp\/v2\/media\/409851"}],"wp:attachment":[{"href":"https:\/\/dicodusport.fr\/blog\/wp-json\/wp\/v2\/media?parent=409816"}],"wp:term":[{"taxonomy":"category","embeddable":true,"href":"https:\/\/dicodusport.fr\/blog\/wp-json\/wp\/v2\/categories?post=409816"},{"taxonomy":"post_tag","embeddable":true,"href":"https:\/\/dicodusport.fr\/blog\/wp-json\/wp\/v2\/tags?post=409816"}],"curies":[{"name":"wp","href":"https:\/\/api.w.org\/{rel}","templated":true}]}}