{"id":410240,"date":"2023-08-20T14:10:09","date_gmt":"2023-08-20T12:10:09","guid":{"rendered":"https:\/\/dicodusport.fr\/blog\/?p=410240&#038;preview=true&#038;preview_id=410240"},"modified":"2023-08-20T14:37:35","modified_gmt":"2023-08-20T12:37:35","slug":"mondiaux-dathletisme-2023-nouvelle-finale-mondiale-pour-melina-robert-michon-carton-plein-pour-les-haies","status":"publish","type":"post","link":"https:\/\/dicodusport.fr\/blog\/mondiaux-dathletisme-2023-nouvelle-finale-mondiale-pour-melina-robert-michon-carton-plein-pour-les-haies\/","title":{"rendered":"Mondiaux d&rsquo;athl\u00e9tisme 2023 : Nouvelle finale mondiale pour M\u00e9lina Robert-Michon, carton plein pour les haies"},"content":{"rendered":"<p style=\"text-align: justify;\"><em><strong><a href=\"https:\/\/dicodusport.fr\/blog\/actualites\/athletisme\/championnats-du-monde-athletisme-2023\/\" target=\"_blank\" rel=\"noopener\">CHAMPIONNATS DU MONDE D&rsquo;ATHL\u00c9TISME 2023<\/a> &#8211; Belle matin\u00e9e pour les Fran\u00e7ais du c\u00f4t\u00e9 de Budapest avec la qualification en finale de M\u00e9lina Robert-Michon et la bonne entr\u00e9e en mati\u00e8re de nos hurdleurs.<br \/>\n<\/strong><\/em><\/p>\n<p style=\"text-align: justify;\">Tr\u00e8s t\u00f4t ce matin, les Fran\u00e7aises avaient fait un bon <a href=\"https:\/\/dicodusport.fr\/blog\/mondiaux-dathletisme-2023-maria-perez-sacree-deux-francaises-dans-le-top-20\/\"><strong>20 km marche<\/strong><\/a>. 16e place pour <strong>Cl\u00e9mence Beretta<\/strong> (1:30.43), 18e place pour <strong>Pauline Stey<\/strong> (1:31.20) et 22e place pour <strong>Camille Moutard<\/strong> (1:32.18).<\/p>\n<h2 style=\"text-align: justify;\">\u00c9ternelle M\u00e9lina Robert-Michon<\/h2>\n<p style=\"text-align: justify;\">De retour \u00e0 Budapest apr\u00e8s ses premiers Mondiaux ici-m\u00eame il y a 25 ans, <strong>M\u00e9lina Robert-Michon<\/strong> participera \u00e0 la <strong>finale du lancer du disque<\/strong>. Gr\u00e2ce \u00e0 un premier jet \u00e0<strong> 61.82 m<\/strong>. Mais c&rsquo;\u00e9tait limite. Elle est l&rsquo;avant-derni\u00e8re qualifi\u00e9e pour la finale qui aura lieu<strong> mardi soir \u00e0 20h20<\/strong>. La Fran\u00e7aise a indiqu\u00e9 que le plateau est tr\u00e8s rapide, ce qui lui a caus\u00e9 un peu d&rsquo;appr\u00e9hension. Elle n&rsquo;osait pas trop s&rsquo;exprimer.<\/p>\n<blockquote>\n<p style=\"text-align: justify;\">L&rsquo;essentiel est l\u00e0 on va dire. C&rsquo;est un bon premier jet. L&rsquo;\u00e9chauffement a \u00e9t\u00e9 tr\u00e8s compliqu\u00e9, j&rsquo;ai pas r\u00e9ussi \u00e0 sortir un jet. Les jets suivants j&rsquo;\u00e9tais vraiment tr\u00e8s tr\u00e8s tendue, je n&rsquo;arrivais pas \u00e0 trouver mes marques et \u00e0 me rel\u00e2cher. C&rsquo;est un concours qui a \u00e9t\u00e9 tr\u00e8s tr\u00e8s dur mais je suis quand m\u00eame contente d&rsquo;avoir su me reprendre sur ce premier jet. Il aurait fallu que \u00e7a soit le cas sur ceux d&rsquo;apr\u00e8s. Il a fallu que j&rsquo;attende, \u00e7a a \u00e9t\u00e9 un petit peu long mais l&rsquo;essentiel est fait. Maintenant on remet tout \u00e0 z\u00e9ro pour la finale.<\/p>\n<\/blockquote>\n<div class=\"vlp-link-container vlp-layout-article\"><a href=\"https:\/\/dicodusport.fr\/blog\/melina-robert-michon-on-est-sept-ou-huit-pour-le-podium-a-budapest\/\" class=\"vlp-link\" title=\"M\u00e9lina Robert-Michon : &quot;On est sept ou huit pour le podium \u00e0 Budapest&quot;\"><\/a><div class=\"vlp-layout-zone-side\"><div class=\"vlp-block-4 vlp-link-image\"><img loading=\"lazy\" decoding=\"async\" style=\"max-width: 800px;\" width=\"800\" height=\"445\" src=\"https:\/\/dicodusport.fr\/blog\/wp-content\/uploads\/2023\/08\/Melina-Robert-Michon-On-est-sept-ou-huit-pour-le-podium-a-Budapest.png\" class=\"attachment-800x445 size-800x445\" alt=\"M\u00e9lina Robert-Michon : &quot;On est sept ou huit pour le podium \u00e0 Budapest&quot;\" srcset=\"https:\/\/dicodusport.fr\/blog\/wp-content\/uploads\/2023\/08\/Melina-Robert-Michon-On-est-sept-ou-huit-pour-le-podium-a-Budapest.png 800w, https:\/\/dicodusport.fr\/blog\/wp-content\/uploads\/2023\/08\/Melina-Robert-Michon-On-est-sept-ou-huit-pour-le-podium-a-Budapest-300x167.png 300w, https:\/\/dicodusport.fr\/blog\/wp-content\/uploads\/2023\/08\/Melina-Robert-Michon-On-est-sept-ou-huit-pour-le-podium-a-Budapest-768x427.png 768w\" sizes=\"auto, (max-width: 800px) 100vw, 800px\" \/><\/div><\/div><div class=\"vlp-layout-zone-main\"><div class=\"vlp-block-0 vlp-link-title\">M\u00e9lina Robert-Michon : \"On est sept ou huit pour le podium \u00e0 Budapest\"<\/div><div class=\"vlp-block-1 vlp-link-summary\">M\u00e9lina Robert-Michon a conquis \u00e0 Albi son 38e titre de championne de France du disque. Et sera du voyage \u00e0 Budapest pour les Mondiaux.<\/div><div class=\"vlp-block-2 vlp-link-button\">Lire l'article<\/div><div class=\"vlp-block-3 vlp-link-url\">dicodusport.fr<\/div><\/div><\/div>\n<h2 style=\"text-align: justify;\">5\/5 sur les haies<\/h2>\n<p style=\"text-align: justify;\">Qualification des deux Fran\u00e7ais sur le<strong> 400 m haies<\/strong> ! Dans la premi\u00e8re s\u00e9rie,<strong> Ludvy Vaillant<\/strong> a fait une course solide. Plut\u00f4t bien parti, il a enfil\u00e9 les haies une \u00e0 une avec <strong>Alison Dos Santos<\/strong> dans son dos. Il a ainsi pu rel\u00e2cher avant les deux derni\u00e8res haies. Il termine finalement 2e en 48.27 et verra les demi-finales.<\/p>\n<p style=\"text-align: justify;\"><strong>Wilfried Happio<\/strong> avait lui <strong>Karsten Warholm<\/strong> devant lui, rien que \u00e7a. Il l&rsquo;a parfaitement suivi et s&rsquo;est m\u00eame offert le luxe de lui passer devant sur la ligne en 48.63.<\/p>\n<p style=\"text-align: justify;\">En cl\u00f4ture de la matin\u00e9e, c&rsquo;est un 3\/3 sur le <strong>110 m haies<\/strong> pour les Fran\u00e7ais. Avec des r\u00e9sultats diff\u00e9rents. D&rsquo;abord, dans la premi\u00e8re s\u00e9rie, <strong>Sasha Zhoya<\/strong> a pris la 3e place en 13.35. Celui qui se plaignait du tendon d&rsquo;Achille il y a quelques jours a indiqu\u00e9 que le staff m\u00e9dical l&rsquo;avait bien aid\u00e9 et que pour l&rsquo;instant \u00e7a allait malgr\u00e9 une petite douleur \u00e0 l&rsquo;\u00e9chauffement ce matin. Il n&rsquo;a pas voulu trop attaquer, pour ne pas se faire avoir. L&rsquo;essentiel est de passer les tours et il a donc voulu assurer sa s\u00e9rie. Et pour illustrer son propos, il a assist\u00e9 en live \u00e0 la <a href=\"https:\/\/twitter.com\/francetvsport\/status\/1693227263389524015\"><strong>chute de Rasheed Broadbell<\/strong><\/a>, meilleur temps des engag\u00e9s (12.94). Le Jama\u00efcain a chut\u00e9 sur l&rsquo;avant-derni\u00e8re haie et a eu du mal \u00e0 se relever et s&rsquo;arr\u00eate donc pr\u00e9matur\u00e9ment.<\/p>\n<p style=\"text-align: justify;\"><strong>Wilhem Belocian<\/strong> a lui remport\u00e9 sa s\u00e9rie en 13.31. Ma\u00eetre-mot du Guadeloup\u00e9en : le plaisir. Et il en a pris aujourd&rsquo;hui :<\/p>\n<blockquote>\n<p style=\"text-align: justify;\">Les sensations \u00e9taient bonnes. J&rsquo;avoue qu&rsquo;il fait un peu chaud donc \u00e7a use un peu. Maintenant il faut avoir des petites techniques de respiration, diminuer la respiration pour permettre de ne pas trop bouffer de jus. La piste envoie bien, comme il fait vraiment chaud je pense qu&rsquo;elle est plus molle qu&rsquo;avant-hier quand on l&rsquo;a essay\u00e9e. J&rsquo;\u00e9tais souriant au d\u00e9part donc \u00e7a c&rsquo;est plut\u00f4t bon signe : souriant et focus en m\u00eame temps donc c&rsquo;est tr\u00e8s important. Je suis l\u00e0 je kiffe donc maintenant on va kiffer en demies et \u00e9ventuellement kiffer en finale si \u00e7a passe.<\/p>\n<\/blockquote>\n<p style=\"text-align: justify;\">Enfin, petite frayeur pour <strong>Just Kwaou-Mathey<\/strong> qui termine 5e de sa s\u00e9rie en 13.42 pour 5 petits milli\u00e8mes derri\u00e8re Max Hrelja.<\/p>\n<blockquote>\n<p style=\"text-align: justify;\">Je passe en demi-finales, c&rsquo;\u00e9tait l&rsquo;objectif. Je n&rsquo;ai pas fait un bon chrono mais je suis content quand m\u00eame de passer en demi-finales. Pas de grosse faute, je n&rsquo;ai pas mis autant de gaz que d&rsquo;habitude et j&rsquo;aurais d\u00fb mettre un peu d&rsquo;intensit\u00e9. C&rsquo;est un risque que je voulais prendre de g\u00e9rer la s\u00e9rie mais l&rsquo;objectif \u00e9tait de se qualifier donc tant mieux. Comme je suis bien sorti des blocs je me suis dit &lsquo;bon c&rsquo;est bon, je vais essayer de faire une course plut\u00f4t calme&rsquo; mais en fait il fallait que je mette plus d&rsquo;intensit\u00e9.<\/p>\n<\/blockquote>\n<p style=\"text-align: justify;\">5e place pour <strong>Amandine Brossier<\/strong> sur 400 m (51.98), son meilleur temps de la saison. Mais pas suffisant pour entrer en demies.<\/p>\n<blockquote class=\"twitter-tweet\">\n<p dir=\"ltr\" lang=\"fr\"><a href=\"https:\/\/twitter.com\/hashtag\/WorldAthleticsChamps?src=hash&amp;ref_src=twsrc%5Etfw\">#WorldAthleticsChamps<\/a> | 3\/3 \u2705 Les 3 Fran\u00e7ais engag\u00e9s sur 110 m haies ont tous pass\u00e9 le stade des s\u00e9ries. Contrat rempli ce matin pour Sasha Zhoya, Just Kwaou-Mathey et Wilhem Belocian \ud83c\uddeb\ud83c\uddf7<\/p>\n<p>\u25b6 Suivez le direct : <a href=\"https:\/\/t.co\/PL59QiqBJc\">https:\/\/t.co\/PL59QiqBJc<\/a> <a href=\"https:\/\/t.co\/h58SfTNDtd\">pic.twitter.com\/h58SfTNDtd<\/a><\/p>\n<p>\u2014 francetvsport (@francetvsport) <a href=\"https:\/\/twitter.com\/francetvsport\/status\/1693230843060216243?ref_src=twsrc%5Etfw\">August 20, 2023<\/a><\/p><\/blockquote>\n<p><script async src=\"https:\/\/platform.twitter.com\/widgets.js\" charset=\"utf-8\"><\/script><\/p>\n<h2 style=\"text-align: justify;\">\u00ab\u00a0Qui abandonne ? On va jusqu&rsquo;au bout !\u00a0\u00bb<\/h2>\n<p style=\"text-align: justify;\">La longueur a fait de la casse chez les heptathl\u00e8tes. Malheureusement, <strong>Esther Cond\u00e9-Turpin<\/strong>, comme <strong>Taliyah Brooks<\/strong> ont mordu leurs 3 essais. En revanche, <strong>L\u00e9onie Cambours<\/strong> et <strong>Auriana Lazraq-Khlass<\/strong> ont pass\u00e9 6 m : 6.09 m et 6.01 m. Cond\u00e9-Turpin a tout de m\u00eame d\u00e9cid\u00e9 de terminer son heptathlon.<\/p>\n<p style=\"text-align: justify;\"><em>\u201cQui abandonne ? On va jusqu&rsquo;au bout ! Une vraie top model va jusqu&rsquo;au bout ! (rires). J&rsquo;ai fait une tr\u00e8s bonne longueur. J&rsquo;ai fait 0 mais c&rsquo;\u00e9tait tr\u00e8s bien ce que j&rsquo;ai fait. J&rsquo;ai fait des bons sauts mais il faut juste que je m&rsquo;ajuste. J&rsquo;ai fait beaucoup de changements cette ann\u00e9e donc je suis dans un esprit de transition l\u00e0. Il me faudra un peu plus de temps mais \u00e7a ira je suis s\u00fbre pour l&rsquo;ann\u00e9e prochaine.\u201d<\/em><\/p>\n<p style=\"text-align: justify;\">Au javelot, Lazraq-Khlass a lanc\u00e9 \u00e0 42.29 m \u00e0 son premier essai. Dans ses standards et elle a toujours 34 points d&rsquo;avance sur son record personnel. Cond\u00e9-Turpin a elle lanc\u00e9 \u00e0 40.81 m \u00e0 son premier essai. Enfin, L\u00e9onie Cambours a r\u00e9ussi 39.07 m \u00e0 son 2e essai. Elle continue de grappiller des centim\u00e8tres sur son record (43 en l&rsquo;occurence). L&rsquo;un des axes de travail de la jeune heptathl\u00e8te est le lancer du javelot et ce travail commence \u00e0 payer.<\/p>\n<p style=\"text-align: justify;\"><em>\u201cC&rsquo;est pas sorti comme je le voulais mais \u00e7a reste un record en championnats. Donc c&rsquo;est bon \u00e0 prendre vu mon hepta. Je fais une bonne longueur, sur le javelot j&rsquo;aurais aim\u00e9 passer cette barre des 40 m symbolique mais c&rsquo;est sur la bonne voie, \u00e7a confirme un peu les progr\u00e8s.\u201d<\/em><\/p>\n<h2 style=\"text-align: justify;\">\u00c0 lire aussi<\/h2>\n<ul>\n<li style=\"text-align: justify;\"><a href=\"https:\/\/dicodusport.fr\/blog\/actualites\/athletisme\/championnats-du-monde-athletisme-2023\/\" target=\"_blank\" rel=\"noopener\"><strong>Calendrier et r\u00e9sultats des championnats du monde d&rsquo;athl\u00e9tisme<\/strong><\/a><\/li>\n<li style=\"text-align: justify;\"><a href=\"https:\/\/dicodusport.fr\/blog\/tableau-des-medailles-athletisme-championnats-du-monde-2023\/\" target=\"_blank\" rel=\"noopener\"><strong>Tableau des m\u00e9dailles<\/strong><\/a><\/li>\n<\/ul>\n","protected":false},"excerpt":{"rendered":"<p>CHAMPIONNATS DU MONDE D&rsquo;ATHL\u00c9TISME 2023 &#8211; Belle matin\u00e9e pour les Fran\u00e7ais du c\u00f4t\u00e9 de Budapest avec la qualification en finale de M\u00e9lina Robert-Michon et la bonne entr\u00e9e en mati\u00e8re de nos hurdleurs.<\/p>\n","protected":false},"author":12,"featured_media":410287,"comment_status":"open","ping_status":"closed","sticky":false,"template":"","format":"standard","meta":{"_acf_changed":false,"_daextam_enable_autolinks":"","footnotes":""},"categories":[46997],"tags":[14967,143,16878,6691,25905,5506,9487],"class_list":["post-410240","post","type-post","status-publish","format-standard","has-post-thumbnail","hentry","category-championnats-du-monde-athletisme","tag-amandine-brossier","tag-athletisme","tag-breve","tag-heptathlon","tag-just-kwaou-mathey","tag-melina-robert-michon","tag-sasha-zhoya"],"acf":[],"yoast_head":"<!-- This site is optimized with the Yoast SEO Premium plugin v26.7 (Yoast SEO v26.7) - https:\/\/yoast.com\/wordpress\/plugins\/seo\/ -->\n<title>Mondiaux d&#039;athl\u00e9tisme 2023 : Nouvelle finale mondiale pour M\u00e9lina Robert-Michon, carton plein pour les haies<\/title>\n<meta name=\"description\" content=\"CHAMPIONNATS DU MONDE D&#039;ATHL\u00c9TISME 2023 - Belle matin\u00e9e pour les Fran\u00e7ais avec la qualification en finale de M\u00e9lina Robert-Michon et la bonne entr\u00e9e en mati\u00e8re des hurdleurs.\" \/>\n<meta name=\"robots\" content=\"index, follow, max-snippet:-1, max-image-preview:large, max-video-preview:-1\" \/>\n<link rel=\"canonical\" href=\"https:\/\/dicodusport.fr\/blog\/mondiaux-dathletisme-2023-nouvelle-finale-mondiale-pour-melina-robert-michon-carton-plein-pour-les-haies\/\" \/>\n<meta property=\"og:locale\" content=\"fr_FR\" \/>\n<meta property=\"og:type\" content=\"article\" \/>\n<meta property=\"og:title\" content=\"Mondiaux d&#039;athl\u00e9tisme 2023 : Nouvelle finale mondiale pour M\u00e9lina Robert-Michon, carton plein pour les haies\" \/>\n<meta property=\"og:description\" content=\"CHAMPIONNATS DU MONDE D&#039;ATHL\u00c9TISME 2023 - Belle matin\u00e9e pour les Fran\u00e7ais avec la qualification en finale de M\u00e9lina Robert-Michon et la bonne entr\u00e9e en mati\u00e8re des hurdleurs.\" \/>\n<meta property=\"og:url\" content=\"https:\/\/dicodusport.fr\/blog\/mondiaux-dathletisme-2023-nouvelle-finale-mondiale-pour-melina-robert-michon-carton-plein-pour-les-haies\/\" \/>\n<meta property=\"og:site_name\" content=\"Dicodusport\" \/>\n<meta property=\"article:publisher\" content=\"https:\/\/www.facebook.com\/dicodusport\" \/>\n<meta property=\"article:published_time\" content=\"2023-08-20T12:10:09+00:00\" \/>\n<meta property=\"article:modified_time\" content=\"2023-08-20T12:37:35+00:00\" \/>\n<meta property=\"og:image\" content=\"https:\/\/dicodusport.fr\/blog\/wp-content\/uploads\/2023\/08\/Mondiaux-dathletisme-2023-Nouvelle-finale-mondiale-pour-Melina-Robert-Michon-carton-plein-pour-les-haies.png\" \/>\n\t<meta property=\"og:image:width\" content=\"800\" \/>\n\t<meta property=\"og:image:height\" content=\"445\" \/>\n\t<meta property=\"og:image:type\" content=\"image\/png\" \/>\n<meta name=\"author\" content=\"Arlette Yeye\" \/>\n<meta name=\"twitter:card\" content=\"summary_large_image\" \/>\n<meta name=\"twitter:title\" content=\"Mondiaux d&#039;athl\u00e9tisme 2023 : Nouvelle finale mondiale pour M\u00e9lina Robert-Michon, carton plein pour les haies\" \/>\n<meta name=\"twitter:creator\" content=\"@https:\/\/twitter.com\/Shiclette94\" \/>\n<meta name=\"twitter:site\" content=\"@dicodusport\" \/>\n<script type=\"application\/ld+json\" class=\"yoast-schema-graph\">{\"@context\":\"https:\/\/schema.org\",\"@graph\":[{\"@type\":\"NewsArticle\",\"@id\":\"https:\/\/dicodusport.fr\/blog\/mondiaux-dathletisme-2023-nouvelle-finale-mondiale-pour-melina-robert-michon-carton-plein-pour-les-haies\/#article\",\"isPartOf\":{\"@id\":\"https:\/\/dicodusport.fr\/blog\/mondiaux-dathletisme-2023-nouvelle-finale-mondiale-pour-melina-robert-michon-carton-plein-pour-les-haies\/\"},\"author\":{\"name\":\"Arlette Yeye\",\"@id\":\"https:\/\/dicodusport.fr\/blog\/#\/schema\/person\/cce96fa88785bd8573e3d43078ac8c79\"},\"headline\":\"Mondiaux d&rsquo;athl\u00e9tisme 2023 : Nouvelle finale mondiale pour M\u00e9lina Robert-Michon, carton plein pour les haies\",\"datePublished\":\"2023-08-20T12:10:09+00:00\",\"dateModified\":\"2023-08-20T12:37:35+00:00\",\"mainEntityOfPage\":{\"@id\":\"https:\/\/dicodusport.fr\/blog\/mondiaux-dathletisme-2023-nouvelle-finale-mondiale-pour-melina-robert-michon-carton-plein-pour-les-haies\/\"},\"wordCount\":1256,\"commentCount\":0,\"publisher\":{\"@id\":\"https:\/\/dicodusport.fr\/blog\/#organization\"},\"image\":{\"@id\":\"https:\/\/dicodusport.fr\/blog\/mondiaux-dathletisme-2023-nouvelle-finale-mondiale-pour-melina-robert-michon-carton-plein-pour-les-haies\/#primaryimage\"},\"thumbnailUrl\":\"https:\/\/dicodusport.fr\/blog\/wp-content\/uploads\/2023\/08\/Mondiaux-dathletisme-2023-Nouvelle-finale-mondiale-pour-Melina-Robert-Michon-carton-plein-pour-les-haies.png\",\"keywords\":[\"Amandine Brossier\",\"Athl\u00e9tisme\",\"br\u00e8ve\",\"Heptathlon\",\"Just Kwaou-Mathey\",\"M\u00e9lina Robert-Michon\",\"Sasha Zhoya\"],\"articleSection\":[\"Championnats du monde d'athl\u00e9tisme\"],\"inLanguage\":\"fr-FR\",\"potentialAction\":[{\"@type\":\"CommentAction\",\"name\":\"Comment\",\"target\":[\"https:\/\/dicodusport.fr\/blog\/mondiaux-dathletisme-2023-nouvelle-finale-mondiale-pour-melina-robert-michon-carton-plein-pour-les-haies\/#respond\"]}],\"copyrightYear\":\"2023\",\"copyrightHolder\":{\"@id\":\"https:\/\/dicodusport.fr\/blog\/#organization\"}},{\"@type\":\"WebPage\",\"@id\":\"https:\/\/dicodusport.fr\/blog\/mondiaux-dathletisme-2023-nouvelle-finale-mondiale-pour-melina-robert-michon-carton-plein-pour-les-haies\/\",\"url\":\"https:\/\/dicodusport.fr\/blog\/mondiaux-dathletisme-2023-nouvelle-finale-mondiale-pour-melina-robert-michon-carton-plein-pour-les-haies\/\",\"name\":\"Mondiaux d'athl\u00e9tisme 2023 : Nouvelle finale mondiale pour M\u00e9lina Robert-Michon, carton plein pour les haies\",\"isPartOf\":{\"@id\":\"https:\/\/dicodusport.fr\/blog\/#website\"},\"primaryImageOfPage\":{\"@id\":\"https:\/\/dicodusport.fr\/blog\/mondiaux-dathletisme-2023-nouvelle-finale-mondiale-pour-melina-robert-michon-carton-plein-pour-les-haies\/#primaryimage\"},\"image\":{\"@id\":\"https:\/\/dicodusport.fr\/blog\/mondiaux-dathletisme-2023-nouvelle-finale-mondiale-pour-melina-robert-michon-carton-plein-pour-les-haies\/#primaryimage\"},\"thumbnailUrl\":\"https:\/\/dicodusport.fr\/blog\/wp-content\/uploads\/2023\/08\/Mondiaux-dathletisme-2023-Nouvelle-finale-mondiale-pour-Melina-Robert-Michon-carton-plein-pour-les-haies.png\",\"datePublished\":\"2023-08-20T12:10:09+00:00\",\"dateModified\":\"2023-08-20T12:37:35+00:00\",\"description\":\"CHAMPIONNATS DU MONDE D'ATHL\u00c9TISME 2023 - Belle matin\u00e9e pour les Fran\u00e7ais avec la qualification en finale de M\u00e9lina Robert-Michon et la bonne entr\u00e9e en mati\u00e8re des hurdleurs.\",\"breadcrumb\":{\"@id\":\"https:\/\/dicodusport.fr\/blog\/mondiaux-dathletisme-2023-nouvelle-finale-mondiale-pour-melina-robert-michon-carton-plein-pour-les-haies\/#breadcrumb\"},\"inLanguage\":\"fr-FR\",\"potentialAction\":[{\"@type\":\"ReadAction\",\"target\":[\"https:\/\/dicodusport.fr\/blog\/mondiaux-dathletisme-2023-nouvelle-finale-mondiale-pour-melina-robert-michon-carton-plein-pour-les-haies\/\"]}]},{\"@type\":\"ImageObject\",\"inLanguage\":\"fr-FR\",\"@id\":\"https:\/\/dicodusport.fr\/blog\/mondiaux-dathletisme-2023-nouvelle-finale-mondiale-pour-melina-robert-michon-carton-plein-pour-les-haies\/#primaryimage\",\"url\":\"https:\/\/dicodusport.fr\/blog\/wp-content\/uploads\/2023\/08\/Mondiaux-dathletisme-2023-Nouvelle-finale-mondiale-pour-Melina-Robert-Michon-carton-plein-pour-les-haies.png\",\"contentUrl\":\"https:\/\/dicodusport.fr\/blog\/wp-content\/uploads\/2023\/08\/Mondiaux-dathletisme-2023-Nouvelle-finale-mondiale-pour-Melina-Robert-Michon-carton-plein-pour-les-haies.png\",\"width\":800,\"height\":445,\"caption\":\"Mondiaux d'athl\u00e9tisme 2023 Nouvelle finale mondiale pour M\u00e9lina Robert-Michon, carton plein pour les haies\"},{\"@type\":\"BreadcrumbList\",\"@id\":\"https:\/\/dicodusport.fr\/blog\/mondiaux-dathletisme-2023-nouvelle-finale-mondiale-pour-melina-robert-michon-carton-plein-pour-les-haies\/#breadcrumb\",\"itemListElement\":[{\"@type\":\"ListItem\",\"position\":1,\"name\":\"Accueil\",\"item\":\"https:\/\/dicodusport.fr\/blog\/\"},{\"@type\":\"ListItem\",\"position\":2,\"name\":\"Mondiaux d&rsquo;athl\u00e9tisme 2023 : Nouvelle finale mondiale pour M\u00e9lina Robert-Michon, carton plein pour les haies\"}]},{\"@type\":\"WebSite\",\"@id\":\"https:\/\/dicodusport.fr\/blog\/#website\",\"url\":\"https:\/\/dicodusport.fr\/blog\/\",\"name\":\"Dicodusport\",\"description\":\"L&#039;encyclop\u00e9die de l&#039;actualit\u00e9 sportive\",\"publisher\":{\"@id\":\"https:\/\/dicodusport.fr\/blog\/#organization\"},\"potentialAction\":[{\"@type\":\"SearchAction\",\"target\":{\"@type\":\"EntryPoint\",\"urlTemplate\":\"https:\/\/dicodusport.fr\/blog\/?s={search_term_string}\"},\"query-input\":{\"@type\":\"PropertyValueSpecification\",\"valueRequired\":true,\"valueName\":\"search_term_string\"}}],\"inLanguage\":\"fr-FR\"},{\"@type\":\"NewsMediaOrganization\",\"@id\":\"https:\/\/dicodusport.fr\/blog\/#organization\",\"name\":\"Dicodusport\",\"url\":\"https:\/\/dicodusport.fr\/blog\/\",\"logo\":{\"@type\":\"ImageObject\",\"inLanguage\":\"fr-FR\",\"@id\":\"https:\/\/dicodusport.fr\/blog\/#\/schema\/logo\/image\/\",\"url\":\"https:\/\/dicodusport.fr\/blog\/wp-content\/uploads\/2020\/06\/cropped-LOGO-DICODUSPORT-2020-SANS-FOND-SANS-TEXTE.png\",\"contentUrl\":\"https:\/\/dicodusport.fr\/blog\/wp-content\/uploads\/2020\/06\/cropped-LOGO-DICODUSPORT-2020-SANS-FOND-SANS-TEXTE.png\",\"width\":512,\"height\":512,\"caption\":\"Dicodusport\"},\"image\":{\"@id\":\"https:\/\/dicodusport.fr\/blog\/#\/schema\/logo\/image\/\"},\"sameAs\":[\"https:\/\/www.facebook.com\/dicodusport\",\"https:\/\/x.com\/dicodusport\",\"https:\/\/www.instagram.com\/dicodusport\/\",\"https:\/\/www.youtube.com\/channel\/UC7V2KZ5sd3htJivAbA4ZG3w\"],\"description\":\"Dicodusport est l'encyclop\u00e9die de l'actualit\u00e9 sportive.\",\"email\":\"bonjour@dicodusport.fr\",\"legalName\":\"DICODUSPORT\",\"foundingDate\":\"2018-01-14\",\"vatID\":\"FR71834470973\",\"taxID\":\"83447097300043\",\"numberOfEmployees\":{\"@type\":\"QuantitativeValue\",\"minValue\":\"1\",\"maxValue\":\"10\"}},{\"@type\":\"Person\",\"@id\":\"https:\/\/dicodusport.fr\/blog\/#\/schema\/person\/cce96fa88785bd8573e3d43078ac8c79\",\"name\":\"Arlette Yeye\",\"image\":{\"@type\":\"ImageObject\",\"inLanguage\":\"fr-FR\",\"@id\":\"https:\/\/dicodusport.fr\/blog\/#\/schema\/person\/image\/\",\"url\":\"https:\/\/secure.gravatar.com\/avatar\/dca4a6239e6d708e46c45d60e160de6c?s=96&d=wp_user_avatar&r=g\",\"contentUrl\":\"https:\/\/secure.gravatar.com\/avatar\/dca4a6239e6d708e46c45d60e160de6c?s=96&d=wp_user_avatar&r=g\",\"caption\":\"Arlette Yeye\"},\"description\":\"Journaliste\/r\u00e9dactrice depuis septembre 2015 - Supportrice de Chelsea, j'ai pour sports de pr\u00e9dilection le handball, l'athl\u00e9tisme et le tennis. Si je tweete plus vite que mon ombre, vous pouvez aussi me retrouver les week-ends sur les playgrounds de Bruxelles pour un petit foot ou basket entre potes. Parcourir la France, l'Europe et plus si affinit\u00e9s pour suivre mes sportifs pr\u00e9f\u00e9r\u00e9s ? Mon kif ! Et c'est avec plaisir que je partage les r\u00e9sultats des sports populaires mais \u00e9galement plus confidentiels pour Dicodusport.\",\"sameAs\":[\"https:\/\/x.com\/https:\/\/twitter.com\/Shiclette94\"],\"url\":\"https:\/\/dicodusport.fr\/blog\/author\/arlette\/\"}]}<\/script>\n<!-- \/ Yoast SEO Premium plugin. -->","yoast_head_json":{"title":"Mondiaux d'athl\u00e9tisme 2023 : Nouvelle finale mondiale pour M\u00e9lina Robert-Michon, carton plein pour les haies","description":"CHAMPIONNATS DU MONDE D'ATHL\u00c9TISME 2023 - Belle matin\u00e9e pour les Fran\u00e7ais avec la qualification en finale de M\u00e9lina Robert-Michon et la bonne entr\u00e9e en mati\u00e8re des hurdleurs.","robots":{"index":"index","follow":"follow","max-snippet":"max-snippet:-1","max-image-preview":"max-image-preview:large","max-video-preview":"max-video-preview:-1"},"canonical":"https:\/\/dicodusport.fr\/blog\/mondiaux-dathletisme-2023-nouvelle-finale-mondiale-pour-melina-robert-michon-carton-plein-pour-les-haies\/","og_locale":"fr_FR","og_type":"article","og_title":"Mondiaux d'athl\u00e9tisme 2023 : Nouvelle finale mondiale pour M\u00e9lina Robert-Michon, carton plein pour les haies","og_description":"CHAMPIONNATS DU MONDE D'ATHL\u00c9TISME 2023 - Belle matin\u00e9e pour les Fran\u00e7ais avec la qualification en finale de M\u00e9lina Robert-Michon et la bonne entr\u00e9e en mati\u00e8re des hurdleurs.","og_url":"https:\/\/dicodusport.fr\/blog\/mondiaux-dathletisme-2023-nouvelle-finale-mondiale-pour-melina-robert-michon-carton-plein-pour-les-haies\/","og_site_name":"Dicodusport","article_publisher":"https:\/\/www.facebook.com\/dicodusport","article_published_time":"2023-08-20T12:10:09+00:00","article_modified_time":"2023-08-20T12:37:35+00:00","og_image":[{"width":800,"height":445,"url":"https:\/\/dicodusport.fr\/blog\/wp-content\/uploads\/2023\/08\/Mondiaux-dathletisme-2023-Nouvelle-finale-mondiale-pour-Melina-Robert-Michon-carton-plein-pour-les-haies.png","type":"image\/png"}],"author":"Arlette Yeye","twitter_card":"summary_large_image","twitter_title":"Mondiaux d'athl\u00e9tisme 2023 : Nouvelle finale mondiale pour M\u00e9lina Robert-Michon, carton plein pour les haies","twitter_creator":"@https:\/\/twitter.com\/Shiclette94","twitter_site":"@dicodusport","schema":{"@context":"https:\/\/schema.org","@graph":[{"@type":"NewsArticle","@id":"https:\/\/dicodusport.fr\/blog\/mondiaux-dathletisme-2023-nouvelle-finale-mondiale-pour-melina-robert-michon-carton-plein-pour-les-haies\/#article","isPartOf":{"@id":"https:\/\/dicodusport.fr\/blog\/mondiaux-dathletisme-2023-nouvelle-finale-mondiale-pour-melina-robert-michon-carton-plein-pour-les-haies\/"},"author":{"name":"Arlette Yeye","@id":"https:\/\/dicodusport.fr\/blog\/#\/schema\/person\/cce96fa88785bd8573e3d43078ac8c79"},"headline":"Mondiaux d&rsquo;athl\u00e9tisme 2023 : Nouvelle finale mondiale pour M\u00e9lina Robert-Michon, carton plein pour les haies","datePublished":"2023-08-20T12:10:09+00:00","dateModified":"2023-08-20T12:37:35+00:00","mainEntityOfPage":{"@id":"https:\/\/dicodusport.fr\/blog\/mondiaux-dathletisme-2023-nouvelle-finale-mondiale-pour-melina-robert-michon-carton-plein-pour-les-haies\/"},"wordCount":1256,"commentCount":0,"publisher":{"@id":"https:\/\/dicodusport.fr\/blog\/#organization"},"image":{"@id":"https:\/\/dicodusport.fr\/blog\/mondiaux-dathletisme-2023-nouvelle-finale-mondiale-pour-melina-robert-michon-carton-plein-pour-les-haies\/#primaryimage"},"thumbnailUrl":"https:\/\/dicodusport.fr\/blog\/wp-content\/uploads\/2023\/08\/Mondiaux-dathletisme-2023-Nouvelle-finale-mondiale-pour-Melina-Robert-Michon-carton-plein-pour-les-haies.png","keywords":["Amandine Brossier","Athl\u00e9tisme","br\u00e8ve","Heptathlon","Just Kwaou-Mathey","M\u00e9lina Robert-Michon","Sasha Zhoya"],"articleSection":["Championnats du monde d'athl\u00e9tisme"],"inLanguage":"fr-FR","potentialAction":[{"@type":"CommentAction","name":"Comment","target":["https:\/\/dicodusport.fr\/blog\/mondiaux-dathletisme-2023-nouvelle-finale-mondiale-pour-melina-robert-michon-carton-plein-pour-les-haies\/#respond"]}],"copyrightYear":"2023","copyrightHolder":{"@id":"https:\/\/dicodusport.fr\/blog\/#organization"}},{"@type":"WebPage","@id":"https:\/\/dicodusport.fr\/blog\/mondiaux-dathletisme-2023-nouvelle-finale-mondiale-pour-melina-robert-michon-carton-plein-pour-les-haies\/","url":"https:\/\/dicodusport.fr\/blog\/mondiaux-dathletisme-2023-nouvelle-finale-mondiale-pour-melina-robert-michon-carton-plein-pour-les-haies\/","name":"Mondiaux d'athl\u00e9tisme 2023 : Nouvelle finale mondiale pour M\u00e9lina Robert-Michon, carton plein pour les haies","isPartOf":{"@id":"https:\/\/dicodusport.fr\/blog\/#website"},"primaryImageOfPage":{"@id":"https:\/\/dicodusport.fr\/blog\/mondiaux-dathletisme-2023-nouvelle-finale-mondiale-pour-melina-robert-michon-carton-plein-pour-les-haies\/#primaryimage"},"image":{"@id":"https:\/\/dicodusport.fr\/blog\/mondiaux-dathletisme-2023-nouvelle-finale-mondiale-pour-melina-robert-michon-carton-plein-pour-les-haies\/#primaryimage"},"thumbnailUrl":"https:\/\/dicodusport.fr\/blog\/wp-content\/uploads\/2023\/08\/Mondiaux-dathletisme-2023-Nouvelle-finale-mondiale-pour-Melina-Robert-Michon-carton-plein-pour-les-haies.png","datePublished":"2023-08-20T12:10:09+00:00","dateModified":"2023-08-20T12:37:35+00:00","description":"CHAMPIONNATS DU MONDE D'ATHL\u00c9TISME 2023 - Belle matin\u00e9e pour les Fran\u00e7ais avec la qualification en finale de M\u00e9lina Robert-Michon et la bonne entr\u00e9e en mati\u00e8re des hurdleurs.","breadcrumb":{"@id":"https:\/\/dicodusport.fr\/blog\/mondiaux-dathletisme-2023-nouvelle-finale-mondiale-pour-melina-robert-michon-carton-plein-pour-les-haies\/#breadcrumb"},"inLanguage":"fr-FR","potentialAction":[{"@type":"ReadAction","target":["https:\/\/dicodusport.fr\/blog\/mondiaux-dathletisme-2023-nouvelle-finale-mondiale-pour-melina-robert-michon-carton-plein-pour-les-haies\/"]}]},{"@type":"ImageObject","inLanguage":"fr-FR","@id":"https:\/\/dicodusport.fr\/blog\/mondiaux-dathletisme-2023-nouvelle-finale-mondiale-pour-melina-robert-michon-carton-plein-pour-les-haies\/#primaryimage","url":"https:\/\/dicodusport.fr\/blog\/wp-content\/uploads\/2023\/08\/Mondiaux-dathletisme-2023-Nouvelle-finale-mondiale-pour-Melina-Robert-Michon-carton-plein-pour-les-haies.png","contentUrl":"https:\/\/dicodusport.fr\/blog\/wp-content\/uploads\/2023\/08\/Mondiaux-dathletisme-2023-Nouvelle-finale-mondiale-pour-Melina-Robert-Michon-carton-plein-pour-les-haies.png","width":800,"height":445,"caption":"Mondiaux d'athl\u00e9tisme 2023 Nouvelle finale mondiale pour M\u00e9lina Robert-Michon, carton plein pour les haies"},{"@type":"BreadcrumbList","@id":"https:\/\/dicodusport.fr\/blog\/mondiaux-dathletisme-2023-nouvelle-finale-mondiale-pour-melina-robert-michon-carton-plein-pour-les-haies\/#breadcrumb","itemListElement":[{"@type":"ListItem","position":1,"name":"Accueil","item":"https:\/\/dicodusport.fr\/blog\/"},{"@type":"ListItem","position":2,"name":"Mondiaux d&rsquo;athl\u00e9tisme 2023 : Nouvelle finale mondiale pour M\u00e9lina Robert-Michon, carton plein pour les haies"}]},{"@type":"WebSite","@id":"https:\/\/dicodusport.fr\/blog\/#website","url":"https:\/\/dicodusport.fr\/blog\/","name":"Dicodusport","description":"L&#039;encyclop\u00e9die de l&#039;actualit\u00e9 sportive","publisher":{"@id":"https:\/\/dicodusport.fr\/blog\/#organization"},"potentialAction":[{"@type":"SearchAction","target":{"@type":"EntryPoint","urlTemplate":"https:\/\/dicodusport.fr\/blog\/?s={search_term_string}"},"query-input":{"@type":"PropertyValueSpecification","valueRequired":true,"valueName":"search_term_string"}}],"inLanguage":"fr-FR"},{"@type":"NewsMediaOrganization","@id":"https:\/\/dicodusport.fr\/blog\/#organization","name":"Dicodusport","url":"https:\/\/dicodusport.fr\/blog\/","logo":{"@type":"ImageObject","inLanguage":"fr-FR","@id":"https:\/\/dicodusport.fr\/blog\/#\/schema\/logo\/image\/","url":"https:\/\/dicodusport.fr\/blog\/wp-content\/uploads\/2020\/06\/cropped-LOGO-DICODUSPORT-2020-SANS-FOND-SANS-TEXTE.png","contentUrl":"https:\/\/dicodusport.fr\/blog\/wp-content\/uploads\/2020\/06\/cropped-LOGO-DICODUSPORT-2020-SANS-FOND-SANS-TEXTE.png","width":512,"height":512,"caption":"Dicodusport"},"image":{"@id":"https:\/\/dicodusport.fr\/blog\/#\/schema\/logo\/image\/"},"sameAs":["https:\/\/www.facebook.com\/dicodusport","https:\/\/x.com\/dicodusport","https:\/\/www.instagram.com\/dicodusport\/","https:\/\/www.youtube.com\/channel\/UC7V2KZ5sd3htJivAbA4ZG3w"],"description":"Dicodusport est l'encyclop\u00e9die de l'actualit\u00e9 sportive.","email":"bonjour@dicodusport.fr","legalName":"DICODUSPORT","foundingDate":"2018-01-14","vatID":"FR71834470973","taxID":"83447097300043","numberOfEmployees":{"@type":"QuantitativeValue","minValue":"1","maxValue":"10"}},{"@type":"Person","@id":"https:\/\/dicodusport.fr\/blog\/#\/schema\/person\/cce96fa88785bd8573e3d43078ac8c79","name":"Arlette Yeye","image":{"@type":"ImageObject","inLanguage":"fr-FR","@id":"https:\/\/dicodusport.fr\/blog\/#\/schema\/person\/image\/","url":"https:\/\/secure.gravatar.com\/avatar\/dca4a6239e6d708e46c45d60e160de6c?s=96&d=wp_user_avatar&r=g","contentUrl":"https:\/\/secure.gravatar.com\/avatar\/dca4a6239e6d708e46c45d60e160de6c?s=96&d=wp_user_avatar&r=g","caption":"Arlette Yeye"},"description":"Journaliste\/r\u00e9dactrice depuis septembre 2015 - Supportrice de Chelsea, j'ai pour sports de pr\u00e9dilection le handball, l'athl\u00e9tisme et le tennis. Si je tweete plus vite que mon ombre, vous pouvez aussi me retrouver les week-ends sur les playgrounds de Bruxelles pour un petit foot ou basket entre potes. Parcourir la France, l'Europe et plus si affinit\u00e9s pour suivre mes sportifs pr\u00e9f\u00e9r\u00e9s ? Mon kif ! Et c'est avec plaisir que je partage les r\u00e9sultats des sports populaires mais \u00e9galement plus confidentiels pour Dicodusport.","sameAs":["https:\/\/x.com\/https:\/\/twitter.com\/Shiclette94"],"url":"https:\/\/dicodusport.fr\/blog\/author\/arlette\/"}]}},"_links":{"self":[{"href":"https:\/\/dicodusport.fr\/blog\/wp-json\/wp\/v2\/posts\/410240","targetHints":{"allow":["GET"]}}],"collection":[{"href":"https:\/\/dicodusport.fr\/blog\/wp-json\/wp\/v2\/posts"}],"about":[{"href":"https:\/\/dicodusport.fr\/blog\/wp-json\/wp\/v2\/types\/post"}],"author":[{"embeddable":true,"href":"https:\/\/dicodusport.fr\/blog\/wp-json\/wp\/v2\/users\/12"}],"replies":[{"embeddable":true,"href":"https:\/\/dicodusport.fr\/blog\/wp-json\/wp\/v2\/comments?post=410240"}],"version-history":[{"count":0,"href":"https:\/\/dicodusport.fr\/blog\/wp-json\/wp\/v2\/posts\/410240\/revisions"}],"wp:featuredmedia":[{"embeddable":true,"href":"https:\/\/dicodusport.fr\/blog\/wp-json\/wp\/v2\/media\/410287"}],"wp:attachment":[{"href":"https:\/\/dicodusport.fr\/blog\/wp-json\/wp\/v2\/media?parent=410240"}],"wp:term":[{"taxonomy":"category","embeddable":true,"href":"https:\/\/dicodusport.fr\/blog\/wp-json\/wp\/v2\/categories?post=410240"},{"taxonomy":"post_tag","embeddable":true,"href":"https:\/\/dicodusport.fr\/blog\/wp-json\/wp\/v2\/tags?post=410240"}],"curies":[{"name":"wp","href":"https:\/\/api.w.org\/{rel}","templated":true}]}}