{"id":410607,"date":"2023-08-22T12:58:03","date_gmt":"2023-08-22T10:58:03","guid":{"rendered":"https:\/\/dicodusport.fr\/blog\/?p=410607&#038;preview=true&#038;preview_id=410607"},"modified":"2023-08-22T13:30:17","modified_gmt":"2023-08-22T11:30:17","slug":"le-profil-des-21-etapes-du-tour-despagne-2023","status":"publish","type":"post","link":"https:\/\/dicodusport.fr\/blog\/le-profil-des-21-etapes-du-tour-despagne-2023\/","title":{"rendered":"Le profil des 21 \u00e9tapes du Tour d&rsquo;Espagne 2023"},"content":{"rendered":"<p style=\"text-align: justify;\"><b><i><a href=\"https:\/\/dicodusport.fr\/blog\/actualites\/cyclisme\/cyclisme-sur-route-2023\/tour-d-espagne-2023\/\">TOUR D&rsquo;ESPAGNE 2023<\/a> &#8211; Retrouvez les profils des \u00e9tapes de la Vuelta 2023, qui se d\u00e9roule du samedi 26 ao\u00fbt au dimanche 17 septembre 2023, entre Barcelone et Madrid.<\/i><\/b><\/p>\n<h2 style=\"text-align: justify;\"><span style=\"font-size: 24px;\">1\u00e8re \u00e9tape &#8211; CLM par \u00e9quipes : Barcelona &gt; Barcelona (Samedi 26 ao\u00fbt)<\/span><\/h2>\n<p style=\"text-align: justify;\">CLM par \u00e9quipes d&rsquo;une distance de 14,8 km.<\/p>\n<div id=\"attachment_410829\" style=\"width: 970px\" class=\"wp-caption aligncenter\"><a href=\"https:\/\/dicodusport.fr\/blog\/wp-content\/uploads\/2023\/08\/Profil-de-la-1ere-etape-du-Tour-dEspagne-2023.png\"><img loading=\"lazy\" decoding=\"async\" aria-describedby=\"caption-attachment-410829\" class=\"wp-image-410829 size-full\" src=\"https:\/\/dicodusport.fr\/blog\/wp-content\/uploads\/2023\/08\/Profil-de-la-1ere-etape-du-Tour-dEspagne-2023.png\" alt=\"Profil de la 1\u00e8re \u00e9tape du Tour d'Espagne 2023\" width=\"960\" height=\"339\" srcset=\"https:\/\/dicodusport.fr\/blog\/wp-content\/uploads\/2023\/08\/Profil-de-la-1ere-etape-du-Tour-dEspagne-2023.png 960w, https:\/\/dicodusport.fr\/blog\/wp-content\/uploads\/2023\/08\/Profil-de-la-1ere-etape-du-Tour-dEspagne-2023-300x106.png 300w, https:\/\/dicodusport.fr\/blog\/wp-content\/uploads\/2023\/08\/Profil-de-la-1ere-etape-du-Tour-dEspagne-2023-768x271.png 768w\" sizes=\"auto, (max-width: 960px) 100vw, 960px\" \/><\/a><p id=\"caption-attachment-410829\" class=\"wp-caption-text\">Profil de la 1\u00e8re \u00e9tape du Tour d&rsquo;Espagne 2023<\/p><\/div>\n<p style=\"text-align: center;\"><a href=\"http:\/\/dicodusport.fr\/blog\/le-profil-des-21-etapes-du-tour-despagne-2023\/2\/#deux\" class=\"su-button su-button-style-flat\" style=\"color:#FFFFFF;background-color:#0057ae;border-color:#00468c;border-radius:4px\" target=\"_self\"><span style=\"color:#FFFFFF;padding:0px 22px;font-size:17px;line-height:34px;border-color:#4d8ac7;border-radius:4px;text-shadow:none\"> <strong>2\u00e8me \u00e9tape<\/strong><\/span><\/a><!--nextpage--><\/p>\n<h2 style=\"text-align: justify;\"><a id=\"deux\"><\/a><strong><span style=\"font-size: 24px;\">2<\/span><\/strong><span style=\"font-size: 24px;\">\u00e8me \u00e9tape : Matar\u00f3 &gt; Barcelona (Dimanche 27 ao\u00fbt)<\/span><\/h2>\n<p style=\"text-align: justify;\">\u00c9tape accident\u00e9e d&rsquo;une distance de 182 km.<\/p>\n<div id=\"attachment_410828\" style=\"width: 970px\" class=\"wp-caption aligncenter\"><a href=\"https:\/\/dicodusport.fr\/blog\/wp-content\/uploads\/2023\/08\/Profil-de-la-2eme-etape-du-Tour-dEspagne-2023.png\"><img loading=\"lazy\" decoding=\"async\" aria-describedby=\"caption-attachment-410828\" class=\"wp-image-410828 size-full\" src=\"https:\/\/dicodusport.fr\/blog\/wp-content\/uploads\/2023\/08\/Profil-de-la-2eme-etape-du-Tour-dEspagne-2023.png\" alt=\"Profil de la 2\u00e8me \u00e9tape du Tour d'Espagne 2023\" width=\"960\" height=\"447\" srcset=\"https:\/\/dicodusport.fr\/blog\/wp-content\/uploads\/2023\/08\/Profil-de-la-2eme-etape-du-Tour-dEspagne-2023.png 960w, https:\/\/dicodusport.fr\/blog\/wp-content\/uploads\/2023\/08\/Profil-de-la-2eme-etape-du-Tour-dEspagne-2023-300x140.png 300w, https:\/\/dicodusport.fr\/blog\/wp-content\/uploads\/2023\/08\/Profil-de-la-2eme-etape-du-Tour-dEspagne-2023-768x358.png 768w\" sizes=\"auto, (max-width: 960px) 100vw, 960px\" \/><\/a><p id=\"caption-attachment-410828\" class=\"wp-caption-text\">Profil de la 2\u00e8me \u00e9tape du Tour d&rsquo;Espagne 2023<\/p><\/div>\n<p style=\"text-align: center;\"><a href=\"http:\/\/dicodusport.fr\/blog\/le-profil-des-21-etapes-du-tour-despagne-2023\/3\/#trois\" class=\"su-button su-button-style-flat\" style=\"color:#FFFFFF;background-color:#0057ae;border-color:#00468c;border-radius:4px\" target=\"_self\"><span style=\"color:#FFFFFF;padding:0px 22px;font-size:17px;line-height:34px;border-color:#4d8ac7;border-radius:4px;text-shadow:none\"> <strong>3\u00e8me \u00e9tape<\/strong><\/span><\/a>\n<p><!--nextpage--><\/p>\n<h2 style=\"text-align: justify;\"><a id=\"trois\"><\/a><span style=\"font-size: 24px;\">3\u00e8me \u00e9tape : S\u00faria &gt; Arinsal. Andorra (Lundi 28 ao\u00fbt)<\/span><\/h2>\n<p style=\"text-align: justify;\">\u00c9tape de montagne d&rsquo;une distance de 158,5 km.<\/p>\n<div id=\"attachment_410827\" style=\"width: 970px\" class=\"wp-caption aligncenter\"><a href=\"https:\/\/dicodusport.fr\/blog\/wp-content\/uploads\/2023\/08\/Profil-de-la-3eme-etape-du-Tour-dEspagne-2023.png\"><img loading=\"lazy\" decoding=\"async\" aria-describedby=\"caption-attachment-410827\" class=\"wp-image-410827 size-full\" src=\"https:\/\/dicodusport.fr\/blog\/wp-content\/uploads\/2023\/08\/Profil-de-la-3eme-etape-du-Tour-dEspagne-2023.png\" alt=\"Profil de la 3\u00e8me \u00e9tape du Tour d'Espagne 2023\" width=\"960\" height=\"608\" srcset=\"https:\/\/dicodusport.fr\/blog\/wp-content\/uploads\/2023\/08\/Profil-de-la-3eme-etape-du-Tour-dEspagne-2023.png 960w, https:\/\/dicodusport.fr\/blog\/wp-content\/uploads\/2023\/08\/Profil-de-la-3eme-etape-du-Tour-dEspagne-2023-300x190.png 300w, https:\/\/dicodusport.fr\/blog\/wp-content\/uploads\/2023\/08\/Profil-de-la-3eme-etape-du-Tour-dEspagne-2023-768x486.png 768w\" sizes=\"auto, (max-width: 960px) 100vw, 960px\" \/><\/a><p id=\"caption-attachment-410827\" class=\"wp-caption-text\">Profil de la 3\u00e8me \u00e9tape du Tour d&rsquo;Espagne 2023<\/p><\/div>\n<p style=\"text-align: center;\"><a href=\"http:\/\/dicodusport.fr\/blog\/le-profil-des-21-etapes-du-tour-despagne-2023\/4\/#quatre\" class=\"su-button su-button-style-flat\" style=\"color:#FFFFFF;background-color:#0057ae;border-color:#00468c;border-radius:4px\" target=\"_self\"><span style=\"color:#FFFFFF;padding:0px 22px;font-size:17px;line-height:34px;border-color:#4d8ac7;border-radius:4px;text-shadow:none\"> <strong>4\u00e8me \u00e9tape<\/strong><\/span><\/a>\n<p><!--nextpage--><\/p>\n<h2 style=\"text-align: justify;\"><a id=\"quatre\"><\/a><span style=\"font-size: 24px;\">4<\/span><span style=\"font-size: 24px;\">\u00e8me \u00e9tape : Andorra la Vella.Andorra &gt; Tarragona (Mardi 29 ao\u00fbt)<\/span><\/h2>\n<p>\u00c9tape accident\u00e9e d&rsquo;une distance de 185 km.<\/p>\n<div id=\"attachment_410826\" style=\"width: 970px\" class=\"wp-caption aligncenter\"><a href=\"https:\/\/dicodusport.fr\/blog\/wp-content\/uploads\/2023\/08\/Profil-de-la-4eme-etape-du-Tour-dEspagne-2023.png\"><img loading=\"lazy\" decoding=\"async\" aria-describedby=\"caption-attachment-410826\" class=\"wp-image-410826 size-full\" src=\"https:\/\/dicodusport.fr\/blog\/wp-content\/uploads\/2023\/08\/Profil-de-la-4eme-etape-du-Tour-dEspagne-2023.png\" alt=\"Profil de la 4\u00e8me \u00e9tape du Tour d'Espagne 2023\" width=\"960\" height=\"351\" srcset=\"https:\/\/dicodusport.fr\/blog\/wp-content\/uploads\/2023\/08\/Profil-de-la-4eme-etape-du-Tour-dEspagne-2023.png 960w, https:\/\/dicodusport.fr\/blog\/wp-content\/uploads\/2023\/08\/Profil-de-la-4eme-etape-du-Tour-dEspagne-2023-300x110.png 300w, https:\/\/dicodusport.fr\/blog\/wp-content\/uploads\/2023\/08\/Profil-de-la-4eme-etape-du-Tour-dEspagne-2023-768x281.png 768w\" sizes=\"auto, (max-width: 960px) 100vw, 960px\" \/><\/a><p id=\"caption-attachment-410826\" class=\"wp-caption-text\">Profil de la 4\u00e8me \u00e9tape du Tour d&rsquo;Espagne 2023<\/p><\/div>\n<p style=\"text-align: center;\"><a href=\"http:\/\/dicodusport.fr\/blog\/le-profil-des-21-etapes-du-tour-despagne-2023\/5\/#cinq\" class=\"su-button su-button-style-flat\" style=\"color:#FFFFFF;background-color:#0057ae;border-color:#00468c;border-radius:4px\" target=\"_self\"><span style=\"color:#FFFFFF;padding:0px 22px;font-size:17px;line-height:34px;border-color:#4d8ac7;border-radius:4px;text-shadow:none\"> <strong>5\u00e8me \u00e9tape<\/strong><\/span><\/a>\n<p><!--nextpage--><\/p>\n<h2 style=\"text-align: justify;\"><a id=\"cinq\"><\/a><span style=\"font-size: 24px;\">5\u00e8me \u00e9tape : Morella &gt; Burriana (Mercredi 30 ao\u00fbt)<\/span><\/h2>\n<p style=\"text-align: justify;\">\u00c9tape accident\u00e9e d&rsquo;une distance de 186,5 km.<\/p>\n<div id=\"attachment_410825\" style=\"width: 970px\" class=\"wp-caption aligncenter\"><a href=\"https:\/\/dicodusport.fr\/blog\/wp-content\/uploads\/2023\/08\/Profil-de-la-5eme-etape-du-Tour-dEspagne-2023.png\"><img loading=\"lazy\" decoding=\"async\" aria-describedby=\"caption-attachment-410825\" class=\"wp-image-410825 size-full\" src=\"https:\/\/dicodusport.fr\/blog\/wp-content\/uploads\/2023\/08\/Profil-de-la-5eme-etape-du-Tour-dEspagne-2023.png\" alt=\"Profil de la 5\u00e8me \u00e9tape du Tour d'Espagne 2023\" width=\"960\" height=\"410\" srcset=\"https:\/\/dicodusport.fr\/blog\/wp-content\/uploads\/2023\/08\/Profil-de-la-5eme-etape-du-Tour-dEspagne-2023.png 960w, https:\/\/dicodusport.fr\/blog\/wp-content\/uploads\/2023\/08\/Profil-de-la-5eme-etape-du-Tour-dEspagne-2023-300x128.png 300w, https:\/\/dicodusport.fr\/blog\/wp-content\/uploads\/2023\/08\/Profil-de-la-5eme-etape-du-Tour-dEspagne-2023-768x328.png 768w\" sizes=\"auto, (max-width: 960px) 100vw, 960px\" \/><\/a><p id=\"caption-attachment-410825\" class=\"wp-caption-text\">Profil de la 5\u00e8me \u00e9tape du Tour d&rsquo;Espagne 2023<\/p><\/div>\n<p style=\"text-align: center;\"><a href=\"http:\/\/dicodusport.fr\/blog\/le-profil-des-21-etapes-du-tour-despagne-2023\/6\/#six\" class=\"su-button su-button-style-flat\" style=\"color:#FFFFFF;background-color:#0057ae;border-color:#00468c;border-radius:4px\" target=\"_self\"><span style=\"color:#FFFFFF;padding:0px 22px;font-size:17px;line-height:34px;border-color:#4d8ac7;border-radius:4px;text-shadow:none\"> <strong>6\u00e8me \u00e9tape<\/strong><\/span><\/a><!--nextpage--><\/p>\n<h2 style=\"text-align: justify;\"><a id=\"six\"><\/a><span style=\"font-size: 24px;\">6\u00e8me \u00e9<\/span><span style=\"font-size: 24px;\">tape : La Vall d&rsquo;Uix\u00f3 &gt; Pico del Buitre. Observatorio Astrof\u00edsico de Javalambre (Jeudi 31 ao\u00fbt<\/span><strong><span style=\"font-size: 24px;\">)<\/span><\/strong><\/h2>\n<p style=\"text-align: justify;\">\u00c9tape de montagne d&rsquo;une distance de 183,5 km.<\/p>\n<div id=\"attachment_410824\" style=\"width: 970px\" class=\"wp-caption aligncenter\"><a href=\"https:\/\/dicodusport.fr\/blog\/wp-content\/uploads\/2023\/08\/Profil-de-la-6eme-etape-du-Tour-dEspagne-2023.png\"><img loading=\"lazy\" decoding=\"async\" aria-describedby=\"caption-attachment-410824\" class=\"wp-image-410824 size-full\" src=\"https:\/\/dicodusport.fr\/blog\/wp-content\/uploads\/2023\/08\/Profil-de-la-6eme-etape-du-Tour-dEspagne-2023.png\" alt=\"Profil de la 6\u00e8me \u00e9tape du Tour d'Espagne 2023\" width=\"960\" height=\"587\" srcset=\"https:\/\/dicodusport.fr\/blog\/wp-content\/uploads\/2023\/08\/Profil-de-la-6eme-etape-du-Tour-dEspagne-2023.png 960w, https:\/\/dicodusport.fr\/blog\/wp-content\/uploads\/2023\/08\/Profil-de-la-6eme-etape-du-Tour-dEspagne-2023-300x183.png 300w, https:\/\/dicodusport.fr\/blog\/wp-content\/uploads\/2023\/08\/Profil-de-la-6eme-etape-du-Tour-dEspagne-2023-768x470.png 768w\" sizes=\"auto, (max-width: 960px) 100vw, 960px\" \/><\/a><p id=\"caption-attachment-410824\" class=\"wp-caption-text\">Profil de la 6\u00e8me \u00e9tape du Tour d&rsquo;Espagne 2023<\/p><\/div>\n<p style=\"text-align: center;\"><a href=\"http:\/\/dicodusport.fr\/blog\/le-profil-des-21-etapes-du-tour-despagne-2023\/7\/#sept\" class=\"su-button su-button-style-flat\" style=\"color:#FFFFFF;background-color:#0057ae;border-color:#00468c;border-radius:4px\" target=\"_self\"><span style=\"color:#FFFFFF;padding:0px 22px;font-size:17px;line-height:34px;border-color:#4d8ac7;border-radius:4px;text-shadow:none\"> <strong>7\u00e8me \u00e9tape<\/strong><\/span><\/a><!--nextpage--><\/p>\n<h2 style=\"text-align: justify;\"><a id=\"sept\"><\/a>7\u00e8me \u00e9tape : Utiel &gt; Oliva (Vendredi 1er septembre)<\/h2>\n<p style=\"text-align: justify;\">\u00c9tape de plaine d&rsquo;une distance de 201 km.<\/p>\n<div id=\"attachment_410823\" style=\"width: 970px\" class=\"wp-caption aligncenter\"><a href=\"https:\/\/dicodusport.fr\/blog\/wp-content\/uploads\/2023\/08\/Profil-de-la-7eme-etape-du-Tour-dEspagne-2023.png\"><img loading=\"lazy\" decoding=\"async\" aria-describedby=\"caption-attachment-410823\" class=\"wp-image-410823 size-full\" src=\"https:\/\/dicodusport.fr\/blog\/wp-content\/uploads\/2023\/08\/Profil-de-la-7eme-etape-du-Tour-dEspagne-2023.png\" alt=\"Profil de la 7\u00e8me \u00e9tape du Tour d'Espagne 2023\" width=\"960\" height=\"317\" srcset=\"https:\/\/dicodusport.fr\/blog\/wp-content\/uploads\/2023\/08\/Profil-de-la-7eme-etape-du-Tour-dEspagne-2023.png 960w, https:\/\/dicodusport.fr\/blog\/wp-content\/uploads\/2023\/08\/Profil-de-la-7eme-etape-du-Tour-dEspagne-2023-300x99.png 300w, https:\/\/dicodusport.fr\/blog\/wp-content\/uploads\/2023\/08\/Profil-de-la-7eme-etape-du-Tour-dEspagne-2023-768x254.png 768w\" sizes=\"auto, (max-width: 960px) 100vw, 960px\" \/><\/a><p id=\"caption-attachment-410823\" class=\"wp-caption-text\">Profil de la 7\u00e8me \u00e9tape du Tour d&rsquo;Espagne 2023<\/p><\/div>\n<p style=\"text-align: center;\"><a href=\"http:\/\/dicodusport.fr\/blog\/le-profil-des-21-etapes-du-tour-despagne-2023\/8\/#huit\" class=\"su-button su-button-style-flat\" style=\"color:#FFFFFF;background-color:#0057ae;border-color:#00468c;border-radius:4px\" target=\"_self\"><span style=\"color:#FFFFFF;padding:0px 22px;font-size:17px;line-height:34px;border-color:#4d8ac7;border-radius:4px;text-shadow:none\"> <strong>8\u00e8me \u00e9tape<\/strong><\/span><\/a>\n<p><!--nextpage--><\/p>\n<h2 style=\"text-align: justify;\"><a id=\"huit\"><\/a>8\u00e8me \u00e9tape : D\u00e9nia &gt; Xorret de Cat\u00ed. Costa Blanca Interior (Samedi 2 septembre)<\/h2>\n<p style=\"text-align: justify;\">\u00c9tape de montagne d&rsquo;une distance de 165 km.<\/p>\n<div id=\"attachment_410822\" style=\"width: 970px\" class=\"wp-caption aligncenter\"><a href=\"https:\/\/dicodusport.fr\/blog\/wp-content\/uploads\/2023\/08\/Profil-de-la-8eme-etape-du-Tour-dEspagne-2023.png\"><img loading=\"lazy\" decoding=\"async\" aria-describedby=\"caption-attachment-410822\" class=\"wp-image-410822 size-full\" src=\"https:\/\/dicodusport.fr\/blog\/wp-content\/uploads\/2023\/08\/Profil-de-la-8eme-etape-du-Tour-dEspagne-2023.png\" alt=\"Profil de la 8\u00e8me \u00e9tape du Tour d'Espagne 2023\" width=\"960\" height=\"560\" srcset=\"https:\/\/dicodusport.fr\/blog\/wp-content\/uploads\/2023\/08\/Profil-de-la-8eme-etape-du-Tour-dEspagne-2023.png 960w, https:\/\/dicodusport.fr\/blog\/wp-content\/uploads\/2023\/08\/Profil-de-la-8eme-etape-du-Tour-dEspagne-2023-300x175.png 300w, https:\/\/dicodusport.fr\/blog\/wp-content\/uploads\/2023\/08\/Profil-de-la-8eme-etape-du-Tour-dEspagne-2023-768x448.png 768w\" sizes=\"auto, (max-width: 960px) 100vw, 960px\" \/><\/a><p id=\"caption-attachment-410822\" class=\"wp-caption-text\">Profil de la 8\u00e8me \u00e9tape du Tour d&rsquo;Espagne 2023<\/p><\/div>\n<p style=\"text-align: center;\"><a href=\"http:\/\/dicodusport.fr\/blog\/le-profil-des-21-etapes-du-tour-despagne-2023\/9\/#neuf\" class=\"su-button su-button-style-flat\" style=\"color:#FFFFFF;background-color:#0057ae;border-color:#00468c;border-radius:4px\" target=\"_self\"><span style=\"color:#FFFFFF;padding:0px 22px;font-size:17px;line-height:34px;border-color:#4d8ac7;border-radius:4px;text-shadow:none\"> <strong>9\u00e8me \u00e9tape<\/strong><\/span><\/a>\n<p><!--nextpage--><\/p>\n<h2 style=\"text-align: justify;\"><a id=\"neuf\"><\/a>9\u00e8me \u00e9tape : Cartagena &gt; Collado de la Cruz de Caravaca (Dimanche 3 septembre)<\/h2>\n<p style=\"text-align: justify;\">\u00c9tape accident\u00e9e d&rsquo;une distance de 184,5 km.<\/p>\n<div id=\"attachment_410821\" style=\"width: 970px\" class=\"wp-caption aligncenter\"><a href=\"https:\/\/dicodusport.fr\/blog\/wp-content\/uploads\/2023\/08\/Profil-de-la-9eme-etape-du-Tour-dEspagne-2023.png\"><img loading=\"lazy\" decoding=\"async\" aria-describedby=\"caption-attachment-410821\" class=\"wp-image-410821 size-full\" src=\"https:\/\/dicodusport.fr\/blog\/wp-content\/uploads\/2023\/08\/Profil-de-la-9eme-etape-du-Tour-dEspagne-2023.png\" alt=\"Profil de la 9\u00e8me \u00e9tape du Tour d'Espagne 2023\" width=\"960\" height=\"509\" srcset=\"https:\/\/dicodusport.fr\/blog\/wp-content\/uploads\/2023\/08\/Profil-de-la-9eme-etape-du-Tour-dEspagne-2023.png 960w, https:\/\/dicodusport.fr\/blog\/wp-content\/uploads\/2023\/08\/Profil-de-la-9eme-etape-du-Tour-dEspagne-2023-300x159.png 300w, https:\/\/dicodusport.fr\/blog\/wp-content\/uploads\/2023\/08\/Profil-de-la-9eme-etape-du-Tour-dEspagne-2023-768x407.png 768w\" sizes=\"auto, (max-width: 960px) 100vw, 960px\" \/><\/a><p id=\"caption-attachment-410821\" class=\"wp-caption-text\">Profil de la 9\u00e8me \u00e9tape du Tour d&rsquo;Espagne 2023<\/p><\/div>\n<p style=\"text-align: center;\"><a href=\"http:\/\/dicodusport.fr\/blog\/le-profil-des-21-etapes-du-tour-despagne-2023\/10\/#dix\" class=\"su-button su-button-style-flat\" style=\"color:#FFFFFF;background-color:#0057ae;border-color:#00468c;border-radius:4px\" target=\"_self\"><span style=\"color:#FFFFFF;padding:0px 22px;font-size:17px;line-height:34px;border-color:#4d8ac7;border-radius:4px;text-shadow:none\"> <strong>10\u00e8me \u00e9tape<\/strong><\/span><\/a>\n<p style=\"text-align: center;\"><!--nextpage--><\/p>\n<h2 style=\"text-align: justify;\"><a id=\"dix\"><\/a>10\u00e8me \u00e9tape &#8211; CLM Individuel : Valladolid &gt; Valladolid (Mardi 5 septembre)<\/h2>\n<p style=\"text-align: justify;\">CLM Individuel d&rsquo;une distance de 25,8 km.<\/p>\n<div id=\"attachment_410820\" style=\"width: 970px\" class=\"wp-caption aligncenter\"><a href=\"https:\/\/dicodusport.fr\/blog\/wp-content\/uploads\/2023\/08\/Profil-de-la-10eme-etape-du-Tour-dEspagne-2023.png\"><img loading=\"lazy\" decoding=\"async\" aria-describedby=\"caption-attachment-410820\" class=\"wp-image-410820 size-full\" src=\"https:\/\/dicodusport.fr\/blog\/wp-content\/uploads\/2023\/08\/Profil-de-la-10eme-etape-du-Tour-dEspagne-2023.png\" alt=\"Profil de la 10\u00e8me \u00e9tape du Tour d'Espagne 2023\" width=\"960\" height=\"346\" srcset=\"https:\/\/dicodusport.fr\/blog\/wp-content\/uploads\/2023\/08\/Profil-de-la-10eme-etape-du-Tour-dEspagne-2023.png 960w, https:\/\/dicodusport.fr\/blog\/wp-content\/uploads\/2023\/08\/Profil-de-la-10eme-etape-du-Tour-dEspagne-2023-300x108.png 300w, https:\/\/dicodusport.fr\/blog\/wp-content\/uploads\/2023\/08\/Profil-de-la-10eme-etape-du-Tour-dEspagne-2023-768x277.png 768w\" sizes=\"auto, (max-width: 960px) 100vw, 960px\" \/><\/a><p id=\"caption-attachment-410820\" class=\"wp-caption-text\">Profil de la 10\u00e8me \u00e9tape du Tour d&rsquo;Espagne 2023<\/p><\/div>\n<p style=\"text-align: center;\"><a href=\"http:\/\/dicodusport.fr\/blog\/le-profil-des-21-etapes-du-tour-despagne-2023\/11\/#onze\" class=\"su-button su-button-style-flat\" style=\"color:#FFFFFF;background-color:#0057ae;border-color:#00468c;border-radius:4px\" target=\"_self\"><span style=\"color:#FFFFFF;padding:0px 22px;font-size:17px;line-height:34px;border-color:#4d8ac7;border-radius:4px;text-shadow:none\"> <strong>11\u00e8me \u00e9tape<\/strong><\/span><\/a>\n<p><!--nextpage--><\/p>\n<h2 style=\"text-align: justify;\"><a id=\"onze\"><\/a>11\u00e8me \u00e9tape : Lerma &gt; La Laguna Negra.Vinuesa (Mercredi 6 septembre)<\/h2>\n<p style=\"text-align: justify;\">\u00c9tape de plaine avec une arriv\u00e9e en altitude d&rsquo;une distance de 163,5 km.<\/p>\n<div id=\"attachment_410819\" style=\"width: 970px\" class=\"wp-caption aligncenter\"><a href=\"https:\/\/dicodusport.fr\/blog\/wp-content\/uploads\/2023\/08\/Profil-de-la-11eme-etape-du-Tour-dEspagne-2023.png\"><img loading=\"lazy\" decoding=\"async\" aria-describedby=\"caption-attachment-410819\" class=\"wp-image-410819 size-full\" src=\"https:\/\/dicodusport.fr\/blog\/wp-content\/uploads\/2023\/08\/Profil-de-la-11eme-etape-du-Tour-dEspagne-2023.png\" alt=\"Profil de la 11\u00e8me \u00e9tape du Tour d'Espagne 2023\" width=\"960\" height=\"514\" srcset=\"https:\/\/dicodusport.fr\/blog\/wp-content\/uploads\/2023\/08\/Profil-de-la-11eme-etape-du-Tour-dEspagne-2023.png 960w, https:\/\/dicodusport.fr\/blog\/wp-content\/uploads\/2023\/08\/Profil-de-la-11eme-etape-du-Tour-dEspagne-2023-300x161.png 300w, https:\/\/dicodusport.fr\/blog\/wp-content\/uploads\/2023\/08\/Profil-de-la-11eme-etape-du-Tour-dEspagne-2023-768x411.png 768w\" sizes=\"auto, (max-width: 960px) 100vw, 960px\" \/><\/a><p id=\"caption-attachment-410819\" class=\"wp-caption-text\">Profil de la 11\u00e8me \u00e9tape du Tour d&rsquo;Espagne 2023<\/p><\/div>\n<p style=\"text-align: center;\"><a href=\"http:\/\/dicodusport.fr\/blog\/le-profil-des-21-etapes-du-tour-despagne-2023\/12\/#douze\" class=\"su-button su-button-style-flat\" style=\"color:#FFFFFF;background-color:#0057ae;border-color:#00468c;border-radius:4px\" target=\"_self\"><span style=\"color:#FFFFFF;padding:0px 22px;font-size:17px;line-height:34px;border-color:#4d8ac7;border-radius:4px;text-shadow:none\"> <strong>12\u00e8me \u00e9tape<\/strong><\/span><\/a><!--nextpage--><\/p>\n<h2 style=\"text-align: justify;\"><a id=\"douze\"><\/a>12\u00e8me \u00e9tape : \u00d3lvega &gt; Zaragoza (Jeudi 7 septembre)<\/h2>\n<p style=\"text-align: justify;\">\u00c9tape de plaine d&rsquo;une distance de 151 km.<\/p>\n<div id=\"attachment_410818\" style=\"width: 970px\" class=\"wp-caption aligncenter\"><a href=\"https:\/\/dicodusport.fr\/blog\/wp-content\/uploads\/2023\/08\/Profil-de-la-12eme-etape-du-Tour-dEspagne-2023.png\"><img loading=\"lazy\" decoding=\"async\" aria-describedby=\"caption-attachment-410818\" class=\"wp-image-410818 size-full\" src=\"https:\/\/dicodusport.fr\/blog\/wp-content\/uploads\/2023\/08\/Profil-de-la-12eme-etape-du-Tour-dEspagne-2023.png\" alt=\"Profil de la 12\u00e8me \u00e9tape du Tour d'Espagne 2023\" width=\"960\" height=\"552\" srcset=\"https:\/\/dicodusport.fr\/blog\/wp-content\/uploads\/2023\/08\/Profil-de-la-12eme-etape-du-Tour-dEspagne-2023.png 960w, https:\/\/dicodusport.fr\/blog\/wp-content\/uploads\/2023\/08\/Profil-de-la-12eme-etape-du-Tour-dEspagne-2023-300x173.png 300w, https:\/\/dicodusport.fr\/blog\/wp-content\/uploads\/2023\/08\/Profil-de-la-12eme-etape-du-Tour-dEspagne-2023-768x442.png 768w\" sizes=\"auto, (max-width: 960px) 100vw, 960px\" \/><\/a><p id=\"caption-attachment-410818\" class=\"wp-caption-text\">Profil de la 12\u00e8me \u00e9tape du Tour d&rsquo;Espagne 2023<\/p><\/div>\n<p style=\"text-align: center;\"><a href=\"http:\/\/dicodusport.fr\/blog\/le-profil-des-21-etapes-du-tour-despagne-2023\/13\/#treize\" class=\"su-button su-button-style-flat\" style=\"color:#FFFFFF;background-color:#0057ae;border-color:#00468c;border-radius:4px\" target=\"_self\"><span style=\"color:#FFFFFF;padding:0px 22px;font-size:17px;line-height:34px;border-color:#4d8ac7;border-radius:4px;text-shadow:none\"> <strong>13\u00e8me \u00e9tape<\/strong><\/span><\/a><!--nextpage--><\/p>\n<h2 style=\"text-align: justify;\"><a id=\"treize\"><\/a>13\u00e8me \u00e9tape : Formigal. Huesca la Magia &gt; Col du Tourmalet (Vendredi 8 septembre)<\/h2>\n<p style=\"text-align: justify;\">\u00c9tape de montagne d&rsquo;une distance de 135 km.<\/p>\n<div id=\"attachment_410817\" style=\"width: 970px\" class=\"wp-caption aligncenter\"><a href=\"https:\/\/dicodusport.fr\/blog\/wp-content\/uploads\/2023\/08\/Profil-de-la-13eme-etape-du-Tour-dEspagne-2023.png\"><img loading=\"lazy\" decoding=\"async\" aria-describedby=\"caption-attachment-410817\" class=\"wp-image-410817 size-full\" src=\"https:\/\/dicodusport.fr\/blog\/wp-content\/uploads\/2023\/08\/Profil-de-la-13eme-etape-du-Tour-dEspagne-2023.png\" alt=\"Profil de la 13\u00e8me \u00e9tape du Tour d'Espagne 2023\" width=\"960\" height=\"714\" srcset=\"https:\/\/dicodusport.fr\/blog\/wp-content\/uploads\/2023\/08\/Profil-de-la-13eme-etape-du-Tour-dEspagne-2023.png 960w, https:\/\/dicodusport.fr\/blog\/wp-content\/uploads\/2023\/08\/Profil-de-la-13eme-etape-du-Tour-dEspagne-2023-300x223.png 300w, https:\/\/dicodusport.fr\/blog\/wp-content\/uploads\/2023\/08\/Profil-de-la-13eme-etape-du-Tour-dEspagne-2023-768x571.png 768w\" sizes=\"auto, (max-width: 960px) 100vw, 960px\" \/><\/a><p id=\"caption-attachment-410817\" class=\"wp-caption-text\">Profil de la 13\u00e8me \u00e9tape du Tour d&rsquo;Espagne 2023<\/p><\/div>\n<p style=\"text-align: center;\"><a href=\"http:\/\/dicodusport.fr\/blog\/le-profil-des-21-etapes-du-tour-despagne-2023\/14\/#quatorze\" class=\"su-button su-button-style-flat\" style=\"color:#FFFFFF;background-color:#0057ae;border-color:#00468c;border-radius:4px\" target=\"_self\"><span style=\"color:#FFFFFF;padding:0px 22px;font-size:17px;line-height:34px;border-color:#4d8ac7;border-radius:4px;text-shadow:none\"> <strong>14\u00e8me \u00e9tape<\/strong><\/span><\/a>\n<p><!--nextpage--><\/p>\n<h2 style=\"text-align: justify;\"><a id=\"quatorze\"><\/a>14\u00e8me \u00e9tape : Sauveterre-de-B\u00e9arn &gt; Larra-Belagua (Samedi 9 septembre)<\/h2>\n<p style=\"text-align: justify;\">\u00c9tape de montagne longue de 156,5 km.<\/p>\n<div id=\"attachment_410816\" style=\"width: 970px\" class=\"wp-caption aligncenter\"><a href=\"https:\/\/dicodusport.fr\/blog\/wp-content\/uploads\/2023\/08\/Profil-de-la-14eme-etape-du-Tour-dEspagne-2023.png\"><img loading=\"lazy\" decoding=\"async\" aria-describedby=\"caption-attachment-410816\" class=\"wp-image-410816 size-full\" src=\"https:\/\/dicodusport.fr\/blog\/wp-content\/uploads\/2023\/08\/Profil-de-la-14eme-etape-du-Tour-dEspagne-2023.png\" alt=\"Profil de la 14\u00e8me \u00e9tape du Tour d'Espagne 2023\" width=\"960\" height=\"669\" srcset=\"https:\/\/dicodusport.fr\/blog\/wp-content\/uploads\/2023\/08\/Profil-de-la-14eme-etape-du-Tour-dEspagne-2023.png 960w, https:\/\/dicodusport.fr\/blog\/wp-content\/uploads\/2023\/08\/Profil-de-la-14eme-etape-du-Tour-dEspagne-2023-300x209.png 300w, https:\/\/dicodusport.fr\/blog\/wp-content\/uploads\/2023\/08\/Profil-de-la-14eme-etape-du-Tour-dEspagne-2023-768x535.png 768w\" sizes=\"auto, (max-width: 960px) 100vw, 960px\" \/><\/a><p id=\"caption-attachment-410816\" class=\"wp-caption-text\">Profil de la 14\u00e8me \u00e9tape du Tour d&rsquo;Espagne 2023<\/p><\/div>\n<p style=\"text-align: center;\"><a href=\"http:\/\/dicodusport.fr\/blog\/le-profil-des-21-etapes-du-tour-despagne-2023\/15\/#quinze\" class=\"su-button su-button-style-flat\" style=\"color:#FFFFFF;background-color:#0057ae;border-color:#00468c;border-radius:4px\" target=\"_self\"><span style=\"color:#FFFFFF;padding:0px 22px;font-size:17px;line-height:34px;border-color:#4d8ac7;border-radius:4px;text-shadow:none\"> <strong>15\u00e8me \u00e9tape<\/strong><\/span><\/a>\n<p><!--nextpage--><\/p>\n<h2 style=\"text-align: justify;\"><a id=\"quinze\"><\/a>15\u00e8me \u00e9tape : Pamplona &gt; Lekunberri (Dimanche 10 septembre)<\/h2>\n<p style=\"text-align: justify;\">\u00c9tape accident\u00e9e d&rsquo;une distance de 158,5 km.<\/p>\n<div id=\"attachment_410815\" style=\"width: 970px\" class=\"wp-caption aligncenter\"><a href=\"https:\/\/dicodusport.fr\/blog\/wp-content\/uploads\/2023\/08\/Profil-de-la-15eme-etape-du-Tour-dEspagne-2023.png\"><img loading=\"lazy\" decoding=\"async\" aria-describedby=\"caption-attachment-410815\" class=\"wp-image-410815 size-full\" src=\"https:\/\/dicodusport.fr\/blog\/wp-content\/uploads\/2023\/08\/Profil-de-la-15eme-etape-du-Tour-dEspagne-2023.png\" alt=\"Profil de la 15\u00e8me \u00e9tape du Tour d'Espagne 2023\" width=\"960\" height=\"526\" srcset=\"https:\/\/dicodusport.fr\/blog\/wp-content\/uploads\/2023\/08\/Profil-de-la-15eme-etape-du-Tour-dEspagne-2023.png 960w, https:\/\/dicodusport.fr\/blog\/wp-content\/uploads\/2023\/08\/Profil-de-la-15eme-etape-du-Tour-dEspagne-2023-300x164.png 300w, https:\/\/dicodusport.fr\/blog\/wp-content\/uploads\/2023\/08\/Profil-de-la-15eme-etape-du-Tour-dEspagne-2023-768x421.png 768w\" sizes=\"auto, (max-width: 960px) 100vw, 960px\" \/><\/a><p id=\"caption-attachment-410815\" class=\"wp-caption-text\">Profil de la 15\u00e8me \u00e9tape du Tour d&rsquo;Espagne 2023<\/p><\/div>\n<p style=\"text-align: center;\"><a href=\"http:\/\/dicodusport.fr\/blog\/le-profil-des-21-etapes-du-tour-despagne-2023\/16\/#seize\" class=\"su-button su-button-style-flat\" style=\"color:#FFFFFF;background-color:#0057ae;border-color:#00468c;border-radius:4px\" target=\"_self\"><span style=\"color:#FFFFFF;padding:0px 22px;font-size:17px;line-height:34px;border-color:#4d8ac7;border-radius:4px;text-shadow:none\"> <strong>16\u00e8me \u00e9tape<\/strong><\/span><\/a>\n<p><!--nextpage--><\/p>\n<h2 style=\"text-align: justify;\"><a id=\"seize\"><\/a>16\u00e8me \u00e9tape : Liencres Playa &gt; Bejes (Mardi 12 septembre)<\/h2>\n<div id=\"attachment_410814\" style=\"width: 970px\" class=\"wp-caption aligncenter\"><a href=\"https:\/\/dicodusport.fr\/blog\/wp-content\/uploads\/2023\/08\/Profil-de-la-16eme-etape-du-Tour-dEspagne-2023.png\"><img loading=\"lazy\" decoding=\"async\" aria-describedby=\"caption-attachment-410814\" class=\"wp-image-410814 size-full\" src=\"https:\/\/dicodusport.fr\/blog\/wp-content\/uploads\/2023\/08\/Profil-de-la-16eme-etape-du-Tour-dEspagne-2023.png\" alt=\"Profil de la 16\u00e8me \u00e9tape du Tour d'Espagne 2023\" width=\"960\" height=\"479\" srcset=\"https:\/\/dicodusport.fr\/blog\/wp-content\/uploads\/2023\/08\/Profil-de-la-16eme-etape-du-Tour-dEspagne-2023.png 960w, https:\/\/dicodusport.fr\/blog\/wp-content\/uploads\/2023\/08\/Profil-de-la-16eme-etape-du-Tour-dEspagne-2023-300x150.png 300w, https:\/\/dicodusport.fr\/blog\/wp-content\/uploads\/2023\/08\/Profil-de-la-16eme-etape-du-Tour-dEspagne-2023-768x383.png 768w\" sizes=\"auto, (max-width: 960px) 100vw, 960px\" \/><\/a><p id=\"caption-attachment-410814\" class=\"wp-caption-text\">Profil de la 16\u00e8me \u00e9tape du Tour d&rsquo;Espagne 2023<\/p><\/div>\n<p style=\"text-align: left;\">\u00c9tape de plaine avec arriv\u00e9e en altitude d&rsquo;une distance de 120,5 km.<\/p>\n<p>Profil 16\u00e8me \u00e9tape Tour d&rsquo;Espagne 2022 &#8211; Via Unipublic<\/p>\n<p style=\"text-align: center;\"><a href=\"http:\/\/dicodusport.fr\/blog\/le-profil-des-21-etapes-du-tour-despagne-2023\/17\/#dixsept\" class=\"su-button su-button-style-flat\" style=\"color:#FFFFFF;background-color:#0057ae;border-color:#00468c;border-radius:4px\" target=\"_self\"><span style=\"color:#FFFFFF;padding:0px 22px;font-size:17px;line-height:34px;border-color:#4d8ac7;border-radius:4px;text-shadow:none\"> <strong>17\u00e8me \u00e9tape<\/strong><\/span><\/a>\n<p><!--nextpage--><\/p>\n<h2 style=\"text-align: justify;\"><a id=\"dixsept\"><\/a>17\u00e8me \u00e9tape : Ribadesella \/ Ribeseya &gt; Altu de L&rsquo;Angliru (Mercredi 13 septembre)<\/h2>\n<p style=\"text-align: justify;\">\u00c9tape de montagne d&rsquo;une distance de 124,5 km.<\/p>\n<div id=\"attachment_410813\" style=\"width: 970px\" class=\"wp-caption aligncenter\"><a href=\"https:\/\/dicodusport.fr\/blog\/wp-content\/uploads\/2023\/08\/Profil-de-la-17eme-etape-du-Tour-dEspagne-2023.png\"><img loading=\"lazy\" decoding=\"async\" aria-describedby=\"caption-attachment-410813\" class=\"wp-image-410813 size-full\" src=\"https:\/\/dicodusport.fr\/blog\/wp-content\/uploads\/2023\/08\/Profil-de-la-17eme-etape-du-Tour-dEspagne-2023.png\" alt=\"Profil de la 17\u00e8me \u00e9tape du Tour d'Espagne 2023\" width=\"960\" height=\"569\" srcset=\"https:\/\/dicodusport.fr\/blog\/wp-content\/uploads\/2023\/08\/Profil-de-la-17eme-etape-du-Tour-dEspagne-2023.png 960w, https:\/\/dicodusport.fr\/blog\/wp-content\/uploads\/2023\/08\/Profil-de-la-17eme-etape-du-Tour-dEspagne-2023-300x178.png 300w, https:\/\/dicodusport.fr\/blog\/wp-content\/uploads\/2023\/08\/Profil-de-la-17eme-etape-du-Tour-dEspagne-2023-768x455.png 768w\" sizes=\"auto, (max-width: 960px) 100vw, 960px\" \/><\/a><p id=\"caption-attachment-410813\" class=\"wp-caption-text\">Profil de la 17\u00e8me \u00e9tape du Tour d&rsquo;Espagne 2023<\/p><\/div>\n<p style=\"text-align: center;\"><a href=\"http:\/\/dicodusport.fr\/blog\/le-profil-des-21-etapes-du-tour-despagne-2023\/18\/#dixhuit\" class=\"su-button su-button-style-flat\" style=\"color:#FFFFFF;background-color:#0057ae;border-color:#00468c;border-radius:4px\" target=\"_self\"><span style=\"color:#FFFFFF;padding:0px 22px;font-size:17px;line-height:34px;border-color:#4d8ac7;border-radius:4px;text-shadow:none\"> <strong>18\u00e8me \u00e9tape<\/strong><\/span><\/a><!--nextpage--><\/p>\n<h2 style=\"text-align: justify;\"><a id=\"dixhuit\"><\/a>18\u00e8me \u00e9tape : Pola de Allande &gt; La Cruz de Linares (Jeudi 14 septembre)<\/h2>\n<p style=\"text-align: justify;\">\u00c9tape de montagne d&rsquo;une distance de 179 km.<\/p>\n<div id=\"attachment_410812\" style=\"width: 970px\" class=\"wp-caption aligncenter\"><a href=\"https:\/\/dicodusport.fr\/blog\/wp-content\/uploads\/2023\/08\/Profil-de-la-18eme-etape-du-Tour-dEspagne-2023.png\"><img loading=\"lazy\" decoding=\"async\" aria-describedby=\"caption-attachment-410812\" class=\"wp-image-410812 size-full\" src=\"https:\/\/dicodusport.fr\/blog\/wp-content\/uploads\/2023\/08\/Profil-de-la-18eme-etape-du-Tour-dEspagne-2023.png\" alt=\"Profil de la 18\u00e8me \u00e9tape du Tour d'Espagne 2023\" width=\"960\" height=\"594\" srcset=\"https:\/\/dicodusport.fr\/blog\/wp-content\/uploads\/2023\/08\/Profil-de-la-18eme-etape-du-Tour-dEspagne-2023.png 960w, https:\/\/dicodusport.fr\/blog\/wp-content\/uploads\/2023\/08\/Profil-de-la-18eme-etape-du-Tour-dEspagne-2023-300x186.png 300w, https:\/\/dicodusport.fr\/blog\/wp-content\/uploads\/2023\/08\/Profil-de-la-18eme-etape-du-Tour-dEspagne-2023-768x475.png 768w\" sizes=\"auto, (max-width: 960px) 100vw, 960px\" \/><\/a><p id=\"caption-attachment-410812\" class=\"wp-caption-text\">Profil de la 18\u00e8me \u00e9tape du Tour d&rsquo;Espagne 2023<\/p><\/div>\n<p style=\"text-align: center;\"><a href=\"http:\/\/dicodusport.fr\/blog\/le-profil-des-21-etapes-du-tour-despagne-2023\/19\/#dixneuf\" class=\"su-button su-button-style-flat\" style=\"color:#FFFFFF;background-color:#0057ae;border-color:#00468c;border-radius:4px\" target=\"_self\"><span style=\"color:#FFFFFF;padding:0px 22px;font-size:17px;line-height:34px;border-color:#4d8ac7;border-radius:4px;text-shadow:none\"> <strong>19\u00e8me \u00e9tape<\/strong><\/span><\/a><!--nextpage--><\/p>\n<h2 style=\"text-align: justify;\"><a id=\"dixneuf\"><\/a>19\u00e8me \u00e9tape : La Ba\u00f1eza &gt; \u00cdscar (Vendredi 15 septembre)<\/h2>\n<p style=\"text-align: justify;\">\u00c9tape de plaine d&rsquo;une distance de 177,5 km.<\/p>\n<div id=\"attachment_410811\" style=\"width: 970px\" class=\"wp-caption aligncenter\"><a href=\"https:\/\/dicodusport.fr\/blog\/wp-content\/uploads\/2023\/08\/Profil-de-la-19eme-etape-du-Tour-dEspagne-2023.png\"><img loading=\"lazy\" decoding=\"async\" aria-describedby=\"caption-attachment-410811\" class=\"wp-image-410811 size-full\" src=\"https:\/\/dicodusport.fr\/blog\/wp-content\/uploads\/2023\/08\/Profil-de-la-19eme-etape-du-Tour-dEspagne-2023.png\" alt=\"Profil de la 19\u00e8me \u00e9tape du Tour d'Espagne 2023\" width=\"960\" height=\"380\" srcset=\"https:\/\/dicodusport.fr\/blog\/wp-content\/uploads\/2023\/08\/Profil-de-la-19eme-etape-du-Tour-dEspagne-2023.png 960w, https:\/\/dicodusport.fr\/blog\/wp-content\/uploads\/2023\/08\/Profil-de-la-19eme-etape-du-Tour-dEspagne-2023-300x119.png 300w, https:\/\/dicodusport.fr\/blog\/wp-content\/uploads\/2023\/08\/Profil-de-la-19eme-etape-du-Tour-dEspagne-2023-768x304.png 768w\" sizes=\"auto, (max-width: 960px) 100vw, 960px\" \/><\/a><p id=\"caption-attachment-410811\" class=\"wp-caption-text\">Profil de la 19\u00e8me \u00e9tape du Tour d&rsquo;Espagne 2023<\/p><\/div>\n<p style=\"text-align: center;\"><a href=\"http:\/\/dicodusport.fr\/blog\/le-profil-des-21-etapes-du-tour-despagne-2023\/20\/#vingt\" class=\"su-button su-button-style-flat\" style=\"color:#FFFFFF;background-color:#0057ae;border-color:#00468c;border-radius:4px\" target=\"_self\"><span style=\"color:#FFFFFF;padding:0px 22px;font-size:17px;line-height:34px;border-color:#4d8ac7;border-radius:4px;text-shadow:none\"> <strong>20\u00e8me \u00e9tape<\/strong><\/span><\/a>\n<p><!--nextpage--><\/p>\n<h2 style=\"text-align: justify;\"><a id=\"vingt\"><\/a>20\u00e8me \u00e9tape : Manzanares El Real &gt; Guadarrama (Samedi 16 septembre)<\/h2>\n<p style=\"text-align: justify;\">\u00c9tape accident\u00e9e d&rsquo;une distance de 208 km.<\/p>\n<div id=\"attachment_410810\" style=\"width: 970px\" class=\"wp-caption aligncenter\"><a href=\"https:\/\/dicodusport.fr\/blog\/wp-content\/uploads\/2023\/08\/Profil-de-la-20eme-etape-du-Tour-dEspagne-2023.png\"><img loading=\"lazy\" decoding=\"async\" aria-describedby=\"caption-attachment-410810\" class=\"wp-image-410810 size-full\" src=\"https:\/\/dicodusport.fr\/blog\/wp-content\/uploads\/2023\/08\/Profil-de-la-20eme-etape-du-Tour-dEspagne-2023.png\" alt=\"Profil de la 20\u00e8me \u00e9tape du Tour d'Espagne 2023\" width=\"960\" height=\"505\" srcset=\"https:\/\/dicodusport.fr\/blog\/wp-content\/uploads\/2023\/08\/Profil-de-la-20eme-etape-du-Tour-dEspagne-2023.png 960w, https:\/\/dicodusport.fr\/blog\/wp-content\/uploads\/2023\/08\/Profil-de-la-20eme-etape-du-Tour-dEspagne-2023-300x158.png 300w, https:\/\/dicodusport.fr\/blog\/wp-content\/uploads\/2023\/08\/Profil-de-la-20eme-etape-du-Tour-dEspagne-2023-768x404.png 768w\" sizes=\"auto, (max-width: 960px) 100vw, 960px\" \/><\/a><p id=\"caption-attachment-410810\" class=\"wp-caption-text\">Profil de la 20\u00e8me \u00e9tape du Tour d&rsquo;Espagne 2023<\/p><\/div>\n<p style=\"text-align: center;\"><a href=\"http:\/\/dicodusport.fr\/blog\/le-profil-des-21-etapes-du-tour-despagne-2023\/21\/#vingtetun\" class=\"su-button su-button-style-flat\" style=\"color:#FFFFFF;background-color:#0057ae;border-color:#00468c;border-radius:4px\" target=\"_self\"><span style=\"color:#FFFFFF;padding:0px 22px;font-size:17px;line-height:34px;border-color:#4d8ac7;border-radius:4px;text-shadow:none\"> <strong>21\u00e8me \u00e9tape<\/strong><\/span><\/a>\n<p><!--nextpage--><\/p>\n<h2 style=\"text-align: justify;\"><a id=\"vingtetun\"><\/a>21\u00e8me \u00e9tape : Hip\u00f3dromo de la Zarzuela &gt; Madrid. Paisaje de la Luz (Dimanche 17 septembre)<\/h2>\n<p style=\"text-align: justify;\">\u00c9tape de plaine d&rsquo;une distance de 101,5 km.<\/p>\n<div id=\"attachment_410809\" style=\"width: 970px\" class=\"wp-caption aligncenter\"><a href=\"https:\/\/dicodusport.fr\/blog\/wp-content\/uploads\/2023\/08\/Profil-de-la-21eme-etape-du-Tour-dEspagne-2023.png\"><img loading=\"lazy\" decoding=\"async\" aria-describedby=\"caption-attachment-410809\" class=\"wp-image-410809 size-full\" src=\"https:\/\/dicodusport.fr\/blog\/wp-content\/uploads\/2023\/08\/Profil-de-la-21eme-etape-du-Tour-dEspagne-2023.png\" alt=\"Profil de la 21\u00e8me \u00e9tape du Tour d'Espagne 2023\" width=\"960\" height=\"572\" srcset=\"https:\/\/dicodusport.fr\/blog\/wp-content\/uploads\/2023\/08\/Profil-de-la-21eme-etape-du-Tour-dEspagne-2023.png 960w, https:\/\/dicodusport.fr\/blog\/wp-content\/uploads\/2023\/08\/Profil-de-la-21eme-etape-du-Tour-dEspagne-2023-300x179.png 300w, https:\/\/dicodusport.fr\/blog\/wp-content\/uploads\/2023\/08\/Profil-de-la-21eme-etape-du-Tour-dEspagne-2023-768x458.png 768w\" sizes=\"auto, (max-width: 960px) 100vw, 960px\" \/><\/a><p id=\"caption-attachment-410809\" class=\"wp-caption-text\">Profil de la 21\u00e8me \u00e9tape du Tour d&rsquo;Espagne 2023<\/p><\/div>\n<h2 style=\"text-align: justify;\"><strong>\u00c0 lire aussi<\/strong><\/h2>\n<ul>\n<li style=\"text-align: justify;\"><a href=\"https:\/\/dicodusport.fr\/blog\/tour-despagne-2023-les-selections-des-equipes\/\"><strong>Les s\u00e9lections des \u00e9quipes du Tour d&rsquo;Espagne 2023<\/strong><\/a><\/li>\n<\/ul>\n<p style=\"text-align: center;\"><a href=\"http:\/\/dicodusport.fr\/blog\/le-profil-des-21-etapes-du-tour-despagne-2023\/\" class=\"su-button su-button-style-flat\" style=\"color:#FFFFFF;background-color:#0057ae;border-color:#00468c;border-radius:4px\" target=\"_self\"><span style=\"color:#FFFFFF;padding:0px 22px;font-size:17px;line-height:34px;border-color:#4d8ac7;border-radius:4px;text-shadow:none\"> <strong>Revenir au d\u00e9but<\/strong><\/span><\/a>\n","protected":false},"excerpt":{"rendered":"<p>TOUR D&rsquo;ESPAGNE 2023 &#8211; Retrouvez les profils des \u00e9tapes de la Vuelta 2023, qui se d\u00e9roule du samedi 26 ao\u00fbt au dimanche 17 septembre 2023, entre Barcelone et Madrid.<\/p>\n","protected":false},"author":4,"featured_media":410897,"comment_status":"open","ping_status":"closed","sticky":false,"template":"","format":"standard","meta":{"_acf_changed":false,"_daextam_enable_autolinks":"","footnotes":""},"categories":[47042],"tags":[16878,574],"class_list":["post-410607","post","type-post","status-publish","format-standard","has-post-thumbnail","hentry","category-tour-d-espagne","tag-breve","tag-cyclisme"],"acf":[],"yoast_head":"<!-- This site is optimized with the Yoast SEO Premium plugin v26.7 (Yoast SEO v26.7) - https:\/\/yoast.com\/wordpress\/plugins\/seo\/ -->\n<title>Le profil des 21 \u00e9tapes du Tour d&#039;Espagne 2023<\/title>\n<meta name=\"description\" content=\"TOUR D&#039;ESPAGNE 2023 - Retrouvez les profils des \u00e9tapes de la Vuelta 2023, qui se d\u00e9roule du samedi 26 ao\u00fbt au dimanche 17 septembre 2023.\" \/>\n<meta name=\"robots\" content=\"index, follow, max-snippet:-1, max-image-preview:large, max-video-preview:-1\" \/>\n<link rel=\"canonical\" href=\"https:\/\/dicodusport.fr\/blog\/le-profil-des-21-etapes-du-tour-despagne-2023\/\" \/>\n<link rel=\"next\" href=\"https:\/\/dicodusport.fr\/blog\/le-profil-des-21-etapes-du-tour-despagne-2023\/2\/\" \/>\n<meta property=\"og:locale\" content=\"fr_FR\" \/>\n<meta property=\"og:type\" content=\"article\" \/>\n<meta property=\"og:title\" content=\"Le profil des 21 \u00e9tapes du Tour d&#039;Espagne 2023\" \/>\n<meta property=\"og:description\" content=\"TOUR D&#039;ESPAGNE 2023 - Retrouvez les profils des \u00e9tapes de la Vuelta 2023, qui se d\u00e9roule du samedi 26 ao\u00fbt au dimanche 17 septembre 2023.\" \/>\n<meta property=\"og:url\" content=\"https:\/\/dicodusport.fr\/blog\/le-profil-des-21-etapes-du-tour-despagne-2023\/\" \/>\n<meta property=\"og:site_name\" content=\"Dicodusport\" \/>\n<meta property=\"article:publisher\" content=\"https:\/\/www.facebook.com\/dicodusport\" \/>\n<meta property=\"article:author\" content=\"https:\/\/www.facebook.com\/florent.ostermann\" \/>\n<meta property=\"article:published_time\" content=\"2023-08-22T10:58:03+00:00\" \/>\n<meta property=\"article:modified_time\" content=\"2023-08-22T11:30:17+00:00\" \/>\n<meta property=\"og:image\" content=\"https:\/\/dicodusport.fr\/blog\/wp-content\/uploads\/2023\/08\/Le-profil-des-21-etapes-du-Tour-dEspagne-2023.png\" \/>\n\t<meta property=\"og:image:width\" content=\"800\" \/>\n\t<meta property=\"og:image:height\" content=\"445\" \/>\n\t<meta property=\"og:image:type\" content=\"image\/png\" \/>\n<meta name=\"author\" content=\"Flo Ostermann\" \/>\n<meta name=\"twitter:card\" content=\"summary_large_image\" \/>\n<meta name=\"twitter:title\" content=\"Le profil des 21 \u00e9tapes du Tour d&#039;Espagne 2023\" \/>\n<meta name=\"twitter:creator\" content=\"@https:\/\/twitter.com\/FlOstermann\" \/>\n<meta name=\"twitter:site\" content=\"@dicodusport\" \/>\n<script type=\"application\/ld+json\" class=\"yoast-schema-graph\">{\"@context\":\"https:\/\/schema.org\",\"@graph\":[{\"@type\":\"NewsArticle\",\"@id\":\"https:\/\/dicodusport.fr\/blog\/le-profil-des-21-etapes-du-tour-despagne-2023\/#article\",\"isPartOf\":{\"@id\":\"https:\/\/dicodusport.fr\/blog\/le-profil-des-21-etapes-du-tour-despagne-2023\/\"},\"author\":{\"name\":\"Flo Ostermann\",\"@id\":\"https:\/\/dicodusport.fr\/blog\/#\/schema\/person\/cb02af4c173ce4a653b55e9baf388d4a\"},\"headline\":\"Le profil des 21 \u00e9tapes du Tour d&rsquo;Espagne 2023\",\"datePublished\":\"2023-08-22T10:58:03+00:00\",\"dateModified\":\"2023-08-22T11:30:17+00:00\",\"mainEntityOfPage\":{\"@id\":\"https:\/\/dicodusport.fr\/blog\/le-profil-des-21-etapes-du-tour-despagne-2023\/\"},\"wordCount\":1206,\"commentCount\":0,\"publisher\":{\"@id\":\"https:\/\/dicodusport.fr\/blog\/#organization\"},\"image\":{\"@id\":\"https:\/\/dicodusport.fr\/blog\/le-profil-des-21-etapes-du-tour-despagne-2023\/#primaryimage\"},\"thumbnailUrl\":\"https:\/\/dicodusport.fr\/blog\/wp-content\/uploads\/2023\/08\/Le-profil-des-21-etapes-du-Tour-dEspagne-2023.png\",\"keywords\":[\"br\u00e8ve\",\"Cyclisme\"],\"articleSection\":[\"Tour d'Espagne\"],\"inLanguage\":\"fr-FR\",\"potentialAction\":[{\"@type\":\"CommentAction\",\"name\":\"Comment\",\"target\":[\"https:\/\/dicodusport.fr\/blog\/le-profil-des-21-etapes-du-tour-despagne-2023\/#respond\"]}],\"copyrightYear\":\"2023\",\"copyrightHolder\":{\"@id\":\"https:\/\/dicodusport.fr\/blog\/#organization\"}},{\"@type\":\"WebPage\",\"@id\":\"https:\/\/dicodusport.fr\/blog\/le-profil-des-21-etapes-du-tour-despagne-2023\/\",\"url\":\"https:\/\/dicodusport.fr\/blog\/le-profil-des-21-etapes-du-tour-despagne-2023\/\",\"name\":\"Le profil des 21 \u00e9tapes du Tour d'Espagne 2023\",\"isPartOf\":{\"@id\":\"https:\/\/dicodusport.fr\/blog\/#website\"},\"primaryImageOfPage\":{\"@id\":\"https:\/\/dicodusport.fr\/blog\/le-profil-des-21-etapes-du-tour-despagne-2023\/#primaryimage\"},\"image\":{\"@id\":\"https:\/\/dicodusport.fr\/blog\/le-profil-des-21-etapes-du-tour-despagne-2023\/#primaryimage\"},\"thumbnailUrl\":\"https:\/\/dicodusport.fr\/blog\/wp-content\/uploads\/2023\/08\/Le-profil-des-21-etapes-du-Tour-dEspagne-2023.png\",\"datePublished\":\"2023-08-22T10:58:03+00:00\",\"dateModified\":\"2023-08-22T11:30:17+00:00\",\"description\":\"TOUR D'ESPAGNE 2023 - Retrouvez les profils des \u00e9tapes de la Vuelta 2023, qui se d\u00e9roule du samedi 26 ao\u00fbt au dimanche 17 septembre 2023.\",\"inLanguage\":\"fr-FR\",\"potentialAction\":[{\"@type\":\"ReadAction\",\"target\":[\"https:\/\/dicodusport.fr\/blog\/le-profil-des-21-etapes-du-tour-despagne-2023\/\"]}]},{\"@type\":\"ImageObject\",\"inLanguage\":\"fr-FR\",\"@id\":\"https:\/\/dicodusport.fr\/blog\/le-profil-des-21-etapes-du-tour-despagne-2023\/#primaryimage\",\"url\":\"https:\/\/dicodusport.fr\/blog\/wp-content\/uploads\/2023\/08\/Le-profil-des-21-etapes-du-Tour-dEspagne-2023.png\",\"contentUrl\":\"https:\/\/dicodusport.fr\/blog\/wp-content\/uploads\/2023\/08\/Le-profil-des-21-etapes-du-Tour-dEspagne-2023.png\",\"width\":800,\"height\":445,\"caption\":\"Le profil des 21 \u00e9tapes du Tour d'Espagne 2023\"},{\"@type\":\"WebSite\",\"@id\":\"https:\/\/dicodusport.fr\/blog\/#website\",\"url\":\"https:\/\/dicodusport.fr\/blog\/\",\"name\":\"Dicodusport\",\"description\":\"L&#039;encyclop\u00e9die de l&#039;actualit\u00e9 sportive\",\"publisher\":{\"@id\":\"https:\/\/dicodusport.fr\/blog\/#organization\"},\"potentialAction\":[{\"@type\":\"SearchAction\",\"target\":{\"@type\":\"EntryPoint\",\"urlTemplate\":\"https:\/\/dicodusport.fr\/blog\/?s={search_term_string}\"},\"query-input\":{\"@type\":\"PropertyValueSpecification\",\"valueRequired\":true,\"valueName\":\"search_term_string\"}}],\"inLanguage\":\"fr-FR\"},{\"@type\":\"NewsMediaOrganization\",\"@id\":\"https:\/\/dicodusport.fr\/blog\/#organization\",\"name\":\"Dicodusport\",\"url\":\"https:\/\/dicodusport.fr\/blog\/\",\"logo\":{\"@type\":\"ImageObject\",\"inLanguage\":\"fr-FR\",\"@id\":\"https:\/\/dicodusport.fr\/blog\/#\/schema\/logo\/image\/\",\"url\":\"https:\/\/dicodusport.fr\/blog\/wp-content\/uploads\/2020\/06\/cropped-LOGO-DICODUSPORT-2020-SANS-FOND-SANS-TEXTE.png\",\"contentUrl\":\"https:\/\/dicodusport.fr\/blog\/wp-content\/uploads\/2020\/06\/cropped-LOGO-DICODUSPORT-2020-SANS-FOND-SANS-TEXTE.png\",\"width\":512,\"height\":512,\"caption\":\"Dicodusport\"},\"image\":{\"@id\":\"https:\/\/dicodusport.fr\/blog\/#\/schema\/logo\/image\/\"},\"sameAs\":[\"https:\/\/www.facebook.com\/dicodusport\",\"https:\/\/x.com\/dicodusport\",\"https:\/\/www.instagram.com\/dicodusport\/\",\"https:\/\/www.youtube.com\/channel\/UC7V2KZ5sd3htJivAbA4ZG3w\"],\"description\":\"Dicodusport est l'encyclop\u00e9die de l'actualit\u00e9 sportive.\",\"email\":\"bonjour@dicodusport.fr\",\"legalName\":\"DICODUSPORT\",\"foundingDate\":\"2018-01-14\",\"vatID\":\"FR71834470973\",\"taxID\":\"83447097300043\",\"numberOfEmployees\":{\"@type\":\"QuantitativeValue\",\"minValue\":\"1\",\"maxValue\":\"10\"}},{\"@type\":\"Person\",\"@id\":\"https:\/\/dicodusport.fr\/blog\/#\/schema\/person\/cb02af4c173ce4a653b55e9baf388d4a\",\"name\":\"Flo Ostermann\",\"image\":{\"@type\":\"ImageObject\",\"inLanguage\":\"fr-FR\",\"@id\":\"https:\/\/dicodusport.fr\/blog\/#\/schema\/person\/image\/\",\"url\":\"https:\/\/dicodusport.fr\/blog\/wp-content\/uploads\/2021\/05\/Flo-Ostermann-150x150.jpg\",\"contentUrl\":\"https:\/\/dicodusport.fr\/blog\/wp-content\/uploads\/2021\/05\/Flo-Ostermann-150x150.jpg\",\"caption\":\"Flo Ostermann\"},\"description\":\"Journaliste\/R\u00e9dacteur depuis septembre 2015 - Mes premiers souvenirs dans le sport ? Les envol\u00e9es du Stade Toulousain et les duels Villeneuve-Schumacher et H\u00e4kkinen-Schumacher \u00e0 la fin des ann\u00e9es 90, la Coupe du monde de football en 1998, l\u2019exploit du XV de France face aux All Blacks en 1999, mais aussi Richard C\u0153ur de Lion qui vole sur les montagnes du Tour de France. Bien parti pour devenir professeur d\u2019EPS, les \u00e9v\u00e9nements de la vie (et la flemme d\u2019animer des s\u00e9ances de 3x500 m\u00e8tres toute ma vie) m\u2019ont conduit \u00e0 revoir mes plans. Me voil\u00e0 depuis fin 2017 sur Dicodusport, m\u00e9dia gr\u00e2ce (et pour) lequel je partage ma passion : le sport dans tous ses \u00e9tats. Le tout accompagn\u00e9 par les fous furieux et folles furieuses cit\u00e9s sur cette page !\",\"sameAs\":[\"https:\/\/www.facebook.com\/florent.ostermann\",\"https:\/\/x.com\/https:\/\/twitter.com\/FlOstermann\",\"admin\"],\"url\":\"https:\/\/dicodusport.fr\/blog\/author\/flo\/\"}]}<\/script>\n<!-- \/ Yoast SEO Premium plugin. -->","yoast_head_json":{"title":"Le profil des 21 \u00e9tapes du Tour d'Espagne 2023","description":"TOUR D'ESPAGNE 2023 - Retrouvez les profils des \u00e9tapes de la Vuelta 2023, qui se d\u00e9roule du samedi 26 ao\u00fbt au dimanche 17 septembre 2023.","robots":{"index":"index","follow":"follow","max-snippet":"max-snippet:-1","max-image-preview":"max-image-preview:large","max-video-preview":"max-video-preview:-1"},"canonical":"https:\/\/dicodusport.fr\/blog\/le-profil-des-21-etapes-du-tour-despagne-2023\/","next":"https:\/\/dicodusport.fr\/blog\/le-profil-des-21-etapes-du-tour-despagne-2023\/2\/","og_locale":"fr_FR","og_type":"article","og_title":"Le profil des 21 \u00e9tapes du Tour d'Espagne 2023","og_description":"TOUR D'ESPAGNE 2023 - Retrouvez les profils des \u00e9tapes de la Vuelta 2023, qui se d\u00e9roule du samedi 26 ao\u00fbt au dimanche 17 septembre 2023.","og_url":"https:\/\/dicodusport.fr\/blog\/le-profil-des-21-etapes-du-tour-despagne-2023\/","og_site_name":"Dicodusport","article_publisher":"https:\/\/www.facebook.com\/dicodusport","article_author":"https:\/\/www.facebook.com\/florent.ostermann","article_published_time":"2023-08-22T10:58:03+00:00","article_modified_time":"2023-08-22T11:30:17+00:00","og_image":[{"width":800,"height":445,"url":"https:\/\/dicodusport.fr\/blog\/wp-content\/uploads\/2023\/08\/Le-profil-des-21-etapes-du-Tour-dEspagne-2023.png","type":"image\/png"}],"author":"Flo Ostermann","twitter_card":"summary_large_image","twitter_title":"Le profil des 21 \u00e9tapes du Tour d'Espagne 2023","twitter_creator":"@https:\/\/twitter.com\/FlOstermann","twitter_site":"@dicodusport","schema":{"@context":"https:\/\/schema.org","@graph":[{"@type":"NewsArticle","@id":"https:\/\/dicodusport.fr\/blog\/le-profil-des-21-etapes-du-tour-despagne-2023\/#article","isPartOf":{"@id":"https:\/\/dicodusport.fr\/blog\/le-profil-des-21-etapes-du-tour-despagne-2023\/"},"author":{"name":"Flo Ostermann","@id":"https:\/\/dicodusport.fr\/blog\/#\/schema\/person\/cb02af4c173ce4a653b55e9baf388d4a"},"headline":"Le profil des 21 \u00e9tapes du Tour d&rsquo;Espagne 2023","datePublished":"2023-08-22T10:58:03+00:00","dateModified":"2023-08-22T11:30:17+00:00","mainEntityOfPage":{"@id":"https:\/\/dicodusport.fr\/blog\/le-profil-des-21-etapes-du-tour-despagne-2023\/"},"wordCount":1206,"commentCount":0,"publisher":{"@id":"https:\/\/dicodusport.fr\/blog\/#organization"},"image":{"@id":"https:\/\/dicodusport.fr\/blog\/le-profil-des-21-etapes-du-tour-despagne-2023\/#primaryimage"},"thumbnailUrl":"https:\/\/dicodusport.fr\/blog\/wp-content\/uploads\/2023\/08\/Le-profil-des-21-etapes-du-Tour-dEspagne-2023.png","keywords":["br\u00e8ve","Cyclisme"],"articleSection":["Tour d'Espagne"],"inLanguage":"fr-FR","potentialAction":[{"@type":"CommentAction","name":"Comment","target":["https:\/\/dicodusport.fr\/blog\/le-profil-des-21-etapes-du-tour-despagne-2023\/#respond"]}],"copyrightYear":"2023","copyrightHolder":{"@id":"https:\/\/dicodusport.fr\/blog\/#organization"}},{"@type":"WebPage","@id":"https:\/\/dicodusport.fr\/blog\/le-profil-des-21-etapes-du-tour-despagne-2023\/","url":"https:\/\/dicodusport.fr\/blog\/le-profil-des-21-etapes-du-tour-despagne-2023\/","name":"Le profil des 21 \u00e9tapes du Tour d'Espagne 2023","isPartOf":{"@id":"https:\/\/dicodusport.fr\/blog\/#website"},"primaryImageOfPage":{"@id":"https:\/\/dicodusport.fr\/blog\/le-profil-des-21-etapes-du-tour-despagne-2023\/#primaryimage"},"image":{"@id":"https:\/\/dicodusport.fr\/blog\/le-profil-des-21-etapes-du-tour-despagne-2023\/#primaryimage"},"thumbnailUrl":"https:\/\/dicodusport.fr\/blog\/wp-content\/uploads\/2023\/08\/Le-profil-des-21-etapes-du-Tour-dEspagne-2023.png","datePublished":"2023-08-22T10:58:03+00:00","dateModified":"2023-08-22T11:30:17+00:00","description":"TOUR D'ESPAGNE 2023 - Retrouvez les profils des \u00e9tapes de la Vuelta 2023, qui se d\u00e9roule du samedi 26 ao\u00fbt au dimanche 17 septembre 2023.","inLanguage":"fr-FR","potentialAction":[{"@type":"ReadAction","target":["https:\/\/dicodusport.fr\/blog\/le-profil-des-21-etapes-du-tour-despagne-2023\/"]}]},{"@type":"ImageObject","inLanguage":"fr-FR","@id":"https:\/\/dicodusport.fr\/blog\/le-profil-des-21-etapes-du-tour-despagne-2023\/#primaryimage","url":"https:\/\/dicodusport.fr\/blog\/wp-content\/uploads\/2023\/08\/Le-profil-des-21-etapes-du-Tour-dEspagne-2023.png","contentUrl":"https:\/\/dicodusport.fr\/blog\/wp-content\/uploads\/2023\/08\/Le-profil-des-21-etapes-du-Tour-dEspagne-2023.png","width":800,"height":445,"caption":"Le profil des 21 \u00e9tapes du Tour d'Espagne 2023"},{"@type":"WebSite","@id":"https:\/\/dicodusport.fr\/blog\/#website","url":"https:\/\/dicodusport.fr\/blog\/","name":"Dicodusport","description":"L&#039;encyclop\u00e9die de l&#039;actualit\u00e9 sportive","publisher":{"@id":"https:\/\/dicodusport.fr\/blog\/#organization"},"potentialAction":[{"@type":"SearchAction","target":{"@type":"EntryPoint","urlTemplate":"https:\/\/dicodusport.fr\/blog\/?s={search_term_string}"},"query-input":{"@type":"PropertyValueSpecification","valueRequired":true,"valueName":"search_term_string"}}],"inLanguage":"fr-FR"},{"@type":"NewsMediaOrganization","@id":"https:\/\/dicodusport.fr\/blog\/#organization","name":"Dicodusport","url":"https:\/\/dicodusport.fr\/blog\/","logo":{"@type":"ImageObject","inLanguage":"fr-FR","@id":"https:\/\/dicodusport.fr\/blog\/#\/schema\/logo\/image\/","url":"https:\/\/dicodusport.fr\/blog\/wp-content\/uploads\/2020\/06\/cropped-LOGO-DICODUSPORT-2020-SANS-FOND-SANS-TEXTE.png","contentUrl":"https:\/\/dicodusport.fr\/blog\/wp-content\/uploads\/2020\/06\/cropped-LOGO-DICODUSPORT-2020-SANS-FOND-SANS-TEXTE.png","width":512,"height":512,"caption":"Dicodusport"},"image":{"@id":"https:\/\/dicodusport.fr\/blog\/#\/schema\/logo\/image\/"},"sameAs":["https:\/\/www.facebook.com\/dicodusport","https:\/\/x.com\/dicodusport","https:\/\/www.instagram.com\/dicodusport\/","https:\/\/www.youtube.com\/channel\/UC7V2KZ5sd3htJivAbA4ZG3w"],"description":"Dicodusport est l'encyclop\u00e9die de l'actualit\u00e9 sportive.","email":"bonjour@dicodusport.fr","legalName":"DICODUSPORT","foundingDate":"2018-01-14","vatID":"FR71834470973","taxID":"83447097300043","numberOfEmployees":{"@type":"QuantitativeValue","minValue":"1","maxValue":"10"}},{"@type":"Person","@id":"https:\/\/dicodusport.fr\/blog\/#\/schema\/person\/cb02af4c173ce4a653b55e9baf388d4a","name":"Flo Ostermann","image":{"@type":"ImageObject","inLanguage":"fr-FR","@id":"https:\/\/dicodusport.fr\/blog\/#\/schema\/person\/image\/","url":"https:\/\/dicodusport.fr\/blog\/wp-content\/uploads\/2021\/05\/Flo-Ostermann-150x150.jpg","contentUrl":"https:\/\/dicodusport.fr\/blog\/wp-content\/uploads\/2021\/05\/Flo-Ostermann-150x150.jpg","caption":"Flo Ostermann"},"description":"Journaliste\/R\u00e9dacteur depuis septembre 2015 - Mes premiers souvenirs dans le sport ? Les envol\u00e9es du Stade Toulousain et les duels Villeneuve-Schumacher et H\u00e4kkinen-Schumacher \u00e0 la fin des ann\u00e9es 90, la Coupe du monde de football en 1998, l\u2019exploit du XV de France face aux All Blacks en 1999, mais aussi Richard C\u0153ur de Lion qui vole sur les montagnes du Tour de France. Bien parti pour devenir professeur d\u2019EPS, les \u00e9v\u00e9nements de la vie (et la flemme d\u2019animer des s\u00e9ances de 3x500 m\u00e8tres toute ma vie) m\u2019ont conduit \u00e0 revoir mes plans. Me voil\u00e0 depuis fin 2017 sur Dicodusport, m\u00e9dia gr\u00e2ce (et pour) lequel je partage ma passion : le sport dans tous ses \u00e9tats. Le tout accompagn\u00e9 par les fous furieux et folles furieuses cit\u00e9s sur cette page !","sameAs":["https:\/\/www.facebook.com\/florent.ostermann","https:\/\/x.com\/https:\/\/twitter.com\/FlOstermann","admin"],"url":"https:\/\/dicodusport.fr\/blog\/author\/flo\/"}]}},"_links":{"self":[{"href":"https:\/\/dicodusport.fr\/blog\/wp-json\/wp\/v2\/posts\/410607","targetHints":{"allow":["GET"]}}],"collection":[{"href":"https:\/\/dicodusport.fr\/blog\/wp-json\/wp\/v2\/posts"}],"about":[{"href":"https:\/\/dicodusport.fr\/blog\/wp-json\/wp\/v2\/types\/post"}],"author":[{"embeddable":true,"href":"https:\/\/dicodusport.fr\/blog\/wp-json\/wp\/v2\/users\/4"}],"replies":[{"embeddable":true,"href":"https:\/\/dicodusport.fr\/blog\/wp-json\/wp\/v2\/comments?post=410607"}],"version-history":[{"count":0,"href":"https:\/\/dicodusport.fr\/blog\/wp-json\/wp\/v2\/posts\/410607\/revisions"}],"wp:featuredmedia":[{"embeddable":true,"href":"https:\/\/dicodusport.fr\/blog\/wp-json\/wp\/v2\/media\/410897"}],"wp:attachment":[{"href":"https:\/\/dicodusport.fr\/blog\/wp-json\/wp\/v2\/media?parent=410607"}],"wp:term":[{"taxonomy":"category","embeddable":true,"href":"https:\/\/dicodusport.fr\/blog\/wp-json\/wp\/v2\/categories?post=410607"},{"taxonomy":"post_tag","embeddable":true,"href":"https:\/\/dicodusport.fr\/blog\/wp-json\/wp\/v2\/tags?post=410607"}],"curies":[{"name":"wp","href":"https:\/\/api.w.org\/{rel}","templated":true}]}}