{"id":410633,"date":"2023-08-21T13:25:05","date_gmt":"2023-08-21T11:25:05","guid":{"rendered":"https:\/\/dicodusport.fr\/blog\/?p=410633&#038;preview=true&#038;preview_id=410633"},"modified":"2023-08-21T13:32:50","modified_gmt":"2023-08-21T11:32:50","slug":"mercato-psg-hugo-ekitike-dans-le-viseur-de-ol","status":"publish","type":"post","link":"https:\/\/dicodusport.fr\/blog\/mercato-psg-hugo-ekitike-dans-le-viseur-de-ol\/","title":{"rendered":"Mercato PSG : Hugo Ekitike dans le viseur de l&rsquo;OL"},"content":{"rendered":"<p align=\"justify\"><em><strong>LIGUE 1 2023-2024 &#8211; Selon RMC Sport, l&rsquo;Olympique Lyonnais a pris contact avec le Paris Saint-Germain pour prendre des renseignements au sujet de Hugo Ekitike.<\/strong><\/em><\/p>\n<p align=\"justify\"><strong>Hugo<\/strong> <strong>Ekitike<\/strong>, alors joueur de Reims, a \u00e9t\u00e9 achet\u00e9 34 millions d&rsquo;euros par le <strong>PSG<\/strong> l&rsquo;\u00e9t\u00e9 dernier. Mais, sa premi\u00e8re saison n&rsquo;a pas \u00e9t\u00e9 une franche r\u00e9ussite. Malgr\u00e9 tout, le jeune attaquant a r\u00e9alis\u00e9 une bonne pr\u00e9paration avec Paris et a \u00e9t\u00e9 une des rares satisfactions des matchs amicaux. Mais avec la signature de <strong>Gon\u00e7alo Ramos<\/strong> et l&rsquo;arriv\u00e9e probable de <strong>Randal<\/strong> <strong>Kolo<\/strong> <strong>Muani<\/strong>, il n&rsquo;est pas dans les plans de Luis Enrique.<\/p>\n<h2 style=\"text-align: justify;\" align=\"justify\">Ekitike pist\u00e9 par l&rsquo;OL<\/h2>\n<p align=\"justify\">Le <strong>Paris Saint-Germain<\/strong> veut lui trouver une porte de sortie et aimerait l&rsquo;inclure dans le deal pour la signature de <strong>Randal<\/strong> <strong>Kolo<\/strong> <strong>Muani<\/strong>. Seulement, l&rsquo;<strong>Eintracht Francfort<\/strong> n&rsquo;est pas encore compl\u00e8tement convaincu. West Ham et le Milan AC suivent aussi la situation de <strong>Hugo<\/strong> <strong>Ekitike<\/strong>, mais n&rsquo;ont pour le moment pas transmis d&rsquo;offre concr\u00e8te aux champions de France.<\/p>\n<p align=\"justify\">L&rsquo;<strong>Olympique Lyonnais<\/strong>, qui vit un d\u00e9but de saison cauchemardesque, est venu aux renseignements dimanche au sujet du jeune attaquant. Les deux clubs sont en contact depuis plusieurs semaines au sujet de <strong>Bradley<\/strong> <strong>Barcola<\/strong>. Ainsi, <strong>Hugo<\/strong> <strong>Ekitike\u00a0<\/strong>aurait pu \u00eatre inclus dans le deal, mais l&rsquo;op\u00e9ration semble compliqu\u00e9e, notamment \u00e0 cause du salaire du joueur parisien.<\/p>\n<blockquote class=\"twitter-tweet\">\n<p dir=\"ltr\" lang=\"fr\">\ud83d\udd34 L&rsquo;OL a sond\u00e9 le PSG pour conna\u00eetre les conditions pour le recrutement estival de Hugo Ekitike.<\/p>\n<p>Toutefois, selon nos informations, l\u2019op\u00e9ration a peu de chances d&rsquo;aboutir. L\u2019option Ekitike aurait pu d\u00e9bloquer la situation de Bradley Barcola convoit\u00e9 par le PSG depuis de\u2026 <a href=\"https:\/\/t.co\/dRQnbLbBjc\">pic.twitter.com\/dRQnbLbBjc<\/a><\/p>\n<p>\u2014 RMC Sport (@RMCsport) <a href=\"https:\/\/twitter.com\/RMCsport\/status\/1693561373492383819?ref_src=twsrc%5Etfw\">August 21, 2023<\/a><\/p><\/blockquote>\n<p><script async src=\"https:\/\/platform.twitter.com\/widgets.js\" charset=\"utf-8\"><\/script><\/p>\n","protected":false},"excerpt":{"rendered":"<p>LIGUE 1 2023-2024 &#8211; L&rsquo;Olympique Lyonnais a pris contact avec le Paris Saint-Germain pour prendre des renseignements au sujet de Hugo Ekitike.<\/p>\n","protected":false},"author":1,"featured_media":410634,"comment_status":"open","ping_status":"closed","sticky":false,"template":"","format":"standard","meta":{"_acf_changed":false,"_daextam_enable_autolinks":"","footnotes":""},"categories":[2301,47045],"tags":[16878,24991,75,21552,1145,910],"class_list":["post-410633","post","type-post","status-publish","format-standard","has-post-thumbnail","hentry","category-football","category-ligue-1","tag-breve","tag-ekitike","tag-football","tag-hugo-ekitike","tag-ol","tag-psg"],"acf":[],"yoast_head":"<!-- This site is optimized with the Yoast SEO Premium plugin v26.7 (Yoast SEO v26.7) - https:\/\/yoast.com\/wordpress\/plugins\/seo\/ -->\n<title>Mercato PSG : Hugo Ekitike dans le viseur de l&#039;OL<\/title>\n<meta name=\"description\" content=\"LIGUE 1 2023-2024 - L&#039;Olympique Lyonnais a pris contact avec le Paris Saint-Germain pour prendre des renseignements au sujet de Hugo Ekitike.\" \/>\n<meta name=\"robots\" content=\"index, follow, max-snippet:-1, max-image-preview:large, max-video-preview:-1\" \/>\n<link rel=\"canonical\" href=\"https:\/\/dicodusport.fr\/blog\/mercato-psg-hugo-ekitike-dans-le-viseur-de-ol\/\" \/>\n<meta property=\"og:locale\" content=\"fr_FR\" \/>\n<meta property=\"og:type\" content=\"article\" \/>\n<meta property=\"og:title\" content=\"Mercato PSG : Hugo Ekitike dans le viseur de l&#039;OL\" \/>\n<meta property=\"og:description\" content=\"LIGUE 1 2023-2024 - L&#039;Olympique Lyonnais a pris contact avec le Paris Saint-Germain pour prendre des renseignements au sujet de Hugo Ekitike.\" \/>\n<meta property=\"og:url\" content=\"https:\/\/dicodusport.fr\/blog\/mercato-psg-hugo-ekitike-dans-le-viseur-de-ol\/\" \/>\n<meta property=\"og:site_name\" content=\"Dicodusport\" \/>\n<meta property=\"article:publisher\" content=\"https:\/\/www.facebook.com\/dicodusport\" \/>\n<meta property=\"article:author\" content=\"https:\/\/www.facebook.com\/dicodusport\" \/>\n<meta property=\"article:published_time\" content=\"2023-08-21T11:25:05+00:00\" \/>\n<meta property=\"article:modified_time\" content=\"2023-08-21T11:32:50+00:00\" \/>\n<meta property=\"og:image\" content=\"https:\/\/dicodusport.fr\/blog\/wp-content\/uploads\/2023\/08\/Mercato-PSG-Hugo-Ekitike-dans-le-viseur-de-lOL.png\" \/>\n\t<meta property=\"og:image:width\" content=\"800\" \/>\n\t<meta property=\"og:image:height\" content=\"445\" \/>\n\t<meta property=\"og:image:type\" content=\"image\/png\" \/>\n<meta name=\"author\" content=\"Nicolas Jacquemard\" \/>\n<meta name=\"twitter:card\" content=\"summary_large_image\" \/>\n<meta name=\"twitter:title\" content=\"Mercato PSG : Hugo Ekitike dans le viseur de l&#039;OL\" \/>\n<meta name=\"twitter:creator\" content=\"@https:\/\/twitter.com\/Nico_Jacquemard\" \/>\n<meta name=\"twitter:site\" content=\"@dicodusport\" \/>\n<script type=\"application\/ld+json\" class=\"yoast-schema-graph\">{\"@context\":\"https:\/\/schema.org\",\"@graph\":[{\"@type\":\"NewsArticle\",\"@id\":\"https:\/\/dicodusport.fr\/blog\/mercato-psg-hugo-ekitike-dans-le-viseur-de-ol\/#article\",\"isPartOf\":{\"@id\":\"https:\/\/dicodusport.fr\/blog\/mercato-psg-hugo-ekitike-dans-le-viseur-de-ol\/\"},\"author\":{\"name\":\"Nicolas Jacquemard\",\"@id\":\"https:\/\/dicodusport.fr\/blog\/#\/schema\/person\/55dcb50ad410894e431ed812bbb70191\"},\"headline\":\"Mercato PSG : Hugo Ekitike dans le viseur de l&rsquo;OL\",\"datePublished\":\"2023-08-21T11:25:05+00:00\",\"dateModified\":\"2023-08-21T11:32:50+00:00\",\"mainEntityOfPage\":{\"@id\":\"https:\/\/dicodusport.fr\/blog\/mercato-psg-hugo-ekitike-dans-le-viseur-de-ol\/\"},\"wordCount\":302,\"commentCount\":0,\"publisher\":{\"@id\":\"https:\/\/dicodusport.fr\/blog\/#organization\"},\"image\":{\"@id\":\"https:\/\/dicodusport.fr\/blog\/mercato-psg-hugo-ekitike-dans-le-viseur-de-ol\/#primaryimage\"},\"thumbnailUrl\":\"https:\/\/dicodusport.fr\/blog\/wp-content\/uploads\/2023\/08\/Mercato-PSG-Hugo-Ekitike-dans-le-viseur-de-lOL.png\",\"keywords\":[\"br\u00e8ve\",\"Ekitike\",\"Football\",\"Hugo Ekitike\",\"OL\",\"PSG\"],\"articleSection\":[\"Football\",\"Ligue 1\"],\"inLanguage\":\"fr-FR\",\"potentialAction\":[{\"@type\":\"CommentAction\",\"name\":\"Comment\",\"target\":[\"https:\/\/dicodusport.fr\/blog\/mercato-psg-hugo-ekitike-dans-le-viseur-de-ol\/#respond\"]}],\"copyrightYear\":\"2023\",\"copyrightHolder\":{\"@id\":\"https:\/\/dicodusport.fr\/blog\/#organization\"}},{\"@type\":\"WebPage\",\"@id\":\"https:\/\/dicodusport.fr\/blog\/mercato-psg-hugo-ekitike-dans-le-viseur-de-ol\/\",\"url\":\"https:\/\/dicodusport.fr\/blog\/mercato-psg-hugo-ekitike-dans-le-viseur-de-ol\/\",\"name\":\"Mercato PSG : Hugo Ekitike dans le viseur de l'OL\",\"isPartOf\":{\"@id\":\"https:\/\/dicodusport.fr\/blog\/#website\"},\"primaryImageOfPage\":{\"@id\":\"https:\/\/dicodusport.fr\/blog\/mercato-psg-hugo-ekitike-dans-le-viseur-de-ol\/#primaryimage\"},\"image\":{\"@id\":\"https:\/\/dicodusport.fr\/blog\/mercato-psg-hugo-ekitike-dans-le-viseur-de-ol\/#primaryimage\"},\"thumbnailUrl\":\"https:\/\/dicodusport.fr\/blog\/wp-content\/uploads\/2023\/08\/Mercato-PSG-Hugo-Ekitike-dans-le-viseur-de-lOL.png\",\"datePublished\":\"2023-08-21T11:25:05+00:00\",\"dateModified\":\"2023-08-21T11:32:50+00:00\",\"description\":\"LIGUE 1 2023-2024 - L'Olympique Lyonnais a pris contact avec le Paris Saint-Germain pour prendre des renseignements au sujet de Hugo Ekitike.\",\"breadcrumb\":{\"@id\":\"https:\/\/dicodusport.fr\/blog\/mercato-psg-hugo-ekitike-dans-le-viseur-de-ol\/#breadcrumb\"},\"inLanguage\":\"fr-FR\",\"potentialAction\":[{\"@type\":\"ReadAction\",\"target\":[\"https:\/\/dicodusport.fr\/blog\/mercato-psg-hugo-ekitike-dans-le-viseur-de-ol\/\"]}]},{\"@type\":\"ImageObject\",\"inLanguage\":\"fr-FR\",\"@id\":\"https:\/\/dicodusport.fr\/blog\/mercato-psg-hugo-ekitike-dans-le-viseur-de-ol\/#primaryimage\",\"url\":\"https:\/\/dicodusport.fr\/blog\/wp-content\/uploads\/2023\/08\/Mercato-PSG-Hugo-Ekitike-dans-le-viseur-de-lOL.png\",\"contentUrl\":\"https:\/\/dicodusport.fr\/blog\/wp-content\/uploads\/2023\/08\/Mercato-PSG-Hugo-Ekitike-dans-le-viseur-de-lOL.png\",\"width\":800,\"height\":445},{\"@type\":\"BreadcrumbList\",\"@id\":\"https:\/\/dicodusport.fr\/blog\/mercato-psg-hugo-ekitike-dans-le-viseur-de-ol\/#breadcrumb\",\"itemListElement\":[{\"@type\":\"ListItem\",\"position\":1,\"name\":\"Accueil\",\"item\":\"https:\/\/dicodusport.fr\/blog\/\"},{\"@type\":\"ListItem\",\"position\":2,\"name\":\"Mercato PSG : Hugo Ekitike dans le viseur de l&rsquo;OL\"}]},{\"@type\":\"WebSite\",\"@id\":\"https:\/\/dicodusport.fr\/blog\/#website\",\"url\":\"https:\/\/dicodusport.fr\/blog\/\",\"name\":\"Dicodusport\",\"description\":\"L&#039;encyclop\u00e9die de l&#039;actualit\u00e9 sportive\",\"publisher\":{\"@id\":\"https:\/\/dicodusport.fr\/blog\/#organization\"},\"potentialAction\":[{\"@type\":\"SearchAction\",\"target\":{\"@type\":\"EntryPoint\",\"urlTemplate\":\"https:\/\/dicodusport.fr\/blog\/?s={search_term_string}\"},\"query-input\":{\"@type\":\"PropertyValueSpecification\",\"valueRequired\":true,\"valueName\":\"search_term_string\"}}],\"inLanguage\":\"fr-FR\"},{\"@type\":\"NewsMediaOrganization\",\"@id\":\"https:\/\/dicodusport.fr\/blog\/#organization\",\"name\":\"Dicodusport\",\"url\":\"https:\/\/dicodusport.fr\/blog\/\",\"logo\":{\"@type\":\"ImageObject\",\"inLanguage\":\"fr-FR\",\"@id\":\"https:\/\/dicodusport.fr\/blog\/#\/schema\/logo\/image\/\",\"url\":\"https:\/\/dicodusport.fr\/blog\/wp-content\/uploads\/2020\/06\/cropped-LOGO-DICODUSPORT-2020-SANS-FOND-SANS-TEXTE.png\",\"contentUrl\":\"https:\/\/dicodusport.fr\/blog\/wp-content\/uploads\/2020\/06\/cropped-LOGO-DICODUSPORT-2020-SANS-FOND-SANS-TEXTE.png\",\"width\":512,\"height\":512,\"caption\":\"Dicodusport\"},\"image\":{\"@id\":\"https:\/\/dicodusport.fr\/blog\/#\/schema\/logo\/image\/\"},\"sameAs\":[\"https:\/\/www.facebook.com\/dicodusport\",\"https:\/\/x.com\/dicodusport\",\"https:\/\/www.instagram.com\/dicodusport\/\",\"https:\/\/www.youtube.com\/channel\/UC7V2KZ5sd3htJivAbA4ZG3w\"],\"description\":\"Dicodusport est l'encyclop\u00e9die de l'actualit\u00e9 sportive.\",\"email\":\"bonjour@dicodusport.fr\",\"legalName\":\"DICODUSPORT\",\"foundingDate\":\"2018-01-14\",\"vatID\":\"FR71834470973\",\"taxID\":\"83447097300043\",\"numberOfEmployees\":{\"@type\":\"QuantitativeValue\",\"minValue\":\"1\",\"maxValue\":\"10\"}},{\"@type\":\"Person\",\"@id\":\"https:\/\/dicodusport.fr\/blog\/#\/schema\/person\/55dcb50ad410894e431ed812bbb70191\",\"name\":\"Nicolas Jacquemard\",\"image\":{\"@type\":\"ImageObject\",\"inLanguage\":\"fr-FR\",\"@id\":\"https:\/\/dicodusport.fr\/blog\/#\/schema\/person\/image\/\",\"url\":\"https:\/\/dicodusport.fr\/blog\/wp-content\/uploads\/2021\/05\/Nicolas-Jacquemard-150x150.jpeg\",\"contentUrl\":\"https:\/\/dicodusport.fr\/blog\/wp-content\/uploads\/2021\/05\/Nicolas-Jacquemard-150x150.jpeg\",\"caption\":\"Nicolas Jacquemard\"},\"description\":\"Passionn\u00e9 de sport et entrepreneur depuis mes 18 ans, la cr\u00e9ation de Dicodusport m'a sembl\u00e9 \u00e9vidente pour participer \u00e0 la m\u00e9diatisation d'un plus grand nombre de sports. Le chemin est long mais avec une \u00e9quipe des plus motiv\u00e9es et les Jeux Olympiques de Paris 2024 en point de mire, nous y arriverons ! Journaliste dans le monde du sport depuis plus de 5 ans, je traite aussi bien de football, de rugby, de biathlon que de cyclisme.\",\"sameAs\":[\"https:\/\/www.facebook.com\/dicodusport\",\"https:\/\/x.com\/https:\/\/twitter.com\/Nico_Jacquemard\"],\"url\":\"https:\/\/dicodusport.fr\/blog\/author\/dicodusport\/\"}]}<\/script>\n<!-- \/ Yoast SEO Premium plugin. -->","yoast_head_json":{"title":"Mercato PSG : Hugo Ekitike dans le viseur de l'OL","description":"LIGUE 1 2023-2024 - L'Olympique Lyonnais a pris contact avec le Paris Saint-Germain pour prendre des renseignements au sujet de Hugo Ekitike.","robots":{"index":"index","follow":"follow","max-snippet":"max-snippet:-1","max-image-preview":"max-image-preview:large","max-video-preview":"max-video-preview:-1"},"canonical":"https:\/\/dicodusport.fr\/blog\/mercato-psg-hugo-ekitike-dans-le-viseur-de-ol\/","og_locale":"fr_FR","og_type":"article","og_title":"Mercato PSG : Hugo Ekitike dans le viseur de l'OL","og_description":"LIGUE 1 2023-2024 - L'Olympique Lyonnais a pris contact avec le Paris Saint-Germain pour prendre des renseignements au sujet de Hugo Ekitike.","og_url":"https:\/\/dicodusport.fr\/blog\/mercato-psg-hugo-ekitike-dans-le-viseur-de-ol\/","og_site_name":"Dicodusport","article_publisher":"https:\/\/www.facebook.com\/dicodusport","article_author":"https:\/\/www.facebook.com\/dicodusport","article_published_time":"2023-08-21T11:25:05+00:00","article_modified_time":"2023-08-21T11:32:50+00:00","og_image":[{"width":800,"height":445,"url":"https:\/\/dicodusport.fr\/blog\/wp-content\/uploads\/2023\/08\/Mercato-PSG-Hugo-Ekitike-dans-le-viseur-de-lOL.png","type":"image\/png"}],"author":"Nicolas Jacquemard","twitter_card":"summary_large_image","twitter_title":"Mercato PSG : Hugo Ekitike dans le viseur de l'OL","twitter_creator":"@https:\/\/twitter.com\/Nico_Jacquemard","twitter_site":"@dicodusport","schema":{"@context":"https:\/\/schema.org","@graph":[{"@type":"NewsArticle","@id":"https:\/\/dicodusport.fr\/blog\/mercato-psg-hugo-ekitike-dans-le-viseur-de-ol\/#article","isPartOf":{"@id":"https:\/\/dicodusport.fr\/blog\/mercato-psg-hugo-ekitike-dans-le-viseur-de-ol\/"},"author":{"name":"Nicolas Jacquemard","@id":"https:\/\/dicodusport.fr\/blog\/#\/schema\/person\/55dcb50ad410894e431ed812bbb70191"},"headline":"Mercato PSG : Hugo Ekitike dans le viseur de l&rsquo;OL","datePublished":"2023-08-21T11:25:05+00:00","dateModified":"2023-08-21T11:32:50+00:00","mainEntityOfPage":{"@id":"https:\/\/dicodusport.fr\/blog\/mercato-psg-hugo-ekitike-dans-le-viseur-de-ol\/"},"wordCount":302,"commentCount":0,"publisher":{"@id":"https:\/\/dicodusport.fr\/blog\/#organization"},"image":{"@id":"https:\/\/dicodusport.fr\/blog\/mercato-psg-hugo-ekitike-dans-le-viseur-de-ol\/#primaryimage"},"thumbnailUrl":"https:\/\/dicodusport.fr\/blog\/wp-content\/uploads\/2023\/08\/Mercato-PSG-Hugo-Ekitike-dans-le-viseur-de-lOL.png","keywords":["br\u00e8ve","Ekitike","Football","Hugo Ekitike","OL","PSG"],"articleSection":["Football","Ligue 1"],"inLanguage":"fr-FR","potentialAction":[{"@type":"CommentAction","name":"Comment","target":["https:\/\/dicodusport.fr\/blog\/mercato-psg-hugo-ekitike-dans-le-viseur-de-ol\/#respond"]}],"copyrightYear":"2023","copyrightHolder":{"@id":"https:\/\/dicodusport.fr\/blog\/#organization"}},{"@type":"WebPage","@id":"https:\/\/dicodusport.fr\/blog\/mercato-psg-hugo-ekitike-dans-le-viseur-de-ol\/","url":"https:\/\/dicodusport.fr\/blog\/mercato-psg-hugo-ekitike-dans-le-viseur-de-ol\/","name":"Mercato PSG : Hugo Ekitike dans le viseur de l'OL","isPartOf":{"@id":"https:\/\/dicodusport.fr\/blog\/#website"},"primaryImageOfPage":{"@id":"https:\/\/dicodusport.fr\/blog\/mercato-psg-hugo-ekitike-dans-le-viseur-de-ol\/#primaryimage"},"image":{"@id":"https:\/\/dicodusport.fr\/blog\/mercato-psg-hugo-ekitike-dans-le-viseur-de-ol\/#primaryimage"},"thumbnailUrl":"https:\/\/dicodusport.fr\/blog\/wp-content\/uploads\/2023\/08\/Mercato-PSG-Hugo-Ekitike-dans-le-viseur-de-lOL.png","datePublished":"2023-08-21T11:25:05+00:00","dateModified":"2023-08-21T11:32:50+00:00","description":"LIGUE 1 2023-2024 - L'Olympique Lyonnais a pris contact avec le Paris Saint-Germain pour prendre des renseignements au sujet de Hugo Ekitike.","breadcrumb":{"@id":"https:\/\/dicodusport.fr\/blog\/mercato-psg-hugo-ekitike-dans-le-viseur-de-ol\/#breadcrumb"},"inLanguage":"fr-FR","potentialAction":[{"@type":"ReadAction","target":["https:\/\/dicodusport.fr\/blog\/mercato-psg-hugo-ekitike-dans-le-viseur-de-ol\/"]}]},{"@type":"ImageObject","inLanguage":"fr-FR","@id":"https:\/\/dicodusport.fr\/blog\/mercato-psg-hugo-ekitike-dans-le-viseur-de-ol\/#primaryimage","url":"https:\/\/dicodusport.fr\/blog\/wp-content\/uploads\/2023\/08\/Mercato-PSG-Hugo-Ekitike-dans-le-viseur-de-lOL.png","contentUrl":"https:\/\/dicodusport.fr\/blog\/wp-content\/uploads\/2023\/08\/Mercato-PSG-Hugo-Ekitike-dans-le-viseur-de-lOL.png","width":800,"height":445},{"@type":"BreadcrumbList","@id":"https:\/\/dicodusport.fr\/blog\/mercato-psg-hugo-ekitike-dans-le-viseur-de-ol\/#breadcrumb","itemListElement":[{"@type":"ListItem","position":1,"name":"Accueil","item":"https:\/\/dicodusport.fr\/blog\/"},{"@type":"ListItem","position":2,"name":"Mercato PSG : Hugo Ekitike dans le viseur de l&rsquo;OL"}]},{"@type":"WebSite","@id":"https:\/\/dicodusport.fr\/blog\/#website","url":"https:\/\/dicodusport.fr\/blog\/","name":"Dicodusport","description":"L&#039;encyclop\u00e9die de l&#039;actualit\u00e9 sportive","publisher":{"@id":"https:\/\/dicodusport.fr\/blog\/#organization"},"potentialAction":[{"@type":"SearchAction","target":{"@type":"EntryPoint","urlTemplate":"https:\/\/dicodusport.fr\/blog\/?s={search_term_string}"},"query-input":{"@type":"PropertyValueSpecification","valueRequired":true,"valueName":"search_term_string"}}],"inLanguage":"fr-FR"},{"@type":"NewsMediaOrganization","@id":"https:\/\/dicodusport.fr\/blog\/#organization","name":"Dicodusport","url":"https:\/\/dicodusport.fr\/blog\/","logo":{"@type":"ImageObject","inLanguage":"fr-FR","@id":"https:\/\/dicodusport.fr\/blog\/#\/schema\/logo\/image\/","url":"https:\/\/dicodusport.fr\/blog\/wp-content\/uploads\/2020\/06\/cropped-LOGO-DICODUSPORT-2020-SANS-FOND-SANS-TEXTE.png","contentUrl":"https:\/\/dicodusport.fr\/blog\/wp-content\/uploads\/2020\/06\/cropped-LOGO-DICODUSPORT-2020-SANS-FOND-SANS-TEXTE.png","width":512,"height":512,"caption":"Dicodusport"},"image":{"@id":"https:\/\/dicodusport.fr\/blog\/#\/schema\/logo\/image\/"},"sameAs":["https:\/\/www.facebook.com\/dicodusport","https:\/\/x.com\/dicodusport","https:\/\/www.instagram.com\/dicodusport\/","https:\/\/www.youtube.com\/channel\/UC7V2KZ5sd3htJivAbA4ZG3w"],"description":"Dicodusport est l'encyclop\u00e9die de l'actualit\u00e9 sportive.","email":"bonjour@dicodusport.fr","legalName":"DICODUSPORT","foundingDate":"2018-01-14","vatID":"FR71834470973","taxID":"83447097300043","numberOfEmployees":{"@type":"QuantitativeValue","minValue":"1","maxValue":"10"}},{"@type":"Person","@id":"https:\/\/dicodusport.fr\/blog\/#\/schema\/person\/55dcb50ad410894e431ed812bbb70191","name":"Nicolas Jacquemard","image":{"@type":"ImageObject","inLanguage":"fr-FR","@id":"https:\/\/dicodusport.fr\/blog\/#\/schema\/person\/image\/","url":"https:\/\/dicodusport.fr\/blog\/wp-content\/uploads\/2021\/05\/Nicolas-Jacquemard-150x150.jpeg","contentUrl":"https:\/\/dicodusport.fr\/blog\/wp-content\/uploads\/2021\/05\/Nicolas-Jacquemard-150x150.jpeg","caption":"Nicolas Jacquemard"},"description":"Passionn\u00e9 de sport et entrepreneur depuis mes 18 ans, la cr\u00e9ation de Dicodusport m'a sembl\u00e9 \u00e9vidente pour participer \u00e0 la m\u00e9diatisation d'un plus grand nombre de sports. Le chemin est long mais avec une \u00e9quipe des plus motiv\u00e9es et les Jeux Olympiques de Paris 2024 en point de mire, nous y arriverons ! Journaliste dans le monde du sport depuis plus de 5 ans, je traite aussi bien de football, de rugby, de biathlon que de cyclisme.","sameAs":["https:\/\/www.facebook.com\/dicodusport","https:\/\/x.com\/https:\/\/twitter.com\/Nico_Jacquemard"],"url":"https:\/\/dicodusport.fr\/blog\/author\/dicodusport\/"}]}},"_links":{"self":[{"href":"https:\/\/dicodusport.fr\/blog\/wp-json\/wp\/v2\/posts\/410633","targetHints":{"allow":["GET"]}}],"collection":[{"href":"https:\/\/dicodusport.fr\/blog\/wp-json\/wp\/v2\/posts"}],"about":[{"href":"https:\/\/dicodusport.fr\/blog\/wp-json\/wp\/v2\/types\/post"}],"author":[{"embeddable":true,"href":"https:\/\/dicodusport.fr\/blog\/wp-json\/wp\/v2\/users\/1"}],"replies":[{"embeddable":true,"href":"https:\/\/dicodusport.fr\/blog\/wp-json\/wp\/v2\/comments?post=410633"}],"version-history":[{"count":0,"href":"https:\/\/dicodusport.fr\/blog\/wp-json\/wp\/v2\/posts\/410633\/revisions"}],"wp:featuredmedia":[{"embeddable":true,"href":"https:\/\/dicodusport.fr\/blog\/wp-json\/wp\/v2\/media\/410634"}],"wp:attachment":[{"href":"https:\/\/dicodusport.fr\/blog\/wp-json\/wp\/v2\/media?parent=410633"}],"wp:term":[{"taxonomy":"category","embeddable":true,"href":"https:\/\/dicodusport.fr\/blog\/wp-json\/wp\/v2\/categories?post=410633"},{"taxonomy":"post_tag","embeddable":true,"href":"https:\/\/dicodusport.fr\/blog\/wp-json\/wp\/v2\/tags?post=410633"}],"curies":[{"name":"wp","href":"https:\/\/api.w.org\/{rel}","templated":true}]}}