{"id":41065,"date":"2019-06-09T18:13:17","date_gmt":"2019-06-09T16:13:17","guid":{"rendered":"http:\/\/dicodusport.fr\/blog\/?p=41065"},"modified":"2019-06-09T18:35:58","modified_gmt":"2019-06-09T16:35:58","slug":"roland-garros-2019-12eme-titre-pour-rafael-nadal","status":"publish","type":"post","link":"https:\/\/dicodusport.fr\/blog\/roland-garros-2019-12eme-titre-pour-rafael-nadal\/","title":{"rendered":"Roland-Garros 2019 : 12\u00e8me titre pour Rafael Nadal"},"content":{"rendered":"<p style=\"text-align: justify;\"><em><strong>Une finale en mode \u00ab\u00a0remake\u00a0\u00bb de l&rsquo;an pass\u00e9 : Rafael Nadal retrouvait Dominic Thiem pour un match de l\u00e9gende. Mais dans cette partie, l&rsquo;Espagnol n&rsquo;a pas fait de chi-chi en acc\u00e9l\u00e9rant les choses apr\u00e8s avoir perdu le deuxi\u00e8me set. Il s&rsquo;impose en 4 sets et 3 heures de jeu, remportant ainsi son douzi\u00e8me titre sur la terre battue de la Porte d&rsquo;Auteuil. Incroyable, compl\u00e8tement Nadal.<\/strong><\/em><\/p>\n<h1 style=\"text-align: justify;\">Deux sets et une grande bataille&#8230;<\/h1>\n<p style=\"text-align: justify;\">Il y a eu deux matches aujourd&rsquo;hui entre <strong>Rafael Nadal<\/strong> et <strong>Dominic Thiem<\/strong>. Le premier s&rsquo;est d\u00e9roul\u00e9 dans les deux premi\u00e8res manches. Comme pr\u00e9vu, le combat \u00e9tait au rendez-vous. Et le premier \u00e0 breaker \u00e9tait l&rsquo;Autrichien. Mais son avance n&rsquo;a dur\u00e9 que l&rsquo;espace de deux minutes. Nadal s&#8217;emparait par deux fois du service de Thiem pour s&rsquo;adjuger la premi\u00e8re manche <strong>6-3<\/strong> sur un jeu blanc et une seule balle de set.\u00a0Mais le match promettait alors un sacr\u00e9 bras de fer.<\/p>\n<p><span class=\"CHTIhrMWoA46m1GOnb7JwSYgyExUkldQKBz93tqsu0Fa\"><\/p>\n<blockquote class=\"twitter-tweet\" data-width=\"550\" data-dnt=\"true\">\n<p lang=\"fr\" dir=\"ltr\"><a href=\"https:\/\/twitter.com\/hashtag\/RG19?src=hash&amp;ref_src=twsrc%5Etfw\">#RG19<\/a> Quel niveau livr\u00e9 par Rafael Nadal et Dominic Thiem d&#39;entr\u00e9e de finale ! Le Majorquin vient remporter un point sur un subtil amorti pour conserver sa mise en jeu derri\u00e8re ! <a href=\"https:\/\/twitter.com\/hashtag\/RolandGarros?src=hash&amp;ref_src=twsrc%5Etfw\">#RolandGarros<\/a> <a href=\"https:\/\/twitter.com\/hashtag\/Tennis?src=hash&amp;ref_src=twsrc%5Etfw\">#Tennis<\/a> <a href=\"https:\/\/t.co\/Gm99zHnMmE\">pic.twitter.com\/Gm99zHnMmE<\/a><\/p>\n<p>&mdash; France tv sport (@francetvsport) <a href=\"https:\/\/twitter.com\/francetvsport\/status\/1137714136111091712?ref_src=twsrc%5Etfw\">June 9, 2019<\/a><\/p><\/blockquote>\n<p><script async src=\"https:\/\/platform.twitter.com\/widgets.js\" charset=\"utf-8\"><\/script><\/span><\/p>\n<p style=\"text-align: justify;\">Le deuxi\u00e8me set \u00e9tait extr\u00eamement serr\u00e9. Mais sur un ultime effort de l&rsquo;Autrichien, la manche tournait en sa faveur. En breakant le dernier jeu de la manche de Nadal, il s&rsquo;imposait <strong>7-5<\/strong> sur sa premi\u00e8re balle de set. C&rsquo;est le point de d\u00e9part du second match&#8230;<\/p>\n<h1 style=\"text-align: justify;\">&#8230; avant l&rsquo;acc\u00e9l\u00e9ration du ma\u00eetre des lieux<\/h1>\n<p style=\"text-align: justify;\">Le deuxi\u00e8me match d\u00e9marrait apr\u00e8s un set tr\u00e8s tendu. Malgr\u00e9 une grande bataille de Dominic Thiem, ce dernier, absent par moment, perdait par trois fois son jeu de service. Mais surtout, malgr\u00e9 le score <strong>6-1<\/strong> de ce set, l&rsquo;Espagnol remportait les 11 premiers points de la manche. Le match semblait avoir compl\u00e8tement tourn\u00e9.<\/p>\n<p><span class=\"iPWkOLswHe7AISJ0fDFY6MNno9ahQRqT2ydXbv4p3ZGtj1xz5guEVr8CUcB\"><\/p>\n<blockquote class=\"twitter-tweet\" data-width=\"550\" data-dnt=\"true\">\n<p lang=\"fr\" dir=\"ltr\"><a href=\"https:\/\/twitter.com\/hashtag\/RG19?src=hash&amp;ref_src=twsrc%5Etfw\">#RG19<\/a> Le Roi est f\u00e2ch\u00e9 ! 11-0 pour commencer le 3e set, Rafael Nadal r\u00e9agit d&#39;entr\u00e9e et m\u00e8ne d\u00e9j\u00e0 3-0 ! <a href=\"https:\/\/twitter.com\/hashtag\/RolandGarros?src=hash&amp;ref_src=twsrc%5Etfw\">#RolandGarros<\/a> <\/p>\n<p>\u25b6\ufe0f Suivez la finale en direct vid\u00e9o : <a href=\"https:\/\/t.co\/qp2vibz9Yd\">https:\/\/t.co\/qp2vibz9Yd<\/a> <a href=\"https:\/\/t.co\/52GvxzmlfS\">pic.twitter.com\/52GvxzmlfS<\/a><\/p>\n<p>&mdash; France tv sport (@francetvsport) <a href=\"https:\/\/twitter.com\/francetvsport\/status\/1137739299821117440?ref_src=twsrc%5Etfw\">June 9, 2019<\/a><\/p><\/blockquote>\n<p><script async src=\"https:\/\/platform.twitter.com\/widgets.js\" charset=\"utf-8\"><\/script><\/span><\/p>\n<p style=\"text-align: justify;\">Le quatri\u00e8me set d\u00e9marrait comme le pr\u00e9c\u00e9dent. Le num\u00e9ro 2 mondial s&rsquo;adjugeait d&rsquo;entr\u00e9e le service de l&rsquo;Autrichien. Pourtant, la bataille semblait s&rsquo;\u00e9quilibrer. Mais <em>El Toro<\/em> prenait l&rsquo;ascendant sur les points importants et sans trembler, la quatri\u00e8me manche <strong>6-1<\/strong>.<\/p>\n<p style=\"text-align: justify;\"><strong>Moins frais physiquement et face \u00e0 une montagne, Thiem \u00e9tait d\u00e9fait en deux phases, apr\u00e8s avoir bataill\u00e9 puis avoir \u00e9t\u00e9 domin\u00e9. Rafael Nadal d\u00e9croche ainsi son 12\u00e8me titre aux Internationaux de France, son 18\u00e8me Grand Chelem par la m\u00eame occasion. Le roi de la terre battue est bien de retour.<\/strong><\/p>\n<p><strong><em>Maxime Giralt<br \/>\n<a href=\"https:\/\/www.facebook.com\/Max11me\" target=\"_blank\" rel=\"noopener\"><img loading=\"lazy\" decoding=\"async\" class=\"alignnone wp-image-2909\" src=\"http:\/\/dicodusport.fr\/blog\/wp-content\/uploads\/2017\/07\/logo-facebook.png\" alt=\"\" width=\"38\" height=\"38\" \/><\/a><\/em><\/strong><a href=\"https:\/\/l.facebook.com\/l.php?u=https%3A%2F%2Fwww.linkedin.com%2Fin%2Fmaxime-giralt-1461a917b%2F%3Ffbclid%3DIwAR2o5nEQF1MbwOxhcZA53vciCrvhvHic9QZkhVnMl6B-BY_Hnj32ZE--uew&amp;h=AT0LoCNeRcbrBR7e8K1V93ja3oJ6Y-mNjmtrSMMYYjgplVOS3HK2KUlvJOSwWegSKG3Oe3hzQbAIm94g7G6qYCFYQQWPI1BS9WhzZoe-sPpYMw4rBaFo2prjau_nWQ-RyZQ\" target=\"_blank\" rel=\"noopener\"><img loading=\"lazy\" decoding=\"async\" class=\"alignnone wp-image-3711\" src=\"http:\/\/dicodusport.fr\/blog\/wp-content\/uploads\/2017\/08\/signature-linkedin.png\" alt=\"\" width=\"38\" height=\"38\" srcset=\"https:\/\/dicodusport.fr\/blog\/wp-content\/uploads\/2017\/08\/signature-linkedin.png 295w, https:\/\/dicodusport.fr\/blog\/wp-content\/uploads\/2017\/08\/signature-linkedin-150x150.png 150w\" sizes=\"auto, (max-width: 38px) 100vw, 38px\" \/><\/a><\/p>\n","protected":false},"excerpt":{"rendered":"<p>Vainqueur en quatre sets face \u00e0 un Dominic Thiem vaillant mais \u00e9mouss\u00e9, Rafael Nadal d\u00e9croche un 12\u00e8me sacre \u00e0 Roland-Garros.<\/p>\n","protected":false},"author":38,"featured_media":41064,"comment_status":"open","ping_status":"closed","sticky":false,"template":"","format":"standard","meta":{"_acf_changed":false,"_daextam_enable_autolinks":"","footnotes":""},"categories":[2,2365,2302],"tags":[3483,3223,159],"class_list":["post-41065","post","type-post","status-publish","format-standard","has-post-thumbnail","hentry","category-actualites","category-sports-de-raquette","category-tennis","tag-dominic-thiem","tag-rafael-nadal","tag-roland-garros"],"acf":[],"yoast_head":"<!-- This site is optimized with the Yoast SEO Premium plugin v26.7 (Yoast SEO v26.7) - https:\/\/yoast.com\/wordpress\/plugins\/seo\/ -->\n<title>Roland-Garros 2019 : 12\u00e8me titre pour Rafael Nadal<\/title>\n<meta name=\"description\" content=\"Vainqueur en quatre sets face \u00e0 un Dominic Thiem vaillant mais \u00e9mouss\u00e9, Rafael Nadal d\u00e9croche un 12\u00e8me sacre \u00e0 Roland-Garros.\" \/>\n<meta name=\"robots\" content=\"index, follow, max-snippet:-1, max-image-preview:large, max-video-preview:-1\" \/>\n<link rel=\"canonical\" href=\"https:\/\/dicodusport.fr\/blog\/roland-garros-2019-12eme-titre-pour-rafael-nadal\/\" \/>\n<meta property=\"og:locale\" content=\"fr_FR\" \/>\n<meta property=\"og:type\" content=\"article\" \/>\n<meta property=\"og:title\" content=\"En patron, Rafael Nadal s&#039;offre un 12\u00e8me titre \u00e0 Roland-Garros\" \/>\n<meta property=\"og:description\" content=\"Vainqueur en quatre sets face \u00e0 un Dominic Thiem vaillant mais \u00e9mouss\u00e9, Rafael Nadal d\u00e9croche un 12\u00e8me sacre \u00e0 Roland-Garros.\" \/>\n<meta property=\"og:url\" content=\"https:\/\/dicodusport.fr\/blog\/roland-garros-2019-12eme-titre-pour-rafael-nadal\/\" \/>\n<meta property=\"og:site_name\" content=\"Dicodusport\" \/>\n<meta property=\"article:publisher\" content=\"https:\/\/www.facebook.com\/dicodusport\" \/>\n<meta property=\"article:published_time\" content=\"2019-06-09T16:13:17+00:00\" \/>\n<meta property=\"article:modified_time\" content=\"2019-06-09T16:35:58+00:00\" \/>\n<meta property=\"og:image\" content=\"https:\/\/dicodusport.fr\/blog\/wp-content\/uploads\/2019\/06\/Rafael-Nadal-Finale-Roland-Garros-2019.png\" \/>\n\t<meta property=\"og:image:width\" content=\"800\" \/>\n\t<meta property=\"og:image:height\" content=\"445\" \/>\n\t<meta property=\"og:image:type\" content=\"image\/png\" \/>\n<meta name=\"author\" content=\"Maxime Giralt\" \/>\n<meta name=\"twitter:card\" content=\"summary_large_image\" \/>\n<meta name=\"twitter:title\" content=\"En patron, Rafael Nadal s&#039;offre un 12\u00e8me titre \u00e0 Roland-Garros\" \/>\n<meta name=\"twitter:creator\" content=\"@dicodusport\" \/>\n<meta name=\"twitter:site\" content=\"@dicodusport\" \/>\n<script type=\"application\/ld+json\" class=\"yoast-schema-graph\">{\"@context\":\"https:\/\/schema.org\",\"@graph\":[{\"@type\":\"NewsArticle\",\"@id\":\"https:\/\/dicodusport.fr\/blog\/roland-garros-2019-12eme-titre-pour-rafael-nadal\/#article\",\"isPartOf\":{\"@id\":\"https:\/\/dicodusport.fr\/blog\/roland-garros-2019-12eme-titre-pour-rafael-nadal\/\"},\"author\":{\"name\":\"Maxime Giralt\",\"@id\":\"https:\/\/dicodusport.fr\/blog\/#\/schema\/person\/48bad9bec547f458f90c709b91a41248\"},\"headline\":\"Roland-Garros 2019 : 12\u00e8me titre pour Rafael Nadal\",\"datePublished\":\"2019-06-09T16:13:17+00:00\",\"dateModified\":\"2019-06-09T16:35:58+00:00\",\"mainEntityOfPage\":{\"@id\":\"https:\/\/dicodusport.fr\/blog\/roland-garros-2019-12eme-titre-pour-rafael-nadal\/\"},\"wordCount\":412,\"commentCount\":0,\"publisher\":{\"@id\":\"https:\/\/dicodusport.fr\/blog\/#organization\"},\"image\":{\"@id\":\"https:\/\/dicodusport.fr\/blog\/roland-garros-2019-12eme-titre-pour-rafael-nadal\/#primaryimage\"},\"thumbnailUrl\":\"https:\/\/dicodusport.fr\/blog\/wp-content\/uploads\/2019\/06\/Rafael-Nadal-Finale-Roland-Garros-2019.png\",\"keywords\":[\"Dominic Thiem\",\"Rafael Nadal\",\"Roland-Garros\"],\"articleSection\":[\"Actualit\u00e9s\",\"Sports de raquette\",\"Tennis\"],\"inLanguage\":\"fr-FR\",\"potentialAction\":[{\"@type\":\"CommentAction\",\"name\":\"Comment\",\"target\":[\"https:\/\/dicodusport.fr\/blog\/roland-garros-2019-12eme-titre-pour-rafael-nadal\/#respond\"]}],\"copyrightYear\":\"2019\",\"copyrightHolder\":{\"@id\":\"https:\/\/dicodusport.fr\/blog\/#organization\"}},{\"@type\":\"WebPage\",\"@id\":\"https:\/\/dicodusport.fr\/blog\/roland-garros-2019-12eme-titre-pour-rafael-nadal\/\",\"url\":\"https:\/\/dicodusport.fr\/blog\/roland-garros-2019-12eme-titre-pour-rafael-nadal\/\",\"name\":\"Roland-Garros 2019 : 12\u00e8me titre pour Rafael Nadal\",\"isPartOf\":{\"@id\":\"https:\/\/dicodusport.fr\/blog\/#website\"},\"primaryImageOfPage\":{\"@id\":\"https:\/\/dicodusport.fr\/blog\/roland-garros-2019-12eme-titre-pour-rafael-nadal\/#primaryimage\"},\"image\":{\"@id\":\"https:\/\/dicodusport.fr\/blog\/roland-garros-2019-12eme-titre-pour-rafael-nadal\/#primaryimage\"},\"thumbnailUrl\":\"https:\/\/dicodusport.fr\/blog\/wp-content\/uploads\/2019\/06\/Rafael-Nadal-Finale-Roland-Garros-2019.png\",\"datePublished\":\"2019-06-09T16:13:17+00:00\",\"dateModified\":\"2019-06-09T16:35:58+00:00\",\"description\":\"Vainqueur en quatre sets face \u00e0 un Dominic Thiem vaillant mais \u00e9mouss\u00e9, Rafael Nadal d\u00e9croche un 12\u00e8me sacre \u00e0 Roland-Garros.\",\"breadcrumb\":{\"@id\":\"https:\/\/dicodusport.fr\/blog\/roland-garros-2019-12eme-titre-pour-rafael-nadal\/#breadcrumb\"},\"inLanguage\":\"fr-FR\",\"potentialAction\":[{\"@type\":\"ReadAction\",\"target\":[\"https:\/\/dicodusport.fr\/blog\/roland-garros-2019-12eme-titre-pour-rafael-nadal\/\"]}]},{\"@type\":\"ImageObject\",\"inLanguage\":\"fr-FR\",\"@id\":\"https:\/\/dicodusport.fr\/blog\/roland-garros-2019-12eme-titre-pour-rafael-nadal\/#primaryimage\",\"url\":\"https:\/\/dicodusport.fr\/blog\/wp-content\/uploads\/2019\/06\/Rafael-Nadal-Finale-Roland-Garros-2019.png\",\"contentUrl\":\"https:\/\/dicodusport.fr\/blog\/wp-content\/uploads\/2019\/06\/Rafael-Nadal-Finale-Roland-Garros-2019.png\",\"width\":800,\"height\":445},{\"@type\":\"BreadcrumbList\",\"@id\":\"https:\/\/dicodusport.fr\/blog\/roland-garros-2019-12eme-titre-pour-rafael-nadal\/#breadcrumb\",\"itemListElement\":[{\"@type\":\"ListItem\",\"position\":1,\"name\":\"Accueil\",\"item\":\"https:\/\/dicodusport.fr\/blog\/\"},{\"@type\":\"ListItem\",\"position\":2,\"name\":\"Roland-Garros 2019 : 12\u00e8me titre pour Rafael Nadal\"}]},{\"@type\":\"WebSite\",\"@id\":\"https:\/\/dicodusport.fr\/blog\/#website\",\"url\":\"https:\/\/dicodusport.fr\/blog\/\",\"name\":\"Dicodusport\",\"description\":\"L&#039;encyclop\u00e9die de l&#039;actualit\u00e9 sportive\",\"publisher\":{\"@id\":\"https:\/\/dicodusport.fr\/blog\/#organization\"},\"potentialAction\":[{\"@type\":\"SearchAction\",\"target\":{\"@type\":\"EntryPoint\",\"urlTemplate\":\"https:\/\/dicodusport.fr\/blog\/?s={search_term_string}\"},\"query-input\":{\"@type\":\"PropertyValueSpecification\",\"valueRequired\":true,\"valueName\":\"search_term_string\"}}],\"inLanguage\":\"fr-FR\"},{\"@type\":\"NewsMediaOrganization\",\"@id\":\"https:\/\/dicodusport.fr\/blog\/#organization\",\"name\":\"Dicodusport\",\"url\":\"https:\/\/dicodusport.fr\/blog\/\",\"logo\":{\"@type\":\"ImageObject\",\"inLanguage\":\"fr-FR\",\"@id\":\"https:\/\/dicodusport.fr\/blog\/#\/schema\/logo\/image\/\",\"url\":\"https:\/\/dicodusport.fr\/blog\/wp-content\/uploads\/2020\/06\/cropped-LOGO-DICODUSPORT-2020-SANS-FOND-SANS-TEXTE.png\",\"contentUrl\":\"https:\/\/dicodusport.fr\/blog\/wp-content\/uploads\/2020\/06\/cropped-LOGO-DICODUSPORT-2020-SANS-FOND-SANS-TEXTE.png\",\"width\":512,\"height\":512,\"caption\":\"Dicodusport\"},\"image\":{\"@id\":\"https:\/\/dicodusport.fr\/blog\/#\/schema\/logo\/image\/\"},\"sameAs\":[\"https:\/\/www.facebook.com\/dicodusport\",\"https:\/\/x.com\/dicodusport\",\"https:\/\/www.instagram.com\/dicodusport\/\",\"https:\/\/www.youtube.com\/channel\/UC7V2KZ5sd3htJivAbA4ZG3w\"],\"description\":\"Dicodusport est l'encyclop\u00e9die de l'actualit\u00e9 sportive.\",\"email\":\"bonjour@dicodusport.fr\",\"legalName\":\"DICODUSPORT\",\"foundingDate\":\"2018-01-14\",\"vatID\":\"FR71834470973\",\"taxID\":\"83447097300043\",\"numberOfEmployees\":{\"@type\":\"QuantitativeValue\",\"minValue\":\"1\",\"maxValue\":\"10\"}},{\"@type\":\"Person\",\"@id\":\"https:\/\/dicodusport.fr\/blog\/#\/schema\/person\/48bad9bec547f458f90c709b91a41248\",\"name\":\"Maxime Giralt\",\"image\":{\"@type\":\"ImageObject\",\"inLanguage\":\"fr-FR\",\"@id\":\"https:\/\/dicodusport.fr\/blog\/#\/schema\/person\/image\/\",\"url\":\"https:\/\/dicodusport.fr\/blog\/wp-content\/uploads\/2017\/01\/logo-dicodusport-sans-fond-150x150.png\",\"contentUrl\":\"https:\/\/dicodusport.fr\/blog\/wp-content\/uploads\/2017\/01\/logo-dicodusport-sans-fond-150x150.png\",\"caption\":\"Maxime Giralt\"},\"url\":\"https:\/\/dicodusport.fr\/blog\/author\/maxime\/\"}]}<\/script>\n<!-- \/ Yoast SEO Premium plugin. -->","yoast_head_json":{"title":"Roland-Garros 2019 : 12\u00e8me titre pour Rafael Nadal","description":"Vainqueur en quatre sets face \u00e0 un Dominic Thiem vaillant mais \u00e9mouss\u00e9, Rafael Nadal d\u00e9croche un 12\u00e8me sacre \u00e0 Roland-Garros.","robots":{"index":"index","follow":"follow","max-snippet":"max-snippet:-1","max-image-preview":"max-image-preview:large","max-video-preview":"max-video-preview:-1"},"canonical":"https:\/\/dicodusport.fr\/blog\/roland-garros-2019-12eme-titre-pour-rafael-nadal\/","og_locale":"fr_FR","og_type":"article","og_title":"En patron, Rafael Nadal s'offre un 12\u00e8me titre \u00e0 Roland-Garros","og_description":"Vainqueur en quatre sets face \u00e0 un Dominic Thiem vaillant mais \u00e9mouss\u00e9, Rafael Nadal d\u00e9croche un 12\u00e8me sacre \u00e0 Roland-Garros.","og_url":"https:\/\/dicodusport.fr\/blog\/roland-garros-2019-12eme-titre-pour-rafael-nadal\/","og_site_name":"Dicodusport","article_publisher":"https:\/\/www.facebook.com\/dicodusport","article_published_time":"2019-06-09T16:13:17+00:00","article_modified_time":"2019-06-09T16:35:58+00:00","og_image":[{"width":800,"height":445,"url":"https:\/\/dicodusport.fr\/blog\/wp-content\/uploads\/2019\/06\/Rafael-Nadal-Finale-Roland-Garros-2019.png","type":"image\/png"}],"author":"Maxime Giralt","twitter_card":"summary_large_image","twitter_title":"En patron, Rafael Nadal s'offre un 12\u00e8me titre \u00e0 Roland-Garros","twitter_creator":"@dicodusport","twitter_site":"@dicodusport","schema":{"@context":"https:\/\/schema.org","@graph":[{"@type":"NewsArticle","@id":"https:\/\/dicodusport.fr\/blog\/roland-garros-2019-12eme-titre-pour-rafael-nadal\/#article","isPartOf":{"@id":"https:\/\/dicodusport.fr\/blog\/roland-garros-2019-12eme-titre-pour-rafael-nadal\/"},"author":{"name":"Maxime Giralt","@id":"https:\/\/dicodusport.fr\/blog\/#\/schema\/person\/48bad9bec547f458f90c709b91a41248"},"headline":"Roland-Garros 2019 : 12\u00e8me titre pour Rafael Nadal","datePublished":"2019-06-09T16:13:17+00:00","dateModified":"2019-06-09T16:35:58+00:00","mainEntityOfPage":{"@id":"https:\/\/dicodusport.fr\/blog\/roland-garros-2019-12eme-titre-pour-rafael-nadal\/"},"wordCount":412,"commentCount":0,"publisher":{"@id":"https:\/\/dicodusport.fr\/blog\/#organization"},"image":{"@id":"https:\/\/dicodusport.fr\/blog\/roland-garros-2019-12eme-titre-pour-rafael-nadal\/#primaryimage"},"thumbnailUrl":"https:\/\/dicodusport.fr\/blog\/wp-content\/uploads\/2019\/06\/Rafael-Nadal-Finale-Roland-Garros-2019.png","keywords":["Dominic Thiem","Rafael Nadal","Roland-Garros"],"articleSection":["Actualit\u00e9s","Sports de raquette","Tennis"],"inLanguage":"fr-FR","potentialAction":[{"@type":"CommentAction","name":"Comment","target":["https:\/\/dicodusport.fr\/blog\/roland-garros-2019-12eme-titre-pour-rafael-nadal\/#respond"]}],"copyrightYear":"2019","copyrightHolder":{"@id":"https:\/\/dicodusport.fr\/blog\/#organization"}},{"@type":"WebPage","@id":"https:\/\/dicodusport.fr\/blog\/roland-garros-2019-12eme-titre-pour-rafael-nadal\/","url":"https:\/\/dicodusport.fr\/blog\/roland-garros-2019-12eme-titre-pour-rafael-nadal\/","name":"Roland-Garros 2019 : 12\u00e8me titre pour Rafael Nadal","isPartOf":{"@id":"https:\/\/dicodusport.fr\/blog\/#website"},"primaryImageOfPage":{"@id":"https:\/\/dicodusport.fr\/blog\/roland-garros-2019-12eme-titre-pour-rafael-nadal\/#primaryimage"},"image":{"@id":"https:\/\/dicodusport.fr\/blog\/roland-garros-2019-12eme-titre-pour-rafael-nadal\/#primaryimage"},"thumbnailUrl":"https:\/\/dicodusport.fr\/blog\/wp-content\/uploads\/2019\/06\/Rafael-Nadal-Finale-Roland-Garros-2019.png","datePublished":"2019-06-09T16:13:17+00:00","dateModified":"2019-06-09T16:35:58+00:00","description":"Vainqueur en quatre sets face \u00e0 un Dominic Thiem vaillant mais \u00e9mouss\u00e9, Rafael Nadal d\u00e9croche un 12\u00e8me sacre \u00e0 Roland-Garros.","breadcrumb":{"@id":"https:\/\/dicodusport.fr\/blog\/roland-garros-2019-12eme-titre-pour-rafael-nadal\/#breadcrumb"},"inLanguage":"fr-FR","potentialAction":[{"@type":"ReadAction","target":["https:\/\/dicodusport.fr\/blog\/roland-garros-2019-12eme-titre-pour-rafael-nadal\/"]}]},{"@type":"ImageObject","inLanguage":"fr-FR","@id":"https:\/\/dicodusport.fr\/blog\/roland-garros-2019-12eme-titre-pour-rafael-nadal\/#primaryimage","url":"https:\/\/dicodusport.fr\/blog\/wp-content\/uploads\/2019\/06\/Rafael-Nadal-Finale-Roland-Garros-2019.png","contentUrl":"https:\/\/dicodusport.fr\/blog\/wp-content\/uploads\/2019\/06\/Rafael-Nadal-Finale-Roland-Garros-2019.png","width":800,"height":445},{"@type":"BreadcrumbList","@id":"https:\/\/dicodusport.fr\/blog\/roland-garros-2019-12eme-titre-pour-rafael-nadal\/#breadcrumb","itemListElement":[{"@type":"ListItem","position":1,"name":"Accueil","item":"https:\/\/dicodusport.fr\/blog\/"},{"@type":"ListItem","position":2,"name":"Roland-Garros 2019 : 12\u00e8me titre pour Rafael Nadal"}]},{"@type":"WebSite","@id":"https:\/\/dicodusport.fr\/blog\/#website","url":"https:\/\/dicodusport.fr\/blog\/","name":"Dicodusport","description":"L&#039;encyclop\u00e9die de l&#039;actualit\u00e9 sportive","publisher":{"@id":"https:\/\/dicodusport.fr\/blog\/#organization"},"potentialAction":[{"@type":"SearchAction","target":{"@type":"EntryPoint","urlTemplate":"https:\/\/dicodusport.fr\/blog\/?s={search_term_string}"},"query-input":{"@type":"PropertyValueSpecification","valueRequired":true,"valueName":"search_term_string"}}],"inLanguage":"fr-FR"},{"@type":"NewsMediaOrganization","@id":"https:\/\/dicodusport.fr\/blog\/#organization","name":"Dicodusport","url":"https:\/\/dicodusport.fr\/blog\/","logo":{"@type":"ImageObject","inLanguage":"fr-FR","@id":"https:\/\/dicodusport.fr\/blog\/#\/schema\/logo\/image\/","url":"https:\/\/dicodusport.fr\/blog\/wp-content\/uploads\/2020\/06\/cropped-LOGO-DICODUSPORT-2020-SANS-FOND-SANS-TEXTE.png","contentUrl":"https:\/\/dicodusport.fr\/blog\/wp-content\/uploads\/2020\/06\/cropped-LOGO-DICODUSPORT-2020-SANS-FOND-SANS-TEXTE.png","width":512,"height":512,"caption":"Dicodusport"},"image":{"@id":"https:\/\/dicodusport.fr\/blog\/#\/schema\/logo\/image\/"},"sameAs":["https:\/\/www.facebook.com\/dicodusport","https:\/\/x.com\/dicodusport","https:\/\/www.instagram.com\/dicodusport\/","https:\/\/www.youtube.com\/channel\/UC7V2KZ5sd3htJivAbA4ZG3w"],"description":"Dicodusport est l'encyclop\u00e9die de l'actualit\u00e9 sportive.","email":"bonjour@dicodusport.fr","legalName":"DICODUSPORT","foundingDate":"2018-01-14","vatID":"FR71834470973","taxID":"83447097300043","numberOfEmployees":{"@type":"QuantitativeValue","minValue":"1","maxValue":"10"}},{"@type":"Person","@id":"https:\/\/dicodusport.fr\/blog\/#\/schema\/person\/48bad9bec547f458f90c709b91a41248","name":"Maxime Giralt","image":{"@type":"ImageObject","inLanguage":"fr-FR","@id":"https:\/\/dicodusport.fr\/blog\/#\/schema\/person\/image\/","url":"https:\/\/dicodusport.fr\/blog\/wp-content\/uploads\/2017\/01\/logo-dicodusport-sans-fond-150x150.png","contentUrl":"https:\/\/dicodusport.fr\/blog\/wp-content\/uploads\/2017\/01\/logo-dicodusport-sans-fond-150x150.png","caption":"Maxime Giralt"},"url":"https:\/\/dicodusport.fr\/blog\/author\/maxime\/"}]}},"_links":{"self":[{"href":"https:\/\/dicodusport.fr\/blog\/wp-json\/wp\/v2\/posts\/41065","targetHints":{"allow":["GET"]}}],"collection":[{"href":"https:\/\/dicodusport.fr\/blog\/wp-json\/wp\/v2\/posts"}],"about":[{"href":"https:\/\/dicodusport.fr\/blog\/wp-json\/wp\/v2\/types\/post"}],"author":[{"embeddable":true,"href":"https:\/\/dicodusport.fr\/blog\/wp-json\/wp\/v2\/users\/38"}],"replies":[{"embeddable":true,"href":"https:\/\/dicodusport.fr\/blog\/wp-json\/wp\/v2\/comments?post=41065"}],"version-history":[{"count":0,"href":"https:\/\/dicodusport.fr\/blog\/wp-json\/wp\/v2\/posts\/41065\/revisions"}],"wp:featuredmedia":[{"embeddable":true,"href":"https:\/\/dicodusport.fr\/blog\/wp-json\/wp\/v2\/media\/41064"}],"wp:attachment":[{"href":"https:\/\/dicodusport.fr\/blog\/wp-json\/wp\/v2\/media?parent=41065"}],"wp:term":[{"taxonomy":"category","embeddable":true,"href":"https:\/\/dicodusport.fr\/blog\/wp-json\/wp\/v2\/categories?post=41065"},{"taxonomy":"post_tag","embeddable":true,"href":"https:\/\/dicodusport.fr\/blog\/wp-json\/wp\/v2\/tags?post=41065"}],"curies":[{"name":"wp","href":"https:\/\/api.w.org\/{rel}","templated":true}]}}