{"id":410943,"date":"2023-08-22T16:13:22","date_gmt":"2023-08-22T14:13:22","guid":{"rendered":"https:\/\/dicodusport.fr\/blog\/?p=410943&#038;preview=true&#038;preview_id=410943"},"modified":"2023-08-22T19:37:58","modified_gmt":"2023-08-22T17:37:58","slug":"escalade-meije-lerondel-championne-du-monde-u18-de-difficulte","status":"publish","type":"post","link":"https:\/\/dicodusport.fr\/blog\/escalade-meije-lerondel-championne-du-monde-u18-de-difficulte\/","title":{"rendered":"Escalade : Meije Lerondel championne du monde U18 de difficult\u00e9"},"content":{"rendered":"<p style=\"text-align: justify;\" align=\"justify\"><em><strong>CHAMPIONNATS DU MONDE JEUNES DE DIFFICULT\u00c9 &#8211; La France a d\u00e9croch\u00e9 une premi\u00e8re m\u00e9daille, mais quelle m\u00e9daille, avec le triomphe de Meije Lerondel chez les U18.<\/strong><\/em><\/p>\n<p style=\"text-align: justify;\" align=\"justify\">La France a du r\u00e9servoir en escalade. Nouvel exemple de qualit\u00e9 avec <strong>Meije Lerondel<\/strong>. Aux Championnats du monde de difficult\u00e9 \u00e0 S\u00e9oul, la Troyenne a \u00e9vit\u00e9 le z\u00e9ro point\u00e9 de l&rsquo;\u00e9quipe de France, en allant tout simplement chercher l&rsquo;or dans l&rsquo;\u00e9preuve de difficult\u00e9. Elle \u00e9tait parmi les favorites, puisque d\u00e9j\u00e0 m\u00e9daill\u00e9e mondiale dans les cat\u00e9gories inf\u00e9rieures.<\/p>\n<blockquote class=\"twitter-tweet\">\n<p dir=\"ltr\" lang=\"en\">Here are the first podiums from the 2023 Youth Worlds \ud83c\uddf0\ud83c\uddf7<\/p>\n<p>The U16 men&rsquo;s and women&rsquo;s and:<\/p>\n<p>Lead U18 women<br \/>\n\ud83e\udd47Meije Lerondel\ud83c\uddeb\ud83c\uddf7<br \/>\n\ud83e\udd48Kim Chaeyeong\ud83c\uddf0\ud83c\uddf7<br \/>\n\ud83e\udd49Mochizuki Moka \ud83c\uddef\ud83c\uddf5<\/p>\n<p>Full results at <a href=\"https:\/\/t.co\/a60Cr4RumF\">https:\/\/t.co\/a60Cr4RumF<\/a><\/p>\n<p>Lead U18 men<br \/>\n\ud83e\udd47Kown Kibeom\ud83c\uddf0\ud83c\uddf7<br \/>\n\ud83e\udd48Omata Shion \ud83c\uddef\ud83c\uddf5<br \/>\n\ud83e\udd49Auswin Aueareechit\ud83c\uddf9\ud83c\udded<\/p>\n<p>Full\u2026 <a href=\"https:\/\/t.co\/LvT1XZZBOp\">pic.twitter.com\/LvT1XZZBOp<\/a><\/p>\n<p>\u2014 International Federation of Sport Climbing (@ifsclimbing) <a href=\"https:\/\/twitter.com\/ifsclimbing\/status\/1693251106959495565?ref_src=twsrc%5Etfw\">August 20, 2023<\/a><\/p><\/blockquote>\n<p style=\"text-align: justify;\"><script async src=\"https:\/\/platform.twitter.com\/widgets.js\" charset=\"utf-8\"><\/script><\/p>\n<p style=\"text-align: justify;\" align=\"justify\">Mais favorite ne veut pas dire victoire, et elle a r\u00e9ussi \u00e0 sortir une comp\u00e9tition de qualit\u00e9 pour coiffer la favorite locale <strong>Kim Chaeyeong<\/strong>. Et accessoirement prendre sa revanche sur la Sud-Cor\u00e9enne, qui l&rsquo;avait devanc\u00e9 l&rsquo;an dernier dans cette \u00e9preuve chez les U16. <strong>Meije Lerondel<\/strong> succ\u00e8de ainsi \u00e0 <strong>H\u00e9l\u00e8ne Janicot<\/strong>, derni\u00e8re Fran\u00e7aise sacr\u00e9e en difficult\u00e9 chez les U18 en 2010. Et elle rajoute son nom \u00e0 la longue liste des espoirs fran\u00e7ais de l&rsquo;escalade.<\/p>\n","protected":false},"excerpt":{"rendered":"<p>CHAMPIONNATS DU MONDE JEUNES DE DIFFICULT\u00c9 &#8211; La France a d\u00e9croch\u00e9 une premi\u00e8re m\u00e9daille, mais quelle m\u00e9daille, avec le triomphe de Meije Lerondel chez les U18.<\/p>\n","protected":false},"author":59,"featured_media":410951,"comment_status":"open","ping_status":"closed","sticky":false,"template":"","format":"standard","meta":{"_acf_changed":false,"_daextam_enable_autolinks":"","footnotes":""},"categories":[10930],"tags":[16878],"class_list":["post-410943","post","type-post","status-publish","format-standard","has-post-thumbnail","hentry","category-escalade","tag-breve"],"acf":[],"yoast_head":"<!-- This site is optimized with the Yoast SEO Premium plugin v26.7 (Yoast SEO v26.7) - https:\/\/yoast.com\/wordpress\/plugins\/seo\/ -->\n<title>Escalade : Meije Lerondel championne du monde U18 de difficult\u00e9<\/title>\n<meta name=\"description\" content=\"CHAMPIONNATS DU MONDE JEUNES DE DIFFICULT\u00c9 - La France a d\u00e9croch\u00e9 une premi\u00e8re m\u00e9daille avec le triomphe de Meije Lerondel chez les U18.\" \/>\n<meta name=\"robots\" content=\"index, follow, max-snippet:-1, max-image-preview:large, max-video-preview:-1\" \/>\n<link rel=\"canonical\" href=\"https:\/\/dicodusport.fr\/blog\/escalade-meije-lerondel-championne-du-monde-u18-de-difficulte\/\" \/>\n<meta property=\"og:locale\" content=\"fr_FR\" \/>\n<meta property=\"og:type\" content=\"article\" \/>\n<meta property=\"og:title\" content=\"Escalade : Meije Lerondel championne du monde U18 de difficult\u00e9\" \/>\n<meta property=\"og:description\" content=\"CHAMPIONNATS DU MONDE JEUNES DE DIFFICULT\u00c9 - La France a d\u00e9croch\u00e9 une premi\u00e8re m\u00e9daille avec le triomphe de Meije Lerondel chez les U18.\" \/>\n<meta property=\"og:url\" content=\"https:\/\/dicodusport.fr\/blog\/escalade-meije-lerondel-championne-du-monde-u18-de-difficulte\/\" \/>\n<meta property=\"og:site_name\" content=\"Dicodusport\" \/>\n<meta property=\"article:publisher\" content=\"https:\/\/www.facebook.com\/dicodusport\" \/>\n<meta property=\"article:author\" content=\"https:\/\/www.facebook.com\/sebastien.gente\/\" \/>\n<meta property=\"article:published_time\" content=\"2023-08-22T14:13:22+00:00\" \/>\n<meta property=\"article:modified_time\" content=\"2023-08-22T17:37:58+00:00\" \/>\n<meta property=\"og:image\" content=\"https:\/\/dicodusport.fr\/blog\/wp-content\/uploads\/2023\/08\/Escalade-Meije-Lerondel-championne-du-monde-U18-de-difficulte.png\" \/>\n\t<meta property=\"og:image:width\" content=\"800\" \/>\n\t<meta property=\"og:image:height\" content=\"445\" \/>\n\t<meta property=\"og:image:type\" content=\"image\/png\" \/>\n<meta name=\"author\" content=\"S\u00e9bastien Gente\" \/>\n<meta name=\"twitter:card\" content=\"summary_large_image\" \/>\n<meta name=\"twitter:title\" content=\"Escalade : Meije Lerondel championne du monde U18 de difficult\u00e9\" \/>\n<meta name=\"twitter:creator\" content=\"@https:\/\/twitter.com\/globulo24\" \/>\n<meta name=\"twitter:site\" content=\"@dicodusport\" \/>\n<script type=\"application\/ld+json\" class=\"yoast-schema-graph\">{\"@context\":\"https:\/\/schema.org\",\"@graph\":[{\"@type\":\"NewsArticle\",\"@id\":\"https:\/\/dicodusport.fr\/blog\/escalade-meije-lerondel-championne-du-monde-u18-de-difficulte\/#article\",\"isPartOf\":{\"@id\":\"https:\/\/dicodusport.fr\/blog\/escalade-meije-lerondel-championne-du-monde-u18-de-difficulte\/\"},\"author\":{\"name\":\"S\u00e9bastien Gente\",\"@id\":\"https:\/\/dicodusport.fr\/blog\/#\/schema\/person\/627966a6cde45dbd8c5e36ac85d783da\"},\"headline\":\"Escalade : Meije Lerondel championne du monde U18 de difficult\u00e9\",\"datePublished\":\"2023-08-22T14:13:22+00:00\",\"dateModified\":\"2023-08-22T17:37:58+00:00\",\"mainEntityOfPage\":{\"@id\":\"https:\/\/dicodusport.fr\/blog\/escalade-meije-lerondel-championne-du-monde-u18-de-difficulte\/\"},\"wordCount\":245,\"commentCount\":0,\"publisher\":{\"@id\":\"https:\/\/dicodusport.fr\/blog\/#organization\"},\"image\":{\"@id\":\"https:\/\/dicodusport.fr\/blog\/escalade-meije-lerondel-championne-du-monde-u18-de-difficulte\/#primaryimage\"},\"thumbnailUrl\":\"https:\/\/dicodusport.fr\/blog\/wp-content\/uploads\/2023\/08\/Escalade-Meije-Lerondel-championne-du-monde-U18-de-difficulte.png\",\"keywords\":[\"br\u00e8ve\"],\"articleSection\":[\"Escalade\"],\"inLanguage\":\"fr-FR\",\"potentialAction\":[{\"@type\":\"CommentAction\",\"name\":\"Comment\",\"target\":[\"https:\/\/dicodusport.fr\/blog\/escalade-meije-lerondel-championne-du-monde-u18-de-difficulte\/#respond\"]}],\"copyrightYear\":\"2023\",\"copyrightHolder\":{\"@id\":\"https:\/\/dicodusport.fr\/blog\/#organization\"}},{\"@type\":\"WebPage\",\"@id\":\"https:\/\/dicodusport.fr\/blog\/escalade-meije-lerondel-championne-du-monde-u18-de-difficulte\/\",\"url\":\"https:\/\/dicodusport.fr\/blog\/escalade-meije-lerondel-championne-du-monde-u18-de-difficulte\/\",\"name\":\"Escalade : Meije Lerondel championne du monde U18 de difficult\u00e9\",\"isPartOf\":{\"@id\":\"https:\/\/dicodusport.fr\/blog\/#website\"},\"primaryImageOfPage\":{\"@id\":\"https:\/\/dicodusport.fr\/blog\/escalade-meije-lerondel-championne-du-monde-u18-de-difficulte\/#primaryimage\"},\"image\":{\"@id\":\"https:\/\/dicodusport.fr\/blog\/escalade-meije-lerondel-championne-du-monde-u18-de-difficulte\/#primaryimage\"},\"thumbnailUrl\":\"https:\/\/dicodusport.fr\/blog\/wp-content\/uploads\/2023\/08\/Escalade-Meije-Lerondel-championne-du-monde-U18-de-difficulte.png\",\"datePublished\":\"2023-08-22T14:13:22+00:00\",\"dateModified\":\"2023-08-22T17:37:58+00:00\",\"description\":\"CHAMPIONNATS DU MONDE JEUNES DE DIFFICULT\u00c9 - La France a d\u00e9croch\u00e9 une premi\u00e8re m\u00e9daille avec le triomphe de Meije Lerondel chez les U18.\",\"breadcrumb\":{\"@id\":\"https:\/\/dicodusport.fr\/blog\/escalade-meije-lerondel-championne-du-monde-u18-de-difficulte\/#breadcrumb\"},\"inLanguage\":\"fr-FR\",\"potentialAction\":[{\"@type\":\"ReadAction\",\"target\":[\"https:\/\/dicodusport.fr\/blog\/escalade-meije-lerondel-championne-du-monde-u18-de-difficulte\/\"]}]},{\"@type\":\"ImageObject\",\"inLanguage\":\"fr-FR\",\"@id\":\"https:\/\/dicodusport.fr\/blog\/escalade-meije-lerondel-championne-du-monde-u18-de-difficulte\/#primaryimage\",\"url\":\"https:\/\/dicodusport.fr\/blog\/wp-content\/uploads\/2023\/08\/Escalade-Meije-Lerondel-championne-du-monde-U18-de-difficulte.png\",\"contentUrl\":\"https:\/\/dicodusport.fr\/blog\/wp-content\/uploads\/2023\/08\/Escalade-Meije-Lerondel-championne-du-monde-U18-de-difficulte.png\",\"width\":800,\"height\":445,\"caption\":\"Escalade Meije Lerondel championne du monde U18 de difficult\u00e9\"},{\"@type\":\"BreadcrumbList\",\"@id\":\"https:\/\/dicodusport.fr\/blog\/escalade-meije-lerondel-championne-du-monde-u18-de-difficulte\/#breadcrumb\",\"itemListElement\":[{\"@type\":\"ListItem\",\"position\":1,\"name\":\"Accueil\",\"item\":\"https:\/\/dicodusport.fr\/blog\/\"},{\"@type\":\"ListItem\",\"position\":2,\"name\":\"Escalade : Meije Lerondel championne du monde U18 de difficult\u00e9\"}]},{\"@type\":\"WebSite\",\"@id\":\"https:\/\/dicodusport.fr\/blog\/#website\",\"url\":\"https:\/\/dicodusport.fr\/blog\/\",\"name\":\"Dicodusport\",\"description\":\"L&#039;encyclop\u00e9die de l&#039;actualit\u00e9 sportive\",\"publisher\":{\"@id\":\"https:\/\/dicodusport.fr\/blog\/#organization\"},\"potentialAction\":[{\"@type\":\"SearchAction\",\"target\":{\"@type\":\"EntryPoint\",\"urlTemplate\":\"https:\/\/dicodusport.fr\/blog\/?s={search_term_string}\"},\"query-input\":{\"@type\":\"PropertyValueSpecification\",\"valueRequired\":true,\"valueName\":\"search_term_string\"}}],\"inLanguage\":\"fr-FR\"},{\"@type\":\"NewsMediaOrganization\",\"@id\":\"https:\/\/dicodusport.fr\/blog\/#organization\",\"name\":\"Dicodusport\",\"url\":\"https:\/\/dicodusport.fr\/blog\/\",\"logo\":{\"@type\":\"ImageObject\",\"inLanguage\":\"fr-FR\",\"@id\":\"https:\/\/dicodusport.fr\/blog\/#\/schema\/logo\/image\/\",\"url\":\"https:\/\/dicodusport.fr\/blog\/wp-content\/uploads\/2020\/06\/cropped-LOGO-DICODUSPORT-2020-SANS-FOND-SANS-TEXTE.png\",\"contentUrl\":\"https:\/\/dicodusport.fr\/blog\/wp-content\/uploads\/2020\/06\/cropped-LOGO-DICODUSPORT-2020-SANS-FOND-SANS-TEXTE.png\",\"width\":512,\"height\":512,\"caption\":\"Dicodusport\"},\"image\":{\"@id\":\"https:\/\/dicodusport.fr\/blog\/#\/schema\/logo\/image\/\"},\"sameAs\":[\"https:\/\/www.facebook.com\/dicodusport\",\"https:\/\/x.com\/dicodusport\",\"https:\/\/www.instagram.com\/dicodusport\/\",\"https:\/\/www.youtube.com\/channel\/UC7V2KZ5sd3htJivAbA4ZG3w\"],\"description\":\"Dicodusport est l'encyclop\u00e9die de l'actualit\u00e9 sportive.\",\"email\":\"bonjour@dicodusport.fr\",\"legalName\":\"DICODUSPORT\",\"foundingDate\":\"2018-01-14\",\"vatID\":\"FR71834470973\",\"taxID\":\"83447097300043\",\"numberOfEmployees\":{\"@type\":\"QuantitativeValue\",\"minValue\":\"1\",\"maxValue\":\"10\"}},{\"@type\":\"Person\",\"@id\":\"https:\/\/dicodusport.fr\/blog\/#\/schema\/person\/627966a6cde45dbd8c5e36ac85d783da\",\"name\":\"S\u00e9bastien Gente\",\"image\":{\"@type\":\"ImageObject\",\"inLanguage\":\"fr-FR\",\"@id\":\"https:\/\/dicodusport.fr\/blog\/#\/schema\/person\/image\/\",\"url\":\"https:\/\/dicodusport.fr\/blog\/wp-content\/uploads\/2021\/09\/1510990_10205810251400683_4124423575079401707_n-150x150.jpg\",\"contentUrl\":\"https:\/\/dicodusport.fr\/blog\/wp-content\/uploads\/2021\/09\/1510990_10205810251400683_4124423575079401707_n-150x150.jpg\",\"caption\":\"S\u00e9bastien Gente\"},\"description\":\"John Stockton, Gianni Bugno, Zinedine Zidane, Steffi Graf, Frode Andresen, St\u00e9phane Stoecklin, Davis Kamoga, Primoz Peterka, Werner Schlager et Aur\u00e9lien Rougerie. Point commun entre ces sportifs? Ils m'ont fait r\u00eaver et ont berc\u00e9 mon adolescence. Je suis un fondu de sports et j'essaie de retranscrire ma passion \u00e0 travers mes articles. Originaire du P\u00e9rigord, ma passion pour les Girondins, les Jaunards et les Jazzmen transpire dans mes \u00e9crits. \u00c0 Dicodusport depuis 2021, je d\u00e9niche les sports m\u00e9connus dans lesquels la France brille, et il y en a !\",\"sameAs\":[\"https:\/\/www.facebook.com\/sebastien.gente\/\",\"https:\/\/www.instagram.com\/sebgente\/\",\"https:\/\/www.linkedin.com\/in\/sbastien-gente-a29583169\/\",\"https:\/\/x.com\/https:\/\/twitter.com\/globulo24\",\"SebastienGente\"],\"worksFor\":\"S\u00e9bastien GENTE\",\"url\":\"https:\/\/dicodusport.fr\/blog\/author\/sebastiengente\/\"}]}<\/script>\n<!-- \/ Yoast SEO Premium plugin. -->","yoast_head_json":{"title":"Escalade : Meije Lerondel championne du monde U18 de difficult\u00e9","description":"CHAMPIONNATS DU MONDE JEUNES DE DIFFICULT\u00c9 - La France a d\u00e9croch\u00e9 une premi\u00e8re m\u00e9daille avec le triomphe de Meije Lerondel chez les U18.","robots":{"index":"index","follow":"follow","max-snippet":"max-snippet:-1","max-image-preview":"max-image-preview:large","max-video-preview":"max-video-preview:-1"},"canonical":"https:\/\/dicodusport.fr\/blog\/escalade-meije-lerondel-championne-du-monde-u18-de-difficulte\/","og_locale":"fr_FR","og_type":"article","og_title":"Escalade : Meije Lerondel championne du monde U18 de difficult\u00e9","og_description":"CHAMPIONNATS DU MONDE JEUNES DE DIFFICULT\u00c9 - La France a d\u00e9croch\u00e9 une premi\u00e8re m\u00e9daille avec le triomphe de Meije Lerondel chez les U18.","og_url":"https:\/\/dicodusport.fr\/blog\/escalade-meije-lerondel-championne-du-monde-u18-de-difficulte\/","og_site_name":"Dicodusport","article_publisher":"https:\/\/www.facebook.com\/dicodusport","article_author":"https:\/\/www.facebook.com\/sebastien.gente\/","article_published_time":"2023-08-22T14:13:22+00:00","article_modified_time":"2023-08-22T17:37:58+00:00","og_image":[{"width":800,"height":445,"url":"https:\/\/dicodusport.fr\/blog\/wp-content\/uploads\/2023\/08\/Escalade-Meije-Lerondel-championne-du-monde-U18-de-difficulte.png","type":"image\/png"}],"author":"S\u00e9bastien Gente","twitter_card":"summary_large_image","twitter_title":"Escalade : Meije Lerondel championne du monde U18 de difficult\u00e9","twitter_creator":"@https:\/\/twitter.com\/globulo24","twitter_site":"@dicodusport","schema":{"@context":"https:\/\/schema.org","@graph":[{"@type":"NewsArticle","@id":"https:\/\/dicodusport.fr\/blog\/escalade-meije-lerondel-championne-du-monde-u18-de-difficulte\/#article","isPartOf":{"@id":"https:\/\/dicodusport.fr\/blog\/escalade-meije-lerondel-championne-du-monde-u18-de-difficulte\/"},"author":{"name":"S\u00e9bastien Gente","@id":"https:\/\/dicodusport.fr\/blog\/#\/schema\/person\/627966a6cde45dbd8c5e36ac85d783da"},"headline":"Escalade : Meije Lerondel championne du monde U18 de difficult\u00e9","datePublished":"2023-08-22T14:13:22+00:00","dateModified":"2023-08-22T17:37:58+00:00","mainEntityOfPage":{"@id":"https:\/\/dicodusport.fr\/blog\/escalade-meije-lerondel-championne-du-monde-u18-de-difficulte\/"},"wordCount":245,"commentCount":0,"publisher":{"@id":"https:\/\/dicodusport.fr\/blog\/#organization"},"image":{"@id":"https:\/\/dicodusport.fr\/blog\/escalade-meije-lerondel-championne-du-monde-u18-de-difficulte\/#primaryimage"},"thumbnailUrl":"https:\/\/dicodusport.fr\/blog\/wp-content\/uploads\/2023\/08\/Escalade-Meije-Lerondel-championne-du-monde-U18-de-difficulte.png","keywords":["br\u00e8ve"],"articleSection":["Escalade"],"inLanguage":"fr-FR","potentialAction":[{"@type":"CommentAction","name":"Comment","target":["https:\/\/dicodusport.fr\/blog\/escalade-meije-lerondel-championne-du-monde-u18-de-difficulte\/#respond"]}],"copyrightYear":"2023","copyrightHolder":{"@id":"https:\/\/dicodusport.fr\/blog\/#organization"}},{"@type":"WebPage","@id":"https:\/\/dicodusport.fr\/blog\/escalade-meije-lerondel-championne-du-monde-u18-de-difficulte\/","url":"https:\/\/dicodusport.fr\/blog\/escalade-meije-lerondel-championne-du-monde-u18-de-difficulte\/","name":"Escalade : Meije Lerondel championne du monde U18 de difficult\u00e9","isPartOf":{"@id":"https:\/\/dicodusport.fr\/blog\/#website"},"primaryImageOfPage":{"@id":"https:\/\/dicodusport.fr\/blog\/escalade-meije-lerondel-championne-du-monde-u18-de-difficulte\/#primaryimage"},"image":{"@id":"https:\/\/dicodusport.fr\/blog\/escalade-meije-lerondel-championne-du-monde-u18-de-difficulte\/#primaryimage"},"thumbnailUrl":"https:\/\/dicodusport.fr\/blog\/wp-content\/uploads\/2023\/08\/Escalade-Meije-Lerondel-championne-du-monde-U18-de-difficulte.png","datePublished":"2023-08-22T14:13:22+00:00","dateModified":"2023-08-22T17:37:58+00:00","description":"CHAMPIONNATS DU MONDE JEUNES DE DIFFICULT\u00c9 - La France a d\u00e9croch\u00e9 une premi\u00e8re m\u00e9daille avec le triomphe de Meije Lerondel chez les U18.","breadcrumb":{"@id":"https:\/\/dicodusport.fr\/blog\/escalade-meije-lerondel-championne-du-monde-u18-de-difficulte\/#breadcrumb"},"inLanguage":"fr-FR","potentialAction":[{"@type":"ReadAction","target":["https:\/\/dicodusport.fr\/blog\/escalade-meije-lerondel-championne-du-monde-u18-de-difficulte\/"]}]},{"@type":"ImageObject","inLanguage":"fr-FR","@id":"https:\/\/dicodusport.fr\/blog\/escalade-meije-lerondel-championne-du-monde-u18-de-difficulte\/#primaryimage","url":"https:\/\/dicodusport.fr\/blog\/wp-content\/uploads\/2023\/08\/Escalade-Meije-Lerondel-championne-du-monde-U18-de-difficulte.png","contentUrl":"https:\/\/dicodusport.fr\/blog\/wp-content\/uploads\/2023\/08\/Escalade-Meije-Lerondel-championne-du-monde-U18-de-difficulte.png","width":800,"height":445,"caption":"Escalade Meije Lerondel championne du monde U18 de difficult\u00e9"},{"@type":"BreadcrumbList","@id":"https:\/\/dicodusport.fr\/blog\/escalade-meije-lerondel-championne-du-monde-u18-de-difficulte\/#breadcrumb","itemListElement":[{"@type":"ListItem","position":1,"name":"Accueil","item":"https:\/\/dicodusport.fr\/blog\/"},{"@type":"ListItem","position":2,"name":"Escalade : Meije Lerondel championne du monde U18 de difficult\u00e9"}]},{"@type":"WebSite","@id":"https:\/\/dicodusport.fr\/blog\/#website","url":"https:\/\/dicodusport.fr\/blog\/","name":"Dicodusport","description":"L&#039;encyclop\u00e9die de l&#039;actualit\u00e9 sportive","publisher":{"@id":"https:\/\/dicodusport.fr\/blog\/#organization"},"potentialAction":[{"@type":"SearchAction","target":{"@type":"EntryPoint","urlTemplate":"https:\/\/dicodusport.fr\/blog\/?s={search_term_string}"},"query-input":{"@type":"PropertyValueSpecification","valueRequired":true,"valueName":"search_term_string"}}],"inLanguage":"fr-FR"},{"@type":"NewsMediaOrganization","@id":"https:\/\/dicodusport.fr\/blog\/#organization","name":"Dicodusport","url":"https:\/\/dicodusport.fr\/blog\/","logo":{"@type":"ImageObject","inLanguage":"fr-FR","@id":"https:\/\/dicodusport.fr\/blog\/#\/schema\/logo\/image\/","url":"https:\/\/dicodusport.fr\/blog\/wp-content\/uploads\/2020\/06\/cropped-LOGO-DICODUSPORT-2020-SANS-FOND-SANS-TEXTE.png","contentUrl":"https:\/\/dicodusport.fr\/blog\/wp-content\/uploads\/2020\/06\/cropped-LOGO-DICODUSPORT-2020-SANS-FOND-SANS-TEXTE.png","width":512,"height":512,"caption":"Dicodusport"},"image":{"@id":"https:\/\/dicodusport.fr\/blog\/#\/schema\/logo\/image\/"},"sameAs":["https:\/\/www.facebook.com\/dicodusport","https:\/\/x.com\/dicodusport","https:\/\/www.instagram.com\/dicodusport\/","https:\/\/www.youtube.com\/channel\/UC7V2KZ5sd3htJivAbA4ZG3w"],"description":"Dicodusport est l'encyclop\u00e9die de l'actualit\u00e9 sportive.","email":"bonjour@dicodusport.fr","legalName":"DICODUSPORT","foundingDate":"2018-01-14","vatID":"FR71834470973","taxID":"83447097300043","numberOfEmployees":{"@type":"QuantitativeValue","minValue":"1","maxValue":"10"}},{"@type":"Person","@id":"https:\/\/dicodusport.fr\/blog\/#\/schema\/person\/627966a6cde45dbd8c5e36ac85d783da","name":"S\u00e9bastien Gente","image":{"@type":"ImageObject","inLanguage":"fr-FR","@id":"https:\/\/dicodusport.fr\/blog\/#\/schema\/person\/image\/","url":"https:\/\/dicodusport.fr\/blog\/wp-content\/uploads\/2021\/09\/1510990_10205810251400683_4124423575079401707_n-150x150.jpg","contentUrl":"https:\/\/dicodusport.fr\/blog\/wp-content\/uploads\/2021\/09\/1510990_10205810251400683_4124423575079401707_n-150x150.jpg","caption":"S\u00e9bastien Gente"},"description":"John Stockton, Gianni Bugno, Zinedine Zidane, Steffi Graf, Frode Andresen, St\u00e9phane Stoecklin, Davis Kamoga, Primoz Peterka, Werner Schlager et Aur\u00e9lien Rougerie. Point commun entre ces sportifs? Ils m'ont fait r\u00eaver et ont berc\u00e9 mon adolescence. Je suis un fondu de sports et j'essaie de retranscrire ma passion \u00e0 travers mes articles. Originaire du P\u00e9rigord, ma passion pour les Girondins, les Jaunards et les Jazzmen transpire dans mes \u00e9crits. \u00c0 Dicodusport depuis 2021, je d\u00e9niche les sports m\u00e9connus dans lesquels la France brille, et il y en a !","sameAs":["https:\/\/www.facebook.com\/sebastien.gente\/","https:\/\/www.instagram.com\/sebgente\/","https:\/\/www.linkedin.com\/in\/sbastien-gente-a29583169\/","https:\/\/x.com\/https:\/\/twitter.com\/globulo24","SebastienGente"],"worksFor":"S\u00e9bastien GENTE","url":"https:\/\/dicodusport.fr\/blog\/author\/sebastiengente\/"}]}},"_links":{"self":[{"href":"https:\/\/dicodusport.fr\/blog\/wp-json\/wp\/v2\/posts\/410943","targetHints":{"allow":["GET"]}}],"collection":[{"href":"https:\/\/dicodusport.fr\/blog\/wp-json\/wp\/v2\/posts"}],"about":[{"href":"https:\/\/dicodusport.fr\/blog\/wp-json\/wp\/v2\/types\/post"}],"author":[{"embeddable":true,"href":"https:\/\/dicodusport.fr\/blog\/wp-json\/wp\/v2\/users\/59"}],"replies":[{"embeddable":true,"href":"https:\/\/dicodusport.fr\/blog\/wp-json\/wp\/v2\/comments?post=410943"}],"version-history":[{"count":0,"href":"https:\/\/dicodusport.fr\/blog\/wp-json\/wp\/v2\/posts\/410943\/revisions"}],"wp:featuredmedia":[{"embeddable":true,"href":"https:\/\/dicodusport.fr\/blog\/wp-json\/wp\/v2\/media\/410951"}],"wp:attachment":[{"href":"https:\/\/dicodusport.fr\/blog\/wp-json\/wp\/v2\/media?parent=410943"}],"wp:term":[{"taxonomy":"category","embeddable":true,"href":"https:\/\/dicodusport.fr\/blog\/wp-json\/wp\/v2\/categories?post=410943"},{"taxonomy":"post_tag","embeddable":true,"href":"https:\/\/dicodusport.fr\/blog\/wp-json\/wp\/v2\/tags?post=410943"}],"curies":[{"name":"wp","href":"https:\/\/api.w.org\/{rel}","templated":true}]}}