{"id":411029,"date":"2023-08-22T21:25:06","date_gmt":"2023-08-22T19:25:06","guid":{"rendered":"https:\/\/dicodusport.fr\/blog\/?p=411029&#038;preview=true&#038;preview_id=411029"},"modified":"2023-08-22T21:58:53","modified_gmt":"2023-08-22T19:58:53","slug":"mondiaux-dathletisme-2023-robert-michon-tual-samba-mayela-le-point-sur-les-francais-pour-la-soiree-du-22-aout","status":"publish","type":"post","link":"https:\/\/dicodusport.fr\/blog\/mondiaux-dathletisme-2023-robert-michon-tual-samba-mayela-le-point-sur-les-francais-pour-la-soiree-du-22-aout\/","title":{"rendered":"Mondiaux d&rsquo;athl\u00e9tisme 2023 : Robert-Michon, Tual, Samba-Mayela, le point sur les Fran\u00e7ais pour la soir\u00e9e du 22 ao\u00fbt"},"content":{"rendered":"<p style=\"text-align: justify;\"><em><strong><a href=\"https:\/\/dicodusport.fr\/blog\/actualites\/athletisme\/championnats-du-monde-athletisme-2023\/\" target=\"_blank\" rel=\"noopener\">CHAMPIONNATS DU MONDE D&rsquo;ATHL\u00c9TISME 2023<\/a> &#8211; M\u00e9lina Robert-Michon a pris la 9e place du disque, tandis que les coureurs de 800 m ont assur\u00e9 leur qualification en demi-finales. Cela passe en demies \u00e9galement pour Cyr\u00e9na Samba-Mayela au 100 m haies.<\/strong><\/em><\/p>\n<h2 style=\"text-align: justify;\">M\u00e9lina Robert-Michon 9e du disque<\/h2>\n<p style=\"text-align: justify;\">La 9e la plus haute de l&rsquo;histoire des championnats du monde en disque f\u00e9minin. Cette distinction,<strong> M\u00e9lina Robert-Michon<\/strong> s&rsquo;en serait bien pass\u00e9e. La Fran\u00e7aise, malheureusement, a pris une douche froide, quand <strong>Laulauga Tausaga<\/strong> a lanc\u00e9 \u00e0 65.56 m. Sautant MRM de la 8e place qui lui assurait trois essais suppl\u00e9mentaires. La Fran\u00e7aise, qui avait lanc\u00e9 \u00e0 63.46 m, n&rsquo;a pas pu repasser \u00e0 la 8e place. Elle sort de ce concours, malgr\u00e9 un bon jet, avec beaucoup de frustration.<\/p>\n<p style=\"text-align: justify;\">Les hurdleuses lan\u00e7aient la journ\u00e9e, avec le 100 m haies. Avec deux Fran\u00e7aises en course.<strong>\u00a0Cyr\u00e9na Samba-Mayela<\/strong> et <strong>La\u00ebticia Bapt\u00e9<\/strong> devaient courir au niveau de leur record pour se qualifier, dans une discipline en plein essor chez les femmes. Ce fut le cas pour la premi\u00e8re cit\u00e9e, avec 12.71. Un chrono \u00e0 trois centi\u00e8mes de son record personnel, mais qui ne lui permet de prendre que la 4e place de la premi\u00e8re s\u00e9rie, la derni\u00e8re directement qualificative en demies. Pour<strong> La\u00ebticia Bapt\u00e9<\/strong>, c&rsquo;est la 5e place, coiff\u00e9e sur le fil par <strong>Celeste Mucci<\/strong> (12.90 contre 12.93). Malheureusement, pour un centi\u00e8me, la Fran\u00e7aise n&rsquo;acc\u00e8de pas aux demi-finales. C&rsquo;est la premi\u00e8re mauvaise surprise de ce mardi soir.<\/p>\n<blockquote class=\"twitter-tweet\">\n<p dir=\"ltr\" lang=\"fr\"><a href=\"https:\/\/twitter.com\/hashtag\/WorldAthleticsChamps?src=hash&amp;ref_src=twsrc%5Etfw\">#WorldAthleticsChamps<\/a> | \u00c7a commence fort \ud83d\udd25<\/p>\n<p>Cyrena Samba-Mayela se qualifie pour les demi-finales du 100m haies avec un tr\u00e8s bon chrono (12&Prime;71) \u2705<\/p>\n<p>Suivez les mondiaux en direct \ud83d\udc49 <a href=\"https:\/\/t.co\/1O1ZIJT0td\">https:\/\/t.co\/1O1ZIJT0td<\/a> <a href=\"https:\/\/t.co\/PGE2qDvF5M\">pic.twitter.com\/PGE2qDvF5M<\/a><\/p>\n<p>\u2014 francetvsport (@francetvsport) <a href=\"https:\/\/twitter.com\/francetvsport\/status\/1694028324601770130?ref_src=twsrc%5Etfw\">August 22, 2023<\/a><\/p><\/blockquote>\n<p style=\"text-align: justify;\"><script async src=\"https:\/\/platform.twitter.com\/widgets.js\" charset=\"utf-8\"><\/script><\/p>\n<h2 style=\"text-align: justify;\">Les coureurs de 800 m re\u00e7us trois sur trois<\/h2>\n<p style=\"text-align: justify;\">Le 800 m fran\u00e7ais ne se porte pas trop mal, merci pour lui. Les trois Fran\u00e7ais engag\u00e9s ont franchi le cap des s\u00e9ries. <strong>Gabriel Tual<\/strong>, qui ouvrait le bal dans la premi\u00e8re s\u00e9rie, a fait preuve de beaucoup de ma\u00eetrise sur sa s\u00e9rie. Le Fran\u00e7ais a pris la 2e place, apr\u00e8s avoir acc\u00e9l\u00e9r\u00e9 tr\u00e8s fort \u00e0 l&rsquo;amorce des 200 derniers m\u00e8tres et contr\u00f4l\u00e9 la fin de sa course. Une course courue rapidement, puisqu&rsquo;il r\u00e9alise 1:45.10.<\/p>\n<p style=\"text-align: justify;\">Cela a \u00e9t\u00e9 encore plus limpide pour <strong>Benjamin Robert<\/strong>, dans la 5e s\u00e9rie. Apr\u00e8s \u00eatre rest\u00e9 aux avant-postes, il a fait parler son finish pour s&rsquo;imposer en 1:46.45. Apr\u00e8s sa blessure en juillet, il s&rsquo;est rassur\u00e9 sur sa condition physique. <strong>Yanis Meziane<\/strong>, 21 ans, a parachev\u00e9 le travail. Dans la foul\u00e9e de son \u00e9t\u00e9 de r\u00eave, il a rejoint ses deux compatriotes. En prenant la 3e place en 1:45.30, dans une course l\u00e0 aussi parfaitement ma\u00eetris\u00e9e.<\/p>\n<blockquote class=\"twitter-tweet\">\n<p dir=\"ltr\" lang=\"fr\"><a href=\"https:\/\/twitter.com\/hashtag\/WorldAthleticsChamps?src=hash&amp;ref_src=twsrc%5Etfw\">#WorldAthleticsChamps<\/a> | Gabriel Tual en patron \ud83d\udcaa\ud83c\uddeb\ud83c\uddf7<\/p>\n<p>En finissant 2\u00e8me de sa s\u00e9rie sur 800m, il se qualifie pour les demi-finales \u2705<\/p>\n<p>Suivez les mondiaux en direct \ud83d\udc49 <a href=\"https:\/\/t.co\/1O1ZIJT0td\">https:\/\/t.co\/1O1ZIJT0td<\/a> <a href=\"https:\/\/t.co\/Z4JU680Iq0\">pic.twitter.com\/Z4JU680Iq0<\/a><\/p>\n<p>\u2014 francetvsport (@francetvsport) <a href=\"https:\/\/twitter.com\/francetvsport\/status\/1694038281753661544?ref_src=twsrc%5Etfw\">August 22, 2023<\/a><\/p><\/blockquote>\n<p style=\"text-align: justify;\"><script async src=\"https:\/\/platform.twitter.com\/widgets.js\" charset=\"utf-8\"><\/script><\/p>\n<h2 style=\"text-align: justify;\">\u00c0 lire aussi<\/h2>\n<ul>\n<li style=\"text-align: justify;\"><a href=\"https:\/\/dicodusport.fr\/blog\/actualites\/athletisme\/championnats-du-monde-athletisme-2023\/\" target=\"_blank\" rel=\"noopener\"><strong>Calendrier et r\u00e9sultats des championnats du monde d&rsquo;athl\u00e9tisme<\/strong><\/a><\/li>\n<li style=\"text-align: justify;\"><a href=\"https:\/\/dicodusport.fr\/blog\/tableau-des-medailles-athletisme-championnats-du-monde-2023\/\" target=\"_blank\" rel=\"noopener\"><strong>Tableau des m\u00e9dailles<\/strong><\/a><\/li>\n<\/ul>\n","protected":false},"excerpt":{"rendered":"<p>CHAMPIONNATS DU MONDE D&rsquo;ATHL\u00c9TISME 2023 &#8211; M\u00e9lina Robert-Michon a pris la 9e place du disque, tandis que les coureurs de 800 m ont assur\u00e9 leur qualification en demi-finales. Cela passe en demies \u00e9galement pour Cyr\u00e9na Samba-Mayela au 100 m haies.<\/p>\n","protected":false},"author":83,"featured_media":411070,"comment_status":"open","ping_status":"closed","sticky":false,"template":"","format":"standard","meta":{"_acf_changed":false,"_daextam_enable_autolinks":"","footnotes":""},"categories":[46997],"tags":[143,16878,14537,24380,5506],"class_list":["post-411029","post","type-post","status-publish","format-standard","has-post-thumbnail","hentry","category-championnats-du-monde-athletisme","tag-athletisme","tag-breve","tag-cyrena-samba-mayela","tag-gabriel-tual","tag-melina-robert-michon"],"acf":[],"yoast_head":"<!-- This site is optimized with the Yoast SEO Premium plugin v26.7 (Yoast SEO v26.7) - https:\/\/yoast.com\/wordpress\/plugins\/seo\/ -->\n<title>Mondiaux d&#039;athl\u00e9tisme 2023 : Robert-Michon, Tual, Samba-Mayela, le point sur les Fran\u00e7ais pour la soir\u00e9e du 22 ao\u00fbt<\/title>\n<meta name=\"description\" content=\"M\u00e9lina Robert-Michon a pris la 9e place du disque, tandis que les coureurs de 800 m ont assur\u00e9 leur qualification en demies.\" \/>\n<meta name=\"robots\" content=\"index, follow, max-snippet:-1, max-image-preview:large, max-video-preview:-1\" \/>\n<link rel=\"canonical\" href=\"https:\/\/dicodusport.fr\/blog\/mondiaux-dathletisme-2023-robert-michon-tual-samba-mayela-le-point-sur-les-francais-pour-la-soiree-du-22-aout\/\" \/>\n<meta property=\"og:locale\" content=\"fr_FR\" \/>\n<meta property=\"og:type\" content=\"article\" \/>\n<meta property=\"og:title\" content=\"Mondiaux d&#039;athl\u00e9tisme 2023 : Robert-Michon, Tual, Samba-Mayela, le point sur les Fran\u00e7ais pour la soir\u00e9e du 22 ao\u00fbt\" \/>\n<meta property=\"og:description\" content=\"M\u00e9lina Robert-Michon a pris la 9e place du disque, tandis que les coureurs de 800 m ont assur\u00e9 leur qualification en demies.\" \/>\n<meta property=\"og:url\" content=\"https:\/\/dicodusport.fr\/blog\/mondiaux-dathletisme-2023-robert-michon-tual-samba-mayela-le-point-sur-les-francais-pour-la-soiree-du-22-aout\/\" \/>\n<meta property=\"og:site_name\" content=\"Dicodusport\" \/>\n<meta property=\"article:publisher\" content=\"https:\/\/www.facebook.com\/dicodusport\" \/>\n<meta property=\"article:published_time\" content=\"2023-08-22T19:25:06+00:00\" \/>\n<meta property=\"article:modified_time\" content=\"2023-08-22T19:58:53+00:00\" \/>\n<meta property=\"og:image\" content=\"https:\/\/dicodusport.fr\/blog\/wp-content\/uploads\/2023\/08\/Mondiaux-dathletisme-2023-Robert-Michon-Tual-Samba-Mayela-le-point-sur-les-Francais-pour-la-soiree-du-22-aout.png\" \/>\n\t<meta property=\"og:image:width\" content=\"800\" \/>\n\t<meta property=\"og:image:height\" content=\"445\" \/>\n\t<meta property=\"og:image:type\" content=\"image\/png\" \/>\n<meta name=\"author\" content=\"Etienne Goursaud\" \/>\n<meta name=\"twitter:card\" content=\"summary_large_image\" \/>\n<meta name=\"twitter:title\" content=\"Mondiaux d&#039;athl\u00e9tisme 2023 : Robert-Michon, Tual, Samba-Mayela, le point sur les Fran\u00e7ais pour la soir\u00e9e du 22 ao\u00fbt\" \/>\n<meta name=\"twitter:creator\" content=\"@dicodusport\" \/>\n<meta name=\"twitter:site\" content=\"@dicodusport\" \/>\n<script type=\"application\/ld+json\" class=\"yoast-schema-graph\">{\"@context\":\"https:\/\/schema.org\",\"@graph\":[{\"@type\":\"NewsArticle\",\"@id\":\"https:\/\/dicodusport.fr\/blog\/mondiaux-dathletisme-2023-robert-michon-tual-samba-mayela-le-point-sur-les-francais-pour-la-soiree-du-22-aout\/#article\",\"isPartOf\":{\"@id\":\"https:\/\/dicodusport.fr\/blog\/mondiaux-dathletisme-2023-robert-michon-tual-samba-mayela-le-point-sur-les-francais-pour-la-soiree-du-22-aout\/\"},\"author\":{\"name\":\"Etienne Goursaud\",\"@id\":\"https:\/\/dicodusport.fr\/blog\/#\/schema\/person\/d603dd7da31fb2b46c82b9835a77ec13\"},\"headline\":\"Mondiaux d&rsquo;athl\u00e9tisme 2023 : Robert-Michon, Tual, Samba-Mayela, le point sur les Fran\u00e7ais pour la soir\u00e9e du 22 ao\u00fbt\",\"datePublished\":\"2023-08-22T19:25:06+00:00\",\"dateModified\":\"2023-08-22T19:58:53+00:00\",\"mainEntityOfPage\":{\"@id\":\"https:\/\/dicodusport.fr\/blog\/mondiaux-dathletisme-2023-robert-michon-tual-samba-mayela-le-point-sur-les-francais-pour-la-soiree-du-22-aout\/\"},\"wordCount\":557,\"commentCount\":0,\"publisher\":{\"@id\":\"https:\/\/dicodusport.fr\/blog\/#organization\"},\"image\":{\"@id\":\"https:\/\/dicodusport.fr\/blog\/mondiaux-dathletisme-2023-robert-michon-tual-samba-mayela-le-point-sur-les-francais-pour-la-soiree-du-22-aout\/#primaryimage\"},\"thumbnailUrl\":\"https:\/\/dicodusport.fr\/blog\/wp-content\/uploads\/2023\/08\/Mondiaux-dathletisme-2023-Robert-Michon-Tual-Samba-Mayela-le-point-sur-les-Francais-pour-la-soiree-du-22-aout.png\",\"keywords\":[\"Athl\u00e9tisme\",\"br\u00e8ve\",\"Cyr\u00e9na Samba-Mayela\",\"Gabriel Tual\",\"M\u00e9lina Robert-Michon\"],\"articleSection\":[\"Championnats du monde d'athl\u00e9tisme\"],\"inLanguage\":\"fr-FR\",\"potentialAction\":[{\"@type\":\"CommentAction\",\"name\":\"Comment\",\"target\":[\"https:\/\/dicodusport.fr\/blog\/mondiaux-dathletisme-2023-robert-michon-tual-samba-mayela-le-point-sur-les-francais-pour-la-soiree-du-22-aout\/#respond\"]}],\"copyrightYear\":\"2023\",\"copyrightHolder\":{\"@id\":\"https:\/\/dicodusport.fr\/blog\/#organization\"}},{\"@type\":\"WebPage\",\"@id\":\"https:\/\/dicodusport.fr\/blog\/mondiaux-dathletisme-2023-robert-michon-tual-samba-mayela-le-point-sur-les-francais-pour-la-soiree-du-22-aout\/\",\"url\":\"https:\/\/dicodusport.fr\/blog\/mondiaux-dathletisme-2023-robert-michon-tual-samba-mayela-le-point-sur-les-francais-pour-la-soiree-du-22-aout\/\",\"name\":\"Mondiaux d'athl\u00e9tisme 2023 : Robert-Michon, Tual, Samba-Mayela, le point sur les Fran\u00e7ais pour la soir\u00e9e du 22 ao\u00fbt\",\"isPartOf\":{\"@id\":\"https:\/\/dicodusport.fr\/blog\/#website\"},\"primaryImageOfPage\":{\"@id\":\"https:\/\/dicodusport.fr\/blog\/mondiaux-dathletisme-2023-robert-michon-tual-samba-mayela-le-point-sur-les-francais-pour-la-soiree-du-22-aout\/#primaryimage\"},\"image\":{\"@id\":\"https:\/\/dicodusport.fr\/blog\/mondiaux-dathletisme-2023-robert-michon-tual-samba-mayela-le-point-sur-les-francais-pour-la-soiree-du-22-aout\/#primaryimage\"},\"thumbnailUrl\":\"https:\/\/dicodusport.fr\/blog\/wp-content\/uploads\/2023\/08\/Mondiaux-dathletisme-2023-Robert-Michon-Tual-Samba-Mayela-le-point-sur-les-Francais-pour-la-soiree-du-22-aout.png\",\"datePublished\":\"2023-08-22T19:25:06+00:00\",\"dateModified\":\"2023-08-22T19:58:53+00:00\",\"description\":\"M\u00e9lina Robert-Michon a pris la 9e place du disque, tandis que les coureurs de 800 m ont assur\u00e9 leur qualification en demies.\",\"breadcrumb\":{\"@id\":\"https:\/\/dicodusport.fr\/blog\/mondiaux-dathletisme-2023-robert-michon-tual-samba-mayela-le-point-sur-les-francais-pour-la-soiree-du-22-aout\/#breadcrumb\"},\"inLanguage\":\"fr-FR\",\"potentialAction\":[{\"@type\":\"ReadAction\",\"target\":[\"https:\/\/dicodusport.fr\/blog\/mondiaux-dathletisme-2023-robert-michon-tual-samba-mayela-le-point-sur-les-francais-pour-la-soiree-du-22-aout\/\"]}]},{\"@type\":\"ImageObject\",\"inLanguage\":\"fr-FR\",\"@id\":\"https:\/\/dicodusport.fr\/blog\/mondiaux-dathletisme-2023-robert-michon-tual-samba-mayela-le-point-sur-les-francais-pour-la-soiree-du-22-aout\/#primaryimage\",\"url\":\"https:\/\/dicodusport.fr\/blog\/wp-content\/uploads\/2023\/08\/Mondiaux-dathletisme-2023-Robert-Michon-Tual-Samba-Mayela-le-point-sur-les-Francais-pour-la-soiree-du-22-aout.png\",\"contentUrl\":\"https:\/\/dicodusport.fr\/blog\/wp-content\/uploads\/2023\/08\/Mondiaux-dathletisme-2023-Robert-Michon-Tual-Samba-Mayela-le-point-sur-les-Francais-pour-la-soiree-du-22-aout.png\",\"width\":800,\"height\":445,\"caption\":\"Mondiaux d'athl\u00e9tisme 2023 Robert-Michon, Tual, Samba-Mayela, le point sur les Fran\u00e7ais pour la soir\u00e9e du 22 aout.\"},{\"@type\":\"BreadcrumbList\",\"@id\":\"https:\/\/dicodusport.fr\/blog\/mondiaux-dathletisme-2023-robert-michon-tual-samba-mayela-le-point-sur-les-francais-pour-la-soiree-du-22-aout\/#breadcrumb\",\"itemListElement\":[{\"@type\":\"ListItem\",\"position\":1,\"name\":\"Accueil\",\"item\":\"https:\/\/dicodusport.fr\/blog\/\"},{\"@type\":\"ListItem\",\"position\":2,\"name\":\"Mondiaux d&rsquo;athl\u00e9tisme 2023 : Robert-Michon, Tual, Samba-Mayela, le point sur les Fran\u00e7ais pour la soir\u00e9e du 22 ao\u00fbt\"}]},{\"@type\":\"WebSite\",\"@id\":\"https:\/\/dicodusport.fr\/blog\/#website\",\"url\":\"https:\/\/dicodusport.fr\/blog\/\",\"name\":\"Dicodusport\",\"description\":\"L&#039;encyclop\u00e9die de l&#039;actualit\u00e9 sportive\",\"publisher\":{\"@id\":\"https:\/\/dicodusport.fr\/blog\/#organization\"},\"potentialAction\":[{\"@type\":\"SearchAction\",\"target\":{\"@type\":\"EntryPoint\",\"urlTemplate\":\"https:\/\/dicodusport.fr\/blog\/?s={search_term_string}\"},\"query-input\":{\"@type\":\"PropertyValueSpecification\",\"valueRequired\":true,\"valueName\":\"search_term_string\"}}],\"inLanguage\":\"fr-FR\"},{\"@type\":\"NewsMediaOrganization\",\"@id\":\"https:\/\/dicodusport.fr\/blog\/#organization\",\"name\":\"Dicodusport\",\"url\":\"https:\/\/dicodusport.fr\/blog\/\",\"logo\":{\"@type\":\"ImageObject\",\"inLanguage\":\"fr-FR\",\"@id\":\"https:\/\/dicodusport.fr\/blog\/#\/schema\/logo\/image\/\",\"url\":\"https:\/\/dicodusport.fr\/blog\/wp-content\/uploads\/2020\/06\/cropped-LOGO-DICODUSPORT-2020-SANS-FOND-SANS-TEXTE.png\",\"contentUrl\":\"https:\/\/dicodusport.fr\/blog\/wp-content\/uploads\/2020\/06\/cropped-LOGO-DICODUSPORT-2020-SANS-FOND-SANS-TEXTE.png\",\"width\":512,\"height\":512,\"caption\":\"Dicodusport\"},\"image\":{\"@id\":\"https:\/\/dicodusport.fr\/blog\/#\/schema\/logo\/image\/\"},\"sameAs\":[\"https:\/\/www.facebook.com\/dicodusport\",\"https:\/\/x.com\/dicodusport\",\"https:\/\/www.instagram.com\/dicodusport\/\",\"https:\/\/www.youtube.com\/channel\/UC7V2KZ5sd3htJivAbA4ZG3w\"],\"description\":\"Dicodusport est l'encyclop\u00e9die de l'actualit\u00e9 sportive.\",\"email\":\"bonjour@dicodusport.fr\",\"legalName\":\"DICODUSPORT\",\"foundingDate\":\"2018-01-14\",\"vatID\":\"FR71834470973\",\"taxID\":\"83447097300043\",\"numberOfEmployees\":{\"@type\":\"QuantitativeValue\",\"minValue\":\"1\",\"maxValue\":\"10\"}},{\"@type\":\"Person\",\"@id\":\"https:\/\/dicodusport.fr\/blog\/#\/schema\/person\/d603dd7da31fb2b46c82b9835a77ec13\",\"name\":\"Etienne Goursaud\",\"image\":{\"@type\":\"ImageObject\",\"inLanguage\":\"fr-FR\",\"@id\":\"https:\/\/dicodusport.fr\/blog\/#\/schema\/person\/image\/\",\"url\":\"https:\/\/dicodusport.fr\/blog\/wp-content\/uploads\/2023\/12\/410122264_10231602061736049_5565839791558026645_n-150x150.jpg\",\"contentUrl\":\"https:\/\/dicodusport.fr\/blog\/wp-content\/uploads\/2023\/12\/410122264_10231602061736049_5565839791558026645_n-150x150.jpg\",\"caption\":\"Etienne Goursaud\"},\"description\":\"Journaliste et amoureux de sport. Ancien footballeur reconverti athl\u00e8te quand ses muscles le laissent tranquille. \u00c9lev\u00e9 \u00e0 la sauce des exploits de Thomas Voeckler en 2004, du dernier essai de l\u00e9gende de Eunice Barber \u00e0 la longueur lors des championnats du monde d'athl\u00e9tisme de 2003 mais aussi Zidane, Omeyer et Titou Lamaison.\",\"url\":\"https:\/\/dicodusport.fr\/blog\/author\/etienne-goursaud\/\"}]}<\/script>\n<!-- \/ Yoast SEO Premium plugin. -->","yoast_head_json":{"title":"Mondiaux d'athl\u00e9tisme 2023 : Robert-Michon, Tual, Samba-Mayela, le point sur les Fran\u00e7ais pour la soir\u00e9e du 22 ao\u00fbt","description":"M\u00e9lina Robert-Michon a pris la 9e place du disque, tandis que les coureurs de 800 m ont assur\u00e9 leur qualification en demies.","robots":{"index":"index","follow":"follow","max-snippet":"max-snippet:-1","max-image-preview":"max-image-preview:large","max-video-preview":"max-video-preview:-1"},"canonical":"https:\/\/dicodusport.fr\/blog\/mondiaux-dathletisme-2023-robert-michon-tual-samba-mayela-le-point-sur-les-francais-pour-la-soiree-du-22-aout\/","og_locale":"fr_FR","og_type":"article","og_title":"Mondiaux d'athl\u00e9tisme 2023 : Robert-Michon, Tual, Samba-Mayela, le point sur les Fran\u00e7ais pour la soir\u00e9e du 22 ao\u00fbt","og_description":"M\u00e9lina Robert-Michon a pris la 9e place du disque, tandis que les coureurs de 800 m ont assur\u00e9 leur qualification en demies.","og_url":"https:\/\/dicodusport.fr\/blog\/mondiaux-dathletisme-2023-robert-michon-tual-samba-mayela-le-point-sur-les-francais-pour-la-soiree-du-22-aout\/","og_site_name":"Dicodusport","article_publisher":"https:\/\/www.facebook.com\/dicodusport","article_published_time":"2023-08-22T19:25:06+00:00","article_modified_time":"2023-08-22T19:58:53+00:00","og_image":[{"width":800,"height":445,"url":"https:\/\/dicodusport.fr\/blog\/wp-content\/uploads\/2023\/08\/Mondiaux-dathletisme-2023-Robert-Michon-Tual-Samba-Mayela-le-point-sur-les-Francais-pour-la-soiree-du-22-aout.png","type":"image\/png"}],"author":"Etienne Goursaud","twitter_card":"summary_large_image","twitter_title":"Mondiaux d'athl\u00e9tisme 2023 : Robert-Michon, Tual, Samba-Mayela, le point sur les Fran\u00e7ais pour la soir\u00e9e du 22 ao\u00fbt","twitter_creator":"@dicodusport","twitter_site":"@dicodusport","schema":{"@context":"https:\/\/schema.org","@graph":[{"@type":"NewsArticle","@id":"https:\/\/dicodusport.fr\/blog\/mondiaux-dathletisme-2023-robert-michon-tual-samba-mayela-le-point-sur-les-francais-pour-la-soiree-du-22-aout\/#article","isPartOf":{"@id":"https:\/\/dicodusport.fr\/blog\/mondiaux-dathletisme-2023-robert-michon-tual-samba-mayela-le-point-sur-les-francais-pour-la-soiree-du-22-aout\/"},"author":{"name":"Etienne Goursaud","@id":"https:\/\/dicodusport.fr\/blog\/#\/schema\/person\/d603dd7da31fb2b46c82b9835a77ec13"},"headline":"Mondiaux d&rsquo;athl\u00e9tisme 2023 : Robert-Michon, Tual, Samba-Mayela, le point sur les Fran\u00e7ais pour la soir\u00e9e du 22 ao\u00fbt","datePublished":"2023-08-22T19:25:06+00:00","dateModified":"2023-08-22T19:58:53+00:00","mainEntityOfPage":{"@id":"https:\/\/dicodusport.fr\/blog\/mondiaux-dathletisme-2023-robert-michon-tual-samba-mayela-le-point-sur-les-francais-pour-la-soiree-du-22-aout\/"},"wordCount":557,"commentCount":0,"publisher":{"@id":"https:\/\/dicodusport.fr\/blog\/#organization"},"image":{"@id":"https:\/\/dicodusport.fr\/blog\/mondiaux-dathletisme-2023-robert-michon-tual-samba-mayela-le-point-sur-les-francais-pour-la-soiree-du-22-aout\/#primaryimage"},"thumbnailUrl":"https:\/\/dicodusport.fr\/blog\/wp-content\/uploads\/2023\/08\/Mondiaux-dathletisme-2023-Robert-Michon-Tual-Samba-Mayela-le-point-sur-les-Francais-pour-la-soiree-du-22-aout.png","keywords":["Athl\u00e9tisme","br\u00e8ve","Cyr\u00e9na Samba-Mayela","Gabriel Tual","M\u00e9lina Robert-Michon"],"articleSection":["Championnats du monde d'athl\u00e9tisme"],"inLanguage":"fr-FR","potentialAction":[{"@type":"CommentAction","name":"Comment","target":["https:\/\/dicodusport.fr\/blog\/mondiaux-dathletisme-2023-robert-michon-tual-samba-mayela-le-point-sur-les-francais-pour-la-soiree-du-22-aout\/#respond"]}],"copyrightYear":"2023","copyrightHolder":{"@id":"https:\/\/dicodusport.fr\/blog\/#organization"}},{"@type":"WebPage","@id":"https:\/\/dicodusport.fr\/blog\/mondiaux-dathletisme-2023-robert-michon-tual-samba-mayela-le-point-sur-les-francais-pour-la-soiree-du-22-aout\/","url":"https:\/\/dicodusport.fr\/blog\/mondiaux-dathletisme-2023-robert-michon-tual-samba-mayela-le-point-sur-les-francais-pour-la-soiree-du-22-aout\/","name":"Mondiaux d'athl\u00e9tisme 2023 : Robert-Michon, Tual, Samba-Mayela, le point sur les Fran\u00e7ais pour la soir\u00e9e du 22 ao\u00fbt","isPartOf":{"@id":"https:\/\/dicodusport.fr\/blog\/#website"},"primaryImageOfPage":{"@id":"https:\/\/dicodusport.fr\/blog\/mondiaux-dathletisme-2023-robert-michon-tual-samba-mayela-le-point-sur-les-francais-pour-la-soiree-du-22-aout\/#primaryimage"},"image":{"@id":"https:\/\/dicodusport.fr\/blog\/mondiaux-dathletisme-2023-robert-michon-tual-samba-mayela-le-point-sur-les-francais-pour-la-soiree-du-22-aout\/#primaryimage"},"thumbnailUrl":"https:\/\/dicodusport.fr\/blog\/wp-content\/uploads\/2023\/08\/Mondiaux-dathletisme-2023-Robert-Michon-Tual-Samba-Mayela-le-point-sur-les-Francais-pour-la-soiree-du-22-aout.png","datePublished":"2023-08-22T19:25:06+00:00","dateModified":"2023-08-22T19:58:53+00:00","description":"M\u00e9lina Robert-Michon a pris la 9e place du disque, tandis que les coureurs de 800 m ont assur\u00e9 leur qualification en demies.","breadcrumb":{"@id":"https:\/\/dicodusport.fr\/blog\/mondiaux-dathletisme-2023-robert-michon-tual-samba-mayela-le-point-sur-les-francais-pour-la-soiree-du-22-aout\/#breadcrumb"},"inLanguage":"fr-FR","potentialAction":[{"@type":"ReadAction","target":["https:\/\/dicodusport.fr\/blog\/mondiaux-dathletisme-2023-robert-michon-tual-samba-mayela-le-point-sur-les-francais-pour-la-soiree-du-22-aout\/"]}]},{"@type":"ImageObject","inLanguage":"fr-FR","@id":"https:\/\/dicodusport.fr\/blog\/mondiaux-dathletisme-2023-robert-michon-tual-samba-mayela-le-point-sur-les-francais-pour-la-soiree-du-22-aout\/#primaryimage","url":"https:\/\/dicodusport.fr\/blog\/wp-content\/uploads\/2023\/08\/Mondiaux-dathletisme-2023-Robert-Michon-Tual-Samba-Mayela-le-point-sur-les-Francais-pour-la-soiree-du-22-aout.png","contentUrl":"https:\/\/dicodusport.fr\/blog\/wp-content\/uploads\/2023\/08\/Mondiaux-dathletisme-2023-Robert-Michon-Tual-Samba-Mayela-le-point-sur-les-Francais-pour-la-soiree-du-22-aout.png","width":800,"height":445,"caption":"Mondiaux d'athl\u00e9tisme 2023 Robert-Michon, Tual, Samba-Mayela, le point sur les Fran\u00e7ais pour la soir\u00e9e du 22 aout."},{"@type":"BreadcrumbList","@id":"https:\/\/dicodusport.fr\/blog\/mondiaux-dathletisme-2023-robert-michon-tual-samba-mayela-le-point-sur-les-francais-pour-la-soiree-du-22-aout\/#breadcrumb","itemListElement":[{"@type":"ListItem","position":1,"name":"Accueil","item":"https:\/\/dicodusport.fr\/blog\/"},{"@type":"ListItem","position":2,"name":"Mondiaux d&rsquo;athl\u00e9tisme 2023 : Robert-Michon, Tual, Samba-Mayela, le point sur les Fran\u00e7ais pour la soir\u00e9e du 22 ao\u00fbt"}]},{"@type":"WebSite","@id":"https:\/\/dicodusport.fr\/blog\/#website","url":"https:\/\/dicodusport.fr\/blog\/","name":"Dicodusport","description":"L&#039;encyclop\u00e9die de l&#039;actualit\u00e9 sportive","publisher":{"@id":"https:\/\/dicodusport.fr\/blog\/#organization"},"potentialAction":[{"@type":"SearchAction","target":{"@type":"EntryPoint","urlTemplate":"https:\/\/dicodusport.fr\/blog\/?s={search_term_string}"},"query-input":{"@type":"PropertyValueSpecification","valueRequired":true,"valueName":"search_term_string"}}],"inLanguage":"fr-FR"},{"@type":"NewsMediaOrganization","@id":"https:\/\/dicodusport.fr\/blog\/#organization","name":"Dicodusport","url":"https:\/\/dicodusport.fr\/blog\/","logo":{"@type":"ImageObject","inLanguage":"fr-FR","@id":"https:\/\/dicodusport.fr\/blog\/#\/schema\/logo\/image\/","url":"https:\/\/dicodusport.fr\/blog\/wp-content\/uploads\/2020\/06\/cropped-LOGO-DICODUSPORT-2020-SANS-FOND-SANS-TEXTE.png","contentUrl":"https:\/\/dicodusport.fr\/blog\/wp-content\/uploads\/2020\/06\/cropped-LOGO-DICODUSPORT-2020-SANS-FOND-SANS-TEXTE.png","width":512,"height":512,"caption":"Dicodusport"},"image":{"@id":"https:\/\/dicodusport.fr\/blog\/#\/schema\/logo\/image\/"},"sameAs":["https:\/\/www.facebook.com\/dicodusport","https:\/\/x.com\/dicodusport","https:\/\/www.instagram.com\/dicodusport\/","https:\/\/www.youtube.com\/channel\/UC7V2KZ5sd3htJivAbA4ZG3w"],"description":"Dicodusport est l'encyclop\u00e9die de l'actualit\u00e9 sportive.","email":"bonjour@dicodusport.fr","legalName":"DICODUSPORT","foundingDate":"2018-01-14","vatID":"FR71834470973","taxID":"83447097300043","numberOfEmployees":{"@type":"QuantitativeValue","minValue":"1","maxValue":"10"}},{"@type":"Person","@id":"https:\/\/dicodusport.fr\/blog\/#\/schema\/person\/d603dd7da31fb2b46c82b9835a77ec13","name":"Etienne Goursaud","image":{"@type":"ImageObject","inLanguage":"fr-FR","@id":"https:\/\/dicodusport.fr\/blog\/#\/schema\/person\/image\/","url":"https:\/\/dicodusport.fr\/blog\/wp-content\/uploads\/2023\/12\/410122264_10231602061736049_5565839791558026645_n-150x150.jpg","contentUrl":"https:\/\/dicodusport.fr\/blog\/wp-content\/uploads\/2023\/12\/410122264_10231602061736049_5565839791558026645_n-150x150.jpg","caption":"Etienne Goursaud"},"description":"Journaliste et amoureux de sport. Ancien footballeur reconverti athl\u00e8te quand ses muscles le laissent tranquille. \u00c9lev\u00e9 \u00e0 la sauce des exploits de Thomas Voeckler en 2004, du dernier essai de l\u00e9gende de Eunice Barber \u00e0 la longueur lors des championnats du monde d'athl\u00e9tisme de 2003 mais aussi Zidane, Omeyer et Titou Lamaison.","url":"https:\/\/dicodusport.fr\/blog\/author\/etienne-goursaud\/"}]}},"_links":{"self":[{"href":"https:\/\/dicodusport.fr\/blog\/wp-json\/wp\/v2\/posts\/411029","targetHints":{"allow":["GET"]}}],"collection":[{"href":"https:\/\/dicodusport.fr\/blog\/wp-json\/wp\/v2\/posts"}],"about":[{"href":"https:\/\/dicodusport.fr\/blog\/wp-json\/wp\/v2\/types\/post"}],"author":[{"embeddable":true,"href":"https:\/\/dicodusport.fr\/blog\/wp-json\/wp\/v2\/users\/83"}],"replies":[{"embeddable":true,"href":"https:\/\/dicodusport.fr\/blog\/wp-json\/wp\/v2\/comments?post=411029"}],"version-history":[{"count":0,"href":"https:\/\/dicodusport.fr\/blog\/wp-json\/wp\/v2\/posts\/411029\/revisions"}],"wp:featuredmedia":[{"embeddable":true,"href":"https:\/\/dicodusport.fr\/blog\/wp-json\/wp\/v2\/media\/411070"}],"wp:attachment":[{"href":"https:\/\/dicodusport.fr\/blog\/wp-json\/wp\/v2\/media?parent=411029"}],"wp:term":[{"taxonomy":"category","embeddable":true,"href":"https:\/\/dicodusport.fr\/blog\/wp-json\/wp\/v2\/categories?post=411029"},{"taxonomy":"post_tag","embeddable":true,"href":"https:\/\/dicodusport.fr\/blog\/wp-json\/wp\/v2\/tags?post=411029"}],"curies":[{"name":"wp","href":"https:\/\/api.w.org\/{rel}","templated":true}]}}