{"id":411155,"date":"2023-08-23T09:10:01","date_gmt":"2023-08-23T07:10:01","guid":{"rendered":"https:\/\/dicodusport.fr\/blog\/?p=411155&#038;preview=true&#038;preview_id=411155"},"modified":"2023-08-23T09:15:41","modified_gmt":"2023-08-23T07:15:41","slug":"mercato-ca-chauffe-entre-le-psg-et-lol-au-sujet-de-bradley-barcola","status":"publish","type":"post","link":"https:\/\/dicodusport.fr\/blog\/mercato-ca-chauffe-entre-le-psg-et-lol-au-sujet-de-bradley-barcola\/","title":{"rendered":"Mercato : \u00c7a chauffe entre le PSG et l&rsquo;OL au sujet de Bradley Barcola"},"content":{"rendered":"<p align=\"justify\"><em><b>LIGUE 1 2023-2024 &#8211; Selon Fabrizio Romano, les discussions se sont tendues entre le PSG et l&rsquo;OL au sujet de Bradley Barcola.<\/b><\/em><\/p>\n<p align=\"justify\">Depuis son arriv\u00e9e au <strong>Paris Saint-Germain<\/strong>, <strong>Luis<\/strong> <strong>Enrique<\/strong> a fait de <strong>Bradley<\/strong> <strong>Barcola<\/strong> sa priorit\u00e9. L&rsquo;entra\u00eeneur espagnol est tomb\u00e9 sous le charme du jeune ailier lyonnais et a demand\u00e9 \u00e0 ses dirigeants de le recruter. Les champions de France ont trouv\u00e9 un accord contractuel avec l&rsquo;international espoirs depuis la fin du mois de juin, mais il faut maintenant convaincre son club, l&rsquo;OL.<\/p>\n<h2 style=\"text-align: justify;\" align=\"justify\">La position de l&rsquo;OL pose question<\/h2>\n<p align=\"justify\">L&rsquo;<strong>Olympique Lyonnais<\/strong> avait eu une position forte au sujet de <strong>Castello<\/strong> <strong>Lukeba<\/strong> et <strong>Bradley<\/strong> <strong>Barcola<\/strong>, qui n&rsquo;\u00e9taient pas \u00e0 vendre. Mais le d\u00e9fenseur central est finalement parti apr\u00e8s avoir mis la pression sur son club. <strong>Bradley<\/strong> <strong>Barcola<\/strong> veut rejoindre le <strong>Paris Saint-Germain<\/strong> qu&rsquo;il voit comme une belle opportunit\u00e9 pour sa carri\u00e8re, mais n&rsquo;ira pas au bras de fer avec <strong>Lyon<\/strong>.<\/p>\n<p align=\"justify\">Les discussions entre les deux clubs ont commenc\u00e9 il y a plusieurs semaines, mais se seraient fortement tendues ces derni\u00e8res heures. L&rsquo;<strong>OL<\/strong> ne fermerait finalement pas compl\u00e8tement la porte \u00e0 un d\u00e9part de <strong>Bradley<\/strong> <strong>Barcola<\/strong>, mais aurait revu ses exigences \u00e0 la hausse. Un revirement qui n&rsquo;est pas au go\u00fbt du <strong>PSG<\/strong>, qui a pour le moment quitt\u00e9 la table des n\u00e9gociations. Le mercato n&rsquo;est pas termin\u00e9, mais le temps commence \u00e0 presser.<\/p>\n<blockquote class=\"twitter-tweet\">\n<p dir=\"ltr\" lang=\"en\">Paris Saint-Germain are not happy with club to club talks for Bradley Barcola as OL have changed original asking price multiple times \ud83d\udd34\ud83d\udd35\ud83c\uddeb\ud83c\uddf7<\/p>\n<p>Barcola agreed terms with PSG in June but club to club situation now tense.<\/p>\n<p>Chelsea also asked for Barcola deal conditions last week. <a href=\"https:\/\/t.co\/Zdu3XDuNC6\">pic.twitter.com\/Zdu3XDuNC6<\/a><\/p>\n<p>\u2014 Fabrizio Romano (@FabrizioRomano) <a href=\"https:\/\/twitter.com\/FabrizioRomano\/status\/1694108914550268293?ref_src=twsrc%5Etfw\">August 22, 2023<\/a><\/p><\/blockquote>\n<p><script async src=\"https:\/\/platform.twitter.com\/widgets.js\" charset=\"utf-8\"><\/script><\/p>\n","protected":false},"excerpt":{"rendered":"<p>LIGUE 1 2023-2024 &#8211; Selon Fabrizio Romano, les discussions se sont tendues entre le PSG et l&rsquo;OL au sujet de Bradley Barcola.<\/p>\n","protected":false},"author":1,"featured_media":411157,"comment_status":"open","ping_status":"closed","sticky":false,"template":"","format":"standard","meta":{"_acf_changed":false,"_daextam_enable_autolinks":"","footnotes":""},"categories":[2301,47045],"tags":[32494,30451,16878,75,449,1145],"class_list":["post-411155","post","type-post","status-publish","format-standard","has-post-thumbnail","hentry","category-football","category-ligue-1","tag-barcola","tag-bradley-barcola","tag-breve","tag-football","tag-lyon","tag-ol"],"acf":[],"yoast_head":"<!-- This site is optimized with the Yoast SEO Premium plugin v26.7 (Yoast SEO v26.7) - https:\/\/yoast.com\/wordpress\/plugins\/seo\/ -->\n<title>Mercato : \u00c7a chauffe entre le PSG et l&#039;OL au sujet de Bradley Barcola<\/title>\n<meta name=\"description\" content=\"LIGUE 1 2023-2024 - Selon Fabrizio Romano, les discussions se sont tendues entre le PSG et l&#039;OL au sujet de Bradley Barcola.\" \/>\n<meta name=\"robots\" content=\"index, follow, max-snippet:-1, max-image-preview:large, max-video-preview:-1\" \/>\n<link rel=\"canonical\" href=\"https:\/\/dicodusport.fr\/blog\/mercato-ca-chauffe-entre-le-psg-et-lol-au-sujet-de-bradley-barcola\/\" \/>\n<meta property=\"og:locale\" content=\"fr_FR\" \/>\n<meta property=\"og:type\" content=\"article\" \/>\n<meta property=\"og:title\" content=\"Mercato : \u00c7a chauffe entre le PSG et l&#039;OL au sujet de Bradley Barcola\" \/>\n<meta property=\"og:description\" content=\"LIGUE 1 2023-2024 - Selon Fabrizio Romano, les discussions se sont tendues entre le PSG et l&#039;OL au sujet de Bradley Barcola.\" \/>\n<meta property=\"og:url\" content=\"https:\/\/dicodusport.fr\/blog\/mercato-ca-chauffe-entre-le-psg-et-lol-au-sujet-de-bradley-barcola\/\" \/>\n<meta property=\"og:site_name\" content=\"Dicodusport\" \/>\n<meta property=\"article:publisher\" content=\"https:\/\/www.facebook.com\/dicodusport\" \/>\n<meta property=\"article:author\" content=\"https:\/\/www.facebook.com\/dicodusport\" \/>\n<meta property=\"article:published_time\" content=\"2023-08-23T07:10:01+00:00\" \/>\n<meta property=\"article:modified_time\" content=\"2023-08-23T07:15:41+00:00\" \/>\n<meta property=\"og:image\" content=\"https:\/\/dicodusport.fr\/blog\/wp-content\/uploads\/2023\/08\/Mercato-Ca-chauffe-entre-le-PSG-et-lOL-au-sujet-de-Bradley-Barcola.png\" \/>\n\t<meta property=\"og:image:width\" content=\"800\" \/>\n\t<meta property=\"og:image:height\" content=\"445\" \/>\n\t<meta property=\"og:image:type\" content=\"image\/png\" \/>\n<meta name=\"author\" content=\"Nicolas Jacquemard\" \/>\n<meta name=\"twitter:card\" content=\"summary_large_image\" \/>\n<meta name=\"twitter:title\" content=\"Mercato : \u00c7a chauffe entre le PSG et l&#039;OL au sujet de Bradley Barcola\" \/>\n<meta name=\"twitter:creator\" content=\"@https:\/\/twitter.com\/Nico_Jacquemard\" \/>\n<meta name=\"twitter:site\" content=\"@dicodusport\" \/>\n<script type=\"application\/ld+json\" class=\"yoast-schema-graph\">{\"@context\":\"https:\/\/schema.org\",\"@graph\":[{\"@type\":\"NewsArticle\",\"@id\":\"https:\/\/dicodusport.fr\/blog\/mercato-ca-chauffe-entre-le-psg-et-lol-au-sujet-de-bradley-barcola\/#article\",\"isPartOf\":{\"@id\":\"https:\/\/dicodusport.fr\/blog\/mercato-ca-chauffe-entre-le-psg-et-lol-au-sujet-de-bradley-barcola\/\"},\"author\":{\"name\":\"Nicolas Jacquemard\",\"@id\":\"https:\/\/dicodusport.fr\/blog\/#\/schema\/person\/55dcb50ad410894e431ed812bbb70191\"},\"headline\":\"Mercato : \u00c7a chauffe entre le PSG et l&rsquo;OL au sujet de Bradley Barcola\",\"datePublished\":\"2023-08-23T07:10:01+00:00\",\"dateModified\":\"2023-08-23T07:15:41+00:00\",\"mainEntityOfPage\":{\"@id\":\"https:\/\/dicodusport.fr\/blog\/mercato-ca-chauffe-entre-le-psg-et-lol-au-sujet-de-bradley-barcola\/\"},\"wordCount\":307,\"commentCount\":0,\"publisher\":{\"@id\":\"https:\/\/dicodusport.fr\/blog\/#organization\"},\"image\":{\"@id\":\"https:\/\/dicodusport.fr\/blog\/mercato-ca-chauffe-entre-le-psg-et-lol-au-sujet-de-bradley-barcola\/#primaryimage\"},\"thumbnailUrl\":\"https:\/\/dicodusport.fr\/blog\/wp-content\/uploads\/2023\/08\/Mercato-Ca-chauffe-entre-le-PSG-et-lOL-au-sujet-de-Bradley-Barcola.png\",\"keywords\":[\"Barcola\",\"Bradley Barcola\",\"br\u00e8ve\",\"Football\",\"Lyon\",\"OL\"],\"articleSection\":[\"Football\",\"Ligue 1\"],\"inLanguage\":\"fr-FR\",\"potentialAction\":[{\"@type\":\"CommentAction\",\"name\":\"Comment\",\"target\":[\"https:\/\/dicodusport.fr\/blog\/mercato-ca-chauffe-entre-le-psg-et-lol-au-sujet-de-bradley-barcola\/#respond\"]}],\"copyrightYear\":\"2023\",\"copyrightHolder\":{\"@id\":\"https:\/\/dicodusport.fr\/blog\/#organization\"}},{\"@type\":\"WebPage\",\"@id\":\"https:\/\/dicodusport.fr\/blog\/mercato-ca-chauffe-entre-le-psg-et-lol-au-sujet-de-bradley-barcola\/\",\"url\":\"https:\/\/dicodusport.fr\/blog\/mercato-ca-chauffe-entre-le-psg-et-lol-au-sujet-de-bradley-barcola\/\",\"name\":\"Mercato : \u00c7a chauffe entre le PSG et l'OL au sujet de Bradley Barcola\",\"isPartOf\":{\"@id\":\"https:\/\/dicodusport.fr\/blog\/#website\"},\"primaryImageOfPage\":{\"@id\":\"https:\/\/dicodusport.fr\/blog\/mercato-ca-chauffe-entre-le-psg-et-lol-au-sujet-de-bradley-barcola\/#primaryimage\"},\"image\":{\"@id\":\"https:\/\/dicodusport.fr\/blog\/mercato-ca-chauffe-entre-le-psg-et-lol-au-sujet-de-bradley-barcola\/#primaryimage\"},\"thumbnailUrl\":\"https:\/\/dicodusport.fr\/blog\/wp-content\/uploads\/2023\/08\/Mercato-Ca-chauffe-entre-le-PSG-et-lOL-au-sujet-de-Bradley-Barcola.png\",\"datePublished\":\"2023-08-23T07:10:01+00:00\",\"dateModified\":\"2023-08-23T07:15:41+00:00\",\"description\":\"LIGUE 1 2023-2024 - Selon Fabrizio Romano, les discussions se sont tendues entre le PSG et l'OL au sujet de Bradley Barcola.\",\"breadcrumb\":{\"@id\":\"https:\/\/dicodusport.fr\/blog\/mercato-ca-chauffe-entre-le-psg-et-lol-au-sujet-de-bradley-barcola\/#breadcrumb\"},\"inLanguage\":\"fr-FR\",\"potentialAction\":[{\"@type\":\"ReadAction\",\"target\":[\"https:\/\/dicodusport.fr\/blog\/mercato-ca-chauffe-entre-le-psg-et-lol-au-sujet-de-bradley-barcola\/\"]}]},{\"@type\":\"ImageObject\",\"inLanguage\":\"fr-FR\",\"@id\":\"https:\/\/dicodusport.fr\/blog\/mercato-ca-chauffe-entre-le-psg-et-lol-au-sujet-de-bradley-barcola\/#primaryimage\",\"url\":\"https:\/\/dicodusport.fr\/blog\/wp-content\/uploads\/2023\/08\/Mercato-Ca-chauffe-entre-le-PSG-et-lOL-au-sujet-de-Bradley-Barcola.png\",\"contentUrl\":\"https:\/\/dicodusport.fr\/blog\/wp-content\/uploads\/2023\/08\/Mercato-Ca-chauffe-entre-le-PSG-et-lOL-au-sujet-de-Bradley-Barcola.png\",\"width\":800,\"height\":445},{\"@type\":\"BreadcrumbList\",\"@id\":\"https:\/\/dicodusport.fr\/blog\/mercato-ca-chauffe-entre-le-psg-et-lol-au-sujet-de-bradley-barcola\/#breadcrumb\",\"itemListElement\":[{\"@type\":\"ListItem\",\"position\":1,\"name\":\"Accueil\",\"item\":\"https:\/\/dicodusport.fr\/blog\/\"},{\"@type\":\"ListItem\",\"position\":2,\"name\":\"Mercato : \u00c7a chauffe entre le PSG et l&rsquo;OL au sujet de Bradley Barcola\"}]},{\"@type\":\"WebSite\",\"@id\":\"https:\/\/dicodusport.fr\/blog\/#website\",\"url\":\"https:\/\/dicodusport.fr\/blog\/\",\"name\":\"Dicodusport\",\"description\":\"L&#039;encyclop\u00e9die de l&#039;actualit\u00e9 sportive\",\"publisher\":{\"@id\":\"https:\/\/dicodusport.fr\/blog\/#organization\"},\"potentialAction\":[{\"@type\":\"SearchAction\",\"target\":{\"@type\":\"EntryPoint\",\"urlTemplate\":\"https:\/\/dicodusport.fr\/blog\/?s={search_term_string}\"},\"query-input\":{\"@type\":\"PropertyValueSpecification\",\"valueRequired\":true,\"valueName\":\"search_term_string\"}}],\"inLanguage\":\"fr-FR\"},{\"@type\":\"NewsMediaOrganization\",\"@id\":\"https:\/\/dicodusport.fr\/blog\/#organization\",\"name\":\"Dicodusport\",\"url\":\"https:\/\/dicodusport.fr\/blog\/\",\"logo\":{\"@type\":\"ImageObject\",\"inLanguage\":\"fr-FR\",\"@id\":\"https:\/\/dicodusport.fr\/blog\/#\/schema\/logo\/image\/\",\"url\":\"https:\/\/dicodusport.fr\/blog\/wp-content\/uploads\/2020\/06\/cropped-LOGO-DICODUSPORT-2020-SANS-FOND-SANS-TEXTE.png\",\"contentUrl\":\"https:\/\/dicodusport.fr\/blog\/wp-content\/uploads\/2020\/06\/cropped-LOGO-DICODUSPORT-2020-SANS-FOND-SANS-TEXTE.png\",\"width\":512,\"height\":512,\"caption\":\"Dicodusport\"},\"image\":{\"@id\":\"https:\/\/dicodusport.fr\/blog\/#\/schema\/logo\/image\/\"},\"sameAs\":[\"https:\/\/www.facebook.com\/dicodusport\",\"https:\/\/x.com\/dicodusport\",\"https:\/\/www.instagram.com\/dicodusport\/\",\"https:\/\/www.youtube.com\/channel\/UC7V2KZ5sd3htJivAbA4ZG3w\"],\"description\":\"Dicodusport est l'encyclop\u00e9die de l'actualit\u00e9 sportive.\",\"email\":\"bonjour@dicodusport.fr\",\"legalName\":\"DICODUSPORT\",\"foundingDate\":\"2018-01-14\",\"vatID\":\"FR71834470973\",\"taxID\":\"83447097300043\",\"numberOfEmployees\":{\"@type\":\"QuantitativeValue\",\"minValue\":\"1\",\"maxValue\":\"10\"}},{\"@type\":\"Person\",\"@id\":\"https:\/\/dicodusport.fr\/blog\/#\/schema\/person\/55dcb50ad410894e431ed812bbb70191\",\"name\":\"Nicolas Jacquemard\",\"image\":{\"@type\":\"ImageObject\",\"inLanguage\":\"fr-FR\",\"@id\":\"https:\/\/dicodusport.fr\/blog\/#\/schema\/person\/image\/\",\"url\":\"https:\/\/dicodusport.fr\/blog\/wp-content\/uploads\/2021\/05\/Nicolas-Jacquemard-150x150.jpeg\",\"contentUrl\":\"https:\/\/dicodusport.fr\/blog\/wp-content\/uploads\/2021\/05\/Nicolas-Jacquemard-150x150.jpeg\",\"caption\":\"Nicolas Jacquemard\"},\"description\":\"Passionn\u00e9 de sport et entrepreneur depuis mes 18 ans, la cr\u00e9ation de Dicodusport m'a sembl\u00e9 \u00e9vidente pour participer \u00e0 la m\u00e9diatisation d'un plus grand nombre de sports. Le chemin est long mais avec une \u00e9quipe des plus motiv\u00e9es et les Jeux Olympiques de Paris 2024 en point de mire, nous y arriverons ! Journaliste dans le monde du sport depuis plus de 5 ans, je traite aussi bien de football, de rugby, de biathlon que de cyclisme.\",\"sameAs\":[\"https:\/\/www.facebook.com\/dicodusport\",\"https:\/\/x.com\/https:\/\/twitter.com\/Nico_Jacquemard\"],\"url\":\"https:\/\/dicodusport.fr\/blog\/author\/dicodusport\/\"}]}<\/script>\n<!-- \/ Yoast SEO Premium plugin. -->","yoast_head_json":{"title":"Mercato : \u00c7a chauffe entre le PSG et l'OL au sujet de Bradley Barcola","description":"LIGUE 1 2023-2024 - Selon Fabrizio Romano, les discussions se sont tendues entre le PSG et l'OL au sujet de Bradley Barcola.","robots":{"index":"index","follow":"follow","max-snippet":"max-snippet:-1","max-image-preview":"max-image-preview:large","max-video-preview":"max-video-preview:-1"},"canonical":"https:\/\/dicodusport.fr\/blog\/mercato-ca-chauffe-entre-le-psg-et-lol-au-sujet-de-bradley-barcola\/","og_locale":"fr_FR","og_type":"article","og_title":"Mercato : \u00c7a chauffe entre le PSG et l'OL au sujet de Bradley Barcola","og_description":"LIGUE 1 2023-2024 - Selon Fabrizio Romano, les discussions se sont tendues entre le PSG et l'OL au sujet de Bradley Barcola.","og_url":"https:\/\/dicodusport.fr\/blog\/mercato-ca-chauffe-entre-le-psg-et-lol-au-sujet-de-bradley-barcola\/","og_site_name":"Dicodusport","article_publisher":"https:\/\/www.facebook.com\/dicodusport","article_author":"https:\/\/www.facebook.com\/dicodusport","article_published_time":"2023-08-23T07:10:01+00:00","article_modified_time":"2023-08-23T07:15:41+00:00","og_image":[{"width":800,"height":445,"url":"https:\/\/dicodusport.fr\/blog\/wp-content\/uploads\/2023\/08\/Mercato-Ca-chauffe-entre-le-PSG-et-lOL-au-sujet-de-Bradley-Barcola.png","type":"image\/png"}],"author":"Nicolas Jacquemard","twitter_card":"summary_large_image","twitter_title":"Mercato : \u00c7a chauffe entre le PSG et l'OL au sujet de Bradley Barcola","twitter_creator":"@https:\/\/twitter.com\/Nico_Jacquemard","twitter_site":"@dicodusport","schema":{"@context":"https:\/\/schema.org","@graph":[{"@type":"NewsArticle","@id":"https:\/\/dicodusport.fr\/blog\/mercato-ca-chauffe-entre-le-psg-et-lol-au-sujet-de-bradley-barcola\/#article","isPartOf":{"@id":"https:\/\/dicodusport.fr\/blog\/mercato-ca-chauffe-entre-le-psg-et-lol-au-sujet-de-bradley-barcola\/"},"author":{"name":"Nicolas Jacquemard","@id":"https:\/\/dicodusport.fr\/blog\/#\/schema\/person\/55dcb50ad410894e431ed812bbb70191"},"headline":"Mercato : \u00c7a chauffe entre le PSG et l&rsquo;OL au sujet de Bradley Barcola","datePublished":"2023-08-23T07:10:01+00:00","dateModified":"2023-08-23T07:15:41+00:00","mainEntityOfPage":{"@id":"https:\/\/dicodusport.fr\/blog\/mercato-ca-chauffe-entre-le-psg-et-lol-au-sujet-de-bradley-barcola\/"},"wordCount":307,"commentCount":0,"publisher":{"@id":"https:\/\/dicodusport.fr\/blog\/#organization"},"image":{"@id":"https:\/\/dicodusport.fr\/blog\/mercato-ca-chauffe-entre-le-psg-et-lol-au-sujet-de-bradley-barcola\/#primaryimage"},"thumbnailUrl":"https:\/\/dicodusport.fr\/blog\/wp-content\/uploads\/2023\/08\/Mercato-Ca-chauffe-entre-le-PSG-et-lOL-au-sujet-de-Bradley-Barcola.png","keywords":["Barcola","Bradley Barcola","br\u00e8ve","Football","Lyon","OL"],"articleSection":["Football","Ligue 1"],"inLanguage":"fr-FR","potentialAction":[{"@type":"CommentAction","name":"Comment","target":["https:\/\/dicodusport.fr\/blog\/mercato-ca-chauffe-entre-le-psg-et-lol-au-sujet-de-bradley-barcola\/#respond"]}],"copyrightYear":"2023","copyrightHolder":{"@id":"https:\/\/dicodusport.fr\/blog\/#organization"}},{"@type":"WebPage","@id":"https:\/\/dicodusport.fr\/blog\/mercato-ca-chauffe-entre-le-psg-et-lol-au-sujet-de-bradley-barcola\/","url":"https:\/\/dicodusport.fr\/blog\/mercato-ca-chauffe-entre-le-psg-et-lol-au-sujet-de-bradley-barcola\/","name":"Mercato : \u00c7a chauffe entre le PSG et l'OL au sujet de Bradley Barcola","isPartOf":{"@id":"https:\/\/dicodusport.fr\/blog\/#website"},"primaryImageOfPage":{"@id":"https:\/\/dicodusport.fr\/blog\/mercato-ca-chauffe-entre-le-psg-et-lol-au-sujet-de-bradley-barcola\/#primaryimage"},"image":{"@id":"https:\/\/dicodusport.fr\/blog\/mercato-ca-chauffe-entre-le-psg-et-lol-au-sujet-de-bradley-barcola\/#primaryimage"},"thumbnailUrl":"https:\/\/dicodusport.fr\/blog\/wp-content\/uploads\/2023\/08\/Mercato-Ca-chauffe-entre-le-PSG-et-lOL-au-sujet-de-Bradley-Barcola.png","datePublished":"2023-08-23T07:10:01+00:00","dateModified":"2023-08-23T07:15:41+00:00","description":"LIGUE 1 2023-2024 - Selon Fabrizio Romano, les discussions se sont tendues entre le PSG et l'OL au sujet de Bradley Barcola.","breadcrumb":{"@id":"https:\/\/dicodusport.fr\/blog\/mercato-ca-chauffe-entre-le-psg-et-lol-au-sujet-de-bradley-barcola\/#breadcrumb"},"inLanguage":"fr-FR","potentialAction":[{"@type":"ReadAction","target":["https:\/\/dicodusport.fr\/blog\/mercato-ca-chauffe-entre-le-psg-et-lol-au-sujet-de-bradley-barcola\/"]}]},{"@type":"ImageObject","inLanguage":"fr-FR","@id":"https:\/\/dicodusport.fr\/blog\/mercato-ca-chauffe-entre-le-psg-et-lol-au-sujet-de-bradley-barcola\/#primaryimage","url":"https:\/\/dicodusport.fr\/blog\/wp-content\/uploads\/2023\/08\/Mercato-Ca-chauffe-entre-le-PSG-et-lOL-au-sujet-de-Bradley-Barcola.png","contentUrl":"https:\/\/dicodusport.fr\/blog\/wp-content\/uploads\/2023\/08\/Mercato-Ca-chauffe-entre-le-PSG-et-lOL-au-sujet-de-Bradley-Barcola.png","width":800,"height":445},{"@type":"BreadcrumbList","@id":"https:\/\/dicodusport.fr\/blog\/mercato-ca-chauffe-entre-le-psg-et-lol-au-sujet-de-bradley-barcola\/#breadcrumb","itemListElement":[{"@type":"ListItem","position":1,"name":"Accueil","item":"https:\/\/dicodusport.fr\/blog\/"},{"@type":"ListItem","position":2,"name":"Mercato : \u00c7a chauffe entre le PSG et l&rsquo;OL au sujet de Bradley Barcola"}]},{"@type":"WebSite","@id":"https:\/\/dicodusport.fr\/blog\/#website","url":"https:\/\/dicodusport.fr\/blog\/","name":"Dicodusport","description":"L&#039;encyclop\u00e9die de l&#039;actualit\u00e9 sportive","publisher":{"@id":"https:\/\/dicodusport.fr\/blog\/#organization"},"potentialAction":[{"@type":"SearchAction","target":{"@type":"EntryPoint","urlTemplate":"https:\/\/dicodusport.fr\/blog\/?s={search_term_string}"},"query-input":{"@type":"PropertyValueSpecification","valueRequired":true,"valueName":"search_term_string"}}],"inLanguage":"fr-FR"},{"@type":"NewsMediaOrganization","@id":"https:\/\/dicodusport.fr\/blog\/#organization","name":"Dicodusport","url":"https:\/\/dicodusport.fr\/blog\/","logo":{"@type":"ImageObject","inLanguage":"fr-FR","@id":"https:\/\/dicodusport.fr\/blog\/#\/schema\/logo\/image\/","url":"https:\/\/dicodusport.fr\/blog\/wp-content\/uploads\/2020\/06\/cropped-LOGO-DICODUSPORT-2020-SANS-FOND-SANS-TEXTE.png","contentUrl":"https:\/\/dicodusport.fr\/blog\/wp-content\/uploads\/2020\/06\/cropped-LOGO-DICODUSPORT-2020-SANS-FOND-SANS-TEXTE.png","width":512,"height":512,"caption":"Dicodusport"},"image":{"@id":"https:\/\/dicodusport.fr\/blog\/#\/schema\/logo\/image\/"},"sameAs":["https:\/\/www.facebook.com\/dicodusport","https:\/\/x.com\/dicodusport","https:\/\/www.instagram.com\/dicodusport\/","https:\/\/www.youtube.com\/channel\/UC7V2KZ5sd3htJivAbA4ZG3w"],"description":"Dicodusport est l'encyclop\u00e9die de l'actualit\u00e9 sportive.","email":"bonjour@dicodusport.fr","legalName":"DICODUSPORT","foundingDate":"2018-01-14","vatID":"FR71834470973","taxID":"83447097300043","numberOfEmployees":{"@type":"QuantitativeValue","minValue":"1","maxValue":"10"}},{"@type":"Person","@id":"https:\/\/dicodusport.fr\/blog\/#\/schema\/person\/55dcb50ad410894e431ed812bbb70191","name":"Nicolas Jacquemard","image":{"@type":"ImageObject","inLanguage":"fr-FR","@id":"https:\/\/dicodusport.fr\/blog\/#\/schema\/person\/image\/","url":"https:\/\/dicodusport.fr\/blog\/wp-content\/uploads\/2021\/05\/Nicolas-Jacquemard-150x150.jpeg","contentUrl":"https:\/\/dicodusport.fr\/blog\/wp-content\/uploads\/2021\/05\/Nicolas-Jacquemard-150x150.jpeg","caption":"Nicolas Jacquemard"},"description":"Passionn\u00e9 de sport et entrepreneur depuis mes 18 ans, la cr\u00e9ation de Dicodusport m'a sembl\u00e9 \u00e9vidente pour participer \u00e0 la m\u00e9diatisation d'un plus grand nombre de sports. Le chemin est long mais avec une \u00e9quipe des plus motiv\u00e9es et les Jeux Olympiques de Paris 2024 en point de mire, nous y arriverons ! Journaliste dans le monde du sport depuis plus de 5 ans, je traite aussi bien de football, de rugby, de biathlon que de cyclisme.","sameAs":["https:\/\/www.facebook.com\/dicodusport","https:\/\/x.com\/https:\/\/twitter.com\/Nico_Jacquemard"],"url":"https:\/\/dicodusport.fr\/blog\/author\/dicodusport\/"}]}},"_links":{"self":[{"href":"https:\/\/dicodusport.fr\/blog\/wp-json\/wp\/v2\/posts\/411155","targetHints":{"allow":["GET"]}}],"collection":[{"href":"https:\/\/dicodusport.fr\/blog\/wp-json\/wp\/v2\/posts"}],"about":[{"href":"https:\/\/dicodusport.fr\/blog\/wp-json\/wp\/v2\/types\/post"}],"author":[{"embeddable":true,"href":"https:\/\/dicodusport.fr\/blog\/wp-json\/wp\/v2\/users\/1"}],"replies":[{"embeddable":true,"href":"https:\/\/dicodusport.fr\/blog\/wp-json\/wp\/v2\/comments?post=411155"}],"version-history":[{"count":0,"href":"https:\/\/dicodusport.fr\/blog\/wp-json\/wp\/v2\/posts\/411155\/revisions"}],"wp:featuredmedia":[{"embeddable":true,"href":"https:\/\/dicodusport.fr\/blog\/wp-json\/wp\/v2\/media\/411157"}],"wp:attachment":[{"href":"https:\/\/dicodusport.fr\/blog\/wp-json\/wp\/v2\/media?parent=411155"}],"wp:term":[{"taxonomy":"category","embeddable":true,"href":"https:\/\/dicodusport.fr\/blog\/wp-json\/wp\/v2\/categories?post=411155"},{"taxonomy":"post_tag","embeddable":true,"href":"https:\/\/dicodusport.fr\/blog\/wp-json\/wp\/v2\/tags?post=411155"}],"curies":[{"name":"wp","href":"https:\/\/api.w.org\/{rel}","templated":true}]}}