{"id":411172,"date":"2023-08-23T13:16:50","date_gmt":"2023-08-23T11:16:50","guid":{"rendered":"https:\/\/dicodusport.fr\/blog\/?p=411172&#038;preview=true&#038;preview_id=411172"},"modified":"2023-08-23T19:15:46","modified_gmt":"2023-08-23T17:15:46","slug":"mondiaux-dathletisme-2023-lamote-collet-zeze-le-resume-de-la-matinee-des-francais","status":"publish","type":"post","link":"https:\/\/dicodusport.fr\/blog\/mondiaux-dathletisme-2023-lamote-collet-zeze-le-resume-de-la-matinee-des-francais\/","title":{"rendered":"Mondiaux d&rsquo;athl\u00e9tisme 2023 : Lamote, Collet, Z\u00e9z\u00e9, le r\u00e9sum\u00e9 de la matin\u00e9e des Fran\u00e7ais"},"content":{"rendered":"<p style=\"text-align: justify;\"><em><strong><a href=\"https:\/\/dicodusport.fr\/blog\/actualites\/athletisme\/championnats-du-monde-athletisme-2023\/\" target=\"_blank\" rel=\"noopener\">CHAMPIONNATS DU MONDE D&rsquo;ATHL\u00c9TISME 2023<\/a> &#8211; R\u00e9sultats mitig\u00e9s pour les Bleus ce matin. R\u00e9nelle Lamote a pass\u00e9 les s\u00e9ries du 800 m et Thibaut Collet participera \u00e0 la finale de la perche.<br \/>\n<\/strong><\/em><\/p>\n<h2 style=\"text-align: justify;\">\u00c7a passe pour Lamote et Thibaut Collet<\/h2>\n<p style=\"text-align: justify;\">La matin\u00e9e a \u00e9t\u00e9 lanc\u00e9e simultan\u00e9ment par le <strong>800 m f\u00e9minin<\/strong> et les qualifications de la <strong>perche<\/strong> masculine. Seule <strong>R\u00e9nelle Lamote<\/strong> est parvenue \u00e0 s&rsquo;extraire des s\u00e9ries. Bien en place, elle termine 3e de sa s\u00e9rie en 2:00.22. Auparavant, <strong>L\u00e9na Kandissounon<\/strong> avait termin\u00e9 5e en 2:00.81. L&rsquo;athl\u00e8te qui participait \u00e0 ses premiers Mondiaux a pu engranger de l&rsquo;exp\u00e9rience, apr\u00e8s une belle ann\u00e9e 2023. Dans le groupe de t\u00eate et bien plac\u00e9e pour le 2e tour, <strong>Agn\u00e8s Raharolahy<\/strong> a perdu de la vitesse apr\u00e8s 600 m. Habitam Alemu et Catriona Bisset se sont d\u00e9tach\u00e9es \u00e0 l&rsquo;avant de la course. La Fran\u00e7aise termine finalement derni\u00e8re en 2:01.93.<\/p>\n<blockquote class=\"twitter-tweet\">\n<p dir=\"ltr\" lang=\"fr\"><a href=\"https:\/\/twitter.com\/hashtag\/WorldAthleticsChamps?src=hash&amp;ref_src=twsrc%5Etfw\">#WorldAthleticsChamps<\/a> | \u00c7a passe pour R\u00e9nelle Lamote \u2705<\/p>\n<p>3\u00e8me de sa s\u00e9rie, la Fran\u00e7aise se qualifie pour les demi-finales du 800m \ud83d\udd25<\/p>\n<p>Suivez les mondiaux en direct \ud83d\udc49 <a href=\"https:\/\/t.co\/RHMILC0PLw\">https:\/\/t.co\/RHMILC0PLw<\/a> <a href=\"https:\/\/t.co\/ZW8GDn4SqD\">pic.twitter.com\/ZW8GDn4SqD<\/a><\/p>\n<p>\u2014 francetvsport (@francetvsport) <a href=\"https:\/\/twitter.com\/francetvsport\/status\/1694268391995932695?ref_src=twsrc%5Etfw\">August 23, 2023<\/a><\/p><\/blockquote>\n<p><script async src=\"https:\/\/platform.twitter.com\/widgets.js\" charset=\"utf-8\"><\/script><\/p>\n<p style=\"text-align: justify;\">C&rsquo;est un 1\/3 pour la <strong>perche masculine<\/strong>. Apr\u00e8s une frayeur \u00e0 5.35 m, largement pass\u00e9 \u00e0 son 3e essai, <strong>Thibaut Collet<\/strong> a pass\u00e9 ses barres suivantes \u00e0 son premier essai. Au vu de la chaleur, l&rsquo;organisation a propos\u00e9 d&rsquo;arr\u00eater le concours \u00e0 5.75 m. Ce que les perchistes ont accept\u00e9. Ils seront donc 13 en finale.<\/p>\n<p style=\"text-align: justify;\">Appel\u00e9 de derni\u00e8re minute suite au forfait de Renaud Lavillenie, <strong>Ethan Cormont<\/strong>, 22 ans, participait \u00e0 ses premiers Mondiaux. Mais il a eu une saison estivale tronqu\u00e9e et n&rsquo;a pas particip\u00e9 aux Championnats de France suite \u00e0 une d\u00e9chirure au quadriceps). Pour son 4e concours en plein air de la saison, il a franchi 5.35 m et 5.55 m avant de buter \u00e0 5.70 m.<\/p>\n<blockquote>\n<p style=\"text-align: justify;\">D\u00e9\u00e7u oui et non dans le sens o\u00f9 je me fais les quadri il y a 1 mois et demi. Je n&rsquo;avais pas autant de pr\u00e9paration que les autres. Forc\u00e9ment \u00e0 5.70 m ce qu&rsquo;il manque c&rsquo;est, pas la pr\u00e9paration mais le nombre de s\u00e9ances de sauts que je pouvais faire.<\/p>\n<\/blockquote>\n<p>De son c\u00f4t\u00e9, <strong>Baptiste Thiery<\/strong>, a bien d\u00e9but\u00e9 \u00e0 5.35 m et 5.55 m. Avant de devoir s&rsquo;y reprendre \u00e0 3 fois \u00e0 5.70 m. Qui sera sa derni\u00e8re barre. \u00c0 5.75 m, il a utilis\u00e9 une perche qu&rsquo;il n&rsquo;avait jamais prise. Il n&rsquo;avait pas les r\u00e9glages en t\u00eate pour se r\u00e9gler. Cette perche lui permettra d&rsquo;aller plus haut mais pour le moment il ne la ma\u00eetrise pas encore.<\/p>\n<p style=\"text-align: justify;\"><strong>Pal Haugen Lillefosse<\/strong> a connu une saison en dents de scie. Le m\u00e9daill\u00e9 de bronze des championnats d&rsquo;Europe espoirs restait sur un concours arr\u00eat\u00e9 \u00e0 5.72 m \u00e0 Monaco. Mais aujourd&rsquo;hui, il ne sera pas parvenu \u00e0 passer sa premi\u00e8re barre de 5.35 m.<\/p>\n<blockquote class=\"twitter-tweet\">\n<p dir=\"ltr\" lang=\"fr\"><a href=\"https:\/\/twitter.com\/hashtag\/WorldAthleticsChamps?src=hash&amp;ref_src=twsrc%5Etfw\">#WorldAthleticsChamps<\/a> | \u00c7a devrait passer pour Thibault Collet en finale \ud83d\udd25<\/p>\n<p>Il passe 5,75m au premier essai \ud83e\udd29<\/p>\n<p>Suivez les Mondiaux en direct \ud83d\udc49 <a href=\"https:\/\/t.co\/RHMILC0PLw\">https:\/\/t.co\/RHMILC0PLw<\/a> <a href=\"https:\/\/t.co\/GNU0AW2SY9\">pic.twitter.com\/GNU0AW2SY9<\/a><\/p>\n<p>\u2014 francetvsport (@francetvsport) <a href=\"https:\/\/twitter.com\/francetvsport\/status\/1694291450156982471?ref_src=twsrc%5Etfw\">August 23, 2023<\/a><\/p><\/blockquote>\n<p><script async src=\"https:\/\/platform.twitter.com\/widgets.js\" charset=\"utf-8\"><\/script><\/p>\n<h2>Pas de miracle pour Jules Pommery<\/h2>\n<p style=\"text-align: justify;\">Remis d&rsquo;une blessure \u00e0 la cheville, <strong>Jules Pommery<\/strong> n&rsquo;a pas pass\u00e9 les qualifications de la<strong> longueur<\/strong>. En effet, lors de son point presse, il nous confiait qu&rsquo;il y a 10 jours, il avait eu une frayeur \u00e0 la cheville gauche (qui n&rsquo;est pas sa cheville d&rsquo;impulsion). Il s&rsquo;est fait une entorse externe \u00e0 l&rsquo;entra\u00eenement \u00e0 cause d&rsquo;un tapis mal plac\u00e9 \u00e0 l&rsquo;INSEP (il est descendu d&rsquo;un tapis de perche et il y avait un tapis de gym qui \u00e9tait \u00e0 cheval sur le sable et la piste et il a mis son pied entre les deux). Sous inflammatoires, il voulait donner le meilleur de lui-m\u00eame. Il a pu faire une course d&rsquo;\u00e9lan compl\u00e8te lors de sa reconnaissance \u00e0 Budapest mais il restait trop juste. Il mesure son 2e saut \u00e0 7.23 m.<\/p>\n<blockquote>\n<p style=\"text-align: justify;\">On ne peut pas battre les meilleurs mondiaux quand on est sur une jambe et demie et sur la retenue, c&rsquo;est pas magique. Le bon point \u00e0 tirer de \u00e7a c&rsquo;est qu&rsquo;on arrive quand m\u00eame \u00e0 s&rsquo;adapter au niveau des \u00e9l\u00e9ments de la course d&rsquo;\u00e9lan. Petit \u00e0 petit je sens que \u00e7a revient mais c&rsquo;est trop tard.<\/p>\n<p style=\"text-align: justify;\">Frustr\u00e9 parce que \u00e7a passe \u00e0 7.96 m environ, c&rsquo;est une perf&rsquo; qui apr\u00e8s les France ne me fait absolument pas peur. Je sors des France avec 8.12 m en ma\u00eetrisant ma vitesse et assez facilement m\u00eame si c&rsquo;est un peu vent\u00e9. Si on avait eu une pr\u00e9paration normale avec 3 semaines d&rsquo;aff\u00fbtage, 8 m c&rsquo;est un truc que j&rsquo;aurais fait facilement. Le seul fautif c&rsquo;est moi, maintenant il faut que je sois plus vigilant les saisons \u00e0 venir. On va s\u00e9curiser l&rsquo;environnement d&rsquo;entra\u00eenement et on va repartir. \u00c7a nourrit et \u00e7a donne envie.<\/p>\n<\/blockquote>\n<h2>L&rsquo;imbroglio Ryan Z\u00e9z\u00e9<\/h2>\n<p style=\"text-align: justify;\">\u00c9norme d\u00e9ception pour <strong>Ryan Z\u00e9z\u00e9<\/strong>. Le Fran\u00e7ais \u00e9tait ambitieux sur cette comp\u00e9tition et avait des bonnes sensations. L&rsquo;ann\u00e9e derni\u00e8re, il \u00e9tait \u00e0 Eugene mais avec le relais. Mais cette ann\u00e9e, il participait \u00e0 ses premiers Mondiaux sur 200 m.<\/p>\n<p style=\"text-align: justify;\">Malheureusement, il r\u00e9alise un faux d\u00e9part (0.083). Il a \u00e9t\u00e9 autoris\u00e9 \u00e0 courir \u00ab\u00a0sous protestation\u00a0\u00bb. Et il a r\u00e9alis\u00e9 une belle course, en battant son record personnel puisqu&rsquo;il termine autour des 20.17. Le jury devait statuer apr\u00e8s la course. Et malheureusement, la<strong> disqualification<\/strong> est confirm\u00e9e.<\/p>\n<blockquote class=\"twitter-tweet\">\n<p dir=\"ltr\" lang=\"fr\"><a href=\"https:\/\/twitter.com\/hashtag\/WorldAthleticsChamps?src=hash&amp;ref_src=twsrc%5Etfw\">#WorldAthleticsChamps<\/a> | \ud83c\uddeb\ud83c\uddf7 Auteur d&rsquo;une superbe course, le Fran\u00e7ais Ryan Z\u00e9z\u00e9 se classe troisi\u00e8me de sa s\u00e9rie et devrait se qualifier en 1\/2 finale&#8230; Malheureusement, les juges le disqualifient pour l&rsquo;instant.<\/p>\n<p>\ud83d\udc49 Suivez les Mondiaux : <a href=\"https:\/\/t.co\/RHMILC0PLw\">https:\/\/t.co\/RHMILC0PLw<\/a> <a href=\"https:\/\/t.co\/Giv0klvVqS\">pic.twitter.com\/Giv0klvVqS<\/a><\/p>\n<p>\u2014 francetvsport (@francetvsport) <a href=\"https:\/\/twitter.com\/francetvsport\/status\/1694306415253328031?ref_src=twsrc%5Etfw\">August 23, 2023<\/a><\/p><\/blockquote>\n<p><script async src=\"https:\/\/platform.twitter.com\/widgets.js\" charset=\"utf-8\"><\/script><\/p>\n<h2 style=\"text-align: justify;\">\u00c0 lire aussi<\/h2>\n<ul>\n<li style=\"text-align: justify;\"><a href=\"https:\/\/dicodusport.fr\/blog\/actualites\/athletisme\/championnats-du-monde-athletisme-2023\/\" target=\"_blank\" rel=\"noopener\"><strong>Calendrier et r\u00e9sultats des championnats du monde d&rsquo;athl\u00e9tisme<\/strong><\/a><\/li>\n<li style=\"text-align: justify;\"><a href=\"https:\/\/dicodusport.fr\/blog\/tableau-des-medailles-athletisme-championnats-du-monde-2023\/\" target=\"_blank\" rel=\"noopener\"><strong>Tableau des m\u00e9dailles<\/strong><\/a><\/li>\n<\/ul>\n","protected":false},"excerpt":{"rendered":"<p>CHAMPIONNATS DU MONDE D&rsquo;ATHL\u00c9TISME 2023 &#8211; R\u00e9sultats mitig\u00e9s pour les Bleus ce matin. R\u00e9nelle Lamote a pass\u00e9 les s\u00e9ries du 800 m et Thibaut Collet participera \u00e0 la finale de la perche.<\/p>\n","protected":false},"author":12,"featured_media":411210,"comment_status":"open","ping_status":"closed","sticky":false,"template":"","format":"standard","meta":{"_acf_changed":false,"_daextam_enable_autolinks":"","footnotes":""},"categories":[46997],"tags":[143,16878,5710,32334,1426,17945],"class_list":["post-411172","post","type-post","status-publish","format-standard","has-post-thumbnail","hentry","category-championnats-du-monde-athletisme","tag-athletisme","tag-breve","tag-renelle-lamote","tag-ryan-zeze","tag-saut-a-la-perche","tag-thibaut-collet"],"acf":[],"yoast_head":"<!-- This site is optimized with the Yoast SEO Premium plugin v26.7 (Yoast SEO v26.7) - https:\/\/yoast.com\/wordpress\/plugins\/seo\/ -->\n<title>Mondiaux d&#039;athl\u00e9tisme 2023 : Lamote, Collet, Z\u00e9z\u00e9, le r\u00e9sum\u00e9 de la matin\u00e9e des Fran\u00e7ais<\/title>\n<meta name=\"description\" content=\"R\u00e9sultats mitig\u00e9s pour les Bleus. R\u00e9nelle Lamote a pass\u00e9 les s\u00e9ries du 800 m et Thibaut Collet participera \u00e0 la finale de la perche.\" \/>\n<meta name=\"robots\" content=\"index, follow, max-snippet:-1, max-image-preview:large, max-video-preview:-1\" \/>\n<link rel=\"canonical\" href=\"https:\/\/dicodusport.fr\/blog\/mondiaux-dathletisme-2023-lamote-collet-zeze-le-resume-de-la-matinee-des-francais\/\" \/>\n<meta property=\"og:locale\" content=\"fr_FR\" \/>\n<meta property=\"og:type\" content=\"article\" \/>\n<meta property=\"og:title\" content=\"Mondiaux d&#039;athl\u00e9tisme 2023 : Lamote, Collet, Z\u00e9z\u00e9, le r\u00e9sum\u00e9 de la matin\u00e9e des Fran\u00e7ais\" \/>\n<meta property=\"og:description\" content=\"R\u00e9sultats mitig\u00e9s pour les Bleus. R\u00e9nelle Lamote a pass\u00e9 les s\u00e9ries du 800 m et Thibaut Collet participera \u00e0 la finale de la perche.\" \/>\n<meta property=\"og:url\" content=\"https:\/\/dicodusport.fr\/blog\/mondiaux-dathletisme-2023-lamote-collet-zeze-le-resume-de-la-matinee-des-francais\/\" \/>\n<meta property=\"og:site_name\" content=\"Dicodusport\" \/>\n<meta property=\"article:publisher\" content=\"https:\/\/www.facebook.com\/dicodusport\" \/>\n<meta property=\"article:published_time\" content=\"2023-08-23T11:16:50+00:00\" \/>\n<meta property=\"article:modified_time\" content=\"2023-08-23T17:15:46+00:00\" \/>\n<meta property=\"og:image\" content=\"https:\/\/dicodusport.fr\/blog\/wp-content\/uploads\/2023\/08\/Mondiaux-dathletisme-2023-Lamote-Collet-Zeze-le-resume-de-la-matinee-des-Francais.png\" \/>\n\t<meta property=\"og:image:width\" content=\"800\" \/>\n\t<meta property=\"og:image:height\" content=\"445\" \/>\n\t<meta property=\"og:image:type\" content=\"image\/png\" \/>\n<meta name=\"author\" content=\"Arlette Yeye\" \/>\n<meta name=\"twitter:card\" content=\"summary_large_image\" \/>\n<meta name=\"twitter:title\" content=\"Mondiaux d&#039;athl\u00e9tisme 2023 : Lamote, Collet, Z\u00e9z\u00e9, le r\u00e9sum\u00e9 de la matin\u00e9e des Fran\u00e7ais\" \/>\n<meta name=\"twitter:creator\" content=\"@https:\/\/twitter.com\/Shiclette94\" \/>\n<meta name=\"twitter:site\" content=\"@dicodusport\" \/>\n<script type=\"application\/ld+json\" class=\"yoast-schema-graph\">{\"@context\":\"https:\/\/schema.org\",\"@graph\":[{\"@type\":\"NewsArticle\",\"@id\":\"https:\/\/dicodusport.fr\/blog\/mondiaux-dathletisme-2023-lamote-collet-zeze-le-resume-de-la-matinee-des-francais\/#article\",\"isPartOf\":{\"@id\":\"https:\/\/dicodusport.fr\/blog\/mondiaux-dathletisme-2023-lamote-collet-zeze-le-resume-de-la-matinee-des-francais\/\"},\"author\":{\"name\":\"Arlette Yeye\",\"@id\":\"https:\/\/dicodusport.fr\/blog\/#\/schema\/person\/cce96fa88785bd8573e3d43078ac8c79\"},\"headline\":\"Mondiaux d&rsquo;athl\u00e9tisme 2023 : Lamote, Collet, Z\u00e9z\u00e9, le r\u00e9sum\u00e9 de la matin\u00e9e des Fran\u00e7ais\",\"datePublished\":\"2023-08-23T11:16:50+00:00\",\"dateModified\":\"2023-08-23T17:15:46+00:00\",\"mainEntityOfPage\":{\"@id\":\"https:\/\/dicodusport.fr\/blog\/mondiaux-dathletisme-2023-lamote-collet-zeze-le-resume-de-la-matinee-des-francais\/\"},\"wordCount\":1013,\"commentCount\":0,\"publisher\":{\"@id\":\"https:\/\/dicodusport.fr\/blog\/#organization\"},\"image\":{\"@id\":\"https:\/\/dicodusport.fr\/blog\/mondiaux-dathletisme-2023-lamote-collet-zeze-le-resume-de-la-matinee-des-francais\/#primaryimage\"},\"thumbnailUrl\":\"https:\/\/dicodusport.fr\/blog\/wp-content\/uploads\/2023\/08\/Mondiaux-dathletisme-2023-Lamote-Collet-Zeze-le-resume-de-la-matinee-des-Francais.png\",\"keywords\":[\"Athl\u00e9tisme\",\"br\u00e8ve\",\"R\u00e9nelle Lamote\",\"Ryan Z\u00e9z\u00e9\",\"saut \u00e0 la perche\",\"Thibaut Collet\"],\"articleSection\":[\"Championnats du monde d'athl\u00e9tisme\"],\"inLanguage\":\"fr-FR\",\"potentialAction\":[{\"@type\":\"CommentAction\",\"name\":\"Comment\",\"target\":[\"https:\/\/dicodusport.fr\/blog\/mondiaux-dathletisme-2023-lamote-collet-zeze-le-resume-de-la-matinee-des-francais\/#respond\"]}],\"copyrightYear\":\"2023\",\"copyrightHolder\":{\"@id\":\"https:\/\/dicodusport.fr\/blog\/#organization\"}},{\"@type\":\"WebPage\",\"@id\":\"https:\/\/dicodusport.fr\/blog\/mondiaux-dathletisme-2023-lamote-collet-zeze-le-resume-de-la-matinee-des-francais\/\",\"url\":\"https:\/\/dicodusport.fr\/blog\/mondiaux-dathletisme-2023-lamote-collet-zeze-le-resume-de-la-matinee-des-francais\/\",\"name\":\"Mondiaux d'athl\u00e9tisme 2023 : Lamote, Collet, Z\u00e9z\u00e9, le r\u00e9sum\u00e9 de la matin\u00e9e des Fran\u00e7ais\",\"isPartOf\":{\"@id\":\"https:\/\/dicodusport.fr\/blog\/#website\"},\"primaryImageOfPage\":{\"@id\":\"https:\/\/dicodusport.fr\/blog\/mondiaux-dathletisme-2023-lamote-collet-zeze-le-resume-de-la-matinee-des-francais\/#primaryimage\"},\"image\":{\"@id\":\"https:\/\/dicodusport.fr\/blog\/mondiaux-dathletisme-2023-lamote-collet-zeze-le-resume-de-la-matinee-des-francais\/#primaryimage\"},\"thumbnailUrl\":\"https:\/\/dicodusport.fr\/blog\/wp-content\/uploads\/2023\/08\/Mondiaux-dathletisme-2023-Lamote-Collet-Zeze-le-resume-de-la-matinee-des-Francais.png\",\"datePublished\":\"2023-08-23T11:16:50+00:00\",\"dateModified\":\"2023-08-23T17:15:46+00:00\",\"description\":\"R\u00e9sultats mitig\u00e9s pour les Bleus. R\u00e9nelle Lamote a pass\u00e9 les s\u00e9ries du 800 m et Thibaut Collet participera \u00e0 la finale de la perche.\",\"breadcrumb\":{\"@id\":\"https:\/\/dicodusport.fr\/blog\/mondiaux-dathletisme-2023-lamote-collet-zeze-le-resume-de-la-matinee-des-francais\/#breadcrumb\"},\"inLanguage\":\"fr-FR\",\"potentialAction\":[{\"@type\":\"ReadAction\",\"target\":[\"https:\/\/dicodusport.fr\/blog\/mondiaux-dathletisme-2023-lamote-collet-zeze-le-resume-de-la-matinee-des-francais\/\"]}]},{\"@type\":\"ImageObject\",\"inLanguage\":\"fr-FR\",\"@id\":\"https:\/\/dicodusport.fr\/blog\/mondiaux-dathletisme-2023-lamote-collet-zeze-le-resume-de-la-matinee-des-francais\/#primaryimage\",\"url\":\"https:\/\/dicodusport.fr\/blog\/wp-content\/uploads\/2023\/08\/Mondiaux-dathletisme-2023-Lamote-Collet-Zeze-le-resume-de-la-matinee-des-Francais.png\",\"contentUrl\":\"https:\/\/dicodusport.fr\/blog\/wp-content\/uploads\/2023\/08\/Mondiaux-dathletisme-2023-Lamote-Collet-Zeze-le-resume-de-la-matinee-des-Francais.png\",\"width\":800,\"height\":445,\"caption\":\"Mondiaux d'athl\u00e9tisme 2023 Lamote, Collet, Z\u00e9z\u00e9, le r\u00e9sum\u00e9 de la matin\u00e9e des Fran\u00e7ais\"},{\"@type\":\"BreadcrumbList\",\"@id\":\"https:\/\/dicodusport.fr\/blog\/mondiaux-dathletisme-2023-lamote-collet-zeze-le-resume-de-la-matinee-des-francais\/#breadcrumb\",\"itemListElement\":[{\"@type\":\"ListItem\",\"position\":1,\"name\":\"Accueil\",\"item\":\"https:\/\/dicodusport.fr\/blog\/\"},{\"@type\":\"ListItem\",\"position\":2,\"name\":\"Mondiaux d&rsquo;athl\u00e9tisme 2023 : Lamote, Collet, Z\u00e9z\u00e9, le r\u00e9sum\u00e9 de la matin\u00e9e des Fran\u00e7ais\"}]},{\"@type\":\"WebSite\",\"@id\":\"https:\/\/dicodusport.fr\/blog\/#website\",\"url\":\"https:\/\/dicodusport.fr\/blog\/\",\"name\":\"Dicodusport\",\"description\":\"L&#039;encyclop\u00e9die de l&#039;actualit\u00e9 sportive\",\"publisher\":{\"@id\":\"https:\/\/dicodusport.fr\/blog\/#organization\"},\"potentialAction\":[{\"@type\":\"SearchAction\",\"target\":{\"@type\":\"EntryPoint\",\"urlTemplate\":\"https:\/\/dicodusport.fr\/blog\/?s={search_term_string}\"},\"query-input\":{\"@type\":\"PropertyValueSpecification\",\"valueRequired\":true,\"valueName\":\"search_term_string\"}}],\"inLanguage\":\"fr-FR\"},{\"@type\":\"NewsMediaOrganization\",\"@id\":\"https:\/\/dicodusport.fr\/blog\/#organization\",\"name\":\"Dicodusport\",\"url\":\"https:\/\/dicodusport.fr\/blog\/\",\"logo\":{\"@type\":\"ImageObject\",\"inLanguage\":\"fr-FR\",\"@id\":\"https:\/\/dicodusport.fr\/blog\/#\/schema\/logo\/image\/\",\"url\":\"https:\/\/dicodusport.fr\/blog\/wp-content\/uploads\/2020\/06\/cropped-LOGO-DICODUSPORT-2020-SANS-FOND-SANS-TEXTE.png\",\"contentUrl\":\"https:\/\/dicodusport.fr\/blog\/wp-content\/uploads\/2020\/06\/cropped-LOGO-DICODUSPORT-2020-SANS-FOND-SANS-TEXTE.png\",\"width\":512,\"height\":512,\"caption\":\"Dicodusport\"},\"image\":{\"@id\":\"https:\/\/dicodusport.fr\/blog\/#\/schema\/logo\/image\/\"},\"sameAs\":[\"https:\/\/www.facebook.com\/dicodusport\",\"https:\/\/x.com\/dicodusport\",\"https:\/\/www.instagram.com\/dicodusport\/\",\"https:\/\/www.youtube.com\/channel\/UC7V2KZ5sd3htJivAbA4ZG3w\"],\"description\":\"Dicodusport est l'encyclop\u00e9die de l'actualit\u00e9 sportive.\",\"email\":\"bonjour@dicodusport.fr\",\"legalName\":\"DICODUSPORT\",\"foundingDate\":\"2018-01-14\",\"vatID\":\"FR71834470973\",\"taxID\":\"83447097300043\",\"numberOfEmployees\":{\"@type\":\"QuantitativeValue\",\"minValue\":\"1\",\"maxValue\":\"10\"}},{\"@type\":\"Person\",\"@id\":\"https:\/\/dicodusport.fr\/blog\/#\/schema\/person\/cce96fa88785bd8573e3d43078ac8c79\",\"name\":\"Arlette Yeye\",\"image\":{\"@type\":\"ImageObject\",\"inLanguage\":\"fr-FR\",\"@id\":\"https:\/\/dicodusport.fr\/blog\/#\/schema\/person\/image\/\",\"url\":\"https:\/\/secure.gravatar.com\/avatar\/dca4a6239e6d708e46c45d60e160de6c?s=96&d=wp_user_avatar&r=g\",\"contentUrl\":\"https:\/\/secure.gravatar.com\/avatar\/dca4a6239e6d708e46c45d60e160de6c?s=96&d=wp_user_avatar&r=g\",\"caption\":\"Arlette Yeye\"},\"description\":\"Journaliste\/r\u00e9dactrice depuis septembre 2015 - Supportrice de Chelsea, j'ai pour sports de pr\u00e9dilection le handball, l'athl\u00e9tisme et le tennis. Si je tweete plus vite que mon ombre, vous pouvez aussi me retrouver les week-ends sur les playgrounds de Bruxelles pour un petit foot ou basket entre potes. Parcourir la France, l'Europe et plus si affinit\u00e9s pour suivre mes sportifs pr\u00e9f\u00e9r\u00e9s ? Mon kif ! Et c'est avec plaisir que je partage les r\u00e9sultats des sports populaires mais \u00e9galement plus confidentiels pour Dicodusport.\",\"sameAs\":[\"https:\/\/x.com\/https:\/\/twitter.com\/Shiclette94\"],\"url\":\"https:\/\/dicodusport.fr\/blog\/author\/arlette\/\"}]}<\/script>\n<!-- \/ Yoast SEO Premium plugin. -->","yoast_head_json":{"title":"Mondiaux d'athl\u00e9tisme 2023 : Lamote, Collet, Z\u00e9z\u00e9, le r\u00e9sum\u00e9 de la matin\u00e9e des Fran\u00e7ais","description":"R\u00e9sultats mitig\u00e9s pour les Bleus. R\u00e9nelle Lamote a pass\u00e9 les s\u00e9ries du 800 m et Thibaut Collet participera \u00e0 la finale de la perche.","robots":{"index":"index","follow":"follow","max-snippet":"max-snippet:-1","max-image-preview":"max-image-preview:large","max-video-preview":"max-video-preview:-1"},"canonical":"https:\/\/dicodusport.fr\/blog\/mondiaux-dathletisme-2023-lamote-collet-zeze-le-resume-de-la-matinee-des-francais\/","og_locale":"fr_FR","og_type":"article","og_title":"Mondiaux d'athl\u00e9tisme 2023 : Lamote, Collet, Z\u00e9z\u00e9, le r\u00e9sum\u00e9 de la matin\u00e9e des Fran\u00e7ais","og_description":"R\u00e9sultats mitig\u00e9s pour les Bleus. R\u00e9nelle Lamote a pass\u00e9 les s\u00e9ries du 800 m et Thibaut Collet participera \u00e0 la finale de la perche.","og_url":"https:\/\/dicodusport.fr\/blog\/mondiaux-dathletisme-2023-lamote-collet-zeze-le-resume-de-la-matinee-des-francais\/","og_site_name":"Dicodusport","article_publisher":"https:\/\/www.facebook.com\/dicodusport","article_published_time":"2023-08-23T11:16:50+00:00","article_modified_time":"2023-08-23T17:15:46+00:00","og_image":[{"width":800,"height":445,"url":"https:\/\/dicodusport.fr\/blog\/wp-content\/uploads\/2023\/08\/Mondiaux-dathletisme-2023-Lamote-Collet-Zeze-le-resume-de-la-matinee-des-Francais.png","type":"image\/png"}],"author":"Arlette Yeye","twitter_card":"summary_large_image","twitter_title":"Mondiaux d'athl\u00e9tisme 2023 : Lamote, Collet, Z\u00e9z\u00e9, le r\u00e9sum\u00e9 de la matin\u00e9e des Fran\u00e7ais","twitter_creator":"@https:\/\/twitter.com\/Shiclette94","twitter_site":"@dicodusport","schema":{"@context":"https:\/\/schema.org","@graph":[{"@type":"NewsArticle","@id":"https:\/\/dicodusport.fr\/blog\/mondiaux-dathletisme-2023-lamote-collet-zeze-le-resume-de-la-matinee-des-francais\/#article","isPartOf":{"@id":"https:\/\/dicodusport.fr\/blog\/mondiaux-dathletisme-2023-lamote-collet-zeze-le-resume-de-la-matinee-des-francais\/"},"author":{"name":"Arlette Yeye","@id":"https:\/\/dicodusport.fr\/blog\/#\/schema\/person\/cce96fa88785bd8573e3d43078ac8c79"},"headline":"Mondiaux d&rsquo;athl\u00e9tisme 2023 : Lamote, Collet, Z\u00e9z\u00e9, le r\u00e9sum\u00e9 de la matin\u00e9e des Fran\u00e7ais","datePublished":"2023-08-23T11:16:50+00:00","dateModified":"2023-08-23T17:15:46+00:00","mainEntityOfPage":{"@id":"https:\/\/dicodusport.fr\/blog\/mondiaux-dathletisme-2023-lamote-collet-zeze-le-resume-de-la-matinee-des-francais\/"},"wordCount":1013,"commentCount":0,"publisher":{"@id":"https:\/\/dicodusport.fr\/blog\/#organization"},"image":{"@id":"https:\/\/dicodusport.fr\/blog\/mondiaux-dathletisme-2023-lamote-collet-zeze-le-resume-de-la-matinee-des-francais\/#primaryimage"},"thumbnailUrl":"https:\/\/dicodusport.fr\/blog\/wp-content\/uploads\/2023\/08\/Mondiaux-dathletisme-2023-Lamote-Collet-Zeze-le-resume-de-la-matinee-des-Francais.png","keywords":["Athl\u00e9tisme","br\u00e8ve","R\u00e9nelle Lamote","Ryan Z\u00e9z\u00e9","saut \u00e0 la perche","Thibaut Collet"],"articleSection":["Championnats du monde d'athl\u00e9tisme"],"inLanguage":"fr-FR","potentialAction":[{"@type":"CommentAction","name":"Comment","target":["https:\/\/dicodusport.fr\/blog\/mondiaux-dathletisme-2023-lamote-collet-zeze-le-resume-de-la-matinee-des-francais\/#respond"]}],"copyrightYear":"2023","copyrightHolder":{"@id":"https:\/\/dicodusport.fr\/blog\/#organization"}},{"@type":"WebPage","@id":"https:\/\/dicodusport.fr\/blog\/mondiaux-dathletisme-2023-lamote-collet-zeze-le-resume-de-la-matinee-des-francais\/","url":"https:\/\/dicodusport.fr\/blog\/mondiaux-dathletisme-2023-lamote-collet-zeze-le-resume-de-la-matinee-des-francais\/","name":"Mondiaux d'athl\u00e9tisme 2023 : Lamote, Collet, Z\u00e9z\u00e9, le r\u00e9sum\u00e9 de la matin\u00e9e des Fran\u00e7ais","isPartOf":{"@id":"https:\/\/dicodusport.fr\/blog\/#website"},"primaryImageOfPage":{"@id":"https:\/\/dicodusport.fr\/blog\/mondiaux-dathletisme-2023-lamote-collet-zeze-le-resume-de-la-matinee-des-francais\/#primaryimage"},"image":{"@id":"https:\/\/dicodusport.fr\/blog\/mondiaux-dathletisme-2023-lamote-collet-zeze-le-resume-de-la-matinee-des-francais\/#primaryimage"},"thumbnailUrl":"https:\/\/dicodusport.fr\/blog\/wp-content\/uploads\/2023\/08\/Mondiaux-dathletisme-2023-Lamote-Collet-Zeze-le-resume-de-la-matinee-des-Francais.png","datePublished":"2023-08-23T11:16:50+00:00","dateModified":"2023-08-23T17:15:46+00:00","description":"R\u00e9sultats mitig\u00e9s pour les Bleus. R\u00e9nelle Lamote a pass\u00e9 les s\u00e9ries du 800 m et Thibaut Collet participera \u00e0 la finale de la perche.","breadcrumb":{"@id":"https:\/\/dicodusport.fr\/blog\/mondiaux-dathletisme-2023-lamote-collet-zeze-le-resume-de-la-matinee-des-francais\/#breadcrumb"},"inLanguage":"fr-FR","potentialAction":[{"@type":"ReadAction","target":["https:\/\/dicodusport.fr\/blog\/mondiaux-dathletisme-2023-lamote-collet-zeze-le-resume-de-la-matinee-des-francais\/"]}]},{"@type":"ImageObject","inLanguage":"fr-FR","@id":"https:\/\/dicodusport.fr\/blog\/mondiaux-dathletisme-2023-lamote-collet-zeze-le-resume-de-la-matinee-des-francais\/#primaryimage","url":"https:\/\/dicodusport.fr\/blog\/wp-content\/uploads\/2023\/08\/Mondiaux-dathletisme-2023-Lamote-Collet-Zeze-le-resume-de-la-matinee-des-Francais.png","contentUrl":"https:\/\/dicodusport.fr\/blog\/wp-content\/uploads\/2023\/08\/Mondiaux-dathletisme-2023-Lamote-Collet-Zeze-le-resume-de-la-matinee-des-Francais.png","width":800,"height":445,"caption":"Mondiaux d'athl\u00e9tisme 2023 Lamote, Collet, Z\u00e9z\u00e9, le r\u00e9sum\u00e9 de la matin\u00e9e des Fran\u00e7ais"},{"@type":"BreadcrumbList","@id":"https:\/\/dicodusport.fr\/blog\/mondiaux-dathletisme-2023-lamote-collet-zeze-le-resume-de-la-matinee-des-francais\/#breadcrumb","itemListElement":[{"@type":"ListItem","position":1,"name":"Accueil","item":"https:\/\/dicodusport.fr\/blog\/"},{"@type":"ListItem","position":2,"name":"Mondiaux d&rsquo;athl\u00e9tisme 2023 : Lamote, Collet, Z\u00e9z\u00e9, le r\u00e9sum\u00e9 de la matin\u00e9e des Fran\u00e7ais"}]},{"@type":"WebSite","@id":"https:\/\/dicodusport.fr\/blog\/#website","url":"https:\/\/dicodusport.fr\/blog\/","name":"Dicodusport","description":"L&#039;encyclop\u00e9die de l&#039;actualit\u00e9 sportive","publisher":{"@id":"https:\/\/dicodusport.fr\/blog\/#organization"},"potentialAction":[{"@type":"SearchAction","target":{"@type":"EntryPoint","urlTemplate":"https:\/\/dicodusport.fr\/blog\/?s={search_term_string}"},"query-input":{"@type":"PropertyValueSpecification","valueRequired":true,"valueName":"search_term_string"}}],"inLanguage":"fr-FR"},{"@type":"NewsMediaOrganization","@id":"https:\/\/dicodusport.fr\/blog\/#organization","name":"Dicodusport","url":"https:\/\/dicodusport.fr\/blog\/","logo":{"@type":"ImageObject","inLanguage":"fr-FR","@id":"https:\/\/dicodusport.fr\/blog\/#\/schema\/logo\/image\/","url":"https:\/\/dicodusport.fr\/blog\/wp-content\/uploads\/2020\/06\/cropped-LOGO-DICODUSPORT-2020-SANS-FOND-SANS-TEXTE.png","contentUrl":"https:\/\/dicodusport.fr\/blog\/wp-content\/uploads\/2020\/06\/cropped-LOGO-DICODUSPORT-2020-SANS-FOND-SANS-TEXTE.png","width":512,"height":512,"caption":"Dicodusport"},"image":{"@id":"https:\/\/dicodusport.fr\/blog\/#\/schema\/logo\/image\/"},"sameAs":["https:\/\/www.facebook.com\/dicodusport","https:\/\/x.com\/dicodusport","https:\/\/www.instagram.com\/dicodusport\/","https:\/\/www.youtube.com\/channel\/UC7V2KZ5sd3htJivAbA4ZG3w"],"description":"Dicodusport est l'encyclop\u00e9die de l'actualit\u00e9 sportive.","email":"bonjour@dicodusport.fr","legalName":"DICODUSPORT","foundingDate":"2018-01-14","vatID":"FR71834470973","taxID":"83447097300043","numberOfEmployees":{"@type":"QuantitativeValue","minValue":"1","maxValue":"10"}},{"@type":"Person","@id":"https:\/\/dicodusport.fr\/blog\/#\/schema\/person\/cce96fa88785bd8573e3d43078ac8c79","name":"Arlette Yeye","image":{"@type":"ImageObject","inLanguage":"fr-FR","@id":"https:\/\/dicodusport.fr\/blog\/#\/schema\/person\/image\/","url":"https:\/\/secure.gravatar.com\/avatar\/dca4a6239e6d708e46c45d60e160de6c?s=96&d=wp_user_avatar&r=g","contentUrl":"https:\/\/secure.gravatar.com\/avatar\/dca4a6239e6d708e46c45d60e160de6c?s=96&d=wp_user_avatar&r=g","caption":"Arlette Yeye"},"description":"Journaliste\/r\u00e9dactrice depuis septembre 2015 - Supportrice de Chelsea, j'ai pour sports de pr\u00e9dilection le handball, l'athl\u00e9tisme et le tennis. Si je tweete plus vite que mon ombre, vous pouvez aussi me retrouver les week-ends sur les playgrounds de Bruxelles pour un petit foot ou basket entre potes. Parcourir la France, l'Europe et plus si affinit\u00e9s pour suivre mes sportifs pr\u00e9f\u00e9r\u00e9s ? Mon kif ! Et c'est avec plaisir que je partage les r\u00e9sultats des sports populaires mais \u00e9galement plus confidentiels pour Dicodusport.","sameAs":["https:\/\/x.com\/https:\/\/twitter.com\/Shiclette94"],"url":"https:\/\/dicodusport.fr\/blog\/author\/arlette\/"}]}},"_links":{"self":[{"href":"https:\/\/dicodusport.fr\/blog\/wp-json\/wp\/v2\/posts\/411172","targetHints":{"allow":["GET"]}}],"collection":[{"href":"https:\/\/dicodusport.fr\/blog\/wp-json\/wp\/v2\/posts"}],"about":[{"href":"https:\/\/dicodusport.fr\/blog\/wp-json\/wp\/v2\/types\/post"}],"author":[{"embeddable":true,"href":"https:\/\/dicodusport.fr\/blog\/wp-json\/wp\/v2\/users\/12"}],"replies":[{"embeddable":true,"href":"https:\/\/dicodusport.fr\/blog\/wp-json\/wp\/v2\/comments?post=411172"}],"version-history":[{"count":0,"href":"https:\/\/dicodusport.fr\/blog\/wp-json\/wp\/v2\/posts\/411172\/revisions"}],"wp:featuredmedia":[{"embeddable":true,"href":"https:\/\/dicodusport.fr\/blog\/wp-json\/wp\/v2\/media\/411210"}],"wp:attachment":[{"href":"https:\/\/dicodusport.fr\/blog\/wp-json\/wp\/v2\/media?parent=411172"}],"wp:term":[{"taxonomy":"category","embeddable":true,"href":"https:\/\/dicodusport.fr\/blog\/wp-json\/wp\/v2\/categories?post=411172"},{"taxonomy":"post_tag","embeddable":true,"href":"https:\/\/dicodusport.fr\/blog\/wp-json\/wp\/v2\/tags?post=411172"}],"curies":[{"name":"wp","href":"https:\/\/api.w.org\/{rel}","templated":true}]}}