{"id":411466,"date":"2023-08-24T09:15:48","date_gmt":"2023-08-24T07:15:48","guid":{"rendered":"https:\/\/dicodusport.fr\/blog\/?p=411466&#038;preview=true&#038;preview_id=411466"},"modified":"2023-08-24T16:09:41","modified_gmt":"2023-08-24T14:09:41","slug":"circuit-atp-john-isner-tirera-sa-reverence-apres-lus-open","status":"publish","type":"post","link":"https:\/\/dicodusport.fr\/blog\/circuit-atp-john-isner-tirera-sa-reverence-apres-lus-open\/","title":{"rendered":"Circuit ATP : John Isner tirera sa r\u00e9v\u00e9rence apr\u00e8s l&rsquo;US Open"},"content":{"rendered":"<p style=\"text-align: justify;\" align=\"justify\"><em><strong>SAISON ATP 2023 &#8211; C&rsquo;est sur les r\u00e9seaux sociaux que John Isner, le g\u00e9ant am\u00e9ricain, a annonc\u00e9 mercredi qu&rsquo;il terminerait sa carri\u00e8re sur les courts de Flushing Meadows dans le cadre du prochain US Open. Retour sur sa riche carri\u00e8re, dont un match marathon m\u00e9morable.<br \/>\n<\/strong><\/em><\/p>\n<p style=\"text-align: justify;\" align=\"justify\">L&rsquo;ancien num\u00e9ro 8 mondial, en 2018,<strong> John Isner<\/strong> a pr\u00e9venu ses fans qu&rsquo;il effectuerait ses derniers \u00e9changes en tant que tennisman professionnel dans le cadre du prochain US Open. Nous ne verrons plus le g\u00e9ant (1m96) de Caroline du Nord claquer des aces tout autour du globe.<\/p>\n<blockquote class=\"twitter-tweet\">\n<p dir=\"ltr\" lang=\"en\">After 17+ years on the \u2066<a href=\"https:\/\/twitter.com\/atptour?ref_src=twsrc%5Etfw\">@atptour<\/a>\u2069, it\u2019s time to say goodbye to professional tennis. This transition won\u2019t be easy but I\u2019m looking forward to every second of it with my amazing family.<\/p>\n<p>The \u2066<a href=\"https:\/\/twitter.com\/usopen?ref_src=twsrc%5Etfw\">@usopen<\/a>\u2069 will be my final event. Time to lace \u2018em up one last time. \u2764\ufe0f \u2665\ufe0f \ud83d\udc9c <a href=\"https:\/\/t.co\/GyRTXGNK8G\">pic.twitter.com\/GyRTXGNK8G<\/a><\/p>\n<p>\u2014 John Isner (@JohnIsner) <a href=\"https:\/\/twitter.com\/JohnIsner\/status\/1694481816130928906?ref_src=twsrc%5Etfw\">August 23, 2023<\/a><\/p><\/blockquote>\n<p style=\"text-align: justify;\"><script async src=\"https:\/\/platform.twitter.com\/widgets.js\" charset=\"utf-8\"><\/script><\/p>\n<blockquote>\n<p style=\"text-align: justify;\" align=\"justify\">Apr\u00e8s plus de 17 sur le circuit ATP, il est temps de dire au revoir au tennis professionnel. Cette transition ne sera pas facile mais j\u2019attends avec impatience chaque seconde de celle-ci avec mon incroyable famille. L&rsquo;US Open sera mon dernier tournoi, il temps de lacer mes chaussures une derni\u00e8re fois.<\/p>\n<\/blockquote>\n<h2 style=\"text-align: justify;\" align=\"justify\">Des aces et des records<\/h2>\n<p style=\"text-align: justify;\" align=\"justify\"><strong>John<\/strong> <strong>Isner<\/strong> est l&rsquo;un des plus gros serveurs sur le circuit. Il claque les aces comme certains s&rsquo;enfilent des hot dogs \u00e0 une foire de quartier. Il poss\u00e8de en effet le record du nombre d&rsquo;aces r\u00e9alis\u00e9s avec<strong> 14 411 <\/strong>! Il a \u00e9galement le service le plus rapide en tournoi avec, <strong>253 km\/h<\/strong> en Coupe Davis. Il a longtemps \u00e9t\u00e9 le fer de lance du pays de l&rsquo;Oncle Sam dans l&rsquo;univers de la petite balle jaune en terminant meilleur am\u00e9ricain au classement de fin d&rsquo;ann\u00e9e entre 2012 et 2020. Il est m\u00eame rest\u00e9 dans le Top 20 entre 2010 et 2019, preuve aussi de sa r\u00e9gularit\u00e9.<\/p>\n<p style=\"text-align: justify;\" align=\"justify\">2010 est aussi l&rsquo;ann\u00e9e qu&rsquo;il l&rsquo;a fait conna\u00eetre au grand public. C&rsquo;est en effet \u00e0 <strong>Wimbledon<\/strong> que sa notori\u00e9t\u00e9 s&rsquo;est faite. Alors, en d\u00e9but de carri\u00e8re, il s&rsquo;est retrouv\u00e9 embarqu\u00e9 dans le match le plus long de l&rsquo;histoire au 1er tour. Face au Fran\u00e7ais <strong>Nicolas<\/strong> <strong>Mahut<\/strong>, la partie a dur\u00e9 11h05 sur trois jours\u202f! Avec un dernier set conclu sur le score de <strong>70-68<\/strong>, bon nombres de records ont \u00e9t\u00e9 pulv\u00e9ris\u00e9s ce jour-l\u00e0, dont le nombre d&rsquo;aces pour un joueur. Ainsi, John Isner en a r\u00e9colt\u00e9 pas moins de 113 sur les 5 sets.<\/p>\n<blockquote class=\"twitter-tweet\">\n<p dir=\"ltr\" lang=\"fr\">Trois jours, 11 heures et 5 minutes de match. 70-68 au 5\u00e8me set. Isner-Mahut, pour l&rsquo;\u00e9ternit\u00e9 <a href=\"https:\/\/t.co\/6JcmAEdYIw\">pic.twitter.com\/6JcmAEdYIw<\/a><\/p>\n<p>\u2014 Perdants magnifiques (@TousPoulidor) <a href=\"https:\/\/twitter.com\/TousPoulidor\/status\/1561249240516640770?ref_src=twsrc%5Etfw\">August 21, 2022<\/a><\/p><\/blockquote>\n<p style=\"text-align: justify;\"><script async src=\"https:\/\/platform.twitter.com\/widgets.js\" charset=\"utf-8\"><\/script><\/p>\n<p style=\"text-align: justify;\" align=\"justify\">Si l&rsquo;Am\u00e9ricain s&rsquo;incline au tour suivant, son nom restera \u00e0 jamais connu et grav\u00e9 sur une plaque \u00e0 Wimbledon. C&rsquo;est d&rsquo;ailleurs sur le gazon anglais, propice aux aces, que <strong>John<\/strong> <strong>Isner<\/strong> a r\u00e9alis\u00e9 son meilleur parcours en Grand Chelem : demi-finale en 2018. Il y est d\u00e9fait par le Sud-Africain <strong>Kevin<\/strong> <strong>Anderson<\/strong> en 5 sets, avec encore un dernier set marathon (<strong>26-24<\/strong>).<\/p>\n<h2 style=\"text-align: justify;\" align=\"justify\">2018, sa meilleure ann\u00e9e<\/h2>\n<p style=\"text-align: justify;\" align=\"justify\">Outre sa demi-finale \u00e0 Londres, il remporte aussi un tournoi important en 2018 : le <strong>Masters 1000 de Miami<\/strong> face \u00e0 <strong>Alexander Zverev<\/strong>. Plus t\u00f4t dans la saison, il remporte le double \u00e0 <strong>Indian Wells<\/strong>. Sa r\u00e9gularit\u00e9 dans l&rsquo;ann\u00e9e l&rsquo;am\u00e8nera aux ATP Finals en fin d&rsquo;ann\u00e9e. Pour sa seule participation, il perd ses trois rencontres de poules et termine finalement 10\u00e8me au classement ATP.<\/p>\n<p style=\"text-align: justify;\" align=\"justify\">Finalement, <strong>John Isner <\/strong>aura remport\u00e9 16 titres en simple pour 31 finales. Il perd 4 fois en finale de Masters 1000 contre <strong>Rafael Nadal<\/strong>, <strong>Andy<\/strong> <strong>Murray<\/strong> et <strong>Roger<\/strong> <strong>Federer<\/strong> 2 fois. Il a \u00e9galement un palmar\u00e8s fourni en double avec 8 titres, dont 5 Masters 1000, et six d\u00e9faites.<\/p>\n<ul>\n<li style=\"text-align: justify;\">488 victoires &#8211; 316 d\u00e9faites<\/li>\n<li style=\"text-align: justify;\">tie-breaks : 504 gagn\u00e9s &#8211; 332 perdus<\/li>\n<li style=\"text-align: justify;\">matchs contre le Top 10: 29 victoires &#8211; 80 d\u00e9faites<\/li>\n<li style=\"text-align: justify;\">sets d\u00e9cisifs (3\u00e8me ou 5\u00e8me): 180 gagn\u00e9 &#8211; 142 perdus<\/li>\n<\/ul>\n","protected":false},"excerpt":{"rendered":"<p>SAISON ATP 2023 &#8211; C&rsquo;est sur les r\u00e9seaux sociaux que John Isner, le g\u00e9ant am\u00e9ricain, a annonc\u00e9 mercredi qu&rsquo;il terminerait sa carri\u00e8re sur les courts de Flushing Meadows dans le cadre du prochain US Open. Retour sur sa riche carri\u00e8re, dont un match marathon m\u00e9morable.<\/p>\n","protected":false},"author":10,"featured_media":411490,"comment_status":"open","ping_status":"closed","sticky":false,"template":"","format":"standard","meta":{"_acf_changed":false,"_daextam_enable_autolinks":"","footnotes":""},"categories":[47091],"tags":[16878,4639,2541,1463],"class_list":["post-411466","post","type-post","status-publish","format-standard","has-post-thumbnail","hentry","category-us-open","tag-breve","tag-john-isner","tag-nicolas-mahut","tag-us-open"],"acf":[],"yoast_head":"<!-- This site is optimized with the Yoast SEO Premium plugin v26.7 (Yoast SEO v26.7) - https:\/\/yoast.com\/wordpress\/plugins\/seo\/ -->\n<title>Circuit ATP : John Isner tirera sa r\u00e9v\u00e9rence apr\u00e8s l&#039;US Open<\/title>\n<meta name=\"description\" content=\"SAISON ATP 2023 - John Isner, le g\u00e9ant am\u00e9ricain, a annonc\u00e9 mercredi qu&#039;il terminerait sa carri\u00e8re sur les courts de Flushing Meadows.\" \/>\n<meta name=\"robots\" content=\"index, follow, max-snippet:-1, max-image-preview:large, max-video-preview:-1\" \/>\n<link rel=\"canonical\" href=\"https:\/\/dicodusport.fr\/blog\/circuit-atp-john-isner-tirera-sa-reverence-apres-lus-open\/\" \/>\n<meta property=\"og:locale\" content=\"fr_FR\" \/>\n<meta property=\"og:type\" content=\"article\" \/>\n<meta property=\"og:title\" content=\"Circuit ATP : John Isner tirera sa r\u00e9v\u00e9rence apr\u00e8s l&#039;US Open\" \/>\n<meta property=\"og:description\" content=\"SAISON ATP 2023 - John Isner, le g\u00e9ant am\u00e9ricain, a annonc\u00e9 mercredi qu&#039;il terminerait sa carri\u00e8re sur les courts de Flushing Meadows.\" \/>\n<meta property=\"og:url\" content=\"https:\/\/dicodusport.fr\/blog\/circuit-atp-john-isner-tirera-sa-reverence-apres-lus-open\/\" \/>\n<meta property=\"og:site_name\" content=\"Dicodusport\" \/>\n<meta property=\"article:publisher\" content=\"https:\/\/www.facebook.com\/dicodusport\" \/>\n<meta property=\"article:published_time\" content=\"2023-08-24T07:15:48+00:00\" \/>\n<meta property=\"article:modified_time\" content=\"2023-08-24T14:09:41+00:00\" \/>\n<meta property=\"og:image\" content=\"https:\/\/dicodusport.fr\/blog\/wp-content\/uploads\/2023\/08\/Circuit-ATP-John-Isner-tirera-sa-reverence-apres-lUS-Open.png\" \/>\n\t<meta property=\"og:image:width\" content=\"800\" \/>\n\t<meta property=\"og:image:height\" content=\"445\" \/>\n\t<meta property=\"og:image:type\" content=\"image\/png\" \/>\n<meta name=\"author\" content=\"Damien Meunier\" \/>\n<meta name=\"twitter:card\" content=\"summary_large_image\" \/>\n<meta name=\"twitter:title\" content=\"Circuit ATP : John Isner tirera sa r\u00e9v\u00e9rence apr\u00e8s l&#039;US Open\" \/>\n<meta name=\"twitter:creator\" content=\"@https:\/\/x.com\/DamienMeunier69\" \/>\n<meta name=\"twitter:site\" content=\"@dicodusport\" \/>\n<script type=\"application\/ld+json\" class=\"yoast-schema-graph\">{\"@context\":\"https:\/\/schema.org\",\"@graph\":[{\"@type\":\"NewsArticle\",\"@id\":\"https:\/\/dicodusport.fr\/blog\/circuit-atp-john-isner-tirera-sa-reverence-apres-lus-open\/#article\",\"isPartOf\":{\"@id\":\"https:\/\/dicodusport.fr\/blog\/circuit-atp-john-isner-tirera-sa-reverence-apres-lus-open\/\"},\"author\":{\"name\":\"Damien Meunier\",\"@id\":\"https:\/\/dicodusport.fr\/blog\/#\/schema\/person\/7ce262eb34bbc1847cff5f60345d4735\"},\"headline\":\"Circuit ATP : John Isner tirera sa r\u00e9v\u00e9rence apr\u00e8s l&rsquo;US Open\",\"datePublished\":\"2023-08-24T07:15:48+00:00\",\"dateModified\":\"2023-08-24T14:09:41+00:00\",\"mainEntityOfPage\":{\"@id\":\"https:\/\/dicodusport.fr\/blog\/circuit-atp-john-isner-tirera-sa-reverence-apres-lus-open\/\"},\"wordCount\":676,\"commentCount\":0,\"publisher\":{\"@id\":\"https:\/\/dicodusport.fr\/blog\/#organization\"},\"image\":{\"@id\":\"https:\/\/dicodusport.fr\/blog\/circuit-atp-john-isner-tirera-sa-reverence-apres-lus-open\/#primaryimage\"},\"thumbnailUrl\":\"https:\/\/dicodusport.fr\/blog\/wp-content\/uploads\/2023\/08\/Circuit-ATP-John-Isner-tirera-sa-reverence-apres-lUS-Open.png\",\"keywords\":[\"br\u00e8ve\",\"John Isner\",\"Nicolas Mahut\",\"US Open\"],\"articleSection\":[\"US Open\"],\"inLanguage\":\"fr-FR\",\"potentialAction\":[{\"@type\":\"CommentAction\",\"name\":\"Comment\",\"target\":[\"https:\/\/dicodusport.fr\/blog\/circuit-atp-john-isner-tirera-sa-reverence-apres-lus-open\/#respond\"]}],\"copyrightYear\":\"2023\",\"copyrightHolder\":{\"@id\":\"https:\/\/dicodusport.fr\/blog\/#organization\"}},{\"@type\":\"WebPage\",\"@id\":\"https:\/\/dicodusport.fr\/blog\/circuit-atp-john-isner-tirera-sa-reverence-apres-lus-open\/\",\"url\":\"https:\/\/dicodusport.fr\/blog\/circuit-atp-john-isner-tirera-sa-reverence-apres-lus-open\/\",\"name\":\"Circuit ATP : John Isner tirera sa r\u00e9v\u00e9rence apr\u00e8s l'US Open\",\"isPartOf\":{\"@id\":\"https:\/\/dicodusport.fr\/blog\/#website\"},\"primaryImageOfPage\":{\"@id\":\"https:\/\/dicodusport.fr\/blog\/circuit-atp-john-isner-tirera-sa-reverence-apres-lus-open\/#primaryimage\"},\"image\":{\"@id\":\"https:\/\/dicodusport.fr\/blog\/circuit-atp-john-isner-tirera-sa-reverence-apres-lus-open\/#primaryimage\"},\"thumbnailUrl\":\"https:\/\/dicodusport.fr\/blog\/wp-content\/uploads\/2023\/08\/Circuit-ATP-John-Isner-tirera-sa-reverence-apres-lUS-Open.png\",\"datePublished\":\"2023-08-24T07:15:48+00:00\",\"dateModified\":\"2023-08-24T14:09:41+00:00\",\"description\":\"SAISON ATP 2023 - John Isner, le g\u00e9ant am\u00e9ricain, a annonc\u00e9 mercredi qu'il terminerait sa carri\u00e8re sur les courts de Flushing Meadows.\",\"breadcrumb\":{\"@id\":\"https:\/\/dicodusport.fr\/blog\/circuit-atp-john-isner-tirera-sa-reverence-apres-lus-open\/#breadcrumb\"},\"inLanguage\":\"fr-FR\",\"potentialAction\":[{\"@type\":\"ReadAction\",\"target\":[\"https:\/\/dicodusport.fr\/blog\/circuit-atp-john-isner-tirera-sa-reverence-apres-lus-open\/\"]}]},{\"@type\":\"ImageObject\",\"inLanguage\":\"fr-FR\",\"@id\":\"https:\/\/dicodusport.fr\/blog\/circuit-atp-john-isner-tirera-sa-reverence-apres-lus-open\/#primaryimage\",\"url\":\"https:\/\/dicodusport.fr\/blog\/wp-content\/uploads\/2023\/08\/Circuit-ATP-John-Isner-tirera-sa-reverence-apres-lUS-Open.png\",\"contentUrl\":\"https:\/\/dicodusport.fr\/blog\/wp-content\/uploads\/2023\/08\/Circuit-ATP-John-Isner-tirera-sa-reverence-apres-lUS-Open.png\",\"width\":800,\"height\":445,\"caption\":\"Circuit ATP John Isner tirera sa r\u00e9v\u00e9rence apr\u00e8s l'US Open\"},{\"@type\":\"BreadcrumbList\",\"@id\":\"https:\/\/dicodusport.fr\/blog\/circuit-atp-john-isner-tirera-sa-reverence-apres-lus-open\/#breadcrumb\",\"itemListElement\":[{\"@type\":\"ListItem\",\"position\":1,\"name\":\"Accueil\",\"item\":\"https:\/\/dicodusport.fr\/blog\/\"},{\"@type\":\"ListItem\",\"position\":2,\"name\":\"Circuit ATP : John Isner tirera sa r\u00e9v\u00e9rence apr\u00e8s l&rsquo;US Open\"}]},{\"@type\":\"WebSite\",\"@id\":\"https:\/\/dicodusport.fr\/blog\/#website\",\"url\":\"https:\/\/dicodusport.fr\/blog\/\",\"name\":\"Dicodusport\",\"description\":\"L&#039;encyclop\u00e9die de l&#039;actualit\u00e9 sportive\",\"publisher\":{\"@id\":\"https:\/\/dicodusport.fr\/blog\/#organization\"},\"potentialAction\":[{\"@type\":\"SearchAction\",\"target\":{\"@type\":\"EntryPoint\",\"urlTemplate\":\"https:\/\/dicodusport.fr\/blog\/?s={search_term_string}\"},\"query-input\":{\"@type\":\"PropertyValueSpecification\",\"valueRequired\":true,\"valueName\":\"search_term_string\"}}],\"inLanguage\":\"fr-FR\"},{\"@type\":\"NewsMediaOrganization\",\"@id\":\"https:\/\/dicodusport.fr\/blog\/#organization\",\"name\":\"Dicodusport\",\"url\":\"https:\/\/dicodusport.fr\/blog\/\",\"logo\":{\"@type\":\"ImageObject\",\"inLanguage\":\"fr-FR\",\"@id\":\"https:\/\/dicodusport.fr\/blog\/#\/schema\/logo\/image\/\",\"url\":\"https:\/\/dicodusport.fr\/blog\/wp-content\/uploads\/2020\/06\/cropped-LOGO-DICODUSPORT-2020-SANS-FOND-SANS-TEXTE.png\",\"contentUrl\":\"https:\/\/dicodusport.fr\/blog\/wp-content\/uploads\/2020\/06\/cropped-LOGO-DICODUSPORT-2020-SANS-FOND-SANS-TEXTE.png\",\"width\":512,\"height\":512,\"caption\":\"Dicodusport\"},\"image\":{\"@id\":\"https:\/\/dicodusport.fr\/blog\/#\/schema\/logo\/image\/\"},\"sameAs\":[\"https:\/\/www.facebook.com\/dicodusport\",\"https:\/\/x.com\/dicodusport\",\"https:\/\/www.instagram.com\/dicodusport\/\",\"https:\/\/www.youtube.com\/channel\/UC7V2KZ5sd3htJivAbA4ZG3w\"],\"description\":\"Dicodusport est l'encyclop\u00e9die de l'actualit\u00e9 sportive.\",\"email\":\"bonjour@dicodusport.fr\",\"legalName\":\"DICODUSPORT\",\"foundingDate\":\"2018-01-14\",\"vatID\":\"FR71834470973\",\"taxID\":\"83447097300043\",\"numberOfEmployees\":{\"@type\":\"QuantitativeValue\",\"minValue\":\"1\",\"maxValue\":\"10\"}},{\"@type\":\"Person\",\"@id\":\"https:\/\/dicodusport.fr\/blog\/#\/schema\/person\/7ce262eb34bbc1847cff5f60345d4735\",\"name\":\"Damien Meunier\",\"image\":{\"@type\":\"ImageObject\",\"inLanguage\":\"fr-FR\",\"@id\":\"https:\/\/dicodusport.fr\/blog\/#\/schema\/person\/image\/\",\"url\":\"https:\/\/secure.gravatar.com\/avatar\/dfe0549a73ac21bb20dfdf302b222ba2?s=96&d=wp_user_avatar&r=g\",\"contentUrl\":\"https:\/\/secure.gravatar.com\/avatar\/dfe0549a73ac21bb20dfdf302b222ba2?s=96&d=wp_user_avatar&r=g\",\"caption\":\"Damien Meunier\"},\"description\":\"Journaliste\/r\u00e9dacteur depuis d\u00e9cembre 2016 - Amateur professionnel de sport, d\u2019abord le football, j\u2019aurais pu en faire mon m\u00e9tier. Mais bon, vous savez les \u2026 non, pas les crois\u00e9s, ils vont bien eux. Juste un manque de talent, de technique et de niveau surtout. Mais cette passion est ancr\u00e9e en moi telle la pomme dans la tarte tatin. Le c\u00f4t\u00e9 suiveur\/supporter est \u00e9videmment important au quotidien, que ce soit un soir de juillet 1998 en banlieue lyonnaise ou de juillet 2018 \u00e0 Montr\u00e9al. Car oui, depuis ma France natale, j\u2019ai migr\u00e9 outre-Atlantique, au pays des caribous. L\u00e0, le football se joue \u00e0 la main et non au pied. Et surtout, la religion sportive est plut\u00f4t froide et se joue avec une crosse. Non, ce n\u2019est pas le curling ni le Lacrosse, encore que, mais le hockey sur glace. Une autre vision, une autre culture. On troque les crudit\u00e9s devant la t\u00e9l\u00e9 pour une poutine et on s\u2019installe avec notre chandail pour suivre cela. Et en moins de temps qu\u2019il ne faut pour le dire, ou la vitesse d\u2019un slap shot de McDavid ou un arr\u00eat de la mitaine de Price, j\u2019\u00e9cris sur de l\u2019actualit\u00e9 par ici mais aussi le sport f\u00e9minin, pas assez mis en avant.\",\"sameAs\":[\"https:\/\/x.com\/https:\/\/x.com\/DamienMeunier69\"],\"url\":\"https:\/\/dicodusport.fr\/blog\/author\/damien-m\/\"}]}<\/script>\n<!-- \/ Yoast SEO Premium plugin. -->","yoast_head_json":{"title":"Circuit ATP : John Isner tirera sa r\u00e9v\u00e9rence apr\u00e8s l'US Open","description":"SAISON ATP 2023 - John Isner, le g\u00e9ant am\u00e9ricain, a annonc\u00e9 mercredi qu'il terminerait sa carri\u00e8re sur les courts de Flushing Meadows.","robots":{"index":"index","follow":"follow","max-snippet":"max-snippet:-1","max-image-preview":"max-image-preview:large","max-video-preview":"max-video-preview:-1"},"canonical":"https:\/\/dicodusport.fr\/blog\/circuit-atp-john-isner-tirera-sa-reverence-apres-lus-open\/","og_locale":"fr_FR","og_type":"article","og_title":"Circuit ATP : John Isner tirera sa r\u00e9v\u00e9rence apr\u00e8s l'US Open","og_description":"SAISON ATP 2023 - John Isner, le g\u00e9ant am\u00e9ricain, a annonc\u00e9 mercredi qu'il terminerait sa carri\u00e8re sur les courts de Flushing Meadows.","og_url":"https:\/\/dicodusport.fr\/blog\/circuit-atp-john-isner-tirera-sa-reverence-apres-lus-open\/","og_site_name":"Dicodusport","article_publisher":"https:\/\/www.facebook.com\/dicodusport","article_published_time":"2023-08-24T07:15:48+00:00","article_modified_time":"2023-08-24T14:09:41+00:00","og_image":[{"width":800,"height":445,"url":"https:\/\/dicodusport.fr\/blog\/wp-content\/uploads\/2023\/08\/Circuit-ATP-John-Isner-tirera-sa-reverence-apres-lUS-Open.png","type":"image\/png"}],"author":"Damien Meunier","twitter_card":"summary_large_image","twitter_title":"Circuit ATP : John Isner tirera sa r\u00e9v\u00e9rence apr\u00e8s l'US Open","twitter_creator":"@https:\/\/x.com\/DamienMeunier69","twitter_site":"@dicodusport","schema":{"@context":"https:\/\/schema.org","@graph":[{"@type":"NewsArticle","@id":"https:\/\/dicodusport.fr\/blog\/circuit-atp-john-isner-tirera-sa-reverence-apres-lus-open\/#article","isPartOf":{"@id":"https:\/\/dicodusport.fr\/blog\/circuit-atp-john-isner-tirera-sa-reverence-apres-lus-open\/"},"author":{"name":"Damien Meunier","@id":"https:\/\/dicodusport.fr\/blog\/#\/schema\/person\/7ce262eb34bbc1847cff5f60345d4735"},"headline":"Circuit ATP : John Isner tirera sa r\u00e9v\u00e9rence apr\u00e8s l&rsquo;US Open","datePublished":"2023-08-24T07:15:48+00:00","dateModified":"2023-08-24T14:09:41+00:00","mainEntityOfPage":{"@id":"https:\/\/dicodusport.fr\/blog\/circuit-atp-john-isner-tirera-sa-reverence-apres-lus-open\/"},"wordCount":676,"commentCount":0,"publisher":{"@id":"https:\/\/dicodusport.fr\/blog\/#organization"},"image":{"@id":"https:\/\/dicodusport.fr\/blog\/circuit-atp-john-isner-tirera-sa-reverence-apres-lus-open\/#primaryimage"},"thumbnailUrl":"https:\/\/dicodusport.fr\/blog\/wp-content\/uploads\/2023\/08\/Circuit-ATP-John-Isner-tirera-sa-reverence-apres-lUS-Open.png","keywords":["br\u00e8ve","John Isner","Nicolas Mahut","US Open"],"articleSection":["US Open"],"inLanguage":"fr-FR","potentialAction":[{"@type":"CommentAction","name":"Comment","target":["https:\/\/dicodusport.fr\/blog\/circuit-atp-john-isner-tirera-sa-reverence-apres-lus-open\/#respond"]}],"copyrightYear":"2023","copyrightHolder":{"@id":"https:\/\/dicodusport.fr\/blog\/#organization"}},{"@type":"WebPage","@id":"https:\/\/dicodusport.fr\/blog\/circuit-atp-john-isner-tirera-sa-reverence-apres-lus-open\/","url":"https:\/\/dicodusport.fr\/blog\/circuit-atp-john-isner-tirera-sa-reverence-apres-lus-open\/","name":"Circuit ATP : John Isner tirera sa r\u00e9v\u00e9rence apr\u00e8s l'US Open","isPartOf":{"@id":"https:\/\/dicodusport.fr\/blog\/#website"},"primaryImageOfPage":{"@id":"https:\/\/dicodusport.fr\/blog\/circuit-atp-john-isner-tirera-sa-reverence-apres-lus-open\/#primaryimage"},"image":{"@id":"https:\/\/dicodusport.fr\/blog\/circuit-atp-john-isner-tirera-sa-reverence-apres-lus-open\/#primaryimage"},"thumbnailUrl":"https:\/\/dicodusport.fr\/blog\/wp-content\/uploads\/2023\/08\/Circuit-ATP-John-Isner-tirera-sa-reverence-apres-lUS-Open.png","datePublished":"2023-08-24T07:15:48+00:00","dateModified":"2023-08-24T14:09:41+00:00","description":"SAISON ATP 2023 - John Isner, le g\u00e9ant am\u00e9ricain, a annonc\u00e9 mercredi qu'il terminerait sa carri\u00e8re sur les courts de Flushing Meadows.","breadcrumb":{"@id":"https:\/\/dicodusport.fr\/blog\/circuit-atp-john-isner-tirera-sa-reverence-apres-lus-open\/#breadcrumb"},"inLanguage":"fr-FR","potentialAction":[{"@type":"ReadAction","target":["https:\/\/dicodusport.fr\/blog\/circuit-atp-john-isner-tirera-sa-reverence-apres-lus-open\/"]}]},{"@type":"ImageObject","inLanguage":"fr-FR","@id":"https:\/\/dicodusport.fr\/blog\/circuit-atp-john-isner-tirera-sa-reverence-apres-lus-open\/#primaryimage","url":"https:\/\/dicodusport.fr\/blog\/wp-content\/uploads\/2023\/08\/Circuit-ATP-John-Isner-tirera-sa-reverence-apres-lUS-Open.png","contentUrl":"https:\/\/dicodusport.fr\/blog\/wp-content\/uploads\/2023\/08\/Circuit-ATP-John-Isner-tirera-sa-reverence-apres-lUS-Open.png","width":800,"height":445,"caption":"Circuit ATP John Isner tirera sa r\u00e9v\u00e9rence apr\u00e8s l'US Open"},{"@type":"BreadcrumbList","@id":"https:\/\/dicodusport.fr\/blog\/circuit-atp-john-isner-tirera-sa-reverence-apres-lus-open\/#breadcrumb","itemListElement":[{"@type":"ListItem","position":1,"name":"Accueil","item":"https:\/\/dicodusport.fr\/blog\/"},{"@type":"ListItem","position":2,"name":"Circuit ATP : John Isner tirera sa r\u00e9v\u00e9rence apr\u00e8s l&rsquo;US Open"}]},{"@type":"WebSite","@id":"https:\/\/dicodusport.fr\/blog\/#website","url":"https:\/\/dicodusport.fr\/blog\/","name":"Dicodusport","description":"L&#039;encyclop\u00e9die de l&#039;actualit\u00e9 sportive","publisher":{"@id":"https:\/\/dicodusport.fr\/blog\/#organization"},"potentialAction":[{"@type":"SearchAction","target":{"@type":"EntryPoint","urlTemplate":"https:\/\/dicodusport.fr\/blog\/?s={search_term_string}"},"query-input":{"@type":"PropertyValueSpecification","valueRequired":true,"valueName":"search_term_string"}}],"inLanguage":"fr-FR"},{"@type":"NewsMediaOrganization","@id":"https:\/\/dicodusport.fr\/blog\/#organization","name":"Dicodusport","url":"https:\/\/dicodusport.fr\/blog\/","logo":{"@type":"ImageObject","inLanguage":"fr-FR","@id":"https:\/\/dicodusport.fr\/blog\/#\/schema\/logo\/image\/","url":"https:\/\/dicodusport.fr\/blog\/wp-content\/uploads\/2020\/06\/cropped-LOGO-DICODUSPORT-2020-SANS-FOND-SANS-TEXTE.png","contentUrl":"https:\/\/dicodusport.fr\/blog\/wp-content\/uploads\/2020\/06\/cropped-LOGO-DICODUSPORT-2020-SANS-FOND-SANS-TEXTE.png","width":512,"height":512,"caption":"Dicodusport"},"image":{"@id":"https:\/\/dicodusport.fr\/blog\/#\/schema\/logo\/image\/"},"sameAs":["https:\/\/www.facebook.com\/dicodusport","https:\/\/x.com\/dicodusport","https:\/\/www.instagram.com\/dicodusport\/","https:\/\/www.youtube.com\/channel\/UC7V2KZ5sd3htJivAbA4ZG3w"],"description":"Dicodusport est l'encyclop\u00e9die de l'actualit\u00e9 sportive.","email":"bonjour@dicodusport.fr","legalName":"DICODUSPORT","foundingDate":"2018-01-14","vatID":"FR71834470973","taxID":"83447097300043","numberOfEmployees":{"@type":"QuantitativeValue","minValue":"1","maxValue":"10"}},{"@type":"Person","@id":"https:\/\/dicodusport.fr\/blog\/#\/schema\/person\/7ce262eb34bbc1847cff5f60345d4735","name":"Damien Meunier","image":{"@type":"ImageObject","inLanguage":"fr-FR","@id":"https:\/\/dicodusport.fr\/blog\/#\/schema\/person\/image\/","url":"https:\/\/secure.gravatar.com\/avatar\/dfe0549a73ac21bb20dfdf302b222ba2?s=96&d=wp_user_avatar&r=g","contentUrl":"https:\/\/secure.gravatar.com\/avatar\/dfe0549a73ac21bb20dfdf302b222ba2?s=96&d=wp_user_avatar&r=g","caption":"Damien Meunier"},"description":"Journaliste\/r\u00e9dacteur depuis d\u00e9cembre 2016 - Amateur professionnel de sport, d\u2019abord le football, j\u2019aurais pu en faire mon m\u00e9tier. Mais bon, vous savez les \u2026 non, pas les crois\u00e9s, ils vont bien eux. Juste un manque de talent, de technique et de niveau surtout. Mais cette passion est ancr\u00e9e en moi telle la pomme dans la tarte tatin. Le c\u00f4t\u00e9 suiveur\/supporter est \u00e9videmment important au quotidien, que ce soit un soir de juillet 1998 en banlieue lyonnaise ou de juillet 2018 \u00e0 Montr\u00e9al. Car oui, depuis ma France natale, j\u2019ai migr\u00e9 outre-Atlantique, au pays des caribous. L\u00e0, le football se joue \u00e0 la main et non au pied. Et surtout, la religion sportive est plut\u00f4t froide et se joue avec une crosse. Non, ce n\u2019est pas le curling ni le Lacrosse, encore que, mais le hockey sur glace. Une autre vision, une autre culture. On troque les crudit\u00e9s devant la t\u00e9l\u00e9 pour une poutine et on s\u2019installe avec notre chandail pour suivre cela. Et en moins de temps qu\u2019il ne faut pour le dire, ou la vitesse d\u2019un slap shot de McDavid ou un arr\u00eat de la mitaine de Price, j\u2019\u00e9cris sur de l\u2019actualit\u00e9 par ici mais aussi le sport f\u00e9minin, pas assez mis en avant.","sameAs":["https:\/\/x.com\/https:\/\/x.com\/DamienMeunier69"],"url":"https:\/\/dicodusport.fr\/blog\/author\/damien-m\/"}]}},"_links":{"self":[{"href":"https:\/\/dicodusport.fr\/blog\/wp-json\/wp\/v2\/posts\/411466","targetHints":{"allow":["GET"]}}],"collection":[{"href":"https:\/\/dicodusport.fr\/blog\/wp-json\/wp\/v2\/posts"}],"about":[{"href":"https:\/\/dicodusport.fr\/blog\/wp-json\/wp\/v2\/types\/post"}],"author":[{"embeddable":true,"href":"https:\/\/dicodusport.fr\/blog\/wp-json\/wp\/v2\/users\/10"}],"replies":[{"embeddable":true,"href":"https:\/\/dicodusport.fr\/blog\/wp-json\/wp\/v2\/comments?post=411466"}],"version-history":[{"count":0,"href":"https:\/\/dicodusport.fr\/blog\/wp-json\/wp\/v2\/posts\/411466\/revisions"}],"wp:featuredmedia":[{"embeddable":true,"href":"https:\/\/dicodusport.fr\/blog\/wp-json\/wp\/v2\/media\/411490"}],"wp:attachment":[{"href":"https:\/\/dicodusport.fr\/blog\/wp-json\/wp\/v2\/media?parent=411466"}],"wp:term":[{"taxonomy":"category","embeddable":true,"href":"https:\/\/dicodusport.fr\/blog\/wp-json\/wp\/v2\/categories?post=411466"},{"taxonomy":"post_tag","embeddable":true,"href":"https:\/\/dicodusport.fr\/blog\/wp-json\/wp\/v2\/tags?post=411466"}],"curies":[{"name":"wp","href":"https:\/\/api.w.org\/{rel}","templated":true}]}}