{"id":411556,"date":"2023-08-24T12:03:14","date_gmt":"2023-08-24T10:03:14","guid":{"rendered":"https:\/\/dicodusport.fr\/blog\/?p=411556&#038;preview=true&#038;preview_id=411556"},"modified":"2023-08-25T11:54:31","modified_gmt":"2023-08-25T09:54:31","slug":"xv-de-france-la-composition-des-bleus-pour-defier-laustralie","status":"publish","type":"post","link":"https:\/\/dicodusport.fr\/blog\/xv-de-france-la-composition-des-bleus-pour-defier-laustralie\/","title":{"rendered":"XV de France : La composition des Bleus pour d\u00e9fier l&rsquo;Australie"},"content":{"rendered":"<p style=\"text-align: justify;\" align=\"justify\"><em><strong><a href=\"https:\/\/dicodusport.fr\/blog\/actualites\/rugby\/rugby-a-xv\/xv-de-france\/\">XV DE FRANCE<\/a> &#8211; Ce jeudi, Fabien Galthi\u00e9 a d\u00e9voil\u00e9 la composition du XV de France pour d\u00e9fier l&rsquo;Australie ce dimanche (17h45), lors du 4\u00e8me match de pr\u00e9paration \u00e0 la <a href=\"https:\/\/dicodusport.fr\/blog\/actualites\/rugby\/rugby-a-xv\/coupe-du-monde-de-rugby-2023\/\">Coupe du monde 2023<\/a>.\u00a0<\/strong><\/em><\/p>\n<p align=\"justify\">La tendance du d\u00e9but de semaine s&rsquo;est confirm\u00e9e ce jeudi, au moment de l&rsquo;annonce de la composition pour affronter l&rsquo;Australie par <strong>Fabien Galthi\u00e9<\/strong>. Le <strong>XV de France<\/strong> \u00e9voluera bien avec son \u00e9quipe-type ce dimanche. En premi\u00e8re ligne, la principale incertitude de la composition est lev\u00e9e : c&rsquo;est bien <strong>Uini Atonio<\/strong> qui d\u00e9butera au poste de pilier droit, <strong>Dorian Aldegheri<\/strong> prenant place sur le banc. En deuxi\u00e8me ligne, <strong>Paul Willemse<\/strong> et <strong>Thibaud Flament<\/strong> sont pr\u00e9f\u00e9r\u00e9s, notamment, \u00e0<strong> Cameron Woki<\/strong>.<\/p>\n<p align=\"justify\">\u00c0 la charni\u00e8re, pas de surprise.<strong> Antoine Dupont<\/strong> aura \u00e0 ses c\u00f4t\u00e9s <strong>Matthieu Jalibert<\/strong>, propuls\u00e9 titulaire \u00e0 l&rsquo;ouverture. Derri\u00e8re, c&rsquo;est d\u00e9sormais du classique. <strong>Gabin Villi\u00e8re<\/strong> est de retour dans le XV de d\u00e9part. Sur le banc, en 6-2, <strong>Baptiste Couilloud<\/strong> est pr\u00e9f\u00e9r\u00e9 \u00e0 <strong>Maxime Lucu<\/strong> pour suppl\u00e9er Antoine Dupont.<\/p>\n<ul>\n<li class=\"mvp-post-title left entry-title\" style=\"text-align: justify;\"><strong>\u00c0 lire aussi &#8211; <a href=\"https:\/\/dicodusport.fr\/blog\/rugby-france-australie-a-quelle-heure-et-sur-quelle-chaine-tv\/\">France \u2013 Australie : \u00c0 quelle heure et sur quelle cha\u00eene TV<\/a><\/strong><\/li>\n<\/ul>\n<h2 style=\"text-align: justify;\" align=\"justify\">La composition du XV de France pour affronter l&rsquo;Australie<\/h2>\n<p style=\"text-align: justify;\"><strong>Le XV de d\u00e9part :<\/strong> 15. Thomas Ramos &#8211; 14. Damian Penaud, 13. Jonathan Danty, 12. Ga\u00ebl Fickou, 11. Gabin Villi\u00e8re &#8211; 10. (o) Matthieu Jalibert &#8211; 9. (m) Antoine Dupont (cap) &#8211; 7. Charles Ollivon, 8. Gr\u00e9gory Alldritt, 6. Fran\u00e7ois Cros &#8211; 5. Paul Willemse, 4. Thibaud Flament &#8211; 3. Uini Atonio, 2. Julien Marchand, 1. Jean-Baptiste Gros.<\/p>\n<p style=\"text-align: justify;\"><strong>Les rempla\u00e7ants :<\/strong> 16. Peato Mauvaka, 17. S. Taofifenua, 18. Dorian Aldegheri, 19. R. Taofifenua, 20. Cameron Woki, 21. Paul Boudehent, 22. Baptiste Couilloud, 23. Melvyn Jaminet.<\/p>\n<blockquote class=\"twitter-tweet\">\n<p dir=\"ltr\" lang=\"fr\">\ud83c\uddeb\ud83c\uddf7\u26a1\ufe0f\ud83c\udde6\ud83c\uddfa Notre \u00e9quipe pour \ud835\udc1c\ud835\udc1e \ud835\udc1d\ud835\udc1e\ud835\udc2b\ud835\udc27\ud835\udc22\ud835\udc1e\ud835\udc2b \ud835\udc26\ud835\udc1a\ud835\udc2d\ud835\udc1c\ud835\udc21 \ud835\udc1d\ud835\udc1e \ud835\udc29\ud835\udc2b\ud835\udc1e\u0301\ud835\udc29\ud835\udc1a\ud835\udc2b\ud835\udc1a\ud835\udc2d\ud835\udc22\ud835\udc28\ud835\udc27 au <a href=\"https:\/\/twitter.com\/StadeFrance?ref_src=twsrc%5Etfw\">@stadefrance<\/a> avant la Coupe du Monde !<\/p>\n<p>\ud835\ude70\ud835\ude7b\ud835\ude7b\ud835\ude74\ud835\ude89 \ud835\ude7b\ud835\ude74\ud835\ude82 \ud835\ude71\ud835\ude7b\ud835\ude74\ud835\ude84\ud835\ude82 ! \ud83d\udc99<a href=\"https:\/\/twitter.com\/hashtag\/UnisPourUnR%C3%AAve?src=hash&amp;ref_src=twsrc%5Etfw\">#UnisPourUnR\u00eave<\/a> <a href=\"https:\/\/twitter.com\/hashtag\/XVdeFrance?src=hash&amp;ref_src=twsrc%5Etfw\">#XVdeFrance<\/a> <a href=\"https:\/\/twitter.com\/hashtag\/NeFaisonsXV?src=hash&amp;ref_src=twsrc%5Etfw\">#NeFaisonsXV<\/a> <a href=\"https:\/\/twitter.com\/hashtag\/FRAAUS?src=hash&amp;ref_src=twsrc%5Etfw\">#FRAAUS<\/a> <a href=\"https:\/\/t.co\/p5oE92qtIT\">pic.twitter.com\/p5oE92qtIT<\/a><\/p>\n<p>\u2014 France Rugby (@FranceRugby) <a href=\"https:\/\/twitter.com\/FranceRugby\/status\/1694652107096220117?ref_src=twsrc%5Etfw\">August 24, 2023<\/a><\/p><\/blockquote>\n<p><script async src=\"https:\/\/platform.twitter.com\/widgets.js\" charset=\"utf-8\"><\/script><\/p>\n<ul>\n<li style=\"text-align: justify;\"><strong>\u00c0 lire aussi &#8211; <a href=\"https:\/\/dicodusport.fr\/blog\/australie-la-composition-pour-affronter-le-xv-de-france\/\">La composition de l&rsquo;Australie pour affronter la France<\/a><\/strong><\/li>\n<\/ul>\n","protected":false},"excerpt":{"rendered":"<p>XV DE FRANCE &#8211; Ce jeudi, Fabien Galthi\u00e9 a d\u00e9voil\u00e9 la composition du XV de France pour d\u00e9fier l&rsquo;Australie ce dimanche (17h45), lors du 4\u00e8me match de pr\u00e9paration \u00e0 la Coupe du monde 2023.\u00a0<\/p>\n","protected":false},"author":4,"featured_media":406623,"comment_status":"open","ping_status":"closed","sticky":false,"template":"","format":"standard","meta":{"_acf_changed":false,"_daextam_enable_autolinks":"","footnotes":""},"categories":[9129,19951],"tags":[1534,16878,33237,1638],"class_list":["post-411556","post","type-post","status-publish","format-standard","has-post-thumbnail","hentry","category-rugby-a-xv","category-xv-de-france","tag-australie","tag-breve","tag-test-matchs-rugby","tag-xv-de-france"],"acf":[],"yoast_head":"<!-- This site is optimized with the Yoast SEO Premium plugin v26.7 (Yoast SEO v26.7) - https:\/\/yoast.com\/wordpress\/plugins\/seo\/ -->\n<title>XV de France : La composition des Bleus pour d\u00e9fier l&#039;Australie<\/title>\n<meta name=\"description\" content=\"XV DE FRANCE - Ce jeudi, Fabien Galthi\u00e9 a d\u00e9voil\u00e9 la composition du XV de France pour d\u00e9fier l&#039;Australie ce dimanche (17h45).\" \/>\n<meta name=\"robots\" content=\"index, follow, max-snippet:-1, max-image-preview:large, max-video-preview:-1\" \/>\n<link rel=\"canonical\" href=\"https:\/\/dicodusport.fr\/blog\/xv-de-france-la-composition-des-bleus-pour-defier-laustralie\/\" \/>\n<meta property=\"og:locale\" content=\"fr_FR\" \/>\n<meta property=\"og:type\" content=\"article\" \/>\n<meta property=\"og:title\" content=\"XV de France : La composition des Bleus pour d\u00e9fier l&#039;Australie\" \/>\n<meta property=\"og:description\" content=\"XV DE FRANCE - Ce jeudi, Fabien Galthi\u00e9 a d\u00e9voil\u00e9 la composition du XV de France pour d\u00e9fier l&#039;Australie ce dimanche (17h45).\" \/>\n<meta property=\"og:url\" content=\"https:\/\/dicodusport.fr\/blog\/xv-de-france-la-composition-des-bleus-pour-defier-laustralie\/\" \/>\n<meta property=\"og:site_name\" content=\"Dicodusport\" \/>\n<meta property=\"article:publisher\" content=\"https:\/\/www.facebook.com\/dicodusport\" \/>\n<meta property=\"article:author\" content=\"https:\/\/www.facebook.com\/florent.ostermann\" \/>\n<meta property=\"article:published_time\" content=\"2023-08-24T10:03:14+00:00\" \/>\n<meta property=\"article:modified_time\" content=\"2023-08-25T09:54:31+00:00\" \/>\n<meta property=\"og:image\" content=\"https:\/\/dicodusport.fr\/blog\/wp-content\/uploads\/2023\/08\/Coupe-du-monde-de-rugby-La-prime-des-joueurs-du-XV-de-France-en-cas-de-victoire.png\" \/>\n\t<meta property=\"og:image:width\" content=\"800\" \/>\n\t<meta property=\"og:image:height\" content=\"445\" \/>\n\t<meta property=\"og:image:type\" content=\"image\/png\" \/>\n<meta name=\"author\" content=\"Flo Ostermann\" \/>\n<meta name=\"twitter:card\" content=\"summary_large_image\" \/>\n<meta name=\"twitter:title\" content=\"XV de France : La composition des Bleus pour d\u00e9fier l&#039;Australie\" \/>\n<meta name=\"twitter:creator\" content=\"@https:\/\/twitter.com\/FlOstermann\" \/>\n<meta name=\"twitter:site\" content=\"@dicodusport\" \/>\n<script type=\"application\/ld+json\" class=\"yoast-schema-graph\">{\"@context\":\"https:\/\/schema.org\",\"@graph\":[{\"@type\":\"NewsArticle\",\"@id\":\"https:\/\/dicodusport.fr\/blog\/xv-de-france-la-composition-des-bleus-pour-defier-laustralie\/#article\",\"isPartOf\":{\"@id\":\"https:\/\/dicodusport.fr\/blog\/xv-de-france-la-composition-des-bleus-pour-defier-laustralie\/\"},\"author\":{\"name\":\"Flo Ostermann\",\"@id\":\"https:\/\/dicodusport.fr\/blog\/#\/schema\/person\/cb02af4c173ce4a653b55e9baf388d4a\"},\"headline\":\"XV de France : La composition des Bleus pour d\u00e9fier l&rsquo;Australie\",\"datePublished\":\"2023-08-24T10:03:14+00:00\",\"dateModified\":\"2023-08-25T09:54:31+00:00\",\"mainEntityOfPage\":{\"@id\":\"https:\/\/dicodusport.fr\/blog\/xv-de-france-la-composition-des-bleus-pour-defier-laustralie\/\"},\"wordCount\":321,\"commentCount\":0,\"publisher\":{\"@id\":\"https:\/\/dicodusport.fr\/blog\/#organization\"},\"image\":{\"@id\":\"https:\/\/dicodusport.fr\/blog\/xv-de-france-la-composition-des-bleus-pour-defier-laustralie\/#primaryimage\"},\"thumbnailUrl\":\"https:\/\/dicodusport.fr\/blog\/wp-content\/uploads\/2023\/08\/Coupe-du-monde-de-rugby-La-prime-des-joueurs-du-XV-de-France-en-cas-de-victoire.png\",\"keywords\":[\"Australie\",\"br\u00e8ve\",\"Test matchs Rugby\",\"XV de France\"],\"articleSection\":[\"Rugby \u00e0 XV\",\"XV de France\"],\"inLanguage\":\"fr-FR\",\"potentialAction\":[{\"@type\":\"CommentAction\",\"name\":\"Comment\",\"target\":[\"https:\/\/dicodusport.fr\/blog\/xv-de-france-la-composition-des-bleus-pour-defier-laustralie\/#respond\"]}],\"copyrightYear\":\"2023\",\"copyrightHolder\":{\"@id\":\"https:\/\/dicodusport.fr\/blog\/#organization\"}},{\"@type\":\"WebPage\",\"@id\":\"https:\/\/dicodusport.fr\/blog\/xv-de-france-la-composition-des-bleus-pour-defier-laustralie\/\",\"url\":\"https:\/\/dicodusport.fr\/blog\/xv-de-france-la-composition-des-bleus-pour-defier-laustralie\/\",\"name\":\"XV de France : La composition des Bleus pour d\u00e9fier l'Australie\",\"isPartOf\":{\"@id\":\"https:\/\/dicodusport.fr\/blog\/#website\"},\"primaryImageOfPage\":{\"@id\":\"https:\/\/dicodusport.fr\/blog\/xv-de-france-la-composition-des-bleus-pour-defier-laustralie\/#primaryimage\"},\"image\":{\"@id\":\"https:\/\/dicodusport.fr\/blog\/xv-de-france-la-composition-des-bleus-pour-defier-laustralie\/#primaryimage\"},\"thumbnailUrl\":\"https:\/\/dicodusport.fr\/blog\/wp-content\/uploads\/2023\/08\/Coupe-du-monde-de-rugby-La-prime-des-joueurs-du-XV-de-France-en-cas-de-victoire.png\",\"datePublished\":\"2023-08-24T10:03:14+00:00\",\"dateModified\":\"2023-08-25T09:54:31+00:00\",\"description\":\"XV DE FRANCE - Ce jeudi, Fabien Galthi\u00e9 a d\u00e9voil\u00e9 la composition du XV de France pour d\u00e9fier l'Australie ce dimanche (17h45).\",\"breadcrumb\":{\"@id\":\"https:\/\/dicodusport.fr\/blog\/xv-de-france-la-composition-des-bleus-pour-defier-laustralie\/#breadcrumb\"},\"inLanguage\":\"fr-FR\",\"potentialAction\":[{\"@type\":\"ReadAction\",\"target\":[\"https:\/\/dicodusport.fr\/blog\/xv-de-france-la-composition-des-bleus-pour-defier-laustralie\/\"]}]},{\"@type\":\"ImageObject\",\"inLanguage\":\"fr-FR\",\"@id\":\"https:\/\/dicodusport.fr\/blog\/xv-de-france-la-composition-des-bleus-pour-defier-laustralie\/#primaryimage\",\"url\":\"https:\/\/dicodusport.fr\/blog\/wp-content\/uploads\/2023\/08\/Coupe-du-monde-de-rugby-La-prime-des-joueurs-du-XV-de-France-en-cas-de-victoire.png\",\"contentUrl\":\"https:\/\/dicodusport.fr\/blog\/wp-content\/uploads\/2023\/08\/Coupe-du-monde-de-rugby-La-prime-des-joueurs-du-XV-de-France-en-cas-de-victoire.png\",\"width\":800,\"height\":445},{\"@type\":\"BreadcrumbList\",\"@id\":\"https:\/\/dicodusport.fr\/blog\/xv-de-france-la-composition-des-bleus-pour-defier-laustralie\/#breadcrumb\",\"itemListElement\":[{\"@type\":\"ListItem\",\"position\":1,\"name\":\"Accueil\",\"item\":\"https:\/\/dicodusport.fr\/blog\/\"},{\"@type\":\"ListItem\",\"position\":2,\"name\":\"XV de France : La composition des Bleus pour d\u00e9fier l&rsquo;Australie\"}]},{\"@type\":\"WebSite\",\"@id\":\"https:\/\/dicodusport.fr\/blog\/#website\",\"url\":\"https:\/\/dicodusport.fr\/blog\/\",\"name\":\"Dicodusport\",\"description\":\"L&#039;encyclop\u00e9die de l&#039;actualit\u00e9 sportive\",\"publisher\":{\"@id\":\"https:\/\/dicodusport.fr\/blog\/#organization\"},\"potentialAction\":[{\"@type\":\"SearchAction\",\"target\":{\"@type\":\"EntryPoint\",\"urlTemplate\":\"https:\/\/dicodusport.fr\/blog\/?s={search_term_string}\"},\"query-input\":{\"@type\":\"PropertyValueSpecification\",\"valueRequired\":true,\"valueName\":\"search_term_string\"}}],\"inLanguage\":\"fr-FR\"},{\"@type\":\"NewsMediaOrganization\",\"@id\":\"https:\/\/dicodusport.fr\/blog\/#organization\",\"name\":\"Dicodusport\",\"url\":\"https:\/\/dicodusport.fr\/blog\/\",\"logo\":{\"@type\":\"ImageObject\",\"inLanguage\":\"fr-FR\",\"@id\":\"https:\/\/dicodusport.fr\/blog\/#\/schema\/logo\/image\/\",\"url\":\"https:\/\/dicodusport.fr\/blog\/wp-content\/uploads\/2020\/06\/cropped-LOGO-DICODUSPORT-2020-SANS-FOND-SANS-TEXTE.png\",\"contentUrl\":\"https:\/\/dicodusport.fr\/blog\/wp-content\/uploads\/2020\/06\/cropped-LOGO-DICODUSPORT-2020-SANS-FOND-SANS-TEXTE.png\",\"width\":512,\"height\":512,\"caption\":\"Dicodusport\"},\"image\":{\"@id\":\"https:\/\/dicodusport.fr\/blog\/#\/schema\/logo\/image\/\"},\"sameAs\":[\"https:\/\/www.facebook.com\/dicodusport\",\"https:\/\/x.com\/dicodusport\",\"https:\/\/www.instagram.com\/dicodusport\/\",\"https:\/\/www.youtube.com\/channel\/UC7V2KZ5sd3htJivAbA4ZG3w\"],\"description\":\"Dicodusport est l'encyclop\u00e9die de l'actualit\u00e9 sportive.\",\"email\":\"bonjour@dicodusport.fr\",\"legalName\":\"DICODUSPORT\",\"foundingDate\":\"2018-01-14\",\"vatID\":\"FR71834470973\",\"taxID\":\"83447097300043\",\"numberOfEmployees\":{\"@type\":\"QuantitativeValue\",\"minValue\":\"1\",\"maxValue\":\"10\"}},{\"@type\":\"Person\",\"@id\":\"https:\/\/dicodusport.fr\/blog\/#\/schema\/person\/cb02af4c173ce4a653b55e9baf388d4a\",\"name\":\"Flo Ostermann\",\"image\":{\"@type\":\"ImageObject\",\"inLanguage\":\"fr-FR\",\"@id\":\"https:\/\/dicodusport.fr\/blog\/#\/schema\/person\/image\/\",\"url\":\"https:\/\/dicodusport.fr\/blog\/wp-content\/uploads\/2021\/05\/Flo-Ostermann-150x150.jpg\",\"contentUrl\":\"https:\/\/dicodusport.fr\/blog\/wp-content\/uploads\/2021\/05\/Flo-Ostermann-150x150.jpg\",\"caption\":\"Flo Ostermann\"},\"description\":\"Journaliste\/R\u00e9dacteur depuis septembre 2015 - Mes premiers souvenirs dans le sport ? Les envol\u00e9es du Stade Toulousain et les duels Villeneuve-Schumacher et H\u00e4kkinen-Schumacher \u00e0 la fin des ann\u00e9es 90, la Coupe du monde de football en 1998, l\u2019exploit du XV de France face aux All Blacks en 1999, mais aussi Richard C\u0153ur de Lion qui vole sur les montagnes du Tour de France. Bien parti pour devenir professeur d\u2019EPS, les \u00e9v\u00e9nements de la vie (et la flemme d\u2019animer des s\u00e9ances de 3x500 m\u00e8tres toute ma vie) m\u2019ont conduit \u00e0 revoir mes plans. Me voil\u00e0 depuis fin 2017 sur Dicodusport, m\u00e9dia gr\u00e2ce (et pour) lequel je partage ma passion : le sport dans tous ses \u00e9tats. Le tout accompagn\u00e9 par les fous furieux et folles furieuses cit\u00e9s sur cette page !\",\"sameAs\":[\"https:\/\/www.facebook.com\/florent.ostermann\",\"https:\/\/x.com\/https:\/\/twitter.com\/FlOstermann\",\"admin\"],\"url\":\"https:\/\/dicodusport.fr\/blog\/author\/flo\/\"}]}<\/script>\n<!-- \/ Yoast SEO Premium plugin. -->","yoast_head_json":{"title":"XV de France : La composition des Bleus pour d\u00e9fier l'Australie","description":"XV DE FRANCE - Ce jeudi, Fabien Galthi\u00e9 a d\u00e9voil\u00e9 la composition du XV de France pour d\u00e9fier l'Australie ce dimanche (17h45).","robots":{"index":"index","follow":"follow","max-snippet":"max-snippet:-1","max-image-preview":"max-image-preview:large","max-video-preview":"max-video-preview:-1"},"canonical":"https:\/\/dicodusport.fr\/blog\/xv-de-france-la-composition-des-bleus-pour-defier-laustralie\/","og_locale":"fr_FR","og_type":"article","og_title":"XV de France : La composition des Bleus pour d\u00e9fier l'Australie","og_description":"XV DE FRANCE - Ce jeudi, Fabien Galthi\u00e9 a d\u00e9voil\u00e9 la composition du XV de France pour d\u00e9fier l'Australie ce dimanche (17h45).","og_url":"https:\/\/dicodusport.fr\/blog\/xv-de-france-la-composition-des-bleus-pour-defier-laustralie\/","og_site_name":"Dicodusport","article_publisher":"https:\/\/www.facebook.com\/dicodusport","article_author":"https:\/\/www.facebook.com\/florent.ostermann","article_published_time":"2023-08-24T10:03:14+00:00","article_modified_time":"2023-08-25T09:54:31+00:00","og_image":[{"width":800,"height":445,"url":"https:\/\/dicodusport.fr\/blog\/wp-content\/uploads\/2023\/08\/Coupe-du-monde-de-rugby-La-prime-des-joueurs-du-XV-de-France-en-cas-de-victoire.png","type":"image\/png"}],"author":"Flo Ostermann","twitter_card":"summary_large_image","twitter_title":"XV de France : La composition des Bleus pour d\u00e9fier l'Australie","twitter_creator":"@https:\/\/twitter.com\/FlOstermann","twitter_site":"@dicodusport","schema":{"@context":"https:\/\/schema.org","@graph":[{"@type":"NewsArticle","@id":"https:\/\/dicodusport.fr\/blog\/xv-de-france-la-composition-des-bleus-pour-defier-laustralie\/#article","isPartOf":{"@id":"https:\/\/dicodusport.fr\/blog\/xv-de-france-la-composition-des-bleus-pour-defier-laustralie\/"},"author":{"name":"Flo Ostermann","@id":"https:\/\/dicodusport.fr\/blog\/#\/schema\/person\/cb02af4c173ce4a653b55e9baf388d4a"},"headline":"XV de France : La composition des Bleus pour d\u00e9fier l&rsquo;Australie","datePublished":"2023-08-24T10:03:14+00:00","dateModified":"2023-08-25T09:54:31+00:00","mainEntityOfPage":{"@id":"https:\/\/dicodusport.fr\/blog\/xv-de-france-la-composition-des-bleus-pour-defier-laustralie\/"},"wordCount":321,"commentCount":0,"publisher":{"@id":"https:\/\/dicodusport.fr\/blog\/#organization"},"image":{"@id":"https:\/\/dicodusport.fr\/blog\/xv-de-france-la-composition-des-bleus-pour-defier-laustralie\/#primaryimage"},"thumbnailUrl":"https:\/\/dicodusport.fr\/blog\/wp-content\/uploads\/2023\/08\/Coupe-du-monde-de-rugby-La-prime-des-joueurs-du-XV-de-France-en-cas-de-victoire.png","keywords":["Australie","br\u00e8ve","Test matchs Rugby","XV de France"],"articleSection":["Rugby \u00e0 XV","XV de France"],"inLanguage":"fr-FR","potentialAction":[{"@type":"CommentAction","name":"Comment","target":["https:\/\/dicodusport.fr\/blog\/xv-de-france-la-composition-des-bleus-pour-defier-laustralie\/#respond"]}],"copyrightYear":"2023","copyrightHolder":{"@id":"https:\/\/dicodusport.fr\/blog\/#organization"}},{"@type":"WebPage","@id":"https:\/\/dicodusport.fr\/blog\/xv-de-france-la-composition-des-bleus-pour-defier-laustralie\/","url":"https:\/\/dicodusport.fr\/blog\/xv-de-france-la-composition-des-bleus-pour-defier-laustralie\/","name":"XV de France : La composition des Bleus pour d\u00e9fier l'Australie","isPartOf":{"@id":"https:\/\/dicodusport.fr\/blog\/#website"},"primaryImageOfPage":{"@id":"https:\/\/dicodusport.fr\/blog\/xv-de-france-la-composition-des-bleus-pour-defier-laustralie\/#primaryimage"},"image":{"@id":"https:\/\/dicodusport.fr\/blog\/xv-de-france-la-composition-des-bleus-pour-defier-laustralie\/#primaryimage"},"thumbnailUrl":"https:\/\/dicodusport.fr\/blog\/wp-content\/uploads\/2023\/08\/Coupe-du-monde-de-rugby-La-prime-des-joueurs-du-XV-de-France-en-cas-de-victoire.png","datePublished":"2023-08-24T10:03:14+00:00","dateModified":"2023-08-25T09:54:31+00:00","description":"XV DE FRANCE - Ce jeudi, Fabien Galthi\u00e9 a d\u00e9voil\u00e9 la composition du XV de France pour d\u00e9fier l'Australie ce dimanche (17h45).","breadcrumb":{"@id":"https:\/\/dicodusport.fr\/blog\/xv-de-france-la-composition-des-bleus-pour-defier-laustralie\/#breadcrumb"},"inLanguage":"fr-FR","potentialAction":[{"@type":"ReadAction","target":["https:\/\/dicodusport.fr\/blog\/xv-de-france-la-composition-des-bleus-pour-defier-laustralie\/"]}]},{"@type":"ImageObject","inLanguage":"fr-FR","@id":"https:\/\/dicodusport.fr\/blog\/xv-de-france-la-composition-des-bleus-pour-defier-laustralie\/#primaryimage","url":"https:\/\/dicodusport.fr\/blog\/wp-content\/uploads\/2023\/08\/Coupe-du-monde-de-rugby-La-prime-des-joueurs-du-XV-de-France-en-cas-de-victoire.png","contentUrl":"https:\/\/dicodusport.fr\/blog\/wp-content\/uploads\/2023\/08\/Coupe-du-monde-de-rugby-La-prime-des-joueurs-du-XV-de-France-en-cas-de-victoire.png","width":800,"height":445},{"@type":"BreadcrumbList","@id":"https:\/\/dicodusport.fr\/blog\/xv-de-france-la-composition-des-bleus-pour-defier-laustralie\/#breadcrumb","itemListElement":[{"@type":"ListItem","position":1,"name":"Accueil","item":"https:\/\/dicodusport.fr\/blog\/"},{"@type":"ListItem","position":2,"name":"XV de France : La composition des Bleus pour d\u00e9fier l&rsquo;Australie"}]},{"@type":"WebSite","@id":"https:\/\/dicodusport.fr\/blog\/#website","url":"https:\/\/dicodusport.fr\/blog\/","name":"Dicodusport","description":"L&#039;encyclop\u00e9die de l&#039;actualit\u00e9 sportive","publisher":{"@id":"https:\/\/dicodusport.fr\/blog\/#organization"},"potentialAction":[{"@type":"SearchAction","target":{"@type":"EntryPoint","urlTemplate":"https:\/\/dicodusport.fr\/blog\/?s={search_term_string}"},"query-input":{"@type":"PropertyValueSpecification","valueRequired":true,"valueName":"search_term_string"}}],"inLanguage":"fr-FR"},{"@type":"NewsMediaOrganization","@id":"https:\/\/dicodusport.fr\/blog\/#organization","name":"Dicodusport","url":"https:\/\/dicodusport.fr\/blog\/","logo":{"@type":"ImageObject","inLanguage":"fr-FR","@id":"https:\/\/dicodusport.fr\/blog\/#\/schema\/logo\/image\/","url":"https:\/\/dicodusport.fr\/blog\/wp-content\/uploads\/2020\/06\/cropped-LOGO-DICODUSPORT-2020-SANS-FOND-SANS-TEXTE.png","contentUrl":"https:\/\/dicodusport.fr\/blog\/wp-content\/uploads\/2020\/06\/cropped-LOGO-DICODUSPORT-2020-SANS-FOND-SANS-TEXTE.png","width":512,"height":512,"caption":"Dicodusport"},"image":{"@id":"https:\/\/dicodusport.fr\/blog\/#\/schema\/logo\/image\/"},"sameAs":["https:\/\/www.facebook.com\/dicodusport","https:\/\/x.com\/dicodusport","https:\/\/www.instagram.com\/dicodusport\/","https:\/\/www.youtube.com\/channel\/UC7V2KZ5sd3htJivAbA4ZG3w"],"description":"Dicodusport est l'encyclop\u00e9die de l'actualit\u00e9 sportive.","email":"bonjour@dicodusport.fr","legalName":"DICODUSPORT","foundingDate":"2018-01-14","vatID":"FR71834470973","taxID":"83447097300043","numberOfEmployees":{"@type":"QuantitativeValue","minValue":"1","maxValue":"10"}},{"@type":"Person","@id":"https:\/\/dicodusport.fr\/blog\/#\/schema\/person\/cb02af4c173ce4a653b55e9baf388d4a","name":"Flo Ostermann","image":{"@type":"ImageObject","inLanguage":"fr-FR","@id":"https:\/\/dicodusport.fr\/blog\/#\/schema\/person\/image\/","url":"https:\/\/dicodusport.fr\/blog\/wp-content\/uploads\/2021\/05\/Flo-Ostermann-150x150.jpg","contentUrl":"https:\/\/dicodusport.fr\/blog\/wp-content\/uploads\/2021\/05\/Flo-Ostermann-150x150.jpg","caption":"Flo Ostermann"},"description":"Journaliste\/R\u00e9dacteur depuis septembre 2015 - Mes premiers souvenirs dans le sport ? Les envol\u00e9es du Stade Toulousain et les duels Villeneuve-Schumacher et H\u00e4kkinen-Schumacher \u00e0 la fin des ann\u00e9es 90, la Coupe du monde de football en 1998, l\u2019exploit du XV de France face aux All Blacks en 1999, mais aussi Richard C\u0153ur de Lion qui vole sur les montagnes du Tour de France. Bien parti pour devenir professeur d\u2019EPS, les \u00e9v\u00e9nements de la vie (et la flemme d\u2019animer des s\u00e9ances de 3x500 m\u00e8tres toute ma vie) m\u2019ont conduit \u00e0 revoir mes plans. Me voil\u00e0 depuis fin 2017 sur Dicodusport, m\u00e9dia gr\u00e2ce (et pour) lequel je partage ma passion : le sport dans tous ses \u00e9tats. Le tout accompagn\u00e9 par les fous furieux et folles furieuses cit\u00e9s sur cette page !","sameAs":["https:\/\/www.facebook.com\/florent.ostermann","https:\/\/x.com\/https:\/\/twitter.com\/FlOstermann","admin"],"url":"https:\/\/dicodusport.fr\/blog\/author\/flo\/"}]}},"_links":{"self":[{"href":"https:\/\/dicodusport.fr\/blog\/wp-json\/wp\/v2\/posts\/411556","targetHints":{"allow":["GET"]}}],"collection":[{"href":"https:\/\/dicodusport.fr\/blog\/wp-json\/wp\/v2\/posts"}],"about":[{"href":"https:\/\/dicodusport.fr\/blog\/wp-json\/wp\/v2\/types\/post"}],"author":[{"embeddable":true,"href":"https:\/\/dicodusport.fr\/blog\/wp-json\/wp\/v2\/users\/4"}],"replies":[{"embeddable":true,"href":"https:\/\/dicodusport.fr\/blog\/wp-json\/wp\/v2\/comments?post=411556"}],"version-history":[{"count":0,"href":"https:\/\/dicodusport.fr\/blog\/wp-json\/wp\/v2\/posts\/411556\/revisions"}],"wp:featuredmedia":[{"embeddable":true,"href":"https:\/\/dicodusport.fr\/blog\/wp-json\/wp\/v2\/media\/406623"}],"wp:attachment":[{"href":"https:\/\/dicodusport.fr\/blog\/wp-json\/wp\/v2\/media?parent=411556"}],"wp:term":[{"taxonomy":"category","embeddable":true,"href":"https:\/\/dicodusport.fr\/blog\/wp-json\/wp\/v2\/categories?post=411556"},{"taxonomy":"post_tag","embeddable":true,"href":"https:\/\/dicodusport.fr\/blog\/wp-json\/wp\/v2\/tags?post=411556"}],"curies":[{"name":"wp","href":"https:\/\/api.w.org\/{rel}","templated":true}]}}