{"id":411589,"date":"2023-08-24T19:23:55","date_gmt":"2023-08-24T17:23:55","guid":{"rendered":"https:\/\/dicodusport.fr\/blog\/?p=411589&#038;preview=true&#038;preview_id=411589"},"modified":"2023-08-24T19:23:55","modified_gmt":"2023-08-24T17:23:55","slug":"tour-despagne-2023-les-favoris-et-outsiders-de-la-vuelta","status":"publish","type":"post","link":"https:\/\/dicodusport.fr\/blog\/tour-despagne-2023-les-favoris-et-outsiders-de-la-vuelta\/","title":{"rendered":"Tour d&rsquo;Espagne 2023 : Les favoris et outsiders de la Vuelta"},"content":{"rendered":"<p style=\"text-align: justify;\"><em><strong><a href=\"https:\/\/dicodusport.fr\/blog\/actualites\/cyclisme\/cyclisme-sur-route-2023\/tour-d-espagne-2023\/\">TOUR D&rsquo;ESPAGNE 2023<\/a> \u2013 \u00c0 l\u2019approche de l\u2019automne, place au troisi\u00e8me et dernier Grand Tour de la saison : la Vuelta a Espa\u00f1a. L\u2019\u00e9dition 2023 pr\u00e9sentera un parcours tr\u00e8s exigeant. Cette ann\u00e9e, ce Tour d&rsquo;Espagne sera plac\u00e9 sous le signe de la qu\u00eate d&rsquo;un tripl\u00e9 unique pour la Jumbo-Visma apr\u00e8s les succ\u00e8s de Primo\u017e Rogli\u010d sur le Giro et de Jonas Vingegaard sur le Tour. On fait le point sur les favoris et outsiders.<\/strong><\/em><\/p>\n<h2 style=\"text-align: justify;\">Jonas Vingegaard \u2b50\u2b50\u2b50\u2b50\u2b50<\/h2>\n<p style=\"text-align: justify;\">Le double vainqueur sortant du Tour de France, <strong>Jonas Vingegaard<\/strong>, sera au d\u00e9part d&rsquo;un deuxi\u00e8me Grand Tour en un an. L&rsquo;objectif de Jumbo-Visma est donc clair : remporter tous les Grands Tours en une saison. Vingegaard partagera le r\u00f4le de leader avec Primo\u017e Rogli\u010d.<\/p>\n<p style=\"text-align: justify;\">De nombreuses questions seront pos\u00e9es \u00e0 la Jumbo-Visma sur la tactique avec les deux leaders. Un leader absolu ? L\u2019\u00e9quipe ne l\u2019annoncera pas \u00e0 l\u2019avance. Lors de cette Vuelta, ce seront les \u00e9tapes qui d\u00e9termineront qui sera le leader. En principe, Jonas Vingegaard a montr\u00e9 un haut niveau plus impressionnant qu\u2019un Rogli\u010d en ma\u00eetrisant Tadej Pogacar.<\/p>\n<p style=\"text-align: justify;\">Mais il y a aussi quelques points d\u2019interrogation. Peut-il le refaire ? Comment le corps de Vingegaard va-t-il r\u00e9agir ? Mentalement, sera-t-il au top sur trois semaines ? Depuis le Tour, il n&rsquo;a effectu\u00e9 aucun stage en altitude. Est-ce suffisant pour \u00eatre au top niveau pendant trois semaines ?<\/p>\n<div class=\"vlp-link-container vlp-layout-article\"><a href=\"https:\/\/dicodusport.fr\/blog\/jonas-vingegaard-sera-au-depart-du-tour-despagne-2023\/\" class=\"vlp-link\" title=\"Jonas Vingegaard sera au d\u00e9part du Tour d&#039;Espagne 2023\"><\/a><div class=\"vlp-layout-zone-side\"><div class=\"vlp-block-4 vlp-link-image\"><img loading=\"lazy\" decoding=\"async\" style=\"max-width: 800px;\" width=\"800\" height=\"445\" src=\"https:\/\/dicodusport.fr\/blog\/wp-content\/uploads\/2023\/07\/Jonas-Vingegaard-sera-au-depart-du-Tour-dEspagne-2023.png\" class=\"attachment-800x445 size-800x445\" alt=\"Jonas Vingegaard sera au d\u00e9part du Tour d&#039;Espagne 2023\" srcset=\"https:\/\/dicodusport.fr\/blog\/wp-content\/uploads\/2023\/07\/Jonas-Vingegaard-sera-au-depart-du-Tour-dEspagne-2023.png 800w, https:\/\/dicodusport.fr\/blog\/wp-content\/uploads\/2023\/07\/Jonas-Vingegaard-sera-au-depart-du-Tour-dEspagne-2023-300x167.png 300w, https:\/\/dicodusport.fr\/blog\/wp-content\/uploads\/2023\/07\/Jonas-Vingegaard-sera-au-depart-du-Tour-dEspagne-2023-768x427.png 768w\" sizes=\"auto, (max-width: 800px) 100vw, 800px\" \/><\/div><\/div><div class=\"vlp-layout-zone-main\"><div class=\"vlp-block-0 vlp-link-title\">Jonas Vingegaard sera au d\u00e9part du Tour d'Espagne 2023<\/div><div class=\"vlp-block-1 vlp-link-summary\">CYCLISME SUR ROUTE 2023 - Alors qu'il s'appr\u00eate \u00e0 remporter le Tour de France 2023, Jonas Vingegaard (Jumbo-Visma) annonce sa participation \u00e0 la Vuelta. Il va y retrouver son co\u00e9quipier Primoz Roglic, mais aussi Juan Ayuso (UAE-Team Emirates) et Remco Evenepoel (Soudal Quick-Step).<\/div><div class=\"vlp-block-2 vlp-link-button\">Lire l'article<\/div><div class=\"vlp-block-3 vlp-link-url\">dicodusport.fr<\/div><\/div><\/div>\n<h2 style=\"text-align: justify;\">Primoz Roglic \u2b50\u2b50\u2b50\u2b50\u2b50<\/h2>\n<p style=\"text-align: justify;\"><strong>Primoz Roglic<\/strong> a d\u00e9j\u00e0 remport\u00e9 le Tour d&rsquo;Espagne \u00e0 trois reprises, mais il a d\u00fb abandonner la saison derni\u00e8re apr\u00e8s une malheureuse chute. Il aura donc envie de se venger et on conna\u00eet la capacit\u00e9 pour Roglic \u00e0 rebondir apr\u00e8s un \u00e9chec. Contrairement aux ann\u00e9es pr\u00e9c\u00e9dentes, Rogli\u010d ne sera pas le seul leader.<\/p>\n<p style=\"text-align: justify;\">L&rsquo;avantage du Slov\u00e8ne par rapport \u00e0 son co\u00e9quipier danois est qu&rsquo;il a pu parfaitement se pr\u00e9parer pour le Tour d&rsquo;Espagne ces derniers mois, avec suffisamment de repos et divers entra\u00eenements en altitude. La semaine derni\u00e8re, il a conclu cette pr\u00e9paration avec le Tour de Burgos, o\u00f9 il a remport\u00e9 deux \u00e9tapes et le classement final.<\/p>\n<p style=\"text-align: justify;\">De plus, le Tour d&rsquo;Espagne est le Grand Tour le mieux dessin\u00e9 pour Rogli\u010d, avec moins de haute montagne, des mont\u00e9es raides et explosives. De plus, le contre-la-montre par \u00e9quipes sera un avantage pour lui (et pour Vingegaard) vis-\u00e0-vis de la concurrence, tandis que sur le contre-la-montre individuel, il devra limiter la casse face \u00e0 son \u00e9quipier danois et Remco Evenepoel.<\/p>\n<div class=\"vlp-link-container vlp-layout-article\"><a href=\"https:\/\/dicodusport.fr\/blog\/tour-de-burgos-2023-general-et-derniere-etape-primoz-roglic-rafle-tout-avant-la-vuelta\/\" class=\"vlp-link\" title=\"Tour de Burgos 2023 : G\u00e9n\u00e9ral et derni\u00e8re \u00e9tape, Primoz Roglic rafle tout avant la Vuelta\"><\/a><div class=\"vlp-layout-zone-side\"><div class=\"vlp-block-4 vlp-link-image\"><img loading=\"lazy\" decoding=\"async\" style=\"max-width: 800px;\" width=\"800\" height=\"445\" src=\"https:\/\/dicodusport.fr\/blog\/wp-content\/uploads\/2023\/08\/Tour-de-Burgos-2023-General-et-derniere-etape-Primoz-Roglic-rafle-tout-avant-la-Vuelta.png\" class=\"attachment-800x445 size-800x445\" alt=\"Tour de Burgos 2023 G\u00e9n\u00e9ral et derni\u00e8re \u00e9tape, Primoz Roglic rafle tout avant la Vuelta\" srcset=\"https:\/\/dicodusport.fr\/blog\/wp-content\/uploads\/2023\/08\/Tour-de-Burgos-2023-General-et-derniere-etape-Primoz-Roglic-rafle-tout-avant-la-Vuelta.png 800w, https:\/\/dicodusport.fr\/blog\/wp-content\/uploads\/2023\/08\/Tour-de-Burgos-2023-General-et-derniere-etape-Primoz-Roglic-rafle-tout-avant-la-Vuelta-300x167.png 300w, https:\/\/dicodusport.fr\/blog\/wp-content\/uploads\/2023\/08\/Tour-de-Burgos-2023-General-et-derniere-etape-Primoz-Roglic-rafle-tout-avant-la-Vuelta-768x427.png 768w\" sizes=\"auto, (max-width: 800px) 100vw, 800px\" \/><\/div><\/div><div class=\"vlp-layout-zone-main\"><div class=\"vlp-block-0 vlp-link-title\">Tour de Burgos 2023 : G\u00e9n\u00e9ral et derni\u00e8re \u00e9tape, Primoz Roglic rafle tout avant la Vuelta<\/div><div class=\"vlp-block-1 vlp-link-summary\">TOUR DE BURGOS 2023 \u2013 Ce samedi, Primoz Roglic (Jumbo-Visma) a remport\u00e9 le Tour de Burgos, enlevant au passage la 5\u00e8me et derni\u00e8re \u00e9tape au sommet des Lagunas de Neila (160 km).<\/div><div class=\"vlp-block-2 vlp-link-button\">Lire l'article<\/div><div class=\"vlp-block-3 vlp-link-url\">dicodusport.fr<\/div><\/div><\/div>\n<ul>\n<li style=\"text-align: justify;\"><strong>\u00c0 lire aussi \u2013\u00a0<a href=\"https:\/\/dicodusport.fr\/blog\/le-profil-des-21-etapes-du-tour-despagne-2023\/\">Le profil des 21 \u00e9tapes du Tour d\u2019Espagne 2023<\/a><\/strong><\/li>\n<\/ul>\n<h2 style=\"text-align: justify;\">Remco Evenepoel \u2b50\u2b50\u2b50\u2b50<\/h2>\n<p style=\"text-align: justify;\"><strong>Remco Evenepoel<\/strong> sera l&rsquo;homme sur lequel la Jumbo-Visma va devoir se m\u00e9fier. Il est l&rsquo;un des meilleurs cyclistes du monde actuellement. Depuis l\u2019ann\u00e9e derni\u00e8re, Rogli\u010d sait aussi qu\u2019il ne faut pas sous-estimer Evenepoel. Le Belge avait clairement le dessus sur le Slov\u00e8ne avant sa chute. Puis, Roglic a su reprendre du temps, avant de malheureusement abandonner.<\/p>\n<p style=\"text-align: justify;\">Plus t\u00f4t cette ann\u00e9e, Evenepoel et Rogli\u010d se sont d\u00e9j\u00e0 rencontr\u00e9s lors du Giro, sur lequel le Belge a clairement pris le meilleur d\u00e9part, jusqu&rsquo;\u00e0 ce qu&rsquo;il doive abandonner en raison d&rsquo;un test positif au Covid-19. Depuis, Evenepoel n&rsquo;a pas ch\u00f4m\u00e9 en finissant troisi\u00e8me du Tour de Suisse, en n&rsquo;\u00e9tant clairement pas au top de sa forme. Ensuite, il a \u00e9t\u00e9 sacr\u00e9 champion de Belgique sur route en \u00e9crasant la concurrence sur un parcours roulant. Cet \u00e9t\u00e9, il a gagn\u00e9 pour la troisi\u00e8me fois la Cl\u00e1sica San Sebasti\u00e1n, avant de perdre son maillot arc-en-ciel \u00e0 Glasgow sur un parcours qui lui correspondait tr\u00e8s peu. Mais, le prodige belge a de l&rsquo;orgueil, et il a remport\u00e9 l&rsquo;or sur le contre-la-montre, quelques jours plus tard.<\/p>\n<div class=\"vlp-link-container vlp-layout-article\"><a href=\"https:\/\/dicodusport.fr\/blog\/championnats-du-monde-cyclisme-2023-remco-evenepoel-sacre-sur-le-contre-la-montre\/\" class=\"vlp-link\" title=\"Championnats du monde cyclisme 2023 : Remco Evenepoel sacr\u00e9 sur le contre-la-montre\"><\/a><div class=\"vlp-layout-zone-side\"><div class=\"vlp-block-4 vlp-link-image\"><img loading=\"lazy\" decoding=\"async\" style=\"max-width: 800px;\" width=\"800\" height=\"445\" src=\"https:\/\/dicodusport.fr\/blog\/wp-content\/uploads\/2023\/08\/Championnats-du-monde-cyclisme-2023-Remco-Evenepoel-sacre-sur-le-contre-la-montre-1.png\" class=\"attachment-800x445 size-800x445\" alt=\"Championnats du monde cyclisme 2023 Remco Evenepoel sacr\u00e9 sur le contre-la-montre\" srcset=\"https:\/\/dicodusport.fr\/blog\/wp-content\/uploads\/2023\/08\/Championnats-du-monde-cyclisme-2023-Remco-Evenepoel-sacre-sur-le-contre-la-montre-1.png 800w, https:\/\/dicodusport.fr\/blog\/wp-content\/uploads\/2023\/08\/Championnats-du-monde-cyclisme-2023-Remco-Evenepoel-sacre-sur-le-contre-la-montre-1-300x167.png 300w, https:\/\/dicodusport.fr\/blog\/wp-content\/uploads\/2023\/08\/Championnats-du-monde-cyclisme-2023-Remco-Evenepoel-sacre-sur-le-contre-la-montre-1-768x427.png 768w\" sizes=\"auto, (max-width: 800px) 100vw, 800px\" \/><\/div><\/div><div class=\"vlp-layout-zone-main\"><div class=\"vlp-block-0 vlp-link-title\">Championnats du monde cyclisme 2023 : Remco Evenepoel sacr\u00e9 sur le contre-la-montre<\/div><div class=\"vlp-block-1 vlp-link-summary\">CHAMPIONNATS DU MONDE CYCLISME SUR ROUTE 2023 - Le duel Remco Evenepoel - Filippo Ganna a tourn\u00e9 \u00e0 l'avantage du Belge, vainqueur sur le contre-la-montre un an apr\u00e8s son sacre sur route. Le surprenant Joshua Tarling compl\u00e8te le podium, alors que les Bleus sont bout\u00e9s hors du Top 10.\u00a0<\/div><div class=\"vlp-block-2 vlp-link-button\">Lire l'article<\/div><div class=\"vlp-block-3 vlp-link-url\">dicodusport.fr<\/div><\/div><\/div>\n<p style=\"text-align: justify;\">Bref, depuis sa victoire \u00e0 Saint-S\u00e9bastien fin juillet, il \u00e9volue \u00e0 un gros niveau. Il a principalement couru des courses d&rsquo;une journ\u00e9e et a donc eu suffisamment de jours de repos entre les deux. Mais va-t-il trouver une forme encore plus impressionnante que l&rsquo;an dernier ? Enfin, Evenepoel a ajout\u00e9 une nouvelle corde \u00e0 son arc, avec un punch qui l&rsquo;aide \u00e0 \u00eatre plus solide au sprint. Cependant, l&rsquo;absence d&rsquo;Ilan Van Wilder risque de peser lourd. Son \u00e9quipe sera bien moins forte qu&rsquo;INEOS Grenadiers, UAE Team Emirates et surtout Jumbo-Visma.<\/p>\n<p style=\"text-align: justify;\">On ne doute pas de ses qualit\u00e9s, mais tactiquement, il va devoir parfois faire des choix. Roglic peut profiter de la moindre bosse pour prendre du temps, et la Jumbo-Visma peut profiter de la sup\u00e9riorit\u00e9 num\u00e9rique d\u00e8s la troisi\u00e8me \u00e9tape.<\/p>\n<h2 style=\"text-align: justify;\">Juan Ayuso &amp; Joao Almeida \u2b50\u2b50\u2b50<\/h2>\n<p style=\"text-align: justify;\">En l&rsquo;absence de Tadej Pogacar, UAE Emirates sera pr\u00e9sente au d\u00e9part de Barcelone avec deux leaders. <strong>Jo\u00e3o Almeida<\/strong> est le leader le plus exp\u00e9riment\u00e9 et il participera \u00e0 la Vuelta pour la deuxi\u00e8me fois (5\u1d49 l&rsquo;an dernier). Le rouleur portugais est en confiance, apr\u00e8s sa troisi\u00e8me place du Giro d&rsquo;Italia, avec en plus, un succ\u00e8s d&rsquo;\u00e9tape.<\/p>\n<p style=\"text-align: justify;\">Almeida est la d\u00e9finition de la r\u00e9gularit\u00e9 avec des places d&rsquo;honneur dans le Tour d&rsquo;Algarve (sixi\u00e8me), Tirreno-Adriatico (deuxi\u00e8me), Tour de Catalogne (troisi\u00e8me), le Giro (troisi\u00e8me) et le Tour de Pologne (deuxi\u00e8me). Complet, il lui manque ce petit coup de rein pour faire la diff\u00e9rence. Mais, en termes de gestion, il est presque un expert, sans aller au-del\u00e0 de ses forces. Almeida pourra-t-il suivre le rythme des grands favoris Vingegaard, Rogli\u010d et Evenepoel dans les mont\u00e9es ?<\/p>\n<p style=\"text-align: justify;\">Ensuite, <strong>Juan Ayuso<\/strong> a surpris en terminant troisi\u00e8me l&rsquo;ann\u00e9e derni\u00e8re \u00e0 seulement 20 ans. Il sera d\u00e9j\u00e0 l&rsquo;un des outsiders s\u00e9rieux pour remporter, un jour, le Tour d&rsquo;Espagne. L&rsquo;espoir espagnol n&rsquo;a pas beaucoup couru cette ann\u00e9e, en partie \u00e0 cause d&rsquo;une tendinite persistante ce printemps. \u00c0 son retour en Romandie, il remporte imm\u00e9diatement le difficile contre-la-montre et lors du Tour de Suisse. Ayuso a remport\u00e9 deux \u00e9tapes, une en montagne, l&rsquo;autre sur un chrono donc, et a termin\u00e9 deuxi\u00e8me au classement final.<\/p>\n<div class=\"vlp-link-container vlp-layout-article\"><a href=\"https:\/\/dicodusport.fr\/blog\/tour-de-suisse-2023-juan-ayuso-remporte-en-solitaire-la-5eme-etape\/\" class=\"vlp-link\" title=\"Tour de Suisse 2023 : Juan Ayuso remporte en solitaire la 5\u00e8me \u00e9tape\"><\/a><div class=\"vlp-layout-zone-side\"><div class=\"vlp-block-4 vlp-link-image\"><img loading=\"lazy\" decoding=\"async\" style=\"max-width: 800px;\" width=\"800\" height=\"445\" src=\"https:\/\/dicodusport.fr\/blog\/wp-content\/uploads\/2023\/06\/Tour-de-Suisse-2023-Juan-Ayuso-remporte-en-solitaire-la-5eme-etape.png\" class=\"attachment-800x445 size-800x445\" alt=\"Tour de Suisse 2023 Juan Ayuso remporte en solitaire la 5\u00e8me \u00e9tape\" srcset=\"https:\/\/dicodusport.fr\/blog\/wp-content\/uploads\/2023\/06\/Tour-de-Suisse-2023-Juan-Ayuso-remporte-en-solitaire-la-5eme-etape.png 800w, https:\/\/dicodusport.fr\/blog\/wp-content\/uploads\/2023\/06\/Tour-de-Suisse-2023-Juan-Ayuso-remporte-en-solitaire-la-5eme-etape-300x167.png 300w, https:\/\/dicodusport.fr\/blog\/wp-content\/uploads\/2023\/06\/Tour-de-Suisse-2023-Juan-Ayuso-remporte-en-solitaire-la-5eme-etape-768x427.png 768w\" sizes=\"auto, (max-width: 800px) 100vw, 800px\" \/><\/div><\/div><div class=\"vlp-layout-zone-main\"><div class=\"vlp-block-0 vlp-link-title\">Tour de Suisse 2023 : Juan Ayuso remporte en solitaire la 5\u00e8me \u00e9tape<\/div><div class=\"vlp-block-1 vlp-link-summary\">TOUR DE SUISSE 2023 -\u00a0 Juan Ayuso (UAE Team Emirates) s'est adjug\u00e9 la cinqui\u00e8me \u00e9tape de la 86\u00e8me \u00e9dition du Tour de Suisse \u00e0 Leukerbad, jeudi. L'Espagnol a attaqu\u00e9 dans le dernier col du jour pour creuser de gros \u00e9carts. Puis a maintenu son avance vers La Punt. Mattias Skjelmose (Trek-Segafredo) prend le maillot jaune, avec sa deuxi\u00e8me place. D\u00e9poss\u00e9dant Felix Gall (AG2R Citro\u00ebn)<\/div><div class=\"vlp-block-2 vlp-link-button\">Lire l'article<\/div><div class=\"vlp-block-3 vlp-link-url\">dicodusport.fr<\/div><\/div><\/div>\n<p style=\"text-align: justify;\">Depuis, la pr\u00e9paration d&rsquo;Ayuso pour la Vuelta a battu son plein. Ayuso tiendra bon dans les mont\u00e9es et a montr\u00e9 qu\u2019il pouvait bien performer dans des contre-la-montre difficiles. L&rsquo;objectif de ces deux leaders sera un nouveau podium. Ils sont bien entour\u00e9s avec la r\u00e9v\u00e9lation de l&rsquo;an dernier Jay Vine, l&rsquo;inusable Marc Soler et le prometteur Finn Fisher-Black.<\/p>\n<ul>\n<li style=\"text-align: justify;\"><strong>\u00c0 lire aussi &#8211; <a href=\"https:\/\/dicodusport.fr\/blog\/tour-despagne-2023-les-selections-des-equipes\/\">Les s\u00e9lections des \u00e9quipes pour le Tour d&rsquo;Espagne 2023<\/a><\/strong><\/li>\n<\/ul>\n<h2 style=\"text-align: justify;\">Thymen Arensman \u2b50\u2b50 &amp; Geraint Thomas \u2b50<\/h2>\n<p style=\"text-align: justify;\">Deuxi\u00e8me du Giro d&rsquo;Italia, <strong>Geraint Thomas<\/strong> retrouvera Primoz Roglic et Jo\u00e3o Almeida en Espagne. La pression sera grande chez INEOS Grenadiers, avec une \u00e9quipe tr\u00e8s solide.<\/p>\n<p style=\"text-align: justify;\">Ce printemps, le v\u00e9t\u00e9ran gallois en a surpris plus d&rsquo;un avec sa performance sur le Giro, en l\u00e2chant prise seulement lors du difficile chrono de la veille de l&rsquo;arriv\u00e9e \u00e0 Rome. Avec Thymen Arensman, Laurens De Plus, Egan Bernal et Filippo Ganna, il b\u00e9n\u00e9ficiera d&rsquo;un excellent soutien. Mais Geraint Thomas sera-t-il capable de donner le meilleur de lui-m\u00eame pour la deuxi\u00e8me fois de la saison \u00e0 37 ans sous la chaleur ib\u00e9rique ? En cas de panne s\u00e8che, <strong>Thymen Arensman<\/strong> devrait \u00eatre une solution de repli efficace. Il a termin\u00e9 sixi\u00e8me des deux derniers Grands Tours auxquels il a pris part. Le Batave peut clairement viser un Top 5.<\/p>\n<div class=\"vlp-link-container vlp-layout-article\"><a href=\"https:\/\/dicodusport.fr\/blog\/tour-ditalie-2023-joao-almeida-gagne-la-16eme-etape-geraint-thomas-en-rose\/\" class=\"vlp-link\" title=\"Tour d\u2019Italie 2023 : Joao Almeida gagne la 16\u00e8me \u00e9tape, Geraint Thomas en rose\"><\/a><div class=\"vlp-layout-zone-side\"><div class=\"vlp-block-4 vlp-link-image\"><img loading=\"lazy\" decoding=\"async\" style=\"max-width: 800px;\" width=\"800\" height=\"445\" src=\"https:\/\/dicodusport.fr\/blog\/wp-content\/uploads\/2023\/05\/Tour-dItalie-2023-Joao-Almeida-gagne-la-16eme-etape-Geraint-Thomas-en-rose-1.png\" class=\"attachment-800x445 size-800x445\" alt=\"Tour d\u2019Italie 2023 Joao Almeida gagne la 16\u00e8me \u00e9tape, Geraint Thomas en rose (1)\" srcset=\"https:\/\/dicodusport.fr\/blog\/wp-content\/uploads\/2023\/05\/Tour-dItalie-2023-Joao-Almeida-gagne-la-16eme-etape-Geraint-Thomas-en-rose-1.png 800w, https:\/\/dicodusport.fr\/blog\/wp-content\/uploads\/2023\/05\/Tour-dItalie-2023-Joao-Almeida-gagne-la-16eme-etape-Geraint-Thomas-en-rose-1-300x167.png 300w, https:\/\/dicodusport.fr\/blog\/wp-content\/uploads\/2023\/05\/Tour-dItalie-2023-Joao-Almeida-gagne-la-16eme-etape-Geraint-Thomas-en-rose-1-768x427.png 768w\" sizes=\"auto, (max-width: 800px) 100vw, 800px\" \/><\/div><\/div><div class=\"vlp-layout-zone-main\"><div class=\"vlp-block-0 vlp-link-title\">Tour d\u2019Italie 2023 : Joao Almeida gagne la 16\u00e8me \u00e9tape, Geraint Thomas en rose<\/div><div class=\"vlp-block-1 vlp-link-summary\">TOUR D'ITALIE 2023 - Pour la premi\u00e8re explication en montagne, Joao Almeida (UAE Team Emirates) a gagn\u00e9 la 16\u00e8me \u00e9tape au sommet du Monte Bondone, devant Geraint Thomas (INEOS Grenadiers). Ce dernier a pris le maillot rose.\u00a0<\/div><div class=\"vlp-block-2 vlp-link-button\">Lire l'article<\/div><div class=\"vlp-block-3 vlp-link-url\">dicodusport.fr<\/div><\/div><\/div>\n<h2 style=\"text-align: justify;\">Enric Mas \u2b50<\/h2>\n<p style=\"text-align: justify;\"><strong>Enric Mas<\/strong> a \u00e9t\u00e9 d\u00e9pass\u00e9 dans la hi\u00e9rarchie espagnole par Juan Ayuso et Carlos Rodriguez, cette ann\u00e9e. \u00c2g\u00e9 de 28 ans, il est dans la fleur de l&rsquo;\u00e2ge, mais il sera \u00e0 court de comp\u00e9tition depuis sa chute d\u00e8s la premi\u00e8re \u00e9tape du Tour.<\/p>\n<p style=\"text-align: justify;\">Le printemps avait plut\u00f4t bien commenc\u00e9 avec des places d&rsquo;honneur sur la Ruta del Sol (cinqui\u00e8me), Tirreno-Adriatico (sixi\u00e8me) et le Tour du Pays Basque (cinqui\u00e8me) avant cette fracture de l&rsquo;omoplate et une longue r\u00e9\u00e9ducation. Mas a d\u00e9j\u00e0 termin\u00e9 trois fois deuxi\u00e8me de la Vuelta, mais il n&rsquo;a pas couru en comp\u00e9tition depuis d\u00e9but juillet. Pour monter sur la bo\u00eete, il va devoir retrouver les jambes de l&rsquo;an dernier, o\u00f9 il a \u00e9t\u00e9 le seul rival de Remco Evenepoel et Primoz Roglic, avant de tenir t\u00eate \u00e0 Pogacar sur les routes des classiques italiennes.<\/p>\n<h2 style=\"text-align: justify;\">Aleksandr Vlasov \u2b50<\/h2>\n<p style=\"text-align: justify;\">Chez BORA-Hansgrohe, tous les regards devraient \u00eatre tourn\u00e9s vers <strong>Aleksandr Vlasov<\/strong>. Le grimpeur russe \u00e9tait le leader de cette \u00e9quipe sur le Giro d&rsquo;Italia, mais a d\u00fb abandonner au bout de dix jours. En Espagne, il a une seconde chance de viser un joli classement final dans une grande \u00e9preuve, surtout apr\u00e8s avoir termin\u00e9 cinqui\u00e8me du Tour de France l&rsquo;ann\u00e9e derni\u00e8re.<\/p>\n<p style=\"text-align: justify;\"><strong>Vlasov<\/strong> a disput\u00e9 ses derni\u00e8res courses exclusivement sur le territoire espagnol et a obtenu de bons r\u00e9sultats. Sir la Cl\u00e1sica San Sebasti\u00e1n, il a termin\u00e9 troisi\u00e8me derri\u00e8re le grand favori Remco Evenepoel et Pello Bilbao. Et la semaine derni\u00e8re, lors du Tour de Burgos, il a \u00e9galement r\u00e9ussi \u00e0 terminer troisi\u00e8me en rivalisant avec Primo\u017e Rogli\u010d et Adam Yates. Vlasov peut finir dans les cinq premiers. Avec <strong>Lennard K\u00e4mna<\/strong>, <strong>Sergio Higuita<\/strong> et le talentueux <strong>Cian Uijtdebroeks<\/strong>, il disposera de trois grimpeurs qui pourront l&rsquo;aider. Il lui faudra ensuite limiter la casse dans le contre-la-montre individuel.<\/p>\n<h2 style=\"text-align: justify;\">Eddie Dunbar \u2b50<\/h2>\n<p style=\"text-align: justify;\">Puis, <strong>Eddie Dunbar<\/strong>, le leader du Jayco AlUla, sera un candidat au top 10, voire mieux. Apr\u00e8s cinq ans avec le Team Sky et plus tard INEOS Grenadiers, en tant qu&rsquo;\u00e9quipier, l&rsquo;Irlandais a chang\u00e9 de cr\u00e8merie pour jouer sa carte personnelle. Dunbar a d\u00e9marr\u00e9 lentement cette ann\u00e9e, mais apr\u00e8s avoir termin\u00e9 neuvi\u00e8me du Tour de Romandie, il a continu\u00e9 sur sa lanc\u00e9e jusqu&rsquo;au Giro en terminant \u00e0 la septi\u00e8me place du classement final. Fin juillet, il a repris la comp\u00e9tition au Tour de Pologne, o\u00f9 il a termin\u00e9 \u00e9galement septi\u00e8me. Avec son profil \u00e0 la Simon Yates, il a les qualit\u00e9s pour participer \u00e0 la bataille pour les belles places d&rsquo;honneur. <strong>Filippo Zana<\/strong>, entre autres, le soutiendra en montagne, m\u00eame si l&rsquo;Italien a aussi la libert\u00e9 de viser des victoires d&rsquo;\u00e9tapes, comme lors du dernier Giro.<\/p>\n<h2 style=\"text-align: justify;\">Mikel Landa \u2b50<\/h2>\n<p style=\"text-align: justify;\">Enfin, on termine avec <strong>Mikel Landa<\/strong>. L&rsquo;exp\u00e9riment\u00e9 grimpeur basque est pass\u00e9 \u00e0 c\u00f4t\u00e9 de son Tour de France apr\u00e8s un d\u00e9but de saison assez r\u00e9ussi : 2\u1d49 du Tour d&rsquo;Andalousie et du Tour du Pays Basque, 3\u1d49 de la Fl\u00e8che wallonne, 5\u1d49 du Tour de Catalogne et 7\u1d49 de Tirreno-Adriatico. M\u00eame s&rsquo;il a rarement brill\u00e9 sur son Tour national, Landa doit sauver sa saison sur cette Vuelta. Il fera face \u00e0 la concurrence interne de Damiano Caruso.<\/p>\n<div class=\"vlp-link-container vlp-layout-article\"><a href=\"https:\/\/dicodusport.fr\/blog\/mercato-cyclisme-mikel-landa-rejoint-formation-soudal-quick-step-pour-deux-prochaines-saisons\/\" class=\"vlp-link\" title=\"Mercato Cyclisme : Mikel Landa rejoint la formation Soudal Quick-Step\"><\/a><div class=\"vlp-layout-zone-side\"><div class=\"vlp-block-4 vlp-link-image\"><img loading=\"lazy\" decoding=\"async\" style=\"max-width: 800px;\" width=\"800\" height=\"445\" src=\"https:\/\/dicodusport.fr\/blog\/wp-content\/uploads\/2023\/08\/Mercato-Cyclisme-Mikel-Landa-rejoint-la-formation-Soudal-Quick-Step-pour-les-deux-prochaines-saisons.png\" class=\"attachment-800x445 size-800x445\" alt=\"Mercato Cyclisme : Mikel Landa rejoint la formation Soudal Quick Step pour les deux prochaines saisons\" srcset=\"https:\/\/dicodusport.fr\/blog\/wp-content\/uploads\/2023\/08\/Mercato-Cyclisme-Mikel-Landa-rejoint-la-formation-Soudal-Quick-Step-pour-les-deux-prochaines-saisons.png 800w, https:\/\/dicodusport.fr\/blog\/wp-content\/uploads\/2023\/08\/Mercato-Cyclisme-Mikel-Landa-rejoint-la-formation-Soudal-Quick-Step-pour-les-deux-prochaines-saisons-300x167.png 300w, https:\/\/dicodusport.fr\/blog\/wp-content\/uploads\/2023\/08\/Mercato-Cyclisme-Mikel-Landa-rejoint-la-formation-Soudal-Quick-Step-pour-les-deux-prochaines-saisons-768x427.png 768w\" sizes=\"auto, (max-width: 800px) 100vw, 800px\" \/><\/div><\/div><div class=\"vlp-layout-zone-main\"><div class=\"vlp-block-0 vlp-link-title\">Mercato Cyclisme : Mikel Landa rejoint la formation Soudal Quick-Step<\/div><div class=\"vlp-block-1 vlp-link-summary\">MERCATO CYCLISME - La Soudal Quick-Step a officialis\u00e9 la signature de Mikel Landa (Bahrain-Victorious) pour les deux prochaines saisons.<\/div><div class=\"vlp-block-2 vlp-link-button\">Lire l'article<\/div><div class=\"vlp-block-3 vlp-link-url\">dicodusport.fr<\/div><\/div><\/div>\n","protected":false},"excerpt":{"rendered":"<p>TOUR D&rsquo;ESPAGNE 2023 \u2013 Evenepoel, Roglic, Vingegaard, Ayuso : focus sur les favoris et outsiders de la Vuelta 2023.<\/p>\n","protected":false},"author":48,"featured_media":411742,"comment_status":"open","ping_status":"closed","sticky":false,"template":"","format":"standard","meta":{"_acf_changed":false,"_daextam_enable_autolinks":"","footnotes":""},"categories":[47042],"tags":[16878,24],"class_list":["post-411589","post","type-post","status-publish","format-standard","has-post-thumbnail","hentry","category-tour-d-espagne","tag-breve","tag-sport"],"acf":[],"yoast_head":"<!-- This site is optimized with the Yoast SEO Premium plugin v26.7 (Yoast SEO v26.7) - https:\/\/yoast.com\/wordpress\/plugins\/seo\/ -->\n<title>Tour d&#039;Espagne 2023 : Les favoris et outsiders de la Vuelta<\/title>\n<meta name=\"description\" content=\"TOUR D&#039;ESPAGNE 2023 \u2013 Evenepoel, Roglic, Vingegaard, Ayuso : focus sur les favoris et outsiders de la Vuelta 2023.\" \/>\n<meta name=\"robots\" content=\"index, follow, max-snippet:-1, max-image-preview:large, max-video-preview:-1\" \/>\n<link rel=\"canonical\" href=\"https:\/\/dicodusport.fr\/blog\/tour-despagne-2023-les-favoris-et-outsiders-de-la-vuelta\/\" \/>\n<meta property=\"og:locale\" content=\"fr_FR\" \/>\n<meta property=\"og:type\" content=\"article\" \/>\n<meta property=\"og:title\" content=\"Tour d&#039;Espagne 2023 : Les favoris et outsiders de la Vuelta\" \/>\n<meta property=\"og:description\" content=\"TOUR D&#039;ESPAGNE 2023 \u2013 Evenepoel, Roglic, Vingegaard, Ayuso : focus sur les favoris et outsiders de la Vuelta 2023.\" \/>\n<meta property=\"og:url\" content=\"https:\/\/dicodusport.fr\/blog\/tour-despagne-2023-les-favoris-et-outsiders-de-la-vuelta\/\" \/>\n<meta property=\"og:site_name\" content=\"Dicodusport\" \/>\n<meta property=\"article:publisher\" content=\"https:\/\/www.facebook.com\/dicodusport\" \/>\n<meta property=\"article:author\" content=\"https:\/\/www.facebook.com\/groups\/LesRoisDuPeloton\" \/>\n<meta property=\"article:published_time\" content=\"2023-08-24T17:23:55+00:00\" \/>\n<meta property=\"og:image\" content=\"https:\/\/dicodusport.fr\/blog\/wp-content\/uploads\/2023\/08\/Tour-dEspagne-2023-Les-favoris-et-outsiders-de-la-Vuelta.png\" \/>\n\t<meta property=\"og:image:width\" content=\"800\" \/>\n\t<meta property=\"og:image:height\" content=\"445\" \/>\n\t<meta property=\"og:image:type\" content=\"image\/png\" \/>\n<meta name=\"author\" content=\"Emilien Descampiaux\" \/>\n<meta name=\"twitter:card\" content=\"summary_large_image\" \/>\n<meta name=\"twitter:title\" content=\"Tour d&#039;Espagne 2023 : Les favoris et outsiders de la Vuelta\" \/>\n<meta name=\"twitter:creator\" content=\"@https:\/\/twitter.com\/LRoisDuPeloton\" \/>\n<meta name=\"twitter:site\" content=\"@dicodusport\" \/>\n<script type=\"application\/ld+json\" class=\"yoast-schema-graph\">{\"@context\":\"https:\/\/schema.org\",\"@graph\":[{\"@type\":\"NewsArticle\",\"@id\":\"https:\/\/dicodusport.fr\/blog\/tour-despagne-2023-les-favoris-et-outsiders-de-la-vuelta\/#article\",\"isPartOf\":{\"@id\":\"https:\/\/dicodusport.fr\/blog\/tour-despagne-2023-les-favoris-et-outsiders-de-la-vuelta\/\"},\"author\":{\"name\":\"Emilien Descampiaux\",\"@id\":\"https:\/\/dicodusport.fr\/blog\/#\/schema\/person\/6db4bae06b171592211be385b32876a7\"},\"headline\":\"Tour d&rsquo;Espagne 2023 : Les favoris et outsiders de la Vuelta\",\"datePublished\":\"2023-08-24T17:23:55+00:00\",\"mainEntityOfPage\":{\"@id\":\"https:\/\/dicodusport.fr\/blog\/tour-despagne-2023-les-favoris-et-outsiders-de-la-vuelta\/\"},\"wordCount\":2411,\"commentCount\":0,\"publisher\":{\"@id\":\"https:\/\/dicodusport.fr\/blog\/#organization\"},\"image\":{\"@id\":\"https:\/\/dicodusport.fr\/blog\/tour-despagne-2023-les-favoris-et-outsiders-de-la-vuelta\/#primaryimage\"},\"thumbnailUrl\":\"https:\/\/dicodusport.fr\/blog\/wp-content\/uploads\/2023\/08\/Tour-dEspagne-2023-Les-favoris-et-outsiders-de-la-Vuelta.png\",\"keywords\":[\"br\u00e8ve\",\"sport\"],\"articleSection\":[\"Tour d'Espagne\"],\"inLanguage\":\"fr-FR\",\"potentialAction\":[{\"@type\":\"CommentAction\",\"name\":\"Comment\",\"target\":[\"https:\/\/dicodusport.fr\/blog\/tour-despagne-2023-les-favoris-et-outsiders-de-la-vuelta\/#respond\"]}],\"copyrightYear\":\"2023\",\"copyrightHolder\":{\"@id\":\"https:\/\/dicodusport.fr\/blog\/#organization\"}},{\"@type\":\"WebPage\",\"@id\":\"https:\/\/dicodusport.fr\/blog\/tour-despagne-2023-les-favoris-et-outsiders-de-la-vuelta\/\",\"url\":\"https:\/\/dicodusport.fr\/blog\/tour-despagne-2023-les-favoris-et-outsiders-de-la-vuelta\/\",\"name\":\"Tour d'Espagne 2023 : Les favoris et outsiders de la Vuelta\",\"isPartOf\":{\"@id\":\"https:\/\/dicodusport.fr\/blog\/#website\"},\"primaryImageOfPage\":{\"@id\":\"https:\/\/dicodusport.fr\/blog\/tour-despagne-2023-les-favoris-et-outsiders-de-la-vuelta\/#primaryimage\"},\"image\":{\"@id\":\"https:\/\/dicodusport.fr\/blog\/tour-despagne-2023-les-favoris-et-outsiders-de-la-vuelta\/#primaryimage\"},\"thumbnailUrl\":\"https:\/\/dicodusport.fr\/blog\/wp-content\/uploads\/2023\/08\/Tour-dEspagne-2023-Les-favoris-et-outsiders-de-la-Vuelta.png\",\"datePublished\":\"2023-08-24T17:23:55+00:00\",\"description\":\"TOUR D'ESPAGNE 2023 \u2013 Evenepoel, Roglic, Vingegaard, Ayuso : focus sur les favoris et outsiders de la Vuelta 2023.\",\"breadcrumb\":{\"@id\":\"https:\/\/dicodusport.fr\/blog\/tour-despagne-2023-les-favoris-et-outsiders-de-la-vuelta\/#breadcrumb\"},\"inLanguage\":\"fr-FR\",\"potentialAction\":[{\"@type\":\"ReadAction\",\"target\":[\"https:\/\/dicodusport.fr\/blog\/tour-despagne-2023-les-favoris-et-outsiders-de-la-vuelta\/\"]}]},{\"@type\":\"ImageObject\",\"inLanguage\":\"fr-FR\",\"@id\":\"https:\/\/dicodusport.fr\/blog\/tour-despagne-2023-les-favoris-et-outsiders-de-la-vuelta\/#primaryimage\",\"url\":\"https:\/\/dicodusport.fr\/blog\/wp-content\/uploads\/2023\/08\/Tour-dEspagne-2023-Les-favoris-et-outsiders-de-la-Vuelta.png\",\"contentUrl\":\"https:\/\/dicodusport.fr\/blog\/wp-content\/uploads\/2023\/08\/Tour-dEspagne-2023-Les-favoris-et-outsiders-de-la-Vuelta.png\",\"width\":800,\"height\":445,\"caption\":\"Tour d'Espagne 2023 Les favoris et outsiders de la Vuelta\"},{\"@type\":\"BreadcrumbList\",\"@id\":\"https:\/\/dicodusport.fr\/blog\/tour-despagne-2023-les-favoris-et-outsiders-de-la-vuelta\/#breadcrumb\",\"itemListElement\":[{\"@type\":\"ListItem\",\"position\":1,\"name\":\"Accueil\",\"item\":\"https:\/\/dicodusport.fr\/blog\/\"},{\"@type\":\"ListItem\",\"position\":2,\"name\":\"Tour d&rsquo;Espagne 2023 : Les favoris et outsiders de la Vuelta\"}]},{\"@type\":\"WebSite\",\"@id\":\"https:\/\/dicodusport.fr\/blog\/#website\",\"url\":\"https:\/\/dicodusport.fr\/blog\/\",\"name\":\"Dicodusport\",\"description\":\"L&#039;encyclop\u00e9die de l&#039;actualit\u00e9 sportive\",\"publisher\":{\"@id\":\"https:\/\/dicodusport.fr\/blog\/#organization\"},\"potentialAction\":[{\"@type\":\"SearchAction\",\"target\":{\"@type\":\"EntryPoint\",\"urlTemplate\":\"https:\/\/dicodusport.fr\/blog\/?s={search_term_string}\"},\"query-input\":{\"@type\":\"PropertyValueSpecification\",\"valueRequired\":true,\"valueName\":\"search_term_string\"}}],\"inLanguage\":\"fr-FR\"},{\"@type\":\"NewsMediaOrganization\",\"@id\":\"https:\/\/dicodusport.fr\/blog\/#organization\",\"name\":\"Dicodusport\",\"url\":\"https:\/\/dicodusport.fr\/blog\/\",\"logo\":{\"@type\":\"ImageObject\",\"inLanguage\":\"fr-FR\",\"@id\":\"https:\/\/dicodusport.fr\/blog\/#\/schema\/logo\/image\/\",\"url\":\"https:\/\/dicodusport.fr\/blog\/wp-content\/uploads\/2020\/06\/cropped-LOGO-DICODUSPORT-2020-SANS-FOND-SANS-TEXTE.png\",\"contentUrl\":\"https:\/\/dicodusport.fr\/blog\/wp-content\/uploads\/2020\/06\/cropped-LOGO-DICODUSPORT-2020-SANS-FOND-SANS-TEXTE.png\",\"width\":512,\"height\":512,\"caption\":\"Dicodusport\"},\"image\":{\"@id\":\"https:\/\/dicodusport.fr\/blog\/#\/schema\/logo\/image\/\"},\"sameAs\":[\"https:\/\/www.facebook.com\/dicodusport\",\"https:\/\/x.com\/dicodusport\",\"https:\/\/www.instagram.com\/dicodusport\/\",\"https:\/\/www.youtube.com\/channel\/UC7V2KZ5sd3htJivAbA4ZG3w\"],\"description\":\"Dicodusport est l'encyclop\u00e9die de l'actualit\u00e9 sportive.\",\"email\":\"bonjour@dicodusport.fr\",\"legalName\":\"DICODUSPORT\",\"foundingDate\":\"2018-01-14\",\"vatID\":\"FR71834470973\",\"taxID\":\"83447097300043\",\"numberOfEmployees\":{\"@type\":\"QuantitativeValue\",\"minValue\":\"1\",\"maxValue\":\"10\"}},{\"@type\":\"Person\",\"@id\":\"https:\/\/dicodusport.fr\/blog\/#\/schema\/person\/6db4bae06b171592211be385b32876a7\",\"name\":\"Emilien Descampiaux\",\"image\":{\"@type\":\"ImageObject\",\"inLanguage\":\"fr-FR\",\"@id\":\"https:\/\/dicodusport.fr\/blog\/#\/schema\/person\/image\/\",\"url\":\"https:\/\/dicodusport.fr\/blog\/wp-content\/uploads\/2021\/05\/Emilien-Descampiaux-150x150.jpg\",\"contentUrl\":\"https:\/\/dicodusport.fr\/blog\/wp-content\/uploads\/2021\/05\/Emilien-Descampiaux-150x150.jpg\",\"caption\":\"Emilien Descampiaux\"},\"description\":\"Journaliste\/r\u00e9dacteur depuis 2014 - Fan de la classe de Frank Vandenbroucke, je vis cyclisme (et de ses paysages) depuis plus de 20 ans. Je suis tr\u00e8s impliqu\u00e9 sur mes diff\u00e9rents r\u00e9seaux sociaux pour partager ma passion sur le monde et l'Histoire de la bicyclette avec ma voix sur les images en noir et blanc du succ\u00e8s de Rik Van Steenbergen lors du Ronde sur le V\u00e9lodrome de Gand.\",\"sameAs\":[\"https:\/\/www.facebook.com\/groups\/LesRoisDuPeloton\",\"https:\/\/x.com\/https:\/\/twitter.com\/LRoisDuPeloton\"],\"url\":\"https:\/\/dicodusport.fr\/blog\/author\/emiliend\/\"}]}<\/script>\n<!-- \/ Yoast SEO Premium plugin. -->","yoast_head_json":{"title":"Tour d'Espagne 2023 : Les favoris et outsiders de la Vuelta","description":"TOUR D'ESPAGNE 2023 \u2013 Evenepoel, Roglic, Vingegaard, Ayuso : focus sur les favoris et outsiders de la Vuelta 2023.","robots":{"index":"index","follow":"follow","max-snippet":"max-snippet:-1","max-image-preview":"max-image-preview:large","max-video-preview":"max-video-preview:-1"},"canonical":"https:\/\/dicodusport.fr\/blog\/tour-despagne-2023-les-favoris-et-outsiders-de-la-vuelta\/","og_locale":"fr_FR","og_type":"article","og_title":"Tour d'Espagne 2023 : Les favoris et outsiders de la Vuelta","og_description":"TOUR D'ESPAGNE 2023 \u2013 Evenepoel, Roglic, Vingegaard, Ayuso : focus sur les favoris et outsiders de la Vuelta 2023.","og_url":"https:\/\/dicodusport.fr\/blog\/tour-despagne-2023-les-favoris-et-outsiders-de-la-vuelta\/","og_site_name":"Dicodusport","article_publisher":"https:\/\/www.facebook.com\/dicodusport","article_author":"https:\/\/www.facebook.com\/groups\/LesRoisDuPeloton","article_published_time":"2023-08-24T17:23:55+00:00","og_image":[{"width":800,"height":445,"url":"https:\/\/dicodusport.fr\/blog\/wp-content\/uploads\/2023\/08\/Tour-dEspagne-2023-Les-favoris-et-outsiders-de-la-Vuelta.png","type":"image\/png"}],"author":"Emilien Descampiaux","twitter_card":"summary_large_image","twitter_title":"Tour d'Espagne 2023 : Les favoris et outsiders de la Vuelta","twitter_creator":"@https:\/\/twitter.com\/LRoisDuPeloton","twitter_site":"@dicodusport","schema":{"@context":"https:\/\/schema.org","@graph":[{"@type":"NewsArticle","@id":"https:\/\/dicodusport.fr\/blog\/tour-despagne-2023-les-favoris-et-outsiders-de-la-vuelta\/#article","isPartOf":{"@id":"https:\/\/dicodusport.fr\/blog\/tour-despagne-2023-les-favoris-et-outsiders-de-la-vuelta\/"},"author":{"name":"Emilien Descampiaux","@id":"https:\/\/dicodusport.fr\/blog\/#\/schema\/person\/6db4bae06b171592211be385b32876a7"},"headline":"Tour d&rsquo;Espagne 2023 : Les favoris et outsiders de la Vuelta","datePublished":"2023-08-24T17:23:55+00:00","mainEntityOfPage":{"@id":"https:\/\/dicodusport.fr\/blog\/tour-despagne-2023-les-favoris-et-outsiders-de-la-vuelta\/"},"wordCount":2411,"commentCount":0,"publisher":{"@id":"https:\/\/dicodusport.fr\/blog\/#organization"},"image":{"@id":"https:\/\/dicodusport.fr\/blog\/tour-despagne-2023-les-favoris-et-outsiders-de-la-vuelta\/#primaryimage"},"thumbnailUrl":"https:\/\/dicodusport.fr\/blog\/wp-content\/uploads\/2023\/08\/Tour-dEspagne-2023-Les-favoris-et-outsiders-de-la-Vuelta.png","keywords":["br\u00e8ve","sport"],"articleSection":["Tour d'Espagne"],"inLanguage":"fr-FR","potentialAction":[{"@type":"CommentAction","name":"Comment","target":["https:\/\/dicodusport.fr\/blog\/tour-despagne-2023-les-favoris-et-outsiders-de-la-vuelta\/#respond"]}],"copyrightYear":"2023","copyrightHolder":{"@id":"https:\/\/dicodusport.fr\/blog\/#organization"}},{"@type":"WebPage","@id":"https:\/\/dicodusport.fr\/blog\/tour-despagne-2023-les-favoris-et-outsiders-de-la-vuelta\/","url":"https:\/\/dicodusport.fr\/blog\/tour-despagne-2023-les-favoris-et-outsiders-de-la-vuelta\/","name":"Tour d'Espagne 2023 : Les favoris et outsiders de la Vuelta","isPartOf":{"@id":"https:\/\/dicodusport.fr\/blog\/#website"},"primaryImageOfPage":{"@id":"https:\/\/dicodusport.fr\/blog\/tour-despagne-2023-les-favoris-et-outsiders-de-la-vuelta\/#primaryimage"},"image":{"@id":"https:\/\/dicodusport.fr\/blog\/tour-despagne-2023-les-favoris-et-outsiders-de-la-vuelta\/#primaryimage"},"thumbnailUrl":"https:\/\/dicodusport.fr\/blog\/wp-content\/uploads\/2023\/08\/Tour-dEspagne-2023-Les-favoris-et-outsiders-de-la-Vuelta.png","datePublished":"2023-08-24T17:23:55+00:00","description":"TOUR D'ESPAGNE 2023 \u2013 Evenepoel, Roglic, Vingegaard, Ayuso : focus sur les favoris et outsiders de la Vuelta 2023.","breadcrumb":{"@id":"https:\/\/dicodusport.fr\/blog\/tour-despagne-2023-les-favoris-et-outsiders-de-la-vuelta\/#breadcrumb"},"inLanguage":"fr-FR","potentialAction":[{"@type":"ReadAction","target":["https:\/\/dicodusport.fr\/blog\/tour-despagne-2023-les-favoris-et-outsiders-de-la-vuelta\/"]}]},{"@type":"ImageObject","inLanguage":"fr-FR","@id":"https:\/\/dicodusport.fr\/blog\/tour-despagne-2023-les-favoris-et-outsiders-de-la-vuelta\/#primaryimage","url":"https:\/\/dicodusport.fr\/blog\/wp-content\/uploads\/2023\/08\/Tour-dEspagne-2023-Les-favoris-et-outsiders-de-la-Vuelta.png","contentUrl":"https:\/\/dicodusport.fr\/blog\/wp-content\/uploads\/2023\/08\/Tour-dEspagne-2023-Les-favoris-et-outsiders-de-la-Vuelta.png","width":800,"height":445,"caption":"Tour d'Espagne 2023 Les favoris et outsiders de la Vuelta"},{"@type":"BreadcrumbList","@id":"https:\/\/dicodusport.fr\/blog\/tour-despagne-2023-les-favoris-et-outsiders-de-la-vuelta\/#breadcrumb","itemListElement":[{"@type":"ListItem","position":1,"name":"Accueil","item":"https:\/\/dicodusport.fr\/blog\/"},{"@type":"ListItem","position":2,"name":"Tour d&rsquo;Espagne 2023 : Les favoris et outsiders de la Vuelta"}]},{"@type":"WebSite","@id":"https:\/\/dicodusport.fr\/blog\/#website","url":"https:\/\/dicodusport.fr\/blog\/","name":"Dicodusport","description":"L&#039;encyclop\u00e9die de l&#039;actualit\u00e9 sportive","publisher":{"@id":"https:\/\/dicodusport.fr\/blog\/#organization"},"potentialAction":[{"@type":"SearchAction","target":{"@type":"EntryPoint","urlTemplate":"https:\/\/dicodusport.fr\/blog\/?s={search_term_string}"},"query-input":{"@type":"PropertyValueSpecification","valueRequired":true,"valueName":"search_term_string"}}],"inLanguage":"fr-FR"},{"@type":"NewsMediaOrganization","@id":"https:\/\/dicodusport.fr\/blog\/#organization","name":"Dicodusport","url":"https:\/\/dicodusport.fr\/blog\/","logo":{"@type":"ImageObject","inLanguage":"fr-FR","@id":"https:\/\/dicodusport.fr\/blog\/#\/schema\/logo\/image\/","url":"https:\/\/dicodusport.fr\/blog\/wp-content\/uploads\/2020\/06\/cropped-LOGO-DICODUSPORT-2020-SANS-FOND-SANS-TEXTE.png","contentUrl":"https:\/\/dicodusport.fr\/blog\/wp-content\/uploads\/2020\/06\/cropped-LOGO-DICODUSPORT-2020-SANS-FOND-SANS-TEXTE.png","width":512,"height":512,"caption":"Dicodusport"},"image":{"@id":"https:\/\/dicodusport.fr\/blog\/#\/schema\/logo\/image\/"},"sameAs":["https:\/\/www.facebook.com\/dicodusport","https:\/\/x.com\/dicodusport","https:\/\/www.instagram.com\/dicodusport\/","https:\/\/www.youtube.com\/channel\/UC7V2KZ5sd3htJivAbA4ZG3w"],"description":"Dicodusport est l'encyclop\u00e9die de l'actualit\u00e9 sportive.","email":"bonjour@dicodusport.fr","legalName":"DICODUSPORT","foundingDate":"2018-01-14","vatID":"FR71834470973","taxID":"83447097300043","numberOfEmployees":{"@type":"QuantitativeValue","minValue":"1","maxValue":"10"}},{"@type":"Person","@id":"https:\/\/dicodusport.fr\/blog\/#\/schema\/person\/6db4bae06b171592211be385b32876a7","name":"Emilien Descampiaux","image":{"@type":"ImageObject","inLanguage":"fr-FR","@id":"https:\/\/dicodusport.fr\/blog\/#\/schema\/person\/image\/","url":"https:\/\/dicodusport.fr\/blog\/wp-content\/uploads\/2021\/05\/Emilien-Descampiaux-150x150.jpg","contentUrl":"https:\/\/dicodusport.fr\/blog\/wp-content\/uploads\/2021\/05\/Emilien-Descampiaux-150x150.jpg","caption":"Emilien Descampiaux"},"description":"Journaliste\/r\u00e9dacteur depuis 2014 - Fan de la classe de Frank Vandenbroucke, je vis cyclisme (et de ses paysages) depuis plus de 20 ans. Je suis tr\u00e8s impliqu\u00e9 sur mes diff\u00e9rents r\u00e9seaux sociaux pour partager ma passion sur le monde et l'Histoire de la bicyclette avec ma voix sur les images en noir et blanc du succ\u00e8s de Rik Van Steenbergen lors du Ronde sur le V\u00e9lodrome de Gand.","sameAs":["https:\/\/www.facebook.com\/groups\/LesRoisDuPeloton","https:\/\/x.com\/https:\/\/twitter.com\/LRoisDuPeloton"],"url":"https:\/\/dicodusport.fr\/blog\/author\/emiliend\/"}]}},"_links":{"self":[{"href":"https:\/\/dicodusport.fr\/blog\/wp-json\/wp\/v2\/posts\/411589","targetHints":{"allow":["GET"]}}],"collection":[{"href":"https:\/\/dicodusport.fr\/blog\/wp-json\/wp\/v2\/posts"}],"about":[{"href":"https:\/\/dicodusport.fr\/blog\/wp-json\/wp\/v2\/types\/post"}],"author":[{"embeddable":true,"href":"https:\/\/dicodusport.fr\/blog\/wp-json\/wp\/v2\/users\/48"}],"replies":[{"embeddable":true,"href":"https:\/\/dicodusport.fr\/blog\/wp-json\/wp\/v2\/comments?post=411589"}],"version-history":[{"count":0,"href":"https:\/\/dicodusport.fr\/blog\/wp-json\/wp\/v2\/posts\/411589\/revisions"}],"wp:featuredmedia":[{"embeddable":true,"href":"https:\/\/dicodusport.fr\/blog\/wp-json\/wp\/v2\/media\/411742"}],"wp:attachment":[{"href":"https:\/\/dicodusport.fr\/blog\/wp-json\/wp\/v2\/media?parent=411589"}],"wp:term":[{"taxonomy":"category","embeddable":true,"href":"https:\/\/dicodusport.fr\/blog\/wp-json\/wp\/v2\/categories?post=411589"},{"taxonomy":"post_tag","embeddable":true,"href":"https:\/\/dicodusport.fr\/blog\/wp-json\/wp\/v2\/tags?post=411589"}],"curies":[{"name":"wp","href":"https:\/\/api.w.org\/{rel}","templated":true}]}}