{"id":411892,"date":"2023-08-25T21:52:15","date_gmt":"2023-08-25T19:52:15","guid":{"rendered":"https:\/\/dicodusport.fr\/blog\/?p=411892&#038;preview=true&#038;preview_id=411892"},"modified":"2023-08-25T22:10:53","modified_gmt":"2023-08-25T20:10:53","slug":"mondiaux-dathletisme-2023-leo-neugebauer-en-tete-du-decathlon-a-mi-parcours","status":"publish","type":"post","link":"https:\/\/dicodusport.fr\/blog\/mondiaux-dathletisme-2023-leo-neugebauer-en-tete-du-decathlon-a-mi-parcours\/","title":{"rendered":"Mondiaux d&rsquo;athl\u00e9tisme 2023 : Leo Neugebauer en t\u00eate du d\u00e9cathlon \u00e0 mi-parcours"},"content":{"rendered":"<p style=\"text-align: justify;\"><strong><em><a href=\"https:\/\/dicodusport.fr\/blog\/actualites\/athletisme\/championnats-du-monde-athletisme-2023\/\">CHAMPIONNATS DU MONDE D&rsquo;ATHL\u00c9TISME 2023<\/a> &#8211; Apr\u00e8s 5 \u00e9preuves, Leo Neugebauer est devant Pierce LePage et Damian Warner au d\u00e9cathlon.<\/em><\/strong><\/p>\n<p style=\"text-align: justify;\">Repr\u00e9sentant du Texas, <strong>Leo Neugebauer<\/strong> a battu le record des championnats d&rsquo;athl\u00e9tisme de la division I de la NCAA (comp\u00e9titions annuelles d&rsquo;athl\u00e9tisme entre universit\u00e9s) en juin dernier avec <strong>8836 points<\/strong>. En battant <strong>5 records personnels<\/strong>, ceux de la longueur et du 110 m haies \u00e9tant r\u00e9alis\u00e9s avec un vent trop favorable. De quoi le placer comme un <a href=\"https:\/\/dicodusport.fr\/blog\/neugebauer-alfred-harrison-6-athletes-a-suivre-aux-mondiaux-dathletisme-2023\/\" target=\"_blank\" rel=\"noopener\">pr\u00e9tendant \u00e0 un r\u00e9sultat \u00e0 Budapest<\/a>.<\/p>\n<h2>L&rsquo;abandon de Mayer<\/h2>\n<p>Partira, partira pas ? C&rsquo;\u00e9tait la question de ce matin. Le Fran\u00e7ais <strong>Kevin Mayer<\/strong> \u00e9tait bien au d\u00e9part du <strong>100 m<\/strong>. Et comme il l&rsquo;avait confi\u00e9 lors de son point presse, en d\u00e9pit de la douleur, il avait fait de grosses s\u00e9ances sur 100 m. Cela ne se traduit pas n\u00e9cessairement au temps puisqu&rsquo;il termine derri\u00e8re Johannes Erm en 10.79, mais \u00e7a reste une bonne course. Damian Warner a pris les commandes avec sa victoire en 10.32 dans la derni\u00e8re s\u00e9rie. Apr\u00e8s une longueur moyenne : 7.14 m pour d\u00e9buter et 7.25 m \u00e0 son 3e essai, le Fran\u00e7ais a dit <a title=\"Mondiaux d\u2019athl\u00e9tisme 2023 : Kevin Mayer abandonne le d\u00e9cathlon\" href=\"https:\/\/dicodusport.fr\/blog\/mondiaux-dathletisme-2023-kevin-mayer-abandonne-le-decathlon\/\" target=\"_blank\" rel=\"noopener\">stop<\/a>.<\/p>\n<h2>Leo Neugebauer pointe le bout de son nez<\/h2>\n<p style=\"text-align: justify;\">Les performances ont commenc\u00e9 \u00e0 sortir \u00e0 la<strong> longueur<\/strong>. D&rsquo;abord par l&rsquo;Allemand <strong>Leo Neugebauer<\/strong>, 23 ans. D\u00e8s son premier essai, il a explos\u00e9 son record en ext\u00e9rieur avec 7.83 m (7.87 en salle). Mais il ne s&rsquo;est pas arr\u00eat\u00e9 l\u00e0 puisqu&rsquo;il a r\u00e9alis\u00e9 <strong>8.00 m<\/strong> \u00e0 son dernier essai ! On n&rsquo;est pas aux 8.30 m de Simon Ehammer mais l&rsquo;Allemand a frapp\u00e9 un grand coup, empochant 1061 points. <strong>Sander Skotheim<\/strong> a lui aussi battu son record de 6 cm avec 7.80 m \u00e0 son premier essai. Le seul mesur\u00e9.<\/p>\n<p style=\"text-align: justify;\">Le prodige allemand a continu\u00e9 son num\u00e9ro au<strong> poids<\/strong> avec <strong>17.04 m<\/strong> \u00e0 son premier essai ! 1,20 m gagn\u00e9 par rapport \u00e0 l&rsquo;ann\u00e9e derni\u00e8re et 38 cm de mieux que son record personnel. De quoi lui assurer de prendre la t\u00eate du d\u00e9cathlon apr\u00e8s 3 \u00e9preuves. Le 2e du poids, Lindon Victor a lanc\u00e9 \u00e0 15.94 m.<\/p>\n<blockquote class=\"twitter-tweet\">\n<p dir=\"ltr\" lang=\"en\">He just keeps going \ud83d\udc40<\/p>\n<p>Shot put PB for <a href=\"https:\/\/twitter.com\/le0thegerman?ref_src=twsrc%5Etfw\">@le0thegerman<\/a> as he takes over the lead in the decathlon.<\/p>\n<p>Up next: high jump \ud83d\ude0e <a href=\"https:\/\/twitter.com\/hashtag\/WorldAthleticsChamps?src=hash&amp;ref_src=twsrc%5Etfw\">#WorldAthleticsChamps<\/a> <a href=\"https:\/\/t.co\/oZ0CYdGDJu\">pic.twitter.com\/oZ0CYdGDJu<\/a><\/p>\n<p>\u2014 World Athletics (@WorldAthletics) <a href=\"https:\/\/twitter.com\/WorldAthletics\/status\/1695064807425331406?ref_src=twsrc%5Etfw\">August 25, 2023<\/a><\/p><\/blockquote>\n<p><script async src=\"https:\/\/platform.twitter.com\/widgets.js\" charset=\"utf-8\"><\/script><\/p>\n<h2>Sander Skotheim se replace<\/h2>\n<p style=\"text-align: justify;\">Dans le groupe le plus faible, <strong>Damian Warner<\/strong> a brillamment pass\u00e9 2.05 m \u00e0 son premier essai avant de se retrouver seul \u00e0 2.08 m. Qu&rsquo;il n&rsquo;a pas r\u00e9ussi \u00e0 franchir. Dans le groupe A, <strong>Leo Neugebauer<\/strong> s&rsquo;est arr\u00eat\u00e9 \u00e0 2.02 m. Apr\u00e8s avoir probablement laiss\u00e9 beaucoup de forces, <strong>Pierce LePage<\/strong> n&rsquo;a pas tent\u00e9 son dernier saut \u00e0 2.11 m. Qui aurait \u00e9t\u00e9 son record personnel. Il r\u00e9alise la meilleure performance de sa saison avec 2.08 m. <strong>Kyle Garland<\/strong> a \u00e9t\u00e9 le seul \u00e0 tenir t\u00eate \u00e0 <strong>Sander Skotheim<\/strong>, mais doit s&rsquo;arr\u00eater \u00e0 2.08 m. Le jeune norv\u00e9gien qui a port\u00e9 son record \u00e0 2.18 m cette ann\u00e9e s&rsquo;est donc attaqu\u00e9 \u00e0 2.14 m seul apr\u00e8s avoir pass\u00e9 2.11 m \u00e0 son 2e essai. \u00c0 son dernier essai, la barre a boug\u00e9 pour finalement tomber.<\/p>\n<p>En raison de douleurs au pied, <strong>Niklas Kaul<\/strong> s&rsquo;est arr\u00eat\u00e9 \u00e0 2.02 m alors qu&rsquo;il n&rsquo;avait connu aucun \u00e9chec depuis 1.96 m. Il a fini par abandonner, tout comme <strong>Cedric Dubler<\/strong>.<\/p>\n<h2>Neugebauer devant le duo canadien<\/h2>\n<p style=\"text-align: justify;\">M\u00e9daill\u00e9 de bronze l&rsquo;an dernier, l&rsquo;Am\u00e9ricain <strong>Zachery Ziemek<\/strong> ne s&rsquo;est pas pr\u00e9sent\u00e9 au 400 m. Il a \u00e9t\u00e9 touch\u00e9 \u00e0 la cheville lors de la hauteur.<br \/>\nBelle performance du Grenadien <strong>Lindon Victor<\/strong> qui bat son record personnel de 15 secondes en prenant la deuxi\u00e8me place de la 2e s\u00e9rie en 48.05. Derri\u00e8re Pierce LePage. Gr\u00e2ce \u00e0 son meilleur temps de la saison (47.21), <strong>Pierce LePage<\/strong> a chip\u00e9 la deuxi\u00e8me place \u00e0 son compatriote <strong>Damian Warner<\/strong>.<\/p>\n<p style=\"text-align: justify;\"><strong>Ayden Owens-Delerme<\/strong> est parti fort. S&rsquo;il a \u00e9t\u00e9 challeng\u00e9 dans la derni\u00e8re ligne droite par l&rsquo;Am\u00e9ricain Harrison Williams, il s&rsquo;impose tout de m\u00eame en 46.44. L&rsquo;ann\u00e9e derni\u00e8re le Portoricain avait r\u00e9alis\u00e9 une premi\u00e8re journ\u00e9e de folie mais avait finalement termin\u00e9 au pied du podium. Cela sera compliqu\u00e9 de r\u00e9it\u00e9rer la performance cette ann\u00e9e.<\/p>\n<p style=\"text-align: justify;\">6e place en 47.99 pour <strong>Leo Neugebauer<\/strong> qui termine donc cette premi\u00e8re journ\u00e9e aux avant-postes. Avec 4640 points, il compte 30 points d&rsquo;avance sur <strong>LePage<\/strong>, 62 sur <strong>Warner<\/strong> et 164 sur<strong> Victor<\/strong>. Surtout, il est en avance sur son <strong>record personnel<\/strong>&#8230; et sur le record du monde ! <strong>Sander Skotheim<\/strong> est 10e avec 4376 points.<\/p>\n<p style=\"text-align: justify;\">Attendu comme la rel\u00e8ve de la discipline, <strong>Ashley Moloney<\/strong> ne s&rsquo;est pas pr\u00e9sent\u00e9 ce soir, apr\u00e8s une matin\u00e9e en demi-teinte. L&rsquo;Alg\u00e9rien <strong>Larbi Bourrada<\/strong> a \u00e9galement abandonn\u00e9.<\/p>\n<blockquote class=\"twitter-tweet\">\n<p dir=\"ltr\" lang=\"en\">The overnight leader in the decathlon is Leo Neugebauer \ud83c\udde9\ud83c\uddea with 4640 points!<\/p>\n<p>His day one performances:<\/p>\n<p>100m &#8211; 10.69<br \/>\nLong jump &#8211; 8.00m \ud83e\udd2f<br \/>\nShot put &#8211; 17.04m \ud83e\udd2f\ud83e\udd2f<br \/>\nHigh jump &#8211; 2.02m<br \/>\n400m &#8211; 47.99<a href=\"https:\/\/twitter.com\/hashtag\/WorldAthleticsChamps?src=hash&amp;ref_src=twsrc%5Etfw\">#WorldAthleticsChamps<\/a> <a href=\"https:\/\/t.co\/KXwfGv6VU5\">pic.twitter.com\/KXwfGv6VU5<\/a><\/p>\n<p>\u2014 European Athletics (@EuroAthletics) <a href=\"https:\/\/twitter.com\/EuroAthletics\/status\/1695166085316608113?ref_src=twsrc%5Etfw\">August 25, 2023<\/a><\/p><\/blockquote>\n<p><script async src=\"https:\/\/platform.twitter.com\/widgets.js\" charset=\"utf-8\"><\/script><\/p>\n<h2 style=\"text-align: justify;\">\u00c0 lire aussi<\/h2>\n<ul>\n<li><strong><a title=\"Classement D\u00e9cathlon Athl\u00e9tisme Championnats du monde 2023\" href=\"https:\/\/dicodusport.fr\/blog\/classement-decathlon-athletisme-championnats-du-monde-2023\/\" target=\"_blank\" rel=\"noopener\">Le classement du d\u00e9cathlon<\/a><br \/>\n<\/strong><\/li>\n<li><a title=\"Calendrier et r\u00e9sultats Athl\u00e9tisme Championnats du monde 2023\" href=\"https:\/\/dicodusport.fr\/blog\/calendrier-et-resultats-athletisme-championnats-du-monde-2023\/\" target=\"_blank\" rel=\"noopener\"><strong>Calendrier et r\u00e9sultats des Mondiaux<\/strong><\/a><\/li>\n<li style=\"text-align: justify;\"><a title=\"Tableau des m\u00e9dailles Athl\u00e9tisme Championnats du monde 2023\" href=\"https:\/\/dicodusport.fr\/blog\/tableau-des-medailles-athletisme-championnats-du-monde-2023\/\" target=\"_blank\" rel=\"noopener\"><strong>Le tableau des m\u00e9dailles<\/strong><\/a><\/li>\n<\/ul>\n","protected":false},"excerpt":{"rendered":"<p>CHAMPIONNATS DU MONDE D&rsquo;ATHL\u00c9TISME 2023 &#8211; Apr\u00e8s 5 \u00e9preuves, Leo Neugebauer est devant Pierce LePage et Damian Warner au d\u00e9cathlon.<\/p>\n","protected":false},"author":12,"featured_media":412249,"comment_status":"open","ping_status":"closed","sticky":false,"template":"","format":"standard","meta":{"_acf_changed":false,"_daextam_enable_autolinks":"","footnotes":""},"categories":[46997],"tags":[143,16878,8774,1269,25214,30096],"class_list":["post-411892","post","type-post","status-publish","format-standard","has-post-thumbnail","hentry","category-championnats-du-monde-athletisme","tag-athletisme","tag-breve","tag-damian-warner","tag-decathlon","tag-decathlon-mondiaux-dathletisme","tag-sander-skotheim"],"acf":[],"yoast_head":"<!-- This site is optimized with the Yoast SEO Premium plugin v26.7 (Yoast SEO v26.7) - https:\/\/yoast.com\/wordpress\/plugins\/seo\/ -->\n<title>Mondiaux d&#039;athl\u00e9tisme 2023 : Leo Neugebauer en t\u00eate du d\u00e9cathlon \u00e0 mi-parcours<\/title>\n<meta name=\"description\" content=\"CHAMPIONNATS DU MONDE D&#039;ATHL\u00c9TISME 2023 - Apr\u00e8s 5 \u00e9preuves, Leo Neugebauer est devant Pierce LePage et Damian Warner au d\u00e9cathlon.\" \/>\n<meta name=\"robots\" content=\"index, follow, max-snippet:-1, max-image-preview:large, max-video-preview:-1\" \/>\n<link rel=\"canonical\" href=\"https:\/\/dicodusport.fr\/blog\/mondiaux-dathletisme-2023-leo-neugebauer-en-tete-du-decathlon-a-mi-parcours\/\" \/>\n<meta property=\"og:locale\" content=\"fr_FR\" \/>\n<meta property=\"og:type\" content=\"article\" \/>\n<meta property=\"og:title\" content=\"Mondiaux d&#039;athl\u00e9tisme 2023 : Leo Neugebauer en t\u00eate du d\u00e9cathlon \u00e0 mi-parcours\" \/>\n<meta property=\"og:description\" content=\"CHAMPIONNATS DU MONDE D&#039;ATHL\u00c9TISME 2023 - Apr\u00e8s 5 \u00e9preuves, Leo Neugebauer est devant Pierce LePage et Damian Warner au d\u00e9cathlon.\" \/>\n<meta property=\"og:url\" content=\"https:\/\/dicodusport.fr\/blog\/mondiaux-dathletisme-2023-leo-neugebauer-en-tete-du-decathlon-a-mi-parcours\/\" \/>\n<meta property=\"og:site_name\" content=\"Dicodusport\" \/>\n<meta property=\"article:publisher\" content=\"https:\/\/www.facebook.com\/dicodusport\" \/>\n<meta property=\"article:published_time\" content=\"2023-08-25T19:52:15+00:00\" \/>\n<meta property=\"article:modified_time\" content=\"2023-08-25T20:10:53+00:00\" \/>\n<meta property=\"og:image\" content=\"https:\/\/dicodusport.fr\/blog\/wp-content\/uploads\/2023\/08\/Mondiaux-dathletisme-2023-Leo-Neugebauer-en-tete-du-decathlon-a-mi-parcours.png\" \/>\n\t<meta property=\"og:image:width\" content=\"800\" \/>\n\t<meta property=\"og:image:height\" content=\"445\" \/>\n\t<meta property=\"og:image:type\" content=\"image\/png\" \/>\n<meta name=\"author\" content=\"Arlette Yeye\" \/>\n<meta name=\"twitter:card\" content=\"summary_large_image\" \/>\n<meta name=\"twitter:title\" content=\"Mondiaux d&#039;athl\u00e9tisme 2023 : Leo Neugebauer en t\u00eate du d\u00e9cathlon \u00e0 mi-parcours\" \/>\n<meta name=\"twitter:creator\" content=\"@https:\/\/twitter.com\/Shiclette94\" \/>\n<meta name=\"twitter:site\" content=\"@dicodusport\" \/>\n<script type=\"application\/ld+json\" class=\"yoast-schema-graph\">{\"@context\":\"https:\/\/schema.org\",\"@graph\":[{\"@type\":\"NewsArticle\",\"@id\":\"https:\/\/dicodusport.fr\/blog\/mondiaux-dathletisme-2023-leo-neugebauer-en-tete-du-decathlon-a-mi-parcours\/#article\",\"isPartOf\":{\"@id\":\"https:\/\/dicodusport.fr\/blog\/mondiaux-dathletisme-2023-leo-neugebauer-en-tete-du-decathlon-a-mi-parcours\/\"},\"author\":{\"name\":\"Arlette Yeye\",\"@id\":\"https:\/\/dicodusport.fr\/blog\/#\/schema\/person\/cce96fa88785bd8573e3d43078ac8c79\"},\"headline\":\"Mondiaux d&rsquo;athl\u00e9tisme 2023 : Leo Neugebauer en t\u00eate du d\u00e9cathlon \u00e0 mi-parcours\",\"datePublished\":\"2023-08-25T19:52:15+00:00\",\"dateModified\":\"2023-08-25T20:10:53+00:00\",\"mainEntityOfPage\":{\"@id\":\"https:\/\/dicodusport.fr\/blog\/mondiaux-dathletisme-2023-leo-neugebauer-en-tete-du-decathlon-a-mi-parcours\/\"},\"wordCount\":858,\"commentCount\":0,\"publisher\":{\"@id\":\"https:\/\/dicodusport.fr\/blog\/#organization\"},\"image\":{\"@id\":\"https:\/\/dicodusport.fr\/blog\/mondiaux-dathletisme-2023-leo-neugebauer-en-tete-du-decathlon-a-mi-parcours\/#primaryimage\"},\"thumbnailUrl\":\"https:\/\/dicodusport.fr\/blog\/wp-content\/uploads\/2023\/08\/Mondiaux-dathletisme-2023-Leo-Neugebauer-en-tete-du-decathlon-a-mi-parcours.png\",\"keywords\":[\"Athl\u00e9tisme\",\"br\u00e8ve\",\"Damian Warner\",\"d\u00e9cathlon\",\"d\u00e9cathlon Mondiaux d'athl\u00e9tisme\",\"Sander Skotheim\"],\"articleSection\":[\"Championnats du monde d'athl\u00e9tisme\"],\"inLanguage\":\"fr-FR\",\"potentialAction\":[{\"@type\":\"CommentAction\",\"name\":\"Comment\",\"target\":[\"https:\/\/dicodusport.fr\/blog\/mondiaux-dathletisme-2023-leo-neugebauer-en-tete-du-decathlon-a-mi-parcours\/#respond\"]}],\"copyrightYear\":\"2023\",\"copyrightHolder\":{\"@id\":\"https:\/\/dicodusport.fr\/blog\/#organization\"}},{\"@type\":\"WebPage\",\"@id\":\"https:\/\/dicodusport.fr\/blog\/mondiaux-dathletisme-2023-leo-neugebauer-en-tete-du-decathlon-a-mi-parcours\/\",\"url\":\"https:\/\/dicodusport.fr\/blog\/mondiaux-dathletisme-2023-leo-neugebauer-en-tete-du-decathlon-a-mi-parcours\/\",\"name\":\"Mondiaux d'athl\u00e9tisme 2023 : Leo Neugebauer en t\u00eate du d\u00e9cathlon \u00e0 mi-parcours\",\"isPartOf\":{\"@id\":\"https:\/\/dicodusport.fr\/blog\/#website\"},\"primaryImageOfPage\":{\"@id\":\"https:\/\/dicodusport.fr\/blog\/mondiaux-dathletisme-2023-leo-neugebauer-en-tete-du-decathlon-a-mi-parcours\/#primaryimage\"},\"image\":{\"@id\":\"https:\/\/dicodusport.fr\/blog\/mondiaux-dathletisme-2023-leo-neugebauer-en-tete-du-decathlon-a-mi-parcours\/#primaryimage\"},\"thumbnailUrl\":\"https:\/\/dicodusport.fr\/blog\/wp-content\/uploads\/2023\/08\/Mondiaux-dathletisme-2023-Leo-Neugebauer-en-tete-du-decathlon-a-mi-parcours.png\",\"datePublished\":\"2023-08-25T19:52:15+00:00\",\"dateModified\":\"2023-08-25T20:10:53+00:00\",\"description\":\"CHAMPIONNATS DU MONDE D'ATHL\u00c9TISME 2023 - Apr\u00e8s 5 \u00e9preuves, Leo Neugebauer est devant Pierce LePage et Damian Warner au d\u00e9cathlon.\",\"breadcrumb\":{\"@id\":\"https:\/\/dicodusport.fr\/blog\/mondiaux-dathletisme-2023-leo-neugebauer-en-tete-du-decathlon-a-mi-parcours\/#breadcrumb\"},\"inLanguage\":\"fr-FR\",\"potentialAction\":[{\"@type\":\"ReadAction\",\"target\":[\"https:\/\/dicodusport.fr\/blog\/mondiaux-dathletisme-2023-leo-neugebauer-en-tete-du-decathlon-a-mi-parcours\/\"]}]},{\"@type\":\"ImageObject\",\"inLanguage\":\"fr-FR\",\"@id\":\"https:\/\/dicodusport.fr\/blog\/mondiaux-dathletisme-2023-leo-neugebauer-en-tete-du-decathlon-a-mi-parcours\/#primaryimage\",\"url\":\"https:\/\/dicodusport.fr\/blog\/wp-content\/uploads\/2023\/08\/Mondiaux-dathletisme-2023-Leo-Neugebauer-en-tete-du-decathlon-a-mi-parcours.png\",\"contentUrl\":\"https:\/\/dicodusport.fr\/blog\/wp-content\/uploads\/2023\/08\/Mondiaux-dathletisme-2023-Leo-Neugebauer-en-tete-du-decathlon-a-mi-parcours.png\",\"width\":800,\"height\":445,\"caption\":\"Mondiaux d'athl\u00e9tisme 2023 Leo Neugebauer en t\u00eate du d\u00e9cathlon \u00e0 mi-parcours\"},{\"@type\":\"BreadcrumbList\",\"@id\":\"https:\/\/dicodusport.fr\/blog\/mondiaux-dathletisme-2023-leo-neugebauer-en-tete-du-decathlon-a-mi-parcours\/#breadcrumb\",\"itemListElement\":[{\"@type\":\"ListItem\",\"position\":1,\"name\":\"Accueil\",\"item\":\"https:\/\/dicodusport.fr\/blog\/\"},{\"@type\":\"ListItem\",\"position\":2,\"name\":\"Mondiaux d&rsquo;athl\u00e9tisme 2023 : Leo Neugebauer en t\u00eate du d\u00e9cathlon \u00e0 mi-parcours\"}]},{\"@type\":\"WebSite\",\"@id\":\"https:\/\/dicodusport.fr\/blog\/#website\",\"url\":\"https:\/\/dicodusport.fr\/blog\/\",\"name\":\"Dicodusport\",\"description\":\"L&#039;encyclop\u00e9die de l&#039;actualit\u00e9 sportive\",\"publisher\":{\"@id\":\"https:\/\/dicodusport.fr\/blog\/#organization\"},\"potentialAction\":[{\"@type\":\"SearchAction\",\"target\":{\"@type\":\"EntryPoint\",\"urlTemplate\":\"https:\/\/dicodusport.fr\/blog\/?s={search_term_string}\"},\"query-input\":{\"@type\":\"PropertyValueSpecification\",\"valueRequired\":true,\"valueName\":\"search_term_string\"}}],\"inLanguage\":\"fr-FR\"},{\"@type\":\"NewsMediaOrganization\",\"@id\":\"https:\/\/dicodusport.fr\/blog\/#organization\",\"name\":\"Dicodusport\",\"url\":\"https:\/\/dicodusport.fr\/blog\/\",\"logo\":{\"@type\":\"ImageObject\",\"inLanguage\":\"fr-FR\",\"@id\":\"https:\/\/dicodusport.fr\/blog\/#\/schema\/logo\/image\/\",\"url\":\"https:\/\/dicodusport.fr\/blog\/wp-content\/uploads\/2020\/06\/cropped-LOGO-DICODUSPORT-2020-SANS-FOND-SANS-TEXTE.png\",\"contentUrl\":\"https:\/\/dicodusport.fr\/blog\/wp-content\/uploads\/2020\/06\/cropped-LOGO-DICODUSPORT-2020-SANS-FOND-SANS-TEXTE.png\",\"width\":512,\"height\":512,\"caption\":\"Dicodusport\"},\"image\":{\"@id\":\"https:\/\/dicodusport.fr\/blog\/#\/schema\/logo\/image\/\"},\"sameAs\":[\"https:\/\/www.facebook.com\/dicodusport\",\"https:\/\/x.com\/dicodusport\",\"https:\/\/www.instagram.com\/dicodusport\/\",\"https:\/\/www.youtube.com\/channel\/UC7V2KZ5sd3htJivAbA4ZG3w\"],\"description\":\"Dicodusport est l'encyclop\u00e9die de l'actualit\u00e9 sportive.\",\"email\":\"bonjour@dicodusport.fr\",\"legalName\":\"DICODUSPORT\",\"foundingDate\":\"2018-01-14\",\"vatID\":\"FR71834470973\",\"taxID\":\"83447097300043\",\"numberOfEmployees\":{\"@type\":\"QuantitativeValue\",\"minValue\":\"1\",\"maxValue\":\"10\"}},{\"@type\":\"Person\",\"@id\":\"https:\/\/dicodusport.fr\/blog\/#\/schema\/person\/cce96fa88785bd8573e3d43078ac8c79\",\"name\":\"Arlette Yeye\",\"image\":{\"@type\":\"ImageObject\",\"inLanguage\":\"fr-FR\",\"@id\":\"https:\/\/dicodusport.fr\/blog\/#\/schema\/person\/image\/\",\"url\":\"https:\/\/secure.gravatar.com\/avatar\/dca4a6239e6d708e46c45d60e160de6c?s=96&d=wp_user_avatar&r=g\",\"contentUrl\":\"https:\/\/secure.gravatar.com\/avatar\/dca4a6239e6d708e46c45d60e160de6c?s=96&d=wp_user_avatar&r=g\",\"caption\":\"Arlette Yeye\"},\"description\":\"Journaliste\/r\u00e9dactrice depuis septembre 2015 - Supportrice de Chelsea, j'ai pour sports de pr\u00e9dilection le handball, l'athl\u00e9tisme et le tennis. Si je tweete plus vite que mon ombre, vous pouvez aussi me retrouver les week-ends sur les playgrounds de Bruxelles pour un petit foot ou basket entre potes. Parcourir la France, l'Europe et plus si affinit\u00e9s pour suivre mes sportifs pr\u00e9f\u00e9r\u00e9s ? Mon kif ! Et c'est avec plaisir que je partage les r\u00e9sultats des sports populaires mais \u00e9galement plus confidentiels pour Dicodusport.\",\"sameAs\":[\"https:\/\/x.com\/https:\/\/twitter.com\/Shiclette94\"],\"url\":\"https:\/\/dicodusport.fr\/blog\/author\/arlette\/\"}]}<\/script>\n<!-- \/ Yoast SEO Premium plugin. -->","yoast_head_json":{"title":"Mondiaux d'athl\u00e9tisme 2023 : Leo Neugebauer en t\u00eate du d\u00e9cathlon \u00e0 mi-parcours","description":"CHAMPIONNATS DU MONDE D'ATHL\u00c9TISME 2023 - Apr\u00e8s 5 \u00e9preuves, Leo Neugebauer est devant Pierce LePage et Damian Warner au d\u00e9cathlon.","robots":{"index":"index","follow":"follow","max-snippet":"max-snippet:-1","max-image-preview":"max-image-preview:large","max-video-preview":"max-video-preview:-1"},"canonical":"https:\/\/dicodusport.fr\/blog\/mondiaux-dathletisme-2023-leo-neugebauer-en-tete-du-decathlon-a-mi-parcours\/","og_locale":"fr_FR","og_type":"article","og_title":"Mondiaux d'athl\u00e9tisme 2023 : Leo Neugebauer en t\u00eate du d\u00e9cathlon \u00e0 mi-parcours","og_description":"CHAMPIONNATS DU MONDE D'ATHL\u00c9TISME 2023 - Apr\u00e8s 5 \u00e9preuves, Leo Neugebauer est devant Pierce LePage et Damian Warner au d\u00e9cathlon.","og_url":"https:\/\/dicodusport.fr\/blog\/mondiaux-dathletisme-2023-leo-neugebauer-en-tete-du-decathlon-a-mi-parcours\/","og_site_name":"Dicodusport","article_publisher":"https:\/\/www.facebook.com\/dicodusport","article_published_time":"2023-08-25T19:52:15+00:00","article_modified_time":"2023-08-25T20:10:53+00:00","og_image":[{"width":800,"height":445,"url":"https:\/\/dicodusport.fr\/blog\/wp-content\/uploads\/2023\/08\/Mondiaux-dathletisme-2023-Leo-Neugebauer-en-tete-du-decathlon-a-mi-parcours.png","type":"image\/png"}],"author":"Arlette Yeye","twitter_card":"summary_large_image","twitter_title":"Mondiaux d'athl\u00e9tisme 2023 : Leo Neugebauer en t\u00eate du d\u00e9cathlon \u00e0 mi-parcours","twitter_creator":"@https:\/\/twitter.com\/Shiclette94","twitter_site":"@dicodusport","schema":{"@context":"https:\/\/schema.org","@graph":[{"@type":"NewsArticle","@id":"https:\/\/dicodusport.fr\/blog\/mondiaux-dathletisme-2023-leo-neugebauer-en-tete-du-decathlon-a-mi-parcours\/#article","isPartOf":{"@id":"https:\/\/dicodusport.fr\/blog\/mondiaux-dathletisme-2023-leo-neugebauer-en-tete-du-decathlon-a-mi-parcours\/"},"author":{"name":"Arlette Yeye","@id":"https:\/\/dicodusport.fr\/blog\/#\/schema\/person\/cce96fa88785bd8573e3d43078ac8c79"},"headline":"Mondiaux d&rsquo;athl\u00e9tisme 2023 : Leo Neugebauer en t\u00eate du d\u00e9cathlon \u00e0 mi-parcours","datePublished":"2023-08-25T19:52:15+00:00","dateModified":"2023-08-25T20:10:53+00:00","mainEntityOfPage":{"@id":"https:\/\/dicodusport.fr\/blog\/mondiaux-dathletisme-2023-leo-neugebauer-en-tete-du-decathlon-a-mi-parcours\/"},"wordCount":858,"commentCount":0,"publisher":{"@id":"https:\/\/dicodusport.fr\/blog\/#organization"},"image":{"@id":"https:\/\/dicodusport.fr\/blog\/mondiaux-dathletisme-2023-leo-neugebauer-en-tete-du-decathlon-a-mi-parcours\/#primaryimage"},"thumbnailUrl":"https:\/\/dicodusport.fr\/blog\/wp-content\/uploads\/2023\/08\/Mondiaux-dathletisme-2023-Leo-Neugebauer-en-tete-du-decathlon-a-mi-parcours.png","keywords":["Athl\u00e9tisme","br\u00e8ve","Damian Warner","d\u00e9cathlon","d\u00e9cathlon Mondiaux d'athl\u00e9tisme","Sander Skotheim"],"articleSection":["Championnats du monde d'athl\u00e9tisme"],"inLanguage":"fr-FR","potentialAction":[{"@type":"CommentAction","name":"Comment","target":["https:\/\/dicodusport.fr\/blog\/mondiaux-dathletisme-2023-leo-neugebauer-en-tete-du-decathlon-a-mi-parcours\/#respond"]}],"copyrightYear":"2023","copyrightHolder":{"@id":"https:\/\/dicodusport.fr\/blog\/#organization"}},{"@type":"WebPage","@id":"https:\/\/dicodusport.fr\/blog\/mondiaux-dathletisme-2023-leo-neugebauer-en-tete-du-decathlon-a-mi-parcours\/","url":"https:\/\/dicodusport.fr\/blog\/mondiaux-dathletisme-2023-leo-neugebauer-en-tete-du-decathlon-a-mi-parcours\/","name":"Mondiaux d'athl\u00e9tisme 2023 : Leo Neugebauer en t\u00eate du d\u00e9cathlon \u00e0 mi-parcours","isPartOf":{"@id":"https:\/\/dicodusport.fr\/blog\/#website"},"primaryImageOfPage":{"@id":"https:\/\/dicodusport.fr\/blog\/mondiaux-dathletisme-2023-leo-neugebauer-en-tete-du-decathlon-a-mi-parcours\/#primaryimage"},"image":{"@id":"https:\/\/dicodusport.fr\/blog\/mondiaux-dathletisme-2023-leo-neugebauer-en-tete-du-decathlon-a-mi-parcours\/#primaryimage"},"thumbnailUrl":"https:\/\/dicodusport.fr\/blog\/wp-content\/uploads\/2023\/08\/Mondiaux-dathletisme-2023-Leo-Neugebauer-en-tete-du-decathlon-a-mi-parcours.png","datePublished":"2023-08-25T19:52:15+00:00","dateModified":"2023-08-25T20:10:53+00:00","description":"CHAMPIONNATS DU MONDE D'ATHL\u00c9TISME 2023 - Apr\u00e8s 5 \u00e9preuves, Leo Neugebauer est devant Pierce LePage et Damian Warner au d\u00e9cathlon.","breadcrumb":{"@id":"https:\/\/dicodusport.fr\/blog\/mondiaux-dathletisme-2023-leo-neugebauer-en-tete-du-decathlon-a-mi-parcours\/#breadcrumb"},"inLanguage":"fr-FR","potentialAction":[{"@type":"ReadAction","target":["https:\/\/dicodusport.fr\/blog\/mondiaux-dathletisme-2023-leo-neugebauer-en-tete-du-decathlon-a-mi-parcours\/"]}]},{"@type":"ImageObject","inLanguage":"fr-FR","@id":"https:\/\/dicodusport.fr\/blog\/mondiaux-dathletisme-2023-leo-neugebauer-en-tete-du-decathlon-a-mi-parcours\/#primaryimage","url":"https:\/\/dicodusport.fr\/blog\/wp-content\/uploads\/2023\/08\/Mondiaux-dathletisme-2023-Leo-Neugebauer-en-tete-du-decathlon-a-mi-parcours.png","contentUrl":"https:\/\/dicodusport.fr\/blog\/wp-content\/uploads\/2023\/08\/Mondiaux-dathletisme-2023-Leo-Neugebauer-en-tete-du-decathlon-a-mi-parcours.png","width":800,"height":445,"caption":"Mondiaux d'athl\u00e9tisme 2023 Leo Neugebauer en t\u00eate du d\u00e9cathlon \u00e0 mi-parcours"},{"@type":"BreadcrumbList","@id":"https:\/\/dicodusport.fr\/blog\/mondiaux-dathletisme-2023-leo-neugebauer-en-tete-du-decathlon-a-mi-parcours\/#breadcrumb","itemListElement":[{"@type":"ListItem","position":1,"name":"Accueil","item":"https:\/\/dicodusport.fr\/blog\/"},{"@type":"ListItem","position":2,"name":"Mondiaux d&rsquo;athl\u00e9tisme 2023 : Leo Neugebauer en t\u00eate du d\u00e9cathlon \u00e0 mi-parcours"}]},{"@type":"WebSite","@id":"https:\/\/dicodusport.fr\/blog\/#website","url":"https:\/\/dicodusport.fr\/blog\/","name":"Dicodusport","description":"L&#039;encyclop\u00e9die de l&#039;actualit\u00e9 sportive","publisher":{"@id":"https:\/\/dicodusport.fr\/blog\/#organization"},"potentialAction":[{"@type":"SearchAction","target":{"@type":"EntryPoint","urlTemplate":"https:\/\/dicodusport.fr\/blog\/?s={search_term_string}"},"query-input":{"@type":"PropertyValueSpecification","valueRequired":true,"valueName":"search_term_string"}}],"inLanguage":"fr-FR"},{"@type":"NewsMediaOrganization","@id":"https:\/\/dicodusport.fr\/blog\/#organization","name":"Dicodusport","url":"https:\/\/dicodusport.fr\/blog\/","logo":{"@type":"ImageObject","inLanguage":"fr-FR","@id":"https:\/\/dicodusport.fr\/blog\/#\/schema\/logo\/image\/","url":"https:\/\/dicodusport.fr\/blog\/wp-content\/uploads\/2020\/06\/cropped-LOGO-DICODUSPORT-2020-SANS-FOND-SANS-TEXTE.png","contentUrl":"https:\/\/dicodusport.fr\/blog\/wp-content\/uploads\/2020\/06\/cropped-LOGO-DICODUSPORT-2020-SANS-FOND-SANS-TEXTE.png","width":512,"height":512,"caption":"Dicodusport"},"image":{"@id":"https:\/\/dicodusport.fr\/blog\/#\/schema\/logo\/image\/"},"sameAs":["https:\/\/www.facebook.com\/dicodusport","https:\/\/x.com\/dicodusport","https:\/\/www.instagram.com\/dicodusport\/","https:\/\/www.youtube.com\/channel\/UC7V2KZ5sd3htJivAbA4ZG3w"],"description":"Dicodusport est l'encyclop\u00e9die de l'actualit\u00e9 sportive.","email":"bonjour@dicodusport.fr","legalName":"DICODUSPORT","foundingDate":"2018-01-14","vatID":"FR71834470973","taxID":"83447097300043","numberOfEmployees":{"@type":"QuantitativeValue","minValue":"1","maxValue":"10"}},{"@type":"Person","@id":"https:\/\/dicodusport.fr\/blog\/#\/schema\/person\/cce96fa88785bd8573e3d43078ac8c79","name":"Arlette Yeye","image":{"@type":"ImageObject","inLanguage":"fr-FR","@id":"https:\/\/dicodusport.fr\/blog\/#\/schema\/person\/image\/","url":"https:\/\/secure.gravatar.com\/avatar\/dca4a6239e6d708e46c45d60e160de6c?s=96&d=wp_user_avatar&r=g","contentUrl":"https:\/\/secure.gravatar.com\/avatar\/dca4a6239e6d708e46c45d60e160de6c?s=96&d=wp_user_avatar&r=g","caption":"Arlette Yeye"},"description":"Journaliste\/r\u00e9dactrice depuis septembre 2015 - Supportrice de Chelsea, j'ai pour sports de pr\u00e9dilection le handball, l'athl\u00e9tisme et le tennis. Si je tweete plus vite que mon ombre, vous pouvez aussi me retrouver les week-ends sur les playgrounds de Bruxelles pour un petit foot ou basket entre potes. Parcourir la France, l'Europe et plus si affinit\u00e9s pour suivre mes sportifs pr\u00e9f\u00e9r\u00e9s ? Mon kif ! Et c'est avec plaisir que je partage les r\u00e9sultats des sports populaires mais \u00e9galement plus confidentiels pour Dicodusport.","sameAs":["https:\/\/x.com\/https:\/\/twitter.com\/Shiclette94"],"url":"https:\/\/dicodusport.fr\/blog\/author\/arlette\/"}]}},"_links":{"self":[{"href":"https:\/\/dicodusport.fr\/blog\/wp-json\/wp\/v2\/posts\/411892","targetHints":{"allow":["GET"]}}],"collection":[{"href":"https:\/\/dicodusport.fr\/blog\/wp-json\/wp\/v2\/posts"}],"about":[{"href":"https:\/\/dicodusport.fr\/blog\/wp-json\/wp\/v2\/types\/post"}],"author":[{"embeddable":true,"href":"https:\/\/dicodusport.fr\/blog\/wp-json\/wp\/v2\/users\/12"}],"replies":[{"embeddable":true,"href":"https:\/\/dicodusport.fr\/blog\/wp-json\/wp\/v2\/comments?post=411892"}],"version-history":[{"count":0,"href":"https:\/\/dicodusport.fr\/blog\/wp-json\/wp\/v2\/posts\/411892\/revisions"}],"wp:featuredmedia":[{"embeddable":true,"href":"https:\/\/dicodusport.fr\/blog\/wp-json\/wp\/v2\/media\/412249"}],"wp:attachment":[{"href":"https:\/\/dicodusport.fr\/blog\/wp-json\/wp\/v2\/media?parent=411892"}],"wp:term":[{"taxonomy":"category","embeddable":true,"href":"https:\/\/dicodusport.fr\/blog\/wp-json\/wp\/v2\/categories?post=411892"},{"taxonomy":"post_tag","embeddable":true,"href":"https:\/\/dicodusport.fr\/blog\/wp-json\/wp\/v2\/tags?post=411892"}],"curies":[{"name":"wp","href":"https:\/\/api.w.org\/{rel}","templated":true}]}}