{"id":411893,"date":"2023-08-25T13:22:50","date_gmt":"2023-08-25T11:22:50","guid":{"rendered":"https:\/\/dicodusport.fr\/blog\/?p=411893&#038;preview=true&#038;preview_id=411893"},"modified":"2023-08-25T16:37:06","modified_gmt":"2023-08-25T14:37:06","slug":"mondiaux-dathletisme-2023-hauteur-historique-mayer-abandonne-le-resume-de-la-matinee-des-francais","status":"publish","type":"post","link":"https:\/\/dicodusport.fr\/blog\/mondiaux-dathletisme-2023-hauteur-historique-mayer-abandonne-le-resume-de-la-matinee-des-francais\/","title":{"rendered":"Mondiaux d&rsquo;athl\u00e9tisme 2023 : Hauteur historique, Mayer abandonne, le r\u00e9sum\u00e9 de la matin\u00e9e des Fran\u00e7ais"},"content":{"rendered":"<p style=\"text-align: justify;\"><em><strong><a href=\"https:\/\/dicodusport.fr\/blog\/actualites\/athletisme\/championnats-du-monde-athletisme-2023\/\" target=\"_blank\" rel=\"noopener\">CHAMPIONNATS DU MONDE D&rsquo;ATHL\u00c9TISME 2023<\/a> &#8211; Cette matin\u00e9e est marqu\u00e9e par l&rsquo;abandon de Kevin Mayer au d\u00e9cathlon mais aussi la qualification en finale de la hauteur de Nawal Meniker et Sol\u00e8ne Gicquel.<br \/>\n<\/strong><\/em><\/p>\n<h2>Deux Fran\u00e7aises en finale de la hauteur !<\/h2>\n<p style=\"text-align: justify;\">D\u00e9poussi\u00e9rez les livres d&rsquo;histoire ! <strong>2 Fran\u00e7aises participeront pour la premi\u00e8re fois \u00e0 la finale de la hauteur<\/strong> ! D\u00e9j\u00e0, la derni\u00e8re repr\u00e9sentante fran\u00e7aise \u00e9tait <strong>M\u00e9lanie Melfort<\/strong> en 2011. <strong>M\u00e9lanie Skotnik<\/strong> \u00e9tait la derni\u00e8re finaliste en 2009, terminant 9e. Pour la premi\u00e8re fois, elles \u00e9taient 2 en qualifications.<\/p>\n<p style=\"text-align: justify;\">Ce matin, les Fran\u00e7aises ont r\u00e9alis\u00e9 un bon concours. <strong>Nawal Meniker<\/strong> a pass\u00e9 1.80 et 1.85 m avant de s&rsquo;y reprendre \u00e0 deux fois \u00e0 1.89 m. Elle ne passera pas 1.92 m. <strong>Sol\u00e8ne Gicquel<\/strong> elle, a d\u00e9but\u00e9 \u00e0 1.75 m. Sans encombres jusqu&rsquo;\u00e0 1.85 m. Elle aussi deux essais \u00e0 1.89 m. Elle s&rsquo;attaquait ensuite \u00e0 1.92 m, son record personnel en ext\u00e9rieur (qu&rsquo;elle a franchi en salle cette saison). Et lors de son 3e essai, ce n&rsquo;est vraiment pas pass\u00e9 loin mais la barre a fini par tomber : \u00ab\u00a0<em>Mon 3e essai \u00e0 1.92 m est vraiment pas loin et c&rsquo;est pour \u00e7a que sur le coup je suis hyper triste. Je me dis &lsquo;c&rsquo;est pas possible de louper de si peu la finale&rsquo;. \u00c7a me montre que pour la finale, il y a grave moyen d&rsquo;aller les chercher ou plus. Je vais tout faire pour rattraper ce petit manque-l\u00e0 \u00e0 1.92 m.\u00a0\u00bb<\/em><\/p>\n<p style=\"text-align: justify;\">Les Fran\u00e7aises \u00e9taient alors dans l&rsquo;attente puisque la barre de qualification directe \u00e9tait \u00e0 1.94 m et il restait quelques concurrentes dans le groupe de Gicquel. Finalement, le verdict est tomb\u00e9 : les deux Fran\u00e7aises passent ! Elles seront 15 en finale dimanche soir.<\/p>\n<blockquote class=\"twitter-tweet\">\n<p dir=\"ltr\" lang=\"fr\">Sol\u00e8ne Gicquel et Nawal Meniker en finale de la hauteur ! Les deux fran\u00e7aises sont tr\u00e8s heureuses et nous aussi \ud83d\ude4c<a href=\"https:\/\/twitter.com\/hashtag\/WorldAthleticsChamps?src=hash&amp;ref_src=twsrc%5Etfw\">#WorldAthleticsChamps<\/a> <a href=\"https:\/\/twitter.com\/hashtag\/Budapest2023?src=hash&amp;ref_src=twsrc%5Etfw\">#Budapest2023<\/a> <a href=\"https:\/\/t.co\/92uz6k1Tp0\">pic.twitter.com\/92uz6k1Tp0<\/a><\/p>\n<p>\u2014 Eurosport France (@Eurosport_FR) <a href=\"https:\/\/twitter.com\/Eurosport_FR\/status\/1695014769617457433?ref_src=twsrc%5Etfw\">August 25, 2023<\/a><\/p><\/blockquote>\n<p><script async src=\"https:\/\/platform.twitter.com\/widgets.js\" charset=\"utf-8\"><\/script><\/p>\n<h3 style=\"text-align: justify;\">Les Fran\u00e7aises ont confi\u00e9 leurs sensations apr\u00e8s leur concours.<\/h3>\n<p style=\"text-align: justify;\"><div class=\"su-quote su-quote-style-default su-quote-has-cite\"><div class=\"su-quote-inner su-u-clearfix su-u-trim\">Je me suis sentie tr\u00e8s bien, je me suis dit que c&rsquo;\u00e9tait la finale directe. Au vu des conditions et du niveau, il fallait tout donner et j&rsquo;ai tout donn\u00e9 \u00e0 3000%. J&rsquo;ai essay\u00e9 de tout passer au premier, je suis tr\u00e8s contente de moi et tr\u00e8s contente d&rsquo;\u00eatre en finale.<span class=\"su-quote-cite\">Nawal Meniker<\/span><\/div><\/div>\n<p style=\"text-align: justify;\"><div class=\"su-quote su-quote-style-default su-quote-has-cite\"><div class=\"su-quote-inner su-u-clearfix su-u-trim\">J&rsquo;avais l&rsquo;impression qu&rsquo;il y en avait beaucoup \u00e0 avoir pass\u00e9 1.92 m et qu&rsquo;il allait falloir les passer. Et apr\u00e8s je vois dans les tribunes mon coach, ma famille qui me disent \u00ab\u00a0c&rsquo;est bon, c&rsquo;est bon \u00e7a va le faire\u00a0\u00bb. Apr\u00e8s j&rsquo;ai vu Nawal qui m&rsquo;a dit que c&rsquo;est bon parce qu&rsquo;elle avait fini un peu plus t\u00f4t elle. On est trop contentes, on y va toutes les deux en plus donc c&rsquo;est g\u00e9nial. Je vais aborder la finale avec un plaisir monstrueux. Avec de la confiance, de la concentration. J&rsquo;ai h\u00e2te !<span class=\"su-quote-cite\">Sol\u00e8ne Gicquel<\/span><\/div><\/div>\n<h3 style=\"text-align: justify;\">Interrog\u00e9es sur cette performance d&rsquo;avoir 2 Fran\u00e7aises en finale elles ont confi\u00e9 :<\/h3>\n<div class=\"su-quote su-quote-style-default su-quote-has-cite\"><div class=\"su-quote-inner su-u-clearfix su-u-trim\">\n<p>Je suis hyper fi\u00e8re, je pense que Nawal c&rsquo;est pareil. En plus d&rsquo;y aller toutes les deux, on va donner le meilleur de nous-m\u00eame. On va montrer qu&rsquo;on est l\u00e0.<span class=\"su-quote-cite\">Sol\u00e8ne Gicquel<\/span><\/div><\/div>\n<p style=\"text-align: justify;\"><div class=\"su-quote su-quote-style-default su-quote-has-cite\"><div class=\"su-quote-inner su-u-clearfix su-u-trim\">C&rsquo;est extraordinaire, c&rsquo;est ouf ! On va dire que le saut en hauteur fran\u00e7ais rena\u00eet de ses cendres.<span class=\"su-quote-cite\">Nawal Meniker<\/span><\/div><\/div>\n<h3 style=\"text-align: justify;\">Comment l&rsquo;expliquer ?<\/h3>\n<p style=\"text-align: justify;\"><div class=\"su-quote su-quote-style-default su-quote-has-cite\"><div class=\"su-quote-inner su-u-clearfix su-u-trim\">Le boulot, l&rsquo;envie. Avec Sol\u00e8ne on est l\u00e0, on fait au mieux pour relever le saut en hauteur. On \u00e9tait tr\u00e8s contentes, on partage souvent des moments comme \u00e7a. Cet hiver aussi on l&rsquo;avait fait avec Sol\u00e8ne donc c&rsquo;est cool.<span class=\"su-quote-cite\">Nawal Meniker<\/span><\/div><\/div>\n<p style=\"text-align: justify;\"><div class=\"su-quote su-quote-style-default su-quote-has-cite\"><div class=\"su-quote-inner su-u-clearfix su-u-trim\">Il n&rsquo;y a pas d&rsquo;explication simple mais le fait d&rsquo;\u00eatre d\u00e9j\u00e0 2 \u00e0 se bagarrer sur ces barres-l\u00e0, je pense que \u00e7a nous aide. \u00c7a nous pousse. Cet hiver notamment on l&rsquo;a vu sur le concours des championnats de France. Je pense qu&rsquo;on aurait \u00e9t\u00e9 toute seule, soit l&rsquo;une soit l&rsquo;autre, on n&rsquo;aurait pas fait cette perf&rsquo; l\u00e0 (<em>1.92 m, ndlr.<\/em>)<span class=\"su-quote-cite\">Sol\u00e8ne Gicquel<\/span><\/div><\/div>\n<h2>Abandon de Kevin Mayer<\/h2>\n<p style=\"text-align: justify;\">C&rsquo;\u00e9tait dans les tuyaux, \u00e7a s&rsquo;est confirm\u00e9 apr\u00e8s deux \u00e9preuves. <strong>Kevin Mayer<\/strong> n&rsquo;a pas pu aller au bout d&rsquo;un <a title=\"Classement D\u00e9cathlon Athl\u00e9tisme Championnats du monde 2023\" href=\"https:\/\/dicodusport.fr\/blog\/classement-decathlon-athletisme-championnats-du-monde-2023\/\" target=\"_blank\" rel=\"noopener\"><strong>d\u00e9cathlon<\/strong><\/a> actuellement men\u00e9 par un impressionnant <strong>Leo Neugebauer<\/strong>. Diminu\u00e9 par une douleur au tendon d&rsquo;Achille gauche survenue il y a 15 jours, il n&rsquo;a pas voulu aller au-del\u00e0 de ses capacit\u00e9s, pensant \u00e9videmment \u00e0 Paris 2024.<\/p>\n<h2>Felise Vahai Sosaia 28e des qualifications<\/h2>\n<p style=\"text-align: justify;\">Au javelot, l&rsquo;histoire continuait \u00e9galement \u00e0 s&rsquo;\u00e9crire. Cela faisait 30 ans qu&rsquo;un repr\u00e9sentant (masculin) n&rsquo;avait pas particip\u00e9 aux Mondiaux au <strong>javelot<\/strong>. Dans le groupe A, <strong>Felise Vahai Sosaia<\/strong> lan\u00e7ait \u00e0 10h10. Malheureusement, touch\u00e9 \u00e0 la cheville gauche, il savait avant la comp\u00e9tition que retrouver ses sensations de d\u00e9but d&rsquo;ann\u00e9e o\u00f9 il avait lanc\u00e9 \u00e0<strong> 79.85 m<\/strong> serait impossible. Depuis Monaco o\u00f9 il avait cette tendinopathie d&rsquo;Achille a \u00e9t\u00e9 d\u00e9tect\u00e9e, il avait termin\u00e9 des Championnats de France avec 74.85 m. Mais s\u00e9lectionn\u00e9, il fallait tout donner.<\/p>\n<p style=\"text-align: justify;\">Il n&rsquo;a pas r\u00e9ussi \u00e0 se l\u00e2cher sur son premier essai. C&rsquo;\u00e9tait mieux au 2e avec 74.80 m. Il mord le dernier et termine donc 28e d&rsquo;un concours o\u00f9 le dernier qualifi\u00e9 \u00e0 lanc\u00e9 \u00e0 79.78 m. Impact\u00e9 au niveau blocage quand il a voulu mettre plus d&rsquo;intensit\u00e9, il ne pouvait aller plus loin.<\/p>\n<blockquote>\n<p style=\"text-align: justify;\">En d\u00e9but de concours, je me sentais bien sur le premier essai. J&rsquo;essaie de mettre les choses en place mais ce n&rsquo;est pas sorti. Sur les deux autres essais, j&rsquo;essaie de mettre plus d&rsquo;intensit\u00e9. Mais avec la blessure \u00e0 la cheville c&rsquo;\u00e9tait un peu compliqu\u00e9.<\/p>\n<p>L\u00e0 je suis forc\u00e9ment d\u00e9\u00e7u, j&rsquo;aurais aim\u00e9 faire une perf&rsquo; proche des 80 m, je pense que \u00e7a serait pass\u00e9.<\/p><\/blockquote>\n<p style=\"text-align: justify;\">Effectivement, 80 m aurait permis de passer en finale. Mais comme \u00e0 Munich l&rsquo;ann\u00e9e derni\u00e8re, le Fran\u00e7ais de 24 ans a pu engranger de l&rsquo;exp\u00e9rience. Et surtout, on lui souhaite la r\u00e9cup\u00e9ration n\u00e9cessaire pour pouvoir repartir sur un nouveau cycle en pleine possession de ses moyens, pour viser les JO.<\/p>\n<div class=\"vlp-link-container vlp-layout-article\"><a href=\"https:\/\/dicodusport.fr\/blog\/mondiaux-dathletisme-2023-felise-vahai-sosaia-figure-du-renouveau-du-javelot-francais\/\" class=\"vlp-link\" title=\"Mondiaux d&#039;athl\u00e9tisme 2023 : Felise Vahai Sosaia, figure du renouveau du javelot fran\u00e7ais\"><\/a><div class=\"vlp-layout-zone-side\"><div class=\"vlp-block-4 vlp-link-image\"><img loading=\"lazy\" decoding=\"async\" style=\"max-width: 800px;\" width=\"800\" height=\"445\" src=\"https:\/\/dicodusport.fr\/blog\/wp-content\/uploads\/2023\/08\/Mondiaux-dathletisme-2023-Felise-Vahai-Sosaia-figure-du-renouveau-du-javelot-francais.png\" class=\"attachment-800x445 size-800x445\" alt=\"\" srcset=\"https:\/\/dicodusport.fr\/blog\/wp-content\/uploads\/2023\/08\/Mondiaux-dathletisme-2023-Felise-Vahai-Sosaia-figure-du-renouveau-du-javelot-francais.png 800w, https:\/\/dicodusport.fr\/blog\/wp-content\/uploads\/2023\/08\/Mondiaux-dathletisme-2023-Felise-Vahai-Sosaia-figure-du-renouveau-du-javelot-francais-300x167.png 300w, https:\/\/dicodusport.fr\/blog\/wp-content\/uploads\/2023\/08\/Mondiaux-dathletisme-2023-Felise-Vahai-Sosaia-figure-du-renouveau-du-javelot-francais-768x427.png 768w\" sizes=\"auto, (max-width: 800px) 100vw, 800px\" \/><\/div><\/div><div class=\"vlp-layout-zone-main\"><div class=\"vlp-block-0 vlp-link-title\">Mondiaux d'athl\u00e9tisme 2023 : Felise Vahai Sosaia, figure du renouveau du javelot fran\u00e7ais<\/div><div class=\"vlp-block-1 vlp-link-summary\">CHAMPIONNATS DU MONDE D'ATHL\u00c9TISME 2023 - Felise Vahai Sosaia est le premier engag\u00e9 fran\u00e7ais au javelot des Championnats du monde depuis 1993.<\/div><div class=\"vlp-block-2 vlp-link-button\">Lire l'article<\/div><div class=\"vlp-block-3 vlp-link-url\">dicodusport.fr<\/div><\/div><\/div>\n<p>&nbsp;<\/p>\n<h2 style=\"text-align: justify;\">\u00c0 lire aussi<\/h2>\n<ul>\n<li style=\"text-align: justify;\"><a href=\"https:\/\/dicodusport.fr\/blog\/actualites\/athletisme\/championnats-du-monde-athletisme-2023\/\" target=\"_blank\" rel=\"noopener\"><strong>Calendrier et r\u00e9sultats des championnats du monde d&rsquo;athl\u00e9tisme<\/strong><\/a><\/li>\n<li style=\"text-align: justify;\"><a href=\"https:\/\/dicodusport.fr\/blog\/tableau-des-medailles-athletisme-championnats-du-monde-2023\/\" target=\"_blank\" rel=\"noopener\"><strong>Tableau des m\u00e9dailles<\/strong><\/a><\/li>\n<\/ul>\n","protected":false},"excerpt":{"rendered":"<p>CHAMPIONNATS DU MONDE D&rsquo;ATHL\u00c9TISME 2023 &#8211; Cette matin\u00e9e est marqu\u00e9e par l&rsquo;abandon de Kevin Mayer au d\u00e9cathlon mais aussi la qualification en finale de la hauteur de Nawal Meniker et Sol\u00e8ne Gicquel.<\/p>\n","protected":false},"author":12,"featured_media":411972,"comment_status":"open","ping_status":"closed","sticky":false,"template":"","format":"standard","meta":{"_acf_changed":false,"_daextam_enable_autolinks":"","footnotes":""},"categories":[46997],"tags":[143,16878,1269,1257,8741,151],"class_list":["post-411893","post","type-post","status-publish","format-standard","has-post-thumbnail","hentry","category-championnats-du-monde-athletisme","tag-athletisme","tag-breve","tag-decathlon","tag-kevin-mayer","tag-lancer-du-javelot","tag-saut-en-hauteur"],"acf":[],"yoast_head":"<!-- This site is optimized with the Yoast SEO Premium plugin v26.7 (Yoast SEO v26.7) - https:\/\/yoast.com\/wordpress\/plugins\/seo\/ -->\n<title>Mondiaux d&#039;athl\u00e9tisme 2023 : Hauteur historique, Mayer abandonne, le r\u00e9sum\u00e9 de la matin\u00e9e des Fran\u00e7ais<\/title>\n<meta name=\"description\" content=\"CHAMPIONNATS DU MONDE D&#039;ATHL\u00c9TISME 2023 - Abandon de Kevin Mayer au d\u00e9cathlon mais finale \u00e0 la hauteur pour Nawal Meniker et Sol\u00e8ne Gicquel.\" \/>\n<meta name=\"robots\" content=\"index, follow, max-snippet:-1, max-image-preview:large, max-video-preview:-1\" \/>\n<link rel=\"canonical\" href=\"https:\/\/dicodusport.fr\/blog\/mondiaux-dathletisme-2023-hauteur-historique-mayer-abandonne-le-resume-de-la-matinee-des-francais\/\" \/>\n<meta property=\"og:locale\" content=\"fr_FR\" \/>\n<meta property=\"og:type\" content=\"article\" \/>\n<meta property=\"og:title\" content=\"Mondiaux d&#039;athl\u00e9tisme 2023 : Hauteur historique, Mayer abandonne, le r\u00e9sum\u00e9 de la matin\u00e9e des Fran\u00e7ais\" \/>\n<meta property=\"og:description\" content=\"CHAMPIONNATS DU MONDE D&#039;ATHL\u00c9TISME 2023 - Abandon de Kevin Mayer au d\u00e9cathlon mais finale \u00e0 la hauteur pour Nawal Meniker et Sol\u00e8ne Gicquel.\" \/>\n<meta property=\"og:url\" content=\"https:\/\/dicodusport.fr\/blog\/mondiaux-dathletisme-2023-hauteur-historique-mayer-abandonne-le-resume-de-la-matinee-des-francais\/\" \/>\n<meta property=\"og:site_name\" content=\"Dicodusport\" \/>\n<meta property=\"article:publisher\" content=\"https:\/\/www.facebook.com\/dicodusport\" \/>\n<meta property=\"article:published_time\" content=\"2023-08-25T11:22:50+00:00\" \/>\n<meta property=\"article:modified_time\" content=\"2023-08-25T14:37:06+00:00\" \/>\n<meta property=\"og:image\" content=\"https:\/\/dicodusport.fr\/blog\/wp-content\/uploads\/2023\/08\/Mondiaux-dathletisme-2023-Hauteur-historique-Mayer-abandonne-le-resume-de-la-matinee-des-Francais.png\" \/>\n\t<meta property=\"og:image:width\" content=\"800\" \/>\n\t<meta property=\"og:image:height\" content=\"445\" \/>\n\t<meta property=\"og:image:type\" content=\"image\/png\" \/>\n<meta name=\"author\" content=\"Arlette Yeye\" \/>\n<meta name=\"twitter:card\" content=\"summary_large_image\" \/>\n<meta name=\"twitter:title\" content=\"Mondiaux d&#039;athl\u00e9tisme 2023 : Hauteur historique, Mayer abandonne, le r\u00e9sum\u00e9 de la matin\u00e9e des Fran\u00e7ais\" \/>\n<meta name=\"twitter:creator\" content=\"@https:\/\/twitter.com\/Shiclette94\" \/>\n<meta name=\"twitter:site\" content=\"@dicodusport\" \/>\n<script type=\"application\/ld+json\" class=\"yoast-schema-graph\">{\"@context\":\"https:\/\/schema.org\",\"@graph\":[{\"@type\":\"NewsArticle\",\"@id\":\"https:\/\/dicodusport.fr\/blog\/mondiaux-dathletisme-2023-hauteur-historique-mayer-abandonne-le-resume-de-la-matinee-des-francais\/#article\",\"isPartOf\":{\"@id\":\"https:\/\/dicodusport.fr\/blog\/mondiaux-dathletisme-2023-hauteur-historique-mayer-abandonne-le-resume-de-la-matinee-des-francais\/\"},\"author\":{\"name\":\"Arlette Yeye\",\"@id\":\"https:\/\/dicodusport.fr\/blog\/#\/schema\/person\/cce96fa88785bd8573e3d43078ac8c79\"},\"headline\":\"Mondiaux d&rsquo;athl\u00e9tisme 2023 : Hauteur historique, Mayer abandonne, le r\u00e9sum\u00e9 de la matin\u00e9e des Fran\u00e7ais\",\"datePublished\":\"2023-08-25T11:22:50+00:00\",\"dateModified\":\"2023-08-25T14:37:06+00:00\",\"mainEntityOfPage\":{\"@id\":\"https:\/\/dicodusport.fr\/blog\/mondiaux-dathletisme-2023-hauteur-historique-mayer-abandonne-le-resume-de-la-matinee-des-francais\/\"},\"wordCount\":1189,\"commentCount\":0,\"publisher\":{\"@id\":\"https:\/\/dicodusport.fr\/blog\/#organization\"},\"image\":{\"@id\":\"https:\/\/dicodusport.fr\/blog\/mondiaux-dathletisme-2023-hauteur-historique-mayer-abandonne-le-resume-de-la-matinee-des-francais\/#primaryimage\"},\"thumbnailUrl\":\"https:\/\/dicodusport.fr\/blog\/wp-content\/uploads\/2023\/08\/Mondiaux-dathletisme-2023-Hauteur-historique-Mayer-abandonne-le-resume-de-la-matinee-des-Francais.png\",\"keywords\":[\"Athl\u00e9tisme\",\"br\u00e8ve\",\"d\u00e9cathlon\",\"Kevin Mayer\",\"lancer du javelot\",\"Saut en hauteur\"],\"articleSection\":[\"Championnats du monde d'athl\u00e9tisme\"],\"inLanguage\":\"fr-FR\",\"potentialAction\":[{\"@type\":\"CommentAction\",\"name\":\"Comment\",\"target\":[\"https:\/\/dicodusport.fr\/blog\/mondiaux-dathletisme-2023-hauteur-historique-mayer-abandonne-le-resume-de-la-matinee-des-francais\/#respond\"]}],\"copyrightYear\":\"2023\",\"copyrightHolder\":{\"@id\":\"https:\/\/dicodusport.fr\/blog\/#organization\"}},{\"@type\":\"WebPage\",\"@id\":\"https:\/\/dicodusport.fr\/blog\/mondiaux-dathletisme-2023-hauteur-historique-mayer-abandonne-le-resume-de-la-matinee-des-francais\/\",\"url\":\"https:\/\/dicodusport.fr\/blog\/mondiaux-dathletisme-2023-hauteur-historique-mayer-abandonne-le-resume-de-la-matinee-des-francais\/\",\"name\":\"Mondiaux d'athl\u00e9tisme 2023 : Hauteur historique, Mayer abandonne, le r\u00e9sum\u00e9 de la matin\u00e9e des Fran\u00e7ais\",\"isPartOf\":{\"@id\":\"https:\/\/dicodusport.fr\/blog\/#website\"},\"primaryImageOfPage\":{\"@id\":\"https:\/\/dicodusport.fr\/blog\/mondiaux-dathletisme-2023-hauteur-historique-mayer-abandonne-le-resume-de-la-matinee-des-francais\/#primaryimage\"},\"image\":{\"@id\":\"https:\/\/dicodusport.fr\/blog\/mondiaux-dathletisme-2023-hauteur-historique-mayer-abandonne-le-resume-de-la-matinee-des-francais\/#primaryimage\"},\"thumbnailUrl\":\"https:\/\/dicodusport.fr\/blog\/wp-content\/uploads\/2023\/08\/Mondiaux-dathletisme-2023-Hauteur-historique-Mayer-abandonne-le-resume-de-la-matinee-des-Francais.png\",\"datePublished\":\"2023-08-25T11:22:50+00:00\",\"dateModified\":\"2023-08-25T14:37:06+00:00\",\"description\":\"CHAMPIONNATS DU MONDE D'ATHL\u00c9TISME 2023 - Abandon de Kevin Mayer au d\u00e9cathlon mais finale \u00e0 la hauteur pour Nawal Meniker et Sol\u00e8ne Gicquel.\",\"breadcrumb\":{\"@id\":\"https:\/\/dicodusport.fr\/blog\/mondiaux-dathletisme-2023-hauteur-historique-mayer-abandonne-le-resume-de-la-matinee-des-francais\/#breadcrumb\"},\"inLanguage\":\"fr-FR\",\"potentialAction\":[{\"@type\":\"ReadAction\",\"target\":[\"https:\/\/dicodusport.fr\/blog\/mondiaux-dathletisme-2023-hauteur-historique-mayer-abandonne-le-resume-de-la-matinee-des-francais\/\"]}]},{\"@type\":\"ImageObject\",\"inLanguage\":\"fr-FR\",\"@id\":\"https:\/\/dicodusport.fr\/blog\/mondiaux-dathletisme-2023-hauteur-historique-mayer-abandonne-le-resume-de-la-matinee-des-francais\/#primaryimage\",\"url\":\"https:\/\/dicodusport.fr\/blog\/wp-content\/uploads\/2023\/08\/Mondiaux-dathletisme-2023-Hauteur-historique-Mayer-abandonne-le-resume-de-la-matinee-des-Francais.png\",\"contentUrl\":\"https:\/\/dicodusport.fr\/blog\/wp-content\/uploads\/2023\/08\/Mondiaux-dathletisme-2023-Hauteur-historique-Mayer-abandonne-le-resume-de-la-matinee-des-Francais.png\",\"width\":800,\"height\":445},{\"@type\":\"BreadcrumbList\",\"@id\":\"https:\/\/dicodusport.fr\/blog\/mondiaux-dathletisme-2023-hauteur-historique-mayer-abandonne-le-resume-de-la-matinee-des-francais\/#breadcrumb\",\"itemListElement\":[{\"@type\":\"ListItem\",\"position\":1,\"name\":\"Accueil\",\"item\":\"https:\/\/dicodusport.fr\/blog\/\"},{\"@type\":\"ListItem\",\"position\":2,\"name\":\"Mondiaux d&rsquo;athl\u00e9tisme 2023 : Hauteur historique, Mayer abandonne, le r\u00e9sum\u00e9 de la matin\u00e9e des Fran\u00e7ais\"}]},{\"@type\":\"WebSite\",\"@id\":\"https:\/\/dicodusport.fr\/blog\/#website\",\"url\":\"https:\/\/dicodusport.fr\/blog\/\",\"name\":\"Dicodusport\",\"description\":\"L&#039;encyclop\u00e9die de l&#039;actualit\u00e9 sportive\",\"publisher\":{\"@id\":\"https:\/\/dicodusport.fr\/blog\/#organization\"},\"potentialAction\":[{\"@type\":\"SearchAction\",\"target\":{\"@type\":\"EntryPoint\",\"urlTemplate\":\"https:\/\/dicodusport.fr\/blog\/?s={search_term_string}\"},\"query-input\":{\"@type\":\"PropertyValueSpecification\",\"valueRequired\":true,\"valueName\":\"search_term_string\"}}],\"inLanguage\":\"fr-FR\"},{\"@type\":\"NewsMediaOrganization\",\"@id\":\"https:\/\/dicodusport.fr\/blog\/#organization\",\"name\":\"Dicodusport\",\"url\":\"https:\/\/dicodusport.fr\/blog\/\",\"logo\":{\"@type\":\"ImageObject\",\"inLanguage\":\"fr-FR\",\"@id\":\"https:\/\/dicodusport.fr\/blog\/#\/schema\/logo\/image\/\",\"url\":\"https:\/\/dicodusport.fr\/blog\/wp-content\/uploads\/2020\/06\/cropped-LOGO-DICODUSPORT-2020-SANS-FOND-SANS-TEXTE.png\",\"contentUrl\":\"https:\/\/dicodusport.fr\/blog\/wp-content\/uploads\/2020\/06\/cropped-LOGO-DICODUSPORT-2020-SANS-FOND-SANS-TEXTE.png\",\"width\":512,\"height\":512,\"caption\":\"Dicodusport\"},\"image\":{\"@id\":\"https:\/\/dicodusport.fr\/blog\/#\/schema\/logo\/image\/\"},\"sameAs\":[\"https:\/\/www.facebook.com\/dicodusport\",\"https:\/\/x.com\/dicodusport\",\"https:\/\/www.instagram.com\/dicodusport\/\",\"https:\/\/www.youtube.com\/channel\/UC7V2KZ5sd3htJivAbA4ZG3w\"],\"description\":\"Dicodusport est l'encyclop\u00e9die de l'actualit\u00e9 sportive.\",\"email\":\"bonjour@dicodusport.fr\",\"legalName\":\"DICODUSPORT\",\"foundingDate\":\"2018-01-14\",\"vatID\":\"FR71834470973\",\"taxID\":\"83447097300043\",\"numberOfEmployees\":{\"@type\":\"QuantitativeValue\",\"minValue\":\"1\",\"maxValue\":\"10\"}},{\"@type\":\"Person\",\"@id\":\"https:\/\/dicodusport.fr\/blog\/#\/schema\/person\/cce96fa88785bd8573e3d43078ac8c79\",\"name\":\"Arlette Yeye\",\"image\":{\"@type\":\"ImageObject\",\"inLanguage\":\"fr-FR\",\"@id\":\"https:\/\/dicodusport.fr\/blog\/#\/schema\/person\/image\/\",\"url\":\"https:\/\/secure.gravatar.com\/avatar\/dca4a6239e6d708e46c45d60e160de6c?s=96&d=wp_user_avatar&r=g\",\"contentUrl\":\"https:\/\/secure.gravatar.com\/avatar\/dca4a6239e6d708e46c45d60e160de6c?s=96&d=wp_user_avatar&r=g\",\"caption\":\"Arlette Yeye\"},\"description\":\"Journaliste\/r\u00e9dactrice depuis septembre 2015 - Supportrice de Chelsea, j'ai pour sports de pr\u00e9dilection le handball, l'athl\u00e9tisme et le tennis. Si je tweete plus vite que mon ombre, vous pouvez aussi me retrouver les week-ends sur les playgrounds de Bruxelles pour un petit foot ou basket entre potes. Parcourir la France, l'Europe et plus si affinit\u00e9s pour suivre mes sportifs pr\u00e9f\u00e9r\u00e9s ? Mon kif ! Et c'est avec plaisir que je partage les r\u00e9sultats des sports populaires mais \u00e9galement plus confidentiels pour Dicodusport.\",\"sameAs\":[\"https:\/\/x.com\/https:\/\/twitter.com\/Shiclette94\"],\"url\":\"https:\/\/dicodusport.fr\/blog\/author\/arlette\/\"}]}<\/script>\n<!-- \/ Yoast SEO Premium plugin. -->","yoast_head_json":{"title":"Mondiaux d'athl\u00e9tisme 2023 : Hauteur historique, Mayer abandonne, le r\u00e9sum\u00e9 de la matin\u00e9e des Fran\u00e7ais","description":"CHAMPIONNATS DU MONDE D'ATHL\u00c9TISME 2023 - Abandon de Kevin Mayer au d\u00e9cathlon mais finale \u00e0 la hauteur pour Nawal Meniker et Sol\u00e8ne Gicquel.","robots":{"index":"index","follow":"follow","max-snippet":"max-snippet:-1","max-image-preview":"max-image-preview:large","max-video-preview":"max-video-preview:-1"},"canonical":"https:\/\/dicodusport.fr\/blog\/mondiaux-dathletisme-2023-hauteur-historique-mayer-abandonne-le-resume-de-la-matinee-des-francais\/","og_locale":"fr_FR","og_type":"article","og_title":"Mondiaux d'athl\u00e9tisme 2023 : Hauteur historique, Mayer abandonne, le r\u00e9sum\u00e9 de la matin\u00e9e des Fran\u00e7ais","og_description":"CHAMPIONNATS DU MONDE D'ATHL\u00c9TISME 2023 - Abandon de Kevin Mayer au d\u00e9cathlon mais finale \u00e0 la hauteur pour Nawal Meniker et Sol\u00e8ne Gicquel.","og_url":"https:\/\/dicodusport.fr\/blog\/mondiaux-dathletisme-2023-hauteur-historique-mayer-abandonne-le-resume-de-la-matinee-des-francais\/","og_site_name":"Dicodusport","article_publisher":"https:\/\/www.facebook.com\/dicodusport","article_published_time":"2023-08-25T11:22:50+00:00","article_modified_time":"2023-08-25T14:37:06+00:00","og_image":[{"width":800,"height":445,"url":"https:\/\/dicodusport.fr\/blog\/wp-content\/uploads\/2023\/08\/Mondiaux-dathletisme-2023-Hauteur-historique-Mayer-abandonne-le-resume-de-la-matinee-des-Francais.png","type":"image\/png"}],"author":"Arlette Yeye","twitter_card":"summary_large_image","twitter_title":"Mondiaux d'athl\u00e9tisme 2023 : Hauteur historique, Mayer abandonne, le r\u00e9sum\u00e9 de la matin\u00e9e des Fran\u00e7ais","twitter_creator":"@https:\/\/twitter.com\/Shiclette94","twitter_site":"@dicodusport","schema":{"@context":"https:\/\/schema.org","@graph":[{"@type":"NewsArticle","@id":"https:\/\/dicodusport.fr\/blog\/mondiaux-dathletisme-2023-hauteur-historique-mayer-abandonne-le-resume-de-la-matinee-des-francais\/#article","isPartOf":{"@id":"https:\/\/dicodusport.fr\/blog\/mondiaux-dathletisme-2023-hauteur-historique-mayer-abandonne-le-resume-de-la-matinee-des-francais\/"},"author":{"name":"Arlette Yeye","@id":"https:\/\/dicodusport.fr\/blog\/#\/schema\/person\/cce96fa88785bd8573e3d43078ac8c79"},"headline":"Mondiaux d&rsquo;athl\u00e9tisme 2023 : Hauteur historique, Mayer abandonne, le r\u00e9sum\u00e9 de la matin\u00e9e des Fran\u00e7ais","datePublished":"2023-08-25T11:22:50+00:00","dateModified":"2023-08-25T14:37:06+00:00","mainEntityOfPage":{"@id":"https:\/\/dicodusport.fr\/blog\/mondiaux-dathletisme-2023-hauteur-historique-mayer-abandonne-le-resume-de-la-matinee-des-francais\/"},"wordCount":1189,"commentCount":0,"publisher":{"@id":"https:\/\/dicodusport.fr\/blog\/#organization"},"image":{"@id":"https:\/\/dicodusport.fr\/blog\/mondiaux-dathletisme-2023-hauteur-historique-mayer-abandonne-le-resume-de-la-matinee-des-francais\/#primaryimage"},"thumbnailUrl":"https:\/\/dicodusport.fr\/blog\/wp-content\/uploads\/2023\/08\/Mondiaux-dathletisme-2023-Hauteur-historique-Mayer-abandonne-le-resume-de-la-matinee-des-Francais.png","keywords":["Athl\u00e9tisme","br\u00e8ve","d\u00e9cathlon","Kevin Mayer","lancer du javelot","Saut en hauteur"],"articleSection":["Championnats du monde d'athl\u00e9tisme"],"inLanguage":"fr-FR","potentialAction":[{"@type":"CommentAction","name":"Comment","target":["https:\/\/dicodusport.fr\/blog\/mondiaux-dathletisme-2023-hauteur-historique-mayer-abandonne-le-resume-de-la-matinee-des-francais\/#respond"]}],"copyrightYear":"2023","copyrightHolder":{"@id":"https:\/\/dicodusport.fr\/blog\/#organization"}},{"@type":"WebPage","@id":"https:\/\/dicodusport.fr\/blog\/mondiaux-dathletisme-2023-hauteur-historique-mayer-abandonne-le-resume-de-la-matinee-des-francais\/","url":"https:\/\/dicodusport.fr\/blog\/mondiaux-dathletisme-2023-hauteur-historique-mayer-abandonne-le-resume-de-la-matinee-des-francais\/","name":"Mondiaux d'athl\u00e9tisme 2023 : Hauteur historique, Mayer abandonne, le r\u00e9sum\u00e9 de la matin\u00e9e des Fran\u00e7ais","isPartOf":{"@id":"https:\/\/dicodusport.fr\/blog\/#website"},"primaryImageOfPage":{"@id":"https:\/\/dicodusport.fr\/blog\/mondiaux-dathletisme-2023-hauteur-historique-mayer-abandonne-le-resume-de-la-matinee-des-francais\/#primaryimage"},"image":{"@id":"https:\/\/dicodusport.fr\/blog\/mondiaux-dathletisme-2023-hauteur-historique-mayer-abandonne-le-resume-de-la-matinee-des-francais\/#primaryimage"},"thumbnailUrl":"https:\/\/dicodusport.fr\/blog\/wp-content\/uploads\/2023\/08\/Mondiaux-dathletisme-2023-Hauteur-historique-Mayer-abandonne-le-resume-de-la-matinee-des-Francais.png","datePublished":"2023-08-25T11:22:50+00:00","dateModified":"2023-08-25T14:37:06+00:00","description":"CHAMPIONNATS DU MONDE D'ATHL\u00c9TISME 2023 - Abandon de Kevin Mayer au d\u00e9cathlon mais finale \u00e0 la hauteur pour Nawal Meniker et Sol\u00e8ne Gicquel.","breadcrumb":{"@id":"https:\/\/dicodusport.fr\/blog\/mondiaux-dathletisme-2023-hauteur-historique-mayer-abandonne-le-resume-de-la-matinee-des-francais\/#breadcrumb"},"inLanguage":"fr-FR","potentialAction":[{"@type":"ReadAction","target":["https:\/\/dicodusport.fr\/blog\/mondiaux-dathletisme-2023-hauteur-historique-mayer-abandonne-le-resume-de-la-matinee-des-francais\/"]}]},{"@type":"ImageObject","inLanguage":"fr-FR","@id":"https:\/\/dicodusport.fr\/blog\/mondiaux-dathletisme-2023-hauteur-historique-mayer-abandonne-le-resume-de-la-matinee-des-francais\/#primaryimage","url":"https:\/\/dicodusport.fr\/blog\/wp-content\/uploads\/2023\/08\/Mondiaux-dathletisme-2023-Hauteur-historique-Mayer-abandonne-le-resume-de-la-matinee-des-Francais.png","contentUrl":"https:\/\/dicodusport.fr\/blog\/wp-content\/uploads\/2023\/08\/Mondiaux-dathletisme-2023-Hauteur-historique-Mayer-abandonne-le-resume-de-la-matinee-des-Francais.png","width":800,"height":445},{"@type":"BreadcrumbList","@id":"https:\/\/dicodusport.fr\/blog\/mondiaux-dathletisme-2023-hauteur-historique-mayer-abandonne-le-resume-de-la-matinee-des-francais\/#breadcrumb","itemListElement":[{"@type":"ListItem","position":1,"name":"Accueil","item":"https:\/\/dicodusport.fr\/blog\/"},{"@type":"ListItem","position":2,"name":"Mondiaux d&rsquo;athl\u00e9tisme 2023 : Hauteur historique, Mayer abandonne, le r\u00e9sum\u00e9 de la matin\u00e9e des Fran\u00e7ais"}]},{"@type":"WebSite","@id":"https:\/\/dicodusport.fr\/blog\/#website","url":"https:\/\/dicodusport.fr\/blog\/","name":"Dicodusport","description":"L&#039;encyclop\u00e9die de l&#039;actualit\u00e9 sportive","publisher":{"@id":"https:\/\/dicodusport.fr\/blog\/#organization"},"potentialAction":[{"@type":"SearchAction","target":{"@type":"EntryPoint","urlTemplate":"https:\/\/dicodusport.fr\/blog\/?s={search_term_string}"},"query-input":{"@type":"PropertyValueSpecification","valueRequired":true,"valueName":"search_term_string"}}],"inLanguage":"fr-FR"},{"@type":"NewsMediaOrganization","@id":"https:\/\/dicodusport.fr\/blog\/#organization","name":"Dicodusport","url":"https:\/\/dicodusport.fr\/blog\/","logo":{"@type":"ImageObject","inLanguage":"fr-FR","@id":"https:\/\/dicodusport.fr\/blog\/#\/schema\/logo\/image\/","url":"https:\/\/dicodusport.fr\/blog\/wp-content\/uploads\/2020\/06\/cropped-LOGO-DICODUSPORT-2020-SANS-FOND-SANS-TEXTE.png","contentUrl":"https:\/\/dicodusport.fr\/blog\/wp-content\/uploads\/2020\/06\/cropped-LOGO-DICODUSPORT-2020-SANS-FOND-SANS-TEXTE.png","width":512,"height":512,"caption":"Dicodusport"},"image":{"@id":"https:\/\/dicodusport.fr\/blog\/#\/schema\/logo\/image\/"},"sameAs":["https:\/\/www.facebook.com\/dicodusport","https:\/\/x.com\/dicodusport","https:\/\/www.instagram.com\/dicodusport\/","https:\/\/www.youtube.com\/channel\/UC7V2KZ5sd3htJivAbA4ZG3w"],"description":"Dicodusport est l'encyclop\u00e9die de l'actualit\u00e9 sportive.","email":"bonjour@dicodusport.fr","legalName":"DICODUSPORT","foundingDate":"2018-01-14","vatID":"FR71834470973","taxID":"83447097300043","numberOfEmployees":{"@type":"QuantitativeValue","minValue":"1","maxValue":"10"}},{"@type":"Person","@id":"https:\/\/dicodusport.fr\/blog\/#\/schema\/person\/cce96fa88785bd8573e3d43078ac8c79","name":"Arlette Yeye","image":{"@type":"ImageObject","inLanguage":"fr-FR","@id":"https:\/\/dicodusport.fr\/blog\/#\/schema\/person\/image\/","url":"https:\/\/secure.gravatar.com\/avatar\/dca4a6239e6d708e46c45d60e160de6c?s=96&d=wp_user_avatar&r=g","contentUrl":"https:\/\/secure.gravatar.com\/avatar\/dca4a6239e6d708e46c45d60e160de6c?s=96&d=wp_user_avatar&r=g","caption":"Arlette Yeye"},"description":"Journaliste\/r\u00e9dactrice depuis septembre 2015 - Supportrice de Chelsea, j'ai pour sports de pr\u00e9dilection le handball, l'athl\u00e9tisme et le tennis. Si je tweete plus vite que mon ombre, vous pouvez aussi me retrouver les week-ends sur les playgrounds de Bruxelles pour un petit foot ou basket entre potes. Parcourir la France, l'Europe et plus si affinit\u00e9s pour suivre mes sportifs pr\u00e9f\u00e9r\u00e9s ? Mon kif ! Et c'est avec plaisir que je partage les r\u00e9sultats des sports populaires mais \u00e9galement plus confidentiels pour Dicodusport.","sameAs":["https:\/\/x.com\/https:\/\/twitter.com\/Shiclette94"],"url":"https:\/\/dicodusport.fr\/blog\/author\/arlette\/"}]}},"_links":{"self":[{"href":"https:\/\/dicodusport.fr\/blog\/wp-json\/wp\/v2\/posts\/411893","targetHints":{"allow":["GET"]}}],"collection":[{"href":"https:\/\/dicodusport.fr\/blog\/wp-json\/wp\/v2\/posts"}],"about":[{"href":"https:\/\/dicodusport.fr\/blog\/wp-json\/wp\/v2\/types\/post"}],"author":[{"embeddable":true,"href":"https:\/\/dicodusport.fr\/blog\/wp-json\/wp\/v2\/users\/12"}],"replies":[{"embeddable":true,"href":"https:\/\/dicodusport.fr\/blog\/wp-json\/wp\/v2\/comments?post=411893"}],"version-history":[{"count":0,"href":"https:\/\/dicodusport.fr\/blog\/wp-json\/wp\/v2\/posts\/411893\/revisions"}],"wp:featuredmedia":[{"embeddable":true,"href":"https:\/\/dicodusport.fr\/blog\/wp-json\/wp\/v2\/media\/411972"}],"wp:attachment":[{"href":"https:\/\/dicodusport.fr\/blog\/wp-json\/wp\/v2\/media?parent=411893"}],"wp:term":[{"taxonomy":"category","embeddable":true,"href":"https:\/\/dicodusport.fr\/blog\/wp-json\/wp\/v2\/categories?post=411893"},{"taxonomy":"post_tag","embeddable":true,"href":"https:\/\/dicodusport.fr\/blog\/wp-json\/wp\/v2\/tags?post=411893"}],"curies":[{"name":"wp","href":"https:\/\/api.w.org\/{rel}","templated":true}]}}