{"id":411995,"date":"2023-08-25T15:27:03","date_gmt":"2023-08-25T13:27:03","guid":{"rendered":"https:\/\/dicodusport.fr\/blog\/?p=411995&#038;preview=true&#038;preview_id=411995"},"modified":"2023-08-25T16:02:47","modified_gmt":"2023-08-25T14:02:47","slug":"mercato-ol-bradley-barcola-veut-quitter-lyon","status":"publish","type":"post","link":"https:\/\/dicodusport.fr\/blog\/mercato-ol-bradley-barcola-veut-quitter-lyon\/","title":{"rendered":"Mercato OL : Bradley Barcola veut quitter Lyon"},"content":{"rendered":"<p align=\"justify\"><em><strong>LIGUE 1 2023-2024 &#8211; Selon RMC Sport, Bradley Barcola a exprim\u00e9 son envie de quitter l&rsquo;Olympique Lyonnais d\u00e8s cet \u00e9t\u00e9.\u00a0<\/strong><\/em><\/p>\n<p align=\"justify\">Le feuilleton <strong>Bradley<\/strong> <strong>Barcola<\/strong> ressemble de plus en plus \u00e0 celui de <strong>Castello<\/strong> <strong>Lukeba<\/strong>. Pour ses deux p\u00e9pites, l&rsquo;<strong>OL<\/strong> avait fait part de sa volont\u00e9 de les conserver cet \u00e9t\u00e9. Mais le club de <strong>John<\/strong> <strong>Textor<\/strong> a d\u00fb laisser filer le d\u00e9fenseur international espoirs quand il a demand\u00e9 \u00e0 partir. <strong>Bradley<\/strong> <strong>Barcola<\/strong> vient \u00e0 son tour d&rsquo;informer ses dirigeants et son entra\u00eeneur qu&rsquo;il voulait s&rsquo;en aller.<\/p>\n<p align=\"justify\">Courtis\u00e9 depuis de longues semaines par le <strong>PSG<\/strong>, l&rsquo;ailier de <strong>Lyon<\/strong> et de l&rsquo;\u00e9quipe de France Espoirs veut rejoindre les champions de France. <strong>Luis<\/strong> <strong>Enrique<\/strong>, le nouvel entra\u00eeneur de Paris, en a fait sa priorit\u00e9 et l&rsquo;a convaincu de rejoindre le club. Pour le moment, <strong>Bradley<\/strong> <strong>Barcola<\/strong> et le <strong>Paris Saint-Germain<\/strong> n&rsquo;ont pas encore trouv\u00e9 un accord contractuel, mais cela ne devrait pas poser de probl\u00e8me.<\/p>\n<p align=\"justify\">Il faut par contre que <strong>Paris<\/strong> et <strong>Lyon<\/strong> trouve un accord pour le transfert et les n\u00e9gociations sont compliqu\u00e9es. En milieu de semaine, <a href=\"https:\/\/dicodusport.fr\/blog\/mercato-ca-chauffe-entre-le-psg-et-lol-au-sujet-de-bradley-barcola\/\">le <strong>PSG<\/strong> aurait coup\u00e9 court aux discussions<\/a> apr\u00e8s que l&rsquo;OL ait une nouvelle fois chang\u00e9 le prix demand\u00e9 pour le transfert de <strong>Bradley<\/strong> <strong>Barcola<\/strong>. Les tractations devraient reprendre dans les prochains jours et la volont\u00e9 du joueur de changer de club devrait aider \u00e0 trouver un accord.<\/p>\n<blockquote class=\"twitter-tweet\">\n<p dir=\"ltr\" lang=\"fr\">\ud83d\udea8 Ce vendredi, Bradley Barcola a annonc\u00e9 \u00e0 son entra\u00eeneur et \u00e0 sa direction qu\u2019il souhaite quitter Lyon<\/p>\n<p>\ud83d\udd39Il aimerait signer \u00e0 Paris mais n\u2019a PAS d\u2019accord avec le PSG<\/p>\n<p>\ud83d\udd39Lyon et Paris doivent d\u2019abord s\u2019entendre. L\u2019OL a chang\u00e9 plusieurs fois de prix + d\u2019info sur <a href=\"https:\/\/twitter.com\/RMCsport?ref_src=twsrc%5Etfw\">@RMCsport<\/a> <a href=\"https:\/\/t.co\/gieL6jE3Q1\">pic.twitter.com\/gieL6jE3Q1<\/a><\/p>\n<p>\u2014 Fabrice Hawkins (@FabriceHawkins) <a href=\"https:\/\/twitter.com\/FabriceHawkins\/status\/1695036158068060462?ref_src=twsrc%5Etfw\">August 25, 2023<\/a><\/p><\/blockquote>\n<p><script async src=\"https:\/\/platform.twitter.com\/widgets.js\" charset=\"utf-8\"><\/script><\/p>\n","protected":false},"excerpt":{"rendered":"<p>LIGUE 1 2023-2024 &#8211; Selon RMC Sport, Bradley Barcola a exprim\u00e9 son envie de quitter l&rsquo;Olympique Lyonnais d\u00e8s cet \u00e9t\u00e9.\u00a0<\/p>\n","protected":false},"author":1,"featured_media":396318,"comment_status":"open","ping_status":"closed","sticky":false,"template":"","format":"standard","meta":{"_acf_changed":false,"_daextam_enable_autolinks":"","footnotes":""},"categories":[2301,47045],"tags":[32494,30451,16878,75,1145,910],"class_list":["post-411995","post","type-post","status-publish","format-standard","has-post-thumbnail","hentry","category-football","category-ligue-1","tag-barcola","tag-bradley-barcola","tag-breve","tag-football","tag-ol","tag-psg"],"acf":[],"yoast_head":"<!-- This site is optimized with the Yoast SEO Premium plugin v26.7 (Yoast SEO v26.7) - https:\/\/yoast.com\/wordpress\/plugins\/seo\/ -->\n<title>Mercato OL : Bradley Barcola veut quitter Lyon<\/title>\n<meta name=\"description\" content=\"LIGUE 1 2023-2024 - Selon RMC Sport, Bradley Barcola a exprim\u00e9 son envie de quitter l&#039;Olympique Lyonnais d\u00e8s cet \u00e9t\u00e9.\u00a0\" \/>\n<meta name=\"robots\" content=\"index, follow, max-snippet:-1, max-image-preview:large, max-video-preview:-1\" \/>\n<link rel=\"canonical\" href=\"https:\/\/dicodusport.fr\/blog\/mercato-ol-bradley-barcola-veut-quitter-lyon\/\" \/>\n<meta property=\"og:locale\" content=\"fr_FR\" \/>\n<meta property=\"og:type\" content=\"article\" \/>\n<meta property=\"og:title\" content=\"Mercato OL : Bradley Barcola veut quitter Lyon\" \/>\n<meta property=\"og:description\" content=\"LIGUE 1 2023-2024 - Selon RMC Sport, Bradley Barcola a exprim\u00e9 son envie de quitter l&#039;Olympique Lyonnais d\u00e8s cet \u00e9t\u00e9.\u00a0\" \/>\n<meta property=\"og:url\" content=\"https:\/\/dicodusport.fr\/blog\/mercato-ol-bradley-barcola-veut-quitter-lyon\/\" \/>\n<meta property=\"og:site_name\" content=\"Dicodusport\" \/>\n<meta property=\"article:publisher\" content=\"https:\/\/www.facebook.com\/dicodusport\" \/>\n<meta property=\"article:author\" content=\"https:\/\/www.facebook.com\/dicodusport\" \/>\n<meta property=\"article:published_time\" content=\"2023-08-25T13:27:03+00:00\" \/>\n<meta property=\"article:modified_time\" content=\"2023-08-25T14:02:47+00:00\" \/>\n<meta property=\"og:image\" content=\"https:\/\/dicodusport.fr\/blog\/wp-content\/uploads\/2023\/07\/Mercato-PSG-Paris-fonce-sur-Bradley-Barcola.png\" \/>\n\t<meta property=\"og:image:width\" content=\"800\" \/>\n\t<meta property=\"og:image:height\" content=\"445\" \/>\n\t<meta property=\"og:image:type\" content=\"image\/png\" \/>\n<meta name=\"author\" content=\"Nicolas Jacquemard\" \/>\n<meta name=\"twitter:card\" content=\"summary_large_image\" \/>\n<meta name=\"twitter:title\" content=\"Mercato OL : Bradley Barcola veut quitter Lyon\" \/>\n<meta name=\"twitter:creator\" content=\"@https:\/\/twitter.com\/Nico_Jacquemard\" \/>\n<meta name=\"twitter:site\" content=\"@dicodusport\" \/>\n<script type=\"application\/ld+json\" class=\"yoast-schema-graph\">{\"@context\":\"https:\/\/schema.org\",\"@graph\":[{\"@type\":\"NewsArticle\",\"@id\":\"https:\/\/dicodusport.fr\/blog\/mercato-ol-bradley-barcola-veut-quitter-lyon\/#article\",\"isPartOf\":{\"@id\":\"https:\/\/dicodusport.fr\/blog\/mercato-ol-bradley-barcola-veut-quitter-lyon\/\"},\"author\":{\"name\":\"Nicolas Jacquemard\",\"@id\":\"https:\/\/dicodusport.fr\/blog\/#\/schema\/person\/55dcb50ad410894e431ed812bbb70191\"},\"headline\":\"Mercato OL : Bradley Barcola veut quitter Lyon\",\"datePublished\":\"2023-08-25T13:27:03+00:00\",\"dateModified\":\"2023-08-25T14:02:47+00:00\",\"mainEntityOfPage\":{\"@id\":\"https:\/\/dicodusport.fr\/blog\/mercato-ol-bradley-barcola-veut-quitter-lyon\/\"},\"wordCount\":303,\"commentCount\":0,\"publisher\":{\"@id\":\"https:\/\/dicodusport.fr\/blog\/#organization\"},\"image\":{\"@id\":\"https:\/\/dicodusport.fr\/blog\/mercato-ol-bradley-barcola-veut-quitter-lyon\/#primaryimage\"},\"thumbnailUrl\":\"https:\/\/dicodusport.fr\/blog\/wp-content\/uploads\/2023\/07\/Mercato-PSG-Paris-fonce-sur-Bradley-Barcola.png\",\"keywords\":[\"Barcola\",\"Bradley Barcola\",\"br\u00e8ve\",\"Football\",\"OL\",\"PSG\"],\"articleSection\":[\"Football\",\"Ligue 1\"],\"inLanguage\":\"fr-FR\",\"potentialAction\":[{\"@type\":\"CommentAction\",\"name\":\"Comment\",\"target\":[\"https:\/\/dicodusport.fr\/blog\/mercato-ol-bradley-barcola-veut-quitter-lyon\/#respond\"]}],\"copyrightYear\":\"2023\",\"copyrightHolder\":{\"@id\":\"https:\/\/dicodusport.fr\/blog\/#organization\"}},{\"@type\":\"WebPage\",\"@id\":\"https:\/\/dicodusport.fr\/blog\/mercato-ol-bradley-barcola-veut-quitter-lyon\/\",\"url\":\"https:\/\/dicodusport.fr\/blog\/mercato-ol-bradley-barcola-veut-quitter-lyon\/\",\"name\":\"Mercato OL : Bradley Barcola veut quitter Lyon\",\"isPartOf\":{\"@id\":\"https:\/\/dicodusport.fr\/blog\/#website\"},\"primaryImageOfPage\":{\"@id\":\"https:\/\/dicodusport.fr\/blog\/mercato-ol-bradley-barcola-veut-quitter-lyon\/#primaryimage\"},\"image\":{\"@id\":\"https:\/\/dicodusport.fr\/blog\/mercato-ol-bradley-barcola-veut-quitter-lyon\/#primaryimage\"},\"thumbnailUrl\":\"https:\/\/dicodusport.fr\/blog\/wp-content\/uploads\/2023\/07\/Mercato-PSG-Paris-fonce-sur-Bradley-Barcola.png\",\"datePublished\":\"2023-08-25T13:27:03+00:00\",\"dateModified\":\"2023-08-25T14:02:47+00:00\",\"description\":\"LIGUE 1 2023-2024 - Selon RMC Sport, Bradley Barcola a exprim\u00e9 son envie de quitter l'Olympique Lyonnais d\u00e8s cet \u00e9t\u00e9.\u00a0\",\"breadcrumb\":{\"@id\":\"https:\/\/dicodusport.fr\/blog\/mercato-ol-bradley-barcola-veut-quitter-lyon\/#breadcrumb\"},\"inLanguage\":\"fr-FR\",\"potentialAction\":[{\"@type\":\"ReadAction\",\"target\":[\"https:\/\/dicodusport.fr\/blog\/mercato-ol-bradley-barcola-veut-quitter-lyon\/\"]}]},{\"@type\":\"ImageObject\",\"inLanguage\":\"fr-FR\",\"@id\":\"https:\/\/dicodusport.fr\/blog\/mercato-ol-bradley-barcola-veut-quitter-lyon\/#primaryimage\",\"url\":\"https:\/\/dicodusport.fr\/blog\/wp-content\/uploads\/2023\/07\/Mercato-PSG-Paris-fonce-sur-Bradley-Barcola.png\",\"contentUrl\":\"https:\/\/dicodusport.fr\/blog\/wp-content\/uploads\/2023\/07\/Mercato-PSG-Paris-fonce-sur-Bradley-Barcola.png\",\"width\":800,\"height\":445},{\"@type\":\"BreadcrumbList\",\"@id\":\"https:\/\/dicodusport.fr\/blog\/mercato-ol-bradley-barcola-veut-quitter-lyon\/#breadcrumb\",\"itemListElement\":[{\"@type\":\"ListItem\",\"position\":1,\"name\":\"Accueil\",\"item\":\"https:\/\/dicodusport.fr\/blog\/\"},{\"@type\":\"ListItem\",\"position\":2,\"name\":\"Mercato OL : Bradley Barcola veut quitter Lyon\"}]},{\"@type\":\"WebSite\",\"@id\":\"https:\/\/dicodusport.fr\/blog\/#website\",\"url\":\"https:\/\/dicodusport.fr\/blog\/\",\"name\":\"Dicodusport\",\"description\":\"L&#039;encyclop\u00e9die de l&#039;actualit\u00e9 sportive\",\"publisher\":{\"@id\":\"https:\/\/dicodusport.fr\/blog\/#organization\"},\"potentialAction\":[{\"@type\":\"SearchAction\",\"target\":{\"@type\":\"EntryPoint\",\"urlTemplate\":\"https:\/\/dicodusport.fr\/blog\/?s={search_term_string}\"},\"query-input\":{\"@type\":\"PropertyValueSpecification\",\"valueRequired\":true,\"valueName\":\"search_term_string\"}}],\"inLanguage\":\"fr-FR\"},{\"@type\":\"NewsMediaOrganization\",\"@id\":\"https:\/\/dicodusport.fr\/blog\/#organization\",\"name\":\"Dicodusport\",\"url\":\"https:\/\/dicodusport.fr\/blog\/\",\"logo\":{\"@type\":\"ImageObject\",\"inLanguage\":\"fr-FR\",\"@id\":\"https:\/\/dicodusport.fr\/blog\/#\/schema\/logo\/image\/\",\"url\":\"https:\/\/dicodusport.fr\/blog\/wp-content\/uploads\/2020\/06\/cropped-LOGO-DICODUSPORT-2020-SANS-FOND-SANS-TEXTE.png\",\"contentUrl\":\"https:\/\/dicodusport.fr\/blog\/wp-content\/uploads\/2020\/06\/cropped-LOGO-DICODUSPORT-2020-SANS-FOND-SANS-TEXTE.png\",\"width\":512,\"height\":512,\"caption\":\"Dicodusport\"},\"image\":{\"@id\":\"https:\/\/dicodusport.fr\/blog\/#\/schema\/logo\/image\/\"},\"sameAs\":[\"https:\/\/www.facebook.com\/dicodusport\",\"https:\/\/x.com\/dicodusport\",\"https:\/\/www.instagram.com\/dicodusport\/\",\"https:\/\/www.youtube.com\/channel\/UC7V2KZ5sd3htJivAbA4ZG3w\"],\"description\":\"Dicodusport est l'encyclop\u00e9die de l'actualit\u00e9 sportive.\",\"email\":\"bonjour@dicodusport.fr\",\"legalName\":\"DICODUSPORT\",\"foundingDate\":\"2018-01-14\",\"vatID\":\"FR71834470973\",\"taxID\":\"83447097300043\",\"numberOfEmployees\":{\"@type\":\"QuantitativeValue\",\"minValue\":\"1\",\"maxValue\":\"10\"}},{\"@type\":\"Person\",\"@id\":\"https:\/\/dicodusport.fr\/blog\/#\/schema\/person\/55dcb50ad410894e431ed812bbb70191\",\"name\":\"Nicolas Jacquemard\",\"image\":{\"@type\":\"ImageObject\",\"inLanguage\":\"fr-FR\",\"@id\":\"https:\/\/dicodusport.fr\/blog\/#\/schema\/person\/image\/\",\"url\":\"https:\/\/dicodusport.fr\/blog\/wp-content\/uploads\/2021\/05\/Nicolas-Jacquemard-150x150.jpeg\",\"contentUrl\":\"https:\/\/dicodusport.fr\/blog\/wp-content\/uploads\/2021\/05\/Nicolas-Jacquemard-150x150.jpeg\",\"caption\":\"Nicolas Jacquemard\"},\"description\":\"Passionn\u00e9 de sport et entrepreneur depuis mes 18 ans, la cr\u00e9ation de Dicodusport m'a sembl\u00e9 \u00e9vidente pour participer \u00e0 la m\u00e9diatisation d'un plus grand nombre de sports. Le chemin est long mais avec une \u00e9quipe des plus motiv\u00e9es et les Jeux Olympiques de Paris 2024 en point de mire, nous y arriverons ! Journaliste dans le monde du sport depuis plus de 5 ans, je traite aussi bien de football, de rugby, de biathlon que de cyclisme.\",\"sameAs\":[\"https:\/\/www.facebook.com\/dicodusport\",\"https:\/\/x.com\/https:\/\/twitter.com\/Nico_Jacquemard\"],\"url\":\"https:\/\/dicodusport.fr\/blog\/author\/dicodusport\/\"}]}<\/script>\n<!-- \/ Yoast SEO Premium plugin. -->","yoast_head_json":{"title":"Mercato OL : Bradley Barcola veut quitter Lyon","description":"LIGUE 1 2023-2024 - Selon RMC Sport, Bradley Barcola a exprim\u00e9 son envie de quitter l'Olympique Lyonnais d\u00e8s cet \u00e9t\u00e9.\u00a0","robots":{"index":"index","follow":"follow","max-snippet":"max-snippet:-1","max-image-preview":"max-image-preview:large","max-video-preview":"max-video-preview:-1"},"canonical":"https:\/\/dicodusport.fr\/blog\/mercato-ol-bradley-barcola-veut-quitter-lyon\/","og_locale":"fr_FR","og_type":"article","og_title":"Mercato OL : Bradley Barcola veut quitter Lyon","og_description":"LIGUE 1 2023-2024 - Selon RMC Sport, Bradley Barcola a exprim\u00e9 son envie de quitter l'Olympique Lyonnais d\u00e8s cet \u00e9t\u00e9.\u00a0","og_url":"https:\/\/dicodusport.fr\/blog\/mercato-ol-bradley-barcola-veut-quitter-lyon\/","og_site_name":"Dicodusport","article_publisher":"https:\/\/www.facebook.com\/dicodusport","article_author":"https:\/\/www.facebook.com\/dicodusport","article_published_time":"2023-08-25T13:27:03+00:00","article_modified_time":"2023-08-25T14:02:47+00:00","og_image":[{"width":800,"height":445,"url":"https:\/\/dicodusport.fr\/blog\/wp-content\/uploads\/2023\/07\/Mercato-PSG-Paris-fonce-sur-Bradley-Barcola.png","type":"image\/png"}],"author":"Nicolas Jacquemard","twitter_card":"summary_large_image","twitter_title":"Mercato OL : Bradley Barcola veut quitter Lyon","twitter_creator":"@https:\/\/twitter.com\/Nico_Jacquemard","twitter_site":"@dicodusport","schema":{"@context":"https:\/\/schema.org","@graph":[{"@type":"NewsArticle","@id":"https:\/\/dicodusport.fr\/blog\/mercato-ol-bradley-barcola-veut-quitter-lyon\/#article","isPartOf":{"@id":"https:\/\/dicodusport.fr\/blog\/mercato-ol-bradley-barcola-veut-quitter-lyon\/"},"author":{"name":"Nicolas Jacquemard","@id":"https:\/\/dicodusport.fr\/blog\/#\/schema\/person\/55dcb50ad410894e431ed812bbb70191"},"headline":"Mercato OL : Bradley Barcola veut quitter Lyon","datePublished":"2023-08-25T13:27:03+00:00","dateModified":"2023-08-25T14:02:47+00:00","mainEntityOfPage":{"@id":"https:\/\/dicodusport.fr\/blog\/mercato-ol-bradley-barcola-veut-quitter-lyon\/"},"wordCount":303,"commentCount":0,"publisher":{"@id":"https:\/\/dicodusport.fr\/blog\/#organization"},"image":{"@id":"https:\/\/dicodusport.fr\/blog\/mercato-ol-bradley-barcola-veut-quitter-lyon\/#primaryimage"},"thumbnailUrl":"https:\/\/dicodusport.fr\/blog\/wp-content\/uploads\/2023\/07\/Mercato-PSG-Paris-fonce-sur-Bradley-Barcola.png","keywords":["Barcola","Bradley Barcola","br\u00e8ve","Football","OL","PSG"],"articleSection":["Football","Ligue 1"],"inLanguage":"fr-FR","potentialAction":[{"@type":"CommentAction","name":"Comment","target":["https:\/\/dicodusport.fr\/blog\/mercato-ol-bradley-barcola-veut-quitter-lyon\/#respond"]}],"copyrightYear":"2023","copyrightHolder":{"@id":"https:\/\/dicodusport.fr\/blog\/#organization"}},{"@type":"WebPage","@id":"https:\/\/dicodusport.fr\/blog\/mercato-ol-bradley-barcola-veut-quitter-lyon\/","url":"https:\/\/dicodusport.fr\/blog\/mercato-ol-bradley-barcola-veut-quitter-lyon\/","name":"Mercato OL : Bradley Barcola veut quitter Lyon","isPartOf":{"@id":"https:\/\/dicodusport.fr\/blog\/#website"},"primaryImageOfPage":{"@id":"https:\/\/dicodusport.fr\/blog\/mercato-ol-bradley-barcola-veut-quitter-lyon\/#primaryimage"},"image":{"@id":"https:\/\/dicodusport.fr\/blog\/mercato-ol-bradley-barcola-veut-quitter-lyon\/#primaryimage"},"thumbnailUrl":"https:\/\/dicodusport.fr\/blog\/wp-content\/uploads\/2023\/07\/Mercato-PSG-Paris-fonce-sur-Bradley-Barcola.png","datePublished":"2023-08-25T13:27:03+00:00","dateModified":"2023-08-25T14:02:47+00:00","description":"LIGUE 1 2023-2024 - Selon RMC Sport, Bradley Barcola a exprim\u00e9 son envie de quitter l'Olympique Lyonnais d\u00e8s cet \u00e9t\u00e9.\u00a0","breadcrumb":{"@id":"https:\/\/dicodusport.fr\/blog\/mercato-ol-bradley-barcola-veut-quitter-lyon\/#breadcrumb"},"inLanguage":"fr-FR","potentialAction":[{"@type":"ReadAction","target":["https:\/\/dicodusport.fr\/blog\/mercato-ol-bradley-barcola-veut-quitter-lyon\/"]}]},{"@type":"ImageObject","inLanguage":"fr-FR","@id":"https:\/\/dicodusport.fr\/blog\/mercato-ol-bradley-barcola-veut-quitter-lyon\/#primaryimage","url":"https:\/\/dicodusport.fr\/blog\/wp-content\/uploads\/2023\/07\/Mercato-PSG-Paris-fonce-sur-Bradley-Barcola.png","contentUrl":"https:\/\/dicodusport.fr\/blog\/wp-content\/uploads\/2023\/07\/Mercato-PSG-Paris-fonce-sur-Bradley-Barcola.png","width":800,"height":445},{"@type":"BreadcrumbList","@id":"https:\/\/dicodusport.fr\/blog\/mercato-ol-bradley-barcola-veut-quitter-lyon\/#breadcrumb","itemListElement":[{"@type":"ListItem","position":1,"name":"Accueil","item":"https:\/\/dicodusport.fr\/blog\/"},{"@type":"ListItem","position":2,"name":"Mercato OL : Bradley Barcola veut quitter Lyon"}]},{"@type":"WebSite","@id":"https:\/\/dicodusport.fr\/blog\/#website","url":"https:\/\/dicodusport.fr\/blog\/","name":"Dicodusport","description":"L&#039;encyclop\u00e9die de l&#039;actualit\u00e9 sportive","publisher":{"@id":"https:\/\/dicodusport.fr\/blog\/#organization"},"potentialAction":[{"@type":"SearchAction","target":{"@type":"EntryPoint","urlTemplate":"https:\/\/dicodusport.fr\/blog\/?s={search_term_string}"},"query-input":{"@type":"PropertyValueSpecification","valueRequired":true,"valueName":"search_term_string"}}],"inLanguage":"fr-FR"},{"@type":"NewsMediaOrganization","@id":"https:\/\/dicodusport.fr\/blog\/#organization","name":"Dicodusport","url":"https:\/\/dicodusport.fr\/blog\/","logo":{"@type":"ImageObject","inLanguage":"fr-FR","@id":"https:\/\/dicodusport.fr\/blog\/#\/schema\/logo\/image\/","url":"https:\/\/dicodusport.fr\/blog\/wp-content\/uploads\/2020\/06\/cropped-LOGO-DICODUSPORT-2020-SANS-FOND-SANS-TEXTE.png","contentUrl":"https:\/\/dicodusport.fr\/blog\/wp-content\/uploads\/2020\/06\/cropped-LOGO-DICODUSPORT-2020-SANS-FOND-SANS-TEXTE.png","width":512,"height":512,"caption":"Dicodusport"},"image":{"@id":"https:\/\/dicodusport.fr\/blog\/#\/schema\/logo\/image\/"},"sameAs":["https:\/\/www.facebook.com\/dicodusport","https:\/\/x.com\/dicodusport","https:\/\/www.instagram.com\/dicodusport\/","https:\/\/www.youtube.com\/channel\/UC7V2KZ5sd3htJivAbA4ZG3w"],"description":"Dicodusport est l'encyclop\u00e9die de l'actualit\u00e9 sportive.","email":"bonjour@dicodusport.fr","legalName":"DICODUSPORT","foundingDate":"2018-01-14","vatID":"FR71834470973","taxID":"83447097300043","numberOfEmployees":{"@type":"QuantitativeValue","minValue":"1","maxValue":"10"}},{"@type":"Person","@id":"https:\/\/dicodusport.fr\/blog\/#\/schema\/person\/55dcb50ad410894e431ed812bbb70191","name":"Nicolas Jacquemard","image":{"@type":"ImageObject","inLanguage":"fr-FR","@id":"https:\/\/dicodusport.fr\/blog\/#\/schema\/person\/image\/","url":"https:\/\/dicodusport.fr\/blog\/wp-content\/uploads\/2021\/05\/Nicolas-Jacquemard-150x150.jpeg","contentUrl":"https:\/\/dicodusport.fr\/blog\/wp-content\/uploads\/2021\/05\/Nicolas-Jacquemard-150x150.jpeg","caption":"Nicolas Jacquemard"},"description":"Passionn\u00e9 de sport et entrepreneur depuis mes 18 ans, la cr\u00e9ation de Dicodusport m'a sembl\u00e9 \u00e9vidente pour participer \u00e0 la m\u00e9diatisation d'un plus grand nombre de sports. Le chemin est long mais avec une \u00e9quipe des plus motiv\u00e9es et les Jeux Olympiques de Paris 2024 en point de mire, nous y arriverons ! Journaliste dans le monde du sport depuis plus de 5 ans, je traite aussi bien de football, de rugby, de biathlon que de cyclisme.","sameAs":["https:\/\/www.facebook.com\/dicodusport","https:\/\/x.com\/https:\/\/twitter.com\/Nico_Jacquemard"],"url":"https:\/\/dicodusport.fr\/blog\/author\/dicodusport\/"}]}},"_links":{"self":[{"href":"https:\/\/dicodusport.fr\/blog\/wp-json\/wp\/v2\/posts\/411995","targetHints":{"allow":["GET"]}}],"collection":[{"href":"https:\/\/dicodusport.fr\/blog\/wp-json\/wp\/v2\/posts"}],"about":[{"href":"https:\/\/dicodusport.fr\/blog\/wp-json\/wp\/v2\/types\/post"}],"author":[{"embeddable":true,"href":"https:\/\/dicodusport.fr\/blog\/wp-json\/wp\/v2\/users\/1"}],"replies":[{"embeddable":true,"href":"https:\/\/dicodusport.fr\/blog\/wp-json\/wp\/v2\/comments?post=411995"}],"version-history":[{"count":0,"href":"https:\/\/dicodusport.fr\/blog\/wp-json\/wp\/v2\/posts\/411995\/revisions"}],"wp:featuredmedia":[{"embeddable":true,"href":"https:\/\/dicodusport.fr\/blog\/wp-json\/wp\/v2\/media\/396318"}],"wp:attachment":[{"href":"https:\/\/dicodusport.fr\/blog\/wp-json\/wp\/v2\/media?parent=411995"}],"wp:term":[{"taxonomy":"category","embeddable":true,"href":"https:\/\/dicodusport.fr\/blog\/wp-json\/wp\/v2\/categories?post=411995"},{"taxonomy":"post_tag","embeddable":true,"href":"https:\/\/dicodusport.fr\/blog\/wp-json\/wp\/v2\/tags?post=411995"}],"curies":[{"name":"wp","href":"https:\/\/api.w.org\/{rel}","templated":true}]}}