{"id":412012,"date":"2023-08-25T17:43:51","date_gmt":"2023-08-25T15:43:51","guid":{"rendered":"https:\/\/dicodusport.fr\/blog\/?p=412012&#038;preview=true&#038;preview_id=412012"},"modified":"2023-08-25T21:11:59","modified_gmt":"2023-08-25T19:11:59","slug":"france-canada-les-notes-des-bleus","status":"publish","type":"post","link":"https:\/\/dicodusport.fr\/blog\/france-canada-les-notes-des-bleus\/","title":{"rendered":"France &#8211; Canada : Les notes des Bleus"},"content":{"rendered":"<p style=\"text-align: justify;\" align=\"justify\"><em><strong><a href=\"https:\/\/dicodusport.fr\/blog\/calendrier-et-resultats-coupe-du-monde-masculine-de-basket-2023\/\">COUPE DU MONDE DE BASKET 2023<\/a> &#8211; D\u00e9couvrez les notes de l&rsquo;\u00e9quipe de France suite \u00e0 la premi\u00e8re rencontre de poules o\u00f9 <a href=\"https:\/\/dicodusport.fr\/blog\/coupe-du-monde-de-basket-2023-la-france-prend-leau-en-ouverture-contre-le-canada\/\">les Bleus se sont fait d\u00e9truire par le Canada (95-65)<\/a> \u00e0 Jakarta.<\/strong><\/em><\/p>\n<h2 style=\"text-align: justify;\" align=\"justify\">France &#8211; Canada : Les notes des Bleus<\/h2>\n<h3 style=\"text-align: justify;\">Nando De Colo &#8211; 4<\/h3>\n<p style=\"text-align: justify;\">Les quatre premiers points du match sont \u00e0 son actif. G\u00ean\u00e9 par la d\u00e9fense agressive des avions canadiens, il va ensuite \u00eatre plus discret. Malgr\u00e9 un gros shoot en milieu de deuxi\u00e8me quart, il ne va jamais avoir son impact habituel. Preuve de ses difficult\u00e9s \u00e0 mettre sa patte sur la rencontre, un terrible <strong>-14 de diff\u00e9rentiel en quinze minutes de jeu<\/strong> dans le premier acte. Sur le banc, au retour des vestiaires, il va voir les siens prendre un \u00e9clat. Comme bien souvent, il va tenter de r\u00e9veiller ses co\u00e9quipiers avec un ou deux gros shoots, mais sans r\u00e9ussite.<\/p>\n<h3 style=\"text-align: justify;\">Evan Fournier &#8211; 7<\/h3>\n<p style=\"text-align: justify;\">Du grand Evan en premi\u00e8re p\u00e9riode\u202f! En phase avec son shoot, le joueur des Knicks va tenir le scoring des Bleus en claquant tout d&rsquo;abord trois shoots ext\u00e9rieurs, avant d&rsquo;aller gratter des points dans la raquette ou sur la ligne. \u00c0 la pause, il a, \u00e0 lui seul, inscrit 19 des 40 points fran\u00e7ais ! Cependant, il va ensuite \u00eatre verrouill\u00e9 par la d\u00e9fense canadienne, et aucun de ses partenaires ne prendra le relais. Malgr\u00e9 tout, il ne va pas rel\u00e2cher son activit\u00e9 en grattant des ballons et en restant agressif. Il est le seul \u00e0 avoir surnag\u00e9 dans le carnage, et ce, malgr\u00e9 seulement deux petites unit\u00e9s en deuxi\u00e8me mi-temps.<\/p>\n<h3 style=\"text-align: justify;\">Nicolas Batum &#8211; 3<\/h3>\n<p style=\"text-align: justify;\">Durant la premi\u00e8re mi-temps, on aura vu le Nicolas Batum que l&rsquo;on conna\u00eet. Celui qui r\u00e9alise le liant de l&rsquo;\u00e9quipe des deux c\u00f4t\u00e9s du parquet, et se signale par des actions d\u00e9fensives de classe, ce qui se traduit notamment par trois contres. En revanche, il a \u00e9t\u00e9 \u00e0 l&rsquo;image de son \u00e9quipe en deuxi\u00e8me p\u00e9riode, invisible. En 24 minutes, il a seulement tent\u00e9 trois tirs, et n&rsquo;a pas essay\u00e9 une seule fois d&rsquo;attaquer son vis-\u00e0-vis RJ Barrett, qui est pourtant tout sauf un d\u00e9fenseur reconnu. Il n&rsquo;est pas celui qui est le plus \u00e0 bl\u00e2mer, mais on peut clairement lui reprocher de ne pas avoir tent\u00e9 de secouer le cocotier.<\/p>\n<div class=\"vlp-link-container vlp-layout-article\"><a href=\"https:\/\/dicodusport.fr\/blog\/coupe-du-monde-de-basket-2023-la-france-prend-leau-en-ouverture-contre-le-canada\/\" class=\"vlp-link\" title=\"Coupe du monde de basket 2023 : La France prend l&#039;eau en ouverture contre le Canada\"><\/a><div class=\"vlp-layout-zone-side\"><div class=\"vlp-block-4 vlp-link-image\"><img loading=\"lazy\" decoding=\"async\" style=\"max-width: 800px;\" width=\"800\" height=\"445\" src=\"https:\/\/dicodusport.fr\/blog\/wp-content\/uploads\/2023\/08\/coupe-du-monde-de-basket-2023-la-france-prend-leau-en-ouverture-contre-le-canada.png\" class=\"attachment-800x445 size-800x445\" alt=\"\" srcset=\"https:\/\/dicodusport.fr\/blog\/wp-content\/uploads\/2023\/08\/coupe-du-monde-de-basket-2023-la-france-prend-leau-en-ouverture-contre-le-canada.png 800w, https:\/\/dicodusport.fr\/blog\/wp-content\/uploads\/2023\/08\/coupe-du-monde-de-basket-2023-la-france-prend-leau-en-ouverture-contre-le-canada-300x167.png 300w, https:\/\/dicodusport.fr\/blog\/wp-content\/uploads\/2023\/08\/coupe-du-monde-de-basket-2023-la-france-prend-leau-en-ouverture-contre-le-canada-768x427.png 768w\" sizes=\"auto, (max-width: 800px) 100vw, 800px\" \/><\/div><\/div><div class=\"vlp-layout-zone-main\"><div class=\"vlp-block-0 vlp-link-title\">Coupe du monde de basket 2023 : La France prend l'eau en ouverture contre le Canada<\/div><div class=\"vlp-block-1 vlp-link-summary\">COUPE DU MONDE DE BASKET 2023 &#8211; L&rsquo;\u00c9quipe de France entame son Mondial de la pire des mani\u00e8res. Les hommes de Vincent Collet ont r\u00e9alis\u00e9 une honorable premi\u00e8re p\u00e9riode contre le Canada avant de compl\u00e8tement sombrer dans la seconde, d\u00e9bord\u00e9s par l&rsquo;agressivit\u00e9 adverse (score final 95-65). Une d\u00e9culott\u00e9e qui met les Bleus dans une situation inconfortable sur le plan comptable. Ce n&rsquo;est pas de cette mani\u00e8re que l&rsquo;\u00c9quipe de France, qui figure parmi les favoris au titre, esp\u00e9rait d\u00e9buter son Mondial. M\u00eame si affronter le Canada en match d&rsquo;ouverture \u00e9tait tout sauf une bonne nouvelle. L&rsquo;effectif canadien, rempli de joueurs [&hellip;]<\/div><div class=\"vlp-block-2 vlp-link-button\">Lire l'article<\/div><div class=\"vlp-block-3 vlp-link-url\">dicodusport.fr<\/div><\/div><\/div>\n<h3 style=\"text-align: justify;\">Guerschon Yabusele &#8211; 1<\/h3>\n<p style=\"text-align: justify;\">Soir\u00e9e compliqu\u00e9e pour Guerschon. Attendu comme l&rsquo;un des fers de lance des Bleus, le joueur du Real a subi en \u00e9tant transparent des deux c\u00f4t\u00e9s du parquet. Jamais en rythme en attaque, perdu d\u00e9fensivement, il n&rsquo;a \u00e9t\u00e9 que l&rsquo;ombre de lui-m\u00eame. Il s&rsquo;agit au passage sans aucun doute de sa pire performance en carri\u00e8re sous le maillot tricolore.<\/p>\n<h3 style=\"text-align: justify;\">Rudy Gobert &#8211; 2<\/h3>\n<p style=\"text-align: justify;\">Avec sa taille, Rudy Gobert a fait souffrir les int\u00e9rieurs canadiens en provoquant de nombreuses fautes, avant de profiter ensuite des br\u00e8ches cr\u00e9\u00e9es face \u00e0 un adversaire manquant de taille. Mais durant une poign\u00e9e de minutes seulement. S&rsquo;il a effectu\u00e9 sa moisson traditionnelle au rebond, il a en revanche \u00e9t\u00e9 catastrophique offensivement en terminant \u00e0 moins de 50% au shoot, tout en accumulant les ballons perdus (4 en premi\u00e8re p\u00e9riode\u202f!). En deuxi\u00e8me p\u00e9riode, Vincent Collet va tout simplement le laisser de c\u00f4t\u00e9 durant la majeure partie du temps. Il faut bien \u00e7a pour que sa note ne chute pas \u00e0 1.<\/p>\n<h3 style=\"text-align: justify;\">\u00c9lie Okobo &#8211; 1<\/h3>\n<p style=\"text-align: justify;\">Deux fautes rapides ont drastiquement limit\u00e9 son temps de jeu en premi\u00e8re p\u00e9riode. Dans le cinq au retour des vestiaires, il va \u00eatre apathique comme son \u00e9quipe. L&rsquo;attaquant provocateur que l&rsquo;on conna\u00eet ne sortira jamais de sa bo\u00eete. Avec un terrible 0\/5 au tir, une \u00e9valuation globale n\u00e9gative (-2) et une d\u00e9fense digne des meilleurs gruy\u00e8res, l&rsquo;arri\u00e8re de la Roca Team est pass\u00e9 totalement au travers.<\/p>\n<div class=\"vlp-link-container vlp-layout-article\"><a href=\"https:\/\/dicodusport.fr\/blog\/coupe-du-monde-masculine-de-basket-2023-le-calendrier-des-bleus\/\" class=\"vlp-link\" title=\"Coupe du monde de basket : Le calendrier de l&#039;\u00e9quipe de France\"><\/a><div class=\"vlp-layout-zone-side\"><div class=\"vlp-block-4 vlp-link-image\"><img loading=\"lazy\" decoding=\"async\" style=\"max-width: 800px;\" width=\"800\" height=\"445\" src=\"https:\/\/dicodusport.fr\/blog\/wp-content\/uploads\/2023\/08\/Coupe-du-monde-masculine-de-basket-2023-Le-calendrier-des-Bleus.png\" class=\"attachment-800x445 size-800x445\" alt=\"\" srcset=\"https:\/\/dicodusport.fr\/blog\/wp-content\/uploads\/2023\/08\/Coupe-du-monde-masculine-de-basket-2023-Le-calendrier-des-Bleus.png 800w, https:\/\/dicodusport.fr\/blog\/wp-content\/uploads\/2023\/08\/Coupe-du-monde-masculine-de-basket-2023-Le-calendrier-des-Bleus-300x167.png 300w, https:\/\/dicodusport.fr\/blog\/wp-content\/uploads\/2023\/08\/Coupe-du-monde-masculine-de-basket-2023-Le-calendrier-des-Bleus-768x427.png 768w\" sizes=\"auto, (max-width: 800px) 100vw, 800px\" \/><\/div><\/div><div class=\"vlp-layout-zone-main\"><div class=\"vlp-block-0 vlp-link-title\">Coupe du monde de basket : Le calendrier de l'\u00e9quipe de France<\/div><div class=\"vlp-block-1 vlp-link-summary\">COUPE DU MONDE MASCULINE DE BASKET 2023 \u2013 Voici le calendrier de l'\u00e9quipe de France masculine de basket lors du Mondial 2023.<\/div><div class=\"vlp-block-2 vlp-link-button\">Lire l'article<\/div><div class=\"vlp-block-3 vlp-link-url\">dicodusport.fr<\/div><\/div><\/div>\n<h3 style=\"text-align: justify;\">Mathias Lessort &#8211; 6<\/h3>\n<p style=\"text-align: justify;\">Il n&rsquo;avait pas jou\u00e9 de la pr\u00e9paration, et l&rsquo;animal avait envie d&rsquo;en d\u00e9coudre. D\u00e8s son entr\u00e9e sur le parquet au poste 4, Lessort a inject\u00e9 un \u00e9norme shot d&rsquo;\u00e9nergie aux Tricolores. En d\u00e9fense, mais surtout en attaque \u00e0 l&rsquo;image d&rsquo;une sublime action \u00e0 trois points. Au relais d&rsquo;un Yabusele en d\u00e9licatesse, il s&rsquo;est impos\u00e9 comme l&rsquo;atout offensif num\u00e9ro deux en premi\u00e8re p\u00e9riode avec huit unit\u00e9s \u00e0 son compteur. La d\u00e9faillance totale du collectif l&rsquo;a ensuite fait naturellement disparaitre, m\u00eame s&rsquo;il s&rsquo;est tout de m\u00eame signal\u00e9 en claquant quatre points suppl\u00e9mentaires. Un v\u00e9ritable luxe dans une deuxi\u00e8me mi-temps o\u00f9 les Tricolores sont ressortis avec les fesses rouge \u00e9carlate.<\/p>\n<h3 style=\"text-align: justify;\">Isa\u00efa Cordinier &#8211; 4<\/h3>\n<p style=\"text-align: justify;\">Envoy\u00e9 au feu pour se taper des corv\u00e9es d\u00e9fensives face aux meilleurs ext\u00e9rieurs adverses, le joueur de Bologne a \u00e9t\u00e9 en souffrance. Il passera \u00e0 deux doigts d&rsquo;\u00e9vacuer sa frustration, mais rate un dunk qui aurait \u00e9t\u00e9 fracassant. Malgr\u00e9 tout, il s&rsquo;est battu lors de ses minutes pass\u00e9es sur le parquet, ce qui ne fut pas toujours le cas de ses co\u00e9quipiers.<\/p>\n<h3 style=\"text-align: justify;\">Moustapha Fall &#8211; 2<\/h3>\n<p style=\"text-align: justify;\">Deux fautes en deux minutes, et puis plus rien.<\/p>\n<h3 style=\"text-align: justify;\">Terry Tarpey &#8211; 4<\/h3>\n<p style=\"text-align: justify;\">Entr\u00e9 en jeu \u00e0 -18, le futur joueur de Monaco n&rsquo;a pas pu faire grand-chose malgr\u00e9 toute sa bonne volont\u00e9 et son \u00e9nergie habituelle. Face \u00e0 des ailiers surdimensionn\u00e9s physiquement et en totale confiance, il aura seulement accumul\u00e9 les fautes (3) en six minutes de jeu.<\/p>\n<h3 style=\"text-align: justify;\">Sylvain Francisco et Yakuba Ouattara &#8211; Non not\u00e9s<\/h3>\n<p style=\"text-align: justify;\">Entr\u00e9s en jeu dans le garbage time alors que leur \u00e9quipe prenait d\u00e9j\u00e0 30 points dans la carafe, les deux hommes auraient sans doute pr\u00e9f\u00e9r\u00e9 conna\u00eetre leurs premi\u00e8res minutes sous le maillot tricolore en comp\u00e9tition officielle dans un autre contexte.<\/p>\n<ul>\n<li><strong><a href=\"https:\/\/dicodusport.fr\/blog\/calendrier-et-resultats-coupe-du-monde-masculine-de-basket-2023\/\">Calendrier et r\u00e9sultats de la Coupe du monde de Basket 2023<\/a><\/strong><\/li>\n<\/ul>\n","protected":false},"excerpt":{"rendered":"<p>COUPE DU MONDE DE BASKET 2023 &#8211; D\u00e9couvrez les notes de l&rsquo;\u00e9quipe de France suite \u00e0 la premi\u00e8re rencontre de poules o\u00f9 les Bleus se sont fait d\u00e9truire par le Canada (95-65) \u00e0 Jakarta.<\/p>\n","protected":false},"author":55,"featured_media":412105,"comment_status":"open","ping_status":"closed","sticky":false,"template":"","format":"standard","meta":{"_acf_changed":false,"_daextam_enable_autolinks":"","footnotes":""},"categories":[46999],"tags":[16878,6546],"class_list":["post-412012","post","type-post","status-publish","format-standard","has-post-thumbnail","hentry","category-coupe-du-monde-de-basket","tag-breve","tag-evan-fournier"],"acf":[],"yoast_head":"<!-- This site is optimized with the Yoast SEO Premium plugin v26.7 (Yoast SEO v26.7) - https:\/\/yoast.com\/wordpress\/plugins\/seo\/ -->\n<title>France - Canada : Les notes des Bleus<\/title>\n<meta name=\"description\" content=\"COUPE DU MONDE DE BASKET 2023 - Les notes des Bleus suite au naufrage collectif v\u00e9cu face au Canada ce vendredi apr\u00e8s-midi.\" \/>\n<meta name=\"robots\" content=\"index, follow, max-snippet:-1, max-image-preview:large, max-video-preview:-1\" \/>\n<link rel=\"canonical\" href=\"https:\/\/dicodusport.fr\/blog\/france-canada-les-notes-des-bleus\/\" \/>\n<meta property=\"og:locale\" content=\"fr_FR\" \/>\n<meta property=\"og:type\" content=\"article\" \/>\n<meta property=\"og:title\" content=\"France - Canada : Les notes des Bleus\" \/>\n<meta property=\"og:description\" content=\"COUPE DU MONDE DE BASKET 2023 - Les notes des Bleus suite au naufrage collectif v\u00e9cu face au Canada ce vendredi apr\u00e8s-midi.\" \/>\n<meta property=\"og:url\" content=\"https:\/\/dicodusport.fr\/blog\/france-canada-les-notes-des-bleus\/\" \/>\n<meta property=\"og:site_name\" content=\"Dicodusport\" \/>\n<meta property=\"article:publisher\" content=\"https:\/\/www.facebook.com\/dicodusport\" \/>\n<meta property=\"article:published_time\" content=\"2023-08-25T15:43:51+00:00\" \/>\n<meta property=\"article:modified_time\" content=\"2023-08-25T19:11:59+00:00\" \/>\n<meta property=\"og:image\" content=\"https:\/\/dicodusport.fr\/blog\/wp-content\/uploads\/2023\/08\/France-Canada-Les-notes-des-Bleus.png\" \/>\n\t<meta property=\"og:image:width\" content=\"800\" \/>\n\t<meta property=\"og:image:height\" content=\"445\" \/>\n\t<meta property=\"og:image:type\" content=\"image\/png\" \/>\n<meta name=\"author\" content=\"Maxime Cazenave\" \/>\n<meta name=\"twitter:card\" content=\"summary_large_image\" \/>\n<meta name=\"twitter:title\" content=\"France - Canada : Les notes des Bleus\" \/>\n<meta name=\"twitter:creator\" content=\"@https:\/\/twitter.com\/Maxime_Caze\" \/>\n<meta name=\"twitter:site\" content=\"@dicodusport\" \/>\n<script type=\"application\/ld+json\" class=\"yoast-schema-graph\">{\"@context\":\"https:\/\/schema.org\",\"@graph\":[{\"@type\":\"NewsArticle\",\"@id\":\"https:\/\/dicodusport.fr\/blog\/france-canada-les-notes-des-bleus\/#article\",\"isPartOf\":{\"@id\":\"https:\/\/dicodusport.fr\/blog\/france-canada-les-notes-des-bleus\/\"},\"author\":{\"name\":\"Maxime Cazenave\",\"@id\":\"https:\/\/dicodusport.fr\/blog\/#\/schema\/person\/37def232098a7a5cbab3974a3690abb0\"},\"headline\":\"France &#8211; Canada : Les notes des Bleus\",\"datePublished\":\"2023-08-25T15:43:51+00:00\",\"dateModified\":\"2023-08-25T19:11:59+00:00\",\"mainEntityOfPage\":{\"@id\":\"https:\/\/dicodusport.fr\/blog\/france-canada-les-notes-des-bleus\/\"},\"wordCount\":1223,\"commentCount\":0,\"publisher\":{\"@id\":\"https:\/\/dicodusport.fr\/blog\/#organization\"},\"image\":{\"@id\":\"https:\/\/dicodusport.fr\/blog\/france-canada-les-notes-des-bleus\/#primaryimage\"},\"thumbnailUrl\":\"https:\/\/dicodusport.fr\/blog\/wp-content\/uploads\/2023\/08\/France-Canada-Les-notes-des-Bleus.png\",\"keywords\":[\"br\u00e8ve\",\"Evan Fournier\"],\"articleSection\":[\"Coupe du monde de basket\"],\"inLanguage\":\"fr-FR\",\"potentialAction\":[{\"@type\":\"CommentAction\",\"name\":\"Comment\",\"target\":[\"https:\/\/dicodusport.fr\/blog\/france-canada-les-notes-des-bleus\/#respond\"]}],\"copyrightYear\":\"2023\",\"copyrightHolder\":{\"@id\":\"https:\/\/dicodusport.fr\/blog\/#organization\"}},{\"@type\":\"WebPage\",\"@id\":\"https:\/\/dicodusport.fr\/blog\/france-canada-les-notes-des-bleus\/\",\"url\":\"https:\/\/dicodusport.fr\/blog\/france-canada-les-notes-des-bleus\/\",\"name\":\"France - Canada : Les notes des Bleus\",\"isPartOf\":{\"@id\":\"https:\/\/dicodusport.fr\/blog\/#website\"},\"primaryImageOfPage\":{\"@id\":\"https:\/\/dicodusport.fr\/blog\/france-canada-les-notes-des-bleus\/#primaryimage\"},\"image\":{\"@id\":\"https:\/\/dicodusport.fr\/blog\/france-canada-les-notes-des-bleus\/#primaryimage\"},\"thumbnailUrl\":\"https:\/\/dicodusport.fr\/blog\/wp-content\/uploads\/2023\/08\/France-Canada-Les-notes-des-Bleus.png\",\"datePublished\":\"2023-08-25T15:43:51+00:00\",\"dateModified\":\"2023-08-25T19:11:59+00:00\",\"description\":\"COUPE DU MONDE DE BASKET 2023 - Les notes des Bleus suite au naufrage collectif v\u00e9cu face au Canada ce vendredi apr\u00e8s-midi.\",\"breadcrumb\":{\"@id\":\"https:\/\/dicodusport.fr\/blog\/france-canada-les-notes-des-bleus\/#breadcrumb\"},\"inLanguage\":\"fr-FR\",\"potentialAction\":[{\"@type\":\"ReadAction\",\"target\":[\"https:\/\/dicodusport.fr\/blog\/france-canada-les-notes-des-bleus\/\"]}]},{\"@type\":\"ImageObject\",\"inLanguage\":\"fr-FR\",\"@id\":\"https:\/\/dicodusport.fr\/blog\/france-canada-les-notes-des-bleus\/#primaryimage\",\"url\":\"https:\/\/dicodusport.fr\/blog\/wp-content\/uploads\/2023\/08\/France-Canada-Les-notes-des-Bleus.png\",\"contentUrl\":\"https:\/\/dicodusport.fr\/blog\/wp-content\/uploads\/2023\/08\/France-Canada-Les-notes-des-Bleus.png\",\"width\":800,\"height\":445,\"caption\":\"France-Canada : Les notes des Bleus\"},{\"@type\":\"BreadcrumbList\",\"@id\":\"https:\/\/dicodusport.fr\/blog\/france-canada-les-notes-des-bleus\/#breadcrumb\",\"itemListElement\":[{\"@type\":\"ListItem\",\"position\":1,\"name\":\"Accueil\",\"item\":\"https:\/\/dicodusport.fr\/blog\/\"},{\"@type\":\"ListItem\",\"position\":2,\"name\":\"France &#8211; Canada : Les notes des Bleus\"}]},{\"@type\":\"WebSite\",\"@id\":\"https:\/\/dicodusport.fr\/blog\/#website\",\"url\":\"https:\/\/dicodusport.fr\/blog\/\",\"name\":\"Dicodusport\",\"description\":\"L&#039;encyclop\u00e9die de l&#039;actualit\u00e9 sportive\",\"publisher\":{\"@id\":\"https:\/\/dicodusport.fr\/blog\/#organization\"},\"potentialAction\":[{\"@type\":\"SearchAction\",\"target\":{\"@type\":\"EntryPoint\",\"urlTemplate\":\"https:\/\/dicodusport.fr\/blog\/?s={search_term_string}\"},\"query-input\":{\"@type\":\"PropertyValueSpecification\",\"valueRequired\":true,\"valueName\":\"search_term_string\"}}],\"inLanguage\":\"fr-FR\"},{\"@type\":\"NewsMediaOrganization\",\"@id\":\"https:\/\/dicodusport.fr\/blog\/#organization\",\"name\":\"Dicodusport\",\"url\":\"https:\/\/dicodusport.fr\/blog\/\",\"logo\":{\"@type\":\"ImageObject\",\"inLanguage\":\"fr-FR\",\"@id\":\"https:\/\/dicodusport.fr\/blog\/#\/schema\/logo\/image\/\",\"url\":\"https:\/\/dicodusport.fr\/blog\/wp-content\/uploads\/2020\/06\/cropped-LOGO-DICODUSPORT-2020-SANS-FOND-SANS-TEXTE.png\",\"contentUrl\":\"https:\/\/dicodusport.fr\/blog\/wp-content\/uploads\/2020\/06\/cropped-LOGO-DICODUSPORT-2020-SANS-FOND-SANS-TEXTE.png\",\"width\":512,\"height\":512,\"caption\":\"Dicodusport\"},\"image\":{\"@id\":\"https:\/\/dicodusport.fr\/blog\/#\/schema\/logo\/image\/\"},\"sameAs\":[\"https:\/\/www.facebook.com\/dicodusport\",\"https:\/\/x.com\/dicodusport\",\"https:\/\/www.instagram.com\/dicodusport\/\",\"https:\/\/www.youtube.com\/channel\/UC7V2KZ5sd3htJivAbA4ZG3w\"],\"description\":\"Dicodusport est l'encyclop\u00e9die de l'actualit\u00e9 sportive.\",\"email\":\"bonjour@dicodusport.fr\",\"legalName\":\"DICODUSPORT\",\"foundingDate\":\"2018-01-14\",\"vatID\":\"FR71834470973\",\"taxID\":\"83447097300043\",\"numberOfEmployees\":{\"@type\":\"QuantitativeValue\",\"minValue\":\"1\",\"maxValue\":\"10\"}},{\"@type\":\"Person\",\"@id\":\"https:\/\/dicodusport.fr\/blog\/#\/schema\/person\/37def232098a7a5cbab3974a3690abb0\",\"name\":\"Maxime Cazenave\",\"image\":{\"@type\":\"ImageObject\",\"inLanguage\":\"fr-FR\",\"@id\":\"https:\/\/dicodusport.fr\/blog\/#\/schema\/person\/image\/\",\"url\":\"https:\/\/dicodusport.fr\/blog\/wp-content\/uploads\/2021\/05\/Maxime-Cazenave-150x150.jpg\",\"contentUrl\":\"https:\/\/dicodusport.fr\/blog\/wp-content\/uploads\/2021\/05\/Maxime-Cazenave-150x150.jpg\",\"caption\":\"Maxime Cazenave\"},\"description\":\"Journaliste\/R\u00e9dacteur depuis 2012 - Berc\u00e9 par l\u2019amour des Girondins de Bordeaux, les \u00e9checs de Christophe Moreau sur le Tour de France sous l'\u00e8re Lance Armstrong et le fade-away l\u00e9tal de Dirk Nowitzki, ma passion d\u00e9vorante pour le sport a toujours \u00e9t\u00e9 un pan incontournable de ma vie. Transmettre ma passion \u00e0 l\u2019\u00e9crit a \u00e9t\u00e9 une transition naturelle. Suiveur assidu de basket et de hockey sur glace, je garde toujours un peu de place pour suivre le cyclisme, le football et le maximum de performances fran\u00e7aises.\",\"sameAs\":[\"https:\/\/x.com\/https:\/\/twitter.com\/Maxime_Caze\"],\"url\":\"https:\/\/dicodusport.fr\/blog\/author\/maximec\/\"}]}<\/script>\n<!-- \/ Yoast SEO Premium plugin. -->","yoast_head_json":{"title":"France - Canada : Les notes des Bleus","description":"COUPE DU MONDE DE BASKET 2023 - Les notes des Bleus suite au naufrage collectif v\u00e9cu face au Canada ce vendredi apr\u00e8s-midi.","robots":{"index":"index","follow":"follow","max-snippet":"max-snippet:-1","max-image-preview":"max-image-preview:large","max-video-preview":"max-video-preview:-1"},"canonical":"https:\/\/dicodusport.fr\/blog\/france-canada-les-notes-des-bleus\/","og_locale":"fr_FR","og_type":"article","og_title":"France - Canada : Les notes des Bleus","og_description":"COUPE DU MONDE DE BASKET 2023 - Les notes des Bleus suite au naufrage collectif v\u00e9cu face au Canada ce vendredi apr\u00e8s-midi.","og_url":"https:\/\/dicodusport.fr\/blog\/france-canada-les-notes-des-bleus\/","og_site_name":"Dicodusport","article_publisher":"https:\/\/www.facebook.com\/dicodusport","article_published_time":"2023-08-25T15:43:51+00:00","article_modified_time":"2023-08-25T19:11:59+00:00","og_image":[{"width":800,"height":445,"url":"https:\/\/dicodusport.fr\/blog\/wp-content\/uploads\/2023\/08\/France-Canada-Les-notes-des-Bleus.png","type":"image\/png"}],"author":"Maxime Cazenave","twitter_card":"summary_large_image","twitter_title":"France - Canada : Les notes des Bleus","twitter_creator":"@https:\/\/twitter.com\/Maxime_Caze","twitter_site":"@dicodusport","schema":{"@context":"https:\/\/schema.org","@graph":[{"@type":"NewsArticle","@id":"https:\/\/dicodusport.fr\/blog\/france-canada-les-notes-des-bleus\/#article","isPartOf":{"@id":"https:\/\/dicodusport.fr\/blog\/france-canada-les-notes-des-bleus\/"},"author":{"name":"Maxime Cazenave","@id":"https:\/\/dicodusport.fr\/blog\/#\/schema\/person\/37def232098a7a5cbab3974a3690abb0"},"headline":"France &#8211; Canada : Les notes des Bleus","datePublished":"2023-08-25T15:43:51+00:00","dateModified":"2023-08-25T19:11:59+00:00","mainEntityOfPage":{"@id":"https:\/\/dicodusport.fr\/blog\/france-canada-les-notes-des-bleus\/"},"wordCount":1223,"commentCount":0,"publisher":{"@id":"https:\/\/dicodusport.fr\/blog\/#organization"},"image":{"@id":"https:\/\/dicodusport.fr\/blog\/france-canada-les-notes-des-bleus\/#primaryimage"},"thumbnailUrl":"https:\/\/dicodusport.fr\/blog\/wp-content\/uploads\/2023\/08\/France-Canada-Les-notes-des-Bleus.png","keywords":["br\u00e8ve","Evan Fournier"],"articleSection":["Coupe du monde de basket"],"inLanguage":"fr-FR","potentialAction":[{"@type":"CommentAction","name":"Comment","target":["https:\/\/dicodusport.fr\/blog\/france-canada-les-notes-des-bleus\/#respond"]}],"copyrightYear":"2023","copyrightHolder":{"@id":"https:\/\/dicodusport.fr\/blog\/#organization"}},{"@type":"WebPage","@id":"https:\/\/dicodusport.fr\/blog\/france-canada-les-notes-des-bleus\/","url":"https:\/\/dicodusport.fr\/blog\/france-canada-les-notes-des-bleus\/","name":"France - Canada : Les notes des Bleus","isPartOf":{"@id":"https:\/\/dicodusport.fr\/blog\/#website"},"primaryImageOfPage":{"@id":"https:\/\/dicodusport.fr\/blog\/france-canada-les-notes-des-bleus\/#primaryimage"},"image":{"@id":"https:\/\/dicodusport.fr\/blog\/france-canada-les-notes-des-bleus\/#primaryimage"},"thumbnailUrl":"https:\/\/dicodusport.fr\/blog\/wp-content\/uploads\/2023\/08\/France-Canada-Les-notes-des-Bleus.png","datePublished":"2023-08-25T15:43:51+00:00","dateModified":"2023-08-25T19:11:59+00:00","description":"COUPE DU MONDE DE BASKET 2023 - Les notes des Bleus suite au naufrage collectif v\u00e9cu face au Canada ce vendredi apr\u00e8s-midi.","breadcrumb":{"@id":"https:\/\/dicodusport.fr\/blog\/france-canada-les-notes-des-bleus\/#breadcrumb"},"inLanguage":"fr-FR","potentialAction":[{"@type":"ReadAction","target":["https:\/\/dicodusport.fr\/blog\/france-canada-les-notes-des-bleus\/"]}]},{"@type":"ImageObject","inLanguage":"fr-FR","@id":"https:\/\/dicodusport.fr\/blog\/france-canada-les-notes-des-bleus\/#primaryimage","url":"https:\/\/dicodusport.fr\/blog\/wp-content\/uploads\/2023\/08\/France-Canada-Les-notes-des-Bleus.png","contentUrl":"https:\/\/dicodusport.fr\/blog\/wp-content\/uploads\/2023\/08\/France-Canada-Les-notes-des-Bleus.png","width":800,"height":445,"caption":"France-Canada : Les notes des Bleus"},{"@type":"BreadcrumbList","@id":"https:\/\/dicodusport.fr\/blog\/france-canada-les-notes-des-bleus\/#breadcrumb","itemListElement":[{"@type":"ListItem","position":1,"name":"Accueil","item":"https:\/\/dicodusport.fr\/blog\/"},{"@type":"ListItem","position":2,"name":"France &#8211; Canada : Les notes des Bleus"}]},{"@type":"WebSite","@id":"https:\/\/dicodusport.fr\/blog\/#website","url":"https:\/\/dicodusport.fr\/blog\/","name":"Dicodusport","description":"L&#039;encyclop\u00e9die de l&#039;actualit\u00e9 sportive","publisher":{"@id":"https:\/\/dicodusport.fr\/blog\/#organization"},"potentialAction":[{"@type":"SearchAction","target":{"@type":"EntryPoint","urlTemplate":"https:\/\/dicodusport.fr\/blog\/?s={search_term_string}"},"query-input":{"@type":"PropertyValueSpecification","valueRequired":true,"valueName":"search_term_string"}}],"inLanguage":"fr-FR"},{"@type":"NewsMediaOrganization","@id":"https:\/\/dicodusport.fr\/blog\/#organization","name":"Dicodusport","url":"https:\/\/dicodusport.fr\/blog\/","logo":{"@type":"ImageObject","inLanguage":"fr-FR","@id":"https:\/\/dicodusport.fr\/blog\/#\/schema\/logo\/image\/","url":"https:\/\/dicodusport.fr\/blog\/wp-content\/uploads\/2020\/06\/cropped-LOGO-DICODUSPORT-2020-SANS-FOND-SANS-TEXTE.png","contentUrl":"https:\/\/dicodusport.fr\/blog\/wp-content\/uploads\/2020\/06\/cropped-LOGO-DICODUSPORT-2020-SANS-FOND-SANS-TEXTE.png","width":512,"height":512,"caption":"Dicodusport"},"image":{"@id":"https:\/\/dicodusport.fr\/blog\/#\/schema\/logo\/image\/"},"sameAs":["https:\/\/www.facebook.com\/dicodusport","https:\/\/x.com\/dicodusport","https:\/\/www.instagram.com\/dicodusport\/","https:\/\/www.youtube.com\/channel\/UC7V2KZ5sd3htJivAbA4ZG3w"],"description":"Dicodusport est l'encyclop\u00e9die de l'actualit\u00e9 sportive.","email":"bonjour@dicodusport.fr","legalName":"DICODUSPORT","foundingDate":"2018-01-14","vatID":"FR71834470973","taxID":"83447097300043","numberOfEmployees":{"@type":"QuantitativeValue","minValue":"1","maxValue":"10"}},{"@type":"Person","@id":"https:\/\/dicodusport.fr\/blog\/#\/schema\/person\/37def232098a7a5cbab3974a3690abb0","name":"Maxime Cazenave","image":{"@type":"ImageObject","inLanguage":"fr-FR","@id":"https:\/\/dicodusport.fr\/blog\/#\/schema\/person\/image\/","url":"https:\/\/dicodusport.fr\/blog\/wp-content\/uploads\/2021\/05\/Maxime-Cazenave-150x150.jpg","contentUrl":"https:\/\/dicodusport.fr\/blog\/wp-content\/uploads\/2021\/05\/Maxime-Cazenave-150x150.jpg","caption":"Maxime Cazenave"},"description":"Journaliste\/R\u00e9dacteur depuis 2012 - Berc\u00e9 par l\u2019amour des Girondins de Bordeaux, les \u00e9checs de Christophe Moreau sur le Tour de France sous l'\u00e8re Lance Armstrong et le fade-away l\u00e9tal de Dirk Nowitzki, ma passion d\u00e9vorante pour le sport a toujours \u00e9t\u00e9 un pan incontournable de ma vie. Transmettre ma passion \u00e0 l\u2019\u00e9crit a \u00e9t\u00e9 une transition naturelle. Suiveur assidu de basket et de hockey sur glace, je garde toujours un peu de place pour suivre le cyclisme, le football et le maximum de performances fran\u00e7aises.","sameAs":["https:\/\/x.com\/https:\/\/twitter.com\/Maxime_Caze"],"url":"https:\/\/dicodusport.fr\/blog\/author\/maximec\/"}]}},"_links":{"self":[{"href":"https:\/\/dicodusport.fr\/blog\/wp-json\/wp\/v2\/posts\/412012","targetHints":{"allow":["GET"]}}],"collection":[{"href":"https:\/\/dicodusport.fr\/blog\/wp-json\/wp\/v2\/posts"}],"about":[{"href":"https:\/\/dicodusport.fr\/blog\/wp-json\/wp\/v2\/types\/post"}],"author":[{"embeddable":true,"href":"https:\/\/dicodusport.fr\/blog\/wp-json\/wp\/v2\/users\/55"}],"replies":[{"embeddable":true,"href":"https:\/\/dicodusport.fr\/blog\/wp-json\/wp\/v2\/comments?post=412012"}],"version-history":[{"count":0,"href":"https:\/\/dicodusport.fr\/blog\/wp-json\/wp\/v2\/posts\/412012\/revisions"}],"wp:featuredmedia":[{"embeddable":true,"href":"https:\/\/dicodusport.fr\/blog\/wp-json\/wp\/v2\/media\/412105"}],"wp:attachment":[{"href":"https:\/\/dicodusport.fr\/blog\/wp-json\/wp\/v2\/media?parent=412012"}],"wp:term":[{"taxonomy":"category","embeddable":true,"href":"https:\/\/dicodusport.fr\/blog\/wp-json\/wp\/v2\/categories?post=412012"},{"taxonomy":"post_tag","embeddable":true,"href":"https:\/\/dicodusport.fr\/blog\/wp-json\/wp\/v2\/tags?post=412012"}],"curies":[{"name":"wp","href":"https:\/\/api.w.org\/{rel}","templated":true}]}}