{"id":412052,"date":"2023-08-25T18:43:04","date_gmt":"2023-08-25T16:43:04","guid":{"rendered":"https:\/\/dicodusport.fr\/blog\/?p=412052&#038;preview=true&#038;preview_id=412052"},"modified":"2023-08-25T19:02:09","modified_gmt":"2023-08-25T17:02:09","slug":"vtt-xcc-pal-arinsal-sarrou-3eme-luca-schwarzbauer-vainqueur-au-sprint-devant-nino-schurter","status":"publish","type":"post","link":"https:\/\/dicodusport.fr\/blog\/vtt-xcc-pal-arinsal-sarrou-3eme-luca-schwarzbauer-vainqueur-au-sprint-devant-nino-schurter\/","title":{"rendered":"VTT XCC Pal Arinsal : Sarrou 3\u00e8me, Luca Schwarzbauer vainqueur au sprint devant Nino Schurter"},"content":{"rendered":"<p align=\"justify\"><em><strong>VTT XCC PAL ARINSAL &#8211; Luca Schwarzbauer \u00e9tait le plus solide ce soir, sur la XCC de Pal Arinsal, en Andorre. l&rsquo;Allemand l&#8217;emporte avec quelques m\u00e8tres d&rsquo;avance sur Nino Schurter et le Fran\u00e7ais Jordan Sarrou.<\/strong><\/em><\/p>\n<p style=\"text-align: justify;\"><span style=\"font-weight: 400;\">Il est l&rsquo;homme fort dans la discipline en 2023. <\/span><b>Luca Schwarzbauer <\/b><span style=\"font-weight: 400;\">s&rsquo;impose en altitude, \u00e0 Pal Arinsal, sur cette course du vendredi. Le coureur de la Canyon Collective a toujours \u00e9t\u00e9 en bonne position sur les neuf tours. L&rsquo;Allemand n&rsquo;a quasiment jamais laiss\u00e9 la t\u00eate, <\/span><b>Mathias Fl\u00fcckiger <\/b><span style=\"font-weight: 400;\">le challengeant bri\u00e8vement. <\/span><b>Nino Schurter <\/b><span style=\"font-weight: 400;\">prend la 2\u1d49 place et <\/span><b>Jordan Sarrou<\/b><span style=\"font-weight: 400;\"> monte sur la bo\u00eete. Beau tir group\u00e9 fran\u00e7ais avec la 7\u1d49 position finale pour <\/span><b>Joshua Dubau<\/b><span style=\"font-weight: 400;\">. <\/span><b>Victor Koretzky <\/b><span style=\"font-weight: 400;\">et <\/span><b>Thomas Griot <\/b><span style=\"font-weight: 400;\">finissent ensemble, 13 et 14\u1d49.<\/span><\/p>\n<h2 style=\"text-align: justify;\" align=\"justify\">Schwarzbauer impose sa loi<\/h2>\n<p style=\"text-align: justify;\"><span style=\"font-weight: 400;\">\u00c0 toutes les courses XCC c&rsquo;est la m\u00eame chose, <\/span><b>Luca Schwarzbauer <\/b><span style=\"font-weight: 400;\">se place en t\u00eate d\u00e8s les premiers coups de p\u00e9dales. <\/span><b>Jordan Sarrou <\/b><span style=\"font-weight: 400;\">et <\/span><b>Joshua<\/b> <b>Dubau <\/b><span style=\"font-weight: 400;\">suivent le leader du classement de la sp\u00e9cialit\u00e9. Il y a du grabuge \u00e0 l&rsquo;arri\u00e8re, <\/span><b>Thomas Pidcock <\/b><span style=\"font-weight: 400;\">a \u00e9t\u00e9 g\u00ean\u00e9 et se retrouve 39\u1d49 sur 40 apr\u00e8s un tour. <\/span><b>Mathias Fl\u00fcckiger <\/b><span style=\"font-weight: 400;\">est le premier \u00e0 acc\u00e9l\u00e9rer, le Suisse semble fort et force ses adversaires \u00e0 se mettre en file indienne. Comme chez les dames, 7 v\u00e9t\u00e9tistes se d\u00e9tachent \u00e0 mi-course et vont se disputer la victoire.<\/span><\/p>\n<p style=\"text-align: justify;\"><span style=\"font-weight: 400;\">Jusque dans les derniers hectom\u00e8tres, il \u00e9tait impossible de savoir qui allait lever les bras ce soir. <\/span><b>Luca Schwarzbauer <\/b><span style=\"font-weight: 400;\">n&rsquo;a jamais voulu se faire doubler dans le dernier tour et sa position lui a souri. Peu en vue sur cette XCC, <\/span><b>Nino Schurter <\/b><span style=\"font-weight: 400;\">a surgi et se fait battre en puissance par l&rsquo;Allemand. Le Suisse devance un <\/span><b>Jordan Sarrou <\/b><span style=\"font-weight: 400;\">toujours bien plac\u00e9. Nouveau podium pour le Tricolore cette saison apr\u00e8s sa victoire \u00e0 Leogang en short track.<\/span><\/p>\n<blockquote class=\"twitter-tweet\">\n<p dir=\"ltr\" lang=\"fr\">Le podium pour Jordan Sarrou, la victoire de Luca Schwarbauer en XCC<a href=\"https:\/\/twitter.com\/hashtag\/lequipeVELO?src=hash&amp;ref_src=twsrc%5Etfw\">#lequipeVELO<\/a> <a href=\"https:\/\/t.co\/x3Jyx2vTku\">pic.twitter.com\/x3Jyx2vTku<\/a><\/p>\n<p>\u2014 L&rsquo;\u00c9QUIPE (@lequipe) <a href=\"https:\/\/twitter.com\/lequipe\/status\/1695114211796426866?ref_src=twsrc%5Etfw\">August 25, 2023<\/a><\/p><\/blockquote>\n<p><script async src=\"https:\/\/platform.twitter.com\/widgets.js\" charset=\"utf-8\"><\/script><\/p>\n<h2 style=\"text-align: justify;\">\u00c0 lire aussi<\/h2>\n<ul>\n<li style=\"text-align: justify;\"><strong><a href=\"https:\/\/dicodusport.fr\/blog\/vtt-xcc-pal-arinsal-classement-de-la-course-hommes\/\">Le classement de la course hommes de VTT Short track de Pal Arinsal<\/a><br \/>\n<\/strong><\/li>\n<li style=\"text-align: justify;\"><a href=\"https:\/\/dicodusport.fr\/blog\/vtt-cross-country-classement-general-coupe-du-monde-2023\/\"><strong>Classement g\u00e9n\u00e9ral Coupe du monde de VTT Cross-country<\/strong><\/a><\/li>\n<li style=\"text-align: justify;\"><a href=\"https:\/\/dicodusport.fr\/blog\/vtt-xc-coupe-du-monde-2023-calendrier-et-resultats\/\"><strong>Calendrier et r\u00e9sultats de la Coupe du monde de VTT Cross-country 2023<\/strong><\/a><\/li>\n<\/ul>\n","protected":false},"excerpt":{"rendered":"<p>VTT XCC PAL ARINSAL &#8211; Luca Schwarzbauer \u00e9tait le plus solide ce soir, sur la XCC de Pal Arinsal, en Andorre. l&rsquo;Allemand l&#8217;emporte avec quelques m\u00e8tres d&rsquo;avance sur Nino Schurter et le Fran\u00e7ais Jordan Sarrou.<\/p>\n","protected":false},"author":61,"featured_media":412154,"comment_status":"open","ping_status":"closed","sticky":false,"template":"","format":"standard","meta":{"_acf_changed":false,"_daextam_enable_autolinks":"","footnotes":""},"categories":[10279],"tags":[16878,1530,33854],"class_list":["post-412052","post","type-post","status-publish","format-standard","has-post-thumbnail","hentry","category-vtt","tag-breve","tag-coupe-du-monde","tag-vtt-xcc-pal-arinsal"],"acf":[],"yoast_head":"<!-- This site is optimized with the Yoast SEO Premium plugin v26.7 (Yoast SEO v26.7) - https:\/\/yoast.com\/wordpress\/plugins\/seo\/ -->\n<title>VTT XCC Pal Arinsal : Sarrou 3\u00e8me, Luca Schwarzbauer vainqueur au sprint devant Nino Schurter<\/title>\n<meta name=\"description\" content=\"VTT XCC PAL ARINSAL - Luca Schwarzbauer \u00e9tait le plus solide ce soir, sur la XCC de Pal Arinsal, en Andorre.\" \/>\n<meta name=\"robots\" content=\"index, follow, max-snippet:-1, max-image-preview:large, max-video-preview:-1\" \/>\n<link rel=\"canonical\" href=\"https:\/\/dicodusport.fr\/blog\/vtt-xcc-pal-arinsal-sarrou-3eme-luca-schwarzbauer-vainqueur-au-sprint-devant-nino-schurter\/\" \/>\n<meta property=\"og:locale\" content=\"fr_FR\" \/>\n<meta property=\"og:type\" content=\"article\" \/>\n<meta property=\"og:title\" content=\"VTT XCC Pal Arinsal : Sarrou 3\u00e8me, Luca Schwarzbauer vainqueur au sprint devant Nino Schurter\" \/>\n<meta property=\"og:description\" content=\"VTT XCC PAL ARINSAL - Luca Schwarzbauer \u00e9tait le plus solide ce soir, sur la XCC de Pal Arinsal, en Andorre.\" \/>\n<meta property=\"og:url\" content=\"https:\/\/dicodusport.fr\/blog\/vtt-xcc-pal-arinsal-sarrou-3eme-luca-schwarzbauer-vainqueur-au-sprint-devant-nino-schurter\/\" \/>\n<meta property=\"og:site_name\" content=\"Dicodusport\" \/>\n<meta property=\"article:publisher\" content=\"https:\/\/www.facebook.com\/dicodusport\" \/>\n<meta property=\"article:published_time\" content=\"2023-08-25T16:43:04+00:00\" \/>\n<meta property=\"article:modified_time\" content=\"2023-08-25T17:02:09+00:00\" \/>\n<meta property=\"og:image\" content=\"https:\/\/dicodusport.fr\/blog\/wp-content\/uploads\/2023\/08\/VTT-XCC-Pal-Arinsal-Sarrou-3eme-Luca-Schwarzbauer-vainqueur-au-sprint-devant-Nino-Schurter.png\" \/>\n\t<meta property=\"og:image:width\" content=\"800\" \/>\n\t<meta property=\"og:image:height\" content=\"445\" \/>\n\t<meta property=\"og:image:type\" content=\"image\/png\" \/>\n<meta name=\"author\" content=\"Pierre Gorce\" \/>\n<meta name=\"twitter:card\" content=\"summary_large_image\" \/>\n<meta name=\"twitter:title\" content=\"VTT XCC Pal Arinsal : Sarrou 3\u00e8me, Luca Schwarzbauer vainqueur au sprint devant Nino Schurter\" \/>\n<meta name=\"twitter:creator\" content=\"@https:\/\/twitter.com\/pierregorce12\" \/>\n<meta name=\"twitter:site\" content=\"@dicodusport\" \/>\n<script type=\"application\/ld+json\" class=\"yoast-schema-graph\">{\"@context\":\"https:\/\/schema.org\",\"@graph\":[{\"@type\":\"NewsArticle\",\"@id\":\"https:\/\/dicodusport.fr\/blog\/vtt-xcc-pal-arinsal-sarrou-3eme-luca-schwarzbauer-vainqueur-au-sprint-devant-nino-schurter\/#article\",\"isPartOf\":{\"@id\":\"https:\/\/dicodusport.fr\/blog\/vtt-xcc-pal-arinsal-sarrou-3eme-luca-schwarzbauer-vainqueur-au-sprint-devant-nino-schurter\/\"},\"author\":{\"name\":\"Pierre Gorce\",\"@id\":\"https:\/\/dicodusport.fr\/blog\/#\/schema\/person\/0eaf70b33d703a1a66b1155ac1bda018\"},\"headline\":\"VTT XCC Pal Arinsal : Sarrou 3\u00e8me, Luca Schwarzbauer vainqueur au sprint devant Nino Schurter\",\"datePublished\":\"2023-08-25T16:43:04+00:00\",\"dateModified\":\"2023-08-25T17:02:09+00:00\",\"mainEntityOfPage\":{\"@id\":\"https:\/\/dicodusport.fr\/blog\/vtt-xcc-pal-arinsal-sarrou-3eme-luca-schwarzbauer-vainqueur-au-sprint-devant-nino-schurter\/\"},\"wordCount\":386,\"commentCount\":0,\"publisher\":{\"@id\":\"https:\/\/dicodusport.fr\/blog\/#organization\"},\"image\":{\"@id\":\"https:\/\/dicodusport.fr\/blog\/vtt-xcc-pal-arinsal-sarrou-3eme-luca-schwarzbauer-vainqueur-au-sprint-devant-nino-schurter\/#primaryimage\"},\"thumbnailUrl\":\"https:\/\/dicodusport.fr\/blog\/wp-content\/uploads\/2023\/08\/VTT-XCC-Pal-Arinsal-Sarrou-3eme-Luca-Schwarzbauer-vainqueur-au-sprint-devant-Nino-Schurter.png\",\"keywords\":[\"br\u00e8ve\",\"Coupe du monde\",\"VTT XCC Pal Arinsal\"],\"articleSection\":[\"VTT\"],\"inLanguage\":\"fr-FR\",\"potentialAction\":[{\"@type\":\"CommentAction\",\"name\":\"Comment\",\"target\":[\"https:\/\/dicodusport.fr\/blog\/vtt-xcc-pal-arinsal-sarrou-3eme-luca-schwarzbauer-vainqueur-au-sprint-devant-nino-schurter\/#respond\"]}],\"copyrightYear\":\"2023\",\"copyrightHolder\":{\"@id\":\"https:\/\/dicodusport.fr\/blog\/#organization\"}},{\"@type\":\"WebPage\",\"@id\":\"https:\/\/dicodusport.fr\/blog\/vtt-xcc-pal-arinsal-sarrou-3eme-luca-schwarzbauer-vainqueur-au-sprint-devant-nino-schurter\/\",\"url\":\"https:\/\/dicodusport.fr\/blog\/vtt-xcc-pal-arinsal-sarrou-3eme-luca-schwarzbauer-vainqueur-au-sprint-devant-nino-schurter\/\",\"name\":\"VTT XCC Pal Arinsal : Sarrou 3\u00e8me, Luca Schwarzbauer vainqueur au sprint devant Nino Schurter\",\"isPartOf\":{\"@id\":\"https:\/\/dicodusport.fr\/blog\/#website\"},\"primaryImageOfPage\":{\"@id\":\"https:\/\/dicodusport.fr\/blog\/vtt-xcc-pal-arinsal-sarrou-3eme-luca-schwarzbauer-vainqueur-au-sprint-devant-nino-schurter\/#primaryimage\"},\"image\":{\"@id\":\"https:\/\/dicodusport.fr\/blog\/vtt-xcc-pal-arinsal-sarrou-3eme-luca-schwarzbauer-vainqueur-au-sprint-devant-nino-schurter\/#primaryimage\"},\"thumbnailUrl\":\"https:\/\/dicodusport.fr\/blog\/wp-content\/uploads\/2023\/08\/VTT-XCC-Pal-Arinsal-Sarrou-3eme-Luca-Schwarzbauer-vainqueur-au-sprint-devant-Nino-Schurter.png\",\"datePublished\":\"2023-08-25T16:43:04+00:00\",\"dateModified\":\"2023-08-25T17:02:09+00:00\",\"description\":\"VTT XCC PAL ARINSAL - Luca Schwarzbauer \u00e9tait le plus solide ce soir, sur la XCC de Pal Arinsal, en Andorre.\",\"breadcrumb\":{\"@id\":\"https:\/\/dicodusport.fr\/blog\/vtt-xcc-pal-arinsal-sarrou-3eme-luca-schwarzbauer-vainqueur-au-sprint-devant-nino-schurter\/#breadcrumb\"},\"inLanguage\":\"fr-FR\",\"potentialAction\":[{\"@type\":\"ReadAction\",\"target\":[\"https:\/\/dicodusport.fr\/blog\/vtt-xcc-pal-arinsal-sarrou-3eme-luca-schwarzbauer-vainqueur-au-sprint-devant-nino-schurter\/\"]}]},{\"@type\":\"ImageObject\",\"inLanguage\":\"fr-FR\",\"@id\":\"https:\/\/dicodusport.fr\/blog\/vtt-xcc-pal-arinsal-sarrou-3eme-luca-schwarzbauer-vainqueur-au-sprint-devant-nino-schurter\/#primaryimage\",\"url\":\"https:\/\/dicodusport.fr\/blog\/wp-content\/uploads\/2023\/08\/VTT-XCC-Pal-Arinsal-Sarrou-3eme-Luca-Schwarzbauer-vainqueur-au-sprint-devant-Nino-Schurter.png\",\"contentUrl\":\"https:\/\/dicodusport.fr\/blog\/wp-content\/uploads\/2023\/08\/VTT-XCC-Pal-Arinsal-Sarrou-3eme-Luca-Schwarzbauer-vainqueur-au-sprint-devant-Nino-Schurter.png\",\"width\":800,\"height\":445,\"caption\":\"VTT XCC Pal Arinsal Sarrou 3\u00e8me, Luca Schwarzbauer vainqueur au sprint devant Nino Schurter\"},{\"@type\":\"BreadcrumbList\",\"@id\":\"https:\/\/dicodusport.fr\/blog\/vtt-xcc-pal-arinsal-sarrou-3eme-luca-schwarzbauer-vainqueur-au-sprint-devant-nino-schurter\/#breadcrumb\",\"itemListElement\":[{\"@type\":\"ListItem\",\"position\":1,\"name\":\"Accueil\",\"item\":\"https:\/\/dicodusport.fr\/blog\/\"},{\"@type\":\"ListItem\",\"position\":2,\"name\":\"VTT XCC Pal Arinsal : Sarrou 3\u00e8me, Luca Schwarzbauer vainqueur au sprint devant Nino Schurter\"}]},{\"@type\":\"WebSite\",\"@id\":\"https:\/\/dicodusport.fr\/blog\/#website\",\"url\":\"https:\/\/dicodusport.fr\/blog\/\",\"name\":\"Dicodusport\",\"description\":\"L&#039;encyclop\u00e9die de l&#039;actualit\u00e9 sportive\",\"publisher\":{\"@id\":\"https:\/\/dicodusport.fr\/blog\/#organization\"},\"potentialAction\":[{\"@type\":\"SearchAction\",\"target\":{\"@type\":\"EntryPoint\",\"urlTemplate\":\"https:\/\/dicodusport.fr\/blog\/?s={search_term_string}\"},\"query-input\":{\"@type\":\"PropertyValueSpecification\",\"valueRequired\":true,\"valueName\":\"search_term_string\"}}],\"inLanguage\":\"fr-FR\"},{\"@type\":\"NewsMediaOrganization\",\"@id\":\"https:\/\/dicodusport.fr\/blog\/#organization\",\"name\":\"Dicodusport\",\"url\":\"https:\/\/dicodusport.fr\/blog\/\",\"logo\":{\"@type\":\"ImageObject\",\"inLanguage\":\"fr-FR\",\"@id\":\"https:\/\/dicodusport.fr\/blog\/#\/schema\/logo\/image\/\",\"url\":\"https:\/\/dicodusport.fr\/blog\/wp-content\/uploads\/2020\/06\/cropped-LOGO-DICODUSPORT-2020-SANS-FOND-SANS-TEXTE.png\",\"contentUrl\":\"https:\/\/dicodusport.fr\/blog\/wp-content\/uploads\/2020\/06\/cropped-LOGO-DICODUSPORT-2020-SANS-FOND-SANS-TEXTE.png\",\"width\":512,\"height\":512,\"caption\":\"Dicodusport\"},\"image\":{\"@id\":\"https:\/\/dicodusport.fr\/blog\/#\/schema\/logo\/image\/\"},\"sameAs\":[\"https:\/\/www.facebook.com\/dicodusport\",\"https:\/\/x.com\/dicodusport\",\"https:\/\/www.instagram.com\/dicodusport\/\",\"https:\/\/www.youtube.com\/channel\/UC7V2KZ5sd3htJivAbA4ZG3w\"],\"description\":\"Dicodusport est l'encyclop\u00e9die de l'actualit\u00e9 sportive.\",\"email\":\"bonjour@dicodusport.fr\",\"legalName\":\"DICODUSPORT\",\"foundingDate\":\"2018-01-14\",\"vatID\":\"FR71834470973\",\"taxID\":\"83447097300043\",\"numberOfEmployees\":{\"@type\":\"QuantitativeValue\",\"minValue\":\"1\",\"maxValue\":\"10\"}},{\"@type\":\"Person\",\"@id\":\"https:\/\/dicodusport.fr\/blog\/#\/schema\/person\/0eaf70b33d703a1a66b1155ac1bda018\",\"name\":\"Pierre Gorce\",\"image\":{\"@type\":\"ImageObject\",\"inLanguage\":\"fr-FR\",\"@id\":\"https:\/\/dicodusport.fr\/blog\/#\/schema\/person\/image\/\",\"url\":\"https:\/\/dicodusport.fr\/blog\/wp-content\/uploads\/2022\/03\/IMG_20211214_233053_722-150x150.jpg\",\"contentUrl\":\"https:\/\/dicodusport.fr\/blog\/wp-content\/uploads\/2022\/03\/IMG_20211214_233053_722-150x150.jpg\",\"caption\":\"Pierre Gorce\"},\"description\":\"Couteau suisse venant tout droit de Haute-Savoie. Habitu\u00e9 \u00e0 regarder du sport depuis petit, j'en ai maintenant fait mon m\u00e9tier. Des sports d'hiver au surf, en passant par le tennis, la F1, le handball et l'athl\u00e9tisme, j'essaie d'avoir mes yeux sur l'enti\u00e8ret\u00e9 de l'actualit\u00e9. Jeune homme berc\u00e9 par les exploits de Jean-Baptiste Grange, Sebastian Vettel et des Experts. Membre de la g\u00e9n\u00e9ration 1999 comme Luka Doncic, Sydney McLaughlin, Lando Norris et Loana Lecomte, mais avec beaucoup moins de talent qu'eux.\",\"sameAs\":[\"https:\/\/x.com\/https:\/\/twitter.com\/pierregorce12\"],\"birthDate\":\"1999-08-29\",\"url\":\"https:\/\/dicodusport.fr\/blog\/author\/pierreg\/\"}]}<\/script>\n<!-- \/ Yoast SEO Premium plugin. -->","yoast_head_json":{"title":"VTT XCC Pal Arinsal : Sarrou 3\u00e8me, Luca Schwarzbauer vainqueur au sprint devant Nino Schurter","description":"VTT XCC PAL ARINSAL - Luca Schwarzbauer \u00e9tait le plus solide ce soir, sur la XCC de Pal Arinsal, en Andorre.","robots":{"index":"index","follow":"follow","max-snippet":"max-snippet:-1","max-image-preview":"max-image-preview:large","max-video-preview":"max-video-preview:-1"},"canonical":"https:\/\/dicodusport.fr\/blog\/vtt-xcc-pal-arinsal-sarrou-3eme-luca-schwarzbauer-vainqueur-au-sprint-devant-nino-schurter\/","og_locale":"fr_FR","og_type":"article","og_title":"VTT XCC Pal Arinsal : Sarrou 3\u00e8me, Luca Schwarzbauer vainqueur au sprint devant Nino Schurter","og_description":"VTT XCC PAL ARINSAL - Luca Schwarzbauer \u00e9tait le plus solide ce soir, sur la XCC de Pal Arinsal, en Andorre.","og_url":"https:\/\/dicodusport.fr\/blog\/vtt-xcc-pal-arinsal-sarrou-3eme-luca-schwarzbauer-vainqueur-au-sprint-devant-nino-schurter\/","og_site_name":"Dicodusport","article_publisher":"https:\/\/www.facebook.com\/dicodusport","article_published_time":"2023-08-25T16:43:04+00:00","article_modified_time":"2023-08-25T17:02:09+00:00","og_image":[{"width":800,"height":445,"url":"https:\/\/dicodusport.fr\/blog\/wp-content\/uploads\/2023\/08\/VTT-XCC-Pal-Arinsal-Sarrou-3eme-Luca-Schwarzbauer-vainqueur-au-sprint-devant-Nino-Schurter.png","type":"image\/png"}],"author":"Pierre Gorce","twitter_card":"summary_large_image","twitter_title":"VTT XCC Pal Arinsal : Sarrou 3\u00e8me, Luca Schwarzbauer vainqueur au sprint devant Nino Schurter","twitter_creator":"@https:\/\/twitter.com\/pierregorce12","twitter_site":"@dicodusport","schema":{"@context":"https:\/\/schema.org","@graph":[{"@type":"NewsArticle","@id":"https:\/\/dicodusport.fr\/blog\/vtt-xcc-pal-arinsal-sarrou-3eme-luca-schwarzbauer-vainqueur-au-sprint-devant-nino-schurter\/#article","isPartOf":{"@id":"https:\/\/dicodusport.fr\/blog\/vtt-xcc-pal-arinsal-sarrou-3eme-luca-schwarzbauer-vainqueur-au-sprint-devant-nino-schurter\/"},"author":{"name":"Pierre Gorce","@id":"https:\/\/dicodusport.fr\/blog\/#\/schema\/person\/0eaf70b33d703a1a66b1155ac1bda018"},"headline":"VTT XCC Pal Arinsal : Sarrou 3\u00e8me, Luca Schwarzbauer vainqueur au sprint devant Nino Schurter","datePublished":"2023-08-25T16:43:04+00:00","dateModified":"2023-08-25T17:02:09+00:00","mainEntityOfPage":{"@id":"https:\/\/dicodusport.fr\/blog\/vtt-xcc-pal-arinsal-sarrou-3eme-luca-schwarzbauer-vainqueur-au-sprint-devant-nino-schurter\/"},"wordCount":386,"commentCount":0,"publisher":{"@id":"https:\/\/dicodusport.fr\/blog\/#organization"},"image":{"@id":"https:\/\/dicodusport.fr\/blog\/vtt-xcc-pal-arinsal-sarrou-3eme-luca-schwarzbauer-vainqueur-au-sprint-devant-nino-schurter\/#primaryimage"},"thumbnailUrl":"https:\/\/dicodusport.fr\/blog\/wp-content\/uploads\/2023\/08\/VTT-XCC-Pal-Arinsal-Sarrou-3eme-Luca-Schwarzbauer-vainqueur-au-sprint-devant-Nino-Schurter.png","keywords":["br\u00e8ve","Coupe du monde","VTT XCC Pal Arinsal"],"articleSection":["VTT"],"inLanguage":"fr-FR","potentialAction":[{"@type":"CommentAction","name":"Comment","target":["https:\/\/dicodusport.fr\/blog\/vtt-xcc-pal-arinsal-sarrou-3eme-luca-schwarzbauer-vainqueur-au-sprint-devant-nino-schurter\/#respond"]}],"copyrightYear":"2023","copyrightHolder":{"@id":"https:\/\/dicodusport.fr\/blog\/#organization"}},{"@type":"WebPage","@id":"https:\/\/dicodusport.fr\/blog\/vtt-xcc-pal-arinsal-sarrou-3eme-luca-schwarzbauer-vainqueur-au-sprint-devant-nino-schurter\/","url":"https:\/\/dicodusport.fr\/blog\/vtt-xcc-pal-arinsal-sarrou-3eme-luca-schwarzbauer-vainqueur-au-sprint-devant-nino-schurter\/","name":"VTT XCC Pal Arinsal : Sarrou 3\u00e8me, Luca Schwarzbauer vainqueur au sprint devant Nino Schurter","isPartOf":{"@id":"https:\/\/dicodusport.fr\/blog\/#website"},"primaryImageOfPage":{"@id":"https:\/\/dicodusport.fr\/blog\/vtt-xcc-pal-arinsal-sarrou-3eme-luca-schwarzbauer-vainqueur-au-sprint-devant-nino-schurter\/#primaryimage"},"image":{"@id":"https:\/\/dicodusport.fr\/blog\/vtt-xcc-pal-arinsal-sarrou-3eme-luca-schwarzbauer-vainqueur-au-sprint-devant-nino-schurter\/#primaryimage"},"thumbnailUrl":"https:\/\/dicodusport.fr\/blog\/wp-content\/uploads\/2023\/08\/VTT-XCC-Pal-Arinsal-Sarrou-3eme-Luca-Schwarzbauer-vainqueur-au-sprint-devant-Nino-Schurter.png","datePublished":"2023-08-25T16:43:04+00:00","dateModified":"2023-08-25T17:02:09+00:00","description":"VTT XCC PAL ARINSAL - Luca Schwarzbauer \u00e9tait le plus solide ce soir, sur la XCC de Pal Arinsal, en Andorre.","breadcrumb":{"@id":"https:\/\/dicodusport.fr\/blog\/vtt-xcc-pal-arinsal-sarrou-3eme-luca-schwarzbauer-vainqueur-au-sprint-devant-nino-schurter\/#breadcrumb"},"inLanguage":"fr-FR","potentialAction":[{"@type":"ReadAction","target":["https:\/\/dicodusport.fr\/blog\/vtt-xcc-pal-arinsal-sarrou-3eme-luca-schwarzbauer-vainqueur-au-sprint-devant-nino-schurter\/"]}]},{"@type":"ImageObject","inLanguage":"fr-FR","@id":"https:\/\/dicodusport.fr\/blog\/vtt-xcc-pal-arinsal-sarrou-3eme-luca-schwarzbauer-vainqueur-au-sprint-devant-nino-schurter\/#primaryimage","url":"https:\/\/dicodusport.fr\/blog\/wp-content\/uploads\/2023\/08\/VTT-XCC-Pal-Arinsal-Sarrou-3eme-Luca-Schwarzbauer-vainqueur-au-sprint-devant-Nino-Schurter.png","contentUrl":"https:\/\/dicodusport.fr\/blog\/wp-content\/uploads\/2023\/08\/VTT-XCC-Pal-Arinsal-Sarrou-3eme-Luca-Schwarzbauer-vainqueur-au-sprint-devant-Nino-Schurter.png","width":800,"height":445,"caption":"VTT XCC Pal Arinsal Sarrou 3\u00e8me, Luca Schwarzbauer vainqueur au sprint devant Nino Schurter"},{"@type":"BreadcrumbList","@id":"https:\/\/dicodusport.fr\/blog\/vtt-xcc-pal-arinsal-sarrou-3eme-luca-schwarzbauer-vainqueur-au-sprint-devant-nino-schurter\/#breadcrumb","itemListElement":[{"@type":"ListItem","position":1,"name":"Accueil","item":"https:\/\/dicodusport.fr\/blog\/"},{"@type":"ListItem","position":2,"name":"VTT XCC Pal Arinsal : Sarrou 3\u00e8me, Luca Schwarzbauer vainqueur au sprint devant Nino Schurter"}]},{"@type":"WebSite","@id":"https:\/\/dicodusport.fr\/blog\/#website","url":"https:\/\/dicodusport.fr\/blog\/","name":"Dicodusport","description":"L&#039;encyclop\u00e9die de l&#039;actualit\u00e9 sportive","publisher":{"@id":"https:\/\/dicodusport.fr\/blog\/#organization"},"potentialAction":[{"@type":"SearchAction","target":{"@type":"EntryPoint","urlTemplate":"https:\/\/dicodusport.fr\/blog\/?s={search_term_string}"},"query-input":{"@type":"PropertyValueSpecification","valueRequired":true,"valueName":"search_term_string"}}],"inLanguage":"fr-FR"},{"@type":"NewsMediaOrganization","@id":"https:\/\/dicodusport.fr\/blog\/#organization","name":"Dicodusport","url":"https:\/\/dicodusport.fr\/blog\/","logo":{"@type":"ImageObject","inLanguage":"fr-FR","@id":"https:\/\/dicodusport.fr\/blog\/#\/schema\/logo\/image\/","url":"https:\/\/dicodusport.fr\/blog\/wp-content\/uploads\/2020\/06\/cropped-LOGO-DICODUSPORT-2020-SANS-FOND-SANS-TEXTE.png","contentUrl":"https:\/\/dicodusport.fr\/blog\/wp-content\/uploads\/2020\/06\/cropped-LOGO-DICODUSPORT-2020-SANS-FOND-SANS-TEXTE.png","width":512,"height":512,"caption":"Dicodusport"},"image":{"@id":"https:\/\/dicodusport.fr\/blog\/#\/schema\/logo\/image\/"},"sameAs":["https:\/\/www.facebook.com\/dicodusport","https:\/\/x.com\/dicodusport","https:\/\/www.instagram.com\/dicodusport\/","https:\/\/www.youtube.com\/channel\/UC7V2KZ5sd3htJivAbA4ZG3w"],"description":"Dicodusport est l'encyclop\u00e9die de l'actualit\u00e9 sportive.","email":"bonjour@dicodusport.fr","legalName":"DICODUSPORT","foundingDate":"2018-01-14","vatID":"FR71834470973","taxID":"83447097300043","numberOfEmployees":{"@type":"QuantitativeValue","minValue":"1","maxValue":"10"}},{"@type":"Person","@id":"https:\/\/dicodusport.fr\/blog\/#\/schema\/person\/0eaf70b33d703a1a66b1155ac1bda018","name":"Pierre Gorce","image":{"@type":"ImageObject","inLanguage":"fr-FR","@id":"https:\/\/dicodusport.fr\/blog\/#\/schema\/person\/image\/","url":"https:\/\/dicodusport.fr\/blog\/wp-content\/uploads\/2022\/03\/IMG_20211214_233053_722-150x150.jpg","contentUrl":"https:\/\/dicodusport.fr\/blog\/wp-content\/uploads\/2022\/03\/IMG_20211214_233053_722-150x150.jpg","caption":"Pierre Gorce"},"description":"Couteau suisse venant tout droit de Haute-Savoie. Habitu\u00e9 \u00e0 regarder du sport depuis petit, j'en ai maintenant fait mon m\u00e9tier. Des sports d'hiver au surf, en passant par le tennis, la F1, le handball et l'athl\u00e9tisme, j'essaie d'avoir mes yeux sur l'enti\u00e8ret\u00e9 de l'actualit\u00e9. Jeune homme berc\u00e9 par les exploits de Jean-Baptiste Grange, Sebastian Vettel et des Experts. Membre de la g\u00e9n\u00e9ration 1999 comme Luka Doncic, Sydney McLaughlin, Lando Norris et Loana Lecomte, mais avec beaucoup moins de talent qu'eux.","sameAs":["https:\/\/x.com\/https:\/\/twitter.com\/pierregorce12"],"birthDate":"1999-08-29","url":"https:\/\/dicodusport.fr\/blog\/author\/pierreg\/"}]}},"_links":{"self":[{"href":"https:\/\/dicodusport.fr\/blog\/wp-json\/wp\/v2\/posts\/412052","targetHints":{"allow":["GET"]}}],"collection":[{"href":"https:\/\/dicodusport.fr\/blog\/wp-json\/wp\/v2\/posts"}],"about":[{"href":"https:\/\/dicodusport.fr\/blog\/wp-json\/wp\/v2\/types\/post"}],"author":[{"embeddable":true,"href":"https:\/\/dicodusport.fr\/blog\/wp-json\/wp\/v2\/users\/61"}],"replies":[{"embeddable":true,"href":"https:\/\/dicodusport.fr\/blog\/wp-json\/wp\/v2\/comments?post=412052"}],"version-history":[{"count":0,"href":"https:\/\/dicodusport.fr\/blog\/wp-json\/wp\/v2\/posts\/412052\/revisions"}],"wp:featuredmedia":[{"embeddable":true,"href":"https:\/\/dicodusport.fr\/blog\/wp-json\/wp\/v2\/media\/412154"}],"wp:attachment":[{"href":"https:\/\/dicodusport.fr\/blog\/wp-json\/wp\/v2\/media?parent=412052"}],"wp:term":[{"taxonomy":"category","embeddable":true,"href":"https:\/\/dicodusport.fr\/blog\/wp-json\/wp\/v2\/categories?post=412052"},{"taxonomy":"post_tag","embeddable":true,"href":"https:\/\/dicodusport.fr\/blog\/wp-json\/wp\/v2\/tags?post=412052"}],"curies":[{"name":"wp","href":"https:\/\/api.w.org\/{rel}","templated":true}]}}