{"id":412344,"date":"2023-08-26T12:07:47","date_gmt":"2023-08-26T10:07:47","guid":{"rendered":"https:\/\/dicodusport.fr\/blog\/?p=412344&#038;preview=true&#038;preview_id=412344"},"modified":"2023-08-26T13:46:51","modified_gmt":"2023-08-26T11:46:51","slug":"tour-despagne-2023-gregoire-martinez-coquard-les-30-coureurs-francais-engages","status":"publish","type":"post","link":"https:\/\/dicodusport.fr\/blog\/tour-despagne-2023-gregoire-martinez-coquard-les-30-coureurs-francais-engages\/","title":{"rendered":"Tour d&rsquo;Espagne 2023 : Gr\u00e9goire, Martinez, Coquard, les 30 coureurs fran\u00e7ais engag\u00e9s"},"content":{"rendered":"<p style=\"text-align: justify;\"><b><i><a href=\"https:\/\/dicodusport.fr\/blog\/actualites\/cyclisme\/cyclisme-sur-route-2023\/tour-d-espagne-2023\/\">TOUR D\u2019ESPAGNE 2023<\/a>\u00a0\u2013\u00a0Ce samedi, \u00e0 Barcelone, ils seront 30 coureurs fran\u00e7ais \u00e0 prendre le d\u00e9part de la Vuelta 2023. La France sera par cons\u00e9quent la nation la mieux repr\u00e9sent\u00e9e sur ce Tour d&rsquo;Espagne.<\/i><\/b><\/p>\n<p style=\"text-align: justify;\">30. C&rsquo;est donc le nombre de coureurs fran\u00e7ais au d\u00e9part de la <strong>Vuelta 2023<\/strong> \u00e0 Barcelone, ce samedi. C&rsquo;est neuf de plus que l&rsquo;an pass\u00e9. Surtout, le contingent tricolore est le plus important de ce <strong>Tour d&rsquo;Espagne 2023<\/strong>. Devant l&rsquo;Espagne, avec 28 coureurs engag\u00e9s, et la Belgique (18).<\/p>\n<p style=\"text-align: justify;\">Parmi les coureurs tricolores \u00e0 suivre, <strong>Lenny Martinez<\/strong> et <strong>Romain Gr\u00e9goire<\/strong> (Groupama-FDJ) disputeront leur premier Grand Tour. Les deux p\u00e9pites de la formation manag\u00e9e par Marc Madiot ont gagn\u00e9 cette saison, pour leur premi\u00e8re saison compl\u00e8te chez les professionnels. <a href=\"https:\/\/dicodusport.fr\/blog\/lenny-martinez-remporte-le-mont-ventoux-denivele-challenge\/\"><strong>Martinez<\/strong> sur le CIC &#8211; Mont Ventoux<\/a>, <strong>Gr\u00e9goire<\/strong> sur les <a href=\"https:\/\/dicodusport.fr\/blog\/4-jours-de-dunkerque-2023-classement-general\/\">4 Jours de Dunkerque<\/a> (g\u00e9n\u00e9ral + une \u00e9tape) et le <a href=\"https:\/\/dicodusport.fr\/blog\/tour-du-limousin-2023-classement-general\/\">Tour du Limousin<\/a> (g\u00e9n\u00e9ral + deux \u00e9tapes).<\/p>\n<p style=\"text-align: justify;\">On scrutera \u00e9galement les performances de <strong>Bryan Coquard<\/strong> (Cofidis) et <strong>Hugo Page<\/strong> (Intermarch\u00e9-Circus-Wanty). En l&rsquo;absence des cadors du sprint mondial, les deux fl\u00e8ches fran\u00e7aises, \u00e9galement \u00e0 l&rsquo;aise sur des finals escarp\u00e9s, auront une sacr\u00e9e carte \u00e0 jouer sur les arriv\u00e9es group\u00e9es. Enfin, <strong>Romain Bardet<\/strong> (DSM-Firmenich) chassera les victoires d&rsquo;\u00e9tape en montagne, apr\u00e8s son abandon pr\u00e9matur\u00e9 sur le Tour de France.<\/p>\n<h2 style=\"text-align: justify;\">Les 30 Fran\u00e7ais engag\u00e9s sur le Tour d&rsquo;Espagne 2023<\/h2>\n<h3 style=\"text-align: justify;\">AG2R Citro\u00ebn<\/h3>\n<p style=\"text-align: justify;\">Mika\u00ebl Ch\u00e9rel, Geoffrey Bouchard, Nicolas Prodhomme, Paul Lapeira, Damien Touz\u00e9 et Dorian Godon.<\/p>\n<h3 style=\"text-align: justify;\"><strong>Burgos &#8211; BH<\/strong><\/h3>\n<p style=\"text-align: justify;\">Cyril Barthe.<\/p>\n<h3 style=\"text-align: justify;\"><strong>Cofidis<\/strong><\/h3>\n<p style=\"text-align: justify;\">Fran\u00e7ois Bidard, Bryan Coquard et R\u00e9my Rochas.<\/p>\n<h3 style=\"text-align: justify;\">Groupama-FDJ<\/h3>\n<p style=\"text-align: justify;\">Romain Gr\u00e9goire, Rudy Molard, Lenny Martinez et Cl\u00e9ment Davy.<\/p>\n<h3 style=\"text-align: justify;\">Intermarch\u00e9 &#8211; Circu &#8211; Wanty<\/h3>\n<p style=\"text-align: justify;\">Hugo Page.<\/p>\n<h3 style=\"text-align: justify;\">Lidl-Trek<\/h3>\n<p style=\"text-align: justify;\">Julien Bernard et Kenny Elissonde.<\/p>\n<h3 style=\"text-align: justify;\">Team Ark\u00e9a-Samsic<\/h3>\n<p style=\"text-align: justify;\">K\u00e9vin Vauquelin, Elie Gesbert, Hugo Hofstetter, Mathis Le Berre et K\u00e9vin Ledanois.<\/p>\n<h3 style=\"text-align: justify;\">Team DSM &#8211; Firmenich<\/h3>\n<p style=\"text-align: justify;\">Romain Bardet et Romain Combaud.<\/p>\n<h3 style=\"text-align: justify;\">TotalEnergies<\/h3>\n<p style=\"text-align: justify;\">Thomas Bonnet, Fabien Doubey, Alan Jousseaume, Pierre Latour, Paul Ourselin et Geoffrey Soupe.<\/p>\n<h2 style=\"text-align: justify;\">\u00c0 lire aussi<\/h2>\n<ul style=\"text-align: justify;\">\n<li><strong><a href=\"https:\/\/dicodusport.fr\/blog\/le-profil-des-21-etapes-du-tour-despagne-2023\/\">Le profil des 21 \u00e9tapes du Tour d\u2019Espagne 2023<\/a><\/strong><\/li>\n<li><a href=\"https:\/\/dicodusport.fr\/blog\/tour-despagne-2023-engages-et-dossards-des-coureurs\/\"><strong>Tour d\u2019Espagne 2023 : Engag\u00e9s et dossards des coureurs<\/strong><\/a><\/li>\n<\/ul>\n<p style=\"text-align: justify;\">\n","protected":false},"excerpt":{"rendered":"<p>TOUR D&rsquo;ESPAGNE 2023 &#8211; Ce samedi, \u00e0 Barcelone, ils seront 30 coureurs fran\u00e7ais \u00e0 prendre le d\u00e9part de la Vuelta 2023. La France sera par cons\u00e9quent la nation la mieux repr\u00e9sent\u00e9e sur ce Tour d&rsquo;Espagne.<\/p>\n","protected":false},"author":1,"featured_media":412351,"comment_status":"open","ping_status":"closed","sticky":false,"template":"","format":"standard","meta":{"_acf_changed":false,"_daextam_enable_autolinks":"","footnotes":""},"categories":[47042],"tags":[16878,1671],"class_list":["post-412344","post","type-post","status-publish","format-standard","has-post-thumbnail","hentry","category-tour-d-espagne","tag-breve","tag-tour-despagne"],"acf":[],"yoast_head":"<!-- This site is optimized with the Yoast SEO Premium plugin v26.7 (Yoast SEO v26.7) - https:\/\/yoast.com\/wordpress\/plugins\/seo\/ -->\n<title>Tour d&#039;Espagne 2023 : Les 30 coureurs fran\u00e7ais engag\u00e9s<\/title>\n<meta name=\"description\" content=\"TOUR D&#039;ESPAGNE 2023 - Ce samedi, \u00e0 Barcelone, ils seront 30 coureurs fran\u00e7ais \u00e0 prendre le d\u00e9part de la Vuelta 2023.\" \/>\n<meta name=\"robots\" content=\"index, follow, max-snippet:-1, max-image-preview:large, max-video-preview:-1\" \/>\n<link rel=\"canonical\" href=\"https:\/\/dicodusport.fr\/blog\/tour-despagne-2023-gregoire-martinez-coquard-les-30-coureurs-francais-engages\/\" \/>\n<meta property=\"og:locale\" content=\"fr_FR\" \/>\n<meta property=\"og:type\" content=\"article\" \/>\n<meta property=\"og:title\" content=\"Tour d&#039;Espagne 2023 : Gr\u00e9goire, Martinez, Coquard, les 30 coureurs fran\u00e7ais engag\u00e9s\" \/>\n<meta property=\"og:description\" content=\"TOUR D&#039;ESPAGNE 2023 - Ce samedi, \u00e0 Barcelone, ils seront 30 coureurs fran\u00e7ais \u00e0 prendre le d\u00e9part de la Vuelta 2023.\" \/>\n<meta property=\"og:url\" content=\"https:\/\/dicodusport.fr\/blog\/tour-despagne-2023-gregoire-martinez-coquard-les-30-coureurs-francais-engages\/\" \/>\n<meta property=\"og:site_name\" content=\"Dicodusport\" \/>\n<meta property=\"article:publisher\" content=\"https:\/\/www.facebook.com\/dicodusport\" \/>\n<meta property=\"article:author\" content=\"https:\/\/www.facebook.com\/dicodusport\" \/>\n<meta property=\"article:published_time\" content=\"2023-08-26T10:07:47+00:00\" \/>\n<meta property=\"article:modified_time\" content=\"2023-08-26T11:46:51+00:00\" \/>\n<meta property=\"og:image\" content=\"https:\/\/dicodusport.fr\/blog\/wp-content\/uploads\/2023\/08\/Tour-dEspagne-2023-Gregoire-Martinez-Coquard-les-30-coureurs-francais-engages.png\" \/>\n\t<meta property=\"og:image:width\" content=\"800\" \/>\n\t<meta property=\"og:image:height\" content=\"445\" \/>\n\t<meta property=\"og:image:type\" content=\"image\/png\" \/>\n<meta name=\"author\" content=\"Nicolas Jacquemard\" \/>\n<meta name=\"twitter:card\" content=\"summary_large_image\" \/>\n<meta name=\"twitter:title\" content=\"Tour d&#039;Espagne 2023 : Gr\u00e9goire, Martinez, Coquard, les 30 coureurs fran\u00e7ais engag\u00e9s\" \/>\n<meta name=\"twitter:creator\" content=\"@https:\/\/twitter.com\/Nico_Jacquemard\" \/>\n<meta name=\"twitter:site\" content=\"@dicodusport\" \/>\n<script type=\"application\/ld+json\" class=\"yoast-schema-graph\">{\"@context\":\"https:\/\/schema.org\",\"@graph\":[{\"@type\":\"NewsArticle\",\"@id\":\"https:\/\/dicodusport.fr\/blog\/tour-despagne-2023-gregoire-martinez-coquard-les-30-coureurs-francais-engages\/#article\",\"isPartOf\":{\"@id\":\"https:\/\/dicodusport.fr\/blog\/tour-despagne-2023-gregoire-martinez-coquard-les-30-coureurs-francais-engages\/\"},\"author\":{\"name\":\"Nicolas Jacquemard\",\"@id\":\"https:\/\/dicodusport.fr\/blog\/#\/schema\/person\/55dcb50ad410894e431ed812bbb70191\"},\"headline\":\"Tour d&rsquo;Espagne 2023 : Gr\u00e9goire, Martinez, Coquard, les 30 coureurs fran\u00e7ais engag\u00e9s\",\"datePublished\":\"2023-08-26T10:07:47+00:00\",\"dateModified\":\"2023-08-26T11:46:51+00:00\",\"mainEntityOfPage\":{\"@id\":\"https:\/\/dicodusport.fr\/blog\/tour-despagne-2023-gregoire-martinez-coquard-les-30-coureurs-francais-engages\/\"},\"wordCount\":369,\"commentCount\":0,\"publisher\":{\"@id\":\"https:\/\/dicodusport.fr\/blog\/#organization\"},\"image\":{\"@id\":\"https:\/\/dicodusport.fr\/blog\/tour-despagne-2023-gregoire-martinez-coquard-les-30-coureurs-francais-engages\/#primaryimage\"},\"thumbnailUrl\":\"https:\/\/dicodusport.fr\/blog\/wp-content\/uploads\/2023\/08\/Tour-dEspagne-2023-Gregoire-Martinez-Coquard-les-30-coureurs-francais-engages.png\",\"keywords\":[\"br\u00e8ve\",\"Tour d'Espagne\"],\"articleSection\":[\"Tour d'Espagne\"],\"inLanguage\":\"fr-FR\",\"potentialAction\":[{\"@type\":\"CommentAction\",\"name\":\"Comment\",\"target\":[\"https:\/\/dicodusport.fr\/blog\/tour-despagne-2023-gregoire-martinez-coquard-les-30-coureurs-francais-engages\/#respond\"]}],\"copyrightYear\":\"2023\",\"copyrightHolder\":{\"@id\":\"https:\/\/dicodusport.fr\/blog\/#organization\"}},{\"@type\":\"WebPage\",\"@id\":\"https:\/\/dicodusport.fr\/blog\/tour-despagne-2023-gregoire-martinez-coquard-les-30-coureurs-francais-engages\/\",\"url\":\"https:\/\/dicodusport.fr\/blog\/tour-despagne-2023-gregoire-martinez-coquard-les-30-coureurs-francais-engages\/\",\"name\":\"Tour d'Espagne 2023 : Les 30 coureurs fran\u00e7ais engag\u00e9s\",\"isPartOf\":{\"@id\":\"https:\/\/dicodusport.fr\/blog\/#website\"},\"primaryImageOfPage\":{\"@id\":\"https:\/\/dicodusport.fr\/blog\/tour-despagne-2023-gregoire-martinez-coquard-les-30-coureurs-francais-engages\/#primaryimage\"},\"image\":{\"@id\":\"https:\/\/dicodusport.fr\/blog\/tour-despagne-2023-gregoire-martinez-coquard-les-30-coureurs-francais-engages\/#primaryimage\"},\"thumbnailUrl\":\"https:\/\/dicodusport.fr\/blog\/wp-content\/uploads\/2023\/08\/Tour-dEspagne-2023-Gregoire-Martinez-Coquard-les-30-coureurs-francais-engages.png\",\"datePublished\":\"2023-08-26T10:07:47+00:00\",\"dateModified\":\"2023-08-26T11:46:51+00:00\",\"description\":\"TOUR D'ESPAGNE 2023 - Ce samedi, \u00e0 Barcelone, ils seront 30 coureurs fran\u00e7ais \u00e0 prendre le d\u00e9part de la Vuelta 2023.\",\"breadcrumb\":{\"@id\":\"https:\/\/dicodusport.fr\/blog\/tour-despagne-2023-gregoire-martinez-coquard-les-30-coureurs-francais-engages\/#breadcrumb\"},\"inLanguage\":\"fr-FR\",\"potentialAction\":[{\"@type\":\"ReadAction\",\"target\":[\"https:\/\/dicodusport.fr\/blog\/tour-despagne-2023-gregoire-martinez-coquard-les-30-coureurs-francais-engages\/\"]}]},{\"@type\":\"ImageObject\",\"inLanguage\":\"fr-FR\",\"@id\":\"https:\/\/dicodusport.fr\/blog\/tour-despagne-2023-gregoire-martinez-coquard-les-30-coureurs-francais-engages\/#primaryimage\",\"url\":\"https:\/\/dicodusport.fr\/blog\/wp-content\/uploads\/2023\/08\/Tour-dEspagne-2023-Gregoire-Martinez-Coquard-les-30-coureurs-francais-engages.png\",\"contentUrl\":\"https:\/\/dicodusport.fr\/blog\/wp-content\/uploads\/2023\/08\/Tour-dEspagne-2023-Gregoire-Martinez-Coquard-les-30-coureurs-francais-engages.png\",\"width\":800,\"height\":445,\"caption\":\"Tour d'Espagne 2023 Gr\u00e9goire, Martinez, Coquard, les 30 coureurs fran\u00e7ais engag\u00e9s\"},{\"@type\":\"BreadcrumbList\",\"@id\":\"https:\/\/dicodusport.fr\/blog\/tour-despagne-2023-gregoire-martinez-coquard-les-30-coureurs-francais-engages\/#breadcrumb\",\"itemListElement\":[{\"@type\":\"ListItem\",\"position\":1,\"name\":\"Accueil\",\"item\":\"https:\/\/dicodusport.fr\/blog\/\"},{\"@type\":\"ListItem\",\"position\":2,\"name\":\"Tour d&rsquo;Espagne 2023 : Gr\u00e9goire, Martinez, Coquard, les 30 coureurs fran\u00e7ais engag\u00e9s\"}]},{\"@type\":\"WebSite\",\"@id\":\"https:\/\/dicodusport.fr\/blog\/#website\",\"url\":\"https:\/\/dicodusport.fr\/blog\/\",\"name\":\"Dicodusport\",\"description\":\"L&#039;encyclop\u00e9die de l&#039;actualit\u00e9 sportive\",\"publisher\":{\"@id\":\"https:\/\/dicodusport.fr\/blog\/#organization\"},\"potentialAction\":[{\"@type\":\"SearchAction\",\"target\":{\"@type\":\"EntryPoint\",\"urlTemplate\":\"https:\/\/dicodusport.fr\/blog\/?s={search_term_string}\"},\"query-input\":{\"@type\":\"PropertyValueSpecification\",\"valueRequired\":true,\"valueName\":\"search_term_string\"}}],\"inLanguage\":\"fr-FR\"},{\"@type\":\"NewsMediaOrganization\",\"@id\":\"https:\/\/dicodusport.fr\/blog\/#organization\",\"name\":\"Dicodusport\",\"url\":\"https:\/\/dicodusport.fr\/blog\/\",\"logo\":{\"@type\":\"ImageObject\",\"inLanguage\":\"fr-FR\",\"@id\":\"https:\/\/dicodusport.fr\/blog\/#\/schema\/logo\/image\/\",\"url\":\"https:\/\/dicodusport.fr\/blog\/wp-content\/uploads\/2020\/06\/cropped-LOGO-DICODUSPORT-2020-SANS-FOND-SANS-TEXTE.png\",\"contentUrl\":\"https:\/\/dicodusport.fr\/blog\/wp-content\/uploads\/2020\/06\/cropped-LOGO-DICODUSPORT-2020-SANS-FOND-SANS-TEXTE.png\",\"width\":512,\"height\":512,\"caption\":\"Dicodusport\"},\"image\":{\"@id\":\"https:\/\/dicodusport.fr\/blog\/#\/schema\/logo\/image\/\"},\"sameAs\":[\"https:\/\/www.facebook.com\/dicodusport\",\"https:\/\/x.com\/dicodusport\",\"https:\/\/www.instagram.com\/dicodusport\/\",\"https:\/\/www.youtube.com\/channel\/UC7V2KZ5sd3htJivAbA4ZG3w\"],\"description\":\"Dicodusport est l'encyclop\u00e9die de l'actualit\u00e9 sportive.\",\"email\":\"bonjour@dicodusport.fr\",\"legalName\":\"DICODUSPORT\",\"foundingDate\":\"2018-01-14\",\"vatID\":\"FR71834470973\",\"taxID\":\"83447097300043\",\"numberOfEmployees\":{\"@type\":\"QuantitativeValue\",\"minValue\":\"1\",\"maxValue\":\"10\"}},{\"@type\":\"Person\",\"@id\":\"https:\/\/dicodusport.fr\/blog\/#\/schema\/person\/55dcb50ad410894e431ed812bbb70191\",\"name\":\"Nicolas Jacquemard\",\"image\":{\"@type\":\"ImageObject\",\"inLanguage\":\"fr-FR\",\"@id\":\"https:\/\/dicodusport.fr\/blog\/#\/schema\/person\/image\/\",\"url\":\"https:\/\/dicodusport.fr\/blog\/wp-content\/uploads\/2021\/05\/Nicolas-Jacquemard-150x150.jpeg\",\"contentUrl\":\"https:\/\/dicodusport.fr\/blog\/wp-content\/uploads\/2021\/05\/Nicolas-Jacquemard-150x150.jpeg\",\"caption\":\"Nicolas Jacquemard\"},\"description\":\"Passionn\u00e9 de sport et entrepreneur depuis mes 18 ans, la cr\u00e9ation de Dicodusport m'a sembl\u00e9 \u00e9vidente pour participer \u00e0 la m\u00e9diatisation d'un plus grand nombre de sports. Le chemin est long mais avec une \u00e9quipe des plus motiv\u00e9es et les Jeux Olympiques de Paris 2024 en point de mire, nous y arriverons ! Journaliste dans le monde du sport depuis plus de 5 ans, je traite aussi bien de football, de rugby, de biathlon que de cyclisme.\",\"sameAs\":[\"https:\/\/www.facebook.com\/dicodusport\",\"https:\/\/x.com\/https:\/\/twitter.com\/Nico_Jacquemard\"],\"url\":\"https:\/\/dicodusport.fr\/blog\/author\/dicodusport\/\"}]}<\/script>\n<!-- \/ Yoast SEO Premium plugin. -->","yoast_head_json":{"title":"Tour d'Espagne 2023 : Les 30 coureurs fran\u00e7ais engag\u00e9s","description":"TOUR D'ESPAGNE 2023 - Ce samedi, \u00e0 Barcelone, ils seront 30 coureurs fran\u00e7ais \u00e0 prendre le d\u00e9part de la Vuelta 2023.","robots":{"index":"index","follow":"follow","max-snippet":"max-snippet:-1","max-image-preview":"max-image-preview:large","max-video-preview":"max-video-preview:-1"},"canonical":"https:\/\/dicodusport.fr\/blog\/tour-despagne-2023-gregoire-martinez-coquard-les-30-coureurs-francais-engages\/","og_locale":"fr_FR","og_type":"article","og_title":"Tour d'Espagne 2023 : Gr\u00e9goire, Martinez, Coquard, les 30 coureurs fran\u00e7ais engag\u00e9s","og_description":"TOUR D'ESPAGNE 2023 - Ce samedi, \u00e0 Barcelone, ils seront 30 coureurs fran\u00e7ais \u00e0 prendre le d\u00e9part de la Vuelta 2023.","og_url":"https:\/\/dicodusport.fr\/blog\/tour-despagne-2023-gregoire-martinez-coquard-les-30-coureurs-francais-engages\/","og_site_name":"Dicodusport","article_publisher":"https:\/\/www.facebook.com\/dicodusport","article_author":"https:\/\/www.facebook.com\/dicodusport","article_published_time":"2023-08-26T10:07:47+00:00","article_modified_time":"2023-08-26T11:46:51+00:00","og_image":[{"width":800,"height":445,"url":"https:\/\/dicodusport.fr\/blog\/wp-content\/uploads\/2023\/08\/Tour-dEspagne-2023-Gregoire-Martinez-Coquard-les-30-coureurs-francais-engages.png","type":"image\/png"}],"author":"Nicolas Jacquemard","twitter_card":"summary_large_image","twitter_title":"Tour d'Espagne 2023 : Gr\u00e9goire, Martinez, Coquard, les 30 coureurs fran\u00e7ais engag\u00e9s","twitter_creator":"@https:\/\/twitter.com\/Nico_Jacquemard","twitter_site":"@dicodusport","schema":{"@context":"https:\/\/schema.org","@graph":[{"@type":"NewsArticle","@id":"https:\/\/dicodusport.fr\/blog\/tour-despagne-2023-gregoire-martinez-coquard-les-30-coureurs-francais-engages\/#article","isPartOf":{"@id":"https:\/\/dicodusport.fr\/blog\/tour-despagne-2023-gregoire-martinez-coquard-les-30-coureurs-francais-engages\/"},"author":{"name":"Nicolas Jacquemard","@id":"https:\/\/dicodusport.fr\/blog\/#\/schema\/person\/55dcb50ad410894e431ed812bbb70191"},"headline":"Tour d&rsquo;Espagne 2023 : Gr\u00e9goire, Martinez, Coquard, les 30 coureurs fran\u00e7ais engag\u00e9s","datePublished":"2023-08-26T10:07:47+00:00","dateModified":"2023-08-26T11:46:51+00:00","mainEntityOfPage":{"@id":"https:\/\/dicodusport.fr\/blog\/tour-despagne-2023-gregoire-martinez-coquard-les-30-coureurs-francais-engages\/"},"wordCount":369,"commentCount":0,"publisher":{"@id":"https:\/\/dicodusport.fr\/blog\/#organization"},"image":{"@id":"https:\/\/dicodusport.fr\/blog\/tour-despagne-2023-gregoire-martinez-coquard-les-30-coureurs-francais-engages\/#primaryimage"},"thumbnailUrl":"https:\/\/dicodusport.fr\/blog\/wp-content\/uploads\/2023\/08\/Tour-dEspagne-2023-Gregoire-Martinez-Coquard-les-30-coureurs-francais-engages.png","keywords":["br\u00e8ve","Tour d'Espagne"],"articleSection":["Tour d'Espagne"],"inLanguage":"fr-FR","potentialAction":[{"@type":"CommentAction","name":"Comment","target":["https:\/\/dicodusport.fr\/blog\/tour-despagne-2023-gregoire-martinez-coquard-les-30-coureurs-francais-engages\/#respond"]}],"copyrightYear":"2023","copyrightHolder":{"@id":"https:\/\/dicodusport.fr\/blog\/#organization"}},{"@type":"WebPage","@id":"https:\/\/dicodusport.fr\/blog\/tour-despagne-2023-gregoire-martinez-coquard-les-30-coureurs-francais-engages\/","url":"https:\/\/dicodusport.fr\/blog\/tour-despagne-2023-gregoire-martinez-coquard-les-30-coureurs-francais-engages\/","name":"Tour d'Espagne 2023 : Les 30 coureurs fran\u00e7ais engag\u00e9s","isPartOf":{"@id":"https:\/\/dicodusport.fr\/blog\/#website"},"primaryImageOfPage":{"@id":"https:\/\/dicodusport.fr\/blog\/tour-despagne-2023-gregoire-martinez-coquard-les-30-coureurs-francais-engages\/#primaryimage"},"image":{"@id":"https:\/\/dicodusport.fr\/blog\/tour-despagne-2023-gregoire-martinez-coquard-les-30-coureurs-francais-engages\/#primaryimage"},"thumbnailUrl":"https:\/\/dicodusport.fr\/blog\/wp-content\/uploads\/2023\/08\/Tour-dEspagne-2023-Gregoire-Martinez-Coquard-les-30-coureurs-francais-engages.png","datePublished":"2023-08-26T10:07:47+00:00","dateModified":"2023-08-26T11:46:51+00:00","description":"TOUR D'ESPAGNE 2023 - Ce samedi, \u00e0 Barcelone, ils seront 30 coureurs fran\u00e7ais \u00e0 prendre le d\u00e9part de la Vuelta 2023.","breadcrumb":{"@id":"https:\/\/dicodusport.fr\/blog\/tour-despagne-2023-gregoire-martinez-coquard-les-30-coureurs-francais-engages\/#breadcrumb"},"inLanguage":"fr-FR","potentialAction":[{"@type":"ReadAction","target":["https:\/\/dicodusport.fr\/blog\/tour-despagne-2023-gregoire-martinez-coquard-les-30-coureurs-francais-engages\/"]}]},{"@type":"ImageObject","inLanguage":"fr-FR","@id":"https:\/\/dicodusport.fr\/blog\/tour-despagne-2023-gregoire-martinez-coquard-les-30-coureurs-francais-engages\/#primaryimage","url":"https:\/\/dicodusport.fr\/blog\/wp-content\/uploads\/2023\/08\/Tour-dEspagne-2023-Gregoire-Martinez-Coquard-les-30-coureurs-francais-engages.png","contentUrl":"https:\/\/dicodusport.fr\/blog\/wp-content\/uploads\/2023\/08\/Tour-dEspagne-2023-Gregoire-Martinez-Coquard-les-30-coureurs-francais-engages.png","width":800,"height":445,"caption":"Tour d'Espagne 2023 Gr\u00e9goire, Martinez, Coquard, les 30 coureurs fran\u00e7ais engag\u00e9s"},{"@type":"BreadcrumbList","@id":"https:\/\/dicodusport.fr\/blog\/tour-despagne-2023-gregoire-martinez-coquard-les-30-coureurs-francais-engages\/#breadcrumb","itemListElement":[{"@type":"ListItem","position":1,"name":"Accueil","item":"https:\/\/dicodusport.fr\/blog\/"},{"@type":"ListItem","position":2,"name":"Tour d&rsquo;Espagne 2023 : Gr\u00e9goire, Martinez, Coquard, les 30 coureurs fran\u00e7ais engag\u00e9s"}]},{"@type":"WebSite","@id":"https:\/\/dicodusport.fr\/blog\/#website","url":"https:\/\/dicodusport.fr\/blog\/","name":"Dicodusport","description":"L&#039;encyclop\u00e9die de l&#039;actualit\u00e9 sportive","publisher":{"@id":"https:\/\/dicodusport.fr\/blog\/#organization"},"potentialAction":[{"@type":"SearchAction","target":{"@type":"EntryPoint","urlTemplate":"https:\/\/dicodusport.fr\/blog\/?s={search_term_string}"},"query-input":{"@type":"PropertyValueSpecification","valueRequired":true,"valueName":"search_term_string"}}],"inLanguage":"fr-FR"},{"@type":"NewsMediaOrganization","@id":"https:\/\/dicodusport.fr\/blog\/#organization","name":"Dicodusport","url":"https:\/\/dicodusport.fr\/blog\/","logo":{"@type":"ImageObject","inLanguage":"fr-FR","@id":"https:\/\/dicodusport.fr\/blog\/#\/schema\/logo\/image\/","url":"https:\/\/dicodusport.fr\/blog\/wp-content\/uploads\/2020\/06\/cropped-LOGO-DICODUSPORT-2020-SANS-FOND-SANS-TEXTE.png","contentUrl":"https:\/\/dicodusport.fr\/blog\/wp-content\/uploads\/2020\/06\/cropped-LOGO-DICODUSPORT-2020-SANS-FOND-SANS-TEXTE.png","width":512,"height":512,"caption":"Dicodusport"},"image":{"@id":"https:\/\/dicodusport.fr\/blog\/#\/schema\/logo\/image\/"},"sameAs":["https:\/\/www.facebook.com\/dicodusport","https:\/\/x.com\/dicodusport","https:\/\/www.instagram.com\/dicodusport\/","https:\/\/www.youtube.com\/channel\/UC7V2KZ5sd3htJivAbA4ZG3w"],"description":"Dicodusport est l'encyclop\u00e9die de l'actualit\u00e9 sportive.","email":"bonjour@dicodusport.fr","legalName":"DICODUSPORT","foundingDate":"2018-01-14","vatID":"FR71834470973","taxID":"83447097300043","numberOfEmployees":{"@type":"QuantitativeValue","minValue":"1","maxValue":"10"}},{"@type":"Person","@id":"https:\/\/dicodusport.fr\/blog\/#\/schema\/person\/55dcb50ad410894e431ed812bbb70191","name":"Nicolas Jacquemard","image":{"@type":"ImageObject","inLanguage":"fr-FR","@id":"https:\/\/dicodusport.fr\/blog\/#\/schema\/person\/image\/","url":"https:\/\/dicodusport.fr\/blog\/wp-content\/uploads\/2021\/05\/Nicolas-Jacquemard-150x150.jpeg","contentUrl":"https:\/\/dicodusport.fr\/blog\/wp-content\/uploads\/2021\/05\/Nicolas-Jacquemard-150x150.jpeg","caption":"Nicolas Jacquemard"},"description":"Passionn\u00e9 de sport et entrepreneur depuis mes 18 ans, la cr\u00e9ation de Dicodusport m'a sembl\u00e9 \u00e9vidente pour participer \u00e0 la m\u00e9diatisation d'un plus grand nombre de sports. Le chemin est long mais avec une \u00e9quipe des plus motiv\u00e9es et les Jeux Olympiques de Paris 2024 en point de mire, nous y arriverons ! Journaliste dans le monde du sport depuis plus de 5 ans, je traite aussi bien de football, de rugby, de biathlon que de cyclisme.","sameAs":["https:\/\/www.facebook.com\/dicodusport","https:\/\/x.com\/https:\/\/twitter.com\/Nico_Jacquemard"],"url":"https:\/\/dicodusport.fr\/blog\/author\/dicodusport\/"}]}},"_links":{"self":[{"href":"https:\/\/dicodusport.fr\/blog\/wp-json\/wp\/v2\/posts\/412344","targetHints":{"allow":["GET"]}}],"collection":[{"href":"https:\/\/dicodusport.fr\/blog\/wp-json\/wp\/v2\/posts"}],"about":[{"href":"https:\/\/dicodusport.fr\/blog\/wp-json\/wp\/v2\/types\/post"}],"author":[{"embeddable":true,"href":"https:\/\/dicodusport.fr\/blog\/wp-json\/wp\/v2\/users\/1"}],"replies":[{"embeddable":true,"href":"https:\/\/dicodusport.fr\/blog\/wp-json\/wp\/v2\/comments?post=412344"}],"version-history":[{"count":0,"href":"https:\/\/dicodusport.fr\/blog\/wp-json\/wp\/v2\/posts\/412344\/revisions"}],"wp:featuredmedia":[{"embeddable":true,"href":"https:\/\/dicodusport.fr\/blog\/wp-json\/wp\/v2\/media\/412351"}],"wp:attachment":[{"href":"https:\/\/dicodusport.fr\/blog\/wp-json\/wp\/v2\/media?parent=412344"}],"wp:term":[{"taxonomy":"category","embeddable":true,"href":"https:\/\/dicodusport.fr\/blog\/wp-json\/wp\/v2\/categories?post=412344"},{"taxonomy":"post_tag","embeddable":true,"href":"https:\/\/dicodusport.fr\/blog\/wp-json\/wp\/v2\/tags?post=412344"}],"curies":[{"name":"wp","href":"https:\/\/api.w.org\/{rel}","templated":true}]}}